{"id":46996,"date":"2023-06-09T12:38:04","date_gmt":"2023-06-09T10:38:04","guid":{"rendered":"https:\/\/www.laguiadepamplona.com\/actualidad\/?p=46996"},"modified":"2023-06-09T12:38:04","modified_gmt":"2023-06-09T10:38:04","slug":"el-tour-universo-mujer-arranca-su-programa-este-viernes-con-un-foro-sobre-la-importancia-de-la-mujer-en-el-mundo-del-deporte-protagonizado-por-cinco-deportistas","status":"publish","type":"post","link":"https:\/\/www.laguiadepamplona.com\/actualidad\/el-tour-universo-mujer-arranca-su-programa-este-viernes-con-un-foro-sobre-la-importancia-de-la-mujer-en-el-mundo-del-deporte-protagonizado-por-cinco-deportistas\/","title":{"rendered":"El Tour Universo Mujer arranca su programa este viernes con un foro sobre la importancia de la mujer en el mundo del deporte protagonizado por cinco deportistas"},"content":{"rendered":"<h3>Maider Ardanaz, Sara Hurtado, Eunate Arraiza, Marta Montaner y Aileen Ripa charlar\u00e1n con alumnado de Secundaria en el IES Teresianas<\/h3>\n<p><!--more--><\/p>\n<p>El Tour Universo Mujer se estrena este viernes en Pamplona con un foro en torno a la importancia de la mujer en el \u00e1mbito del deporte y los retos que afronta. Las protagonistas son cinco mujeres de referencia a nivel internacional, nacional y local: la patinadora ol\u00edmpica Sara Hurtado, que ejercer\u00e1 como moderadora; la campeona del mundo de pelota Maider Ardanaz; la campeona de Liga del Athletic de Bilbao Eunate Arraiza; la jugadora de balonmano del Gurpea Beti Onak Aileen Ripa; y la responsable de proyectos de la Fundaci\u00f3n Deporte Joven, Marta Montaner.<\/p>\n<p>Todas ellas disertar\u00e1n sobre el deporte femenino en el sal\u00f3n de actos del IES Teresianas, a partir de las 12.30 horas, ante el alumnado de Secundaria. En el coloquio, las ponentes departir\u00e1n sobre los retos de la mujer en el deporte y la sociedad, as\u00ed como los \u00e9xitos de las deportistas en sus distintas Ligas y disciplinas. El objetivo es concienciar a los m\u00e1s j\u00f3venes de la importancia de la lucha por la igualdad de g\u00e9nero y del fomento de la pr\u00e1ctica deportiva desde edades tempranas sirviendo como ejemplo el recorrido y \u00e9xitos alcanzados por estas deportistas.<br \/>\n<script async src=\"\/\/pagead2.googlesyndication.com\/pagead\/js\/adsbygoogle.js\"><\/script><br \/>\n<!-- Noticias La Guia de Pamplona --><br \/>\n<ins class=\"adsbygoogle\"\nstyle=\"display:block\"\ndata-ad-client=\"ca-pub-6943679897239327\"\ndata-ad-slot=\"7048180777\"\ndata-ad-format=\"auto\"><\/ins><br \/>\n<script>\n(adsbygoogle = window.adsbygoogle || []).push({});\n<\/script><\/p>\n<p>Esta actividad es la primera del Tour Universo Mujer, la gran fiesta del deporte al aire libre, que se traslada a la Plaza del Castillo el s\u00e1bado y el domingo. La plaza albergar\u00e1 un recinto polideportivo de 3.000 metros cuadrados, con instalaciones de 32 federaciones deportivas divididas en 16 carpas y un gran escenario para clases colectivas. El Tour arranca el s\u00e1bado, a las once de la ma\u00f1ana, con un marat\u00f3n de zumba y con una marcha n\u00f3rdica. La inauguraci\u00f3n oficial del roadshow ser\u00e1 a las 12.30 horas y durante todo el d\u00eda habr\u00e1 exhibiciones de gimnasia r\u00edtmica, danza, lucha, taekwondo o patinaje art\u00edstico. Adem\u00e1s de participar en las actividades dise\u00f1adas por las Federaciones en sus pistas, de boxeo, tiro con arco, tenis, salto de altura, escalada o b\u00e1dminton, por la tarde seguir\u00e1 el marat\u00f3n de fitness y una masterclass urbana.<\/p>\n<p>El domingo el Tour Universo Mujer acoger\u00e1 la llegada de la carrera solidaria \u2018Pamplona en marcha contra el c\u00e1ncer\u2019, que sale de la Ciudadela a las 11.00. Esta <a href=\"https:\/\/www.navarraenmarchacontraelcancer.org\/\">marcha<\/a> est\u00e1 organizada por la Asociaci\u00f3n Espa\u00f1ola Contra el C\u00e1ncer en Navarra, para fomentar la investigaci\u00f3n y se esperan unas 2.000 personas participantes, que despu\u00e9s de recorrer 5 kil\u00f3metros disfrutar\u00e1n de las actividades preparadas para seguir haciendo deporte. El cierre lo pondr\u00e1 una masterclass de zumba y el Tour cerrar\u00e1 su programa a las 14.30 horas.<\/p>\n<p>El XXII Tour Universo Mujer se celebra en cuatro sedes, Pamplona, C\u00e1diz, Badajoz y Logro\u00f1o, y est\u00e1 adscrito al programa Universo Mujer del Consejo Superior de Deportes, gestionado desde la Fundaci\u00f3n Deporte Joven e impulsado por Iberdrola.<br \/>\n<script async src=\"\/\/pagead2.googlesyndication.com\/pagead\/js\/adsbygoogle.js\"><\/script><br \/>\n<!-- Noticias La Guia de Pamplona --><br \/>\n<ins class=\"adsbygoogle\"\nstyle=\"display:block\"\ndata-ad-client=\"ca-pub-6943679897239327\"\ndata-ad-slot=\"7048180777\"\ndata-ad-format=\"auto\"><\/ins><br \/>\n<script>\n(adsbygoogle = window.adsbygoogle || []).push({});\n<\/script><\/p>\n<p>&nbsp;<\/p>\n<h3>XXII Tour Universo Mujer. Pamplona, del 9 al 11 de junio<\/h3>\n<ul>\n<li>Promoci\u00f3n del deporte femenino y la difusi\u00f3n de sus logros como motor de cambio social<\/li>\n<li>Espacio de 3.000 metros cuadrados abierto a todos los p\u00fablicos<\/li>\n<li>Horarios: s\u00e1bado 10, de 11 a 14 horas y de 17 a 21 horas; domingo 11, de 11 a 14.30<\/li>\n<li>El tema puede seguirse en redes sociales con el hashtag #TourUniversoMujer<\/li>\n<li><strong>Exhibiciones deportivas del s\u00e1bado<\/strong>\n<ul>\n<li>00-11.45: Gimnasia r\u00edtmica. CR Alaia<\/li>\n<li>45-12.30: Lucha<\/li>\n<li>30-13.15: Taekwondo (free style, combate, clase puertas abiertas)<\/li>\n<li>15-14.00: Judo<\/li>\n<li>00-17.45: Karate<\/li>\n<li>45-18.45: Gimnasia r\u00edtmica. Club Escuela Cendea de Galar \/ Otra mirada r\u00edtmica (adaptada)<\/li>\n<li>45-19.30: Wushu \u2013 Judo<\/li>\n<li>30-20.15: Taekwondo (exhibiciones, puertas abiertas: deporte y mujer)<\/li>\n<\/ul>\n<\/li>\n<li><strong>Exhibiciones deportivas del domingo<\/strong>\n<ul>\n<li>00-12.30: Gimnasia r\u00edtmica. Club Escuela Cendea de Galar \/ Otra mirada r\u00edtmica (adaptada)<\/li>\n<li>30-13.30: Gimnasia r\u00edtmica. SCDR Anaitasuna<\/li>\n<li>30-14.30: Gimnasia r\u00edtmica: Club Nataci\u00f3n Pamplona<\/li>\n<\/ul>\n<\/li>\n<\/ul>\n","protected":false},"excerpt":{"rendered":"<p>Maider Ardanaz, Sara Hurtado, Eunate Arraiza, Marta Montaner y Aileen Ripa charlar\u00e1n con alumnado de Secundaria en el IES Teresianas<\/p>\n","protected":false},"author":1,"featured_media":46997,"comment_status":"open","ping_status":"closed","sticky":false,"template":"","format":"standard","meta":{"footnotes":""},"categories":[2],"tags":[],"class_list":["post-46996","post","type-post","status-publish","format-standard","has-post-thumbnail","hentry","category-ayuntamiento-pamplona"],"yoast_head":"<!-- This site is optimized with the Yoast SEO plugin v27.3 - https:\/\/yoast.com\/product\/yoast-seo-wordpress\/ -->\n<title>El Tour Universo Mujer arranca su programa este viernes con un foro sobre la importancia de la mujer en el mundo del deporte protagonizado por cinco deportistas<\/title>\n<meta name=\"description\" content=\"Maider Ardanaz, Sara Hurtado, Eunate Arraiza, Marta Montaner y Aileen Ripa charlar\u00e1n con alumnado de Secundaria en el IES Teresianas\" \/>\n<meta name=\"robots\" content=\"index, follow, max-snippet:-1, max-image-preview:large, max-video-preview:-1\" \/>\n<link rel=\"canonical\" href=\"https:\/\/www.laguiadepamplona.com\/actualidad\/el-tour-universo-mujer-arranca-su-programa-este-viernes-con-un-foro-sobre-la-importancia-de-la-mujer-en-el-mundo-del-deporte-protagonizado-por-cinco-deportistas\/\" \/>\n<meta property=\"og:locale\" content=\"es_ES\" \/>\n<meta property=\"og:type\" content=\"article\" \/>\n<meta property=\"og:title\" content=\"El Tour Universo Mujer arranca su programa este viernes con un foro sobre la importancia de la mujer en el mundo del deporte protagonizado por cinco deportistas\" \/>\n<meta property=\"og:description\" content=\"Maider Ardanaz, Sara Hurtado, Eunate Arraiza, Marta Montaner y Aileen Ripa charlar\u00e1n con alumnado de Secundaria en el IES Teresianas\" \/>\n<meta property=\"og:url\" content=\"https:\/\/www.laguiadepamplona.com\/actualidad\/el-tour-universo-mujer-arranca-su-programa-este-viernes-con-un-foro-sobre-la-importancia-de-la-mujer-en-el-mundo-del-deporte-protagonizado-por-cinco-deportistas\/\" \/>\n<meta property=\"og:site_name\" content=\"La Gu\u00eda de Pamplona\" \/>\n<meta property=\"article:publisher\" content=\"https:\/\/www.facebook.com\/laguiadepamplonacom-133175176762273\/?ref=hl\" \/>\n<meta property=\"article:published_time\" content=\"2023-06-09T10:38:04+00:00\" \/>\n<meta property=\"og:image\" content=\"https:\/\/www.laguiadepamplona.com\/actualidad\/wp-content\/uploads\/2023\/06\/Cartel-Horarios-Actividades-Deportivas-1.webp\" \/>\n\t<meta property=\"og:image:width\" content=\"1080\" \/>\n\t<meta property=\"og:image:height\" content=\"1080\" \/>\n\t<meta property=\"og:image:type\" content=\"image\/webp\" \/>\n<meta name=\"author\" content=\"La Gu\u00eda de Pamplona\" \/>\n<meta name=\"twitter:card\" content=\"summary_large_image\" \/>\n<meta name=\"twitter:creator\" content=\"@LaGuiadPamplona\" \/>\n<meta name=\"twitter:site\" content=\"@LaGuiadPamplona\" \/>\n<meta name=\"twitter:label1\" content=\"Escrito por\" \/>\n\t<meta name=\"twitter:data1\" content=\"La Gu\u00eda de Pamplona\" \/>\n\t<meta name=\"twitter:label2\" content=\"Tiempo de lectura\" \/>\n\t<meta name=\"twitter:data2\" content=\"3 minutos\" \/>\n<script type=\"application\/ld+json\" class=\"yoast-schema-graph\">{\"@context\":\"https:\\\/\\\/schema.org\",\"@graph\":[{\"@type\":\"Article\",\"@id\":\"https:\\\/\\\/www.laguiadepamplona.com\\\/actualidad\\\/el-tour-universo-mujer-arranca-su-programa-este-viernes-con-un-foro-sobre-la-importancia-de-la-mujer-en-el-mundo-del-deporte-protagonizado-por-cinco-deportistas\\\/#article\",\"isPartOf\":{\"@id\":\"https:\\\/\\\/www.laguiadepamplona.com\\\/actualidad\\\/el-tour-universo-mujer-arranca-su-programa-este-viernes-con-un-foro-sobre-la-importancia-de-la-mujer-en-el-mundo-del-deporte-protagonizado-por-cinco-deportistas\\\/\"},\"author\":{\"name\":\"La Gu\u00eda de Pamplona\",\"@id\":\"https:\\\/\\\/www.laguiadepamplona.com\\\/actualidad\\\/#\\\/schema\\\/person\\\/efe887376f0213d4657c93adc50b1fdb\"},\"headline\":\"El Tour Universo Mujer arranca su programa este viernes con un foro sobre la importancia de la mujer en el mundo del deporte protagonizado por cinco deportistas\",\"datePublished\":\"2023-06-09T10:38:04+00:00\",\"mainEntityOfPage\":{\"@id\":\"https:\\\/\\\/www.laguiadepamplona.com\\\/actualidad\\\/el-tour-universo-mujer-arranca-su-programa-este-viernes-con-un-foro-sobre-la-importancia-de-la-mujer-en-el-mundo-del-deporte-protagonizado-por-cinco-deportistas\\\/\"},\"wordCount\":667,\"commentCount\":0,\"publisher\":{\"@id\":\"https:\\\/\\\/www.laguiadepamplona.com\\\/actualidad\\\/#organization\"},\"image\":{\"@id\":\"https:\\\/\\\/www.laguiadepamplona.com\\\/actualidad\\\/el-tour-universo-mujer-arranca-su-programa-este-viernes-con-un-foro-sobre-la-importancia-de-la-mujer-en-el-mundo-del-deporte-protagonizado-por-cinco-deportistas\\\/#primaryimage\"},\"thumbnailUrl\":\"https:\\\/\\\/www.laguiadepamplona.com\\\/actualidad\\\/wp-content\\\/uploads\\\/2023\\\/06\\\/Cartel-Horarios-Actividades-Deportivas-1.webp\",\"articleSection\":[\"Ayto Pamplona\"],\"inLanguage\":\"es\",\"potentialAction\":[{\"@type\":\"CommentAction\",\"name\":\"Comment\",\"target\":[\"https:\\\/\\\/www.laguiadepamplona.com\\\/actualidad\\\/el-tour-universo-mujer-arranca-su-programa-este-viernes-con-un-foro-sobre-la-importancia-de-la-mujer-en-el-mundo-del-deporte-protagonizado-por-cinco-deportistas\\\/#respond\"]}]},{\"@type\":\"WebPage\",\"@id\":\"https:\\\/\\\/www.laguiadepamplona.com\\\/actualidad\\\/el-tour-universo-mujer-arranca-su-programa-este-viernes-con-un-foro-sobre-la-importancia-de-la-mujer-en-el-mundo-del-deporte-protagonizado-por-cinco-deportistas\\\/\",\"url\":\"https:\\\/\\\/www.laguiadepamplona.com\\\/actualidad\\\/el-tour-universo-mujer-arranca-su-programa-este-viernes-con-un-foro-sobre-la-importancia-de-la-mujer-en-el-mundo-del-deporte-protagonizado-por-cinco-deportistas\\\/\",\"name\":\"El Tour Universo Mujer arranca su programa este viernes con un foro sobre la importancia de la mujer en el mundo del deporte protagonizado por cinco deportistas\",\"isPartOf\":{\"@id\":\"https:\\\/\\\/www.laguiadepamplona.com\\\/actualidad\\\/#website\"},\"primaryImageOfPage\":{\"@id\":\"https:\\\/\\\/www.laguiadepamplona.com\\\/actualidad\\\/el-tour-universo-mujer-arranca-su-programa-este-viernes-con-un-foro-sobre-la-importancia-de-la-mujer-en-el-mundo-del-deporte-protagonizado-por-cinco-deportistas\\\/#primaryimage\"},\"image\":{\"@id\":\"https:\\\/\\\/www.laguiadepamplona.com\\\/actualidad\\\/el-tour-universo-mujer-arranca-su-programa-este-viernes-con-un-foro-sobre-la-importancia-de-la-mujer-en-el-mundo-del-deporte-protagonizado-por-cinco-deportistas\\\/#primaryimage\"},\"thumbnailUrl\":\"https:\\\/\\\/www.laguiadepamplona.com\\\/actualidad\\\/wp-content\\\/uploads\\\/2023\\\/06\\\/Cartel-Horarios-Actividades-Deportivas-1.webp\",\"datePublished\":\"2023-06-09T10:38:04+00:00\",\"description\":\"Maider Ardanaz, Sara Hurtado, Eunate Arraiza, Marta Montaner y Aileen Ripa charlar\u00e1n con alumnado de Secundaria en el IES Teresianas\",\"breadcrumb\":{\"@id\":\"https:\\\/\\\/www.laguiadepamplona.com\\\/actualidad\\\/el-tour-universo-mujer-arranca-su-programa-este-viernes-con-un-foro-sobre-la-importancia-de-la-mujer-en-el-mundo-del-deporte-protagonizado-por-cinco-deportistas\\\/#breadcrumb\"},\"inLanguage\":\"es\",\"potentialAction\":[{\"@type\":\"ReadAction\",\"target\":[\"https:\\\/\\\/www.laguiadepamplona.com\\\/actualidad\\\/el-tour-universo-mujer-arranca-su-programa-este-viernes-con-un-foro-sobre-la-importancia-de-la-mujer-en-el-mundo-del-deporte-protagonizado-por-cinco-deportistas\\\/\"]}]},{\"@type\":\"ImageObject\",\"inLanguage\":\"es\",\"@id\":\"https:\\\/\\\/www.laguiadepamplona.com\\\/actualidad\\\/el-tour-universo-mujer-arranca-su-programa-este-viernes-con-un-foro-sobre-la-importancia-de-la-mujer-en-el-mundo-del-deporte-protagonizado-por-cinco-deportistas\\\/#primaryimage\",\"url\":\"https:\\\/\\\/www.laguiadepamplona.com\\\/actualidad\\\/wp-content\\\/uploads\\\/2023\\\/06\\\/Cartel-Horarios-Actividades-Deportivas-1.webp\",\"contentUrl\":\"https:\\\/\\\/www.laguiadepamplona.com\\\/actualidad\\\/wp-content\\\/uploads\\\/2023\\\/06\\\/Cartel-Horarios-Actividades-Deportivas-1.webp\",\"width\":1080,\"height\":1080},{\"@type\":\"BreadcrumbList\",\"@id\":\"https:\\\/\\\/www.laguiadepamplona.com\\\/actualidad\\\/el-tour-universo-mujer-arranca-su-programa-este-viernes-con-un-foro-sobre-la-importancia-de-la-mujer-en-el-mundo-del-deporte-protagonizado-por-cinco-deportistas\\\/#breadcrumb\",\"itemListElement\":[{\"@type\":\"ListItem\",\"position\":1,\"name\":\"Portada\",\"item\":\"https:\\\/\\\/www.laguiadepamplona.com\\\/actualidad\\\/\"},{\"@type\":\"ListItem\",\"position\":2,\"name\":\"El Tour Universo Mujer arranca su programa este viernes con un foro sobre la importancia de la mujer en el mundo del deporte protagonizado por cinco deportistas\"}]},{\"@type\":\"WebSite\",\"@id\":\"https:\\\/\\\/www.laguiadepamplona.com\\\/actualidad\\\/#website\",\"url\":\"https:\\\/\\\/www.laguiadepamplona.com\\\/actualidad\\\/\",\"name\":\"La gu\u00eda de Pamplona\",\"description\":\"Noticias de Pamplona\",\"publisher\":{\"@id\":\"https:\\\/\\\/www.laguiadepamplona.com\\\/actualidad\\\/#organization\"},\"potentialAction\":[{\"@type\":\"SearchAction\",\"target\":{\"@type\":\"EntryPoint\",\"urlTemplate\":\"https:\\\/\\\/www.laguiadepamplona.com\\\/actualidad\\\/?s={search_term_string}\"},\"query-input\":{\"@type\":\"PropertyValueSpecification\",\"valueRequired\":true,\"valueName\":\"search_term_string\"}}],\"inLanguage\":\"es\"},{\"@type\":\"Organization\",\"@id\":\"https:\\\/\\\/www.laguiadepamplona.com\\\/actualidad\\\/#organization\",\"name\":\"La Gu\u00eda de Pamplona \\\/ Noticias\",\"url\":\"https:\\\/\\\/www.laguiadepamplona.com\\\/actualidad\\\/\",\"logo\":{\"@type\":\"ImageObject\",\"inLanguage\":\"es\",\"@id\":\"https:\\\/\\\/www.laguiadepamplona.com\\\/actualidad\\\/#\\\/schema\\\/logo\\\/image\\\/\",\"url\":\"https:\\\/\\\/www.laguiadepamplona.com\\\/actualidad\\\/wp-content\\\/uploads\\\/2018\\\/11\\\/logo-laguiadepamplona18-web1.png\",\"contentUrl\":\"https:\\\/\\\/www.laguiadepamplona.com\\\/actualidad\\\/wp-content\\\/uploads\\\/2018\\\/11\\\/logo-laguiadepamplona18-web1.png\",\"width\":600,\"height\":196,\"caption\":\"La Gu\u00eda de Pamplona \\\/ Noticias\"},\"image\":{\"@id\":\"https:\\\/\\\/www.laguiadepamplona.com\\\/actualidad\\\/#\\\/schema\\\/logo\\\/image\\\/\"},\"sameAs\":[\"https:\\\/\\\/www.facebook.com\\\/laguiadepamplonacom-133175176762273\\\/?ref=hl\",\"https:\\\/\\\/x.com\\\/LaGuiadPamplona\",\"https:\\\/\\\/www.instagram.com\\\/la_guia_de_pamplona\\\/\",\"https:\\\/\\\/www.youtube.com\\\/user\\\/laguiadepamplona\"]},{\"@type\":\"Person\",\"@id\":\"https:\\\/\\\/www.laguiadepamplona.com\\\/actualidad\\\/#\\\/schema\\\/person\\\/efe887376f0213d4657c93adc50b1fdb\",\"name\":\"La Gu\u00eda de Pamplona\",\"image\":{\"@type\":\"ImageObject\",\"inLanguage\":\"es\",\"@id\":\"https:\\\/\\\/secure.gravatar.com\\\/avatar\\\/b6992f131dc8d30ab0dff15446e9d346d9dbd95992de0fef795073f5ea83a81c?s=96&d=mm&r=g\",\"url\":\"https:\\\/\\\/secure.gravatar.com\\\/avatar\\\/b6992f131dc8d30ab0dff15446e9d346d9dbd95992de0fef795073f5ea83a81c?s=96&d=mm&r=g\",\"contentUrl\":\"https:\\\/\\\/secure.gravatar.com\\\/avatar\\\/b6992f131dc8d30ab0dff15446e9d346d9dbd95992de0fef795073f5ea83a81c?s=96&d=mm&r=g\",\"caption\":\"La Gu\u00eda de Pamplona\"}}]}<\/script>\n<!-- \/ Yoast SEO plugin. -->","yoast_head_json":{"title":"El Tour Universo Mujer arranca su programa este viernes con un foro sobre la importancia de la mujer en el mundo del deporte protagonizado por cinco deportistas","description":"Maider Ardanaz, Sara Hurtado, Eunate Arraiza, Marta Montaner y Aileen Ripa charlar\u00e1n con alumnado de Secundaria en el IES Teresianas","robots":{"index":"index","follow":"follow","max-snippet":"max-snippet:-1","max-image-preview":"max-image-preview:large","max-video-preview":"max-video-preview:-1"},"canonical":"https:\/\/www.laguiadepamplona.com\/actualidad\/el-tour-universo-mujer-arranca-su-programa-este-viernes-con-un-foro-sobre-la-importancia-de-la-mujer-en-el-mundo-del-deporte-protagonizado-por-cinco-deportistas\/","og_locale":"es_ES","og_type":"article","og_title":"El Tour Universo Mujer arranca su programa este viernes con un foro sobre la importancia de la mujer en el mundo del deporte protagonizado por cinco deportistas","og_description":"Maider Ardanaz, Sara Hurtado, Eunate Arraiza, Marta Montaner y Aileen Ripa charlar\u00e1n con alumnado de Secundaria en el IES Teresianas","og_url":"https:\/\/www.laguiadepamplona.com\/actualidad\/el-tour-universo-mujer-arranca-su-programa-este-viernes-con-un-foro-sobre-la-importancia-de-la-mujer-en-el-mundo-del-deporte-protagonizado-por-cinco-deportistas\/","og_site_name":"La Gu\u00eda de Pamplona","article_publisher":"https:\/\/www.facebook.com\/laguiadepamplonacom-133175176762273\/?ref=hl","article_published_time":"2023-06-09T10:38:04+00:00","og_image":[{"width":1080,"height":1080,"url":"https:\/\/www.laguiadepamplona.com\/actualidad\/wp-content\/uploads\/2023\/06\/Cartel-Horarios-Actividades-Deportivas-1.webp","type":"image\/webp"}],"author":"La Gu\u00eda de Pamplona","twitter_card":"summary_large_image","twitter_creator":"@LaGuiadPamplona","twitter_site":"@LaGuiadPamplona","twitter_misc":{"Escrito por":"La Gu\u00eda de Pamplona","Tiempo de lectura":"3 minutos"},"schema":{"@context":"https:\/\/schema.org","@graph":[{"@type":"Article","@id":"https:\/\/www.laguiadepamplona.com\/actualidad\/el-tour-universo-mujer-arranca-su-programa-este-viernes-con-un-foro-sobre-la-importancia-de-la-mujer-en-el-mundo-del-deporte-protagonizado-por-cinco-deportistas\/#article","isPartOf":{"@id":"https:\/\/www.laguiadepamplona.com\/actualidad\/el-tour-universo-mujer-arranca-su-programa-este-viernes-con-un-foro-sobre-la-importancia-de-la-mujer-en-el-mundo-del-deporte-protagonizado-por-cinco-deportistas\/"},"author":{"name":"La Gu\u00eda de Pamplona","@id":"https:\/\/www.laguiadepamplona.com\/actualidad\/#\/schema\/person\/efe887376f0213d4657c93adc50b1fdb"},"headline":"El Tour Universo Mujer arranca su programa este viernes con un foro sobre la importancia de la mujer en el mundo del deporte protagonizado por cinco deportistas","datePublished":"2023-06-09T10:38:04+00:00","mainEntityOfPage":{"@id":"https:\/\/www.laguiadepamplona.com\/actualidad\/el-tour-universo-mujer-arranca-su-programa-este-viernes-con-un-foro-sobre-la-importancia-de-la-mujer-en-el-mundo-del-deporte-protagonizado-por-cinco-deportistas\/"},"wordCount":667,"commentCount":0,"publisher":{"@id":"https:\/\/www.laguiadepamplona.com\/actualidad\/#organization"},"image":{"@id":"https:\/\/www.laguiadepamplona.com\/actualidad\/el-tour-universo-mujer-arranca-su-programa-este-viernes-con-un-foro-sobre-la-importancia-de-la-mujer-en-el-mundo-del-deporte-protagonizado-por-cinco-deportistas\/#primaryimage"},"thumbnailUrl":"https:\/\/www.laguiadepamplona.com\/actualidad\/wp-content\/uploads\/2023\/06\/Cartel-Horarios-Actividades-Deportivas-1.webp","articleSection":["Ayto Pamplona"],"inLanguage":"es","potentialAction":[{"@type":"CommentAction","name":"Comment","target":["https:\/\/www.laguiadepamplona.com\/actualidad\/el-tour-universo-mujer-arranca-su-programa-este-viernes-con-un-foro-sobre-la-importancia-de-la-mujer-en-el-mundo-del-deporte-protagonizado-por-cinco-deportistas\/#respond"]}]},{"@type":"WebPage","@id":"https:\/\/www.laguiadepamplona.com\/actualidad\/el-tour-universo-mujer-arranca-su-programa-este-viernes-con-un-foro-sobre-la-importancia-de-la-mujer-en-el-mundo-del-deporte-protagonizado-por-cinco-deportistas\/","url":"https:\/\/www.laguiadepamplona.com\/actualidad\/el-tour-universo-mujer-arranca-su-programa-este-viernes-con-un-foro-sobre-la-importancia-de-la-mujer-en-el-mundo-del-deporte-protagonizado-por-cinco-deportistas\/","name":"El Tour Universo Mujer arranca su programa este viernes con un foro sobre la importancia de la mujer en el mundo del deporte protagonizado por cinco deportistas","isPartOf":{"@id":"https:\/\/www.laguiadepamplona.com\/actualidad\/#website"},"primaryImageOfPage":{"@id":"https:\/\/www.laguiadepamplona.com\/actualidad\/el-tour-universo-mujer-arranca-su-programa-este-viernes-con-un-foro-sobre-la-importancia-de-la-mujer-en-el-mundo-del-deporte-protagonizado-por-cinco-deportistas\/#primaryimage"},"image":{"@id":"https:\/\/www.laguiadepamplona.com\/actualidad\/el-tour-universo-mujer-arranca-su-programa-este-viernes-con-un-foro-sobre-la-importancia-de-la-mujer-en-el-mundo-del-deporte-protagonizado-por-cinco-deportistas\/#primaryimage"},"thumbnailUrl":"https:\/\/www.laguiadepamplona.com\/actualidad\/wp-content\/uploads\/2023\/06\/Cartel-Horarios-Actividades-Deportivas-1.webp","datePublished":"2023-06-09T10:38:04+00:00","description":"Maider Ardanaz, Sara Hurtado, Eunate Arraiza, Marta Montaner y Aileen Ripa charlar\u00e1n con alumnado de Secundaria en el IES Teresianas","breadcrumb":{"@id":"https:\/\/www.laguiadepamplona.com\/actualidad\/el-tour-universo-mujer-arranca-su-programa-este-viernes-con-un-foro-sobre-la-importancia-de-la-mujer-en-el-mundo-del-deporte-protagonizado-por-cinco-deportistas\/#breadcrumb"},"inLanguage":"es","potentialAction":[{"@type":"ReadAction","target":["https:\/\/www.laguiadepamplona.com\/actualidad\/el-tour-universo-mujer-arranca-su-programa-este-viernes-con-un-foro-sobre-la-importancia-de-la-mujer-en-el-mundo-del-deporte-protagonizado-por-cinco-deportistas\/"]}]},{"@type":"ImageObject","inLanguage":"es","@id":"https:\/\/www.laguiadepamplona.com\/actualidad\/el-tour-universo-mujer-arranca-su-programa-este-viernes-con-un-foro-sobre-la-importancia-de-la-mujer-en-el-mundo-del-deporte-protagonizado-por-cinco-deportistas\/#primaryimage","url":"https:\/\/www.laguiadepamplona.com\/actualidad\/wp-content\/uploads\/2023\/06\/Cartel-Horarios-Actividades-Deportivas-1.webp","contentUrl":"https:\/\/www.laguiadepamplona.com\/actualidad\/wp-content\/uploads\/2023\/06\/Cartel-Horarios-Actividades-Deportivas-1.webp","width":1080,"height":1080},{"@type":"BreadcrumbList","@id":"https:\/\/www.laguiadepamplona.com\/actualidad\/el-tour-universo-mujer-arranca-su-programa-este-viernes-con-un-foro-sobre-la-importancia-de-la-mujer-en-el-mundo-del-deporte-protagonizado-por-cinco-deportistas\/#breadcrumb","itemListElement":[{"@type":"ListItem","position":1,"name":"Portada","item":"https:\/\/www.laguiadepamplona.com\/actualidad\/"},{"@type":"ListItem","position":2,"name":"El Tour Universo Mujer arranca su programa este viernes con un foro sobre la importancia de la mujer en el mundo del deporte protagonizado por cinco deportistas"}]},{"@type":"WebSite","@id":"https:\/\/www.laguiadepamplona.com\/actualidad\/#website","url":"https:\/\/www.laguiadepamplona.com\/actualidad\/","name":"La gu\u00eda de Pamplona","description":"Noticias de Pamplona","publisher":{"@id":"https:\/\/www.laguiadepamplona.com\/actualidad\/#organization"},"potentialAction":[{"@type":"SearchAction","target":{"@type":"EntryPoint","urlTemplate":"https:\/\/www.laguiadepamplona.com\/actualidad\/?s={search_term_string}"},"query-input":{"@type":"PropertyValueSpecification","valueRequired":true,"valueName":"search_term_string"}}],"inLanguage":"es"},{"@type":"Organization","@id":"https:\/\/www.laguiadepamplona.com\/actualidad\/#organization","name":"La Gu\u00eda de Pamplona \/ Noticias","url":"https:\/\/www.laguiadepamplona.com\/actualidad\/","logo":{"@type":"ImageObject","inLanguage":"es","@id":"https:\/\/www.laguiadepamplona.com\/actualidad\/#\/schema\/logo\/image\/","url":"https:\/\/www.laguiadepamplona.com\/actualidad\/wp-content\/uploads\/2018\/11\/logo-laguiadepamplona18-web1.png","contentUrl":"https:\/\/www.laguiadepamplona.com\/actualidad\/wp-content\/uploads\/2018\/11\/logo-laguiadepamplona18-web1.png","width":600,"height":196,"caption":"La Gu\u00eda de Pamplona \/ Noticias"},"image":{"@id":"https:\/\/www.laguiadepamplona.com\/actualidad\/#\/schema\/logo\/image\/"},"sameAs":["https:\/\/www.facebook.com\/laguiadepamplonacom-133175176762273\/?ref=hl","https:\/\/x.com\/LaGuiadPamplona","https:\/\/www.instagram.com\/la_guia_de_pamplona\/","https:\/\/www.youtube.com\/user\/laguiadepamplona"]},{"@type":"Person","@id":"https:\/\/www.laguiadepamplona.com\/actualidad\/#\/schema\/person\/efe887376f0213d4657c93adc50b1fdb","name":"La Gu\u00eda de Pamplona","image":{"@type":"ImageObject","inLanguage":"es","@id":"https:\/\/secure.gravatar.com\/avatar\/b6992f131dc8d30ab0dff15446e9d346d9dbd95992de0fef795073f5ea83a81c?s=96&d=mm&r=g","url":"https:\/\/secure.gravatar.com\/avatar\/b6992f131dc8d30ab0dff15446e9d346d9dbd95992de0fef795073f5ea83a81c?s=96&d=mm&r=g","contentUrl":"https:\/\/secure.gravatar.com\/avatar\/b6992f131dc8d30ab0dff15446e9d346d9dbd95992de0fef795073f5ea83a81c?s=96&d=mm&r=g","caption":"La Gu\u00eda de Pamplona"}}]}},"post_mailing_queue_ids":[],"_links":{"self":[{"href":"https:\/\/www.laguiadepamplona.com\/actualidad\/wp-json\/wp\/v2\/posts\/46996","targetHints":{"allow":["GET"]}}],"collection":[{"href":"https:\/\/www.laguiadepamplona.com\/actualidad\/wp-json\/wp\/v2\/posts"}],"about":[{"href":"https:\/\/www.laguiadepamplona.com\/actualidad\/wp-json\/wp\/v2\/types\/post"}],"author":[{"embeddable":true,"href":"https:\/\/www.laguiadepamplona.com\/actualidad\/wp-json\/wp\/v2\/users\/1"}],"replies":[{"embeddable":true,"href":"https:\/\/www.laguiadepamplona.com\/actualidad\/wp-json\/wp\/v2\/comments?post=46996"}],"version-history":[{"count":1,"href":"https:\/\/www.laguiadepamplona.com\/actualidad\/wp-json\/wp\/v2\/posts\/46996\/revisions"}],"predecessor-version":[{"id":46998,"href":"https:\/\/www.laguiadepamplona.com\/actualidad\/wp-json\/wp\/v2\/posts\/46996\/revisions\/46998"}],"wp:featuredmedia":[{"embeddable":true,"href":"https:\/\/www.laguiadepamplona.com\/actualidad\/wp-json\/wp\/v2\/media\/46997"}],"wp:attachment":[{"href":"https:\/\/www.laguiadepamplona.com\/actualidad\/wp-json\/wp\/v2\/media?parent=46996"}],"wp:term":[{"taxonomy":"category","embeddable":true,"href":"https:\/\/www.laguiadepamplona.com\/actualidad\/wp-json\/wp\/v2\/categories?post=46996"},{"taxonomy":"post_tag","embeddable":true,"href":"https:\/\/www.laguiadepamplona.com\/actualidad\/wp-json\/wp\/v2\/tags?post=46996"}],"curies":[{"name":"wp","href":"https:\/\/api.w.org\/{rel}","templated":true}]}}