{"id":46993,"date":"2023-06-08T17:05:58","date_gmt":"2023-06-08T15:05:58","guid":{"rendered":"https:\/\/www.laguiadepamplona.com\/actualidad\/?p=46993"},"modified":"2023-06-08T17:05:58","modified_gmt":"2023-06-08T15:05:58","slug":"64-862-personas-han-pasado-por-la-exposicion-del-museo-de-historia-de-madrid-que-ha-tenido-expuesto-el-album-a-sarasate-sus-compatriotas-1882","status":"publish","type":"post","link":"https:\/\/www.laguiadepamplona.com\/actualidad\/64-862-personas-han-pasado-por-la-exposicion-del-museo-de-historia-de-madrid-que-ha-tenido-expuesto-el-album-a-sarasate-sus-compatriotas-1882\/","title":{"rendered":"64.862 personas han pasado por la exposici\u00f3n del Museo de Historia de Madrid que ha tenido expuesto el \u00e1lbum \u201cA Sarasate: Sus compatriotas, 1882\u201d"},"content":{"rendered":"<h3>La muestra se ha extendido durante siete meses y recog\u00eda obra del pintor Francisco Pradilla, dos de cuyas obras est\u00e1n en el \u00e1lbum pamplon\u00e9s<\/h3>\n<p><!--more--><\/p>\n<p>Desde su inauguraci\u00f3n el 14 de diciembre de 2022 hasta su reciente clausura, por la exposici\u00f3n del Museo de Historia de Madrid dedicada al pintor Francisco Pradilla Ortiz han pasado 64.862 personas. Es el p\u00fablico para el que, dentro de la muestra \u201cFrancisco Pradilla Ortiz (1848-1921), m\u00e1s que un pintor de historia\u201d, ha estado expuesto el \u00e1lbum dedicado a Sarasate por los artistas espa\u00f1oles que en el a\u00f1o 1882 se estaban formando en Roma.<br \/>\n<script async src=\"\/\/pagead2.googlesyndication.com\/pagead\/js\/adsbygoogle.js\"><\/script><br \/>\n<!-- Noticias La Guia de Pamplona --><br \/>\n<ins class=\"adsbygoogle\"\nstyle=\"display:block\"\ndata-ad-client=\"ca-pub-6943679897239327\"\ndata-ad-slot=\"7048180777\"\ndata-ad-format=\"auto\"><\/ins><br \/>\n<script>\n(adsbygoogle = window.adsbygoogle || []).push({});\n<\/script><\/p>\n<p>La obra \u201cA Sarasate: Sus compatriotas, 1882\u201d, llegaba a Madrid a finales de noviembre procedente del Archivo Municipal de Pamplona, una instituci\u00f3n que conserva el fondo documental de partituras, biblioteca personal, instrumentos, regalos recibidos de diferentes dignatarios y cortes europeas, obras de arte, mobiliario, enseres personales del compositor, por legado testamentario. El llamado \u2018Viol\u00edn de Europa\u2019 fue una de las figuras m\u00e1s relevantes del momento y que mantuvo trato cercano y continuado con los artistas del \u00faltimo cuarto del siglo XIX y los primeros a\u00f1os del siglo XX, coleccionado una importante cantidad de pinturas y esculturas.<\/p>\n<p>Los dos dibujos de Pradilla que est\u00e1n en el \u00e1lbum \u201cGrupo de caballeros armados (croquis para una escena hist\u00f3rica)\u201d realizado a plumilla sobre papel y \u201cSoldado moro con lanza\u201d, a l\u00e1piz y albayalde sobre papel, han pasado adem\u00e1s a formar parte del cat\u00e1logo de la muestra del que se han vendido 1.200 ejemplares y del que ha tenido que realizarse dos ediciones. Durante el tiempo de exhibici\u00f3n se han realizado 65 visitas a la muestra, guiadas por las comisarias Sonia Pradilla S\u00e1nchez, biznieta del pintor y Soledad C\u00e1novas del Castillo.<br \/>\n<script async src=\"\/\/pagead2.googlesyndication.com\/pagead\/js\/adsbygoogle.js\"><\/script><br \/>\n<!-- Noticias La Guia de Pamplona --><br \/>\n<ins class=\"adsbygoogle\"\nstyle=\"display:block\"\ndata-ad-client=\"ca-pub-6943679897239327\"\ndata-ad-slot=\"7048180777\"\ndata-ad-format=\"auto\"><\/ins><br \/>\n<script>\n(adsbygoogle = window.adsbygoogle || []).push({});\n<\/script><\/p>\n<p>El libro en el que est\u00e1n insertas estas obras, bajo el t\u00edtulo \u201cA Sarasate: Sus compatriotas, 1882\u201d se configura como un \u00e1lbum de acuarelas, dibujos al carboncillo y tintas, y fotograf\u00edas con encuadernaci\u00f3n r\u00edgida en pergamino, gofrado y dorado. Contiene obras de 66 autores, pintores, escultores y m\u00fasicos que formaban la colonia de artistas espa\u00f1oles instalados en Roma, como Domingo Mu\u00f1oz, Mariano Benlliure, Jos\u00e9 Moreno Carbonero o el propio Pradilla, entre otros. Tiene una altura de 34,50 cm y una anchura de 50 cm y un grosor de 7, y ha sido expuesto en una vitrina. El Ayuntamiento de Pamplona edit\u00f3 en 2009 un estudio sobre este \u00e1lbum realizado por Jos\u00e9 Luis Molins, entonces archivero municipal e Ignacio J. Urricelqui, actual director del Museo del Carlismo de Estella y ambos profesores de la C\u00e1tedra de Patrimonio y Arte Navarro (Universidad de Navarra).<\/p>\n","protected":false},"excerpt":{"rendered":"<p>La muestra se ha extendido durante siete meses y recog\u00eda obra del pintor Francisco Pradilla, dos de cuyas obras est\u00e1n en el \u00e1lbum pamplon\u00e9s<\/p>\n","protected":false},"author":1,"featured_media":46994,"comment_status":"open","ping_status":"closed","sticky":false,"template":"","format":"standard","meta":{"footnotes":""},"categories":[2],"tags":[],"class_list":["post-46993","post","type-post","status-publish","format-standard","has-post-thumbnail","hentry","category-ayuntamiento-pamplona"],"yoast_head":"<!-- This site is optimized with the Yoast SEO plugin v27.3 - https:\/\/yoast.com\/product\/yoast-seo-wordpress\/ -->\n<title>64.862 personas han pasado por la exposici\u00f3n del Museo de Historia de Madrid que ha tenido expuesto el \u00e1lbum \u201cA Sarasate: Sus compatriotas, 1882\u201d<\/title>\n<meta name=\"description\" content=\"La muestra se ha extendido durante siete meses y recog\u00eda obra del pintor Francisco Pradilla, dos de cuyas obras est\u00e1n en el \u00e1lbum pamplon\u00e9s\" \/>\n<meta name=\"robots\" content=\"index, follow, max-snippet:-1, max-image-preview:large, max-video-preview:-1\" \/>\n<link rel=\"canonical\" href=\"https:\/\/www.laguiadepamplona.com\/actualidad\/64-862-personas-han-pasado-por-la-exposicion-del-museo-de-historia-de-madrid-que-ha-tenido-expuesto-el-album-a-sarasate-sus-compatriotas-1882\/\" \/>\n<meta property=\"og:locale\" content=\"es_ES\" \/>\n<meta property=\"og:type\" content=\"article\" \/>\n<meta property=\"og:title\" content=\"64.862 personas han pasado por la exposici\u00f3n del Museo de Historia de Madrid que ha tenido expuesto el \u00e1lbum \u201cA Sarasate: Sus compatriotas, 1882\u201d\" \/>\n<meta property=\"og:description\" content=\"La muestra se ha extendido durante siete meses y recog\u00eda obra del pintor Francisco Pradilla, dos de cuyas obras est\u00e1n en el \u00e1lbum pamplon\u00e9s\" \/>\n<meta property=\"og:url\" content=\"https:\/\/www.laguiadepamplona.com\/actualidad\/64-862-personas-han-pasado-por-la-exposicion-del-museo-de-historia-de-madrid-que-ha-tenido-expuesto-el-album-a-sarasate-sus-compatriotas-1882\/\" \/>\n<meta property=\"og:site_name\" content=\"La Gu\u00eda de Pamplona\" \/>\n<meta property=\"article:publisher\" content=\"https:\/\/www.facebook.com\/laguiadepamplonacom-133175176762273\/?ref=hl\" \/>\n<meta property=\"article:published_time\" content=\"2023-06-08T15:05:58+00:00\" \/>\n<meta property=\"og:image\" content=\"https:\/\/www.laguiadepamplona.com\/actualidad\/wp-content\/uploads\/2023\/06\/exposicion-temporal-7-1.webp\" \/>\n\t<meta property=\"og:image:width\" content=\"1920\" \/>\n\t<meta property=\"og:image:height\" content=\"1148\" \/>\n\t<meta property=\"og:image:type\" content=\"image\/webp\" \/>\n<meta name=\"author\" content=\"La Gu\u00eda de Pamplona\" \/>\n<meta name=\"twitter:card\" content=\"summary_large_image\" \/>\n<meta name=\"twitter:creator\" content=\"@LaGuiadPamplona\" \/>\n<meta name=\"twitter:site\" content=\"@LaGuiadPamplona\" \/>\n<meta name=\"twitter:label1\" content=\"Escrito por\" \/>\n\t<meta name=\"twitter:data1\" content=\"La Gu\u00eda de Pamplona\" \/>\n\t<meta name=\"twitter:label2\" content=\"Tiempo de lectura\" \/>\n\t<meta name=\"twitter:data2\" content=\"2 minutos\" \/>\n<script type=\"application\/ld+json\" class=\"yoast-schema-graph\">{\"@context\":\"https:\\\/\\\/schema.org\",\"@graph\":[{\"@type\":\"Article\",\"@id\":\"https:\\\/\\\/www.laguiadepamplona.com\\\/actualidad\\\/64-862-personas-han-pasado-por-la-exposicion-del-museo-de-historia-de-madrid-que-ha-tenido-expuesto-el-album-a-sarasate-sus-compatriotas-1882\\\/#article\",\"isPartOf\":{\"@id\":\"https:\\\/\\\/www.laguiadepamplona.com\\\/actualidad\\\/64-862-personas-han-pasado-por-la-exposicion-del-museo-de-historia-de-madrid-que-ha-tenido-expuesto-el-album-a-sarasate-sus-compatriotas-1882\\\/\"},\"author\":{\"name\":\"La Gu\u00eda de Pamplona\",\"@id\":\"https:\\\/\\\/www.laguiadepamplona.com\\\/actualidad\\\/#\\\/schema\\\/person\\\/efe887376f0213d4657c93adc50b1fdb\"},\"headline\":\"64.862 personas han pasado por la exposici\u00f3n del Museo de Historia de Madrid que ha tenido expuesto el \u00e1lbum \u201cA Sarasate: Sus compatriotas, 1882\u201d\",\"datePublished\":\"2023-06-08T15:05:58+00:00\",\"mainEntityOfPage\":{\"@id\":\"https:\\\/\\\/www.laguiadepamplona.com\\\/actualidad\\\/64-862-personas-han-pasado-por-la-exposicion-del-museo-de-historia-de-madrid-que-ha-tenido-expuesto-el-album-a-sarasate-sus-compatriotas-1882\\\/\"},\"wordCount\":466,\"commentCount\":0,\"publisher\":{\"@id\":\"https:\\\/\\\/www.laguiadepamplona.com\\\/actualidad\\\/#organization\"},\"image\":{\"@id\":\"https:\\\/\\\/www.laguiadepamplona.com\\\/actualidad\\\/64-862-personas-han-pasado-por-la-exposicion-del-museo-de-historia-de-madrid-que-ha-tenido-expuesto-el-album-a-sarasate-sus-compatriotas-1882\\\/#primaryimage\"},\"thumbnailUrl\":\"https:\\\/\\\/www.laguiadepamplona.com\\\/actualidad\\\/wp-content\\\/uploads\\\/2023\\\/06\\\/exposicion-temporal-7-1.webp\",\"articleSection\":[\"Ayto Pamplona\"],\"inLanguage\":\"es\",\"potentialAction\":[{\"@type\":\"CommentAction\",\"name\":\"Comment\",\"target\":[\"https:\\\/\\\/www.laguiadepamplona.com\\\/actualidad\\\/64-862-personas-han-pasado-por-la-exposicion-del-museo-de-historia-de-madrid-que-ha-tenido-expuesto-el-album-a-sarasate-sus-compatriotas-1882\\\/#respond\"]}]},{\"@type\":\"WebPage\",\"@id\":\"https:\\\/\\\/www.laguiadepamplona.com\\\/actualidad\\\/64-862-personas-han-pasado-por-la-exposicion-del-museo-de-historia-de-madrid-que-ha-tenido-expuesto-el-album-a-sarasate-sus-compatriotas-1882\\\/\",\"url\":\"https:\\\/\\\/www.laguiadepamplona.com\\\/actualidad\\\/64-862-personas-han-pasado-por-la-exposicion-del-museo-de-historia-de-madrid-que-ha-tenido-expuesto-el-album-a-sarasate-sus-compatriotas-1882\\\/\",\"name\":\"64.862 personas han pasado por la exposici\u00f3n del Museo de Historia de Madrid que ha tenido expuesto el \u00e1lbum \u201cA Sarasate: Sus compatriotas, 1882\u201d\",\"isPartOf\":{\"@id\":\"https:\\\/\\\/www.laguiadepamplona.com\\\/actualidad\\\/#website\"},\"primaryImageOfPage\":{\"@id\":\"https:\\\/\\\/www.laguiadepamplona.com\\\/actualidad\\\/64-862-personas-han-pasado-por-la-exposicion-del-museo-de-historia-de-madrid-que-ha-tenido-expuesto-el-album-a-sarasate-sus-compatriotas-1882\\\/#primaryimage\"},\"image\":{\"@id\":\"https:\\\/\\\/www.laguiadepamplona.com\\\/actualidad\\\/64-862-personas-han-pasado-por-la-exposicion-del-museo-de-historia-de-madrid-que-ha-tenido-expuesto-el-album-a-sarasate-sus-compatriotas-1882\\\/#primaryimage\"},\"thumbnailUrl\":\"https:\\\/\\\/www.laguiadepamplona.com\\\/actualidad\\\/wp-content\\\/uploads\\\/2023\\\/06\\\/exposicion-temporal-7-1.webp\",\"datePublished\":\"2023-06-08T15:05:58+00:00\",\"description\":\"La muestra se ha extendido durante siete meses y recog\u00eda obra del pintor Francisco Pradilla, dos de cuyas obras est\u00e1n en el \u00e1lbum pamplon\u00e9s\",\"breadcrumb\":{\"@id\":\"https:\\\/\\\/www.laguiadepamplona.com\\\/actualidad\\\/64-862-personas-han-pasado-por-la-exposicion-del-museo-de-historia-de-madrid-que-ha-tenido-expuesto-el-album-a-sarasate-sus-compatriotas-1882\\\/#breadcrumb\"},\"inLanguage\":\"es\",\"potentialAction\":[{\"@type\":\"ReadAction\",\"target\":[\"https:\\\/\\\/www.laguiadepamplona.com\\\/actualidad\\\/64-862-personas-han-pasado-por-la-exposicion-del-museo-de-historia-de-madrid-que-ha-tenido-expuesto-el-album-a-sarasate-sus-compatriotas-1882\\\/\"]}]},{\"@type\":\"ImageObject\",\"inLanguage\":\"es\",\"@id\":\"https:\\\/\\\/www.laguiadepamplona.com\\\/actualidad\\\/64-862-personas-han-pasado-por-la-exposicion-del-museo-de-historia-de-madrid-que-ha-tenido-expuesto-el-album-a-sarasate-sus-compatriotas-1882\\\/#primaryimage\",\"url\":\"https:\\\/\\\/www.laguiadepamplona.com\\\/actualidad\\\/wp-content\\\/uploads\\\/2023\\\/06\\\/exposicion-temporal-7-1.webp\",\"contentUrl\":\"https:\\\/\\\/www.laguiadepamplona.com\\\/actualidad\\\/wp-content\\\/uploads\\\/2023\\\/06\\\/exposicion-temporal-7-1.webp\",\"width\":1920,\"height\":1148},{\"@type\":\"BreadcrumbList\",\"@id\":\"https:\\\/\\\/www.laguiadepamplona.com\\\/actualidad\\\/64-862-personas-han-pasado-por-la-exposicion-del-museo-de-historia-de-madrid-que-ha-tenido-expuesto-el-album-a-sarasate-sus-compatriotas-1882\\\/#breadcrumb\",\"itemListElement\":[{\"@type\":\"ListItem\",\"position\":1,\"name\":\"Portada\",\"item\":\"https:\\\/\\\/www.laguiadepamplona.com\\\/actualidad\\\/\"},{\"@type\":\"ListItem\",\"position\":2,\"name\":\"64.862 personas han pasado por la exposici\u00f3n del Museo de Historia de Madrid que ha tenido expuesto el \u00e1lbum \u201cA Sarasate: Sus compatriotas, 1882\u201d\"}]},{\"@type\":\"WebSite\",\"@id\":\"https:\\\/\\\/www.laguiadepamplona.com\\\/actualidad\\\/#website\",\"url\":\"https:\\\/\\\/www.laguiadepamplona.com\\\/actualidad\\\/\",\"name\":\"La gu\u00eda de Pamplona\",\"description\":\"Noticias de Pamplona\",\"publisher\":{\"@id\":\"https:\\\/\\\/www.laguiadepamplona.com\\\/actualidad\\\/#organization\"},\"potentialAction\":[{\"@type\":\"SearchAction\",\"target\":{\"@type\":\"EntryPoint\",\"urlTemplate\":\"https:\\\/\\\/www.laguiadepamplona.com\\\/actualidad\\\/?s={search_term_string}\"},\"query-input\":{\"@type\":\"PropertyValueSpecification\",\"valueRequired\":true,\"valueName\":\"search_term_string\"}}],\"inLanguage\":\"es\"},{\"@type\":\"Organization\",\"@id\":\"https:\\\/\\\/www.laguiadepamplona.com\\\/actualidad\\\/#organization\",\"name\":\"La Gu\u00eda de Pamplona \\\/ Noticias\",\"url\":\"https:\\\/\\\/www.laguiadepamplona.com\\\/actualidad\\\/\",\"logo\":{\"@type\":\"ImageObject\",\"inLanguage\":\"es\",\"@id\":\"https:\\\/\\\/www.laguiadepamplona.com\\\/actualidad\\\/#\\\/schema\\\/logo\\\/image\\\/\",\"url\":\"https:\\\/\\\/www.laguiadepamplona.com\\\/actualidad\\\/wp-content\\\/uploads\\\/2018\\\/11\\\/logo-laguiadepamplona18-web1.png\",\"contentUrl\":\"https:\\\/\\\/www.laguiadepamplona.com\\\/actualidad\\\/wp-content\\\/uploads\\\/2018\\\/11\\\/logo-laguiadepamplona18-web1.png\",\"width\":600,\"height\":196,\"caption\":\"La Gu\u00eda de Pamplona \\\/ Noticias\"},\"image\":{\"@id\":\"https:\\\/\\\/www.laguiadepamplona.com\\\/actualidad\\\/#\\\/schema\\\/logo\\\/image\\\/\"},\"sameAs\":[\"https:\\\/\\\/www.facebook.com\\\/laguiadepamplonacom-133175176762273\\\/?ref=hl\",\"https:\\\/\\\/x.com\\\/LaGuiadPamplona\",\"https:\\\/\\\/www.instagram.com\\\/la_guia_de_pamplona\\\/\",\"https:\\\/\\\/www.youtube.com\\\/user\\\/laguiadepamplona\"]},{\"@type\":\"Person\",\"@id\":\"https:\\\/\\\/www.laguiadepamplona.com\\\/actualidad\\\/#\\\/schema\\\/person\\\/efe887376f0213d4657c93adc50b1fdb\",\"name\":\"La Gu\u00eda de Pamplona\",\"image\":{\"@type\":\"ImageObject\",\"inLanguage\":\"es\",\"@id\":\"https:\\\/\\\/secure.gravatar.com\\\/avatar\\\/b6992f131dc8d30ab0dff15446e9d346d9dbd95992de0fef795073f5ea83a81c?s=96&d=mm&r=g\",\"url\":\"https:\\\/\\\/secure.gravatar.com\\\/avatar\\\/b6992f131dc8d30ab0dff15446e9d346d9dbd95992de0fef795073f5ea83a81c?s=96&d=mm&r=g\",\"contentUrl\":\"https:\\\/\\\/secure.gravatar.com\\\/avatar\\\/b6992f131dc8d30ab0dff15446e9d346d9dbd95992de0fef795073f5ea83a81c?s=96&d=mm&r=g\",\"caption\":\"La Gu\u00eda de Pamplona\"}}]}<\/script>\n<!-- \/ Yoast SEO plugin. -->","yoast_head_json":{"title":"64.862 personas han pasado por la exposici\u00f3n del Museo de Historia de Madrid que ha tenido expuesto el \u00e1lbum \u201cA Sarasate: Sus compatriotas, 1882\u201d","description":"La muestra se ha extendido durante siete meses y recog\u00eda obra del pintor Francisco Pradilla, dos de cuyas obras est\u00e1n en el \u00e1lbum pamplon\u00e9s","robots":{"index":"index","follow":"follow","max-snippet":"max-snippet:-1","max-image-preview":"max-image-preview:large","max-video-preview":"max-video-preview:-1"},"canonical":"https:\/\/www.laguiadepamplona.com\/actualidad\/64-862-personas-han-pasado-por-la-exposicion-del-museo-de-historia-de-madrid-que-ha-tenido-expuesto-el-album-a-sarasate-sus-compatriotas-1882\/","og_locale":"es_ES","og_type":"article","og_title":"64.862 personas han pasado por la exposici\u00f3n del Museo de Historia de Madrid que ha tenido expuesto el \u00e1lbum \u201cA Sarasate: Sus compatriotas, 1882\u201d","og_description":"La muestra se ha extendido durante siete meses y recog\u00eda obra del pintor Francisco Pradilla, dos de cuyas obras est\u00e1n en el \u00e1lbum pamplon\u00e9s","og_url":"https:\/\/www.laguiadepamplona.com\/actualidad\/64-862-personas-han-pasado-por-la-exposicion-del-museo-de-historia-de-madrid-que-ha-tenido-expuesto-el-album-a-sarasate-sus-compatriotas-1882\/","og_site_name":"La Gu\u00eda de Pamplona","article_publisher":"https:\/\/www.facebook.com\/laguiadepamplonacom-133175176762273\/?ref=hl","article_published_time":"2023-06-08T15:05:58+00:00","og_image":[{"width":1920,"height":1148,"url":"https:\/\/www.laguiadepamplona.com\/actualidad\/wp-content\/uploads\/2023\/06\/exposicion-temporal-7-1.webp","type":"image\/webp"}],"author":"La Gu\u00eda de Pamplona","twitter_card":"summary_large_image","twitter_creator":"@LaGuiadPamplona","twitter_site":"@LaGuiadPamplona","twitter_misc":{"Escrito por":"La Gu\u00eda de Pamplona","Tiempo de lectura":"2 minutos"},"schema":{"@context":"https:\/\/schema.org","@graph":[{"@type":"Article","@id":"https:\/\/www.laguiadepamplona.com\/actualidad\/64-862-personas-han-pasado-por-la-exposicion-del-museo-de-historia-de-madrid-que-ha-tenido-expuesto-el-album-a-sarasate-sus-compatriotas-1882\/#article","isPartOf":{"@id":"https:\/\/www.laguiadepamplona.com\/actualidad\/64-862-personas-han-pasado-por-la-exposicion-del-museo-de-historia-de-madrid-que-ha-tenido-expuesto-el-album-a-sarasate-sus-compatriotas-1882\/"},"author":{"name":"La Gu\u00eda de Pamplona","@id":"https:\/\/www.laguiadepamplona.com\/actualidad\/#\/schema\/person\/efe887376f0213d4657c93adc50b1fdb"},"headline":"64.862 personas han pasado por la exposici\u00f3n del Museo de Historia de Madrid que ha tenido expuesto el \u00e1lbum \u201cA Sarasate: Sus compatriotas, 1882\u201d","datePublished":"2023-06-08T15:05:58+00:00","mainEntityOfPage":{"@id":"https:\/\/www.laguiadepamplona.com\/actualidad\/64-862-personas-han-pasado-por-la-exposicion-del-museo-de-historia-de-madrid-que-ha-tenido-expuesto-el-album-a-sarasate-sus-compatriotas-1882\/"},"wordCount":466,"commentCount":0,"publisher":{"@id":"https:\/\/www.laguiadepamplona.com\/actualidad\/#organization"},"image":{"@id":"https:\/\/www.laguiadepamplona.com\/actualidad\/64-862-personas-han-pasado-por-la-exposicion-del-museo-de-historia-de-madrid-que-ha-tenido-expuesto-el-album-a-sarasate-sus-compatriotas-1882\/#primaryimage"},"thumbnailUrl":"https:\/\/www.laguiadepamplona.com\/actualidad\/wp-content\/uploads\/2023\/06\/exposicion-temporal-7-1.webp","articleSection":["Ayto Pamplona"],"inLanguage":"es","potentialAction":[{"@type":"CommentAction","name":"Comment","target":["https:\/\/www.laguiadepamplona.com\/actualidad\/64-862-personas-han-pasado-por-la-exposicion-del-museo-de-historia-de-madrid-que-ha-tenido-expuesto-el-album-a-sarasate-sus-compatriotas-1882\/#respond"]}]},{"@type":"WebPage","@id":"https:\/\/www.laguiadepamplona.com\/actualidad\/64-862-personas-han-pasado-por-la-exposicion-del-museo-de-historia-de-madrid-que-ha-tenido-expuesto-el-album-a-sarasate-sus-compatriotas-1882\/","url":"https:\/\/www.laguiadepamplona.com\/actualidad\/64-862-personas-han-pasado-por-la-exposicion-del-museo-de-historia-de-madrid-que-ha-tenido-expuesto-el-album-a-sarasate-sus-compatriotas-1882\/","name":"64.862 personas han pasado por la exposici\u00f3n del Museo de Historia de Madrid que ha tenido expuesto el \u00e1lbum \u201cA Sarasate: Sus compatriotas, 1882\u201d","isPartOf":{"@id":"https:\/\/www.laguiadepamplona.com\/actualidad\/#website"},"primaryImageOfPage":{"@id":"https:\/\/www.laguiadepamplona.com\/actualidad\/64-862-personas-han-pasado-por-la-exposicion-del-museo-de-historia-de-madrid-que-ha-tenido-expuesto-el-album-a-sarasate-sus-compatriotas-1882\/#primaryimage"},"image":{"@id":"https:\/\/www.laguiadepamplona.com\/actualidad\/64-862-personas-han-pasado-por-la-exposicion-del-museo-de-historia-de-madrid-que-ha-tenido-expuesto-el-album-a-sarasate-sus-compatriotas-1882\/#primaryimage"},"thumbnailUrl":"https:\/\/www.laguiadepamplona.com\/actualidad\/wp-content\/uploads\/2023\/06\/exposicion-temporal-7-1.webp","datePublished":"2023-06-08T15:05:58+00:00","description":"La muestra se ha extendido durante siete meses y recog\u00eda obra del pintor Francisco Pradilla, dos de cuyas obras est\u00e1n en el \u00e1lbum pamplon\u00e9s","breadcrumb":{"@id":"https:\/\/www.laguiadepamplona.com\/actualidad\/64-862-personas-han-pasado-por-la-exposicion-del-museo-de-historia-de-madrid-que-ha-tenido-expuesto-el-album-a-sarasate-sus-compatriotas-1882\/#breadcrumb"},"inLanguage":"es","potentialAction":[{"@type":"ReadAction","target":["https:\/\/www.laguiadepamplona.com\/actualidad\/64-862-personas-han-pasado-por-la-exposicion-del-museo-de-historia-de-madrid-que-ha-tenido-expuesto-el-album-a-sarasate-sus-compatriotas-1882\/"]}]},{"@type":"ImageObject","inLanguage":"es","@id":"https:\/\/www.laguiadepamplona.com\/actualidad\/64-862-personas-han-pasado-por-la-exposicion-del-museo-de-historia-de-madrid-que-ha-tenido-expuesto-el-album-a-sarasate-sus-compatriotas-1882\/#primaryimage","url":"https:\/\/www.laguiadepamplona.com\/actualidad\/wp-content\/uploads\/2023\/06\/exposicion-temporal-7-1.webp","contentUrl":"https:\/\/www.laguiadepamplona.com\/actualidad\/wp-content\/uploads\/2023\/06\/exposicion-temporal-7-1.webp","width":1920,"height":1148},{"@type":"BreadcrumbList","@id":"https:\/\/www.laguiadepamplona.com\/actualidad\/64-862-personas-han-pasado-por-la-exposicion-del-museo-de-historia-de-madrid-que-ha-tenido-expuesto-el-album-a-sarasate-sus-compatriotas-1882\/#breadcrumb","itemListElement":[{"@type":"ListItem","position":1,"name":"Portada","item":"https:\/\/www.laguiadepamplona.com\/actualidad\/"},{"@type":"ListItem","position":2,"name":"64.862 personas han pasado por la exposici\u00f3n del Museo de Historia de Madrid que ha tenido expuesto el \u00e1lbum \u201cA Sarasate: Sus compatriotas, 1882\u201d"}]},{"@type":"WebSite","@id":"https:\/\/www.laguiadepamplona.com\/actualidad\/#website","url":"https:\/\/www.laguiadepamplona.com\/actualidad\/","name":"La gu\u00eda de Pamplona","description":"Noticias de Pamplona","publisher":{"@id":"https:\/\/www.laguiadepamplona.com\/actualidad\/#organization"},"potentialAction":[{"@type":"SearchAction","target":{"@type":"EntryPoint","urlTemplate":"https:\/\/www.laguiadepamplona.com\/actualidad\/?s={search_term_string}"},"query-input":{"@type":"PropertyValueSpecification","valueRequired":true,"valueName":"search_term_string"}}],"inLanguage":"es"},{"@type":"Organization","@id":"https:\/\/www.laguiadepamplona.com\/actualidad\/#organization","name":"La Gu\u00eda de Pamplona \/ Noticias","url":"https:\/\/www.laguiadepamplona.com\/actualidad\/","logo":{"@type":"ImageObject","inLanguage":"es","@id":"https:\/\/www.laguiadepamplona.com\/actualidad\/#\/schema\/logo\/image\/","url":"https:\/\/www.laguiadepamplona.com\/actualidad\/wp-content\/uploads\/2018\/11\/logo-laguiadepamplona18-web1.png","contentUrl":"https:\/\/www.laguiadepamplona.com\/actualidad\/wp-content\/uploads\/2018\/11\/logo-laguiadepamplona18-web1.png","width":600,"height":196,"caption":"La Gu\u00eda de Pamplona \/ Noticias"},"image":{"@id":"https:\/\/www.laguiadepamplona.com\/actualidad\/#\/schema\/logo\/image\/"},"sameAs":["https:\/\/www.facebook.com\/laguiadepamplonacom-133175176762273\/?ref=hl","https:\/\/x.com\/LaGuiadPamplona","https:\/\/www.instagram.com\/la_guia_de_pamplona\/","https:\/\/www.youtube.com\/user\/laguiadepamplona"]},{"@type":"Person","@id":"https:\/\/www.laguiadepamplona.com\/actualidad\/#\/schema\/person\/efe887376f0213d4657c93adc50b1fdb","name":"La Gu\u00eda de Pamplona","image":{"@type":"ImageObject","inLanguage":"es","@id":"https:\/\/secure.gravatar.com\/avatar\/b6992f131dc8d30ab0dff15446e9d346d9dbd95992de0fef795073f5ea83a81c?s=96&d=mm&r=g","url":"https:\/\/secure.gravatar.com\/avatar\/b6992f131dc8d30ab0dff15446e9d346d9dbd95992de0fef795073f5ea83a81c?s=96&d=mm&r=g","contentUrl":"https:\/\/secure.gravatar.com\/avatar\/b6992f131dc8d30ab0dff15446e9d346d9dbd95992de0fef795073f5ea83a81c?s=96&d=mm&r=g","caption":"La Gu\u00eda de Pamplona"}}]}},"post_mailing_queue_ids":[],"_links":{"self":[{"href":"https:\/\/www.laguiadepamplona.com\/actualidad\/wp-json\/wp\/v2\/posts\/46993","targetHints":{"allow":["GET"]}}],"collection":[{"href":"https:\/\/www.laguiadepamplona.com\/actualidad\/wp-json\/wp\/v2\/posts"}],"about":[{"href":"https:\/\/www.laguiadepamplona.com\/actualidad\/wp-json\/wp\/v2\/types\/post"}],"author":[{"embeddable":true,"href":"https:\/\/www.laguiadepamplona.com\/actualidad\/wp-json\/wp\/v2\/users\/1"}],"replies":[{"embeddable":true,"href":"https:\/\/www.laguiadepamplona.com\/actualidad\/wp-json\/wp\/v2\/comments?post=46993"}],"version-history":[{"count":1,"href":"https:\/\/www.laguiadepamplona.com\/actualidad\/wp-json\/wp\/v2\/posts\/46993\/revisions"}],"predecessor-version":[{"id":46995,"href":"https:\/\/www.laguiadepamplona.com\/actualidad\/wp-json\/wp\/v2\/posts\/46993\/revisions\/46995"}],"wp:featuredmedia":[{"embeddable":true,"href":"https:\/\/www.laguiadepamplona.com\/actualidad\/wp-json\/wp\/v2\/media\/46994"}],"wp:attachment":[{"href":"https:\/\/www.laguiadepamplona.com\/actualidad\/wp-json\/wp\/v2\/media?parent=46993"}],"wp:term":[{"taxonomy":"category","embeddable":true,"href":"https:\/\/www.laguiadepamplona.com\/actualidad\/wp-json\/wp\/v2\/categories?post=46993"},{"taxonomy":"post_tag","embeddable":true,"href":"https:\/\/www.laguiadepamplona.com\/actualidad\/wp-json\/wp\/v2\/tags?post=46993"}],"curies":[{"name":"wp","href":"https:\/\/api.w.org\/{rel}","templated":true}]}}