{"id":46990,"date":"2023-06-08T17:03:12","date_gmt":"2023-06-08T15:03:12","guid":{"rendered":"https:\/\/www.laguiadepamplona.com\/actualidad\/?p=46990"},"modified":"2023-06-08T17:03:12","modified_gmt":"2023-06-08T15:03:12","slug":"la-antigua-estacion-de-autobuses-acoge-este-viernes-el-encuentro-de-agrupaciones-de-cuerda-de-navarra-que-reunira-en-pamplona-a-mas-de-150-musicos","status":"publish","type":"post","link":"https:\/\/www.laguiadepamplona.com\/actualidad\/la-antigua-estacion-de-autobuses-acoge-este-viernes-el-encuentro-de-agrupaciones-de-cuerda-de-navarra-que-reunira-en-pamplona-a-mas-de-150-musicos\/","title":{"rendered":"La antigua estaci\u00f3n de autobuses acoge este viernes el Encuentro de Agrupaciones de Cuerda de Navarra, que reunir\u00e1 en Pamplona a m\u00e1s de 150 m\u00fasicos"},"content":{"rendered":"<h3>La semana que viene est\u00e1n previstos conciertos de diferentes formaciones de la escuela en Civivox San Jorge y en la Sala de Armas de la Ciudadela<\/h3>\n<p><!--more--><\/p>\n<p>La Escuela de M\u00fasica Joaqu\u00edn Maya va cerrando el curso en este mes de junio con diferentes conciertos abiertos al p\u00fablico. Ma\u00f1ana viernes tendr\u00e1 lugar en la antigua estaci\u00f3n de autobuses el I Encuentro de Cuerdas de Navarra, en el que se dar\u00e1n cita m\u00e1s de 150 alumnos y alumnas de instrumentos de cuerda de varias escuelas de m\u00fasica. El encuentro comenzar\u00e1 a las 18.30 horas, con entrada libre.<br \/>\n<script async src=\"\/\/pagead2.googlesyndication.com\/pagead\/js\/adsbygoogle.js\"><\/script><br \/>\n<!-- Noticias La Guia de Pamplona --><br \/>\n<ins class=\"adsbygoogle\"\nstyle=\"display:block\"\ndata-ad-client=\"ca-pub-6943679897239327\"\ndata-ad-slot=\"7048180777\"\ndata-ad-format=\"auto\"><\/ins><br \/>\n<script>\n(adsbygoogle = window.adsbygoogle || []).push({});\n<\/script><\/p>\n<p>La Escuela de M\u00fasica Joaqu\u00edn Maya, junto a una quincena de escuelas de m\u00fasica de Navarra, ha organizado el I Encuentro de Cuerdas de Navarra para promocionar y difundir los instrumentos de cuerda y el trabajo que hace este alumnado en sus agrupaciones. El encuentro consiste en un concierto conjunto, en el que alumnado de instrumentos de cuerda como el viol\u00edn, la viola, los violoncellos o los contrabajos, interpreta un repertorio de car\u00e1cter popular y abierto al p\u00fablico. Se dar\u00e1n cita aproximadamente 150 personas en un concierto de unos 50 minutos, sin pausa, en el and\u00e9n 1 de la antigua estaci\u00f3n de autobuses. Se colocar\u00e1n unas 300 sillas para que el p\u00fablico pueda seguir el concierto sentado.<\/p>\n<p>Participar\u00e1 en el concierto, la Escuela de M\u00fasica Fernando Remacha de Tudela, que acogi\u00f3 este mismo encuentro hace unos d\u00edas, la Escuela de M\u00fasica Joaqu\u00edn Maya, la Escuela de M\u00fasica Hilari\u00f3n Eslava de Burlada, la Escuela de M\u00fasica del Valle de Eg\u00fc\u00e9s, la Escuela de M\u00fasica Jes\u00fas Garc\u00eda Leoz de Olite, la Escuela de M\u00fasica de Huarte, la Escuela de M\u00fasica Juan Franc\u00e9s de Iribarren de Sang\u00fcesa,\u00a0 la Escuela de M\u00fasica Luis Morondo de Bara\u00f1\u00e1in, la Escuela de M\u00fasica de Orkoien, la Escuela de M\u00fasica del Valle de Salazar, la Escuela de M\u00fasica de Zizur Mayor, la Escuela de M\u00fasica Francisco Casanova de Berriozar, el CPEIP V\u00e1zquez de Mella\/Bayonne, la FESB Sagrado Coraz\u00f3n Pamplona y el Colegio Irabia &#8211; Izaga, adem\u00e1s de la Escuela de M\u00fasica Joaqu\u00edn Maya.<br \/>\n<script async src=\"\/\/pagead2.googlesyndication.com\/pagead\/js\/adsbygoogle.js\"><\/script><br \/>\n<!-- Noticias La Guia de Pamplona --><br \/>\n<ins class=\"adsbygoogle\"\nstyle=\"display:block\"\ndata-ad-client=\"ca-pub-6943679897239327\"\ndata-ad-slot=\"7048180777\"\ndata-ad-format=\"auto\"><\/ins><br \/>\n<script>\n(adsbygoogle = window.adsbygoogle || []).push({});\n<\/script><\/p>\n<p><strong>\u00daltimos conciertos del curso<\/strong><\/p>\n<p>Ya la semana que viene, el lunes 12 de junio, los conciertos se trasladar\u00e1n a Civivox San Jorge en una doble sesi\u00f3n, a las 17 y a las 19 horas. Primero, actuar\u00e1n la Orquesta Melit\u00f3n, Maya Camerata, La Banda del Patio el grupo de trombones de la escuela y la fanfarre Gazte Soinua, con tres temas variados cada una, combinando cl\u00e1sicos, m\u00fasica actual y m\u00fasica popular. A las 19 horas, m\u00e1s m\u00fasica con el grupo de tubas, fanfarre 1, Sax Ensemble y la banda Calle Mayor, con un programa con bastante m\u00fasica popular y sanferminera.<\/p>\n<p>El mi\u00e9rcoles 14 la m\u00fasica se trasladar\u00e1 a la Sala de Armas de la Ciudadela. A las 17 horas, actuar\u00e1n los grupos 88 Teclas y En blanco y negro, y la orquesta de acordeones de la escuela, que interpretar\u00e1n, entre otros, cl\u00e1sicos de The Beatles, Abba, Queen, Coldplay o la pel\u00edcula \u2018Amelie\u2019. A las 18.30 horas, continuar\u00e1 la m\u00fasica con diferentes temas interpretados por el grupo de guitarras y por la Rondalla Armon\u00eda.<\/p>\n<p>Adem\u00e1s, el jueves 15 de junio se celebrar\u00e1n los conciertos del alumnado premiado y graduado de la escuela y el 16 de junio tendr\u00e1n lugar los tradicionales \u2018Conciertos en familia\u2019. Ambas citas se celebrar\u00e1n en el sal\u00f3n de actos de la Escuela de M\u00fasica, con entrada libre hasta completar aforo.<br \/>\n<script async src=\"\/\/pagead2.googlesyndication.com\/pagead\/js\/adsbygoogle.js\"><\/script><br \/>\n<!-- Noticias La Guia de Pamplona --><br \/>\n<ins class=\"adsbygoogle\"\nstyle=\"display:block\"\ndata-ad-client=\"ca-pub-6943679897239327\"\ndata-ad-slot=\"7048180777\"\ndata-ad-format=\"auto\"><\/ins><br \/>\n<script>\n(adsbygoogle = window.adsbygoogle || []).push({});\n<\/script><\/p>\n<p>&nbsp;<\/p>\n<h3>Conciertos de verano de la Escuela de M\u00fasica Joaqu\u00edn Maya<\/h3>\n<ul>\n<li><strong>Viernes 9 de junio, 18.30 horas. Antigua estaci\u00f3n de autobuses<\/strong>\n<ul>\n<li>Encuentro de agrupaciones de cuerda de Navarra<\/li>\n<\/ul>\n<\/li>\n<li><strong>Lunes 12 de junio. Civivox San Jorge<\/strong>\n<ul>\n<li>17 horas: Orquesta Melit\u00f3n, Maya Camerata, La Banda del Patio, Grupo de Trombones, Gazte Soinua,<\/li>\n<li>19 horas: Grupo de Tubas, Fanfarre 1, Sax Ensemble, Banda Calle Mayor<\/li>\n<\/ul>\n<\/li>\n<li><strong>Mi\u00e9rcoles 14 de junio. Sala de Armas de la Ciudadela<\/strong>\n<ul>\n<li>17 horas: 88 Teclas, En blanco y negro, Orquesta de acordeones<\/li>\n<li>30 horas: Grupo de guitarras, Rondalla Armon\u00eda<\/li>\n<\/ul>\n<\/li>\n<\/ul>\n","protected":false},"excerpt":{"rendered":"<p>La semana que viene est\u00e1n previstos conciertos de diferentes formaciones de la escuela en Civivox San Jorge y en la Sala de Armas de la Ciudadela<\/p>\n","protected":false},"author":1,"featured_media":46991,"comment_status":"open","ping_status":"closed","sticky":false,"template":"","format":"standard","meta":{"footnotes":""},"categories":[2],"tags":[],"class_list":["post-46990","post","type-post","status-publish","format-standard","has-post-thumbnail","hentry","category-ayuntamiento-pamplona"],"yoast_head":"<!-- This site is optimized with the Yoast SEO plugin v27.3 - https:\/\/yoast.com\/product\/yoast-seo-wordpress\/ -->\n<title>La antigua estaci\u00f3n de autobuses acoge este viernes el Encuentro de Agrupaciones de Cuerda de Navarra, que reunir\u00e1 en Pamplona a m\u00e1s de 150 m\u00fasicos<\/title>\n<meta name=\"description\" content=\"La semana que viene est\u00e1n previstos conciertos de diferentes formaciones de la escuela en Civivox San Jorge y en la Sala de Armas de la Ciudadela\" \/>\n<meta name=\"robots\" content=\"index, follow, max-snippet:-1, max-image-preview:large, max-video-preview:-1\" \/>\n<link rel=\"canonical\" href=\"https:\/\/www.laguiadepamplona.com\/actualidad\/la-antigua-estacion-de-autobuses-acoge-este-viernes-el-encuentro-de-agrupaciones-de-cuerda-de-navarra-que-reunira-en-pamplona-a-mas-de-150-musicos\/\" \/>\n<meta property=\"og:locale\" content=\"es_ES\" \/>\n<meta property=\"og:type\" content=\"article\" \/>\n<meta property=\"og:title\" content=\"La antigua estaci\u00f3n de autobuses acoge este viernes el Encuentro de Agrupaciones de Cuerda de Navarra, que reunir\u00e1 en Pamplona a m\u00e1s de 150 m\u00fasicos\" \/>\n<meta property=\"og:description\" content=\"La semana que viene est\u00e1n previstos conciertos de diferentes formaciones de la escuela en Civivox San Jorge y en la Sala de Armas de la Ciudadela\" \/>\n<meta property=\"og:url\" content=\"https:\/\/www.laguiadepamplona.com\/actualidad\/la-antigua-estacion-de-autobuses-acoge-este-viernes-el-encuentro-de-agrupaciones-de-cuerda-de-navarra-que-reunira-en-pamplona-a-mas-de-150-musicos\/\" \/>\n<meta property=\"og:site_name\" content=\"La Gu\u00eda de Pamplona\" \/>\n<meta property=\"article:publisher\" content=\"https:\/\/www.facebook.com\/laguiadepamplonacom-133175176762273\/?ref=hl\" \/>\n<meta property=\"article:published_time\" content=\"2023-06-08T15:03:12+00:00\" \/>\n<meta property=\"og:image\" content=\"https:\/\/www.laguiadepamplona.com\/actualidad\/wp-content\/uploads\/2023\/06\/musicos-tocando-violin.webp\" \/>\n\t<meta property=\"og:image:width\" content=\"1920\" \/>\n\t<meta property=\"og:image:height\" content=\"1280\" \/>\n\t<meta property=\"og:image:type\" content=\"image\/webp\" \/>\n<meta name=\"author\" content=\"La Gu\u00eda de Pamplona\" \/>\n<meta name=\"twitter:card\" content=\"summary_large_image\" \/>\n<meta name=\"twitter:creator\" content=\"@LaGuiadPamplona\" \/>\n<meta name=\"twitter:site\" content=\"@LaGuiadPamplona\" \/>\n<meta name=\"twitter:label1\" content=\"Escrito por\" \/>\n\t<meta name=\"twitter:data1\" content=\"La Gu\u00eda de Pamplona\" \/>\n\t<meta name=\"twitter:label2\" content=\"Tiempo de lectura\" \/>\n\t<meta name=\"twitter:data2\" content=\"3 minutos\" \/>\n<script type=\"application\/ld+json\" class=\"yoast-schema-graph\">{\"@context\":\"https:\\\/\\\/schema.org\",\"@graph\":[{\"@type\":\"Article\",\"@id\":\"https:\\\/\\\/www.laguiadepamplona.com\\\/actualidad\\\/la-antigua-estacion-de-autobuses-acoge-este-viernes-el-encuentro-de-agrupaciones-de-cuerda-de-navarra-que-reunira-en-pamplona-a-mas-de-150-musicos\\\/#article\",\"isPartOf\":{\"@id\":\"https:\\\/\\\/www.laguiadepamplona.com\\\/actualidad\\\/la-antigua-estacion-de-autobuses-acoge-este-viernes-el-encuentro-de-agrupaciones-de-cuerda-de-navarra-que-reunira-en-pamplona-a-mas-de-150-musicos\\\/\"},\"author\":{\"name\":\"La Gu\u00eda de Pamplona\",\"@id\":\"https:\\\/\\\/www.laguiadepamplona.com\\\/actualidad\\\/#\\\/schema\\\/person\\\/efe887376f0213d4657c93adc50b1fdb\"},\"headline\":\"La antigua estaci\u00f3n de autobuses acoge este viernes el Encuentro de Agrupaciones de Cuerda de Navarra, que reunir\u00e1 en Pamplona a m\u00e1s de 150 m\u00fasicos\",\"datePublished\":\"2023-06-08T15:03:12+00:00\",\"mainEntityOfPage\":{\"@id\":\"https:\\\/\\\/www.laguiadepamplona.com\\\/actualidad\\\/la-antigua-estacion-de-autobuses-acoge-este-viernes-el-encuentro-de-agrupaciones-de-cuerda-de-navarra-que-reunira-en-pamplona-a-mas-de-150-musicos\\\/\"},\"wordCount\":729,\"commentCount\":0,\"publisher\":{\"@id\":\"https:\\\/\\\/www.laguiadepamplona.com\\\/actualidad\\\/#organization\"},\"image\":{\"@id\":\"https:\\\/\\\/www.laguiadepamplona.com\\\/actualidad\\\/la-antigua-estacion-de-autobuses-acoge-este-viernes-el-encuentro-de-agrupaciones-de-cuerda-de-navarra-que-reunira-en-pamplona-a-mas-de-150-musicos\\\/#primaryimage\"},\"thumbnailUrl\":\"https:\\\/\\\/www.laguiadepamplona.com\\\/actualidad\\\/wp-content\\\/uploads\\\/2023\\\/06\\\/musicos-tocando-violin.webp\",\"articleSection\":[\"Ayto Pamplona\"],\"inLanguage\":\"es\",\"potentialAction\":[{\"@type\":\"CommentAction\",\"name\":\"Comment\",\"target\":[\"https:\\\/\\\/www.laguiadepamplona.com\\\/actualidad\\\/la-antigua-estacion-de-autobuses-acoge-este-viernes-el-encuentro-de-agrupaciones-de-cuerda-de-navarra-que-reunira-en-pamplona-a-mas-de-150-musicos\\\/#respond\"]}]},{\"@type\":\"WebPage\",\"@id\":\"https:\\\/\\\/www.laguiadepamplona.com\\\/actualidad\\\/la-antigua-estacion-de-autobuses-acoge-este-viernes-el-encuentro-de-agrupaciones-de-cuerda-de-navarra-que-reunira-en-pamplona-a-mas-de-150-musicos\\\/\",\"url\":\"https:\\\/\\\/www.laguiadepamplona.com\\\/actualidad\\\/la-antigua-estacion-de-autobuses-acoge-este-viernes-el-encuentro-de-agrupaciones-de-cuerda-de-navarra-que-reunira-en-pamplona-a-mas-de-150-musicos\\\/\",\"name\":\"La antigua estaci\u00f3n de autobuses acoge este viernes el Encuentro de Agrupaciones de Cuerda de Navarra, que reunir\u00e1 en Pamplona a m\u00e1s de 150 m\u00fasicos\",\"isPartOf\":{\"@id\":\"https:\\\/\\\/www.laguiadepamplona.com\\\/actualidad\\\/#website\"},\"primaryImageOfPage\":{\"@id\":\"https:\\\/\\\/www.laguiadepamplona.com\\\/actualidad\\\/la-antigua-estacion-de-autobuses-acoge-este-viernes-el-encuentro-de-agrupaciones-de-cuerda-de-navarra-que-reunira-en-pamplona-a-mas-de-150-musicos\\\/#primaryimage\"},\"image\":{\"@id\":\"https:\\\/\\\/www.laguiadepamplona.com\\\/actualidad\\\/la-antigua-estacion-de-autobuses-acoge-este-viernes-el-encuentro-de-agrupaciones-de-cuerda-de-navarra-que-reunira-en-pamplona-a-mas-de-150-musicos\\\/#primaryimage\"},\"thumbnailUrl\":\"https:\\\/\\\/www.laguiadepamplona.com\\\/actualidad\\\/wp-content\\\/uploads\\\/2023\\\/06\\\/musicos-tocando-violin.webp\",\"datePublished\":\"2023-06-08T15:03:12+00:00\",\"description\":\"La semana que viene est\u00e1n previstos conciertos de diferentes formaciones de la escuela en Civivox San Jorge y en la Sala de Armas de la Ciudadela\",\"breadcrumb\":{\"@id\":\"https:\\\/\\\/www.laguiadepamplona.com\\\/actualidad\\\/la-antigua-estacion-de-autobuses-acoge-este-viernes-el-encuentro-de-agrupaciones-de-cuerda-de-navarra-que-reunira-en-pamplona-a-mas-de-150-musicos\\\/#breadcrumb\"},\"inLanguage\":\"es\",\"potentialAction\":[{\"@type\":\"ReadAction\",\"target\":[\"https:\\\/\\\/www.laguiadepamplona.com\\\/actualidad\\\/la-antigua-estacion-de-autobuses-acoge-este-viernes-el-encuentro-de-agrupaciones-de-cuerda-de-navarra-que-reunira-en-pamplona-a-mas-de-150-musicos\\\/\"]}]},{\"@type\":\"ImageObject\",\"inLanguage\":\"es\",\"@id\":\"https:\\\/\\\/www.laguiadepamplona.com\\\/actualidad\\\/la-antigua-estacion-de-autobuses-acoge-este-viernes-el-encuentro-de-agrupaciones-de-cuerda-de-navarra-que-reunira-en-pamplona-a-mas-de-150-musicos\\\/#primaryimage\",\"url\":\"https:\\\/\\\/www.laguiadepamplona.com\\\/actualidad\\\/wp-content\\\/uploads\\\/2023\\\/06\\\/musicos-tocando-violin.webp\",\"contentUrl\":\"https:\\\/\\\/www.laguiadepamplona.com\\\/actualidad\\\/wp-content\\\/uploads\\\/2023\\\/06\\\/musicos-tocando-violin.webp\",\"width\":1920,\"height\":1280},{\"@type\":\"BreadcrumbList\",\"@id\":\"https:\\\/\\\/www.laguiadepamplona.com\\\/actualidad\\\/la-antigua-estacion-de-autobuses-acoge-este-viernes-el-encuentro-de-agrupaciones-de-cuerda-de-navarra-que-reunira-en-pamplona-a-mas-de-150-musicos\\\/#breadcrumb\",\"itemListElement\":[{\"@type\":\"ListItem\",\"position\":1,\"name\":\"Portada\",\"item\":\"https:\\\/\\\/www.laguiadepamplona.com\\\/actualidad\\\/\"},{\"@type\":\"ListItem\",\"position\":2,\"name\":\"La antigua estaci\u00f3n de autobuses acoge este viernes el Encuentro de Agrupaciones de Cuerda de Navarra, que reunir\u00e1 en Pamplona a m\u00e1s de 150 m\u00fasicos\"}]},{\"@type\":\"WebSite\",\"@id\":\"https:\\\/\\\/www.laguiadepamplona.com\\\/actualidad\\\/#website\",\"url\":\"https:\\\/\\\/www.laguiadepamplona.com\\\/actualidad\\\/\",\"name\":\"La gu\u00eda de Pamplona\",\"description\":\"Noticias de Pamplona\",\"publisher\":{\"@id\":\"https:\\\/\\\/www.laguiadepamplona.com\\\/actualidad\\\/#organization\"},\"potentialAction\":[{\"@type\":\"SearchAction\",\"target\":{\"@type\":\"EntryPoint\",\"urlTemplate\":\"https:\\\/\\\/www.laguiadepamplona.com\\\/actualidad\\\/?s={search_term_string}\"},\"query-input\":{\"@type\":\"PropertyValueSpecification\",\"valueRequired\":true,\"valueName\":\"search_term_string\"}}],\"inLanguage\":\"es\"},{\"@type\":\"Organization\",\"@id\":\"https:\\\/\\\/www.laguiadepamplona.com\\\/actualidad\\\/#organization\",\"name\":\"La Gu\u00eda de Pamplona \\\/ Noticias\",\"url\":\"https:\\\/\\\/www.laguiadepamplona.com\\\/actualidad\\\/\",\"logo\":{\"@type\":\"ImageObject\",\"inLanguage\":\"es\",\"@id\":\"https:\\\/\\\/www.laguiadepamplona.com\\\/actualidad\\\/#\\\/schema\\\/logo\\\/image\\\/\",\"url\":\"https:\\\/\\\/www.laguiadepamplona.com\\\/actualidad\\\/wp-content\\\/uploads\\\/2018\\\/11\\\/logo-laguiadepamplona18-web1.png\",\"contentUrl\":\"https:\\\/\\\/www.laguiadepamplona.com\\\/actualidad\\\/wp-content\\\/uploads\\\/2018\\\/11\\\/logo-laguiadepamplona18-web1.png\",\"width\":600,\"height\":196,\"caption\":\"La Gu\u00eda de Pamplona \\\/ Noticias\"},\"image\":{\"@id\":\"https:\\\/\\\/www.laguiadepamplona.com\\\/actualidad\\\/#\\\/schema\\\/logo\\\/image\\\/\"},\"sameAs\":[\"https:\\\/\\\/www.facebook.com\\\/laguiadepamplonacom-133175176762273\\\/?ref=hl\",\"https:\\\/\\\/x.com\\\/LaGuiadPamplona\",\"https:\\\/\\\/www.instagram.com\\\/la_guia_de_pamplona\\\/\",\"https:\\\/\\\/www.youtube.com\\\/user\\\/laguiadepamplona\"]},{\"@type\":\"Person\",\"@id\":\"https:\\\/\\\/www.laguiadepamplona.com\\\/actualidad\\\/#\\\/schema\\\/person\\\/efe887376f0213d4657c93adc50b1fdb\",\"name\":\"La Gu\u00eda de Pamplona\",\"image\":{\"@type\":\"ImageObject\",\"inLanguage\":\"es\",\"@id\":\"https:\\\/\\\/secure.gravatar.com\\\/avatar\\\/b6992f131dc8d30ab0dff15446e9d346d9dbd95992de0fef795073f5ea83a81c?s=96&d=mm&r=g\",\"url\":\"https:\\\/\\\/secure.gravatar.com\\\/avatar\\\/b6992f131dc8d30ab0dff15446e9d346d9dbd95992de0fef795073f5ea83a81c?s=96&d=mm&r=g\",\"contentUrl\":\"https:\\\/\\\/secure.gravatar.com\\\/avatar\\\/b6992f131dc8d30ab0dff15446e9d346d9dbd95992de0fef795073f5ea83a81c?s=96&d=mm&r=g\",\"caption\":\"La Gu\u00eda de Pamplona\"}}]}<\/script>\n<!-- \/ Yoast SEO plugin. -->","yoast_head_json":{"title":"La antigua estaci\u00f3n de autobuses acoge este viernes el Encuentro de Agrupaciones de Cuerda de Navarra, que reunir\u00e1 en Pamplona a m\u00e1s de 150 m\u00fasicos","description":"La semana que viene est\u00e1n previstos conciertos de diferentes formaciones de la escuela en Civivox San Jorge y en la Sala de Armas de la Ciudadela","robots":{"index":"index","follow":"follow","max-snippet":"max-snippet:-1","max-image-preview":"max-image-preview:large","max-video-preview":"max-video-preview:-1"},"canonical":"https:\/\/www.laguiadepamplona.com\/actualidad\/la-antigua-estacion-de-autobuses-acoge-este-viernes-el-encuentro-de-agrupaciones-de-cuerda-de-navarra-que-reunira-en-pamplona-a-mas-de-150-musicos\/","og_locale":"es_ES","og_type":"article","og_title":"La antigua estaci\u00f3n de autobuses acoge este viernes el Encuentro de Agrupaciones de Cuerda de Navarra, que reunir\u00e1 en Pamplona a m\u00e1s de 150 m\u00fasicos","og_description":"La semana que viene est\u00e1n previstos conciertos de diferentes formaciones de la escuela en Civivox San Jorge y en la Sala de Armas de la Ciudadela","og_url":"https:\/\/www.laguiadepamplona.com\/actualidad\/la-antigua-estacion-de-autobuses-acoge-este-viernes-el-encuentro-de-agrupaciones-de-cuerda-de-navarra-que-reunira-en-pamplona-a-mas-de-150-musicos\/","og_site_name":"La Gu\u00eda de Pamplona","article_publisher":"https:\/\/www.facebook.com\/laguiadepamplonacom-133175176762273\/?ref=hl","article_published_time":"2023-06-08T15:03:12+00:00","og_image":[{"width":1920,"height":1280,"url":"https:\/\/www.laguiadepamplona.com\/actualidad\/wp-content\/uploads\/2023\/06\/musicos-tocando-violin.webp","type":"image\/webp"}],"author":"La Gu\u00eda de Pamplona","twitter_card":"summary_large_image","twitter_creator":"@LaGuiadPamplona","twitter_site":"@LaGuiadPamplona","twitter_misc":{"Escrito por":"La Gu\u00eda de Pamplona","Tiempo de lectura":"3 minutos"},"schema":{"@context":"https:\/\/schema.org","@graph":[{"@type":"Article","@id":"https:\/\/www.laguiadepamplona.com\/actualidad\/la-antigua-estacion-de-autobuses-acoge-este-viernes-el-encuentro-de-agrupaciones-de-cuerda-de-navarra-que-reunira-en-pamplona-a-mas-de-150-musicos\/#article","isPartOf":{"@id":"https:\/\/www.laguiadepamplona.com\/actualidad\/la-antigua-estacion-de-autobuses-acoge-este-viernes-el-encuentro-de-agrupaciones-de-cuerda-de-navarra-que-reunira-en-pamplona-a-mas-de-150-musicos\/"},"author":{"name":"La Gu\u00eda de Pamplona","@id":"https:\/\/www.laguiadepamplona.com\/actualidad\/#\/schema\/person\/efe887376f0213d4657c93adc50b1fdb"},"headline":"La antigua estaci\u00f3n de autobuses acoge este viernes el Encuentro de Agrupaciones de Cuerda de Navarra, que reunir\u00e1 en Pamplona a m\u00e1s de 150 m\u00fasicos","datePublished":"2023-06-08T15:03:12+00:00","mainEntityOfPage":{"@id":"https:\/\/www.laguiadepamplona.com\/actualidad\/la-antigua-estacion-de-autobuses-acoge-este-viernes-el-encuentro-de-agrupaciones-de-cuerda-de-navarra-que-reunira-en-pamplona-a-mas-de-150-musicos\/"},"wordCount":729,"commentCount":0,"publisher":{"@id":"https:\/\/www.laguiadepamplona.com\/actualidad\/#organization"},"image":{"@id":"https:\/\/www.laguiadepamplona.com\/actualidad\/la-antigua-estacion-de-autobuses-acoge-este-viernes-el-encuentro-de-agrupaciones-de-cuerda-de-navarra-que-reunira-en-pamplona-a-mas-de-150-musicos\/#primaryimage"},"thumbnailUrl":"https:\/\/www.laguiadepamplona.com\/actualidad\/wp-content\/uploads\/2023\/06\/musicos-tocando-violin.webp","articleSection":["Ayto Pamplona"],"inLanguage":"es","potentialAction":[{"@type":"CommentAction","name":"Comment","target":["https:\/\/www.laguiadepamplona.com\/actualidad\/la-antigua-estacion-de-autobuses-acoge-este-viernes-el-encuentro-de-agrupaciones-de-cuerda-de-navarra-que-reunira-en-pamplona-a-mas-de-150-musicos\/#respond"]}]},{"@type":"WebPage","@id":"https:\/\/www.laguiadepamplona.com\/actualidad\/la-antigua-estacion-de-autobuses-acoge-este-viernes-el-encuentro-de-agrupaciones-de-cuerda-de-navarra-que-reunira-en-pamplona-a-mas-de-150-musicos\/","url":"https:\/\/www.laguiadepamplona.com\/actualidad\/la-antigua-estacion-de-autobuses-acoge-este-viernes-el-encuentro-de-agrupaciones-de-cuerda-de-navarra-que-reunira-en-pamplona-a-mas-de-150-musicos\/","name":"La antigua estaci\u00f3n de autobuses acoge este viernes el Encuentro de Agrupaciones de Cuerda de Navarra, que reunir\u00e1 en Pamplona a m\u00e1s de 150 m\u00fasicos","isPartOf":{"@id":"https:\/\/www.laguiadepamplona.com\/actualidad\/#website"},"primaryImageOfPage":{"@id":"https:\/\/www.laguiadepamplona.com\/actualidad\/la-antigua-estacion-de-autobuses-acoge-este-viernes-el-encuentro-de-agrupaciones-de-cuerda-de-navarra-que-reunira-en-pamplona-a-mas-de-150-musicos\/#primaryimage"},"image":{"@id":"https:\/\/www.laguiadepamplona.com\/actualidad\/la-antigua-estacion-de-autobuses-acoge-este-viernes-el-encuentro-de-agrupaciones-de-cuerda-de-navarra-que-reunira-en-pamplona-a-mas-de-150-musicos\/#primaryimage"},"thumbnailUrl":"https:\/\/www.laguiadepamplona.com\/actualidad\/wp-content\/uploads\/2023\/06\/musicos-tocando-violin.webp","datePublished":"2023-06-08T15:03:12+00:00","description":"La semana que viene est\u00e1n previstos conciertos de diferentes formaciones de la escuela en Civivox San Jorge y en la Sala de Armas de la Ciudadela","breadcrumb":{"@id":"https:\/\/www.laguiadepamplona.com\/actualidad\/la-antigua-estacion-de-autobuses-acoge-este-viernes-el-encuentro-de-agrupaciones-de-cuerda-de-navarra-que-reunira-en-pamplona-a-mas-de-150-musicos\/#breadcrumb"},"inLanguage":"es","potentialAction":[{"@type":"ReadAction","target":["https:\/\/www.laguiadepamplona.com\/actualidad\/la-antigua-estacion-de-autobuses-acoge-este-viernes-el-encuentro-de-agrupaciones-de-cuerda-de-navarra-que-reunira-en-pamplona-a-mas-de-150-musicos\/"]}]},{"@type":"ImageObject","inLanguage":"es","@id":"https:\/\/www.laguiadepamplona.com\/actualidad\/la-antigua-estacion-de-autobuses-acoge-este-viernes-el-encuentro-de-agrupaciones-de-cuerda-de-navarra-que-reunira-en-pamplona-a-mas-de-150-musicos\/#primaryimage","url":"https:\/\/www.laguiadepamplona.com\/actualidad\/wp-content\/uploads\/2023\/06\/musicos-tocando-violin.webp","contentUrl":"https:\/\/www.laguiadepamplona.com\/actualidad\/wp-content\/uploads\/2023\/06\/musicos-tocando-violin.webp","width":1920,"height":1280},{"@type":"BreadcrumbList","@id":"https:\/\/www.laguiadepamplona.com\/actualidad\/la-antigua-estacion-de-autobuses-acoge-este-viernes-el-encuentro-de-agrupaciones-de-cuerda-de-navarra-que-reunira-en-pamplona-a-mas-de-150-musicos\/#breadcrumb","itemListElement":[{"@type":"ListItem","position":1,"name":"Portada","item":"https:\/\/www.laguiadepamplona.com\/actualidad\/"},{"@type":"ListItem","position":2,"name":"La antigua estaci\u00f3n de autobuses acoge este viernes el Encuentro de Agrupaciones de Cuerda de Navarra, que reunir\u00e1 en Pamplona a m\u00e1s de 150 m\u00fasicos"}]},{"@type":"WebSite","@id":"https:\/\/www.laguiadepamplona.com\/actualidad\/#website","url":"https:\/\/www.laguiadepamplona.com\/actualidad\/","name":"La gu\u00eda de Pamplona","description":"Noticias de Pamplona","publisher":{"@id":"https:\/\/www.laguiadepamplona.com\/actualidad\/#organization"},"potentialAction":[{"@type":"SearchAction","target":{"@type":"EntryPoint","urlTemplate":"https:\/\/www.laguiadepamplona.com\/actualidad\/?s={search_term_string}"},"query-input":{"@type":"PropertyValueSpecification","valueRequired":true,"valueName":"search_term_string"}}],"inLanguage":"es"},{"@type":"Organization","@id":"https:\/\/www.laguiadepamplona.com\/actualidad\/#organization","name":"La Gu\u00eda de Pamplona \/ Noticias","url":"https:\/\/www.laguiadepamplona.com\/actualidad\/","logo":{"@type":"ImageObject","inLanguage":"es","@id":"https:\/\/www.laguiadepamplona.com\/actualidad\/#\/schema\/logo\/image\/","url":"https:\/\/www.laguiadepamplona.com\/actualidad\/wp-content\/uploads\/2018\/11\/logo-laguiadepamplona18-web1.png","contentUrl":"https:\/\/www.laguiadepamplona.com\/actualidad\/wp-content\/uploads\/2018\/11\/logo-laguiadepamplona18-web1.png","width":600,"height":196,"caption":"La Gu\u00eda de Pamplona \/ Noticias"},"image":{"@id":"https:\/\/www.laguiadepamplona.com\/actualidad\/#\/schema\/logo\/image\/"},"sameAs":["https:\/\/www.facebook.com\/laguiadepamplonacom-133175176762273\/?ref=hl","https:\/\/x.com\/LaGuiadPamplona","https:\/\/www.instagram.com\/la_guia_de_pamplona\/","https:\/\/www.youtube.com\/user\/laguiadepamplona"]},{"@type":"Person","@id":"https:\/\/www.laguiadepamplona.com\/actualidad\/#\/schema\/person\/efe887376f0213d4657c93adc50b1fdb","name":"La Gu\u00eda de Pamplona","image":{"@type":"ImageObject","inLanguage":"es","@id":"https:\/\/secure.gravatar.com\/avatar\/b6992f131dc8d30ab0dff15446e9d346d9dbd95992de0fef795073f5ea83a81c?s=96&d=mm&r=g","url":"https:\/\/secure.gravatar.com\/avatar\/b6992f131dc8d30ab0dff15446e9d346d9dbd95992de0fef795073f5ea83a81c?s=96&d=mm&r=g","contentUrl":"https:\/\/secure.gravatar.com\/avatar\/b6992f131dc8d30ab0dff15446e9d346d9dbd95992de0fef795073f5ea83a81c?s=96&d=mm&r=g","caption":"La Gu\u00eda de Pamplona"}}]}},"post_mailing_queue_ids":[],"_links":{"self":[{"href":"https:\/\/www.laguiadepamplona.com\/actualidad\/wp-json\/wp\/v2\/posts\/46990","targetHints":{"allow":["GET"]}}],"collection":[{"href":"https:\/\/www.laguiadepamplona.com\/actualidad\/wp-json\/wp\/v2\/posts"}],"about":[{"href":"https:\/\/www.laguiadepamplona.com\/actualidad\/wp-json\/wp\/v2\/types\/post"}],"author":[{"embeddable":true,"href":"https:\/\/www.laguiadepamplona.com\/actualidad\/wp-json\/wp\/v2\/users\/1"}],"replies":[{"embeddable":true,"href":"https:\/\/www.laguiadepamplona.com\/actualidad\/wp-json\/wp\/v2\/comments?post=46990"}],"version-history":[{"count":1,"href":"https:\/\/www.laguiadepamplona.com\/actualidad\/wp-json\/wp\/v2\/posts\/46990\/revisions"}],"predecessor-version":[{"id":46992,"href":"https:\/\/www.laguiadepamplona.com\/actualidad\/wp-json\/wp\/v2\/posts\/46990\/revisions\/46992"}],"wp:featuredmedia":[{"embeddable":true,"href":"https:\/\/www.laguiadepamplona.com\/actualidad\/wp-json\/wp\/v2\/media\/46991"}],"wp:attachment":[{"href":"https:\/\/www.laguiadepamplona.com\/actualidad\/wp-json\/wp\/v2\/media?parent=46990"}],"wp:term":[{"taxonomy":"category","embeddable":true,"href":"https:\/\/www.laguiadepamplona.com\/actualidad\/wp-json\/wp\/v2\/categories?post=46990"},{"taxonomy":"post_tag","embeddable":true,"href":"https:\/\/www.laguiadepamplona.com\/actualidad\/wp-json\/wp\/v2\/tags?post=46990"}],"curies":[{"name":"wp","href":"https:\/\/api.w.org\/{rel}","templated":true}]}}