{"id":46988,"date":"2023-06-08T13:27:46","date_gmt":"2023-06-08T11:27:46","guid":{"rendered":"https:\/\/www.laguiadepamplona.com\/actualidad\/?p=46988"},"modified":"2023-06-08T13:27:46","modified_gmt":"2023-06-08T11:27:46","slug":"policia-municipal-de-pamplona-ha-formado-este-curso-a-mas-de-7-700-estudiantes-en-seguridad-y-educacion-vial","status":"publish","type":"post","link":"https:\/\/www.laguiadepamplona.com\/actualidad\/policia-municipal-de-pamplona-ha-formado-este-curso-a-mas-de-7-700-estudiantes-en-seguridad-y-educacion-vial\/","title":{"rendered":"Polic\u00eda Municipal de Pamplona ha formado este curso a m\u00e1s de 7.700 estudiantes en seguridad y educaci\u00f3n vial"},"content":{"rendered":"<h3>El equipo de Educaci\u00f3n Vial ha impartido 317 charlas para alumnado desde Infantil hasta Bachiller<\/h3>\n<p><!--more--><\/p>\n<p>Aprender a convivir en la v\u00eda p\u00fablica con veh\u00edculos, peatones y ciclistas, respetar las normas de circulaci\u00f3n y entender las indicaciones de agentes son algunos de los objetivos que persigue el programa de Educaci\u00f3n Vial que Polic\u00eda Municipal de Pamplona desarrolla en los centros escolares de la ciudad. Este curso, que ahora llega a su fin, han sido un total de 7.701 estudiantes los que han participado en alguna de las 317 charlas impartidas, tanto en las propias escuelas como en el Parque Polo de Volkswagen, con el que tambi\u00e9n colaboran.<br \/>\n<script async src=\"\/\/pagead2.googlesyndication.com\/pagead\/js\/adsbygoogle.js\"><\/script><br \/>\n<!-- Noticias La Guia de Pamplona --><br \/>\n<ins class=\"adsbygoogle\"\nstyle=\"display:block\"\ndata-ad-client=\"ca-pub-6943679897239327\"\ndata-ad-slot=\"7048180777\"\ndata-ad-format=\"auto\"><\/ins><br \/>\n<script>\n(adsbygoogle = window.adsbygoogle || []).push({});\n<\/script><\/p>\n<p>Polic\u00eda Municipal, que puso en marcha el programa de Educaci\u00f3n Vial en 1990, cuenta con una unidad did\u00e1ctica espec\u00edfica sobre la materia, adaptada a las distintas edades y cursos escolares. En ella, se pretende ahondar en la responsabilidad de cada persona en el espacio p\u00fablico en funci\u00f3n del papel que juega en cada momento, si es peat\u00f3n, si circula en un veh\u00edculo o si va en bicicleta o patinete. Para ello, realizan charlas, simulaciones y ejercicios pr\u00e1cticos en los propios centros y en el Parque Polo. Ense\u00f1an a identificar las se\u00f1ales de tr\u00e1fico y las preferencias de paso, educan sobre c\u00f3mo circula en bicicleta y, tras una formaci\u00f3n m\u00e1s te\u00f3rica, ponen en pr\u00e1ctica lo aprendido a trav\u00e9s de paseos por el entorno escolar o por la ciudad para visualizar, de forma real, la importancia de una correcta educaci\u00f3n vial y crear buenos h\u00e1bitos en cuanto a seguridad.<\/p>\n<p>La mayor\u00eda de estas charlas se han dirigido a alumnado de Infantil y Primaria, si bien, tambi\u00e9n se han impartido talleres espec\u00edficos para estudiantes de mayor edad y para personas con discapacidad. En los centros, se han ofrecido 233 actividades, en las que han participado 5.436 estudiantes. La actividad m\u00e1s demanda en los recintos escolares es el circuito con se\u00f1ales, que se realiza en los patios, en la que han participado 1.236 escolares. En ella toman un primer contacto con los peligros como peat\u00f3n y como conductores de bicicletas o patinetes. Otras acciones realizadas pasan por paseos fuera del recinto escolar, charlas sobre c\u00f3mo debe actuar un peat\u00f3n y circuitos con sem\u00e1foros. Adem\u00e1s, 2.265 alumnos han recibido las nociones de circulaci\u00f3n en el Parque Polo, a trav\u00e9s de 84 actividades, en las que los escolares experimentan distintos roles, como el de peat\u00f3n, el de conductor de kars o de bicicletas y el de pasajero.<br \/>\n<script async src=\"\/\/pagead2.googlesyndication.com\/pagead\/js\/adsbygoogle.js\"><\/script><br \/>\n<!-- Noticias La Guia de Pamplona --><br \/>\n<ins class=\"adsbygoogle\"\nstyle=\"display:block\"\ndata-ad-client=\"ca-pub-6943679897239327\"\ndata-ad-slot=\"7048180777\"\ndata-ad-format=\"auto\"><\/ins><br \/>\n<script>\n(adsbygoogle = window.adsbygoogle || []).push({});\n<\/script><\/p>\n<p><strong>Formaci\u00f3n preventiva<\/strong><\/p>\n<p>Integrado dentro del Grupo de Educaci\u00f3n para la Convivencia de Polic\u00eda Municipal, el programa de Educaci\u00f3n Vial busca transmitir conocimientos y resolver dudas, aportar habilidades y responsabilidad a la ciudadan\u00eda desde edades tempranas y acercarse al alumnado para ofrecer una formaci\u00f3n preventiva y evitar as\u00ed posibles situaciones de riesgos en la v\u00eda p\u00fablica. Los centros escolares cada vez demandan en mayor medida estas actividades como complemento a la formaci\u00f3n ordinaria en las aulas. No en vano, la Educaci\u00f3n Vial consta como asignatura transversal en el curr\u00edculo educativo.<\/p>\n<p>Los cuatro agentes que integran el Grupo de Educaci\u00f3n para la Convivencia, dos hombres y dos mujeres, son los encargados de transmitir entre los estudiantes ese mensaje de cuidado, precauci\u00f3n, atenci\u00f3n y respeto a la circulaci\u00f3n y al resto de personas en la v\u00eda p\u00fablica. Lo hacen, en castellano y euskera, seg\u00fan la demanda, a trav\u00e9s de din\u00e1micas entretenidas que permitan captar la atenci\u00f3n y el inter\u00e9s de los alumnos y alumnas, con indicaciones claras, que puedan poner en pr\u00e1ctica en su d\u00eda a d\u00eda, y con las que puedan concienciar tambi\u00e9n a su propio entorno familiar.<\/p>\n","protected":false},"excerpt":{"rendered":"<p>El equipo de Educaci\u00f3n Vial ha impartido 317 charlas para alumnado desde Infantil hasta Bachiller<\/p>\n","protected":false},"author":1,"featured_media":46760,"comment_status":"open","ping_status":"closed","sticky":false,"template":"","format":"standard","meta":{"footnotes":""},"categories":[2],"tags":[],"class_list":["post-46988","post","type-post","status-publish","format-standard","has-post-thumbnail","hentry","category-ayuntamiento-pamplona"],"yoast_head":"<!-- This site is optimized with the Yoast SEO plugin v27.3 - https:\/\/yoast.com\/product\/yoast-seo-wordpress\/ -->\n<title>Polic\u00eda Municipal de Pamplona ha formado este curso a m\u00e1s de 7.700 estudiantes en seguridad y educaci\u00f3n vial<\/title>\n<meta name=\"description\" content=\"El equipo de Educaci\u00f3n Vial ha impartido 317 charlas para alumnado desde Infantil hasta Bachiller\" \/>\n<meta name=\"robots\" content=\"index, follow, max-snippet:-1, max-image-preview:large, max-video-preview:-1\" \/>\n<link rel=\"canonical\" href=\"https:\/\/www.laguiadepamplona.com\/actualidad\/policia-municipal-de-pamplona-ha-formado-este-curso-a-mas-de-7-700-estudiantes-en-seguridad-y-educacion-vial\/\" \/>\n<meta property=\"og:locale\" content=\"es_ES\" \/>\n<meta property=\"og:type\" content=\"article\" \/>\n<meta property=\"og:title\" content=\"Polic\u00eda Municipal de Pamplona ha formado este curso a m\u00e1s de 7.700 estudiantes en seguridad y educaci\u00f3n vial\" \/>\n<meta property=\"og:description\" content=\"El equipo de Educaci\u00f3n Vial ha impartido 317 charlas para alumnado desde Infantil hasta Bachiller\" \/>\n<meta property=\"og:url\" content=\"https:\/\/www.laguiadepamplona.com\/actualidad\/policia-municipal-de-pamplona-ha-formado-este-curso-a-mas-de-7-700-estudiantes-en-seguridad-y-educacion-vial\/\" \/>\n<meta property=\"og:site_name\" content=\"La Gu\u00eda de Pamplona\" \/>\n<meta property=\"article:publisher\" content=\"https:\/\/www.facebook.com\/laguiadepamplonacom-133175176762273\/?ref=hl\" \/>\n<meta property=\"article:published_time\" content=\"2023-06-08T11:27:46+00:00\" \/>\n<meta property=\"og:image\" content=\"https:\/\/www.laguiadepamplona.com\/actualidad\/wp-content\/uploads\/2023\/05\/poli3.webp\" \/>\n\t<meta property=\"og:image:width\" content=\"1722\" \/>\n\t<meta property=\"og:image:height\" content=\"989\" \/>\n\t<meta property=\"og:image:type\" content=\"image\/webp\" \/>\n<meta name=\"author\" content=\"La Gu\u00eda de Pamplona\" \/>\n<meta name=\"twitter:card\" content=\"summary_large_image\" \/>\n<meta name=\"twitter:creator\" content=\"@LaGuiadPamplona\" \/>\n<meta name=\"twitter:site\" content=\"@LaGuiadPamplona\" \/>\n<meta name=\"twitter:label1\" content=\"Escrito por\" \/>\n\t<meta name=\"twitter:data1\" content=\"La Gu\u00eda de Pamplona\" \/>\n\t<meta name=\"twitter:label2\" content=\"Tiempo de lectura\" \/>\n\t<meta name=\"twitter:data2\" content=\"3 minutos\" \/>\n<script type=\"application\/ld+json\" class=\"yoast-schema-graph\">{\"@context\":\"https:\\\/\\\/schema.org\",\"@graph\":[{\"@type\":\"Article\",\"@id\":\"https:\\\/\\\/www.laguiadepamplona.com\\\/actualidad\\\/policia-municipal-de-pamplona-ha-formado-este-curso-a-mas-de-7-700-estudiantes-en-seguridad-y-educacion-vial\\\/#article\",\"isPartOf\":{\"@id\":\"https:\\\/\\\/www.laguiadepamplona.com\\\/actualidad\\\/policia-municipal-de-pamplona-ha-formado-este-curso-a-mas-de-7-700-estudiantes-en-seguridad-y-educacion-vial\\\/\"},\"author\":{\"name\":\"La Gu\u00eda de Pamplona\",\"@id\":\"https:\\\/\\\/www.laguiadepamplona.com\\\/actualidad\\\/#\\\/schema\\\/person\\\/efe887376f0213d4657c93adc50b1fdb\"},\"headline\":\"Polic\u00eda Municipal de Pamplona ha formado este curso a m\u00e1s de 7.700 estudiantes en seguridad y educaci\u00f3n vial\",\"datePublished\":\"2023-06-08T11:27:46+00:00\",\"mainEntityOfPage\":{\"@id\":\"https:\\\/\\\/www.laguiadepamplona.com\\\/actualidad\\\/policia-municipal-de-pamplona-ha-formado-este-curso-a-mas-de-7-700-estudiantes-en-seguridad-y-educacion-vial\\\/\"},\"wordCount\":671,\"commentCount\":0,\"publisher\":{\"@id\":\"https:\\\/\\\/www.laguiadepamplona.com\\\/actualidad\\\/#organization\"},\"image\":{\"@id\":\"https:\\\/\\\/www.laguiadepamplona.com\\\/actualidad\\\/policia-municipal-de-pamplona-ha-formado-este-curso-a-mas-de-7-700-estudiantes-en-seguridad-y-educacion-vial\\\/#primaryimage\"},\"thumbnailUrl\":\"https:\\\/\\\/www.laguiadepamplona.com\\\/actualidad\\\/wp-content\\\/uploads\\\/2023\\\/05\\\/poli3.webp\",\"articleSection\":[\"Ayto Pamplona\"],\"inLanguage\":\"es\",\"potentialAction\":[{\"@type\":\"CommentAction\",\"name\":\"Comment\",\"target\":[\"https:\\\/\\\/www.laguiadepamplona.com\\\/actualidad\\\/policia-municipal-de-pamplona-ha-formado-este-curso-a-mas-de-7-700-estudiantes-en-seguridad-y-educacion-vial\\\/#respond\"]}]},{\"@type\":\"WebPage\",\"@id\":\"https:\\\/\\\/www.laguiadepamplona.com\\\/actualidad\\\/policia-municipal-de-pamplona-ha-formado-este-curso-a-mas-de-7-700-estudiantes-en-seguridad-y-educacion-vial\\\/\",\"url\":\"https:\\\/\\\/www.laguiadepamplona.com\\\/actualidad\\\/policia-municipal-de-pamplona-ha-formado-este-curso-a-mas-de-7-700-estudiantes-en-seguridad-y-educacion-vial\\\/\",\"name\":\"Polic\u00eda Municipal de Pamplona ha formado este curso a m\u00e1s de 7.700 estudiantes en seguridad y educaci\u00f3n vial\",\"isPartOf\":{\"@id\":\"https:\\\/\\\/www.laguiadepamplona.com\\\/actualidad\\\/#website\"},\"primaryImageOfPage\":{\"@id\":\"https:\\\/\\\/www.laguiadepamplona.com\\\/actualidad\\\/policia-municipal-de-pamplona-ha-formado-este-curso-a-mas-de-7-700-estudiantes-en-seguridad-y-educacion-vial\\\/#primaryimage\"},\"image\":{\"@id\":\"https:\\\/\\\/www.laguiadepamplona.com\\\/actualidad\\\/policia-municipal-de-pamplona-ha-formado-este-curso-a-mas-de-7-700-estudiantes-en-seguridad-y-educacion-vial\\\/#primaryimage\"},\"thumbnailUrl\":\"https:\\\/\\\/www.laguiadepamplona.com\\\/actualidad\\\/wp-content\\\/uploads\\\/2023\\\/05\\\/poli3.webp\",\"datePublished\":\"2023-06-08T11:27:46+00:00\",\"description\":\"El equipo de Educaci\u00f3n Vial ha impartido 317 charlas para alumnado desde Infantil hasta Bachiller\",\"breadcrumb\":{\"@id\":\"https:\\\/\\\/www.laguiadepamplona.com\\\/actualidad\\\/policia-municipal-de-pamplona-ha-formado-este-curso-a-mas-de-7-700-estudiantes-en-seguridad-y-educacion-vial\\\/#breadcrumb\"},\"inLanguage\":\"es\",\"potentialAction\":[{\"@type\":\"ReadAction\",\"target\":[\"https:\\\/\\\/www.laguiadepamplona.com\\\/actualidad\\\/policia-municipal-de-pamplona-ha-formado-este-curso-a-mas-de-7-700-estudiantes-en-seguridad-y-educacion-vial\\\/\"]}]},{\"@type\":\"ImageObject\",\"inLanguage\":\"es\",\"@id\":\"https:\\\/\\\/www.laguiadepamplona.com\\\/actualidad\\\/policia-municipal-de-pamplona-ha-formado-este-curso-a-mas-de-7-700-estudiantes-en-seguridad-y-educacion-vial\\\/#primaryimage\",\"url\":\"https:\\\/\\\/www.laguiadepamplona.com\\\/actualidad\\\/wp-content\\\/uploads\\\/2023\\\/05\\\/poli3.webp\",\"contentUrl\":\"https:\\\/\\\/www.laguiadepamplona.com\\\/actualidad\\\/wp-content\\\/uploads\\\/2023\\\/05\\\/poli3.webp\",\"width\":1722,\"height\":989},{\"@type\":\"BreadcrumbList\",\"@id\":\"https:\\\/\\\/www.laguiadepamplona.com\\\/actualidad\\\/policia-municipal-de-pamplona-ha-formado-este-curso-a-mas-de-7-700-estudiantes-en-seguridad-y-educacion-vial\\\/#breadcrumb\",\"itemListElement\":[{\"@type\":\"ListItem\",\"position\":1,\"name\":\"Portada\",\"item\":\"https:\\\/\\\/www.laguiadepamplona.com\\\/actualidad\\\/\"},{\"@type\":\"ListItem\",\"position\":2,\"name\":\"Polic\u00eda Municipal de Pamplona ha formado este curso a m\u00e1s de 7.700 estudiantes en seguridad y educaci\u00f3n vial\"}]},{\"@type\":\"WebSite\",\"@id\":\"https:\\\/\\\/www.laguiadepamplona.com\\\/actualidad\\\/#website\",\"url\":\"https:\\\/\\\/www.laguiadepamplona.com\\\/actualidad\\\/\",\"name\":\"La gu\u00eda de Pamplona\",\"description\":\"Noticias de Pamplona\",\"publisher\":{\"@id\":\"https:\\\/\\\/www.laguiadepamplona.com\\\/actualidad\\\/#organization\"},\"potentialAction\":[{\"@type\":\"SearchAction\",\"target\":{\"@type\":\"EntryPoint\",\"urlTemplate\":\"https:\\\/\\\/www.laguiadepamplona.com\\\/actualidad\\\/?s={search_term_string}\"},\"query-input\":{\"@type\":\"PropertyValueSpecification\",\"valueRequired\":true,\"valueName\":\"search_term_string\"}}],\"inLanguage\":\"es\"},{\"@type\":\"Organization\",\"@id\":\"https:\\\/\\\/www.laguiadepamplona.com\\\/actualidad\\\/#organization\",\"name\":\"La Gu\u00eda de Pamplona \\\/ Noticias\",\"url\":\"https:\\\/\\\/www.laguiadepamplona.com\\\/actualidad\\\/\",\"logo\":{\"@type\":\"ImageObject\",\"inLanguage\":\"es\",\"@id\":\"https:\\\/\\\/www.laguiadepamplona.com\\\/actualidad\\\/#\\\/schema\\\/logo\\\/image\\\/\",\"url\":\"https:\\\/\\\/www.laguiadepamplona.com\\\/actualidad\\\/wp-content\\\/uploads\\\/2018\\\/11\\\/logo-laguiadepamplona18-web1.png\",\"contentUrl\":\"https:\\\/\\\/www.laguiadepamplona.com\\\/actualidad\\\/wp-content\\\/uploads\\\/2018\\\/11\\\/logo-laguiadepamplona18-web1.png\",\"width\":600,\"height\":196,\"caption\":\"La Gu\u00eda de Pamplona \\\/ Noticias\"},\"image\":{\"@id\":\"https:\\\/\\\/www.laguiadepamplona.com\\\/actualidad\\\/#\\\/schema\\\/logo\\\/image\\\/\"},\"sameAs\":[\"https:\\\/\\\/www.facebook.com\\\/laguiadepamplonacom-133175176762273\\\/?ref=hl\",\"https:\\\/\\\/x.com\\\/LaGuiadPamplona\",\"https:\\\/\\\/www.instagram.com\\\/la_guia_de_pamplona\\\/\",\"https:\\\/\\\/www.youtube.com\\\/user\\\/laguiadepamplona\"]},{\"@type\":\"Person\",\"@id\":\"https:\\\/\\\/www.laguiadepamplona.com\\\/actualidad\\\/#\\\/schema\\\/person\\\/efe887376f0213d4657c93adc50b1fdb\",\"name\":\"La Gu\u00eda de Pamplona\",\"image\":{\"@type\":\"ImageObject\",\"inLanguage\":\"es\",\"@id\":\"https:\\\/\\\/secure.gravatar.com\\\/avatar\\\/b6992f131dc8d30ab0dff15446e9d346d9dbd95992de0fef795073f5ea83a81c?s=96&d=mm&r=g\",\"url\":\"https:\\\/\\\/secure.gravatar.com\\\/avatar\\\/b6992f131dc8d30ab0dff15446e9d346d9dbd95992de0fef795073f5ea83a81c?s=96&d=mm&r=g\",\"contentUrl\":\"https:\\\/\\\/secure.gravatar.com\\\/avatar\\\/b6992f131dc8d30ab0dff15446e9d346d9dbd95992de0fef795073f5ea83a81c?s=96&d=mm&r=g\",\"caption\":\"La Gu\u00eda de Pamplona\"}}]}<\/script>\n<!-- \/ Yoast SEO plugin. -->","yoast_head_json":{"title":"Polic\u00eda Municipal de Pamplona ha formado este curso a m\u00e1s de 7.700 estudiantes en seguridad y educaci\u00f3n vial","description":"El equipo de Educaci\u00f3n Vial ha impartido 317 charlas para alumnado desde Infantil hasta Bachiller","robots":{"index":"index","follow":"follow","max-snippet":"max-snippet:-1","max-image-preview":"max-image-preview:large","max-video-preview":"max-video-preview:-1"},"canonical":"https:\/\/www.laguiadepamplona.com\/actualidad\/policia-municipal-de-pamplona-ha-formado-este-curso-a-mas-de-7-700-estudiantes-en-seguridad-y-educacion-vial\/","og_locale":"es_ES","og_type":"article","og_title":"Polic\u00eda Municipal de Pamplona ha formado este curso a m\u00e1s de 7.700 estudiantes en seguridad y educaci\u00f3n vial","og_description":"El equipo de Educaci\u00f3n Vial ha impartido 317 charlas para alumnado desde Infantil hasta Bachiller","og_url":"https:\/\/www.laguiadepamplona.com\/actualidad\/policia-municipal-de-pamplona-ha-formado-este-curso-a-mas-de-7-700-estudiantes-en-seguridad-y-educacion-vial\/","og_site_name":"La Gu\u00eda de Pamplona","article_publisher":"https:\/\/www.facebook.com\/laguiadepamplonacom-133175176762273\/?ref=hl","article_published_time":"2023-06-08T11:27:46+00:00","og_image":[{"width":1722,"height":989,"url":"https:\/\/www.laguiadepamplona.com\/actualidad\/wp-content\/uploads\/2023\/05\/poli3.webp","type":"image\/webp"}],"author":"La Gu\u00eda de Pamplona","twitter_card":"summary_large_image","twitter_creator":"@LaGuiadPamplona","twitter_site":"@LaGuiadPamplona","twitter_misc":{"Escrito por":"La Gu\u00eda de Pamplona","Tiempo de lectura":"3 minutos"},"schema":{"@context":"https:\/\/schema.org","@graph":[{"@type":"Article","@id":"https:\/\/www.laguiadepamplona.com\/actualidad\/policia-municipal-de-pamplona-ha-formado-este-curso-a-mas-de-7-700-estudiantes-en-seguridad-y-educacion-vial\/#article","isPartOf":{"@id":"https:\/\/www.laguiadepamplona.com\/actualidad\/policia-municipal-de-pamplona-ha-formado-este-curso-a-mas-de-7-700-estudiantes-en-seguridad-y-educacion-vial\/"},"author":{"name":"La Gu\u00eda de Pamplona","@id":"https:\/\/www.laguiadepamplona.com\/actualidad\/#\/schema\/person\/efe887376f0213d4657c93adc50b1fdb"},"headline":"Polic\u00eda Municipal de Pamplona ha formado este curso a m\u00e1s de 7.700 estudiantes en seguridad y educaci\u00f3n vial","datePublished":"2023-06-08T11:27:46+00:00","mainEntityOfPage":{"@id":"https:\/\/www.laguiadepamplona.com\/actualidad\/policia-municipal-de-pamplona-ha-formado-este-curso-a-mas-de-7-700-estudiantes-en-seguridad-y-educacion-vial\/"},"wordCount":671,"commentCount":0,"publisher":{"@id":"https:\/\/www.laguiadepamplona.com\/actualidad\/#organization"},"image":{"@id":"https:\/\/www.laguiadepamplona.com\/actualidad\/policia-municipal-de-pamplona-ha-formado-este-curso-a-mas-de-7-700-estudiantes-en-seguridad-y-educacion-vial\/#primaryimage"},"thumbnailUrl":"https:\/\/www.laguiadepamplona.com\/actualidad\/wp-content\/uploads\/2023\/05\/poli3.webp","articleSection":["Ayto Pamplona"],"inLanguage":"es","potentialAction":[{"@type":"CommentAction","name":"Comment","target":["https:\/\/www.laguiadepamplona.com\/actualidad\/policia-municipal-de-pamplona-ha-formado-este-curso-a-mas-de-7-700-estudiantes-en-seguridad-y-educacion-vial\/#respond"]}]},{"@type":"WebPage","@id":"https:\/\/www.laguiadepamplona.com\/actualidad\/policia-municipal-de-pamplona-ha-formado-este-curso-a-mas-de-7-700-estudiantes-en-seguridad-y-educacion-vial\/","url":"https:\/\/www.laguiadepamplona.com\/actualidad\/policia-municipal-de-pamplona-ha-formado-este-curso-a-mas-de-7-700-estudiantes-en-seguridad-y-educacion-vial\/","name":"Polic\u00eda Municipal de Pamplona ha formado este curso a m\u00e1s de 7.700 estudiantes en seguridad y educaci\u00f3n vial","isPartOf":{"@id":"https:\/\/www.laguiadepamplona.com\/actualidad\/#website"},"primaryImageOfPage":{"@id":"https:\/\/www.laguiadepamplona.com\/actualidad\/policia-municipal-de-pamplona-ha-formado-este-curso-a-mas-de-7-700-estudiantes-en-seguridad-y-educacion-vial\/#primaryimage"},"image":{"@id":"https:\/\/www.laguiadepamplona.com\/actualidad\/policia-municipal-de-pamplona-ha-formado-este-curso-a-mas-de-7-700-estudiantes-en-seguridad-y-educacion-vial\/#primaryimage"},"thumbnailUrl":"https:\/\/www.laguiadepamplona.com\/actualidad\/wp-content\/uploads\/2023\/05\/poli3.webp","datePublished":"2023-06-08T11:27:46+00:00","description":"El equipo de Educaci\u00f3n Vial ha impartido 317 charlas para alumnado desde Infantil hasta Bachiller","breadcrumb":{"@id":"https:\/\/www.laguiadepamplona.com\/actualidad\/policia-municipal-de-pamplona-ha-formado-este-curso-a-mas-de-7-700-estudiantes-en-seguridad-y-educacion-vial\/#breadcrumb"},"inLanguage":"es","potentialAction":[{"@type":"ReadAction","target":["https:\/\/www.laguiadepamplona.com\/actualidad\/policia-municipal-de-pamplona-ha-formado-este-curso-a-mas-de-7-700-estudiantes-en-seguridad-y-educacion-vial\/"]}]},{"@type":"ImageObject","inLanguage":"es","@id":"https:\/\/www.laguiadepamplona.com\/actualidad\/policia-municipal-de-pamplona-ha-formado-este-curso-a-mas-de-7-700-estudiantes-en-seguridad-y-educacion-vial\/#primaryimage","url":"https:\/\/www.laguiadepamplona.com\/actualidad\/wp-content\/uploads\/2023\/05\/poli3.webp","contentUrl":"https:\/\/www.laguiadepamplona.com\/actualidad\/wp-content\/uploads\/2023\/05\/poli3.webp","width":1722,"height":989},{"@type":"BreadcrumbList","@id":"https:\/\/www.laguiadepamplona.com\/actualidad\/policia-municipal-de-pamplona-ha-formado-este-curso-a-mas-de-7-700-estudiantes-en-seguridad-y-educacion-vial\/#breadcrumb","itemListElement":[{"@type":"ListItem","position":1,"name":"Portada","item":"https:\/\/www.laguiadepamplona.com\/actualidad\/"},{"@type":"ListItem","position":2,"name":"Polic\u00eda Municipal de Pamplona ha formado este curso a m\u00e1s de 7.700 estudiantes en seguridad y educaci\u00f3n vial"}]},{"@type":"WebSite","@id":"https:\/\/www.laguiadepamplona.com\/actualidad\/#website","url":"https:\/\/www.laguiadepamplona.com\/actualidad\/","name":"La gu\u00eda de Pamplona","description":"Noticias de Pamplona","publisher":{"@id":"https:\/\/www.laguiadepamplona.com\/actualidad\/#organization"},"potentialAction":[{"@type":"SearchAction","target":{"@type":"EntryPoint","urlTemplate":"https:\/\/www.laguiadepamplona.com\/actualidad\/?s={search_term_string}"},"query-input":{"@type":"PropertyValueSpecification","valueRequired":true,"valueName":"search_term_string"}}],"inLanguage":"es"},{"@type":"Organization","@id":"https:\/\/www.laguiadepamplona.com\/actualidad\/#organization","name":"La Gu\u00eda de Pamplona \/ Noticias","url":"https:\/\/www.laguiadepamplona.com\/actualidad\/","logo":{"@type":"ImageObject","inLanguage":"es","@id":"https:\/\/www.laguiadepamplona.com\/actualidad\/#\/schema\/logo\/image\/","url":"https:\/\/www.laguiadepamplona.com\/actualidad\/wp-content\/uploads\/2018\/11\/logo-laguiadepamplona18-web1.png","contentUrl":"https:\/\/www.laguiadepamplona.com\/actualidad\/wp-content\/uploads\/2018\/11\/logo-laguiadepamplona18-web1.png","width":600,"height":196,"caption":"La Gu\u00eda de Pamplona \/ Noticias"},"image":{"@id":"https:\/\/www.laguiadepamplona.com\/actualidad\/#\/schema\/logo\/image\/"},"sameAs":["https:\/\/www.facebook.com\/laguiadepamplonacom-133175176762273\/?ref=hl","https:\/\/x.com\/LaGuiadPamplona","https:\/\/www.instagram.com\/la_guia_de_pamplona\/","https:\/\/www.youtube.com\/user\/laguiadepamplona"]},{"@type":"Person","@id":"https:\/\/www.laguiadepamplona.com\/actualidad\/#\/schema\/person\/efe887376f0213d4657c93adc50b1fdb","name":"La Gu\u00eda de Pamplona","image":{"@type":"ImageObject","inLanguage":"es","@id":"https:\/\/secure.gravatar.com\/avatar\/b6992f131dc8d30ab0dff15446e9d346d9dbd95992de0fef795073f5ea83a81c?s=96&d=mm&r=g","url":"https:\/\/secure.gravatar.com\/avatar\/b6992f131dc8d30ab0dff15446e9d346d9dbd95992de0fef795073f5ea83a81c?s=96&d=mm&r=g","contentUrl":"https:\/\/secure.gravatar.com\/avatar\/b6992f131dc8d30ab0dff15446e9d346d9dbd95992de0fef795073f5ea83a81c?s=96&d=mm&r=g","caption":"La Gu\u00eda de Pamplona"}}]}},"post_mailing_queue_ids":[],"_links":{"self":[{"href":"https:\/\/www.laguiadepamplona.com\/actualidad\/wp-json\/wp\/v2\/posts\/46988","targetHints":{"allow":["GET"]}}],"collection":[{"href":"https:\/\/www.laguiadepamplona.com\/actualidad\/wp-json\/wp\/v2\/posts"}],"about":[{"href":"https:\/\/www.laguiadepamplona.com\/actualidad\/wp-json\/wp\/v2\/types\/post"}],"author":[{"embeddable":true,"href":"https:\/\/www.laguiadepamplona.com\/actualidad\/wp-json\/wp\/v2\/users\/1"}],"replies":[{"embeddable":true,"href":"https:\/\/www.laguiadepamplona.com\/actualidad\/wp-json\/wp\/v2\/comments?post=46988"}],"version-history":[{"count":1,"href":"https:\/\/www.laguiadepamplona.com\/actualidad\/wp-json\/wp\/v2\/posts\/46988\/revisions"}],"predecessor-version":[{"id":46989,"href":"https:\/\/www.laguiadepamplona.com\/actualidad\/wp-json\/wp\/v2\/posts\/46988\/revisions\/46989"}],"wp:featuredmedia":[{"embeddable":true,"href":"https:\/\/www.laguiadepamplona.com\/actualidad\/wp-json\/wp\/v2\/media\/46760"}],"wp:attachment":[{"href":"https:\/\/www.laguiadepamplona.com\/actualidad\/wp-json\/wp\/v2\/media?parent=46988"}],"wp:term":[{"taxonomy":"category","embeddable":true,"href":"https:\/\/www.laguiadepamplona.com\/actualidad\/wp-json\/wp\/v2\/categories?post=46988"},{"taxonomy":"post_tag","embeddable":true,"href":"https:\/\/www.laguiadepamplona.com\/actualidad\/wp-json\/wp\/v2\/tags?post=46988"}],"curies":[{"name":"wp","href":"https:\/\/api.w.org\/{rel}","templated":true}]}}