{"id":46977,"date":"2023-06-07T16:23:27","date_gmt":"2023-06-07T14:23:27","guid":{"rendered":"https:\/\/www.laguiadepamplona.com\/actualidad\/?p=46977"},"modified":"2023-06-07T16:23:27","modified_gmt":"2023-06-07T14:23:27","slug":"el-alcalde-de-pamplona-felicita-a-goalball-navarra-equipo-para-personas-con-discapacidad-visual-que-ha-ascendido-a-la-primera-division-nacional","status":"publish","type":"post","link":"https:\/\/www.laguiadepamplona.com\/actualidad\/el-alcalde-de-pamplona-felicita-a-goalball-navarra-equipo-para-personas-con-discapacidad-visual-que-ha-ascendido-a-la-primera-division-nacional\/","title":{"rendered":"El alcalde de Pamplona felicita a Goalball Navarra, equipo para personas con discapacidad visual, que ha ascendido a la Primera Divisi\u00f3n nacional"},"content":{"rendered":"<p><!--more--><\/p>\n<p>El alcalde de Pamplona en funciones, Enrique Maya, ha recibido en su despacho de la Casa Consistorial al equipo Goalball Navarra, que ha logrado ascender por primera vez a la Primera Divisi\u00f3n nacional de este deporte, exclusivo para personas con discapacidad visual. Han acudido al encuentro los jugadores Ram\u00f3n Est\u00e9vez, Ra\u00fal Murillo, Bernab\u00e9 Gonz\u00e1lez, Jon Mor\u00e1n, Unai Vicandi, Aritz Huarte y Pablo Segura, adem\u00e1s de su entrenadora Martina Go\u00f1i. Les han acompa\u00f1ado tambi\u00e9n el presidente de la Federaci\u00f3n Navarra de Deportes Adaptados, Miguel Rodr\u00edguez Tr\u00edas, y el concejal especial de Juventud y Deporte, Fernando Aranguren.<br \/>\n<script async src=\"\/\/pagead2.googlesyndication.com\/pagead\/js\/adsbygoogle.js\"><\/script><br \/>\n<!-- Noticias La Guia de Pamplona --><br \/>\n<ins class=\"adsbygoogle\"\nstyle=\"display:block\"\ndata-ad-client=\"ca-pub-6943679897239327\"\ndata-ad-slot=\"7048180777\"\ndata-ad-format=\"auto\"><\/ins><br \/>\n<script>\n(adsbygoogle = window.adsbygoogle || []).push({});\n<\/script><\/p>\n<p>Goalball Navarra ha logrado su ascenso este fin de semana en Madrid, en la que ha sido la segunda jornada de la Liga Nacional de Segunda Divisi\u00f3n, organizada por la Federaci\u00f3n Espa\u00f1ola de Deportes para Ciegos. Las dos victorias y el empate conseguidos en los cinco encuentros disputados en Madrid, sumados a los cuatro triunfos logrados en marzo en la primera jornada que se celebr\u00f3 en marzo en Pamplona, en el polideportivo municipal de Azpilaga\u00f1a, han servido para consumar ese ascenso. Aritz Huarte ha sido el m\u00e1ximo goleador del campeonato y es el primer navarro convocado\u00a0con la selecci\u00f3n espa\u00f1ola de goalball.<\/p>\n<p>En el goalball, dos equipos de cinco jugadores cada uno, tres en el campo de juego y dos en el banquillo, tratan de conseguir gol en la porter\u00eda contraria, de 9 metros de largo y 1,30 metros de alto, lanzando el bal\u00f3n con cascabeles desde su zona de juego. Los jugadores del equipo que defiende intentar\u00e1n evitar los goles, haciendo uso de su o\u00eddo y lanz\u00e1ndose hacia donde creen que va el bal\u00f3n.<\/p>\n","protected":false},"excerpt":{"rendered":"","protected":false},"author":1,"featured_media":46978,"comment_status":"open","ping_status":"closed","sticky":false,"template":"","format":"standard","meta":{"footnotes":""},"categories":[2],"tags":[],"class_list":["post-46977","post","type-post","status-publish","format-standard","has-post-thumbnail","hentry","category-ayuntamiento-pamplona"],"yoast_head":"<!-- This site is optimized with the Yoast SEO plugin v27.3 - https:\/\/yoast.com\/product\/yoast-seo-wordpress\/ -->\n<title>El alcalde de Pamplona felicita a Goalball Navarra, equipo para personas con discapacidad visual, que ha ascendido a la Primera Divisi\u00f3n nacional<\/title>\n<meta name=\"description\" content=\"Goalball Navarra ha logrado su ascenso este fin de semana en Madrid, en la que ha sido la segunda jornada de la Liga Nacional de 2\u00aa Divisi\u00f3n\" \/>\n<meta name=\"robots\" content=\"index, follow, max-snippet:-1, max-image-preview:large, max-video-preview:-1\" \/>\n<link rel=\"canonical\" href=\"https:\/\/www.laguiadepamplona.com\/actualidad\/el-alcalde-de-pamplona-felicita-a-goalball-navarra-equipo-para-personas-con-discapacidad-visual-que-ha-ascendido-a-la-primera-division-nacional\/\" \/>\n<meta property=\"og:locale\" content=\"es_ES\" \/>\n<meta property=\"og:type\" content=\"article\" \/>\n<meta property=\"og:title\" content=\"El alcalde de Pamplona felicita a Goalball Navarra, equipo para personas con discapacidad visual, que ha ascendido a la Primera Divisi\u00f3n nacional\" \/>\n<meta property=\"og:description\" content=\"Goalball Navarra ha logrado su ascenso este fin de semana en Madrid, en la que ha sido la segunda jornada de la Liga Nacional de 2\u00aa Divisi\u00f3n\" \/>\n<meta property=\"og:url\" content=\"https:\/\/www.laguiadepamplona.com\/actualidad\/el-alcalde-de-pamplona-felicita-a-goalball-navarra-equipo-para-personas-con-discapacidad-visual-que-ha-ascendido-a-la-primera-division-nacional\/\" \/>\n<meta property=\"og:site_name\" content=\"La Gu\u00eda de Pamplona\" \/>\n<meta property=\"article:publisher\" content=\"https:\/\/www.facebook.com\/laguiadepamplonacom-133175176762273\/?ref=hl\" \/>\n<meta property=\"article:published_time\" content=\"2023-06-07T14:23:27+00:00\" \/>\n<meta property=\"og:image\" content=\"https:\/\/www.laguiadepamplona.com\/actualidad\/wp-content\/uploads\/2023\/06\/EQUIPO-DE-CIEGOS-GOABALL-NA_NB_0053.webp\" \/>\n\t<meta property=\"og:image:width\" content=\"1920\" \/>\n\t<meta property=\"og:image:height\" content=\"1280\" \/>\n\t<meta property=\"og:image:type\" content=\"image\/webp\" \/>\n<meta name=\"author\" content=\"La Gu\u00eda de Pamplona\" \/>\n<meta name=\"twitter:card\" content=\"summary_large_image\" \/>\n<meta name=\"twitter:creator\" content=\"@LaGuiadPamplona\" \/>\n<meta name=\"twitter:site\" content=\"@LaGuiadPamplona\" \/>\n<meta name=\"twitter:label1\" content=\"Escrito por\" \/>\n\t<meta name=\"twitter:data1\" content=\"La Gu\u00eda de Pamplona\" \/>\n\t<meta name=\"twitter:label2\" content=\"Tiempo de lectura\" \/>\n\t<meta name=\"twitter:data2\" content=\"2 minutos\" \/>\n<script type=\"application\/ld+json\" class=\"yoast-schema-graph\">{\"@context\":\"https:\\\/\\\/schema.org\",\"@graph\":[{\"@type\":\"Article\",\"@id\":\"https:\\\/\\\/www.laguiadepamplona.com\\\/actualidad\\\/el-alcalde-de-pamplona-felicita-a-goalball-navarra-equipo-para-personas-con-discapacidad-visual-que-ha-ascendido-a-la-primera-division-nacional\\\/#article\",\"isPartOf\":{\"@id\":\"https:\\\/\\\/www.laguiadepamplona.com\\\/actualidad\\\/el-alcalde-de-pamplona-felicita-a-goalball-navarra-equipo-para-personas-con-discapacidad-visual-que-ha-ascendido-a-la-primera-division-nacional\\\/\"},\"author\":{\"name\":\"La Gu\u00eda de Pamplona\",\"@id\":\"https:\\\/\\\/www.laguiadepamplona.com\\\/actualidad\\\/#\\\/schema\\\/person\\\/efe887376f0213d4657c93adc50b1fdb\"},\"headline\":\"El alcalde de Pamplona felicita a Goalball Navarra, equipo para personas con discapacidad visual, que ha ascendido a la Primera Divisi\u00f3n nacional\",\"datePublished\":\"2023-06-07T14:23:27+00:00\",\"mainEntityOfPage\":{\"@id\":\"https:\\\/\\\/www.laguiadepamplona.com\\\/actualidad\\\/el-alcalde-de-pamplona-felicita-a-goalball-navarra-equipo-para-personas-con-discapacidad-visual-que-ha-ascendido-a-la-primera-division-nacional\\\/\"},\"wordCount\":317,\"commentCount\":0,\"publisher\":{\"@id\":\"https:\\\/\\\/www.laguiadepamplona.com\\\/actualidad\\\/#organization\"},\"image\":{\"@id\":\"https:\\\/\\\/www.laguiadepamplona.com\\\/actualidad\\\/el-alcalde-de-pamplona-felicita-a-goalball-navarra-equipo-para-personas-con-discapacidad-visual-que-ha-ascendido-a-la-primera-division-nacional\\\/#primaryimage\"},\"thumbnailUrl\":\"https:\\\/\\\/www.laguiadepamplona.com\\\/actualidad\\\/wp-content\\\/uploads\\\/2023\\\/06\\\/EQUIPO-DE-CIEGOS-GOABALL-NA_NB_0053.webp\",\"articleSection\":[\"Ayto Pamplona\"],\"inLanguage\":\"es\",\"potentialAction\":[{\"@type\":\"CommentAction\",\"name\":\"Comment\",\"target\":[\"https:\\\/\\\/www.laguiadepamplona.com\\\/actualidad\\\/el-alcalde-de-pamplona-felicita-a-goalball-navarra-equipo-para-personas-con-discapacidad-visual-que-ha-ascendido-a-la-primera-division-nacional\\\/#respond\"]}]},{\"@type\":\"WebPage\",\"@id\":\"https:\\\/\\\/www.laguiadepamplona.com\\\/actualidad\\\/el-alcalde-de-pamplona-felicita-a-goalball-navarra-equipo-para-personas-con-discapacidad-visual-que-ha-ascendido-a-la-primera-division-nacional\\\/\",\"url\":\"https:\\\/\\\/www.laguiadepamplona.com\\\/actualidad\\\/el-alcalde-de-pamplona-felicita-a-goalball-navarra-equipo-para-personas-con-discapacidad-visual-que-ha-ascendido-a-la-primera-division-nacional\\\/\",\"name\":\"El alcalde de Pamplona felicita a Goalball Navarra, equipo para personas con discapacidad visual, que ha ascendido a la Primera Divisi\u00f3n nacional\",\"isPartOf\":{\"@id\":\"https:\\\/\\\/www.laguiadepamplona.com\\\/actualidad\\\/#website\"},\"primaryImageOfPage\":{\"@id\":\"https:\\\/\\\/www.laguiadepamplona.com\\\/actualidad\\\/el-alcalde-de-pamplona-felicita-a-goalball-navarra-equipo-para-personas-con-discapacidad-visual-que-ha-ascendido-a-la-primera-division-nacional\\\/#primaryimage\"},\"image\":{\"@id\":\"https:\\\/\\\/www.laguiadepamplona.com\\\/actualidad\\\/el-alcalde-de-pamplona-felicita-a-goalball-navarra-equipo-para-personas-con-discapacidad-visual-que-ha-ascendido-a-la-primera-division-nacional\\\/#primaryimage\"},\"thumbnailUrl\":\"https:\\\/\\\/www.laguiadepamplona.com\\\/actualidad\\\/wp-content\\\/uploads\\\/2023\\\/06\\\/EQUIPO-DE-CIEGOS-GOABALL-NA_NB_0053.webp\",\"datePublished\":\"2023-06-07T14:23:27+00:00\",\"description\":\"Goalball Navarra ha logrado su ascenso este fin de semana en Madrid, en la que ha sido la segunda jornada de la Liga Nacional de 2\u00aa Divisi\u00f3n\",\"breadcrumb\":{\"@id\":\"https:\\\/\\\/www.laguiadepamplona.com\\\/actualidad\\\/el-alcalde-de-pamplona-felicita-a-goalball-navarra-equipo-para-personas-con-discapacidad-visual-que-ha-ascendido-a-la-primera-division-nacional\\\/#breadcrumb\"},\"inLanguage\":\"es\",\"potentialAction\":[{\"@type\":\"ReadAction\",\"target\":[\"https:\\\/\\\/www.laguiadepamplona.com\\\/actualidad\\\/el-alcalde-de-pamplona-felicita-a-goalball-navarra-equipo-para-personas-con-discapacidad-visual-que-ha-ascendido-a-la-primera-division-nacional\\\/\"]}]},{\"@type\":\"ImageObject\",\"inLanguage\":\"es\",\"@id\":\"https:\\\/\\\/www.laguiadepamplona.com\\\/actualidad\\\/el-alcalde-de-pamplona-felicita-a-goalball-navarra-equipo-para-personas-con-discapacidad-visual-que-ha-ascendido-a-la-primera-division-nacional\\\/#primaryimage\",\"url\":\"https:\\\/\\\/www.laguiadepamplona.com\\\/actualidad\\\/wp-content\\\/uploads\\\/2023\\\/06\\\/EQUIPO-DE-CIEGOS-GOABALL-NA_NB_0053.webp\",\"contentUrl\":\"https:\\\/\\\/www.laguiadepamplona.com\\\/actualidad\\\/wp-content\\\/uploads\\\/2023\\\/06\\\/EQUIPO-DE-CIEGOS-GOABALL-NA_NB_0053.webp\",\"width\":1920,\"height\":1280},{\"@type\":\"BreadcrumbList\",\"@id\":\"https:\\\/\\\/www.laguiadepamplona.com\\\/actualidad\\\/el-alcalde-de-pamplona-felicita-a-goalball-navarra-equipo-para-personas-con-discapacidad-visual-que-ha-ascendido-a-la-primera-division-nacional\\\/#breadcrumb\",\"itemListElement\":[{\"@type\":\"ListItem\",\"position\":1,\"name\":\"Portada\",\"item\":\"https:\\\/\\\/www.laguiadepamplona.com\\\/actualidad\\\/\"},{\"@type\":\"ListItem\",\"position\":2,\"name\":\"El alcalde de Pamplona felicita a Goalball Navarra, equipo para personas con discapacidad visual, que ha ascendido a la Primera Divisi\u00f3n nacional\"}]},{\"@type\":\"WebSite\",\"@id\":\"https:\\\/\\\/www.laguiadepamplona.com\\\/actualidad\\\/#website\",\"url\":\"https:\\\/\\\/www.laguiadepamplona.com\\\/actualidad\\\/\",\"name\":\"La gu\u00eda de Pamplona\",\"description\":\"Noticias de Pamplona\",\"publisher\":{\"@id\":\"https:\\\/\\\/www.laguiadepamplona.com\\\/actualidad\\\/#organization\"},\"potentialAction\":[{\"@type\":\"SearchAction\",\"target\":{\"@type\":\"EntryPoint\",\"urlTemplate\":\"https:\\\/\\\/www.laguiadepamplona.com\\\/actualidad\\\/?s={search_term_string}\"},\"query-input\":{\"@type\":\"PropertyValueSpecification\",\"valueRequired\":true,\"valueName\":\"search_term_string\"}}],\"inLanguage\":\"es\"},{\"@type\":\"Organization\",\"@id\":\"https:\\\/\\\/www.laguiadepamplona.com\\\/actualidad\\\/#organization\",\"name\":\"La Gu\u00eda de Pamplona \\\/ Noticias\",\"url\":\"https:\\\/\\\/www.laguiadepamplona.com\\\/actualidad\\\/\",\"logo\":{\"@type\":\"ImageObject\",\"inLanguage\":\"es\",\"@id\":\"https:\\\/\\\/www.laguiadepamplona.com\\\/actualidad\\\/#\\\/schema\\\/logo\\\/image\\\/\",\"url\":\"https:\\\/\\\/www.laguiadepamplona.com\\\/actualidad\\\/wp-content\\\/uploads\\\/2018\\\/11\\\/logo-laguiadepamplona18-web1.png\",\"contentUrl\":\"https:\\\/\\\/www.laguiadepamplona.com\\\/actualidad\\\/wp-content\\\/uploads\\\/2018\\\/11\\\/logo-laguiadepamplona18-web1.png\",\"width\":600,\"height\":196,\"caption\":\"La Gu\u00eda de Pamplona \\\/ Noticias\"},\"image\":{\"@id\":\"https:\\\/\\\/www.laguiadepamplona.com\\\/actualidad\\\/#\\\/schema\\\/logo\\\/image\\\/\"},\"sameAs\":[\"https:\\\/\\\/www.facebook.com\\\/laguiadepamplonacom-133175176762273\\\/?ref=hl\",\"https:\\\/\\\/x.com\\\/LaGuiadPamplona\",\"https:\\\/\\\/www.instagram.com\\\/la_guia_de_pamplona\\\/\",\"https:\\\/\\\/www.youtube.com\\\/user\\\/laguiadepamplona\"]},{\"@type\":\"Person\",\"@id\":\"https:\\\/\\\/www.laguiadepamplona.com\\\/actualidad\\\/#\\\/schema\\\/person\\\/efe887376f0213d4657c93adc50b1fdb\",\"name\":\"La Gu\u00eda de Pamplona\",\"image\":{\"@type\":\"ImageObject\",\"inLanguage\":\"es\",\"@id\":\"https:\\\/\\\/secure.gravatar.com\\\/avatar\\\/b6992f131dc8d30ab0dff15446e9d346d9dbd95992de0fef795073f5ea83a81c?s=96&d=mm&r=g\",\"url\":\"https:\\\/\\\/secure.gravatar.com\\\/avatar\\\/b6992f131dc8d30ab0dff15446e9d346d9dbd95992de0fef795073f5ea83a81c?s=96&d=mm&r=g\",\"contentUrl\":\"https:\\\/\\\/secure.gravatar.com\\\/avatar\\\/b6992f131dc8d30ab0dff15446e9d346d9dbd95992de0fef795073f5ea83a81c?s=96&d=mm&r=g\",\"caption\":\"La Gu\u00eda de Pamplona\"}}]}<\/script>\n<!-- \/ Yoast SEO plugin. -->","yoast_head_json":{"title":"El alcalde de Pamplona felicita a Goalball Navarra, equipo para personas con discapacidad visual, que ha ascendido a la Primera Divisi\u00f3n nacional","description":"Goalball Navarra ha logrado su ascenso este fin de semana en Madrid, en la que ha sido la segunda jornada de la Liga Nacional de 2\u00aa Divisi\u00f3n","robots":{"index":"index","follow":"follow","max-snippet":"max-snippet:-1","max-image-preview":"max-image-preview:large","max-video-preview":"max-video-preview:-1"},"canonical":"https:\/\/www.laguiadepamplona.com\/actualidad\/el-alcalde-de-pamplona-felicita-a-goalball-navarra-equipo-para-personas-con-discapacidad-visual-que-ha-ascendido-a-la-primera-division-nacional\/","og_locale":"es_ES","og_type":"article","og_title":"El alcalde de Pamplona felicita a Goalball Navarra, equipo para personas con discapacidad visual, que ha ascendido a la Primera Divisi\u00f3n nacional","og_description":"Goalball Navarra ha logrado su ascenso este fin de semana en Madrid, en la que ha sido la segunda jornada de la Liga Nacional de 2\u00aa Divisi\u00f3n","og_url":"https:\/\/www.laguiadepamplona.com\/actualidad\/el-alcalde-de-pamplona-felicita-a-goalball-navarra-equipo-para-personas-con-discapacidad-visual-que-ha-ascendido-a-la-primera-division-nacional\/","og_site_name":"La Gu\u00eda de Pamplona","article_publisher":"https:\/\/www.facebook.com\/laguiadepamplonacom-133175176762273\/?ref=hl","article_published_time":"2023-06-07T14:23:27+00:00","og_image":[{"width":1920,"height":1280,"url":"https:\/\/www.laguiadepamplona.com\/actualidad\/wp-content\/uploads\/2023\/06\/EQUIPO-DE-CIEGOS-GOABALL-NA_NB_0053.webp","type":"image\/webp"}],"author":"La Gu\u00eda de Pamplona","twitter_card":"summary_large_image","twitter_creator":"@LaGuiadPamplona","twitter_site":"@LaGuiadPamplona","twitter_misc":{"Escrito por":"La Gu\u00eda de Pamplona","Tiempo de lectura":"2 minutos"},"schema":{"@context":"https:\/\/schema.org","@graph":[{"@type":"Article","@id":"https:\/\/www.laguiadepamplona.com\/actualidad\/el-alcalde-de-pamplona-felicita-a-goalball-navarra-equipo-para-personas-con-discapacidad-visual-que-ha-ascendido-a-la-primera-division-nacional\/#article","isPartOf":{"@id":"https:\/\/www.laguiadepamplona.com\/actualidad\/el-alcalde-de-pamplona-felicita-a-goalball-navarra-equipo-para-personas-con-discapacidad-visual-que-ha-ascendido-a-la-primera-division-nacional\/"},"author":{"name":"La Gu\u00eda de Pamplona","@id":"https:\/\/www.laguiadepamplona.com\/actualidad\/#\/schema\/person\/efe887376f0213d4657c93adc50b1fdb"},"headline":"El alcalde de Pamplona felicita a Goalball Navarra, equipo para personas con discapacidad visual, que ha ascendido a la Primera Divisi\u00f3n nacional","datePublished":"2023-06-07T14:23:27+00:00","mainEntityOfPage":{"@id":"https:\/\/www.laguiadepamplona.com\/actualidad\/el-alcalde-de-pamplona-felicita-a-goalball-navarra-equipo-para-personas-con-discapacidad-visual-que-ha-ascendido-a-la-primera-division-nacional\/"},"wordCount":317,"commentCount":0,"publisher":{"@id":"https:\/\/www.laguiadepamplona.com\/actualidad\/#organization"},"image":{"@id":"https:\/\/www.laguiadepamplona.com\/actualidad\/el-alcalde-de-pamplona-felicita-a-goalball-navarra-equipo-para-personas-con-discapacidad-visual-que-ha-ascendido-a-la-primera-division-nacional\/#primaryimage"},"thumbnailUrl":"https:\/\/www.laguiadepamplona.com\/actualidad\/wp-content\/uploads\/2023\/06\/EQUIPO-DE-CIEGOS-GOABALL-NA_NB_0053.webp","articleSection":["Ayto Pamplona"],"inLanguage":"es","potentialAction":[{"@type":"CommentAction","name":"Comment","target":["https:\/\/www.laguiadepamplona.com\/actualidad\/el-alcalde-de-pamplona-felicita-a-goalball-navarra-equipo-para-personas-con-discapacidad-visual-que-ha-ascendido-a-la-primera-division-nacional\/#respond"]}]},{"@type":"WebPage","@id":"https:\/\/www.laguiadepamplona.com\/actualidad\/el-alcalde-de-pamplona-felicita-a-goalball-navarra-equipo-para-personas-con-discapacidad-visual-que-ha-ascendido-a-la-primera-division-nacional\/","url":"https:\/\/www.laguiadepamplona.com\/actualidad\/el-alcalde-de-pamplona-felicita-a-goalball-navarra-equipo-para-personas-con-discapacidad-visual-que-ha-ascendido-a-la-primera-division-nacional\/","name":"El alcalde de Pamplona felicita a Goalball Navarra, equipo para personas con discapacidad visual, que ha ascendido a la Primera Divisi\u00f3n nacional","isPartOf":{"@id":"https:\/\/www.laguiadepamplona.com\/actualidad\/#website"},"primaryImageOfPage":{"@id":"https:\/\/www.laguiadepamplona.com\/actualidad\/el-alcalde-de-pamplona-felicita-a-goalball-navarra-equipo-para-personas-con-discapacidad-visual-que-ha-ascendido-a-la-primera-division-nacional\/#primaryimage"},"image":{"@id":"https:\/\/www.laguiadepamplona.com\/actualidad\/el-alcalde-de-pamplona-felicita-a-goalball-navarra-equipo-para-personas-con-discapacidad-visual-que-ha-ascendido-a-la-primera-division-nacional\/#primaryimage"},"thumbnailUrl":"https:\/\/www.laguiadepamplona.com\/actualidad\/wp-content\/uploads\/2023\/06\/EQUIPO-DE-CIEGOS-GOABALL-NA_NB_0053.webp","datePublished":"2023-06-07T14:23:27+00:00","description":"Goalball Navarra ha logrado su ascenso este fin de semana en Madrid, en la que ha sido la segunda jornada de la Liga Nacional de 2\u00aa Divisi\u00f3n","breadcrumb":{"@id":"https:\/\/www.laguiadepamplona.com\/actualidad\/el-alcalde-de-pamplona-felicita-a-goalball-navarra-equipo-para-personas-con-discapacidad-visual-que-ha-ascendido-a-la-primera-division-nacional\/#breadcrumb"},"inLanguage":"es","potentialAction":[{"@type":"ReadAction","target":["https:\/\/www.laguiadepamplona.com\/actualidad\/el-alcalde-de-pamplona-felicita-a-goalball-navarra-equipo-para-personas-con-discapacidad-visual-que-ha-ascendido-a-la-primera-division-nacional\/"]}]},{"@type":"ImageObject","inLanguage":"es","@id":"https:\/\/www.laguiadepamplona.com\/actualidad\/el-alcalde-de-pamplona-felicita-a-goalball-navarra-equipo-para-personas-con-discapacidad-visual-que-ha-ascendido-a-la-primera-division-nacional\/#primaryimage","url":"https:\/\/www.laguiadepamplona.com\/actualidad\/wp-content\/uploads\/2023\/06\/EQUIPO-DE-CIEGOS-GOABALL-NA_NB_0053.webp","contentUrl":"https:\/\/www.laguiadepamplona.com\/actualidad\/wp-content\/uploads\/2023\/06\/EQUIPO-DE-CIEGOS-GOABALL-NA_NB_0053.webp","width":1920,"height":1280},{"@type":"BreadcrumbList","@id":"https:\/\/www.laguiadepamplona.com\/actualidad\/el-alcalde-de-pamplona-felicita-a-goalball-navarra-equipo-para-personas-con-discapacidad-visual-que-ha-ascendido-a-la-primera-division-nacional\/#breadcrumb","itemListElement":[{"@type":"ListItem","position":1,"name":"Portada","item":"https:\/\/www.laguiadepamplona.com\/actualidad\/"},{"@type":"ListItem","position":2,"name":"El alcalde de Pamplona felicita a Goalball Navarra, equipo para personas con discapacidad visual, que ha ascendido a la Primera Divisi\u00f3n nacional"}]},{"@type":"WebSite","@id":"https:\/\/www.laguiadepamplona.com\/actualidad\/#website","url":"https:\/\/www.laguiadepamplona.com\/actualidad\/","name":"La gu\u00eda de Pamplona","description":"Noticias de Pamplona","publisher":{"@id":"https:\/\/www.laguiadepamplona.com\/actualidad\/#organization"},"potentialAction":[{"@type":"SearchAction","target":{"@type":"EntryPoint","urlTemplate":"https:\/\/www.laguiadepamplona.com\/actualidad\/?s={search_term_string}"},"query-input":{"@type":"PropertyValueSpecification","valueRequired":true,"valueName":"search_term_string"}}],"inLanguage":"es"},{"@type":"Organization","@id":"https:\/\/www.laguiadepamplona.com\/actualidad\/#organization","name":"La Gu\u00eda de Pamplona \/ Noticias","url":"https:\/\/www.laguiadepamplona.com\/actualidad\/","logo":{"@type":"ImageObject","inLanguage":"es","@id":"https:\/\/www.laguiadepamplona.com\/actualidad\/#\/schema\/logo\/image\/","url":"https:\/\/www.laguiadepamplona.com\/actualidad\/wp-content\/uploads\/2018\/11\/logo-laguiadepamplona18-web1.png","contentUrl":"https:\/\/www.laguiadepamplona.com\/actualidad\/wp-content\/uploads\/2018\/11\/logo-laguiadepamplona18-web1.png","width":600,"height":196,"caption":"La Gu\u00eda de Pamplona \/ Noticias"},"image":{"@id":"https:\/\/www.laguiadepamplona.com\/actualidad\/#\/schema\/logo\/image\/"},"sameAs":["https:\/\/www.facebook.com\/laguiadepamplonacom-133175176762273\/?ref=hl","https:\/\/x.com\/LaGuiadPamplona","https:\/\/www.instagram.com\/la_guia_de_pamplona\/","https:\/\/www.youtube.com\/user\/laguiadepamplona"]},{"@type":"Person","@id":"https:\/\/www.laguiadepamplona.com\/actualidad\/#\/schema\/person\/efe887376f0213d4657c93adc50b1fdb","name":"La Gu\u00eda de Pamplona","image":{"@type":"ImageObject","inLanguage":"es","@id":"https:\/\/secure.gravatar.com\/avatar\/b6992f131dc8d30ab0dff15446e9d346d9dbd95992de0fef795073f5ea83a81c?s=96&d=mm&r=g","url":"https:\/\/secure.gravatar.com\/avatar\/b6992f131dc8d30ab0dff15446e9d346d9dbd95992de0fef795073f5ea83a81c?s=96&d=mm&r=g","contentUrl":"https:\/\/secure.gravatar.com\/avatar\/b6992f131dc8d30ab0dff15446e9d346d9dbd95992de0fef795073f5ea83a81c?s=96&d=mm&r=g","caption":"La Gu\u00eda de Pamplona"}}]}},"post_mailing_queue_ids":[],"_links":{"self":[{"href":"https:\/\/www.laguiadepamplona.com\/actualidad\/wp-json\/wp\/v2\/posts\/46977","targetHints":{"allow":["GET"]}}],"collection":[{"href":"https:\/\/www.laguiadepamplona.com\/actualidad\/wp-json\/wp\/v2\/posts"}],"about":[{"href":"https:\/\/www.laguiadepamplona.com\/actualidad\/wp-json\/wp\/v2\/types\/post"}],"author":[{"embeddable":true,"href":"https:\/\/www.laguiadepamplona.com\/actualidad\/wp-json\/wp\/v2\/users\/1"}],"replies":[{"embeddable":true,"href":"https:\/\/www.laguiadepamplona.com\/actualidad\/wp-json\/wp\/v2\/comments?post=46977"}],"version-history":[{"count":1,"href":"https:\/\/www.laguiadepamplona.com\/actualidad\/wp-json\/wp\/v2\/posts\/46977\/revisions"}],"predecessor-version":[{"id":46979,"href":"https:\/\/www.laguiadepamplona.com\/actualidad\/wp-json\/wp\/v2\/posts\/46977\/revisions\/46979"}],"wp:featuredmedia":[{"embeddable":true,"href":"https:\/\/www.laguiadepamplona.com\/actualidad\/wp-json\/wp\/v2\/media\/46978"}],"wp:attachment":[{"href":"https:\/\/www.laguiadepamplona.com\/actualidad\/wp-json\/wp\/v2\/media?parent=46977"}],"wp:term":[{"taxonomy":"category","embeddable":true,"href":"https:\/\/www.laguiadepamplona.com\/actualidad\/wp-json\/wp\/v2\/categories?post=46977"},{"taxonomy":"post_tag","embeddable":true,"href":"https:\/\/www.laguiadepamplona.com\/actualidad\/wp-json\/wp\/v2\/tags?post=46977"}],"curies":[{"name":"wp","href":"https:\/\/api.w.org\/{rel}","templated":true}]}}