{"id":46965,"date":"2023-06-07T12:47:38","date_gmt":"2023-06-07T10:47:38","guid":{"rendered":"https:\/\/www.laguiadepamplona.com\/actualidad\/?p=46965"},"modified":"2023-06-07T12:47:56","modified_gmt":"2023-06-07T10:47:56","slug":"nueve-disenadores-de-cuatro-paises-participaran-en-el-xxii-concurso-internacional-de-fuegos-artificiales-san-fermin","status":"publish","type":"post","link":"https:\/\/www.laguiadepamplona.com\/actualidad\/nueve-disenadores-de-cuatro-paises-participaran-en-el-xxii-concurso-internacional-de-fuegos-artificiales-san-fermin\/","title":{"rendered":"Nueve dise\u00f1adores de cuatro pa\u00edses participar\u00e1n en el XXII Concurso Internacional de Fuegos Artificiales San Ferm\u00edn"},"content":{"rendered":"<h3>La novedad es la obligaci\u00f3n de hacer las dos pruebas art\u00edsticas obligatorias, de ritmos digitalizados y de disparo asim\u00e9trico, al principio del espect\u00e1culo<\/h3>\n<p><!--more--><\/p>\n<p>El XXII Concurso Internacional de Fuegos Artificiales de San Ferm\u00edn cuenta con nueve dise\u00f1adores de cuatro pa\u00edses que disparar\u00e1n sus colecciones desde la Ciudadela, entre el 6 y el 14 de julio. Por quinto a\u00f1o, el concurso se centra en los denominados \u2018fuegos de autor\u2019, con colecciones dise\u00f1adas por pirot\u00e9cnicos de prestigio espec\u00edficamente para las fiestas de San Ferm\u00edn. La novedad este a\u00f1o es la obligaci\u00f3n de incluir las dos pruebas art\u00edsticas obligatorias al inicio del espect\u00e1culo. Todas las colecciones se disparar\u00e1n desde el interior del recinto de la Ciudadela, a las 23 horas.<\/p>\n<p>La presentaci\u00f3n del concurso ha estado a cargo del director del \u00e1rea de Cultura e Igualdad, Jorge Urd\u00e1noz, quien ha destacado el car\u00e1cter internacional del concurso, reflejado en la participaci\u00f3n de las pirotecnias Ciels en F\u00eate, de Francia; Fireworks Ugo Lieto Events, de Italia, y Pyrogenie Feuerwerk GmbH, de Alemania. Adem\u00e1s, desde Espa\u00f1a, participan tres compa\u00f1\u00edas valencianas en la producci\u00f3n de los disparos de las personas participantes: Fuegos Artificiales del Mediterr\u00e1neo, Pirotecnia Tamarit y Pirotecnia Valenciana. A ellas se suma una empresa de Castell\u00f3n, Pirotecnia Zarzoso; una de Canarias, Pirotecnia San Miguel; y otra de Coru\u00f1a, Pirotecnia Penide. Otros dos talleres pirot\u00e9cnicos colaborar\u00e1n con los concursantes para que puedan llevar a cabo sus creaciones. Estos son Pirotencia Valecea, de \u00c1lava, que dar\u00e1 soporte a la francesa Giraud, y Pirotecnia Mart\u00ed, de Castell\u00f3n, que ayudar\u00e1 al pirot\u00e9cnico canario Martel.<br \/>\n<script async src=\"\/\/pagead2.googlesyndication.com\/pagead\/js\/adsbygoogle.js\"><\/script><br \/>\n<!-- Noticias La Guia de Pamplona --><br \/>\n<ins class=\"adsbygoogle\"\nstyle=\"display:block\"\ndata-ad-client=\"ca-pub-6943679897239327\"\ndata-ad-slot=\"7048180777\"\ndata-ad-format=\"auto\"><\/ins><br \/>\n<script>\n(adsbygoogle = window.adsbygoogle || []).push({});\n<\/script><\/p>\n<p>De esta forma, y dada la complejidad de las actividades de montaje y de la legislaci\u00f3n vigente, para realizar los nueve disparos intervendr\u00e1n once compa\u00f1\u00edas pirot\u00e9cnicas. Las tres extranjeras traer\u00e1n su propio material pirot\u00e9cnico desde su pa\u00eds, para lo que el Ayuntamiento de Pamplona tramita la importaci\u00f3n de sus artificios desde unas distancias de 1.942 kil\u00f3metros, en el caso de los fuegos de Tim Hanning (desde Alemania), 1.877 kil\u00f3metros en el caso de Antonio Lieto (Italia) y 831 kil\u00f3metros para la dise\u00f1adora francesa Delphine Giraud.<\/p>\n<p>Precisamente la francesa Delphine Giraud es la \u00fanica dise\u00f1adora que participa en el concurso, el domingo 9, ya que el resto son hombres. Entre los representantes masculinos, dos de ellos no cuentan con taller pirot\u00e9cnico propio: el valenciano Juan Garc\u00eda Estell\u00e9s, especialista en fuego terrestre antiguo y que ser\u00e1, el jueves 6, el participante de mayor edad de este a\u00f1o; y el granadino Jos\u00e9 Torrecillas P\u00e9rez (s\u00e1bado 8), que fue el dise\u00f1ador de la desaparecida casa Accitana-Mar\u00eda Angustias. Sus disparos ser\u00e1n producidos, siguiendo fielmente su dise\u00f1o, por las dos empresas valencianas mencionadas.<\/p>\n<p>Las dem\u00e1s personas participantes s\u00ed que disponen de taller pirot\u00e9cnico propio o, al menos, trabajan en uno, como los dos concursantes extranjeros: el italiano Antonio Lieto (mi\u00e9rcoles 12), que gerencia la f\u00e1brica de su padre, en N\u00e1poles; y el alem\u00e1n Tim Hanning (viernes 14), que es el dise\u00f1ador de los disparos de una importadora de material pirot\u00e9cnico con sede en Berl\u00edn.<\/p>\n<p>Los dos participantes que disparar\u00e1n con dos de los talleres m\u00e1s modernos y m\u00e1s antiguos de Espa\u00f1a, respectivamente, son Daniel Tamarit Olmos (viernes 7), que fund\u00f3 su compa\u00f1\u00eda en 2018; y Paco Sancho Ferrer (jueves 13), que es el dise\u00f1ador art\u00edstico de un taller fundado en 1930. Ambos son de la Comunidad Valenciana.<\/p>\n<p>Aunque ninguna de las personas participantes de este a\u00f1o hab\u00eda dise\u00f1ado nunca un espect\u00e1culo para los Sanfermines, por lo que se estrenan como \u2018autores\u2019 o \u2018autoras\u2019 (aunque varias s\u00ed hab\u00edan estado en Pamplona montando para otros pirot\u00e9cnicos), se da el caso de que este a\u00f1o, por primera vez, disparar\u00e1 en Pamplona un pirot\u00e9cnico canario, Ram\u00f3n Martel Martel (lunes 10), que obtuvo la Concha de Bronce de Donostia-San Sebasti\u00e1n el a\u00f1o pasado.<\/p>\n<p>Cada pirot\u00e9cnico presentar\u00e1 un espect\u00e1culo que llevar\u00e1 un t\u00edtulo aleg\u00f3rico o de fantas\u00eda, en el que se ha basado para el dise\u00f1o del mismo.<br \/>\n<script async src=\"\/\/pagead2.googlesyndication.com\/pagead\/js\/adsbygoogle.js\"><\/script><br \/>\n<!-- Noticias La Guia de Pamplona --><br \/>\n<ins class=\"adsbygoogle\"\nstyle=\"display:block\"\ndata-ad-client=\"ca-pub-6943679897239327\"\ndata-ad-slot=\"7048180777\"\ndata-ad-format=\"auto\"><\/ins><br \/>\n<script>\n(adsbygoogle = window.adsbygoogle || []).push({});\n<\/script><\/p>\n<p><strong>Pruebas art\u00edsticas obligatorias<\/strong><\/p>\n<p>Las personas participantes en el certamen tendr\u00e1n que realizar las dos pruebas art\u00edsticas obligatorias con las que cuenta el concurso desde 2017: una de ritmos digitalizados (usando s\u00f3lo los colores blanco y rojo, y de treinta segundos de duraci\u00f3n), y otra m\u00e1s conceptual, de disparo asim\u00e9trico. La novedad de este a\u00f1o es que ambas pruebas se deber\u00e1n realizar al comienzo del espect\u00e1culo y en ese orden. Con esta modificaci\u00f3n, el Ayuntamiento de Pamplona pretende que ambas demostraciones art\u00edsticas puedan ser mejor interpretadas y localizadas por parte del p\u00fablico. As\u00ed se tendr\u00e1 una forma m\u00e1s clara de comparar los disparos entre s\u00ed. Tras cumplir ambas pruebas obligatorias el resto del disparo ser\u00e1 de estilo totalmente libre, hasta cumplir la duraci\u00f3n m\u00ednima.<\/p>\n<p>Un jurado t\u00e9cnico se encargar\u00e1 de seleccionar las tres mejores colecciones de fuegos artificiales de las fiestas de 2023. El jurado estar\u00e1 formado por la artista multidisciplinar Naroa Armendariz Etxaniz, el experto en pirotecnia Paco Ruiz Corral y por personal del \u00e1rea de Cultura. Se contemplan tres premios: San Ferm\u00edn de Oro, San Ferm\u00edn de Plata y San Ferm\u00edn de Bronce, que consisten en 5.000 euros, 3.000 euros y 2.000 euros, respectivamente.<\/p>\n<p>Adem\u00e1s, el p\u00fablico puede participar a trav\u00e9s de una votaci\u00f3n popular, con la colaboraci\u00f3n de Diario de Navarra y de Eroski. La ciudadan\u00eda puede valorar las colecciones de cada d\u00eda de manera telem\u00e1tica en la web <a href=\"http:\/\/www.sanferminespamplona.es\" target=\"_blank\" rel=\"noopener\">www.sanferminespamplona.es<\/a> o presencialmente en Civivox Condestable y la Oficina de Turismo. Entre las personas participantes de la votaci\u00f3n popular, se realiza un sorteo de premios.<br \/>\n<script async src=\"\/\/pagead2.googlesyndication.com\/pagead\/js\/adsbygoogle.js\"><\/script><br \/>\n<!-- Noticias La Guia de Pamplona --><br \/>\n<ins class=\"adsbygoogle\"\nstyle=\"display:block\"\ndata-ad-client=\"ca-pub-6943679897239327\"\ndata-ad-slot=\"7048180777\"\ndata-ad-format=\"auto\"><\/ins><br \/>\n<script>\n(adsbygoogle = window.adsbygoogle || []).push({});\n<\/script><\/p>\n<p>&nbsp;<\/p>\n<h3>XXII Concurso Internacional de Fuegos Artificiales San Ferm\u00edn. Fuegos de autor<\/h3>\n<ul>\n<li>Parque de la Ciudadela, del 6 al 14 de julio, a las 23 horas<\/li>\n<li>Jueves 6 de julio\n<ul>\n<li>\u2018Palacios de fantas\u00eda\u2019. Dise\u00f1ador: Juan Garc\u00eda Estell\u00e9s<\/li>\n<li>Pirotecnia: Fuegos Artificiales del Mediterr\u00e1neo (Valencia, Espa\u00f1a)<\/li>\n<\/ul>\n<\/li>\n<li>Viernes 7 de julio\n<ul>\n<li>\u2018Furia\u2019<em>.<\/em> Dise\u00f1ador: Daniel Tamarit Olmos<\/li>\n<li>Pirotecnia Tamarit (Valencia, Espa\u00f1a)<\/li>\n<\/ul>\n<\/li>\n<li>S\u00e1bado 8 de julio\n<ul>\n<li>\u2018Zumarraga\u2019<em>.<\/em> Dise\u00f1ador: Jos\u00e9 Torrecillas P\u00e9rez<\/li>\n<li>Pirotecnia Valenciana (Valencia, Espa\u00f1a)<\/li>\n<\/ul>\n<\/li>\n<li>Domingo 9 de julio\n<ul>\n<li>\u2018\u00c9l\u00e9gance\u2019 (Elegancia)<em>.<\/em> Dise\u00f1adora: Delphine Giraud<\/li>\n<li>Pirotecnia Ciels en F\u00eate (Francia)<\/li>\n<\/ul>\n<\/li>\n<li>Lunes 10 de julio\n<ul>\n<li>\u2018Madre Mayantigo\u2019 (Pedacito de cielo)<em>.<\/em> Dise\u00f1ador: Ram\u00f3n Martel Martel<\/li>\n<li>Pirotecnia San Miguel (Islas Canarias, Espa\u00f1a)<\/li>\n<\/ul>\n<\/li>\n<li>Martes 11 de julio\n<ul>\n<li>\u2018Noite Meiga\u2019 (Noche de embrujo). Dise\u00f1ador: Arturo Penide Aller<\/li>\n<li>Pirotecnia Penide (Coru\u00f1a, Espa\u00f1a)<\/li>\n<\/ul>\n<\/li>\n<li>Mi\u00e9rcoles 12 de julio\n<ul>\n<li>\u2018Tradizione napoletana\u2019 (Tradici\u00f3n napolitana). Dise\u00f1ador: Antonio Lieto<\/li>\n<li>Pirotecnia Fireworks Ugo Lieto Events (Italia)<\/li>\n<\/ul>\n<\/li>\n<li>Jueves 13 de julio\n<ul>\n<li>\u2018Dibujantes y coloristas\u2019. Dise\u00f1ador: Paco Sancho Ferrer<\/li>\n<li>Pirotecnia Zarzoso (Castell\u00f3n, Espa\u00f1a)<\/li>\n<\/ul>\n<\/li>\n<li>Viernes 14 de julio\n<ul>\n<li>\u2018Seasons in fire\u2019 (Las estaciones en fuego). Dise\u00f1ador: Tim Hanning<\/li>\n<li>Pirotecnia Pyrogenie Feuerwerk GmbH (Alemania)<\/li>\n<\/ul>\n<\/li>\n<\/ul>\n","protected":false},"excerpt":{"rendered":"<p>La novedad es la obligaci\u00f3n de hacer las dos pruebas art\u00edsticas obligatorias, de ritmos digitalizados y de disparo asim\u00e9trico, al principio del espect\u00e1culo<\/p>\n","protected":false},"author":1,"featured_media":46966,"comment_status":"open","ping_status":"closed","sticky":false,"template":"","format":"standard","meta":{"footnotes":""},"categories":[2,9406],"tags":[],"class_list":["post-46965","post","type-post","status-publish","format-standard","has-post-thumbnail","hentry","category-ayuntamiento-pamplona","category-san-fermin"],"yoast_head":"<!-- This site is optimized with the Yoast SEO plugin v27.3 - https:\/\/yoast.com\/product\/yoast-seo-wordpress\/ -->\n<title>Nueve dise\u00f1adores de cuatro pa\u00edses participar\u00e1n en el XXII Concurso Internacional de Fuegos Artificiales San Ferm\u00edn<\/title>\n<meta name=\"description\" content=\"La novedad es la obligaci\u00f3n de hacer las dos pruebas art\u00edsticas obligatorias, de ritmos digitalizados y de disparo asim\u00e9trico, al principio.\" \/>\n<meta name=\"robots\" content=\"index, follow, max-snippet:-1, max-image-preview:large, max-video-preview:-1\" \/>\n<link rel=\"canonical\" href=\"https:\/\/www.laguiadepamplona.com\/actualidad\/nueve-disenadores-de-cuatro-paises-participaran-en-el-xxii-concurso-internacional-de-fuegos-artificiales-san-fermin\/\" \/>\n<meta property=\"og:locale\" content=\"es_ES\" \/>\n<meta property=\"og:type\" content=\"article\" \/>\n<meta property=\"og:title\" content=\"Nueve dise\u00f1adores de cuatro pa\u00edses participar\u00e1n en el XXII Concurso Internacional de Fuegos Artificiales San Ferm\u00edn\" \/>\n<meta property=\"og:description\" content=\"La novedad es la obligaci\u00f3n de hacer las dos pruebas art\u00edsticas obligatorias, de ritmos digitalizados y de disparo asim\u00e9trico, al principio.\" \/>\n<meta property=\"og:url\" content=\"https:\/\/www.laguiadepamplona.com\/actualidad\/nueve-disenadores-de-cuatro-paises-participaran-en-el-xxii-concurso-internacional-de-fuegos-artificiales-san-fermin\/\" \/>\n<meta property=\"og:site_name\" content=\"La Gu\u00eda de Pamplona\" \/>\n<meta property=\"article:publisher\" content=\"https:\/\/www.facebook.com\/laguiadepamplonacom-133175176762273\/?ref=hl\" \/>\n<meta property=\"article:published_time\" content=\"2023-06-07T10:47:38+00:00\" \/>\n<meta property=\"article:modified_time\" content=\"2023-06-07T10:47:56+00:00\" \/>\n<meta property=\"og:image\" content=\"https:\/\/www.laguiadepamplona.com\/actualidad\/wp-content\/uploads\/2023\/06\/FUEGOS__Q5A7997.webp\" \/>\n\t<meta property=\"og:image:width\" content=\"1920\" \/>\n\t<meta property=\"og:image:height\" content=\"1281\" \/>\n\t<meta property=\"og:image:type\" content=\"image\/webp\" \/>\n<meta name=\"author\" content=\"La Gu\u00eda de Pamplona\" \/>\n<meta name=\"twitter:card\" content=\"summary_large_image\" \/>\n<meta name=\"twitter:creator\" content=\"@LaGuiadPamplona\" \/>\n<meta name=\"twitter:site\" content=\"@LaGuiadPamplona\" \/>\n<meta name=\"twitter:label1\" content=\"Escrito por\" \/>\n\t<meta name=\"twitter:data1\" content=\"La Gu\u00eda de Pamplona\" \/>\n\t<meta name=\"twitter:label2\" content=\"Tiempo de lectura\" \/>\n\t<meta name=\"twitter:data2\" content=\"5 minutos\" \/>\n<script type=\"application\/ld+json\" class=\"yoast-schema-graph\">{\"@context\":\"https:\\\/\\\/schema.org\",\"@graph\":[{\"@type\":\"Article\",\"@id\":\"https:\\\/\\\/www.laguiadepamplona.com\\\/actualidad\\\/nueve-disenadores-de-cuatro-paises-participaran-en-el-xxii-concurso-internacional-de-fuegos-artificiales-san-fermin\\\/#article\",\"isPartOf\":{\"@id\":\"https:\\\/\\\/www.laguiadepamplona.com\\\/actualidad\\\/nueve-disenadores-de-cuatro-paises-participaran-en-el-xxii-concurso-internacional-de-fuegos-artificiales-san-fermin\\\/\"},\"author\":{\"name\":\"La Gu\u00eda de Pamplona\",\"@id\":\"https:\\\/\\\/www.laguiadepamplona.com\\\/actualidad\\\/#\\\/schema\\\/person\\\/efe887376f0213d4657c93adc50b1fdb\"},\"headline\":\"Nueve dise\u00f1adores de cuatro pa\u00edses participar\u00e1n en el XXII Concurso Internacional de Fuegos Artificiales San Ferm\u00edn\",\"datePublished\":\"2023-06-07T10:47:38+00:00\",\"dateModified\":\"2023-06-07T10:47:56+00:00\",\"mainEntityOfPage\":{\"@id\":\"https:\\\/\\\/www.laguiadepamplona.com\\\/actualidad\\\/nueve-disenadores-de-cuatro-paises-participaran-en-el-xxii-concurso-internacional-de-fuegos-artificiales-san-fermin\\\/\"},\"wordCount\":1205,\"commentCount\":0,\"publisher\":{\"@id\":\"https:\\\/\\\/www.laguiadepamplona.com\\\/actualidad\\\/#organization\"},\"image\":{\"@id\":\"https:\\\/\\\/www.laguiadepamplona.com\\\/actualidad\\\/nueve-disenadores-de-cuatro-paises-participaran-en-el-xxii-concurso-internacional-de-fuegos-artificiales-san-fermin\\\/#primaryimage\"},\"thumbnailUrl\":\"https:\\\/\\\/www.laguiadepamplona.com\\\/actualidad\\\/wp-content\\\/uploads\\\/2023\\\/06\\\/FUEGOS__Q5A7997.webp\",\"articleSection\":[\"Ayto Pamplona\",\"San Ferm\u00edn\"],\"inLanguage\":\"es\",\"potentialAction\":[{\"@type\":\"CommentAction\",\"name\":\"Comment\",\"target\":[\"https:\\\/\\\/www.laguiadepamplona.com\\\/actualidad\\\/nueve-disenadores-de-cuatro-paises-participaran-en-el-xxii-concurso-internacional-de-fuegos-artificiales-san-fermin\\\/#respond\"]}]},{\"@type\":\"WebPage\",\"@id\":\"https:\\\/\\\/www.laguiadepamplona.com\\\/actualidad\\\/nueve-disenadores-de-cuatro-paises-participaran-en-el-xxii-concurso-internacional-de-fuegos-artificiales-san-fermin\\\/\",\"url\":\"https:\\\/\\\/www.laguiadepamplona.com\\\/actualidad\\\/nueve-disenadores-de-cuatro-paises-participaran-en-el-xxii-concurso-internacional-de-fuegos-artificiales-san-fermin\\\/\",\"name\":\"Nueve dise\u00f1adores de cuatro pa\u00edses participar\u00e1n en el XXII Concurso Internacional de Fuegos Artificiales San Ferm\u00edn\",\"isPartOf\":{\"@id\":\"https:\\\/\\\/www.laguiadepamplona.com\\\/actualidad\\\/#website\"},\"primaryImageOfPage\":{\"@id\":\"https:\\\/\\\/www.laguiadepamplona.com\\\/actualidad\\\/nueve-disenadores-de-cuatro-paises-participaran-en-el-xxii-concurso-internacional-de-fuegos-artificiales-san-fermin\\\/#primaryimage\"},\"image\":{\"@id\":\"https:\\\/\\\/www.laguiadepamplona.com\\\/actualidad\\\/nueve-disenadores-de-cuatro-paises-participaran-en-el-xxii-concurso-internacional-de-fuegos-artificiales-san-fermin\\\/#primaryimage\"},\"thumbnailUrl\":\"https:\\\/\\\/www.laguiadepamplona.com\\\/actualidad\\\/wp-content\\\/uploads\\\/2023\\\/06\\\/FUEGOS__Q5A7997.webp\",\"datePublished\":\"2023-06-07T10:47:38+00:00\",\"dateModified\":\"2023-06-07T10:47:56+00:00\",\"description\":\"La novedad es la obligaci\u00f3n de hacer las dos pruebas art\u00edsticas obligatorias, de ritmos digitalizados y de disparo asim\u00e9trico, al principio.\",\"breadcrumb\":{\"@id\":\"https:\\\/\\\/www.laguiadepamplona.com\\\/actualidad\\\/nueve-disenadores-de-cuatro-paises-participaran-en-el-xxii-concurso-internacional-de-fuegos-artificiales-san-fermin\\\/#breadcrumb\"},\"inLanguage\":\"es\",\"potentialAction\":[{\"@type\":\"ReadAction\",\"target\":[\"https:\\\/\\\/www.laguiadepamplona.com\\\/actualidad\\\/nueve-disenadores-de-cuatro-paises-participaran-en-el-xxii-concurso-internacional-de-fuegos-artificiales-san-fermin\\\/\"]}]},{\"@type\":\"ImageObject\",\"inLanguage\":\"es\",\"@id\":\"https:\\\/\\\/www.laguiadepamplona.com\\\/actualidad\\\/nueve-disenadores-de-cuatro-paises-participaran-en-el-xxii-concurso-internacional-de-fuegos-artificiales-san-fermin\\\/#primaryimage\",\"url\":\"https:\\\/\\\/www.laguiadepamplona.com\\\/actualidad\\\/wp-content\\\/uploads\\\/2023\\\/06\\\/FUEGOS__Q5A7997.webp\",\"contentUrl\":\"https:\\\/\\\/www.laguiadepamplona.com\\\/actualidad\\\/wp-content\\\/uploads\\\/2023\\\/06\\\/FUEGOS__Q5A7997.webp\",\"width\":1920,\"height\":1281},{\"@type\":\"BreadcrumbList\",\"@id\":\"https:\\\/\\\/www.laguiadepamplona.com\\\/actualidad\\\/nueve-disenadores-de-cuatro-paises-participaran-en-el-xxii-concurso-internacional-de-fuegos-artificiales-san-fermin\\\/#breadcrumb\",\"itemListElement\":[{\"@type\":\"ListItem\",\"position\":1,\"name\":\"Portada\",\"item\":\"https:\\\/\\\/www.laguiadepamplona.com\\\/actualidad\\\/\"},{\"@type\":\"ListItem\",\"position\":2,\"name\":\"Nueve dise\u00f1adores de cuatro pa\u00edses participar\u00e1n en el XXII Concurso Internacional de Fuegos Artificiales San Ferm\u00edn\"}]},{\"@type\":\"WebSite\",\"@id\":\"https:\\\/\\\/www.laguiadepamplona.com\\\/actualidad\\\/#website\",\"url\":\"https:\\\/\\\/www.laguiadepamplona.com\\\/actualidad\\\/\",\"name\":\"La gu\u00eda de Pamplona\",\"description\":\"Noticias de Pamplona\",\"publisher\":{\"@id\":\"https:\\\/\\\/www.laguiadepamplona.com\\\/actualidad\\\/#organization\"},\"potentialAction\":[{\"@type\":\"SearchAction\",\"target\":{\"@type\":\"EntryPoint\",\"urlTemplate\":\"https:\\\/\\\/www.laguiadepamplona.com\\\/actualidad\\\/?s={search_term_string}\"},\"query-input\":{\"@type\":\"PropertyValueSpecification\",\"valueRequired\":true,\"valueName\":\"search_term_string\"}}],\"inLanguage\":\"es\"},{\"@type\":\"Organization\",\"@id\":\"https:\\\/\\\/www.laguiadepamplona.com\\\/actualidad\\\/#organization\",\"name\":\"La Gu\u00eda de Pamplona \\\/ Noticias\",\"url\":\"https:\\\/\\\/www.laguiadepamplona.com\\\/actualidad\\\/\",\"logo\":{\"@type\":\"ImageObject\",\"inLanguage\":\"es\",\"@id\":\"https:\\\/\\\/www.laguiadepamplona.com\\\/actualidad\\\/#\\\/schema\\\/logo\\\/image\\\/\",\"url\":\"https:\\\/\\\/www.laguiadepamplona.com\\\/actualidad\\\/wp-content\\\/uploads\\\/2018\\\/11\\\/logo-laguiadepamplona18-web1.png\",\"contentUrl\":\"https:\\\/\\\/www.laguiadepamplona.com\\\/actualidad\\\/wp-content\\\/uploads\\\/2018\\\/11\\\/logo-laguiadepamplona18-web1.png\",\"width\":600,\"height\":196,\"caption\":\"La Gu\u00eda de Pamplona \\\/ Noticias\"},\"image\":{\"@id\":\"https:\\\/\\\/www.laguiadepamplona.com\\\/actualidad\\\/#\\\/schema\\\/logo\\\/image\\\/\"},\"sameAs\":[\"https:\\\/\\\/www.facebook.com\\\/laguiadepamplonacom-133175176762273\\\/?ref=hl\",\"https:\\\/\\\/x.com\\\/LaGuiadPamplona\",\"https:\\\/\\\/www.instagram.com\\\/la_guia_de_pamplona\\\/\",\"https:\\\/\\\/www.youtube.com\\\/user\\\/laguiadepamplona\"]},{\"@type\":\"Person\",\"@id\":\"https:\\\/\\\/www.laguiadepamplona.com\\\/actualidad\\\/#\\\/schema\\\/person\\\/efe887376f0213d4657c93adc50b1fdb\",\"name\":\"La Gu\u00eda de Pamplona\",\"image\":{\"@type\":\"ImageObject\",\"inLanguage\":\"es\",\"@id\":\"https:\\\/\\\/secure.gravatar.com\\\/avatar\\\/b6992f131dc8d30ab0dff15446e9d346d9dbd95992de0fef795073f5ea83a81c?s=96&d=mm&r=g\",\"url\":\"https:\\\/\\\/secure.gravatar.com\\\/avatar\\\/b6992f131dc8d30ab0dff15446e9d346d9dbd95992de0fef795073f5ea83a81c?s=96&d=mm&r=g\",\"contentUrl\":\"https:\\\/\\\/secure.gravatar.com\\\/avatar\\\/b6992f131dc8d30ab0dff15446e9d346d9dbd95992de0fef795073f5ea83a81c?s=96&d=mm&r=g\",\"caption\":\"La Gu\u00eda de Pamplona\"}}]}<\/script>\n<!-- \/ Yoast SEO plugin. -->","yoast_head_json":{"title":"Nueve dise\u00f1adores de cuatro pa\u00edses participar\u00e1n en el XXII Concurso Internacional de Fuegos Artificiales San Ferm\u00edn","description":"La novedad es la obligaci\u00f3n de hacer las dos pruebas art\u00edsticas obligatorias, de ritmos digitalizados y de disparo asim\u00e9trico, al principio.","robots":{"index":"index","follow":"follow","max-snippet":"max-snippet:-1","max-image-preview":"max-image-preview:large","max-video-preview":"max-video-preview:-1"},"canonical":"https:\/\/www.laguiadepamplona.com\/actualidad\/nueve-disenadores-de-cuatro-paises-participaran-en-el-xxii-concurso-internacional-de-fuegos-artificiales-san-fermin\/","og_locale":"es_ES","og_type":"article","og_title":"Nueve dise\u00f1adores de cuatro pa\u00edses participar\u00e1n en el XXII Concurso Internacional de Fuegos Artificiales San Ferm\u00edn","og_description":"La novedad es la obligaci\u00f3n de hacer las dos pruebas art\u00edsticas obligatorias, de ritmos digitalizados y de disparo asim\u00e9trico, al principio.","og_url":"https:\/\/www.laguiadepamplona.com\/actualidad\/nueve-disenadores-de-cuatro-paises-participaran-en-el-xxii-concurso-internacional-de-fuegos-artificiales-san-fermin\/","og_site_name":"La Gu\u00eda de Pamplona","article_publisher":"https:\/\/www.facebook.com\/laguiadepamplonacom-133175176762273\/?ref=hl","article_published_time":"2023-06-07T10:47:38+00:00","article_modified_time":"2023-06-07T10:47:56+00:00","og_image":[{"width":1920,"height":1281,"url":"https:\/\/www.laguiadepamplona.com\/actualidad\/wp-content\/uploads\/2023\/06\/FUEGOS__Q5A7997.webp","type":"image\/webp"}],"author":"La Gu\u00eda de Pamplona","twitter_card":"summary_large_image","twitter_creator":"@LaGuiadPamplona","twitter_site":"@LaGuiadPamplona","twitter_misc":{"Escrito por":"La Gu\u00eda de Pamplona","Tiempo de lectura":"5 minutos"},"schema":{"@context":"https:\/\/schema.org","@graph":[{"@type":"Article","@id":"https:\/\/www.laguiadepamplona.com\/actualidad\/nueve-disenadores-de-cuatro-paises-participaran-en-el-xxii-concurso-internacional-de-fuegos-artificiales-san-fermin\/#article","isPartOf":{"@id":"https:\/\/www.laguiadepamplona.com\/actualidad\/nueve-disenadores-de-cuatro-paises-participaran-en-el-xxii-concurso-internacional-de-fuegos-artificiales-san-fermin\/"},"author":{"name":"La Gu\u00eda de Pamplona","@id":"https:\/\/www.laguiadepamplona.com\/actualidad\/#\/schema\/person\/efe887376f0213d4657c93adc50b1fdb"},"headline":"Nueve dise\u00f1adores de cuatro pa\u00edses participar\u00e1n en el XXII Concurso Internacional de Fuegos Artificiales San Ferm\u00edn","datePublished":"2023-06-07T10:47:38+00:00","dateModified":"2023-06-07T10:47:56+00:00","mainEntityOfPage":{"@id":"https:\/\/www.laguiadepamplona.com\/actualidad\/nueve-disenadores-de-cuatro-paises-participaran-en-el-xxii-concurso-internacional-de-fuegos-artificiales-san-fermin\/"},"wordCount":1205,"commentCount":0,"publisher":{"@id":"https:\/\/www.laguiadepamplona.com\/actualidad\/#organization"},"image":{"@id":"https:\/\/www.laguiadepamplona.com\/actualidad\/nueve-disenadores-de-cuatro-paises-participaran-en-el-xxii-concurso-internacional-de-fuegos-artificiales-san-fermin\/#primaryimage"},"thumbnailUrl":"https:\/\/www.laguiadepamplona.com\/actualidad\/wp-content\/uploads\/2023\/06\/FUEGOS__Q5A7997.webp","articleSection":["Ayto Pamplona","San Ferm\u00edn"],"inLanguage":"es","potentialAction":[{"@type":"CommentAction","name":"Comment","target":["https:\/\/www.laguiadepamplona.com\/actualidad\/nueve-disenadores-de-cuatro-paises-participaran-en-el-xxii-concurso-internacional-de-fuegos-artificiales-san-fermin\/#respond"]}]},{"@type":"WebPage","@id":"https:\/\/www.laguiadepamplona.com\/actualidad\/nueve-disenadores-de-cuatro-paises-participaran-en-el-xxii-concurso-internacional-de-fuegos-artificiales-san-fermin\/","url":"https:\/\/www.laguiadepamplona.com\/actualidad\/nueve-disenadores-de-cuatro-paises-participaran-en-el-xxii-concurso-internacional-de-fuegos-artificiales-san-fermin\/","name":"Nueve dise\u00f1adores de cuatro pa\u00edses participar\u00e1n en el XXII Concurso Internacional de Fuegos Artificiales San Ferm\u00edn","isPartOf":{"@id":"https:\/\/www.laguiadepamplona.com\/actualidad\/#website"},"primaryImageOfPage":{"@id":"https:\/\/www.laguiadepamplona.com\/actualidad\/nueve-disenadores-de-cuatro-paises-participaran-en-el-xxii-concurso-internacional-de-fuegos-artificiales-san-fermin\/#primaryimage"},"image":{"@id":"https:\/\/www.laguiadepamplona.com\/actualidad\/nueve-disenadores-de-cuatro-paises-participaran-en-el-xxii-concurso-internacional-de-fuegos-artificiales-san-fermin\/#primaryimage"},"thumbnailUrl":"https:\/\/www.laguiadepamplona.com\/actualidad\/wp-content\/uploads\/2023\/06\/FUEGOS__Q5A7997.webp","datePublished":"2023-06-07T10:47:38+00:00","dateModified":"2023-06-07T10:47:56+00:00","description":"La novedad es la obligaci\u00f3n de hacer las dos pruebas art\u00edsticas obligatorias, de ritmos digitalizados y de disparo asim\u00e9trico, al principio.","breadcrumb":{"@id":"https:\/\/www.laguiadepamplona.com\/actualidad\/nueve-disenadores-de-cuatro-paises-participaran-en-el-xxii-concurso-internacional-de-fuegos-artificiales-san-fermin\/#breadcrumb"},"inLanguage":"es","potentialAction":[{"@type":"ReadAction","target":["https:\/\/www.laguiadepamplona.com\/actualidad\/nueve-disenadores-de-cuatro-paises-participaran-en-el-xxii-concurso-internacional-de-fuegos-artificiales-san-fermin\/"]}]},{"@type":"ImageObject","inLanguage":"es","@id":"https:\/\/www.laguiadepamplona.com\/actualidad\/nueve-disenadores-de-cuatro-paises-participaran-en-el-xxii-concurso-internacional-de-fuegos-artificiales-san-fermin\/#primaryimage","url":"https:\/\/www.laguiadepamplona.com\/actualidad\/wp-content\/uploads\/2023\/06\/FUEGOS__Q5A7997.webp","contentUrl":"https:\/\/www.laguiadepamplona.com\/actualidad\/wp-content\/uploads\/2023\/06\/FUEGOS__Q5A7997.webp","width":1920,"height":1281},{"@type":"BreadcrumbList","@id":"https:\/\/www.laguiadepamplona.com\/actualidad\/nueve-disenadores-de-cuatro-paises-participaran-en-el-xxii-concurso-internacional-de-fuegos-artificiales-san-fermin\/#breadcrumb","itemListElement":[{"@type":"ListItem","position":1,"name":"Portada","item":"https:\/\/www.laguiadepamplona.com\/actualidad\/"},{"@type":"ListItem","position":2,"name":"Nueve dise\u00f1adores de cuatro pa\u00edses participar\u00e1n en el XXII Concurso Internacional de Fuegos Artificiales San Ferm\u00edn"}]},{"@type":"WebSite","@id":"https:\/\/www.laguiadepamplona.com\/actualidad\/#website","url":"https:\/\/www.laguiadepamplona.com\/actualidad\/","name":"La gu\u00eda de Pamplona","description":"Noticias de Pamplona","publisher":{"@id":"https:\/\/www.laguiadepamplona.com\/actualidad\/#organization"},"potentialAction":[{"@type":"SearchAction","target":{"@type":"EntryPoint","urlTemplate":"https:\/\/www.laguiadepamplona.com\/actualidad\/?s={search_term_string}"},"query-input":{"@type":"PropertyValueSpecification","valueRequired":true,"valueName":"search_term_string"}}],"inLanguage":"es"},{"@type":"Organization","@id":"https:\/\/www.laguiadepamplona.com\/actualidad\/#organization","name":"La Gu\u00eda de Pamplona \/ Noticias","url":"https:\/\/www.laguiadepamplona.com\/actualidad\/","logo":{"@type":"ImageObject","inLanguage":"es","@id":"https:\/\/www.laguiadepamplona.com\/actualidad\/#\/schema\/logo\/image\/","url":"https:\/\/www.laguiadepamplona.com\/actualidad\/wp-content\/uploads\/2018\/11\/logo-laguiadepamplona18-web1.png","contentUrl":"https:\/\/www.laguiadepamplona.com\/actualidad\/wp-content\/uploads\/2018\/11\/logo-laguiadepamplona18-web1.png","width":600,"height":196,"caption":"La Gu\u00eda de Pamplona \/ Noticias"},"image":{"@id":"https:\/\/www.laguiadepamplona.com\/actualidad\/#\/schema\/logo\/image\/"},"sameAs":["https:\/\/www.facebook.com\/laguiadepamplonacom-133175176762273\/?ref=hl","https:\/\/x.com\/LaGuiadPamplona","https:\/\/www.instagram.com\/la_guia_de_pamplona\/","https:\/\/www.youtube.com\/user\/laguiadepamplona"]},{"@type":"Person","@id":"https:\/\/www.laguiadepamplona.com\/actualidad\/#\/schema\/person\/efe887376f0213d4657c93adc50b1fdb","name":"La Gu\u00eda de Pamplona","image":{"@type":"ImageObject","inLanguage":"es","@id":"https:\/\/secure.gravatar.com\/avatar\/b6992f131dc8d30ab0dff15446e9d346d9dbd95992de0fef795073f5ea83a81c?s=96&d=mm&r=g","url":"https:\/\/secure.gravatar.com\/avatar\/b6992f131dc8d30ab0dff15446e9d346d9dbd95992de0fef795073f5ea83a81c?s=96&d=mm&r=g","contentUrl":"https:\/\/secure.gravatar.com\/avatar\/b6992f131dc8d30ab0dff15446e9d346d9dbd95992de0fef795073f5ea83a81c?s=96&d=mm&r=g","caption":"La Gu\u00eda de Pamplona"}}]}},"post_mailing_queue_ids":[],"_links":{"self":[{"href":"https:\/\/www.laguiadepamplona.com\/actualidad\/wp-json\/wp\/v2\/posts\/46965","targetHints":{"allow":["GET"]}}],"collection":[{"href":"https:\/\/www.laguiadepamplona.com\/actualidad\/wp-json\/wp\/v2\/posts"}],"about":[{"href":"https:\/\/www.laguiadepamplona.com\/actualidad\/wp-json\/wp\/v2\/types\/post"}],"author":[{"embeddable":true,"href":"https:\/\/www.laguiadepamplona.com\/actualidad\/wp-json\/wp\/v2\/users\/1"}],"replies":[{"embeddable":true,"href":"https:\/\/www.laguiadepamplona.com\/actualidad\/wp-json\/wp\/v2\/comments?post=46965"}],"version-history":[{"count":1,"href":"https:\/\/www.laguiadepamplona.com\/actualidad\/wp-json\/wp\/v2\/posts\/46965\/revisions"}],"predecessor-version":[{"id":46967,"href":"https:\/\/www.laguiadepamplona.com\/actualidad\/wp-json\/wp\/v2\/posts\/46965\/revisions\/46967"}],"wp:featuredmedia":[{"embeddable":true,"href":"https:\/\/www.laguiadepamplona.com\/actualidad\/wp-json\/wp\/v2\/media\/46966"}],"wp:attachment":[{"href":"https:\/\/www.laguiadepamplona.com\/actualidad\/wp-json\/wp\/v2\/media?parent=46965"}],"wp:term":[{"taxonomy":"category","embeddable":true,"href":"https:\/\/www.laguiadepamplona.com\/actualidad\/wp-json\/wp\/v2\/categories?post=46965"},{"taxonomy":"post_tag","embeddable":true,"href":"https:\/\/www.laguiadepamplona.com\/actualidad\/wp-json\/wp\/v2\/tags?post=46965"}],"curies":[{"name":"wp","href":"https:\/\/api.w.org\/{rel}","templated":true}]}}