{"id":46962,"date":"2023-06-07T12:44:19","date_gmt":"2023-06-07T10:44:19","guid":{"rendered":"https:\/\/www.laguiadepamplona.com\/actualidad\/?p=46962"},"modified":"2023-06-07T12:44:19","modified_gmt":"2023-06-07T10:44:19","slug":"asociaciones-y-entidades-culturales-y-socioculturales-pueden-solicitar-hasta-el-1-de-septiembre-la-cesion-de-espacios-permanentes-en-los-civivox-para-el-proximo-curso","status":"publish","type":"post","link":"https:\/\/www.laguiadepamplona.com\/actualidad\/asociaciones-y-entidades-culturales-y-socioculturales-pueden-solicitar-hasta-el-1-de-septiembre-la-cesion-de-espacios-permanentes-en-los-civivox-para-el-proximo-curso\/","title":{"rendered":"Asociaciones y entidades culturales y socioculturales pueden solicitar hasta el 1 de septiembre la cesi\u00f3n de espacios permanentes en los civivox para el pr\u00f3ximo curso"},"content":{"rendered":"<h3>Las solicitudes se pueden presentar en cualquiera de los siete centros civivox, adjuntando la documentaci\u00f3n requerida en la convocatoria<\/h3>\n<p><!--more--><\/p>\n<p>El Ayuntamiento de Pamplona ha abierto la convocatoria para la solicitud de cesi\u00f3n de espacios de car\u00e1cter permanente para el pr\u00f3ximo curso 2023 \u2013 2024 en cualquiera de los siete centros actuales de la red Civivox. Pueden concurrir a esta convocatoria asociaciones y entidades culturales y socioculturales sin \u00e1nimo de lucro. El plazo de presentaci\u00f3n de solicitudes concluye el pr\u00f3ximo 1 de septiembre.<\/p>\n<p>Las asociaciones y entidades que soliciten la cesi\u00f3n permanente de espacios deben estar legalmente constituidas en la fecha de presentaci\u00f3n de la solicitud, tener domicilio fiscal y social en Pamplona y estar registradas en el Registro de Asociaciones del Ayuntamiento. Las actividades que vayan a llevar a cabo deben ser de car\u00e1cter cultural y art\u00edstico, ser acordes con los objetivos propios de la red Civivox y promover la participaci\u00f3n ciudadana. Las solicitudes se pueden presentar en los civivox Condestable, Ensanche, Jus la Rocha, Mendillorri, Iturrama, San Jorge y Milagrosa.<br \/>\n<script async src=\"\/\/pagead2.googlesyndication.com\/pagead\/js\/adsbygoogle.js\"><\/script><br \/>\n<!-- Noticias La Guia de Pamplona --><br \/>\n<ins class=\"adsbygoogle\"\nstyle=\"display:block\"\ndata-ad-client=\"ca-pub-6943679897239327\"\ndata-ad-slot=\"7048180777\"\ndata-ad-format=\"auto\"><\/ins><br \/>\n<script>\n(adsbygoogle = window.adsbygoogle || []).push({});\n<\/script><\/p>\n<p>En este mes de junio y el 1 de septiembre, las solicitudes se pueden remitir de lunes a viernes, de 9 a 14 horas y de 17 a 22 horas, en cualquier centro de la red Civivox. En julio, del 1 al 5 y del 16 al 31, se pueden presentar por la ma\u00f1ana, de 9 a 14 horas, en Civivox Condestable, Civivox Iturrama, Civivox Jus la Rocha, Civivox Mendillorri y Civivox San Jorge y por la tarde, de 17 a 22 horas, solo en Condestable. En agosto, se pueden entregar de lunes a viernes, de 9 a 14 horas, en cualquier civivox y de 17 a 22 horas, solo en Condestable.<\/p>\n<p>Durante el curso que est\u00e1 acabando, m\u00e1s de un centenar de asociaciones han solicitado el uso permanente y continuado de estos espacios municipales de la red Civivox. Esa cifra supone que alrededor de 18.000 personas han realizado o participado cada mes en las actividades previstas por esas asociaciones y entidades en alguno de los civivox de la ciudad.<br \/>\n<script async src=\"\/\/pagead2.googlesyndication.com\/pagead\/js\/adsbygoogle.js\"><\/script><br \/>\n<!-- Noticias La Guia de Pamplona --><br \/>\n<ins class=\"adsbygoogle\"\nstyle=\"display:block\"\ndata-ad-client=\"ca-pub-6943679897239327\"\ndata-ad-slot=\"7048180777\"\ndata-ad-format=\"auto\"><\/ins><br \/>\n<script>\n(adsbygoogle = window.adsbygoogle || []).push({});\n<\/script><\/p>\n<p><strong>Documentaci\u00f3n necesaria para la convocatoria<\/strong><\/p>\n<p>La convocatoria recoge la documentaci\u00f3n que las asociaciones o entidades deben presentar para optar a la cesi\u00f3n de espacios permanentes. Deben cumplimentar correctamente el impreso de solicitud correspondiente y presentar copia del CIF, los estatutos, un documento acreditativo de la composici\u00f3n de la junta directiva vigente, el certificado de estar registrado en el Centro de Asociaciones del Ayuntamiento de Pamplona y un dossier detallado de actividad y\/o actividades que pretenden desarrollar en la red Civivox.<\/p>\n<p>Si se opta a la convocatoria por primera vez, ser\u00e1 necesario aportar las fotocopias de la documentaci\u00f3n original. En el caso de haber concurrido en anteriores ediciones, o de haber solicitado cesi\u00f3n puntual de espacios, \u00fanicamente se deber\u00e1 presentar si es necesaria alguna actualizaci\u00f3n de la documentaci\u00f3n. Si se delegase la gesti\u00f3n de la solicitud, quien preside a la entidad o asociaci\u00f3n emitir\u00e1 un justificante acreditando la capacidad para realizar dicho tr\u00e1mite en cualquiera de los centros de la red Civivox.<\/p>\n","protected":false},"excerpt":{"rendered":"<p>Las solicitudes se pueden presentar en cualquiera de los siete centros civivox, adjuntando la documentaci\u00f3n requerida en la convocatoria<\/p>\n","protected":false},"author":1,"featured_media":46963,"comment_status":"open","ping_status":"closed","sticky":false,"template":"","format":"standard","meta":{"footnotes":""},"categories":[2],"tags":[],"class_list":["post-46962","post","type-post","status-publish","format-standard","has-post-thumbnail","hentry","category-ayuntamiento-pamplona"],"yoast_head":"<!-- This site is optimized with the Yoast SEO plugin v27.3 - https:\/\/yoast.com\/product\/yoast-seo-wordpress\/ -->\n<title>Asociaciones y entidades culturales y socioculturales pueden solicitar hasta el 1 de septiembre la cesi\u00f3n de espacios permanentes en los civivox para el pr\u00f3ximo curso<\/title>\n<meta name=\"description\" content=\"Las solicitudes se pueden presentar en cualquiera de los siete centros civivox, adjuntando la documentaci\u00f3n requerida en la convocatoria\" \/>\n<meta name=\"robots\" content=\"index, follow, max-snippet:-1, max-image-preview:large, max-video-preview:-1\" \/>\n<link rel=\"canonical\" href=\"https:\/\/www.laguiadepamplona.com\/actualidad\/asociaciones-y-entidades-culturales-y-socioculturales-pueden-solicitar-hasta-el-1-de-septiembre-la-cesion-de-espacios-permanentes-en-los-civivox-para-el-proximo-curso\/\" \/>\n<meta property=\"og:locale\" content=\"es_ES\" \/>\n<meta property=\"og:type\" content=\"article\" \/>\n<meta property=\"og:title\" content=\"Asociaciones y entidades culturales y socioculturales pueden solicitar hasta el 1 de septiembre la cesi\u00f3n de espacios permanentes en los civivox para el pr\u00f3ximo curso\" \/>\n<meta property=\"og:description\" content=\"Las solicitudes se pueden presentar en cualquiera de los siete centros civivox, adjuntando la documentaci\u00f3n requerida en la convocatoria\" \/>\n<meta property=\"og:url\" content=\"https:\/\/www.laguiadepamplona.com\/actualidad\/asociaciones-y-entidades-culturales-y-socioculturales-pueden-solicitar-hasta-el-1-de-septiembre-la-cesion-de-espacios-permanentes-en-los-civivox-para-el-proximo-curso\/\" \/>\n<meta property=\"og:site_name\" content=\"La Gu\u00eda de Pamplona\" \/>\n<meta property=\"article:publisher\" content=\"https:\/\/www.facebook.com\/laguiadepamplonacom-133175176762273\/?ref=hl\" \/>\n<meta property=\"article:published_time\" content=\"2023-06-07T10:44:19+00:00\" \/>\n<meta property=\"og:image\" content=\"https:\/\/www.laguiadepamplona.com\/actualidad\/wp-content\/uploads\/2023\/06\/CIVIVOX-JUSLAROCHA_1.webp\" \/>\n\t<meta property=\"og:image:width\" content=\"1920\" \/>\n\t<meta property=\"og:image:height\" content=\"1280\" \/>\n\t<meta property=\"og:image:type\" content=\"image\/webp\" \/>\n<meta name=\"author\" content=\"La Gu\u00eda de Pamplona\" \/>\n<meta name=\"twitter:card\" content=\"summary_large_image\" \/>\n<meta name=\"twitter:creator\" content=\"@LaGuiadPamplona\" \/>\n<meta name=\"twitter:site\" content=\"@LaGuiadPamplona\" \/>\n<meta name=\"twitter:label1\" content=\"Escrito por\" \/>\n\t<meta name=\"twitter:data1\" content=\"La Gu\u00eda de Pamplona\" \/>\n\t<meta name=\"twitter:label2\" content=\"Tiempo de lectura\" \/>\n\t<meta name=\"twitter:data2\" content=\"3 minutos\" \/>\n<script type=\"application\/ld+json\" class=\"yoast-schema-graph\">{\"@context\":\"https:\\\/\\\/schema.org\",\"@graph\":[{\"@type\":\"Article\",\"@id\":\"https:\\\/\\\/www.laguiadepamplona.com\\\/actualidad\\\/asociaciones-y-entidades-culturales-y-socioculturales-pueden-solicitar-hasta-el-1-de-septiembre-la-cesion-de-espacios-permanentes-en-los-civivox-para-el-proximo-curso\\\/#article\",\"isPartOf\":{\"@id\":\"https:\\\/\\\/www.laguiadepamplona.com\\\/actualidad\\\/asociaciones-y-entidades-culturales-y-socioculturales-pueden-solicitar-hasta-el-1-de-septiembre-la-cesion-de-espacios-permanentes-en-los-civivox-para-el-proximo-curso\\\/\"},\"author\":{\"name\":\"La Gu\u00eda de Pamplona\",\"@id\":\"https:\\\/\\\/www.laguiadepamplona.com\\\/actualidad\\\/#\\\/schema\\\/person\\\/efe887376f0213d4657c93adc50b1fdb\"},\"headline\":\"Asociaciones y entidades culturales y socioculturales pueden solicitar hasta el 1 de septiembre la cesi\u00f3n de espacios permanentes en los civivox para el pr\u00f3ximo curso\",\"datePublished\":\"2023-06-07T10:44:19+00:00\",\"mainEntityOfPage\":{\"@id\":\"https:\\\/\\\/www.laguiadepamplona.com\\\/actualidad\\\/asociaciones-y-entidades-culturales-y-socioculturales-pueden-solicitar-hasta-el-1-de-septiembre-la-cesion-de-espacios-permanentes-en-los-civivox-para-el-proximo-curso\\\/\"},\"wordCount\":531,\"commentCount\":0,\"publisher\":{\"@id\":\"https:\\\/\\\/www.laguiadepamplona.com\\\/actualidad\\\/#organization\"},\"image\":{\"@id\":\"https:\\\/\\\/www.laguiadepamplona.com\\\/actualidad\\\/asociaciones-y-entidades-culturales-y-socioculturales-pueden-solicitar-hasta-el-1-de-septiembre-la-cesion-de-espacios-permanentes-en-los-civivox-para-el-proximo-curso\\\/#primaryimage\"},\"thumbnailUrl\":\"https:\\\/\\\/www.laguiadepamplona.com\\\/actualidad\\\/wp-content\\\/uploads\\\/2023\\\/06\\\/CIVIVOX-JUSLAROCHA_1.webp\",\"articleSection\":[\"Ayto Pamplona\"],\"inLanguage\":\"es\",\"potentialAction\":[{\"@type\":\"CommentAction\",\"name\":\"Comment\",\"target\":[\"https:\\\/\\\/www.laguiadepamplona.com\\\/actualidad\\\/asociaciones-y-entidades-culturales-y-socioculturales-pueden-solicitar-hasta-el-1-de-septiembre-la-cesion-de-espacios-permanentes-en-los-civivox-para-el-proximo-curso\\\/#respond\"]}]},{\"@type\":\"WebPage\",\"@id\":\"https:\\\/\\\/www.laguiadepamplona.com\\\/actualidad\\\/asociaciones-y-entidades-culturales-y-socioculturales-pueden-solicitar-hasta-el-1-de-septiembre-la-cesion-de-espacios-permanentes-en-los-civivox-para-el-proximo-curso\\\/\",\"url\":\"https:\\\/\\\/www.laguiadepamplona.com\\\/actualidad\\\/asociaciones-y-entidades-culturales-y-socioculturales-pueden-solicitar-hasta-el-1-de-septiembre-la-cesion-de-espacios-permanentes-en-los-civivox-para-el-proximo-curso\\\/\",\"name\":\"Asociaciones y entidades culturales y socioculturales pueden solicitar hasta el 1 de septiembre la cesi\u00f3n de espacios permanentes en los civivox para el pr\u00f3ximo curso\",\"isPartOf\":{\"@id\":\"https:\\\/\\\/www.laguiadepamplona.com\\\/actualidad\\\/#website\"},\"primaryImageOfPage\":{\"@id\":\"https:\\\/\\\/www.laguiadepamplona.com\\\/actualidad\\\/asociaciones-y-entidades-culturales-y-socioculturales-pueden-solicitar-hasta-el-1-de-septiembre-la-cesion-de-espacios-permanentes-en-los-civivox-para-el-proximo-curso\\\/#primaryimage\"},\"image\":{\"@id\":\"https:\\\/\\\/www.laguiadepamplona.com\\\/actualidad\\\/asociaciones-y-entidades-culturales-y-socioculturales-pueden-solicitar-hasta-el-1-de-septiembre-la-cesion-de-espacios-permanentes-en-los-civivox-para-el-proximo-curso\\\/#primaryimage\"},\"thumbnailUrl\":\"https:\\\/\\\/www.laguiadepamplona.com\\\/actualidad\\\/wp-content\\\/uploads\\\/2023\\\/06\\\/CIVIVOX-JUSLAROCHA_1.webp\",\"datePublished\":\"2023-06-07T10:44:19+00:00\",\"description\":\"Las solicitudes se pueden presentar en cualquiera de los siete centros civivox, adjuntando la documentaci\u00f3n requerida en la convocatoria\",\"breadcrumb\":{\"@id\":\"https:\\\/\\\/www.laguiadepamplona.com\\\/actualidad\\\/asociaciones-y-entidades-culturales-y-socioculturales-pueden-solicitar-hasta-el-1-de-septiembre-la-cesion-de-espacios-permanentes-en-los-civivox-para-el-proximo-curso\\\/#breadcrumb\"},\"inLanguage\":\"es\",\"potentialAction\":[{\"@type\":\"ReadAction\",\"target\":[\"https:\\\/\\\/www.laguiadepamplona.com\\\/actualidad\\\/asociaciones-y-entidades-culturales-y-socioculturales-pueden-solicitar-hasta-el-1-de-septiembre-la-cesion-de-espacios-permanentes-en-los-civivox-para-el-proximo-curso\\\/\"]}]},{\"@type\":\"ImageObject\",\"inLanguage\":\"es\",\"@id\":\"https:\\\/\\\/www.laguiadepamplona.com\\\/actualidad\\\/asociaciones-y-entidades-culturales-y-socioculturales-pueden-solicitar-hasta-el-1-de-septiembre-la-cesion-de-espacios-permanentes-en-los-civivox-para-el-proximo-curso\\\/#primaryimage\",\"url\":\"https:\\\/\\\/www.laguiadepamplona.com\\\/actualidad\\\/wp-content\\\/uploads\\\/2023\\\/06\\\/CIVIVOX-JUSLAROCHA_1.webp\",\"contentUrl\":\"https:\\\/\\\/www.laguiadepamplona.com\\\/actualidad\\\/wp-content\\\/uploads\\\/2023\\\/06\\\/CIVIVOX-JUSLAROCHA_1.webp\",\"width\":1920,\"height\":1280},{\"@type\":\"BreadcrumbList\",\"@id\":\"https:\\\/\\\/www.laguiadepamplona.com\\\/actualidad\\\/asociaciones-y-entidades-culturales-y-socioculturales-pueden-solicitar-hasta-el-1-de-septiembre-la-cesion-de-espacios-permanentes-en-los-civivox-para-el-proximo-curso\\\/#breadcrumb\",\"itemListElement\":[{\"@type\":\"ListItem\",\"position\":1,\"name\":\"Portada\",\"item\":\"https:\\\/\\\/www.laguiadepamplona.com\\\/actualidad\\\/\"},{\"@type\":\"ListItem\",\"position\":2,\"name\":\"Asociaciones y entidades culturales y socioculturales pueden solicitar hasta el 1 de septiembre la cesi\u00f3n de espacios permanentes en los civivox para el pr\u00f3ximo curso\"}]},{\"@type\":\"WebSite\",\"@id\":\"https:\\\/\\\/www.laguiadepamplona.com\\\/actualidad\\\/#website\",\"url\":\"https:\\\/\\\/www.laguiadepamplona.com\\\/actualidad\\\/\",\"name\":\"La gu\u00eda de Pamplona\",\"description\":\"Noticias de Pamplona\",\"publisher\":{\"@id\":\"https:\\\/\\\/www.laguiadepamplona.com\\\/actualidad\\\/#organization\"},\"potentialAction\":[{\"@type\":\"SearchAction\",\"target\":{\"@type\":\"EntryPoint\",\"urlTemplate\":\"https:\\\/\\\/www.laguiadepamplona.com\\\/actualidad\\\/?s={search_term_string}\"},\"query-input\":{\"@type\":\"PropertyValueSpecification\",\"valueRequired\":true,\"valueName\":\"search_term_string\"}}],\"inLanguage\":\"es\"},{\"@type\":\"Organization\",\"@id\":\"https:\\\/\\\/www.laguiadepamplona.com\\\/actualidad\\\/#organization\",\"name\":\"La Gu\u00eda de Pamplona \\\/ Noticias\",\"url\":\"https:\\\/\\\/www.laguiadepamplona.com\\\/actualidad\\\/\",\"logo\":{\"@type\":\"ImageObject\",\"inLanguage\":\"es\",\"@id\":\"https:\\\/\\\/www.laguiadepamplona.com\\\/actualidad\\\/#\\\/schema\\\/logo\\\/image\\\/\",\"url\":\"https:\\\/\\\/www.laguiadepamplona.com\\\/actualidad\\\/wp-content\\\/uploads\\\/2018\\\/11\\\/logo-laguiadepamplona18-web1.png\",\"contentUrl\":\"https:\\\/\\\/www.laguiadepamplona.com\\\/actualidad\\\/wp-content\\\/uploads\\\/2018\\\/11\\\/logo-laguiadepamplona18-web1.png\",\"width\":600,\"height\":196,\"caption\":\"La Gu\u00eda de Pamplona \\\/ Noticias\"},\"image\":{\"@id\":\"https:\\\/\\\/www.laguiadepamplona.com\\\/actualidad\\\/#\\\/schema\\\/logo\\\/image\\\/\"},\"sameAs\":[\"https:\\\/\\\/www.facebook.com\\\/laguiadepamplonacom-133175176762273\\\/?ref=hl\",\"https:\\\/\\\/x.com\\\/LaGuiadPamplona\",\"https:\\\/\\\/www.instagram.com\\\/la_guia_de_pamplona\\\/\",\"https:\\\/\\\/www.youtube.com\\\/user\\\/laguiadepamplona\"]},{\"@type\":\"Person\",\"@id\":\"https:\\\/\\\/www.laguiadepamplona.com\\\/actualidad\\\/#\\\/schema\\\/person\\\/efe887376f0213d4657c93adc50b1fdb\",\"name\":\"La Gu\u00eda de Pamplona\",\"image\":{\"@type\":\"ImageObject\",\"inLanguage\":\"es\",\"@id\":\"https:\\\/\\\/secure.gravatar.com\\\/avatar\\\/b6992f131dc8d30ab0dff15446e9d346d9dbd95992de0fef795073f5ea83a81c?s=96&d=mm&r=g\",\"url\":\"https:\\\/\\\/secure.gravatar.com\\\/avatar\\\/b6992f131dc8d30ab0dff15446e9d346d9dbd95992de0fef795073f5ea83a81c?s=96&d=mm&r=g\",\"contentUrl\":\"https:\\\/\\\/secure.gravatar.com\\\/avatar\\\/b6992f131dc8d30ab0dff15446e9d346d9dbd95992de0fef795073f5ea83a81c?s=96&d=mm&r=g\",\"caption\":\"La Gu\u00eda de Pamplona\"}}]}<\/script>\n<!-- \/ Yoast SEO plugin. -->","yoast_head_json":{"title":"Asociaciones y entidades culturales y socioculturales pueden solicitar hasta el 1 de septiembre la cesi\u00f3n de espacios permanentes en los civivox para el pr\u00f3ximo curso","description":"Las solicitudes se pueden presentar en cualquiera de los siete centros civivox, adjuntando la documentaci\u00f3n requerida en la convocatoria","robots":{"index":"index","follow":"follow","max-snippet":"max-snippet:-1","max-image-preview":"max-image-preview:large","max-video-preview":"max-video-preview:-1"},"canonical":"https:\/\/www.laguiadepamplona.com\/actualidad\/asociaciones-y-entidades-culturales-y-socioculturales-pueden-solicitar-hasta-el-1-de-septiembre-la-cesion-de-espacios-permanentes-en-los-civivox-para-el-proximo-curso\/","og_locale":"es_ES","og_type":"article","og_title":"Asociaciones y entidades culturales y socioculturales pueden solicitar hasta el 1 de septiembre la cesi\u00f3n de espacios permanentes en los civivox para el pr\u00f3ximo curso","og_description":"Las solicitudes se pueden presentar en cualquiera de los siete centros civivox, adjuntando la documentaci\u00f3n requerida en la convocatoria","og_url":"https:\/\/www.laguiadepamplona.com\/actualidad\/asociaciones-y-entidades-culturales-y-socioculturales-pueden-solicitar-hasta-el-1-de-septiembre-la-cesion-de-espacios-permanentes-en-los-civivox-para-el-proximo-curso\/","og_site_name":"La Gu\u00eda de Pamplona","article_publisher":"https:\/\/www.facebook.com\/laguiadepamplonacom-133175176762273\/?ref=hl","article_published_time":"2023-06-07T10:44:19+00:00","og_image":[{"width":1920,"height":1280,"url":"https:\/\/www.laguiadepamplona.com\/actualidad\/wp-content\/uploads\/2023\/06\/CIVIVOX-JUSLAROCHA_1.webp","type":"image\/webp"}],"author":"La Gu\u00eda de Pamplona","twitter_card":"summary_large_image","twitter_creator":"@LaGuiadPamplona","twitter_site":"@LaGuiadPamplona","twitter_misc":{"Escrito por":"La Gu\u00eda de Pamplona","Tiempo de lectura":"3 minutos"},"schema":{"@context":"https:\/\/schema.org","@graph":[{"@type":"Article","@id":"https:\/\/www.laguiadepamplona.com\/actualidad\/asociaciones-y-entidades-culturales-y-socioculturales-pueden-solicitar-hasta-el-1-de-septiembre-la-cesion-de-espacios-permanentes-en-los-civivox-para-el-proximo-curso\/#article","isPartOf":{"@id":"https:\/\/www.laguiadepamplona.com\/actualidad\/asociaciones-y-entidades-culturales-y-socioculturales-pueden-solicitar-hasta-el-1-de-septiembre-la-cesion-de-espacios-permanentes-en-los-civivox-para-el-proximo-curso\/"},"author":{"name":"La Gu\u00eda de Pamplona","@id":"https:\/\/www.laguiadepamplona.com\/actualidad\/#\/schema\/person\/efe887376f0213d4657c93adc50b1fdb"},"headline":"Asociaciones y entidades culturales y socioculturales pueden solicitar hasta el 1 de septiembre la cesi\u00f3n de espacios permanentes en los civivox para el pr\u00f3ximo curso","datePublished":"2023-06-07T10:44:19+00:00","mainEntityOfPage":{"@id":"https:\/\/www.laguiadepamplona.com\/actualidad\/asociaciones-y-entidades-culturales-y-socioculturales-pueden-solicitar-hasta-el-1-de-septiembre-la-cesion-de-espacios-permanentes-en-los-civivox-para-el-proximo-curso\/"},"wordCount":531,"commentCount":0,"publisher":{"@id":"https:\/\/www.laguiadepamplona.com\/actualidad\/#organization"},"image":{"@id":"https:\/\/www.laguiadepamplona.com\/actualidad\/asociaciones-y-entidades-culturales-y-socioculturales-pueden-solicitar-hasta-el-1-de-septiembre-la-cesion-de-espacios-permanentes-en-los-civivox-para-el-proximo-curso\/#primaryimage"},"thumbnailUrl":"https:\/\/www.laguiadepamplona.com\/actualidad\/wp-content\/uploads\/2023\/06\/CIVIVOX-JUSLAROCHA_1.webp","articleSection":["Ayto Pamplona"],"inLanguage":"es","potentialAction":[{"@type":"CommentAction","name":"Comment","target":["https:\/\/www.laguiadepamplona.com\/actualidad\/asociaciones-y-entidades-culturales-y-socioculturales-pueden-solicitar-hasta-el-1-de-septiembre-la-cesion-de-espacios-permanentes-en-los-civivox-para-el-proximo-curso\/#respond"]}]},{"@type":"WebPage","@id":"https:\/\/www.laguiadepamplona.com\/actualidad\/asociaciones-y-entidades-culturales-y-socioculturales-pueden-solicitar-hasta-el-1-de-septiembre-la-cesion-de-espacios-permanentes-en-los-civivox-para-el-proximo-curso\/","url":"https:\/\/www.laguiadepamplona.com\/actualidad\/asociaciones-y-entidades-culturales-y-socioculturales-pueden-solicitar-hasta-el-1-de-septiembre-la-cesion-de-espacios-permanentes-en-los-civivox-para-el-proximo-curso\/","name":"Asociaciones y entidades culturales y socioculturales pueden solicitar hasta el 1 de septiembre la cesi\u00f3n de espacios permanentes en los civivox para el pr\u00f3ximo curso","isPartOf":{"@id":"https:\/\/www.laguiadepamplona.com\/actualidad\/#website"},"primaryImageOfPage":{"@id":"https:\/\/www.laguiadepamplona.com\/actualidad\/asociaciones-y-entidades-culturales-y-socioculturales-pueden-solicitar-hasta-el-1-de-septiembre-la-cesion-de-espacios-permanentes-en-los-civivox-para-el-proximo-curso\/#primaryimage"},"image":{"@id":"https:\/\/www.laguiadepamplona.com\/actualidad\/asociaciones-y-entidades-culturales-y-socioculturales-pueden-solicitar-hasta-el-1-de-septiembre-la-cesion-de-espacios-permanentes-en-los-civivox-para-el-proximo-curso\/#primaryimage"},"thumbnailUrl":"https:\/\/www.laguiadepamplona.com\/actualidad\/wp-content\/uploads\/2023\/06\/CIVIVOX-JUSLAROCHA_1.webp","datePublished":"2023-06-07T10:44:19+00:00","description":"Las solicitudes se pueden presentar en cualquiera de los siete centros civivox, adjuntando la documentaci\u00f3n requerida en la convocatoria","breadcrumb":{"@id":"https:\/\/www.laguiadepamplona.com\/actualidad\/asociaciones-y-entidades-culturales-y-socioculturales-pueden-solicitar-hasta-el-1-de-septiembre-la-cesion-de-espacios-permanentes-en-los-civivox-para-el-proximo-curso\/#breadcrumb"},"inLanguage":"es","potentialAction":[{"@type":"ReadAction","target":["https:\/\/www.laguiadepamplona.com\/actualidad\/asociaciones-y-entidades-culturales-y-socioculturales-pueden-solicitar-hasta-el-1-de-septiembre-la-cesion-de-espacios-permanentes-en-los-civivox-para-el-proximo-curso\/"]}]},{"@type":"ImageObject","inLanguage":"es","@id":"https:\/\/www.laguiadepamplona.com\/actualidad\/asociaciones-y-entidades-culturales-y-socioculturales-pueden-solicitar-hasta-el-1-de-septiembre-la-cesion-de-espacios-permanentes-en-los-civivox-para-el-proximo-curso\/#primaryimage","url":"https:\/\/www.laguiadepamplona.com\/actualidad\/wp-content\/uploads\/2023\/06\/CIVIVOX-JUSLAROCHA_1.webp","contentUrl":"https:\/\/www.laguiadepamplona.com\/actualidad\/wp-content\/uploads\/2023\/06\/CIVIVOX-JUSLAROCHA_1.webp","width":1920,"height":1280},{"@type":"BreadcrumbList","@id":"https:\/\/www.laguiadepamplona.com\/actualidad\/asociaciones-y-entidades-culturales-y-socioculturales-pueden-solicitar-hasta-el-1-de-septiembre-la-cesion-de-espacios-permanentes-en-los-civivox-para-el-proximo-curso\/#breadcrumb","itemListElement":[{"@type":"ListItem","position":1,"name":"Portada","item":"https:\/\/www.laguiadepamplona.com\/actualidad\/"},{"@type":"ListItem","position":2,"name":"Asociaciones y entidades culturales y socioculturales pueden solicitar hasta el 1 de septiembre la cesi\u00f3n de espacios permanentes en los civivox para el pr\u00f3ximo curso"}]},{"@type":"WebSite","@id":"https:\/\/www.laguiadepamplona.com\/actualidad\/#website","url":"https:\/\/www.laguiadepamplona.com\/actualidad\/","name":"La gu\u00eda de Pamplona","description":"Noticias de Pamplona","publisher":{"@id":"https:\/\/www.laguiadepamplona.com\/actualidad\/#organization"},"potentialAction":[{"@type":"SearchAction","target":{"@type":"EntryPoint","urlTemplate":"https:\/\/www.laguiadepamplona.com\/actualidad\/?s={search_term_string}"},"query-input":{"@type":"PropertyValueSpecification","valueRequired":true,"valueName":"search_term_string"}}],"inLanguage":"es"},{"@type":"Organization","@id":"https:\/\/www.laguiadepamplona.com\/actualidad\/#organization","name":"La Gu\u00eda de Pamplona \/ Noticias","url":"https:\/\/www.laguiadepamplona.com\/actualidad\/","logo":{"@type":"ImageObject","inLanguage":"es","@id":"https:\/\/www.laguiadepamplona.com\/actualidad\/#\/schema\/logo\/image\/","url":"https:\/\/www.laguiadepamplona.com\/actualidad\/wp-content\/uploads\/2018\/11\/logo-laguiadepamplona18-web1.png","contentUrl":"https:\/\/www.laguiadepamplona.com\/actualidad\/wp-content\/uploads\/2018\/11\/logo-laguiadepamplona18-web1.png","width":600,"height":196,"caption":"La Gu\u00eda de Pamplona \/ Noticias"},"image":{"@id":"https:\/\/www.laguiadepamplona.com\/actualidad\/#\/schema\/logo\/image\/"},"sameAs":["https:\/\/www.facebook.com\/laguiadepamplonacom-133175176762273\/?ref=hl","https:\/\/x.com\/LaGuiadPamplona","https:\/\/www.instagram.com\/la_guia_de_pamplona\/","https:\/\/www.youtube.com\/user\/laguiadepamplona"]},{"@type":"Person","@id":"https:\/\/www.laguiadepamplona.com\/actualidad\/#\/schema\/person\/efe887376f0213d4657c93adc50b1fdb","name":"La Gu\u00eda de Pamplona","image":{"@type":"ImageObject","inLanguage":"es","@id":"https:\/\/secure.gravatar.com\/avatar\/b6992f131dc8d30ab0dff15446e9d346d9dbd95992de0fef795073f5ea83a81c?s=96&d=mm&r=g","url":"https:\/\/secure.gravatar.com\/avatar\/b6992f131dc8d30ab0dff15446e9d346d9dbd95992de0fef795073f5ea83a81c?s=96&d=mm&r=g","contentUrl":"https:\/\/secure.gravatar.com\/avatar\/b6992f131dc8d30ab0dff15446e9d346d9dbd95992de0fef795073f5ea83a81c?s=96&d=mm&r=g","caption":"La Gu\u00eda de Pamplona"}}]}},"post_mailing_queue_ids":[],"_links":{"self":[{"href":"https:\/\/www.laguiadepamplona.com\/actualidad\/wp-json\/wp\/v2\/posts\/46962","targetHints":{"allow":["GET"]}}],"collection":[{"href":"https:\/\/www.laguiadepamplona.com\/actualidad\/wp-json\/wp\/v2\/posts"}],"about":[{"href":"https:\/\/www.laguiadepamplona.com\/actualidad\/wp-json\/wp\/v2\/types\/post"}],"author":[{"embeddable":true,"href":"https:\/\/www.laguiadepamplona.com\/actualidad\/wp-json\/wp\/v2\/users\/1"}],"replies":[{"embeddable":true,"href":"https:\/\/www.laguiadepamplona.com\/actualidad\/wp-json\/wp\/v2\/comments?post=46962"}],"version-history":[{"count":1,"href":"https:\/\/www.laguiadepamplona.com\/actualidad\/wp-json\/wp\/v2\/posts\/46962\/revisions"}],"predecessor-version":[{"id":46964,"href":"https:\/\/www.laguiadepamplona.com\/actualidad\/wp-json\/wp\/v2\/posts\/46962\/revisions\/46964"}],"wp:featuredmedia":[{"embeddable":true,"href":"https:\/\/www.laguiadepamplona.com\/actualidad\/wp-json\/wp\/v2\/media\/46963"}],"wp:attachment":[{"href":"https:\/\/www.laguiadepamplona.com\/actualidad\/wp-json\/wp\/v2\/media?parent=46962"}],"wp:term":[{"taxonomy":"category","embeddable":true,"href":"https:\/\/www.laguiadepamplona.com\/actualidad\/wp-json\/wp\/v2\/categories?post=46962"},{"taxonomy":"post_tag","embeddable":true,"href":"https:\/\/www.laguiadepamplona.com\/actualidad\/wp-json\/wp\/v2\/tags?post=46962"}],"curies":[{"name":"wp","href":"https:\/\/api.w.org\/{rel}","templated":true}]}}