{"id":46959,"date":"2023-06-06T19:34:55","date_gmt":"2023-06-06T17:34:55","guid":{"rendered":"https:\/\/www.laguiadepamplona.com\/actualidad\/?p=46959"},"modified":"2023-06-07T12:48:15","modified_gmt":"2023-06-07T10:48:15","slug":"el-fronton-labrit-acogera-el-5-de-julio-la-final-del-torneo-de-san-fermin-de-pelota-mano-femenina","status":"publish","type":"post","link":"https:\/\/www.laguiadepamplona.com\/actualidad\/el-fronton-labrit-acogera-el-5-de-julio-la-final-del-torneo-de-san-fermin-de-pelota-mano-femenina\/","title":{"rendered":"El front\u00f3n Labrit acoger\u00e1 el 5 de julio la final del Torneo de San Ferm\u00edn de pelota mano femenina"},"content":{"rendered":"<h3>Seis parejas se disputar\u00e1n el triunfo en un torneo que arranca este s\u00e1bado y recorrer\u00e1 seis localidades antes de aterrizar en Pamplona<\/h3>\n<p><!--more--><\/p>\n<p>La segunda edici\u00f3n del Torneo de San Ferm\u00edn de pelota mano femenina por parejas arranca este s\u00e1bado, d\u00eda 10 de junio, y disputar\u00e1 su final el 5 de julio en el front\u00f3n Labrit. As\u00ed lo han anunciado hoy en rueda de prensa la concejala delegada de Servicios Sociales, Acci\u00f3n Comunitaria y Deporte del Ayuntamiento de Pamplona, Mar\u00eda Caballero, Maite Ruiz de Larramendi, de Ados Pilota, y Beatriz Preciado Biurrun, de INTIA. \u00c9sta es la segunda edici\u00f3n del torneo, que impuls\u00f3 el a\u00f1o pasado el club navarro de pelota mano femenina Ados Pilota, y que cuenta con el apoyo del Consistorio pamplon\u00e9s.<\/p>\n<p>Un total de seis parejas participar\u00e1n en el torneo, organizadas en dos grupos. La din\u00e1mica de la competici\u00f3n prev\u00e9 una liguilla de dos partidos en cada grupo, de forma que las parejas que lideren su grupo jugar\u00e1n la final en v\u00edsperas de San Ferm\u00edn. Los partidos se disputar\u00e1n en distintas ubicaciones, de forma que el torneo recorrer\u00e1 seis localidades, la mayor\u00eda navarras, antes de la clausura en Labrit. En concreto, los partidos se jugar\u00e1n en los frontones navarros de Lumbier, Tiebas, Erratzu, Arroniz y Eulate, y en la localidad guipuzcoana de Ubide.<\/p>\n<p>Las parejas las componen, en el primer grupo, Aldaregia &#8211; R.Larramendi, R.Infante &#8211; Mendiburu y Arrieta &#8211; Mujika. Y, en el segundo grupo, Etxekolonea &#8211; Agirre, Barrokal &#8211; Orbegozo e Iturriaga -Etxebeste. Todas ellas han participado en la rueda de prensa de presentaci\u00f3n, junto con la vicepresidenta de la asociaci\u00f3n Saray, Izaskun Echechip\u00eda, entidad con la que se colabora y a la que homenajear\u00e1 en la final. Esa final en el Labrit se integra en un festival m\u00e1s amplio, presanferminero, que organiza la Federaci\u00f3n de Pe\u00f1as de Pamplona y cuyo detalle se dar\u00e1 a conocer el pr\u00f3ximas fechas.<br \/>\n<script async src=\"\/\/pagead2.googlesyndication.com\/pagead\/js\/adsbygoogle.js\"><\/script><br \/>\n<!-- Noticias La Guia de Pamplona --><br \/>\n<ins class=\"adsbygoogle\"\nstyle=\"display:block\"\ndata-ad-client=\"ca-pub-6943679897239327\"\ndata-ad-slot=\"7048180777\"\ndata-ad-format=\"auto\"><\/ins><br \/>\n<script>\n(adsbygoogle = window.adsbygoogle || []).push({});\n<\/script><\/p>\n<p><strong>Pelota femenina<\/strong><\/p>\n<p>La idea de lanzar este torneo surge del primer club profesional de manistas \u00edntegramente femenino, Ados Pilota, que vio la luz en 2021 de la mano de las pelotaris navarras Iera Agirre y Maite Ruiz de Larramendi, e integra a 13 componentes, de las que seis son navarras, cuatro vizca\u00ednas y tres guipuzcoanas. El Ayuntamiento de Pamplona colabora con la cesi\u00f3n gratuita el front\u00f3n Labrit, una f\u00f3rmula utilizada tambi\u00e9n para otro torneo femenino organizado hace unos meses por esta misma asociaci\u00f3n.<\/p>\n<p>Con la celebraci\u00f3n del Torneo San Ferm\u00edn y la celebraci\u00f3n de la final el d\u00eda 5 en el front\u00f3n Labrit, tanto el Consistorio como la Federaci\u00f3n Navarra de Pelota Vasca quieran visibilizar la pelota mano femenina, que durante d\u00e9cadas ha permanecido en el ostracismo, ante la ausencia de clubes femeninos, y obligando a las deportistas a decantarse por la pala para seguir adelante en el deporte. En los \u00faltimos a\u00f1os el deporte femenino ha recuperado su espacio, con la celebraci\u00f3n de distintos torneos y campeonatos, al que se une \u00e9ste de San Ferm\u00edn.<\/p>\n<p><script async src=\"\/\/pagead2.googlesyndication.com\/pagead\/js\/adsbygoogle.js\"><\/script><br \/>\n<!-- Noticias La Guia de Pamplona --><br \/>\n<ins class=\"adsbygoogle\"\nstyle=\"display:block\"\ndata-ad-client=\"ca-pub-6943679897239327\"\ndata-ad-slot=\"7048180777\"\ndata-ad-format=\"auto\"><\/ins><br \/>\n<script>\n(adsbygoogle = window.adsbygoogle || []).push({});\n<\/script><\/p>\n<p>&nbsp;<\/p>\n<h3>Grupos<\/h3>\n<ul>\n<li><strong>Grupo A<\/strong>\n<ul>\n<li>Aldaregia &#8211; Ruiz de Larramendi<\/li>\n<li>Ruiz Infante &#8211; Mendiburu<\/li>\n<li>Arrieta &#8211; Mujika<\/li>\n<\/ul>\n<\/li>\n<li><strong>Grupo B<\/strong>\n<ul>\n<li>Etxekolonea &#8211; Agirre<\/li>\n<li>Barrokal &#8211; Orbegozo<\/li>\n<li>Iturriaga &#8211; Etxebeste<\/li>\n<\/ul>\n<\/li>\n<\/ul>\n<p>&nbsp;<\/p>\n<h3>Calendario<\/h3>\n<ul>\n<li><strong>10 de junio. Lumbier<\/strong>\n<ul>\n<li>Etxekolonea-Agirre vs Barrokal-Orbegozo<\/li>\n<\/ul>\n<\/li>\n<li><strong>18 de junio. Tiebas<\/strong>\n<ul>\n<li>Iturriaga-Etxebeste vs Etxekolonea-Agirre<\/li>\n<\/ul>\n<\/li>\n<li><strong>25 de junio. Ubide<\/strong>\n<ul>\n<li>Aldaregia-R.Larramendi vs R.Infante-Mendiburu<\/li>\n<\/ul>\n<\/li>\n<li><strong>30 de junio. Erratzu<\/strong>\n<ul>\n<li>Infante-Mendiburu vs Arrieta-Mujika<\/li>\n<\/ul>\n<\/li>\n<li><strong>1 de julio. Arr\u00f3niz<\/strong>\n<ul>\n<li>Barrokal-Orbegozo vs Iturriaga-Etxebeste<\/li>\n<\/ul>\n<\/li>\n<li><strong>2 de julio. Eulate<\/strong>\n<ul>\n<li>Arrieta-Mujika vs Aldaregia-R.Larramendi<\/li>\n<\/ul>\n<\/li>\n<li><strong>5 de julio. Pamplona-Labrit<\/strong>\n<ul>\n<li>Final entre las primeras clasificadas de cada grupo<\/li>\n<\/ul>\n<\/li>\n<\/ul>\n<h3><a href=\"https:\/\/www.pamplona.es\/sites\/default\/files\/2023-06\/230606pelotafemeninacast.pdf\">Folleto campeonato femenino pelota mano San Ferm\u00edn.pdf<\/a><\/h3>\n<p>&nbsp;<\/p>\n","protected":false},"excerpt":{"rendered":"<p>Seis parejas se disputar\u00e1n el triunfo en un torneo que arranca este s\u00e1bado y recorrer\u00e1 seis localidades antes de aterrizar en Pamplona<\/p>\n","protected":false},"author":1,"featured_media":46960,"comment_status":"open","ping_status":"closed","sticky":false,"template":"","format":"standard","meta":{"footnotes":""},"categories":[2,9406],"tags":[],"class_list":["post-46959","post","type-post","status-publish","format-standard","has-post-thumbnail","hentry","category-ayuntamiento-pamplona","category-san-fermin"],"yoast_head":"<!-- This site is optimized with the Yoast SEO plugin v27.3 - https:\/\/yoast.com\/product\/yoast-seo-wordpress\/ -->\n<title>El front\u00f3n Labrit acoger\u00e1 el 5 de julio la final del Torneo de San Ferm\u00edn de pelota mano femenina<\/title>\n<meta name=\"description\" content=\"Seis parejas se disputar\u00e1n el triunfo en un torneo que arranca este s\u00e1bado y recorrer\u00e1 seis localidades antes de aterrizar en Pamplona\" \/>\n<meta name=\"robots\" content=\"index, follow, max-snippet:-1, max-image-preview:large, max-video-preview:-1\" \/>\n<link rel=\"canonical\" href=\"https:\/\/www.laguiadepamplona.com\/actualidad\/el-fronton-labrit-acogera-el-5-de-julio-la-final-del-torneo-de-san-fermin-de-pelota-mano-femenina\/\" \/>\n<meta property=\"og:locale\" content=\"es_ES\" \/>\n<meta property=\"og:type\" content=\"article\" \/>\n<meta property=\"og:title\" content=\"El front\u00f3n Labrit acoger\u00e1 el 5 de julio la final del Torneo de San Ferm\u00edn de pelota mano femenina\" \/>\n<meta property=\"og:description\" content=\"Seis parejas se disputar\u00e1n el triunfo en un torneo que arranca este s\u00e1bado y recorrer\u00e1 seis localidades antes de aterrizar en Pamplona\" \/>\n<meta property=\"og:url\" content=\"https:\/\/www.laguiadepamplona.com\/actualidad\/el-fronton-labrit-acogera-el-5-de-julio-la-final-del-torneo-de-san-fermin-de-pelota-mano-femenina\/\" \/>\n<meta property=\"og:site_name\" content=\"La Gu\u00eda de Pamplona\" \/>\n<meta property=\"article:publisher\" content=\"https:\/\/www.facebook.com\/laguiadepamplonacom-133175176762273\/?ref=hl\" \/>\n<meta property=\"article:published_time\" content=\"2023-06-06T17:34:55+00:00\" \/>\n<meta property=\"article:modified_time\" content=\"2023-06-07T10:48:15+00:00\" \/>\n<meta property=\"og:image\" content=\"https:\/\/www.laguiadepamplona.com\/actualidad\/wp-content\/uploads\/2023\/06\/torneo-san-fermin-pelota-femenina.webp\" \/>\n\t<meta property=\"og:image:width\" content=\"1308\" \/>\n\t<meta property=\"og:image:height\" content=\"840\" \/>\n\t<meta property=\"og:image:type\" content=\"image\/webp\" \/>\n<meta name=\"author\" content=\"La Gu\u00eda de Pamplona\" \/>\n<meta name=\"twitter:card\" content=\"summary_large_image\" \/>\n<meta name=\"twitter:creator\" content=\"@LaGuiadPamplona\" \/>\n<meta name=\"twitter:site\" content=\"@LaGuiadPamplona\" \/>\n<meta name=\"twitter:label1\" content=\"Escrito por\" \/>\n\t<meta name=\"twitter:data1\" content=\"La Gu\u00eda de Pamplona\" \/>\n\t<meta name=\"twitter:label2\" content=\"Tiempo de lectura\" \/>\n\t<meta name=\"twitter:data2\" content=\"3 minutos\" \/>\n<script type=\"application\/ld+json\" class=\"yoast-schema-graph\">{\"@context\":\"https:\\\/\\\/schema.org\",\"@graph\":[{\"@type\":\"Article\",\"@id\":\"https:\\\/\\\/www.laguiadepamplona.com\\\/actualidad\\\/el-fronton-labrit-acogera-el-5-de-julio-la-final-del-torneo-de-san-fermin-de-pelota-mano-femenina\\\/#article\",\"isPartOf\":{\"@id\":\"https:\\\/\\\/www.laguiadepamplona.com\\\/actualidad\\\/el-fronton-labrit-acogera-el-5-de-julio-la-final-del-torneo-de-san-fermin-de-pelota-mano-femenina\\\/\"},\"author\":{\"name\":\"La Gu\u00eda de Pamplona\",\"@id\":\"https:\\\/\\\/www.laguiadepamplona.com\\\/actualidad\\\/#\\\/schema\\\/person\\\/efe887376f0213d4657c93adc50b1fdb\"},\"headline\":\"El front\u00f3n Labrit acoger\u00e1 el 5 de julio la final del Torneo de San Ferm\u00edn de pelota mano femenina\",\"datePublished\":\"2023-06-06T17:34:55+00:00\",\"dateModified\":\"2023-06-07T10:48:15+00:00\",\"mainEntityOfPage\":{\"@id\":\"https:\\\/\\\/www.laguiadepamplona.com\\\/actualidad\\\/el-fronton-labrit-acogera-el-5-de-julio-la-final-del-torneo-de-san-fermin-de-pelota-mano-femenina\\\/\"},\"wordCount\":640,\"commentCount\":0,\"publisher\":{\"@id\":\"https:\\\/\\\/www.laguiadepamplona.com\\\/actualidad\\\/#organization\"},\"image\":{\"@id\":\"https:\\\/\\\/www.laguiadepamplona.com\\\/actualidad\\\/el-fronton-labrit-acogera-el-5-de-julio-la-final-del-torneo-de-san-fermin-de-pelota-mano-femenina\\\/#primaryimage\"},\"thumbnailUrl\":\"https:\\\/\\\/www.laguiadepamplona.com\\\/actualidad\\\/wp-content\\\/uploads\\\/2023\\\/06\\\/torneo-san-fermin-pelota-femenina.webp\",\"articleSection\":[\"Ayto Pamplona\",\"San Ferm\u00edn\"],\"inLanguage\":\"es\",\"potentialAction\":[{\"@type\":\"CommentAction\",\"name\":\"Comment\",\"target\":[\"https:\\\/\\\/www.laguiadepamplona.com\\\/actualidad\\\/el-fronton-labrit-acogera-el-5-de-julio-la-final-del-torneo-de-san-fermin-de-pelota-mano-femenina\\\/#respond\"]}]},{\"@type\":\"WebPage\",\"@id\":\"https:\\\/\\\/www.laguiadepamplona.com\\\/actualidad\\\/el-fronton-labrit-acogera-el-5-de-julio-la-final-del-torneo-de-san-fermin-de-pelota-mano-femenina\\\/\",\"url\":\"https:\\\/\\\/www.laguiadepamplona.com\\\/actualidad\\\/el-fronton-labrit-acogera-el-5-de-julio-la-final-del-torneo-de-san-fermin-de-pelota-mano-femenina\\\/\",\"name\":\"El front\u00f3n Labrit acoger\u00e1 el 5 de julio la final del Torneo de San Ferm\u00edn de pelota mano femenina\",\"isPartOf\":{\"@id\":\"https:\\\/\\\/www.laguiadepamplona.com\\\/actualidad\\\/#website\"},\"primaryImageOfPage\":{\"@id\":\"https:\\\/\\\/www.laguiadepamplona.com\\\/actualidad\\\/el-fronton-labrit-acogera-el-5-de-julio-la-final-del-torneo-de-san-fermin-de-pelota-mano-femenina\\\/#primaryimage\"},\"image\":{\"@id\":\"https:\\\/\\\/www.laguiadepamplona.com\\\/actualidad\\\/el-fronton-labrit-acogera-el-5-de-julio-la-final-del-torneo-de-san-fermin-de-pelota-mano-femenina\\\/#primaryimage\"},\"thumbnailUrl\":\"https:\\\/\\\/www.laguiadepamplona.com\\\/actualidad\\\/wp-content\\\/uploads\\\/2023\\\/06\\\/torneo-san-fermin-pelota-femenina.webp\",\"datePublished\":\"2023-06-06T17:34:55+00:00\",\"dateModified\":\"2023-06-07T10:48:15+00:00\",\"description\":\"Seis parejas se disputar\u00e1n el triunfo en un torneo que arranca este s\u00e1bado y recorrer\u00e1 seis localidades antes de aterrizar en Pamplona\",\"breadcrumb\":{\"@id\":\"https:\\\/\\\/www.laguiadepamplona.com\\\/actualidad\\\/el-fronton-labrit-acogera-el-5-de-julio-la-final-del-torneo-de-san-fermin-de-pelota-mano-femenina\\\/#breadcrumb\"},\"inLanguage\":\"es\",\"potentialAction\":[{\"@type\":\"ReadAction\",\"target\":[\"https:\\\/\\\/www.laguiadepamplona.com\\\/actualidad\\\/el-fronton-labrit-acogera-el-5-de-julio-la-final-del-torneo-de-san-fermin-de-pelota-mano-femenina\\\/\"]}]},{\"@type\":\"ImageObject\",\"inLanguage\":\"es\",\"@id\":\"https:\\\/\\\/www.laguiadepamplona.com\\\/actualidad\\\/el-fronton-labrit-acogera-el-5-de-julio-la-final-del-torneo-de-san-fermin-de-pelota-mano-femenina\\\/#primaryimage\",\"url\":\"https:\\\/\\\/www.laguiadepamplona.com\\\/actualidad\\\/wp-content\\\/uploads\\\/2023\\\/06\\\/torneo-san-fermin-pelota-femenina.webp\",\"contentUrl\":\"https:\\\/\\\/www.laguiadepamplona.com\\\/actualidad\\\/wp-content\\\/uploads\\\/2023\\\/06\\\/torneo-san-fermin-pelota-femenina.webp\",\"width\":1308,\"height\":840},{\"@type\":\"BreadcrumbList\",\"@id\":\"https:\\\/\\\/www.laguiadepamplona.com\\\/actualidad\\\/el-fronton-labrit-acogera-el-5-de-julio-la-final-del-torneo-de-san-fermin-de-pelota-mano-femenina\\\/#breadcrumb\",\"itemListElement\":[{\"@type\":\"ListItem\",\"position\":1,\"name\":\"Portada\",\"item\":\"https:\\\/\\\/www.laguiadepamplona.com\\\/actualidad\\\/\"},{\"@type\":\"ListItem\",\"position\":2,\"name\":\"El front\u00f3n Labrit acoger\u00e1 el 5 de julio la final del Torneo de San Ferm\u00edn de pelota mano femenina\"}]},{\"@type\":\"WebSite\",\"@id\":\"https:\\\/\\\/www.laguiadepamplona.com\\\/actualidad\\\/#website\",\"url\":\"https:\\\/\\\/www.laguiadepamplona.com\\\/actualidad\\\/\",\"name\":\"La gu\u00eda de Pamplona\",\"description\":\"Noticias de Pamplona\",\"publisher\":{\"@id\":\"https:\\\/\\\/www.laguiadepamplona.com\\\/actualidad\\\/#organization\"},\"potentialAction\":[{\"@type\":\"SearchAction\",\"target\":{\"@type\":\"EntryPoint\",\"urlTemplate\":\"https:\\\/\\\/www.laguiadepamplona.com\\\/actualidad\\\/?s={search_term_string}\"},\"query-input\":{\"@type\":\"PropertyValueSpecification\",\"valueRequired\":true,\"valueName\":\"search_term_string\"}}],\"inLanguage\":\"es\"},{\"@type\":\"Organization\",\"@id\":\"https:\\\/\\\/www.laguiadepamplona.com\\\/actualidad\\\/#organization\",\"name\":\"La Gu\u00eda de Pamplona \\\/ Noticias\",\"url\":\"https:\\\/\\\/www.laguiadepamplona.com\\\/actualidad\\\/\",\"logo\":{\"@type\":\"ImageObject\",\"inLanguage\":\"es\",\"@id\":\"https:\\\/\\\/www.laguiadepamplona.com\\\/actualidad\\\/#\\\/schema\\\/logo\\\/image\\\/\",\"url\":\"https:\\\/\\\/www.laguiadepamplona.com\\\/actualidad\\\/wp-content\\\/uploads\\\/2018\\\/11\\\/logo-laguiadepamplona18-web1.png\",\"contentUrl\":\"https:\\\/\\\/www.laguiadepamplona.com\\\/actualidad\\\/wp-content\\\/uploads\\\/2018\\\/11\\\/logo-laguiadepamplona18-web1.png\",\"width\":600,\"height\":196,\"caption\":\"La Gu\u00eda de Pamplona \\\/ Noticias\"},\"image\":{\"@id\":\"https:\\\/\\\/www.laguiadepamplona.com\\\/actualidad\\\/#\\\/schema\\\/logo\\\/image\\\/\"},\"sameAs\":[\"https:\\\/\\\/www.facebook.com\\\/laguiadepamplonacom-133175176762273\\\/?ref=hl\",\"https:\\\/\\\/x.com\\\/LaGuiadPamplona\",\"https:\\\/\\\/www.instagram.com\\\/la_guia_de_pamplona\\\/\",\"https:\\\/\\\/www.youtube.com\\\/user\\\/laguiadepamplona\"]},{\"@type\":\"Person\",\"@id\":\"https:\\\/\\\/www.laguiadepamplona.com\\\/actualidad\\\/#\\\/schema\\\/person\\\/efe887376f0213d4657c93adc50b1fdb\",\"name\":\"La Gu\u00eda de Pamplona\",\"image\":{\"@type\":\"ImageObject\",\"inLanguage\":\"es\",\"@id\":\"https:\\\/\\\/secure.gravatar.com\\\/avatar\\\/b6992f131dc8d30ab0dff15446e9d346d9dbd95992de0fef795073f5ea83a81c?s=96&d=mm&r=g\",\"url\":\"https:\\\/\\\/secure.gravatar.com\\\/avatar\\\/b6992f131dc8d30ab0dff15446e9d346d9dbd95992de0fef795073f5ea83a81c?s=96&d=mm&r=g\",\"contentUrl\":\"https:\\\/\\\/secure.gravatar.com\\\/avatar\\\/b6992f131dc8d30ab0dff15446e9d346d9dbd95992de0fef795073f5ea83a81c?s=96&d=mm&r=g\",\"caption\":\"La Gu\u00eda de Pamplona\"}}]}<\/script>\n<!-- \/ Yoast SEO plugin. -->","yoast_head_json":{"title":"El front\u00f3n Labrit acoger\u00e1 el 5 de julio la final del Torneo de San Ferm\u00edn de pelota mano femenina","description":"Seis parejas se disputar\u00e1n el triunfo en un torneo que arranca este s\u00e1bado y recorrer\u00e1 seis localidades antes de aterrizar en Pamplona","robots":{"index":"index","follow":"follow","max-snippet":"max-snippet:-1","max-image-preview":"max-image-preview:large","max-video-preview":"max-video-preview:-1"},"canonical":"https:\/\/www.laguiadepamplona.com\/actualidad\/el-fronton-labrit-acogera-el-5-de-julio-la-final-del-torneo-de-san-fermin-de-pelota-mano-femenina\/","og_locale":"es_ES","og_type":"article","og_title":"El front\u00f3n Labrit acoger\u00e1 el 5 de julio la final del Torneo de San Ferm\u00edn de pelota mano femenina","og_description":"Seis parejas se disputar\u00e1n el triunfo en un torneo que arranca este s\u00e1bado y recorrer\u00e1 seis localidades antes de aterrizar en Pamplona","og_url":"https:\/\/www.laguiadepamplona.com\/actualidad\/el-fronton-labrit-acogera-el-5-de-julio-la-final-del-torneo-de-san-fermin-de-pelota-mano-femenina\/","og_site_name":"La Gu\u00eda de Pamplona","article_publisher":"https:\/\/www.facebook.com\/laguiadepamplonacom-133175176762273\/?ref=hl","article_published_time":"2023-06-06T17:34:55+00:00","article_modified_time":"2023-06-07T10:48:15+00:00","og_image":[{"width":1308,"height":840,"url":"https:\/\/www.laguiadepamplona.com\/actualidad\/wp-content\/uploads\/2023\/06\/torneo-san-fermin-pelota-femenina.webp","type":"image\/webp"}],"author":"La Gu\u00eda de Pamplona","twitter_card":"summary_large_image","twitter_creator":"@LaGuiadPamplona","twitter_site":"@LaGuiadPamplona","twitter_misc":{"Escrito por":"La Gu\u00eda de Pamplona","Tiempo de lectura":"3 minutos"},"schema":{"@context":"https:\/\/schema.org","@graph":[{"@type":"Article","@id":"https:\/\/www.laguiadepamplona.com\/actualidad\/el-fronton-labrit-acogera-el-5-de-julio-la-final-del-torneo-de-san-fermin-de-pelota-mano-femenina\/#article","isPartOf":{"@id":"https:\/\/www.laguiadepamplona.com\/actualidad\/el-fronton-labrit-acogera-el-5-de-julio-la-final-del-torneo-de-san-fermin-de-pelota-mano-femenina\/"},"author":{"name":"La Gu\u00eda de Pamplona","@id":"https:\/\/www.laguiadepamplona.com\/actualidad\/#\/schema\/person\/efe887376f0213d4657c93adc50b1fdb"},"headline":"El front\u00f3n Labrit acoger\u00e1 el 5 de julio la final del Torneo de San Ferm\u00edn de pelota mano femenina","datePublished":"2023-06-06T17:34:55+00:00","dateModified":"2023-06-07T10:48:15+00:00","mainEntityOfPage":{"@id":"https:\/\/www.laguiadepamplona.com\/actualidad\/el-fronton-labrit-acogera-el-5-de-julio-la-final-del-torneo-de-san-fermin-de-pelota-mano-femenina\/"},"wordCount":640,"commentCount":0,"publisher":{"@id":"https:\/\/www.laguiadepamplona.com\/actualidad\/#organization"},"image":{"@id":"https:\/\/www.laguiadepamplona.com\/actualidad\/el-fronton-labrit-acogera-el-5-de-julio-la-final-del-torneo-de-san-fermin-de-pelota-mano-femenina\/#primaryimage"},"thumbnailUrl":"https:\/\/www.laguiadepamplona.com\/actualidad\/wp-content\/uploads\/2023\/06\/torneo-san-fermin-pelota-femenina.webp","articleSection":["Ayto Pamplona","San Ferm\u00edn"],"inLanguage":"es","potentialAction":[{"@type":"CommentAction","name":"Comment","target":["https:\/\/www.laguiadepamplona.com\/actualidad\/el-fronton-labrit-acogera-el-5-de-julio-la-final-del-torneo-de-san-fermin-de-pelota-mano-femenina\/#respond"]}]},{"@type":"WebPage","@id":"https:\/\/www.laguiadepamplona.com\/actualidad\/el-fronton-labrit-acogera-el-5-de-julio-la-final-del-torneo-de-san-fermin-de-pelota-mano-femenina\/","url":"https:\/\/www.laguiadepamplona.com\/actualidad\/el-fronton-labrit-acogera-el-5-de-julio-la-final-del-torneo-de-san-fermin-de-pelota-mano-femenina\/","name":"El front\u00f3n Labrit acoger\u00e1 el 5 de julio la final del Torneo de San Ferm\u00edn de pelota mano femenina","isPartOf":{"@id":"https:\/\/www.laguiadepamplona.com\/actualidad\/#website"},"primaryImageOfPage":{"@id":"https:\/\/www.laguiadepamplona.com\/actualidad\/el-fronton-labrit-acogera-el-5-de-julio-la-final-del-torneo-de-san-fermin-de-pelota-mano-femenina\/#primaryimage"},"image":{"@id":"https:\/\/www.laguiadepamplona.com\/actualidad\/el-fronton-labrit-acogera-el-5-de-julio-la-final-del-torneo-de-san-fermin-de-pelota-mano-femenina\/#primaryimage"},"thumbnailUrl":"https:\/\/www.laguiadepamplona.com\/actualidad\/wp-content\/uploads\/2023\/06\/torneo-san-fermin-pelota-femenina.webp","datePublished":"2023-06-06T17:34:55+00:00","dateModified":"2023-06-07T10:48:15+00:00","description":"Seis parejas se disputar\u00e1n el triunfo en un torneo que arranca este s\u00e1bado y recorrer\u00e1 seis localidades antes de aterrizar en Pamplona","breadcrumb":{"@id":"https:\/\/www.laguiadepamplona.com\/actualidad\/el-fronton-labrit-acogera-el-5-de-julio-la-final-del-torneo-de-san-fermin-de-pelota-mano-femenina\/#breadcrumb"},"inLanguage":"es","potentialAction":[{"@type":"ReadAction","target":["https:\/\/www.laguiadepamplona.com\/actualidad\/el-fronton-labrit-acogera-el-5-de-julio-la-final-del-torneo-de-san-fermin-de-pelota-mano-femenina\/"]}]},{"@type":"ImageObject","inLanguage":"es","@id":"https:\/\/www.laguiadepamplona.com\/actualidad\/el-fronton-labrit-acogera-el-5-de-julio-la-final-del-torneo-de-san-fermin-de-pelota-mano-femenina\/#primaryimage","url":"https:\/\/www.laguiadepamplona.com\/actualidad\/wp-content\/uploads\/2023\/06\/torneo-san-fermin-pelota-femenina.webp","contentUrl":"https:\/\/www.laguiadepamplona.com\/actualidad\/wp-content\/uploads\/2023\/06\/torneo-san-fermin-pelota-femenina.webp","width":1308,"height":840},{"@type":"BreadcrumbList","@id":"https:\/\/www.laguiadepamplona.com\/actualidad\/el-fronton-labrit-acogera-el-5-de-julio-la-final-del-torneo-de-san-fermin-de-pelota-mano-femenina\/#breadcrumb","itemListElement":[{"@type":"ListItem","position":1,"name":"Portada","item":"https:\/\/www.laguiadepamplona.com\/actualidad\/"},{"@type":"ListItem","position":2,"name":"El front\u00f3n Labrit acoger\u00e1 el 5 de julio la final del Torneo de San Ferm\u00edn de pelota mano femenina"}]},{"@type":"WebSite","@id":"https:\/\/www.laguiadepamplona.com\/actualidad\/#website","url":"https:\/\/www.laguiadepamplona.com\/actualidad\/","name":"La gu\u00eda de Pamplona","description":"Noticias de Pamplona","publisher":{"@id":"https:\/\/www.laguiadepamplona.com\/actualidad\/#organization"},"potentialAction":[{"@type":"SearchAction","target":{"@type":"EntryPoint","urlTemplate":"https:\/\/www.laguiadepamplona.com\/actualidad\/?s={search_term_string}"},"query-input":{"@type":"PropertyValueSpecification","valueRequired":true,"valueName":"search_term_string"}}],"inLanguage":"es"},{"@type":"Organization","@id":"https:\/\/www.laguiadepamplona.com\/actualidad\/#organization","name":"La Gu\u00eda de Pamplona \/ Noticias","url":"https:\/\/www.laguiadepamplona.com\/actualidad\/","logo":{"@type":"ImageObject","inLanguage":"es","@id":"https:\/\/www.laguiadepamplona.com\/actualidad\/#\/schema\/logo\/image\/","url":"https:\/\/www.laguiadepamplona.com\/actualidad\/wp-content\/uploads\/2018\/11\/logo-laguiadepamplona18-web1.png","contentUrl":"https:\/\/www.laguiadepamplona.com\/actualidad\/wp-content\/uploads\/2018\/11\/logo-laguiadepamplona18-web1.png","width":600,"height":196,"caption":"La Gu\u00eda de Pamplona \/ Noticias"},"image":{"@id":"https:\/\/www.laguiadepamplona.com\/actualidad\/#\/schema\/logo\/image\/"},"sameAs":["https:\/\/www.facebook.com\/laguiadepamplonacom-133175176762273\/?ref=hl","https:\/\/x.com\/LaGuiadPamplona","https:\/\/www.instagram.com\/la_guia_de_pamplona\/","https:\/\/www.youtube.com\/user\/laguiadepamplona"]},{"@type":"Person","@id":"https:\/\/www.laguiadepamplona.com\/actualidad\/#\/schema\/person\/efe887376f0213d4657c93adc50b1fdb","name":"La Gu\u00eda de Pamplona","image":{"@type":"ImageObject","inLanguage":"es","@id":"https:\/\/secure.gravatar.com\/avatar\/b6992f131dc8d30ab0dff15446e9d346d9dbd95992de0fef795073f5ea83a81c?s=96&d=mm&r=g","url":"https:\/\/secure.gravatar.com\/avatar\/b6992f131dc8d30ab0dff15446e9d346d9dbd95992de0fef795073f5ea83a81c?s=96&d=mm&r=g","contentUrl":"https:\/\/secure.gravatar.com\/avatar\/b6992f131dc8d30ab0dff15446e9d346d9dbd95992de0fef795073f5ea83a81c?s=96&d=mm&r=g","caption":"La Gu\u00eda de Pamplona"}}]}},"post_mailing_queue_ids":[],"_links":{"self":[{"href":"https:\/\/www.laguiadepamplona.com\/actualidad\/wp-json\/wp\/v2\/posts\/46959","targetHints":{"allow":["GET"]}}],"collection":[{"href":"https:\/\/www.laguiadepamplona.com\/actualidad\/wp-json\/wp\/v2\/posts"}],"about":[{"href":"https:\/\/www.laguiadepamplona.com\/actualidad\/wp-json\/wp\/v2\/types\/post"}],"author":[{"embeddable":true,"href":"https:\/\/www.laguiadepamplona.com\/actualidad\/wp-json\/wp\/v2\/users\/1"}],"replies":[{"embeddable":true,"href":"https:\/\/www.laguiadepamplona.com\/actualidad\/wp-json\/wp\/v2\/comments?post=46959"}],"version-history":[{"count":1,"href":"https:\/\/www.laguiadepamplona.com\/actualidad\/wp-json\/wp\/v2\/posts\/46959\/revisions"}],"predecessor-version":[{"id":46961,"href":"https:\/\/www.laguiadepamplona.com\/actualidad\/wp-json\/wp\/v2\/posts\/46959\/revisions\/46961"}],"wp:featuredmedia":[{"embeddable":true,"href":"https:\/\/www.laguiadepamplona.com\/actualidad\/wp-json\/wp\/v2\/media\/46960"}],"wp:attachment":[{"href":"https:\/\/www.laguiadepamplona.com\/actualidad\/wp-json\/wp\/v2\/media?parent=46959"}],"wp:term":[{"taxonomy":"category","embeddable":true,"href":"https:\/\/www.laguiadepamplona.com\/actualidad\/wp-json\/wp\/v2\/categories?post=46959"},{"taxonomy":"post_tag","embeddable":true,"href":"https:\/\/www.laguiadepamplona.com\/actualidad\/wp-json\/wp\/v2\/tags?post=46959"}],"curies":[{"name":"wp","href":"https:\/\/api.w.org\/{rel}","templated":true}]}}