{"id":46943,"date":"2023-06-05T17:17:57","date_gmt":"2023-06-05T15:17:57","guid":{"rendered":"https:\/\/www.laguiadepamplona.com\/actualidad\/?p=46943"},"modified":"2023-06-05T17:17:57","modified_gmt":"2023-06-05T15:17:57","slug":"el-ayuntamiento-cede-a-la-comunidad-energetica-de-mendillorri-el-uso-de-la-instalacion-fotovoltaica-de-autoconsumo-de-la-cubierta-los-cpeip-el-lago-y-mendigoiti","status":"publish","type":"post","link":"https:\/\/www.laguiadepamplona.com\/actualidad\/el-ayuntamiento-cede-a-la-comunidad-energetica-de-mendillorri-el-uso-de-la-instalacion-fotovoltaica-de-autoconsumo-de-la-cubierta-los-cpeip-el-lago-y-mendigoiti\/","title":{"rendered":"El Ayuntamiento cede a la Comunidad Energ\u00e9tica de Mendillorri el uso de la instalaci\u00f3n fotovoltaica de autoconsumo de la cubierta los CPEIP El Lago y Mendigoiti"},"content":{"rendered":"<h3>Se les concede tambi\u00e9n el uso privativo de la cubierta del CPEIP Elorri para que ubiquen una nueva instalaci\u00f3n fotovoltaica<\/h3>\n<p><!--more--><\/p>\n<p>La Junta de Gobierno Local ha aprobado dos expedientes con dos concesiones administrativas de uso de instalaciones fotovoltaicas a la Comunidad Energ\u00e9tica de Mendillorri, KEMENDI. Un primer expediente est\u00e1 relacionado con el uso de la instalaci\u00f3n fotovoltaica municipal de autoconsumo en la cubierta de los centros escolares El Lago y Mendigoiti; el segundo expediente tiene que ver con el uso de la cubierta del CPEIP Elorri para ubicar una nueva instalaci\u00f3n fotovoltaica.<\/p>\n<p>La instalaci\u00f3n fotovoltaica de los CPEIP El Lago y Mendigoiti se encuentra registrada en el inventario municipal de bienes con una calificaci\u00f3n jur\u00eddica de bien de dominio p\u00fablico destinado al servicio p\u00fablico. La concesi\u00f3n establece como canon el derecho del Ayuntamiento de Pamplona sobre la generaci\u00f3n de, al menos, el 20% del total de la instalaci\u00f3n. El plazo de la concesi\u00f3n ser\u00e1 de 20 a\u00f1os contados a partir de la fecha del acuerdo de adjudicaci\u00f3n.<br \/>\n<script async src=\"\/\/pagead2.googlesyndication.com\/pagead\/js\/adsbygoogle.js\"><\/script><br \/>\n<!-- Noticias La Guia de Pamplona --><br \/>\n<ins class=\"adsbygoogle\"\nstyle=\"display:block\"\ndata-ad-client=\"ca-pub-6943679897239327\"\ndata-ad-slot=\"7048180777\"\ndata-ad-format=\"auto\"><\/ins><br \/>\n<script>\n(adsbygoogle = window.adsbygoogle || []).push({});\n<\/script><\/p>\n<p>Al concluir ese plazo, la instalaci\u00f3n fotovoltaica revertir\u00e1 y se entregar\u00e1 al Ayuntamiento en un buen estado de conservaci\u00f3n, salvo el deterioro o menoscabo normal, y libre de cualquier carga o gravamen, no pudiendo el concesionario solicitar del Ayuntamiento el abono de cantidad alguna por las actuaciones ejecutadas. El Ayuntamiento de Pamplona se reserva el derecho de rescatar la concesi\u00f3n antes de su vencimiento si lo justificasen circunstancias sobrevenidas de inter\u00e9s p\u00fablico.<\/p>\n<p>El Ayuntamiento de Pamplona ha aprobado tambi\u00e9n la concesi\u00f3n a KEMENDI del uso privativo de la cubierta del CPEIP Elorri para que instale una planta de generaci\u00f3n fotovoltaica. La instalaci\u00f3n deber\u00e1 estar en funcionamiento en el plazo de dos a\u00f1os. La concesionaria deber\u00e1 ceder durante el per\u00edodo de la concesi\u00f3n, en calidad de canon, el 5% de la energ\u00eda generada para suministros el\u00e9ctricos de edificios municipales.<\/p>\n<p>El Ayuntamiento podr\u00e1 tener derecho a una cuota de generaci\u00f3n superior al 5%, debiendo en tal caso negociar directamente los t\u00e9rminos con la concesionaria. El plazo de la concesi\u00f3n ser\u00e1 de 30 a\u00f1os contados a partir de la fecha del acuerdo de adjudicaci\u00f3n de la concesi\u00f3n administrativa. El Ayuntamiento de Pamplona se reserva el derecho de rescatar la concesi\u00f3n antes de su vencimiento si lo justificasen circunstancias sobrevenidas de inter\u00e9s p\u00fablico.<br \/>\n<script async src=\"\/\/pagead2.googlesyndication.com\/pagead\/js\/adsbygoogle.js\"><\/script><br \/>\n<!-- Noticias La Guia de Pamplona --><br \/>\n<ins class=\"adsbygoogle\"\nstyle=\"display:block\"\ndata-ad-client=\"ca-pub-6943679897239327\"\ndata-ad-slot=\"7048180777\"\ndata-ad-format=\"auto\"><\/ins><br \/>\n<script>\n(adsbygoogle = window.adsbygoogle || []).push({});\n<\/script><\/p>\n<p><strong>Comunidad Energ\u00e9tica de Mendillorri<\/strong><\/p>\n<p>La Comunidad Energ\u00e9tica de Mendillorri, KEMENDI, es una asociaci\u00f3n sin \u00e1nimo de lucro, que tiene entre sus fines conseguir un modelo energ\u00e9tico m\u00e1s sostenible y que contamine menos, encontrando soluciones energ\u00e9ticas desde el bien com\u00fan y compartido. Por este motivo, el procedimiento de adjudicaci\u00f3n directa se justifica en la necesidad de uso de la cubierta para la realizaci\u00f3n un fin de inter\u00e9s general, como es la promoci\u00f3n de la generaci\u00f3n de energ\u00eda renovable minimizando el impacto ambiental.<\/p>\n<p>La asociaci\u00f3n ya se encuentra constituida y actualmente est\u00e1 en fase de b\u00fasqueda de socios para valorar el volumen de los proyectos que pueden impulsar. As\u00ed la cosas, cuantos m\u00e1s socios y socias sean m\u00e1s fuerza tendr\u00e1n y mejores condiciones podr\u00e1n dar a sus personas y entidades asociadas.<\/p>\n<p>Este proyecto de comunidad energ\u00e9tica se enmarca dentro del programa Go Green Pamplona, que engloba las actuaciones y medidas que el Ayuntamiento lleva a cabo contra el cambio clim\u00e1tico. El impulso para la creaci\u00f3n y constituci\u00f3n de comunidades energ\u00e9ticas busca tambi\u00e9n poner en valor la estrategia emprendida de generaci\u00f3n de energ\u00eda renovable en la ciudad. El Ayuntamiento est\u00e1 buscando extrapolar esta idea a todos los barrios de Pamplona.<br \/>\n<script async src=\"\/\/pagead2.googlesyndication.com\/pagead\/js\/adsbygoogle.js\"><\/script><br \/>\n<!-- Noticias La Guia de Pamplona --><br \/>\n<ins class=\"adsbygoogle\"\nstyle=\"display:block\"\ndata-ad-client=\"ca-pub-6943679897239327\"\ndata-ad-slot=\"7048180777\"\ndata-ad-format=\"auto\"><\/ins><br \/>\n<script>\n(adsbygoogle = window.adsbygoogle || []).push({});\n<\/script><\/p>\n<p><strong>Sobre las comunidades energ\u00e9ticas<\/strong><\/p>\n<p>La aparici\u00f3n de comunidades energ\u00e9ticas se sit\u00faa como una herramienta que puede facilitar el proceso de descarbonizaci\u00f3n de la ciudad, ya que pueden canalizar la participaci\u00f3n de la ciudadan\u00eda y peque\u00f1as empresas en la lucha contra el cambio clim\u00e1tico, adem\u00e1s de dinamizar inversiones colectivas en la ciudad para avanzar en la transici\u00f3n energ\u00e9tica. La Estrategia de Transici\u00f3n Energ\u00e9tica de Pamplona marca una serie de l\u00edneas y acciones para poder llegar a los objetivos marcados, en cinco \u00e1reas concretas, entre las que destaca la descarbonizaci\u00f3n del modelo energ\u00e9tico local, y la instauraci\u00f3n de una cultura clim\u00e1tica en la sociedad de Pamplona<\/p>\n<p>Una comunidad energ\u00e9tica trasciende al consumidor individual para centrarse en una colectividad de personas, empresas y entidades, que quieran asociarse para beneficiarse de la generaci\u00f3n de energ\u00eda limpia y otros servicios energ\u00e9ticos. En este sentido, las comunidades energ\u00e9ticas est\u00e1n abiertas tanto a personas f\u00edsicas como a pymes y entidades locales. Las principales actividades que se pueden desarrollar pasan por la generaci\u00f3n de energ\u00eda procedente de fuentes renovables, su suministro y almacenamiento, as\u00ed como su consumo, y la proporci\u00f3n, en su caso, de servicios energ\u00e9ticos.<\/p>\n<p>Pero tambi\u00e9n se est\u00e1n contemplando otras actividades con una perspectiva m\u00e1s social en los barrios, como asesoramiento energ\u00e9tico, movilidad\u2026 Para poder funcionar como tal, es preciso que la comunidad se constituya como una entidad jur\u00eddica, basada en la participaci\u00f3n abierta y voluntaria de sus miembros o socios.<\/p>\n","protected":false},"excerpt":{"rendered":"<p>Se les concede tambi\u00e9n el uso privativo de la cubierta del CPEIP Elorri para que ubiquen una nueva instalaci\u00f3n fotovoltaica<\/p>\n","protected":false},"author":1,"featured_media":38138,"comment_status":"open","ping_status":"closed","sticky":false,"template":"","format":"standard","meta":{"footnotes":""},"categories":[2],"tags":[],"class_list":["post-46943","post","type-post","status-publish","format-standard","has-post-thumbnail","hentry","category-ayuntamiento-pamplona"],"yoast_head":"<!-- This site is optimized with the Yoast SEO plugin v27.3 - https:\/\/yoast.com\/product\/yoast-seo-wordpress\/ -->\n<title>El Ayuntamiento cede a la Comunidad Energ\u00e9tica de Mendillorri el uso de la instalaci\u00f3n fotovoltaica de autoconsumo de la cubierta los CPEIP El Lago y Mendigoiti<\/title>\n<meta name=\"description\" content=\"Se les concede tambi\u00e9n el uso privativo de la cubierta del CPEIP Elorri para que ubiquen una nueva instalaci\u00f3n fotovoltaica\" \/>\n<meta name=\"robots\" content=\"index, follow, max-snippet:-1, max-image-preview:large, max-video-preview:-1\" \/>\n<link rel=\"canonical\" href=\"https:\/\/www.laguiadepamplona.com\/actualidad\/el-ayuntamiento-cede-a-la-comunidad-energetica-de-mendillorri-el-uso-de-la-instalacion-fotovoltaica-de-autoconsumo-de-la-cubierta-los-cpeip-el-lago-y-mendigoiti\/\" \/>\n<meta property=\"og:locale\" content=\"es_ES\" \/>\n<meta property=\"og:type\" content=\"article\" \/>\n<meta property=\"og:title\" content=\"El Ayuntamiento cede a la Comunidad Energ\u00e9tica de Mendillorri el uso de la instalaci\u00f3n fotovoltaica de autoconsumo de la cubierta los CPEIP El Lago y Mendigoiti\" \/>\n<meta property=\"og:description\" content=\"Se les concede tambi\u00e9n el uso privativo de la cubierta del CPEIP Elorri para que ubiquen una nueva instalaci\u00f3n fotovoltaica\" \/>\n<meta property=\"og:url\" content=\"https:\/\/www.laguiadepamplona.com\/actualidad\/el-ayuntamiento-cede-a-la-comunidad-energetica-de-mendillorri-el-uso-de-la-instalacion-fotovoltaica-de-autoconsumo-de-la-cubierta-los-cpeip-el-lago-y-mendigoiti\/\" \/>\n<meta property=\"og:site_name\" content=\"La Gu\u00eda de Pamplona\" \/>\n<meta property=\"article:publisher\" content=\"https:\/\/www.facebook.com\/laguiadepamplonacom-133175176762273\/?ref=hl\" \/>\n<meta property=\"article:published_time\" content=\"2023-06-05T15:17:57+00:00\" \/>\n<meta property=\"og:image\" content=\"https:\/\/www.laguiadepamplona.com\/actualidad\/wp-content\/uploads\/2021\/12\/energia-fotovoltaica.jpg\" \/>\n\t<meta property=\"og:image:width\" content=\"870\" \/>\n\t<meta property=\"og:image:height\" content=\"593\" \/>\n\t<meta property=\"og:image:type\" content=\"image\/jpeg\" \/>\n<meta name=\"author\" content=\"La Gu\u00eda de Pamplona\" \/>\n<meta name=\"twitter:card\" content=\"summary_large_image\" \/>\n<meta name=\"twitter:creator\" content=\"@LaGuiadPamplona\" \/>\n<meta name=\"twitter:site\" content=\"@LaGuiadPamplona\" \/>\n<meta name=\"twitter:label1\" content=\"Escrito por\" \/>\n\t<meta name=\"twitter:data1\" content=\"La Gu\u00eda de Pamplona\" \/>\n\t<meta name=\"twitter:label2\" content=\"Tiempo de lectura\" \/>\n\t<meta name=\"twitter:data2\" content=\"4 minutos\" \/>\n<script type=\"application\/ld+json\" class=\"yoast-schema-graph\">{\"@context\":\"https:\\\/\\\/schema.org\",\"@graph\":[{\"@type\":\"Article\",\"@id\":\"https:\\\/\\\/www.laguiadepamplona.com\\\/actualidad\\\/el-ayuntamiento-cede-a-la-comunidad-energetica-de-mendillorri-el-uso-de-la-instalacion-fotovoltaica-de-autoconsumo-de-la-cubierta-los-cpeip-el-lago-y-mendigoiti\\\/#article\",\"isPartOf\":{\"@id\":\"https:\\\/\\\/www.laguiadepamplona.com\\\/actualidad\\\/el-ayuntamiento-cede-a-la-comunidad-energetica-de-mendillorri-el-uso-de-la-instalacion-fotovoltaica-de-autoconsumo-de-la-cubierta-los-cpeip-el-lago-y-mendigoiti\\\/\"},\"author\":{\"name\":\"La Gu\u00eda de Pamplona\",\"@id\":\"https:\\\/\\\/www.laguiadepamplona.com\\\/actualidad\\\/#\\\/schema\\\/person\\\/efe887376f0213d4657c93adc50b1fdb\"},\"headline\":\"El Ayuntamiento cede a la Comunidad Energ\u00e9tica de Mendillorri el uso de la instalaci\u00f3n fotovoltaica de autoconsumo de la cubierta los CPEIP El Lago y Mendigoiti\",\"datePublished\":\"2023-06-05T15:17:57+00:00\",\"mainEntityOfPage\":{\"@id\":\"https:\\\/\\\/www.laguiadepamplona.com\\\/actualidad\\\/el-ayuntamiento-cede-a-la-comunidad-energetica-de-mendillorri-el-uso-de-la-instalacion-fotovoltaica-de-autoconsumo-de-la-cubierta-los-cpeip-el-lago-y-mendigoiti\\\/\"},\"wordCount\":933,\"commentCount\":0,\"publisher\":{\"@id\":\"https:\\\/\\\/www.laguiadepamplona.com\\\/actualidad\\\/#organization\"},\"image\":{\"@id\":\"https:\\\/\\\/www.laguiadepamplona.com\\\/actualidad\\\/el-ayuntamiento-cede-a-la-comunidad-energetica-de-mendillorri-el-uso-de-la-instalacion-fotovoltaica-de-autoconsumo-de-la-cubierta-los-cpeip-el-lago-y-mendigoiti\\\/#primaryimage\"},\"thumbnailUrl\":\"https:\\\/\\\/www.laguiadepamplona.com\\\/actualidad\\\/wp-content\\\/uploads\\\/2021\\\/12\\\/energia-fotovoltaica.jpg\",\"articleSection\":[\"Ayto Pamplona\"],\"inLanguage\":\"es\",\"potentialAction\":[{\"@type\":\"CommentAction\",\"name\":\"Comment\",\"target\":[\"https:\\\/\\\/www.laguiadepamplona.com\\\/actualidad\\\/el-ayuntamiento-cede-a-la-comunidad-energetica-de-mendillorri-el-uso-de-la-instalacion-fotovoltaica-de-autoconsumo-de-la-cubierta-los-cpeip-el-lago-y-mendigoiti\\\/#respond\"]}]},{\"@type\":\"WebPage\",\"@id\":\"https:\\\/\\\/www.laguiadepamplona.com\\\/actualidad\\\/el-ayuntamiento-cede-a-la-comunidad-energetica-de-mendillorri-el-uso-de-la-instalacion-fotovoltaica-de-autoconsumo-de-la-cubierta-los-cpeip-el-lago-y-mendigoiti\\\/\",\"url\":\"https:\\\/\\\/www.laguiadepamplona.com\\\/actualidad\\\/el-ayuntamiento-cede-a-la-comunidad-energetica-de-mendillorri-el-uso-de-la-instalacion-fotovoltaica-de-autoconsumo-de-la-cubierta-los-cpeip-el-lago-y-mendigoiti\\\/\",\"name\":\"El Ayuntamiento cede a la Comunidad Energ\u00e9tica de Mendillorri el uso de la instalaci\u00f3n fotovoltaica de autoconsumo de la cubierta los CPEIP El Lago y Mendigoiti\",\"isPartOf\":{\"@id\":\"https:\\\/\\\/www.laguiadepamplona.com\\\/actualidad\\\/#website\"},\"primaryImageOfPage\":{\"@id\":\"https:\\\/\\\/www.laguiadepamplona.com\\\/actualidad\\\/el-ayuntamiento-cede-a-la-comunidad-energetica-de-mendillorri-el-uso-de-la-instalacion-fotovoltaica-de-autoconsumo-de-la-cubierta-los-cpeip-el-lago-y-mendigoiti\\\/#primaryimage\"},\"image\":{\"@id\":\"https:\\\/\\\/www.laguiadepamplona.com\\\/actualidad\\\/el-ayuntamiento-cede-a-la-comunidad-energetica-de-mendillorri-el-uso-de-la-instalacion-fotovoltaica-de-autoconsumo-de-la-cubierta-los-cpeip-el-lago-y-mendigoiti\\\/#primaryimage\"},\"thumbnailUrl\":\"https:\\\/\\\/www.laguiadepamplona.com\\\/actualidad\\\/wp-content\\\/uploads\\\/2021\\\/12\\\/energia-fotovoltaica.jpg\",\"datePublished\":\"2023-06-05T15:17:57+00:00\",\"description\":\"Se les concede tambi\u00e9n el uso privativo de la cubierta del CPEIP Elorri para que ubiquen una nueva instalaci\u00f3n fotovoltaica\",\"breadcrumb\":{\"@id\":\"https:\\\/\\\/www.laguiadepamplona.com\\\/actualidad\\\/el-ayuntamiento-cede-a-la-comunidad-energetica-de-mendillorri-el-uso-de-la-instalacion-fotovoltaica-de-autoconsumo-de-la-cubierta-los-cpeip-el-lago-y-mendigoiti\\\/#breadcrumb\"},\"inLanguage\":\"es\",\"potentialAction\":[{\"@type\":\"ReadAction\",\"target\":[\"https:\\\/\\\/www.laguiadepamplona.com\\\/actualidad\\\/el-ayuntamiento-cede-a-la-comunidad-energetica-de-mendillorri-el-uso-de-la-instalacion-fotovoltaica-de-autoconsumo-de-la-cubierta-los-cpeip-el-lago-y-mendigoiti\\\/\"]}]},{\"@type\":\"ImageObject\",\"inLanguage\":\"es\",\"@id\":\"https:\\\/\\\/www.laguiadepamplona.com\\\/actualidad\\\/el-ayuntamiento-cede-a-la-comunidad-energetica-de-mendillorri-el-uso-de-la-instalacion-fotovoltaica-de-autoconsumo-de-la-cubierta-los-cpeip-el-lago-y-mendigoiti\\\/#primaryimage\",\"url\":\"https:\\\/\\\/www.laguiadepamplona.com\\\/actualidad\\\/wp-content\\\/uploads\\\/2021\\\/12\\\/energia-fotovoltaica.jpg\",\"contentUrl\":\"https:\\\/\\\/www.laguiadepamplona.com\\\/actualidad\\\/wp-content\\\/uploads\\\/2021\\\/12\\\/energia-fotovoltaica.jpg\",\"width\":870,\"height\":593},{\"@type\":\"BreadcrumbList\",\"@id\":\"https:\\\/\\\/www.laguiadepamplona.com\\\/actualidad\\\/el-ayuntamiento-cede-a-la-comunidad-energetica-de-mendillorri-el-uso-de-la-instalacion-fotovoltaica-de-autoconsumo-de-la-cubierta-los-cpeip-el-lago-y-mendigoiti\\\/#breadcrumb\",\"itemListElement\":[{\"@type\":\"ListItem\",\"position\":1,\"name\":\"Portada\",\"item\":\"https:\\\/\\\/www.laguiadepamplona.com\\\/actualidad\\\/\"},{\"@type\":\"ListItem\",\"position\":2,\"name\":\"El Ayuntamiento cede a la Comunidad Energ\u00e9tica de Mendillorri el uso de la instalaci\u00f3n fotovoltaica de autoconsumo de la cubierta los CPEIP El Lago y Mendigoiti\"}]},{\"@type\":\"WebSite\",\"@id\":\"https:\\\/\\\/www.laguiadepamplona.com\\\/actualidad\\\/#website\",\"url\":\"https:\\\/\\\/www.laguiadepamplona.com\\\/actualidad\\\/\",\"name\":\"La gu\u00eda de Pamplona\",\"description\":\"Noticias de Pamplona\",\"publisher\":{\"@id\":\"https:\\\/\\\/www.laguiadepamplona.com\\\/actualidad\\\/#organization\"},\"potentialAction\":[{\"@type\":\"SearchAction\",\"target\":{\"@type\":\"EntryPoint\",\"urlTemplate\":\"https:\\\/\\\/www.laguiadepamplona.com\\\/actualidad\\\/?s={search_term_string}\"},\"query-input\":{\"@type\":\"PropertyValueSpecification\",\"valueRequired\":true,\"valueName\":\"search_term_string\"}}],\"inLanguage\":\"es\"},{\"@type\":\"Organization\",\"@id\":\"https:\\\/\\\/www.laguiadepamplona.com\\\/actualidad\\\/#organization\",\"name\":\"La Gu\u00eda de Pamplona \\\/ Noticias\",\"url\":\"https:\\\/\\\/www.laguiadepamplona.com\\\/actualidad\\\/\",\"logo\":{\"@type\":\"ImageObject\",\"inLanguage\":\"es\",\"@id\":\"https:\\\/\\\/www.laguiadepamplona.com\\\/actualidad\\\/#\\\/schema\\\/logo\\\/image\\\/\",\"url\":\"https:\\\/\\\/www.laguiadepamplona.com\\\/actualidad\\\/wp-content\\\/uploads\\\/2018\\\/11\\\/logo-laguiadepamplona18-web1.png\",\"contentUrl\":\"https:\\\/\\\/www.laguiadepamplona.com\\\/actualidad\\\/wp-content\\\/uploads\\\/2018\\\/11\\\/logo-laguiadepamplona18-web1.png\",\"width\":600,\"height\":196,\"caption\":\"La Gu\u00eda de Pamplona \\\/ Noticias\"},\"image\":{\"@id\":\"https:\\\/\\\/www.laguiadepamplona.com\\\/actualidad\\\/#\\\/schema\\\/logo\\\/image\\\/\"},\"sameAs\":[\"https:\\\/\\\/www.facebook.com\\\/laguiadepamplonacom-133175176762273\\\/?ref=hl\",\"https:\\\/\\\/x.com\\\/LaGuiadPamplona\",\"https:\\\/\\\/www.instagram.com\\\/la_guia_de_pamplona\\\/\",\"https:\\\/\\\/www.youtube.com\\\/user\\\/laguiadepamplona\"]},{\"@type\":\"Person\",\"@id\":\"https:\\\/\\\/www.laguiadepamplona.com\\\/actualidad\\\/#\\\/schema\\\/person\\\/efe887376f0213d4657c93adc50b1fdb\",\"name\":\"La Gu\u00eda de Pamplona\",\"image\":{\"@type\":\"ImageObject\",\"inLanguage\":\"es\",\"@id\":\"https:\\\/\\\/secure.gravatar.com\\\/avatar\\\/b6992f131dc8d30ab0dff15446e9d346d9dbd95992de0fef795073f5ea83a81c?s=96&d=mm&r=g\",\"url\":\"https:\\\/\\\/secure.gravatar.com\\\/avatar\\\/b6992f131dc8d30ab0dff15446e9d346d9dbd95992de0fef795073f5ea83a81c?s=96&d=mm&r=g\",\"contentUrl\":\"https:\\\/\\\/secure.gravatar.com\\\/avatar\\\/b6992f131dc8d30ab0dff15446e9d346d9dbd95992de0fef795073f5ea83a81c?s=96&d=mm&r=g\",\"caption\":\"La Gu\u00eda de Pamplona\"}}]}<\/script>\n<!-- \/ Yoast SEO plugin. -->","yoast_head_json":{"title":"El Ayuntamiento cede a la Comunidad Energ\u00e9tica de Mendillorri el uso de la instalaci\u00f3n fotovoltaica de autoconsumo de la cubierta los CPEIP El Lago y Mendigoiti","description":"Se les concede tambi\u00e9n el uso privativo de la cubierta del CPEIP Elorri para que ubiquen una nueva instalaci\u00f3n fotovoltaica","robots":{"index":"index","follow":"follow","max-snippet":"max-snippet:-1","max-image-preview":"max-image-preview:large","max-video-preview":"max-video-preview:-1"},"canonical":"https:\/\/www.laguiadepamplona.com\/actualidad\/el-ayuntamiento-cede-a-la-comunidad-energetica-de-mendillorri-el-uso-de-la-instalacion-fotovoltaica-de-autoconsumo-de-la-cubierta-los-cpeip-el-lago-y-mendigoiti\/","og_locale":"es_ES","og_type":"article","og_title":"El Ayuntamiento cede a la Comunidad Energ\u00e9tica de Mendillorri el uso de la instalaci\u00f3n fotovoltaica de autoconsumo de la cubierta los CPEIP El Lago y Mendigoiti","og_description":"Se les concede tambi\u00e9n el uso privativo de la cubierta del CPEIP Elorri para que ubiquen una nueva instalaci\u00f3n fotovoltaica","og_url":"https:\/\/www.laguiadepamplona.com\/actualidad\/el-ayuntamiento-cede-a-la-comunidad-energetica-de-mendillorri-el-uso-de-la-instalacion-fotovoltaica-de-autoconsumo-de-la-cubierta-los-cpeip-el-lago-y-mendigoiti\/","og_site_name":"La Gu\u00eda de Pamplona","article_publisher":"https:\/\/www.facebook.com\/laguiadepamplonacom-133175176762273\/?ref=hl","article_published_time":"2023-06-05T15:17:57+00:00","og_image":[{"width":870,"height":593,"url":"https:\/\/www.laguiadepamplona.com\/actualidad\/wp-content\/uploads\/2021\/12\/energia-fotovoltaica.jpg","type":"image\/jpeg"}],"author":"La Gu\u00eda de Pamplona","twitter_card":"summary_large_image","twitter_creator":"@LaGuiadPamplona","twitter_site":"@LaGuiadPamplona","twitter_misc":{"Escrito por":"La Gu\u00eda de Pamplona","Tiempo de lectura":"4 minutos"},"schema":{"@context":"https:\/\/schema.org","@graph":[{"@type":"Article","@id":"https:\/\/www.laguiadepamplona.com\/actualidad\/el-ayuntamiento-cede-a-la-comunidad-energetica-de-mendillorri-el-uso-de-la-instalacion-fotovoltaica-de-autoconsumo-de-la-cubierta-los-cpeip-el-lago-y-mendigoiti\/#article","isPartOf":{"@id":"https:\/\/www.laguiadepamplona.com\/actualidad\/el-ayuntamiento-cede-a-la-comunidad-energetica-de-mendillorri-el-uso-de-la-instalacion-fotovoltaica-de-autoconsumo-de-la-cubierta-los-cpeip-el-lago-y-mendigoiti\/"},"author":{"name":"La Gu\u00eda de Pamplona","@id":"https:\/\/www.laguiadepamplona.com\/actualidad\/#\/schema\/person\/efe887376f0213d4657c93adc50b1fdb"},"headline":"El Ayuntamiento cede a la Comunidad Energ\u00e9tica de Mendillorri el uso de la instalaci\u00f3n fotovoltaica de autoconsumo de la cubierta los CPEIP El Lago y Mendigoiti","datePublished":"2023-06-05T15:17:57+00:00","mainEntityOfPage":{"@id":"https:\/\/www.laguiadepamplona.com\/actualidad\/el-ayuntamiento-cede-a-la-comunidad-energetica-de-mendillorri-el-uso-de-la-instalacion-fotovoltaica-de-autoconsumo-de-la-cubierta-los-cpeip-el-lago-y-mendigoiti\/"},"wordCount":933,"commentCount":0,"publisher":{"@id":"https:\/\/www.laguiadepamplona.com\/actualidad\/#organization"},"image":{"@id":"https:\/\/www.laguiadepamplona.com\/actualidad\/el-ayuntamiento-cede-a-la-comunidad-energetica-de-mendillorri-el-uso-de-la-instalacion-fotovoltaica-de-autoconsumo-de-la-cubierta-los-cpeip-el-lago-y-mendigoiti\/#primaryimage"},"thumbnailUrl":"https:\/\/www.laguiadepamplona.com\/actualidad\/wp-content\/uploads\/2021\/12\/energia-fotovoltaica.jpg","articleSection":["Ayto Pamplona"],"inLanguage":"es","potentialAction":[{"@type":"CommentAction","name":"Comment","target":["https:\/\/www.laguiadepamplona.com\/actualidad\/el-ayuntamiento-cede-a-la-comunidad-energetica-de-mendillorri-el-uso-de-la-instalacion-fotovoltaica-de-autoconsumo-de-la-cubierta-los-cpeip-el-lago-y-mendigoiti\/#respond"]}]},{"@type":"WebPage","@id":"https:\/\/www.laguiadepamplona.com\/actualidad\/el-ayuntamiento-cede-a-la-comunidad-energetica-de-mendillorri-el-uso-de-la-instalacion-fotovoltaica-de-autoconsumo-de-la-cubierta-los-cpeip-el-lago-y-mendigoiti\/","url":"https:\/\/www.laguiadepamplona.com\/actualidad\/el-ayuntamiento-cede-a-la-comunidad-energetica-de-mendillorri-el-uso-de-la-instalacion-fotovoltaica-de-autoconsumo-de-la-cubierta-los-cpeip-el-lago-y-mendigoiti\/","name":"El Ayuntamiento cede a la Comunidad Energ\u00e9tica de Mendillorri el uso de la instalaci\u00f3n fotovoltaica de autoconsumo de la cubierta los CPEIP El Lago y Mendigoiti","isPartOf":{"@id":"https:\/\/www.laguiadepamplona.com\/actualidad\/#website"},"primaryImageOfPage":{"@id":"https:\/\/www.laguiadepamplona.com\/actualidad\/el-ayuntamiento-cede-a-la-comunidad-energetica-de-mendillorri-el-uso-de-la-instalacion-fotovoltaica-de-autoconsumo-de-la-cubierta-los-cpeip-el-lago-y-mendigoiti\/#primaryimage"},"image":{"@id":"https:\/\/www.laguiadepamplona.com\/actualidad\/el-ayuntamiento-cede-a-la-comunidad-energetica-de-mendillorri-el-uso-de-la-instalacion-fotovoltaica-de-autoconsumo-de-la-cubierta-los-cpeip-el-lago-y-mendigoiti\/#primaryimage"},"thumbnailUrl":"https:\/\/www.laguiadepamplona.com\/actualidad\/wp-content\/uploads\/2021\/12\/energia-fotovoltaica.jpg","datePublished":"2023-06-05T15:17:57+00:00","description":"Se les concede tambi\u00e9n el uso privativo de la cubierta del CPEIP Elorri para que ubiquen una nueva instalaci\u00f3n fotovoltaica","breadcrumb":{"@id":"https:\/\/www.laguiadepamplona.com\/actualidad\/el-ayuntamiento-cede-a-la-comunidad-energetica-de-mendillorri-el-uso-de-la-instalacion-fotovoltaica-de-autoconsumo-de-la-cubierta-los-cpeip-el-lago-y-mendigoiti\/#breadcrumb"},"inLanguage":"es","potentialAction":[{"@type":"ReadAction","target":["https:\/\/www.laguiadepamplona.com\/actualidad\/el-ayuntamiento-cede-a-la-comunidad-energetica-de-mendillorri-el-uso-de-la-instalacion-fotovoltaica-de-autoconsumo-de-la-cubierta-los-cpeip-el-lago-y-mendigoiti\/"]}]},{"@type":"ImageObject","inLanguage":"es","@id":"https:\/\/www.laguiadepamplona.com\/actualidad\/el-ayuntamiento-cede-a-la-comunidad-energetica-de-mendillorri-el-uso-de-la-instalacion-fotovoltaica-de-autoconsumo-de-la-cubierta-los-cpeip-el-lago-y-mendigoiti\/#primaryimage","url":"https:\/\/www.laguiadepamplona.com\/actualidad\/wp-content\/uploads\/2021\/12\/energia-fotovoltaica.jpg","contentUrl":"https:\/\/www.laguiadepamplona.com\/actualidad\/wp-content\/uploads\/2021\/12\/energia-fotovoltaica.jpg","width":870,"height":593},{"@type":"BreadcrumbList","@id":"https:\/\/www.laguiadepamplona.com\/actualidad\/el-ayuntamiento-cede-a-la-comunidad-energetica-de-mendillorri-el-uso-de-la-instalacion-fotovoltaica-de-autoconsumo-de-la-cubierta-los-cpeip-el-lago-y-mendigoiti\/#breadcrumb","itemListElement":[{"@type":"ListItem","position":1,"name":"Portada","item":"https:\/\/www.laguiadepamplona.com\/actualidad\/"},{"@type":"ListItem","position":2,"name":"El Ayuntamiento cede a la Comunidad Energ\u00e9tica de Mendillorri el uso de la instalaci\u00f3n fotovoltaica de autoconsumo de la cubierta los CPEIP El Lago y Mendigoiti"}]},{"@type":"WebSite","@id":"https:\/\/www.laguiadepamplona.com\/actualidad\/#website","url":"https:\/\/www.laguiadepamplona.com\/actualidad\/","name":"La gu\u00eda de Pamplona","description":"Noticias de Pamplona","publisher":{"@id":"https:\/\/www.laguiadepamplona.com\/actualidad\/#organization"},"potentialAction":[{"@type":"SearchAction","target":{"@type":"EntryPoint","urlTemplate":"https:\/\/www.laguiadepamplona.com\/actualidad\/?s={search_term_string}"},"query-input":{"@type":"PropertyValueSpecification","valueRequired":true,"valueName":"search_term_string"}}],"inLanguage":"es"},{"@type":"Organization","@id":"https:\/\/www.laguiadepamplona.com\/actualidad\/#organization","name":"La Gu\u00eda de Pamplona \/ Noticias","url":"https:\/\/www.laguiadepamplona.com\/actualidad\/","logo":{"@type":"ImageObject","inLanguage":"es","@id":"https:\/\/www.laguiadepamplona.com\/actualidad\/#\/schema\/logo\/image\/","url":"https:\/\/www.laguiadepamplona.com\/actualidad\/wp-content\/uploads\/2018\/11\/logo-laguiadepamplona18-web1.png","contentUrl":"https:\/\/www.laguiadepamplona.com\/actualidad\/wp-content\/uploads\/2018\/11\/logo-laguiadepamplona18-web1.png","width":600,"height":196,"caption":"La Gu\u00eda de Pamplona \/ Noticias"},"image":{"@id":"https:\/\/www.laguiadepamplona.com\/actualidad\/#\/schema\/logo\/image\/"},"sameAs":["https:\/\/www.facebook.com\/laguiadepamplonacom-133175176762273\/?ref=hl","https:\/\/x.com\/LaGuiadPamplona","https:\/\/www.instagram.com\/la_guia_de_pamplona\/","https:\/\/www.youtube.com\/user\/laguiadepamplona"]},{"@type":"Person","@id":"https:\/\/www.laguiadepamplona.com\/actualidad\/#\/schema\/person\/efe887376f0213d4657c93adc50b1fdb","name":"La Gu\u00eda de Pamplona","image":{"@type":"ImageObject","inLanguage":"es","@id":"https:\/\/secure.gravatar.com\/avatar\/b6992f131dc8d30ab0dff15446e9d346d9dbd95992de0fef795073f5ea83a81c?s=96&d=mm&r=g","url":"https:\/\/secure.gravatar.com\/avatar\/b6992f131dc8d30ab0dff15446e9d346d9dbd95992de0fef795073f5ea83a81c?s=96&d=mm&r=g","contentUrl":"https:\/\/secure.gravatar.com\/avatar\/b6992f131dc8d30ab0dff15446e9d346d9dbd95992de0fef795073f5ea83a81c?s=96&d=mm&r=g","caption":"La Gu\u00eda de Pamplona"}}]}},"post_mailing_queue_ids":[],"_links":{"self":[{"href":"https:\/\/www.laguiadepamplona.com\/actualidad\/wp-json\/wp\/v2\/posts\/46943","targetHints":{"allow":["GET"]}}],"collection":[{"href":"https:\/\/www.laguiadepamplona.com\/actualidad\/wp-json\/wp\/v2\/posts"}],"about":[{"href":"https:\/\/www.laguiadepamplona.com\/actualidad\/wp-json\/wp\/v2\/types\/post"}],"author":[{"embeddable":true,"href":"https:\/\/www.laguiadepamplona.com\/actualidad\/wp-json\/wp\/v2\/users\/1"}],"replies":[{"embeddable":true,"href":"https:\/\/www.laguiadepamplona.com\/actualidad\/wp-json\/wp\/v2\/comments?post=46943"}],"version-history":[{"count":1,"href":"https:\/\/www.laguiadepamplona.com\/actualidad\/wp-json\/wp\/v2\/posts\/46943\/revisions"}],"predecessor-version":[{"id":46944,"href":"https:\/\/www.laguiadepamplona.com\/actualidad\/wp-json\/wp\/v2\/posts\/46943\/revisions\/46944"}],"wp:featuredmedia":[{"embeddable":true,"href":"https:\/\/www.laguiadepamplona.com\/actualidad\/wp-json\/wp\/v2\/media\/38138"}],"wp:attachment":[{"href":"https:\/\/www.laguiadepamplona.com\/actualidad\/wp-json\/wp\/v2\/media?parent=46943"}],"wp:term":[{"taxonomy":"category","embeddable":true,"href":"https:\/\/www.laguiadepamplona.com\/actualidad\/wp-json\/wp\/v2\/categories?post=46943"},{"taxonomy":"post_tag","embeddable":true,"href":"https:\/\/www.laguiadepamplona.com\/actualidad\/wp-json\/wp\/v2\/tags?post=46943"}],"curies":[{"name":"wp","href":"https:\/\/api.w.org\/{rel}","templated":true}]}}