{"id":46938,"date":"2023-06-05T13:51:21","date_gmt":"2023-06-05T11:51:21","guid":{"rendered":"https:\/\/www.laguiadepamplona.com\/actualidad\/?p=46938"},"modified":"2023-06-05T13:51:21","modified_gmt":"2023-06-05T11:51:21","slug":"civivox-iturrama-acoge-esta-semana-un-ciclo-de-actividades-intergeneracionales-con-talleres-cuentacuentos-y-un-espectaculo-de-danza","status":"publish","type":"post","link":"https:\/\/www.laguiadepamplona.com\/actualidad\/civivox-iturrama-acoge-esta-semana-un-ciclo-de-actividades-intergeneracionales-con-talleres-cuentacuentos-y-un-espectaculo-de-danza\/","title":{"rendered":"Civivox Iturrama acoge esta semana un ciclo de actividades intergeneracionales con talleres, cuentacuentos y un espect\u00e1culo de danza"},"content":{"rendered":"<h3>Todas las actividades son gratuitas, excepto el taller de cultivo en parejas ma\u00f1ana martes<\/h3>\n<p><!--more--><\/p>\n<p>Talleres, cuentacuentos y un espect\u00e1culo de danza conforman la programaci\u00f3n del ciclo \u2018Iturrama: ra\u00edz intergeneracional\u2019 que se desarrollar\u00e1 durante esta semana, entre el 6 y el 10 de junio. Iturrama vuelve a implicarse este mes con las actividades intergeneracional para dinamizar el barrio. Todas las actividades tendr\u00e1n lugar en Civivox Iturrama y son gratuitas, excepto un taller de cultivo.<br \/>\n<script async src=\"\/\/pagead2.googlesyndication.com\/pagead\/js\/adsbygoogle.js\"><\/script><br \/>\n<!-- Noticias La Guia de Pamplona --><br \/>\n<ins class=\"adsbygoogle\"\nstyle=\"display:block\"\ndata-ad-client=\"ca-pub-6943679897239327\"\ndata-ad-slot=\"7048180777\"\ndata-ad-format=\"auto\"><\/ins><br \/>\n<script>\n(adsbygoogle = window.adsbygoogle || []).push({});\n<\/script><\/p>\n<p>El ciclo comienza este martes, a las 17.30 horas, con el primero de los dos talleres creativos intergeneracionales programados. Se trata de un taller de cultivo en parejas en el que se aprender\u00e1n diferentes t\u00e9cnicas de cultivo dom\u00e9stico, as\u00ed como el cuidado que requieren los brotes que se plantar\u00e1n en unas macetas, que se podr\u00e1n llevar a casa para continuar con su cuidado. Imparte el taller \u00d3scar Ib\u00e1\u00f1ez. La inscripci\u00f3n tiene un precio de 4 euros por pareja en el tel\u00e9fono 010, la red Civivox o <a href=\"http:\/\/www.pamplonaescultura.es\" target=\"_blank\" rel=\"noopener\">www.pamplonaescultura.es<\/a>.<\/p>\n<p>El jueves por la ma\u00f1ana, bajo el t\u00edtulo \u2018\u00a1San Ferm\u00edn para todos y todas!\u2019 se desarrollar\u00e1 un taller intergeneracional de expresi\u00f3n creativa para crear elementos que decoren el hogar y as\u00ed preparar las fiestas. Lo impartir\u00e1, de 10 a 12 horas, personal de Tasubinsa. El taller es gratuito, con inscripci\u00f3n previa en el 010, la red Civivox y <a href=\"http:\/\/www.pamplonaescultura.es\" target=\"_blank\" rel=\"noopener\">www.pamplonaescultura.es<\/a>. Ya por la tarde, a las 18 horas, actividad intergeneracional e inclusivo en el que personas con discapacidad intelectual del Programa de Envejecimiento Activo de ANFAS narrar\u00e1n una serie de cuentos apoyados con la t\u00e9cnica de kamishibai. Est\u00e1 destinada a menores a partir de 5 a\u00f1os, con entrada libre, hasta completar el aforo.<br \/>\n<script async src=\"\/\/pagead2.googlesyndication.com\/pagead\/js\/adsbygoogle.js\"><\/script><br \/>\n<!-- Noticias La Guia de Pamplona --><br \/>\n<ins class=\"adsbygoogle\"\nstyle=\"display:block\"\ndata-ad-client=\"ca-pub-6943679897239327\"\ndata-ad-slot=\"7048180777\"\ndata-ad-format=\"auto\"><\/ins><br \/>\n<script>\n(adsbygoogle = window.adsbygoogle || []).push({});\n<\/script><\/p>\n<p><strong>Cuentacuentos y espect\u00e1culo de danza<\/strong><\/p>\n<p>El viernes 9 de junio, a las 18 horas, Xabier Flamarique protagonizar\u00e1 una sesi\u00f3n de cuentacuentos en euskera. \u201cFlobin maletineko ipuinekin\u2019 es la historia de Flobin y su malet\u00edn. Esa maleta contiene historias de un sinf\u00edn de lugares, de aqu\u00ed y de all\u00e1. Historias disparatadas llenas de personajes, animales, monstruos\u2026 \u00bfEstar\u00e1 a la altura de sus antepasados? Con entrada libre, hasta completar el aforo, la sesi\u00f3n est\u00e1 dirigida a p\u00fablico infantil mayor de 3 a\u00f1os.<\/p>\n<p>Un espect\u00e1culo de danza pondr\u00e1 punto y final al ciclo el s\u00e1bado 10 de junio. La compa\u00f1\u00eda art\u00edstica Atena representar\u00e1 \u2018Ra\u00edces\u2019, un proyecto creativo inspirado en la diversidad, a modo de recorrido coreogr\u00e1fico y geogr\u00e1fico, pl\u00e1stico, emocional, de paisajes y costumbres, apoyado en la v\u00eddeo &#8211; proyecci\u00f3n y mediante un lenguaje contempor\u00e1neo. Atena es una entidad sin \u00e1nimo de lucro que tiene como misi\u00f3n el desarrollo integral de personas con discapacidad intelectual a trav\u00e9s del arte como medio de expresi\u00f3n, mejorando su calidad de vida con un acompa\u00f1amiento pedag\u00f3gico y art\u00edstico en su proyecto vital. La funci\u00f3n comenzar\u00e1 a las 19 horas, con entrada gratuita previa inscripci\u00f3n en el 010, la red Civivox o <a href=\"http:\/\/www.pamplonaescultura.es\" target=\"_blank\" rel=\"noopener\">www.pamplonaescultura.es<\/a>.<br \/>\n<script async src=\"\/\/pagead2.googlesyndication.com\/pagead\/js\/adsbygoogle.js\"><\/script><br \/>\n<!-- Noticias La Guia de Pamplona --><br \/>\n<ins class=\"adsbygoogle\"\nstyle=\"display:block\"\ndata-ad-client=\"ca-pub-6943679897239327\"\ndata-ad-slot=\"7048180777\"\ndata-ad-format=\"auto\"><\/ins><br \/>\n<script>\n(adsbygoogle = window.adsbygoogle || []).push({});\n<\/script><\/p>\n<p>&nbsp;<\/p>\n<h3>Iturrama: ra\u00edz intergeneracional. Civivox Iturrama, del 6 al 10 de junio<\/h3>\n<ul>\n<li><strong>Talleres creativos intergeneracionales<\/strong>\n<ul>\n<li><strong>Taller de cultivo. Martes 6 de junio,<\/strong> de 17.30 a 19 horas. Inscripci\u00f3n: 4 euros por pareja, en el tel\u00e9fono 010, la red Civivox o <a href=\"http:\/\/www.pamplonaescultura.es\" target=\"_blank\" rel=\"noopener\">pamplonaescultura.es<\/a><\/li>\n<li><strong>\u00a1San Ferm\u00edn para todos y todas! Jueves 8 de junio<\/strong>, de 10 a 12 horas. Inscripci\u00f3n previa, en el tel\u00e9fono 010, la red Civivox o <a href=\"http:\/\/www.pamplonaescultura.es\" target=\"_blank\" rel=\"noopener\">pamplonaescultura.es<\/a><\/li>\n<\/ul>\n<\/li>\n<li><strong>Narraci\u00f3n<\/strong>\n<ul>\n<li><strong> Jueves 8 de junio<\/strong>, 18 horas. Entrada libre hasta completar el aforo. Para menores a partir de 5 a\u00f1os<\/li>\n<\/ul>\n<\/li>\n<li><strong>Cuentacuentos en euskera<\/strong>\n<ul>\n<li><strong>Flobin maletineko ipuinekin<\/strong>. Viernes 9 de junio, 18 horas. Entrada libre hasta completar el aforo. Para menores a partir de 3 a\u00f1os<\/li>\n<\/ul>\n<\/li>\n<li><strong>Espect\u00e1culo<\/strong>\n<ul>\n<li><strong>\u2018Ra\u00edces\u2019. Compa\u00f1\u00eda art\u00edstica Atena. S\u00e1bado 10 de junio<\/strong>, 19 horas. Inscripci\u00f3n previa, en el tel\u00e9fono 010, la red Civivox o <a href=\"http:\/\/www.pamplonaescultura.es\" target=\"_blank\" rel=\"noopener\">pamplonaescultura.es<\/a><\/li>\n<\/ul>\n<\/li>\n<\/ul>\n","protected":false},"excerpt":{"rendered":"<p>Todas las actividades son gratuitas, excepto el taller de cultivo en parejas ma\u00f1ana martes<\/p>\n","protected":false},"author":1,"featured_media":46939,"comment_status":"open","ping_status":"closed","sticky":false,"template":"","format":"standard","meta":{"footnotes":""},"categories":[2],"tags":[],"class_list":["post-46938","post","type-post","status-publish","format-standard","has-post-thumbnail","hentry","category-ayuntamiento-pamplona"],"yoast_head":"<!-- This site is optimized with the Yoast SEO plugin v27.3 - https:\/\/yoast.com\/product\/yoast-seo-wordpress\/ -->\n<title>Civivox Iturrama acoge esta semana un ciclo de actividades intergeneracionales con talleres, cuentacuentos y un espect\u00e1culo de danza<\/title>\n<meta name=\"description\" content=\"Todas las actividades son gratuitas, excepto el taller de cultivo en parejas ma\u00f1ana martes\" \/>\n<meta name=\"robots\" content=\"index, follow, max-snippet:-1, max-image-preview:large, max-video-preview:-1\" \/>\n<link rel=\"canonical\" href=\"https:\/\/www.laguiadepamplona.com\/actualidad\/civivox-iturrama-acoge-esta-semana-un-ciclo-de-actividades-intergeneracionales-con-talleres-cuentacuentos-y-un-espectaculo-de-danza\/\" \/>\n<meta property=\"og:locale\" content=\"es_ES\" \/>\n<meta property=\"og:type\" content=\"article\" \/>\n<meta property=\"og:title\" content=\"Civivox Iturrama acoge esta semana un ciclo de actividades intergeneracionales con talleres, cuentacuentos y un espect\u00e1culo de danza\" \/>\n<meta property=\"og:description\" content=\"Todas las actividades son gratuitas, excepto el taller de cultivo en parejas ma\u00f1ana martes\" \/>\n<meta property=\"og:url\" content=\"https:\/\/www.laguiadepamplona.com\/actualidad\/civivox-iturrama-acoge-esta-semana-un-ciclo-de-actividades-intergeneracionales-con-talleres-cuentacuentos-y-un-espectaculo-de-danza\/\" \/>\n<meta property=\"og:site_name\" content=\"La Gu\u00eda de Pamplona\" \/>\n<meta property=\"article:publisher\" content=\"https:\/\/www.facebook.com\/laguiadepamplonacom-133175176762273\/?ref=hl\" \/>\n<meta property=\"article:published_time\" content=\"2023-06-05T11:51:21+00:00\" \/>\n<meta property=\"og:image\" content=\"https:\/\/www.laguiadepamplona.com\/actualidad\/wp-content\/uploads\/2023\/06\/Taller-de-cultivo.webp\" \/>\n\t<meta property=\"og:image:width\" content=\"1300\" \/>\n\t<meta property=\"og:image:height\" content=\"864\" \/>\n\t<meta property=\"og:image:type\" content=\"image\/webp\" \/>\n<meta name=\"author\" content=\"La Gu\u00eda de Pamplona\" \/>\n<meta name=\"twitter:card\" content=\"summary_large_image\" \/>\n<meta name=\"twitter:creator\" content=\"@LaGuiadPamplona\" \/>\n<meta name=\"twitter:site\" content=\"@LaGuiadPamplona\" \/>\n<meta name=\"twitter:label1\" content=\"Escrito por\" \/>\n\t<meta name=\"twitter:data1\" content=\"La Gu\u00eda de Pamplona\" \/>\n\t<meta name=\"twitter:label2\" content=\"Tiempo de lectura\" \/>\n\t<meta name=\"twitter:data2\" content=\"3 minutos\" \/>\n<script type=\"application\/ld+json\" class=\"yoast-schema-graph\">{\"@context\":\"https:\\\/\\\/schema.org\",\"@graph\":[{\"@type\":\"Article\",\"@id\":\"https:\\\/\\\/www.laguiadepamplona.com\\\/actualidad\\\/civivox-iturrama-acoge-esta-semana-un-ciclo-de-actividades-intergeneracionales-con-talleres-cuentacuentos-y-un-espectaculo-de-danza\\\/#article\",\"isPartOf\":{\"@id\":\"https:\\\/\\\/www.laguiadepamplona.com\\\/actualidad\\\/civivox-iturrama-acoge-esta-semana-un-ciclo-de-actividades-intergeneracionales-con-talleres-cuentacuentos-y-un-espectaculo-de-danza\\\/\"},\"author\":{\"name\":\"La Gu\u00eda de Pamplona\",\"@id\":\"https:\\\/\\\/www.laguiadepamplona.com\\\/actualidad\\\/#\\\/schema\\\/person\\\/efe887376f0213d4657c93adc50b1fdb\"},\"headline\":\"Civivox Iturrama acoge esta semana un ciclo de actividades intergeneracionales con talleres, cuentacuentos y un espect\u00e1culo de danza\",\"datePublished\":\"2023-06-05T11:51:21+00:00\",\"mainEntityOfPage\":{\"@id\":\"https:\\\/\\\/www.laguiadepamplona.com\\\/actualidad\\\/civivox-iturrama-acoge-esta-semana-un-ciclo-de-actividades-intergeneracionales-con-talleres-cuentacuentos-y-un-espectaculo-de-danza\\\/\"},\"wordCount\":656,\"commentCount\":0,\"publisher\":{\"@id\":\"https:\\\/\\\/www.laguiadepamplona.com\\\/actualidad\\\/#organization\"},\"image\":{\"@id\":\"https:\\\/\\\/www.laguiadepamplona.com\\\/actualidad\\\/civivox-iturrama-acoge-esta-semana-un-ciclo-de-actividades-intergeneracionales-con-talleres-cuentacuentos-y-un-espectaculo-de-danza\\\/#primaryimage\"},\"thumbnailUrl\":\"https:\\\/\\\/www.laguiadepamplona.com\\\/actualidad\\\/wp-content\\\/uploads\\\/2023\\\/06\\\/Taller-de-cultivo.webp\",\"articleSection\":[\"Ayto Pamplona\"],\"inLanguage\":\"es\",\"potentialAction\":[{\"@type\":\"CommentAction\",\"name\":\"Comment\",\"target\":[\"https:\\\/\\\/www.laguiadepamplona.com\\\/actualidad\\\/civivox-iturrama-acoge-esta-semana-un-ciclo-de-actividades-intergeneracionales-con-talleres-cuentacuentos-y-un-espectaculo-de-danza\\\/#respond\"]}]},{\"@type\":\"WebPage\",\"@id\":\"https:\\\/\\\/www.laguiadepamplona.com\\\/actualidad\\\/civivox-iturrama-acoge-esta-semana-un-ciclo-de-actividades-intergeneracionales-con-talleres-cuentacuentos-y-un-espectaculo-de-danza\\\/\",\"url\":\"https:\\\/\\\/www.laguiadepamplona.com\\\/actualidad\\\/civivox-iturrama-acoge-esta-semana-un-ciclo-de-actividades-intergeneracionales-con-talleres-cuentacuentos-y-un-espectaculo-de-danza\\\/\",\"name\":\"Civivox Iturrama acoge esta semana un ciclo de actividades intergeneracionales con talleres, cuentacuentos y un espect\u00e1culo de danza\",\"isPartOf\":{\"@id\":\"https:\\\/\\\/www.laguiadepamplona.com\\\/actualidad\\\/#website\"},\"primaryImageOfPage\":{\"@id\":\"https:\\\/\\\/www.laguiadepamplona.com\\\/actualidad\\\/civivox-iturrama-acoge-esta-semana-un-ciclo-de-actividades-intergeneracionales-con-talleres-cuentacuentos-y-un-espectaculo-de-danza\\\/#primaryimage\"},\"image\":{\"@id\":\"https:\\\/\\\/www.laguiadepamplona.com\\\/actualidad\\\/civivox-iturrama-acoge-esta-semana-un-ciclo-de-actividades-intergeneracionales-con-talleres-cuentacuentos-y-un-espectaculo-de-danza\\\/#primaryimage\"},\"thumbnailUrl\":\"https:\\\/\\\/www.laguiadepamplona.com\\\/actualidad\\\/wp-content\\\/uploads\\\/2023\\\/06\\\/Taller-de-cultivo.webp\",\"datePublished\":\"2023-06-05T11:51:21+00:00\",\"description\":\"Todas las actividades son gratuitas, excepto el taller de cultivo en parejas ma\u00f1ana martes\",\"breadcrumb\":{\"@id\":\"https:\\\/\\\/www.laguiadepamplona.com\\\/actualidad\\\/civivox-iturrama-acoge-esta-semana-un-ciclo-de-actividades-intergeneracionales-con-talleres-cuentacuentos-y-un-espectaculo-de-danza\\\/#breadcrumb\"},\"inLanguage\":\"es\",\"potentialAction\":[{\"@type\":\"ReadAction\",\"target\":[\"https:\\\/\\\/www.laguiadepamplona.com\\\/actualidad\\\/civivox-iturrama-acoge-esta-semana-un-ciclo-de-actividades-intergeneracionales-con-talleres-cuentacuentos-y-un-espectaculo-de-danza\\\/\"]}]},{\"@type\":\"ImageObject\",\"inLanguage\":\"es\",\"@id\":\"https:\\\/\\\/www.laguiadepamplona.com\\\/actualidad\\\/civivox-iturrama-acoge-esta-semana-un-ciclo-de-actividades-intergeneracionales-con-talleres-cuentacuentos-y-un-espectaculo-de-danza\\\/#primaryimage\",\"url\":\"https:\\\/\\\/www.laguiadepamplona.com\\\/actualidad\\\/wp-content\\\/uploads\\\/2023\\\/06\\\/Taller-de-cultivo.webp\",\"contentUrl\":\"https:\\\/\\\/www.laguiadepamplona.com\\\/actualidad\\\/wp-content\\\/uploads\\\/2023\\\/06\\\/Taller-de-cultivo.webp\",\"width\":1300,\"height\":864},{\"@type\":\"BreadcrumbList\",\"@id\":\"https:\\\/\\\/www.laguiadepamplona.com\\\/actualidad\\\/civivox-iturrama-acoge-esta-semana-un-ciclo-de-actividades-intergeneracionales-con-talleres-cuentacuentos-y-un-espectaculo-de-danza\\\/#breadcrumb\",\"itemListElement\":[{\"@type\":\"ListItem\",\"position\":1,\"name\":\"Portada\",\"item\":\"https:\\\/\\\/www.laguiadepamplona.com\\\/actualidad\\\/\"},{\"@type\":\"ListItem\",\"position\":2,\"name\":\"Civivox Iturrama acoge esta semana un ciclo de actividades intergeneracionales con talleres, cuentacuentos y un espect\u00e1culo de danza\"}]},{\"@type\":\"WebSite\",\"@id\":\"https:\\\/\\\/www.laguiadepamplona.com\\\/actualidad\\\/#website\",\"url\":\"https:\\\/\\\/www.laguiadepamplona.com\\\/actualidad\\\/\",\"name\":\"La gu\u00eda de Pamplona\",\"description\":\"Noticias de Pamplona\",\"publisher\":{\"@id\":\"https:\\\/\\\/www.laguiadepamplona.com\\\/actualidad\\\/#organization\"},\"potentialAction\":[{\"@type\":\"SearchAction\",\"target\":{\"@type\":\"EntryPoint\",\"urlTemplate\":\"https:\\\/\\\/www.laguiadepamplona.com\\\/actualidad\\\/?s={search_term_string}\"},\"query-input\":{\"@type\":\"PropertyValueSpecification\",\"valueRequired\":true,\"valueName\":\"search_term_string\"}}],\"inLanguage\":\"es\"},{\"@type\":\"Organization\",\"@id\":\"https:\\\/\\\/www.laguiadepamplona.com\\\/actualidad\\\/#organization\",\"name\":\"La Gu\u00eda de Pamplona \\\/ Noticias\",\"url\":\"https:\\\/\\\/www.laguiadepamplona.com\\\/actualidad\\\/\",\"logo\":{\"@type\":\"ImageObject\",\"inLanguage\":\"es\",\"@id\":\"https:\\\/\\\/www.laguiadepamplona.com\\\/actualidad\\\/#\\\/schema\\\/logo\\\/image\\\/\",\"url\":\"https:\\\/\\\/www.laguiadepamplona.com\\\/actualidad\\\/wp-content\\\/uploads\\\/2018\\\/11\\\/logo-laguiadepamplona18-web1.png\",\"contentUrl\":\"https:\\\/\\\/www.laguiadepamplona.com\\\/actualidad\\\/wp-content\\\/uploads\\\/2018\\\/11\\\/logo-laguiadepamplona18-web1.png\",\"width\":600,\"height\":196,\"caption\":\"La Gu\u00eda de Pamplona \\\/ Noticias\"},\"image\":{\"@id\":\"https:\\\/\\\/www.laguiadepamplona.com\\\/actualidad\\\/#\\\/schema\\\/logo\\\/image\\\/\"},\"sameAs\":[\"https:\\\/\\\/www.facebook.com\\\/laguiadepamplonacom-133175176762273\\\/?ref=hl\",\"https:\\\/\\\/x.com\\\/LaGuiadPamplona\",\"https:\\\/\\\/www.instagram.com\\\/la_guia_de_pamplona\\\/\",\"https:\\\/\\\/www.youtube.com\\\/user\\\/laguiadepamplona\"]},{\"@type\":\"Person\",\"@id\":\"https:\\\/\\\/www.laguiadepamplona.com\\\/actualidad\\\/#\\\/schema\\\/person\\\/efe887376f0213d4657c93adc50b1fdb\",\"name\":\"La Gu\u00eda de Pamplona\",\"image\":{\"@type\":\"ImageObject\",\"inLanguage\":\"es\",\"@id\":\"https:\\\/\\\/secure.gravatar.com\\\/avatar\\\/b6992f131dc8d30ab0dff15446e9d346d9dbd95992de0fef795073f5ea83a81c?s=96&d=mm&r=g\",\"url\":\"https:\\\/\\\/secure.gravatar.com\\\/avatar\\\/b6992f131dc8d30ab0dff15446e9d346d9dbd95992de0fef795073f5ea83a81c?s=96&d=mm&r=g\",\"contentUrl\":\"https:\\\/\\\/secure.gravatar.com\\\/avatar\\\/b6992f131dc8d30ab0dff15446e9d346d9dbd95992de0fef795073f5ea83a81c?s=96&d=mm&r=g\",\"caption\":\"La Gu\u00eda de Pamplona\"}}]}<\/script>\n<!-- \/ Yoast SEO plugin. -->","yoast_head_json":{"title":"Civivox Iturrama acoge esta semana un ciclo de actividades intergeneracionales con talleres, cuentacuentos y un espect\u00e1culo de danza","description":"Todas las actividades son gratuitas, excepto el taller de cultivo en parejas ma\u00f1ana martes","robots":{"index":"index","follow":"follow","max-snippet":"max-snippet:-1","max-image-preview":"max-image-preview:large","max-video-preview":"max-video-preview:-1"},"canonical":"https:\/\/www.laguiadepamplona.com\/actualidad\/civivox-iturrama-acoge-esta-semana-un-ciclo-de-actividades-intergeneracionales-con-talleres-cuentacuentos-y-un-espectaculo-de-danza\/","og_locale":"es_ES","og_type":"article","og_title":"Civivox Iturrama acoge esta semana un ciclo de actividades intergeneracionales con talleres, cuentacuentos y un espect\u00e1culo de danza","og_description":"Todas las actividades son gratuitas, excepto el taller de cultivo en parejas ma\u00f1ana martes","og_url":"https:\/\/www.laguiadepamplona.com\/actualidad\/civivox-iturrama-acoge-esta-semana-un-ciclo-de-actividades-intergeneracionales-con-talleres-cuentacuentos-y-un-espectaculo-de-danza\/","og_site_name":"La Gu\u00eda de Pamplona","article_publisher":"https:\/\/www.facebook.com\/laguiadepamplonacom-133175176762273\/?ref=hl","article_published_time":"2023-06-05T11:51:21+00:00","og_image":[{"width":1300,"height":864,"url":"https:\/\/www.laguiadepamplona.com\/actualidad\/wp-content\/uploads\/2023\/06\/Taller-de-cultivo.webp","type":"image\/webp"}],"author":"La Gu\u00eda de Pamplona","twitter_card":"summary_large_image","twitter_creator":"@LaGuiadPamplona","twitter_site":"@LaGuiadPamplona","twitter_misc":{"Escrito por":"La Gu\u00eda de Pamplona","Tiempo de lectura":"3 minutos"},"schema":{"@context":"https:\/\/schema.org","@graph":[{"@type":"Article","@id":"https:\/\/www.laguiadepamplona.com\/actualidad\/civivox-iturrama-acoge-esta-semana-un-ciclo-de-actividades-intergeneracionales-con-talleres-cuentacuentos-y-un-espectaculo-de-danza\/#article","isPartOf":{"@id":"https:\/\/www.laguiadepamplona.com\/actualidad\/civivox-iturrama-acoge-esta-semana-un-ciclo-de-actividades-intergeneracionales-con-talleres-cuentacuentos-y-un-espectaculo-de-danza\/"},"author":{"name":"La Gu\u00eda de Pamplona","@id":"https:\/\/www.laguiadepamplona.com\/actualidad\/#\/schema\/person\/efe887376f0213d4657c93adc50b1fdb"},"headline":"Civivox Iturrama acoge esta semana un ciclo de actividades intergeneracionales con talleres, cuentacuentos y un espect\u00e1culo de danza","datePublished":"2023-06-05T11:51:21+00:00","mainEntityOfPage":{"@id":"https:\/\/www.laguiadepamplona.com\/actualidad\/civivox-iturrama-acoge-esta-semana-un-ciclo-de-actividades-intergeneracionales-con-talleres-cuentacuentos-y-un-espectaculo-de-danza\/"},"wordCount":656,"commentCount":0,"publisher":{"@id":"https:\/\/www.laguiadepamplona.com\/actualidad\/#organization"},"image":{"@id":"https:\/\/www.laguiadepamplona.com\/actualidad\/civivox-iturrama-acoge-esta-semana-un-ciclo-de-actividades-intergeneracionales-con-talleres-cuentacuentos-y-un-espectaculo-de-danza\/#primaryimage"},"thumbnailUrl":"https:\/\/www.laguiadepamplona.com\/actualidad\/wp-content\/uploads\/2023\/06\/Taller-de-cultivo.webp","articleSection":["Ayto Pamplona"],"inLanguage":"es","potentialAction":[{"@type":"CommentAction","name":"Comment","target":["https:\/\/www.laguiadepamplona.com\/actualidad\/civivox-iturrama-acoge-esta-semana-un-ciclo-de-actividades-intergeneracionales-con-talleres-cuentacuentos-y-un-espectaculo-de-danza\/#respond"]}]},{"@type":"WebPage","@id":"https:\/\/www.laguiadepamplona.com\/actualidad\/civivox-iturrama-acoge-esta-semana-un-ciclo-de-actividades-intergeneracionales-con-talleres-cuentacuentos-y-un-espectaculo-de-danza\/","url":"https:\/\/www.laguiadepamplona.com\/actualidad\/civivox-iturrama-acoge-esta-semana-un-ciclo-de-actividades-intergeneracionales-con-talleres-cuentacuentos-y-un-espectaculo-de-danza\/","name":"Civivox Iturrama acoge esta semana un ciclo de actividades intergeneracionales con talleres, cuentacuentos y un espect\u00e1culo de danza","isPartOf":{"@id":"https:\/\/www.laguiadepamplona.com\/actualidad\/#website"},"primaryImageOfPage":{"@id":"https:\/\/www.laguiadepamplona.com\/actualidad\/civivox-iturrama-acoge-esta-semana-un-ciclo-de-actividades-intergeneracionales-con-talleres-cuentacuentos-y-un-espectaculo-de-danza\/#primaryimage"},"image":{"@id":"https:\/\/www.laguiadepamplona.com\/actualidad\/civivox-iturrama-acoge-esta-semana-un-ciclo-de-actividades-intergeneracionales-con-talleres-cuentacuentos-y-un-espectaculo-de-danza\/#primaryimage"},"thumbnailUrl":"https:\/\/www.laguiadepamplona.com\/actualidad\/wp-content\/uploads\/2023\/06\/Taller-de-cultivo.webp","datePublished":"2023-06-05T11:51:21+00:00","description":"Todas las actividades son gratuitas, excepto el taller de cultivo en parejas ma\u00f1ana martes","breadcrumb":{"@id":"https:\/\/www.laguiadepamplona.com\/actualidad\/civivox-iturrama-acoge-esta-semana-un-ciclo-de-actividades-intergeneracionales-con-talleres-cuentacuentos-y-un-espectaculo-de-danza\/#breadcrumb"},"inLanguage":"es","potentialAction":[{"@type":"ReadAction","target":["https:\/\/www.laguiadepamplona.com\/actualidad\/civivox-iturrama-acoge-esta-semana-un-ciclo-de-actividades-intergeneracionales-con-talleres-cuentacuentos-y-un-espectaculo-de-danza\/"]}]},{"@type":"ImageObject","inLanguage":"es","@id":"https:\/\/www.laguiadepamplona.com\/actualidad\/civivox-iturrama-acoge-esta-semana-un-ciclo-de-actividades-intergeneracionales-con-talleres-cuentacuentos-y-un-espectaculo-de-danza\/#primaryimage","url":"https:\/\/www.laguiadepamplona.com\/actualidad\/wp-content\/uploads\/2023\/06\/Taller-de-cultivo.webp","contentUrl":"https:\/\/www.laguiadepamplona.com\/actualidad\/wp-content\/uploads\/2023\/06\/Taller-de-cultivo.webp","width":1300,"height":864},{"@type":"BreadcrumbList","@id":"https:\/\/www.laguiadepamplona.com\/actualidad\/civivox-iturrama-acoge-esta-semana-un-ciclo-de-actividades-intergeneracionales-con-talleres-cuentacuentos-y-un-espectaculo-de-danza\/#breadcrumb","itemListElement":[{"@type":"ListItem","position":1,"name":"Portada","item":"https:\/\/www.laguiadepamplona.com\/actualidad\/"},{"@type":"ListItem","position":2,"name":"Civivox Iturrama acoge esta semana un ciclo de actividades intergeneracionales con talleres, cuentacuentos y un espect\u00e1culo de danza"}]},{"@type":"WebSite","@id":"https:\/\/www.laguiadepamplona.com\/actualidad\/#website","url":"https:\/\/www.laguiadepamplona.com\/actualidad\/","name":"La gu\u00eda de Pamplona","description":"Noticias de Pamplona","publisher":{"@id":"https:\/\/www.laguiadepamplona.com\/actualidad\/#organization"},"potentialAction":[{"@type":"SearchAction","target":{"@type":"EntryPoint","urlTemplate":"https:\/\/www.laguiadepamplona.com\/actualidad\/?s={search_term_string}"},"query-input":{"@type":"PropertyValueSpecification","valueRequired":true,"valueName":"search_term_string"}}],"inLanguage":"es"},{"@type":"Organization","@id":"https:\/\/www.laguiadepamplona.com\/actualidad\/#organization","name":"La Gu\u00eda de Pamplona \/ Noticias","url":"https:\/\/www.laguiadepamplona.com\/actualidad\/","logo":{"@type":"ImageObject","inLanguage":"es","@id":"https:\/\/www.laguiadepamplona.com\/actualidad\/#\/schema\/logo\/image\/","url":"https:\/\/www.laguiadepamplona.com\/actualidad\/wp-content\/uploads\/2018\/11\/logo-laguiadepamplona18-web1.png","contentUrl":"https:\/\/www.laguiadepamplona.com\/actualidad\/wp-content\/uploads\/2018\/11\/logo-laguiadepamplona18-web1.png","width":600,"height":196,"caption":"La Gu\u00eda de Pamplona \/ Noticias"},"image":{"@id":"https:\/\/www.laguiadepamplona.com\/actualidad\/#\/schema\/logo\/image\/"},"sameAs":["https:\/\/www.facebook.com\/laguiadepamplonacom-133175176762273\/?ref=hl","https:\/\/x.com\/LaGuiadPamplona","https:\/\/www.instagram.com\/la_guia_de_pamplona\/","https:\/\/www.youtube.com\/user\/laguiadepamplona"]},{"@type":"Person","@id":"https:\/\/www.laguiadepamplona.com\/actualidad\/#\/schema\/person\/efe887376f0213d4657c93adc50b1fdb","name":"La Gu\u00eda de Pamplona","image":{"@type":"ImageObject","inLanguage":"es","@id":"https:\/\/secure.gravatar.com\/avatar\/b6992f131dc8d30ab0dff15446e9d346d9dbd95992de0fef795073f5ea83a81c?s=96&d=mm&r=g","url":"https:\/\/secure.gravatar.com\/avatar\/b6992f131dc8d30ab0dff15446e9d346d9dbd95992de0fef795073f5ea83a81c?s=96&d=mm&r=g","contentUrl":"https:\/\/secure.gravatar.com\/avatar\/b6992f131dc8d30ab0dff15446e9d346d9dbd95992de0fef795073f5ea83a81c?s=96&d=mm&r=g","caption":"La Gu\u00eda de Pamplona"}}]}},"post_mailing_queue_ids":[],"_links":{"self":[{"href":"https:\/\/www.laguiadepamplona.com\/actualidad\/wp-json\/wp\/v2\/posts\/46938","targetHints":{"allow":["GET"]}}],"collection":[{"href":"https:\/\/www.laguiadepamplona.com\/actualidad\/wp-json\/wp\/v2\/posts"}],"about":[{"href":"https:\/\/www.laguiadepamplona.com\/actualidad\/wp-json\/wp\/v2\/types\/post"}],"author":[{"embeddable":true,"href":"https:\/\/www.laguiadepamplona.com\/actualidad\/wp-json\/wp\/v2\/users\/1"}],"replies":[{"embeddable":true,"href":"https:\/\/www.laguiadepamplona.com\/actualidad\/wp-json\/wp\/v2\/comments?post=46938"}],"version-history":[{"count":1,"href":"https:\/\/www.laguiadepamplona.com\/actualidad\/wp-json\/wp\/v2\/posts\/46938\/revisions"}],"predecessor-version":[{"id":46940,"href":"https:\/\/www.laguiadepamplona.com\/actualidad\/wp-json\/wp\/v2\/posts\/46938\/revisions\/46940"}],"wp:featuredmedia":[{"embeddable":true,"href":"https:\/\/www.laguiadepamplona.com\/actualidad\/wp-json\/wp\/v2\/media\/46939"}],"wp:attachment":[{"href":"https:\/\/www.laguiadepamplona.com\/actualidad\/wp-json\/wp\/v2\/media?parent=46938"}],"wp:term":[{"taxonomy":"category","embeddable":true,"href":"https:\/\/www.laguiadepamplona.com\/actualidad\/wp-json\/wp\/v2\/categories?post=46938"},{"taxonomy":"post_tag","embeddable":true,"href":"https:\/\/www.laguiadepamplona.com\/actualidad\/wp-json\/wp\/v2\/tags?post=46938"}],"curies":[{"name":"wp","href":"https:\/\/api.w.org\/{rel}","templated":true}]}}