{"id":46932,"date":"2023-06-05T13:43:41","date_gmt":"2023-06-05T11:43:41","guid":{"rendered":"https:\/\/www.laguiadepamplona.com\/actualidad\/?p=46932"},"modified":"2023-06-05T13:53:19","modified_gmt":"2023-06-05T11:53:19","slug":"pamplona-se-llena-de-musica-este-martes-para-celebrar-el-sexto-y-ultimo-peldano-de-la-escalerica-sanferminera","status":"publish","type":"post","link":"https:\/\/www.laguiadepamplona.com\/actualidad\/pamplona-se-llena-de-musica-este-martes-para-celebrar-el-sexto-y-ultimo-peldano-de-la-escalerica-sanferminera\/","title":{"rendered":"Pamplona se llena de m\u00fasica este martes para celebrar el sexto y \u00faltimo pelda\u00f1o de la Escalerica sanferminera"},"content":{"rendered":"<h3>La Pamplonesa, la Cofrad\u00eda Musical de San Saturnino, la Broken Brothers Brass Band y la Asociaci\u00f3n de Swing de Pamplona amenizan la fiesta<\/h3>\n<p><!--more--><\/p>\n<p>Pamplona celebra este martes d\u00eda 6 el \u00faltimo pelda\u00f1o de la tradicional Escalerica sanferminera, cuando falta un mes para el inicio de las fiestas de San Ferm\u00edn. El Ayuntamiento de Pamplona ha preparado un programa musical para todos los p\u00fablicos que llevar\u00e1 la alegr\u00eda por las calles del Casco Antiguo de la ciudad, de la mano de La Pamplonesa, la Cofrad\u00eda de San Saturnino, la Broken Brother Brassband y la Asociaci\u00f3n Navarra de Swing.<\/p>\n<p>La afici\u00f3n a la m\u00fasica de viento, que forma parte del imaginario cultural y del patrimonio intangible de Pamplona, se ha convertido en un referente de las fiestas. Por eso, para el \u00faltimo d\u00eda de la Escalerica, y aprovechando el previsible buen tiempo, se propone como aperitivo una actuaci\u00f3n de la Asociaci\u00f3n Navarra de Swing, en la Plaza del Castillo, a partir de las siete de la tarde. A ellos se unir\u00e1 la Broken Brothers Brass Band, que sale a la misma hora desde la plaza del Ayuntamiento, para realizar un pasacalles de una hora y media, que terminar\u00e1 con un concierto de unos 30 minutos en la Plaza del Castillo.<\/p>\n<p>Tambi\u00e9n a las siete, desde la calle Estafeta, la Cofrad\u00eda Musical de San Saturnino realizar\u00e1 un pasacalles de dos horas de duraci\u00f3n, por las calles Estafeta, Carlos III, aleda\u00f1os de la Plaza de toros, calle Roncesvalles, Plaza del Castillo y San Nicol\u00e1s. Siguiendo sus pasos, como colof\u00f3n, sale a las 20.15 la banda de m\u00fasica La Pamplonesa, que inicia su pasacalles en la plaza Consistorial, hacia San Saturnino, calle Mayor, calle de Hilari\u00f3n Eslava y plaza San Francisco; continuar\u00e1 por la calle de San Miguel, plaza San Nicol\u00e1s, paseo Sarasate, Plaza del Castillo, calle Javier, calle Estafeta, Mercaderes y plaza Consistorial. En las plazas del itinerario, la banda parar\u00e1 para interpretar distintos temas.<br \/>\n<script async src=\"\/\/pagead2.googlesyndication.com\/pagead\/js\/adsbygoogle.js\"><\/script><br \/>\n<!-- Noticias La Guia de Pamplona --><br \/>\n<ins class=\"adsbygoogle\"\nstyle=\"display:block\"\ndata-ad-client=\"ca-pub-6943679897239327\"\ndata-ad-slot=\"7048180777\"\ndata-ad-format=\"auto\"><\/ins><br \/>\n<script>\n(adsbygoogle = window.adsbygoogle || []).push({});\n<\/script><\/p>\n<p><strong>Los protagonistas<\/strong><\/p>\n<p>La Asociaci\u00f3n de Swing de Pamplona abre la fiesta sacando el baile a las calles, para crear un ambiente de alegr\u00eda y diversi\u00f3n, abierto a cualquier persona que se quiera unir. Esta asociaci\u00f3n sin \u00e1nimo de lucro creada por y para los amantes del swing hace m\u00e1s de una d\u00e9cada busca promover este baile social, mediante la programaci\u00f3n de diferentes eventos, e impulsar su aprendizaje a trav\u00e9s de cursos y talleres.<\/p>\n<p>Junto a ellos tocar\u00e1 la Broken Brothers Brass Band, que aporta el sonido actual y tradicional de los grupos callejeros de Nueva Orleans. La banda, nacida en 2006 en las calles de Pamplona, cuenta ya con cinco discos en su haber y ha colaborado tanto en directo como en estudio con figuras relevantes del panorama musical. Su estilo recoge influencias del jazz contempor\u00e1neo, <em>grooves<\/em> bailables, rap, improvisaci\u00f3n colectiva y g\u00f3spel con cantos grupales.<br \/>\n<script async src=\"\/\/pagead2.googlesyndication.com\/pagead\/js\/adsbygoogle.js\"><\/script><br \/>\n<!-- Noticias La Guia de Pamplona --><br \/>\n<ins class=\"adsbygoogle\"\nstyle=\"display:block\"\ndata-ad-client=\"ca-pub-6943679897239327\"\ndata-ad-slot=\"7048180777\"\ndata-ad-format=\"auto\"><\/ins><br \/>\n<script>\n(adsbygoogle = window.adsbygoogle || []).push({});\n<\/script><\/p>\n<p>Otro estilo diferente es el de la Cofrad\u00eda Musical de San Saturnino ad Brasa Aeternam, surgida en el a\u00f1o 2010 de manera espont\u00e1nea sin m\u00e1s raz\u00f3n de ser que alegrar la vida de pamploneses y pamplonesas, navarros y navarras en general, con su m\u00fasica y sus letras, que recuperan cantando y contando la historia de Pamplona y Navarra. En estos 12 a\u00f1os de historia, la cofrad\u00eda dispone ya de dos discos, con un repertorio que incluye canciones de la tierra, populares y sudamericanas, entre otras.<\/p>\n<p>Por \u00faltimo, la Banda de M\u00fasica de Pamplona La Pamplonesa, instituci\u00f3n centenaria tan presente durante las fiestas, participa en el \u00faltimo escal\u00f3n, interpretando por las calles un repertorio festivo similar al que ofrece en San Ferm\u00edn, con las tradicionales dianas, pasodobles y otras piezas populares. La banda estar\u00e1 dirigida por Jes\u00fas Garisoain.<br \/>\n<script async src=\"\/\/pagead2.googlesyndication.com\/pagead\/js\/adsbygoogle.js\"><\/script><br \/>\n<!-- Noticias La Guia de Pamplona --><br \/>\n<ins class=\"adsbygoogle\"\nstyle=\"display:block\"\ndata-ad-client=\"ca-pub-6943679897239327\"\ndata-ad-slot=\"7048180777\"\ndata-ad-format=\"auto\"><\/ins><br \/>\n<script>\n(adsbygoogle = window.adsbygoogle || []).push({});\n<\/script><\/p>\n<p><strong>Financiaci\u00f3n europea<\/strong><\/p>\n<p>Las actividades programadas para los distintos pelda\u00f1os de la Escalerica cuentan con financiaci\u00f3n europea de los fondos Next Generation EU, a trav\u00e9s del Plan de Recuperaci\u00f3n, Transformaci\u00f3n y Resiliencia (PRTR) del Gobierno de Espa\u00f1a. El Ayuntamiento de Pamplona invita a la ciudadan\u00eda a compartir la programaci\u00f3n con los hashtags #YaFaltaMenos, #Escalerica, #Sanfermines2023 y #6DeMayo.<br \/>\n<script async src=\"\/\/pagead2.googlesyndication.com\/pagead\/js\/adsbygoogle.js\"><\/script><br \/>\n<!-- Noticias La Guia de Pamplona --><br \/>\n<ins class=\"adsbygoogle\"\nstyle=\"display:block\"\ndata-ad-client=\"ca-pub-6943679897239327\"\ndata-ad-slot=\"7048180777\"\ndata-ad-format=\"auto\"><\/ins><br \/>\n<script>\n(adsbygoogle = window.adsbygoogle || []).push({});\n<\/script><\/p>\n<p>&nbsp;<\/p>\n<h3>Martes 6 de Junio, \u00daltimo pelda\u00f1o de la Escalerica. Programa<\/h3>\n<ul>\n<li>De 19.00 a 20.30: Actuaci\u00f3n de la Asociaci\u00f3n Navarra de Swing, en la Plaza del Castillo<\/li>\n<li>De 19.00 a 20.30: Kalejira de la Broken Brother Brassband, saliendo desde la plaza del Ayuntamiento y terminando en la Plaza del Castillo, donde dar\u00e1 un concierto de 30 minutos<\/li>\n<li>De 19.00 a 21.00: La Cofrad\u00eda de San Saturnino empieza su pasacalles en la calle Estafeta, continuando por Carlos III, aleda\u00f1os de la Plaza de toros, calle Roncesvalles, Plaza del Castillo y San Nicol\u00e1s<\/li>\n<li>A las 20.15: Pasacalles de La Pamplonesa, con inicio y final en el Ayuntamiento\n<ul>\n<li>Recorrido: Plaza Consistorial &#8211; Calle San Saturnino &#8211; Calle Mayor &#8211; Calle de Hilari\u00f3n Eslava &#8211; Plaza San Francisco (parada para tocar en parado) &#8211; Calle de San Miguel &#8211; Plaza San Nicol\u00e1s (parada para tocar en parado) &#8211; Paseo Sarasate &#8211; Plaza del Castillo (parada para tocar en parado) &#8211; Calle Javier &#8211; Calle Estafeta &#8211; Calle Mercaderes &#8211; Plaza Consistorial (final para tocar en parado)<\/li>\n<\/ul>\n<\/li>\n<\/ul>\n","protected":false},"excerpt":{"rendered":"<p>La Pamplonesa, la Cofrad\u00eda Musical de San Saturnino, la Broken Brothers Brass Band y la Asociaci\u00f3n de Swing de Pamplona amenizan la fiesta<\/p>\n","protected":false},"author":1,"featured_media":46933,"comment_status":"open","ping_status":"closed","sticky":false,"template":"","format":"standard","meta":{"footnotes":""},"categories":[2,9406],"tags":[],"class_list":["post-46932","post","type-post","status-publish","format-standard","has-post-thumbnail","hentry","category-ayuntamiento-pamplona","category-san-fermin"],"yoast_head":"<!-- This site is optimized with the Yoast SEO plugin v27.3 - https:\/\/yoast.com\/product\/yoast-seo-wordpress\/ -->\n<title>Pamplona se llena de m\u00fasica este martes para celebrar el sexto y \u00faltimo pelda\u00f1o de la Escalerica sanferminera<\/title>\n<meta name=\"description\" content=\"La Pamplonesa, la Cofrad\u00eda Musical de San Saturnino, la Broken Brothers Brass Band y la Asociaci\u00f3n de Swing de Pamplona amenizan la fiesta\" \/>\n<meta name=\"robots\" content=\"index, follow, max-snippet:-1, max-image-preview:large, max-video-preview:-1\" \/>\n<link rel=\"canonical\" href=\"https:\/\/www.laguiadepamplona.com\/actualidad\/pamplona-se-llena-de-musica-este-martes-para-celebrar-el-sexto-y-ultimo-peldano-de-la-escalerica-sanferminera\/\" \/>\n<meta property=\"og:locale\" content=\"es_ES\" \/>\n<meta property=\"og:type\" content=\"article\" \/>\n<meta property=\"og:title\" content=\"Pamplona se llena de m\u00fasica este martes para celebrar el sexto y \u00faltimo pelda\u00f1o de la Escalerica sanferminera\" \/>\n<meta property=\"og:description\" content=\"La Pamplonesa, la Cofrad\u00eda Musical de San Saturnino, la Broken Brothers Brass Band y la Asociaci\u00f3n de Swing de Pamplona amenizan la fiesta\" \/>\n<meta property=\"og:url\" content=\"https:\/\/www.laguiadepamplona.com\/actualidad\/pamplona-se-llena-de-musica-este-martes-para-celebrar-el-sexto-y-ultimo-peldano-de-la-escalerica-sanferminera\/\" \/>\n<meta property=\"og:site_name\" content=\"La Gu\u00eda de Pamplona\" \/>\n<meta property=\"article:publisher\" content=\"https:\/\/www.facebook.com\/laguiadepamplonacom-133175176762273\/?ref=hl\" \/>\n<meta property=\"article:published_time\" content=\"2023-06-05T11:43:41+00:00\" \/>\n<meta property=\"article:modified_time\" content=\"2023-06-05T11:53:19+00:00\" \/>\n<meta property=\"og:image\" content=\"https:\/\/www.laguiadepamplona.com\/actualidad\/wp-content\/uploads\/2023\/06\/2023_05_05-Natalia-Lacunza_Q5A4670.webp\" \/>\n\t<meta property=\"og:image:width\" content=\"1920\" \/>\n\t<meta property=\"og:image:height\" content=\"1281\" \/>\n\t<meta property=\"og:image:type\" content=\"image\/webp\" \/>\n<meta name=\"author\" content=\"La Gu\u00eda de Pamplona\" \/>\n<meta name=\"twitter:card\" content=\"summary_large_image\" \/>\n<meta name=\"twitter:creator\" content=\"@LaGuiadPamplona\" \/>\n<meta name=\"twitter:site\" content=\"@LaGuiadPamplona\" \/>\n<meta name=\"twitter:label1\" content=\"Escrito por\" \/>\n\t<meta name=\"twitter:data1\" content=\"La Gu\u00eda de Pamplona\" \/>\n\t<meta name=\"twitter:label2\" content=\"Tiempo de lectura\" \/>\n\t<meta name=\"twitter:data2\" content=\"4 minutos\" \/>\n<script type=\"application\/ld+json\" class=\"yoast-schema-graph\">{\"@context\":\"https:\\\/\\\/schema.org\",\"@graph\":[{\"@type\":\"Article\",\"@id\":\"https:\\\/\\\/www.laguiadepamplona.com\\\/actualidad\\\/pamplona-se-llena-de-musica-este-martes-para-celebrar-el-sexto-y-ultimo-peldano-de-la-escalerica-sanferminera\\\/#article\",\"isPartOf\":{\"@id\":\"https:\\\/\\\/www.laguiadepamplona.com\\\/actualidad\\\/pamplona-se-llena-de-musica-este-martes-para-celebrar-el-sexto-y-ultimo-peldano-de-la-escalerica-sanferminera\\\/\"},\"author\":{\"name\":\"La Gu\u00eda de Pamplona\",\"@id\":\"https:\\\/\\\/www.laguiadepamplona.com\\\/actualidad\\\/#\\\/schema\\\/person\\\/efe887376f0213d4657c93adc50b1fdb\"},\"headline\":\"Pamplona se llena de m\u00fasica este martes para celebrar el sexto y \u00faltimo pelda\u00f1o de la Escalerica sanferminera\",\"datePublished\":\"2023-06-05T11:43:41+00:00\",\"dateModified\":\"2023-06-05T11:53:19+00:00\",\"mainEntityOfPage\":{\"@id\":\"https:\\\/\\\/www.laguiadepamplona.com\\\/actualidad\\\/pamplona-se-llena-de-musica-este-martes-para-celebrar-el-sexto-y-ultimo-peldano-de-la-escalerica-sanferminera\\\/\"},\"wordCount\":901,\"commentCount\":0,\"publisher\":{\"@id\":\"https:\\\/\\\/www.laguiadepamplona.com\\\/actualidad\\\/#organization\"},\"image\":{\"@id\":\"https:\\\/\\\/www.laguiadepamplona.com\\\/actualidad\\\/pamplona-se-llena-de-musica-este-martes-para-celebrar-el-sexto-y-ultimo-peldano-de-la-escalerica-sanferminera\\\/#primaryimage\"},\"thumbnailUrl\":\"https:\\\/\\\/www.laguiadepamplona.com\\\/actualidad\\\/wp-content\\\/uploads\\\/2023\\\/06\\\/2023_05_05-Natalia-Lacunza_Q5A4670.webp\",\"articleSection\":[\"Ayto Pamplona\",\"San Ferm\u00edn\"],\"inLanguage\":\"es\",\"potentialAction\":[{\"@type\":\"CommentAction\",\"name\":\"Comment\",\"target\":[\"https:\\\/\\\/www.laguiadepamplona.com\\\/actualidad\\\/pamplona-se-llena-de-musica-este-martes-para-celebrar-el-sexto-y-ultimo-peldano-de-la-escalerica-sanferminera\\\/#respond\"]}]},{\"@type\":\"WebPage\",\"@id\":\"https:\\\/\\\/www.laguiadepamplona.com\\\/actualidad\\\/pamplona-se-llena-de-musica-este-martes-para-celebrar-el-sexto-y-ultimo-peldano-de-la-escalerica-sanferminera\\\/\",\"url\":\"https:\\\/\\\/www.laguiadepamplona.com\\\/actualidad\\\/pamplona-se-llena-de-musica-este-martes-para-celebrar-el-sexto-y-ultimo-peldano-de-la-escalerica-sanferminera\\\/\",\"name\":\"Pamplona se llena de m\u00fasica este martes para celebrar el sexto y \u00faltimo pelda\u00f1o de la Escalerica sanferminera\",\"isPartOf\":{\"@id\":\"https:\\\/\\\/www.laguiadepamplona.com\\\/actualidad\\\/#website\"},\"primaryImageOfPage\":{\"@id\":\"https:\\\/\\\/www.laguiadepamplona.com\\\/actualidad\\\/pamplona-se-llena-de-musica-este-martes-para-celebrar-el-sexto-y-ultimo-peldano-de-la-escalerica-sanferminera\\\/#primaryimage\"},\"image\":{\"@id\":\"https:\\\/\\\/www.laguiadepamplona.com\\\/actualidad\\\/pamplona-se-llena-de-musica-este-martes-para-celebrar-el-sexto-y-ultimo-peldano-de-la-escalerica-sanferminera\\\/#primaryimage\"},\"thumbnailUrl\":\"https:\\\/\\\/www.laguiadepamplona.com\\\/actualidad\\\/wp-content\\\/uploads\\\/2023\\\/06\\\/2023_05_05-Natalia-Lacunza_Q5A4670.webp\",\"datePublished\":\"2023-06-05T11:43:41+00:00\",\"dateModified\":\"2023-06-05T11:53:19+00:00\",\"description\":\"La Pamplonesa, la Cofrad\u00eda Musical de San Saturnino, la Broken Brothers Brass Band y la Asociaci\u00f3n de Swing de Pamplona amenizan la fiesta\",\"breadcrumb\":{\"@id\":\"https:\\\/\\\/www.laguiadepamplona.com\\\/actualidad\\\/pamplona-se-llena-de-musica-este-martes-para-celebrar-el-sexto-y-ultimo-peldano-de-la-escalerica-sanferminera\\\/#breadcrumb\"},\"inLanguage\":\"es\",\"potentialAction\":[{\"@type\":\"ReadAction\",\"target\":[\"https:\\\/\\\/www.laguiadepamplona.com\\\/actualidad\\\/pamplona-se-llena-de-musica-este-martes-para-celebrar-el-sexto-y-ultimo-peldano-de-la-escalerica-sanferminera\\\/\"]}]},{\"@type\":\"ImageObject\",\"inLanguage\":\"es\",\"@id\":\"https:\\\/\\\/www.laguiadepamplona.com\\\/actualidad\\\/pamplona-se-llena-de-musica-este-martes-para-celebrar-el-sexto-y-ultimo-peldano-de-la-escalerica-sanferminera\\\/#primaryimage\",\"url\":\"https:\\\/\\\/www.laguiadepamplona.com\\\/actualidad\\\/wp-content\\\/uploads\\\/2023\\\/06\\\/2023_05_05-Natalia-Lacunza_Q5A4670.webp\",\"contentUrl\":\"https:\\\/\\\/www.laguiadepamplona.com\\\/actualidad\\\/wp-content\\\/uploads\\\/2023\\\/06\\\/2023_05_05-Natalia-Lacunza_Q5A4670.webp\",\"width\":1920,\"height\":1281},{\"@type\":\"BreadcrumbList\",\"@id\":\"https:\\\/\\\/www.laguiadepamplona.com\\\/actualidad\\\/pamplona-se-llena-de-musica-este-martes-para-celebrar-el-sexto-y-ultimo-peldano-de-la-escalerica-sanferminera\\\/#breadcrumb\",\"itemListElement\":[{\"@type\":\"ListItem\",\"position\":1,\"name\":\"Portada\",\"item\":\"https:\\\/\\\/www.laguiadepamplona.com\\\/actualidad\\\/\"},{\"@type\":\"ListItem\",\"position\":2,\"name\":\"Pamplona se llena de m\u00fasica este martes para celebrar el sexto y \u00faltimo pelda\u00f1o de la Escalerica sanferminera\"}]},{\"@type\":\"WebSite\",\"@id\":\"https:\\\/\\\/www.laguiadepamplona.com\\\/actualidad\\\/#website\",\"url\":\"https:\\\/\\\/www.laguiadepamplona.com\\\/actualidad\\\/\",\"name\":\"La gu\u00eda de Pamplona\",\"description\":\"Noticias de Pamplona\",\"publisher\":{\"@id\":\"https:\\\/\\\/www.laguiadepamplona.com\\\/actualidad\\\/#organization\"},\"potentialAction\":[{\"@type\":\"SearchAction\",\"target\":{\"@type\":\"EntryPoint\",\"urlTemplate\":\"https:\\\/\\\/www.laguiadepamplona.com\\\/actualidad\\\/?s={search_term_string}\"},\"query-input\":{\"@type\":\"PropertyValueSpecification\",\"valueRequired\":true,\"valueName\":\"search_term_string\"}}],\"inLanguage\":\"es\"},{\"@type\":\"Organization\",\"@id\":\"https:\\\/\\\/www.laguiadepamplona.com\\\/actualidad\\\/#organization\",\"name\":\"La Gu\u00eda de Pamplona \\\/ Noticias\",\"url\":\"https:\\\/\\\/www.laguiadepamplona.com\\\/actualidad\\\/\",\"logo\":{\"@type\":\"ImageObject\",\"inLanguage\":\"es\",\"@id\":\"https:\\\/\\\/www.laguiadepamplona.com\\\/actualidad\\\/#\\\/schema\\\/logo\\\/image\\\/\",\"url\":\"https:\\\/\\\/www.laguiadepamplona.com\\\/actualidad\\\/wp-content\\\/uploads\\\/2018\\\/11\\\/logo-laguiadepamplona18-web1.png\",\"contentUrl\":\"https:\\\/\\\/www.laguiadepamplona.com\\\/actualidad\\\/wp-content\\\/uploads\\\/2018\\\/11\\\/logo-laguiadepamplona18-web1.png\",\"width\":600,\"height\":196,\"caption\":\"La Gu\u00eda de Pamplona \\\/ Noticias\"},\"image\":{\"@id\":\"https:\\\/\\\/www.laguiadepamplona.com\\\/actualidad\\\/#\\\/schema\\\/logo\\\/image\\\/\"},\"sameAs\":[\"https:\\\/\\\/www.facebook.com\\\/laguiadepamplonacom-133175176762273\\\/?ref=hl\",\"https:\\\/\\\/x.com\\\/LaGuiadPamplona\",\"https:\\\/\\\/www.instagram.com\\\/la_guia_de_pamplona\\\/\",\"https:\\\/\\\/www.youtube.com\\\/user\\\/laguiadepamplona\"]},{\"@type\":\"Person\",\"@id\":\"https:\\\/\\\/www.laguiadepamplona.com\\\/actualidad\\\/#\\\/schema\\\/person\\\/efe887376f0213d4657c93adc50b1fdb\",\"name\":\"La Gu\u00eda de Pamplona\",\"image\":{\"@type\":\"ImageObject\",\"inLanguage\":\"es\",\"@id\":\"https:\\\/\\\/secure.gravatar.com\\\/avatar\\\/b6992f131dc8d30ab0dff15446e9d346d9dbd95992de0fef795073f5ea83a81c?s=96&d=mm&r=g\",\"url\":\"https:\\\/\\\/secure.gravatar.com\\\/avatar\\\/b6992f131dc8d30ab0dff15446e9d346d9dbd95992de0fef795073f5ea83a81c?s=96&d=mm&r=g\",\"contentUrl\":\"https:\\\/\\\/secure.gravatar.com\\\/avatar\\\/b6992f131dc8d30ab0dff15446e9d346d9dbd95992de0fef795073f5ea83a81c?s=96&d=mm&r=g\",\"caption\":\"La Gu\u00eda de Pamplona\"}}]}<\/script>\n<!-- \/ Yoast SEO plugin. -->","yoast_head_json":{"title":"Pamplona se llena de m\u00fasica este martes para celebrar el sexto y \u00faltimo pelda\u00f1o de la Escalerica sanferminera","description":"La Pamplonesa, la Cofrad\u00eda Musical de San Saturnino, la Broken Brothers Brass Band y la Asociaci\u00f3n de Swing de Pamplona amenizan la fiesta","robots":{"index":"index","follow":"follow","max-snippet":"max-snippet:-1","max-image-preview":"max-image-preview:large","max-video-preview":"max-video-preview:-1"},"canonical":"https:\/\/www.laguiadepamplona.com\/actualidad\/pamplona-se-llena-de-musica-este-martes-para-celebrar-el-sexto-y-ultimo-peldano-de-la-escalerica-sanferminera\/","og_locale":"es_ES","og_type":"article","og_title":"Pamplona se llena de m\u00fasica este martes para celebrar el sexto y \u00faltimo pelda\u00f1o de la Escalerica sanferminera","og_description":"La Pamplonesa, la Cofrad\u00eda Musical de San Saturnino, la Broken Brothers Brass Band y la Asociaci\u00f3n de Swing de Pamplona amenizan la fiesta","og_url":"https:\/\/www.laguiadepamplona.com\/actualidad\/pamplona-se-llena-de-musica-este-martes-para-celebrar-el-sexto-y-ultimo-peldano-de-la-escalerica-sanferminera\/","og_site_name":"La Gu\u00eda de Pamplona","article_publisher":"https:\/\/www.facebook.com\/laguiadepamplonacom-133175176762273\/?ref=hl","article_published_time":"2023-06-05T11:43:41+00:00","article_modified_time":"2023-06-05T11:53:19+00:00","og_image":[{"width":1920,"height":1281,"url":"https:\/\/www.laguiadepamplona.com\/actualidad\/wp-content\/uploads\/2023\/06\/2023_05_05-Natalia-Lacunza_Q5A4670.webp","type":"image\/webp"}],"author":"La Gu\u00eda de Pamplona","twitter_card":"summary_large_image","twitter_creator":"@LaGuiadPamplona","twitter_site":"@LaGuiadPamplona","twitter_misc":{"Escrito por":"La Gu\u00eda de Pamplona","Tiempo de lectura":"4 minutos"},"schema":{"@context":"https:\/\/schema.org","@graph":[{"@type":"Article","@id":"https:\/\/www.laguiadepamplona.com\/actualidad\/pamplona-se-llena-de-musica-este-martes-para-celebrar-el-sexto-y-ultimo-peldano-de-la-escalerica-sanferminera\/#article","isPartOf":{"@id":"https:\/\/www.laguiadepamplona.com\/actualidad\/pamplona-se-llena-de-musica-este-martes-para-celebrar-el-sexto-y-ultimo-peldano-de-la-escalerica-sanferminera\/"},"author":{"name":"La Gu\u00eda de Pamplona","@id":"https:\/\/www.laguiadepamplona.com\/actualidad\/#\/schema\/person\/efe887376f0213d4657c93adc50b1fdb"},"headline":"Pamplona se llena de m\u00fasica este martes para celebrar el sexto y \u00faltimo pelda\u00f1o de la Escalerica sanferminera","datePublished":"2023-06-05T11:43:41+00:00","dateModified":"2023-06-05T11:53:19+00:00","mainEntityOfPage":{"@id":"https:\/\/www.laguiadepamplona.com\/actualidad\/pamplona-se-llena-de-musica-este-martes-para-celebrar-el-sexto-y-ultimo-peldano-de-la-escalerica-sanferminera\/"},"wordCount":901,"commentCount":0,"publisher":{"@id":"https:\/\/www.laguiadepamplona.com\/actualidad\/#organization"},"image":{"@id":"https:\/\/www.laguiadepamplona.com\/actualidad\/pamplona-se-llena-de-musica-este-martes-para-celebrar-el-sexto-y-ultimo-peldano-de-la-escalerica-sanferminera\/#primaryimage"},"thumbnailUrl":"https:\/\/www.laguiadepamplona.com\/actualidad\/wp-content\/uploads\/2023\/06\/2023_05_05-Natalia-Lacunza_Q5A4670.webp","articleSection":["Ayto Pamplona","San Ferm\u00edn"],"inLanguage":"es","potentialAction":[{"@type":"CommentAction","name":"Comment","target":["https:\/\/www.laguiadepamplona.com\/actualidad\/pamplona-se-llena-de-musica-este-martes-para-celebrar-el-sexto-y-ultimo-peldano-de-la-escalerica-sanferminera\/#respond"]}]},{"@type":"WebPage","@id":"https:\/\/www.laguiadepamplona.com\/actualidad\/pamplona-se-llena-de-musica-este-martes-para-celebrar-el-sexto-y-ultimo-peldano-de-la-escalerica-sanferminera\/","url":"https:\/\/www.laguiadepamplona.com\/actualidad\/pamplona-se-llena-de-musica-este-martes-para-celebrar-el-sexto-y-ultimo-peldano-de-la-escalerica-sanferminera\/","name":"Pamplona se llena de m\u00fasica este martes para celebrar el sexto y \u00faltimo pelda\u00f1o de la Escalerica sanferminera","isPartOf":{"@id":"https:\/\/www.laguiadepamplona.com\/actualidad\/#website"},"primaryImageOfPage":{"@id":"https:\/\/www.laguiadepamplona.com\/actualidad\/pamplona-se-llena-de-musica-este-martes-para-celebrar-el-sexto-y-ultimo-peldano-de-la-escalerica-sanferminera\/#primaryimage"},"image":{"@id":"https:\/\/www.laguiadepamplona.com\/actualidad\/pamplona-se-llena-de-musica-este-martes-para-celebrar-el-sexto-y-ultimo-peldano-de-la-escalerica-sanferminera\/#primaryimage"},"thumbnailUrl":"https:\/\/www.laguiadepamplona.com\/actualidad\/wp-content\/uploads\/2023\/06\/2023_05_05-Natalia-Lacunza_Q5A4670.webp","datePublished":"2023-06-05T11:43:41+00:00","dateModified":"2023-06-05T11:53:19+00:00","description":"La Pamplonesa, la Cofrad\u00eda Musical de San Saturnino, la Broken Brothers Brass Band y la Asociaci\u00f3n de Swing de Pamplona amenizan la fiesta","breadcrumb":{"@id":"https:\/\/www.laguiadepamplona.com\/actualidad\/pamplona-se-llena-de-musica-este-martes-para-celebrar-el-sexto-y-ultimo-peldano-de-la-escalerica-sanferminera\/#breadcrumb"},"inLanguage":"es","potentialAction":[{"@type":"ReadAction","target":["https:\/\/www.laguiadepamplona.com\/actualidad\/pamplona-se-llena-de-musica-este-martes-para-celebrar-el-sexto-y-ultimo-peldano-de-la-escalerica-sanferminera\/"]}]},{"@type":"ImageObject","inLanguage":"es","@id":"https:\/\/www.laguiadepamplona.com\/actualidad\/pamplona-se-llena-de-musica-este-martes-para-celebrar-el-sexto-y-ultimo-peldano-de-la-escalerica-sanferminera\/#primaryimage","url":"https:\/\/www.laguiadepamplona.com\/actualidad\/wp-content\/uploads\/2023\/06\/2023_05_05-Natalia-Lacunza_Q5A4670.webp","contentUrl":"https:\/\/www.laguiadepamplona.com\/actualidad\/wp-content\/uploads\/2023\/06\/2023_05_05-Natalia-Lacunza_Q5A4670.webp","width":1920,"height":1281},{"@type":"BreadcrumbList","@id":"https:\/\/www.laguiadepamplona.com\/actualidad\/pamplona-se-llena-de-musica-este-martes-para-celebrar-el-sexto-y-ultimo-peldano-de-la-escalerica-sanferminera\/#breadcrumb","itemListElement":[{"@type":"ListItem","position":1,"name":"Portada","item":"https:\/\/www.laguiadepamplona.com\/actualidad\/"},{"@type":"ListItem","position":2,"name":"Pamplona se llena de m\u00fasica este martes para celebrar el sexto y \u00faltimo pelda\u00f1o de la Escalerica sanferminera"}]},{"@type":"WebSite","@id":"https:\/\/www.laguiadepamplona.com\/actualidad\/#website","url":"https:\/\/www.laguiadepamplona.com\/actualidad\/","name":"La gu\u00eda de Pamplona","description":"Noticias de Pamplona","publisher":{"@id":"https:\/\/www.laguiadepamplona.com\/actualidad\/#organization"},"potentialAction":[{"@type":"SearchAction","target":{"@type":"EntryPoint","urlTemplate":"https:\/\/www.laguiadepamplona.com\/actualidad\/?s={search_term_string}"},"query-input":{"@type":"PropertyValueSpecification","valueRequired":true,"valueName":"search_term_string"}}],"inLanguage":"es"},{"@type":"Organization","@id":"https:\/\/www.laguiadepamplona.com\/actualidad\/#organization","name":"La Gu\u00eda de Pamplona \/ Noticias","url":"https:\/\/www.laguiadepamplona.com\/actualidad\/","logo":{"@type":"ImageObject","inLanguage":"es","@id":"https:\/\/www.laguiadepamplona.com\/actualidad\/#\/schema\/logo\/image\/","url":"https:\/\/www.laguiadepamplona.com\/actualidad\/wp-content\/uploads\/2018\/11\/logo-laguiadepamplona18-web1.png","contentUrl":"https:\/\/www.laguiadepamplona.com\/actualidad\/wp-content\/uploads\/2018\/11\/logo-laguiadepamplona18-web1.png","width":600,"height":196,"caption":"La Gu\u00eda de Pamplona \/ Noticias"},"image":{"@id":"https:\/\/www.laguiadepamplona.com\/actualidad\/#\/schema\/logo\/image\/"},"sameAs":["https:\/\/www.facebook.com\/laguiadepamplonacom-133175176762273\/?ref=hl","https:\/\/x.com\/LaGuiadPamplona","https:\/\/www.instagram.com\/la_guia_de_pamplona\/","https:\/\/www.youtube.com\/user\/laguiadepamplona"]},{"@type":"Person","@id":"https:\/\/www.laguiadepamplona.com\/actualidad\/#\/schema\/person\/efe887376f0213d4657c93adc50b1fdb","name":"La Gu\u00eda de Pamplona","image":{"@type":"ImageObject","inLanguage":"es","@id":"https:\/\/secure.gravatar.com\/avatar\/b6992f131dc8d30ab0dff15446e9d346d9dbd95992de0fef795073f5ea83a81c?s=96&d=mm&r=g","url":"https:\/\/secure.gravatar.com\/avatar\/b6992f131dc8d30ab0dff15446e9d346d9dbd95992de0fef795073f5ea83a81c?s=96&d=mm&r=g","contentUrl":"https:\/\/secure.gravatar.com\/avatar\/b6992f131dc8d30ab0dff15446e9d346d9dbd95992de0fef795073f5ea83a81c?s=96&d=mm&r=g","caption":"La Gu\u00eda de Pamplona"}}]}},"post_mailing_queue_ids":[],"_links":{"self":[{"href":"https:\/\/www.laguiadepamplona.com\/actualidad\/wp-json\/wp\/v2\/posts\/46932","targetHints":{"allow":["GET"]}}],"collection":[{"href":"https:\/\/www.laguiadepamplona.com\/actualidad\/wp-json\/wp\/v2\/posts"}],"about":[{"href":"https:\/\/www.laguiadepamplona.com\/actualidad\/wp-json\/wp\/v2\/types\/post"}],"author":[{"embeddable":true,"href":"https:\/\/www.laguiadepamplona.com\/actualidad\/wp-json\/wp\/v2\/users\/1"}],"replies":[{"embeddable":true,"href":"https:\/\/www.laguiadepamplona.com\/actualidad\/wp-json\/wp\/v2\/comments?post=46932"}],"version-history":[{"count":1,"href":"https:\/\/www.laguiadepamplona.com\/actualidad\/wp-json\/wp\/v2\/posts\/46932\/revisions"}],"predecessor-version":[{"id":46934,"href":"https:\/\/www.laguiadepamplona.com\/actualidad\/wp-json\/wp\/v2\/posts\/46932\/revisions\/46934"}],"wp:featuredmedia":[{"embeddable":true,"href":"https:\/\/www.laguiadepamplona.com\/actualidad\/wp-json\/wp\/v2\/media\/46933"}],"wp:attachment":[{"href":"https:\/\/www.laguiadepamplona.com\/actualidad\/wp-json\/wp\/v2\/media?parent=46932"}],"wp:term":[{"taxonomy":"category","embeddable":true,"href":"https:\/\/www.laguiadepamplona.com\/actualidad\/wp-json\/wp\/v2\/categories?post=46932"},{"taxonomy":"post_tag","embeddable":true,"href":"https:\/\/www.laguiadepamplona.com\/actualidad\/wp-json\/wp\/v2\/tags?post=46932"}],"curies":[{"name":"wp","href":"https:\/\/api.w.org\/{rel}","templated":true}]}}