{"id":46929,"date":"2023-06-05T13:41:22","date_gmt":"2023-06-05T11:41:22","guid":{"rendered":"https:\/\/www.laguiadepamplona.com\/actualidad\/?p=46929"},"modified":"2023-06-05T13:52:53","modified_gmt":"2023-06-05T11:52:53","slug":"el-club-atletico-osasuna-lanzara-el-chupinazo-de-los-proximos-sanfermines","status":"publish","type":"post","link":"https:\/\/www.laguiadepamplona.com\/actualidad\/el-club-atletico-osasuna-lanzara-el-chupinazo-de-los-proximos-sanfermines\/","title":{"rendered":"El Club Atl\u00e9tico Osasuna lanzar\u00e1 el Chupinazo de los pr\u00f3ximos Sanfermines"},"content":{"rendered":"<h3>El alcalde de Pamplona ha comunicado la decisi\u00f3n esta ma\u00f1ana a las portavoc\u00edas de los grupos municipales<\/h3>\n<p><!--more--><\/p>\n<p>El Chupinazo que abrir\u00e1 los Sanfermines 2023 el pr\u00f3ximo 6 de julio lo lanzar\u00e1 el Club Atl\u00e9tico Osasuna. De esta forma, se premia una temporada hist\u00f3rica con la clasificaci\u00f3n del equipo rojillo para la Conferencia League y con la disputa de la final de la Copa del Rey y que reconoce tambi\u00e9n el centenario del club en 2020. El alcalde de Pamplona, Enrique Maya, ha comunicado la decisi\u00f3n esta ma\u00f1ana a los portavoces y las portavoces de los grupos municipales.<br \/>\n<script async src=\"\/\/pagead2.googlesyndication.com\/pagead\/js\/adsbygoogle.js\"><\/script><br \/>\n<!-- Noticias La Guia de Pamplona --><br \/>\n<ins class=\"adsbygoogle\"\nstyle=\"display:block\"\ndata-ad-client=\"ca-pub-6943679897239327\"\ndata-ad-slot=\"7048180777\"\ndata-ad-format=\"auto\"><\/ins><br \/>\n<script>\n(adsbygoogle = window.adsbygoogle || []).push({});\n<\/script><\/p>\n<p>Este reconocimiento cierra una temporada hist\u00f3rica para el Club Atl\u00e9tico Osasuna. Su s\u00e9ptimo puesto en la Liga Santander, certificado ayer domingo con su victoria ante el Girona, clasifica al equipo para disputar la pr\u00f3xima campa\u00f1a competici\u00f3n europea. La Conferencia League espera a los rojillos en el regreso a Europa 16 a\u00f1os despu\u00e9s. Algo m\u00e1s, en concreto 18 a\u00f1os, tuvo que esperar la afici\u00f3n rojilla para vivir otra final de la Copa del Rey. Fue el pasado 6 de mayo en La Cartuja de Sevilla ante el Real Madrid. Osasuna perdi\u00f3 2-1, pero moviliz\u00f3 a m\u00e1s de 23.000 personas que se desplazaron a tierras andaluzas, adem\u00e1s de todas las que vivieron con ilusi\u00f3n la cita por toda Navarra.<\/p>\n<p>As\u00ed las cosas, por primera vez en su historia, la pr\u00f3xima temporada el C. A. Osasuna jugar\u00e1 cuatro competiciones, la Liga Santander, la Copa del Rey, la Conference League y la Supercopa de Espa\u00f1a. A los \u00e9xitos deportivos de esta campa\u00f1a, se une tambi\u00e9n el recuerdo del centenario del club en 2020, un a\u00f1o marcado por la pandemia de la COVID-19, que dej\u00f3 al C.A. Osasuna y a toda la afici\u00f3n con ganas de m\u00e1s celebraciones, pues fue poco lo que se pudo organizar debido a las restricciones sanitarias.<br \/>\n<script async src=\"\/\/pagead2.googlesyndication.com\/pagead\/js\/adsbygoogle.js\"><\/script><br \/>\n<!-- Noticias La Guia de Pamplona --><br \/>\n<ins class=\"adsbygoogle\"\nstyle=\"display:block\"\ndata-ad-client=\"ca-pub-6943679897239327\"\ndata-ad-slot=\"7048180777\"\ndata-ad-format=\"auto\"><\/ins><br \/>\n<script>\n(adsbygoogle = window.adsbygoogle || []).push({});\n<\/script><\/p>\n<p>Ser\u00e1 la segunda vez que el C.A. Osasuna, como instituci\u00f3n, sea protagonista del inicio de las fiestas de San Ferm\u00edn. En 2000, con motivo del ascenso del equipo a la Primera Divisi\u00f3n, el capit\u00e1n rojillo, C\u00e9sar Palacios, fue el encargado de prender la mecha del Chupinazo. El a\u00f1o pasado, tras dos a\u00f1os sin fiestas, el Chupinazo tuvo tambi\u00e9n su toque rojillo, con el exportero Juan Carlos Unzu\u00e9 que, a su larga trayectoria como futbolista y entrenador uni\u00f3 la reivindicaci\u00f3n de su lucha contra la ELA.<\/p>\n","protected":false},"excerpt":{"rendered":"<p>El alcalde de Pamplona ha comunicado la decisi\u00f3n esta ma\u00f1ana a las portavoc\u00edas de los grupos municipales<\/p>\n","protected":false},"author":1,"featured_media":46930,"comment_status":"open","ping_status":"closed","sticky":false,"template":"","format":"standard","meta":{"footnotes":""},"categories":[2,9406],"tags":[],"class_list":["post-46929","post","type-post","status-publish","format-standard","has-post-thumbnail","hentry","category-ayuntamiento-pamplona","category-san-fermin"],"yoast_head":"<!-- This site is optimized with the Yoast SEO plugin v27.3 - https:\/\/yoast.com\/product\/yoast-seo-wordpress\/ -->\n<title>El Club Atl\u00e9tico Osasuna lanzar\u00e1 el Chupinazo de los pr\u00f3ximos Sanfermines<\/title>\n<meta name=\"description\" content=\"El alcalde de Pamplona ha comunicado la decisi\u00f3n esta ma\u00f1ana a las portavoc\u00edas de los grupos municipales\" \/>\n<meta name=\"robots\" content=\"index, follow, max-snippet:-1, max-image-preview:large, max-video-preview:-1\" \/>\n<link rel=\"canonical\" href=\"https:\/\/www.laguiadepamplona.com\/actualidad\/el-club-atletico-osasuna-lanzara-el-chupinazo-de-los-proximos-sanfermines\/\" \/>\n<meta property=\"og:locale\" content=\"es_ES\" \/>\n<meta property=\"og:type\" content=\"article\" \/>\n<meta property=\"og:title\" content=\"El Club Atl\u00e9tico Osasuna lanzar\u00e1 el Chupinazo de los pr\u00f3ximos Sanfermines\" \/>\n<meta property=\"og:description\" content=\"El alcalde de Pamplona ha comunicado la decisi\u00f3n esta ma\u00f1ana a las portavoc\u00edas de los grupos municipales\" \/>\n<meta property=\"og:url\" content=\"https:\/\/www.laguiadepamplona.com\/actualidad\/el-club-atletico-osasuna-lanzara-el-chupinazo-de-los-proximos-sanfermines\/\" \/>\n<meta property=\"og:site_name\" content=\"La Gu\u00eda de Pamplona\" \/>\n<meta property=\"article:publisher\" content=\"https:\/\/www.facebook.com\/laguiadepamplonacom-133175176762273\/?ref=hl\" \/>\n<meta property=\"article:published_time\" content=\"2023-06-05T11:41:22+00:00\" \/>\n<meta property=\"article:modified_time\" content=\"2023-06-05T11:52:53+00:00\" \/>\n<meta property=\"og:image\" content=\"https:\/\/www.laguiadepamplona.com\/actualidad\/wp-content\/uploads\/2023\/06\/horizontal_osasuna.webp\" \/>\n\t<meta property=\"og:image:width\" content=\"1293\" \/>\n\t<meta property=\"og:image:height\" content=\"562\" \/>\n\t<meta property=\"og:image:type\" content=\"image\/webp\" \/>\n<meta name=\"author\" content=\"La Gu\u00eda de Pamplona\" \/>\n<meta name=\"twitter:card\" content=\"summary_large_image\" \/>\n<meta name=\"twitter:creator\" content=\"@LaGuiadPamplona\" \/>\n<meta name=\"twitter:site\" content=\"@LaGuiadPamplona\" \/>\n<meta name=\"twitter:label1\" content=\"Escrito por\" \/>\n\t<meta name=\"twitter:data1\" content=\"La Gu\u00eda de Pamplona\" \/>\n\t<meta name=\"twitter:label2\" content=\"Tiempo de lectura\" \/>\n\t<meta name=\"twitter:data2\" content=\"2 minutos\" \/>\n<script type=\"application\/ld+json\" class=\"yoast-schema-graph\">{\"@context\":\"https:\\\/\\\/schema.org\",\"@graph\":[{\"@type\":\"Article\",\"@id\":\"https:\\\/\\\/www.laguiadepamplona.com\\\/actualidad\\\/el-club-atletico-osasuna-lanzara-el-chupinazo-de-los-proximos-sanfermines\\\/#article\",\"isPartOf\":{\"@id\":\"https:\\\/\\\/www.laguiadepamplona.com\\\/actualidad\\\/el-club-atletico-osasuna-lanzara-el-chupinazo-de-los-proximos-sanfermines\\\/\"},\"author\":{\"name\":\"La Gu\u00eda de Pamplona\",\"@id\":\"https:\\\/\\\/www.laguiadepamplona.com\\\/actualidad\\\/#\\\/schema\\\/person\\\/efe887376f0213d4657c93adc50b1fdb\"},\"headline\":\"El Club Atl\u00e9tico Osasuna lanzar\u00e1 el Chupinazo de los pr\u00f3ximos Sanfermines\",\"datePublished\":\"2023-06-05T11:41:22+00:00\",\"dateModified\":\"2023-06-05T11:52:53+00:00\",\"mainEntityOfPage\":{\"@id\":\"https:\\\/\\\/www.laguiadepamplona.com\\\/actualidad\\\/el-club-atletico-osasuna-lanzara-el-chupinazo-de-los-proximos-sanfermines\\\/\"},\"wordCount\":434,\"commentCount\":0,\"publisher\":{\"@id\":\"https:\\\/\\\/www.laguiadepamplona.com\\\/actualidad\\\/#organization\"},\"image\":{\"@id\":\"https:\\\/\\\/www.laguiadepamplona.com\\\/actualidad\\\/el-club-atletico-osasuna-lanzara-el-chupinazo-de-los-proximos-sanfermines\\\/#primaryimage\"},\"thumbnailUrl\":\"https:\\\/\\\/www.laguiadepamplona.com\\\/actualidad\\\/wp-content\\\/uploads\\\/2023\\\/06\\\/horizontal_osasuna.webp\",\"articleSection\":[\"Ayto Pamplona\",\"San Ferm\u00edn\"],\"inLanguage\":\"es\",\"potentialAction\":[{\"@type\":\"CommentAction\",\"name\":\"Comment\",\"target\":[\"https:\\\/\\\/www.laguiadepamplona.com\\\/actualidad\\\/el-club-atletico-osasuna-lanzara-el-chupinazo-de-los-proximos-sanfermines\\\/#respond\"]}]},{\"@type\":\"WebPage\",\"@id\":\"https:\\\/\\\/www.laguiadepamplona.com\\\/actualidad\\\/el-club-atletico-osasuna-lanzara-el-chupinazo-de-los-proximos-sanfermines\\\/\",\"url\":\"https:\\\/\\\/www.laguiadepamplona.com\\\/actualidad\\\/el-club-atletico-osasuna-lanzara-el-chupinazo-de-los-proximos-sanfermines\\\/\",\"name\":\"El Club Atl\u00e9tico Osasuna lanzar\u00e1 el Chupinazo de los pr\u00f3ximos Sanfermines\",\"isPartOf\":{\"@id\":\"https:\\\/\\\/www.laguiadepamplona.com\\\/actualidad\\\/#website\"},\"primaryImageOfPage\":{\"@id\":\"https:\\\/\\\/www.laguiadepamplona.com\\\/actualidad\\\/el-club-atletico-osasuna-lanzara-el-chupinazo-de-los-proximos-sanfermines\\\/#primaryimage\"},\"image\":{\"@id\":\"https:\\\/\\\/www.laguiadepamplona.com\\\/actualidad\\\/el-club-atletico-osasuna-lanzara-el-chupinazo-de-los-proximos-sanfermines\\\/#primaryimage\"},\"thumbnailUrl\":\"https:\\\/\\\/www.laguiadepamplona.com\\\/actualidad\\\/wp-content\\\/uploads\\\/2023\\\/06\\\/horizontal_osasuna.webp\",\"datePublished\":\"2023-06-05T11:41:22+00:00\",\"dateModified\":\"2023-06-05T11:52:53+00:00\",\"description\":\"El alcalde de Pamplona ha comunicado la decisi\u00f3n esta ma\u00f1ana a las portavoc\u00edas de los grupos municipales\",\"breadcrumb\":{\"@id\":\"https:\\\/\\\/www.laguiadepamplona.com\\\/actualidad\\\/el-club-atletico-osasuna-lanzara-el-chupinazo-de-los-proximos-sanfermines\\\/#breadcrumb\"},\"inLanguage\":\"es\",\"potentialAction\":[{\"@type\":\"ReadAction\",\"target\":[\"https:\\\/\\\/www.laguiadepamplona.com\\\/actualidad\\\/el-club-atletico-osasuna-lanzara-el-chupinazo-de-los-proximos-sanfermines\\\/\"]}]},{\"@type\":\"ImageObject\",\"inLanguage\":\"es\",\"@id\":\"https:\\\/\\\/www.laguiadepamplona.com\\\/actualidad\\\/el-club-atletico-osasuna-lanzara-el-chupinazo-de-los-proximos-sanfermines\\\/#primaryimage\",\"url\":\"https:\\\/\\\/www.laguiadepamplona.com\\\/actualidad\\\/wp-content\\\/uploads\\\/2023\\\/06\\\/horizontal_osasuna.webp\",\"contentUrl\":\"https:\\\/\\\/www.laguiadepamplona.com\\\/actualidad\\\/wp-content\\\/uploads\\\/2023\\\/06\\\/horizontal_osasuna.webp\",\"width\":1293,\"height\":562},{\"@type\":\"BreadcrumbList\",\"@id\":\"https:\\\/\\\/www.laguiadepamplona.com\\\/actualidad\\\/el-club-atletico-osasuna-lanzara-el-chupinazo-de-los-proximos-sanfermines\\\/#breadcrumb\",\"itemListElement\":[{\"@type\":\"ListItem\",\"position\":1,\"name\":\"Portada\",\"item\":\"https:\\\/\\\/www.laguiadepamplona.com\\\/actualidad\\\/\"},{\"@type\":\"ListItem\",\"position\":2,\"name\":\"El Club Atl\u00e9tico Osasuna lanzar\u00e1 el Chupinazo de los pr\u00f3ximos Sanfermines\"}]},{\"@type\":\"WebSite\",\"@id\":\"https:\\\/\\\/www.laguiadepamplona.com\\\/actualidad\\\/#website\",\"url\":\"https:\\\/\\\/www.laguiadepamplona.com\\\/actualidad\\\/\",\"name\":\"La gu\u00eda de Pamplona\",\"description\":\"Noticias de Pamplona\",\"publisher\":{\"@id\":\"https:\\\/\\\/www.laguiadepamplona.com\\\/actualidad\\\/#organization\"},\"potentialAction\":[{\"@type\":\"SearchAction\",\"target\":{\"@type\":\"EntryPoint\",\"urlTemplate\":\"https:\\\/\\\/www.laguiadepamplona.com\\\/actualidad\\\/?s={search_term_string}\"},\"query-input\":{\"@type\":\"PropertyValueSpecification\",\"valueRequired\":true,\"valueName\":\"search_term_string\"}}],\"inLanguage\":\"es\"},{\"@type\":\"Organization\",\"@id\":\"https:\\\/\\\/www.laguiadepamplona.com\\\/actualidad\\\/#organization\",\"name\":\"La Gu\u00eda de Pamplona \\\/ Noticias\",\"url\":\"https:\\\/\\\/www.laguiadepamplona.com\\\/actualidad\\\/\",\"logo\":{\"@type\":\"ImageObject\",\"inLanguage\":\"es\",\"@id\":\"https:\\\/\\\/www.laguiadepamplona.com\\\/actualidad\\\/#\\\/schema\\\/logo\\\/image\\\/\",\"url\":\"https:\\\/\\\/www.laguiadepamplona.com\\\/actualidad\\\/wp-content\\\/uploads\\\/2018\\\/11\\\/logo-laguiadepamplona18-web1.png\",\"contentUrl\":\"https:\\\/\\\/www.laguiadepamplona.com\\\/actualidad\\\/wp-content\\\/uploads\\\/2018\\\/11\\\/logo-laguiadepamplona18-web1.png\",\"width\":600,\"height\":196,\"caption\":\"La Gu\u00eda de Pamplona \\\/ Noticias\"},\"image\":{\"@id\":\"https:\\\/\\\/www.laguiadepamplona.com\\\/actualidad\\\/#\\\/schema\\\/logo\\\/image\\\/\"},\"sameAs\":[\"https:\\\/\\\/www.facebook.com\\\/laguiadepamplonacom-133175176762273\\\/?ref=hl\",\"https:\\\/\\\/x.com\\\/LaGuiadPamplona\",\"https:\\\/\\\/www.instagram.com\\\/la_guia_de_pamplona\\\/\",\"https:\\\/\\\/www.youtube.com\\\/user\\\/laguiadepamplona\"]},{\"@type\":\"Person\",\"@id\":\"https:\\\/\\\/www.laguiadepamplona.com\\\/actualidad\\\/#\\\/schema\\\/person\\\/efe887376f0213d4657c93adc50b1fdb\",\"name\":\"La Gu\u00eda de Pamplona\",\"image\":{\"@type\":\"ImageObject\",\"inLanguage\":\"es\",\"@id\":\"https:\\\/\\\/secure.gravatar.com\\\/avatar\\\/b6992f131dc8d30ab0dff15446e9d346d9dbd95992de0fef795073f5ea83a81c?s=96&d=mm&r=g\",\"url\":\"https:\\\/\\\/secure.gravatar.com\\\/avatar\\\/b6992f131dc8d30ab0dff15446e9d346d9dbd95992de0fef795073f5ea83a81c?s=96&d=mm&r=g\",\"contentUrl\":\"https:\\\/\\\/secure.gravatar.com\\\/avatar\\\/b6992f131dc8d30ab0dff15446e9d346d9dbd95992de0fef795073f5ea83a81c?s=96&d=mm&r=g\",\"caption\":\"La Gu\u00eda de Pamplona\"}}]}<\/script>\n<!-- \/ Yoast SEO plugin. -->","yoast_head_json":{"title":"El Club Atl\u00e9tico Osasuna lanzar\u00e1 el Chupinazo de los pr\u00f3ximos Sanfermines","description":"El alcalde de Pamplona ha comunicado la decisi\u00f3n esta ma\u00f1ana a las portavoc\u00edas de los grupos municipales","robots":{"index":"index","follow":"follow","max-snippet":"max-snippet:-1","max-image-preview":"max-image-preview:large","max-video-preview":"max-video-preview:-1"},"canonical":"https:\/\/www.laguiadepamplona.com\/actualidad\/el-club-atletico-osasuna-lanzara-el-chupinazo-de-los-proximos-sanfermines\/","og_locale":"es_ES","og_type":"article","og_title":"El Club Atl\u00e9tico Osasuna lanzar\u00e1 el Chupinazo de los pr\u00f3ximos Sanfermines","og_description":"El alcalde de Pamplona ha comunicado la decisi\u00f3n esta ma\u00f1ana a las portavoc\u00edas de los grupos municipales","og_url":"https:\/\/www.laguiadepamplona.com\/actualidad\/el-club-atletico-osasuna-lanzara-el-chupinazo-de-los-proximos-sanfermines\/","og_site_name":"La Gu\u00eda de Pamplona","article_publisher":"https:\/\/www.facebook.com\/laguiadepamplonacom-133175176762273\/?ref=hl","article_published_time":"2023-06-05T11:41:22+00:00","article_modified_time":"2023-06-05T11:52:53+00:00","og_image":[{"width":1293,"height":562,"url":"https:\/\/www.laguiadepamplona.com\/actualidad\/wp-content\/uploads\/2023\/06\/horizontal_osasuna.webp","type":"image\/webp"}],"author":"La Gu\u00eda de Pamplona","twitter_card":"summary_large_image","twitter_creator":"@LaGuiadPamplona","twitter_site":"@LaGuiadPamplona","twitter_misc":{"Escrito por":"La Gu\u00eda de Pamplona","Tiempo de lectura":"2 minutos"},"schema":{"@context":"https:\/\/schema.org","@graph":[{"@type":"Article","@id":"https:\/\/www.laguiadepamplona.com\/actualidad\/el-club-atletico-osasuna-lanzara-el-chupinazo-de-los-proximos-sanfermines\/#article","isPartOf":{"@id":"https:\/\/www.laguiadepamplona.com\/actualidad\/el-club-atletico-osasuna-lanzara-el-chupinazo-de-los-proximos-sanfermines\/"},"author":{"name":"La Gu\u00eda de Pamplona","@id":"https:\/\/www.laguiadepamplona.com\/actualidad\/#\/schema\/person\/efe887376f0213d4657c93adc50b1fdb"},"headline":"El Club Atl\u00e9tico Osasuna lanzar\u00e1 el Chupinazo de los pr\u00f3ximos Sanfermines","datePublished":"2023-06-05T11:41:22+00:00","dateModified":"2023-06-05T11:52:53+00:00","mainEntityOfPage":{"@id":"https:\/\/www.laguiadepamplona.com\/actualidad\/el-club-atletico-osasuna-lanzara-el-chupinazo-de-los-proximos-sanfermines\/"},"wordCount":434,"commentCount":0,"publisher":{"@id":"https:\/\/www.laguiadepamplona.com\/actualidad\/#organization"},"image":{"@id":"https:\/\/www.laguiadepamplona.com\/actualidad\/el-club-atletico-osasuna-lanzara-el-chupinazo-de-los-proximos-sanfermines\/#primaryimage"},"thumbnailUrl":"https:\/\/www.laguiadepamplona.com\/actualidad\/wp-content\/uploads\/2023\/06\/horizontal_osasuna.webp","articleSection":["Ayto Pamplona","San Ferm\u00edn"],"inLanguage":"es","potentialAction":[{"@type":"CommentAction","name":"Comment","target":["https:\/\/www.laguiadepamplona.com\/actualidad\/el-club-atletico-osasuna-lanzara-el-chupinazo-de-los-proximos-sanfermines\/#respond"]}]},{"@type":"WebPage","@id":"https:\/\/www.laguiadepamplona.com\/actualidad\/el-club-atletico-osasuna-lanzara-el-chupinazo-de-los-proximos-sanfermines\/","url":"https:\/\/www.laguiadepamplona.com\/actualidad\/el-club-atletico-osasuna-lanzara-el-chupinazo-de-los-proximos-sanfermines\/","name":"El Club Atl\u00e9tico Osasuna lanzar\u00e1 el Chupinazo de los pr\u00f3ximos Sanfermines","isPartOf":{"@id":"https:\/\/www.laguiadepamplona.com\/actualidad\/#website"},"primaryImageOfPage":{"@id":"https:\/\/www.laguiadepamplona.com\/actualidad\/el-club-atletico-osasuna-lanzara-el-chupinazo-de-los-proximos-sanfermines\/#primaryimage"},"image":{"@id":"https:\/\/www.laguiadepamplona.com\/actualidad\/el-club-atletico-osasuna-lanzara-el-chupinazo-de-los-proximos-sanfermines\/#primaryimage"},"thumbnailUrl":"https:\/\/www.laguiadepamplona.com\/actualidad\/wp-content\/uploads\/2023\/06\/horizontal_osasuna.webp","datePublished":"2023-06-05T11:41:22+00:00","dateModified":"2023-06-05T11:52:53+00:00","description":"El alcalde de Pamplona ha comunicado la decisi\u00f3n esta ma\u00f1ana a las portavoc\u00edas de los grupos municipales","breadcrumb":{"@id":"https:\/\/www.laguiadepamplona.com\/actualidad\/el-club-atletico-osasuna-lanzara-el-chupinazo-de-los-proximos-sanfermines\/#breadcrumb"},"inLanguage":"es","potentialAction":[{"@type":"ReadAction","target":["https:\/\/www.laguiadepamplona.com\/actualidad\/el-club-atletico-osasuna-lanzara-el-chupinazo-de-los-proximos-sanfermines\/"]}]},{"@type":"ImageObject","inLanguage":"es","@id":"https:\/\/www.laguiadepamplona.com\/actualidad\/el-club-atletico-osasuna-lanzara-el-chupinazo-de-los-proximos-sanfermines\/#primaryimage","url":"https:\/\/www.laguiadepamplona.com\/actualidad\/wp-content\/uploads\/2023\/06\/horizontal_osasuna.webp","contentUrl":"https:\/\/www.laguiadepamplona.com\/actualidad\/wp-content\/uploads\/2023\/06\/horizontal_osasuna.webp","width":1293,"height":562},{"@type":"BreadcrumbList","@id":"https:\/\/www.laguiadepamplona.com\/actualidad\/el-club-atletico-osasuna-lanzara-el-chupinazo-de-los-proximos-sanfermines\/#breadcrumb","itemListElement":[{"@type":"ListItem","position":1,"name":"Portada","item":"https:\/\/www.laguiadepamplona.com\/actualidad\/"},{"@type":"ListItem","position":2,"name":"El Club Atl\u00e9tico Osasuna lanzar\u00e1 el Chupinazo de los pr\u00f3ximos Sanfermines"}]},{"@type":"WebSite","@id":"https:\/\/www.laguiadepamplona.com\/actualidad\/#website","url":"https:\/\/www.laguiadepamplona.com\/actualidad\/","name":"La gu\u00eda de Pamplona","description":"Noticias de Pamplona","publisher":{"@id":"https:\/\/www.laguiadepamplona.com\/actualidad\/#organization"},"potentialAction":[{"@type":"SearchAction","target":{"@type":"EntryPoint","urlTemplate":"https:\/\/www.laguiadepamplona.com\/actualidad\/?s={search_term_string}"},"query-input":{"@type":"PropertyValueSpecification","valueRequired":true,"valueName":"search_term_string"}}],"inLanguage":"es"},{"@type":"Organization","@id":"https:\/\/www.laguiadepamplona.com\/actualidad\/#organization","name":"La Gu\u00eda de Pamplona \/ Noticias","url":"https:\/\/www.laguiadepamplona.com\/actualidad\/","logo":{"@type":"ImageObject","inLanguage":"es","@id":"https:\/\/www.laguiadepamplona.com\/actualidad\/#\/schema\/logo\/image\/","url":"https:\/\/www.laguiadepamplona.com\/actualidad\/wp-content\/uploads\/2018\/11\/logo-laguiadepamplona18-web1.png","contentUrl":"https:\/\/www.laguiadepamplona.com\/actualidad\/wp-content\/uploads\/2018\/11\/logo-laguiadepamplona18-web1.png","width":600,"height":196,"caption":"La Gu\u00eda de Pamplona \/ Noticias"},"image":{"@id":"https:\/\/www.laguiadepamplona.com\/actualidad\/#\/schema\/logo\/image\/"},"sameAs":["https:\/\/www.facebook.com\/laguiadepamplonacom-133175176762273\/?ref=hl","https:\/\/x.com\/LaGuiadPamplona","https:\/\/www.instagram.com\/la_guia_de_pamplona\/","https:\/\/www.youtube.com\/user\/laguiadepamplona"]},{"@type":"Person","@id":"https:\/\/www.laguiadepamplona.com\/actualidad\/#\/schema\/person\/efe887376f0213d4657c93adc50b1fdb","name":"La Gu\u00eda de Pamplona","image":{"@type":"ImageObject","inLanguage":"es","@id":"https:\/\/secure.gravatar.com\/avatar\/b6992f131dc8d30ab0dff15446e9d346d9dbd95992de0fef795073f5ea83a81c?s=96&d=mm&r=g","url":"https:\/\/secure.gravatar.com\/avatar\/b6992f131dc8d30ab0dff15446e9d346d9dbd95992de0fef795073f5ea83a81c?s=96&d=mm&r=g","contentUrl":"https:\/\/secure.gravatar.com\/avatar\/b6992f131dc8d30ab0dff15446e9d346d9dbd95992de0fef795073f5ea83a81c?s=96&d=mm&r=g","caption":"La Gu\u00eda de Pamplona"}}]}},"post_mailing_queue_ids":[],"_links":{"self":[{"href":"https:\/\/www.laguiadepamplona.com\/actualidad\/wp-json\/wp\/v2\/posts\/46929","targetHints":{"allow":["GET"]}}],"collection":[{"href":"https:\/\/www.laguiadepamplona.com\/actualidad\/wp-json\/wp\/v2\/posts"}],"about":[{"href":"https:\/\/www.laguiadepamplona.com\/actualidad\/wp-json\/wp\/v2\/types\/post"}],"author":[{"embeddable":true,"href":"https:\/\/www.laguiadepamplona.com\/actualidad\/wp-json\/wp\/v2\/users\/1"}],"replies":[{"embeddable":true,"href":"https:\/\/www.laguiadepamplona.com\/actualidad\/wp-json\/wp\/v2\/comments?post=46929"}],"version-history":[{"count":1,"href":"https:\/\/www.laguiadepamplona.com\/actualidad\/wp-json\/wp\/v2\/posts\/46929\/revisions"}],"predecessor-version":[{"id":46931,"href":"https:\/\/www.laguiadepamplona.com\/actualidad\/wp-json\/wp\/v2\/posts\/46929\/revisions\/46931"}],"wp:featuredmedia":[{"embeddable":true,"href":"https:\/\/www.laguiadepamplona.com\/actualidad\/wp-json\/wp\/v2\/media\/46930"}],"wp:attachment":[{"href":"https:\/\/www.laguiadepamplona.com\/actualidad\/wp-json\/wp\/v2\/media?parent=46929"}],"wp:term":[{"taxonomy":"category","embeddable":true,"href":"https:\/\/www.laguiadepamplona.com\/actualidad\/wp-json\/wp\/v2\/categories?post=46929"},{"taxonomy":"post_tag","embeddable":true,"href":"https:\/\/www.laguiadepamplona.com\/actualidad\/wp-json\/wp\/v2\/tags?post=46929"}],"curies":[{"name":"wp","href":"https:\/\/api.w.org\/{rel}","templated":true}]}}