{"id":46925,"date":"2023-06-02T16:52:45","date_gmt":"2023-06-02T14:52:45","guid":{"rendered":"https:\/\/www.laguiadepamplona.com\/actualidad\/?p=46925"},"modified":"2023-06-02T16:52:45","modified_gmt":"2023-06-02T14:52:45","slug":"el-ayuntamiento-de-pamplona-invertira-19-millones-de-euros-en-la-reforma-integral-de-la-escuela-infantil-donibane-que-estara-operativa-para-el-curso-2024-2025","status":"publish","type":"post","link":"https:\/\/www.laguiadepamplona.com\/actualidad\/el-ayuntamiento-de-pamplona-invertira-19-millones-de-euros-en-la-reforma-integral-de-la-escuela-infantil-donibane-que-estara-operativa-para-el-curso-2024-2025\/","title":{"rendered":"El Ayuntamiento de Pamplona invertir\u00e1 1,9 millones de euros en la reforma integral de la escuela infantil Donibane que estar\u00e1 operativa para el curso 2024 -2025"},"content":{"rendered":"<h3>Las obras, adjudicadas a la empresa Guill\u00e9n Obras y Proyectos S.L., comenzar\u00e1n en el mes de julio<\/h3>\n<p><!--more--><br \/>\nEl curso 2024 -2025 la escuela infantil Donibane reabrir\u00e1 sus puertas tras una reforma integral de adecuaci\u00f3n a la normativa, que est\u00e1 previsto que comience en el mes de julio y que requerir\u00e1 una inversi\u00f3n de 1.999.649 euros (IVA excluido), distribuida en dos ejercicios diferentes.<\/p>\n<p>La Junta de Gobierno del Organismo Aut\u00f3nomo Escuelas Infantiles de Pamplona ha adjudicado esta ma\u00f1ana las obras a la empresa Guill\u00e9n Obras y Proyectos S.L. que se realizar\u00e1n siguiendo el proyecto de los Servicios T\u00e9cnicos Municipales. Habitualmente durante el curso escuela atiende a 102 menores (14 lactantes, 32 caminantes, 24 medianos y 32 mayores).<br \/>\n<script async src=\"\/\/pagead2.googlesyndication.com\/pagead\/js\/adsbygoogle.js\"><\/script><br \/>\n<!-- Noticias La Guia de Pamplona --><br \/>\n<ins class=\"adsbygoogle\"\nstyle=\"display:block\"\ndata-ad-client=\"ca-pub-6943679897239327\"\ndata-ad-slot=\"7048180777\"\ndata-ad-format=\"auto\"><\/ins><br \/>\n<script>\n(adsbygoogle = window.adsbygoogle || []).push({});\n<\/script><\/p>\n<p>El edificio consta actualmente de planta baja, con zona administrativa, de servicios y educativa, y su superficie \u00fatil interior es de 928,85 m<sup>2<\/sup>. El edificio fue construido en los a\u00f1os 70 y, desde entonces, ha sufrido diversos a\u00f1adidos y ampliaciones en la superficie de la parcela, adem\u00e1s de compartimentaciones en la distribuci\u00f3n interna.<\/p>\n<p>El objetivo de las obras es hacer una reforma completa del edificio, creando, adem\u00e1s, una nueva planta primera sobre la zona de servicios de 225 m<sup>2<\/sup> para trasladar all\u00ed las instalaciones y dependencias administrativas de menor uso. De este modo, se libera espacio en la planta baja para el resto de la reforma, mejorando sustancialmente la zona educativa, con m\u00e1s ventilaci\u00f3n e iluminaci\u00f3n. La creaci\u00f3n de dos nuevos patios descubiertos de 25,70 metros, en los m\u00f3dulos de \u2018Camiantes 2\u2019 y \u2018Medianos\u2019, ampl\u00eda la oferta de espacios exteriores educativos.<br \/>\n<script async src=\"\/\/pagead2.googlesyndication.com\/pagead\/js\/adsbygoogle.js\"><\/script><br \/>\n<!-- Noticias La Guia de Pamplona --><br \/>\n<ins class=\"adsbygoogle\"\nstyle=\"display:block\"\ndata-ad-client=\"ca-pub-6943679897239327\"\ndata-ad-slot=\"7048180777\"\ndata-ad-format=\"auto\"><\/ins><br \/>\n<script>\n(adsbygoogle = window.adsbygoogle || []).push({});\n<\/script><\/p>\n<p>Adem\u00e1s, en la intervenci\u00f3n se renovar\u00e1n materiales, se adaptar\u00e1n los espacios a las normativas de accesibilidad y de seguridad y se reformar\u00e1n la totalidad de las instalaciones.<\/p>\n","protected":false},"excerpt":{"rendered":"<p>Las obras, adjudicadas a la empresa Guill\u00e9n Obras y Proyectos S.L., comenzar\u00e1n en el mes de julio<\/p>\n","protected":false},"author":1,"featured_media":46926,"comment_status":"open","ping_status":"closed","sticky":false,"template":"","format":"standard","meta":{"footnotes":""},"categories":[2],"tags":[],"class_list":["post-46925","post","type-post","status-publish","format-standard","has-post-thumbnail","hentry","category-ayuntamiento-pamplona"],"yoast_head":"<!-- This site is optimized with the Yoast SEO plugin v27.3 - https:\/\/yoast.com\/product\/yoast-seo-wordpress\/ -->\n<title>El Ayuntamiento de Pamplona invertir\u00e1 1,9 millones de euros en la reforma integral de la escuela infantil Donibane que estar\u00e1 operativa para el curso 2024 -2025<\/title>\n<meta name=\"description\" content=\"Las obras, adjudicadas a la empresa Guill\u00e9n Obras y Proyectos S.L., comenzar\u00e1n en el mes de julio\" \/>\n<meta name=\"robots\" content=\"index, follow, max-snippet:-1, max-image-preview:large, max-video-preview:-1\" \/>\n<link rel=\"canonical\" href=\"https:\/\/www.laguiadepamplona.com\/actualidad\/el-ayuntamiento-de-pamplona-invertira-19-millones-de-euros-en-la-reforma-integral-de-la-escuela-infantil-donibane-que-estara-operativa-para-el-curso-2024-2025\/\" \/>\n<meta property=\"og:locale\" content=\"es_ES\" \/>\n<meta property=\"og:type\" content=\"article\" \/>\n<meta property=\"og:title\" content=\"El Ayuntamiento de Pamplona invertir\u00e1 1,9 millones de euros en la reforma integral de la escuela infantil Donibane que estar\u00e1 operativa para el curso 2024 -2025\" \/>\n<meta property=\"og:description\" content=\"Las obras, adjudicadas a la empresa Guill\u00e9n Obras y Proyectos S.L., comenzar\u00e1n en el mes de julio\" \/>\n<meta property=\"og:url\" content=\"https:\/\/www.laguiadepamplona.com\/actualidad\/el-ayuntamiento-de-pamplona-invertira-19-millones-de-euros-en-la-reforma-integral-de-la-escuela-infantil-donibane-que-estara-operativa-para-el-curso-2024-2025\/\" \/>\n<meta property=\"og:site_name\" content=\"La Gu\u00eda de Pamplona\" \/>\n<meta property=\"article:publisher\" content=\"https:\/\/www.facebook.com\/laguiadepamplonacom-133175176762273\/?ref=hl\" \/>\n<meta property=\"article:published_time\" content=\"2023-06-02T14:52:45+00:00\" \/>\n<meta property=\"og:image\" content=\"https:\/\/www.laguiadepamplona.com\/actualidad\/wp-content\/uploads\/2023\/06\/GoizEder_Q5A224320211026.webp\" \/>\n\t<meta property=\"og:image:width\" content=\"1920\" \/>\n\t<meta property=\"og:image:height\" content=\"1281\" \/>\n\t<meta property=\"og:image:type\" content=\"image\/webp\" \/>\n<meta name=\"author\" content=\"La Gu\u00eda de Pamplona\" \/>\n<meta name=\"twitter:card\" content=\"summary_large_image\" \/>\n<meta name=\"twitter:creator\" content=\"@LaGuiadPamplona\" \/>\n<meta name=\"twitter:site\" content=\"@LaGuiadPamplona\" \/>\n<meta name=\"twitter:label1\" content=\"Escrito por\" \/>\n\t<meta name=\"twitter:data1\" content=\"La Gu\u00eda de Pamplona\" \/>\n\t<meta name=\"twitter:label2\" content=\"Tiempo de lectura\" \/>\n\t<meta name=\"twitter:data2\" content=\"2 minutos\" \/>\n<script type=\"application\/ld+json\" class=\"yoast-schema-graph\">{\"@context\":\"https:\\\/\\\/schema.org\",\"@graph\":[{\"@type\":\"Article\",\"@id\":\"https:\\\/\\\/www.laguiadepamplona.com\\\/actualidad\\\/el-ayuntamiento-de-pamplona-invertira-19-millones-de-euros-en-la-reforma-integral-de-la-escuela-infantil-donibane-que-estara-operativa-para-el-curso-2024-2025\\\/#article\",\"isPartOf\":{\"@id\":\"https:\\\/\\\/www.laguiadepamplona.com\\\/actualidad\\\/el-ayuntamiento-de-pamplona-invertira-19-millones-de-euros-en-la-reforma-integral-de-la-escuela-infantil-donibane-que-estara-operativa-para-el-curso-2024-2025\\\/\"},\"author\":{\"name\":\"La Gu\u00eda de Pamplona\",\"@id\":\"https:\\\/\\\/www.laguiadepamplona.com\\\/actualidad\\\/#\\\/schema\\\/person\\\/efe887376f0213d4657c93adc50b1fdb\"},\"headline\":\"El Ayuntamiento de Pamplona invertir\u00e1 1,9 millones de euros en la reforma integral de la escuela infantil Donibane que estar\u00e1 operativa para el curso 2024 -2025\",\"datePublished\":\"2023-06-02T14:52:45+00:00\",\"mainEntityOfPage\":{\"@id\":\"https:\\\/\\\/www.laguiadepamplona.com\\\/actualidad\\\/el-ayuntamiento-de-pamplona-invertira-19-millones-de-euros-en-la-reforma-integral-de-la-escuela-infantil-donibane-que-estara-operativa-para-el-curso-2024-2025\\\/\"},\"wordCount\":323,\"commentCount\":0,\"publisher\":{\"@id\":\"https:\\\/\\\/www.laguiadepamplona.com\\\/actualidad\\\/#organization\"},\"image\":{\"@id\":\"https:\\\/\\\/www.laguiadepamplona.com\\\/actualidad\\\/el-ayuntamiento-de-pamplona-invertira-19-millones-de-euros-en-la-reforma-integral-de-la-escuela-infantil-donibane-que-estara-operativa-para-el-curso-2024-2025\\\/#primaryimage\"},\"thumbnailUrl\":\"https:\\\/\\\/www.laguiadepamplona.com\\\/actualidad\\\/wp-content\\\/uploads\\\/2023\\\/06\\\/GoizEder_Q5A224320211026.webp\",\"articleSection\":[\"Ayto Pamplona\"],\"inLanguage\":\"es\",\"potentialAction\":[{\"@type\":\"CommentAction\",\"name\":\"Comment\",\"target\":[\"https:\\\/\\\/www.laguiadepamplona.com\\\/actualidad\\\/el-ayuntamiento-de-pamplona-invertira-19-millones-de-euros-en-la-reforma-integral-de-la-escuela-infantil-donibane-que-estara-operativa-para-el-curso-2024-2025\\\/#respond\"]}]},{\"@type\":\"WebPage\",\"@id\":\"https:\\\/\\\/www.laguiadepamplona.com\\\/actualidad\\\/el-ayuntamiento-de-pamplona-invertira-19-millones-de-euros-en-la-reforma-integral-de-la-escuela-infantil-donibane-que-estara-operativa-para-el-curso-2024-2025\\\/\",\"url\":\"https:\\\/\\\/www.laguiadepamplona.com\\\/actualidad\\\/el-ayuntamiento-de-pamplona-invertira-19-millones-de-euros-en-la-reforma-integral-de-la-escuela-infantil-donibane-que-estara-operativa-para-el-curso-2024-2025\\\/\",\"name\":\"El Ayuntamiento de Pamplona invertir\u00e1 1,9 millones de euros en la reforma integral de la escuela infantil Donibane que estar\u00e1 operativa para el curso 2024 -2025\",\"isPartOf\":{\"@id\":\"https:\\\/\\\/www.laguiadepamplona.com\\\/actualidad\\\/#website\"},\"primaryImageOfPage\":{\"@id\":\"https:\\\/\\\/www.laguiadepamplona.com\\\/actualidad\\\/el-ayuntamiento-de-pamplona-invertira-19-millones-de-euros-en-la-reforma-integral-de-la-escuela-infantil-donibane-que-estara-operativa-para-el-curso-2024-2025\\\/#primaryimage\"},\"image\":{\"@id\":\"https:\\\/\\\/www.laguiadepamplona.com\\\/actualidad\\\/el-ayuntamiento-de-pamplona-invertira-19-millones-de-euros-en-la-reforma-integral-de-la-escuela-infantil-donibane-que-estara-operativa-para-el-curso-2024-2025\\\/#primaryimage\"},\"thumbnailUrl\":\"https:\\\/\\\/www.laguiadepamplona.com\\\/actualidad\\\/wp-content\\\/uploads\\\/2023\\\/06\\\/GoizEder_Q5A224320211026.webp\",\"datePublished\":\"2023-06-02T14:52:45+00:00\",\"description\":\"Las obras, adjudicadas a la empresa Guill\u00e9n Obras y Proyectos S.L., comenzar\u00e1n en el mes de julio\",\"breadcrumb\":{\"@id\":\"https:\\\/\\\/www.laguiadepamplona.com\\\/actualidad\\\/el-ayuntamiento-de-pamplona-invertira-19-millones-de-euros-en-la-reforma-integral-de-la-escuela-infantil-donibane-que-estara-operativa-para-el-curso-2024-2025\\\/#breadcrumb\"},\"inLanguage\":\"es\",\"potentialAction\":[{\"@type\":\"ReadAction\",\"target\":[\"https:\\\/\\\/www.laguiadepamplona.com\\\/actualidad\\\/el-ayuntamiento-de-pamplona-invertira-19-millones-de-euros-en-la-reforma-integral-de-la-escuela-infantil-donibane-que-estara-operativa-para-el-curso-2024-2025\\\/\"]}]},{\"@type\":\"ImageObject\",\"inLanguage\":\"es\",\"@id\":\"https:\\\/\\\/www.laguiadepamplona.com\\\/actualidad\\\/el-ayuntamiento-de-pamplona-invertira-19-millones-de-euros-en-la-reforma-integral-de-la-escuela-infantil-donibane-que-estara-operativa-para-el-curso-2024-2025\\\/#primaryimage\",\"url\":\"https:\\\/\\\/www.laguiadepamplona.com\\\/actualidad\\\/wp-content\\\/uploads\\\/2023\\\/06\\\/GoizEder_Q5A224320211026.webp\",\"contentUrl\":\"https:\\\/\\\/www.laguiadepamplona.com\\\/actualidad\\\/wp-content\\\/uploads\\\/2023\\\/06\\\/GoizEder_Q5A224320211026.webp\",\"width\":1920,\"height\":1281},{\"@type\":\"BreadcrumbList\",\"@id\":\"https:\\\/\\\/www.laguiadepamplona.com\\\/actualidad\\\/el-ayuntamiento-de-pamplona-invertira-19-millones-de-euros-en-la-reforma-integral-de-la-escuela-infantil-donibane-que-estara-operativa-para-el-curso-2024-2025\\\/#breadcrumb\",\"itemListElement\":[{\"@type\":\"ListItem\",\"position\":1,\"name\":\"Portada\",\"item\":\"https:\\\/\\\/www.laguiadepamplona.com\\\/actualidad\\\/\"},{\"@type\":\"ListItem\",\"position\":2,\"name\":\"El Ayuntamiento de Pamplona invertir\u00e1 1,9 millones de euros en la reforma integral de la escuela infantil Donibane que estar\u00e1 operativa para el curso 2024 -2025\"}]},{\"@type\":\"WebSite\",\"@id\":\"https:\\\/\\\/www.laguiadepamplona.com\\\/actualidad\\\/#website\",\"url\":\"https:\\\/\\\/www.laguiadepamplona.com\\\/actualidad\\\/\",\"name\":\"La gu\u00eda de Pamplona\",\"description\":\"Noticias de Pamplona\",\"publisher\":{\"@id\":\"https:\\\/\\\/www.laguiadepamplona.com\\\/actualidad\\\/#organization\"},\"potentialAction\":[{\"@type\":\"SearchAction\",\"target\":{\"@type\":\"EntryPoint\",\"urlTemplate\":\"https:\\\/\\\/www.laguiadepamplona.com\\\/actualidad\\\/?s={search_term_string}\"},\"query-input\":{\"@type\":\"PropertyValueSpecification\",\"valueRequired\":true,\"valueName\":\"search_term_string\"}}],\"inLanguage\":\"es\"},{\"@type\":\"Organization\",\"@id\":\"https:\\\/\\\/www.laguiadepamplona.com\\\/actualidad\\\/#organization\",\"name\":\"La Gu\u00eda de Pamplona \\\/ Noticias\",\"url\":\"https:\\\/\\\/www.laguiadepamplona.com\\\/actualidad\\\/\",\"logo\":{\"@type\":\"ImageObject\",\"inLanguage\":\"es\",\"@id\":\"https:\\\/\\\/www.laguiadepamplona.com\\\/actualidad\\\/#\\\/schema\\\/logo\\\/image\\\/\",\"url\":\"https:\\\/\\\/www.laguiadepamplona.com\\\/actualidad\\\/wp-content\\\/uploads\\\/2018\\\/11\\\/logo-laguiadepamplona18-web1.png\",\"contentUrl\":\"https:\\\/\\\/www.laguiadepamplona.com\\\/actualidad\\\/wp-content\\\/uploads\\\/2018\\\/11\\\/logo-laguiadepamplona18-web1.png\",\"width\":600,\"height\":196,\"caption\":\"La Gu\u00eda de Pamplona \\\/ Noticias\"},\"image\":{\"@id\":\"https:\\\/\\\/www.laguiadepamplona.com\\\/actualidad\\\/#\\\/schema\\\/logo\\\/image\\\/\"},\"sameAs\":[\"https:\\\/\\\/www.facebook.com\\\/laguiadepamplonacom-133175176762273\\\/?ref=hl\",\"https:\\\/\\\/x.com\\\/LaGuiadPamplona\",\"https:\\\/\\\/www.instagram.com\\\/la_guia_de_pamplona\\\/\",\"https:\\\/\\\/www.youtube.com\\\/user\\\/laguiadepamplona\"]},{\"@type\":\"Person\",\"@id\":\"https:\\\/\\\/www.laguiadepamplona.com\\\/actualidad\\\/#\\\/schema\\\/person\\\/efe887376f0213d4657c93adc50b1fdb\",\"name\":\"La Gu\u00eda de Pamplona\",\"image\":{\"@type\":\"ImageObject\",\"inLanguage\":\"es\",\"@id\":\"https:\\\/\\\/secure.gravatar.com\\\/avatar\\\/b6992f131dc8d30ab0dff15446e9d346d9dbd95992de0fef795073f5ea83a81c?s=96&d=mm&r=g\",\"url\":\"https:\\\/\\\/secure.gravatar.com\\\/avatar\\\/b6992f131dc8d30ab0dff15446e9d346d9dbd95992de0fef795073f5ea83a81c?s=96&d=mm&r=g\",\"contentUrl\":\"https:\\\/\\\/secure.gravatar.com\\\/avatar\\\/b6992f131dc8d30ab0dff15446e9d346d9dbd95992de0fef795073f5ea83a81c?s=96&d=mm&r=g\",\"caption\":\"La Gu\u00eda de Pamplona\"}}]}<\/script>\n<!-- \/ Yoast SEO plugin. -->","yoast_head_json":{"title":"El Ayuntamiento de Pamplona invertir\u00e1 1,9 millones de euros en la reforma integral de la escuela infantil Donibane que estar\u00e1 operativa para el curso 2024 -2025","description":"Las obras, adjudicadas a la empresa Guill\u00e9n Obras y Proyectos S.L., comenzar\u00e1n en el mes de julio","robots":{"index":"index","follow":"follow","max-snippet":"max-snippet:-1","max-image-preview":"max-image-preview:large","max-video-preview":"max-video-preview:-1"},"canonical":"https:\/\/www.laguiadepamplona.com\/actualidad\/el-ayuntamiento-de-pamplona-invertira-19-millones-de-euros-en-la-reforma-integral-de-la-escuela-infantil-donibane-que-estara-operativa-para-el-curso-2024-2025\/","og_locale":"es_ES","og_type":"article","og_title":"El Ayuntamiento de Pamplona invertir\u00e1 1,9 millones de euros en la reforma integral de la escuela infantil Donibane que estar\u00e1 operativa para el curso 2024 -2025","og_description":"Las obras, adjudicadas a la empresa Guill\u00e9n Obras y Proyectos S.L., comenzar\u00e1n en el mes de julio","og_url":"https:\/\/www.laguiadepamplona.com\/actualidad\/el-ayuntamiento-de-pamplona-invertira-19-millones-de-euros-en-la-reforma-integral-de-la-escuela-infantil-donibane-que-estara-operativa-para-el-curso-2024-2025\/","og_site_name":"La Gu\u00eda de Pamplona","article_publisher":"https:\/\/www.facebook.com\/laguiadepamplonacom-133175176762273\/?ref=hl","article_published_time":"2023-06-02T14:52:45+00:00","og_image":[{"width":1920,"height":1281,"url":"https:\/\/www.laguiadepamplona.com\/actualidad\/wp-content\/uploads\/2023\/06\/GoizEder_Q5A224320211026.webp","type":"image\/webp"}],"author":"La Gu\u00eda de Pamplona","twitter_card":"summary_large_image","twitter_creator":"@LaGuiadPamplona","twitter_site":"@LaGuiadPamplona","twitter_misc":{"Escrito por":"La Gu\u00eda de Pamplona","Tiempo de lectura":"2 minutos"},"schema":{"@context":"https:\/\/schema.org","@graph":[{"@type":"Article","@id":"https:\/\/www.laguiadepamplona.com\/actualidad\/el-ayuntamiento-de-pamplona-invertira-19-millones-de-euros-en-la-reforma-integral-de-la-escuela-infantil-donibane-que-estara-operativa-para-el-curso-2024-2025\/#article","isPartOf":{"@id":"https:\/\/www.laguiadepamplona.com\/actualidad\/el-ayuntamiento-de-pamplona-invertira-19-millones-de-euros-en-la-reforma-integral-de-la-escuela-infantil-donibane-que-estara-operativa-para-el-curso-2024-2025\/"},"author":{"name":"La Gu\u00eda de Pamplona","@id":"https:\/\/www.laguiadepamplona.com\/actualidad\/#\/schema\/person\/efe887376f0213d4657c93adc50b1fdb"},"headline":"El Ayuntamiento de Pamplona invertir\u00e1 1,9 millones de euros en la reforma integral de la escuela infantil Donibane que estar\u00e1 operativa para el curso 2024 -2025","datePublished":"2023-06-02T14:52:45+00:00","mainEntityOfPage":{"@id":"https:\/\/www.laguiadepamplona.com\/actualidad\/el-ayuntamiento-de-pamplona-invertira-19-millones-de-euros-en-la-reforma-integral-de-la-escuela-infantil-donibane-que-estara-operativa-para-el-curso-2024-2025\/"},"wordCount":323,"commentCount":0,"publisher":{"@id":"https:\/\/www.laguiadepamplona.com\/actualidad\/#organization"},"image":{"@id":"https:\/\/www.laguiadepamplona.com\/actualidad\/el-ayuntamiento-de-pamplona-invertira-19-millones-de-euros-en-la-reforma-integral-de-la-escuela-infantil-donibane-que-estara-operativa-para-el-curso-2024-2025\/#primaryimage"},"thumbnailUrl":"https:\/\/www.laguiadepamplona.com\/actualidad\/wp-content\/uploads\/2023\/06\/GoizEder_Q5A224320211026.webp","articleSection":["Ayto Pamplona"],"inLanguage":"es","potentialAction":[{"@type":"CommentAction","name":"Comment","target":["https:\/\/www.laguiadepamplona.com\/actualidad\/el-ayuntamiento-de-pamplona-invertira-19-millones-de-euros-en-la-reforma-integral-de-la-escuela-infantil-donibane-que-estara-operativa-para-el-curso-2024-2025\/#respond"]}]},{"@type":"WebPage","@id":"https:\/\/www.laguiadepamplona.com\/actualidad\/el-ayuntamiento-de-pamplona-invertira-19-millones-de-euros-en-la-reforma-integral-de-la-escuela-infantil-donibane-que-estara-operativa-para-el-curso-2024-2025\/","url":"https:\/\/www.laguiadepamplona.com\/actualidad\/el-ayuntamiento-de-pamplona-invertira-19-millones-de-euros-en-la-reforma-integral-de-la-escuela-infantil-donibane-que-estara-operativa-para-el-curso-2024-2025\/","name":"El Ayuntamiento de Pamplona invertir\u00e1 1,9 millones de euros en la reforma integral de la escuela infantil Donibane que estar\u00e1 operativa para el curso 2024 -2025","isPartOf":{"@id":"https:\/\/www.laguiadepamplona.com\/actualidad\/#website"},"primaryImageOfPage":{"@id":"https:\/\/www.laguiadepamplona.com\/actualidad\/el-ayuntamiento-de-pamplona-invertira-19-millones-de-euros-en-la-reforma-integral-de-la-escuela-infantil-donibane-que-estara-operativa-para-el-curso-2024-2025\/#primaryimage"},"image":{"@id":"https:\/\/www.laguiadepamplona.com\/actualidad\/el-ayuntamiento-de-pamplona-invertira-19-millones-de-euros-en-la-reforma-integral-de-la-escuela-infantil-donibane-que-estara-operativa-para-el-curso-2024-2025\/#primaryimage"},"thumbnailUrl":"https:\/\/www.laguiadepamplona.com\/actualidad\/wp-content\/uploads\/2023\/06\/GoizEder_Q5A224320211026.webp","datePublished":"2023-06-02T14:52:45+00:00","description":"Las obras, adjudicadas a la empresa Guill\u00e9n Obras y Proyectos S.L., comenzar\u00e1n en el mes de julio","breadcrumb":{"@id":"https:\/\/www.laguiadepamplona.com\/actualidad\/el-ayuntamiento-de-pamplona-invertira-19-millones-de-euros-en-la-reforma-integral-de-la-escuela-infantil-donibane-que-estara-operativa-para-el-curso-2024-2025\/#breadcrumb"},"inLanguage":"es","potentialAction":[{"@type":"ReadAction","target":["https:\/\/www.laguiadepamplona.com\/actualidad\/el-ayuntamiento-de-pamplona-invertira-19-millones-de-euros-en-la-reforma-integral-de-la-escuela-infantil-donibane-que-estara-operativa-para-el-curso-2024-2025\/"]}]},{"@type":"ImageObject","inLanguage":"es","@id":"https:\/\/www.laguiadepamplona.com\/actualidad\/el-ayuntamiento-de-pamplona-invertira-19-millones-de-euros-en-la-reforma-integral-de-la-escuela-infantil-donibane-que-estara-operativa-para-el-curso-2024-2025\/#primaryimage","url":"https:\/\/www.laguiadepamplona.com\/actualidad\/wp-content\/uploads\/2023\/06\/GoizEder_Q5A224320211026.webp","contentUrl":"https:\/\/www.laguiadepamplona.com\/actualidad\/wp-content\/uploads\/2023\/06\/GoizEder_Q5A224320211026.webp","width":1920,"height":1281},{"@type":"BreadcrumbList","@id":"https:\/\/www.laguiadepamplona.com\/actualidad\/el-ayuntamiento-de-pamplona-invertira-19-millones-de-euros-en-la-reforma-integral-de-la-escuela-infantil-donibane-que-estara-operativa-para-el-curso-2024-2025\/#breadcrumb","itemListElement":[{"@type":"ListItem","position":1,"name":"Portada","item":"https:\/\/www.laguiadepamplona.com\/actualidad\/"},{"@type":"ListItem","position":2,"name":"El Ayuntamiento de Pamplona invertir\u00e1 1,9 millones de euros en la reforma integral de la escuela infantil Donibane que estar\u00e1 operativa para el curso 2024 -2025"}]},{"@type":"WebSite","@id":"https:\/\/www.laguiadepamplona.com\/actualidad\/#website","url":"https:\/\/www.laguiadepamplona.com\/actualidad\/","name":"La gu\u00eda de Pamplona","description":"Noticias de Pamplona","publisher":{"@id":"https:\/\/www.laguiadepamplona.com\/actualidad\/#organization"},"potentialAction":[{"@type":"SearchAction","target":{"@type":"EntryPoint","urlTemplate":"https:\/\/www.laguiadepamplona.com\/actualidad\/?s={search_term_string}"},"query-input":{"@type":"PropertyValueSpecification","valueRequired":true,"valueName":"search_term_string"}}],"inLanguage":"es"},{"@type":"Organization","@id":"https:\/\/www.laguiadepamplona.com\/actualidad\/#organization","name":"La Gu\u00eda de Pamplona \/ Noticias","url":"https:\/\/www.laguiadepamplona.com\/actualidad\/","logo":{"@type":"ImageObject","inLanguage":"es","@id":"https:\/\/www.laguiadepamplona.com\/actualidad\/#\/schema\/logo\/image\/","url":"https:\/\/www.laguiadepamplona.com\/actualidad\/wp-content\/uploads\/2018\/11\/logo-laguiadepamplona18-web1.png","contentUrl":"https:\/\/www.laguiadepamplona.com\/actualidad\/wp-content\/uploads\/2018\/11\/logo-laguiadepamplona18-web1.png","width":600,"height":196,"caption":"La Gu\u00eda de Pamplona \/ Noticias"},"image":{"@id":"https:\/\/www.laguiadepamplona.com\/actualidad\/#\/schema\/logo\/image\/"},"sameAs":["https:\/\/www.facebook.com\/laguiadepamplonacom-133175176762273\/?ref=hl","https:\/\/x.com\/LaGuiadPamplona","https:\/\/www.instagram.com\/la_guia_de_pamplona\/","https:\/\/www.youtube.com\/user\/laguiadepamplona"]},{"@type":"Person","@id":"https:\/\/www.laguiadepamplona.com\/actualidad\/#\/schema\/person\/efe887376f0213d4657c93adc50b1fdb","name":"La Gu\u00eda de Pamplona","image":{"@type":"ImageObject","inLanguage":"es","@id":"https:\/\/secure.gravatar.com\/avatar\/b6992f131dc8d30ab0dff15446e9d346d9dbd95992de0fef795073f5ea83a81c?s=96&d=mm&r=g","url":"https:\/\/secure.gravatar.com\/avatar\/b6992f131dc8d30ab0dff15446e9d346d9dbd95992de0fef795073f5ea83a81c?s=96&d=mm&r=g","contentUrl":"https:\/\/secure.gravatar.com\/avatar\/b6992f131dc8d30ab0dff15446e9d346d9dbd95992de0fef795073f5ea83a81c?s=96&d=mm&r=g","caption":"La Gu\u00eda de Pamplona"}}]}},"post_mailing_queue_ids":[],"_links":{"self":[{"href":"https:\/\/www.laguiadepamplona.com\/actualidad\/wp-json\/wp\/v2\/posts\/46925","targetHints":{"allow":["GET"]}}],"collection":[{"href":"https:\/\/www.laguiadepamplona.com\/actualidad\/wp-json\/wp\/v2\/posts"}],"about":[{"href":"https:\/\/www.laguiadepamplona.com\/actualidad\/wp-json\/wp\/v2\/types\/post"}],"author":[{"embeddable":true,"href":"https:\/\/www.laguiadepamplona.com\/actualidad\/wp-json\/wp\/v2\/users\/1"}],"replies":[{"embeddable":true,"href":"https:\/\/www.laguiadepamplona.com\/actualidad\/wp-json\/wp\/v2\/comments?post=46925"}],"version-history":[{"count":1,"href":"https:\/\/www.laguiadepamplona.com\/actualidad\/wp-json\/wp\/v2\/posts\/46925\/revisions"}],"predecessor-version":[{"id":46927,"href":"https:\/\/www.laguiadepamplona.com\/actualidad\/wp-json\/wp\/v2\/posts\/46925\/revisions\/46927"}],"wp:featuredmedia":[{"embeddable":true,"href":"https:\/\/www.laguiadepamplona.com\/actualidad\/wp-json\/wp\/v2\/media\/46926"}],"wp:attachment":[{"href":"https:\/\/www.laguiadepamplona.com\/actualidad\/wp-json\/wp\/v2\/media?parent=46925"}],"wp:term":[{"taxonomy":"category","embeddable":true,"href":"https:\/\/www.laguiadepamplona.com\/actualidad\/wp-json\/wp\/v2\/categories?post=46925"},{"taxonomy":"post_tag","embeddable":true,"href":"https:\/\/www.laguiadepamplona.com\/actualidad\/wp-json\/wp\/v2\/tags?post=46925"}],"curies":[{"name":"wp","href":"https:\/\/api.w.org\/{rel}","templated":true}]}}