{"id":46919,"date":"2023-06-02T13:20:32","date_gmt":"2023-06-02T11:20:32","guid":{"rendered":"https:\/\/www.laguiadepamplona.com\/actualidad\/?p=46919"},"modified":"2023-06-02T13:20:32","modified_gmt":"2023-06-02T11:20:32","slug":"el-alcalde-maya-presidente-de-la-asociacion-de-municipios-del-camino-de-santiago-abre-este-sabado-las-fiestas-patronales-de-sahagun-leon-con-la-lectura-del-pregon","status":"publish","type":"post","link":"https:\/\/www.laguiadepamplona.com\/actualidad\/el-alcalde-maya-presidente-de-la-asociacion-de-municipios-del-camino-de-santiago-abre-este-sabado-las-fiestas-patronales-de-sahagun-leon-con-la-lectura-del-pregon\/","title":{"rendered":"El alcalde Maya, presidente de la Asociaci\u00f3n de Municipios del Camino de Santiago, abre este s\u00e1bado las fiestas patronales de Sahag\u00fan, Le\u00f3n, con la lectura del preg\u00f3n"},"content":{"rendered":"<h3>Las dos localidades, separadas por m\u00e1s de 300 kil\u00f3metros, est\u00e1n unidas por el Camino de Santiago franc\u00e9s y la tradici\u00f3n de los encierros de toros<\/h3>\n<p><!--more--><\/p>\n<p>El alcalde en funciones de Pamplona y presidente de la Asociaci\u00f3n de Municipios del Camino de Santiago, Enrique Maya, se desplaza ma\u00f1ana a la villa leonesa de Sahag\u00fan para leer el preg\u00f3n que anuncia las fiestas patronales de San Juan de Sahag\u00fan. El alcalde tomar\u00e1 la palabra a las 21.30 horas, en el auditorio Carmelo G\u00f3mez de la localidad, donde estar\u00e1 presente la alcaldesa, Paula Conde, entre otras autoridades. Al t\u00e9rmino del preg\u00f3n, alumnado del Conservatorio de M\u00fasica de Le\u00f3n ofrecer\u00e1 un concierto de piano.<br \/>\n<script async src=\"\/\/pagead2.googlesyndication.com\/pagead\/js\/adsbygoogle.js\"><\/script><br \/>\n<!-- Noticias La Guia de Pamplona --><br \/>\n<ins class=\"adsbygoogle\"\nstyle=\"display:block\"\ndata-ad-client=\"ca-pub-6943679897239327\"\ndata-ad-slot=\"7048180777\"\ndata-ad-format=\"auto\"><\/ins><br \/>\n<script>\n(adsbygoogle = window.adsbygoogle || []).push({});\n<\/script><\/p>\n<p>Pamplona y Sahag\u00fan, separadas por m\u00e1s de 300 kil\u00f3metros, tienen en com\u00fan que ambas forman parte del Camino de Santiago franc\u00e9s. As\u00ed como Pamplona es la primera capital de provincia espa\u00f1ola que atraviesa el Camino, Sahag\u00fan es la primera localidad en la provincia de Le\u00f3n. Las personas peregrinas que realizan esta ruta hist\u00f3rica revitalizan las zonas que atraviesa y permiten la supervivencia de peque\u00f1os enclaves afectados por la despoblaci\u00f3n.<\/p>\n<p>Otro de los nexos de uni\u00f3n entre Pamplona y Sahag\u00fan es su programaci\u00f3n taurina, que incluye encierros, capea, exhibici\u00f3n ecuestre y corrida de toros. Tambi\u00e9n comparten el origen de su denominaci\u00f3n: el nombre de Sahag\u00fan es una evoluci\u00f3n Sanctus Facundus, mientras Pamplona evoluciona de Pompaelo, del general romano Pompeyo. La localidad leonesa tambi\u00e9n cuenta con una iglesia dedicada a San Lorenzo, de estilo rom\u00e1nico mud\u00e9jar. Por \u00faltimo, la pelota a mano tambi\u00e9n cuenta con su tradici\u00f3n y el front\u00f3n municipal acoger\u00e1 el domingo un triangular que enfrentar\u00e1 en tres partidos a Bilbao, Rekalde, Riol, Lanzagorta, Eguren y Gartzia.<\/p>\n","protected":false},"excerpt":{"rendered":"<p>Las dos localidades, separadas por m\u00e1s de 300 kil\u00f3metros, est\u00e1n unidas por el Camino de Santiago franc\u00e9s y la tradici\u00f3n de los encierros de toros<\/p>\n","protected":false},"author":1,"featured_media":46920,"comment_status":"open","ping_status":"closed","sticky":false,"template":"","format":"standard","meta":{"footnotes":""},"categories":[2],"tags":[],"class_list":["post-46919","post","type-post","status-publish","format-standard","has-post-thumbnail","hentry","category-ayuntamiento-pamplona"],"yoast_head":"<!-- This site is optimized with the Yoast SEO plugin v27.3 - https:\/\/yoast.com\/product\/yoast-seo-wordpress\/ -->\n<title>El alcalde Maya, presidente de la Asociaci\u00f3n de Municipios del Camino de Santiago, abre este s\u00e1bado las fiestas patronales de Sahag\u00fan, Le\u00f3n, con la lectura del preg\u00f3n<\/title>\n<meta name=\"description\" content=\"Las dos localidades, separadas por m\u00e1s de 300 kil\u00f3metros, est\u00e1n unidas por el Camino de Santiago franc\u00e9s y la tradici\u00f3n de los encierros de toros\" \/>\n<meta name=\"robots\" content=\"index, follow, max-snippet:-1, max-image-preview:large, max-video-preview:-1\" \/>\n<link rel=\"canonical\" href=\"https:\/\/www.laguiadepamplona.com\/actualidad\/el-alcalde-maya-presidente-de-la-asociacion-de-municipios-del-camino-de-santiago-abre-este-sabado-las-fiestas-patronales-de-sahagun-leon-con-la-lectura-del-pregon\/\" \/>\n<meta property=\"og:locale\" content=\"es_ES\" \/>\n<meta property=\"og:type\" content=\"article\" \/>\n<meta property=\"og:title\" content=\"El alcalde Maya, presidente de la Asociaci\u00f3n de Municipios del Camino de Santiago, abre este s\u00e1bado las fiestas patronales de Sahag\u00fan, Le\u00f3n, con la lectura del preg\u00f3n\" \/>\n<meta property=\"og:description\" content=\"Las dos localidades, separadas por m\u00e1s de 300 kil\u00f3metros, est\u00e1n unidas por el Camino de Santiago franc\u00e9s y la tradici\u00f3n de los encierros de toros\" \/>\n<meta property=\"og:url\" content=\"https:\/\/www.laguiadepamplona.com\/actualidad\/el-alcalde-maya-presidente-de-la-asociacion-de-municipios-del-camino-de-santiago-abre-este-sabado-las-fiestas-patronales-de-sahagun-leon-con-la-lectura-del-pregon\/\" \/>\n<meta property=\"og:site_name\" content=\"La Gu\u00eda de Pamplona\" \/>\n<meta property=\"article:publisher\" content=\"https:\/\/www.facebook.com\/laguiadepamplonacom-133175176762273\/?ref=hl\" \/>\n<meta property=\"article:published_time\" content=\"2023-06-02T11:20:32+00:00\" \/>\n<meta property=\"og:image\" content=\"https:\/\/www.laguiadepamplona.com\/actualidad\/wp-content\/uploads\/2023\/06\/20230428123309_IMG_3604-alcalde.webp\" \/>\n\t<meta property=\"og:image:width\" content=\"1920\" \/>\n\t<meta property=\"og:image:height\" content=\"1280\" \/>\n\t<meta property=\"og:image:type\" content=\"image\/webp\" \/>\n<meta name=\"author\" content=\"La Gu\u00eda de Pamplona\" \/>\n<meta name=\"twitter:card\" content=\"summary_large_image\" \/>\n<meta name=\"twitter:creator\" content=\"@LaGuiadPamplona\" \/>\n<meta name=\"twitter:site\" content=\"@LaGuiadPamplona\" \/>\n<meta name=\"twitter:label1\" content=\"Escrito por\" \/>\n\t<meta name=\"twitter:data1\" content=\"La Gu\u00eda de Pamplona\" \/>\n\t<meta name=\"twitter:label2\" content=\"Tiempo de lectura\" \/>\n\t<meta name=\"twitter:data2\" content=\"2 minutos\" \/>\n<script type=\"application\/ld+json\" class=\"yoast-schema-graph\">{\"@context\":\"https:\\\/\\\/schema.org\",\"@graph\":[{\"@type\":\"Article\",\"@id\":\"https:\\\/\\\/www.laguiadepamplona.com\\\/actualidad\\\/el-alcalde-maya-presidente-de-la-asociacion-de-municipios-del-camino-de-santiago-abre-este-sabado-las-fiestas-patronales-de-sahagun-leon-con-la-lectura-del-pregon\\\/#article\",\"isPartOf\":{\"@id\":\"https:\\\/\\\/www.laguiadepamplona.com\\\/actualidad\\\/el-alcalde-maya-presidente-de-la-asociacion-de-municipios-del-camino-de-santiago-abre-este-sabado-las-fiestas-patronales-de-sahagun-leon-con-la-lectura-del-pregon\\\/\"},\"author\":{\"name\":\"La Gu\u00eda de Pamplona\",\"@id\":\"https:\\\/\\\/www.laguiadepamplona.com\\\/actualidad\\\/#\\\/schema\\\/person\\\/efe887376f0213d4657c93adc50b1fdb\"},\"headline\":\"El alcalde Maya, presidente de la Asociaci\u00f3n de Municipios del Camino de Santiago, abre este s\u00e1bado las fiestas patronales de Sahag\u00fan, Le\u00f3n, con la lectura del preg\u00f3n\",\"datePublished\":\"2023-06-02T11:20:32+00:00\",\"mainEntityOfPage\":{\"@id\":\"https:\\\/\\\/www.laguiadepamplona.com\\\/actualidad\\\/el-alcalde-maya-presidente-de-la-asociacion-de-municipios-del-camino-de-santiago-abre-este-sabado-las-fiestas-patronales-de-sahagun-leon-con-la-lectura-del-pregon\\\/\"},\"wordCount\":346,\"commentCount\":0,\"publisher\":{\"@id\":\"https:\\\/\\\/www.laguiadepamplona.com\\\/actualidad\\\/#organization\"},\"image\":{\"@id\":\"https:\\\/\\\/www.laguiadepamplona.com\\\/actualidad\\\/el-alcalde-maya-presidente-de-la-asociacion-de-municipios-del-camino-de-santiago-abre-este-sabado-las-fiestas-patronales-de-sahagun-leon-con-la-lectura-del-pregon\\\/#primaryimage\"},\"thumbnailUrl\":\"https:\\\/\\\/www.laguiadepamplona.com\\\/actualidad\\\/wp-content\\\/uploads\\\/2023\\\/06\\\/20230428123309_IMG_3604-alcalde.webp\",\"articleSection\":[\"Ayto Pamplona\"],\"inLanguage\":\"es\",\"potentialAction\":[{\"@type\":\"CommentAction\",\"name\":\"Comment\",\"target\":[\"https:\\\/\\\/www.laguiadepamplona.com\\\/actualidad\\\/el-alcalde-maya-presidente-de-la-asociacion-de-municipios-del-camino-de-santiago-abre-este-sabado-las-fiestas-patronales-de-sahagun-leon-con-la-lectura-del-pregon\\\/#respond\"]}]},{\"@type\":\"WebPage\",\"@id\":\"https:\\\/\\\/www.laguiadepamplona.com\\\/actualidad\\\/el-alcalde-maya-presidente-de-la-asociacion-de-municipios-del-camino-de-santiago-abre-este-sabado-las-fiestas-patronales-de-sahagun-leon-con-la-lectura-del-pregon\\\/\",\"url\":\"https:\\\/\\\/www.laguiadepamplona.com\\\/actualidad\\\/el-alcalde-maya-presidente-de-la-asociacion-de-municipios-del-camino-de-santiago-abre-este-sabado-las-fiestas-patronales-de-sahagun-leon-con-la-lectura-del-pregon\\\/\",\"name\":\"El alcalde Maya, presidente de la Asociaci\u00f3n de Municipios del Camino de Santiago, abre este s\u00e1bado las fiestas patronales de Sahag\u00fan, Le\u00f3n, con la lectura del preg\u00f3n\",\"isPartOf\":{\"@id\":\"https:\\\/\\\/www.laguiadepamplona.com\\\/actualidad\\\/#website\"},\"primaryImageOfPage\":{\"@id\":\"https:\\\/\\\/www.laguiadepamplona.com\\\/actualidad\\\/el-alcalde-maya-presidente-de-la-asociacion-de-municipios-del-camino-de-santiago-abre-este-sabado-las-fiestas-patronales-de-sahagun-leon-con-la-lectura-del-pregon\\\/#primaryimage\"},\"image\":{\"@id\":\"https:\\\/\\\/www.laguiadepamplona.com\\\/actualidad\\\/el-alcalde-maya-presidente-de-la-asociacion-de-municipios-del-camino-de-santiago-abre-este-sabado-las-fiestas-patronales-de-sahagun-leon-con-la-lectura-del-pregon\\\/#primaryimage\"},\"thumbnailUrl\":\"https:\\\/\\\/www.laguiadepamplona.com\\\/actualidad\\\/wp-content\\\/uploads\\\/2023\\\/06\\\/20230428123309_IMG_3604-alcalde.webp\",\"datePublished\":\"2023-06-02T11:20:32+00:00\",\"description\":\"Las dos localidades, separadas por m\u00e1s de 300 kil\u00f3metros, est\u00e1n unidas por el Camino de Santiago franc\u00e9s y la tradici\u00f3n de los encierros de toros\",\"breadcrumb\":{\"@id\":\"https:\\\/\\\/www.laguiadepamplona.com\\\/actualidad\\\/el-alcalde-maya-presidente-de-la-asociacion-de-municipios-del-camino-de-santiago-abre-este-sabado-las-fiestas-patronales-de-sahagun-leon-con-la-lectura-del-pregon\\\/#breadcrumb\"},\"inLanguage\":\"es\",\"potentialAction\":[{\"@type\":\"ReadAction\",\"target\":[\"https:\\\/\\\/www.laguiadepamplona.com\\\/actualidad\\\/el-alcalde-maya-presidente-de-la-asociacion-de-municipios-del-camino-de-santiago-abre-este-sabado-las-fiestas-patronales-de-sahagun-leon-con-la-lectura-del-pregon\\\/\"]}]},{\"@type\":\"ImageObject\",\"inLanguage\":\"es\",\"@id\":\"https:\\\/\\\/www.laguiadepamplona.com\\\/actualidad\\\/el-alcalde-maya-presidente-de-la-asociacion-de-municipios-del-camino-de-santiago-abre-este-sabado-las-fiestas-patronales-de-sahagun-leon-con-la-lectura-del-pregon\\\/#primaryimage\",\"url\":\"https:\\\/\\\/www.laguiadepamplona.com\\\/actualidad\\\/wp-content\\\/uploads\\\/2023\\\/06\\\/20230428123309_IMG_3604-alcalde.webp\",\"contentUrl\":\"https:\\\/\\\/www.laguiadepamplona.com\\\/actualidad\\\/wp-content\\\/uploads\\\/2023\\\/06\\\/20230428123309_IMG_3604-alcalde.webp\",\"width\":1920,\"height\":1280},{\"@type\":\"BreadcrumbList\",\"@id\":\"https:\\\/\\\/www.laguiadepamplona.com\\\/actualidad\\\/el-alcalde-maya-presidente-de-la-asociacion-de-municipios-del-camino-de-santiago-abre-este-sabado-las-fiestas-patronales-de-sahagun-leon-con-la-lectura-del-pregon\\\/#breadcrumb\",\"itemListElement\":[{\"@type\":\"ListItem\",\"position\":1,\"name\":\"Portada\",\"item\":\"https:\\\/\\\/www.laguiadepamplona.com\\\/actualidad\\\/\"},{\"@type\":\"ListItem\",\"position\":2,\"name\":\"El alcalde Maya, presidente de la Asociaci\u00f3n de Municipios del Camino de Santiago, abre este s\u00e1bado las fiestas patronales de Sahag\u00fan, Le\u00f3n, con la lectura del preg\u00f3n\"}]},{\"@type\":\"WebSite\",\"@id\":\"https:\\\/\\\/www.laguiadepamplona.com\\\/actualidad\\\/#website\",\"url\":\"https:\\\/\\\/www.laguiadepamplona.com\\\/actualidad\\\/\",\"name\":\"La gu\u00eda de Pamplona\",\"description\":\"Noticias de Pamplona\",\"publisher\":{\"@id\":\"https:\\\/\\\/www.laguiadepamplona.com\\\/actualidad\\\/#organization\"},\"potentialAction\":[{\"@type\":\"SearchAction\",\"target\":{\"@type\":\"EntryPoint\",\"urlTemplate\":\"https:\\\/\\\/www.laguiadepamplona.com\\\/actualidad\\\/?s={search_term_string}\"},\"query-input\":{\"@type\":\"PropertyValueSpecification\",\"valueRequired\":true,\"valueName\":\"search_term_string\"}}],\"inLanguage\":\"es\"},{\"@type\":\"Organization\",\"@id\":\"https:\\\/\\\/www.laguiadepamplona.com\\\/actualidad\\\/#organization\",\"name\":\"La Gu\u00eda de Pamplona \\\/ Noticias\",\"url\":\"https:\\\/\\\/www.laguiadepamplona.com\\\/actualidad\\\/\",\"logo\":{\"@type\":\"ImageObject\",\"inLanguage\":\"es\",\"@id\":\"https:\\\/\\\/www.laguiadepamplona.com\\\/actualidad\\\/#\\\/schema\\\/logo\\\/image\\\/\",\"url\":\"https:\\\/\\\/www.laguiadepamplona.com\\\/actualidad\\\/wp-content\\\/uploads\\\/2018\\\/11\\\/logo-laguiadepamplona18-web1.png\",\"contentUrl\":\"https:\\\/\\\/www.laguiadepamplona.com\\\/actualidad\\\/wp-content\\\/uploads\\\/2018\\\/11\\\/logo-laguiadepamplona18-web1.png\",\"width\":600,\"height\":196,\"caption\":\"La Gu\u00eda de Pamplona \\\/ Noticias\"},\"image\":{\"@id\":\"https:\\\/\\\/www.laguiadepamplona.com\\\/actualidad\\\/#\\\/schema\\\/logo\\\/image\\\/\"},\"sameAs\":[\"https:\\\/\\\/www.facebook.com\\\/laguiadepamplonacom-133175176762273\\\/?ref=hl\",\"https:\\\/\\\/x.com\\\/LaGuiadPamplona\",\"https:\\\/\\\/www.instagram.com\\\/la_guia_de_pamplona\\\/\",\"https:\\\/\\\/www.youtube.com\\\/user\\\/laguiadepamplona\"]},{\"@type\":\"Person\",\"@id\":\"https:\\\/\\\/www.laguiadepamplona.com\\\/actualidad\\\/#\\\/schema\\\/person\\\/efe887376f0213d4657c93adc50b1fdb\",\"name\":\"La Gu\u00eda de Pamplona\",\"image\":{\"@type\":\"ImageObject\",\"inLanguage\":\"es\",\"@id\":\"https:\\\/\\\/secure.gravatar.com\\\/avatar\\\/b6992f131dc8d30ab0dff15446e9d346d9dbd95992de0fef795073f5ea83a81c?s=96&d=mm&r=g\",\"url\":\"https:\\\/\\\/secure.gravatar.com\\\/avatar\\\/b6992f131dc8d30ab0dff15446e9d346d9dbd95992de0fef795073f5ea83a81c?s=96&d=mm&r=g\",\"contentUrl\":\"https:\\\/\\\/secure.gravatar.com\\\/avatar\\\/b6992f131dc8d30ab0dff15446e9d346d9dbd95992de0fef795073f5ea83a81c?s=96&d=mm&r=g\",\"caption\":\"La Gu\u00eda de Pamplona\"}}]}<\/script>\n<!-- \/ Yoast SEO plugin. -->","yoast_head_json":{"title":"El alcalde Maya, presidente de la Asociaci\u00f3n de Municipios del Camino de Santiago, abre este s\u00e1bado las fiestas patronales de Sahag\u00fan, Le\u00f3n, con la lectura del preg\u00f3n","description":"Las dos localidades, separadas por m\u00e1s de 300 kil\u00f3metros, est\u00e1n unidas por el Camino de Santiago franc\u00e9s y la tradici\u00f3n de los encierros de toros","robots":{"index":"index","follow":"follow","max-snippet":"max-snippet:-1","max-image-preview":"max-image-preview:large","max-video-preview":"max-video-preview:-1"},"canonical":"https:\/\/www.laguiadepamplona.com\/actualidad\/el-alcalde-maya-presidente-de-la-asociacion-de-municipios-del-camino-de-santiago-abre-este-sabado-las-fiestas-patronales-de-sahagun-leon-con-la-lectura-del-pregon\/","og_locale":"es_ES","og_type":"article","og_title":"El alcalde Maya, presidente de la Asociaci\u00f3n de Municipios del Camino de Santiago, abre este s\u00e1bado las fiestas patronales de Sahag\u00fan, Le\u00f3n, con la lectura del preg\u00f3n","og_description":"Las dos localidades, separadas por m\u00e1s de 300 kil\u00f3metros, est\u00e1n unidas por el Camino de Santiago franc\u00e9s y la tradici\u00f3n de los encierros de toros","og_url":"https:\/\/www.laguiadepamplona.com\/actualidad\/el-alcalde-maya-presidente-de-la-asociacion-de-municipios-del-camino-de-santiago-abre-este-sabado-las-fiestas-patronales-de-sahagun-leon-con-la-lectura-del-pregon\/","og_site_name":"La Gu\u00eda de Pamplona","article_publisher":"https:\/\/www.facebook.com\/laguiadepamplonacom-133175176762273\/?ref=hl","article_published_time":"2023-06-02T11:20:32+00:00","og_image":[{"width":1920,"height":1280,"url":"https:\/\/www.laguiadepamplona.com\/actualidad\/wp-content\/uploads\/2023\/06\/20230428123309_IMG_3604-alcalde.webp","type":"image\/webp"}],"author":"La Gu\u00eda de Pamplona","twitter_card":"summary_large_image","twitter_creator":"@LaGuiadPamplona","twitter_site":"@LaGuiadPamplona","twitter_misc":{"Escrito por":"La Gu\u00eda de Pamplona","Tiempo de lectura":"2 minutos"},"schema":{"@context":"https:\/\/schema.org","@graph":[{"@type":"Article","@id":"https:\/\/www.laguiadepamplona.com\/actualidad\/el-alcalde-maya-presidente-de-la-asociacion-de-municipios-del-camino-de-santiago-abre-este-sabado-las-fiestas-patronales-de-sahagun-leon-con-la-lectura-del-pregon\/#article","isPartOf":{"@id":"https:\/\/www.laguiadepamplona.com\/actualidad\/el-alcalde-maya-presidente-de-la-asociacion-de-municipios-del-camino-de-santiago-abre-este-sabado-las-fiestas-patronales-de-sahagun-leon-con-la-lectura-del-pregon\/"},"author":{"name":"La Gu\u00eda de Pamplona","@id":"https:\/\/www.laguiadepamplona.com\/actualidad\/#\/schema\/person\/efe887376f0213d4657c93adc50b1fdb"},"headline":"El alcalde Maya, presidente de la Asociaci\u00f3n de Municipios del Camino de Santiago, abre este s\u00e1bado las fiestas patronales de Sahag\u00fan, Le\u00f3n, con la lectura del preg\u00f3n","datePublished":"2023-06-02T11:20:32+00:00","mainEntityOfPage":{"@id":"https:\/\/www.laguiadepamplona.com\/actualidad\/el-alcalde-maya-presidente-de-la-asociacion-de-municipios-del-camino-de-santiago-abre-este-sabado-las-fiestas-patronales-de-sahagun-leon-con-la-lectura-del-pregon\/"},"wordCount":346,"commentCount":0,"publisher":{"@id":"https:\/\/www.laguiadepamplona.com\/actualidad\/#organization"},"image":{"@id":"https:\/\/www.laguiadepamplona.com\/actualidad\/el-alcalde-maya-presidente-de-la-asociacion-de-municipios-del-camino-de-santiago-abre-este-sabado-las-fiestas-patronales-de-sahagun-leon-con-la-lectura-del-pregon\/#primaryimage"},"thumbnailUrl":"https:\/\/www.laguiadepamplona.com\/actualidad\/wp-content\/uploads\/2023\/06\/20230428123309_IMG_3604-alcalde.webp","articleSection":["Ayto Pamplona"],"inLanguage":"es","potentialAction":[{"@type":"CommentAction","name":"Comment","target":["https:\/\/www.laguiadepamplona.com\/actualidad\/el-alcalde-maya-presidente-de-la-asociacion-de-municipios-del-camino-de-santiago-abre-este-sabado-las-fiestas-patronales-de-sahagun-leon-con-la-lectura-del-pregon\/#respond"]}]},{"@type":"WebPage","@id":"https:\/\/www.laguiadepamplona.com\/actualidad\/el-alcalde-maya-presidente-de-la-asociacion-de-municipios-del-camino-de-santiago-abre-este-sabado-las-fiestas-patronales-de-sahagun-leon-con-la-lectura-del-pregon\/","url":"https:\/\/www.laguiadepamplona.com\/actualidad\/el-alcalde-maya-presidente-de-la-asociacion-de-municipios-del-camino-de-santiago-abre-este-sabado-las-fiestas-patronales-de-sahagun-leon-con-la-lectura-del-pregon\/","name":"El alcalde Maya, presidente de la Asociaci\u00f3n de Municipios del Camino de Santiago, abre este s\u00e1bado las fiestas patronales de Sahag\u00fan, Le\u00f3n, con la lectura del preg\u00f3n","isPartOf":{"@id":"https:\/\/www.laguiadepamplona.com\/actualidad\/#website"},"primaryImageOfPage":{"@id":"https:\/\/www.laguiadepamplona.com\/actualidad\/el-alcalde-maya-presidente-de-la-asociacion-de-municipios-del-camino-de-santiago-abre-este-sabado-las-fiestas-patronales-de-sahagun-leon-con-la-lectura-del-pregon\/#primaryimage"},"image":{"@id":"https:\/\/www.laguiadepamplona.com\/actualidad\/el-alcalde-maya-presidente-de-la-asociacion-de-municipios-del-camino-de-santiago-abre-este-sabado-las-fiestas-patronales-de-sahagun-leon-con-la-lectura-del-pregon\/#primaryimage"},"thumbnailUrl":"https:\/\/www.laguiadepamplona.com\/actualidad\/wp-content\/uploads\/2023\/06\/20230428123309_IMG_3604-alcalde.webp","datePublished":"2023-06-02T11:20:32+00:00","description":"Las dos localidades, separadas por m\u00e1s de 300 kil\u00f3metros, est\u00e1n unidas por el Camino de Santiago franc\u00e9s y la tradici\u00f3n de los encierros de toros","breadcrumb":{"@id":"https:\/\/www.laguiadepamplona.com\/actualidad\/el-alcalde-maya-presidente-de-la-asociacion-de-municipios-del-camino-de-santiago-abre-este-sabado-las-fiestas-patronales-de-sahagun-leon-con-la-lectura-del-pregon\/#breadcrumb"},"inLanguage":"es","potentialAction":[{"@type":"ReadAction","target":["https:\/\/www.laguiadepamplona.com\/actualidad\/el-alcalde-maya-presidente-de-la-asociacion-de-municipios-del-camino-de-santiago-abre-este-sabado-las-fiestas-patronales-de-sahagun-leon-con-la-lectura-del-pregon\/"]}]},{"@type":"ImageObject","inLanguage":"es","@id":"https:\/\/www.laguiadepamplona.com\/actualidad\/el-alcalde-maya-presidente-de-la-asociacion-de-municipios-del-camino-de-santiago-abre-este-sabado-las-fiestas-patronales-de-sahagun-leon-con-la-lectura-del-pregon\/#primaryimage","url":"https:\/\/www.laguiadepamplona.com\/actualidad\/wp-content\/uploads\/2023\/06\/20230428123309_IMG_3604-alcalde.webp","contentUrl":"https:\/\/www.laguiadepamplona.com\/actualidad\/wp-content\/uploads\/2023\/06\/20230428123309_IMG_3604-alcalde.webp","width":1920,"height":1280},{"@type":"BreadcrumbList","@id":"https:\/\/www.laguiadepamplona.com\/actualidad\/el-alcalde-maya-presidente-de-la-asociacion-de-municipios-del-camino-de-santiago-abre-este-sabado-las-fiestas-patronales-de-sahagun-leon-con-la-lectura-del-pregon\/#breadcrumb","itemListElement":[{"@type":"ListItem","position":1,"name":"Portada","item":"https:\/\/www.laguiadepamplona.com\/actualidad\/"},{"@type":"ListItem","position":2,"name":"El alcalde Maya, presidente de la Asociaci\u00f3n de Municipios del Camino de Santiago, abre este s\u00e1bado las fiestas patronales de Sahag\u00fan, Le\u00f3n, con la lectura del preg\u00f3n"}]},{"@type":"WebSite","@id":"https:\/\/www.laguiadepamplona.com\/actualidad\/#website","url":"https:\/\/www.laguiadepamplona.com\/actualidad\/","name":"La gu\u00eda de Pamplona","description":"Noticias de Pamplona","publisher":{"@id":"https:\/\/www.laguiadepamplona.com\/actualidad\/#organization"},"potentialAction":[{"@type":"SearchAction","target":{"@type":"EntryPoint","urlTemplate":"https:\/\/www.laguiadepamplona.com\/actualidad\/?s={search_term_string}"},"query-input":{"@type":"PropertyValueSpecification","valueRequired":true,"valueName":"search_term_string"}}],"inLanguage":"es"},{"@type":"Organization","@id":"https:\/\/www.laguiadepamplona.com\/actualidad\/#organization","name":"La Gu\u00eda de Pamplona \/ Noticias","url":"https:\/\/www.laguiadepamplona.com\/actualidad\/","logo":{"@type":"ImageObject","inLanguage":"es","@id":"https:\/\/www.laguiadepamplona.com\/actualidad\/#\/schema\/logo\/image\/","url":"https:\/\/www.laguiadepamplona.com\/actualidad\/wp-content\/uploads\/2018\/11\/logo-laguiadepamplona18-web1.png","contentUrl":"https:\/\/www.laguiadepamplona.com\/actualidad\/wp-content\/uploads\/2018\/11\/logo-laguiadepamplona18-web1.png","width":600,"height":196,"caption":"La Gu\u00eda de Pamplona \/ Noticias"},"image":{"@id":"https:\/\/www.laguiadepamplona.com\/actualidad\/#\/schema\/logo\/image\/"},"sameAs":["https:\/\/www.facebook.com\/laguiadepamplonacom-133175176762273\/?ref=hl","https:\/\/x.com\/LaGuiadPamplona","https:\/\/www.instagram.com\/la_guia_de_pamplona\/","https:\/\/www.youtube.com\/user\/laguiadepamplona"]},{"@type":"Person","@id":"https:\/\/www.laguiadepamplona.com\/actualidad\/#\/schema\/person\/efe887376f0213d4657c93adc50b1fdb","name":"La Gu\u00eda de Pamplona","image":{"@type":"ImageObject","inLanguage":"es","@id":"https:\/\/secure.gravatar.com\/avatar\/b6992f131dc8d30ab0dff15446e9d346d9dbd95992de0fef795073f5ea83a81c?s=96&d=mm&r=g","url":"https:\/\/secure.gravatar.com\/avatar\/b6992f131dc8d30ab0dff15446e9d346d9dbd95992de0fef795073f5ea83a81c?s=96&d=mm&r=g","contentUrl":"https:\/\/secure.gravatar.com\/avatar\/b6992f131dc8d30ab0dff15446e9d346d9dbd95992de0fef795073f5ea83a81c?s=96&d=mm&r=g","caption":"La Gu\u00eda de Pamplona"}}]}},"post_mailing_queue_ids":[],"_links":{"self":[{"href":"https:\/\/www.laguiadepamplona.com\/actualidad\/wp-json\/wp\/v2\/posts\/46919","targetHints":{"allow":["GET"]}}],"collection":[{"href":"https:\/\/www.laguiadepamplona.com\/actualidad\/wp-json\/wp\/v2\/posts"}],"about":[{"href":"https:\/\/www.laguiadepamplona.com\/actualidad\/wp-json\/wp\/v2\/types\/post"}],"author":[{"embeddable":true,"href":"https:\/\/www.laguiadepamplona.com\/actualidad\/wp-json\/wp\/v2\/users\/1"}],"replies":[{"embeddable":true,"href":"https:\/\/www.laguiadepamplona.com\/actualidad\/wp-json\/wp\/v2\/comments?post=46919"}],"version-history":[{"count":1,"href":"https:\/\/www.laguiadepamplona.com\/actualidad\/wp-json\/wp\/v2\/posts\/46919\/revisions"}],"predecessor-version":[{"id":46921,"href":"https:\/\/www.laguiadepamplona.com\/actualidad\/wp-json\/wp\/v2\/posts\/46919\/revisions\/46921"}],"wp:featuredmedia":[{"embeddable":true,"href":"https:\/\/www.laguiadepamplona.com\/actualidad\/wp-json\/wp\/v2\/media\/46920"}],"wp:attachment":[{"href":"https:\/\/www.laguiadepamplona.com\/actualidad\/wp-json\/wp\/v2\/media?parent=46919"}],"wp:term":[{"taxonomy":"category","embeddable":true,"href":"https:\/\/www.laguiadepamplona.com\/actualidad\/wp-json\/wp\/v2\/categories?post=46919"},{"taxonomy":"post_tag","embeddable":true,"href":"https:\/\/www.laguiadepamplona.com\/actualidad\/wp-json\/wp\/v2\/tags?post=46919"}],"curies":[{"name":"wp","href":"https:\/\/api.w.org\/{rel}","templated":true}]}}