{"id":46916,"date":"2023-06-02T13:15:54","date_gmt":"2023-06-02T11:15:54","guid":{"rendered":"https:\/\/www.laguiadepamplona.com\/actualidad\/?p=46916"},"modified":"2023-06-02T13:15:54","modified_gmt":"2023-06-02T11:15:54","slug":"los-insectos-centraran-las-actividades-del-dia-mundial-del-medio-ambiente","status":"publish","type":"post","link":"https:\/\/www.laguiadepamplona.com\/actualidad\/los-insectos-centraran-las-actividades-del-dia-mundial-del-medio-ambiente\/","title":{"rendered":"Los insectos centrar\u00e1n las actividades del D\u00eda Mundial del Medio Ambiente"},"content":{"rendered":"<h3>Ayuntamiento y Museo de Ciencias Universidad de Navarra colaborar\u00e1n ma\u00f1ana 3 de junio, en actividades de sensibilizaci\u00f3n en la avenida Carlos III<\/h3>\n<p><!--more--><\/p>\n<p>Ma\u00f1ana s\u00e1bado, 3 de junio, el Ayuntamiento de Pamplona junto con el Museo de Ciencias Universidad de Navarra ofrecer\u00e1n de 11 a 14 horas, en la avenida de Carlos III de Pamplona (cruce con avenida de Roncesvalles) un conjunto de actividades por el D\u00eda Mundial del Medio Ambiente que se celebra el 5 de junio.<\/p>\n<p>En esta ocasi\u00f3n los protagonistas del d\u00eda ser\u00e1n los insectos, unos animales que sirven de alimento a muchos anfibios, aves, mam\u00edferos, y son una parte fundamental de la cadena alimentaria. Pero, adem\u00e1s de como alimento, los insectos polinizan, fecundando las plantas, descomponen la materia org\u00e1nica y funcionan como dispersores de semillas. Su presencia es primordial en el automantenimiento de los ecosistemas<br \/>\n<script async src=\"\/\/pagead2.googlesyndication.com\/pagead\/js\/adsbygoogle.js\"><\/script><br \/>\n<!-- Noticias La Guia de Pamplona --><br \/>\n<ins class=\"adsbygoogle\"\nstyle=\"display:block\"\ndata-ad-client=\"ca-pub-6943679897239327\"\ndata-ad-slot=\"7048180777\"\ndata-ad-format=\"auto\"><\/ins><br \/>\n<script>\n(adsbygoogle = window.adsbygoogle || []).push({});\n<\/script><\/p>\n<p>Las personas que participen en la jornada podr\u00e1n ver de cerca una selecci\u00f3n de animales disecados provenientes de los fondos de la colecci\u00f3n del Museo, como un \u00e1guila real, un cern\u00edcalo, adem\u00e1s de ejemplares de mochuelo, lechuza, b\u00faho y milano. Tambi\u00e9n estar\u00e1 preparado un sistema de observaci\u00f3n con lupa de algunos espec\u00edmenes de insecto, unos dispositivos \u00f3pticos conectados a pantallas de televisi\u00f3n para que se puedan apreciar a gran tama\u00f1o.<\/p>\n<p>Pero, adem\u00e1s, en esta jornada se ha dise\u00f1ado un taller del que se realizar\u00e1n tres sesiones a las horas en punto (11, 12 y 13 horas). El tema: los insectos y la polinizaci\u00f3n. Voluntarios del Museo de Ciencias, de \u00e1reas de conocimiento como Ciencias Ambientales, Biolog\u00eda, Pedagog\u00eda y Magisterio, guiar\u00e1n a los menores en esa actividad. El contenido concreto se centrar\u00e1 en las bombas de semillas de cara a que ni\u00f1as y ni\u00f1os puedan conocer una t\u00e9cnica de cultivo sencilla, econ\u00f3mica y eficiente a la hora de reforestar, reverdecer y regenerar suelos. La actividad consistir\u00e1 en realizar una de ellas con semillas y tierra. La arcilla seca que las recubre evita que las semillas se conviertan en alimento de p\u00e1jaros, roedores y otros animales de forma que tienen m\u00e1s posibilidades de prosperar.<br \/>\n<script async src=\"\/\/pagead2.googlesyndication.com\/pagead\/js\/adsbygoogle.js\"><\/script><br \/>\n<!-- Noticias La Guia de Pamplona --><br \/>\n<ins class=\"adsbygoogle\"\nstyle=\"display:block\"\ndata-ad-client=\"ca-pub-6943679897239327\"\ndata-ad-slot=\"7048180777\"\ndata-ad-format=\"auto\"><\/ins><br \/>\n<script>\n(adsbygoogle = window.adsbygoogle || []).push({});\n<\/script><\/p>\n<p>El cuidado de la fauna urbana y el mantenimiento e incremento de la biodiversidad en la ciudad, tambi\u00e9n la educaci\u00f3n ambiental en este campo es uno de los objetivos de la estrategia Go Green Pamplona, de transici\u00f3n energ\u00e9tica y contra el cambio clim\u00e1tico.<\/p>\n","protected":false},"excerpt":{"rendered":"<p>Ayuntamiento y Museo de Ciencias Universidad de Navarra colaborar\u00e1n ma\u00f1ana 3 de junio, en actividades de sensibilizaci\u00f3n en la avenida Carlos III<\/p>\n","protected":false},"author":1,"featured_media":46917,"comment_status":"open","ping_status":"closed","sticky":false,"template":"","format":"standard","meta":{"footnotes":""},"categories":[2],"tags":[],"class_list":["post-46916","post","type-post","status-publish","format-standard","has-post-thumbnail","hentry","category-ayuntamiento-pamplona"],"yoast_head":"<!-- This site is optimized with the Yoast SEO plugin v27.3 - https:\/\/yoast.com\/product\/yoast-seo-wordpress\/ -->\n<title>Los insectos centrar\u00e1n las actividades del D\u00eda Mundial del Medio Ambiente<\/title>\n<meta name=\"description\" content=\"Ayuntamiento y Museo de Ciencias Universidad de Navarra colaborar\u00e1n el 3 de junio, en actividades de sensibilizaci\u00f3n en la avenida Carlos III\" \/>\n<meta name=\"robots\" content=\"index, follow, max-snippet:-1, max-image-preview:large, max-video-preview:-1\" \/>\n<link rel=\"canonical\" href=\"https:\/\/www.laguiadepamplona.com\/actualidad\/los-insectos-centraran-las-actividades-del-dia-mundial-del-medio-ambiente\/\" \/>\n<meta property=\"og:locale\" content=\"es_ES\" \/>\n<meta property=\"og:type\" content=\"article\" \/>\n<meta property=\"og:title\" content=\"Los insectos centrar\u00e1n las actividades del D\u00eda Mundial del Medio Ambiente\" \/>\n<meta property=\"og:description\" content=\"Ayuntamiento y Museo de Ciencias Universidad de Navarra colaborar\u00e1n el 3 de junio, en actividades de sensibilizaci\u00f3n en la avenida Carlos III\" \/>\n<meta property=\"og:url\" content=\"https:\/\/www.laguiadepamplona.com\/actualidad\/los-insectos-centraran-las-actividades-del-dia-mundial-del-medio-ambiente\/\" \/>\n<meta property=\"og:site_name\" content=\"La Gu\u00eda de Pamplona\" \/>\n<meta property=\"article:publisher\" content=\"https:\/\/www.facebook.com\/laguiadepamplonacom-133175176762273\/?ref=hl\" \/>\n<meta property=\"article:published_time\" content=\"2023-06-02T11:15:54+00:00\" \/>\n<meta property=\"og:image\" content=\"https:\/\/www.laguiadepamplona.com\/actualidad\/wp-content\/uploads\/2023\/06\/educacion_ambiental_juego_ninos-2_0.webp\" \/>\n\t<meta property=\"og:image:width\" content=\"1920\" \/>\n\t<meta property=\"og:image:height\" content=\"1175\" \/>\n\t<meta property=\"og:image:type\" content=\"image\/webp\" \/>\n<meta name=\"author\" content=\"La Gu\u00eda de Pamplona\" \/>\n<meta name=\"twitter:card\" content=\"summary_large_image\" \/>\n<meta name=\"twitter:creator\" content=\"@LaGuiadPamplona\" \/>\n<meta name=\"twitter:site\" content=\"@LaGuiadPamplona\" \/>\n<meta name=\"twitter:label1\" content=\"Escrito por\" \/>\n\t<meta name=\"twitter:data1\" content=\"La Gu\u00eda de Pamplona\" \/>\n\t<meta name=\"twitter:label2\" content=\"Tiempo de lectura\" \/>\n\t<meta name=\"twitter:data2\" content=\"2 minutos\" \/>\n<script type=\"application\/ld+json\" class=\"yoast-schema-graph\">{\"@context\":\"https:\\\/\\\/schema.org\",\"@graph\":[{\"@type\":\"Article\",\"@id\":\"https:\\\/\\\/www.laguiadepamplona.com\\\/actualidad\\\/los-insectos-centraran-las-actividades-del-dia-mundial-del-medio-ambiente\\\/#article\",\"isPartOf\":{\"@id\":\"https:\\\/\\\/www.laguiadepamplona.com\\\/actualidad\\\/los-insectos-centraran-las-actividades-del-dia-mundial-del-medio-ambiente\\\/\"},\"author\":{\"name\":\"La Gu\u00eda de Pamplona\",\"@id\":\"https:\\\/\\\/www.laguiadepamplona.com\\\/actualidad\\\/#\\\/schema\\\/person\\\/efe887376f0213d4657c93adc50b1fdb\"},\"headline\":\"Los insectos centrar\u00e1n las actividades del D\u00eda Mundial del Medio Ambiente\",\"datePublished\":\"2023-06-02T11:15:54+00:00\",\"mainEntityOfPage\":{\"@id\":\"https:\\\/\\\/www.laguiadepamplona.com\\\/actualidad\\\/los-insectos-centraran-las-actividades-del-dia-mundial-del-medio-ambiente\\\/\"},\"wordCount\":430,\"commentCount\":0,\"publisher\":{\"@id\":\"https:\\\/\\\/www.laguiadepamplona.com\\\/actualidad\\\/#organization\"},\"image\":{\"@id\":\"https:\\\/\\\/www.laguiadepamplona.com\\\/actualidad\\\/los-insectos-centraran-las-actividades-del-dia-mundial-del-medio-ambiente\\\/#primaryimage\"},\"thumbnailUrl\":\"https:\\\/\\\/www.laguiadepamplona.com\\\/actualidad\\\/wp-content\\\/uploads\\\/2023\\\/06\\\/educacion_ambiental_juego_ninos-2_0.webp\",\"articleSection\":[\"Ayto Pamplona\"],\"inLanguage\":\"es\",\"potentialAction\":[{\"@type\":\"CommentAction\",\"name\":\"Comment\",\"target\":[\"https:\\\/\\\/www.laguiadepamplona.com\\\/actualidad\\\/los-insectos-centraran-las-actividades-del-dia-mundial-del-medio-ambiente\\\/#respond\"]}]},{\"@type\":\"WebPage\",\"@id\":\"https:\\\/\\\/www.laguiadepamplona.com\\\/actualidad\\\/los-insectos-centraran-las-actividades-del-dia-mundial-del-medio-ambiente\\\/\",\"url\":\"https:\\\/\\\/www.laguiadepamplona.com\\\/actualidad\\\/los-insectos-centraran-las-actividades-del-dia-mundial-del-medio-ambiente\\\/\",\"name\":\"Los insectos centrar\u00e1n las actividades del D\u00eda Mundial del Medio Ambiente\",\"isPartOf\":{\"@id\":\"https:\\\/\\\/www.laguiadepamplona.com\\\/actualidad\\\/#website\"},\"primaryImageOfPage\":{\"@id\":\"https:\\\/\\\/www.laguiadepamplona.com\\\/actualidad\\\/los-insectos-centraran-las-actividades-del-dia-mundial-del-medio-ambiente\\\/#primaryimage\"},\"image\":{\"@id\":\"https:\\\/\\\/www.laguiadepamplona.com\\\/actualidad\\\/los-insectos-centraran-las-actividades-del-dia-mundial-del-medio-ambiente\\\/#primaryimage\"},\"thumbnailUrl\":\"https:\\\/\\\/www.laguiadepamplona.com\\\/actualidad\\\/wp-content\\\/uploads\\\/2023\\\/06\\\/educacion_ambiental_juego_ninos-2_0.webp\",\"datePublished\":\"2023-06-02T11:15:54+00:00\",\"description\":\"Ayuntamiento y Museo de Ciencias Universidad de Navarra colaborar\u00e1n el 3 de junio, en actividades de sensibilizaci\u00f3n en la avenida Carlos III\",\"breadcrumb\":{\"@id\":\"https:\\\/\\\/www.laguiadepamplona.com\\\/actualidad\\\/los-insectos-centraran-las-actividades-del-dia-mundial-del-medio-ambiente\\\/#breadcrumb\"},\"inLanguage\":\"es\",\"potentialAction\":[{\"@type\":\"ReadAction\",\"target\":[\"https:\\\/\\\/www.laguiadepamplona.com\\\/actualidad\\\/los-insectos-centraran-las-actividades-del-dia-mundial-del-medio-ambiente\\\/\"]}]},{\"@type\":\"ImageObject\",\"inLanguage\":\"es\",\"@id\":\"https:\\\/\\\/www.laguiadepamplona.com\\\/actualidad\\\/los-insectos-centraran-las-actividades-del-dia-mundial-del-medio-ambiente\\\/#primaryimage\",\"url\":\"https:\\\/\\\/www.laguiadepamplona.com\\\/actualidad\\\/wp-content\\\/uploads\\\/2023\\\/06\\\/educacion_ambiental_juego_ninos-2_0.webp\",\"contentUrl\":\"https:\\\/\\\/www.laguiadepamplona.com\\\/actualidad\\\/wp-content\\\/uploads\\\/2023\\\/06\\\/educacion_ambiental_juego_ninos-2_0.webp\",\"width\":1920,\"height\":1175},{\"@type\":\"BreadcrumbList\",\"@id\":\"https:\\\/\\\/www.laguiadepamplona.com\\\/actualidad\\\/los-insectos-centraran-las-actividades-del-dia-mundial-del-medio-ambiente\\\/#breadcrumb\",\"itemListElement\":[{\"@type\":\"ListItem\",\"position\":1,\"name\":\"Portada\",\"item\":\"https:\\\/\\\/www.laguiadepamplona.com\\\/actualidad\\\/\"},{\"@type\":\"ListItem\",\"position\":2,\"name\":\"Los insectos centrar\u00e1n las actividades del D\u00eda Mundial del Medio Ambiente\"}]},{\"@type\":\"WebSite\",\"@id\":\"https:\\\/\\\/www.laguiadepamplona.com\\\/actualidad\\\/#website\",\"url\":\"https:\\\/\\\/www.laguiadepamplona.com\\\/actualidad\\\/\",\"name\":\"La gu\u00eda de Pamplona\",\"description\":\"Noticias de Pamplona\",\"publisher\":{\"@id\":\"https:\\\/\\\/www.laguiadepamplona.com\\\/actualidad\\\/#organization\"},\"potentialAction\":[{\"@type\":\"SearchAction\",\"target\":{\"@type\":\"EntryPoint\",\"urlTemplate\":\"https:\\\/\\\/www.laguiadepamplona.com\\\/actualidad\\\/?s={search_term_string}\"},\"query-input\":{\"@type\":\"PropertyValueSpecification\",\"valueRequired\":true,\"valueName\":\"search_term_string\"}}],\"inLanguage\":\"es\"},{\"@type\":\"Organization\",\"@id\":\"https:\\\/\\\/www.laguiadepamplona.com\\\/actualidad\\\/#organization\",\"name\":\"La Gu\u00eda de Pamplona \\\/ Noticias\",\"url\":\"https:\\\/\\\/www.laguiadepamplona.com\\\/actualidad\\\/\",\"logo\":{\"@type\":\"ImageObject\",\"inLanguage\":\"es\",\"@id\":\"https:\\\/\\\/www.laguiadepamplona.com\\\/actualidad\\\/#\\\/schema\\\/logo\\\/image\\\/\",\"url\":\"https:\\\/\\\/www.laguiadepamplona.com\\\/actualidad\\\/wp-content\\\/uploads\\\/2018\\\/11\\\/logo-laguiadepamplona18-web1.png\",\"contentUrl\":\"https:\\\/\\\/www.laguiadepamplona.com\\\/actualidad\\\/wp-content\\\/uploads\\\/2018\\\/11\\\/logo-laguiadepamplona18-web1.png\",\"width\":600,\"height\":196,\"caption\":\"La Gu\u00eda de Pamplona \\\/ Noticias\"},\"image\":{\"@id\":\"https:\\\/\\\/www.laguiadepamplona.com\\\/actualidad\\\/#\\\/schema\\\/logo\\\/image\\\/\"},\"sameAs\":[\"https:\\\/\\\/www.facebook.com\\\/laguiadepamplonacom-133175176762273\\\/?ref=hl\",\"https:\\\/\\\/x.com\\\/LaGuiadPamplona\",\"https:\\\/\\\/www.instagram.com\\\/la_guia_de_pamplona\\\/\",\"https:\\\/\\\/www.youtube.com\\\/user\\\/laguiadepamplona\"]},{\"@type\":\"Person\",\"@id\":\"https:\\\/\\\/www.laguiadepamplona.com\\\/actualidad\\\/#\\\/schema\\\/person\\\/efe887376f0213d4657c93adc50b1fdb\",\"name\":\"La Gu\u00eda de Pamplona\",\"image\":{\"@type\":\"ImageObject\",\"inLanguage\":\"es\",\"@id\":\"https:\\\/\\\/secure.gravatar.com\\\/avatar\\\/b6992f131dc8d30ab0dff15446e9d346d9dbd95992de0fef795073f5ea83a81c?s=96&d=mm&r=g\",\"url\":\"https:\\\/\\\/secure.gravatar.com\\\/avatar\\\/b6992f131dc8d30ab0dff15446e9d346d9dbd95992de0fef795073f5ea83a81c?s=96&d=mm&r=g\",\"contentUrl\":\"https:\\\/\\\/secure.gravatar.com\\\/avatar\\\/b6992f131dc8d30ab0dff15446e9d346d9dbd95992de0fef795073f5ea83a81c?s=96&d=mm&r=g\",\"caption\":\"La Gu\u00eda de Pamplona\"}}]}<\/script>\n<!-- \/ Yoast SEO plugin. -->","yoast_head_json":{"title":"Los insectos centrar\u00e1n las actividades del D\u00eda Mundial del Medio Ambiente","description":"Ayuntamiento y Museo de Ciencias Universidad de Navarra colaborar\u00e1n el 3 de junio, en actividades de sensibilizaci\u00f3n en la avenida Carlos III","robots":{"index":"index","follow":"follow","max-snippet":"max-snippet:-1","max-image-preview":"max-image-preview:large","max-video-preview":"max-video-preview:-1"},"canonical":"https:\/\/www.laguiadepamplona.com\/actualidad\/los-insectos-centraran-las-actividades-del-dia-mundial-del-medio-ambiente\/","og_locale":"es_ES","og_type":"article","og_title":"Los insectos centrar\u00e1n las actividades del D\u00eda Mundial del Medio Ambiente","og_description":"Ayuntamiento y Museo de Ciencias Universidad de Navarra colaborar\u00e1n el 3 de junio, en actividades de sensibilizaci\u00f3n en la avenida Carlos III","og_url":"https:\/\/www.laguiadepamplona.com\/actualidad\/los-insectos-centraran-las-actividades-del-dia-mundial-del-medio-ambiente\/","og_site_name":"La Gu\u00eda de Pamplona","article_publisher":"https:\/\/www.facebook.com\/laguiadepamplonacom-133175176762273\/?ref=hl","article_published_time":"2023-06-02T11:15:54+00:00","og_image":[{"width":1920,"height":1175,"url":"https:\/\/www.laguiadepamplona.com\/actualidad\/wp-content\/uploads\/2023\/06\/educacion_ambiental_juego_ninos-2_0.webp","type":"image\/webp"}],"author":"La Gu\u00eda de Pamplona","twitter_card":"summary_large_image","twitter_creator":"@LaGuiadPamplona","twitter_site":"@LaGuiadPamplona","twitter_misc":{"Escrito por":"La Gu\u00eda de Pamplona","Tiempo de lectura":"2 minutos"},"schema":{"@context":"https:\/\/schema.org","@graph":[{"@type":"Article","@id":"https:\/\/www.laguiadepamplona.com\/actualidad\/los-insectos-centraran-las-actividades-del-dia-mundial-del-medio-ambiente\/#article","isPartOf":{"@id":"https:\/\/www.laguiadepamplona.com\/actualidad\/los-insectos-centraran-las-actividades-del-dia-mundial-del-medio-ambiente\/"},"author":{"name":"La Gu\u00eda de Pamplona","@id":"https:\/\/www.laguiadepamplona.com\/actualidad\/#\/schema\/person\/efe887376f0213d4657c93adc50b1fdb"},"headline":"Los insectos centrar\u00e1n las actividades del D\u00eda Mundial del Medio Ambiente","datePublished":"2023-06-02T11:15:54+00:00","mainEntityOfPage":{"@id":"https:\/\/www.laguiadepamplona.com\/actualidad\/los-insectos-centraran-las-actividades-del-dia-mundial-del-medio-ambiente\/"},"wordCount":430,"commentCount":0,"publisher":{"@id":"https:\/\/www.laguiadepamplona.com\/actualidad\/#organization"},"image":{"@id":"https:\/\/www.laguiadepamplona.com\/actualidad\/los-insectos-centraran-las-actividades-del-dia-mundial-del-medio-ambiente\/#primaryimage"},"thumbnailUrl":"https:\/\/www.laguiadepamplona.com\/actualidad\/wp-content\/uploads\/2023\/06\/educacion_ambiental_juego_ninos-2_0.webp","articleSection":["Ayto Pamplona"],"inLanguage":"es","potentialAction":[{"@type":"CommentAction","name":"Comment","target":["https:\/\/www.laguiadepamplona.com\/actualidad\/los-insectos-centraran-las-actividades-del-dia-mundial-del-medio-ambiente\/#respond"]}]},{"@type":"WebPage","@id":"https:\/\/www.laguiadepamplona.com\/actualidad\/los-insectos-centraran-las-actividades-del-dia-mundial-del-medio-ambiente\/","url":"https:\/\/www.laguiadepamplona.com\/actualidad\/los-insectos-centraran-las-actividades-del-dia-mundial-del-medio-ambiente\/","name":"Los insectos centrar\u00e1n las actividades del D\u00eda Mundial del Medio Ambiente","isPartOf":{"@id":"https:\/\/www.laguiadepamplona.com\/actualidad\/#website"},"primaryImageOfPage":{"@id":"https:\/\/www.laguiadepamplona.com\/actualidad\/los-insectos-centraran-las-actividades-del-dia-mundial-del-medio-ambiente\/#primaryimage"},"image":{"@id":"https:\/\/www.laguiadepamplona.com\/actualidad\/los-insectos-centraran-las-actividades-del-dia-mundial-del-medio-ambiente\/#primaryimage"},"thumbnailUrl":"https:\/\/www.laguiadepamplona.com\/actualidad\/wp-content\/uploads\/2023\/06\/educacion_ambiental_juego_ninos-2_0.webp","datePublished":"2023-06-02T11:15:54+00:00","description":"Ayuntamiento y Museo de Ciencias Universidad de Navarra colaborar\u00e1n el 3 de junio, en actividades de sensibilizaci\u00f3n en la avenida Carlos III","breadcrumb":{"@id":"https:\/\/www.laguiadepamplona.com\/actualidad\/los-insectos-centraran-las-actividades-del-dia-mundial-del-medio-ambiente\/#breadcrumb"},"inLanguage":"es","potentialAction":[{"@type":"ReadAction","target":["https:\/\/www.laguiadepamplona.com\/actualidad\/los-insectos-centraran-las-actividades-del-dia-mundial-del-medio-ambiente\/"]}]},{"@type":"ImageObject","inLanguage":"es","@id":"https:\/\/www.laguiadepamplona.com\/actualidad\/los-insectos-centraran-las-actividades-del-dia-mundial-del-medio-ambiente\/#primaryimage","url":"https:\/\/www.laguiadepamplona.com\/actualidad\/wp-content\/uploads\/2023\/06\/educacion_ambiental_juego_ninos-2_0.webp","contentUrl":"https:\/\/www.laguiadepamplona.com\/actualidad\/wp-content\/uploads\/2023\/06\/educacion_ambiental_juego_ninos-2_0.webp","width":1920,"height":1175},{"@type":"BreadcrumbList","@id":"https:\/\/www.laguiadepamplona.com\/actualidad\/los-insectos-centraran-las-actividades-del-dia-mundial-del-medio-ambiente\/#breadcrumb","itemListElement":[{"@type":"ListItem","position":1,"name":"Portada","item":"https:\/\/www.laguiadepamplona.com\/actualidad\/"},{"@type":"ListItem","position":2,"name":"Los insectos centrar\u00e1n las actividades del D\u00eda Mundial del Medio Ambiente"}]},{"@type":"WebSite","@id":"https:\/\/www.laguiadepamplona.com\/actualidad\/#website","url":"https:\/\/www.laguiadepamplona.com\/actualidad\/","name":"La gu\u00eda de Pamplona","description":"Noticias de Pamplona","publisher":{"@id":"https:\/\/www.laguiadepamplona.com\/actualidad\/#organization"},"potentialAction":[{"@type":"SearchAction","target":{"@type":"EntryPoint","urlTemplate":"https:\/\/www.laguiadepamplona.com\/actualidad\/?s={search_term_string}"},"query-input":{"@type":"PropertyValueSpecification","valueRequired":true,"valueName":"search_term_string"}}],"inLanguage":"es"},{"@type":"Organization","@id":"https:\/\/www.laguiadepamplona.com\/actualidad\/#organization","name":"La Gu\u00eda de Pamplona \/ Noticias","url":"https:\/\/www.laguiadepamplona.com\/actualidad\/","logo":{"@type":"ImageObject","inLanguage":"es","@id":"https:\/\/www.laguiadepamplona.com\/actualidad\/#\/schema\/logo\/image\/","url":"https:\/\/www.laguiadepamplona.com\/actualidad\/wp-content\/uploads\/2018\/11\/logo-laguiadepamplona18-web1.png","contentUrl":"https:\/\/www.laguiadepamplona.com\/actualidad\/wp-content\/uploads\/2018\/11\/logo-laguiadepamplona18-web1.png","width":600,"height":196,"caption":"La Gu\u00eda de Pamplona \/ Noticias"},"image":{"@id":"https:\/\/www.laguiadepamplona.com\/actualidad\/#\/schema\/logo\/image\/"},"sameAs":["https:\/\/www.facebook.com\/laguiadepamplonacom-133175176762273\/?ref=hl","https:\/\/x.com\/LaGuiadPamplona","https:\/\/www.instagram.com\/la_guia_de_pamplona\/","https:\/\/www.youtube.com\/user\/laguiadepamplona"]},{"@type":"Person","@id":"https:\/\/www.laguiadepamplona.com\/actualidad\/#\/schema\/person\/efe887376f0213d4657c93adc50b1fdb","name":"La Gu\u00eda de Pamplona","image":{"@type":"ImageObject","inLanguage":"es","@id":"https:\/\/secure.gravatar.com\/avatar\/b6992f131dc8d30ab0dff15446e9d346d9dbd95992de0fef795073f5ea83a81c?s=96&d=mm&r=g","url":"https:\/\/secure.gravatar.com\/avatar\/b6992f131dc8d30ab0dff15446e9d346d9dbd95992de0fef795073f5ea83a81c?s=96&d=mm&r=g","contentUrl":"https:\/\/secure.gravatar.com\/avatar\/b6992f131dc8d30ab0dff15446e9d346d9dbd95992de0fef795073f5ea83a81c?s=96&d=mm&r=g","caption":"La Gu\u00eda de Pamplona"}}]}},"post_mailing_queue_ids":[],"_links":{"self":[{"href":"https:\/\/www.laguiadepamplona.com\/actualidad\/wp-json\/wp\/v2\/posts\/46916","targetHints":{"allow":["GET"]}}],"collection":[{"href":"https:\/\/www.laguiadepamplona.com\/actualidad\/wp-json\/wp\/v2\/posts"}],"about":[{"href":"https:\/\/www.laguiadepamplona.com\/actualidad\/wp-json\/wp\/v2\/types\/post"}],"author":[{"embeddable":true,"href":"https:\/\/www.laguiadepamplona.com\/actualidad\/wp-json\/wp\/v2\/users\/1"}],"replies":[{"embeddable":true,"href":"https:\/\/www.laguiadepamplona.com\/actualidad\/wp-json\/wp\/v2\/comments?post=46916"}],"version-history":[{"count":1,"href":"https:\/\/www.laguiadepamplona.com\/actualidad\/wp-json\/wp\/v2\/posts\/46916\/revisions"}],"predecessor-version":[{"id":46918,"href":"https:\/\/www.laguiadepamplona.com\/actualidad\/wp-json\/wp\/v2\/posts\/46916\/revisions\/46918"}],"wp:featuredmedia":[{"embeddable":true,"href":"https:\/\/www.laguiadepamplona.com\/actualidad\/wp-json\/wp\/v2\/media\/46917"}],"wp:attachment":[{"href":"https:\/\/www.laguiadepamplona.com\/actualidad\/wp-json\/wp\/v2\/media?parent=46916"}],"wp:term":[{"taxonomy":"category","embeddable":true,"href":"https:\/\/www.laguiadepamplona.com\/actualidad\/wp-json\/wp\/v2\/categories?post=46916"},{"taxonomy":"post_tag","embeddable":true,"href":"https:\/\/www.laguiadepamplona.com\/actualidad\/wp-json\/wp\/v2\/tags?post=46916"}],"curies":[{"name":"wp","href":"https:\/\/api.w.org\/{rel}","templated":true}]}}