{"id":46913,"date":"2023-06-02T12:50:27","date_gmt":"2023-06-02T10:50:27","guid":{"rendered":"https:\/\/www.laguiadepamplona.com\/actualidad\/?p=46913"},"modified":"2023-06-02T12:50:27","modified_gmt":"2023-06-02T10:50:27","slug":"pamplona-recuerda-el-centenario-de-la-primera-visita-de-ernest-hemingway-a-los-sanfermines","status":"publish","type":"post","link":"https:\/\/www.laguiadepamplona.com\/actualidad\/pamplona-recuerda-el-centenario-de-la-primera-visita-de-ernest-hemingway-a-los-sanfermines\/","title":{"rendered":"Pamplona recuerda el centenario de la primera visita de Ernest Hemingway a los Sanfermines"},"content":{"rendered":"<h3>Mesas redondas, conferencias, documentales, un espect\u00e1culo teatral y talleres de cocina acercar\u00e1n la figura del escritor y la imagen de las fiestas de anta\u00f1o<\/h3>\n<p><!--more--><\/p>\n<p>All\u00e1 por 1923, un joven reportero norteamericano del diario Toronto Star visitaba por primera vez Pamplona. Ernest Hemingway qued\u00f3 fascinado por el ambiente de los Sanfermines. Luego llegaron otras visitas, su libro \u2018The sun also rises (Fiesta)\u2019 y la universalizaci\u00f3n de las fiestas. El Ayuntamiento de Pamplona, a trav\u00e9s de la red Civivox y en colaboraci\u00f3n con la Asociaci\u00f3n Navarra de Escritores\/as, el Ateneo Navarro y la Filmoteca de Navarra, quiere celebrar el centenario de esa visita con un <a href=\"https:\/\/www.pamplonaescultura.es\/programas\/san-fermin-de-cerca-100-anos-de-hemingway-en-pamplona\/\" target=\"_blank\" rel=\"noopener\">ciclo de actividades<\/a>, del 6 al 28 de junio, que incluye conferencias, mesas redondas, teatro, proyecciones cinematogr\u00e1ficas o talleres de cocina.<br \/>\n<script async src=\"\/\/pagead2.googlesyndication.com\/pagead\/js\/adsbygoogle.js\"><\/script><br \/>\n<!-- Noticias La Guia de Pamplona --><br \/>\n<ins class=\"adsbygoogle\"\nstyle=\"display:block\"\ndata-ad-client=\"ca-pub-6943679897239327\"\ndata-ad-slot=\"7048180777\"\ndata-ad-format=\"auto\"><\/ins><br \/>\n<script>\n(adsbygoogle = window.adsbygoogle || []).push({});\n<\/script><\/p>\n<p>Este martes 6 de junio, a las 19 horas, tendr\u00e1 lugar en Condestable la primera mesa redonda sobre este aniversario. \u2018Hemingway en Pamplona: mitos y leyendas\u2019 tratar\u00e1 de descubrirla historia real del escritor en nuestras fiestas. Participar\u00e1n el periodista taurino y escritor Koldo Larrea, el escritor Miguel Izu y el profesor y cr\u00edtico literario Jos\u00e9 Luis Mart\u00edn Nogales. Moderar\u00e1 la sesi\u00f3n la periodista Lola Cabas\u00e9s. Previamente, las participantes en el club de lectura f\u00e1cil \u2018Confabuladas\u2019 de ANFAS y Asociaci\u00f3n Gafas de Escribir ofrecer\u00e1n una lectura adaptada de un fragmento del libro \u2018Fiesta\u2019.<\/p>\n<p>El mi\u00e9rcoles 7 de junio, tambi\u00e9n a las 19 horas en Condestable, el doctor en Historia Juan Jos\u00e9 Martinena evocar\u00e1, a trav\u00e9s de diferentes fotograf\u00edas, la ciudad que fascin\u00f3 a Hemingway en esa primera visita de 1923. \u2018Hemingway: Pamplona y los Sanfermines en 1923\u2019 es el t\u00edtulo de esa conferencia.<\/p>\n<p>Y el lunes 12 de junio, a las 19 horas en Condestable, tendr\u00e1 lugar la mesa redonda en euskera sobre el centenario de Hemingway en Pamplona \u201cErnest gaztea: 100 urte ez dira deus!\u201d En esa \u00e9poca el joven periodista norteamericano no era a\u00fan el anciano de barba blanca estereotipado, ni un escritor de gran prestigio, ni un premio Nobel. Participar\u00e1n en la sesi\u00f3n, moderada por la vocal de Euskera del Ateneo Navarro, In\u00e9s Castiella, el escritor Edorta Jimenez, el poeta Josu Jimenez Maia y el historiador I\u00f1aki Sagarna. Estas tres sesiones tienen la entrada libre, hasta completar el aforo.<br \/>\n<script async src=\"\/\/pagead2.googlesyndication.com\/pagead\/js\/adsbygoogle.js\"><\/script><br \/>\n<!-- Noticias La Guia de Pamplona --><br \/>\n<ins class=\"adsbygoogle\"\nstyle=\"display:block\"\ndata-ad-client=\"ca-pub-6943679897239327\"\ndata-ad-slot=\"7048180777\"\ndata-ad-format=\"auto\"><\/ins><br \/>\n<script>\n(adsbygoogle = window.adsbygoogle || []).push({});\n<\/script><\/p>\n<p><strong>La figura de Hemingway<\/strong><\/p>\n<p>El teatro tambi\u00e9n va a tener su hueco en este ciclo con la representaci\u00f3n de la <a href=\"https:\/\/youtu.be\/w6FSZ8je-g8\" target=\"_blank\" rel=\"noopener\">obra \u2018Hemingway\u2019<\/a> el jueves 15 de junio, a las 19.30 horas, en Civivox Iturrama. El texto adentra al p\u00fablico en el ser humano que hay cuando se deshace el mito, en sus debilidades, en su vulnerabilidad, cuando las heridas de guerras y viajes, el alcohol y los c\u00f3cteles de medicamentos lo han convertido en una sombra de lo que fue. En los \u00faltimos meses de su vida, ingresado en una cl\u00ednica psiqui\u00e1trica y sometido a electroshock para cortar sus impulsos suicidas, Hemingway entablar\u00e1 con su enfermero un di\u00e1logo en el que se mezclan los recuerdos reales con las distorsiones on\u00edricas provocadas por su estado mental.<\/p>\n<p>Como Santiago, su viejo en el mar, consigue finalmente llegar al puerto con su trofeo. Ha pescado el pez m\u00e1s grande, ha redimido su reputaci\u00f3n con \u00e9l, pero ha ido demasiado lejos. Su obra le sobrevive, pero \u00e9l llega tan destrozado como su presa. La obra llega de la mano de Global Servicios Culturales con la autor\u00eda de Maritza N\u00fa\u00f1ez. Est\u00e1 dirigida por Patxi Larrea y cuenta en el reparto con Julio Alonso, \u00cd\u00f1igo Salinero, Virginia Cervera y Manolo Almagro. Las entradas se venden a 3 euros en el tel\u00e9fono 010 \u2013 948 420 100, en los centros de la red Civivox y en la web <a href=\"http:\/\/www.pamplonaescultura.es\" target=\"_blank\" rel=\"noopener\">www.pamplonaescultura.es<\/a>.<br \/>\n<script async src=\"\/\/pagead2.googlesyndication.com\/pagead\/js\/adsbygoogle.js\"><\/script><br \/>\n<!-- Noticias La Guia de Pamplona --><br \/>\n<ins class=\"adsbygoogle\"\nstyle=\"display:block\"\ndata-ad-client=\"ca-pub-6943679897239327\"\ndata-ad-slot=\"7048180777\"\ndata-ad-format=\"auto\"><\/ins><br \/>\n<script>\n(adsbygoogle = window.adsbygoogle || []).push({});\n<\/script><\/p>\n<p><strong>Recetas sanfermineras y documentales<\/strong><\/p>\n<p>Por \u00faltimo, el ciclo incluye dos talleres de cocina con recetas sanfermineras en Civivox Condestable. El jueves 22, de 10 a 12.30 horas, se cocinar\u00e1n guisos y recetas populares elaboradas con productos b\u00e1sicos muy apreciados por la gastronom\u00eda navarra. El martes 27 por la tarde, de 18.30 a 21 horas, se dar\u00e1n pautas para elaborar almuerzos y meriendas t\u00edpicas de Sanfermines para disfrutar con la familia o la cuadrilla. Cada taller tiene un precio de 2 euros y la inscripci\u00f3n se podr\u00e1 realizar en el tel\u00e9fono 010 \u2013 948 420 100, la propia red Civivox o <a href=\"http:\/\/www.pamplonaescultura.es\" target=\"_blank\" rel=\"noopener\">www.pamplonaescultura.es<\/a>. Ambos talleres los impartir\u00e1 F\u00e1tima Dias.<\/p>\n<p>La Filmoteca de Navarra acoger\u00e1 tambi\u00e9n dos documentales para conmemorar esta efem\u00e9ride. Ser\u00e1n el mi\u00e9rcoles 28 de junio, a partir de las 19.30 horas, y cerrar\u00e1n las actividades programadas en este ciclo. \u2018Pamplona en Hemingway\u2019, de Jes\u00fas Yag\u00fce, es un episodio de la serie documental \u2018La v\u00edspera de nuestro tiempo\u2019, producida por TVE. Contiene escenas documentales raramente vistas de Pamplona y los Sanfermines de principios de los a\u00f1os 60 del pasado siglo.<\/p>\n<p>\u2018Fiesta, Hemingway y los vascos\u2019, de Manuel Leguineche, llevar\u00e1 al p\u00fablico a Pamplona, Irati, San Sebasti\u00e1n o Mundaka, escenarios principales de este documental que sigue las pistas de Ernest Hemingway en el Pa\u00eds Vasco y Navarra. Con testimonios de Jeanette Hohberger, Paquito Garay, Gregorio Fuentes, Jos\u00e9 M\u00aa Romera, F\u00e9lix Mara\u00f1a, Fernando Oyarz\u00e1bal y Teodoro Unzain. Presentar\u00e1 la sesi\u00f3n Carlos Bassas, de la Asociaci\u00f3n Navarra de Escritores\/as. El precio de la entrada es de 1 euros. M\u00e1s informaci\u00f3n en <a href=\"http:\/\/www.filmotecanavarra.com\" target=\"_blank\" rel=\"noopener\">www.filmotecanavarra.com<\/a>.<br \/>\n<script async src=\"\/\/pagead2.googlesyndication.com\/pagead\/js\/adsbygoogle.js\"><\/script><br \/>\n<!-- Noticias La Guia de Pamplona --><br \/>\n<ins class=\"adsbygoogle\"\nstyle=\"display:block\"\ndata-ad-client=\"ca-pub-6943679897239327\"\ndata-ad-slot=\"7048180777\"\ndata-ad-format=\"auto\"><\/ins><br \/>\n<script>\n(adsbygoogle = window.adsbygoogle || []).push({});\n<\/script><\/p>\n<p>&nbsp;<\/p>\n<h3>San Ferm\u00edn de cerca. 100 a\u00f1os de Hemingway en Pamplona<\/h3>\n<ul>\n<li><strong>Conferencias y mesas redondas<\/strong>. Civivox Condestable, 19 horas. Entrada libre, hasta completar el aforo\n<ul>\n<li>HEMINGWAY EN PAMPLONA: MITOS Y LEYENDAS. Martes 6 de junio. Koldo Larrea, periodista taurino y escritor; Miguel Izu, escritor; Jos\u00e9 Luis Mart\u00edn Nogales, profesor y cr\u00edtico literario. Modera: Lola Cabas\u00e9s, periodista<\/li>\n<li>HEMINGWAY: PAMPLONA Y LOS SANFERMINES EN 1923. Mi\u00e9rcoles 7 de junio. Juan Jos\u00e9 Martinena, doctor en Historia<\/li>\n<li>ERNEST GAZTEA: 100 URTE EZ DIRA DEUS! Lunes 12 de junio. Edorta Jimenez, escritor; Josu Jimenez Maia, poeta; I\u00f1aki Sagarna, historiador. Modera: In\u00e9s Castiella, vocal de euskera de Ateneo Navarro<\/li>\n<\/ul>\n<\/li>\n<\/ul>\n<p>&nbsp;<\/p>\n<ul>\n<li><strong>Espect\u00e1culo teatral<\/strong>. Civivox Iturrama, Jueves 15 de junio, 19.30 horas. Entrada: 3 euros, previa inscripci\u00f3n en el 010, la red Civivox o <a href=\"http:\/\/www.pamplonaescultura.es\" target=\"_blank\" rel=\"noopener\">pamplonaescultura.es<\/a><\/li>\n<\/ul>\n<ul>\n<li>\u2018HEMINGWAY\u2019. Autor\u00eda: Maritza N\u00fa\u00f1ez. Direcci\u00f3n: Patxi Larrea. Reparto: Julio Alonso, \u00cd\u00f1igo Salinero, Virginia Cervera, Manolo Almagro<\/li>\n<\/ul>\n<ul>\n<li><strong>Talleres de cocina<\/strong>. Civivox Condestable. Entrada: 2 euros, previa inscripci\u00f3n en el 010, la red Civivox o <a href=\"http:\/\/www.pamplonaescultura.es\" target=\"_blank\" rel=\"noopener\">pamplonaescultura.es<\/a>\n<ul>\n<li>RECETAS SANFERMINERAS. Jueves 22 de junio, de 10 a 12.30 horas. 15 plazas. Con F\u00e1tima Dias<\/li>\n<li>ALMUERCICOS Y MERIENDAS PARA LOS SANFERMINES. Martes 27 de junio, de 18.30 a 21 horas. 15 plazas. Con F\u00e1tima Dias<\/li>\n<\/ul>\n<\/li>\n<\/ul>\n<p>&nbsp;<\/p>\n<ul>\n<li><strong>Proyecciones<\/strong>. Filmoteca de Navarra. Viernes 28 de junio, 19.30 horas. Entrada: 1 euro, en <a href=\"http:\/\/www.filmotecanavarra.com\" target=\"_blank\" rel=\"noopener\">filmotecanavarra.com<\/a>\n<ul>\n<li>Documental \u2018PAMPLONA EN HEMINGWAY\u2019, de Jes\u00fas Yag\u00fce y documental \u2018FIESTA, HEMINGWAY Y LOS VASCOS\u2019, de Manuel Leguineche<\/li>\n<\/ul>\n<\/li>\n<\/ul>\n","protected":false},"excerpt":{"rendered":"<p>Mesas redondas, conferencias, documentales, un espect\u00e1culo teatral y talleres de cocina acercar\u00e1n la figura del escritor y la imagen de las fiestas de anta\u00f1o<\/p>\n","protected":false},"author":1,"featured_media":46914,"comment_status":"open","ping_status":"closed","sticky":false,"template":"","format":"standard","meta":{"footnotes":""},"categories":[2],"tags":[],"class_list":["post-46913","post","type-post","status-publish","format-standard","has-post-thumbnail","hentry","category-ayuntamiento-pamplona"],"yoast_head":"<!-- This site is optimized with the Yoast SEO plugin v27.3 - https:\/\/yoast.com\/product\/yoast-seo-wordpress\/ -->\n<title>Pamplona recuerda el centenario de la primera visita de Ernest Hemingway a los Sanfermines<\/title>\n<meta name=\"description\" content=\"Mesas redondas, conferencias, documentales, un espect\u00e1culo teatral y talleres de cocina acercar\u00e1n la figura del escritor y la imagen de las fiestas de anta\u00f1o\" \/>\n<meta name=\"robots\" content=\"index, follow, max-snippet:-1, max-image-preview:large, max-video-preview:-1\" \/>\n<link rel=\"canonical\" href=\"https:\/\/www.laguiadepamplona.com\/actualidad\/pamplona-recuerda-el-centenario-de-la-primera-visita-de-ernest-hemingway-a-los-sanfermines\/\" \/>\n<meta property=\"og:locale\" content=\"es_ES\" \/>\n<meta property=\"og:type\" content=\"article\" \/>\n<meta property=\"og:title\" content=\"Pamplona recuerda el centenario de la primera visita de Ernest Hemingway a los Sanfermines\" \/>\n<meta property=\"og:description\" content=\"Mesas redondas, conferencias, documentales, un espect\u00e1culo teatral y talleres de cocina acercar\u00e1n la figura del escritor y la imagen de las fiestas de anta\u00f1o\" \/>\n<meta property=\"og:url\" content=\"https:\/\/www.laguiadepamplona.com\/actualidad\/pamplona-recuerda-el-centenario-de-la-primera-visita-de-ernest-hemingway-a-los-sanfermines\/\" \/>\n<meta property=\"og:site_name\" content=\"La Gu\u00eda de Pamplona\" \/>\n<meta property=\"article:publisher\" content=\"https:\/\/www.facebook.com\/laguiadepamplonacom-133175176762273\/?ref=hl\" \/>\n<meta property=\"article:published_time\" content=\"2023-06-02T10:50:27+00:00\" \/>\n<meta property=\"og:image\" content=\"https:\/\/www.laguiadepamplona.com\/actualidad\/wp-content\/uploads\/2023\/06\/hemingway.jpg\" \/>\n\t<meta property=\"og:image:width\" content=\"870\" \/>\n\t<meta property=\"og:image:height\" content=\"480\" \/>\n\t<meta property=\"og:image:type\" content=\"image\/jpeg\" \/>\n<meta name=\"author\" content=\"La Gu\u00eda de Pamplona\" \/>\n<meta name=\"twitter:card\" content=\"summary_large_image\" \/>\n<meta name=\"twitter:creator\" content=\"@LaGuiadPamplona\" \/>\n<meta name=\"twitter:site\" content=\"@LaGuiadPamplona\" \/>\n<meta name=\"twitter:label1\" content=\"Escrito por\" \/>\n\t<meta name=\"twitter:data1\" content=\"La Gu\u00eda de Pamplona\" \/>\n\t<meta name=\"twitter:label2\" content=\"Tiempo de lectura\" \/>\n\t<meta name=\"twitter:data2\" content=\"5 minutos\" \/>\n<script type=\"application\/ld+json\" class=\"yoast-schema-graph\">{\"@context\":\"https:\\\/\\\/schema.org\",\"@graph\":[{\"@type\":\"Article\",\"@id\":\"https:\\\/\\\/www.laguiadepamplona.com\\\/actualidad\\\/pamplona-recuerda-el-centenario-de-la-primera-visita-de-ernest-hemingway-a-los-sanfermines\\\/#article\",\"isPartOf\":{\"@id\":\"https:\\\/\\\/www.laguiadepamplona.com\\\/actualidad\\\/pamplona-recuerda-el-centenario-de-la-primera-visita-de-ernest-hemingway-a-los-sanfermines\\\/\"},\"author\":{\"name\":\"La Gu\u00eda de Pamplona\",\"@id\":\"https:\\\/\\\/www.laguiadepamplona.com\\\/actualidad\\\/#\\\/schema\\\/person\\\/efe887376f0213d4657c93adc50b1fdb\"},\"headline\":\"Pamplona recuerda el centenario de la primera visita de Ernest Hemingway a los Sanfermines\",\"datePublished\":\"2023-06-02T10:50:27+00:00\",\"mainEntityOfPage\":{\"@id\":\"https:\\\/\\\/www.laguiadepamplona.com\\\/actualidad\\\/pamplona-recuerda-el-centenario-de-la-primera-visita-de-ernest-hemingway-a-los-sanfermines\\\/\"},\"wordCount\":1134,\"commentCount\":0,\"publisher\":{\"@id\":\"https:\\\/\\\/www.laguiadepamplona.com\\\/actualidad\\\/#organization\"},\"image\":{\"@id\":\"https:\\\/\\\/www.laguiadepamplona.com\\\/actualidad\\\/pamplona-recuerda-el-centenario-de-la-primera-visita-de-ernest-hemingway-a-los-sanfermines\\\/#primaryimage\"},\"thumbnailUrl\":\"https:\\\/\\\/www.laguiadepamplona.com\\\/actualidad\\\/wp-content\\\/uploads\\\/2023\\\/06\\\/hemingway.jpg\",\"articleSection\":[\"Ayto Pamplona\"],\"inLanguage\":\"es\",\"potentialAction\":[{\"@type\":\"CommentAction\",\"name\":\"Comment\",\"target\":[\"https:\\\/\\\/www.laguiadepamplona.com\\\/actualidad\\\/pamplona-recuerda-el-centenario-de-la-primera-visita-de-ernest-hemingway-a-los-sanfermines\\\/#respond\"]}]},{\"@type\":\"WebPage\",\"@id\":\"https:\\\/\\\/www.laguiadepamplona.com\\\/actualidad\\\/pamplona-recuerda-el-centenario-de-la-primera-visita-de-ernest-hemingway-a-los-sanfermines\\\/\",\"url\":\"https:\\\/\\\/www.laguiadepamplona.com\\\/actualidad\\\/pamplona-recuerda-el-centenario-de-la-primera-visita-de-ernest-hemingway-a-los-sanfermines\\\/\",\"name\":\"Pamplona recuerda el centenario de la primera visita de Ernest Hemingway a los Sanfermines\",\"isPartOf\":{\"@id\":\"https:\\\/\\\/www.laguiadepamplona.com\\\/actualidad\\\/#website\"},\"primaryImageOfPage\":{\"@id\":\"https:\\\/\\\/www.laguiadepamplona.com\\\/actualidad\\\/pamplona-recuerda-el-centenario-de-la-primera-visita-de-ernest-hemingway-a-los-sanfermines\\\/#primaryimage\"},\"image\":{\"@id\":\"https:\\\/\\\/www.laguiadepamplona.com\\\/actualidad\\\/pamplona-recuerda-el-centenario-de-la-primera-visita-de-ernest-hemingway-a-los-sanfermines\\\/#primaryimage\"},\"thumbnailUrl\":\"https:\\\/\\\/www.laguiadepamplona.com\\\/actualidad\\\/wp-content\\\/uploads\\\/2023\\\/06\\\/hemingway.jpg\",\"datePublished\":\"2023-06-02T10:50:27+00:00\",\"description\":\"Mesas redondas, conferencias, documentales, un espect\u00e1culo teatral y talleres de cocina acercar\u00e1n la figura del escritor y la imagen de las fiestas de anta\u00f1o\",\"breadcrumb\":{\"@id\":\"https:\\\/\\\/www.laguiadepamplona.com\\\/actualidad\\\/pamplona-recuerda-el-centenario-de-la-primera-visita-de-ernest-hemingway-a-los-sanfermines\\\/#breadcrumb\"},\"inLanguage\":\"es\",\"potentialAction\":[{\"@type\":\"ReadAction\",\"target\":[\"https:\\\/\\\/www.laguiadepamplona.com\\\/actualidad\\\/pamplona-recuerda-el-centenario-de-la-primera-visita-de-ernest-hemingway-a-los-sanfermines\\\/\"]}]},{\"@type\":\"ImageObject\",\"inLanguage\":\"es\",\"@id\":\"https:\\\/\\\/www.laguiadepamplona.com\\\/actualidad\\\/pamplona-recuerda-el-centenario-de-la-primera-visita-de-ernest-hemingway-a-los-sanfermines\\\/#primaryimage\",\"url\":\"https:\\\/\\\/www.laguiadepamplona.com\\\/actualidad\\\/wp-content\\\/uploads\\\/2023\\\/06\\\/hemingway.jpg\",\"contentUrl\":\"https:\\\/\\\/www.laguiadepamplona.com\\\/actualidad\\\/wp-content\\\/uploads\\\/2023\\\/06\\\/hemingway.jpg\",\"width\":870,\"height\":480},{\"@type\":\"BreadcrumbList\",\"@id\":\"https:\\\/\\\/www.laguiadepamplona.com\\\/actualidad\\\/pamplona-recuerda-el-centenario-de-la-primera-visita-de-ernest-hemingway-a-los-sanfermines\\\/#breadcrumb\",\"itemListElement\":[{\"@type\":\"ListItem\",\"position\":1,\"name\":\"Portada\",\"item\":\"https:\\\/\\\/www.laguiadepamplona.com\\\/actualidad\\\/\"},{\"@type\":\"ListItem\",\"position\":2,\"name\":\"Pamplona recuerda el centenario de la primera visita de Ernest Hemingway a los Sanfermines\"}]},{\"@type\":\"WebSite\",\"@id\":\"https:\\\/\\\/www.laguiadepamplona.com\\\/actualidad\\\/#website\",\"url\":\"https:\\\/\\\/www.laguiadepamplona.com\\\/actualidad\\\/\",\"name\":\"La gu\u00eda de Pamplona\",\"description\":\"Noticias de Pamplona\",\"publisher\":{\"@id\":\"https:\\\/\\\/www.laguiadepamplona.com\\\/actualidad\\\/#organization\"},\"potentialAction\":[{\"@type\":\"SearchAction\",\"target\":{\"@type\":\"EntryPoint\",\"urlTemplate\":\"https:\\\/\\\/www.laguiadepamplona.com\\\/actualidad\\\/?s={search_term_string}\"},\"query-input\":{\"@type\":\"PropertyValueSpecification\",\"valueRequired\":true,\"valueName\":\"search_term_string\"}}],\"inLanguage\":\"es\"},{\"@type\":\"Organization\",\"@id\":\"https:\\\/\\\/www.laguiadepamplona.com\\\/actualidad\\\/#organization\",\"name\":\"La Gu\u00eda de Pamplona \\\/ Noticias\",\"url\":\"https:\\\/\\\/www.laguiadepamplona.com\\\/actualidad\\\/\",\"logo\":{\"@type\":\"ImageObject\",\"inLanguage\":\"es\",\"@id\":\"https:\\\/\\\/www.laguiadepamplona.com\\\/actualidad\\\/#\\\/schema\\\/logo\\\/image\\\/\",\"url\":\"https:\\\/\\\/www.laguiadepamplona.com\\\/actualidad\\\/wp-content\\\/uploads\\\/2018\\\/11\\\/logo-laguiadepamplona18-web1.png\",\"contentUrl\":\"https:\\\/\\\/www.laguiadepamplona.com\\\/actualidad\\\/wp-content\\\/uploads\\\/2018\\\/11\\\/logo-laguiadepamplona18-web1.png\",\"width\":600,\"height\":196,\"caption\":\"La Gu\u00eda de Pamplona \\\/ Noticias\"},\"image\":{\"@id\":\"https:\\\/\\\/www.laguiadepamplona.com\\\/actualidad\\\/#\\\/schema\\\/logo\\\/image\\\/\"},\"sameAs\":[\"https:\\\/\\\/www.facebook.com\\\/laguiadepamplonacom-133175176762273\\\/?ref=hl\",\"https:\\\/\\\/x.com\\\/LaGuiadPamplona\",\"https:\\\/\\\/www.instagram.com\\\/la_guia_de_pamplona\\\/\",\"https:\\\/\\\/www.youtube.com\\\/user\\\/laguiadepamplona\"]},{\"@type\":\"Person\",\"@id\":\"https:\\\/\\\/www.laguiadepamplona.com\\\/actualidad\\\/#\\\/schema\\\/person\\\/efe887376f0213d4657c93adc50b1fdb\",\"name\":\"La Gu\u00eda de Pamplona\",\"image\":{\"@type\":\"ImageObject\",\"inLanguage\":\"es\",\"@id\":\"https:\\\/\\\/secure.gravatar.com\\\/avatar\\\/b6992f131dc8d30ab0dff15446e9d346d9dbd95992de0fef795073f5ea83a81c?s=96&d=mm&r=g\",\"url\":\"https:\\\/\\\/secure.gravatar.com\\\/avatar\\\/b6992f131dc8d30ab0dff15446e9d346d9dbd95992de0fef795073f5ea83a81c?s=96&d=mm&r=g\",\"contentUrl\":\"https:\\\/\\\/secure.gravatar.com\\\/avatar\\\/b6992f131dc8d30ab0dff15446e9d346d9dbd95992de0fef795073f5ea83a81c?s=96&d=mm&r=g\",\"caption\":\"La Gu\u00eda de Pamplona\"}}]}<\/script>\n<!-- \/ Yoast SEO plugin. -->","yoast_head_json":{"title":"Pamplona recuerda el centenario de la primera visita de Ernest Hemingway a los Sanfermines","description":"Mesas redondas, conferencias, documentales, un espect\u00e1culo teatral y talleres de cocina acercar\u00e1n la figura del escritor y la imagen de las fiestas de anta\u00f1o","robots":{"index":"index","follow":"follow","max-snippet":"max-snippet:-1","max-image-preview":"max-image-preview:large","max-video-preview":"max-video-preview:-1"},"canonical":"https:\/\/www.laguiadepamplona.com\/actualidad\/pamplona-recuerda-el-centenario-de-la-primera-visita-de-ernest-hemingway-a-los-sanfermines\/","og_locale":"es_ES","og_type":"article","og_title":"Pamplona recuerda el centenario de la primera visita de Ernest Hemingway a los Sanfermines","og_description":"Mesas redondas, conferencias, documentales, un espect\u00e1culo teatral y talleres de cocina acercar\u00e1n la figura del escritor y la imagen de las fiestas de anta\u00f1o","og_url":"https:\/\/www.laguiadepamplona.com\/actualidad\/pamplona-recuerda-el-centenario-de-la-primera-visita-de-ernest-hemingway-a-los-sanfermines\/","og_site_name":"La Gu\u00eda de Pamplona","article_publisher":"https:\/\/www.facebook.com\/laguiadepamplonacom-133175176762273\/?ref=hl","article_published_time":"2023-06-02T10:50:27+00:00","og_image":[{"width":870,"height":480,"url":"https:\/\/www.laguiadepamplona.com\/actualidad\/wp-content\/uploads\/2023\/06\/hemingway.jpg","type":"image\/jpeg"}],"author":"La Gu\u00eda de Pamplona","twitter_card":"summary_large_image","twitter_creator":"@LaGuiadPamplona","twitter_site":"@LaGuiadPamplona","twitter_misc":{"Escrito por":"La Gu\u00eda de Pamplona","Tiempo de lectura":"5 minutos"},"schema":{"@context":"https:\/\/schema.org","@graph":[{"@type":"Article","@id":"https:\/\/www.laguiadepamplona.com\/actualidad\/pamplona-recuerda-el-centenario-de-la-primera-visita-de-ernest-hemingway-a-los-sanfermines\/#article","isPartOf":{"@id":"https:\/\/www.laguiadepamplona.com\/actualidad\/pamplona-recuerda-el-centenario-de-la-primera-visita-de-ernest-hemingway-a-los-sanfermines\/"},"author":{"name":"La Gu\u00eda de Pamplona","@id":"https:\/\/www.laguiadepamplona.com\/actualidad\/#\/schema\/person\/efe887376f0213d4657c93adc50b1fdb"},"headline":"Pamplona recuerda el centenario de la primera visita de Ernest Hemingway a los Sanfermines","datePublished":"2023-06-02T10:50:27+00:00","mainEntityOfPage":{"@id":"https:\/\/www.laguiadepamplona.com\/actualidad\/pamplona-recuerda-el-centenario-de-la-primera-visita-de-ernest-hemingway-a-los-sanfermines\/"},"wordCount":1134,"commentCount":0,"publisher":{"@id":"https:\/\/www.laguiadepamplona.com\/actualidad\/#organization"},"image":{"@id":"https:\/\/www.laguiadepamplona.com\/actualidad\/pamplona-recuerda-el-centenario-de-la-primera-visita-de-ernest-hemingway-a-los-sanfermines\/#primaryimage"},"thumbnailUrl":"https:\/\/www.laguiadepamplona.com\/actualidad\/wp-content\/uploads\/2023\/06\/hemingway.jpg","articleSection":["Ayto Pamplona"],"inLanguage":"es","potentialAction":[{"@type":"CommentAction","name":"Comment","target":["https:\/\/www.laguiadepamplona.com\/actualidad\/pamplona-recuerda-el-centenario-de-la-primera-visita-de-ernest-hemingway-a-los-sanfermines\/#respond"]}]},{"@type":"WebPage","@id":"https:\/\/www.laguiadepamplona.com\/actualidad\/pamplona-recuerda-el-centenario-de-la-primera-visita-de-ernest-hemingway-a-los-sanfermines\/","url":"https:\/\/www.laguiadepamplona.com\/actualidad\/pamplona-recuerda-el-centenario-de-la-primera-visita-de-ernest-hemingway-a-los-sanfermines\/","name":"Pamplona recuerda el centenario de la primera visita de Ernest Hemingway a los Sanfermines","isPartOf":{"@id":"https:\/\/www.laguiadepamplona.com\/actualidad\/#website"},"primaryImageOfPage":{"@id":"https:\/\/www.laguiadepamplona.com\/actualidad\/pamplona-recuerda-el-centenario-de-la-primera-visita-de-ernest-hemingway-a-los-sanfermines\/#primaryimage"},"image":{"@id":"https:\/\/www.laguiadepamplona.com\/actualidad\/pamplona-recuerda-el-centenario-de-la-primera-visita-de-ernest-hemingway-a-los-sanfermines\/#primaryimage"},"thumbnailUrl":"https:\/\/www.laguiadepamplona.com\/actualidad\/wp-content\/uploads\/2023\/06\/hemingway.jpg","datePublished":"2023-06-02T10:50:27+00:00","description":"Mesas redondas, conferencias, documentales, un espect\u00e1culo teatral y talleres de cocina acercar\u00e1n la figura del escritor y la imagen de las fiestas de anta\u00f1o","breadcrumb":{"@id":"https:\/\/www.laguiadepamplona.com\/actualidad\/pamplona-recuerda-el-centenario-de-la-primera-visita-de-ernest-hemingway-a-los-sanfermines\/#breadcrumb"},"inLanguage":"es","potentialAction":[{"@type":"ReadAction","target":["https:\/\/www.laguiadepamplona.com\/actualidad\/pamplona-recuerda-el-centenario-de-la-primera-visita-de-ernest-hemingway-a-los-sanfermines\/"]}]},{"@type":"ImageObject","inLanguage":"es","@id":"https:\/\/www.laguiadepamplona.com\/actualidad\/pamplona-recuerda-el-centenario-de-la-primera-visita-de-ernest-hemingway-a-los-sanfermines\/#primaryimage","url":"https:\/\/www.laguiadepamplona.com\/actualidad\/wp-content\/uploads\/2023\/06\/hemingway.jpg","contentUrl":"https:\/\/www.laguiadepamplona.com\/actualidad\/wp-content\/uploads\/2023\/06\/hemingway.jpg","width":870,"height":480},{"@type":"BreadcrumbList","@id":"https:\/\/www.laguiadepamplona.com\/actualidad\/pamplona-recuerda-el-centenario-de-la-primera-visita-de-ernest-hemingway-a-los-sanfermines\/#breadcrumb","itemListElement":[{"@type":"ListItem","position":1,"name":"Portada","item":"https:\/\/www.laguiadepamplona.com\/actualidad\/"},{"@type":"ListItem","position":2,"name":"Pamplona recuerda el centenario de la primera visita de Ernest Hemingway a los Sanfermines"}]},{"@type":"WebSite","@id":"https:\/\/www.laguiadepamplona.com\/actualidad\/#website","url":"https:\/\/www.laguiadepamplona.com\/actualidad\/","name":"La gu\u00eda de Pamplona","description":"Noticias de Pamplona","publisher":{"@id":"https:\/\/www.laguiadepamplona.com\/actualidad\/#organization"},"potentialAction":[{"@type":"SearchAction","target":{"@type":"EntryPoint","urlTemplate":"https:\/\/www.laguiadepamplona.com\/actualidad\/?s={search_term_string}"},"query-input":{"@type":"PropertyValueSpecification","valueRequired":true,"valueName":"search_term_string"}}],"inLanguage":"es"},{"@type":"Organization","@id":"https:\/\/www.laguiadepamplona.com\/actualidad\/#organization","name":"La Gu\u00eda de Pamplona \/ Noticias","url":"https:\/\/www.laguiadepamplona.com\/actualidad\/","logo":{"@type":"ImageObject","inLanguage":"es","@id":"https:\/\/www.laguiadepamplona.com\/actualidad\/#\/schema\/logo\/image\/","url":"https:\/\/www.laguiadepamplona.com\/actualidad\/wp-content\/uploads\/2018\/11\/logo-laguiadepamplona18-web1.png","contentUrl":"https:\/\/www.laguiadepamplona.com\/actualidad\/wp-content\/uploads\/2018\/11\/logo-laguiadepamplona18-web1.png","width":600,"height":196,"caption":"La Gu\u00eda de Pamplona \/ Noticias"},"image":{"@id":"https:\/\/www.laguiadepamplona.com\/actualidad\/#\/schema\/logo\/image\/"},"sameAs":["https:\/\/www.facebook.com\/laguiadepamplonacom-133175176762273\/?ref=hl","https:\/\/x.com\/LaGuiadPamplona","https:\/\/www.instagram.com\/la_guia_de_pamplona\/","https:\/\/www.youtube.com\/user\/laguiadepamplona"]},{"@type":"Person","@id":"https:\/\/www.laguiadepamplona.com\/actualidad\/#\/schema\/person\/efe887376f0213d4657c93adc50b1fdb","name":"La Gu\u00eda de Pamplona","image":{"@type":"ImageObject","inLanguage":"es","@id":"https:\/\/secure.gravatar.com\/avatar\/b6992f131dc8d30ab0dff15446e9d346d9dbd95992de0fef795073f5ea83a81c?s=96&d=mm&r=g","url":"https:\/\/secure.gravatar.com\/avatar\/b6992f131dc8d30ab0dff15446e9d346d9dbd95992de0fef795073f5ea83a81c?s=96&d=mm&r=g","contentUrl":"https:\/\/secure.gravatar.com\/avatar\/b6992f131dc8d30ab0dff15446e9d346d9dbd95992de0fef795073f5ea83a81c?s=96&d=mm&r=g","caption":"La Gu\u00eda de Pamplona"}}]}},"post_mailing_queue_ids":[],"_links":{"self":[{"href":"https:\/\/www.laguiadepamplona.com\/actualidad\/wp-json\/wp\/v2\/posts\/46913","targetHints":{"allow":["GET"]}}],"collection":[{"href":"https:\/\/www.laguiadepamplona.com\/actualidad\/wp-json\/wp\/v2\/posts"}],"about":[{"href":"https:\/\/www.laguiadepamplona.com\/actualidad\/wp-json\/wp\/v2\/types\/post"}],"author":[{"embeddable":true,"href":"https:\/\/www.laguiadepamplona.com\/actualidad\/wp-json\/wp\/v2\/users\/1"}],"replies":[{"embeddable":true,"href":"https:\/\/www.laguiadepamplona.com\/actualidad\/wp-json\/wp\/v2\/comments?post=46913"}],"version-history":[{"count":1,"href":"https:\/\/www.laguiadepamplona.com\/actualidad\/wp-json\/wp\/v2\/posts\/46913\/revisions"}],"predecessor-version":[{"id":46915,"href":"https:\/\/www.laguiadepamplona.com\/actualidad\/wp-json\/wp\/v2\/posts\/46913\/revisions\/46915"}],"wp:featuredmedia":[{"embeddable":true,"href":"https:\/\/www.laguiadepamplona.com\/actualidad\/wp-json\/wp\/v2\/media\/46914"}],"wp:attachment":[{"href":"https:\/\/www.laguiadepamplona.com\/actualidad\/wp-json\/wp\/v2\/media?parent=46913"}],"wp:term":[{"taxonomy":"category","embeddable":true,"href":"https:\/\/www.laguiadepamplona.com\/actualidad\/wp-json\/wp\/v2\/categories?post=46913"},{"taxonomy":"post_tag","embeddable":true,"href":"https:\/\/www.laguiadepamplona.com\/actualidad\/wp-json\/wp\/v2\/tags?post=46913"}],"curies":[{"name":"wp","href":"https:\/\/api.w.org\/{rel}","templated":true}]}}