{"id":46910,"date":"2023-06-02T12:47:34","date_gmt":"2023-06-02T10:47:34","guid":{"rendered":"https:\/\/www.laguiadepamplona.com\/actualidad\/?p=46910"},"modified":"2023-06-02T12:47:34","modified_gmt":"2023-06-02T10:47:34","slug":"el-jazz-y-las-musicas-del-mundo-volveran-a-ser-protagonistas-en-el-escenario-de-la-plaza-de-la-compania-en-los-proximos-sanfermines","status":"publish","type":"post","link":"https:\/\/www.laguiadepamplona.com\/actualidad\/el-jazz-y-las-musicas-del-mundo-volveran-a-ser-protagonistas-en-el-escenario-de-la-plaza-de-la-compania-en-los-proximos-sanfermines\/","title":{"rendered":"El jazz y las m\u00fasicas del mundo volver\u00e1n a ser protagonistas en el escenario de la plaza de la Compa\u00f1\u00eda en los pr\u00f3ximos Sanfermines \u00a0"},"content":{"rendered":"<h3>Las sesiones de tarde, a las 20 horas, se dedicar\u00e1n a grupos y propuestas locales y, por la noche, a las 23.30 horas, actuar\u00e1n artistas internacionales<\/h3>\n<p><!--more--><\/p>\n<p>La plaza de la Compa\u00f1\u00eda repetir\u00e1 estos pr\u00f3ximos Sanfermines la f\u00f3rmula del pasado a\u00f1o, con siete artistas internacionales que conformar\u00e1n el cartel de m\u00fasicas del mundo y Jazzferm\u00edn en las noches del 7 al 13 de julio, y con ocho propuestas de artistas navarros y navarras para las tardes de fiestas desde el mismo d\u00eda 6 de julio. Los conciertos iniciar\u00e1n la sesi\u00f3n vespertina a las 20 horas y la sesi\u00f3n nocturna a las 23.30 horas.<\/p>\n<p>El director de Cultura e Igualdad, Jorge Urd\u00e1noz, ha presentado esta ma\u00f1ana las programaciones musicales de los escenarios de las plazas del Castillo, Compa\u00f1\u00eda y Fueros. La plaza de la Compa\u00f1\u00eda abrir\u00e1 su escenario el 6 de julio, en el horario excepcional de las 19 horas, asentando la propuesta habitual de m\u00fasica electr\u00f3nica, en esta ocasi\u00f3n con un combo apadrinado por el club Kato\u2019s con Los Lazcoz y Pablo Cotton como DJ residentes y la chilena Fernanda Arrau, que est\u00e1n sobresaliendo dentro del panorama <em>house<\/em> internacional.<br \/>\n<script async src=\"\/\/pagead2.googlesyndication.com\/pagead\/js\/adsbygoogle.js\"><\/script><br \/>\n<!-- Noticias La Guia de Pamplona --><br \/>\n<ins class=\"adsbygoogle\"\nstyle=\"display:block\"\ndata-ad-client=\"ca-pub-6943679897239327\"\ndata-ad-slot=\"7048180777\"\ndata-ad-format=\"auto\"><\/ins><br \/>\n<script>\n(adsbygoogle = window.adsbygoogle || []).push({});\n<\/script><\/p>\n<p>El d\u00eda de San Ferm\u00edn, el 7 de julio, visitar\u00e1 Pamplona una de las mayores personalidades de la escena alternativa de Gran Breta\u00f1a, adem\u00e1s de un influencer, el DJ y locutor de BBC Don Letts. Adem\u00e1s de su faceta musical, Don Letts es responsable de que The Clash giraran hacia la m\u00fasica jamaicana y narrador de toda la escena musical brit\u00e1nica por medio de sus documentales, por los que gan\u00f3 un Grammy en 2003.<\/p>\n<p>La noche del 8 de julio volver\u00e1 a ser escenario para\u00a0una de las\u00a0bandas locales qu\u00e9 m\u00e1s \u00e9xito tienen trabajando las m\u00fasicas del mundo. Skabidean tirar\u00e1 de ska y <em>rocksteady<\/em> ofreciendo un concierto especial en el coraz\u00f3n de su propio barrio. El 9 de julio la plaza de la Compa\u00f1\u00eda dar\u00e1 un giro hacia la nueva cumbia de la mano de la banda chilena Chico Trujillo, que desde 1999 lleva a todos los rincones del mundo su m\u00fasica fusi\u00f3n de cumbia cl\u00e1sica, bolero, m\u00fasica latinoamericana o\u00a0balc\u00e1nica que les ha asegurado un p\u00fablico de todas las generaciones.<br \/>\n<script async src=\"\/\/pagead2.googlesyndication.com\/pagead\/js\/adsbygoogle.js\"><\/script><br \/>\n<!-- Noticias La Guia de Pamplona --><br \/>\n<ins class=\"adsbygoogle\"\nstyle=\"display:block\"\ndata-ad-client=\"ca-pub-6943679897239327\"\ndata-ad-slot=\"7048180777\"\ndata-ad-format=\"auto\"><\/ins><br \/>\n<script>\n(adsbygoogle = window.adsbygoogle || []).push({});\n<\/script><\/p>\n<p><strong>Jazz a partir del 10 de julio<\/strong><\/p>\n<p>Tras las m\u00fasicas del mundo, llegar\u00e1 la cita con Jazzferm\u00edn, en un a\u00f1o con especial atenci\u00f3n al jazz fusi\u00f3n. El 10 de julio actuar\u00e1 en Compa\u00f1\u00eda Sara Dowling, elegida mejor vocalista de los British Jazz Awards 2019. La brit\u00e1nica ha girado por\u00a0prestigiosos clubes y festivales de jazz del Reino Unido;\u00a0Ronnie Scott\u2019s, Buxton International Festival, Swanage Jazz Festival, Isle of Wight Festival, entre otros. El martes 11 de julio ser\u00e1 el turno de Carmen Souza, artista portuguesa con herencia de Cabo Verde, que mezcla el jazz con la m\u00fasica tradicional caboverdiana.\u00a0Su voz recuerda a las grandes del jazz como Ella Fitzgerald, Nina Simone, Billie Holiday, Sarah Vaughan o Carmen McRae.<\/p>\n<p>El mi\u00e9rcoles 12 de julio los conciertos descubrir\u00e1n la vertiente m\u00e1s soul de la m\u00fasica jazz con el estadounidense Robert Finley.\u00a0\u00a0El artista fue una figura en la sombra del blues, hasta que en 2016 volvi\u00f3 con un alb\u00fam aclamad\u00edsimo por la cr\u00edtica especialidad. Hoy d\u00eda, a sus 69 a\u00f1os, cuenta con el apoyo de la cr\u00edtica y de\u00a0Dan\u00a0Auerbach de\u00a0Black Keys que ha producido y editado su \u00faltimo disco. Los conciertos nocturnos en Compa\u00f1\u00eda se cerrar\u00e1n con los japoneses Minyo Crusaders, una big band de 10 miembros que reinterpretan canciones tradicionales de la clase trabajadora\u00a0japonesa en clave jazz y con aires latinos y\u00a0caribe\u00f1os. La banda ya ha causado sensaci\u00f3n en todo el mundo y ha conseguido admiradores como Ry Cooder, que los describi\u00f3 como \u00abla mejor banda que he escuchado en muchos a\u00f1os\u00bb.<br \/>\n<script async src=\"\/\/pagead2.googlesyndication.com\/pagead\/js\/adsbygoogle.js\"><\/script><br \/>\n<!-- Noticias La Guia de Pamplona --><br \/>\n<ins class=\"adsbygoogle\"\nstyle=\"display:block\"\ndata-ad-client=\"ca-pub-6943679897239327\"\ndata-ad-slot=\"7048180777\"\ndata-ad-format=\"auto\"><\/ins><br \/>\n<script>\n(adsbygoogle = window.adsbygoogle || []).push({});\n<\/script><\/p>\n<p><strong>Programaci\u00f3n navarra para las tardes<\/strong><\/p>\n<p>La programaci\u00f3n vespertina se centrar\u00e1, al igual que en a\u00f1os anteriores, en propuestas de artistas navarros y navarras, que presentar\u00e1n proyectos musicales que han lanzado recientemente. Musica electr\u00f3nica, swing, pop alternativo, rock y otros estilos convivir\u00e1n sobre el escenario de la plaza de la Compa\u00f1\u00eda durante las fiestas. Los conciertos y actuaciones comenzar\u00e1n a las 20 horas, con la excepci\u00f3n del d\u00eda 6 y la sesi\u00f3n de m\u00fasica electr\u00f3nica, que tendr\u00e1 lugar a partir de las 19 horas.<\/p>\n<p>El viernes 7 de julio la tarde estar\u00e1 dedicado al fomento del swing, con una colaboraci\u00f3n entre la Asociaci\u00f3n Pamplona Swing y Old School 4t. El s\u00e1bado 8 ser\u00e1 DJ Budin el que ponga sus vinilos en la plaza, con una sesi\u00f3n centrada en m\u00fasicas del mundo. El domingo 9 de julio ser\u00e1 el turno de la banda de pop alternativo en euskera Baobabs Will Destroy de Planet. El lunes 10 de julio el ciclo tornar\u00e1 al jazz con la presentaci\u00f3n de \u2018Inmarcesible\u2019, el nuevo trabajo de Javier Lopez Jaso Quartet.<\/p>\n<p>La tarde del martes 11 de julio estar\u00e1 protagonizada por la banda de rock and roll P\u00e1rrockos. El mi\u00e9rcoles 12 se subir\u00e1 al escenario Raimundo el Canastero, una de las bandas emergentes que m\u00e1s est\u00e1n dando de hablar en Navarra a base de fusi\u00f3n de rumba y m\u00fasica urbana. Presentar\u00e1n su nuevo trabajo \u2018\u00c9chele menos\u2019. Y cerrar\u00e1 las tardes de m\u00fasica local, Olaia Inziarte. Su nuevo \u00e1lbum, \u201cLehenengo lepotikan burua\u201d, combina la sonoridad m\u00e1s tradicional con la m\u00e1s vanguardista y se ha situado entre los mejores trabajos de 2022 para la revista especializada Gaztezulo.<br \/>\n<script async src=\"\/\/pagead2.googlesyndication.com\/pagead\/js\/adsbygoogle.js\"><\/script><br \/>\n<!-- Noticias La Guia de Pamplona --><br \/>\n<ins class=\"adsbygoogle\"\nstyle=\"display:block\"\ndata-ad-client=\"ca-pub-6943679897239327\"\ndata-ad-slot=\"7048180777\"\ndata-ad-format=\"auto\"><\/ins><br \/>\n<script>\n(adsbygoogle = window.adsbygoogle || []).push({});\n<\/script><\/p>\n<p>&nbsp;<\/p>\n<h3>San Ferm\u00edn 2023. Programaci\u00f3n Plaza Compa\u00f1\u00eda<\/h3>\n<p>&nbsp;<\/p>\n<table>\n<tbody>\n<tr>\n<td width=\"64\">&nbsp;<\/td>\n<td width=\"312\"><strong>Sesi\u00f3n de tarde (20 horas)<\/strong><\/td>\n<td width=\"268\"><strong>Sesi\u00f3n de noche (23.30 horas)<\/strong><\/td>\n<\/tr>\n<tr>\n<td width=\"64\"><strong>D\u00eda 6<\/strong><\/td>\n<td colspan=\"2\" width=\"580\">Kato`s presenta: Fernanda Arrau + Los Lazcoz + Pablo Cotton (inicio a las 19 horas) en sesi\u00f3n continua<\/td>\n<\/tr>\n<tr>\n<td width=\"64\"><strong>D\u00eda 7<\/strong><\/td>\n<td width=\"312\">The Old School 4t<\/td>\n<td width=\"268\">Don Letts (DJ Set)<\/td>\n<\/tr>\n<tr>\n<td width=\"64\"><strong>D\u00eda 8<\/strong><\/td>\n<td width=\"312\">Dj Budin<\/td>\n<td width=\"268\">Skabidean<\/td>\n<\/tr>\n<tr>\n<td width=\"64\"><strong>D\u00eda 9<\/strong><\/td>\n<td width=\"312\">Baobabs Will Destroy the Planet<\/td>\n<td width=\"268\">Chico Trujillo<\/td>\n<\/tr>\n<tr>\n<td width=\"64\"><strong>D\u00eda 10<\/strong><\/td>\n<td width=\"312\">Javier Lopez Jaso Quartet<\/td>\n<td width=\"268\">Sara Dowlin Quartet<\/td>\n<\/tr>\n<tr>\n<td width=\"64\"><strong>D\u00eda 11<\/strong><\/td>\n<td width=\"312\">P\u00e1rrockos<\/td>\n<td width=\"268\">Carmen Souza<\/td>\n<\/tr>\n<tr>\n<td width=\"64\"><strong>D\u00eda 12<\/strong><\/td>\n<td width=\"312\">Raimundo El Canastero<\/td>\n<td width=\"268\">Robert Finley<\/td>\n<\/tr>\n<tr>\n<td width=\"64\"><strong>D\u00eda 13<\/strong><\/td>\n<td width=\"312\">Olaia Inziarte<\/td>\n<td width=\"268\">Minyo Crusaders<\/td>\n<\/tr>\n<\/tbody>\n<\/table>\n","protected":false},"excerpt":{"rendered":"<p>Las sesiones de tarde, a las 20 horas, se dedicar\u00e1n a grupos y propuestas locales y, por la noche, a las 23.30 horas, actuar\u00e1n artistas internacionales<\/p>\n","protected":false},"author":1,"featured_media":46911,"comment_status":"open","ping_status":"closed","sticky":false,"template":"","format":"standard","meta":{"footnotes":""},"categories":[2,9406],"tags":[],"class_list":["post-46910","post","type-post","status-publish","format-standard","has-post-thumbnail","hentry","category-ayuntamiento-pamplona","category-san-fermin"],"yoast_head":"<!-- This site is optimized with the Yoast SEO plugin v27.3 - https:\/\/yoast.com\/product\/yoast-seo-wordpress\/ -->\n<title>El jazz y las m\u00fasicas del mundo volver\u00e1n a ser protagonistas en el escenario de la plaza de la Compa\u00f1\u00eda en los pr\u00f3ximos Sanfermines \u00a0<\/title>\n<meta name=\"description\" content=\"Las sesiones de tarde, a las 20 horas, se dedicar\u00e1n a grupos y propuestas locales y, por la noche, a las 23.30 horas, actuar\u00e1n artistas internacionales\" \/>\n<meta name=\"robots\" content=\"index, follow, max-snippet:-1, max-image-preview:large, max-video-preview:-1\" \/>\n<link rel=\"canonical\" href=\"https:\/\/www.laguiadepamplona.com\/actualidad\/el-jazz-y-las-musicas-del-mundo-volveran-a-ser-protagonistas-en-el-escenario-de-la-plaza-de-la-compania-en-los-proximos-sanfermines\/\" \/>\n<meta property=\"og:locale\" content=\"es_ES\" \/>\n<meta property=\"og:type\" content=\"article\" \/>\n<meta property=\"og:title\" content=\"El jazz y las m\u00fasicas del mundo volver\u00e1n a ser protagonistas en el escenario de la plaza de la Compa\u00f1\u00eda en los pr\u00f3ximos Sanfermines \u00a0\" \/>\n<meta property=\"og:description\" content=\"Las sesiones de tarde, a las 20 horas, se dedicar\u00e1n a grupos y propuestas locales y, por la noche, a las 23.30 horas, actuar\u00e1n artistas internacionales\" \/>\n<meta property=\"og:url\" content=\"https:\/\/www.laguiadepamplona.com\/actualidad\/el-jazz-y-las-musicas-del-mundo-volveran-a-ser-protagonistas-en-el-escenario-de-la-plaza-de-la-compania-en-los-proximos-sanfermines\/\" \/>\n<meta property=\"og:site_name\" content=\"La Gu\u00eda de Pamplona\" \/>\n<meta property=\"article:publisher\" content=\"https:\/\/www.facebook.com\/laguiadepamplonacom-133175176762273\/?ref=hl\" \/>\n<meta property=\"article:published_time\" content=\"2023-06-02T10:47:34+00:00\" \/>\n<meta property=\"og:image\" content=\"https:\/\/www.laguiadepamplona.com\/actualidad\/wp-content\/uploads\/2023\/06\/compania12.webp\" \/>\n\t<meta property=\"og:image:width\" content=\"1080\" \/>\n\t<meta property=\"og:image:height\" content=\"1080\" \/>\n\t<meta property=\"og:image:type\" content=\"image\/webp\" \/>\n<meta name=\"author\" content=\"La Gu\u00eda de Pamplona\" \/>\n<meta name=\"twitter:card\" content=\"summary_large_image\" \/>\n<meta name=\"twitter:creator\" content=\"@LaGuiadPamplona\" \/>\n<meta name=\"twitter:site\" content=\"@LaGuiadPamplona\" \/>\n<meta name=\"twitter:label1\" content=\"Escrito por\" \/>\n\t<meta name=\"twitter:data1\" content=\"La Gu\u00eda de Pamplona\" \/>\n\t<meta name=\"twitter:label2\" content=\"Tiempo de lectura\" \/>\n\t<meta name=\"twitter:data2\" content=\"5 minutos\" \/>\n<script type=\"application\/ld+json\" class=\"yoast-schema-graph\">{\"@context\":\"https:\\\/\\\/schema.org\",\"@graph\":[{\"@type\":\"Article\",\"@id\":\"https:\\\/\\\/www.laguiadepamplona.com\\\/actualidad\\\/el-jazz-y-las-musicas-del-mundo-volveran-a-ser-protagonistas-en-el-escenario-de-la-plaza-de-la-compania-en-los-proximos-sanfermines\\\/#article\",\"isPartOf\":{\"@id\":\"https:\\\/\\\/www.laguiadepamplona.com\\\/actualidad\\\/el-jazz-y-las-musicas-del-mundo-volveran-a-ser-protagonistas-en-el-escenario-de-la-plaza-de-la-compania-en-los-proximos-sanfermines\\\/\"},\"author\":{\"name\":\"La Gu\u00eda de Pamplona\",\"@id\":\"https:\\\/\\\/www.laguiadepamplona.com\\\/actualidad\\\/#\\\/schema\\\/person\\\/efe887376f0213d4657c93adc50b1fdb\"},\"headline\":\"El jazz y las m\u00fasicas del mundo volver\u00e1n a ser protagonistas en el escenario de la plaza de la Compa\u00f1\u00eda en los pr\u00f3ximos Sanfermines \u00a0\",\"datePublished\":\"2023-06-02T10:47:34+00:00\",\"mainEntityOfPage\":{\"@id\":\"https:\\\/\\\/www.laguiadepamplona.com\\\/actualidad\\\/el-jazz-y-las-musicas-del-mundo-volveran-a-ser-protagonistas-en-el-escenario-de-la-plaza-de-la-compania-en-los-proximos-sanfermines\\\/\"},\"wordCount\":1065,\"commentCount\":0,\"publisher\":{\"@id\":\"https:\\\/\\\/www.laguiadepamplona.com\\\/actualidad\\\/#organization\"},\"image\":{\"@id\":\"https:\\\/\\\/www.laguiadepamplona.com\\\/actualidad\\\/el-jazz-y-las-musicas-del-mundo-volveran-a-ser-protagonistas-en-el-escenario-de-la-plaza-de-la-compania-en-los-proximos-sanfermines\\\/#primaryimage\"},\"thumbnailUrl\":\"https:\\\/\\\/www.laguiadepamplona.com\\\/actualidad\\\/wp-content\\\/uploads\\\/2023\\\/06\\\/compania12.webp\",\"articleSection\":[\"Ayto Pamplona\",\"San Ferm\u00edn\"],\"inLanguage\":\"es\",\"potentialAction\":[{\"@type\":\"CommentAction\",\"name\":\"Comment\",\"target\":[\"https:\\\/\\\/www.laguiadepamplona.com\\\/actualidad\\\/el-jazz-y-las-musicas-del-mundo-volveran-a-ser-protagonistas-en-el-escenario-de-la-plaza-de-la-compania-en-los-proximos-sanfermines\\\/#respond\"]}]},{\"@type\":\"WebPage\",\"@id\":\"https:\\\/\\\/www.laguiadepamplona.com\\\/actualidad\\\/el-jazz-y-las-musicas-del-mundo-volveran-a-ser-protagonistas-en-el-escenario-de-la-plaza-de-la-compania-en-los-proximos-sanfermines\\\/\",\"url\":\"https:\\\/\\\/www.laguiadepamplona.com\\\/actualidad\\\/el-jazz-y-las-musicas-del-mundo-volveran-a-ser-protagonistas-en-el-escenario-de-la-plaza-de-la-compania-en-los-proximos-sanfermines\\\/\",\"name\":\"El jazz y las m\u00fasicas del mundo volver\u00e1n a ser protagonistas en el escenario de la plaza de la Compa\u00f1\u00eda en los pr\u00f3ximos Sanfermines \u00a0\",\"isPartOf\":{\"@id\":\"https:\\\/\\\/www.laguiadepamplona.com\\\/actualidad\\\/#website\"},\"primaryImageOfPage\":{\"@id\":\"https:\\\/\\\/www.laguiadepamplona.com\\\/actualidad\\\/el-jazz-y-las-musicas-del-mundo-volveran-a-ser-protagonistas-en-el-escenario-de-la-plaza-de-la-compania-en-los-proximos-sanfermines\\\/#primaryimage\"},\"image\":{\"@id\":\"https:\\\/\\\/www.laguiadepamplona.com\\\/actualidad\\\/el-jazz-y-las-musicas-del-mundo-volveran-a-ser-protagonistas-en-el-escenario-de-la-plaza-de-la-compania-en-los-proximos-sanfermines\\\/#primaryimage\"},\"thumbnailUrl\":\"https:\\\/\\\/www.laguiadepamplona.com\\\/actualidad\\\/wp-content\\\/uploads\\\/2023\\\/06\\\/compania12.webp\",\"datePublished\":\"2023-06-02T10:47:34+00:00\",\"description\":\"Las sesiones de tarde, a las 20 horas, se dedicar\u00e1n a grupos y propuestas locales y, por la noche, a las 23.30 horas, actuar\u00e1n artistas internacionales\",\"breadcrumb\":{\"@id\":\"https:\\\/\\\/www.laguiadepamplona.com\\\/actualidad\\\/el-jazz-y-las-musicas-del-mundo-volveran-a-ser-protagonistas-en-el-escenario-de-la-plaza-de-la-compania-en-los-proximos-sanfermines\\\/#breadcrumb\"},\"inLanguage\":\"es\",\"potentialAction\":[{\"@type\":\"ReadAction\",\"target\":[\"https:\\\/\\\/www.laguiadepamplona.com\\\/actualidad\\\/el-jazz-y-las-musicas-del-mundo-volveran-a-ser-protagonistas-en-el-escenario-de-la-plaza-de-la-compania-en-los-proximos-sanfermines\\\/\"]}]},{\"@type\":\"ImageObject\",\"inLanguage\":\"es\",\"@id\":\"https:\\\/\\\/www.laguiadepamplona.com\\\/actualidad\\\/el-jazz-y-las-musicas-del-mundo-volveran-a-ser-protagonistas-en-el-escenario-de-la-plaza-de-la-compania-en-los-proximos-sanfermines\\\/#primaryimage\",\"url\":\"https:\\\/\\\/www.laguiadepamplona.com\\\/actualidad\\\/wp-content\\\/uploads\\\/2023\\\/06\\\/compania12.webp\",\"contentUrl\":\"https:\\\/\\\/www.laguiadepamplona.com\\\/actualidad\\\/wp-content\\\/uploads\\\/2023\\\/06\\\/compania12.webp\",\"width\":1080,\"height\":1080},{\"@type\":\"BreadcrumbList\",\"@id\":\"https:\\\/\\\/www.laguiadepamplona.com\\\/actualidad\\\/el-jazz-y-las-musicas-del-mundo-volveran-a-ser-protagonistas-en-el-escenario-de-la-plaza-de-la-compania-en-los-proximos-sanfermines\\\/#breadcrumb\",\"itemListElement\":[{\"@type\":\"ListItem\",\"position\":1,\"name\":\"Portada\",\"item\":\"https:\\\/\\\/www.laguiadepamplona.com\\\/actualidad\\\/\"},{\"@type\":\"ListItem\",\"position\":2,\"name\":\"El jazz y las m\u00fasicas del mundo volver\u00e1n a ser protagonistas en el escenario de la plaza de la Compa\u00f1\u00eda en los pr\u00f3ximos Sanfermines \u00a0\"}]},{\"@type\":\"WebSite\",\"@id\":\"https:\\\/\\\/www.laguiadepamplona.com\\\/actualidad\\\/#website\",\"url\":\"https:\\\/\\\/www.laguiadepamplona.com\\\/actualidad\\\/\",\"name\":\"La gu\u00eda de Pamplona\",\"description\":\"Noticias de Pamplona\",\"publisher\":{\"@id\":\"https:\\\/\\\/www.laguiadepamplona.com\\\/actualidad\\\/#organization\"},\"potentialAction\":[{\"@type\":\"SearchAction\",\"target\":{\"@type\":\"EntryPoint\",\"urlTemplate\":\"https:\\\/\\\/www.laguiadepamplona.com\\\/actualidad\\\/?s={search_term_string}\"},\"query-input\":{\"@type\":\"PropertyValueSpecification\",\"valueRequired\":true,\"valueName\":\"search_term_string\"}}],\"inLanguage\":\"es\"},{\"@type\":\"Organization\",\"@id\":\"https:\\\/\\\/www.laguiadepamplona.com\\\/actualidad\\\/#organization\",\"name\":\"La Gu\u00eda de Pamplona \\\/ Noticias\",\"url\":\"https:\\\/\\\/www.laguiadepamplona.com\\\/actualidad\\\/\",\"logo\":{\"@type\":\"ImageObject\",\"inLanguage\":\"es\",\"@id\":\"https:\\\/\\\/www.laguiadepamplona.com\\\/actualidad\\\/#\\\/schema\\\/logo\\\/image\\\/\",\"url\":\"https:\\\/\\\/www.laguiadepamplona.com\\\/actualidad\\\/wp-content\\\/uploads\\\/2018\\\/11\\\/logo-laguiadepamplona18-web1.png\",\"contentUrl\":\"https:\\\/\\\/www.laguiadepamplona.com\\\/actualidad\\\/wp-content\\\/uploads\\\/2018\\\/11\\\/logo-laguiadepamplona18-web1.png\",\"width\":600,\"height\":196,\"caption\":\"La Gu\u00eda de Pamplona \\\/ Noticias\"},\"image\":{\"@id\":\"https:\\\/\\\/www.laguiadepamplona.com\\\/actualidad\\\/#\\\/schema\\\/logo\\\/image\\\/\"},\"sameAs\":[\"https:\\\/\\\/www.facebook.com\\\/laguiadepamplonacom-133175176762273\\\/?ref=hl\",\"https:\\\/\\\/x.com\\\/LaGuiadPamplona\",\"https:\\\/\\\/www.instagram.com\\\/la_guia_de_pamplona\\\/\",\"https:\\\/\\\/www.youtube.com\\\/user\\\/laguiadepamplona\"]},{\"@type\":\"Person\",\"@id\":\"https:\\\/\\\/www.laguiadepamplona.com\\\/actualidad\\\/#\\\/schema\\\/person\\\/efe887376f0213d4657c93adc50b1fdb\",\"name\":\"La Gu\u00eda de Pamplona\",\"image\":{\"@type\":\"ImageObject\",\"inLanguage\":\"es\",\"@id\":\"https:\\\/\\\/secure.gravatar.com\\\/avatar\\\/b6992f131dc8d30ab0dff15446e9d346d9dbd95992de0fef795073f5ea83a81c?s=96&d=mm&r=g\",\"url\":\"https:\\\/\\\/secure.gravatar.com\\\/avatar\\\/b6992f131dc8d30ab0dff15446e9d346d9dbd95992de0fef795073f5ea83a81c?s=96&d=mm&r=g\",\"contentUrl\":\"https:\\\/\\\/secure.gravatar.com\\\/avatar\\\/b6992f131dc8d30ab0dff15446e9d346d9dbd95992de0fef795073f5ea83a81c?s=96&d=mm&r=g\",\"caption\":\"La Gu\u00eda de Pamplona\"}}]}<\/script>\n<!-- \/ Yoast SEO plugin. -->","yoast_head_json":{"title":"El jazz y las m\u00fasicas del mundo volver\u00e1n a ser protagonistas en el escenario de la plaza de la Compa\u00f1\u00eda en los pr\u00f3ximos Sanfermines \u00a0","description":"Las sesiones de tarde, a las 20 horas, se dedicar\u00e1n a grupos y propuestas locales y, por la noche, a las 23.30 horas, actuar\u00e1n artistas internacionales","robots":{"index":"index","follow":"follow","max-snippet":"max-snippet:-1","max-image-preview":"max-image-preview:large","max-video-preview":"max-video-preview:-1"},"canonical":"https:\/\/www.laguiadepamplona.com\/actualidad\/el-jazz-y-las-musicas-del-mundo-volveran-a-ser-protagonistas-en-el-escenario-de-la-plaza-de-la-compania-en-los-proximos-sanfermines\/","og_locale":"es_ES","og_type":"article","og_title":"El jazz y las m\u00fasicas del mundo volver\u00e1n a ser protagonistas en el escenario de la plaza de la Compa\u00f1\u00eda en los pr\u00f3ximos Sanfermines \u00a0","og_description":"Las sesiones de tarde, a las 20 horas, se dedicar\u00e1n a grupos y propuestas locales y, por la noche, a las 23.30 horas, actuar\u00e1n artistas internacionales","og_url":"https:\/\/www.laguiadepamplona.com\/actualidad\/el-jazz-y-las-musicas-del-mundo-volveran-a-ser-protagonistas-en-el-escenario-de-la-plaza-de-la-compania-en-los-proximos-sanfermines\/","og_site_name":"La Gu\u00eda de Pamplona","article_publisher":"https:\/\/www.facebook.com\/laguiadepamplonacom-133175176762273\/?ref=hl","article_published_time":"2023-06-02T10:47:34+00:00","og_image":[{"width":1080,"height":1080,"url":"https:\/\/www.laguiadepamplona.com\/actualidad\/wp-content\/uploads\/2023\/06\/compania12.webp","type":"image\/webp"}],"author":"La Gu\u00eda de Pamplona","twitter_card":"summary_large_image","twitter_creator":"@LaGuiadPamplona","twitter_site":"@LaGuiadPamplona","twitter_misc":{"Escrito por":"La Gu\u00eda de Pamplona","Tiempo de lectura":"5 minutos"},"schema":{"@context":"https:\/\/schema.org","@graph":[{"@type":"Article","@id":"https:\/\/www.laguiadepamplona.com\/actualidad\/el-jazz-y-las-musicas-del-mundo-volveran-a-ser-protagonistas-en-el-escenario-de-la-plaza-de-la-compania-en-los-proximos-sanfermines\/#article","isPartOf":{"@id":"https:\/\/www.laguiadepamplona.com\/actualidad\/el-jazz-y-las-musicas-del-mundo-volveran-a-ser-protagonistas-en-el-escenario-de-la-plaza-de-la-compania-en-los-proximos-sanfermines\/"},"author":{"name":"La Gu\u00eda de Pamplona","@id":"https:\/\/www.laguiadepamplona.com\/actualidad\/#\/schema\/person\/efe887376f0213d4657c93adc50b1fdb"},"headline":"El jazz y las m\u00fasicas del mundo volver\u00e1n a ser protagonistas en el escenario de la plaza de la Compa\u00f1\u00eda en los pr\u00f3ximos Sanfermines \u00a0","datePublished":"2023-06-02T10:47:34+00:00","mainEntityOfPage":{"@id":"https:\/\/www.laguiadepamplona.com\/actualidad\/el-jazz-y-las-musicas-del-mundo-volveran-a-ser-protagonistas-en-el-escenario-de-la-plaza-de-la-compania-en-los-proximos-sanfermines\/"},"wordCount":1065,"commentCount":0,"publisher":{"@id":"https:\/\/www.laguiadepamplona.com\/actualidad\/#organization"},"image":{"@id":"https:\/\/www.laguiadepamplona.com\/actualidad\/el-jazz-y-las-musicas-del-mundo-volveran-a-ser-protagonistas-en-el-escenario-de-la-plaza-de-la-compania-en-los-proximos-sanfermines\/#primaryimage"},"thumbnailUrl":"https:\/\/www.laguiadepamplona.com\/actualidad\/wp-content\/uploads\/2023\/06\/compania12.webp","articleSection":["Ayto Pamplona","San Ferm\u00edn"],"inLanguage":"es","potentialAction":[{"@type":"CommentAction","name":"Comment","target":["https:\/\/www.laguiadepamplona.com\/actualidad\/el-jazz-y-las-musicas-del-mundo-volveran-a-ser-protagonistas-en-el-escenario-de-la-plaza-de-la-compania-en-los-proximos-sanfermines\/#respond"]}]},{"@type":"WebPage","@id":"https:\/\/www.laguiadepamplona.com\/actualidad\/el-jazz-y-las-musicas-del-mundo-volveran-a-ser-protagonistas-en-el-escenario-de-la-plaza-de-la-compania-en-los-proximos-sanfermines\/","url":"https:\/\/www.laguiadepamplona.com\/actualidad\/el-jazz-y-las-musicas-del-mundo-volveran-a-ser-protagonistas-en-el-escenario-de-la-plaza-de-la-compania-en-los-proximos-sanfermines\/","name":"El jazz y las m\u00fasicas del mundo volver\u00e1n a ser protagonistas en el escenario de la plaza de la Compa\u00f1\u00eda en los pr\u00f3ximos Sanfermines \u00a0","isPartOf":{"@id":"https:\/\/www.laguiadepamplona.com\/actualidad\/#website"},"primaryImageOfPage":{"@id":"https:\/\/www.laguiadepamplona.com\/actualidad\/el-jazz-y-las-musicas-del-mundo-volveran-a-ser-protagonistas-en-el-escenario-de-la-plaza-de-la-compania-en-los-proximos-sanfermines\/#primaryimage"},"image":{"@id":"https:\/\/www.laguiadepamplona.com\/actualidad\/el-jazz-y-las-musicas-del-mundo-volveran-a-ser-protagonistas-en-el-escenario-de-la-plaza-de-la-compania-en-los-proximos-sanfermines\/#primaryimage"},"thumbnailUrl":"https:\/\/www.laguiadepamplona.com\/actualidad\/wp-content\/uploads\/2023\/06\/compania12.webp","datePublished":"2023-06-02T10:47:34+00:00","description":"Las sesiones de tarde, a las 20 horas, se dedicar\u00e1n a grupos y propuestas locales y, por la noche, a las 23.30 horas, actuar\u00e1n artistas internacionales","breadcrumb":{"@id":"https:\/\/www.laguiadepamplona.com\/actualidad\/el-jazz-y-las-musicas-del-mundo-volveran-a-ser-protagonistas-en-el-escenario-de-la-plaza-de-la-compania-en-los-proximos-sanfermines\/#breadcrumb"},"inLanguage":"es","potentialAction":[{"@type":"ReadAction","target":["https:\/\/www.laguiadepamplona.com\/actualidad\/el-jazz-y-las-musicas-del-mundo-volveran-a-ser-protagonistas-en-el-escenario-de-la-plaza-de-la-compania-en-los-proximos-sanfermines\/"]}]},{"@type":"ImageObject","inLanguage":"es","@id":"https:\/\/www.laguiadepamplona.com\/actualidad\/el-jazz-y-las-musicas-del-mundo-volveran-a-ser-protagonistas-en-el-escenario-de-la-plaza-de-la-compania-en-los-proximos-sanfermines\/#primaryimage","url":"https:\/\/www.laguiadepamplona.com\/actualidad\/wp-content\/uploads\/2023\/06\/compania12.webp","contentUrl":"https:\/\/www.laguiadepamplona.com\/actualidad\/wp-content\/uploads\/2023\/06\/compania12.webp","width":1080,"height":1080},{"@type":"BreadcrumbList","@id":"https:\/\/www.laguiadepamplona.com\/actualidad\/el-jazz-y-las-musicas-del-mundo-volveran-a-ser-protagonistas-en-el-escenario-de-la-plaza-de-la-compania-en-los-proximos-sanfermines\/#breadcrumb","itemListElement":[{"@type":"ListItem","position":1,"name":"Portada","item":"https:\/\/www.laguiadepamplona.com\/actualidad\/"},{"@type":"ListItem","position":2,"name":"El jazz y las m\u00fasicas del mundo volver\u00e1n a ser protagonistas en el escenario de la plaza de la Compa\u00f1\u00eda en los pr\u00f3ximos Sanfermines \u00a0"}]},{"@type":"WebSite","@id":"https:\/\/www.laguiadepamplona.com\/actualidad\/#website","url":"https:\/\/www.laguiadepamplona.com\/actualidad\/","name":"La gu\u00eda de Pamplona","description":"Noticias de Pamplona","publisher":{"@id":"https:\/\/www.laguiadepamplona.com\/actualidad\/#organization"},"potentialAction":[{"@type":"SearchAction","target":{"@type":"EntryPoint","urlTemplate":"https:\/\/www.laguiadepamplona.com\/actualidad\/?s={search_term_string}"},"query-input":{"@type":"PropertyValueSpecification","valueRequired":true,"valueName":"search_term_string"}}],"inLanguage":"es"},{"@type":"Organization","@id":"https:\/\/www.laguiadepamplona.com\/actualidad\/#organization","name":"La Gu\u00eda de Pamplona \/ Noticias","url":"https:\/\/www.laguiadepamplona.com\/actualidad\/","logo":{"@type":"ImageObject","inLanguage":"es","@id":"https:\/\/www.laguiadepamplona.com\/actualidad\/#\/schema\/logo\/image\/","url":"https:\/\/www.laguiadepamplona.com\/actualidad\/wp-content\/uploads\/2018\/11\/logo-laguiadepamplona18-web1.png","contentUrl":"https:\/\/www.laguiadepamplona.com\/actualidad\/wp-content\/uploads\/2018\/11\/logo-laguiadepamplona18-web1.png","width":600,"height":196,"caption":"La Gu\u00eda de Pamplona \/ Noticias"},"image":{"@id":"https:\/\/www.laguiadepamplona.com\/actualidad\/#\/schema\/logo\/image\/"},"sameAs":["https:\/\/www.facebook.com\/laguiadepamplonacom-133175176762273\/?ref=hl","https:\/\/x.com\/LaGuiadPamplona","https:\/\/www.instagram.com\/la_guia_de_pamplona\/","https:\/\/www.youtube.com\/user\/laguiadepamplona"]},{"@type":"Person","@id":"https:\/\/www.laguiadepamplona.com\/actualidad\/#\/schema\/person\/efe887376f0213d4657c93adc50b1fdb","name":"La Gu\u00eda de Pamplona","image":{"@type":"ImageObject","inLanguage":"es","@id":"https:\/\/secure.gravatar.com\/avatar\/b6992f131dc8d30ab0dff15446e9d346d9dbd95992de0fef795073f5ea83a81c?s=96&d=mm&r=g","url":"https:\/\/secure.gravatar.com\/avatar\/b6992f131dc8d30ab0dff15446e9d346d9dbd95992de0fef795073f5ea83a81c?s=96&d=mm&r=g","contentUrl":"https:\/\/secure.gravatar.com\/avatar\/b6992f131dc8d30ab0dff15446e9d346d9dbd95992de0fef795073f5ea83a81c?s=96&d=mm&r=g","caption":"La Gu\u00eda de Pamplona"}}]}},"post_mailing_queue_ids":[],"_links":{"self":[{"href":"https:\/\/www.laguiadepamplona.com\/actualidad\/wp-json\/wp\/v2\/posts\/46910","targetHints":{"allow":["GET"]}}],"collection":[{"href":"https:\/\/www.laguiadepamplona.com\/actualidad\/wp-json\/wp\/v2\/posts"}],"about":[{"href":"https:\/\/www.laguiadepamplona.com\/actualidad\/wp-json\/wp\/v2\/types\/post"}],"author":[{"embeddable":true,"href":"https:\/\/www.laguiadepamplona.com\/actualidad\/wp-json\/wp\/v2\/users\/1"}],"replies":[{"embeddable":true,"href":"https:\/\/www.laguiadepamplona.com\/actualidad\/wp-json\/wp\/v2\/comments?post=46910"}],"version-history":[{"count":1,"href":"https:\/\/www.laguiadepamplona.com\/actualidad\/wp-json\/wp\/v2\/posts\/46910\/revisions"}],"predecessor-version":[{"id":46912,"href":"https:\/\/www.laguiadepamplona.com\/actualidad\/wp-json\/wp\/v2\/posts\/46910\/revisions\/46912"}],"wp:featuredmedia":[{"embeddable":true,"href":"https:\/\/www.laguiadepamplona.com\/actualidad\/wp-json\/wp\/v2\/media\/46911"}],"wp:attachment":[{"href":"https:\/\/www.laguiadepamplona.com\/actualidad\/wp-json\/wp\/v2\/media?parent=46910"}],"wp:term":[{"taxonomy":"category","embeddable":true,"href":"https:\/\/www.laguiadepamplona.com\/actualidad\/wp-json\/wp\/v2\/categories?post=46910"},{"taxonomy":"post_tag","embeddable":true,"href":"https:\/\/www.laguiadepamplona.com\/actualidad\/wp-json\/wp\/v2\/tags?post=46910"}],"curies":[{"name":"wp","href":"https:\/\/api.w.org\/{rel}","templated":true}]}}