{"id":46907,"date":"2023-06-02T12:45:04","date_gmt":"2023-06-02T10:45:04","guid":{"rendered":"https:\/\/www.laguiadepamplona.com\/actualidad\/?p=46907"},"modified":"2023-06-02T12:45:04","modified_gmt":"2023-06-02T10:45:04","slug":"la-musica-de-los-80-y-la-mas-actual-se-fusionan-estos-sanfermines-en-la-plaza-del-castillo-con-artistas-de-la-talla-de-fangoria-ana-torroja-dani-fernandez-y-ana-mena","status":"publish","type":"post","link":"https:\/\/www.laguiadepamplona.com\/actualidad\/la-musica-de-los-80-y-la-mas-actual-se-fusionan-estos-sanfermines-en-la-plaza-del-castillo-con-artistas-de-la-talla-de-fangoria-ana-torroja-dani-fernandez-y-ana-mena\/","title":{"rendered":"La m\u00fasica de los 80 y la m\u00e1s actual se fusionan estos Sanfermines en la Plaza del Castillo con artistas de la talla de Fangoria, Ana Torroja, Dani Fern\u00e1ndez y Ana Mena"},"content":{"rendered":"<h3>En la Plaza de los Fueros se concentrar\u00e1n los conciertos de m\u00fasica electr\u00f3nica, con sesi\u00f3n \u2018Tardeo\u2019 a las 19 y el \u2018Sound Ferm\u00edn\u2019 a las 23.30<\/h3>\n<p><!--more--><\/p>\n<p>Un viaje musical en el tiempo y una inmersi\u00f3n en los ritmos m\u00e1s actuales es lo que propone el Ayuntamiento de Pamplona para estas fiestas de San Ferm\u00edn en el escenario de la Plaza del Castillo. Desde el d\u00eda 6 y hasta el 13, este punto neur\u00e1lgico de la ciudad traer\u00e1 un cartel variado en cuanto a estilos y \u00e9pocas, en el que destacan artistas como Fangoria y Ana Mena, adem\u00e1s de Ana Torroja y Dani Fern\u00e1ndez. El cartel completo, que ha sido presentado hoy en rueda de prensa por el director de Cultura, Jorge Urd\u00e1noz, incluye tambi\u00e9n a L\u00e1grimas de Sangre, La Sra Tomasa, Funzo &amp; Baby Loud, Delaporte, Merina Gris y ETS (En Tol Sarmiento). Todos los conciertos arrancar\u00e1n a las 23.45 horas, tras los fuegos artificiales.<br \/>\n<script async src=\"\/\/pagead2.googlesyndication.com\/pagead\/js\/adsbygoogle.js\"><\/script><br \/>\n<!-- Noticias La Guia de Pamplona --><br \/>\n<ins class=\"adsbygoogle\"\nstyle=\"display:block\"\ndata-ad-client=\"ca-pub-6943679897239327\"\ndata-ad-slot=\"7048180777\"\ndata-ad-format=\"auto\"><\/ins><br \/>\n<script>\n(adsbygoogle = window.adsbygoogle || []).push({});\n<\/script><\/p>\n<p>Con este cartel, el Consistorio quiere que la propuesta musical m\u00e1s importante de las fiestas de San Ferm\u00edn pueda atraer a todos los p\u00fablicos, desde adolescentes y j\u00f3venes con n\u00fameros uno actuales como Ana Mena hasta personas de mediana edad y quienes en la d\u00e9cada de los 80 y 90 ya recorr\u00edan discotecas y salas de conciertos siguiendo a los grandes grupos del momento. Adem\u00e1s, se ha apostado por figuras como Fangoria, que lleva ya m\u00e1s de cuatro d\u00e9cadas sobre el escenario, pero sigue siendo icono musical tambi\u00e9n de los m\u00e1s j\u00f3venes.<\/p>\n<p>En esta misma l\u00ednea, la encargada de abrir las fiestas, el mismo d\u00eda 6, ser\u00e1 Ana Torroja, cantante de Mecano, uno de los grupos m\u00e1s importantes de pop en Espa\u00f1a durante la recta final del siglo XX, con importantes \u00e9xitos en los a\u00f1os 80 y 90. Con esa trayectoria previa, Ana Torroja lanz\u00f3 en 1997 el que ser\u00eda su \u00e1lbum debut en solitario, \u2018Puntos cardinales\u2019. Despu\u00e9s llegaron cinco m\u00e1s. El \u00faltimo, \u2018Mil razones\u2019, editado en 2021 con la colaboraci\u00f3n de importantes DJ\u2019s espa\u00f1oles. Toda esa evoluci\u00f3n musical de m\u00e1s de cuatro d\u00e9cadas la traer\u00e1 a Pamplona en la apertura musical de los Sanfermines.<\/p>\n<p>El viernes, d\u00eda 7, la propuesta musical ser\u00e1 doble. En primer lugar, actuar\u00e1 La Sra Tomasa (a las 0.50 horas), un grupo barcelon\u00e9s que fusiona g\u00e9neros latinos, electr\u00f3nicos y urbanos. Tras ellos subir\u00e1 al escenario L\u00e1grimas de Sangre, tambi\u00e9n conocidos por sus siglas LDS (a las 23.45 horas). El grupo catal\u00e1n, que ya estuvo en las fiestas de San Ferm\u00edn de 2017, vuelve ahora con dos discos de oro y dos de platino, como una de las bandas de referencia\u00a0con su fusi\u00f3n de estilos como el rap, el rock o reggae.<br \/>\n<script async src=\"\/\/pagead2.googlesyndication.com\/pagead\/js\/adsbygoogle.js\"><\/script><br \/>\n<!-- Noticias La Guia de Pamplona --><br \/>\n<ins class=\"adsbygoogle\"\nstyle=\"display:block\"\ndata-ad-client=\"ca-pub-6943679897239327\"\ndata-ad-slot=\"7048180777\"\ndata-ad-format=\"auto\"><\/ins><br \/>\n<script>\n(adsbygoogle = window.adsbygoogle || []).push({});\n<\/script><\/p>\n<p><strong>Fangoria y Dani Fern\u00e1ndez, el fin de semana<\/strong><\/p>\n<p>El \u00fanico s\u00e1bado de San Ferm\u00edn de este a\u00f1o, cuando tradicionalmente la afluencia de personas a la ciudad es mayor, la propuesta musical en la Plaza del Castillo correr\u00e1 a cargo de Fangoria, de la mano de Alaska y Nacho Canut. Es, sin duda, una de las propuestas musicales espa\u00f1olas m\u00e1s reconocibles de los \u00faltimos cuarenta a\u00f1os, con una trayectoria de grandes \u00e9xitos que llegan a la actualidad, desde aquel \u2018A qui\u00e9n le importa\u2019, de 1986 hasta \u2018Espectacular\u2019, de 2016, pasando por \u2018Ni t\u00fa ni nadie\u2019, \u2018Dramas y Comedias\u2019 o \u2018Retorciendo palabras\u2019. Es por ello, y por su amplio p\u00fablico, que se ha programado para este d\u00eda.<\/p>\n<p>El fin de semana se completar\u00e1 con Dani Fern\u00e1ndez, uno de los nombres del momento, que acaparar\u00e1 las miradas el domingo, a partir de las 23.45 horas. Con varios n\u00fameros uno en las radios nacionales y galardones como el Premio Ondas al Fen\u00f3meno Musical del A\u00f1o de 2022, ha recorrido los grandes festivales del pa\u00eds, con sus dos \u00e1lbumes \u2018Incendios y cenizas\u2019 y \u2018Entre las dudas y el azar\u2019. Este segundo entr\u00f3 directamente al n\u00famero uno en las listas de ventas. Fern\u00e1ndez, uno de los integrantes de la banda Auryn, est\u00e1 detr\u00e1s de \u00e9xitos como \u2018Clima Tropical\u2019 y \u2018Dile a los dem\u00e1s\u2019.<br \/>\n<script async src=\"\/\/pagead2.googlesyndication.com\/pagead\/js\/adsbygoogle.js\"><\/script><br \/>\n<!-- Noticias La Guia de Pamplona --><br \/>\n<ins class=\"adsbygoogle\"\nstyle=\"display:block\"\ndata-ad-client=\"ca-pub-6943679897239327\"\ndata-ad-slot=\"7048180777\"\ndata-ad-format=\"auto\"><\/ins><br \/>\n<script>\n(adsbygoogle = window.adsbygoogle || []).push({});\n<\/script><\/p>\n<p>El lunes, d\u00eda 10 ser\u00e1 el turno de Funzo &amp; Baby Loud, que llegan a San Ferm\u00edn tras una gira de presentaci\u00f3n de disco en la que han agotado entradas en la mayor\u00eda de ciudades. Este dueto de cantantes de trap alicantino formado por los hermanos Adri\u00e1n y Juan Carlos Gomis, de 21 y 28 a\u00f1os, triunfa entre los adolescentes desde su debut en 2017. Se dieron a conocer en YouTube a con su videoclip \u2018Sad Wind\u2019. Actualmente algunos de sus videoclips cuentan con varios millones de visualizaciones. Acaban de publicar su primer \u00e1lbum de larga duraci\u00f3n \u2018Inmortales\u2019.<\/p>\n<p>El 11 de julio tomar\u00e1n el relevo Merina Gris (a las 23.45 horas) y Delaporte (a las 0.50 horas), un combo orientado a la m\u00fasica indie m\u00e1s bailable. Arrancar\u00e1 la noche con una de las revelaciones del panorama euskaldun: Merina Gris, que llegan por primera vez a un gran escenario a Pamplona. El tr\u00edo donostiarra public\u00f3 el pasado mes de marzo su disco debut \u2018Zerua Orain\u2019, un \u00e1lbum que incluye referencias de pop y electr\u00f3nica. Tomar\u00e1 el testigo en el escenario Delaporte es, en estos momentos, una de las formaciones con m\u00e1s proyecci\u00f3n del panorama nacional, con presencia en festivales como BBK, Mad Cool o SXSW en Texas, entre muchos otros. Detr\u00e1s del grupo est\u00e1n Sandra Delaporte y Sergio Salvi, con un proyecto de m\u00fasica electr\u00f3nica \u00cdtalo-espa\u00f1ol.<\/p>\n<p>El mi\u00e9rcoles 12 de julio llegar\u00e1n hasta la Plaza del Castillo la banda alavesa ETS (En Tol Sarmiento), una de las bandas m\u00e1s aclamadas de 2023 en cuanto a grupos en euskera con su propuesta de ska-rock, y canciones llenas de positividad.\u00a0El grupo se form\u00f3 en Y\u00e9cora (Rioja Alavesa) en 2005 por tres de los cinco componentes que a d\u00eda de hoy forman el grupo, y con fuertes influencias de grupos como Kaotiko, La Polla R\u00e9cords, Kortatu, Piperrak, Boikot o Reincidentes.<br \/>\n<script async src=\"\/\/pagead2.googlesyndication.com\/pagead\/js\/adsbygoogle.js\"><\/script><br \/>\n<!-- Noticias La Guia de Pamplona --><br \/>\n<ins class=\"adsbygoogle\"\nstyle=\"display:block\"\ndata-ad-client=\"ca-pub-6943679897239327\"\ndata-ad-slot=\"7048180777\"\ndata-ad-format=\"auto\"><\/ins><br \/>\n<script>\n(adsbygoogle = window.adsbygoogle || []).push({});\n<\/script><\/p>\n<p><strong>Ana Mena cerrar\u00e1 el cartel sanferminero<\/strong><\/p>\n<p>El cierre de las propuestas musicales en la Plaza del Castillo para los pr\u00f3ximos Sanfermines correr\u00e1 a cargo de Ana Mena, una de las voces m\u00e1s exitosas\u00a0del pop urbano actual. La malague\u00f1a acumula varios\u00a0hits\u00a0y es una de las artistas m\u00e1s buscadas en plataformas y cantadas por la juventud. Sus temas como \u2018Se iluminaba\u2019 o \u2018A un paso de la luna\u2019 la han encumbrado a los primeros puestos de las listas de \u00e9xitos, desde la publicaci\u00f3n de su \u00e1lbum debut \u2018Index\u2019, en 2019. Desde entonces ha colaborado con varias voces nacionales e internacionales como Reik y Rocco Hun para hacer el remix de \u2018A un paso de la luna\u2019, Macaco en \u2018La Guerra de los Besos\u2019 o Abraham Mateo, en \u2018Quiero decirte\u2019. El pasado mes de marzo lanz\u00f3 su nuevo \u00e1lbum \u2018Bellodrama\u2019. Considerada una de las grandes promesas del pop urbano espa\u00f1ol, Ana Mena pondr\u00e1 el toque fresco, joven y festivo para despedir los Sanfermines.<\/p>\n<p><strong>\u2018Sound Ferm\u00edn\u2019, m\u00fasica DJ\u2019s en la Plaza de los Fueros<\/strong><\/p>\n<p>En esta ocasi\u00f3n, la propuesta de m\u00fasica de baile, que el a\u00f1o pasado se celebr\u00f3 en la Plaza del Castillo, vuele a la Plaza de los Fueros, con dos sesiones desde el d\u00eda 6 hasta el 14 de julio. La primera, la sesi\u00f3n \u2018Tardeo\u2019, comenzar\u00e1 todos los d\u00edas a las 19 horas. La segunda, bautizada como \u2018Sound Ferm\u00edn\u2019, ser\u00e1 despu\u00e9s de los fuegos artificiales, a partir de las 23.30 horas, todos los d\u00edas salvo el 14, que \u00fanicamente habr\u00e1 sesi\u00f3n de tarde.<\/p>\n<p>Tras el \u00e9xito de p\u00fablico de la pasada edici\u00f3n, las sesiones de Sound Ferm\u00edn cuentan de nuevo con la participaci\u00f3n de DJs de \u00e1mbito nacional de Cadena 100, Los 40 principales, Europa FM y Euskadi Gaztea. El 6 de julio inaugura las sesiones Jos\u00e9 Manuel Duro, con Los 40 Dance Sessions; el 7 de julio ser\u00e1 el turno de la fiesta de Europa FM, \u2018Cuerpos especiales\u2019, con Javi S\u00e1nchez. Cadena 100 ha preparado su \u2018fiestazo megastar\u2019 con Sergio Bl\u00e1zquez el 9 de julio y, por \u00faltimo, el d\u00eda 12, Gaztea traer\u00e1 a su DJ Oihan Vega.<br \/>\n<script async src=\"\/\/pagead2.googlesyndication.com\/pagead\/js\/adsbygoogle.js\"><\/script><br \/>\n<!-- Noticias La Guia de Pamplona --><br \/>\n<ins class=\"adsbygoogle\"\nstyle=\"display:block\"\ndata-ad-client=\"ca-pub-6943679897239327\"\ndata-ad-slot=\"7048180777\"\ndata-ad-format=\"auto\"><\/ins><br \/>\n<script>\n(adsbygoogle = window.adsbygoogle || []).push({});\n<\/script><\/p>\n<p>El resto del cartel del \u2018Sound Ferm\u00edn\u2019 se completa con artistas como Alex Martini, DJ y productor musical espa\u00f1ol conocido por sus \u00e9xitos como \u2018Dime Bbsita\u2019, que ha acumulado m\u00e1s de 37 millones de reproducciones en Spotify. Martini actuar\u00e1 el lunes 10. Antes lo har\u00e1n Los Gallopez, el s\u00e1bado 8 de julio. Este d\u00fao riojano revoluciona las pistas de baile mezclando su m\u00fasica ochentera con los mejores hits del momento. Por su parte, Tay de Leon actuar\u00e1 el martes 11, trayendo a Pamplona las variantes de la m\u00fasica urbana donde ha colaborado con artistas nacionales como Omar Montes para la revista TagMag y ha abierto shows para reconocidos artistas internacionales como Lil Pump, Myke Towers, Marc Anthony o Camilo.<\/p>\n<p>El \u00faltimo pase de \u2018Sound Ferm\u00edn\u2019, el jueves 13, llega de la mano de Henry Mendez y Carmen Delafuente. El showman internacional Henry Mendez, demandado en las mejores discotecas, cuenta con m\u00e1s de un mill\u00f3n de reproducciones mensuales en plataformas como Spotify, YouTube o Amazon Music, donde se escuchan temas como \u2018El Tibur\u00f3n\u2019, \u2018Rayos de Sol\u2019 o \u2018Mi Reina. La joven promesa de la m\u00fasica comercial Carmen Delafuente, Dj oficial de Tiktok y residente en Ushuaia (Ibiza), har\u00e1 bailar al p\u00fablico con sus mashups.<\/p>\n<p>Las sesiones vespertinas de Tardeo en la Plaza de los Fueros se inician, el 6 de julio a las siete, con C\u00e9sar Gallard, quien mezcla rock, pop, indie y m\u00fasica club. Le seguir\u00e1 el viernes 7 DJ Isis y el s\u00e1bado 8, Javitron y DJ ESS, que celebran la fiesta \u2018Me liaron los 90\u2019s\u2019. El domingo The djs llega desde Valencia, abriendo paso el lunes a David G. El martes es el turno de Sergio Moya, seguido el mi\u00e9rcoles por Javi Varez DJ y el jueves por Two House DJS, desde Calahorra. El cierre lo pone el viernes 14 Diego Ares.<br \/>\n<script async src=\"\/\/pagead2.googlesyndication.com\/pagead\/js\/adsbygoogle.js\"><\/script><br \/>\n<!-- Noticias La Guia de Pamplona --><br \/>\n<ins class=\"adsbygoogle\"\nstyle=\"display:block\"\ndata-ad-client=\"ca-pub-6943679897239327\"\ndata-ad-slot=\"7048180777\"\ndata-ad-format=\"auto\"><\/ins><br \/>\n<script>\n(adsbygoogle = window.adsbygoogle || []).push({});\n<\/script><\/p>\n<p>&nbsp;<\/p>\n<h3>Conciertos San Ferm\u00edn Plaza del Castillo<\/h3>\n<ul>\n<li>Jueves, d\u00eda 6\n<ul>\n<li>23:45 Ana Torroja<\/li>\n<\/ul>\n<\/li>\n<li>Viernes, d\u00eda 7\n<ul>\n<li>23:45 La Sra. Tomasa<\/li>\n<li>0:50 L\u00e1grimas de Sangre<\/li>\n<\/ul>\n<\/li>\n<li>S\u00e1bado, d\u00eda 8\n<ul>\n<li>23:45 Fangoria<\/li>\n<\/ul>\n<\/li>\n<li>Domingo, d\u00eda 9\n<ul>\n<li>23:45 Dani Fern\u00e1ndez<\/li>\n<\/ul>\n<\/li>\n<li>Lunes, d\u00eda 10\n<ul>\n<li>23:45 Funzo &amp; Baby Loud<\/li>\n<\/ul>\n<\/li>\n<li>Martes, d\u00eda 11\n<ul>\n<li>23:45 Merina Gris<\/li>\n<li>0:50 Delaporte<\/li>\n<\/ul>\n<\/li>\n<li>Mi\u00e9rcoles, d\u00eda 12\n<ul>\n<li>23:45 ETS (En Tol Sarmiento)<\/li>\n<\/ul>\n<\/li>\n<li>Jueves, d\u00eda 13\n<ul>\n<li>23:45 Ana Mena<\/li>\n<\/ul>\n<\/li>\n<\/ul>\n<p>&nbsp;<\/p>\n<h3>DJ\u2019s San Ferm\u00edn Plaza de los Fueros<\/h3>\n<ul>\n<li>Jueves, d\u00eda 6\n<ul>\n<li>Tardeo: C\u00e9sar Gallard<\/li>\n<li>Sound Ferm\u00edn: Los 40 Dance Sessions. Jos\u00e9 Manuel Duro<\/li>\n<\/ul>\n<\/li>\n<li>Viernes, d\u00eda 7\n<ul>\n<li>Tardeo: Dj Isi<\/li>\n<li>Sound Ferm\u00edn: Fiesta Europa FM. \u2018Cuerpos Especiales\u2019 Con Javi S\u00e1nchez<\/li>\n<\/ul>\n<\/li>\n<li>S\u00e1bado, d\u00eda 8\n<ul>\n<li>Tardeo: Fiesta \u2018Me liaron los 90\u2019s\u2019, con Javitron y DJ ESS<\/li>\n<li>Sound Ferm\u00edn: Los Gallopez<\/li>\n<\/ul>\n<\/li>\n<li>Domingo, d\u00eda 9\n<ul>\n<li>Tardeo: The djs<\/li>\n<li>Sound Ferm\u00edn: Cadena 100. Fiestazo megastar con Sergio Bl\u00e1zquez<\/li>\n<\/ul>\n<\/li>\n<li>Lunes, d\u00eda 10\n<ul>\n<li>Tardeo: David G<\/li>\n<li>Sound Ferm\u00edn: Alex Martini<\/li>\n<\/ul>\n<\/li>\n<li>Martes, d\u00eda 11\n<ul>\n<li>Tardeo: Sergio Moya<\/li>\n<li>Sound Ferm\u00edn: Tay de Leon<\/li>\n<\/ul>\n<\/li>\n<li>Mi\u00e9rcoles, d\u00eda 12\n<ul>\n<li>Tardeo: Javi Varez Dj<\/li>\n<li>Sound Ferm\u00edn: Gaztea. Oihan Vega<\/li>\n<\/ul>\n<\/li>\n<li>Jueves, d\u00eda 13\n<ul>\n<li>Tardeo: Two House DJS<\/li>\n<li>Sound Ferm\u00edn: Henry Mendez + Carmen Delafuente<\/li>\n<\/ul>\n<\/li>\n<li>Viernes, d\u00eda 14\n<ul>\n<li>Tardeo: Diego Ares<\/li>\n<\/ul>\n<\/li>\n<\/ul>\n","protected":false},"excerpt":{"rendered":"<p>En la Plaza de los Fueros se concentrar\u00e1n los conciertos de m\u00fasica electr\u00f3nica, con sesi\u00f3n \u2018Tardeo\u2019 a las 19 y el \u2018Sound Ferm\u00edn\u2019 a las 23.30<\/p>\n","protected":false},"author":1,"featured_media":46908,"comment_status":"open","ping_status":"closed","sticky":false,"template":"","format":"standard","meta":{"footnotes":""},"categories":[2,9406],"tags":[],"class_list":["post-46907","post","type-post","status-publish","format-standard","has-post-thumbnail","hentry","category-ayuntamiento-pamplona","category-san-fermin"],"yoast_head":"<!-- This site is optimized with the Yoast SEO plugin v27.3 - https:\/\/yoast.com\/product\/yoast-seo-wordpress\/ -->\n<title>La m\u00fasica de los 80 y la m\u00e1s actual se fusionan estos Sanfermines en la Plaza del Castillo con artistas de la talla de Fangoria, Ana Torroja, Dani Fern\u00e1ndez y Ana Mena<\/title>\n<meta name=\"description\" content=\"En la Plaza de los Fueros se concentrar\u00e1n los conciertos de m\u00fasica electr\u00f3nica, con sesi\u00f3n \u2018Tardeo\u2019 a las 19 y el \u2018Sound Ferm\u00edn\u2019 a las 23.30\" \/>\n<meta name=\"robots\" content=\"index, follow, max-snippet:-1, max-image-preview:large, max-video-preview:-1\" \/>\n<link rel=\"canonical\" href=\"https:\/\/www.laguiadepamplona.com\/actualidad\/la-musica-de-los-80-y-la-mas-actual-se-fusionan-estos-sanfermines-en-la-plaza-del-castillo-con-artistas-de-la-talla-de-fangoria-ana-torroja-dani-fernandez-y-ana-mena\/\" \/>\n<meta property=\"og:locale\" content=\"es_ES\" \/>\n<meta property=\"og:type\" content=\"article\" \/>\n<meta property=\"og:title\" content=\"La m\u00fasica de los 80 y la m\u00e1s actual se fusionan estos Sanfermines en la Plaza del Castillo con artistas de la talla de Fangoria, Ana Torroja, Dani Fern\u00e1ndez y Ana Mena\" \/>\n<meta property=\"og:description\" content=\"En la Plaza de los Fueros se concentrar\u00e1n los conciertos de m\u00fasica electr\u00f3nica, con sesi\u00f3n \u2018Tardeo\u2019 a las 19 y el \u2018Sound Ferm\u00edn\u2019 a las 23.30\" \/>\n<meta property=\"og:url\" content=\"https:\/\/www.laguiadepamplona.com\/actualidad\/la-musica-de-los-80-y-la-mas-actual-se-fusionan-estos-sanfermines-en-la-plaza-del-castillo-con-artistas-de-la-talla-de-fangoria-ana-torroja-dani-fernandez-y-ana-mena\/\" \/>\n<meta property=\"og:site_name\" content=\"La Gu\u00eda de Pamplona\" \/>\n<meta property=\"article:publisher\" content=\"https:\/\/www.facebook.com\/laguiadepamplonacom-133175176762273\/?ref=hl\" \/>\n<meta property=\"article:published_time\" content=\"2023-06-02T10:45:04+00:00\" \/>\n<meta property=\"og:image\" content=\"https:\/\/www.laguiadepamplona.com\/actualidad\/wp-content\/uploads\/2023\/06\/Programacion_post.webp\" \/>\n\t<meta property=\"og:image:width\" content=\"1080\" \/>\n\t<meta property=\"og:image:height\" content=\"1080\" \/>\n\t<meta property=\"og:image:type\" content=\"image\/webp\" \/>\n<meta name=\"author\" content=\"La Gu\u00eda de Pamplona\" \/>\n<meta name=\"twitter:card\" content=\"summary_large_image\" \/>\n<meta name=\"twitter:creator\" content=\"@LaGuiadPamplona\" \/>\n<meta name=\"twitter:site\" content=\"@LaGuiadPamplona\" \/>\n<meta name=\"twitter:label1\" content=\"Escrito por\" \/>\n\t<meta name=\"twitter:data1\" content=\"La Gu\u00eda de Pamplona\" \/>\n\t<meta name=\"twitter:label2\" content=\"Tiempo de lectura\" \/>\n\t<meta name=\"twitter:data2\" content=\"9 minutos\" \/>\n<script type=\"application\/ld+json\" class=\"yoast-schema-graph\">{\"@context\":\"https:\\\/\\\/schema.org\",\"@graph\":[{\"@type\":\"Article\",\"@id\":\"https:\\\/\\\/www.laguiadepamplona.com\\\/actualidad\\\/la-musica-de-los-80-y-la-mas-actual-se-fusionan-estos-sanfermines-en-la-plaza-del-castillo-con-artistas-de-la-talla-de-fangoria-ana-torroja-dani-fernandez-y-ana-mena\\\/#article\",\"isPartOf\":{\"@id\":\"https:\\\/\\\/www.laguiadepamplona.com\\\/actualidad\\\/la-musica-de-los-80-y-la-mas-actual-se-fusionan-estos-sanfermines-en-la-plaza-del-castillo-con-artistas-de-la-talla-de-fangoria-ana-torroja-dani-fernandez-y-ana-mena\\\/\"},\"author\":{\"name\":\"La Gu\u00eda de Pamplona\",\"@id\":\"https:\\\/\\\/www.laguiadepamplona.com\\\/actualidad\\\/#\\\/schema\\\/person\\\/efe887376f0213d4657c93adc50b1fdb\"},\"headline\":\"La m\u00fasica de los 80 y la m\u00e1s actual se fusionan estos Sanfermines en la Plaza del Castillo con artistas de la talla de Fangoria, Ana Torroja, Dani Fern\u00e1ndez y Ana Mena\",\"datePublished\":\"2023-06-02T10:45:04+00:00\",\"mainEntityOfPage\":{\"@id\":\"https:\\\/\\\/www.laguiadepamplona.com\\\/actualidad\\\/la-musica-de-los-80-y-la-mas-actual-se-fusionan-estos-sanfermines-en-la-plaza-del-castillo-con-artistas-de-la-talla-de-fangoria-ana-torroja-dani-fernandez-y-ana-mena\\\/\"},\"wordCount\":1939,\"commentCount\":0,\"publisher\":{\"@id\":\"https:\\\/\\\/www.laguiadepamplona.com\\\/actualidad\\\/#organization\"},\"image\":{\"@id\":\"https:\\\/\\\/www.laguiadepamplona.com\\\/actualidad\\\/la-musica-de-los-80-y-la-mas-actual-se-fusionan-estos-sanfermines-en-la-plaza-del-castillo-con-artistas-de-la-talla-de-fangoria-ana-torroja-dani-fernandez-y-ana-mena\\\/#primaryimage\"},\"thumbnailUrl\":\"https:\\\/\\\/www.laguiadepamplona.com\\\/actualidad\\\/wp-content\\\/uploads\\\/2023\\\/06\\\/Programacion_post.webp\",\"articleSection\":[\"Ayto Pamplona\",\"San Ferm\u00edn\"],\"inLanguage\":\"es\",\"potentialAction\":[{\"@type\":\"CommentAction\",\"name\":\"Comment\",\"target\":[\"https:\\\/\\\/www.laguiadepamplona.com\\\/actualidad\\\/la-musica-de-los-80-y-la-mas-actual-se-fusionan-estos-sanfermines-en-la-plaza-del-castillo-con-artistas-de-la-talla-de-fangoria-ana-torroja-dani-fernandez-y-ana-mena\\\/#respond\"]}]},{\"@type\":\"WebPage\",\"@id\":\"https:\\\/\\\/www.laguiadepamplona.com\\\/actualidad\\\/la-musica-de-los-80-y-la-mas-actual-se-fusionan-estos-sanfermines-en-la-plaza-del-castillo-con-artistas-de-la-talla-de-fangoria-ana-torroja-dani-fernandez-y-ana-mena\\\/\",\"url\":\"https:\\\/\\\/www.laguiadepamplona.com\\\/actualidad\\\/la-musica-de-los-80-y-la-mas-actual-se-fusionan-estos-sanfermines-en-la-plaza-del-castillo-con-artistas-de-la-talla-de-fangoria-ana-torroja-dani-fernandez-y-ana-mena\\\/\",\"name\":\"La m\u00fasica de los 80 y la m\u00e1s actual se fusionan estos Sanfermines en la Plaza del Castillo con artistas de la talla de Fangoria, Ana Torroja, Dani Fern\u00e1ndez y Ana Mena\",\"isPartOf\":{\"@id\":\"https:\\\/\\\/www.laguiadepamplona.com\\\/actualidad\\\/#website\"},\"primaryImageOfPage\":{\"@id\":\"https:\\\/\\\/www.laguiadepamplona.com\\\/actualidad\\\/la-musica-de-los-80-y-la-mas-actual-se-fusionan-estos-sanfermines-en-la-plaza-del-castillo-con-artistas-de-la-talla-de-fangoria-ana-torroja-dani-fernandez-y-ana-mena\\\/#primaryimage\"},\"image\":{\"@id\":\"https:\\\/\\\/www.laguiadepamplona.com\\\/actualidad\\\/la-musica-de-los-80-y-la-mas-actual-se-fusionan-estos-sanfermines-en-la-plaza-del-castillo-con-artistas-de-la-talla-de-fangoria-ana-torroja-dani-fernandez-y-ana-mena\\\/#primaryimage\"},\"thumbnailUrl\":\"https:\\\/\\\/www.laguiadepamplona.com\\\/actualidad\\\/wp-content\\\/uploads\\\/2023\\\/06\\\/Programacion_post.webp\",\"datePublished\":\"2023-06-02T10:45:04+00:00\",\"description\":\"En la Plaza de los Fueros se concentrar\u00e1n los conciertos de m\u00fasica electr\u00f3nica, con sesi\u00f3n \u2018Tardeo\u2019 a las 19 y el \u2018Sound Ferm\u00edn\u2019 a las 23.30\",\"breadcrumb\":{\"@id\":\"https:\\\/\\\/www.laguiadepamplona.com\\\/actualidad\\\/la-musica-de-los-80-y-la-mas-actual-se-fusionan-estos-sanfermines-en-la-plaza-del-castillo-con-artistas-de-la-talla-de-fangoria-ana-torroja-dani-fernandez-y-ana-mena\\\/#breadcrumb\"},\"inLanguage\":\"es\",\"potentialAction\":[{\"@type\":\"ReadAction\",\"target\":[\"https:\\\/\\\/www.laguiadepamplona.com\\\/actualidad\\\/la-musica-de-los-80-y-la-mas-actual-se-fusionan-estos-sanfermines-en-la-plaza-del-castillo-con-artistas-de-la-talla-de-fangoria-ana-torroja-dani-fernandez-y-ana-mena\\\/\"]}]},{\"@type\":\"ImageObject\",\"inLanguage\":\"es\",\"@id\":\"https:\\\/\\\/www.laguiadepamplona.com\\\/actualidad\\\/la-musica-de-los-80-y-la-mas-actual-se-fusionan-estos-sanfermines-en-la-plaza-del-castillo-con-artistas-de-la-talla-de-fangoria-ana-torroja-dani-fernandez-y-ana-mena\\\/#primaryimage\",\"url\":\"https:\\\/\\\/www.laguiadepamplona.com\\\/actualidad\\\/wp-content\\\/uploads\\\/2023\\\/06\\\/Programacion_post.webp\",\"contentUrl\":\"https:\\\/\\\/www.laguiadepamplona.com\\\/actualidad\\\/wp-content\\\/uploads\\\/2023\\\/06\\\/Programacion_post.webp\",\"width\":1080,\"height\":1080},{\"@type\":\"BreadcrumbList\",\"@id\":\"https:\\\/\\\/www.laguiadepamplona.com\\\/actualidad\\\/la-musica-de-los-80-y-la-mas-actual-se-fusionan-estos-sanfermines-en-la-plaza-del-castillo-con-artistas-de-la-talla-de-fangoria-ana-torroja-dani-fernandez-y-ana-mena\\\/#breadcrumb\",\"itemListElement\":[{\"@type\":\"ListItem\",\"position\":1,\"name\":\"Portada\",\"item\":\"https:\\\/\\\/www.laguiadepamplona.com\\\/actualidad\\\/\"},{\"@type\":\"ListItem\",\"position\":2,\"name\":\"La m\u00fasica de los 80 y la m\u00e1s actual se fusionan estos Sanfermines en la Plaza del Castillo con artistas de la talla de Fangoria, Ana Torroja, Dani Fern\u00e1ndez y Ana Mena\"}]},{\"@type\":\"WebSite\",\"@id\":\"https:\\\/\\\/www.laguiadepamplona.com\\\/actualidad\\\/#website\",\"url\":\"https:\\\/\\\/www.laguiadepamplona.com\\\/actualidad\\\/\",\"name\":\"La gu\u00eda de Pamplona\",\"description\":\"Noticias de Pamplona\",\"publisher\":{\"@id\":\"https:\\\/\\\/www.laguiadepamplona.com\\\/actualidad\\\/#organization\"},\"potentialAction\":[{\"@type\":\"SearchAction\",\"target\":{\"@type\":\"EntryPoint\",\"urlTemplate\":\"https:\\\/\\\/www.laguiadepamplona.com\\\/actualidad\\\/?s={search_term_string}\"},\"query-input\":{\"@type\":\"PropertyValueSpecification\",\"valueRequired\":true,\"valueName\":\"search_term_string\"}}],\"inLanguage\":\"es\"},{\"@type\":\"Organization\",\"@id\":\"https:\\\/\\\/www.laguiadepamplona.com\\\/actualidad\\\/#organization\",\"name\":\"La Gu\u00eda de Pamplona \\\/ Noticias\",\"url\":\"https:\\\/\\\/www.laguiadepamplona.com\\\/actualidad\\\/\",\"logo\":{\"@type\":\"ImageObject\",\"inLanguage\":\"es\",\"@id\":\"https:\\\/\\\/www.laguiadepamplona.com\\\/actualidad\\\/#\\\/schema\\\/logo\\\/image\\\/\",\"url\":\"https:\\\/\\\/www.laguiadepamplona.com\\\/actualidad\\\/wp-content\\\/uploads\\\/2018\\\/11\\\/logo-laguiadepamplona18-web1.png\",\"contentUrl\":\"https:\\\/\\\/www.laguiadepamplona.com\\\/actualidad\\\/wp-content\\\/uploads\\\/2018\\\/11\\\/logo-laguiadepamplona18-web1.png\",\"width\":600,\"height\":196,\"caption\":\"La Gu\u00eda de Pamplona \\\/ Noticias\"},\"image\":{\"@id\":\"https:\\\/\\\/www.laguiadepamplona.com\\\/actualidad\\\/#\\\/schema\\\/logo\\\/image\\\/\"},\"sameAs\":[\"https:\\\/\\\/www.facebook.com\\\/laguiadepamplonacom-133175176762273\\\/?ref=hl\",\"https:\\\/\\\/x.com\\\/LaGuiadPamplona\",\"https:\\\/\\\/www.instagram.com\\\/la_guia_de_pamplona\\\/\",\"https:\\\/\\\/www.youtube.com\\\/user\\\/laguiadepamplona\"]},{\"@type\":\"Person\",\"@id\":\"https:\\\/\\\/www.laguiadepamplona.com\\\/actualidad\\\/#\\\/schema\\\/person\\\/efe887376f0213d4657c93adc50b1fdb\",\"name\":\"La Gu\u00eda de Pamplona\",\"image\":{\"@type\":\"ImageObject\",\"inLanguage\":\"es\",\"@id\":\"https:\\\/\\\/secure.gravatar.com\\\/avatar\\\/b6992f131dc8d30ab0dff15446e9d346d9dbd95992de0fef795073f5ea83a81c?s=96&d=mm&r=g\",\"url\":\"https:\\\/\\\/secure.gravatar.com\\\/avatar\\\/b6992f131dc8d30ab0dff15446e9d346d9dbd95992de0fef795073f5ea83a81c?s=96&d=mm&r=g\",\"contentUrl\":\"https:\\\/\\\/secure.gravatar.com\\\/avatar\\\/b6992f131dc8d30ab0dff15446e9d346d9dbd95992de0fef795073f5ea83a81c?s=96&d=mm&r=g\",\"caption\":\"La Gu\u00eda de Pamplona\"}}]}<\/script>\n<!-- \/ Yoast SEO plugin. -->","yoast_head_json":{"title":"La m\u00fasica de los 80 y la m\u00e1s actual se fusionan estos Sanfermines en la Plaza del Castillo con artistas de la talla de Fangoria, Ana Torroja, Dani Fern\u00e1ndez y Ana Mena","description":"En la Plaza de los Fueros se concentrar\u00e1n los conciertos de m\u00fasica electr\u00f3nica, con sesi\u00f3n \u2018Tardeo\u2019 a las 19 y el \u2018Sound Ferm\u00edn\u2019 a las 23.30","robots":{"index":"index","follow":"follow","max-snippet":"max-snippet:-1","max-image-preview":"max-image-preview:large","max-video-preview":"max-video-preview:-1"},"canonical":"https:\/\/www.laguiadepamplona.com\/actualidad\/la-musica-de-los-80-y-la-mas-actual-se-fusionan-estos-sanfermines-en-la-plaza-del-castillo-con-artistas-de-la-talla-de-fangoria-ana-torroja-dani-fernandez-y-ana-mena\/","og_locale":"es_ES","og_type":"article","og_title":"La m\u00fasica de los 80 y la m\u00e1s actual se fusionan estos Sanfermines en la Plaza del Castillo con artistas de la talla de Fangoria, Ana Torroja, Dani Fern\u00e1ndez y Ana Mena","og_description":"En la Plaza de los Fueros se concentrar\u00e1n los conciertos de m\u00fasica electr\u00f3nica, con sesi\u00f3n \u2018Tardeo\u2019 a las 19 y el \u2018Sound Ferm\u00edn\u2019 a las 23.30","og_url":"https:\/\/www.laguiadepamplona.com\/actualidad\/la-musica-de-los-80-y-la-mas-actual-se-fusionan-estos-sanfermines-en-la-plaza-del-castillo-con-artistas-de-la-talla-de-fangoria-ana-torroja-dani-fernandez-y-ana-mena\/","og_site_name":"La Gu\u00eda de Pamplona","article_publisher":"https:\/\/www.facebook.com\/laguiadepamplonacom-133175176762273\/?ref=hl","article_published_time":"2023-06-02T10:45:04+00:00","og_image":[{"width":1080,"height":1080,"url":"https:\/\/www.laguiadepamplona.com\/actualidad\/wp-content\/uploads\/2023\/06\/Programacion_post.webp","type":"image\/webp"}],"author":"La Gu\u00eda de Pamplona","twitter_card":"summary_large_image","twitter_creator":"@LaGuiadPamplona","twitter_site":"@LaGuiadPamplona","twitter_misc":{"Escrito por":"La Gu\u00eda de Pamplona","Tiempo de lectura":"9 minutos"},"schema":{"@context":"https:\/\/schema.org","@graph":[{"@type":"Article","@id":"https:\/\/www.laguiadepamplona.com\/actualidad\/la-musica-de-los-80-y-la-mas-actual-se-fusionan-estos-sanfermines-en-la-plaza-del-castillo-con-artistas-de-la-talla-de-fangoria-ana-torroja-dani-fernandez-y-ana-mena\/#article","isPartOf":{"@id":"https:\/\/www.laguiadepamplona.com\/actualidad\/la-musica-de-los-80-y-la-mas-actual-se-fusionan-estos-sanfermines-en-la-plaza-del-castillo-con-artistas-de-la-talla-de-fangoria-ana-torroja-dani-fernandez-y-ana-mena\/"},"author":{"name":"La Gu\u00eda de Pamplona","@id":"https:\/\/www.laguiadepamplona.com\/actualidad\/#\/schema\/person\/efe887376f0213d4657c93adc50b1fdb"},"headline":"La m\u00fasica de los 80 y la m\u00e1s actual se fusionan estos Sanfermines en la Plaza del Castillo con artistas de la talla de Fangoria, Ana Torroja, Dani Fern\u00e1ndez y Ana Mena","datePublished":"2023-06-02T10:45:04+00:00","mainEntityOfPage":{"@id":"https:\/\/www.laguiadepamplona.com\/actualidad\/la-musica-de-los-80-y-la-mas-actual-se-fusionan-estos-sanfermines-en-la-plaza-del-castillo-con-artistas-de-la-talla-de-fangoria-ana-torroja-dani-fernandez-y-ana-mena\/"},"wordCount":1939,"commentCount":0,"publisher":{"@id":"https:\/\/www.laguiadepamplona.com\/actualidad\/#organization"},"image":{"@id":"https:\/\/www.laguiadepamplona.com\/actualidad\/la-musica-de-los-80-y-la-mas-actual-se-fusionan-estos-sanfermines-en-la-plaza-del-castillo-con-artistas-de-la-talla-de-fangoria-ana-torroja-dani-fernandez-y-ana-mena\/#primaryimage"},"thumbnailUrl":"https:\/\/www.laguiadepamplona.com\/actualidad\/wp-content\/uploads\/2023\/06\/Programacion_post.webp","articleSection":["Ayto Pamplona","San Ferm\u00edn"],"inLanguage":"es","potentialAction":[{"@type":"CommentAction","name":"Comment","target":["https:\/\/www.laguiadepamplona.com\/actualidad\/la-musica-de-los-80-y-la-mas-actual-se-fusionan-estos-sanfermines-en-la-plaza-del-castillo-con-artistas-de-la-talla-de-fangoria-ana-torroja-dani-fernandez-y-ana-mena\/#respond"]}]},{"@type":"WebPage","@id":"https:\/\/www.laguiadepamplona.com\/actualidad\/la-musica-de-los-80-y-la-mas-actual-se-fusionan-estos-sanfermines-en-la-plaza-del-castillo-con-artistas-de-la-talla-de-fangoria-ana-torroja-dani-fernandez-y-ana-mena\/","url":"https:\/\/www.laguiadepamplona.com\/actualidad\/la-musica-de-los-80-y-la-mas-actual-se-fusionan-estos-sanfermines-en-la-plaza-del-castillo-con-artistas-de-la-talla-de-fangoria-ana-torroja-dani-fernandez-y-ana-mena\/","name":"La m\u00fasica de los 80 y la m\u00e1s actual se fusionan estos Sanfermines en la Plaza del Castillo con artistas de la talla de Fangoria, Ana Torroja, Dani Fern\u00e1ndez y Ana Mena","isPartOf":{"@id":"https:\/\/www.laguiadepamplona.com\/actualidad\/#website"},"primaryImageOfPage":{"@id":"https:\/\/www.laguiadepamplona.com\/actualidad\/la-musica-de-los-80-y-la-mas-actual-se-fusionan-estos-sanfermines-en-la-plaza-del-castillo-con-artistas-de-la-talla-de-fangoria-ana-torroja-dani-fernandez-y-ana-mena\/#primaryimage"},"image":{"@id":"https:\/\/www.laguiadepamplona.com\/actualidad\/la-musica-de-los-80-y-la-mas-actual-se-fusionan-estos-sanfermines-en-la-plaza-del-castillo-con-artistas-de-la-talla-de-fangoria-ana-torroja-dani-fernandez-y-ana-mena\/#primaryimage"},"thumbnailUrl":"https:\/\/www.laguiadepamplona.com\/actualidad\/wp-content\/uploads\/2023\/06\/Programacion_post.webp","datePublished":"2023-06-02T10:45:04+00:00","description":"En la Plaza de los Fueros se concentrar\u00e1n los conciertos de m\u00fasica electr\u00f3nica, con sesi\u00f3n \u2018Tardeo\u2019 a las 19 y el \u2018Sound Ferm\u00edn\u2019 a las 23.30","breadcrumb":{"@id":"https:\/\/www.laguiadepamplona.com\/actualidad\/la-musica-de-los-80-y-la-mas-actual-se-fusionan-estos-sanfermines-en-la-plaza-del-castillo-con-artistas-de-la-talla-de-fangoria-ana-torroja-dani-fernandez-y-ana-mena\/#breadcrumb"},"inLanguage":"es","potentialAction":[{"@type":"ReadAction","target":["https:\/\/www.laguiadepamplona.com\/actualidad\/la-musica-de-los-80-y-la-mas-actual-se-fusionan-estos-sanfermines-en-la-plaza-del-castillo-con-artistas-de-la-talla-de-fangoria-ana-torroja-dani-fernandez-y-ana-mena\/"]}]},{"@type":"ImageObject","inLanguage":"es","@id":"https:\/\/www.laguiadepamplona.com\/actualidad\/la-musica-de-los-80-y-la-mas-actual-se-fusionan-estos-sanfermines-en-la-plaza-del-castillo-con-artistas-de-la-talla-de-fangoria-ana-torroja-dani-fernandez-y-ana-mena\/#primaryimage","url":"https:\/\/www.laguiadepamplona.com\/actualidad\/wp-content\/uploads\/2023\/06\/Programacion_post.webp","contentUrl":"https:\/\/www.laguiadepamplona.com\/actualidad\/wp-content\/uploads\/2023\/06\/Programacion_post.webp","width":1080,"height":1080},{"@type":"BreadcrumbList","@id":"https:\/\/www.laguiadepamplona.com\/actualidad\/la-musica-de-los-80-y-la-mas-actual-se-fusionan-estos-sanfermines-en-la-plaza-del-castillo-con-artistas-de-la-talla-de-fangoria-ana-torroja-dani-fernandez-y-ana-mena\/#breadcrumb","itemListElement":[{"@type":"ListItem","position":1,"name":"Portada","item":"https:\/\/www.laguiadepamplona.com\/actualidad\/"},{"@type":"ListItem","position":2,"name":"La m\u00fasica de los 80 y la m\u00e1s actual se fusionan estos Sanfermines en la Plaza del Castillo con artistas de la talla de Fangoria, Ana Torroja, Dani Fern\u00e1ndez y Ana Mena"}]},{"@type":"WebSite","@id":"https:\/\/www.laguiadepamplona.com\/actualidad\/#website","url":"https:\/\/www.laguiadepamplona.com\/actualidad\/","name":"La gu\u00eda de Pamplona","description":"Noticias de Pamplona","publisher":{"@id":"https:\/\/www.laguiadepamplona.com\/actualidad\/#organization"},"potentialAction":[{"@type":"SearchAction","target":{"@type":"EntryPoint","urlTemplate":"https:\/\/www.laguiadepamplona.com\/actualidad\/?s={search_term_string}"},"query-input":{"@type":"PropertyValueSpecification","valueRequired":true,"valueName":"search_term_string"}}],"inLanguage":"es"},{"@type":"Organization","@id":"https:\/\/www.laguiadepamplona.com\/actualidad\/#organization","name":"La Gu\u00eda de Pamplona \/ Noticias","url":"https:\/\/www.laguiadepamplona.com\/actualidad\/","logo":{"@type":"ImageObject","inLanguage":"es","@id":"https:\/\/www.laguiadepamplona.com\/actualidad\/#\/schema\/logo\/image\/","url":"https:\/\/www.laguiadepamplona.com\/actualidad\/wp-content\/uploads\/2018\/11\/logo-laguiadepamplona18-web1.png","contentUrl":"https:\/\/www.laguiadepamplona.com\/actualidad\/wp-content\/uploads\/2018\/11\/logo-laguiadepamplona18-web1.png","width":600,"height":196,"caption":"La Gu\u00eda de Pamplona \/ Noticias"},"image":{"@id":"https:\/\/www.laguiadepamplona.com\/actualidad\/#\/schema\/logo\/image\/"},"sameAs":["https:\/\/www.facebook.com\/laguiadepamplonacom-133175176762273\/?ref=hl","https:\/\/x.com\/LaGuiadPamplona","https:\/\/www.instagram.com\/la_guia_de_pamplona\/","https:\/\/www.youtube.com\/user\/laguiadepamplona"]},{"@type":"Person","@id":"https:\/\/www.laguiadepamplona.com\/actualidad\/#\/schema\/person\/efe887376f0213d4657c93adc50b1fdb","name":"La Gu\u00eda de Pamplona","image":{"@type":"ImageObject","inLanguage":"es","@id":"https:\/\/secure.gravatar.com\/avatar\/b6992f131dc8d30ab0dff15446e9d346d9dbd95992de0fef795073f5ea83a81c?s=96&d=mm&r=g","url":"https:\/\/secure.gravatar.com\/avatar\/b6992f131dc8d30ab0dff15446e9d346d9dbd95992de0fef795073f5ea83a81c?s=96&d=mm&r=g","contentUrl":"https:\/\/secure.gravatar.com\/avatar\/b6992f131dc8d30ab0dff15446e9d346d9dbd95992de0fef795073f5ea83a81c?s=96&d=mm&r=g","caption":"La Gu\u00eda de Pamplona"}}]}},"post_mailing_queue_ids":[],"_links":{"self":[{"href":"https:\/\/www.laguiadepamplona.com\/actualidad\/wp-json\/wp\/v2\/posts\/46907","targetHints":{"allow":["GET"]}}],"collection":[{"href":"https:\/\/www.laguiadepamplona.com\/actualidad\/wp-json\/wp\/v2\/posts"}],"about":[{"href":"https:\/\/www.laguiadepamplona.com\/actualidad\/wp-json\/wp\/v2\/types\/post"}],"author":[{"embeddable":true,"href":"https:\/\/www.laguiadepamplona.com\/actualidad\/wp-json\/wp\/v2\/users\/1"}],"replies":[{"embeddable":true,"href":"https:\/\/www.laguiadepamplona.com\/actualidad\/wp-json\/wp\/v2\/comments?post=46907"}],"version-history":[{"count":1,"href":"https:\/\/www.laguiadepamplona.com\/actualidad\/wp-json\/wp\/v2\/posts\/46907\/revisions"}],"predecessor-version":[{"id":46909,"href":"https:\/\/www.laguiadepamplona.com\/actualidad\/wp-json\/wp\/v2\/posts\/46907\/revisions\/46909"}],"wp:featuredmedia":[{"embeddable":true,"href":"https:\/\/www.laguiadepamplona.com\/actualidad\/wp-json\/wp\/v2\/media\/46908"}],"wp:attachment":[{"href":"https:\/\/www.laguiadepamplona.com\/actualidad\/wp-json\/wp\/v2\/media?parent=46907"}],"wp:term":[{"taxonomy":"category","embeddable":true,"href":"https:\/\/www.laguiadepamplona.com\/actualidad\/wp-json\/wp\/v2\/categories?post=46907"},{"taxonomy":"post_tag","embeddable":true,"href":"https:\/\/www.laguiadepamplona.com\/actualidad\/wp-json\/wp\/v2\/tags?post=46907"}],"curies":[{"name":"wp","href":"https:\/\/api.w.org\/{rel}","templated":true}]}}