{"id":46901,"date":"2023-06-01T17:29:23","date_gmt":"2023-06-01T15:29:23","guid":{"rendered":"https:\/\/www.laguiadepamplona.com\/actualidad\/?p=46901"},"modified":"2023-06-01T17:29:23","modified_gmt":"2023-06-01T15:29:23","slug":"la-zona-joven-de-san-fermin-se-traslada-a-la-plaza-de-la-constitucion-con-actividades-desde-las-siete-de-la-tarde-hasta-las-diez-y-media-de-la-noche","status":"publish","type":"post","link":"https:\/\/www.laguiadepamplona.com\/actualidad\/la-zona-joven-de-san-fermin-se-traslada-a-la-plaza-de-la-constitucion-con-actividades-desde-las-siete-de-la-tarde-hasta-las-diez-y-media-de-la-noche\/","title":{"rendered":"La Zona Joven de San Ferm\u00edn se traslada a la Plaza de la Constituci\u00f3n con actividades desde las siete de la tarde hasta las diez y media de la noche"},"content":{"rendered":"<h3>Desde el 7 hasta el 14 de julio ofrecer\u00e1 hinchables, m\u00fasica, taller y exhibiciones de deporte y baile para j\u00f3venes de 12 a 17 a\u00f1os<\/h3>\n<p><!--more--><\/p>\n<p>La Plaza de la Constituci\u00f3n, junto a Baluarte, ser\u00e1 la nueva ubicaci\u00f3n de la Zona Joven de Sanfermines, que pretende llevar una oferta l\u00fadica, variada y gratuita para adolescentes de 12 a 17 a\u00f1os durante los d\u00edas festivos. La Junta de Gobierno Local del Ayuntamiento de Pamplona ha aprobado la adjudicaci\u00f3n de este programa juvenil por un importe de 61.576,90 euros. Durante ocho d\u00edas, desde las 19 hasta las 22.30 horas, la poblaci\u00f3n adolescente de la ciudad podr\u00e1 disfrutar de una propuesta que incluye, entre otras actividades, hinchables, talleres, exhibiciones de deporte y bailes, y actuaciones de grupos musicales y DJ\u00b4s.<br \/>\n<script async src=\"\/\/pagead2.googlesyndication.com\/pagead\/js\/adsbygoogle.js\"><\/script><br \/>\n<!-- Noticias La Guia de Pamplona --><br \/>\n<ins class=\"adsbygoogle\"\nstyle=\"display:block\"\ndata-ad-client=\"ca-pub-6943679897239327\"\ndata-ad-slot=\"7048180777\"\ndata-ad-format=\"auto\"><\/ins><br \/>\n<script>\n(adsbygoogle = window.adsbygoogle || []).push({});\n<\/script><\/p>\n<p>La empresa Viajes Divertis 2007 ser\u00e1 la encargada de organizar todas las actividades en el nuevo recinto festivo, que arrancar\u00e1 a las 19 horas del d\u00eda 7 de julio. La Plaza de la Constituci\u00f3n se organizar\u00e1 en varios espacios diferenciados, incluido un escenario, sobre el que se realizar\u00e1n las exhibiciones y las actuaciones musicales. Adem\u00e1s, la Zona Joven dividir\u00e1 la tarde en dos franjas horarias. La primera, que ir\u00e1 desde las 19 a las 21 horas, concentrar\u00e1 actividades como hinchables y atracciones, actividades tipo masterclass de bailes, exhibiciones, talleres o juegos. En la segunda franja horaria, de 21 a 22.30 horas, concentrar\u00e1 las actuaciones musicales de DJ\u2019s o de grupos de m\u00fasica, formados por artistas j\u00f3venes locales principalmente, como Boca-Beats, DJ Josu Gonz\u00e1lez, DJ Original Sistah, DJ Mar\u00eda L\u00f3pez o DJ Txurru, entre otros. Habr\u00e1 tambi\u00e9n atracciones adaptadas a movilidad reducida todos los d\u00edas, as\u00ed como un punto informativo sobre diferentes tem\u00e1ticas dinamizado por entidades.<br \/>\n<script async src=\"\/\/pagead2.googlesyndication.com\/pagead\/js\/adsbygoogle.js\"><\/script><br \/>\n<!-- Noticias La Guia de Pamplona --><br \/>\n<ins class=\"adsbygoogle\"\nstyle=\"display:block\"\ndata-ad-client=\"ca-pub-6943679897239327\"\ndata-ad-slot=\"7048180777\"\ndata-ad-format=\"auto\"><\/ins><br \/>\n<script>\n(adsbygoogle = window.adsbygoogle || []).push({});\n<\/script><\/p>\n<p>Con esta oferta, la Zona Joven quiere mantenerse como espacio de referencia para la juventud, ofreciendo una programaci\u00f3n adaptada a las demandas e intereses de preadolescentes y adolescentes, propiciando su participaci\u00f3n a trav\u00e9s de propuestas din\u00e1micas y atractivas. Este espacio se propone tambi\u00e9n como un espacio libre de consumos, en el que se generen din\u00e1micas alejadas del consumo de alcohol y otras drogas.<\/p>\n<p>Entre las propuestas l\u00fadicas acordadas para los d\u00edas de San Ferm\u00edn en este espacio destacan, por ejemplo, talleres de break dance y parkour, escape rooms, karaoke, toro de juego, e hinchables, de agua y normales.<\/p>\n","protected":false},"excerpt":{"rendered":"<p>Desde el 7 hasta el 14 de julio ofrecer\u00e1 hinchables, m\u00fasica, taller y exhibiciones de deporte y baile para j\u00f3venes de 12 a 17 a\u00f1os<\/p>\n","protected":false},"author":1,"featured_media":46902,"comment_status":"open","ping_status":"closed","sticky":false,"template":"","format":"standard","meta":{"footnotes":""},"categories":[2,9406],"tags":[],"class_list":["post-46901","post","type-post","status-publish","format-standard","has-post-thumbnail","hentry","category-ayuntamiento-pamplona","category-san-fermin"],"yoast_head":"<!-- This site is optimized with the Yoast SEO plugin v27.3 - https:\/\/yoast.com\/product\/yoast-seo-wordpress\/ -->\n<title>La Zona Joven de San Ferm\u00edn se traslada a la Plaza de la Constituci\u00f3n con actividades desde las siete de la tarde hasta las diez y media de la noche<\/title>\n<meta name=\"description\" content=\"Desde el 7 hasta el 14 de julio ofrecer\u00e1 hinchables, m\u00fasica, taller y exhibiciones de deporte y baile para j\u00f3venes de 12 a 17 a\u00f1os\" \/>\n<meta name=\"robots\" content=\"index, follow, max-snippet:-1, max-image-preview:large, max-video-preview:-1\" \/>\n<link rel=\"canonical\" href=\"https:\/\/www.laguiadepamplona.com\/actualidad\/la-zona-joven-de-san-fermin-se-traslada-a-la-plaza-de-la-constitucion-con-actividades-desde-las-siete-de-la-tarde-hasta-las-diez-y-media-de-la-noche\/\" \/>\n<meta property=\"og:locale\" content=\"es_ES\" \/>\n<meta property=\"og:type\" content=\"article\" \/>\n<meta property=\"og:title\" content=\"La Zona Joven de San Ferm\u00edn se traslada a la Plaza de la Constituci\u00f3n con actividades desde las siete de la tarde hasta las diez y media de la noche\" \/>\n<meta property=\"og:description\" content=\"Desde el 7 hasta el 14 de julio ofrecer\u00e1 hinchables, m\u00fasica, taller y exhibiciones de deporte y baile para j\u00f3venes de 12 a 17 a\u00f1os\" \/>\n<meta property=\"og:url\" content=\"https:\/\/www.laguiadepamplona.com\/actualidad\/la-zona-joven-de-san-fermin-se-traslada-a-la-plaza-de-la-constitucion-con-actividades-desde-las-siete-de-la-tarde-hasta-las-diez-y-media-de-la-noche\/\" \/>\n<meta property=\"og:site_name\" content=\"La Gu\u00eda de Pamplona\" \/>\n<meta property=\"article:publisher\" content=\"https:\/\/www.facebook.com\/laguiadepamplonacom-133175176762273\/?ref=hl\" \/>\n<meta property=\"article:published_time\" content=\"2023-06-01T15:29:23+00:00\" \/>\n<meta property=\"og:image\" content=\"https:\/\/www.laguiadepamplona.com\/actualidad\/wp-content\/uploads\/2023\/06\/zonajoven.webp\" \/>\n\t<meta property=\"og:image:width\" content=\"1920\" \/>\n\t<meta property=\"og:image:height\" content=\"1382\" \/>\n\t<meta property=\"og:image:type\" content=\"image\/webp\" \/>\n<meta name=\"author\" content=\"La Gu\u00eda de Pamplona\" \/>\n<meta name=\"twitter:card\" content=\"summary_large_image\" \/>\n<meta name=\"twitter:creator\" content=\"@LaGuiadPamplona\" \/>\n<meta name=\"twitter:site\" content=\"@LaGuiadPamplona\" \/>\n<meta name=\"twitter:label1\" content=\"Escrito por\" \/>\n\t<meta name=\"twitter:data1\" content=\"La Gu\u00eda de Pamplona\" \/>\n\t<meta name=\"twitter:label2\" content=\"Tiempo de lectura\" \/>\n\t<meta name=\"twitter:data2\" content=\"2 minutos\" \/>\n<script type=\"application\/ld+json\" class=\"yoast-schema-graph\">{\"@context\":\"https:\\\/\\\/schema.org\",\"@graph\":[{\"@type\":\"Article\",\"@id\":\"https:\\\/\\\/www.laguiadepamplona.com\\\/actualidad\\\/la-zona-joven-de-san-fermin-se-traslada-a-la-plaza-de-la-constitucion-con-actividades-desde-las-siete-de-la-tarde-hasta-las-diez-y-media-de-la-noche\\\/#article\",\"isPartOf\":{\"@id\":\"https:\\\/\\\/www.laguiadepamplona.com\\\/actualidad\\\/la-zona-joven-de-san-fermin-se-traslada-a-la-plaza-de-la-constitucion-con-actividades-desde-las-siete-de-la-tarde-hasta-las-diez-y-media-de-la-noche\\\/\"},\"author\":{\"name\":\"La Gu\u00eda de Pamplona\",\"@id\":\"https:\\\/\\\/www.laguiadepamplona.com\\\/actualidad\\\/#\\\/schema\\\/person\\\/efe887376f0213d4657c93adc50b1fdb\"},\"headline\":\"La Zona Joven de San Ferm\u00edn se traslada a la Plaza de la Constituci\u00f3n con actividades desde las siete de la tarde hasta las diez y media de la noche\",\"datePublished\":\"2023-06-01T15:29:23+00:00\",\"mainEntityOfPage\":{\"@id\":\"https:\\\/\\\/www.laguiadepamplona.com\\\/actualidad\\\/la-zona-joven-de-san-fermin-se-traslada-a-la-plaza-de-la-constitucion-con-actividades-desde-las-siete-de-la-tarde-hasta-las-diez-y-media-de-la-noche\\\/\"},\"wordCount\":429,\"commentCount\":0,\"publisher\":{\"@id\":\"https:\\\/\\\/www.laguiadepamplona.com\\\/actualidad\\\/#organization\"},\"image\":{\"@id\":\"https:\\\/\\\/www.laguiadepamplona.com\\\/actualidad\\\/la-zona-joven-de-san-fermin-se-traslada-a-la-plaza-de-la-constitucion-con-actividades-desde-las-siete-de-la-tarde-hasta-las-diez-y-media-de-la-noche\\\/#primaryimage\"},\"thumbnailUrl\":\"https:\\\/\\\/www.laguiadepamplona.com\\\/actualidad\\\/wp-content\\\/uploads\\\/2023\\\/06\\\/zonajoven.webp\",\"articleSection\":[\"Ayto Pamplona\",\"San Ferm\u00edn\"],\"inLanguage\":\"es\",\"potentialAction\":[{\"@type\":\"CommentAction\",\"name\":\"Comment\",\"target\":[\"https:\\\/\\\/www.laguiadepamplona.com\\\/actualidad\\\/la-zona-joven-de-san-fermin-se-traslada-a-la-plaza-de-la-constitucion-con-actividades-desde-las-siete-de-la-tarde-hasta-las-diez-y-media-de-la-noche\\\/#respond\"]}]},{\"@type\":\"WebPage\",\"@id\":\"https:\\\/\\\/www.laguiadepamplona.com\\\/actualidad\\\/la-zona-joven-de-san-fermin-se-traslada-a-la-plaza-de-la-constitucion-con-actividades-desde-las-siete-de-la-tarde-hasta-las-diez-y-media-de-la-noche\\\/\",\"url\":\"https:\\\/\\\/www.laguiadepamplona.com\\\/actualidad\\\/la-zona-joven-de-san-fermin-se-traslada-a-la-plaza-de-la-constitucion-con-actividades-desde-las-siete-de-la-tarde-hasta-las-diez-y-media-de-la-noche\\\/\",\"name\":\"La Zona Joven de San Ferm\u00edn se traslada a la Plaza de la Constituci\u00f3n con actividades desde las siete de la tarde hasta las diez y media de la noche\",\"isPartOf\":{\"@id\":\"https:\\\/\\\/www.laguiadepamplona.com\\\/actualidad\\\/#website\"},\"primaryImageOfPage\":{\"@id\":\"https:\\\/\\\/www.laguiadepamplona.com\\\/actualidad\\\/la-zona-joven-de-san-fermin-se-traslada-a-la-plaza-de-la-constitucion-con-actividades-desde-las-siete-de-la-tarde-hasta-las-diez-y-media-de-la-noche\\\/#primaryimage\"},\"image\":{\"@id\":\"https:\\\/\\\/www.laguiadepamplona.com\\\/actualidad\\\/la-zona-joven-de-san-fermin-se-traslada-a-la-plaza-de-la-constitucion-con-actividades-desde-las-siete-de-la-tarde-hasta-las-diez-y-media-de-la-noche\\\/#primaryimage\"},\"thumbnailUrl\":\"https:\\\/\\\/www.laguiadepamplona.com\\\/actualidad\\\/wp-content\\\/uploads\\\/2023\\\/06\\\/zonajoven.webp\",\"datePublished\":\"2023-06-01T15:29:23+00:00\",\"description\":\"Desde el 7 hasta el 14 de julio ofrecer\u00e1 hinchables, m\u00fasica, taller y exhibiciones de deporte y baile para j\u00f3venes de 12 a 17 a\u00f1os\",\"breadcrumb\":{\"@id\":\"https:\\\/\\\/www.laguiadepamplona.com\\\/actualidad\\\/la-zona-joven-de-san-fermin-se-traslada-a-la-plaza-de-la-constitucion-con-actividades-desde-las-siete-de-la-tarde-hasta-las-diez-y-media-de-la-noche\\\/#breadcrumb\"},\"inLanguage\":\"es\",\"potentialAction\":[{\"@type\":\"ReadAction\",\"target\":[\"https:\\\/\\\/www.laguiadepamplona.com\\\/actualidad\\\/la-zona-joven-de-san-fermin-se-traslada-a-la-plaza-de-la-constitucion-con-actividades-desde-las-siete-de-la-tarde-hasta-las-diez-y-media-de-la-noche\\\/\"]}]},{\"@type\":\"ImageObject\",\"inLanguage\":\"es\",\"@id\":\"https:\\\/\\\/www.laguiadepamplona.com\\\/actualidad\\\/la-zona-joven-de-san-fermin-se-traslada-a-la-plaza-de-la-constitucion-con-actividades-desde-las-siete-de-la-tarde-hasta-las-diez-y-media-de-la-noche\\\/#primaryimage\",\"url\":\"https:\\\/\\\/www.laguiadepamplona.com\\\/actualidad\\\/wp-content\\\/uploads\\\/2023\\\/06\\\/zonajoven.webp\",\"contentUrl\":\"https:\\\/\\\/www.laguiadepamplona.com\\\/actualidad\\\/wp-content\\\/uploads\\\/2023\\\/06\\\/zonajoven.webp\",\"width\":1920,\"height\":1382},{\"@type\":\"BreadcrumbList\",\"@id\":\"https:\\\/\\\/www.laguiadepamplona.com\\\/actualidad\\\/la-zona-joven-de-san-fermin-se-traslada-a-la-plaza-de-la-constitucion-con-actividades-desde-las-siete-de-la-tarde-hasta-las-diez-y-media-de-la-noche\\\/#breadcrumb\",\"itemListElement\":[{\"@type\":\"ListItem\",\"position\":1,\"name\":\"Portada\",\"item\":\"https:\\\/\\\/www.laguiadepamplona.com\\\/actualidad\\\/\"},{\"@type\":\"ListItem\",\"position\":2,\"name\":\"La Zona Joven de San Ferm\u00edn se traslada a la Plaza de la Constituci\u00f3n con actividades desde las siete de la tarde hasta las diez y media de la noche\"}]},{\"@type\":\"WebSite\",\"@id\":\"https:\\\/\\\/www.laguiadepamplona.com\\\/actualidad\\\/#website\",\"url\":\"https:\\\/\\\/www.laguiadepamplona.com\\\/actualidad\\\/\",\"name\":\"La gu\u00eda de Pamplona\",\"description\":\"Noticias de Pamplona\",\"publisher\":{\"@id\":\"https:\\\/\\\/www.laguiadepamplona.com\\\/actualidad\\\/#organization\"},\"potentialAction\":[{\"@type\":\"SearchAction\",\"target\":{\"@type\":\"EntryPoint\",\"urlTemplate\":\"https:\\\/\\\/www.laguiadepamplona.com\\\/actualidad\\\/?s={search_term_string}\"},\"query-input\":{\"@type\":\"PropertyValueSpecification\",\"valueRequired\":true,\"valueName\":\"search_term_string\"}}],\"inLanguage\":\"es\"},{\"@type\":\"Organization\",\"@id\":\"https:\\\/\\\/www.laguiadepamplona.com\\\/actualidad\\\/#organization\",\"name\":\"La Gu\u00eda de Pamplona \\\/ Noticias\",\"url\":\"https:\\\/\\\/www.laguiadepamplona.com\\\/actualidad\\\/\",\"logo\":{\"@type\":\"ImageObject\",\"inLanguage\":\"es\",\"@id\":\"https:\\\/\\\/www.laguiadepamplona.com\\\/actualidad\\\/#\\\/schema\\\/logo\\\/image\\\/\",\"url\":\"https:\\\/\\\/www.laguiadepamplona.com\\\/actualidad\\\/wp-content\\\/uploads\\\/2018\\\/11\\\/logo-laguiadepamplona18-web1.png\",\"contentUrl\":\"https:\\\/\\\/www.laguiadepamplona.com\\\/actualidad\\\/wp-content\\\/uploads\\\/2018\\\/11\\\/logo-laguiadepamplona18-web1.png\",\"width\":600,\"height\":196,\"caption\":\"La Gu\u00eda de Pamplona \\\/ Noticias\"},\"image\":{\"@id\":\"https:\\\/\\\/www.laguiadepamplona.com\\\/actualidad\\\/#\\\/schema\\\/logo\\\/image\\\/\"},\"sameAs\":[\"https:\\\/\\\/www.facebook.com\\\/laguiadepamplonacom-133175176762273\\\/?ref=hl\",\"https:\\\/\\\/x.com\\\/LaGuiadPamplona\",\"https:\\\/\\\/www.instagram.com\\\/la_guia_de_pamplona\\\/\",\"https:\\\/\\\/www.youtube.com\\\/user\\\/laguiadepamplona\"]},{\"@type\":\"Person\",\"@id\":\"https:\\\/\\\/www.laguiadepamplona.com\\\/actualidad\\\/#\\\/schema\\\/person\\\/efe887376f0213d4657c93adc50b1fdb\",\"name\":\"La Gu\u00eda de Pamplona\",\"image\":{\"@type\":\"ImageObject\",\"inLanguage\":\"es\",\"@id\":\"https:\\\/\\\/secure.gravatar.com\\\/avatar\\\/b6992f131dc8d30ab0dff15446e9d346d9dbd95992de0fef795073f5ea83a81c?s=96&d=mm&r=g\",\"url\":\"https:\\\/\\\/secure.gravatar.com\\\/avatar\\\/b6992f131dc8d30ab0dff15446e9d346d9dbd95992de0fef795073f5ea83a81c?s=96&d=mm&r=g\",\"contentUrl\":\"https:\\\/\\\/secure.gravatar.com\\\/avatar\\\/b6992f131dc8d30ab0dff15446e9d346d9dbd95992de0fef795073f5ea83a81c?s=96&d=mm&r=g\",\"caption\":\"La Gu\u00eda de Pamplona\"}}]}<\/script>\n<!-- \/ Yoast SEO plugin. -->","yoast_head_json":{"title":"La Zona Joven de San Ferm\u00edn se traslada a la Plaza de la Constituci\u00f3n con actividades desde las siete de la tarde hasta las diez y media de la noche","description":"Desde el 7 hasta el 14 de julio ofrecer\u00e1 hinchables, m\u00fasica, taller y exhibiciones de deporte y baile para j\u00f3venes de 12 a 17 a\u00f1os","robots":{"index":"index","follow":"follow","max-snippet":"max-snippet:-1","max-image-preview":"max-image-preview:large","max-video-preview":"max-video-preview:-1"},"canonical":"https:\/\/www.laguiadepamplona.com\/actualidad\/la-zona-joven-de-san-fermin-se-traslada-a-la-plaza-de-la-constitucion-con-actividades-desde-las-siete-de-la-tarde-hasta-las-diez-y-media-de-la-noche\/","og_locale":"es_ES","og_type":"article","og_title":"La Zona Joven de San Ferm\u00edn se traslada a la Plaza de la Constituci\u00f3n con actividades desde las siete de la tarde hasta las diez y media de la noche","og_description":"Desde el 7 hasta el 14 de julio ofrecer\u00e1 hinchables, m\u00fasica, taller y exhibiciones de deporte y baile para j\u00f3venes de 12 a 17 a\u00f1os","og_url":"https:\/\/www.laguiadepamplona.com\/actualidad\/la-zona-joven-de-san-fermin-se-traslada-a-la-plaza-de-la-constitucion-con-actividades-desde-las-siete-de-la-tarde-hasta-las-diez-y-media-de-la-noche\/","og_site_name":"La Gu\u00eda de Pamplona","article_publisher":"https:\/\/www.facebook.com\/laguiadepamplonacom-133175176762273\/?ref=hl","article_published_time":"2023-06-01T15:29:23+00:00","og_image":[{"width":1920,"height":1382,"url":"https:\/\/www.laguiadepamplona.com\/actualidad\/wp-content\/uploads\/2023\/06\/zonajoven.webp","type":"image\/webp"}],"author":"La Gu\u00eda de Pamplona","twitter_card":"summary_large_image","twitter_creator":"@LaGuiadPamplona","twitter_site":"@LaGuiadPamplona","twitter_misc":{"Escrito por":"La Gu\u00eda de Pamplona","Tiempo de lectura":"2 minutos"},"schema":{"@context":"https:\/\/schema.org","@graph":[{"@type":"Article","@id":"https:\/\/www.laguiadepamplona.com\/actualidad\/la-zona-joven-de-san-fermin-se-traslada-a-la-plaza-de-la-constitucion-con-actividades-desde-las-siete-de-la-tarde-hasta-las-diez-y-media-de-la-noche\/#article","isPartOf":{"@id":"https:\/\/www.laguiadepamplona.com\/actualidad\/la-zona-joven-de-san-fermin-se-traslada-a-la-plaza-de-la-constitucion-con-actividades-desde-las-siete-de-la-tarde-hasta-las-diez-y-media-de-la-noche\/"},"author":{"name":"La Gu\u00eda de Pamplona","@id":"https:\/\/www.laguiadepamplona.com\/actualidad\/#\/schema\/person\/efe887376f0213d4657c93adc50b1fdb"},"headline":"La Zona Joven de San Ferm\u00edn se traslada a la Plaza de la Constituci\u00f3n con actividades desde las siete de la tarde hasta las diez y media de la noche","datePublished":"2023-06-01T15:29:23+00:00","mainEntityOfPage":{"@id":"https:\/\/www.laguiadepamplona.com\/actualidad\/la-zona-joven-de-san-fermin-se-traslada-a-la-plaza-de-la-constitucion-con-actividades-desde-las-siete-de-la-tarde-hasta-las-diez-y-media-de-la-noche\/"},"wordCount":429,"commentCount":0,"publisher":{"@id":"https:\/\/www.laguiadepamplona.com\/actualidad\/#organization"},"image":{"@id":"https:\/\/www.laguiadepamplona.com\/actualidad\/la-zona-joven-de-san-fermin-se-traslada-a-la-plaza-de-la-constitucion-con-actividades-desde-las-siete-de-la-tarde-hasta-las-diez-y-media-de-la-noche\/#primaryimage"},"thumbnailUrl":"https:\/\/www.laguiadepamplona.com\/actualidad\/wp-content\/uploads\/2023\/06\/zonajoven.webp","articleSection":["Ayto Pamplona","San Ferm\u00edn"],"inLanguage":"es","potentialAction":[{"@type":"CommentAction","name":"Comment","target":["https:\/\/www.laguiadepamplona.com\/actualidad\/la-zona-joven-de-san-fermin-se-traslada-a-la-plaza-de-la-constitucion-con-actividades-desde-las-siete-de-la-tarde-hasta-las-diez-y-media-de-la-noche\/#respond"]}]},{"@type":"WebPage","@id":"https:\/\/www.laguiadepamplona.com\/actualidad\/la-zona-joven-de-san-fermin-se-traslada-a-la-plaza-de-la-constitucion-con-actividades-desde-las-siete-de-la-tarde-hasta-las-diez-y-media-de-la-noche\/","url":"https:\/\/www.laguiadepamplona.com\/actualidad\/la-zona-joven-de-san-fermin-se-traslada-a-la-plaza-de-la-constitucion-con-actividades-desde-las-siete-de-la-tarde-hasta-las-diez-y-media-de-la-noche\/","name":"La Zona Joven de San Ferm\u00edn se traslada a la Plaza de la Constituci\u00f3n con actividades desde las siete de la tarde hasta las diez y media de la noche","isPartOf":{"@id":"https:\/\/www.laguiadepamplona.com\/actualidad\/#website"},"primaryImageOfPage":{"@id":"https:\/\/www.laguiadepamplona.com\/actualidad\/la-zona-joven-de-san-fermin-se-traslada-a-la-plaza-de-la-constitucion-con-actividades-desde-las-siete-de-la-tarde-hasta-las-diez-y-media-de-la-noche\/#primaryimage"},"image":{"@id":"https:\/\/www.laguiadepamplona.com\/actualidad\/la-zona-joven-de-san-fermin-se-traslada-a-la-plaza-de-la-constitucion-con-actividades-desde-las-siete-de-la-tarde-hasta-las-diez-y-media-de-la-noche\/#primaryimage"},"thumbnailUrl":"https:\/\/www.laguiadepamplona.com\/actualidad\/wp-content\/uploads\/2023\/06\/zonajoven.webp","datePublished":"2023-06-01T15:29:23+00:00","description":"Desde el 7 hasta el 14 de julio ofrecer\u00e1 hinchables, m\u00fasica, taller y exhibiciones de deporte y baile para j\u00f3venes de 12 a 17 a\u00f1os","breadcrumb":{"@id":"https:\/\/www.laguiadepamplona.com\/actualidad\/la-zona-joven-de-san-fermin-se-traslada-a-la-plaza-de-la-constitucion-con-actividades-desde-las-siete-de-la-tarde-hasta-las-diez-y-media-de-la-noche\/#breadcrumb"},"inLanguage":"es","potentialAction":[{"@type":"ReadAction","target":["https:\/\/www.laguiadepamplona.com\/actualidad\/la-zona-joven-de-san-fermin-se-traslada-a-la-plaza-de-la-constitucion-con-actividades-desde-las-siete-de-la-tarde-hasta-las-diez-y-media-de-la-noche\/"]}]},{"@type":"ImageObject","inLanguage":"es","@id":"https:\/\/www.laguiadepamplona.com\/actualidad\/la-zona-joven-de-san-fermin-se-traslada-a-la-plaza-de-la-constitucion-con-actividades-desde-las-siete-de-la-tarde-hasta-las-diez-y-media-de-la-noche\/#primaryimage","url":"https:\/\/www.laguiadepamplona.com\/actualidad\/wp-content\/uploads\/2023\/06\/zonajoven.webp","contentUrl":"https:\/\/www.laguiadepamplona.com\/actualidad\/wp-content\/uploads\/2023\/06\/zonajoven.webp","width":1920,"height":1382},{"@type":"BreadcrumbList","@id":"https:\/\/www.laguiadepamplona.com\/actualidad\/la-zona-joven-de-san-fermin-se-traslada-a-la-plaza-de-la-constitucion-con-actividades-desde-las-siete-de-la-tarde-hasta-las-diez-y-media-de-la-noche\/#breadcrumb","itemListElement":[{"@type":"ListItem","position":1,"name":"Portada","item":"https:\/\/www.laguiadepamplona.com\/actualidad\/"},{"@type":"ListItem","position":2,"name":"La Zona Joven de San Ferm\u00edn se traslada a la Plaza de la Constituci\u00f3n con actividades desde las siete de la tarde hasta las diez y media de la noche"}]},{"@type":"WebSite","@id":"https:\/\/www.laguiadepamplona.com\/actualidad\/#website","url":"https:\/\/www.laguiadepamplona.com\/actualidad\/","name":"La gu\u00eda de Pamplona","description":"Noticias de Pamplona","publisher":{"@id":"https:\/\/www.laguiadepamplona.com\/actualidad\/#organization"},"potentialAction":[{"@type":"SearchAction","target":{"@type":"EntryPoint","urlTemplate":"https:\/\/www.laguiadepamplona.com\/actualidad\/?s={search_term_string}"},"query-input":{"@type":"PropertyValueSpecification","valueRequired":true,"valueName":"search_term_string"}}],"inLanguage":"es"},{"@type":"Organization","@id":"https:\/\/www.laguiadepamplona.com\/actualidad\/#organization","name":"La Gu\u00eda de Pamplona \/ Noticias","url":"https:\/\/www.laguiadepamplona.com\/actualidad\/","logo":{"@type":"ImageObject","inLanguage":"es","@id":"https:\/\/www.laguiadepamplona.com\/actualidad\/#\/schema\/logo\/image\/","url":"https:\/\/www.laguiadepamplona.com\/actualidad\/wp-content\/uploads\/2018\/11\/logo-laguiadepamplona18-web1.png","contentUrl":"https:\/\/www.laguiadepamplona.com\/actualidad\/wp-content\/uploads\/2018\/11\/logo-laguiadepamplona18-web1.png","width":600,"height":196,"caption":"La Gu\u00eda de Pamplona \/ Noticias"},"image":{"@id":"https:\/\/www.laguiadepamplona.com\/actualidad\/#\/schema\/logo\/image\/"},"sameAs":["https:\/\/www.facebook.com\/laguiadepamplonacom-133175176762273\/?ref=hl","https:\/\/x.com\/LaGuiadPamplona","https:\/\/www.instagram.com\/la_guia_de_pamplona\/","https:\/\/www.youtube.com\/user\/laguiadepamplona"]},{"@type":"Person","@id":"https:\/\/www.laguiadepamplona.com\/actualidad\/#\/schema\/person\/efe887376f0213d4657c93adc50b1fdb","name":"La Gu\u00eda de Pamplona","image":{"@type":"ImageObject","inLanguage":"es","@id":"https:\/\/secure.gravatar.com\/avatar\/b6992f131dc8d30ab0dff15446e9d346d9dbd95992de0fef795073f5ea83a81c?s=96&d=mm&r=g","url":"https:\/\/secure.gravatar.com\/avatar\/b6992f131dc8d30ab0dff15446e9d346d9dbd95992de0fef795073f5ea83a81c?s=96&d=mm&r=g","contentUrl":"https:\/\/secure.gravatar.com\/avatar\/b6992f131dc8d30ab0dff15446e9d346d9dbd95992de0fef795073f5ea83a81c?s=96&d=mm&r=g","caption":"La Gu\u00eda de Pamplona"}}]}},"post_mailing_queue_ids":[],"_links":{"self":[{"href":"https:\/\/www.laguiadepamplona.com\/actualidad\/wp-json\/wp\/v2\/posts\/46901","targetHints":{"allow":["GET"]}}],"collection":[{"href":"https:\/\/www.laguiadepamplona.com\/actualidad\/wp-json\/wp\/v2\/posts"}],"about":[{"href":"https:\/\/www.laguiadepamplona.com\/actualidad\/wp-json\/wp\/v2\/types\/post"}],"author":[{"embeddable":true,"href":"https:\/\/www.laguiadepamplona.com\/actualidad\/wp-json\/wp\/v2\/users\/1"}],"replies":[{"embeddable":true,"href":"https:\/\/www.laguiadepamplona.com\/actualidad\/wp-json\/wp\/v2\/comments?post=46901"}],"version-history":[{"count":1,"href":"https:\/\/www.laguiadepamplona.com\/actualidad\/wp-json\/wp\/v2\/posts\/46901\/revisions"}],"predecessor-version":[{"id":46903,"href":"https:\/\/www.laguiadepamplona.com\/actualidad\/wp-json\/wp\/v2\/posts\/46901\/revisions\/46903"}],"wp:featuredmedia":[{"embeddable":true,"href":"https:\/\/www.laguiadepamplona.com\/actualidad\/wp-json\/wp\/v2\/media\/46902"}],"wp:attachment":[{"href":"https:\/\/www.laguiadepamplona.com\/actualidad\/wp-json\/wp\/v2\/media?parent=46901"}],"wp:term":[{"taxonomy":"category","embeddable":true,"href":"https:\/\/www.laguiadepamplona.com\/actualidad\/wp-json\/wp\/v2\/categories?post=46901"},{"taxonomy":"post_tag","embeddable":true,"href":"https:\/\/www.laguiadepamplona.com\/actualidad\/wp-json\/wp\/v2\/tags?post=46901"}],"curies":[{"name":"wp","href":"https:\/\/api.w.org\/{rel}","templated":true}]}}