{"id":46899,"date":"2023-06-01T17:27:20","date_gmt":"2023-06-01T15:27:20","guid":{"rendered":"https:\/\/www.laguiadepamplona.com\/actualidad\/?p=46899"},"modified":"2023-06-01T17:38:07","modified_gmt":"2023-06-01T15:38:07","slug":"el-ayuntamiento-inicia-el-procedimiento-para-adjudicar-115-licencias-para-puestos-de-venta-fija-durante-los-sanfermines","status":"publish","type":"post","link":"https:\/\/www.laguiadepamplona.com\/actualidad\/el-ayuntamiento-inicia-el-procedimiento-para-adjudicar-115-licencias-para-puestos-de-venta-fija-durante-los-sanfermines\/","title":{"rendered":"El Ayuntamiento inicia el procedimiento para adjudicar 115 licencias para puestos de venta fija durante los Sanfermines"},"content":{"rendered":"<h3>Hay disponibles licencias para 110 stands en Recoletas, Taconera y Bosquecillo, adem\u00e1s de 5 m\u00e1s en diferentes espacios de la ciudad<\/h3>\n<p><!--more--><\/p>\n<p>El Ayuntamiento de Pamplona ha abierto el procedimiento para adjudicar las licencias para venta fija durante san Ferm\u00edn en 115 puestos de venta en el parque de la Taconera (44) en Bosquecillo (55) y Recoletas (12), as\u00ed como otros 5 en diferentes espacios de la ciudad. Adem\u00e1s, se conceder\u00e1n 30 permisos para la venta ambulante de globos por Pamplona durante los d\u00edas festivos.<\/p>\n<p>Los requisitos y condiciones del procedimiento se han publicado ya en el Portal de Contrataci\u00f3n de Navarra. Las personas interesadas en optar a los puestos de venta deber\u00e1n formalizar la solicitud hasta las 14.30 horas del 5 de junio. Este a\u00f1o los personas adjudicatarias de las licencias de los primeros 110 puestos no deber\u00e1n montar su infraestructura y abonar\u00e1n el alquiler de sus puestos a la empresa Eventos Zunzarren que ha suscrito con el Consistorio un contrato de suministro y montaje de los puestos de venta fija durante las fiestas. Solo deber\u00e1n montar su propio stand los adjudicatarios de los 5 ubicados fueras de las plazas de Recoletas, Taconera y Bosquecillo.<br \/>\n<script async src=\"\/\/pagead2.googlesyndication.com\/pagead\/js\/adsbygoogle.js\"><\/script><br \/>\n<!-- Noticias La Guia de Pamplona --><br \/>\n<ins class=\"adsbygoogle\"\nstyle=\"display:block\"\ndata-ad-client=\"ca-pub-6943679897239327\"\ndata-ad-slot=\"7048180777\"\ndata-ad-format=\"auto\"><\/ins><br \/>\n<script>\n(adsbygoogle = window.adsbygoogle || []).push({});\n<\/script><\/p>\n<p>Los stands funcionar\u00e1n desde las 8 horas del 6 de julio hasta las 14 horas del 16 de julio y quienes obtengan las licencias podr\u00e1n ocuparlos entre el 4 de julio y las 22 horas del 16 de julio. Se deber\u00e1 hacer una oferta por cada uno de los puestos al que se quiere optar, aunque solo se podr\u00e1 adjudicar un puesto por persona. Los permisos de venta son personales e intransferibles de forma que, durante las horas de venta deber\u00e1 estar en todo momento el titular del permiso en el puesto. Las personas interesadas en presentar ofertas pueden hacerlo en el Registro General del Ayuntamiento (calle Mayor, 2), en cualquiera de los registros auxiliares o por los medios previstos en la ley de Procedimiento Administrativo Com\u00fan de las Administraciones P\u00fablicas. Las condiciones de la licitaci\u00f3n se pueden revisar en <a href=\"https:\/\/sedeelectronica.pamplona.es\/FichaTramite.aspx?id=PL3000080&amp;idioma=1\" target=\"_blank\" rel=\"noopener\">www.pamplona.es<\/a>.<\/p>\n<p>No se podr\u00e1 vender productos que pueda tener consecuencias nocivas para la salud, colocar objetos a las personas cuando para ello sea necesario raspar o perforar cualquier parte del cuerpo (pendientes, anillos, amuletos, etc.), hacer tatuajes, cocinar alimentos en los puestos o su entorno ni usar grupos electr\u00f3genos. Adem\u00e1s, estar\u00e1 prohibida la venta de todo tipo de alimentos, bebidas, tabaco, punteros l\u00e1ser, animales y meg\u00e1fonos con sirena.<br \/>\n<script async src=\"\/\/pagead2.googlesyndication.com\/pagead\/js\/adsbygoogle.js\"><\/script><br \/>\n<!-- Noticias La Guia de Pamplona --><br \/>\n<ins class=\"adsbygoogle\"\nstyle=\"display:block\"\ndata-ad-client=\"ca-pub-6943679897239327\"\ndata-ad-slot=\"7048180777\"\ndata-ad-format=\"auto\"><\/ins><br \/>\n<script>\n(adsbygoogle = window.adsbygoogle || []).push({});\n<\/script><\/p>\n<p><strong>Procedimiento y listas<\/strong><\/p>\n<p>Los criterios de adjudicaci\u00f3n estar\u00e1n vinculados a la oferta econ\u00f3mica (50 puntos a la oferta m\u00e1s alta y al resto los puntos correspondientes seg\u00fan regla proporcional respecto de la primera), con una oferta m\u00ednima de 50 euros y a la antig\u00fcedad de la presencia del comerciante en espacio de la ciudad.<\/p>\n<p>El d\u00eda 9 de junio se publicar\u00e1n tres listas provisionales por orden de puntuaci\u00f3n con las 110 y 5 mejores ofertas respectivamente para \u201cTaconera, Bosquecillo y Recoletas\u201d y \u201cProductos t\u00edpicos de San Ferm\u00edn\u201d en las dependencias del \u00c1rea de Seguridad Ciudadana. Tras tres d\u00edas para reclamaciones el d\u00eda 13 de junio de 2023 se publicar\u00e1n las listas definitivas en ese mismo espacio. El d\u00eda 16 de junio de 2023 y por orden de puntuaci\u00f3n cada persona adjudicataria elegir\u00e1 puesto para Bosquecillo, Taconera o Recoletas. La elecci\u00f3n tendr\u00e1 lugar en el \u00e1rea de Seguridad Ciudadana a partir de las 09:00 horas y seg\u00fan el orden publicado en las listas definitivas.<\/p>\n<p>Pasados tres d\u00edas desde la publicaci\u00f3n de las listas provisionales al efecto de recibir y resolver las posibles reclamaciones. El d\u00eda 16 de junio (calle Monasterio de Irache, 2, 9.00 horas) cada persona adjudicataria, en orden de puntuaci\u00f3n podr\u00e1 elegir puesto para Bosquecillo, Taconera o Recoletas.<\/p>\n","protected":false},"excerpt":{"rendered":"<p>Hay disponibles licencias para 110 stands en Recoletas, Taconera y Bosquecillo, adem\u00e1s de 5 m\u00e1s en diferentes espacios de la ciudad<\/p>\n","protected":false},"author":1,"featured_media":46790,"comment_status":"open","ping_status":"closed","sticky":false,"template":"","format":"standard","meta":{"footnotes":""},"categories":[2,9406],"tags":[],"class_list":["post-46899","post","type-post","status-publish","format-standard","has-post-thumbnail","hentry","category-ayuntamiento-pamplona","category-san-fermin"],"yoast_head":"<!-- This site is optimized with the Yoast SEO plugin v27.3 - https:\/\/yoast.com\/product\/yoast-seo-wordpress\/ -->\n<title>El Ayuntamiento inicia el procedimiento para adjudicar 115 licencias para puestos de venta fija durante los Sanfermines<\/title>\n<meta name=\"description\" content=\"Hay disponibles licencias para 110 stands en Recoletas, Taconera y Bosquecillo, adem\u00e1s de 5 m\u00e1s en diferentes espacios de la ciudad\" \/>\n<meta name=\"robots\" content=\"index, follow, max-snippet:-1, max-image-preview:large, max-video-preview:-1\" \/>\n<link rel=\"canonical\" href=\"https:\/\/www.laguiadepamplona.com\/actualidad\/el-ayuntamiento-inicia-el-procedimiento-para-adjudicar-115-licencias-para-puestos-de-venta-fija-durante-los-sanfermines\/\" \/>\n<meta property=\"og:locale\" content=\"es_ES\" \/>\n<meta property=\"og:type\" content=\"article\" \/>\n<meta property=\"og:title\" content=\"El Ayuntamiento inicia el procedimiento para adjudicar 115 licencias para puestos de venta fija durante los Sanfermines\" \/>\n<meta property=\"og:description\" content=\"Hay disponibles licencias para 110 stands en Recoletas, Taconera y Bosquecillo, adem\u00e1s de 5 m\u00e1s en diferentes espacios de la ciudad\" \/>\n<meta property=\"og:url\" content=\"https:\/\/www.laguiadepamplona.com\/actualidad\/el-ayuntamiento-inicia-el-procedimiento-para-adjudicar-115-licencias-para-puestos-de-venta-fija-durante-los-sanfermines\/\" \/>\n<meta property=\"og:site_name\" content=\"La Gu\u00eda de Pamplona\" \/>\n<meta property=\"article:publisher\" content=\"https:\/\/www.facebook.com\/laguiadepamplonacom-133175176762273\/?ref=hl\" \/>\n<meta property=\"article:published_time\" content=\"2023-06-01T15:27:20+00:00\" \/>\n<meta property=\"article:modified_time\" content=\"2023-06-01T15:38:07+00:00\" \/>\n<meta property=\"og:image\" content=\"https:\/\/www.laguiadepamplona.com\/actualidad\/wp-content\/uploads\/2023\/05\/CARPAS-5-X-5-FILA-sanfermines-copia.webp\" \/>\n\t<meta property=\"og:image:width\" content=\"1440\" \/>\n\t<meta property=\"og:image:height\" content=\"724\" \/>\n\t<meta property=\"og:image:type\" content=\"image\/webp\" \/>\n<meta name=\"author\" content=\"La Gu\u00eda de Pamplona\" \/>\n<meta name=\"twitter:card\" content=\"summary_large_image\" \/>\n<meta name=\"twitter:creator\" content=\"@LaGuiadPamplona\" \/>\n<meta name=\"twitter:site\" content=\"@LaGuiadPamplona\" \/>\n<meta name=\"twitter:label1\" content=\"Escrito por\" \/>\n\t<meta name=\"twitter:data1\" content=\"La Gu\u00eda de Pamplona\" \/>\n\t<meta name=\"twitter:label2\" content=\"Tiempo de lectura\" \/>\n\t<meta name=\"twitter:data2\" content=\"3 minutos\" \/>\n<script type=\"application\/ld+json\" class=\"yoast-schema-graph\">{\"@context\":\"https:\\\/\\\/schema.org\",\"@graph\":[{\"@type\":\"Article\",\"@id\":\"https:\\\/\\\/www.laguiadepamplona.com\\\/actualidad\\\/el-ayuntamiento-inicia-el-procedimiento-para-adjudicar-115-licencias-para-puestos-de-venta-fija-durante-los-sanfermines\\\/#article\",\"isPartOf\":{\"@id\":\"https:\\\/\\\/www.laguiadepamplona.com\\\/actualidad\\\/el-ayuntamiento-inicia-el-procedimiento-para-adjudicar-115-licencias-para-puestos-de-venta-fija-durante-los-sanfermines\\\/\"},\"author\":{\"name\":\"La Gu\u00eda de Pamplona\",\"@id\":\"https:\\\/\\\/www.laguiadepamplona.com\\\/actualidad\\\/#\\\/schema\\\/person\\\/efe887376f0213d4657c93adc50b1fdb\"},\"headline\":\"El Ayuntamiento inicia el procedimiento para adjudicar 115 licencias para puestos de venta fija durante los Sanfermines\",\"datePublished\":\"2023-06-01T15:27:20+00:00\",\"dateModified\":\"2023-06-01T15:38:07+00:00\",\"mainEntityOfPage\":{\"@id\":\"https:\\\/\\\/www.laguiadepamplona.com\\\/actualidad\\\/el-ayuntamiento-inicia-el-procedimiento-para-adjudicar-115-licencias-para-puestos-de-venta-fija-durante-los-sanfermines\\\/\"},\"wordCount\":641,\"commentCount\":0,\"publisher\":{\"@id\":\"https:\\\/\\\/www.laguiadepamplona.com\\\/actualidad\\\/#organization\"},\"image\":{\"@id\":\"https:\\\/\\\/www.laguiadepamplona.com\\\/actualidad\\\/el-ayuntamiento-inicia-el-procedimiento-para-adjudicar-115-licencias-para-puestos-de-venta-fija-durante-los-sanfermines\\\/#primaryimage\"},\"thumbnailUrl\":\"https:\\\/\\\/www.laguiadepamplona.com\\\/actualidad\\\/wp-content\\\/uploads\\\/2023\\\/05\\\/CARPAS-5-X-5-FILA-sanfermines-copia.webp\",\"articleSection\":[\"Ayto Pamplona\",\"San Ferm\u00edn\"],\"inLanguage\":\"es\",\"potentialAction\":[{\"@type\":\"CommentAction\",\"name\":\"Comment\",\"target\":[\"https:\\\/\\\/www.laguiadepamplona.com\\\/actualidad\\\/el-ayuntamiento-inicia-el-procedimiento-para-adjudicar-115-licencias-para-puestos-de-venta-fija-durante-los-sanfermines\\\/#respond\"]}]},{\"@type\":\"WebPage\",\"@id\":\"https:\\\/\\\/www.laguiadepamplona.com\\\/actualidad\\\/el-ayuntamiento-inicia-el-procedimiento-para-adjudicar-115-licencias-para-puestos-de-venta-fija-durante-los-sanfermines\\\/\",\"url\":\"https:\\\/\\\/www.laguiadepamplona.com\\\/actualidad\\\/el-ayuntamiento-inicia-el-procedimiento-para-adjudicar-115-licencias-para-puestos-de-venta-fija-durante-los-sanfermines\\\/\",\"name\":\"El Ayuntamiento inicia el procedimiento para adjudicar 115 licencias para puestos de venta fija durante los Sanfermines\",\"isPartOf\":{\"@id\":\"https:\\\/\\\/www.laguiadepamplona.com\\\/actualidad\\\/#website\"},\"primaryImageOfPage\":{\"@id\":\"https:\\\/\\\/www.laguiadepamplona.com\\\/actualidad\\\/el-ayuntamiento-inicia-el-procedimiento-para-adjudicar-115-licencias-para-puestos-de-venta-fija-durante-los-sanfermines\\\/#primaryimage\"},\"image\":{\"@id\":\"https:\\\/\\\/www.laguiadepamplona.com\\\/actualidad\\\/el-ayuntamiento-inicia-el-procedimiento-para-adjudicar-115-licencias-para-puestos-de-venta-fija-durante-los-sanfermines\\\/#primaryimage\"},\"thumbnailUrl\":\"https:\\\/\\\/www.laguiadepamplona.com\\\/actualidad\\\/wp-content\\\/uploads\\\/2023\\\/05\\\/CARPAS-5-X-5-FILA-sanfermines-copia.webp\",\"datePublished\":\"2023-06-01T15:27:20+00:00\",\"dateModified\":\"2023-06-01T15:38:07+00:00\",\"description\":\"Hay disponibles licencias para 110 stands en Recoletas, Taconera y Bosquecillo, adem\u00e1s de 5 m\u00e1s en diferentes espacios de la ciudad\",\"breadcrumb\":{\"@id\":\"https:\\\/\\\/www.laguiadepamplona.com\\\/actualidad\\\/el-ayuntamiento-inicia-el-procedimiento-para-adjudicar-115-licencias-para-puestos-de-venta-fija-durante-los-sanfermines\\\/#breadcrumb\"},\"inLanguage\":\"es\",\"potentialAction\":[{\"@type\":\"ReadAction\",\"target\":[\"https:\\\/\\\/www.laguiadepamplona.com\\\/actualidad\\\/el-ayuntamiento-inicia-el-procedimiento-para-adjudicar-115-licencias-para-puestos-de-venta-fija-durante-los-sanfermines\\\/\"]}]},{\"@type\":\"ImageObject\",\"inLanguage\":\"es\",\"@id\":\"https:\\\/\\\/www.laguiadepamplona.com\\\/actualidad\\\/el-ayuntamiento-inicia-el-procedimiento-para-adjudicar-115-licencias-para-puestos-de-venta-fija-durante-los-sanfermines\\\/#primaryimage\",\"url\":\"https:\\\/\\\/www.laguiadepamplona.com\\\/actualidad\\\/wp-content\\\/uploads\\\/2023\\\/05\\\/CARPAS-5-X-5-FILA-sanfermines-copia.webp\",\"contentUrl\":\"https:\\\/\\\/www.laguiadepamplona.com\\\/actualidad\\\/wp-content\\\/uploads\\\/2023\\\/05\\\/CARPAS-5-X-5-FILA-sanfermines-copia.webp\",\"width\":1440,\"height\":724},{\"@type\":\"BreadcrumbList\",\"@id\":\"https:\\\/\\\/www.laguiadepamplona.com\\\/actualidad\\\/el-ayuntamiento-inicia-el-procedimiento-para-adjudicar-115-licencias-para-puestos-de-venta-fija-durante-los-sanfermines\\\/#breadcrumb\",\"itemListElement\":[{\"@type\":\"ListItem\",\"position\":1,\"name\":\"Portada\",\"item\":\"https:\\\/\\\/www.laguiadepamplona.com\\\/actualidad\\\/\"},{\"@type\":\"ListItem\",\"position\":2,\"name\":\"El Ayuntamiento inicia el procedimiento para adjudicar 115 licencias para puestos de venta fija durante los Sanfermines\"}]},{\"@type\":\"WebSite\",\"@id\":\"https:\\\/\\\/www.laguiadepamplona.com\\\/actualidad\\\/#website\",\"url\":\"https:\\\/\\\/www.laguiadepamplona.com\\\/actualidad\\\/\",\"name\":\"La gu\u00eda de Pamplona\",\"description\":\"Noticias de Pamplona\",\"publisher\":{\"@id\":\"https:\\\/\\\/www.laguiadepamplona.com\\\/actualidad\\\/#organization\"},\"potentialAction\":[{\"@type\":\"SearchAction\",\"target\":{\"@type\":\"EntryPoint\",\"urlTemplate\":\"https:\\\/\\\/www.laguiadepamplona.com\\\/actualidad\\\/?s={search_term_string}\"},\"query-input\":{\"@type\":\"PropertyValueSpecification\",\"valueRequired\":true,\"valueName\":\"search_term_string\"}}],\"inLanguage\":\"es\"},{\"@type\":\"Organization\",\"@id\":\"https:\\\/\\\/www.laguiadepamplona.com\\\/actualidad\\\/#organization\",\"name\":\"La Gu\u00eda de Pamplona \\\/ Noticias\",\"url\":\"https:\\\/\\\/www.laguiadepamplona.com\\\/actualidad\\\/\",\"logo\":{\"@type\":\"ImageObject\",\"inLanguage\":\"es\",\"@id\":\"https:\\\/\\\/www.laguiadepamplona.com\\\/actualidad\\\/#\\\/schema\\\/logo\\\/image\\\/\",\"url\":\"https:\\\/\\\/www.laguiadepamplona.com\\\/actualidad\\\/wp-content\\\/uploads\\\/2018\\\/11\\\/logo-laguiadepamplona18-web1.png\",\"contentUrl\":\"https:\\\/\\\/www.laguiadepamplona.com\\\/actualidad\\\/wp-content\\\/uploads\\\/2018\\\/11\\\/logo-laguiadepamplona18-web1.png\",\"width\":600,\"height\":196,\"caption\":\"La Gu\u00eda de Pamplona \\\/ Noticias\"},\"image\":{\"@id\":\"https:\\\/\\\/www.laguiadepamplona.com\\\/actualidad\\\/#\\\/schema\\\/logo\\\/image\\\/\"},\"sameAs\":[\"https:\\\/\\\/www.facebook.com\\\/laguiadepamplonacom-133175176762273\\\/?ref=hl\",\"https:\\\/\\\/x.com\\\/LaGuiadPamplona\",\"https:\\\/\\\/www.instagram.com\\\/la_guia_de_pamplona\\\/\",\"https:\\\/\\\/www.youtube.com\\\/user\\\/laguiadepamplona\"]},{\"@type\":\"Person\",\"@id\":\"https:\\\/\\\/www.laguiadepamplona.com\\\/actualidad\\\/#\\\/schema\\\/person\\\/efe887376f0213d4657c93adc50b1fdb\",\"name\":\"La Gu\u00eda de Pamplona\",\"image\":{\"@type\":\"ImageObject\",\"inLanguage\":\"es\",\"@id\":\"https:\\\/\\\/secure.gravatar.com\\\/avatar\\\/b6992f131dc8d30ab0dff15446e9d346d9dbd95992de0fef795073f5ea83a81c?s=96&d=mm&r=g\",\"url\":\"https:\\\/\\\/secure.gravatar.com\\\/avatar\\\/b6992f131dc8d30ab0dff15446e9d346d9dbd95992de0fef795073f5ea83a81c?s=96&d=mm&r=g\",\"contentUrl\":\"https:\\\/\\\/secure.gravatar.com\\\/avatar\\\/b6992f131dc8d30ab0dff15446e9d346d9dbd95992de0fef795073f5ea83a81c?s=96&d=mm&r=g\",\"caption\":\"La Gu\u00eda de Pamplona\"}}]}<\/script>\n<!-- \/ Yoast SEO plugin. -->","yoast_head_json":{"title":"El Ayuntamiento inicia el procedimiento para adjudicar 115 licencias para puestos de venta fija durante los Sanfermines","description":"Hay disponibles licencias para 110 stands en Recoletas, Taconera y Bosquecillo, adem\u00e1s de 5 m\u00e1s en diferentes espacios de la ciudad","robots":{"index":"index","follow":"follow","max-snippet":"max-snippet:-1","max-image-preview":"max-image-preview:large","max-video-preview":"max-video-preview:-1"},"canonical":"https:\/\/www.laguiadepamplona.com\/actualidad\/el-ayuntamiento-inicia-el-procedimiento-para-adjudicar-115-licencias-para-puestos-de-venta-fija-durante-los-sanfermines\/","og_locale":"es_ES","og_type":"article","og_title":"El Ayuntamiento inicia el procedimiento para adjudicar 115 licencias para puestos de venta fija durante los Sanfermines","og_description":"Hay disponibles licencias para 110 stands en Recoletas, Taconera y Bosquecillo, adem\u00e1s de 5 m\u00e1s en diferentes espacios de la ciudad","og_url":"https:\/\/www.laguiadepamplona.com\/actualidad\/el-ayuntamiento-inicia-el-procedimiento-para-adjudicar-115-licencias-para-puestos-de-venta-fija-durante-los-sanfermines\/","og_site_name":"La Gu\u00eda de Pamplona","article_publisher":"https:\/\/www.facebook.com\/laguiadepamplonacom-133175176762273\/?ref=hl","article_published_time":"2023-06-01T15:27:20+00:00","article_modified_time":"2023-06-01T15:38:07+00:00","og_image":[{"width":1440,"height":724,"url":"https:\/\/www.laguiadepamplona.com\/actualidad\/wp-content\/uploads\/2023\/05\/CARPAS-5-X-5-FILA-sanfermines-copia.webp","type":"image\/webp"}],"author":"La Gu\u00eda de Pamplona","twitter_card":"summary_large_image","twitter_creator":"@LaGuiadPamplona","twitter_site":"@LaGuiadPamplona","twitter_misc":{"Escrito por":"La Gu\u00eda de Pamplona","Tiempo de lectura":"3 minutos"},"schema":{"@context":"https:\/\/schema.org","@graph":[{"@type":"Article","@id":"https:\/\/www.laguiadepamplona.com\/actualidad\/el-ayuntamiento-inicia-el-procedimiento-para-adjudicar-115-licencias-para-puestos-de-venta-fija-durante-los-sanfermines\/#article","isPartOf":{"@id":"https:\/\/www.laguiadepamplona.com\/actualidad\/el-ayuntamiento-inicia-el-procedimiento-para-adjudicar-115-licencias-para-puestos-de-venta-fija-durante-los-sanfermines\/"},"author":{"name":"La Gu\u00eda de Pamplona","@id":"https:\/\/www.laguiadepamplona.com\/actualidad\/#\/schema\/person\/efe887376f0213d4657c93adc50b1fdb"},"headline":"El Ayuntamiento inicia el procedimiento para adjudicar 115 licencias para puestos de venta fija durante los Sanfermines","datePublished":"2023-06-01T15:27:20+00:00","dateModified":"2023-06-01T15:38:07+00:00","mainEntityOfPage":{"@id":"https:\/\/www.laguiadepamplona.com\/actualidad\/el-ayuntamiento-inicia-el-procedimiento-para-adjudicar-115-licencias-para-puestos-de-venta-fija-durante-los-sanfermines\/"},"wordCount":641,"commentCount":0,"publisher":{"@id":"https:\/\/www.laguiadepamplona.com\/actualidad\/#organization"},"image":{"@id":"https:\/\/www.laguiadepamplona.com\/actualidad\/el-ayuntamiento-inicia-el-procedimiento-para-adjudicar-115-licencias-para-puestos-de-venta-fija-durante-los-sanfermines\/#primaryimage"},"thumbnailUrl":"https:\/\/www.laguiadepamplona.com\/actualidad\/wp-content\/uploads\/2023\/05\/CARPAS-5-X-5-FILA-sanfermines-copia.webp","articleSection":["Ayto Pamplona","San Ferm\u00edn"],"inLanguage":"es","potentialAction":[{"@type":"CommentAction","name":"Comment","target":["https:\/\/www.laguiadepamplona.com\/actualidad\/el-ayuntamiento-inicia-el-procedimiento-para-adjudicar-115-licencias-para-puestos-de-venta-fija-durante-los-sanfermines\/#respond"]}]},{"@type":"WebPage","@id":"https:\/\/www.laguiadepamplona.com\/actualidad\/el-ayuntamiento-inicia-el-procedimiento-para-adjudicar-115-licencias-para-puestos-de-venta-fija-durante-los-sanfermines\/","url":"https:\/\/www.laguiadepamplona.com\/actualidad\/el-ayuntamiento-inicia-el-procedimiento-para-adjudicar-115-licencias-para-puestos-de-venta-fija-durante-los-sanfermines\/","name":"El Ayuntamiento inicia el procedimiento para adjudicar 115 licencias para puestos de venta fija durante los Sanfermines","isPartOf":{"@id":"https:\/\/www.laguiadepamplona.com\/actualidad\/#website"},"primaryImageOfPage":{"@id":"https:\/\/www.laguiadepamplona.com\/actualidad\/el-ayuntamiento-inicia-el-procedimiento-para-adjudicar-115-licencias-para-puestos-de-venta-fija-durante-los-sanfermines\/#primaryimage"},"image":{"@id":"https:\/\/www.laguiadepamplona.com\/actualidad\/el-ayuntamiento-inicia-el-procedimiento-para-adjudicar-115-licencias-para-puestos-de-venta-fija-durante-los-sanfermines\/#primaryimage"},"thumbnailUrl":"https:\/\/www.laguiadepamplona.com\/actualidad\/wp-content\/uploads\/2023\/05\/CARPAS-5-X-5-FILA-sanfermines-copia.webp","datePublished":"2023-06-01T15:27:20+00:00","dateModified":"2023-06-01T15:38:07+00:00","description":"Hay disponibles licencias para 110 stands en Recoletas, Taconera y Bosquecillo, adem\u00e1s de 5 m\u00e1s en diferentes espacios de la ciudad","breadcrumb":{"@id":"https:\/\/www.laguiadepamplona.com\/actualidad\/el-ayuntamiento-inicia-el-procedimiento-para-adjudicar-115-licencias-para-puestos-de-venta-fija-durante-los-sanfermines\/#breadcrumb"},"inLanguage":"es","potentialAction":[{"@type":"ReadAction","target":["https:\/\/www.laguiadepamplona.com\/actualidad\/el-ayuntamiento-inicia-el-procedimiento-para-adjudicar-115-licencias-para-puestos-de-venta-fija-durante-los-sanfermines\/"]}]},{"@type":"ImageObject","inLanguage":"es","@id":"https:\/\/www.laguiadepamplona.com\/actualidad\/el-ayuntamiento-inicia-el-procedimiento-para-adjudicar-115-licencias-para-puestos-de-venta-fija-durante-los-sanfermines\/#primaryimage","url":"https:\/\/www.laguiadepamplona.com\/actualidad\/wp-content\/uploads\/2023\/05\/CARPAS-5-X-5-FILA-sanfermines-copia.webp","contentUrl":"https:\/\/www.laguiadepamplona.com\/actualidad\/wp-content\/uploads\/2023\/05\/CARPAS-5-X-5-FILA-sanfermines-copia.webp","width":1440,"height":724},{"@type":"BreadcrumbList","@id":"https:\/\/www.laguiadepamplona.com\/actualidad\/el-ayuntamiento-inicia-el-procedimiento-para-adjudicar-115-licencias-para-puestos-de-venta-fija-durante-los-sanfermines\/#breadcrumb","itemListElement":[{"@type":"ListItem","position":1,"name":"Portada","item":"https:\/\/www.laguiadepamplona.com\/actualidad\/"},{"@type":"ListItem","position":2,"name":"El Ayuntamiento inicia el procedimiento para adjudicar 115 licencias para puestos de venta fija durante los Sanfermines"}]},{"@type":"WebSite","@id":"https:\/\/www.laguiadepamplona.com\/actualidad\/#website","url":"https:\/\/www.laguiadepamplona.com\/actualidad\/","name":"La gu\u00eda de Pamplona","description":"Noticias de Pamplona","publisher":{"@id":"https:\/\/www.laguiadepamplona.com\/actualidad\/#organization"},"potentialAction":[{"@type":"SearchAction","target":{"@type":"EntryPoint","urlTemplate":"https:\/\/www.laguiadepamplona.com\/actualidad\/?s={search_term_string}"},"query-input":{"@type":"PropertyValueSpecification","valueRequired":true,"valueName":"search_term_string"}}],"inLanguage":"es"},{"@type":"Organization","@id":"https:\/\/www.laguiadepamplona.com\/actualidad\/#organization","name":"La Gu\u00eda de Pamplona \/ Noticias","url":"https:\/\/www.laguiadepamplona.com\/actualidad\/","logo":{"@type":"ImageObject","inLanguage":"es","@id":"https:\/\/www.laguiadepamplona.com\/actualidad\/#\/schema\/logo\/image\/","url":"https:\/\/www.laguiadepamplona.com\/actualidad\/wp-content\/uploads\/2018\/11\/logo-laguiadepamplona18-web1.png","contentUrl":"https:\/\/www.laguiadepamplona.com\/actualidad\/wp-content\/uploads\/2018\/11\/logo-laguiadepamplona18-web1.png","width":600,"height":196,"caption":"La Gu\u00eda de Pamplona \/ Noticias"},"image":{"@id":"https:\/\/www.laguiadepamplona.com\/actualidad\/#\/schema\/logo\/image\/"},"sameAs":["https:\/\/www.facebook.com\/laguiadepamplonacom-133175176762273\/?ref=hl","https:\/\/x.com\/LaGuiadPamplona","https:\/\/www.instagram.com\/la_guia_de_pamplona\/","https:\/\/www.youtube.com\/user\/laguiadepamplona"]},{"@type":"Person","@id":"https:\/\/www.laguiadepamplona.com\/actualidad\/#\/schema\/person\/efe887376f0213d4657c93adc50b1fdb","name":"La Gu\u00eda de Pamplona","image":{"@type":"ImageObject","inLanguage":"es","@id":"https:\/\/secure.gravatar.com\/avatar\/b6992f131dc8d30ab0dff15446e9d346d9dbd95992de0fef795073f5ea83a81c?s=96&d=mm&r=g","url":"https:\/\/secure.gravatar.com\/avatar\/b6992f131dc8d30ab0dff15446e9d346d9dbd95992de0fef795073f5ea83a81c?s=96&d=mm&r=g","contentUrl":"https:\/\/secure.gravatar.com\/avatar\/b6992f131dc8d30ab0dff15446e9d346d9dbd95992de0fef795073f5ea83a81c?s=96&d=mm&r=g","caption":"La Gu\u00eda de Pamplona"}}]}},"post_mailing_queue_ids":[],"_links":{"self":[{"href":"https:\/\/www.laguiadepamplona.com\/actualidad\/wp-json\/wp\/v2\/posts\/46899","targetHints":{"allow":["GET"]}}],"collection":[{"href":"https:\/\/www.laguiadepamplona.com\/actualidad\/wp-json\/wp\/v2\/posts"}],"about":[{"href":"https:\/\/www.laguiadepamplona.com\/actualidad\/wp-json\/wp\/v2\/types\/post"}],"author":[{"embeddable":true,"href":"https:\/\/www.laguiadepamplona.com\/actualidad\/wp-json\/wp\/v2\/users\/1"}],"replies":[{"embeddable":true,"href":"https:\/\/www.laguiadepamplona.com\/actualidad\/wp-json\/wp\/v2\/comments?post=46899"}],"version-history":[{"count":1,"href":"https:\/\/www.laguiadepamplona.com\/actualidad\/wp-json\/wp\/v2\/posts\/46899\/revisions"}],"predecessor-version":[{"id":46900,"href":"https:\/\/www.laguiadepamplona.com\/actualidad\/wp-json\/wp\/v2\/posts\/46899\/revisions\/46900"}],"wp:featuredmedia":[{"embeddable":true,"href":"https:\/\/www.laguiadepamplona.com\/actualidad\/wp-json\/wp\/v2\/media\/46790"}],"wp:attachment":[{"href":"https:\/\/www.laguiadepamplona.com\/actualidad\/wp-json\/wp\/v2\/media?parent=46899"}],"wp:term":[{"taxonomy":"category","embeddable":true,"href":"https:\/\/www.laguiadepamplona.com\/actualidad\/wp-json\/wp\/v2\/categories?post=46899"},{"taxonomy":"post_tag","embeddable":true,"href":"https:\/\/www.laguiadepamplona.com\/actualidad\/wp-json\/wp\/v2\/tags?post=46899"}],"curies":[{"name":"wp","href":"https:\/\/api.w.org\/{rel}","templated":true}]}}