{"id":46896,"date":"2023-06-01T17:26:00","date_gmt":"2023-06-01T15:26:00","guid":{"rendered":"https:\/\/www.laguiadepamplona.com\/actualidad\/?p=46896"},"modified":"2023-06-01T17:26:00","modified_gmt":"2023-06-01T15:26:00","slug":"adjudicada-la-contratacion-de-la-gestion-del-servicio-municipal-de-intervencion-familiar-en-el-ambito-de-la-promocion-atencion-y-proteccion-a-la-poblacion-infantil","status":"publish","type":"post","link":"https:\/\/www.laguiadepamplona.com\/actualidad\/adjudicada-la-contratacion-de-la-gestion-del-servicio-municipal-de-intervencion-familiar-en-el-ambito-de-la-promocion-atencion-y-proteccion-a-la-poblacion-infantil\/","title":{"rendered":"Adjudicada la contrataci\u00f3n de la gesti\u00f3n del servicio municipal de intervenci\u00f3n familiar en el \u00e1mbito de la promoci\u00f3n, atenci\u00f3n y protecci\u00f3n a la poblaci\u00f3n infantil"},"content":{"rendered":"<h3>El contrato proporciona atenci\u00f3n socioeducativa en los domicilios de familias en las que se detecte riesgo de desprotecci\u00f3n infantil<\/h3>\n<p><!--more--><\/p>\n<p>El Ayuntamiento de Pamplona ha adjudicado el contrato para la gesti\u00f3n de los programas de Intervenci\u00f3n familiar en los domicilios dentro del programa de atenci\u00f3n a la infancia y la familia. La adjudicataria es la sociedad cooperativa de iniciativa social Kamira, para el periodo del 1 de julio de 2023 al 31 de diciembre de 2024, por un importe de 1.228.800 euros y exento de IVA. El presupuesto de licitaci\u00f3n era de 1.541.867,67 euros, lo que genera un remanente de 313.067,67 euros. El contrato contempla una posible pr\u00f3rroga anual, desde el 1 de enero al 31 de diciembre de 2025.<br \/>\n<script async src=\"\/\/pagead2.googlesyndication.com\/pagead\/js\/adsbygoogle.js\"><\/script><br \/>\n<!-- Noticias La Guia de Pamplona --><br \/>\n<ins class=\"adsbygoogle\"\nstyle=\"display:block\"\ndata-ad-client=\"ca-pub-6943679897239327\"\ndata-ad-slot=\"7048180777\"\ndata-ad-format=\"auto\"><\/ins><br \/>\n<script>\n(adsbygoogle = window.adsbygoogle || []).push({});\n<\/script><\/p>\n<p>La sociedad Kamira es la actual adjudicataria, desde el a\u00f1o 2020, del contrato de servicio de intervenci\u00f3n familiar en el \u00e1mbito de la promoci\u00f3n, atenci\u00f3n y protecci\u00f3n de la poblaci\u00f3n infantil. El contrato tiene por objeto la prestaci\u00f3n de atenci\u00f3n socioeducativa en los domicilios de unidades familiares en las que se aprecie, por el equipo t\u00e9cnico responsable, riesgo de desprotecci\u00f3n infantil. Esta intervenci\u00f3n se realiza mediante una intervenci\u00f3n t\u00e9cnica planificada.<\/p>\n<p>El contrato incide en las necesidades de la poblaci\u00f3n infantil y adolescente comprendida entre los 0 y los 18 a\u00f1os. Tambi\u00e9n incluye a sus progenitores o tutores legales, en los que se haya planteado la intervenci\u00f3n educativa familiar para contrarrestar los factores de desprotecci\u00f3n existentes y as\u00ed evitar la separaci\u00f3n de ni\u00f1os, ni\u00f1as y adolescentes de su medio familiar.<br \/>\n<script async src=\"\/\/pagead2.googlesyndication.com\/pagead\/js\/adsbygoogle.js\"><\/script><br \/>\n<!-- Noticias La Guia de Pamplona --><br \/>\n<ins class=\"adsbygoogle\"\nstyle=\"display:block\"\ndata-ad-client=\"ca-pub-6943679897239327\"\ndata-ad-slot=\"7048180777\"\ndata-ad-format=\"auto\"><\/ins><br \/>\n<script>\n(adsbygoogle = window.adsbygoogle || []).push({});\n<\/script><\/p>\n<p>El programa se desarrolla con unidades familiares derivadas desde el Equipo de Atenci\u00f3n a la Infancia en Dificultad Social (EAIA) y\/o desde los Equipos de Infancia (EIF) de las Unidades de Barrio del Ayuntamiento de Pamplona. Es requisito que las familias est\u00e9n empadronadas o residan en Pamplona.<\/p>\n<p>La atenci\u00f3n socioeducativa se gestiona mediante planes individuales y globales de trabajo con cada familia. Estos planes est\u00e1n orientados a modificar las relaciones familiares inadecuadas y a dotar a los padres y\/o madres de las competencias y habilidades para satisfacer las necesidades b\u00e1sicas, emocionales, cognitivas y sociales de sus hijos e hijas y el manejo m\u00e1s eficaz de su conducta.<\/p>\n","protected":false},"excerpt":{"rendered":"<p>El contrato proporciona atenci\u00f3n socioeducativa en los domicilios de familias en las que se detecte riesgo de desprotecci\u00f3n infantil<\/p>\n","protected":false},"author":1,"featured_media":46897,"comment_status":"open","ping_status":"closed","sticky":false,"template":"","format":"standard","meta":{"footnotes":""},"categories":[2],"tags":[],"class_list":["post-46896","post","type-post","status-publish","format-standard","has-post-thumbnail","hentry","category-ayuntamiento-pamplona"],"yoast_head":"<!-- This site is optimized with the Yoast SEO plugin v27.3 - https:\/\/yoast.com\/product\/yoast-seo-wordpress\/ -->\n<title>Adjudicada la contrataci\u00f3n de la gesti\u00f3n del servicio municipal de intervenci\u00f3n familiar en el \u00e1mbito de la promoci\u00f3n, atenci\u00f3n y protecci\u00f3n a la poblaci\u00f3n infantil<\/title>\n<meta name=\"description\" content=\"El contrato proporciona atenci\u00f3n socioeducativa en los domicilios de familias en las que se detecte riesgo de desprotecci\u00f3n infantil\" \/>\n<meta name=\"robots\" content=\"index, follow, max-snippet:-1, max-image-preview:large, max-video-preview:-1\" \/>\n<link rel=\"canonical\" href=\"https:\/\/www.laguiadepamplona.com\/actualidad\/adjudicada-la-contratacion-de-la-gestion-del-servicio-municipal-de-intervencion-familiar-en-el-ambito-de-la-promocion-atencion-y-proteccion-a-la-poblacion-infantil\/\" \/>\n<meta property=\"og:locale\" content=\"es_ES\" \/>\n<meta property=\"og:type\" content=\"article\" \/>\n<meta property=\"og:title\" content=\"Adjudicada la contrataci\u00f3n de la gesti\u00f3n del servicio municipal de intervenci\u00f3n familiar en el \u00e1mbito de la promoci\u00f3n, atenci\u00f3n y protecci\u00f3n a la poblaci\u00f3n infantil\" \/>\n<meta property=\"og:description\" content=\"El contrato proporciona atenci\u00f3n socioeducativa en los domicilios de familias en las que se detecte riesgo de desprotecci\u00f3n infantil\" \/>\n<meta property=\"og:url\" content=\"https:\/\/www.laguiadepamplona.com\/actualidad\/adjudicada-la-contratacion-de-la-gestion-del-servicio-municipal-de-intervencion-familiar-en-el-ambito-de-la-promocion-atencion-y-proteccion-a-la-poblacion-infantil\/\" \/>\n<meta property=\"og:site_name\" content=\"La Gu\u00eda de Pamplona\" \/>\n<meta property=\"article:publisher\" content=\"https:\/\/www.facebook.com\/laguiadepamplonacom-133175176762273\/?ref=hl\" \/>\n<meta property=\"article:published_time\" content=\"2023-06-01T15:26:00+00:00\" \/>\n<meta property=\"og:image\" content=\"https:\/\/www.laguiadepamplona.com\/actualidad\/wp-content\/uploads\/2023\/06\/Participacion-manos-2.webp\" \/>\n\t<meta property=\"og:image:width\" content=\"1920\" \/>\n\t<meta property=\"og:image:height\" content=\"844\" \/>\n\t<meta property=\"og:image:type\" content=\"image\/webp\" \/>\n<meta name=\"author\" content=\"La Gu\u00eda de Pamplona\" \/>\n<meta name=\"twitter:card\" content=\"summary_large_image\" \/>\n<meta name=\"twitter:creator\" content=\"@LaGuiadPamplona\" \/>\n<meta name=\"twitter:site\" content=\"@LaGuiadPamplona\" \/>\n<meta name=\"twitter:label1\" content=\"Escrito por\" \/>\n\t<meta name=\"twitter:data1\" content=\"La Gu\u00eda de Pamplona\" \/>\n\t<meta name=\"twitter:label2\" content=\"Tiempo de lectura\" \/>\n\t<meta name=\"twitter:data2\" content=\"2 minutos\" \/>\n<script type=\"application\/ld+json\" class=\"yoast-schema-graph\">{\"@context\":\"https:\\\/\\\/schema.org\",\"@graph\":[{\"@type\":\"Article\",\"@id\":\"https:\\\/\\\/www.laguiadepamplona.com\\\/actualidad\\\/adjudicada-la-contratacion-de-la-gestion-del-servicio-municipal-de-intervencion-familiar-en-el-ambito-de-la-promocion-atencion-y-proteccion-a-la-poblacion-infantil\\\/#article\",\"isPartOf\":{\"@id\":\"https:\\\/\\\/www.laguiadepamplona.com\\\/actualidad\\\/adjudicada-la-contratacion-de-la-gestion-del-servicio-municipal-de-intervencion-familiar-en-el-ambito-de-la-promocion-atencion-y-proteccion-a-la-poblacion-infantil\\\/\"},\"author\":{\"name\":\"La Gu\u00eda de Pamplona\",\"@id\":\"https:\\\/\\\/www.laguiadepamplona.com\\\/actualidad\\\/#\\\/schema\\\/person\\\/efe887376f0213d4657c93adc50b1fdb\"},\"headline\":\"Adjudicada la contrataci\u00f3n de la gesti\u00f3n del servicio municipal de intervenci\u00f3n familiar en el \u00e1mbito de la promoci\u00f3n, atenci\u00f3n y protecci\u00f3n a la poblaci\u00f3n infantil\",\"datePublished\":\"2023-06-01T15:26:00+00:00\",\"mainEntityOfPage\":{\"@id\":\"https:\\\/\\\/www.laguiadepamplona.com\\\/actualidad\\\/adjudicada-la-contratacion-de-la-gestion-del-servicio-municipal-de-intervencion-familiar-en-el-ambito-de-la-promocion-atencion-y-proteccion-a-la-poblacion-infantil\\\/\"},\"wordCount\":410,\"commentCount\":0,\"publisher\":{\"@id\":\"https:\\\/\\\/www.laguiadepamplona.com\\\/actualidad\\\/#organization\"},\"image\":{\"@id\":\"https:\\\/\\\/www.laguiadepamplona.com\\\/actualidad\\\/adjudicada-la-contratacion-de-la-gestion-del-servicio-municipal-de-intervencion-familiar-en-el-ambito-de-la-promocion-atencion-y-proteccion-a-la-poblacion-infantil\\\/#primaryimage\"},\"thumbnailUrl\":\"https:\\\/\\\/www.laguiadepamplona.com\\\/actualidad\\\/wp-content\\\/uploads\\\/2023\\\/06\\\/Participacion-manos-2.webp\",\"articleSection\":[\"Ayto Pamplona\"],\"inLanguage\":\"es\",\"potentialAction\":[{\"@type\":\"CommentAction\",\"name\":\"Comment\",\"target\":[\"https:\\\/\\\/www.laguiadepamplona.com\\\/actualidad\\\/adjudicada-la-contratacion-de-la-gestion-del-servicio-municipal-de-intervencion-familiar-en-el-ambito-de-la-promocion-atencion-y-proteccion-a-la-poblacion-infantil\\\/#respond\"]}]},{\"@type\":\"WebPage\",\"@id\":\"https:\\\/\\\/www.laguiadepamplona.com\\\/actualidad\\\/adjudicada-la-contratacion-de-la-gestion-del-servicio-municipal-de-intervencion-familiar-en-el-ambito-de-la-promocion-atencion-y-proteccion-a-la-poblacion-infantil\\\/\",\"url\":\"https:\\\/\\\/www.laguiadepamplona.com\\\/actualidad\\\/adjudicada-la-contratacion-de-la-gestion-del-servicio-municipal-de-intervencion-familiar-en-el-ambito-de-la-promocion-atencion-y-proteccion-a-la-poblacion-infantil\\\/\",\"name\":\"Adjudicada la contrataci\u00f3n de la gesti\u00f3n del servicio municipal de intervenci\u00f3n familiar en el \u00e1mbito de la promoci\u00f3n, atenci\u00f3n y protecci\u00f3n a la poblaci\u00f3n infantil\",\"isPartOf\":{\"@id\":\"https:\\\/\\\/www.laguiadepamplona.com\\\/actualidad\\\/#website\"},\"primaryImageOfPage\":{\"@id\":\"https:\\\/\\\/www.laguiadepamplona.com\\\/actualidad\\\/adjudicada-la-contratacion-de-la-gestion-del-servicio-municipal-de-intervencion-familiar-en-el-ambito-de-la-promocion-atencion-y-proteccion-a-la-poblacion-infantil\\\/#primaryimage\"},\"image\":{\"@id\":\"https:\\\/\\\/www.laguiadepamplona.com\\\/actualidad\\\/adjudicada-la-contratacion-de-la-gestion-del-servicio-municipal-de-intervencion-familiar-en-el-ambito-de-la-promocion-atencion-y-proteccion-a-la-poblacion-infantil\\\/#primaryimage\"},\"thumbnailUrl\":\"https:\\\/\\\/www.laguiadepamplona.com\\\/actualidad\\\/wp-content\\\/uploads\\\/2023\\\/06\\\/Participacion-manos-2.webp\",\"datePublished\":\"2023-06-01T15:26:00+00:00\",\"description\":\"El contrato proporciona atenci\u00f3n socioeducativa en los domicilios de familias en las que se detecte riesgo de desprotecci\u00f3n infantil\",\"breadcrumb\":{\"@id\":\"https:\\\/\\\/www.laguiadepamplona.com\\\/actualidad\\\/adjudicada-la-contratacion-de-la-gestion-del-servicio-municipal-de-intervencion-familiar-en-el-ambito-de-la-promocion-atencion-y-proteccion-a-la-poblacion-infantil\\\/#breadcrumb\"},\"inLanguage\":\"es\",\"potentialAction\":[{\"@type\":\"ReadAction\",\"target\":[\"https:\\\/\\\/www.laguiadepamplona.com\\\/actualidad\\\/adjudicada-la-contratacion-de-la-gestion-del-servicio-municipal-de-intervencion-familiar-en-el-ambito-de-la-promocion-atencion-y-proteccion-a-la-poblacion-infantil\\\/\"]}]},{\"@type\":\"ImageObject\",\"inLanguage\":\"es\",\"@id\":\"https:\\\/\\\/www.laguiadepamplona.com\\\/actualidad\\\/adjudicada-la-contratacion-de-la-gestion-del-servicio-municipal-de-intervencion-familiar-en-el-ambito-de-la-promocion-atencion-y-proteccion-a-la-poblacion-infantil\\\/#primaryimage\",\"url\":\"https:\\\/\\\/www.laguiadepamplona.com\\\/actualidad\\\/wp-content\\\/uploads\\\/2023\\\/06\\\/Participacion-manos-2.webp\",\"contentUrl\":\"https:\\\/\\\/www.laguiadepamplona.com\\\/actualidad\\\/wp-content\\\/uploads\\\/2023\\\/06\\\/Participacion-manos-2.webp\",\"width\":1920,\"height\":844},{\"@type\":\"BreadcrumbList\",\"@id\":\"https:\\\/\\\/www.laguiadepamplona.com\\\/actualidad\\\/adjudicada-la-contratacion-de-la-gestion-del-servicio-municipal-de-intervencion-familiar-en-el-ambito-de-la-promocion-atencion-y-proteccion-a-la-poblacion-infantil\\\/#breadcrumb\",\"itemListElement\":[{\"@type\":\"ListItem\",\"position\":1,\"name\":\"Portada\",\"item\":\"https:\\\/\\\/www.laguiadepamplona.com\\\/actualidad\\\/\"},{\"@type\":\"ListItem\",\"position\":2,\"name\":\"Adjudicada la contrataci\u00f3n de la gesti\u00f3n del servicio municipal de intervenci\u00f3n familiar en el \u00e1mbito de la promoci\u00f3n, atenci\u00f3n y protecci\u00f3n a la poblaci\u00f3n infantil\"}]},{\"@type\":\"WebSite\",\"@id\":\"https:\\\/\\\/www.laguiadepamplona.com\\\/actualidad\\\/#website\",\"url\":\"https:\\\/\\\/www.laguiadepamplona.com\\\/actualidad\\\/\",\"name\":\"La gu\u00eda de Pamplona\",\"description\":\"Noticias de Pamplona\",\"publisher\":{\"@id\":\"https:\\\/\\\/www.laguiadepamplona.com\\\/actualidad\\\/#organization\"},\"potentialAction\":[{\"@type\":\"SearchAction\",\"target\":{\"@type\":\"EntryPoint\",\"urlTemplate\":\"https:\\\/\\\/www.laguiadepamplona.com\\\/actualidad\\\/?s={search_term_string}\"},\"query-input\":{\"@type\":\"PropertyValueSpecification\",\"valueRequired\":true,\"valueName\":\"search_term_string\"}}],\"inLanguage\":\"es\"},{\"@type\":\"Organization\",\"@id\":\"https:\\\/\\\/www.laguiadepamplona.com\\\/actualidad\\\/#organization\",\"name\":\"La Gu\u00eda de Pamplona \\\/ Noticias\",\"url\":\"https:\\\/\\\/www.laguiadepamplona.com\\\/actualidad\\\/\",\"logo\":{\"@type\":\"ImageObject\",\"inLanguage\":\"es\",\"@id\":\"https:\\\/\\\/www.laguiadepamplona.com\\\/actualidad\\\/#\\\/schema\\\/logo\\\/image\\\/\",\"url\":\"https:\\\/\\\/www.laguiadepamplona.com\\\/actualidad\\\/wp-content\\\/uploads\\\/2018\\\/11\\\/logo-laguiadepamplona18-web1.png\",\"contentUrl\":\"https:\\\/\\\/www.laguiadepamplona.com\\\/actualidad\\\/wp-content\\\/uploads\\\/2018\\\/11\\\/logo-laguiadepamplona18-web1.png\",\"width\":600,\"height\":196,\"caption\":\"La Gu\u00eda de Pamplona \\\/ Noticias\"},\"image\":{\"@id\":\"https:\\\/\\\/www.laguiadepamplona.com\\\/actualidad\\\/#\\\/schema\\\/logo\\\/image\\\/\"},\"sameAs\":[\"https:\\\/\\\/www.facebook.com\\\/laguiadepamplonacom-133175176762273\\\/?ref=hl\",\"https:\\\/\\\/x.com\\\/LaGuiadPamplona\",\"https:\\\/\\\/www.instagram.com\\\/la_guia_de_pamplona\\\/\",\"https:\\\/\\\/www.youtube.com\\\/user\\\/laguiadepamplona\"]},{\"@type\":\"Person\",\"@id\":\"https:\\\/\\\/www.laguiadepamplona.com\\\/actualidad\\\/#\\\/schema\\\/person\\\/efe887376f0213d4657c93adc50b1fdb\",\"name\":\"La Gu\u00eda de Pamplona\",\"image\":{\"@type\":\"ImageObject\",\"inLanguage\":\"es\",\"@id\":\"https:\\\/\\\/secure.gravatar.com\\\/avatar\\\/b6992f131dc8d30ab0dff15446e9d346d9dbd95992de0fef795073f5ea83a81c?s=96&d=mm&r=g\",\"url\":\"https:\\\/\\\/secure.gravatar.com\\\/avatar\\\/b6992f131dc8d30ab0dff15446e9d346d9dbd95992de0fef795073f5ea83a81c?s=96&d=mm&r=g\",\"contentUrl\":\"https:\\\/\\\/secure.gravatar.com\\\/avatar\\\/b6992f131dc8d30ab0dff15446e9d346d9dbd95992de0fef795073f5ea83a81c?s=96&d=mm&r=g\",\"caption\":\"La Gu\u00eda de Pamplona\"}}]}<\/script>\n<!-- \/ Yoast SEO plugin. -->","yoast_head_json":{"title":"Adjudicada la contrataci\u00f3n de la gesti\u00f3n del servicio municipal de intervenci\u00f3n familiar en el \u00e1mbito de la promoci\u00f3n, atenci\u00f3n y protecci\u00f3n a la poblaci\u00f3n infantil","description":"El contrato proporciona atenci\u00f3n socioeducativa en los domicilios de familias en las que se detecte riesgo de desprotecci\u00f3n infantil","robots":{"index":"index","follow":"follow","max-snippet":"max-snippet:-1","max-image-preview":"max-image-preview:large","max-video-preview":"max-video-preview:-1"},"canonical":"https:\/\/www.laguiadepamplona.com\/actualidad\/adjudicada-la-contratacion-de-la-gestion-del-servicio-municipal-de-intervencion-familiar-en-el-ambito-de-la-promocion-atencion-y-proteccion-a-la-poblacion-infantil\/","og_locale":"es_ES","og_type":"article","og_title":"Adjudicada la contrataci\u00f3n de la gesti\u00f3n del servicio municipal de intervenci\u00f3n familiar en el \u00e1mbito de la promoci\u00f3n, atenci\u00f3n y protecci\u00f3n a la poblaci\u00f3n infantil","og_description":"El contrato proporciona atenci\u00f3n socioeducativa en los domicilios de familias en las que se detecte riesgo de desprotecci\u00f3n infantil","og_url":"https:\/\/www.laguiadepamplona.com\/actualidad\/adjudicada-la-contratacion-de-la-gestion-del-servicio-municipal-de-intervencion-familiar-en-el-ambito-de-la-promocion-atencion-y-proteccion-a-la-poblacion-infantil\/","og_site_name":"La Gu\u00eda de Pamplona","article_publisher":"https:\/\/www.facebook.com\/laguiadepamplonacom-133175176762273\/?ref=hl","article_published_time":"2023-06-01T15:26:00+00:00","og_image":[{"width":1920,"height":844,"url":"https:\/\/www.laguiadepamplona.com\/actualidad\/wp-content\/uploads\/2023\/06\/Participacion-manos-2.webp","type":"image\/webp"}],"author":"La Gu\u00eda de Pamplona","twitter_card":"summary_large_image","twitter_creator":"@LaGuiadPamplona","twitter_site":"@LaGuiadPamplona","twitter_misc":{"Escrito por":"La Gu\u00eda de Pamplona","Tiempo de lectura":"2 minutos"},"schema":{"@context":"https:\/\/schema.org","@graph":[{"@type":"Article","@id":"https:\/\/www.laguiadepamplona.com\/actualidad\/adjudicada-la-contratacion-de-la-gestion-del-servicio-municipal-de-intervencion-familiar-en-el-ambito-de-la-promocion-atencion-y-proteccion-a-la-poblacion-infantil\/#article","isPartOf":{"@id":"https:\/\/www.laguiadepamplona.com\/actualidad\/adjudicada-la-contratacion-de-la-gestion-del-servicio-municipal-de-intervencion-familiar-en-el-ambito-de-la-promocion-atencion-y-proteccion-a-la-poblacion-infantil\/"},"author":{"name":"La Gu\u00eda de Pamplona","@id":"https:\/\/www.laguiadepamplona.com\/actualidad\/#\/schema\/person\/efe887376f0213d4657c93adc50b1fdb"},"headline":"Adjudicada la contrataci\u00f3n de la gesti\u00f3n del servicio municipal de intervenci\u00f3n familiar en el \u00e1mbito de la promoci\u00f3n, atenci\u00f3n y protecci\u00f3n a la poblaci\u00f3n infantil","datePublished":"2023-06-01T15:26:00+00:00","mainEntityOfPage":{"@id":"https:\/\/www.laguiadepamplona.com\/actualidad\/adjudicada-la-contratacion-de-la-gestion-del-servicio-municipal-de-intervencion-familiar-en-el-ambito-de-la-promocion-atencion-y-proteccion-a-la-poblacion-infantil\/"},"wordCount":410,"commentCount":0,"publisher":{"@id":"https:\/\/www.laguiadepamplona.com\/actualidad\/#organization"},"image":{"@id":"https:\/\/www.laguiadepamplona.com\/actualidad\/adjudicada-la-contratacion-de-la-gestion-del-servicio-municipal-de-intervencion-familiar-en-el-ambito-de-la-promocion-atencion-y-proteccion-a-la-poblacion-infantil\/#primaryimage"},"thumbnailUrl":"https:\/\/www.laguiadepamplona.com\/actualidad\/wp-content\/uploads\/2023\/06\/Participacion-manos-2.webp","articleSection":["Ayto Pamplona"],"inLanguage":"es","potentialAction":[{"@type":"CommentAction","name":"Comment","target":["https:\/\/www.laguiadepamplona.com\/actualidad\/adjudicada-la-contratacion-de-la-gestion-del-servicio-municipal-de-intervencion-familiar-en-el-ambito-de-la-promocion-atencion-y-proteccion-a-la-poblacion-infantil\/#respond"]}]},{"@type":"WebPage","@id":"https:\/\/www.laguiadepamplona.com\/actualidad\/adjudicada-la-contratacion-de-la-gestion-del-servicio-municipal-de-intervencion-familiar-en-el-ambito-de-la-promocion-atencion-y-proteccion-a-la-poblacion-infantil\/","url":"https:\/\/www.laguiadepamplona.com\/actualidad\/adjudicada-la-contratacion-de-la-gestion-del-servicio-municipal-de-intervencion-familiar-en-el-ambito-de-la-promocion-atencion-y-proteccion-a-la-poblacion-infantil\/","name":"Adjudicada la contrataci\u00f3n de la gesti\u00f3n del servicio municipal de intervenci\u00f3n familiar en el \u00e1mbito de la promoci\u00f3n, atenci\u00f3n y protecci\u00f3n a la poblaci\u00f3n infantil","isPartOf":{"@id":"https:\/\/www.laguiadepamplona.com\/actualidad\/#website"},"primaryImageOfPage":{"@id":"https:\/\/www.laguiadepamplona.com\/actualidad\/adjudicada-la-contratacion-de-la-gestion-del-servicio-municipal-de-intervencion-familiar-en-el-ambito-de-la-promocion-atencion-y-proteccion-a-la-poblacion-infantil\/#primaryimage"},"image":{"@id":"https:\/\/www.laguiadepamplona.com\/actualidad\/adjudicada-la-contratacion-de-la-gestion-del-servicio-municipal-de-intervencion-familiar-en-el-ambito-de-la-promocion-atencion-y-proteccion-a-la-poblacion-infantil\/#primaryimage"},"thumbnailUrl":"https:\/\/www.laguiadepamplona.com\/actualidad\/wp-content\/uploads\/2023\/06\/Participacion-manos-2.webp","datePublished":"2023-06-01T15:26:00+00:00","description":"El contrato proporciona atenci\u00f3n socioeducativa en los domicilios de familias en las que se detecte riesgo de desprotecci\u00f3n infantil","breadcrumb":{"@id":"https:\/\/www.laguiadepamplona.com\/actualidad\/adjudicada-la-contratacion-de-la-gestion-del-servicio-municipal-de-intervencion-familiar-en-el-ambito-de-la-promocion-atencion-y-proteccion-a-la-poblacion-infantil\/#breadcrumb"},"inLanguage":"es","potentialAction":[{"@type":"ReadAction","target":["https:\/\/www.laguiadepamplona.com\/actualidad\/adjudicada-la-contratacion-de-la-gestion-del-servicio-municipal-de-intervencion-familiar-en-el-ambito-de-la-promocion-atencion-y-proteccion-a-la-poblacion-infantil\/"]}]},{"@type":"ImageObject","inLanguage":"es","@id":"https:\/\/www.laguiadepamplona.com\/actualidad\/adjudicada-la-contratacion-de-la-gestion-del-servicio-municipal-de-intervencion-familiar-en-el-ambito-de-la-promocion-atencion-y-proteccion-a-la-poblacion-infantil\/#primaryimage","url":"https:\/\/www.laguiadepamplona.com\/actualidad\/wp-content\/uploads\/2023\/06\/Participacion-manos-2.webp","contentUrl":"https:\/\/www.laguiadepamplona.com\/actualidad\/wp-content\/uploads\/2023\/06\/Participacion-manos-2.webp","width":1920,"height":844},{"@type":"BreadcrumbList","@id":"https:\/\/www.laguiadepamplona.com\/actualidad\/adjudicada-la-contratacion-de-la-gestion-del-servicio-municipal-de-intervencion-familiar-en-el-ambito-de-la-promocion-atencion-y-proteccion-a-la-poblacion-infantil\/#breadcrumb","itemListElement":[{"@type":"ListItem","position":1,"name":"Portada","item":"https:\/\/www.laguiadepamplona.com\/actualidad\/"},{"@type":"ListItem","position":2,"name":"Adjudicada la contrataci\u00f3n de la gesti\u00f3n del servicio municipal de intervenci\u00f3n familiar en el \u00e1mbito de la promoci\u00f3n, atenci\u00f3n y protecci\u00f3n a la poblaci\u00f3n infantil"}]},{"@type":"WebSite","@id":"https:\/\/www.laguiadepamplona.com\/actualidad\/#website","url":"https:\/\/www.laguiadepamplona.com\/actualidad\/","name":"La gu\u00eda de Pamplona","description":"Noticias de Pamplona","publisher":{"@id":"https:\/\/www.laguiadepamplona.com\/actualidad\/#organization"},"potentialAction":[{"@type":"SearchAction","target":{"@type":"EntryPoint","urlTemplate":"https:\/\/www.laguiadepamplona.com\/actualidad\/?s={search_term_string}"},"query-input":{"@type":"PropertyValueSpecification","valueRequired":true,"valueName":"search_term_string"}}],"inLanguage":"es"},{"@type":"Organization","@id":"https:\/\/www.laguiadepamplona.com\/actualidad\/#organization","name":"La Gu\u00eda de Pamplona \/ Noticias","url":"https:\/\/www.laguiadepamplona.com\/actualidad\/","logo":{"@type":"ImageObject","inLanguage":"es","@id":"https:\/\/www.laguiadepamplona.com\/actualidad\/#\/schema\/logo\/image\/","url":"https:\/\/www.laguiadepamplona.com\/actualidad\/wp-content\/uploads\/2018\/11\/logo-laguiadepamplona18-web1.png","contentUrl":"https:\/\/www.laguiadepamplona.com\/actualidad\/wp-content\/uploads\/2018\/11\/logo-laguiadepamplona18-web1.png","width":600,"height":196,"caption":"La Gu\u00eda de Pamplona \/ Noticias"},"image":{"@id":"https:\/\/www.laguiadepamplona.com\/actualidad\/#\/schema\/logo\/image\/"},"sameAs":["https:\/\/www.facebook.com\/laguiadepamplonacom-133175176762273\/?ref=hl","https:\/\/x.com\/LaGuiadPamplona","https:\/\/www.instagram.com\/la_guia_de_pamplona\/","https:\/\/www.youtube.com\/user\/laguiadepamplona"]},{"@type":"Person","@id":"https:\/\/www.laguiadepamplona.com\/actualidad\/#\/schema\/person\/efe887376f0213d4657c93adc50b1fdb","name":"La Gu\u00eda de Pamplona","image":{"@type":"ImageObject","inLanguage":"es","@id":"https:\/\/secure.gravatar.com\/avatar\/b6992f131dc8d30ab0dff15446e9d346d9dbd95992de0fef795073f5ea83a81c?s=96&d=mm&r=g","url":"https:\/\/secure.gravatar.com\/avatar\/b6992f131dc8d30ab0dff15446e9d346d9dbd95992de0fef795073f5ea83a81c?s=96&d=mm&r=g","contentUrl":"https:\/\/secure.gravatar.com\/avatar\/b6992f131dc8d30ab0dff15446e9d346d9dbd95992de0fef795073f5ea83a81c?s=96&d=mm&r=g","caption":"La Gu\u00eda de Pamplona"}}]}},"post_mailing_queue_ids":[],"_links":{"self":[{"href":"https:\/\/www.laguiadepamplona.com\/actualidad\/wp-json\/wp\/v2\/posts\/46896","targetHints":{"allow":["GET"]}}],"collection":[{"href":"https:\/\/www.laguiadepamplona.com\/actualidad\/wp-json\/wp\/v2\/posts"}],"about":[{"href":"https:\/\/www.laguiadepamplona.com\/actualidad\/wp-json\/wp\/v2\/types\/post"}],"author":[{"embeddable":true,"href":"https:\/\/www.laguiadepamplona.com\/actualidad\/wp-json\/wp\/v2\/users\/1"}],"replies":[{"embeddable":true,"href":"https:\/\/www.laguiadepamplona.com\/actualidad\/wp-json\/wp\/v2\/comments?post=46896"}],"version-history":[{"count":1,"href":"https:\/\/www.laguiadepamplona.com\/actualidad\/wp-json\/wp\/v2\/posts\/46896\/revisions"}],"predecessor-version":[{"id":46898,"href":"https:\/\/www.laguiadepamplona.com\/actualidad\/wp-json\/wp\/v2\/posts\/46896\/revisions\/46898"}],"wp:featuredmedia":[{"embeddable":true,"href":"https:\/\/www.laguiadepamplona.com\/actualidad\/wp-json\/wp\/v2\/media\/46897"}],"wp:attachment":[{"href":"https:\/\/www.laguiadepamplona.com\/actualidad\/wp-json\/wp\/v2\/media?parent=46896"}],"wp:term":[{"taxonomy":"category","embeddable":true,"href":"https:\/\/www.laguiadepamplona.com\/actualidad\/wp-json\/wp\/v2\/categories?post=46896"},{"taxonomy":"post_tag","embeddable":true,"href":"https:\/\/www.laguiadepamplona.com\/actualidad\/wp-json\/wp\/v2\/tags?post=46896"}],"curies":[{"name":"wp","href":"https:\/\/api.w.org\/{rel}","templated":true}]}}