{"id":46893,"date":"2023-06-01T17:23:59","date_gmt":"2023-06-01T15:23:59","guid":{"rendered":"https:\/\/www.laguiadepamplona.com\/actualidad\/?p=46893"},"modified":"2023-06-01T17:23:59","modified_gmt":"2023-06-01T15:23:59","slug":"adjudicado-el-contrato-para-la-gestion-del-servicio-de-informacion-y-recursos-para-la-participacion-que-se-ofrece-a-ciudadania-y-asociaciones-en-zentro","status":"publish","type":"post","link":"https:\/\/www.laguiadepamplona.com\/actualidad\/adjudicado-el-contrato-para-la-gestion-del-servicio-de-informacion-y-recursos-para-la-participacion-que-se-ofrece-a-ciudadania-y-asociaciones-en-zentro\/","title":{"rendered":"Adjudicado el contrato para la gesti\u00f3n del Servicio de Informaci\u00f3n y Recursos para la Participaci\u00f3n que se ofrece a ciudadan\u00eda y asociaciones en Zentro"},"content":{"rendered":"<h3>El contrato, por importe de 143.303,58 euros, abarca el periodo del 1 de junio de 2023 hasta el 31 de mayo de 2024 con opci\u00f3n a una pr\u00f3rroga anual<\/h3>\n<p><!--more--><\/p>\n<p>La Junta de Gobierno Local ha aprobado la adjudicaci\u00f3n del contrato para la gesti\u00f3n del Servicio de Informaci\u00f3n y Recursos para la Participaci\u00f3n Ciudadana (SIRP) que el Ayuntamiento de Pamplona ofrece a ciudadan\u00eda y asociaciones en Zentro Espacio Colaborativo, ubicado en la segunda planta del Palacio del Condestable. El contrato se adjudica a Sedena, por un importe de 118.432,71 euros, m\u00e1s 24.870,87 euros en concepto de IVA, hasta los 143.303,58 euros en total. El contrato est\u00e1 vigente durante el periodo del 1 de junio de 2023 hasta el 31 de mayo de 2024.<br \/>\n<script async src=\"\/\/pagead2.googlesyndication.com\/pagead\/js\/adsbygoogle.js\"><\/script><br \/>\n<!-- Noticias La Guia de Pamplona --><br \/>\n<ins class=\"adsbygoogle\"\nstyle=\"display:block\"\ndata-ad-client=\"ca-pub-6943679897239327\"\ndata-ad-slot=\"7048180777\"\ndata-ad-format=\"auto\"><\/ins><br \/>\n<script>\n(adsbygoogle = window.adsbygoogle || []).push({});\n<\/script><\/p>\n<p>El SIRP proporciona herramientas de funcionamiento colectivo, medios y recursos materiales y virtuales, asesoramiento jur\u00eddico, formaci\u00f3n e informaci\u00f3n para el desarrollo de la participaci\u00f3n individual y colectiva en el municipio de Pamplona. Entre sus funciones se encuentra atender a las asociaciones y la ciudadan\u00eda interesada en participar en cualquiera de los \u00f3rganos previstos en el Reglamento de Participaci\u00f3n Ciudadana; acoger sus demandas y proporcionar orientaci\u00f3n; difundir las convocatorias, cursos, propuestas y actuaciones municipales que tengan por objeto la Participaci\u00f3n Ciudadana, y las acciones de las asociaciones y entidades.<\/p>\n<p>Tambi\u00e9n ofrece un fondo documental especializado en temas de participaci\u00f3n como v\u00eda para la capacitaci\u00f3n para la participaci\u00f3n y asesora en temas relacionados con la participaci\u00f3n y el asociacionismo mediante una asesor\u00eda especializada. Cuenta con un Servicio de Biblioteca y Centro de Documentaci\u00f3n concebido como espacio para la lectura y la investigaci\u00f3n, dotado con ordenadores de mesa de uso p\u00fablico.<br \/>\n<script async src=\"\/\/pagead2.googlesyndication.com\/pagead\/js\/adsbygoogle.js\"><\/script><br \/>\n<!-- Noticias La Guia de Pamplona --><br \/>\n<ins class=\"adsbygoogle\"\nstyle=\"display:block\"\ndata-ad-client=\"ca-pub-6943679897239327\"\ndata-ad-slot=\"7048180777\"\ndata-ad-format=\"auto\"><\/ins><br \/>\n<script>\n(adsbygoogle = window.adsbygoogle || []).push({});\n<\/script><\/p>\n<p>El servicio de informaci\u00f3n se ofrece de lunes a viernes de 9 a 14 horas y de 17 a 20 horas, con horario reducido del 16 de julio al 31 de agosto, solo de ma\u00f1ana, de 9 a 14 horas. Permanece cerrado entre el 1 y el 15 de julio. La Asesor\u00eda Jur\u00eddica atiende los lunes de 9 a 14 y de 17 a 20 horas y los viernes de 9 a 12 y de 17 a 20 horas. En verano, la atenci\u00f3n se concentra en las ma\u00f1anas de lunes, mi\u00e9rcoles y viernes, de 9 a 14 horas.<\/p>\n","protected":false},"excerpt":{"rendered":"<p>El contrato, por importe de 143.303,58 euros, abarca el periodo del 1 de junio de 2023 hasta el 31 de mayo de 2024 con opci\u00f3n a una pr\u00f3rroga anual<\/p>\n","protected":false},"author":1,"featured_media":46894,"comment_status":"open","ping_status":"closed","sticky":false,"template":"","format":"standard","meta":{"footnotes":""},"categories":[2],"tags":[],"class_list":["post-46893","post","type-post","status-publish","format-standard","has-post-thumbnail","hentry","category-ayuntamiento-pamplona"],"yoast_head":"<!-- This site is optimized with the Yoast SEO plugin v27.3 - https:\/\/yoast.com\/product\/yoast-seo-wordpress\/ -->\n<title>Adjudicado el contrato para la gesti\u00f3n del Servicio de Informaci\u00f3n y Recursos para la Participaci\u00f3n que se ofrece a ciudadan\u00eda y asociaciones en Zentro<\/title>\n<meta name=\"description\" content=\"El contrato, por importe de 143.303,58 euros, abarca el periodo del 1 de junio de 2023 hasta el 31 de mayo de 2024 con opci\u00f3n a una pr\u00f3rroga anual\" \/>\n<meta name=\"robots\" content=\"index, follow, max-snippet:-1, max-image-preview:large, max-video-preview:-1\" \/>\n<link rel=\"canonical\" href=\"https:\/\/www.laguiadepamplona.com\/actualidad\/adjudicado-el-contrato-para-la-gestion-del-servicio-de-informacion-y-recursos-para-la-participacion-que-se-ofrece-a-ciudadania-y-asociaciones-en-zentro\/\" \/>\n<meta property=\"og:locale\" content=\"es_ES\" \/>\n<meta property=\"og:type\" content=\"article\" \/>\n<meta property=\"og:title\" content=\"Adjudicado el contrato para la gesti\u00f3n del Servicio de Informaci\u00f3n y Recursos para la Participaci\u00f3n que se ofrece a ciudadan\u00eda y asociaciones en Zentro\" \/>\n<meta property=\"og:description\" content=\"El contrato, por importe de 143.303,58 euros, abarca el periodo del 1 de junio de 2023 hasta el 31 de mayo de 2024 con opci\u00f3n a una pr\u00f3rroga anual\" \/>\n<meta property=\"og:url\" content=\"https:\/\/www.laguiadepamplona.com\/actualidad\/adjudicado-el-contrato-para-la-gestion-del-servicio-de-informacion-y-recursos-para-la-participacion-que-se-ofrece-a-ciudadania-y-asociaciones-en-zentro\/\" \/>\n<meta property=\"og:site_name\" content=\"La Gu\u00eda de Pamplona\" \/>\n<meta property=\"article:publisher\" content=\"https:\/\/www.facebook.com\/laguiadepamplonacom-133175176762273\/?ref=hl\" \/>\n<meta property=\"article:published_time\" content=\"2023-06-01T15:23:59+00:00\" \/>\n<meta property=\"og:image\" content=\"https:\/\/www.laguiadepamplona.com\/actualidad\/wp-content\/uploads\/2023\/06\/biblioteca.webp\" \/>\n\t<meta property=\"og:image:width\" content=\"1920\" \/>\n\t<meta property=\"og:image:height\" content=\"1440\" \/>\n\t<meta property=\"og:image:type\" content=\"image\/webp\" \/>\n<meta name=\"author\" content=\"La Gu\u00eda de Pamplona\" \/>\n<meta name=\"twitter:card\" content=\"summary_large_image\" \/>\n<meta name=\"twitter:creator\" content=\"@LaGuiadPamplona\" \/>\n<meta name=\"twitter:site\" content=\"@LaGuiadPamplona\" \/>\n<meta name=\"twitter:label1\" content=\"Escrito por\" \/>\n\t<meta name=\"twitter:data1\" content=\"La Gu\u00eda de Pamplona\" \/>\n\t<meta name=\"twitter:label2\" content=\"Tiempo de lectura\" \/>\n\t<meta name=\"twitter:data2\" content=\"2 minutos\" \/>\n<script type=\"application\/ld+json\" class=\"yoast-schema-graph\">{\"@context\":\"https:\\\/\\\/schema.org\",\"@graph\":[{\"@type\":\"Article\",\"@id\":\"https:\\\/\\\/www.laguiadepamplona.com\\\/actualidad\\\/adjudicado-el-contrato-para-la-gestion-del-servicio-de-informacion-y-recursos-para-la-participacion-que-se-ofrece-a-ciudadania-y-asociaciones-en-zentro\\\/#article\",\"isPartOf\":{\"@id\":\"https:\\\/\\\/www.laguiadepamplona.com\\\/actualidad\\\/adjudicado-el-contrato-para-la-gestion-del-servicio-de-informacion-y-recursos-para-la-participacion-que-se-ofrece-a-ciudadania-y-asociaciones-en-zentro\\\/\"},\"author\":{\"name\":\"La Gu\u00eda de Pamplona\",\"@id\":\"https:\\\/\\\/www.laguiadepamplona.com\\\/actualidad\\\/#\\\/schema\\\/person\\\/efe887376f0213d4657c93adc50b1fdb\"},\"headline\":\"Adjudicado el contrato para la gesti\u00f3n del Servicio de Informaci\u00f3n y Recursos para la Participaci\u00f3n que se ofrece a ciudadan\u00eda y asociaciones en Zentro\",\"datePublished\":\"2023-06-01T15:23:59+00:00\",\"mainEntityOfPage\":{\"@id\":\"https:\\\/\\\/www.laguiadepamplona.com\\\/actualidad\\\/adjudicado-el-contrato-para-la-gestion-del-servicio-de-informacion-y-recursos-para-la-participacion-que-se-ofrece-a-ciudadania-y-asociaciones-en-zentro\\\/\"},\"wordCount\":397,\"commentCount\":0,\"publisher\":{\"@id\":\"https:\\\/\\\/www.laguiadepamplona.com\\\/actualidad\\\/#organization\"},\"image\":{\"@id\":\"https:\\\/\\\/www.laguiadepamplona.com\\\/actualidad\\\/adjudicado-el-contrato-para-la-gestion-del-servicio-de-informacion-y-recursos-para-la-participacion-que-se-ofrece-a-ciudadania-y-asociaciones-en-zentro\\\/#primaryimage\"},\"thumbnailUrl\":\"https:\\\/\\\/www.laguiadepamplona.com\\\/actualidad\\\/wp-content\\\/uploads\\\/2023\\\/06\\\/biblioteca.webp\",\"articleSection\":[\"Ayto Pamplona\"],\"inLanguage\":\"es\",\"potentialAction\":[{\"@type\":\"CommentAction\",\"name\":\"Comment\",\"target\":[\"https:\\\/\\\/www.laguiadepamplona.com\\\/actualidad\\\/adjudicado-el-contrato-para-la-gestion-del-servicio-de-informacion-y-recursos-para-la-participacion-que-se-ofrece-a-ciudadania-y-asociaciones-en-zentro\\\/#respond\"]}]},{\"@type\":\"WebPage\",\"@id\":\"https:\\\/\\\/www.laguiadepamplona.com\\\/actualidad\\\/adjudicado-el-contrato-para-la-gestion-del-servicio-de-informacion-y-recursos-para-la-participacion-que-se-ofrece-a-ciudadania-y-asociaciones-en-zentro\\\/\",\"url\":\"https:\\\/\\\/www.laguiadepamplona.com\\\/actualidad\\\/adjudicado-el-contrato-para-la-gestion-del-servicio-de-informacion-y-recursos-para-la-participacion-que-se-ofrece-a-ciudadania-y-asociaciones-en-zentro\\\/\",\"name\":\"Adjudicado el contrato para la gesti\u00f3n del Servicio de Informaci\u00f3n y Recursos para la Participaci\u00f3n que se ofrece a ciudadan\u00eda y asociaciones en Zentro\",\"isPartOf\":{\"@id\":\"https:\\\/\\\/www.laguiadepamplona.com\\\/actualidad\\\/#website\"},\"primaryImageOfPage\":{\"@id\":\"https:\\\/\\\/www.laguiadepamplona.com\\\/actualidad\\\/adjudicado-el-contrato-para-la-gestion-del-servicio-de-informacion-y-recursos-para-la-participacion-que-se-ofrece-a-ciudadania-y-asociaciones-en-zentro\\\/#primaryimage\"},\"image\":{\"@id\":\"https:\\\/\\\/www.laguiadepamplona.com\\\/actualidad\\\/adjudicado-el-contrato-para-la-gestion-del-servicio-de-informacion-y-recursos-para-la-participacion-que-se-ofrece-a-ciudadania-y-asociaciones-en-zentro\\\/#primaryimage\"},\"thumbnailUrl\":\"https:\\\/\\\/www.laguiadepamplona.com\\\/actualidad\\\/wp-content\\\/uploads\\\/2023\\\/06\\\/biblioteca.webp\",\"datePublished\":\"2023-06-01T15:23:59+00:00\",\"description\":\"El contrato, por importe de 143.303,58 euros, abarca el periodo del 1 de junio de 2023 hasta el 31 de mayo de 2024 con opci\u00f3n a una pr\u00f3rroga anual\",\"breadcrumb\":{\"@id\":\"https:\\\/\\\/www.laguiadepamplona.com\\\/actualidad\\\/adjudicado-el-contrato-para-la-gestion-del-servicio-de-informacion-y-recursos-para-la-participacion-que-se-ofrece-a-ciudadania-y-asociaciones-en-zentro\\\/#breadcrumb\"},\"inLanguage\":\"es\",\"potentialAction\":[{\"@type\":\"ReadAction\",\"target\":[\"https:\\\/\\\/www.laguiadepamplona.com\\\/actualidad\\\/adjudicado-el-contrato-para-la-gestion-del-servicio-de-informacion-y-recursos-para-la-participacion-que-se-ofrece-a-ciudadania-y-asociaciones-en-zentro\\\/\"]}]},{\"@type\":\"ImageObject\",\"inLanguage\":\"es\",\"@id\":\"https:\\\/\\\/www.laguiadepamplona.com\\\/actualidad\\\/adjudicado-el-contrato-para-la-gestion-del-servicio-de-informacion-y-recursos-para-la-participacion-que-se-ofrece-a-ciudadania-y-asociaciones-en-zentro\\\/#primaryimage\",\"url\":\"https:\\\/\\\/www.laguiadepamplona.com\\\/actualidad\\\/wp-content\\\/uploads\\\/2023\\\/06\\\/biblioteca.webp\",\"contentUrl\":\"https:\\\/\\\/www.laguiadepamplona.com\\\/actualidad\\\/wp-content\\\/uploads\\\/2023\\\/06\\\/biblioteca.webp\",\"width\":1920,\"height\":1440},{\"@type\":\"BreadcrumbList\",\"@id\":\"https:\\\/\\\/www.laguiadepamplona.com\\\/actualidad\\\/adjudicado-el-contrato-para-la-gestion-del-servicio-de-informacion-y-recursos-para-la-participacion-que-se-ofrece-a-ciudadania-y-asociaciones-en-zentro\\\/#breadcrumb\",\"itemListElement\":[{\"@type\":\"ListItem\",\"position\":1,\"name\":\"Portada\",\"item\":\"https:\\\/\\\/www.laguiadepamplona.com\\\/actualidad\\\/\"},{\"@type\":\"ListItem\",\"position\":2,\"name\":\"Adjudicado el contrato para la gesti\u00f3n del Servicio de Informaci\u00f3n y Recursos para la Participaci\u00f3n que se ofrece a ciudadan\u00eda y asociaciones en Zentro\"}]},{\"@type\":\"WebSite\",\"@id\":\"https:\\\/\\\/www.laguiadepamplona.com\\\/actualidad\\\/#website\",\"url\":\"https:\\\/\\\/www.laguiadepamplona.com\\\/actualidad\\\/\",\"name\":\"La gu\u00eda de Pamplona\",\"description\":\"Noticias de Pamplona\",\"publisher\":{\"@id\":\"https:\\\/\\\/www.laguiadepamplona.com\\\/actualidad\\\/#organization\"},\"potentialAction\":[{\"@type\":\"SearchAction\",\"target\":{\"@type\":\"EntryPoint\",\"urlTemplate\":\"https:\\\/\\\/www.laguiadepamplona.com\\\/actualidad\\\/?s={search_term_string}\"},\"query-input\":{\"@type\":\"PropertyValueSpecification\",\"valueRequired\":true,\"valueName\":\"search_term_string\"}}],\"inLanguage\":\"es\"},{\"@type\":\"Organization\",\"@id\":\"https:\\\/\\\/www.laguiadepamplona.com\\\/actualidad\\\/#organization\",\"name\":\"La Gu\u00eda de Pamplona \\\/ Noticias\",\"url\":\"https:\\\/\\\/www.laguiadepamplona.com\\\/actualidad\\\/\",\"logo\":{\"@type\":\"ImageObject\",\"inLanguage\":\"es\",\"@id\":\"https:\\\/\\\/www.laguiadepamplona.com\\\/actualidad\\\/#\\\/schema\\\/logo\\\/image\\\/\",\"url\":\"https:\\\/\\\/www.laguiadepamplona.com\\\/actualidad\\\/wp-content\\\/uploads\\\/2018\\\/11\\\/logo-laguiadepamplona18-web1.png\",\"contentUrl\":\"https:\\\/\\\/www.laguiadepamplona.com\\\/actualidad\\\/wp-content\\\/uploads\\\/2018\\\/11\\\/logo-laguiadepamplona18-web1.png\",\"width\":600,\"height\":196,\"caption\":\"La Gu\u00eda de Pamplona \\\/ Noticias\"},\"image\":{\"@id\":\"https:\\\/\\\/www.laguiadepamplona.com\\\/actualidad\\\/#\\\/schema\\\/logo\\\/image\\\/\"},\"sameAs\":[\"https:\\\/\\\/www.facebook.com\\\/laguiadepamplonacom-133175176762273\\\/?ref=hl\",\"https:\\\/\\\/x.com\\\/LaGuiadPamplona\",\"https:\\\/\\\/www.instagram.com\\\/la_guia_de_pamplona\\\/\",\"https:\\\/\\\/www.youtube.com\\\/user\\\/laguiadepamplona\"]},{\"@type\":\"Person\",\"@id\":\"https:\\\/\\\/www.laguiadepamplona.com\\\/actualidad\\\/#\\\/schema\\\/person\\\/efe887376f0213d4657c93adc50b1fdb\",\"name\":\"La Gu\u00eda de Pamplona\",\"image\":{\"@type\":\"ImageObject\",\"inLanguage\":\"es\",\"@id\":\"https:\\\/\\\/secure.gravatar.com\\\/avatar\\\/b6992f131dc8d30ab0dff15446e9d346d9dbd95992de0fef795073f5ea83a81c?s=96&d=mm&r=g\",\"url\":\"https:\\\/\\\/secure.gravatar.com\\\/avatar\\\/b6992f131dc8d30ab0dff15446e9d346d9dbd95992de0fef795073f5ea83a81c?s=96&d=mm&r=g\",\"contentUrl\":\"https:\\\/\\\/secure.gravatar.com\\\/avatar\\\/b6992f131dc8d30ab0dff15446e9d346d9dbd95992de0fef795073f5ea83a81c?s=96&d=mm&r=g\",\"caption\":\"La Gu\u00eda de Pamplona\"}}]}<\/script>\n<!-- \/ Yoast SEO plugin. -->","yoast_head_json":{"title":"Adjudicado el contrato para la gesti\u00f3n del Servicio de Informaci\u00f3n y Recursos para la Participaci\u00f3n que se ofrece a ciudadan\u00eda y asociaciones en Zentro","description":"El contrato, por importe de 143.303,58 euros, abarca el periodo del 1 de junio de 2023 hasta el 31 de mayo de 2024 con opci\u00f3n a una pr\u00f3rroga anual","robots":{"index":"index","follow":"follow","max-snippet":"max-snippet:-1","max-image-preview":"max-image-preview:large","max-video-preview":"max-video-preview:-1"},"canonical":"https:\/\/www.laguiadepamplona.com\/actualidad\/adjudicado-el-contrato-para-la-gestion-del-servicio-de-informacion-y-recursos-para-la-participacion-que-se-ofrece-a-ciudadania-y-asociaciones-en-zentro\/","og_locale":"es_ES","og_type":"article","og_title":"Adjudicado el contrato para la gesti\u00f3n del Servicio de Informaci\u00f3n y Recursos para la Participaci\u00f3n que se ofrece a ciudadan\u00eda y asociaciones en Zentro","og_description":"El contrato, por importe de 143.303,58 euros, abarca el periodo del 1 de junio de 2023 hasta el 31 de mayo de 2024 con opci\u00f3n a una pr\u00f3rroga anual","og_url":"https:\/\/www.laguiadepamplona.com\/actualidad\/adjudicado-el-contrato-para-la-gestion-del-servicio-de-informacion-y-recursos-para-la-participacion-que-se-ofrece-a-ciudadania-y-asociaciones-en-zentro\/","og_site_name":"La Gu\u00eda de Pamplona","article_publisher":"https:\/\/www.facebook.com\/laguiadepamplonacom-133175176762273\/?ref=hl","article_published_time":"2023-06-01T15:23:59+00:00","og_image":[{"width":1920,"height":1440,"url":"https:\/\/www.laguiadepamplona.com\/actualidad\/wp-content\/uploads\/2023\/06\/biblioteca.webp","type":"image\/webp"}],"author":"La Gu\u00eda de Pamplona","twitter_card":"summary_large_image","twitter_creator":"@LaGuiadPamplona","twitter_site":"@LaGuiadPamplona","twitter_misc":{"Escrito por":"La Gu\u00eda de Pamplona","Tiempo de lectura":"2 minutos"},"schema":{"@context":"https:\/\/schema.org","@graph":[{"@type":"Article","@id":"https:\/\/www.laguiadepamplona.com\/actualidad\/adjudicado-el-contrato-para-la-gestion-del-servicio-de-informacion-y-recursos-para-la-participacion-que-se-ofrece-a-ciudadania-y-asociaciones-en-zentro\/#article","isPartOf":{"@id":"https:\/\/www.laguiadepamplona.com\/actualidad\/adjudicado-el-contrato-para-la-gestion-del-servicio-de-informacion-y-recursos-para-la-participacion-que-se-ofrece-a-ciudadania-y-asociaciones-en-zentro\/"},"author":{"name":"La Gu\u00eda de Pamplona","@id":"https:\/\/www.laguiadepamplona.com\/actualidad\/#\/schema\/person\/efe887376f0213d4657c93adc50b1fdb"},"headline":"Adjudicado el contrato para la gesti\u00f3n del Servicio de Informaci\u00f3n y Recursos para la Participaci\u00f3n que se ofrece a ciudadan\u00eda y asociaciones en Zentro","datePublished":"2023-06-01T15:23:59+00:00","mainEntityOfPage":{"@id":"https:\/\/www.laguiadepamplona.com\/actualidad\/adjudicado-el-contrato-para-la-gestion-del-servicio-de-informacion-y-recursos-para-la-participacion-que-se-ofrece-a-ciudadania-y-asociaciones-en-zentro\/"},"wordCount":397,"commentCount":0,"publisher":{"@id":"https:\/\/www.laguiadepamplona.com\/actualidad\/#organization"},"image":{"@id":"https:\/\/www.laguiadepamplona.com\/actualidad\/adjudicado-el-contrato-para-la-gestion-del-servicio-de-informacion-y-recursos-para-la-participacion-que-se-ofrece-a-ciudadania-y-asociaciones-en-zentro\/#primaryimage"},"thumbnailUrl":"https:\/\/www.laguiadepamplona.com\/actualidad\/wp-content\/uploads\/2023\/06\/biblioteca.webp","articleSection":["Ayto Pamplona"],"inLanguage":"es","potentialAction":[{"@type":"CommentAction","name":"Comment","target":["https:\/\/www.laguiadepamplona.com\/actualidad\/adjudicado-el-contrato-para-la-gestion-del-servicio-de-informacion-y-recursos-para-la-participacion-que-se-ofrece-a-ciudadania-y-asociaciones-en-zentro\/#respond"]}]},{"@type":"WebPage","@id":"https:\/\/www.laguiadepamplona.com\/actualidad\/adjudicado-el-contrato-para-la-gestion-del-servicio-de-informacion-y-recursos-para-la-participacion-que-se-ofrece-a-ciudadania-y-asociaciones-en-zentro\/","url":"https:\/\/www.laguiadepamplona.com\/actualidad\/adjudicado-el-contrato-para-la-gestion-del-servicio-de-informacion-y-recursos-para-la-participacion-que-se-ofrece-a-ciudadania-y-asociaciones-en-zentro\/","name":"Adjudicado el contrato para la gesti\u00f3n del Servicio de Informaci\u00f3n y Recursos para la Participaci\u00f3n que se ofrece a ciudadan\u00eda y asociaciones en Zentro","isPartOf":{"@id":"https:\/\/www.laguiadepamplona.com\/actualidad\/#website"},"primaryImageOfPage":{"@id":"https:\/\/www.laguiadepamplona.com\/actualidad\/adjudicado-el-contrato-para-la-gestion-del-servicio-de-informacion-y-recursos-para-la-participacion-que-se-ofrece-a-ciudadania-y-asociaciones-en-zentro\/#primaryimage"},"image":{"@id":"https:\/\/www.laguiadepamplona.com\/actualidad\/adjudicado-el-contrato-para-la-gestion-del-servicio-de-informacion-y-recursos-para-la-participacion-que-se-ofrece-a-ciudadania-y-asociaciones-en-zentro\/#primaryimage"},"thumbnailUrl":"https:\/\/www.laguiadepamplona.com\/actualidad\/wp-content\/uploads\/2023\/06\/biblioteca.webp","datePublished":"2023-06-01T15:23:59+00:00","description":"El contrato, por importe de 143.303,58 euros, abarca el periodo del 1 de junio de 2023 hasta el 31 de mayo de 2024 con opci\u00f3n a una pr\u00f3rroga anual","breadcrumb":{"@id":"https:\/\/www.laguiadepamplona.com\/actualidad\/adjudicado-el-contrato-para-la-gestion-del-servicio-de-informacion-y-recursos-para-la-participacion-que-se-ofrece-a-ciudadania-y-asociaciones-en-zentro\/#breadcrumb"},"inLanguage":"es","potentialAction":[{"@type":"ReadAction","target":["https:\/\/www.laguiadepamplona.com\/actualidad\/adjudicado-el-contrato-para-la-gestion-del-servicio-de-informacion-y-recursos-para-la-participacion-que-se-ofrece-a-ciudadania-y-asociaciones-en-zentro\/"]}]},{"@type":"ImageObject","inLanguage":"es","@id":"https:\/\/www.laguiadepamplona.com\/actualidad\/adjudicado-el-contrato-para-la-gestion-del-servicio-de-informacion-y-recursos-para-la-participacion-que-se-ofrece-a-ciudadania-y-asociaciones-en-zentro\/#primaryimage","url":"https:\/\/www.laguiadepamplona.com\/actualidad\/wp-content\/uploads\/2023\/06\/biblioteca.webp","contentUrl":"https:\/\/www.laguiadepamplona.com\/actualidad\/wp-content\/uploads\/2023\/06\/biblioteca.webp","width":1920,"height":1440},{"@type":"BreadcrumbList","@id":"https:\/\/www.laguiadepamplona.com\/actualidad\/adjudicado-el-contrato-para-la-gestion-del-servicio-de-informacion-y-recursos-para-la-participacion-que-se-ofrece-a-ciudadania-y-asociaciones-en-zentro\/#breadcrumb","itemListElement":[{"@type":"ListItem","position":1,"name":"Portada","item":"https:\/\/www.laguiadepamplona.com\/actualidad\/"},{"@type":"ListItem","position":2,"name":"Adjudicado el contrato para la gesti\u00f3n del Servicio de Informaci\u00f3n y Recursos para la Participaci\u00f3n que se ofrece a ciudadan\u00eda y asociaciones en Zentro"}]},{"@type":"WebSite","@id":"https:\/\/www.laguiadepamplona.com\/actualidad\/#website","url":"https:\/\/www.laguiadepamplona.com\/actualidad\/","name":"La gu\u00eda de Pamplona","description":"Noticias de Pamplona","publisher":{"@id":"https:\/\/www.laguiadepamplona.com\/actualidad\/#organization"},"potentialAction":[{"@type":"SearchAction","target":{"@type":"EntryPoint","urlTemplate":"https:\/\/www.laguiadepamplona.com\/actualidad\/?s={search_term_string}"},"query-input":{"@type":"PropertyValueSpecification","valueRequired":true,"valueName":"search_term_string"}}],"inLanguage":"es"},{"@type":"Organization","@id":"https:\/\/www.laguiadepamplona.com\/actualidad\/#organization","name":"La Gu\u00eda de Pamplona \/ Noticias","url":"https:\/\/www.laguiadepamplona.com\/actualidad\/","logo":{"@type":"ImageObject","inLanguage":"es","@id":"https:\/\/www.laguiadepamplona.com\/actualidad\/#\/schema\/logo\/image\/","url":"https:\/\/www.laguiadepamplona.com\/actualidad\/wp-content\/uploads\/2018\/11\/logo-laguiadepamplona18-web1.png","contentUrl":"https:\/\/www.laguiadepamplona.com\/actualidad\/wp-content\/uploads\/2018\/11\/logo-laguiadepamplona18-web1.png","width":600,"height":196,"caption":"La Gu\u00eda de Pamplona \/ Noticias"},"image":{"@id":"https:\/\/www.laguiadepamplona.com\/actualidad\/#\/schema\/logo\/image\/"},"sameAs":["https:\/\/www.facebook.com\/laguiadepamplonacom-133175176762273\/?ref=hl","https:\/\/x.com\/LaGuiadPamplona","https:\/\/www.instagram.com\/la_guia_de_pamplona\/","https:\/\/www.youtube.com\/user\/laguiadepamplona"]},{"@type":"Person","@id":"https:\/\/www.laguiadepamplona.com\/actualidad\/#\/schema\/person\/efe887376f0213d4657c93adc50b1fdb","name":"La Gu\u00eda de Pamplona","image":{"@type":"ImageObject","inLanguage":"es","@id":"https:\/\/secure.gravatar.com\/avatar\/b6992f131dc8d30ab0dff15446e9d346d9dbd95992de0fef795073f5ea83a81c?s=96&d=mm&r=g","url":"https:\/\/secure.gravatar.com\/avatar\/b6992f131dc8d30ab0dff15446e9d346d9dbd95992de0fef795073f5ea83a81c?s=96&d=mm&r=g","contentUrl":"https:\/\/secure.gravatar.com\/avatar\/b6992f131dc8d30ab0dff15446e9d346d9dbd95992de0fef795073f5ea83a81c?s=96&d=mm&r=g","caption":"La Gu\u00eda de Pamplona"}}]}},"post_mailing_queue_ids":[],"_links":{"self":[{"href":"https:\/\/www.laguiadepamplona.com\/actualidad\/wp-json\/wp\/v2\/posts\/46893","targetHints":{"allow":["GET"]}}],"collection":[{"href":"https:\/\/www.laguiadepamplona.com\/actualidad\/wp-json\/wp\/v2\/posts"}],"about":[{"href":"https:\/\/www.laguiadepamplona.com\/actualidad\/wp-json\/wp\/v2\/types\/post"}],"author":[{"embeddable":true,"href":"https:\/\/www.laguiadepamplona.com\/actualidad\/wp-json\/wp\/v2\/users\/1"}],"replies":[{"embeddable":true,"href":"https:\/\/www.laguiadepamplona.com\/actualidad\/wp-json\/wp\/v2\/comments?post=46893"}],"version-history":[{"count":1,"href":"https:\/\/www.laguiadepamplona.com\/actualidad\/wp-json\/wp\/v2\/posts\/46893\/revisions"}],"predecessor-version":[{"id":46895,"href":"https:\/\/www.laguiadepamplona.com\/actualidad\/wp-json\/wp\/v2\/posts\/46893\/revisions\/46895"}],"wp:featuredmedia":[{"embeddable":true,"href":"https:\/\/www.laguiadepamplona.com\/actualidad\/wp-json\/wp\/v2\/media\/46894"}],"wp:attachment":[{"href":"https:\/\/www.laguiadepamplona.com\/actualidad\/wp-json\/wp\/v2\/media?parent=46893"}],"wp:term":[{"taxonomy":"category","embeddable":true,"href":"https:\/\/www.laguiadepamplona.com\/actualidad\/wp-json\/wp\/v2\/categories?post=46893"},{"taxonomy":"post_tag","embeddable":true,"href":"https:\/\/www.laguiadepamplona.com\/actualidad\/wp-json\/wp\/v2\/tags?post=46893"}],"curies":[{"name":"wp","href":"https:\/\/api.w.org\/{rel}","templated":true}]}}