{"id":46888,"date":"2023-06-01T17:13:35","date_gmt":"2023-06-01T15:13:35","guid":{"rendered":"https:\/\/www.laguiadepamplona.com\/actualidad\/?p=46888"},"modified":"2023-06-01T17:13:35","modified_gmt":"2023-06-01T15:13:35","slug":"el-9-de-junio-se-publican-las-listas-definitivas-de-admision-de-las-escuelas-infantiles-publicas-de-pamplona","status":"publish","type":"post","link":"https:\/\/www.laguiadepamplona.com\/actualidad\/el-9-de-junio-se-publican-las-listas-definitivas-de-admision-de-las-escuelas-infantiles-publicas-de-pamplona\/","title":{"rendered":"El 9 de junio se publican las listas definitivas de admisi\u00f3n de las escuelas infantiles p\u00fablicas de Pamplona"},"content":{"rendered":"<h3>Las reclamaciones van a ser resueltas teniendo en cuenta la nueva documentaci\u00f3n aportada por las familias u obtenida directamente de las Administraciones P\u00fablicas<\/h3>\n<p><!--more--><\/p>\n<p>Las listas definitivas de personas admitidas en las escuelas infantiles p\u00fablicas de Pamplona se dar\u00e1n a conocer el pr\u00f3ximo viernes, 9 de junio, tras haber analizado las alegaciones que se presentaron a las listas provisionales. Los listados podr\u00e1n consultarse en la <a href=\"https:\/\/www.pamplona.es\/escuelasinfantiles\/\" target=\"_blank\" rel=\"noopener\">p\u00e1gina web de las escuelas infantiles del Ayuntamiento de Pamplona<\/a>, en el espacio web que a tal efecto habilite el Departamento de Educaci\u00f3n, en el cat\u00e1logo de tr\u00e1mites del portal <a href=\"http:\/\/www.navarra.es\/\" target=\"_blank\" rel=\"noopener\">navarra.es<\/a> y en cada uno de los centros educativos ofertados, tanto de titularidad municipal como del Gobierno de Navarra. El plazo de matr\u00edcula comprender\u00e1 desde el 9 hasta el 16 de junio de 2023, ambos inclusive.<\/p>\n<p>La red de escuelas infantiles p\u00fablicas de Pamplona, que incluye los centros del Ayuntamiento y del Gobierno de Navarra, recibi\u00f3 1.574 preinscripciones de menores de 0 a 3 a\u00f1os para el pr\u00f3ximo curso. De todas ellas, el 86,5% (1.362) eran para las escuelas infantiles de titularidad municipal y un 13,5% (212) para las del Gobierno foral.<\/p>\n<p>Las listas provisionales de admisi\u00f3n fueron publicadas el pasado 9 de mayo y en el periodo de reclamaciones se presentaron 375, que suponen una cifra muy elevada, teniendo en cuenta que en a\u00f1os precedentes la cifra total era sensiblemente inferior, en el pasado a\u00f1o 2022 fueron 69. De ellas, la inmensa mayor\u00eda se refer\u00edan a la presentaci\u00f3n de los documentos correspondientes al alta en la Seguridad Social. Para garantizar el mayor rigor jur\u00eddico en el an\u00e1lisis de las 375 reclamaciones se retras\u00f3 la publicaci\u00f3n de las listas definitivas y los plazos de matr\u00edcula. Contra las listas definitivas que se publicar\u00e1n el pr\u00f3ximo 9 de junio, las personas interesadas podr\u00e1n interponer recurso de alzada frente a la entidad titular de la escuela infantil en la que hayan pedido plaza en primer lugar en las solicitudes de admisi\u00f3n.<br \/>\n<script async src=\"\/\/pagead2.googlesyndication.com\/pagead\/js\/adsbygoogle.js\"><\/script><br \/>\n<!-- Noticias La Guia de Pamplona --><br \/>\n<ins class=\"adsbygoogle\"\nstyle=\"display:block\"\ndata-ad-client=\"ca-pub-6943679897239327\"\ndata-ad-slot=\"7048180777\"\ndata-ad-format=\"auto\"><\/ins><br \/>\n<script>\n(adsbygoogle = window.adsbygoogle || []).push({});\n<\/script><\/p>\n<p>Estas \u00faltimas semanas, el Departamento de Educaci\u00f3n y el Ayuntamiento de Pamplona han trabajado para tratar de consensuar un criterio jur\u00eddico com\u00fan para la resoluci\u00f3n de las reclamaciones, dado que los informes emitidos por los servicios jur\u00eddicos de ambas administraciones son claramente discrepantes.<\/p>\n<p>Finalmente, el Departamento de Educaci\u00f3n y el Ayuntamiento de Pamplona han acordado que dada la significativa mayor\u00eda de reclamaciones presentadas respecto a las solicitudes de plazas de las escuelas infantiles de titularidad del Ayuntamiento de Pamplona (aproximadamente el 95% de las reclamaciones), y ante la necesidad de contar con un criterio \u00fanico que garantice el principio de igualdad en el acceso a las escuelas infantiles de Pamplona, se utilice para la resoluci\u00f3n de las mismas el criterio indicado por la Direcci\u00f3n de la Asesor\u00eda Jur\u00eddica del Ayuntamiento de Pamplona.<\/p>\n<p>La comisi\u00f3n de valoraci\u00f3n prevista por la normativa es la encargada de resolver las reclamaciones presentadas, de forma que se va a tener en cuenta la documentaci\u00f3n aportada por las familias en el periodo de reclamaci\u00f3n o bien la documentaci\u00f3n obtenida directamente de las Administraciones P\u00fablicas.<br \/>\n<script async src=\"\/\/pagead2.googlesyndication.com\/pagead\/js\/adsbygoogle.js\"><\/script><br \/>\n<!-- Noticias La Guia de Pamplona --><br \/>\n<ins class=\"adsbygoogle\"\nstyle=\"display:block\"\ndata-ad-client=\"ca-pub-6943679897239327\"\ndata-ad-slot=\"7048180777\"\ndata-ad-format=\"auto\"><\/ins><br \/>\n<script>\n(adsbygoogle = window.adsbygoogle || []).push({});\n<\/script><\/p>\n<p>&nbsp;<\/p>\n<table width=\"1200\">\n<tbody>\n<tr>\n<td colspan=\"4\" width=\"1200\"><strong>CALENDARIO PROCEDIMIENTO ADMISI\u00d3N ESCUELAS INFANTILES P\u00daBLICAS DE PAMPLONA CURSO 2023-2024<\/strong><\/td>\n<\/tr>\n<tr>\n<td rowspan=\"5\" width=\"106\"><strong>PLAZO ORDINARIO<\/strong><\/td>\n<td width=\"741\"><strong>Proceso<\/strong><\/td>\n<td width=\"159\"><strong>Fecha inicio<\/strong><\/td>\n<td width=\"194\"><strong>Fecha fin<\/strong><\/td>\n<\/tr>\n<tr>\n<td width=\"741\">Publicaci\u00f3n de las listas definitivas de admisi\u00f3n 1<\/td>\n<td width=\"159\">&nbsp;<\/td>\n<td width=\"194\">9 junio<\/td>\n<\/tr>\n<tr>\n<td width=\"741\">Plazo de matr\u00edcula 1<\/p>\n<p><strong>La no formalizaci\u00f3n de la matr\u00edcula determinar\u00e1 la p\u00e9rdida de la plaza obtenida<\/strong><\/td>\n<td width=\"159\">9 junio<\/td>\n<td width=\"194\">16 junio<\/td>\n<\/tr>\n<tr>\n<td width=\"741\">Publicaci\u00f3n de las listas definitivas de admisi\u00f3n 2<\/td>\n<td width=\"159\">&nbsp;<\/td>\n<td width=\"194\">20 junio<\/td>\n<\/tr>\n<tr>\n<td width=\"741\">Plazo de matr\u00edcula 2<\/p>\n<p><strong>La no formalizaci\u00f3n de la matr\u00edcula determinar\u00e1 la p\u00e9rdida de la plaza obtenida<\/strong><\/td>\n<td width=\"159\">20 junio<\/td>\n<td width=\"194\">23 junio<\/td>\n<\/tr>\n<tr>\n<td width=\"106\"><strong>FUERA DE PLAZO<\/strong><\/td>\n<td width=\"741\">Solicitud de admisi\u00f3n siempre y cuando en el momento de su presentaci\u00f3n el ni\u00f1o o ni\u00f1a tenga cumplidas 16 semanas<\/td>\n<td width=\"159\">21 agosto<\/td>\n<td width=\"194\">Fecha de inicio del periodo de reserva de plaza para el curso 2024-2025<\/td>\n<\/tr>\n<\/tbody>\n<\/table>\n<p>&nbsp;<\/p>\n<p>&nbsp;<\/p>\n<p>&nbsp;<\/p>\n","protected":false},"excerpt":{"rendered":"<p>Las reclamaciones van a ser resueltas teniendo en cuenta la nueva documentaci\u00f3n aportada por las familias u obtenida directamente de las Administraciones P\u00fablicas<\/p>\n","protected":false},"author":1,"featured_media":46627,"comment_status":"open","ping_status":"closed","sticky":false,"template":"","format":"standard","meta":{"footnotes":""},"categories":[2],"tags":[],"class_list":["post-46888","post","type-post","status-publish","format-standard","has-post-thumbnail","hentry","category-ayuntamiento-pamplona"],"yoast_head":"<!-- This site is optimized with the Yoast SEO plugin v27.3 - https:\/\/yoast.com\/product\/yoast-seo-wordpress\/ -->\n<title>El 9 de junio se publican las listas definitivas de admisi\u00f3n de las escuelas infantiles p\u00fablicas de Pamplona<\/title>\n<meta name=\"description\" content=\"Las reclamaciones van a ser resueltas teniendo en cuenta la nueva documentaci\u00f3n aportada por las familias u obtenida directamente de las Administraciones P\u00fablicas\" \/>\n<meta name=\"robots\" content=\"index, follow, max-snippet:-1, max-image-preview:large, max-video-preview:-1\" \/>\n<link rel=\"canonical\" href=\"https:\/\/www.laguiadepamplona.com\/actualidad\/el-9-de-junio-se-publican-las-listas-definitivas-de-admision-de-las-escuelas-infantiles-publicas-de-pamplona\/\" \/>\n<meta property=\"og:locale\" content=\"es_ES\" \/>\n<meta property=\"og:type\" content=\"article\" \/>\n<meta property=\"og:title\" content=\"El 9 de junio se publican las listas definitivas de admisi\u00f3n de las escuelas infantiles p\u00fablicas de Pamplona\" \/>\n<meta property=\"og:description\" content=\"Las reclamaciones van a ser resueltas teniendo en cuenta la nueva documentaci\u00f3n aportada por las familias u obtenida directamente de las Administraciones P\u00fablicas\" \/>\n<meta property=\"og:url\" content=\"https:\/\/www.laguiadepamplona.com\/actualidad\/el-9-de-junio-se-publican-las-listas-definitivas-de-admision-de-las-escuelas-infantiles-publicas-de-pamplona\/\" \/>\n<meta property=\"og:site_name\" content=\"La Gu\u00eda de Pamplona\" \/>\n<meta property=\"article:publisher\" content=\"https:\/\/www.facebook.com\/laguiadepamplonacom-133175176762273\/?ref=hl\" \/>\n<meta property=\"article:published_time\" content=\"2023-06-01T15:13:35+00:00\" \/>\n<meta property=\"og:image\" content=\"https:\/\/www.laguiadepamplona.com\/actualidad\/wp-content\/uploads\/2023\/05\/escuela-infantil_Q5A1994.webp\" \/>\n\t<meta property=\"og:image:width\" content=\"1920\" \/>\n\t<meta property=\"og:image:height\" content=\"1281\" \/>\n\t<meta property=\"og:image:type\" content=\"image\/webp\" \/>\n<meta name=\"author\" content=\"La Gu\u00eda de Pamplona\" \/>\n<meta name=\"twitter:card\" content=\"summary_large_image\" \/>\n<meta name=\"twitter:creator\" content=\"@LaGuiadPamplona\" \/>\n<meta name=\"twitter:site\" content=\"@LaGuiadPamplona\" \/>\n<meta name=\"twitter:label1\" content=\"Escrito por\" \/>\n\t<meta name=\"twitter:data1\" content=\"La Gu\u00eda de Pamplona\" \/>\n\t<meta name=\"twitter:label2\" content=\"Tiempo de lectura\" \/>\n\t<meta name=\"twitter:data2\" content=\"3 minutos\" \/>\n<script type=\"application\/ld+json\" class=\"yoast-schema-graph\">{\"@context\":\"https:\\\/\\\/schema.org\",\"@graph\":[{\"@type\":\"Article\",\"@id\":\"https:\\\/\\\/www.laguiadepamplona.com\\\/actualidad\\\/el-9-de-junio-se-publican-las-listas-definitivas-de-admision-de-las-escuelas-infantiles-publicas-de-pamplona\\\/#article\",\"isPartOf\":{\"@id\":\"https:\\\/\\\/www.laguiadepamplona.com\\\/actualidad\\\/el-9-de-junio-se-publican-las-listas-definitivas-de-admision-de-las-escuelas-infantiles-publicas-de-pamplona\\\/\"},\"author\":{\"name\":\"La Gu\u00eda de Pamplona\",\"@id\":\"https:\\\/\\\/www.laguiadepamplona.com\\\/actualidad\\\/#\\\/schema\\\/person\\\/efe887376f0213d4657c93adc50b1fdb\"},\"headline\":\"El 9 de junio se publican las listas definitivas de admisi\u00f3n de las escuelas infantiles p\u00fablicas de Pamplona\",\"datePublished\":\"2023-06-01T15:13:35+00:00\",\"mainEntityOfPage\":{\"@id\":\"https:\\\/\\\/www.laguiadepamplona.com\\\/actualidad\\\/el-9-de-junio-se-publican-las-listas-definitivas-de-admision-de-las-escuelas-infantiles-publicas-de-pamplona\\\/\"},\"wordCount\":676,\"commentCount\":0,\"publisher\":{\"@id\":\"https:\\\/\\\/www.laguiadepamplona.com\\\/actualidad\\\/#organization\"},\"image\":{\"@id\":\"https:\\\/\\\/www.laguiadepamplona.com\\\/actualidad\\\/el-9-de-junio-se-publican-las-listas-definitivas-de-admision-de-las-escuelas-infantiles-publicas-de-pamplona\\\/#primaryimage\"},\"thumbnailUrl\":\"https:\\\/\\\/www.laguiadepamplona.com\\\/actualidad\\\/wp-content\\\/uploads\\\/2023\\\/05\\\/escuela-infantil_Q5A1994.webp\",\"articleSection\":[\"Ayto Pamplona\"],\"inLanguage\":\"es\",\"potentialAction\":[{\"@type\":\"CommentAction\",\"name\":\"Comment\",\"target\":[\"https:\\\/\\\/www.laguiadepamplona.com\\\/actualidad\\\/el-9-de-junio-se-publican-las-listas-definitivas-de-admision-de-las-escuelas-infantiles-publicas-de-pamplona\\\/#respond\"]}]},{\"@type\":\"WebPage\",\"@id\":\"https:\\\/\\\/www.laguiadepamplona.com\\\/actualidad\\\/el-9-de-junio-se-publican-las-listas-definitivas-de-admision-de-las-escuelas-infantiles-publicas-de-pamplona\\\/\",\"url\":\"https:\\\/\\\/www.laguiadepamplona.com\\\/actualidad\\\/el-9-de-junio-se-publican-las-listas-definitivas-de-admision-de-las-escuelas-infantiles-publicas-de-pamplona\\\/\",\"name\":\"El 9 de junio se publican las listas definitivas de admisi\u00f3n de las escuelas infantiles p\u00fablicas de Pamplona\",\"isPartOf\":{\"@id\":\"https:\\\/\\\/www.laguiadepamplona.com\\\/actualidad\\\/#website\"},\"primaryImageOfPage\":{\"@id\":\"https:\\\/\\\/www.laguiadepamplona.com\\\/actualidad\\\/el-9-de-junio-se-publican-las-listas-definitivas-de-admision-de-las-escuelas-infantiles-publicas-de-pamplona\\\/#primaryimage\"},\"image\":{\"@id\":\"https:\\\/\\\/www.laguiadepamplona.com\\\/actualidad\\\/el-9-de-junio-se-publican-las-listas-definitivas-de-admision-de-las-escuelas-infantiles-publicas-de-pamplona\\\/#primaryimage\"},\"thumbnailUrl\":\"https:\\\/\\\/www.laguiadepamplona.com\\\/actualidad\\\/wp-content\\\/uploads\\\/2023\\\/05\\\/escuela-infantil_Q5A1994.webp\",\"datePublished\":\"2023-06-01T15:13:35+00:00\",\"description\":\"Las reclamaciones van a ser resueltas teniendo en cuenta la nueva documentaci\u00f3n aportada por las familias u obtenida directamente de las Administraciones P\u00fablicas\",\"breadcrumb\":{\"@id\":\"https:\\\/\\\/www.laguiadepamplona.com\\\/actualidad\\\/el-9-de-junio-se-publican-las-listas-definitivas-de-admision-de-las-escuelas-infantiles-publicas-de-pamplona\\\/#breadcrumb\"},\"inLanguage\":\"es\",\"potentialAction\":[{\"@type\":\"ReadAction\",\"target\":[\"https:\\\/\\\/www.laguiadepamplona.com\\\/actualidad\\\/el-9-de-junio-se-publican-las-listas-definitivas-de-admision-de-las-escuelas-infantiles-publicas-de-pamplona\\\/\"]}]},{\"@type\":\"ImageObject\",\"inLanguage\":\"es\",\"@id\":\"https:\\\/\\\/www.laguiadepamplona.com\\\/actualidad\\\/el-9-de-junio-se-publican-las-listas-definitivas-de-admision-de-las-escuelas-infantiles-publicas-de-pamplona\\\/#primaryimage\",\"url\":\"https:\\\/\\\/www.laguiadepamplona.com\\\/actualidad\\\/wp-content\\\/uploads\\\/2023\\\/05\\\/escuela-infantil_Q5A1994.webp\",\"contentUrl\":\"https:\\\/\\\/www.laguiadepamplona.com\\\/actualidad\\\/wp-content\\\/uploads\\\/2023\\\/05\\\/escuela-infantil_Q5A1994.webp\",\"width\":1920,\"height\":1281},{\"@type\":\"BreadcrumbList\",\"@id\":\"https:\\\/\\\/www.laguiadepamplona.com\\\/actualidad\\\/el-9-de-junio-se-publican-las-listas-definitivas-de-admision-de-las-escuelas-infantiles-publicas-de-pamplona\\\/#breadcrumb\",\"itemListElement\":[{\"@type\":\"ListItem\",\"position\":1,\"name\":\"Portada\",\"item\":\"https:\\\/\\\/www.laguiadepamplona.com\\\/actualidad\\\/\"},{\"@type\":\"ListItem\",\"position\":2,\"name\":\"El 9 de junio se publican las listas definitivas de admisi\u00f3n de las escuelas infantiles p\u00fablicas de Pamplona\"}]},{\"@type\":\"WebSite\",\"@id\":\"https:\\\/\\\/www.laguiadepamplona.com\\\/actualidad\\\/#website\",\"url\":\"https:\\\/\\\/www.laguiadepamplona.com\\\/actualidad\\\/\",\"name\":\"La gu\u00eda de Pamplona\",\"description\":\"Noticias de Pamplona\",\"publisher\":{\"@id\":\"https:\\\/\\\/www.laguiadepamplona.com\\\/actualidad\\\/#organization\"},\"potentialAction\":[{\"@type\":\"SearchAction\",\"target\":{\"@type\":\"EntryPoint\",\"urlTemplate\":\"https:\\\/\\\/www.laguiadepamplona.com\\\/actualidad\\\/?s={search_term_string}\"},\"query-input\":{\"@type\":\"PropertyValueSpecification\",\"valueRequired\":true,\"valueName\":\"search_term_string\"}}],\"inLanguage\":\"es\"},{\"@type\":\"Organization\",\"@id\":\"https:\\\/\\\/www.laguiadepamplona.com\\\/actualidad\\\/#organization\",\"name\":\"La Gu\u00eda de Pamplona \\\/ Noticias\",\"url\":\"https:\\\/\\\/www.laguiadepamplona.com\\\/actualidad\\\/\",\"logo\":{\"@type\":\"ImageObject\",\"inLanguage\":\"es\",\"@id\":\"https:\\\/\\\/www.laguiadepamplona.com\\\/actualidad\\\/#\\\/schema\\\/logo\\\/image\\\/\",\"url\":\"https:\\\/\\\/www.laguiadepamplona.com\\\/actualidad\\\/wp-content\\\/uploads\\\/2018\\\/11\\\/logo-laguiadepamplona18-web1.png\",\"contentUrl\":\"https:\\\/\\\/www.laguiadepamplona.com\\\/actualidad\\\/wp-content\\\/uploads\\\/2018\\\/11\\\/logo-laguiadepamplona18-web1.png\",\"width\":600,\"height\":196,\"caption\":\"La Gu\u00eda de Pamplona \\\/ Noticias\"},\"image\":{\"@id\":\"https:\\\/\\\/www.laguiadepamplona.com\\\/actualidad\\\/#\\\/schema\\\/logo\\\/image\\\/\"},\"sameAs\":[\"https:\\\/\\\/www.facebook.com\\\/laguiadepamplonacom-133175176762273\\\/?ref=hl\",\"https:\\\/\\\/x.com\\\/LaGuiadPamplona\",\"https:\\\/\\\/www.instagram.com\\\/la_guia_de_pamplona\\\/\",\"https:\\\/\\\/www.youtube.com\\\/user\\\/laguiadepamplona\"]},{\"@type\":\"Person\",\"@id\":\"https:\\\/\\\/www.laguiadepamplona.com\\\/actualidad\\\/#\\\/schema\\\/person\\\/efe887376f0213d4657c93adc50b1fdb\",\"name\":\"La Gu\u00eda de Pamplona\",\"image\":{\"@type\":\"ImageObject\",\"inLanguage\":\"es\",\"@id\":\"https:\\\/\\\/secure.gravatar.com\\\/avatar\\\/b6992f131dc8d30ab0dff15446e9d346d9dbd95992de0fef795073f5ea83a81c?s=96&d=mm&r=g\",\"url\":\"https:\\\/\\\/secure.gravatar.com\\\/avatar\\\/b6992f131dc8d30ab0dff15446e9d346d9dbd95992de0fef795073f5ea83a81c?s=96&d=mm&r=g\",\"contentUrl\":\"https:\\\/\\\/secure.gravatar.com\\\/avatar\\\/b6992f131dc8d30ab0dff15446e9d346d9dbd95992de0fef795073f5ea83a81c?s=96&d=mm&r=g\",\"caption\":\"La Gu\u00eda de Pamplona\"}}]}<\/script>\n<!-- \/ Yoast SEO plugin. -->","yoast_head_json":{"title":"El 9 de junio se publican las listas definitivas de admisi\u00f3n de las escuelas infantiles p\u00fablicas de Pamplona","description":"Las reclamaciones van a ser resueltas teniendo en cuenta la nueva documentaci\u00f3n aportada por las familias u obtenida directamente de las Administraciones P\u00fablicas","robots":{"index":"index","follow":"follow","max-snippet":"max-snippet:-1","max-image-preview":"max-image-preview:large","max-video-preview":"max-video-preview:-1"},"canonical":"https:\/\/www.laguiadepamplona.com\/actualidad\/el-9-de-junio-se-publican-las-listas-definitivas-de-admision-de-las-escuelas-infantiles-publicas-de-pamplona\/","og_locale":"es_ES","og_type":"article","og_title":"El 9 de junio se publican las listas definitivas de admisi\u00f3n de las escuelas infantiles p\u00fablicas de Pamplona","og_description":"Las reclamaciones van a ser resueltas teniendo en cuenta la nueva documentaci\u00f3n aportada por las familias u obtenida directamente de las Administraciones P\u00fablicas","og_url":"https:\/\/www.laguiadepamplona.com\/actualidad\/el-9-de-junio-se-publican-las-listas-definitivas-de-admision-de-las-escuelas-infantiles-publicas-de-pamplona\/","og_site_name":"La Gu\u00eda de Pamplona","article_publisher":"https:\/\/www.facebook.com\/laguiadepamplonacom-133175176762273\/?ref=hl","article_published_time":"2023-06-01T15:13:35+00:00","og_image":[{"width":1920,"height":1281,"url":"https:\/\/www.laguiadepamplona.com\/actualidad\/wp-content\/uploads\/2023\/05\/escuela-infantil_Q5A1994.webp","type":"image\/webp"}],"author":"La Gu\u00eda de Pamplona","twitter_card":"summary_large_image","twitter_creator":"@LaGuiadPamplona","twitter_site":"@LaGuiadPamplona","twitter_misc":{"Escrito por":"La Gu\u00eda de Pamplona","Tiempo de lectura":"3 minutos"},"schema":{"@context":"https:\/\/schema.org","@graph":[{"@type":"Article","@id":"https:\/\/www.laguiadepamplona.com\/actualidad\/el-9-de-junio-se-publican-las-listas-definitivas-de-admision-de-las-escuelas-infantiles-publicas-de-pamplona\/#article","isPartOf":{"@id":"https:\/\/www.laguiadepamplona.com\/actualidad\/el-9-de-junio-se-publican-las-listas-definitivas-de-admision-de-las-escuelas-infantiles-publicas-de-pamplona\/"},"author":{"name":"La Gu\u00eda de Pamplona","@id":"https:\/\/www.laguiadepamplona.com\/actualidad\/#\/schema\/person\/efe887376f0213d4657c93adc50b1fdb"},"headline":"El 9 de junio se publican las listas definitivas de admisi\u00f3n de las escuelas infantiles p\u00fablicas de Pamplona","datePublished":"2023-06-01T15:13:35+00:00","mainEntityOfPage":{"@id":"https:\/\/www.laguiadepamplona.com\/actualidad\/el-9-de-junio-se-publican-las-listas-definitivas-de-admision-de-las-escuelas-infantiles-publicas-de-pamplona\/"},"wordCount":676,"commentCount":0,"publisher":{"@id":"https:\/\/www.laguiadepamplona.com\/actualidad\/#organization"},"image":{"@id":"https:\/\/www.laguiadepamplona.com\/actualidad\/el-9-de-junio-se-publican-las-listas-definitivas-de-admision-de-las-escuelas-infantiles-publicas-de-pamplona\/#primaryimage"},"thumbnailUrl":"https:\/\/www.laguiadepamplona.com\/actualidad\/wp-content\/uploads\/2023\/05\/escuela-infantil_Q5A1994.webp","articleSection":["Ayto Pamplona"],"inLanguage":"es","potentialAction":[{"@type":"CommentAction","name":"Comment","target":["https:\/\/www.laguiadepamplona.com\/actualidad\/el-9-de-junio-se-publican-las-listas-definitivas-de-admision-de-las-escuelas-infantiles-publicas-de-pamplona\/#respond"]}]},{"@type":"WebPage","@id":"https:\/\/www.laguiadepamplona.com\/actualidad\/el-9-de-junio-se-publican-las-listas-definitivas-de-admision-de-las-escuelas-infantiles-publicas-de-pamplona\/","url":"https:\/\/www.laguiadepamplona.com\/actualidad\/el-9-de-junio-se-publican-las-listas-definitivas-de-admision-de-las-escuelas-infantiles-publicas-de-pamplona\/","name":"El 9 de junio se publican las listas definitivas de admisi\u00f3n de las escuelas infantiles p\u00fablicas de Pamplona","isPartOf":{"@id":"https:\/\/www.laguiadepamplona.com\/actualidad\/#website"},"primaryImageOfPage":{"@id":"https:\/\/www.laguiadepamplona.com\/actualidad\/el-9-de-junio-se-publican-las-listas-definitivas-de-admision-de-las-escuelas-infantiles-publicas-de-pamplona\/#primaryimage"},"image":{"@id":"https:\/\/www.laguiadepamplona.com\/actualidad\/el-9-de-junio-se-publican-las-listas-definitivas-de-admision-de-las-escuelas-infantiles-publicas-de-pamplona\/#primaryimage"},"thumbnailUrl":"https:\/\/www.laguiadepamplona.com\/actualidad\/wp-content\/uploads\/2023\/05\/escuela-infantil_Q5A1994.webp","datePublished":"2023-06-01T15:13:35+00:00","description":"Las reclamaciones van a ser resueltas teniendo en cuenta la nueva documentaci\u00f3n aportada por las familias u obtenida directamente de las Administraciones P\u00fablicas","breadcrumb":{"@id":"https:\/\/www.laguiadepamplona.com\/actualidad\/el-9-de-junio-se-publican-las-listas-definitivas-de-admision-de-las-escuelas-infantiles-publicas-de-pamplona\/#breadcrumb"},"inLanguage":"es","potentialAction":[{"@type":"ReadAction","target":["https:\/\/www.laguiadepamplona.com\/actualidad\/el-9-de-junio-se-publican-las-listas-definitivas-de-admision-de-las-escuelas-infantiles-publicas-de-pamplona\/"]}]},{"@type":"ImageObject","inLanguage":"es","@id":"https:\/\/www.laguiadepamplona.com\/actualidad\/el-9-de-junio-se-publican-las-listas-definitivas-de-admision-de-las-escuelas-infantiles-publicas-de-pamplona\/#primaryimage","url":"https:\/\/www.laguiadepamplona.com\/actualidad\/wp-content\/uploads\/2023\/05\/escuela-infantil_Q5A1994.webp","contentUrl":"https:\/\/www.laguiadepamplona.com\/actualidad\/wp-content\/uploads\/2023\/05\/escuela-infantil_Q5A1994.webp","width":1920,"height":1281},{"@type":"BreadcrumbList","@id":"https:\/\/www.laguiadepamplona.com\/actualidad\/el-9-de-junio-se-publican-las-listas-definitivas-de-admision-de-las-escuelas-infantiles-publicas-de-pamplona\/#breadcrumb","itemListElement":[{"@type":"ListItem","position":1,"name":"Portada","item":"https:\/\/www.laguiadepamplona.com\/actualidad\/"},{"@type":"ListItem","position":2,"name":"El 9 de junio se publican las listas definitivas de admisi\u00f3n de las escuelas infantiles p\u00fablicas de Pamplona"}]},{"@type":"WebSite","@id":"https:\/\/www.laguiadepamplona.com\/actualidad\/#website","url":"https:\/\/www.laguiadepamplona.com\/actualidad\/","name":"La gu\u00eda de Pamplona","description":"Noticias de Pamplona","publisher":{"@id":"https:\/\/www.laguiadepamplona.com\/actualidad\/#organization"},"potentialAction":[{"@type":"SearchAction","target":{"@type":"EntryPoint","urlTemplate":"https:\/\/www.laguiadepamplona.com\/actualidad\/?s={search_term_string}"},"query-input":{"@type":"PropertyValueSpecification","valueRequired":true,"valueName":"search_term_string"}}],"inLanguage":"es"},{"@type":"Organization","@id":"https:\/\/www.laguiadepamplona.com\/actualidad\/#organization","name":"La Gu\u00eda de Pamplona \/ Noticias","url":"https:\/\/www.laguiadepamplona.com\/actualidad\/","logo":{"@type":"ImageObject","inLanguage":"es","@id":"https:\/\/www.laguiadepamplona.com\/actualidad\/#\/schema\/logo\/image\/","url":"https:\/\/www.laguiadepamplona.com\/actualidad\/wp-content\/uploads\/2018\/11\/logo-laguiadepamplona18-web1.png","contentUrl":"https:\/\/www.laguiadepamplona.com\/actualidad\/wp-content\/uploads\/2018\/11\/logo-laguiadepamplona18-web1.png","width":600,"height":196,"caption":"La Gu\u00eda de Pamplona \/ Noticias"},"image":{"@id":"https:\/\/www.laguiadepamplona.com\/actualidad\/#\/schema\/logo\/image\/"},"sameAs":["https:\/\/www.facebook.com\/laguiadepamplonacom-133175176762273\/?ref=hl","https:\/\/x.com\/LaGuiadPamplona","https:\/\/www.instagram.com\/la_guia_de_pamplona\/","https:\/\/www.youtube.com\/user\/laguiadepamplona"]},{"@type":"Person","@id":"https:\/\/www.laguiadepamplona.com\/actualidad\/#\/schema\/person\/efe887376f0213d4657c93adc50b1fdb","name":"La Gu\u00eda de Pamplona","image":{"@type":"ImageObject","inLanguage":"es","@id":"https:\/\/secure.gravatar.com\/avatar\/b6992f131dc8d30ab0dff15446e9d346d9dbd95992de0fef795073f5ea83a81c?s=96&d=mm&r=g","url":"https:\/\/secure.gravatar.com\/avatar\/b6992f131dc8d30ab0dff15446e9d346d9dbd95992de0fef795073f5ea83a81c?s=96&d=mm&r=g","contentUrl":"https:\/\/secure.gravatar.com\/avatar\/b6992f131dc8d30ab0dff15446e9d346d9dbd95992de0fef795073f5ea83a81c?s=96&d=mm&r=g","caption":"La Gu\u00eda de Pamplona"}}]}},"post_mailing_queue_ids":[],"_links":{"self":[{"href":"https:\/\/www.laguiadepamplona.com\/actualidad\/wp-json\/wp\/v2\/posts\/46888","targetHints":{"allow":["GET"]}}],"collection":[{"href":"https:\/\/www.laguiadepamplona.com\/actualidad\/wp-json\/wp\/v2\/posts"}],"about":[{"href":"https:\/\/www.laguiadepamplona.com\/actualidad\/wp-json\/wp\/v2\/types\/post"}],"author":[{"embeddable":true,"href":"https:\/\/www.laguiadepamplona.com\/actualidad\/wp-json\/wp\/v2\/users\/1"}],"replies":[{"embeddable":true,"href":"https:\/\/www.laguiadepamplona.com\/actualidad\/wp-json\/wp\/v2\/comments?post=46888"}],"version-history":[{"count":1,"href":"https:\/\/www.laguiadepamplona.com\/actualidad\/wp-json\/wp\/v2\/posts\/46888\/revisions"}],"predecessor-version":[{"id":46889,"href":"https:\/\/www.laguiadepamplona.com\/actualidad\/wp-json\/wp\/v2\/posts\/46888\/revisions\/46889"}],"wp:featuredmedia":[{"embeddable":true,"href":"https:\/\/www.laguiadepamplona.com\/actualidad\/wp-json\/wp\/v2\/media\/46627"}],"wp:attachment":[{"href":"https:\/\/www.laguiadepamplona.com\/actualidad\/wp-json\/wp\/v2\/media?parent=46888"}],"wp:term":[{"taxonomy":"category","embeddable":true,"href":"https:\/\/www.laguiadepamplona.com\/actualidad\/wp-json\/wp\/v2\/categories?post=46888"},{"taxonomy":"post_tag","embeddable":true,"href":"https:\/\/www.laguiadepamplona.com\/actualidad\/wp-json\/wp\/v2\/tags?post=46888"}],"curies":[{"name":"wp","href":"https:\/\/api.w.org\/{rel}","templated":true}]}}