{"id":46863,"date":"2023-05-30T16:40:56","date_gmt":"2023-05-30T14:40:56","guid":{"rendered":"https:\/\/www.laguiadepamplona.com\/actualidad\/?p=46863"},"modified":"2023-05-30T16:40:56","modified_gmt":"2023-05-30T14:40:56","slug":"pamplona-preve-destinar-65-millones-de-euros-para-el-mantenimiento-de-edificios-y-viviendas-municipales-en-los-proximos-tres-anos","status":"publish","type":"post","link":"https:\/\/www.laguiadepamplona.com\/actualidad\/pamplona-preve-destinar-65-millones-de-euros-para-el-mantenimiento-de-edificios-y-viviendas-municipales-en-los-proximos-tres-anos\/","title":{"rendered":"Pamplona prev\u00e9 destinar 6,5 millones de euros para el mantenimiento de edificios y viviendas municipales en los pr\u00f3ximos tres a\u00f1os"},"content":{"rendered":"<h3>El contrato, separado en dos lotes diferentes, incluye tambi\u00e9n los ascensores urbanos y las rampas mec\u00e1nicas<\/h3>\n<p><!--more--><\/p>\n<p>El Ayuntamiento de Pamplona ha acordado destinar un m\u00e1ximo de 6.585.000 para las labores de mantenimiento y conservaci\u00f3n de edificios p\u00fablicos, viviendas municipales y ascensores de titularidad o gesti\u00f3n municipal durante los pr\u00f3ximos tres a\u00f1os. As\u00ed lo ha aprobado la Junta de Gobierno Local, que especifica que la duraci\u00f3n del contrato se prolongar\u00e1 desde el 1 de septiembre de este a\u00f1o hasta el 31 de agosto de 2026.<\/p>\n<p>El contrato se adjudicar\u00e1 por lotes. As\u00ed, en un primer lote, se ha incluido el mantenimiento de edificios de titularidad o gesti\u00f3n municipal, as\u00ed como sus ascensores y montacargas, y los once ascensores urbanos existentes (a los que se sumar\u00e1 en breve el nuevo ascensor que conecta el barrio de San Juan con el parque de Trinitarios) y las rampas mec\u00e1nicas p\u00fablicas del barrio de Azpilaga\u00f1a. Para ello, el Consistorio ha previsto una inversi\u00f3n m\u00e1xima de 6.375.000 euros. La empresa que resulte adjudicataria podr\u00e1 asumir obras de mejorar de la accesibilidad en los edificios de cuyo mantenimiento se encargue, as\u00ed como realizar propuestas para mejorar la eficiencia energ\u00e9tica. En concreto, entre las labores incluidas en este primer lote, destacan los trabajos de reparaci\u00f3n y sustituci\u00f3n de cualquier elemento, la reparaci\u00f3n de elementos constructivos, reparaciones y cambios del sistema el\u00e9ctrico, y pintura, entre otros.<br \/>\n<script async src=\"\/\/pagead2.googlesyndication.com\/pagead\/js\/adsbygoogle.js\"><\/script><br \/>\n<!-- Noticias La Guia de Pamplona --><br \/>\n<ins class=\"adsbygoogle\"\nstyle=\"display:block\"\ndata-ad-client=\"ca-pub-6943679897239327\"\ndata-ad-slot=\"7048180777\"\ndata-ad-format=\"auto\"><\/ins><br \/>\n<script>\n(adsbygoogle = window.adsbygoogle || []).push({});\n<\/script><\/p>\n<p>En un segundo lote, se adjudicar\u00e1 la conservaci\u00f3n y el mantenimiento de diversas viviendas municipales, tanto aquellas que est\u00e1n alquiladas como las que han sido rehabilitadas. En este caso, la empresa adjudicataria se har\u00e1 cargo de la reparaci\u00f3n de aver\u00edas y peque\u00f1os trabajos de rehabilitaci\u00f3n encargados por el Servicio Municipal de Edificios. El importe previsto para estas labores asciende a 210.000 euros. Adem\u00e1s, el Ayuntamiento ha reservado este lote a centros especiales de empleo, tanto aquellos sin \u00e1nimo de lucro como los de iniciativa social, y a empresas de inserci\u00f3n. \u00danicamente en el caso de que la licitaci\u00f3n quedara desierta, el Consistorio podr\u00e1 encomendar estas labores a la empresa que resulte adjudicataria del lote 1.<\/p>\n<p>El importe total previsto de 6,5 millones cubrir\u00e1 los gastos de conservaci\u00f3n de los pr\u00f3ximos tres a\u00f1os, a raz\u00f3n de 2.195.000 euros m\u00e1ximos anuales para 2024 y 2025. Como las anualidades de 2023 y 2026 no son completas, el gasto municipal previsto para estos a\u00f1os es de 731.666,66 y 1.463.333,33 euros respectivamente. No obstante, la licitaci\u00f3n prev\u00e9 dos pr\u00f3rrogas anuales, de forma que el contrato podr\u00eda extenderse hasta el 31 de agosto de 2028.<br \/>\n<script async src=\"\/\/pagead2.googlesyndication.com\/pagead\/js\/adsbygoogle.js\"><\/script><br \/>\n<!-- Noticias La Guia de Pamplona --><br \/>\n<ins class=\"adsbygoogle\"\nstyle=\"display:block\"\ndata-ad-client=\"ca-pub-6943679897239327\"\ndata-ad-slot=\"7048180777\"\ndata-ad-format=\"auto\"><\/ins><br \/>\n<script>\n(adsbygoogle = window.adsbygoogle || []).push({});\n<\/script><\/p>\n<p>Dadas las caracter\u00edsticas propias del trabajo encomendado, las empresas que concurran a la licitaci\u00f3n deber\u00e1n acreditar solvencia t\u00e9cnica y profesional en \u00e1reas como la carpinter\u00eda, la fontaner\u00eda, la electricidad, la limpieza y la jardiner\u00eda, entre otras. El condicionado completo de la licitaci\u00f3n podr\u00e1 consultarse en el Portal de Contrataci\u00f3n de Navarra y en la web municipal, tras la publicaci\u00f3n en el Diario Oficial de la Uni\u00f3n Europea. La presentaci\u00f3n de ofertas se llevar\u00e1 a cabo a trav\u00e9s de la plataforma de licitaci\u00f3n electr\u00f3nica de Navarra, PLENA, cuya utilizaci\u00f3n ser\u00e1 obligatoria para quien licite con independencia de su personalidad f\u00edsica o jur\u00eddica. La empresa adjudicataria deber\u00e1 disponer del material de oficinas, equipos de medidas y de comunicaci\u00f3n, veh\u00edculos, herramientas, ropa de trabajo, y todos los elementos necesarios y aptos para dar respuesta a las exigencias marcadas por el contrato de mantenimiento y conservaci\u00f3n.<\/p>\n<p>El contrato se adjudicar\u00e1 a aquella empresa que obtenga una mayor puntuaci\u00f3n, valorada con hasta 100 puntos, en los criterios t\u00e9cnicos y econ\u00f3micos. De hecho, \u00fanicamente se proceder\u00e1 a la apertura de la documentaci\u00f3n econ\u00f3mica de las ofertas que hayan obtenido en el informe t\u00e9cnico una puntuaci\u00f3n igual o superior a 34 puntos de los 50 puntos disponibles, excluyendo la puntuaci\u00f3n referida a criterios sociales. As\u00ed, la parte t\u00e9cnica se valorar\u00e1, en el lote 1, con 40 puntos para la propuesta de conservaci\u00f3n y mantenimiento de edificios, y con 10 puntos la propuesta para el mantenimiento de ascensores en edificios y ascensores urbanos. Por su parte, los otros 50 puntos de la parte econ\u00f3mica se repartir\u00e1n entre la propuesta econ\u00f3mica, oficiales profesionales a\u00f1adidos sobre los exigidos (con hasta 40 puntos) y los criterios sociales (10 puntos). En el lote 2, los criterios t\u00e9cnicos se valorar\u00e1n con 40 puntos y los econ\u00f3micos con 60.<\/p>\n","protected":false},"excerpt":{"rendered":"<p>El contrato, separado en dos lotes diferentes, incluye tambi\u00e9n los ascensores urbanos y las rampas mec\u00e1nicas<\/p>\n","protected":false},"author":1,"featured_media":46864,"comment_status":"open","ping_status":"closed","sticky":false,"template":"","format":"standard","meta":{"footnotes":""},"categories":[2],"tags":[],"class_list":["post-46863","post","type-post","status-publish","format-standard","has-post-thumbnail","hentry","category-ayuntamiento-pamplona"],"yoast_head":"<!-- This site is optimized with the Yoast SEO plugin v27.3 - https:\/\/yoast.com\/product\/yoast-seo-wordpress\/ -->\n<title>Pamplona prev\u00e9 destinar 6,5 millones de euros para el mantenimiento de edificios y viviendas municipales en los pr\u00f3ximos tres a\u00f1os<\/title>\n<meta name=\"description\" content=\"El contrato, separado en dos lotes diferentes, incluye tambi\u00e9n los ascensores urbanos y las rampas mec\u00e1nicas\" \/>\n<meta name=\"robots\" content=\"index, follow, max-snippet:-1, max-image-preview:large, max-video-preview:-1\" \/>\n<link rel=\"canonical\" href=\"https:\/\/www.laguiadepamplona.com\/actualidad\/pamplona-preve-destinar-65-millones-de-euros-para-el-mantenimiento-de-edificios-y-viviendas-municipales-en-los-proximos-tres-anos\/\" \/>\n<meta property=\"og:locale\" content=\"es_ES\" \/>\n<meta property=\"og:type\" content=\"article\" \/>\n<meta property=\"og:title\" content=\"Pamplona prev\u00e9 destinar 6,5 millones de euros para el mantenimiento de edificios y viviendas municipales en los pr\u00f3ximos tres a\u00f1os\" \/>\n<meta property=\"og:description\" content=\"El contrato, separado en dos lotes diferentes, incluye tambi\u00e9n los ascensores urbanos y las rampas mec\u00e1nicas\" \/>\n<meta property=\"og:url\" content=\"https:\/\/www.laguiadepamplona.com\/actualidad\/pamplona-preve-destinar-65-millones-de-euros-para-el-mantenimiento-de-edificios-y-viviendas-municipales-en-los-proximos-tres-anos\/\" \/>\n<meta property=\"og:site_name\" content=\"La Gu\u00eda de Pamplona\" \/>\n<meta property=\"article:publisher\" content=\"https:\/\/www.facebook.com\/laguiadepamplonacom-133175176762273\/?ref=hl\" \/>\n<meta property=\"article:published_time\" content=\"2023-05-30T14:40:56+00:00\" \/>\n<meta property=\"og:image\" content=\"https:\/\/www.laguiadepamplona.com\/actualidad\/wp-content\/uploads\/2023\/05\/Ascensor_Etxabakoitz_Concepcion-Benitez-3.webp\" \/>\n\t<meta property=\"og:image:width\" content=\"1920\" \/>\n\t<meta property=\"og:image:height\" content=\"1440\" \/>\n\t<meta property=\"og:image:type\" content=\"image\/webp\" \/>\n<meta name=\"author\" content=\"La Gu\u00eda de Pamplona\" \/>\n<meta name=\"twitter:card\" content=\"summary_large_image\" \/>\n<meta name=\"twitter:creator\" content=\"@LaGuiadPamplona\" \/>\n<meta name=\"twitter:site\" content=\"@LaGuiadPamplona\" \/>\n<meta name=\"twitter:label1\" content=\"Escrito por\" \/>\n\t<meta name=\"twitter:data1\" content=\"La Gu\u00eda de Pamplona\" \/>\n\t<meta name=\"twitter:label2\" content=\"Tiempo de lectura\" \/>\n\t<meta name=\"twitter:data2\" content=\"4 minutos\" \/>\n<script type=\"application\/ld+json\" class=\"yoast-schema-graph\">{\"@context\":\"https:\\\/\\\/schema.org\",\"@graph\":[{\"@type\":\"Article\",\"@id\":\"https:\\\/\\\/www.laguiadepamplona.com\\\/actualidad\\\/pamplona-preve-destinar-65-millones-de-euros-para-el-mantenimiento-de-edificios-y-viviendas-municipales-en-los-proximos-tres-anos\\\/#article\",\"isPartOf\":{\"@id\":\"https:\\\/\\\/www.laguiadepamplona.com\\\/actualidad\\\/pamplona-preve-destinar-65-millones-de-euros-para-el-mantenimiento-de-edificios-y-viviendas-municipales-en-los-proximos-tres-anos\\\/\"},\"author\":{\"name\":\"La Gu\u00eda de Pamplona\",\"@id\":\"https:\\\/\\\/www.laguiadepamplona.com\\\/actualidad\\\/#\\\/schema\\\/person\\\/efe887376f0213d4657c93adc50b1fdb\"},\"headline\":\"Pamplona prev\u00e9 destinar 6,5 millones de euros para el mantenimiento de edificios y viviendas municipales en los pr\u00f3ximos tres a\u00f1os\",\"datePublished\":\"2023-05-30T14:40:56+00:00\",\"mainEntityOfPage\":{\"@id\":\"https:\\\/\\\/www.laguiadepamplona.com\\\/actualidad\\\/pamplona-preve-destinar-65-millones-de-euros-para-el-mantenimiento-de-edificios-y-viviendas-municipales-en-los-proximos-tres-anos\\\/\"},\"wordCount\":780,\"commentCount\":0,\"publisher\":{\"@id\":\"https:\\\/\\\/www.laguiadepamplona.com\\\/actualidad\\\/#organization\"},\"image\":{\"@id\":\"https:\\\/\\\/www.laguiadepamplona.com\\\/actualidad\\\/pamplona-preve-destinar-65-millones-de-euros-para-el-mantenimiento-de-edificios-y-viviendas-municipales-en-los-proximos-tres-anos\\\/#primaryimage\"},\"thumbnailUrl\":\"https:\\\/\\\/www.laguiadepamplona.com\\\/actualidad\\\/wp-content\\\/uploads\\\/2023\\\/05\\\/Ascensor_Etxabakoitz_Concepcion-Benitez-3.webp\",\"articleSection\":[\"Ayto Pamplona\"],\"inLanguage\":\"es\",\"potentialAction\":[{\"@type\":\"CommentAction\",\"name\":\"Comment\",\"target\":[\"https:\\\/\\\/www.laguiadepamplona.com\\\/actualidad\\\/pamplona-preve-destinar-65-millones-de-euros-para-el-mantenimiento-de-edificios-y-viviendas-municipales-en-los-proximos-tres-anos\\\/#respond\"]}]},{\"@type\":\"WebPage\",\"@id\":\"https:\\\/\\\/www.laguiadepamplona.com\\\/actualidad\\\/pamplona-preve-destinar-65-millones-de-euros-para-el-mantenimiento-de-edificios-y-viviendas-municipales-en-los-proximos-tres-anos\\\/\",\"url\":\"https:\\\/\\\/www.laguiadepamplona.com\\\/actualidad\\\/pamplona-preve-destinar-65-millones-de-euros-para-el-mantenimiento-de-edificios-y-viviendas-municipales-en-los-proximos-tres-anos\\\/\",\"name\":\"Pamplona prev\u00e9 destinar 6,5 millones de euros para el mantenimiento de edificios y viviendas municipales en los pr\u00f3ximos tres a\u00f1os\",\"isPartOf\":{\"@id\":\"https:\\\/\\\/www.laguiadepamplona.com\\\/actualidad\\\/#website\"},\"primaryImageOfPage\":{\"@id\":\"https:\\\/\\\/www.laguiadepamplona.com\\\/actualidad\\\/pamplona-preve-destinar-65-millones-de-euros-para-el-mantenimiento-de-edificios-y-viviendas-municipales-en-los-proximos-tres-anos\\\/#primaryimage\"},\"image\":{\"@id\":\"https:\\\/\\\/www.laguiadepamplona.com\\\/actualidad\\\/pamplona-preve-destinar-65-millones-de-euros-para-el-mantenimiento-de-edificios-y-viviendas-municipales-en-los-proximos-tres-anos\\\/#primaryimage\"},\"thumbnailUrl\":\"https:\\\/\\\/www.laguiadepamplona.com\\\/actualidad\\\/wp-content\\\/uploads\\\/2023\\\/05\\\/Ascensor_Etxabakoitz_Concepcion-Benitez-3.webp\",\"datePublished\":\"2023-05-30T14:40:56+00:00\",\"description\":\"El contrato, separado en dos lotes diferentes, incluye tambi\u00e9n los ascensores urbanos y las rampas mec\u00e1nicas\",\"breadcrumb\":{\"@id\":\"https:\\\/\\\/www.laguiadepamplona.com\\\/actualidad\\\/pamplona-preve-destinar-65-millones-de-euros-para-el-mantenimiento-de-edificios-y-viviendas-municipales-en-los-proximos-tres-anos\\\/#breadcrumb\"},\"inLanguage\":\"es\",\"potentialAction\":[{\"@type\":\"ReadAction\",\"target\":[\"https:\\\/\\\/www.laguiadepamplona.com\\\/actualidad\\\/pamplona-preve-destinar-65-millones-de-euros-para-el-mantenimiento-de-edificios-y-viviendas-municipales-en-los-proximos-tres-anos\\\/\"]}]},{\"@type\":\"ImageObject\",\"inLanguage\":\"es\",\"@id\":\"https:\\\/\\\/www.laguiadepamplona.com\\\/actualidad\\\/pamplona-preve-destinar-65-millones-de-euros-para-el-mantenimiento-de-edificios-y-viviendas-municipales-en-los-proximos-tres-anos\\\/#primaryimage\",\"url\":\"https:\\\/\\\/www.laguiadepamplona.com\\\/actualidad\\\/wp-content\\\/uploads\\\/2023\\\/05\\\/Ascensor_Etxabakoitz_Concepcion-Benitez-3.webp\",\"contentUrl\":\"https:\\\/\\\/www.laguiadepamplona.com\\\/actualidad\\\/wp-content\\\/uploads\\\/2023\\\/05\\\/Ascensor_Etxabakoitz_Concepcion-Benitez-3.webp\",\"width\":1920,\"height\":1440},{\"@type\":\"BreadcrumbList\",\"@id\":\"https:\\\/\\\/www.laguiadepamplona.com\\\/actualidad\\\/pamplona-preve-destinar-65-millones-de-euros-para-el-mantenimiento-de-edificios-y-viviendas-municipales-en-los-proximos-tres-anos\\\/#breadcrumb\",\"itemListElement\":[{\"@type\":\"ListItem\",\"position\":1,\"name\":\"Portada\",\"item\":\"https:\\\/\\\/www.laguiadepamplona.com\\\/actualidad\\\/\"},{\"@type\":\"ListItem\",\"position\":2,\"name\":\"Pamplona prev\u00e9 destinar 6,5 millones de euros para el mantenimiento de edificios y viviendas municipales en los pr\u00f3ximos tres a\u00f1os\"}]},{\"@type\":\"WebSite\",\"@id\":\"https:\\\/\\\/www.laguiadepamplona.com\\\/actualidad\\\/#website\",\"url\":\"https:\\\/\\\/www.laguiadepamplona.com\\\/actualidad\\\/\",\"name\":\"La gu\u00eda de Pamplona\",\"description\":\"Noticias de Pamplona\",\"publisher\":{\"@id\":\"https:\\\/\\\/www.laguiadepamplona.com\\\/actualidad\\\/#organization\"},\"potentialAction\":[{\"@type\":\"SearchAction\",\"target\":{\"@type\":\"EntryPoint\",\"urlTemplate\":\"https:\\\/\\\/www.laguiadepamplona.com\\\/actualidad\\\/?s={search_term_string}\"},\"query-input\":{\"@type\":\"PropertyValueSpecification\",\"valueRequired\":true,\"valueName\":\"search_term_string\"}}],\"inLanguage\":\"es\"},{\"@type\":\"Organization\",\"@id\":\"https:\\\/\\\/www.laguiadepamplona.com\\\/actualidad\\\/#organization\",\"name\":\"La Gu\u00eda de Pamplona \\\/ Noticias\",\"url\":\"https:\\\/\\\/www.laguiadepamplona.com\\\/actualidad\\\/\",\"logo\":{\"@type\":\"ImageObject\",\"inLanguage\":\"es\",\"@id\":\"https:\\\/\\\/www.laguiadepamplona.com\\\/actualidad\\\/#\\\/schema\\\/logo\\\/image\\\/\",\"url\":\"https:\\\/\\\/www.laguiadepamplona.com\\\/actualidad\\\/wp-content\\\/uploads\\\/2018\\\/11\\\/logo-laguiadepamplona18-web1.png\",\"contentUrl\":\"https:\\\/\\\/www.laguiadepamplona.com\\\/actualidad\\\/wp-content\\\/uploads\\\/2018\\\/11\\\/logo-laguiadepamplona18-web1.png\",\"width\":600,\"height\":196,\"caption\":\"La Gu\u00eda de Pamplona \\\/ Noticias\"},\"image\":{\"@id\":\"https:\\\/\\\/www.laguiadepamplona.com\\\/actualidad\\\/#\\\/schema\\\/logo\\\/image\\\/\"},\"sameAs\":[\"https:\\\/\\\/www.facebook.com\\\/laguiadepamplonacom-133175176762273\\\/?ref=hl\",\"https:\\\/\\\/x.com\\\/LaGuiadPamplona\",\"https:\\\/\\\/www.instagram.com\\\/la_guia_de_pamplona\\\/\",\"https:\\\/\\\/www.youtube.com\\\/user\\\/laguiadepamplona\"]},{\"@type\":\"Person\",\"@id\":\"https:\\\/\\\/www.laguiadepamplona.com\\\/actualidad\\\/#\\\/schema\\\/person\\\/efe887376f0213d4657c93adc50b1fdb\",\"name\":\"La Gu\u00eda de Pamplona\",\"image\":{\"@type\":\"ImageObject\",\"inLanguage\":\"es\",\"@id\":\"https:\\\/\\\/secure.gravatar.com\\\/avatar\\\/b6992f131dc8d30ab0dff15446e9d346d9dbd95992de0fef795073f5ea83a81c?s=96&d=mm&r=g\",\"url\":\"https:\\\/\\\/secure.gravatar.com\\\/avatar\\\/b6992f131dc8d30ab0dff15446e9d346d9dbd95992de0fef795073f5ea83a81c?s=96&d=mm&r=g\",\"contentUrl\":\"https:\\\/\\\/secure.gravatar.com\\\/avatar\\\/b6992f131dc8d30ab0dff15446e9d346d9dbd95992de0fef795073f5ea83a81c?s=96&d=mm&r=g\",\"caption\":\"La Gu\u00eda de Pamplona\"}}]}<\/script>\n<!-- \/ Yoast SEO plugin. -->","yoast_head_json":{"title":"Pamplona prev\u00e9 destinar 6,5 millones de euros para el mantenimiento de edificios y viviendas municipales en los pr\u00f3ximos tres a\u00f1os","description":"El contrato, separado en dos lotes diferentes, incluye tambi\u00e9n los ascensores urbanos y las rampas mec\u00e1nicas","robots":{"index":"index","follow":"follow","max-snippet":"max-snippet:-1","max-image-preview":"max-image-preview:large","max-video-preview":"max-video-preview:-1"},"canonical":"https:\/\/www.laguiadepamplona.com\/actualidad\/pamplona-preve-destinar-65-millones-de-euros-para-el-mantenimiento-de-edificios-y-viviendas-municipales-en-los-proximos-tres-anos\/","og_locale":"es_ES","og_type":"article","og_title":"Pamplona prev\u00e9 destinar 6,5 millones de euros para el mantenimiento de edificios y viviendas municipales en los pr\u00f3ximos tres a\u00f1os","og_description":"El contrato, separado en dos lotes diferentes, incluye tambi\u00e9n los ascensores urbanos y las rampas mec\u00e1nicas","og_url":"https:\/\/www.laguiadepamplona.com\/actualidad\/pamplona-preve-destinar-65-millones-de-euros-para-el-mantenimiento-de-edificios-y-viviendas-municipales-en-los-proximos-tres-anos\/","og_site_name":"La Gu\u00eda de Pamplona","article_publisher":"https:\/\/www.facebook.com\/laguiadepamplonacom-133175176762273\/?ref=hl","article_published_time":"2023-05-30T14:40:56+00:00","og_image":[{"width":1920,"height":1440,"url":"https:\/\/www.laguiadepamplona.com\/actualidad\/wp-content\/uploads\/2023\/05\/Ascensor_Etxabakoitz_Concepcion-Benitez-3.webp","type":"image\/webp"}],"author":"La Gu\u00eda de Pamplona","twitter_card":"summary_large_image","twitter_creator":"@LaGuiadPamplona","twitter_site":"@LaGuiadPamplona","twitter_misc":{"Escrito por":"La Gu\u00eda de Pamplona","Tiempo de lectura":"4 minutos"},"schema":{"@context":"https:\/\/schema.org","@graph":[{"@type":"Article","@id":"https:\/\/www.laguiadepamplona.com\/actualidad\/pamplona-preve-destinar-65-millones-de-euros-para-el-mantenimiento-de-edificios-y-viviendas-municipales-en-los-proximos-tres-anos\/#article","isPartOf":{"@id":"https:\/\/www.laguiadepamplona.com\/actualidad\/pamplona-preve-destinar-65-millones-de-euros-para-el-mantenimiento-de-edificios-y-viviendas-municipales-en-los-proximos-tres-anos\/"},"author":{"name":"La Gu\u00eda de Pamplona","@id":"https:\/\/www.laguiadepamplona.com\/actualidad\/#\/schema\/person\/efe887376f0213d4657c93adc50b1fdb"},"headline":"Pamplona prev\u00e9 destinar 6,5 millones de euros para el mantenimiento de edificios y viviendas municipales en los pr\u00f3ximos tres a\u00f1os","datePublished":"2023-05-30T14:40:56+00:00","mainEntityOfPage":{"@id":"https:\/\/www.laguiadepamplona.com\/actualidad\/pamplona-preve-destinar-65-millones-de-euros-para-el-mantenimiento-de-edificios-y-viviendas-municipales-en-los-proximos-tres-anos\/"},"wordCount":780,"commentCount":0,"publisher":{"@id":"https:\/\/www.laguiadepamplona.com\/actualidad\/#organization"},"image":{"@id":"https:\/\/www.laguiadepamplona.com\/actualidad\/pamplona-preve-destinar-65-millones-de-euros-para-el-mantenimiento-de-edificios-y-viviendas-municipales-en-los-proximos-tres-anos\/#primaryimage"},"thumbnailUrl":"https:\/\/www.laguiadepamplona.com\/actualidad\/wp-content\/uploads\/2023\/05\/Ascensor_Etxabakoitz_Concepcion-Benitez-3.webp","articleSection":["Ayto Pamplona"],"inLanguage":"es","potentialAction":[{"@type":"CommentAction","name":"Comment","target":["https:\/\/www.laguiadepamplona.com\/actualidad\/pamplona-preve-destinar-65-millones-de-euros-para-el-mantenimiento-de-edificios-y-viviendas-municipales-en-los-proximos-tres-anos\/#respond"]}]},{"@type":"WebPage","@id":"https:\/\/www.laguiadepamplona.com\/actualidad\/pamplona-preve-destinar-65-millones-de-euros-para-el-mantenimiento-de-edificios-y-viviendas-municipales-en-los-proximos-tres-anos\/","url":"https:\/\/www.laguiadepamplona.com\/actualidad\/pamplona-preve-destinar-65-millones-de-euros-para-el-mantenimiento-de-edificios-y-viviendas-municipales-en-los-proximos-tres-anos\/","name":"Pamplona prev\u00e9 destinar 6,5 millones de euros para el mantenimiento de edificios y viviendas municipales en los pr\u00f3ximos tres a\u00f1os","isPartOf":{"@id":"https:\/\/www.laguiadepamplona.com\/actualidad\/#website"},"primaryImageOfPage":{"@id":"https:\/\/www.laguiadepamplona.com\/actualidad\/pamplona-preve-destinar-65-millones-de-euros-para-el-mantenimiento-de-edificios-y-viviendas-municipales-en-los-proximos-tres-anos\/#primaryimage"},"image":{"@id":"https:\/\/www.laguiadepamplona.com\/actualidad\/pamplona-preve-destinar-65-millones-de-euros-para-el-mantenimiento-de-edificios-y-viviendas-municipales-en-los-proximos-tres-anos\/#primaryimage"},"thumbnailUrl":"https:\/\/www.laguiadepamplona.com\/actualidad\/wp-content\/uploads\/2023\/05\/Ascensor_Etxabakoitz_Concepcion-Benitez-3.webp","datePublished":"2023-05-30T14:40:56+00:00","description":"El contrato, separado en dos lotes diferentes, incluye tambi\u00e9n los ascensores urbanos y las rampas mec\u00e1nicas","breadcrumb":{"@id":"https:\/\/www.laguiadepamplona.com\/actualidad\/pamplona-preve-destinar-65-millones-de-euros-para-el-mantenimiento-de-edificios-y-viviendas-municipales-en-los-proximos-tres-anos\/#breadcrumb"},"inLanguage":"es","potentialAction":[{"@type":"ReadAction","target":["https:\/\/www.laguiadepamplona.com\/actualidad\/pamplona-preve-destinar-65-millones-de-euros-para-el-mantenimiento-de-edificios-y-viviendas-municipales-en-los-proximos-tres-anos\/"]}]},{"@type":"ImageObject","inLanguage":"es","@id":"https:\/\/www.laguiadepamplona.com\/actualidad\/pamplona-preve-destinar-65-millones-de-euros-para-el-mantenimiento-de-edificios-y-viviendas-municipales-en-los-proximos-tres-anos\/#primaryimage","url":"https:\/\/www.laguiadepamplona.com\/actualidad\/wp-content\/uploads\/2023\/05\/Ascensor_Etxabakoitz_Concepcion-Benitez-3.webp","contentUrl":"https:\/\/www.laguiadepamplona.com\/actualidad\/wp-content\/uploads\/2023\/05\/Ascensor_Etxabakoitz_Concepcion-Benitez-3.webp","width":1920,"height":1440},{"@type":"BreadcrumbList","@id":"https:\/\/www.laguiadepamplona.com\/actualidad\/pamplona-preve-destinar-65-millones-de-euros-para-el-mantenimiento-de-edificios-y-viviendas-municipales-en-los-proximos-tres-anos\/#breadcrumb","itemListElement":[{"@type":"ListItem","position":1,"name":"Portada","item":"https:\/\/www.laguiadepamplona.com\/actualidad\/"},{"@type":"ListItem","position":2,"name":"Pamplona prev\u00e9 destinar 6,5 millones de euros para el mantenimiento de edificios y viviendas municipales en los pr\u00f3ximos tres a\u00f1os"}]},{"@type":"WebSite","@id":"https:\/\/www.laguiadepamplona.com\/actualidad\/#website","url":"https:\/\/www.laguiadepamplona.com\/actualidad\/","name":"La gu\u00eda de Pamplona","description":"Noticias de Pamplona","publisher":{"@id":"https:\/\/www.laguiadepamplona.com\/actualidad\/#organization"},"potentialAction":[{"@type":"SearchAction","target":{"@type":"EntryPoint","urlTemplate":"https:\/\/www.laguiadepamplona.com\/actualidad\/?s={search_term_string}"},"query-input":{"@type":"PropertyValueSpecification","valueRequired":true,"valueName":"search_term_string"}}],"inLanguage":"es"},{"@type":"Organization","@id":"https:\/\/www.laguiadepamplona.com\/actualidad\/#organization","name":"La Gu\u00eda de Pamplona \/ Noticias","url":"https:\/\/www.laguiadepamplona.com\/actualidad\/","logo":{"@type":"ImageObject","inLanguage":"es","@id":"https:\/\/www.laguiadepamplona.com\/actualidad\/#\/schema\/logo\/image\/","url":"https:\/\/www.laguiadepamplona.com\/actualidad\/wp-content\/uploads\/2018\/11\/logo-laguiadepamplona18-web1.png","contentUrl":"https:\/\/www.laguiadepamplona.com\/actualidad\/wp-content\/uploads\/2018\/11\/logo-laguiadepamplona18-web1.png","width":600,"height":196,"caption":"La Gu\u00eda de Pamplona \/ Noticias"},"image":{"@id":"https:\/\/www.laguiadepamplona.com\/actualidad\/#\/schema\/logo\/image\/"},"sameAs":["https:\/\/www.facebook.com\/laguiadepamplonacom-133175176762273\/?ref=hl","https:\/\/x.com\/LaGuiadPamplona","https:\/\/www.instagram.com\/la_guia_de_pamplona\/","https:\/\/www.youtube.com\/user\/laguiadepamplona"]},{"@type":"Person","@id":"https:\/\/www.laguiadepamplona.com\/actualidad\/#\/schema\/person\/efe887376f0213d4657c93adc50b1fdb","name":"La Gu\u00eda de Pamplona","image":{"@type":"ImageObject","inLanguage":"es","@id":"https:\/\/secure.gravatar.com\/avatar\/b6992f131dc8d30ab0dff15446e9d346d9dbd95992de0fef795073f5ea83a81c?s=96&d=mm&r=g","url":"https:\/\/secure.gravatar.com\/avatar\/b6992f131dc8d30ab0dff15446e9d346d9dbd95992de0fef795073f5ea83a81c?s=96&d=mm&r=g","contentUrl":"https:\/\/secure.gravatar.com\/avatar\/b6992f131dc8d30ab0dff15446e9d346d9dbd95992de0fef795073f5ea83a81c?s=96&d=mm&r=g","caption":"La Gu\u00eda de Pamplona"}}]}},"post_mailing_queue_ids":[],"_links":{"self":[{"href":"https:\/\/www.laguiadepamplona.com\/actualidad\/wp-json\/wp\/v2\/posts\/46863","targetHints":{"allow":["GET"]}}],"collection":[{"href":"https:\/\/www.laguiadepamplona.com\/actualidad\/wp-json\/wp\/v2\/posts"}],"about":[{"href":"https:\/\/www.laguiadepamplona.com\/actualidad\/wp-json\/wp\/v2\/types\/post"}],"author":[{"embeddable":true,"href":"https:\/\/www.laguiadepamplona.com\/actualidad\/wp-json\/wp\/v2\/users\/1"}],"replies":[{"embeddable":true,"href":"https:\/\/www.laguiadepamplona.com\/actualidad\/wp-json\/wp\/v2\/comments?post=46863"}],"version-history":[{"count":1,"href":"https:\/\/www.laguiadepamplona.com\/actualidad\/wp-json\/wp\/v2\/posts\/46863\/revisions"}],"predecessor-version":[{"id":46865,"href":"https:\/\/www.laguiadepamplona.com\/actualidad\/wp-json\/wp\/v2\/posts\/46863\/revisions\/46865"}],"wp:featuredmedia":[{"embeddable":true,"href":"https:\/\/www.laguiadepamplona.com\/actualidad\/wp-json\/wp\/v2\/media\/46864"}],"wp:attachment":[{"href":"https:\/\/www.laguiadepamplona.com\/actualidad\/wp-json\/wp\/v2\/media?parent=46863"}],"wp:term":[{"taxonomy":"category","embeddable":true,"href":"https:\/\/www.laguiadepamplona.com\/actualidad\/wp-json\/wp\/v2\/categories?post=46863"},{"taxonomy":"post_tag","embeddable":true,"href":"https:\/\/www.laguiadepamplona.com\/actualidad\/wp-json\/wp\/v2\/tags?post=46863"}],"curies":[{"name":"wp","href":"https:\/\/api.w.org\/{rel}","templated":true}]}}