{"id":46855,"date":"2023-05-30T16:34:00","date_gmt":"2023-05-30T14:34:00","guid":{"rendered":"https:\/\/www.laguiadepamplona.com\/actualidad\/?p=46855"},"modified":"2023-05-30T16:34:00","modified_gmt":"2023-05-30T14:34:00","slug":"el-ayuntamiento-organiza-de-junio-a-septiembre-16-talleres-formativos-dirigidos-al-comercio-de-la-ciudad-sobre-eficiencia-energetica-y-gestion-de-residuos","status":"publish","type":"post","link":"https:\/\/www.laguiadepamplona.com\/actualidad\/el-ayuntamiento-organiza-de-junio-a-septiembre-16-talleres-formativos-dirigidos-al-comercio-de-la-ciudad-sobre-eficiencia-energetica-y-gestion-de-residuos\/","title":{"rendered":"El Ayuntamiento organiza de junio a septiembre 16 talleres formativos dirigidos al comercio de la ciudad sobre eficiencia energ\u00e9tica y gesti\u00f3n de residuos"},"content":{"rendered":"<h3>El programa pondr\u00e1 en marcha una asesor\u00eda personalizada de eficiencia energ\u00e9tica dirigida a locales comerciales<\/h3>\n<p><!--more--><\/p>\n<p>El Ayuntamiento de Pamplona, en coordinaci\u00f3n con la C\u00e1mara Navarra de Comercio, ha organizado un paquete de actividades gratuitas sobre eficiencia energ\u00e9tica y gesti\u00f3n de residuos y consumos. Estas acciones est\u00e1n dirigidas al comercio urbano de Pamplona, con el objeto de reforzar el conocimiento en la econom\u00eda circular y su aplicaci\u00f3n en los comercios para mejorar la productividad y garantizar un crecimiento econ\u00f3mico sostenible en el tiempo. Adem\u00e1s, se crear\u00e1 una asesor\u00eda personalizada de eficiencia energ\u00e9tica para los comercios que lo soliciten.<br \/>\n<script async src=\"\/\/pagead2.googlesyndication.com\/pagead\/js\/adsbygoogle.js\"><\/script><br \/>\n<!-- Noticias La Guia de Pamplona --><br \/>\n<ins class=\"adsbygoogle\"\nstyle=\"display:block\"\ndata-ad-client=\"ca-pub-6943679897239327\"\ndata-ad-slot=\"7048180777\"\ndata-ad-format=\"auto\"><\/ins><br \/>\n<script>\n(adsbygoogle = window.adsbygoogle || []).push({});\n<\/script><\/p>\n<p>Se han planificado 16 cursos que comenzar\u00e1 este viernes 2 de junio y se desarrollar\u00e1n durante los meses de verano hasta el 14 de septiembre. Tendr\u00e1n lugar en horario de mediod\u00eda para facilitar la conciliaci\u00f3n con el trabajo en el comercio. Las inscripciones son gratuitas y se pueden realizar en los <a href=\"https:\/\/camaranavarra.com\/formacion-y-sensibilizacion-para-la-reduccion-de-consumos-y-residuos\/\" target=\"_blank\" rel=\"noopener\">formularios de inscripci\u00f3n<\/a> en la p\u00e1gina web de la C\u00e1mara Navarra de Comercio. Esta formaci\u00f3n est\u00e1 financiada con fondos europeos Next Generation EU, a trav\u00e9s del Plan de Recuperaci\u00f3n, Transformaci\u00f3n y Resiliencia (PRTR) del Gobierno de Espa\u00f1a. Los talleres se dividen en dos bloques, bien sea formaci\u00f3n en eficiencia energ\u00e9tica bien sea formaci\u00f3n en econom\u00eda circular.<\/p>\n<p>En el apartado de eficiencia energ\u00e9tica, se han organizado talleres sobre facturas energ\u00e9ticas, sobre instalaciones fotovoltaicas, sobre energ\u00edas renovables, sobre comunidades energ\u00e9ticas, sobre la realizaci\u00f3n de un inventario energ\u00e9tico o sobre qu\u00e9 actuaciones realizar para reducir consumos. En el \u00e1mbito de la econom\u00eda circular, la formaci\u00f3n se centra en las certificaciones ecol\u00f3gicas, en la reducci\u00f3n y gesti\u00f3n de residuos en el comercio, en la gesti\u00f3n de la materia org\u00e1nica, en el etiquetado energ\u00e9tico para el equipamiento del hogar, en la reducci\u00f3n del desperdicio alimentario, entre otros aspectos.<br \/>\n<script async src=\"\/\/pagead2.googlesyndication.com\/pagead\/js\/adsbygoogle.js\"><\/script><br \/>\n<!-- Noticias La Guia de Pamplona --><br \/>\n<ins class=\"adsbygoogle\"\nstyle=\"display:block\"\ndata-ad-client=\"ca-pub-6943679897239327\"\ndata-ad-slot=\"7048180777\"\ndata-ad-format=\"auto\"><\/ins><br \/>\n<script>\n(adsbygoogle = window.adsbygoogle || []).push({});\n<\/script><\/p>\n<p><strong>Asesoramiento de eficiencia energ\u00e9tica<\/strong><\/p>\n<p>El programa incluye la puesta en marcha un servicio de autodiagn\u00f3stico y asesoramiento personalizado posterior en materia de eficiencia energ\u00e9tica. Las personas interesadas deber\u00e1n cumplimentar un <a href=\"https:\/\/docs.google.com\/forms\/d\/e\/1FAIpQLScxKvSByx3jpUJvSj5F2UQluE0Rg4zgXeK208MHqyecY7XYkw\/viewform\" target=\"_blank\" rel=\"noopener\">formulario de autodiagn\u00f3stico<\/a> para solicitar esa asesoramiento individualizado en su propio local. Las acciones que se llevar\u00e1n a cabo pasan, en primer lugar, por repasar ese formulario con la persona responsable del local. En el momento en el que se comunique con el comercio, se les pedir\u00e1 que preparen facturas de suministros energ\u00e9ticos para verificar consumos.<\/p>\n<p>Para comprobar el potencial de mejora del comercio se har\u00e1 una revisi\u00f3n del local en el que se analizar\u00e1n aspectos como su superficie, envolvente, iluminaci\u00f3n, climatizaci\u00f3n, c\u00e1maras de fr\u00edo, detecci\u00f3n de stand-by de los electrodom\u00e9sticos y otros equipos consumidores. Con la informaci\u00f3n recabada en la visita al local se preparar\u00e1 un documento de diagn\u00f3stico final que describir\u00e1 la situaci\u00f3n actual del comercio en cuanto a usos, instalaciones, consumos\u2026 y un plan de mejora.<br \/>\n<script async src=\"\/\/pagead2.googlesyndication.com\/pagead\/js\/adsbygoogle.js\"><\/script><br \/>\n<!-- Noticias La Guia de Pamplona --><br \/>\n<ins class=\"adsbygoogle\"\nstyle=\"display:block\"\ndata-ad-client=\"ca-pub-6943679897239327\"\ndata-ad-slot=\"7048180777\"\ndata-ad-format=\"auto\"><\/ins><br \/>\n<script>\n(adsbygoogle = window.adsbygoogle || []).push({});\n<\/script><\/p>\n<p>&nbsp;<\/p>\n<h3>Formaci\u00f3n y sensibilizaci\u00f3n para la mejora de la eficiencia energ\u00e9tica y la reducci\u00f3n de consumos y residuos. Comercio urbano de Pamplona<\/h3>\n<p><strong>Eficiencia energ\u00e9tica<\/strong><\/p>\n<ul>\n<li>No le tengas miedo a tus facturas energ\u00e9ticas. \u00a1Enti\u00e9ndelas! 2 y 9 de junio, de 13.30 a 15.30 horas<\/li>\n<li>Empod\u00e9rate. Monta tu propia comunidad energ\u00e9tica. 16 y 22 de junio, de 13.30 a 15.30 horas<\/li>\n<li>Modern\u00edzate y monitoriza tus consumos. 19 y 20 de julio, de 13.30 a 15.30 horas<\/li>\n<li>Reduce tu dependencia. Dise\u00f1a tu propia instalaci\u00f3n fotovoltaica. 26 y 27 de julio, de 13.30 a 15.30 horas<\/li>\n<li>S\u00e9 m\u00e1s eficiente. Incorpora energ\u00edas renovables a tu establecimiento. 7 y 8 de agosto, de 13.30 a 15.30 horas<\/li>\n<li>\u00bfPor qu\u00e9 consumo tanto? Realiza tu propio inventario energ\u00e9tico. 4 y 5 de septiembre, de 13.30 a 15.30 horas<\/li>\n<li>\u00bfPor qu\u00e9 consumo tanto? Act\u00faa y reduce tus consumos. 11 y 12 de septiembre, de 13.30 a 15.30 horas<\/li>\n<\/ul>\n<p>&nbsp;<\/p>\n<p><strong>Econom\u00eda circular<\/strong><\/p>\n<ul>\n<li>El concepto de econom\u00eda circular aplicado al comercio. 30 de junio, de 14 a 16.30 horas<\/li>\n<li>Comercio de alimentos y sostenibilidad. 3 de julio, de 14 a 16.30 horas<\/li>\n<li>Certificaciones ecol\u00f3gicas. 21 de julio, de 14 a 16.30 horas<\/li>\n<li>Los residuos en el comercio: reducci\u00f3n y gesti\u00f3n adecuada. 28 julio, de 14 a 16.30 horas<\/li>\n<li>Gesti\u00f3n de la materia org\u00e1nica: recogida selectiva y compostaje. 3 de agosto, de 14 a 16.30 horas<\/li>\n<li>Etiquetado energ\u00e9tico para el equipamiento del hogar: electrodom\u00e9sticos y equipos el\u00e9ctricos y electr\u00f3nicos. 10 de agosto, de 14 a 16.30 horas<\/li>\n<li>\u00bfModa r\u00e1pida o moda circular? 7 de septiembre, de 14 a 16:30 horas<\/li>\n<li>Reducci\u00f3n del desperdicio alimentario. 13 de septiembre, de 14 a 16:30 horas<\/li>\n<li>Mobiliario y lencer\u00eda del hogar: \u00bfpuede ser sostenible? 14 de septiembre de 14 a 16:30 horas<\/li>\n<\/ul>\n<p>&nbsp;<\/p>\n<p><strong>Asesoramiento de mejora en eficiencia energ\u00e9tica<\/strong><\/p>\n<ul>\n<li>Servicio gratuito de autodiagn\u00f3stico y asesoramiento personalizado posterior en materia de eficiencia energ\u00e9tica (rellenar formulario en p\u00e1gina web de inscripci\u00f3n a los talleres)<\/li>\n<\/ul>\n","protected":false},"excerpt":{"rendered":"<p>El programa pondr\u00e1 en marcha una asesor\u00eda personalizada de eficiencia energ\u00e9tica dirigida a locales comerciales<\/p>\n","protected":false},"author":1,"featured_media":46856,"comment_status":"open","ping_status":"closed","sticky":false,"template":"","format":"standard","meta":{"footnotes":""},"categories":[2],"tags":[],"class_list":["post-46855","post","type-post","status-publish","format-standard","has-post-thumbnail","hentry","category-ayuntamiento-pamplona"],"yoast_head":"<!-- This site is optimized with the Yoast SEO plugin v27.3 - https:\/\/yoast.com\/product\/yoast-seo-wordpress\/ -->\n<title>El Ayuntamiento organiza de junio a septiembre 16 talleres formativos dirigidos al comercio de la ciudad sobre eficiencia energ\u00e9tica y gesti\u00f3n de residuos<\/title>\n<meta name=\"description\" content=\"El programa pondr\u00e1 en marcha una asesor\u00eda personalizada de eficiencia energ\u00e9tica dirigida a locales comerciales\" \/>\n<meta name=\"robots\" content=\"index, follow, max-snippet:-1, max-image-preview:large, max-video-preview:-1\" \/>\n<link rel=\"canonical\" href=\"https:\/\/www.laguiadepamplona.com\/actualidad\/el-ayuntamiento-organiza-de-junio-a-septiembre-16-talleres-formativos-dirigidos-al-comercio-de-la-ciudad-sobre-eficiencia-energetica-y-gestion-de-residuos\/\" \/>\n<meta property=\"og:locale\" content=\"es_ES\" \/>\n<meta property=\"og:type\" content=\"article\" \/>\n<meta property=\"og:title\" content=\"El Ayuntamiento organiza de junio a septiembre 16 talleres formativos dirigidos al comercio de la ciudad sobre eficiencia energ\u00e9tica y gesti\u00f3n de residuos\" \/>\n<meta property=\"og:description\" content=\"El programa pondr\u00e1 en marcha una asesor\u00eda personalizada de eficiencia energ\u00e9tica dirigida a locales comerciales\" \/>\n<meta property=\"og:url\" content=\"https:\/\/www.laguiadepamplona.com\/actualidad\/el-ayuntamiento-organiza-de-junio-a-septiembre-16-talleres-formativos-dirigidos-al-comercio-de-la-ciudad-sobre-eficiencia-energetica-y-gestion-de-residuos\/\" \/>\n<meta property=\"og:site_name\" content=\"La Gu\u00eda de Pamplona\" \/>\n<meta property=\"article:publisher\" content=\"https:\/\/www.facebook.com\/laguiadepamplonacom-133175176762273\/?ref=hl\" \/>\n<meta property=\"article:published_time\" content=\"2023-05-30T14:34:00+00:00\" \/>\n<meta property=\"og:image\" content=\"https:\/\/www.laguiadepamplona.com\/actualidad\/wp-content\/uploads\/2023\/05\/idea_creatividad_innovacion_cooperacion_bombilla.webp\" \/>\n\t<meta property=\"og:image:width\" content=\"1920\" \/>\n\t<meta property=\"og:image:height\" content=\"1340\" \/>\n\t<meta property=\"og:image:type\" content=\"image\/webp\" \/>\n<meta name=\"author\" content=\"La Gu\u00eda de Pamplona\" \/>\n<meta name=\"twitter:card\" content=\"summary_large_image\" \/>\n<meta name=\"twitter:creator\" content=\"@LaGuiadPamplona\" \/>\n<meta name=\"twitter:site\" content=\"@LaGuiadPamplona\" \/>\n<meta name=\"twitter:label1\" content=\"Escrito por\" \/>\n\t<meta name=\"twitter:data1\" content=\"La Gu\u00eda de Pamplona\" \/>\n\t<meta name=\"twitter:label2\" content=\"Tiempo de lectura\" \/>\n\t<meta name=\"twitter:data2\" content=\"4 minutos\" \/>\n<script type=\"application\/ld+json\" class=\"yoast-schema-graph\">{\"@context\":\"https:\\\/\\\/schema.org\",\"@graph\":[{\"@type\":\"Article\",\"@id\":\"https:\\\/\\\/www.laguiadepamplona.com\\\/actualidad\\\/el-ayuntamiento-organiza-de-junio-a-septiembre-16-talleres-formativos-dirigidos-al-comercio-de-la-ciudad-sobre-eficiencia-energetica-y-gestion-de-residuos\\\/#article\",\"isPartOf\":{\"@id\":\"https:\\\/\\\/www.laguiadepamplona.com\\\/actualidad\\\/el-ayuntamiento-organiza-de-junio-a-septiembre-16-talleres-formativos-dirigidos-al-comercio-de-la-ciudad-sobre-eficiencia-energetica-y-gestion-de-residuos\\\/\"},\"author\":{\"name\":\"La Gu\u00eda de Pamplona\",\"@id\":\"https:\\\/\\\/www.laguiadepamplona.com\\\/actualidad\\\/#\\\/schema\\\/person\\\/efe887376f0213d4657c93adc50b1fdb\"},\"headline\":\"El Ayuntamiento organiza de junio a septiembre 16 talleres formativos dirigidos al comercio de la ciudad sobre eficiencia energ\u00e9tica y gesti\u00f3n de residuos\",\"datePublished\":\"2023-05-30T14:34:00+00:00\",\"mainEntityOfPage\":{\"@id\":\"https:\\\/\\\/www.laguiadepamplona.com\\\/actualidad\\\/el-ayuntamiento-organiza-de-junio-a-septiembre-16-talleres-formativos-dirigidos-al-comercio-de-la-ciudad-sobre-eficiencia-energetica-y-gestion-de-residuos\\\/\"},\"wordCount\":829,\"commentCount\":0,\"publisher\":{\"@id\":\"https:\\\/\\\/www.laguiadepamplona.com\\\/actualidad\\\/#organization\"},\"image\":{\"@id\":\"https:\\\/\\\/www.laguiadepamplona.com\\\/actualidad\\\/el-ayuntamiento-organiza-de-junio-a-septiembre-16-talleres-formativos-dirigidos-al-comercio-de-la-ciudad-sobre-eficiencia-energetica-y-gestion-de-residuos\\\/#primaryimage\"},\"thumbnailUrl\":\"https:\\\/\\\/www.laguiadepamplona.com\\\/actualidad\\\/wp-content\\\/uploads\\\/2023\\\/05\\\/idea_creatividad_innovacion_cooperacion_bombilla.webp\",\"articleSection\":[\"Ayto Pamplona\"],\"inLanguage\":\"es\",\"potentialAction\":[{\"@type\":\"CommentAction\",\"name\":\"Comment\",\"target\":[\"https:\\\/\\\/www.laguiadepamplona.com\\\/actualidad\\\/el-ayuntamiento-organiza-de-junio-a-septiembre-16-talleres-formativos-dirigidos-al-comercio-de-la-ciudad-sobre-eficiencia-energetica-y-gestion-de-residuos\\\/#respond\"]}]},{\"@type\":\"WebPage\",\"@id\":\"https:\\\/\\\/www.laguiadepamplona.com\\\/actualidad\\\/el-ayuntamiento-organiza-de-junio-a-septiembre-16-talleres-formativos-dirigidos-al-comercio-de-la-ciudad-sobre-eficiencia-energetica-y-gestion-de-residuos\\\/\",\"url\":\"https:\\\/\\\/www.laguiadepamplona.com\\\/actualidad\\\/el-ayuntamiento-organiza-de-junio-a-septiembre-16-talleres-formativos-dirigidos-al-comercio-de-la-ciudad-sobre-eficiencia-energetica-y-gestion-de-residuos\\\/\",\"name\":\"El Ayuntamiento organiza de junio a septiembre 16 talleres formativos dirigidos al comercio de la ciudad sobre eficiencia energ\u00e9tica y gesti\u00f3n de residuos\",\"isPartOf\":{\"@id\":\"https:\\\/\\\/www.laguiadepamplona.com\\\/actualidad\\\/#website\"},\"primaryImageOfPage\":{\"@id\":\"https:\\\/\\\/www.laguiadepamplona.com\\\/actualidad\\\/el-ayuntamiento-organiza-de-junio-a-septiembre-16-talleres-formativos-dirigidos-al-comercio-de-la-ciudad-sobre-eficiencia-energetica-y-gestion-de-residuos\\\/#primaryimage\"},\"image\":{\"@id\":\"https:\\\/\\\/www.laguiadepamplona.com\\\/actualidad\\\/el-ayuntamiento-organiza-de-junio-a-septiembre-16-talleres-formativos-dirigidos-al-comercio-de-la-ciudad-sobre-eficiencia-energetica-y-gestion-de-residuos\\\/#primaryimage\"},\"thumbnailUrl\":\"https:\\\/\\\/www.laguiadepamplona.com\\\/actualidad\\\/wp-content\\\/uploads\\\/2023\\\/05\\\/idea_creatividad_innovacion_cooperacion_bombilla.webp\",\"datePublished\":\"2023-05-30T14:34:00+00:00\",\"description\":\"El programa pondr\u00e1 en marcha una asesor\u00eda personalizada de eficiencia energ\u00e9tica dirigida a locales comerciales\",\"breadcrumb\":{\"@id\":\"https:\\\/\\\/www.laguiadepamplona.com\\\/actualidad\\\/el-ayuntamiento-organiza-de-junio-a-septiembre-16-talleres-formativos-dirigidos-al-comercio-de-la-ciudad-sobre-eficiencia-energetica-y-gestion-de-residuos\\\/#breadcrumb\"},\"inLanguage\":\"es\",\"potentialAction\":[{\"@type\":\"ReadAction\",\"target\":[\"https:\\\/\\\/www.laguiadepamplona.com\\\/actualidad\\\/el-ayuntamiento-organiza-de-junio-a-septiembre-16-talleres-formativos-dirigidos-al-comercio-de-la-ciudad-sobre-eficiencia-energetica-y-gestion-de-residuos\\\/\"]}]},{\"@type\":\"ImageObject\",\"inLanguage\":\"es\",\"@id\":\"https:\\\/\\\/www.laguiadepamplona.com\\\/actualidad\\\/el-ayuntamiento-organiza-de-junio-a-septiembre-16-talleres-formativos-dirigidos-al-comercio-de-la-ciudad-sobre-eficiencia-energetica-y-gestion-de-residuos\\\/#primaryimage\",\"url\":\"https:\\\/\\\/www.laguiadepamplona.com\\\/actualidad\\\/wp-content\\\/uploads\\\/2023\\\/05\\\/idea_creatividad_innovacion_cooperacion_bombilla.webp\",\"contentUrl\":\"https:\\\/\\\/www.laguiadepamplona.com\\\/actualidad\\\/wp-content\\\/uploads\\\/2023\\\/05\\\/idea_creatividad_innovacion_cooperacion_bombilla.webp\",\"width\":1920,\"height\":1340},{\"@type\":\"BreadcrumbList\",\"@id\":\"https:\\\/\\\/www.laguiadepamplona.com\\\/actualidad\\\/el-ayuntamiento-organiza-de-junio-a-septiembre-16-talleres-formativos-dirigidos-al-comercio-de-la-ciudad-sobre-eficiencia-energetica-y-gestion-de-residuos\\\/#breadcrumb\",\"itemListElement\":[{\"@type\":\"ListItem\",\"position\":1,\"name\":\"Portada\",\"item\":\"https:\\\/\\\/www.laguiadepamplona.com\\\/actualidad\\\/\"},{\"@type\":\"ListItem\",\"position\":2,\"name\":\"El Ayuntamiento organiza de junio a septiembre 16 talleres formativos dirigidos al comercio de la ciudad sobre eficiencia energ\u00e9tica y gesti\u00f3n de residuos\"}]},{\"@type\":\"WebSite\",\"@id\":\"https:\\\/\\\/www.laguiadepamplona.com\\\/actualidad\\\/#website\",\"url\":\"https:\\\/\\\/www.laguiadepamplona.com\\\/actualidad\\\/\",\"name\":\"La gu\u00eda de Pamplona\",\"description\":\"Noticias de Pamplona\",\"publisher\":{\"@id\":\"https:\\\/\\\/www.laguiadepamplona.com\\\/actualidad\\\/#organization\"},\"potentialAction\":[{\"@type\":\"SearchAction\",\"target\":{\"@type\":\"EntryPoint\",\"urlTemplate\":\"https:\\\/\\\/www.laguiadepamplona.com\\\/actualidad\\\/?s={search_term_string}\"},\"query-input\":{\"@type\":\"PropertyValueSpecification\",\"valueRequired\":true,\"valueName\":\"search_term_string\"}}],\"inLanguage\":\"es\"},{\"@type\":\"Organization\",\"@id\":\"https:\\\/\\\/www.laguiadepamplona.com\\\/actualidad\\\/#organization\",\"name\":\"La Gu\u00eda de Pamplona \\\/ Noticias\",\"url\":\"https:\\\/\\\/www.laguiadepamplona.com\\\/actualidad\\\/\",\"logo\":{\"@type\":\"ImageObject\",\"inLanguage\":\"es\",\"@id\":\"https:\\\/\\\/www.laguiadepamplona.com\\\/actualidad\\\/#\\\/schema\\\/logo\\\/image\\\/\",\"url\":\"https:\\\/\\\/www.laguiadepamplona.com\\\/actualidad\\\/wp-content\\\/uploads\\\/2018\\\/11\\\/logo-laguiadepamplona18-web1.png\",\"contentUrl\":\"https:\\\/\\\/www.laguiadepamplona.com\\\/actualidad\\\/wp-content\\\/uploads\\\/2018\\\/11\\\/logo-laguiadepamplona18-web1.png\",\"width\":600,\"height\":196,\"caption\":\"La Gu\u00eda de Pamplona \\\/ Noticias\"},\"image\":{\"@id\":\"https:\\\/\\\/www.laguiadepamplona.com\\\/actualidad\\\/#\\\/schema\\\/logo\\\/image\\\/\"},\"sameAs\":[\"https:\\\/\\\/www.facebook.com\\\/laguiadepamplonacom-133175176762273\\\/?ref=hl\",\"https:\\\/\\\/x.com\\\/LaGuiadPamplona\",\"https:\\\/\\\/www.instagram.com\\\/la_guia_de_pamplona\\\/\",\"https:\\\/\\\/www.youtube.com\\\/user\\\/laguiadepamplona\"]},{\"@type\":\"Person\",\"@id\":\"https:\\\/\\\/www.laguiadepamplona.com\\\/actualidad\\\/#\\\/schema\\\/person\\\/efe887376f0213d4657c93adc50b1fdb\",\"name\":\"La Gu\u00eda de Pamplona\",\"image\":{\"@type\":\"ImageObject\",\"inLanguage\":\"es\",\"@id\":\"https:\\\/\\\/secure.gravatar.com\\\/avatar\\\/b6992f131dc8d30ab0dff15446e9d346d9dbd95992de0fef795073f5ea83a81c?s=96&d=mm&r=g\",\"url\":\"https:\\\/\\\/secure.gravatar.com\\\/avatar\\\/b6992f131dc8d30ab0dff15446e9d346d9dbd95992de0fef795073f5ea83a81c?s=96&d=mm&r=g\",\"contentUrl\":\"https:\\\/\\\/secure.gravatar.com\\\/avatar\\\/b6992f131dc8d30ab0dff15446e9d346d9dbd95992de0fef795073f5ea83a81c?s=96&d=mm&r=g\",\"caption\":\"La Gu\u00eda de Pamplona\"}}]}<\/script>\n<!-- \/ Yoast SEO plugin. -->","yoast_head_json":{"title":"El Ayuntamiento organiza de junio a septiembre 16 talleres formativos dirigidos al comercio de la ciudad sobre eficiencia energ\u00e9tica y gesti\u00f3n de residuos","description":"El programa pondr\u00e1 en marcha una asesor\u00eda personalizada de eficiencia energ\u00e9tica dirigida a locales comerciales","robots":{"index":"index","follow":"follow","max-snippet":"max-snippet:-1","max-image-preview":"max-image-preview:large","max-video-preview":"max-video-preview:-1"},"canonical":"https:\/\/www.laguiadepamplona.com\/actualidad\/el-ayuntamiento-organiza-de-junio-a-septiembre-16-talleres-formativos-dirigidos-al-comercio-de-la-ciudad-sobre-eficiencia-energetica-y-gestion-de-residuos\/","og_locale":"es_ES","og_type":"article","og_title":"El Ayuntamiento organiza de junio a septiembre 16 talleres formativos dirigidos al comercio de la ciudad sobre eficiencia energ\u00e9tica y gesti\u00f3n de residuos","og_description":"El programa pondr\u00e1 en marcha una asesor\u00eda personalizada de eficiencia energ\u00e9tica dirigida a locales comerciales","og_url":"https:\/\/www.laguiadepamplona.com\/actualidad\/el-ayuntamiento-organiza-de-junio-a-septiembre-16-talleres-formativos-dirigidos-al-comercio-de-la-ciudad-sobre-eficiencia-energetica-y-gestion-de-residuos\/","og_site_name":"La Gu\u00eda de Pamplona","article_publisher":"https:\/\/www.facebook.com\/laguiadepamplonacom-133175176762273\/?ref=hl","article_published_time":"2023-05-30T14:34:00+00:00","og_image":[{"width":1920,"height":1340,"url":"https:\/\/www.laguiadepamplona.com\/actualidad\/wp-content\/uploads\/2023\/05\/idea_creatividad_innovacion_cooperacion_bombilla.webp","type":"image\/webp"}],"author":"La Gu\u00eda de Pamplona","twitter_card":"summary_large_image","twitter_creator":"@LaGuiadPamplona","twitter_site":"@LaGuiadPamplona","twitter_misc":{"Escrito por":"La Gu\u00eda de Pamplona","Tiempo de lectura":"4 minutos"},"schema":{"@context":"https:\/\/schema.org","@graph":[{"@type":"Article","@id":"https:\/\/www.laguiadepamplona.com\/actualidad\/el-ayuntamiento-organiza-de-junio-a-septiembre-16-talleres-formativos-dirigidos-al-comercio-de-la-ciudad-sobre-eficiencia-energetica-y-gestion-de-residuos\/#article","isPartOf":{"@id":"https:\/\/www.laguiadepamplona.com\/actualidad\/el-ayuntamiento-organiza-de-junio-a-septiembre-16-talleres-formativos-dirigidos-al-comercio-de-la-ciudad-sobre-eficiencia-energetica-y-gestion-de-residuos\/"},"author":{"name":"La Gu\u00eda de Pamplona","@id":"https:\/\/www.laguiadepamplona.com\/actualidad\/#\/schema\/person\/efe887376f0213d4657c93adc50b1fdb"},"headline":"El Ayuntamiento organiza de junio a septiembre 16 talleres formativos dirigidos al comercio de la ciudad sobre eficiencia energ\u00e9tica y gesti\u00f3n de residuos","datePublished":"2023-05-30T14:34:00+00:00","mainEntityOfPage":{"@id":"https:\/\/www.laguiadepamplona.com\/actualidad\/el-ayuntamiento-organiza-de-junio-a-septiembre-16-talleres-formativos-dirigidos-al-comercio-de-la-ciudad-sobre-eficiencia-energetica-y-gestion-de-residuos\/"},"wordCount":829,"commentCount":0,"publisher":{"@id":"https:\/\/www.laguiadepamplona.com\/actualidad\/#organization"},"image":{"@id":"https:\/\/www.laguiadepamplona.com\/actualidad\/el-ayuntamiento-organiza-de-junio-a-septiembre-16-talleres-formativos-dirigidos-al-comercio-de-la-ciudad-sobre-eficiencia-energetica-y-gestion-de-residuos\/#primaryimage"},"thumbnailUrl":"https:\/\/www.laguiadepamplona.com\/actualidad\/wp-content\/uploads\/2023\/05\/idea_creatividad_innovacion_cooperacion_bombilla.webp","articleSection":["Ayto Pamplona"],"inLanguage":"es","potentialAction":[{"@type":"CommentAction","name":"Comment","target":["https:\/\/www.laguiadepamplona.com\/actualidad\/el-ayuntamiento-organiza-de-junio-a-septiembre-16-talleres-formativos-dirigidos-al-comercio-de-la-ciudad-sobre-eficiencia-energetica-y-gestion-de-residuos\/#respond"]}]},{"@type":"WebPage","@id":"https:\/\/www.laguiadepamplona.com\/actualidad\/el-ayuntamiento-organiza-de-junio-a-septiembre-16-talleres-formativos-dirigidos-al-comercio-de-la-ciudad-sobre-eficiencia-energetica-y-gestion-de-residuos\/","url":"https:\/\/www.laguiadepamplona.com\/actualidad\/el-ayuntamiento-organiza-de-junio-a-septiembre-16-talleres-formativos-dirigidos-al-comercio-de-la-ciudad-sobre-eficiencia-energetica-y-gestion-de-residuos\/","name":"El Ayuntamiento organiza de junio a septiembre 16 talleres formativos dirigidos al comercio de la ciudad sobre eficiencia energ\u00e9tica y gesti\u00f3n de residuos","isPartOf":{"@id":"https:\/\/www.laguiadepamplona.com\/actualidad\/#website"},"primaryImageOfPage":{"@id":"https:\/\/www.laguiadepamplona.com\/actualidad\/el-ayuntamiento-organiza-de-junio-a-septiembre-16-talleres-formativos-dirigidos-al-comercio-de-la-ciudad-sobre-eficiencia-energetica-y-gestion-de-residuos\/#primaryimage"},"image":{"@id":"https:\/\/www.laguiadepamplona.com\/actualidad\/el-ayuntamiento-organiza-de-junio-a-septiembre-16-talleres-formativos-dirigidos-al-comercio-de-la-ciudad-sobre-eficiencia-energetica-y-gestion-de-residuos\/#primaryimage"},"thumbnailUrl":"https:\/\/www.laguiadepamplona.com\/actualidad\/wp-content\/uploads\/2023\/05\/idea_creatividad_innovacion_cooperacion_bombilla.webp","datePublished":"2023-05-30T14:34:00+00:00","description":"El programa pondr\u00e1 en marcha una asesor\u00eda personalizada de eficiencia energ\u00e9tica dirigida a locales comerciales","breadcrumb":{"@id":"https:\/\/www.laguiadepamplona.com\/actualidad\/el-ayuntamiento-organiza-de-junio-a-septiembre-16-talleres-formativos-dirigidos-al-comercio-de-la-ciudad-sobre-eficiencia-energetica-y-gestion-de-residuos\/#breadcrumb"},"inLanguage":"es","potentialAction":[{"@type":"ReadAction","target":["https:\/\/www.laguiadepamplona.com\/actualidad\/el-ayuntamiento-organiza-de-junio-a-septiembre-16-talleres-formativos-dirigidos-al-comercio-de-la-ciudad-sobre-eficiencia-energetica-y-gestion-de-residuos\/"]}]},{"@type":"ImageObject","inLanguage":"es","@id":"https:\/\/www.laguiadepamplona.com\/actualidad\/el-ayuntamiento-organiza-de-junio-a-septiembre-16-talleres-formativos-dirigidos-al-comercio-de-la-ciudad-sobre-eficiencia-energetica-y-gestion-de-residuos\/#primaryimage","url":"https:\/\/www.laguiadepamplona.com\/actualidad\/wp-content\/uploads\/2023\/05\/idea_creatividad_innovacion_cooperacion_bombilla.webp","contentUrl":"https:\/\/www.laguiadepamplona.com\/actualidad\/wp-content\/uploads\/2023\/05\/idea_creatividad_innovacion_cooperacion_bombilla.webp","width":1920,"height":1340},{"@type":"BreadcrumbList","@id":"https:\/\/www.laguiadepamplona.com\/actualidad\/el-ayuntamiento-organiza-de-junio-a-septiembre-16-talleres-formativos-dirigidos-al-comercio-de-la-ciudad-sobre-eficiencia-energetica-y-gestion-de-residuos\/#breadcrumb","itemListElement":[{"@type":"ListItem","position":1,"name":"Portada","item":"https:\/\/www.laguiadepamplona.com\/actualidad\/"},{"@type":"ListItem","position":2,"name":"El Ayuntamiento organiza de junio a septiembre 16 talleres formativos dirigidos al comercio de la ciudad sobre eficiencia energ\u00e9tica y gesti\u00f3n de residuos"}]},{"@type":"WebSite","@id":"https:\/\/www.laguiadepamplona.com\/actualidad\/#website","url":"https:\/\/www.laguiadepamplona.com\/actualidad\/","name":"La gu\u00eda de Pamplona","description":"Noticias de Pamplona","publisher":{"@id":"https:\/\/www.laguiadepamplona.com\/actualidad\/#organization"},"potentialAction":[{"@type":"SearchAction","target":{"@type":"EntryPoint","urlTemplate":"https:\/\/www.laguiadepamplona.com\/actualidad\/?s={search_term_string}"},"query-input":{"@type":"PropertyValueSpecification","valueRequired":true,"valueName":"search_term_string"}}],"inLanguage":"es"},{"@type":"Organization","@id":"https:\/\/www.laguiadepamplona.com\/actualidad\/#organization","name":"La Gu\u00eda de Pamplona \/ Noticias","url":"https:\/\/www.laguiadepamplona.com\/actualidad\/","logo":{"@type":"ImageObject","inLanguage":"es","@id":"https:\/\/www.laguiadepamplona.com\/actualidad\/#\/schema\/logo\/image\/","url":"https:\/\/www.laguiadepamplona.com\/actualidad\/wp-content\/uploads\/2018\/11\/logo-laguiadepamplona18-web1.png","contentUrl":"https:\/\/www.laguiadepamplona.com\/actualidad\/wp-content\/uploads\/2018\/11\/logo-laguiadepamplona18-web1.png","width":600,"height":196,"caption":"La Gu\u00eda de Pamplona \/ Noticias"},"image":{"@id":"https:\/\/www.laguiadepamplona.com\/actualidad\/#\/schema\/logo\/image\/"},"sameAs":["https:\/\/www.facebook.com\/laguiadepamplonacom-133175176762273\/?ref=hl","https:\/\/x.com\/LaGuiadPamplona","https:\/\/www.instagram.com\/la_guia_de_pamplona\/","https:\/\/www.youtube.com\/user\/laguiadepamplona"]},{"@type":"Person","@id":"https:\/\/www.laguiadepamplona.com\/actualidad\/#\/schema\/person\/efe887376f0213d4657c93adc50b1fdb","name":"La Gu\u00eda de Pamplona","image":{"@type":"ImageObject","inLanguage":"es","@id":"https:\/\/secure.gravatar.com\/avatar\/b6992f131dc8d30ab0dff15446e9d346d9dbd95992de0fef795073f5ea83a81c?s=96&d=mm&r=g","url":"https:\/\/secure.gravatar.com\/avatar\/b6992f131dc8d30ab0dff15446e9d346d9dbd95992de0fef795073f5ea83a81c?s=96&d=mm&r=g","contentUrl":"https:\/\/secure.gravatar.com\/avatar\/b6992f131dc8d30ab0dff15446e9d346d9dbd95992de0fef795073f5ea83a81c?s=96&d=mm&r=g","caption":"La Gu\u00eda de Pamplona"}}]}},"post_mailing_queue_ids":[],"_links":{"self":[{"href":"https:\/\/www.laguiadepamplona.com\/actualidad\/wp-json\/wp\/v2\/posts\/46855","targetHints":{"allow":["GET"]}}],"collection":[{"href":"https:\/\/www.laguiadepamplona.com\/actualidad\/wp-json\/wp\/v2\/posts"}],"about":[{"href":"https:\/\/www.laguiadepamplona.com\/actualidad\/wp-json\/wp\/v2\/types\/post"}],"author":[{"embeddable":true,"href":"https:\/\/www.laguiadepamplona.com\/actualidad\/wp-json\/wp\/v2\/users\/1"}],"replies":[{"embeddable":true,"href":"https:\/\/www.laguiadepamplona.com\/actualidad\/wp-json\/wp\/v2\/comments?post=46855"}],"version-history":[{"count":1,"href":"https:\/\/www.laguiadepamplona.com\/actualidad\/wp-json\/wp\/v2\/posts\/46855\/revisions"}],"predecessor-version":[{"id":46857,"href":"https:\/\/www.laguiadepamplona.com\/actualidad\/wp-json\/wp\/v2\/posts\/46855\/revisions\/46857"}],"wp:featuredmedia":[{"embeddable":true,"href":"https:\/\/www.laguiadepamplona.com\/actualidad\/wp-json\/wp\/v2\/media\/46856"}],"wp:attachment":[{"href":"https:\/\/www.laguiadepamplona.com\/actualidad\/wp-json\/wp\/v2\/media?parent=46855"}],"wp:term":[{"taxonomy":"category","embeddable":true,"href":"https:\/\/www.laguiadepamplona.com\/actualidad\/wp-json\/wp\/v2\/categories?post=46855"},{"taxonomy":"post_tag","embeddable":true,"href":"https:\/\/www.laguiadepamplona.com\/actualidad\/wp-json\/wp\/v2\/tags?post=46855"}],"curies":[{"name":"wp","href":"https:\/\/api.w.org\/{rel}","templated":true}]}}