{"id":46844,"date":"2023-05-29T12:30:01","date_gmt":"2023-05-29T10:30:01","guid":{"rendered":"https:\/\/www.laguiadepamplona.com\/actualidad\/?p=46844"},"modified":"2023-05-29T12:30:01","modified_gmt":"2023-05-29T10:30:01","slug":"clase-de-naturaleza-en-vivo-alumnado-de-infantil-de-dona-mayor-asiste-a-la-alimentacion-de-seis-polluelos-de-carbonero-incubados-en-la-caja-nido-colocada-en-el-centro","status":"publish","type":"post","link":"https:\/\/www.laguiadepamplona.com\/actualidad\/clase-de-naturaleza-en-vivo-alumnado-de-infantil-de-dona-mayor-asiste-a-la-alimentacion-de-seis-polluelos-de-carbonero-incubados-en-la-caja-nido-colocada-en-el-centro\/","title":{"rendered":"Clase de naturaleza en vivo: alumnado de Infantil de Do\u00f1a Mayor asiste a la alimentaci\u00f3n de seis polluelos de carbonero incubados en la caja-nido colocada en el centro"},"content":{"rendered":"<h3>El Ayuntamiento ha impartido este semestre 27 talleres de cajas-refugio en 8 centros escolares en los que han participado 365 ni\u00f1os y ni\u00f1as<\/h3>\n<p><!--more--><\/p>\n<p>En estos momentos el Ayuntamiento de Pamplona, en colaboraci\u00f3n con el gabinete especializado Ornitolan Servicios Ambientales, est\u00e1 revisando las cajas-nido de la ciudad. Con 281 revisadas en estos momentos, en un 17% (48 de ellas) han aparecido polluelos y huevos, los \u00faltimos, a mediados de mayo, en la revisi\u00f3n de las cajas realizada con el alumnado de Infantil del colegio p\u00fablico Do\u00f1a Mayor.<br \/>\n<script async src=\"\/\/pagead2.googlesyndication.com\/pagead\/js\/adsbygoogle.js\"><\/script><br \/>\n<!-- Noticias La Guia de Pamplona --><br \/>\n<ins class=\"adsbygoogle\"\nstyle=\"display:block\"\ndata-ad-client=\"ca-pub-6943679897239327\"\ndata-ad-slot=\"7048180777\"\ndata-ad-format=\"auto\"><\/ins><br \/>\n<script>\n(adsbygoogle = window.adsbygoogle || []).push({});\n<\/script><\/p>\n<p>Concretamente en ese centro se revisaron las cajas de su entorno. En una de ellas se encontraron varios polluelos de carbonero. En otra se hallaron huevos de herrerillo y, de las otras tres, dos estaban vac\u00edas y en una hab\u00eda un nido abandonado. Los ni\u00f1os y ni\u00f1as pudieron ver c\u00f3mo los ejemplares adultos de carbonero realizaban trayectos de forma continua a buscar comida para los seis polluelos y c\u00f3mo les alimentaban. Esta experiencia es el \u201cfinal de curso\u201d para estos menores de la actividad municipal de construcci\u00f3n e instalaci\u00f3n de cajas-refugio como sensibilizaci\u00f3n sobre biodiversidad. En el primer semestre de 2023 el Ayuntamiento de Pamplona ha impulsado 27 talleres en castellano y euskera para la construcci\u00f3n e instalaci\u00f3n de cajas-refugio para p\u00e1ridos (carboneros y herrerillos) en los centros escolares.<\/p>\n<p>En total 365 ni\u00f1os y ni\u00f1as de 8 centros escolares, adem\u00e1s de 14 residentes de la Amavir Oblatas, han podido trabajar en estos meses en el aprendizaje sobre indicadores de fauna urbana. Pero, adem\u00e1s de sensibilizar, esta actividad contribuye a modificar los indicadores ambientales, fomentando la presencia de p\u00e1jaros silvestres en el entorno urbano ya que, este a\u00f1o, se han colocado 37 nuevas cajas. Estos talleres, como los de reconocimiento de huellas o los de fototrampeo de mam\u00edferos son acciones municipales que se enmarcan en la estrategia <em>Go Green<\/em> Pamplona, de transici\u00f3n energ\u00e9tica y contra el cambio clim\u00e1tico.<br \/>\n<script async src=\"\/\/pagead2.googlesyndication.com\/pagead\/js\/adsbygoogle.js\"><\/script><br \/>\n<!-- Noticias La Guia de Pamplona --><br \/>\n<ins class=\"adsbygoogle\"\nstyle=\"display:block\"\ndata-ad-client=\"ca-pub-6943679897239327\"\ndata-ad-slot=\"7048180777\"\ndata-ad-format=\"auto\"><\/ins><br \/>\n<script>\n(adsbygoogle = window.adsbygoogle || []).push({});\n<\/script><\/p>\n<p><strong>10 huevos, la mayor puesta en una caja-nido en esta revisi\u00f3n<\/strong><\/p>\n<p>La revisi\u00f3n de 452 cajas-refugio instaladas en arbolado de parques y jardines de la ciudad se realiza cada a\u00f1o para investigar sus resultados, limpiarlas y repararlas para permitir que estos espacios alcancen el mayor \u00edndice de ocupaci\u00f3n posible. Y, en concreto, la revisi\u00f3n de las de centros escolares se hace con la colaboraci\u00f3n del alumnado.<\/p>\n<p>Del total de cajas, 339 est\u00e1n pensadas para p\u00e1jaros insect\u00edvoros (sobre todo para herrerillos y carboneros, pero tambi\u00e9n para petirrojos, lavanderas blancas y agateadores comunes) y el resto albergan autillos europeos, cern\u00edcalos y lechuzas y cajas para insectos (derm\u00e1pteros), destinado a atacar la plaga de Cameraria (plaga de los Casta\u00f1os de Indias). En estos momentos se han revisado 281 y, un 54,8% de ellas presentaban diferentes pruebas de ocupaci\u00f3n por parte de aves o murci\u00e9lagos. En 48 de ellas se encontraron pollos o huevos. La puesta m\u00e1s grande encontrada fue un nido con 10 huevos de herrerillo en una caja del colegio Do\u00f1a Mayor.<\/p>\n<p>Parte de las cajas-refugio se instalan en el marco de los talleres de educaci\u00f3n ambiental, una iniciativa que arranc\u00f3 en 2018 y que est\u00e1 dirigida a todos los ciclos educativos y contemplan a alumnado con diversidad funcional. Cada taller est\u00e1 compuesto por alrededor de 25 alumnos.<\/p>\n<p>La actividad Incluye una sesi\u00f3n te\u00f3rica, de alrededor de dos horas, en las que se explica a los menores participantes en t\u00e9rminos comprensibles para cada edad, d\u00f3nde habitan las distintas especies y en qu\u00e9 consisten los refugios para p\u00e1jaros y sus diferentes caracter\u00edsticas en funci\u00f3n de las aves que los van a habitar. Si se trata de p\u00e1ridos como el herrerillo o el carbonero (lo habitual en los talleres escolares); si es para insect\u00edvoros como los petirrojos y las lavanderas o si est\u00e1n pensados para autillos, lechuzas o cern\u00edcalos. En estas sesiones tambi\u00e9n se realiza el pintado y colocaci\u00f3n la de la caja y, en una \u00faltima sesi\u00f3n, su revisi\u00f3n para testar resultados.<br \/>\n<script async src=\"\/\/pagead2.googlesyndication.com\/pagead\/js\/adsbygoogle.js\"><\/script><br \/>\n<!-- Noticias La Guia de Pamplona --><br \/>\n<ins class=\"adsbygoogle\"\nstyle=\"display:block\"\ndata-ad-client=\"ca-pub-6943679897239327\"\ndata-ad-slot=\"7048180777\"\ndata-ad-format=\"auto\"><\/ins><br \/>\n<script>\n(adsbygoogle = window.adsbygoogle || []).push({});\n<\/script><\/p>\n<h3>Participaci\u00f3n enero-mayo: 9 centros, 28 talleres y 379 participantes<\/h3>\n<ul>\n<li>Colegio P\u00fablico San Francisco. 37<\/li>\n<li>Do\u00f1a Mayor. 64<\/li>\n<li>Esclavas del Sagrado Coraz\u00f3n. 52<\/li>\n<li>Asociaci\u00f3n Navarra de S\u00edndrome de Down. 6<\/li>\n<li>Colegio de Educaci\u00f3n Especial de Andr\u00e9s Mu\u00f1oz Garde. 28<\/li>\n<li>Taller de formaci\u00f3n para el empleo de Aranzadi. 42<\/li>\n<li>Escuela de Formaci\u00f3n Profesional Agroforestal. 61<\/li>\n<li>Centro de El Red\u00edn. 75<\/li>\n<li>AMAVIR-OBLATAS, Residencia de Mayores. 14<\/li>\n<\/ul>\n","protected":false},"excerpt":{"rendered":"<p>El Ayuntamiento ha impartido este semestre 27 talleres de cajas-refugio en 8 centros escolares en los que han participado 365 ni\u00f1os y ni\u00f1as<\/p>\n","protected":false},"author":1,"featured_media":46845,"comment_status":"open","ping_status":"closed","sticky":false,"template":"","format":"standard","meta":{"footnotes":""},"categories":[2],"tags":[],"class_list":["post-46844","post","type-post","status-publish","format-standard","has-post-thumbnail","hentry","category-ayuntamiento-pamplona"],"yoast_head":"<!-- This site is optimized with the Yoast SEO plugin v27.3 - https:\/\/yoast.com\/product\/yoast-seo-wordpress\/ -->\n<title>Clase de naturaleza en vivo: alumnado de Infantil de Do\u00f1a Mayor asiste a la alimentaci\u00f3n de seis polluelos de carbonero incubados en la caja-nido colocada en el centro<\/title>\n<meta name=\"description\" content=\"El Ayuntamiento ha impartido este semestre 27 talleres de cajas-refugio en 8 centros escolares en los que han participado 365 ni\u00f1os y ni\u00f1as\" \/>\n<meta name=\"robots\" content=\"index, follow, max-snippet:-1, max-image-preview:large, max-video-preview:-1\" \/>\n<link rel=\"canonical\" href=\"https:\/\/www.laguiadepamplona.com\/actualidad\/clase-de-naturaleza-en-vivo-alumnado-de-infantil-de-dona-mayor-asiste-a-la-alimentacion-de-seis-polluelos-de-carbonero-incubados-en-la-caja-nido-colocada-en-el-centro\/\" \/>\n<meta property=\"og:locale\" content=\"es_ES\" \/>\n<meta property=\"og:type\" content=\"article\" \/>\n<meta property=\"og:title\" content=\"Clase de naturaleza en vivo: alumnado de Infantil de Do\u00f1a Mayor asiste a la alimentaci\u00f3n de seis polluelos de carbonero incubados en la caja-nido colocada en el centro\" \/>\n<meta property=\"og:description\" content=\"El Ayuntamiento ha impartido este semestre 27 talleres de cajas-refugio en 8 centros escolares en los que han participado 365 ni\u00f1os y ni\u00f1as\" \/>\n<meta property=\"og:url\" content=\"https:\/\/www.laguiadepamplona.com\/actualidad\/clase-de-naturaleza-en-vivo-alumnado-de-infantil-de-dona-mayor-asiste-a-la-alimentacion-de-seis-polluelos-de-carbonero-incubados-en-la-caja-nido-colocada-en-el-centro\/\" \/>\n<meta property=\"og:site_name\" content=\"La Gu\u00eda de Pamplona\" \/>\n<meta property=\"article:publisher\" content=\"https:\/\/www.facebook.com\/laguiadepamplonacom-133175176762273\/?ref=hl\" \/>\n<meta property=\"article:published_time\" content=\"2023-05-29T10:30:01+00:00\" \/>\n<meta property=\"og:image\" content=\"https:\/\/www.laguiadepamplona.com\/actualidad\/wp-content\/uploads\/2023\/05\/cajasnido4.webp\" \/>\n\t<meta property=\"og:image:width\" content=\"1694\" \/>\n\t<meta property=\"og:image:height\" content=\"968\" \/>\n\t<meta property=\"og:image:type\" content=\"image\/webp\" \/>\n<meta name=\"author\" content=\"La Gu\u00eda de Pamplona\" \/>\n<meta name=\"twitter:card\" content=\"summary_large_image\" \/>\n<meta name=\"twitter:creator\" content=\"@LaGuiadPamplona\" \/>\n<meta name=\"twitter:site\" content=\"@LaGuiadPamplona\" \/>\n<meta name=\"twitter:label1\" content=\"Escrito por\" \/>\n\t<meta name=\"twitter:data1\" content=\"La Gu\u00eda de Pamplona\" \/>\n\t<meta name=\"twitter:label2\" content=\"Tiempo de lectura\" \/>\n\t<meta name=\"twitter:data2\" content=\"4 minutos\" \/>\n<script type=\"application\/ld+json\" class=\"yoast-schema-graph\">{\"@context\":\"https:\\\/\\\/schema.org\",\"@graph\":[{\"@type\":\"Article\",\"@id\":\"https:\\\/\\\/www.laguiadepamplona.com\\\/actualidad\\\/clase-de-naturaleza-en-vivo-alumnado-de-infantil-de-dona-mayor-asiste-a-la-alimentacion-de-seis-polluelos-de-carbonero-incubados-en-la-caja-nido-colocada-en-el-centro\\\/#article\",\"isPartOf\":{\"@id\":\"https:\\\/\\\/www.laguiadepamplona.com\\\/actualidad\\\/clase-de-naturaleza-en-vivo-alumnado-de-infantil-de-dona-mayor-asiste-a-la-alimentacion-de-seis-polluelos-de-carbonero-incubados-en-la-caja-nido-colocada-en-el-centro\\\/\"},\"author\":{\"name\":\"La Gu\u00eda de Pamplona\",\"@id\":\"https:\\\/\\\/www.laguiadepamplona.com\\\/actualidad\\\/#\\\/schema\\\/person\\\/efe887376f0213d4657c93adc50b1fdb\"},\"headline\":\"Clase de naturaleza en vivo: alumnado de Infantil de Do\u00f1a Mayor asiste a la alimentaci\u00f3n de seis polluelos de carbonero incubados en la caja-nido colocada en el centro\",\"datePublished\":\"2023-05-29T10:30:01+00:00\",\"mainEntityOfPage\":{\"@id\":\"https:\\\/\\\/www.laguiadepamplona.com\\\/actualidad\\\/clase-de-naturaleza-en-vivo-alumnado-de-infantil-de-dona-mayor-asiste-a-la-alimentacion-de-seis-polluelos-de-carbonero-incubados-en-la-caja-nido-colocada-en-el-centro\\\/\"},\"wordCount\":775,\"commentCount\":0,\"publisher\":{\"@id\":\"https:\\\/\\\/www.laguiadepamplona.com\\\/actualidad\\\/#organization\"},\"image\":{\"@id\":\"https:\\\/\\\/www.laguiadepamplona.com\\\/actualidad\\\/clase-de-naturaleza-en-vivo-alumnado-de-infantil-de-dona-mayor-asiste-a-la-alimentacion-de-seis-polluelos-de-carbonero-incubados-en-la-caja-nido-colocada-en-el-centro\\\/#primaryimage\"},\"thumbnailUrl\":\"https:\\\/\\\/www.laguiadepamplona.com\\\/actualidad\\\/wp-content\\\/uploads\\\/2023\\\/05\\\/cajasnido4.webp\",\"articleSection\":[\"Ayto Pamplona\"],\"inLanguage\":\"es\",\"potentialAction\":[{\"@type\":\"CommentAction\",\"name\":\"Comment\",\"target\":[\"https:\\\/\\\/www.laguiadepamplona.com\\\/actualidad\\\/clase-de-naturaleza-en-vivo-alumnado-de-infantil-de-dona-mayor-asiste-a-la-alimentacion-de-seis-polluelos-de-carbonero-incubados-en-la-caja-nido-colocada-en-el-centro\\\/#respond\"]}]},{\"@type\":\"WebPage\",\"@id\":\"https:\\\/\\\/www.laguiadepamplona.com\\\/actualidad\\\/clase-de-naturaleza-en-vivo-alumnado-de-infantil-de-dona-mayor-asiste-a-la-alimentacion-de-seis-polluelos-de-carbonero-incubados-en-la-caja-nido-colocada-en-el-centro\\\/\",\"url\":\"https:\\\/\\\/www.laguiadepamplona.com\\\/actualidad\\\/clase-de-naturaleza-en-vivo-alumnado-de-infantil-de-dona-mayor-asiste-a-la-alimentacion-de-seis-polluelos-de-carbonero-incubados-en-la-caja-nido-colocada-en-el-centro\\\/\",\"name\":\"Clase de naturaleza en vivo: alumnado de Infantil de Do\u00f1a Mayor asiste a la alimentaci\u00f3n de seis polluelos de carbonero incubados en la caja-nido colocada en el centro\",\"isPartOf\":{\"@id\":\"https:\\\/\\\/www.laguiadepamplona.com\\\/actualidad\\\/#website\"},\"primaryImageOfPage\":{\"@id\":\"https:\\\/\\\/www.laguiadepamplona.com\\\/actualidad\\\/clase-de-naturaleza-en-vivo-alumnado-de-infantil-de-dona-mayor-asiste-a-la-alimentacion-de-seis-polluelos-de-carbonero-incubados-en-la-caja-nido-colocada-en-el-centro\\\/#primaryimage\"},\"image\":{\"@id\":\"https:\\\/\\\/www.laguiadepamplona.com\\\/actualidad\\\/clase-de-naturaleza-en-vivo-alumnado-de-infantil-de-dona-mayor-asiste-a-la-alimentacion-de-seis-polluelos-de-carbonero-incubados-en-la-caja-nido-colocada-en-el-centro\\\/#primaryimage\"},\"thumbnailUrl\":\"https:\\\/\\\/www.laguiadepamplona.com\\\/actualidad\\\/wp-content\\\/uploads\\\/2023\\\/05\\\/cajasnido4.webp\",\"datePublished\":\"2023-05-29T10:30:01+00:00\",\"description\":\"El Ayuntamiento ha impartido este semestre 27 talleres de cajas-refugio en 8 centros escolares en los que han participado 365 ni\u00f1os y ni\u00f1as\",\"breadcrumb\":{\"@id\":\"https:\\\/\\\/www.laguiadepamplona.com\\\/actualidad\\\/clase-de-naturaleza-en-vivo-alumnado-de-infantil-de-dona-mayor-asiste-a-la-alimentacion-de-seis-polluelos-de-carbonero-incubados-en-la-caja-nido-colocada-en-el-centro\\\/#breadcrumb\"},\"inLanguage\":\"es\",\"potentialAction\":[{\"@type\":\"ReadAction\",\"target\":[\"https:\\\/\\\/www.laguiadepamplona.com\\\/actualidad\\\/clase-de-naturaleza-en-vivo-alumnado-de-infantil-de-dona-mayor-asiste-a-la-alimentacion-de-seis-polluelos-de-carbonero-incubados-en-la-caja-nido-colocada-en-el-centro\\\/\"]}]},{\"@type\":\"ImageObject\",\"inLanguage\":\"es\",\"@id\":\"https:\\\/\\\/www.laguiadepamplona.com\\\/actualidad\\\/clase-de-naturaleza-en-vivo-alumnado-de-infantil-de-dona-mayor-asiste-a-la-alimentacion-de-seis-polluelos-de-carbonero-incubados-en-la-caja-nido-colocada-en-el-centro\\\/#primaryimage\",\"url\":\"https:\\\/\\\/www.laguiadepamplona.com\\\/actualidad\\\/wp-content\\\/uploads\\\/2023\\\/05\\\/cajasnido4.webp\",\"contentUrl\":\"https:\\\/\\\/www.laguiadepamplona.com\\\/actualidad\\\/wp-content\\\/uploads\\\/2023\\\/05\\\/cajasnido4.webp\",\"width\":1694,\"height\":968,\"caption\":\"cajas-nido\"},{\"@type\":\"BreadcrumbList\",\"@id\":\"https:\\\/\\\/www.laguiadepamplona.com\\\/actualidad\\\/clase-de-naturaleza-en-vivo-alumnado-de-infantil-de-dona-mayor-asiste-a-la-alimentacion-de-seis-polluelos-de-carbonero-incubados-en-la-caja-nido-colocada-en-el-centro\\\/#breadcrumb\",\"itemListElement\":[{\"@type\":\"ListItem\",\"position\":1,\"name\":\"Portada\",\"item\":\"https:\\\/\\\/www.laguiadepamplona.com\\\/actualidad\\\/\"},{\"@type\":\"ListItem\",\"position\":2,\"name\":\"Clase de naturaleza en vivo: alumnado de Infantil de Do\u00f1a Mayor asiste a la alimentaci\u00f3n de seis polluelos de carbonero incubados en la caja-nido colocada en el centro\"}]},{\"@type\":\"WebSite\",\"@id\":\"https:\\\/\\\/www.laguiadepamplona.com\\\/actualidad\\\/#website\",\"url\":\"https:\\\/\\\/www.laguiadepamplona.com\\\/actualidad\\\/\",\"name\":\"La gu\u00eda de Pamplona\",\"description\":\"Noticias de Pamplona\",\"publisher\":{\"@id\":\"https:\\\/\\\/www.laguiadepamplona.com\\\/actualidad\\\/#organization\"},\"potentialAction\":[{\"@type\":\"SearchAction\",\"target\":{\"@type\":\"EntryPoint\",\"urlTemplate\":\"https:\\\/\\\/www.laguiadepamplona.com\\\/actualidad\\\/?s={search_term_string}\"},\"query-input\":{\"@type\":\"PropertyValueSpecification\",\"valueRequired\":true,\"valueName\":\"search_term_string\"}}],\"inLanguage\":\"es\"},{\"@type\":\"Organization\",\"@id\":\"https:\\\/\\\/www.laguiadepamplona.com\\\/actualidad\\\/#organization\",\"name\":\"La Gu\u00eda de Pamplona \\\/ Noticias\",\"url\":\"https:\\\/\\\/www.laguiadepamplona.com\\\/actualidad\\\/\",\"logo\":{\"@type\":\"ImageObject\",\"inLanguage\":\"es\",\"@id\":\"https:\\\/\\\/www.laguiadepamplona.com\\\/actualidad\\\/#\\\/schema\\\/logo\\\/image\\\/\",\"url\":\"https:\\\/\\\/www.laguiadepamplona.com\\\/actualidad\\\/wp-content\\\/uploads\\\/2018\\\/11\\\/logo-laguiadepamplona18-web1.png\",\"contentUrl\":\"https:\\\/\\\/www.laguiadepamplona.com\\\/actualidad\\\/wp-content\\\/uploads\\\/2018\\\/11\\\/logo-laguiadepamplona18-web1.png\",\"width\":600,\"height\":196,\"caption\":\"La Gu\u00eda de Pamplona \\\/ Noticias\"},\"image\":{\"@id\":\"https:\\\/\\\/www.laguiadepamplona.com\\\/actualidad\\\/#\\\/schema\\\/logo\\\/image\\\/\"},\"sameAs\":[\"https:\\\/\\\/www.facebook.com\\\/laguiadepamplonacom-133175176762273\\\/?ref=hl\",\"https:\\\/\\\/x.com\\\/LaGuiadPamplona\",\"https:\\\/\\\/www.instagram.com\\\/la_guia_de_pamplona\\\/\",\"https:\\\/\\\/www.youtube.com\\\/user\\\/laguiadepamplona\"]},{\"@type\":\"Person\",\"@id\":\"https:\\\/\\\/www.laguiadepamplona.com\\\/actualidad\\\/#\\\/schema\\\/person\\\/efe887376f0213d4657c93adc50b1fdb\",\"name\":\"La Gu\u00eda de Pamplona\",\"image\":{\"@type\":\"ImageObject\",\"inLanguage\":\"es\",\"@id\":\"https:\\\/\\\/secure.gravatar.com\\\/avatar\\\/b6992f131dc8d30ab0dff15446e9d346d9dbd95992de0fef795073f5ea83a81c?s=96&d=mm&r=g\",\"url\":\"https:\\\/\\\/secure.gravatar.com\\\/avatar\\\/b6992f131dc8d30ab0dff15446e9d346d9dbd95992de0fef795073f5ea83a81c?s=96&d=mm&r=g\",\"contentUrl\":\"https:\\\/\\\/secure.gravatar.com\\\/avatar\\\/b6992f131dc8d30ab0dff15446e9d346d9dbd95992de0fef795073f5ea83a81c?s=96&d=mm&r=g\",\"caption\":\"La Gu\u00eda de Pamplona\"}}]}<\/script>\n<!-- \/ Yoast SEO plugin. -->","yoast_head_json":{"title":"Clase de naturaleza en vivo: alumnado de Infantil de Do\u00f1a Mayor asiste a la alimentaci\u00f3n de seis polluelos de carbonero incubados en la caja-nido colocada en el centro","description":"El Ayuntamiento ha impartido este semestre 27 talleres de cajas-refugio en 8 centros escolares en los que han participado 365 ni\u00f1os y ni\u00f1as","robots":{"index":"index","follow":"follow","max-snippet":"max-snippet:-1","max-image-preview":"max-image-preview:large","max-video-preview":"max-video-preview:-1"},"canonical":"https:\/\/www.laguiadepamplona.com\/actualidad\/clase-de-naturaleza-en-vivo-alumnado-de-infantil-de-dona-mayor-asiste-a-la-alimentacion-de-seis-polluelos-de-carbonero-incubados-en-la-caja-nido-colocada-en-el-centro\/","og_locale":"es_ES","og_type":"article","og_title":"Clase de naturaleza en vivo: alumnado de Infantil de Do\u00f1a Mayor asiste a la alimentaci\u00f3n de seis polluelos de carbonero incubados en la caja-nido colocada en el centro","og_description":"El Ayuntamiento ha impartido este semestre 27 talleres de cajas-refugio en 8 centros escolares en los que han participado 365 ni\u00f1os y ni\u00f1as","og_url":"https:\/\/www.laguiadepamplona.com\/actualidad\/clase-de-naturaleza-en-vivo-alumnado-de-infantil-de-dona-mayor-asiste-a-la-alimentacion-de-seis-polluelos-de-carbonero-incubados-en-la-caja-nido-colocada-en-el-centro\/","og_site_name":"La Gu\u00eda de Pamplona","article_publisher":"https:\/\/www.facebook.com\/laguiadepamplonacom-133175176762273\/?ref=hl","article_published_time":"2023-05-29T10:30:01+00:00","og_image":[{"width":1694,"height":968,"url":"https:\/\/www.laguiadepamplona.com\/actualidad\/wp-content\/uploads\/2023\/05\/cajasnido4.webp","type":"image\/webp"}],"author":"La Gu\u00eda de Pamplona","twitter_card":"summary_large_image","twitter_creator":"@LaGuiadPamplona","twitter_site":"@LaGuiadPamplona","twitter_misc":{"Escrito por":"La Gu\u00eda de Pamplona","Tiempo de lectura":"4 minutos"},"schema":{"@context":"https:\/\/schema.org","@graph":[{"@type":"Article","@id":"https:\/\/www.laguiadepamplona.com\/actualidad\/clase-de-naturaleza-en-vivo-alumnado-de-infantil-de-dona-mayor-asiste-a-la-alimentacion-de-seis-polluelos-de-carbonero-incubados-en-la-caja-nido-colocada-en-el-centro\/#article","isPartOf":{"@id":"https:\/\/www.laguiadepamplona.com\/actualidad\/clase-de-naturaleza-en-vivo-alumnado-de-infantil-de-dona-mayor-asiste-a-la-alimentacion-de-seis-polluelos-de-carbonero-incubados-en-la-caja-nido-colocada-en-el-centro\/"},"author":{"name":"La Gu\u00eda de Pamplona","@id":"https:\/\/www.laguiadepamplona.com\/actualidad\/#\/schema\/person\/efe887376f0213d4657c93adc50b1fdb"},"headline":"Clase de naturaleza en vivo: alumnado de Infantil de Do\u00f1a Mayor asiste a la alimentaci\u00f3n de seis polluelos de carbonero incubados en la caja-nido colocada en el centro","datePublished":"2023-05-29T10:30:01+00:00","mainEntityOfPage":{"@id":"https:\/\/www.laguiadepamplona.com\/actualidad\/clase-de-naturaleza-en-vivo-alumnado-de-infantil-de-dona-mayor-asiste-a-la-alimentacion-de-seis-polluelos-de-carbonero-incubados-en-la-caja-nido-colocada-en-el-centro\/"},"wordCount":775,"commentCount":0,"publisher":{"@id":"https:\/\/www.laguiadepamplona.com\/actualidad\/#organization"},"image":{"@id":"https:\/\/www.laguiadepamplona.com\/actualidad\/clase-de-naturaleza-en-vivo-alumnado-de-infantil-de-dona-mayor-asiste-a-la-alimentacion-de-seis-polluelos-de-carbonero-incubados-en-la-caja-nido-colocada-en-el-centro\/#primaryimage"},"thumbnailUrl":"https:\/\/www.laguiadepamplona.com\/actualidad\/wp-content\/uploads\/2023\/05\/cajasnido4.webp","articleSection":["Ayto Pamplona"],"inLanguage":"es","potentialAction":[{"@type":"CommentAction","name":"Comment","target":["https:\/\/www.laguiadepamplona.com\/actualidad\/clase-de-naturaleza-en-vivo-alumnado-de-infantil-de-dona-mayor-asiste-a-la-alimentacion-de-seis-polluelos-de-carbonero-incubados-en-la-caja-nido-colocada-en-el-centro\/#respond"]}]},{"@type":"WebPage","@id":"https:\/\/www.laguiadepamplona.com\/actualidad\/clase-de-naturaleza-en-vivo-alumnado-de-infantil-de-dona-mayor-asiste-a-la-alimentacion-de-seis-polluelos-de-carbonero-incubados-en-la-caja-nido-colocada-en-el-centro\/","url":"https:\/\/www.laguiadepamplona.com\/actualidad\/clase-de-naturaleza-en-vivo-alumnado-de-infantil-de-dona-mayor-asiste-a-la-alimentacion-de-seis-polluelos-de-carbonero-incubados-en-la-caja-nido-colocada-en-el-centro\/","name":"Clase de naturaleza en vivo: alumnado de Infantil de Do\u00f1a Mayor asiste a la alimentaci\u00f3n de seis polluelos de carbonero incubados en la caja-nido colocada en el centro","isPartOf":{"@id":"https:\/\/www.laguiadepamplona.com\/actualidad\/#website"},"primaryImageOfPage":{"@id":"https:\/\/www.laguiadepamplona.com\/actualidad\/clase-de-naturaleza-en-vivo-alumnado-de-infantil-de-dona-mayor-asiste-a-la-alimentacion-de-seis-polluelos-de-carbonero-incubados-en-la-caja-nido-colocada-en-el-centro\/#primaryimage"},"image":{"@id":"https:\/\/www.laguiadepamplona.com\/actualidad\/clase-de-naturaleza-en-vivo-alumnado-de-infantil-de-dona-mayor-asiste-a-la-alimentacion-de-seis-polluelos-de-carbonero-incubados-en-la-caja-nido-colocada-en-el-centro\/#primaryimage"},"thumbnailUrl":"https:\/\/www.laguiadepamplona.com\/actualidad\/wp-content\/uploads\/2023\/05\/cajasnido4.webp","datePublished":"2023-05-29T10:30:01+00:00","description":"El Ayuntamiento ha impartido este semestre 27 talleres de cajas-refugio en 8 centros escolares en los que han participado 365 ni\u00f1os y ni\u00f1as","breadcrumb":{"@id":"https:\/\/www.laguiadepamplona.com\/actualidad\/clase-de-naturaleza-en-vivo-alumnado-de-infantil-de-dona-mayor-asiste-a-la-alimentacion-de-seis-polluelos-de-carbonero-incubados-en-la-caja-nido-colocada-en-el-centro\/#breadcrumb"},"inLanguage":"es","potentialAction":[{"@type":"ReadAction","target":["https:\/\/www.laguiadepamplona.com\/actualidad\/clase-de-naturaleza-en-vivo-alumnado-de-infantil-de-dona-mayor-asiste-a-la-alimentacion-de-seis-polluelos-de-carbonero-incubados-en-la-caja-nido-colocada-en-el-centro\/"]}]},{"@type":"ImageObject","inLanguage":"es","@id":"https:\/\/www.laguiadepamplona.com\/actualidad\/clase-de-naturaleza-en-vivo-alumnado-de-infantil-de-dona-mayor-asiste-a-la-alimentacion-de-seis-polluelos-de-carbonero-incubados-en-la-caja-nido-colocada-en-el-centro\/#primaryimage","url":"https:\/\/www.laguiadepamplona.com\/actualidad\/wp-content\/uploads\/2023\/05\/cajasnido4.webp","contentUrl":"https:\/\/www.laguiadepamplona.com\/actualidad\/wp-content\/uploads\/2023\/05\/cajasnido4.webp","width":1694,"height":968,"caption":"cajas-nido"},{"@type":"BreadcrumbList","@id":"https:\/\/www.laguiadepamplona.com\/actualidad\/clase-de-naturaleza-en-vivo-alumnado-de-infantil-de-dona-mayor-asiste-a-la-alimentacion-de-seis-polluelos-de-carbonero-incubados-en-la-caja-nido-colocada-en-el-centro\/#breadcrumb","itemListElement":[{"@type":"ListItem","position":1,"name":"Portada","item":"https:\/\/www.laguiadepamplona.com\/actualidad\/"},{"@type":"ListItem","position":2,"name":"Clase de naturaleza en vivo: alumnado de Infantil de Do\u00f1a Mayor asiste a la alimentaci\u00f3n de seis polluelos de carbonero incubados en la caja-nido colocada en el centro"}]},{"@type":"WebSite","@id":"https:\/\/www.laguiadepamplona.com\/actualidad\/#website","url":"https:\/\/www.laguiadepamplona.com\/actualidad\/","name":"La gu\u00eda de Pamplona","description":"Noticias de Pamplona","publisher":{"@id":"https:\/\/www.laguiadepamplona.com\/actualidad\/#organization"},"potentialAction":[{"@type":"SearchAction","target":{"@type":"EntryPoint","urlTemplate":"https:\/\/www.laguiadepamplona.com\/actualidad\/?s={search_term_string}"},"query-input":{"@type":"PropertyValueSpecification","valueRequired":true,"valueName":"search_term_string"}}],"inLanguage":"es"},{"@type":"Organization","@id":"https:\/\/www.laguiadepamplona.com\/actualidad\/#organization","name":"La Gu\u00eda de Pamplona \/ Noticias","url":"https:\/\/www.laguiadepamplona.com\/actualidad\/","logo":{"@type":"ImageObject","inLanguage":"es","@id":"https:\/\/www.laguiadepamplona.com\/actualidad\/#\/schema\/logo\/image\/","url":"https:\/\/www.laguiadepamplona.com\/actualidad\/wp-content\/uploads\/2018\/11\/logo-laguiadepamplona18-web1.png","contentUrl":"https:\/\/www.laguiadepamplona.com\/actualidad\/wp-content\/uploads\/2018\/11\/logo-laguiadepamplona18-web1.png","width":600,"height":196,"caption":"La Gu\u00eda de Pamplona \/ Noticias"},"image":{"@id":"https:\/\/www.laguiadepamplona.com\/actualidad\/#\/schema\/logo\/image\/"},"sameAs":["https:\/\/www.facebook.com\/laguiadepamplonacom-133175176762273\/?ref=hl","https:\/\/x.com\/LaGuiadPamplona","https:\/\/www.instagram.com\/la_guia_de_pamplona\/","https:\/\/www.youtube.com\/user\/laguiadepamplona"]},{"@type":"Person","@id":"https:\/\/www.laguiadepamplona.com\/actualidad\/#\/schema\/person\/efe887376f0213d4657c93adc50b1fdb","name":"La Gu\u00eda de Pamplona","image":{"@type":"ImageObject","inLanguage":"es","@id":"https:\/\/secure.gravatar.com\/avatar\/b6992f131dc8d30ab0dff15446e9d346d9dbd95992de0fef795073f5ea83a81c?s=96&d=mm&r=g","url":"https:\/\/secure.gravatar.com\/avatar\/b6992f131dc8d30ab0dff15446e9d346d9dbd95992de0fef795073f5ea83a81c?s=96&d=mm&r=g","contentUrl":"https:\/\/secure.gravatar.com\/avatar\/b6992f131dc8d30ab0dff15446e9d346d9dbd95992de0fef795073f5ea83a81c?s=96&d=mm&r=g","caption":"La Gu\u00eda de Pamplona"}}]}},"post_mailing_queue_ids":[],"_links":{"self":[{"href":"https:\/\/www.laguiadepamplona.com\/actualidad\/wp-json\/wp\/v2\/posts\/46844","targetHints":{"allow":["GET"]}}],"collection":[{"href":"https:\/\/www.laguiadepamplona.com\/actualidad\/wp-json\/wp\/v2\/posts"}],"about":[{"href":"https:\/\/www.laguiadepamplona.com\/actualidad\/wp-json\/wp\/v2\/types\/post"}],"author":[{"embeddable":true,"href":"https:\/\/www.laguiadepamplona.com\/actualidad\/wp-json\/wp\/v2\/users\/1"}],"replies":[{"embeddable":true,"href":"https:\/\/www.laguiadepamplona.com\/actualidad\/wp-json\/wp\/v2\/comments?post=46844"}],"version-history":[{"count":1,"href":"https:\/\/www.laguiadepamplona.com\/actualidad\/wp-json\/wp\/v2\/posts\/46844\/revisions"}],"predecessor-version":[{"id":46846,"href":"https:\/\/www.laguiadepamplona.com\/actualidad\/wp-json\/wp\/v2\/posts\/46844\/revisions\/46846"}],"wp:featuredmedia":[{"embeddable":true,"href":"https:\/\/www.laguiadepamplona.com\/actualidad\/wp-json\/wp\/v2\/media\/46845"}],"wp:attachment":[{"href":"https:\/\/www.laguiadepamplona.com\/actualidad\/wp-json\/wp\/v2\/media?parent=46844"}],"wp:term":[{"taxonomy":"category","embeddable":true,"href":"https:\/\/www.laguiadepamplona.com\/actualidad\/wp-json\/wp\/v2\/categories?post=46844"},{"taxonomy":"post_tag","embeddable":true,"href":"https:\/\/www.laguiadepamplona.com\/actualidad\/wp-json\/wp\/v2\/tags?post=46844"}],"curies":[{"name":"wp","href":"https:\/\/api.w.org\/{rel}","templated":true}]}}