{"id":46833,"date":"2023-05-26T11:30:25","date_gmt":"2023-05-26T09:30:25","guid":{"rendered":"https:\/\/www.laguiadepamplona.com\/actualidad\/?p=46833"},"modified":"2023-05-26T11:45:35","modified_gmt":"2023-05-26T09:45:35","slug":"ayuntamiento-y-agao-retoman-el-concierto-popular-desde-los-balcones-de-la-casa-consistorial-este-sabado-por-el-dia-europeo-de-la-opera","status":"publish","type":"post","link":"https:\/\/www.laguiadepamplona.com\/actualidad\/ayuntamiento-y-agao-retoman-el-concierto-popular-desde-los-balcones-de-la-casa-consistorial-este-sabado-por-el-dia-europeo-de-la-opera\/","title":{"rendered":"Ayuntamiento y AGAO retoman el concierto popular desde los balcones de la Casa Consistorial este s\u00e1bado por el D\u00eda Europeo de la \u00d3pera"},"content":{"rendered":"<h3>Coro y solistas de la Asociaci\u00f3n Gayarre Amigos de la \u00d3pera (AGAO) interpretar\u00e1n una selecci\u00f3n de conocidas obras de \u00f3pera y zarzuela<\/h3>\n<p><!--more--><\/p>\n<p>El Ayuntamiento de Pamplona y la Asociaci\u00f3n Gayarre Amigos de la \u00d3pera (AGAO) recuperan este s\u00e1bado el tradicional concierto popular desde los balcones de la Casa Consistorial. Con motivo de la celebraci\u00f3n del D\u00eda Europeo de la \u00d3pera, cantantes del coro de AGAO ofrecer\u00e1n a la ciudadan\u00eda una selecci\u00f3n de \u00f3pera y zarzuela, con el objetivo de difundir el canto l\u00edrico entre la poblaci\u00f3n. La cita es a las siete de la tarde, con acceso libre a la plaza.<br \/>\n<script async src=\"\/\/pagead2.googlesyndication.com\/pagead\/js\/adsbygoogle.js\"><\/script><br \/>\n<!-- Noticias La Guia de Pamplona --><br \/>\n<ins class=\"adsbygoogle\"\nstyle=\"display:block\"\ndata-ad-client=\"ca-pub-6943679897239327\"\ndata-ad-slot=\"7048180777\"\ndata-ad-format=\"auto\"><\/ins><br \/>\n<script>\n(adsbygoogle = window.adsbygoogle || []).push({});\n<\/script><\/p>\n<p>El concierto est\u00e1 previsto este s\u00e1bado, pero en caso de meteorolog\u00eda adversa podr\u00eda trasladarse al s\u00e1bado 3 de junio o al 24, si el anterior no fuese posible. El Coro y solistas de AGAO, con acompa\u00f1amiento de piano, interpretar\u00e1n una selecci\u00f3n conocidas piezas de la \u00f3pera y la zarzuela, como la Ronda de los enamorados de La del soto del Parral, la Habanera de Don Gil de Alcal\u00e1 o el Chi del gitano de Il Trovatore.<\/p>\n<p>Adem\u00e1s del coro de AGAO, las solistas ser\u00e1n las sopranos Elena Miral, Itsaso Loinaz y Leire de Antonio; y como bar\u00edtonos act\u00faan Andoni Sarobe y Sabino P\u00e9rez de Ciriza. El repertorista es C\u00e9sar Vallejo y la direcci\u00f3n corre a cargo de I\u00f1igo Casal\u00ed.<\/p>\n<p>La Asociaci\u00f3n Gayarre Amigos de la \u00d3pera de Navarra (AGAO) se fund\u00f3 el 2 de enero de 1990, fecha de la conmemoraci\u00f3n de la muerte del tenor navarro Juli\u00e1n Gayarre. En sus m\u00e1s de tres d\u00e9cadas de vida, esta asociaci\u00f3n sin \u00e1nimo de lucro ha organizados recitales, conferencias, talleres y actividades formativas para acercar la l\u00edrica a todos los p\u00fablicos.<br \/>\n<script async src=\"\/\/pagead2.googlesyndication.com\/pagead\/js\/adsbygoogle.js\"><\/script><br \/>\n<!-- Noticias La Guia de Pamplona --><br \/>\n<ins class=\"adsbygoogle\"\nstyle=\"display:block\"\ndata-ad-client=\"ca-pub-6943679897239327\"\ndata-ad-slot=\"7048180777\"\ndata-ad-format=\"auto\"><\/ins><br \/>\n<script>\n(adsbygoogle = window.adsbygoogle || []).push({});\n<\/script><\/p>\n<p>&nbsp;<\/p>\n<p>&nbsp;<\/p>\n<h3>D\u00cda Europeo de la \u00d3pera. Coro y Solistas de Agao. 27 de Mayo, 19.00 horas<\/h3>\n<ul>\n<li>Concierto popular desde los balcones de la Casa Consistorial<\/li>\n<li>Coro de AGAO:\n<ul>\n<li>Elena Miral, soprano<\/li>\n<li>Itsaso Loinaz, soprano<\/li>\n<li>Leire de Antonio, soprano<\/li>\n<li>Andoni Sarobe, bar\u00edtono<\/li>\n<li>Sabino P\u00e9rez de Ciriza, bar\u00edtono<\/li>\n<li>Repertorista: C\u00e9sar Vallejo<\/li>\n<li>Director: I\u00f1igo Casal\u00ed<\/li>\n<\/ul>\n<\/li>\n<li>Repertorio\n<ul>\n<li>Ronda de Enamorados, La del soto del Parral (R. Sotullo y J. Vert)<\/li>\n<li>Coro de Vareadores, Luisa Fernanda (F. Moreno Torroba)<\/li>\n<li>Me llaman la Primorosa, El Barbero de Sevilla (G. Gim\u00e9nez y M. Nieto)<\/li>\n<li>Dichoso aquel\u2026, Marina (E. Arrieta)<\/li>\n<li>Habanera, Don Gil de Alcala (M. Penella)<\/li>\n<li>Vals del Caballero de Gracia, La Gran v\u00eda (Chueca y Valverde)<\/li>\n<li>Chi del gitano, Il Trovatore (G. Verdi)<\/li>\n<li>Don, Din, Don, suona v\u00e9spero, I Pagliacci (R. Leoncavallo)<\/li>\n<li>Coro de Cigarreras, Carmen (G. Bizet)<\/li>\n<li>Vissi d&#8217;arte, Tosca (Puccini)<\/li>\n<li>Les Voici, Carmen (G. Bizet)<\/li>\n<\/ul>\n<\/li>\n<\/ul>\n<p>&nbsp;<br \/>\n<a href=\"https:\/\/www.pamplona.es\/sites\/default\/files\/2023-05\/230527diaeuropeoopera2023.pdf\" class=\"su-button su-button-style-default\" style=\"color:#FFFFFF;background-color:#ef2d2f;border-color:#c02426;border-radius:5px\" target=\"_blank\" rel=\"noopener noreferrer\"><span style=\"color:#FFFFFF;padding:6px 16px;font-size:13px;line-height:20px;border-color:#f46c6e;border-radius:5px;text-shadow:none\"><i class=\"sui sui-file-pdf-o\" style=\"font-size:13px;color:#FFFFFF\"><\/i> D\u00eda Europeo de la \u00d3pera<\/span><\/a>\n","protected":false},"excerpt":{"rendered":"<p>Coro y solistas de la Asociaci\u00f3n Gayarre Amigos de la \u00d3pera (AGAO) interpretar\u00e1n una selecci\u00f3n de conocidas obras de \u00f3pera y zarzuela<\/p>\n","protected":false},"author":1,"featured_media":46834,"comment_status":"open","ping_status":"closed","sticky":false,"template":"","format":"standard","meta":{"footnotes":""},"categories":[2],"tags":[],"class_list":["post-46833","post","type-post","status-publish","format-standard","has-post-thumbnail","hentry","category-ayuntamiento-pamplona"],"yoast_head":"<!-- This site is optimized with the Yoast SEO plugin v27.3 - https:\/\/yoast.com\/product\/yoast-seo-wordpress\/ -->\n<title>Ayuntamiento y AGAO retoman el concierto popular desde los balcones de la Casa Consistorial este s\u00e1bado por el D\u00eda Europeo de la \u00d3pera<\/title>\n<meta name=\"description\" content=\"Coro y solistas de la Asociaci\u00f3n Gayarre Amigos de la \u00d3pera (AGAO) interpretar\u00e1n una selecci\u00f3n de conocidas obras de \u00f3pera y zarzuela\" \/>\n<meta name=\"robots\" content=\"index, follow, max-snippet:-1, max-image-preview:large, max-video-preview:-1\" \/>\n<link rel=\"canonical\" href=\"https:\/\/www.laguiadepamplona.com\/actualidad\/ayuntamiento-y-agao-retoman-el-concierto-popular-desde-los-balcones-de-la-casa-consistorial-este-sabado-por-el-dia-europeo-de-la-opera\/\" \/>\n<meta property=\"og:locale\" content=\"es_ES\" \/>\n<meta property=\"og:type\" content=\"article\" \/>\n<meta property=\"og:title\" content=\"Ayuntamiento y AGAO retoman el concierto popular desde los balcones de la Casa Consistorial este s\u00e1bado por el D\u00eda Europeo de la \u00d3pera\" \/>\n<meta property=\"og:description\" content=\"Coro y solistas de la Asociaci\u00f3n Gayarre Amigos de la \u00d3pera (AGAO) interpretar\u00e1n una selecci\u00f3n de conocidas obras de \u00f3pera y zarzuela\" \/>\n<meta property=\"og:url\" content=\"https:\/\/www.laguiadepamplona.com\/actualidad\/ayuntamiento-y-agao-retoman-el-concierto-popular-desde-los-balcones-de-la-casa-consistorial-este-sabado-por-el-dia-europeo-de-la-opera\/\" \/>\n<meta property=\"og:site_name\" content=\"La Gu\u00eda de Pamplona\" \/>\n<meta property=\"article:publisher\" content=\"https:\/\/www.facebook.com\/laguiadepamplonacom-133175176762273\/?ref=hl\" \/>\n<meta property=\"article:published_time\" content=\"2023-05-26T09:30:25+00:00\" \/>\n<meta property=\"article:modified_time\" content=\"2023-05-26T09:45:35+00:00\" \/>\n<meta property=\"og:image\" content=\"https:\/\/www.laguiadepamplona.com\/actualidad\/wp-content\/uploads\/2023\/05\/agoa-concierto-balcones.webp\" \/>\n\t<meta property=\"og:image:width\" content=\"870\" \/>\n\t<meta property=\"og:image:height\" content=\"480\" \/>\n\t<meta property=\"og:image:type\" content=\"image\/webp\" \/>\n<meta name=\"author\" content=\"La Gu\u00eda de Pamplona\" \/>\n<meta name=\"twitter:card\" content=\"summary_large_image\" \/>\n<meta name=\"twitter:creator\" content=\"@LaGuiadPamplona\" \/>\n<meta name=\"twitter:site\" content=\"@LaGuiadPamplona\" \/>\n<meta name=\"twitter:label1\" content=\"Escrito por\" \/>\n\t<meta name=\"twitter:data1\" content=\"La Gu\u00eda de Pamplona\" \/>\n\t<meta name=\"twitter:label2\" content=\"Tiempo de lectura\" \/>\n\t<meta name=\"twitter:data2\" content=\"2 minutos\" \/>\n<script type=\"application\/ld+json\" class=\"yoast-schema-graph\">{\"@context\":\"https:\\\/\\\/schema.org\",\"@graph\":[{\"@type\":\"Article\",\"@id\":\"https:\\\/\\\/www.laguiadepamplona.com\\\/actualidad\\\/ayuntamiento-y-agao-retoman-el-concierto-popular-desde-los-balcones-de-la-casa-consistorial-este-sabado-por-el-dia-europeo-de-la-opera\\\/#article\",\"isPartOf\":{\"@id\":\"https:\\\/\\\/www.laguiadepamplona.com\\\/actualidad\\\/ayuntamiento-y-agao-retoman-el-concierto-popular-desde-los-balcones-de-la-casa-consistorial-este-sabado-por-el-dia-europeo-de-la-opera\\\/\"},\"author\":{\"name\":\"La Gu\u00eda de Pamplona\",\"@id\":\"https:\\\/\\\/www.laguiadepamplona.com\\\/actualidad\\\/#\\\/schema\\\/person\\\/efe887376f0213d4657c93adc50b1fdb\"},\"headline\":\"Ayuntamiento y AGAO retoman el concierto popular desde los balcones de la Casa Consistorial este s\u00e1bado por el D\u00eda Europeo de la \u00d3pera\",\"datePublished\":\"2023-05-26T09:30:25+00:00\",\"dateModified\":\"2023-05-26T09:45:35+00:00\",\"mainEntityOfPage\":{\"@id\":\"https:\\\/\\\/www.laguiadepamplona.com\\\/actualidad\\\/ayuntamiento-y-agao-retoman-el-concierto-popular-desde-los-balcones-de-la-casa-consistorial-este-sabado-por-el-dia-europeo-de-la-opera\\\/\"},\"wordCount\":519,\"commentCount\":0,\"publisher\":{\"@id\":\"https:\\\/\\\/www.laguiadepamplona.com\\\/actualidad\\\/#organization\"},\"image\":{\"@id\":\"https:\\\/\\\/www.laguiadepamplona.com\\\/actualidad\\\/ayuntamiento-y-agao-retoman-el-concierto-popular-desde-los-balcones-de-la-casa-consistorial-este-sabado-por-el-dia-europeo-de-la-opera\\\/#primaryimage\"},\"thumbnailUrl\":\"https:\\\/\\\/www.laguiadepamplona.com\\\/actualidad\\\/wp-content\\\/uploads\\\/2023\\\/05\\\/agoa-concierto-balcones.webp\",\"articleSection\":[\"Ayto Pamplona\"],\"inLanguage\":\"es\",\"potentialAction\":[{\"@type\":\"CommentAction\",\"name\":\"Comment\",\"target\":[\"https:\\\/\\\/www.laguiadepamplona.com\\\/actualidad\\\/ayuntamiento-y-agao-retoman-el-concierto-popular-desde-los-balcones-de-la-casa-consistorial-este-sabado-por-el-dia-europeo-de-la-opera\\\/#respond\"]}]},{\"@type\":\"WebPage\",\"@id\":\"https:\\\/\\\/www.laguiadepamplona.com\\\/actualidad\\\/ayuntamiento-y-agao-retoman-el-concierto-popular-desde-los-balcones-de-la-casa-consistorial-este-sabado-por-el-dia-europeo-de-la-opera\\\/\",\"url\":\"https:\\\/\\\/www.laguiadepamplona.com\\\/actualidad\\\/ayuntamiento-y-agao-retoman-el-concierto-popular-desde-los-balcones-de-la-casa-consistorial-este-sabado-por-el-dia-europeo-de-la-opera\\\/\",\"name\":\"Ayuntamiento y AGAO retoman el concierto popular desde los balcones de la Casa Consistorial este s\u00e1bado por el D\u00eda Europeo de la \u00d3pera\",\"isPartOf\":{\"@id\":\"https:\\\/\\\/www.laguiadepamplona.com\\\/actualidad\\\/#website\"},\"primaryImageOfPage\":{\"@id\":\"https:\\\/\\\/www.laguiadepamplona.com\\\/actualidad\\\/ayuntamiento-y-agao-retoman-el-concierto-popular-desde-los-balcones-de-la-casa-consistorial-este-sabado-por-el-dia-europeo-de-la-opera\\\/#primaryimage\"},\"image\":{\"@id\":\"https:\\\/\\\/www.laguiadepamplona.com\\\/actualidad\\\/ayuntamiento-y-agao-retoman-el-concierto-popular-desde-los-balcones-de-la-casa-consistorial-este-sabado-por-el-dia-europeo-de-la-opera\\\/#primaryimage\"},\"thumbnailUrl\":\"https:\\\/\\\/www.laguiadepamplona.com\\\/actualidad\\\/wp-content\\\/uploads\\\/2023\\\/05\\\/agoa-concierto-balcones.webp\",\"datePublished\":\"2023-05-26T09:30:25+00:00\",\"dateModified\":\"2023-05-26T09:45:35+00:00\",\"description\":\"Coro y solistas de la Asociaci\u00f3n Gayarre Amigos de la \u00d3pera (AGAO) interpretar\u00e1n una selecci\u00f3n de conocidas obras de \u00f3pera y zarzuela\",\"breadcrumb\":{\"@id\":\"https:\\\/\\\/www.laguiadepamplona.com\\\/actualidad\\\/ayuntamiento-y-agao-retoman-el-concierto-popular-desde-los-balcones-de-la-casa-consistorial-este-sabado-por-el-dia-europeo-de-la-opera\\\/#breadcrumb\"},\"inLanguage\":\"es\",\"potentialAction\":[{\"@type\":\"ReadAction\",\"target\":[\"https:\\\/\\\/www.laguiadepamplona.com\\\/actualidad\\\/ayuntamiento-y-agao-retoman-el-concierto-popular-desde-los-balcones-de-la-casa-consistorial-este-sabado-por-el-dia-europeo-de-la-opera\\\/\"]}]},{\"@type\":\"ImageObject\",\"inLanguage\":\"es\",\"@id\":\"https:\\\/\\\/www.laguiadepamplona.com\\\/actualidad\\\/ayuntamiento-y-agao-retoman-el-concierto-popular-desde-los-balcones-de-la-casa-consistorial-este-sabado-por-el-dia-europeo-de-la-opera\\\/#primaryimage\",\"url\":\"https:\\\/\\\/www.laguiadepamplona.com\\\/actualidad\\\/wp-content\\\/uploads\\\/2023\\\/05\\\/agoa-concierto-balcones.webp\",\"contentUrl\":\"https:\\\/\\\/www.laguiadepamplona.com\\\/actualidad\\\/wp-content\\\/uploads\\\/2023\\\/05\\\/agoa-concierto-balcones.webp\",\"width\":870,\"height\":480},{\"@type\":\"BreadcrumbList\",\"@id\":\"https:\\\/\\\/www.laguiadepamplona.com\\\/actualidad\\\/ayuntamiento-y-agao-retoman-el-concierto-popular-desde-los-balcones-de-la-casa-consistorial-este-sabado-por-el-dia-europeo-de-la-opera\\\/#breadcrumb\",\"itemListElement\":[{\"@type\":\"ListItem\",\"position\":1,\"name\":\"Portada\",\"item\":\"https:\\\/\\\/www.laguiadepamplona.com\\\/actualidad\\\/\"},{\"@type\":\"ListItem\",\"position\":2,\"name\":\"Ayuntamiento y AGAO retoman el concierto popular desde los balcones de la Casa Consistorial este s\u00e1bado por el D\u00eda Europeo de la \u00d3pera\"}]},{\"@type\":\"WebSite\",\"@id\":\"https:\\\/\\\/www.laguiadepamplona.com\\\/actualidad\\\/#website\",\"url\":\"https:\\\/\\\/www.laguiadepamplona.com\\\/actualidad\\\/\",\"name\":\"La gu\u00eda de Pamplona\",\"description\":\"Noticias de Pamplona\",\"publisher\":{\"@id\":\"https:\\\/\\\/www.laguiadepamplona.com\\\/actualidad\\\/#organization\"},\"potentialAction\":[{\"@type\":\"SearchAction\",\"target\":{\"@type\":\"EntryPoint\",\"urlTemplate\":\"https:\\\/\\\/www.laguiadepamplona.com\\\/actualidad\\\/?s={search_term_string}\"},\"query-input\":{\"@type\":\"PropertyValueSpecification\",\"valueRequired\":true,\"valueName\":\"search_term_string\"}}],\"inLanguage\":\"es\"},{\"@type\":\"Organization\",\"@id\":\"https:\\\/\\\/www.laguiadepamplona.com\\\/actualidad\\\/#organization\",\"name\":\"La Gu\u00eda de Pamplona \\\/ Noticias\",\"url\":\"https:\\\/\\\/www.laguiadepamplona.com\\\/actualidad\\\/\",\"logo\":{\"@type\":\"ImageObject\",\"inLanguage\":\"es\",\"@id\":\"https:\\\/\\\/www.laguiadepamplona.com\\\/actualidad\\\/#\\\/schema\\\/logo\\\/image\\\/\",\"url\":\"https:\\\/\\\/www.laguiadepamplona.com\\\/actualidad\\\/wp-content\\\/uploads\\\/2018\\\/11\\\/logo-laguiadepamplona18-web1.png\",\"contentUrl\":\"https:\\\/\\\/www.laguiadepamplona.com\\\/actualidad\\\/wp-content\\\/uploads\\\/2018\\\/11\\\/logo-laguiadepamplona18-web1.png\",\"width\":600,\"height\":196,\"caption\":\"La Gu\u00eda de Pamplona \\\/ Noticias\"},\"image\":{\"@id\":\"https:\\\/\\\/www.laguiadepamplona.com\\\/actualidad\\\/#\\\/schema\\\/logo\\\/image\\\/\"},\"sameAs\":[\"https:\\\/\\\/www.facebook.com\\\/laguiadepamplonacom-133175176762273\\\/?ref=hl\",\"https:\\\/\\\/x.com\\\/LaGuiadPamplona\",\"https:\\\/\\\/www.instagram.com\\\/la_guia_de_pamplona\\\/\",\"https:\\\/\\\/www.youtube.com\\\/user\\\/laguiadepamplona\"]},{\"@type\":\"Person\",\"@id\":\"https:\\\/\\\/www.laguiadepamplona.com\\\/actualidad\\\/#\\\/schema\\\/person\\\/efe887376f0213d4657c93adc50b1fdb\",\"name\":\"La Gu\u00eda de Pamplona\",\"image\":{\"@type\":\"ImageObject\",\"inLanguage\":\"es\",\"@id\":\"https:\\\/\\\/secure.gravatar.com\\\/avatar\\\/b6992f131dc8d30ab0dff15446e9d346d9dbd95992de0fef795073f5ea83a81c?s=96&d=mm&r=g\",\"url\":\"https:\\\/\\\/secure.gravatar.com\\\/avatar\\\/b6992f131dc8d30ab0dff15446e9d346d9dbd95992de0fef795073f5ea83a81c?s=96&d=mm&r=g\",\"contentUrl\":\"https:\\\/\\\/secure.gravatar.com\\\/avatar\\\/b6992f131dc8d30ab0dff15446e9d346d9dbd95992de0fef795073f5ea83a81c?s=96&d=mm&r=g\",\"caption\":\"La Gu\u00eda de Pamplona\"}}]}<\/script>\n<!-- \/ Yoast SEO plugin. -->","yoast_head_json":{"title":"Ayuntamiento y AGAO retoman el concierto popular desde los balcones de la Casa Consistorial este s\u00e1bado por el D\u00eda Europeo de la \u00d3pera","description":"Coro y solistas de la Asociaci\u00f3n Gayarre Amigos de la \u00d3pera (AGAO) interpretar\u00e1n una selecci\u00f3n de conocidas obras de \u00f3pera y zarzuela","robots":{"index":"index","follow":"follow","max-snippet":"max-snippet:-1","max-image-preview":"max-image-preview:large","max-video-preview":"max-video-preview:-1"},"canonical":"https:\/\/www.laguiadepamplona.com\/actualidad\/ayuntamiento-y-agao-retoman-el-concierto-popular-desde-los-balcones-de-la-casa-consistorial-este-sabado-por-el-dia-europeo-de-la-opera\/","og_locale":"es_ES","og_type":"article","og_title":"Ayuntamiento y AGAO retoman el concierto popular desde los balcones de la Casa Consistorial este s\u00e1bado por el D\u00eda Europeo de la \u00d3pera","og_description":"Coro y solistas de la Asociaci\u00f3n Gayarre Amigos de la \u00d3pera (AGAO) interpretar\u00e1n una selecci\u00f3n de conocidas obras de \u00f3pera y zarzuela","og_url":"https:\/\/www.laguiadepamplona.com\/actualidad\/ayuntamiento-y-agao-retoman-el-concierto-popular-desde-los-balcones-de-la-casa-consistorial-este-sabado-por-el-dia-europeo-de-la-opera\/","og_site_name":"La Gu\u00eda de Pamplona","article_publisher":"https:\/\/www.facebook.com\/laguiadepamplonacom-133175176762273\/?ref=hl","article_published_time":"2023-05-26T09:30:25+00:00","article_modified_time":"2023-05-26T09:45:35+00:00","og_image":[{"width":870,"height":480,"url":"https:\/\/www.laguiadepamplona.com\/actualidad\/wp-content\/uploads\/2023\/05\/agoa-concierto-balcones.webp","type":"image\/webp"}],"author":"La Gu\u00eda de Pamplona","twitter_card":"summary_large_image","twitter_creator":"@LaGuiadPamplona","twitter_site":"@LaGuiadPamplona","twitter_misc":{"Escrito por":"La Gu\u00eda de Pamplona","Tiempo de lectura":"2 minutos"},"schema":{"@context":"https:\/\/schema.org","@graph":[{"@type":"Article","@id":"https:\/\/www.laguiadepamplona.com\/actualidad\/ayuntamiento-y-agao-retoman-el-concierto-popular-desde-los-balcones-de-la-casa-consistorial-este-sabado-por-el-dia-europeo-de-la-opera\/#article","isPartOf":{"@id":"https:\/\/www.laguiadepamplona.com\/actualidad\/ayuntamiento-y-agao-retoman-el-concierto-popular-desde-los-balcones-de-la-casa-consistorial-este-sabado-por-el-dia-europeo-de-la-opera\/"},"author":{"name":"La Gu\u00eda de Pamplona","@id":"https:\/\/www.laguiadepamplona.com\/actualidad\/#\/schema\/person\/efe887376f0213d4657c93adc50b1fdb"},"headline":"Ayuntamiento y AGAO retoman el concierto popular desde los balcones de la Casa Consistorial este s\u00e1bado por el D\u00eda Europeo de la \u00d3pera","datePublished":"2023-05-26T09:30:25+00:00","dateModified":"2023-05-26T09:45:35+00:00","mainEntityOfPage":{"@id":"https:\/\/www.laguiadepamplona.com\/actualidad\/ayuntamiento-y-agao-retoman-el-concierto-popular-desde-los-balcones-de-la-casa-consistorial-este-sabado-por-el-dia-europeo-de-la-opera\/"},"wordCount":519,"commentCount":0,"publisher":{"@id":"https:\/\/www.laguiadepamplona.com\/actualidad\/#organization"},"image":{"@id":"https:\/\/www.laguiadepamplona.com\/actualidad\/ayuntamiento-y-agao-retoman-el-concierto-popular-desde-los-balcones-de-la-casa-consistorial-este-sabado-por-el-dia-europeo-de-la-opera\/#primaryimage"},"thumbnailUrl":"https:\/\/www.laguiadepamplona.com\/actualidad\/wp-content\/uploads\/2023\/05\/agoa-concierto-balcones.webp","articleSection":["Ayto Pamplona"],"inLanguage":"es","potentialAction":[{"@type":"CommentAction","name":"Comment","target":["https:\/\/www.laguiadepamplona.com\/actualidad\/ayuntamiento-y-agao-retoman-el-concierto-popular-desde-los-balcones-de-la-casa-consistorial-este-sabado-por-el-dia-europeo-de-la-opera\/#respond"]}]},{"@type":"WebPage","@id":"https:\/\/www.laguiadepamplona.com\/actualidad\/ayuntamiento-y-agao-retoman-el-concierto-popular-desde-los-balcones-de-la-casa-consistorial-este-sabado-por-el-dia-europeo-de-la-opera\/","url":"https:\/\/www.laguiadepamplona.com\/actualidad\/ayuntamiento-y-agao-retoman-el-concierto-popular-desde-los-balcones-de-la-casa-consistorial-este-sabado-por-el-dia-europeo-de-la-opera\/","name":"Ayuntamiento y AGAO retoman el concierto popular desde los balcones de la Casa Consistorial este s\u00e1bado por el D\u00eda Europeo de la \u00d3pera","isPartOf":{"@id":"https:\/\/www.laguiadepamplona.com\/actualidad\/#website"},"primaryImageOfPage":{"@id":"https:\/\/www.laguiadepamplona.com\/actualidad\/ayuntamiento-y-agao-retoman-el-concierto-popular-desde-los-balcones-de-la-casa-consistorial-este-sabado-por-el-dia-europeo-de-la-opera\/#primaryimage"},"image":{"@id":"https:\/\/www.laguiadepamplona.com\/actualidad\/ayuntamiento-y-agao-retoman-el-concierto-popular-desde-los-balcones-de-la-casa-consistorial-este-sabado-por-el-dia-europeo-de-la-opera\/#primaryimage"},"thumbnailUrl":"https:\/\/www.laguiadepamplona.com\/actualidad\/wp-content\/uploads\/2023\/05\/agoa-concierto-balcones.webp","datePublished":"2023-05-26T09:30:25+00:00","dateModified":"2023-05-26T09:45:35+00:00","description":"Coro y solistas de la Asociaci\u00f3n Gayarre Amigos de la \u00d3pera (AGAO) interpretar\u00e1n una selecci\u00f3n de conocidas obras de \u00f3pera y zarzuela","breadcrumb":{"@id":"https:\/\/www.laguiadepamplona.com\/actualidad\/ayuntamiento-y-agao-retoman-el-concierto-popular-desde-los-balcones-de-la-casa-consistorial-este-sabado-por-el-dia-europeo-de-la-opera\/#breadcrumb"},"inLanguage":"es","potentialAction":[{"@type":"ReadAction","target":["https:\/\/www.laguiadepamplona.com\/actualidad\/ayuntamiento-y-agao-retoman-el-concierto-popular-desde-los-balcones-de-la-casa-consistorial-este-sabado-por-el-dia-europeo-de-la-opera\/"]}]},{"@type":"ImageObject","inLanguage":"es","@id":"https:\/\/www.laguiadepamplona.com\/actualidad\/ayuntamiento-y-agao-retoman-el-concierto-popular-desde-los-balcones-de-la-casa-consistorial-este-sabado-por-el-dia-europeo-de-la-opera\/#primaryimage","url":"https:\/\/www.laguiadepamplona.com\/actualidad\/wp-content\/uploads\/2023\/05\/agoa-concierto-balcones.webp","contentUrl":"https:\/\/www.laguiadepamplona.com\/actualidad\/wp-content\/uploads\/2023\/05\/agoa-concierto-balcones.webp","width":870,"height":480},{"@type":"BreadcrumbList","@id":"https:\/\/www.laguiadepamplona.com\/actualidad\/ayuntamiento-y-agao-retoman-el-concierto-popular-desde-los-balcones-de-la-casa-consistorial-este-sabado-por-el-dia-europeo-de-la-opera\/#breadcrumb","itemListElement":[{"@type":"ListItem","position":1,"name":"Portada","item":"https:\/\/www.laguiadepamplona.com\/actualidad\/"},{"@type":"ListItem","position":2,"name":"Ayuntamiento y AGAO retoman el concierto popular desde los balcones de la Casa Consistorial este s\u00e1bado por el D\u00eda Europeo de la \u00d3pera"}]},{"@type":"WebSite","@id":"https:\/\/www.laguiadepamplona.com\/actualidad\/#website","url":"https:\/\/www.laguiadepamplona.com\/actualidad\/","name":"La gu\u00eda de Pamplona","description":"Noticias de Pamplona","publisher":{"@id":"https:\/\/www.laguiadepamplona.com\/actualidad\/#organization"},"potentialAction":[{"@type":"SearchAction","target":{"@type":"EntryPoint","urlTemplate":"https:\/\/www.laguiadepamplona.com\/actualidad\/?s={search_term_string}"},"query-input":{"@type":"PropertyValueSpecification","valueRequired":true,"valueName":"search_term_string"}}],"inLanguage":"es"},{"@type":"Organization","@id":"https:\/\/www.laguiadepamplona.com\/actualidad\/#organization","name":"La Gu\u00eda de Pamplona \/ Noticias","url":"https:\/\/www.laguiadepamplona.com\/actualidad\/","logo":{"@type":"ImageObject","inLanguage":"es","@id":"https:\/\/www.laguiadepamplona.com\/actualidad\/#\/schema\/logo\/image\/","url":"https:\/\/www.laguiadepamplona.com\/actualidad\/wp-content\/uploads\/2018\/11\/logo-laguiadepamplona18-web1.png","contentUrl":"https:\/\/www.laguiadepamplona.com\/actualidad\/wp-content\/uploads\/2018\/11\/logo-laguiadepamplona18-web1.png","width":600,"height":196,"caption":"La Gu\u00eda de Pamplona \/ Noticias"},"image":{"@id":"https:\/\/www.laguiadepamplona.com\/actualidad\/#\/schema\/logo\/image\/"},"sameAs":["https:\/\/www.facebook.com\/laguiadepamplonacom-133175176762273\/?ref=hl","https:\/\/x.com\/LaGuiadPamplona","https:\/\/www.instagram.com\/la_guia_de_pamplona\/","https:\/\/www.youtube.com\/user\/laguiadepamplona"]},{"@type":"Person","@id":"https:\/\/www.laguiadepamplona.com\/actualidad\/#\/schema\/person\/efe887376f0213d4657c93adc50b1fdb","name":"La Gu\u00eda de Pamplona","image":{"@type":"ImageObject","inLanguage":"es","@id":"https:\/\/secure.gravatar.com\/avatar\/b6992f131dc8d30ab0dff15446e9d346d9dbd95992de0fef795073f5ea83a81c?s=96&d=mm&r=g","url":"https:\/\/secure.gravatar.com\/avatar\/b6992f131dc8d30ab0dff15446e9d346d9dbd95992de0fef795073f5ea83a81c?s=96&d=mm&r=g","contentUrl":"https:\/\/secure.gravatar.com\/avatar\/b6992f131dc8d30ab0dff15446e9d346d9dbd95992de0fef795073f5ea83a81c?s=96&d=mm&r=g","caption":"La Gu\u00eda de Pamplona"}}]}},"post_mailing_queue_ids":[],"_links":{"self":[{"href":"https:\/\/www.laguiadepamplona.com\/actualidad\/wp-json\/wp\/v2\/posts\/46833","targetHints":{"allow":["GET"]}}],"collection":[{"href":"https:\/\/www.laguiadepamplona.com\/actualidad\/wp-json\/wp\/v2\/posts"}],"about":[{"href":"https:\/\/www.laguiadepamplona.com\/actualidad\/wp-json\/wp\/v2\/types\/post"}],"author":[{"embeddable":true,"href":"https:\/\/www.laguiadepamplona.com\/actualidad\/wp-json\/wp\/v2\/users\/1"}],"replies":[{"embeddable":true,"href":"https:\/\/www.laguiadepamplona.com\/actualidad\/wp-json\/wp\/v2\/comments?post=46833"}],"version-history":[{"count":3,"href":"https:\/\/www.laguiadepamplona.com\/actualidad\/wp-json\/wp\/v2\/posts\/46833\/revisions"}],"predecessor-version":[{"id":46837,"href":"https:\/\/www.laguiadepamplona.com\/actualidad\/wp-json\/wp\/v2\/posts\/46833\/revisions\/46837"}],"wp:featuredmedia":[{"embeddable":true,"href":"https:\/\/www.laguiadepamplona.com\/actualidad\/wp-json\/wp\/v2\/media\/46834"}],"wp:attachment":[{"href":"https:\/\/www.laguiadepamplona.com\/actualidad\/wp-json\/wp\/v2\/media?parent=46833"}],"wp:term":[{"taxonomy":"category","embeddable":true,"href":"https:\/\/www.laguiadepamplona.com\/actualidad\/wp-json\/wp\/v2\/categories?post=46833"},{"taxonomy":"post_tag","embeddable":true,"href":"https:\/\/www.laguiadepamplona.com\/actualidad\/wp-json\/wp\/v2\/tags?post=46833"}],"curies":[{"name":"wp","href":"https:\/\/api.w.org\/{rel}","templated":true}]}}