{"id":46830,"date":"2023-05-26T11:27:51","date_gmt":"2023-05-26T09:27:51","guid":{"rendered":"https:\/\/www.laguiadepamplona.com\/actualidad\/?p=46830"},"modified":"2023-05-26T11:27:51","modified_gmt":"2023-05-26T09:27:51","slug":"el-alcalde-enrique-maya-recibe-al-consejo-superior-de-los-colegios-de-arquitectos-de-espana-cscae","status":"publish","type":"post","link":"https:\/\/www.laguiadepamplona.com\/actualidad\/el-alcalde-enrique-maya-recibe-al-consejo-superior-de-los-colegios-de-arquitectos-de-espana-cscae\/","title":{"rendered":"El alcalde Enrique Maya recibe al Consejo Superior de los Colegios de Arquitectos de Espa\u00f1a (CSCAE)"},"content":{"rendered":"<h3>El Consejo celebra este viernes una reuni\u00f3n plenaria en la sede de la delegaci\u00f3n navarra del Colegio de Arquitectos Vasco-Navarro (COAVN)<\/h3>\n<p><!--more--><\/p>\n<p>El alcalde de Pamplona, Enrique Maya, ha recibido en el Ayuntamiento al Consejo Superior de los Colegios de Arquitectos de Espa\u00f1a (CSCAE), que est\u00e1 de visita de trabajo en Pamplona. El Consejo celebra hoy una reuni\u00f3n plenaria en la sede de la delegaci\u00f3n navarra del Colegio Oficial de Arquitectos Vasco-Navarro (COAVN), a invitaci\u00f3n del decano del COAVN, Patxi Chocarro.<br \/>\n<script async src=\"\/\/pagead2.googlesyndication.com\/pagead\/js\/adsbygoogle.js\"><\/script><br \/>\n<!-- Noticias La Guia de Pamplona --><br \/>\n<ins class=\"adsbygoogle\"\nstyle=\"display:block\"\ndata-ad-client=\"ca-pub-6943679897239327\"\ndata-ad-slot=\"7048180777\"\ndata-ad-format=\"auto\"><\/ins><br \/>\n<script>\n(adsbygoogle = window.adsbygoogle || []).push({});\n<\/script><\/p>\n<p>El alcalde ha dado la bienvenida a los representantes del Consejo, que han acudido encabezados por su presidenta, Marta Vall-llosera, y el secretario, Laureano Matas. Junto a ellos, han participado los veinte consejeros del CSCAE, decanos de los respectivos colegios oficiales de arquitectos de las distintas autonom\u00edas espa\u00f1olas; el decano del Colegio Oficial de Arquitectos Vasco-Navarro (COAVN), Patxi Chocarro; y el presidente del COAVN en Navarra, Josecho V\u00e9laz.<\/p>\n<p>El alcalde Enrique Maya ha recibido, de manos de la presidenta del CSCAE, Marta Vall-llosera, un libro reciente sobre Rafael Moneo, mientras que el decano del COAVN, Patxi Chocarro, le ha obsequiado con otro libro, \u2018Oiza, Oteiza, Huarte\u2019, editado recientemente por el Museo Oteiza y el COAVN. El Ayuntamiento ha correspondido haciendo entrega de sendas reproducciones de la fachada de la Casa Consistorial a las dos instituciones.<br \/>\n<script async src=\"\/\/pagead2.googlesyndication.com\/pagead\/js\/adsbygoogle.js\"><\/script><br \/>\n<!-- Noticias La Guia de Pamplona --><br \/>\n<ins class=\"adsbygoogle\"\nstyle=\"display:block\"\ndata-ad-client=\"ca-pub-6943679897239327\"\ndata-ad-slot=\"7048180777\"\ndata-ad-format=\"auto\"><\/ins><br \/>\n<script>\n(adsbygoogle = window.adsbygoogle || []).push({});\n<\/script><\/p>\n<p>Con motivo de la sesi\u00f3n plenaria, se han trasladado a Pamplona representantes de los casi 50.000 arquitectos\/as que ejercen la profesi\u00f3n de forma colegiada en nuestro pa\u00eds para abordar temas de calado en defensa de la profesi\u00f3n y de la Arquitectura. Entre ellos, el proceso de implementaci\u00f3n de la construcci\u00f3n industrializada como instrumento para una arquitectura de excelencia que garantice el bienestar de las personas y la sostenibilidad del planeta.<\/p>\n<p>Aprovechando su estancia en la ciudad, la delegaci\u00f3n realiza distintas visitas, entre ellas, el Museo Oteiza o el campus de la Universidad de Navarra. Aunque la sede del CSCAE est\u00e1 ubicada en Madrid, a petici\u00f3n de los\/as consejeros\/as, el Pleno se traslada, en ocasiones, a otros territorios como una muestra del apoyo a la labor que realizan y coincidiendo con eventos destacados para la profesi\u00f3n y el sector.<\/p>\n","protected":false},"excerpt":{"rendered":"<p>El Consejo celebra este viernes una reuni\u00f3n plenaria en la sede de la delegaci\u00f3n navarra del Colegio de Arquitectos Vasco-Navarro (COAVN)<\/p>\n","protected":false},"author":1,"featured_media":46831,"comment_status":"open","ping_status":"closed","sticky":false,"template":"","format":"standard","meta":{"footnotes":""},"categories":[2],"tags":[],"class_list":["post-46830","post","type-post","status-publish","format-standard","has-post-thumbnail","hentry","category-ayuntamiento-pamplona"],"yoast_head":"<!-- This site is optimized with the Yoast SEO plugin v27.3 - https:\/\/yoast.com\/product\/yoast-seo-wordpress\/ -->\n<title>El alcalde Enrique Maya recibe al Consejo Superior de los Colegios de Arquitectos de Espa\u00f1a (CSCAE)<\/title>\n<meta name=\"description\" content=\"El Consejo celebra este viernes una reuni\u00f3n plenaria en la sede de la delegaci\u00f3n navarra del Colegio de Arquitectos Vasco-Navarro (COAVN)\" \/>\n<meta name=\"robots\" content=\"index, follow, max-snippet:-1, max-image-preview:large, max-video-preview:-1\" \/>\n<link rel=\"canonical\" href=\"https:\/\/www.laguiadepamplona.com\/actualidad\/el-alcalde-enrique-maya-recibe-al-consejo-superior-de-los-colegios-de-arquitectos-de-espana-cscae\/\" \/>\n<meta property=\"og:locale\" content=\"es_ES\" \/>\n<meta property=\"og:type\" content=\"article\" \/>\n<meta property=\"og:title\" content=\"El alcalde Enrique Maya recibe al Consejo Superior de los Colegios de Arquitectos de Espa\u00f1a (CSCAE)\" \/>\n<meta property=\"og:description\" content=\"El Consejo celebra este viernes una reuni\u00f3n plenaria en la sede de la delegaci\u00f3n navarra del Colegio de Arquitectos Vasco-Navarro (COAVN)\" \/>\n<meta property=\"og:url\" content=\"https:\/\/www.laguiadepamplona.com\/actualidad\/el-alcalde-enrique-maya-recibe-al-consejo-superior-de-los-colegios-de-arquitectos-de-espana-cscae\/\" \/>\n<meta property=\"og:site_name\" content=\"La Gu\u00eda de Pamplona\" \/>\n<meta property=\"article:publisher\" content=\"https:\/\/www.facebook.com\/laguiadepamplonacom-133175176762273\/?ref=hl\" \/>\n<meta property=\"article:published_time\" content=\"2023-05-26T09:27:51+00:00\" \/>\n<meta property=\"og:image\" content=\"https:\/\/www.laguiadepamplona.com\/actualidad\/wp-content\/uploads\/2023\/05\/consejosuperiordearquitectosdeespanaee5a5398.webp\" \/>\n\t<meta property=\"og:image:width\" content=\"1920\" \/>\n\t<meta property=\"og:image:height\" content=\"1280\" \/>\n\t<meta property=\"og:image:type\" content=\"image\/webp\" \/>\n<meta name=\"author\" content=\"La Gu\u00eda de Pamplona\" \/>\n<meta name=\"twitter:card\" content=\"summary_large_image\" \/>\n<meta name=\"twitter:creator\" content=\"@LaGuiadPamplona\" \/>\n<meta name=\"twitter:site\" content=\"@LaGuiadPamplona\" \/>\n<meta name=\"twitter:label1\" content=\"Escrito por\" \/>\n\t<meta name=\"twitter:data1\" content=\"La Gu\u00eda de Pamplona\" \/>\n\t<meta name=\"twitter:label2\" content=\"Tiempo de lectura\" \/>\n\t<meta name=\"twitter:data2\" content=\"2 minutos\" \/>\n<script type=\"application\/ld+json\" class=\"yoast-schema-graph\">{\"@context\":\"https:\\\/\\\/schema.org\",\"@graph\":[{\"@type\":\"Article\",\"@id\":\"https:\\\/\\\/www.laguiadepamplona.com\\\/actualidad\\\/el-alcalde-enrique-maya-recibe-al-consejo-superior-de-los-colegios-de-arquitectos-de-espana-cscae\\\/#article\",\"isPartOf\":{\"@id\":\"https:\\\/\\\/www.laguiadepamplona.com\\\/actualidad\\\/el-alcalde-enrique-maya-recibe-al-consejo-superior-de-los-colegios-de-arquitectos-de-espana-cscae\\\/\"},\"author\":{\"name\":\"La Gu\u00eda de Pamplona\",\"@id\":\"https:\\\/\\\/www.laguiadepamplona.com\\\/actualidad\\\/#\\\/schema\\\/person\\\/efe887376f0213d4657c93adc50b1fdb\"},\"headline\":\"El alcalde Enrique Maya recibe al Consejo Superior de los Colegios de Arquitectos de Espa\u00f1a (CSCAE)\",\"datePublished\":\"2023-05-26T09:27:51+00:00\",\"mainEntityOfPage\":{\"@id\":\"https:\\\/\\\/www.laguiadepamplona.com\\\/actualidad\\\/el-alcalde-enrique-maya-recibe-al-consejo-superior-de-los-colegios-de-arquitectos-de-espana-cscae\\\/\"},\"wordCount\":390,\"commentCount\":0,\"publisher\":{\"@id\":\"https:\\\/\\\/www.laguiadepamplona.com\\\/actualidad\\\/#organization\"},\"image\":{\"@id\":\"https:\\\/\\\/www.laguiadepamplona.com\\\/actualidad\\\/el-alcalde-enrique-maya-recibe-al-consejo-superior-de-los-colegios-de-arquitectos-de-espana-cscae\\\/#primaryimage\"},\"thumbnailUrl\":\"https:\\\/\\\/www.laguiadepamplona.com\\\/actualidad\\\/wp-content\\\/uploads\\\/2023\\\/05\\\/consejosuperiordearquitectosdeespanaee5a5398.webp\",\"articleSection\":[\"Ayto Pamplona\"],\"inLanguage\":\"es\",\"potentialAction\":[{\"@type\":\"CommentAction\",\"name\":\"Comment\",\"target\":[\"https:\\\/\\\/www.laguiadepamplona.com\\\/actualidad\\\/el-alcalde-enrique-maya-recibe-al-consejo-superior-de-los-colegios-de-arquitectos-de-espana-cscae\\\/#respond\"]}]},{\"@type\":\"WebPage\",\"@id\":\"https:\\\/\\\/www.laguiadepamplona.com\\\/actualidad\\\/el-alcalde-enrique-maya-recibe-al-consejo-superior-de-los-colegios-de-arquitectos-de-espana-cscae\\\/\",\"url\":\"https:\\\/\\\/www.laguiadepamplona.com\\\/actualidad\\\/el-alcalde-enrique-maya-recibe-al-consejo-superior-de-los-colegios-de-arquitectos-de-espana-cscae\\\/\",\"name\":\"El alcalde Enrique Maya recibe al Consejo Superior de los Colegios de Arquitectos de Espa\u00f1a (CSCAE)\",\"isPartOf\":{\"@id\":\"https:\\\/\\\/www.laguiadepamplona.com\\\/actualidad\\\/#website\"},\"primaryImageOfPage\":{\"@id\":\"https:\\\/\\\/www.laguiadepamplona.com\\\/actualidad\\\/el-alcalde-enrique-maya-recibe-al-consejo-superior-de-los-colegios-de-arquitectos-de-espana-cscae\\\/#primaryimage\"},\"image\":{\"@id\":\"https:\\\/\\\/www.laguiadepamplona.com\\\/actualidad\\\/el-alcalde-enrique-maya-recibe-al-consejo-superior-de-los-colegios-de-arquitectos-de-espana-cscae\\\/#primaryimage\"},\"thumbnailUrl\":\"https:\\\/\\\/www.laguiadepamplona.com\\\/actualidad\\\/wp-content\\\/uploads\\\/2023\\\/05\\\/consejosuperiordearquitectosdeespanaee5a5398.webp\",\"datePublished\":\"2023-05-26T09:27:51+00:00\",\"description\":\"El Consejo celebra este viernes una reuni\u00f3n plenaria en la sede de la delegaci\u00f3n navarra del Colegio de Arquitectos Vasco-Navarro (COAVN)\",\"breadcrumb\":{\"@id\":\"https:\\\/\\\/www.laguiadepamplona.com\\\/actualidad\\\/el-alcalde-enrique-maya-recibe-al-consejo-superior-de-los-colegios-de-arquitectos-de-espana-cscae\\\/#breadcrumb\"},\"inLanguage\":\"es\",\"potentialAction\":[{\"@type\":\"ReadAction\",\"target\":[\"https:\\\/\\\/www.laguiadepamplona.com\\\/actualidad\\\/el-alcalde-enrique-maya-recibe-al-consejo-superior-de-los-colegios-de-arquitectos-de-espana-cscae\\\/\"]}]},{\"@type\":\"ImageObject\",\"inLanguage\":\"es\",\"@id\":\"https:\\\/\\\/www.laguiadepamplona.com\\\/actualidad\\\/el-alcalde-enrique-maya-recibe-al-consejo-superior-de-los-colegios-de-arquitectos-de-espana-cscae\\\/#primaryimage\",\"url\":\"https:\\\/\\\/www.laguiadepamplona.com\\\/actualidad\\\/wp-content\\\/uploads\\\/2023\\\/05\\\/consejosuperiordearquitectosdeespanaee5a5398.webp\",\"contentUrl\":\"https:\\\/\\\/www.laguiadepamplona.com\\\/actualidad\\\/wp-content\\\/uploads\\\/2023\\\/05\\\/consejosuperiordearquitectosdeespanaee5a5398.webp\",\"width\":1920,\"height\":1280},{\"@type\":\"BreadcrumbList\",\"@id\":\"https:\\\/\\\/www.laguiadepamplona.com\\\/actualidad\\\/el-alcalde-enrique-maya-recibe-al-consejo-superior-de-los-colegios-de-arquitectos-de-espana-cscae\\\/#breadcrumb\",\"itemListElement\":[{\"@type\":\"ListItem\",\"position\":1,\"name\":\"Portada\",\"item\":\"https:\\\/\\\/www.laguiadepamplona.com\\\/actualidad\\\/\"},{\"@type\":\"ListItem\",\"position\":2,\"name\":\"El alcalde Enrique Maya recibe al Consejo Superior de los Colegios de Arquitectos de Espa\u00f1a (CSCAE)\"}]},{\"@type\":\"WebSite\",\"@id\":\"https:\\\/\\\/www.laguiadepamplona.com\\\/actualidad\\\/#website\",\"url\":\"https:\\\/\\\/www.laguiadepamplona.com\\\/actualidad\\\/\",\"name\":\"La gu\u00eda de Pamplona\",\"description\":\"Noticias de Pamplona\",\"publisher\":{\"@id\":\"https:\\\/\\\/www.laguiadepamplona.com\\\/actualidad\\\/#organization\"},\"potentialAction\":[{\"@type\":\"SearchAction\",\"target\":{\"@type\":\"EntryPoint\",\"urlTemplate\":\"https:\\\/\\\/www.laguiadepamplona.com\\\/actualidad\\\/?s={search_term_string}\"},\"query-input\":{\"@type\":\"PropertyValueSpecification\",\"valueRequired\":true,\"valueName\":\"search_term_string\"}}],\"inLanguage\":\"es\"},{\"@type\":\"Organization\",\"@id\":\"https:\\\/\\\/www.laguiadepamplona.com\\\/actualidad\\\/#organization\",\"name\":\"La Gu\u00eda de Pamplona \\\/ Noticias\",\"url\":\"https:\\\/\\\/www.laguiadepamplona.com\\\/actualidad\\\/\",\"logo\":{\"@type\":\"ImageObject\",\"inLanguage\":\"es\",\"@id\":\"https:\\\/\\\/www.laguiadepamplona.com\\\/actualidad\\\/#\\\/schema\\\/logo\\\/image\\\/\",\"url\":\"https:\\\/\\\/www.laguiadepamplona.com\\\/actualidad\\\/wp-content\\\/uploads\\\/2018\\\/11\\\/logo-laguiadepamplona18-web1.png\",\"contentUrl\":\"https:\\\/\\\/www.laguiadepamplona.com\\\/actualidad\\\/wp-content\\\/uploads\\\/2018\\\/11\\\/logo-laguiadepamplona18-web1.png\",\"width\":600,\"height\":196,\"caption\":\"La Gu\u00eda de Pamplona \\\/ Noticias\"},\"image\":{\"@id\":\"https:\\\/\\\/www.laguiadepamplona.com\\\/actualidad\\\/#\\\/schema\\\/logo\\\/image\\\/\"},\"sameAs\":[\"https:\\\/\\\/www.facebook.com\\\/laguiadepamplonacom-133175176762273\\\/?ref=hl\",\"https:\\\/\\\/x.com\\\/LaGuiadPamplona\",\"https:\\\/\\\/www.instagram.com\\\/la_guia_de_pamplona\\\/\",\"https:\\\/\\\/www.youtube.com\\\/user\\\/laguiadepamplona\"]},{\"@type\":\"Person\",\"@id\":\"https:\\\/\\\/www.laguiadepamplona.com\\\/actualidad\\\/#\\\/schema\\\/person\\\/efe887376f0213d4657c93adc50b1fdb\",\"name\":\"La Gu\u00eda de Pamplona\",\"image\":{\"@type\":\"ImageObject\",\"inLanguage\":\"es\",\"@id\":\"https:\\\/\\\/secure.gravatar.com\\\/avatar\\\/b6992f131dc8d30ab0dff15446e9d346d9dbd95992de0fef795073f5ea83a81c?s=96&d=mm&r=g\",\"url\":\"https:\\\/\\\/secure.gravatar.com\\\/avatar\\\/b6992f131dc8d30ab0dff15446e9d346d9dbd95992de0fef795073f5ea83a81c?s=96&d=mm&r=g\",\"contentUrl\":\"https:\\\/\\\/secure.gravatar.com\\\/avatar\\\/b6992f131dc8d30ab0dff15446e9d346d9dbd95992de0fef795073f5ea83a81c?s=96&d=mm&r=g\",\"caption\":\"La Gu\u00eda de Pamplona\"}}]}<\/script>\n<!-- \/ Yoast SEO plugin. -->","yoast_head_json":{"title":"El alcalde Enrique Maya recibe al Consejo Superior de los Colegios de Arquitectos de Espa\u00f1a (CSCAE)","description":"El Consejo celebra este viernes una reuni\u00f3n plenaria en la sede de la delegaci\u00f3n navarra del Colegio de Arquitectos Vasco-Navarro (COAVN)","robots":{"index":"index","follow":"follow","max-snippet":"max-snippet:-1","max-image-preview":"max-image-preview:large","max-video-preview":"max-video-preview:-1"},"canonical":"https:\/\/www.laguiadepamplona.com\/actualidad\/el-alcalde-enrique-maya-recibe-al-consejo-superior-de-los-colegios-de-arquitectos-de-espana-cscae\/","og_locale":"es_ES","og_type":"article","og_title":"El alcalde Enrique Maya recibe al Consejo Superior de los Colegios de Arquitectos de Espa\u00f1a (CSCAE)","og_description":"El Consejo celebra este viernes una reuni\u00f3n plenaria en la sede de la delegaci\u00f3n navarra del Colegio de Arquitectos Vasco-Navarro (COAVN)","og_url":"https:\/\/www.laguiadepamplona.com\/actualidad\/el-alcalde-enrique-maya-recibe-al-consejo-superior-de-los-colegios-de-arquitectos-de-espana-cscae\/","og_site_name":"La Gu\u00eda de Pamplona","article_publisher":"https:\/\/www.facebook.com\/laguiadepamplonacom-133175176762273\/?ref=hl","article_published_time":"2023-05-26T09:27:51+00:00","og_image":[{"width":1920,"height":1280,"url":"https:\/\/www.laguiadepamplona.com\/actualidad\/wp-content\/uploads\/2023\/05\/consejosuperiordearquitectosdeespanaee5a5398.webp","type":"image\/webp"}],"author":"La Gu\u00eda de Pamplona","twitter_card":"summary_large_image","twitter_creator":"@LaGuiadPamplona","twitter_site":"@LaGuiadPamplona","twitter_misc":{"Escrito por":"La Gu\u00eda de Pamplona","Tiempo de lectura":"2 minutos"},"schema":{"@context":"https:\/\/schema.org","@graph":[{"@type":"Article","@id":"https:\/\/www.laguiadepamplona.com\/actualidad\/el-alcalde-enrique-maya-recibe-al-consejo-superior-de-los-colegios-de-arquitectos-de-espana-cscae\/#article","isPartOf":{"@id":"https:\/\/www.laguiadepamplona.com\/actualidad\/el-alcalde-enrique-maya-recibe-al-consejo-superior-de-los-colegios-de-arquitectos-de-espana-cscae\/"},"author":{"name":"La Gu\u00eda de Pamplona","@id":"https:\/\/www.laguiadepamplona.com\/actualidad\/#\/schema\/person\/efe887376f0213d4657c93adc50b1fdb"},"headline":"El alcalde Enrique Maya recibe al Consejo Superior de los Colegios de Arquitectos de Espa\u00f1a (CSCAE)","datePublished":"2023-05-26T09:27:51+00:00","mainEntityOfPage":{"@id":"https:\/\/www.laguiadepamplona.com\/actualidad\/el-alcalde-enrique-maya-recibe-al-consejo-superior-de-los-colegios-de-arquitectos-de-espana-cscae\/"},"wordCount":390,"commentCount":0,"publisher":{"@id":"https:\/\/www.laguiadepamplona.com\/actualidad\/#organization"},"image":{"@id":"https:\/\/www.laguiadepamplona.com\/actualidad\/el-alcalde-enrique-maya-recibe-al-consejo-superior-de-los-colegios-de-arquitectos-de-espana-cscae\/#primaryimage"},"thumbnailUrl":"https:\/\/www.laguiadepamplona.com\/actualidad\/wp-content\/uploads\/2023\/05\/consejosuperiordearquitectosdeespanaee5a5398.webp","articleSection":["Ayto Pamplona"],"inLanguage":"es","potentialAction":[{"@type":"CommentAction","name":"Comment","target":["https:\/\/www.laguiadepamplona.com\/actualidad\/el-alcalde-enrique-maya-recibe-al-consejo-superior-de-los-colegios-de-arquitectos-de-espana-cscae\/#respond"]}]},{"@type":"WebPage","@id":"https:\/\/www.laguiadepamplona.com\/actualidad\/el-alcalde-enrique-maya-recibe-al-consejo-superior-de-los-colegios-de-arquitectos-de-espana-cscae\/","url":"https:\/\/www.laguiadepamplona.com\/actualidad\/el-alcalde-enrique-maya-recibe-al-consejo-superior-de-los-colegios-de-arquitectos-de-espana-cscae\/","name":"El alcalde Enrique Maya recibe al Consejo Superior de los Colegios de Arquitectos de Espa\u00f1a (CSCAE)","isPartOf":{"@id":"https:\/\/www.laguiadepamplona.com\/actualidad\/#website"},"primaryImageOfPage":{"@id":"https:\/\/www.laguiadepamplona.com\/actualidad\/el-alcalde-enrique-maya-recibe-al-consejo-superior-de-los-colegios-de-arquitectos-de-espana-cscae\/#primaryimage"},"image":{"@id":"https:\/\/www.laguiadepamplona.com\/actualidad\/el-alcalde-enrique-maya-recibe-al-consejo-superior-de-los-colegios-de-arquitectos-de-espana-cscae\/#primaryimage"},"thumbnailUrl":"https:\/\/www.laguiadepamplona.com\/actualidad\/wp-content\/uploads\/2023\/05\/consejosuperiordearquitectosdeespanaee5a5398.webp","datePublished":"2023-05-26T09:27:51+00:00","description":"El Consejo celebra este viernes una reuni\u00f3n plenaria en la sede de la delegaci\u00f3n navarra del Colegio de Arquitectos Vasco-Navarro (COAVN)","breadcrumb":{"@id":"https:\/\/www.laguiadepamplona.com\/actualidad\/el-alcalde-enrique-maya-recibe-al-consejo-superior-de-los-colegios-de-arquitectos-de-espana-cscae\/#breadcrumb"},"inLanguage":"es","potentialAction":[{"@type":"ReadAction","target":["https:\/\/www.laguiadepamplona.com\/actualidad\/el-alcalde-enrique-maya-recibe-al-consejo-superior-de-los-colegios-de-arquitectos-de-espana-cscae\/"]}]},{"@type":"ImageObject","inLanguage":"es","@id":"https:\/\/www.laguiadepamplona.com\/actualidad\/el-alcalde-enrique-maya-recibe-al-consejo-superior-de-los-colegios-de-arquitectos-de-espana-cscae\/#primaryimage","url":"https:\/\/www.laguiadepamplona.com\/actualidad\/wp-content\/uploads\/2023\/05\/consejosuperiordearquitectosdeespanaee5a5398.webp","contentUrl":"https:\/\/www.laguiadepamplona.com\/actualidad\/wp-content\/uploads\/2023\/05\/consejosuperiordearquitectosdeespanaee5a5398.webp","width":1920,"height":1280},{"@type":"BreadcrumbList","@id":"https:\/\/www.laguiadepamplona.com\/actualidad\/el-alcalde-enrique-maya-recibe-al-consejo-superior-de-los-colegios-de-arquitectos-de-espana-cscae\/#breadcrumb","itemListElement":[{"@type":"ListItem","position":1,"name":"Portada","item":"https:\/\/www.laguiadepamplona.com\/actualidad\/"},{"@type":"ListItem","position":2,"name":"El alcalde Enrique Maya recibe al Consejo Superior de los Colegios de Arquitectos de Espa\u00f1a (CSCAE)"}]},{"@type":"WebSite","@id":"https:\/\/www.laguiadepamplona.com\/actualidad\/#website","url":"https:\/\/www.laguiadepamplona.com\/actualidad\/","name":"La gu\u00eda de Pamplona","description":"Noticias de Pamplona","publisher":{"@id":"https:\/\/www.laguiadepamplona.com\/actualidad\/#organization"},"potentialAction":[{"@type":"SearchAction","target":{"@type":"EntryPoint","urlTemplate":"https:\/\/www.laguiadepamplona.com\/actualidad\/?s={search_term_string}"},"query-input":{"@type":"PropertyValueSpecification","valueRequired":true,"valueName":"search_term_string"}}],"inLanguage":"es"},{"@type":"Organization","@id":"https:\/\/www.laguiadepamplona.com\/actualidad\/#organization","name":"La Gu\u00eda de Pamplona \/ Noticias","url":"https:\/\/www.laguiadepamplona.com\/actualidad\/","logo":{"@type":"ImageObject","inLanguage":"es","@id":"https:\/\/www.laguiadepamplona.com\/actualidad\/#\/schema\/logo\/image\/","url":"https:\/\/www.laguiadepamplona.com\/actualidad\/wp-content\/uploads\/2018\/11\/logo-laguiadepamplona18-web1.png","contentUrl":"https:\/\/www.laguiadepamplona.com\/actualidad\/wp-content\/uploads\/2018\/11\/logo-laguiadepamplona18-web1.png","width":600,"height":196,"caption":"La Gu\u00eda de Pamplona \/ Noticias"},"image":{"@id":"https:\/\/www.laguiadepamplona.com\/actualidad\/#\/schema\/logo\/image\/"},"sameAs":["https:\/\/www.facebook.com\/laguiadepamplonacom-133175176762273\/?ref=hl","https:\/\/x.com\/LaGuiadPamplona","https:\/\/www.instagram.com\/la_guia_de_pamplona\/","https:\/\/www.youtube.com\/user\/laguiadepamplona"]},{"@type":"Person","@id":"https:\/\/www.laguiadepamplona.com\/actualidad\/#\/schema\/person\/efe887376f0213d4657c93adc50b1fdb","name":"La Gu\u00eda de Pamplona","image":{"@type":"ImageObject","inLanguage":"es","@id":"https:\/\/secure.gravatar.com\/avatar\/b6992f131dc8d30ab0dff15446e9d346d9dbd95992de0fef795073f5ea83a81c?s=96&d=mm&r=g","url":"https:\/\/secure.gravatar.com\/avatar\/b6992f131dc8d30ab0dff15446e9d346d9dbd95992de0fef795073f5ea83a81c?s=96&d=mm&r=g","contentUrl":"https:\/\/secure.gravatar.com\/avatar\/b6992f131dc8d30ab0dff15446e9d346d9dbd95992de0fef795073f5ea83a81c?s=96&d=mm&r=g","caption":"La Gu\u00eda de Pamplona"}}]}},"post_mailing_queue_ids":[],"_links":{"self":[{"href":"https:\/\/www.laguiadepamplona.com\/actualidad\/wp-json\/wp\/v2\/posts\/46830","targetHints":{"allow":["GET"]}}],"collection":[{"href":"https:\/\/www.laguiadepamplona.com\/actualidad\/wp-json\/wp\/v2\/posts"}],"about":[{"href":"https:\/\/www.laguiadepamplona.com\/actualidad\/wp-json\/wp\/v2\/types\/post"}],"author":[{"embeddable":true,"href":"https:\/\/www.laguiadepamplona.com\/actualidad\/wp-json\/wp\/v2\/users\/1"}],"replies":[{"embeddable":true,"href":"https:\/\/www.laguiadepamplona.com\/actualidad\/wp-json\/wp\/v2\/comments?post=46830"}],"version-history":[{"count":1,"href":"https:\/\/www.laguiadepamplona.com\/actualidad\/wp-json\/wp\/v2\/posts\/46830\/revisions"}],"predecessor-version":[{"id":46832,"href":"https:\/\/www.laguiadepamplona.com\/actualidad\/wp-json\/wp\/v2\/posts\/46830\/revisions\/46832"}],"wp:featuredmedia":[{"embeddable":true,"href":"https:\/\/www.laguiadepamplona.com\/actualidad\/wp-json\/wp\/v2\/media\/46831"}],"wp:attachment":[{"href":"https:\/\/www.laguiadepamplona.com\/actualidad\/wp-json\/wp\/v2\/media?parent=46830"}],"wp:term":[{"taxonomy":"category","embeddable":true,"href":"https:\/\/www.laguiadepamplona.com\/actualidad\/wp-json\/wp\/v2\/categories?post=46830"},{"taxonomy":"post_tag","embeddable":true,"href":"https:\/\/www.laguiadepamplona.com\/actualidad\/wp-json\/wp\/v2\/tags?post=46830"}],"curies":[{"name":"wp","href":"https:\/\/api.w.org\/{rel}","templated":true}]}}