{"id":46824,"date":"2023-05-25T17:34:30","date_gmt":"2023-05-25T15:34:30","guid":{"rendered":"https:\/\/www.laguiadepamplona.com\/actualidad\/?p=46824"},"modified":"2023-05-25T17:34:30","modified_gmt":"2023-05-25T15:34:30","slug":"civivox-iturrama-estrena-como-colegio-electoral-una-iniciativa-de-senalizacion-de-accesibilidad-cognitiva-para-apoyar-el-derecho-al-voto-de-todas-las-personas","status":"publish","type":"post","link":"https:\/\/www.laguiadepamplona.com\/actualidad\/civivox-iturrama-estrena-como-colegio-electoral-una-iniciativa-de-senalizacion-de-accesibilidad-cognitiva-para-apoyar-el-derecho-al-voto-de-todas-las-personas\/","title":{"rendered":"Civivox Iturrama estrena, como colegio electoral, una iniciativa de se\u00f1alizaci\u00f3n de accesibilidad cognitiva para apoyar el derecho al voto de todas las personas"},"content":{"rendered":"<h3>El movimiento de discapacidad intelectual \u2018Mi voto cuenta\u2019 y la Junta Electoral Central impulsan esta experiencia piloto en toda Espa\u00f1a<\/h3>\n<p><!--more--><\/p>\n<p>Civivox Iturrama, de la mano de ANFAS, va a estrenar una iniciativa de accesibilidad que se est\u00e1 realizando en toda Espa\u00f1a dentro del movimiento \u2018Mi voto cuenta\u2019, un proyecto de la federaci\u00f3n estatal Plena Inclusi\u00f3n. Originariamente preparada para facilitar el derecho al voto de personas con discapacidad intelectual, lo que busca esta propuesta es la plena inclusi\u00f3n, facilitando la lectura f\u00e1cil y la accesibilidad cognitiva en todos los momentos del proceso a cualquier persona que tenga dificultades de comprensi\u00f3n.<\/p>\n<p>En ese sentido, los espacios y las 6 mesas del Civivox Iturrama estar\u00e1n dotadas con dos sistemas de se\u00f1alizaci\u00f3n informativa, el habitual \u2013uniforme para todos los colegios- y una serie de indicadores con pictogramas, flechas y textos validados por el movimiento asociativo \u2018Plena Inclusi\u00f3n\u2019 y la Junta Electoral Central. En ellos se recogen horarios del colegio, se\u00f1al\u00e9tica de circulaci\u00f3n interior, ubicaci\u00f3n de los puntos de informaci\u00f3n y las cabinas, procedimiento de uso de las cabinas y, finalmente, en faldones ubicados en las propias mesas, instrucciones para ejercer v\u00e1lidamente el derecho al voto. Esta iniciativa est\u00e1 coordinada, adem\u00e1s, con Gobierno de Navarra.<br \/>\n<script async src=\"\/\/pagead2.googlesyndication.com\/pagead\/js\/adsbygoogle.js\"><\/script><br \/>\n<!-- Noticias La Guia de Pamplona --><br \/>\n<ins class=\"adsbygoogle\"\nstyle=\"display:block\"\ndata-ad-client=\"ca-pub-6943679897239327\"\ndata-ad-slot=\"7048180777\"\ndata-ad-format=\"auto\"><\/ins><br \/>\n<script>\n(adsbygoogle = window.adsbygoogle || []).push({});\n<\/script><\/p>\n<p><strong><u>Ma\u00f1ana, a las 12 horas<\/u>, <\/strong>el evaluador y validador de accesibilidad<strong><u> Ion Ander Baleztena, Sonia Ganuza Biurrun<\/u><\/strong>, en representaci\u00f3n de ANFAS y <strong><u>Jos\u00e9 Manuel Santana, <\/u><\/strong>director del \u00c1rea de Educaci\u00f3n, Participaci\u00f3n Ciudadana y Juventud, realizar\u00e1n en <strong><u>Civivox Iturrama<\/u><\/strong> (calle Esqu\u00edroz, 24) la \u00faltima prueba de los indicativos y placas homog\u00e9neas, validadas y que cumplen los criterios homologados de se\u00f1al\u00e9tica en los que ha estado trabajando una comisi\u00f3n de expertos en distintos campos, durante los \u00faltimos 4 a\u00f1os.<\/p>\n<p>Este tipo de adaptaci\u00f3n de los textos informativos que produce la Administraci\u00f3n tambi\u00e9n redunda en beneficio de personas con problemas de comprensi\u00f3n: migrantes recientes, personas con nivel cultural bajo o problemas de alfabetizaci\u00f3n o comprensi\u00f3n\u2026 La plena accesibilidad de los espacios y mensajes es una garant\u00eda el ejercicio de los derechos de los ciudadanos y, en este caso, del derecho fundamental a participar en la toma de decisiones como recoge la Constituci\u00f3n del 71 en su art\u00edculo 23.1 \u201dlos ciudadanos tienen el derecho a participar en los asuntos p\u00fablicos, directamente o por medio de representantes, libremente elegidos en elecciones peri\u00f3dicas por sufragio universal\u201d.<br \/>\n<script async src=\"\/\/pagead2.googlesyndication.com\/pagead\/js\/adsbygoogle.js\"><\/script><br \/>\n<!-- Noticias La Guia de Pamplona --><br \/>\n<ins class=\"adsbygoogle\"\nstyle=\"display:block\"\ndata-ad-client=\"ca-pub-6943679897239327\"\ndata-ad-slot=\"7048180777\"\ndata-ad-format=\"auto\"><\/ins><br \/>\n<script>\n(adsbygoogle = window.adsbygoogle || []).push({});\n<\/script><\/p>\n<p><strong>\u2018Mi voto cuenta\u2019<\/strong><\/p>\n<p>El movimiento <a href=\"http:\/\/mivotocuenta.es\/\" target=\"_blank\" rel=\"noopener\">\u2018Mi voto cuenta\u2019<\/a> naci\u00f3 despu\u00e9s de que el 2018 se recuperara legalmente el derecho al voto para 100.000 personas con discapacidad intelectual. Su objetivo es facilitar el ejercicio del derecho reconocido: que las elecciones tengan accesibilidad cognitiva, es decir, que las elecciones sean f\u00e1ciles de entender. Tras las m\u00faltiples elecciones de 2019 se cre\u00f3 un grupo para trabajar en ese sentido y este a\u00f1o en todas las Comunidades Aut\u00f3nomas habr\u00e1 al menos un colegio electoral adaptado. En Navarra ser\u00e1n dos, uno en Pamplona y uno en Tudela.<\/p>\n<p>En la web del movimiento se recogen, adem\u00e1s, instrucciones para que las familias de personas con discapacidad cognitiva o personas voluntarias colaboren en el ejercicio del derecho e ideas para los partidos pol\u00edticos y las administraciones. Proponen, adem\u00e1s, que las personas con discapacidad cognitiva rellenen una encuesta despu\u00e9s de votar de forma que se puedan ir mejorando las soluciones inclusivas.<\/p>\n","protected":false},"excerpt":{"rendered":"<p>El movimiento de discapacidad intelectual \u2018Mi voto cuenta\u2019 y la Junta Electoral Central impulsan esta experiencia piloto en toda Espa\u00f1a<\/p>\n","protected":false},"author":1,"featured_media":46737,"comment_status":"open","ping_status":"closed","sticky":false,"template":"","format":"standard","meta":{"footnotes":""},"categories":[2],"tags":[],"class_list":["post-46824","post","type-post","status-publish","format-standard","has-post-thumbnail","hentry","category-ayuntamiento-pamplona"],"yoast_head":"<!-- This site is optimized with the Yoast SEO plugin v27.3 - https:\/\/yoast.com\/product\/yoast-seo-wordpress\/ -->\n<title>Civivox Iturrama estrena, como colegio electoral, una iniciativa de se\u00f1alizaci\u00f3n de accesibilidad cognitiva para apoyar el derecho al voto de todas las personas<\/title>\n<meta name=\"description\" content=\"El movimiento de discapacidad intelectual \u2018Mi voto cuenta\u2019 y la Junta Electoral Central impulsan esta experiencia piloto en toda Espa\u00f1a\" \/>\n<meta name=\"robots\" content=\"index, follow, max-snippet:-1, max-image-preview:large, max-video-preview:-1\" \/>\n<link rel=\"canonical\" href=\"https:\/\/www.laguiadepamplona.com\/actualidad\/civivox-iturrama-estrena-como-colegio-electoral-una-iniciativa-de-senalizacion-de-accesibilidad-cognitiva-para-apoyar-el-derecho-al-voto-de-todas-las-personas\/\" \/>\n<meta property=\"og:locale\" content=\"es_ES\" \/>\n<meta property=\"og:type\" content=\"article\" \/>\n<meta property=\"og:title\" content=\"Civivox Iturrama estrena, como colegio electoral, una iniciativa de se\u00f1alizaci\u00f3n de accesibilidad cognitiva para apoyar el derecho al voto de todas las personas\" \/>\n<meta property=\"og:description\" content=\"El movimiento de discapacidad intelectual \u2018Mi voto cuenta\u2019 y la Junta Electoral Central impulsan esta experiencia piloto en toda Espa\u00f1a\" \/>\n<meta property=\"og:url\" content=\"https:\/\/www.laguiadepamplona.com\/actualidad\/civivox-iturrama-estrena-como-colegio-electoral-una-iniciativa-de-senalizacion-de-accesibilidad-cognitiva-para-apoyar-el-derecho-al-voto-de-todas-las-personas\/\" \/>\n<meta property=\"og:site_name\" content=\"La Gu\u00eda de Pamplona\" \/>\n<meta property=\"article:publisher\" content=\"https:\/\/www.facebook.com\/laguiadepamplonacom-133175176762273\/?ref=hl\" \/>\n<meta property=\"article:published_time\" content=\"2023-05-25T15:34:30+00:00\" \/>\n<meta property=\"og:image\" content=\"https:\/\/www.laguiadepamplona.com\/actualidad\/wp-content\/uploads\/2023\/05\/material-electoral-cp-ermitagana-nb8136.webp\" \/>\n\t<meta property=\"og:image:width\" content=\"1920\" \/>\n\t<meta property=\"og:image:height\" content=\"1280\" \/>\n\t<meta property=\"og:image:type\" content=\"image\/webp\" \/>\n<meta name=\"author\" content=\"La Gu\u00eda de Pamplona\" \/>\n<meta name=\"twitter:card\" content=\"summary_large_image\" \/>\n<meta name=\"twitter:creator\" content=\"@LaGuiadPamplona\" \/>\n<meta name=\"twitter:site\" content=\"@LaGuiadPamplona\" \/>\n<meta name=\"twitter:label1\" content=\"Escrito por\" \/>\n\t<meta name=\"twitter:data1\" content=\"La Gu\u00eda de Pamplona\" \/>\n\t<meta name=\"twitter:label2\" content=\"Tiempo de lectura\" \/>\n\t<meta name=\"twitter:data2\" content=\"3 minutos\" \/>\n<script type=\"application\/ld+json\" class=\"yoast-schema-graph\">{\"@context\":\"https:\\\/\\\/schema.org\",\"@graph\":[{\"@type\":\"Article\",\"@id\":\"https:\\\/\\\/www.laguiadepamplona.com\\\/actualidad\\\/civivox-iturrama-estrena-como-colegio-electoral-una-iniciativa-de-senalizacion-de-accesibilidad-cognitiva-para-apoyar-el-derecho-al-voto-de-todas-las-personas\\\/#article\",\"isPartOf\":{\"@id\":\"https:\\\/\\\/www.laguiadepamplona.com\\\/actualidad\\\/civivox-iturrama-estrena-como-colegio-electoral-una-iniciativa-de-senalizacion-de-accesibilidad-cognitiva-para-apoyar-el-derecho-al-voto-de-todas-las-personas\\\/\"},\"author\":{\"name\":\"La Gu\u00eda de Pamplona\",\"@id\":\"https:\\\/\\\/www.laguiadepamplona.com\\\/actualidad\\\/#\\\/schema\\\/person\\\/efe887376f0213d4657c93adc50b1fdb\"},\"headline\":\"Civivox Iturrama estrena, como colegio electoral, una iniciativa de se\u00f1alizaci\u00f3n de accesibilidad cognitiva para apoyar el derecho al voto de todas las personas\",\"datePublished\":\"2023-05-25T15:34:30+00:00\",\"mainEntityOfPage\":{\"@id\":\"https:\\\/\\\/www.laguiadepamplona.com\\\/actualidad\\\/civivox-iturrama-estrena-como-colegio-electoral-una-iniciativa-de-senalizacion-de-accesibilidad-cognitiva-para-apoyar-el-derecho-al-voto-de-todas-las-personas\\\/\"},\"wordCount\":598,\"commentCount\":0,\"publisher\":{\"@id\":\"https:\\\/\\\/www.laguiadepamplona.com\\\/actualidad\\\/#organization\"},\"image\":{\"@id\":\"https:\\\/\\\/www.laguiadepamplona.com\\\/actualidad\\\/civivox-iturrama-estrena-como-colegio-electoral-una-iniciativa-de-senalizacion-de-accesibilidad-cognitiva-para-apoyar-el-derecho-al-voto-de-todas-las-personas\\\/#primaryimage\"},\"thumbnailUrl\":\"https:\\\/\\\/www.laguiadepamplona.com\\\/actualidad\\\/wp-content\\\/uploads\\\/2023\\\/05\\\/material-electoral-cp-ermitagana-nb8136.webp\",\"articleSection\":[\"Ayto Pamplona\"],\"inLanguage\":\"es\",\"potentialAction\":[{\"@type\":\"CommentAction\",\"name\":\"Comment\",\"target\":[\"https:\\\/\\\/www.laguiadepamplona.com\\\/actualidad\\\/civivox-iturrama-estrena-como-colegio-electoral-una-iniciativa-de-senalizacion-de-accesibilidad-cognitiva-para-apoyar-el-derecho-al-voto-de-todas-las-personas\\\/#respond\"]}]},{\"@type\":\"WebPage\",\"@id\":\"https:\\\/\\\/www.laguiadepamplona.com\\\/actualidad\\\/civivox-iturrama-estrena-como-colegio-electoral-una-iniciativa-de-senalizacion-de-accesibilidad-cognitiva-para-apoyar-el-derecho-al-voto-de-todas-las-personas\\\/\",\"url\":\"https:\\\/\\\/www.laguiadepamplona.com\\\/actualidad\\\/civivox-iturrama-estrena-como-colegio-electoral-una-iniciativa-de-senalizacion-de-accesibilidad-cognitiva-para-apoyar-el-derecho-al-voto-de-todas-las-personas\\\/\",\"name\":\"Civivox Iturrama estrena, como colegio electoral, una iniciativa de se\u00f1alizaci\u00f3n de accesibilidad cognitiva para apoyar el derecho al voto de todas las personas\",\"isPartOf\":{\"@id\":\"https:\\\/\\\/www.laguiadepamplona.com\\\/actualidad\\\/#website\"},\"primaryImageOfPage\":{\"@id\":\"https:\\\/\\\/www.laguiadepamplona.com\\\/actualidad\\\/civivox-iturrama-estrena-como-colegio-electoral-una-iniciativa-de-senalizacion-de-accesibilidad-cognitiva-para-apoyar-el-derecho-al-voto-de-todas-las-personas\\\/#primaryimage\"},\"image\":{\"@id\":\"https:\\\/\\\/www.laguiadepamplona.com\\\/actualidad\\\/civivox-iturrama-estrena-como-colegio-electoral-una-iniciativa-de-senalizacion-de-accesibilidad-cognitiva-para-apoyar-el-derecho-al-voto-de-todas-las-personas\\\/#primaryimage\"},\"thumbnailUrl\":\"https:\\\/\\\/www.laguiadepamplona.com\\\/actualidad\\\/wp-content\\\/uploads\\\/2023\\\/05\\\/material-electoral-cp-ermitagana-nb8136.webp\",\"datePublished\":\"2023-05-25T15:34:30+00:00\",\"description\":\"El movimiento de discapacidad intelectual \u2018Mi voto cuenta\u2019 y la Junta Electoral Central impulsan esta experiencia piloto en toda Espa\u00f1a\",\"breadcrumb\":{\"@id\":\"https:\\\/\\\/www.laguiadepamplona.com\\\/actualidad\\\/civivox-iturrama-estrena-como-colegio-electoral-una-iniciativa-de-senalizacion-de-accesibilidad-cognitiva-para-apoyar-el-derecho-al-voto-de-todas-las-personas\\\/#breadcrumb\"},\"inLanguage\":\"es\",\"potentialAction\":[{\"@type\":\"ReadAction\",\"target\":[\"https:\\\/\\\/www.laguiadepamplona.com\\\/actualidad\\\/civivox-iturrama-estrena-como-colegio-electoral-una-iniciativa-de-senalizacion-de-accesibilidad-cognitiva-para-apoyar-el-derecho-al-voto-de-todas-las-personas\\\/\"]}]},{\"@type\":\"ImageObject\",\"inLanguage\":\"es\",\"@id\":\"https:\\\/\\\/www.laguiadepamplona.com\\\/actualidad\\\/civivox-iturrama-estrena-como-colegio-electoral-una-iniciativa-de-senalizacion-de-accesibilidad-cognitiva-para-apoyar-el-derecho-al-voto-de-todas-las-personas\\\/#primaryimage\",\"url\":\"https:\\\/\\\/www.laguiadepamplona.com\\\/actualidad\\\/wp-content\\\/uploads\\\/2023\\\/05\\\/material-electoral-cp-ermitagana-nb8136.webp\",\"contentUrl\":\"https:\\\/\\\/www.laguiadepamplona.com\\\/actualidad\\\/wp-content\\\/uploads\\\/2023\\\/05\\\/material-electoral-cp-ermitagana-nb8136.webp\",\"width\":1920,\"height\":1280},{\"@type\":\"BreadcrumbList\",\"@id\":\"https:\\\/\\\/www.laguiadepamplona.com\\\/actualidad\\\/civivox-iturrama-estrena-como-colegio-electoral-una-iniciativa-de-senalizacion-de-accesibilidad-cognitiva-para-apoyar-el-derecho-al-voto-de-todas-las-personas\\\/#breadcrumb\",\"itemListElement\":[{\"@type\":\"ListItem\",\"position\":1,\"name\":\"Portada\",\"item\":\"https:\\\/\\\/www.laguiadepamplona.com\\\/actualidad\\\/\"},{\"@type\":\"ListItem\",\"position\":2,\"name\":\"Civivox Iturrama estrena, como colegio electoral, una iniciativa de se\u00f1alizaci\u00f3n de accesibilidad cognitiva para apoyar el derecho al voto de todas las personas\"}]},{\"@type\":\"WebSite\",\"@id\":\"https:\\\/\\\/www.laguiadepamplona.com\\\/actualidad\\\/#website\",\"url\":\"https:\\\/\\\/www.laguiadepamplona.com\\\/actualidad\\\/\",\"name\":\"La gu\u00eda de Pamplona\",\"description\":\"Noticias de Pamplona\",\"publisher\":{\"@id\":\"https:\\\/\\\/www.laguiadepamplona.com\\\/actualidad\\\/#organization\"},\"potentialAction\":[{\"@type\":\"SearchAction\",\"target\":{\"@type\":\"EntryPoint\",\"urlTemplate\":\"https:\\\/\\\/www.laguiadepamplona.com\\\/actualidad\\\/?s={search_term_string}\"},\"query-input\":{\"@type\":\"PropertyValueSpecification\",\"valueRequired\":true,\"valueName\":\"search_term_string\"}}],\"inLanguage\":\"es\"},{\"@type\":\"Organization\",\"@id\":\"https:\\\/\\\/www.laguiadepamplona.com\\\/actualidad\\\/#organization\",\"name\":\"La Gu\u00eda de Pamplona \\\/ Noticias\",\"url\":\"https:\\\/\\\/www.laguiadepamplona.com\\\/actualidad\\\/\",\"logo\":{\"@type\":\"ImageObject\",\"inLanguage\":\"es\",\"@id\":\"https:\\\/\\\/www.laguiadepamplona.com\\\/actualidad\\\/#\\\/schema\\\/logo\\\/image\\\/\",\"url\":\"https:\\\/\\\/www.laguiadepamplona.com\\\/actualidad\\\/wp-content\\\/uploads\\\/2018\\\/11\\\/logo-laguiadepamplona18-web1.png\",\"contentUrl\":\"https:\\\/\\\/www.laguiadepamplona.com\\\/actualidad\\\/wp-content\\\/uploads\\\/2018\\\/11\\\/logo-laguiadepamplona18-web1.png\",\"width\":600,\"height\":196,\"caption\":\"La Gu\u00eda de Pamplona \\\/ Noticias\"},\"image\":{\"@id\":\"https:\\\/\\\/www.laguiadepamplona.com\\\/actualidad\\\/#\\\/schema\\\/logo\\\/image\\\/\"},\"sameAs\":[\"https:\\\/\\\/www.facebook.com\\\/laguiadepamplonacom-133175176762273\\\/?ref=hl\",\"https:\\\/\\\/x.com\\\/LaGuiadPamplona\",\"https:\\\/\\\/www.instagram.com\\\/la_guia_de_pamplona\\\/\",\"https:\\\/\\\/www.youtube.com\\\/user\\\/laguiadepamplona\"]},{\"@type\":\"Person\",\"@id\":\"https:\\\/\\\/www.laguiadepamplona.com\\\/actualidad\\\/#\\\/schema\\\/person\\\/efe887376f0213d4657c93adc50b1fdb\",\"name\":\"La Gu\u00eda de Pamplona\",\"image\":{\"@type\":\"ImageObject\",\"inLanguage\":\"es\",\"@id\":\"https:\\\/\\\/secure.gravatar.com\\\/avatar\\\/b6992f131dc8d30ab0dff15446e9d346d9dbd95992de0fef795073f5ea83a81c?s=96&d=mm&r=g\",\"url\":\"https:\\\/\\\/secure.gravatar.com\\\/avatar\\\/b6992f131dc8d30ab0dff15446e9d346d9dbd95992de0fef795073f5ea83a81c?s=96&d=mm&r=g\",\"contentUrl\":\"https:\\\/\\\/secure.gravatar.com\\\/avatar\\\/b6992f131dc8d30ab0dff15446e9d346d9dbd95992de0fef795073f5ea83a81c?s=96&d=mm&r=g\",\"caption\":\"La Gu\u00eda de Pamplona\"}}]}<\/script>\n<!-- \/ Yoast SEO plugin. -->","yoast_head_json":{"title":"Civivox Iturrama estrena, como colegio electoral, una iniciativa de se\u00f1alizaci\u00f3n de accesibilidad cognitiva para apoyar el derecho al voto de todas las personas","description":"El movimiento de discapacidad intelectual \u2018Mi voto cuenta\u2019 y la Junta Electoral Central impulsan esta experiencia piloto en toda Espa\u00f1a","robots":{"index":"index","follow":"follow","max-snippet":"max-snippet:-1","max-image-preview":"max-image-preview:large","max-video-preview":"max-video-preview:-1"},"canonical":"https:\/\/www.laguiadepamplona.com\/actualidad\/civivox-iturrama-estrena-como-colegio-electoral-una-iniciativa-de-senalizacion-de-accesibilidad-cognitiva-para-apoyar-el-derecho-al-voto-de-todas-las-personas\/","og_locale":"es_ES","og_type":"article","og_title":"Civivox Iturrama estrena, como colegio electoral, una iniciativa de se\u00f1alizaci\u00f3n de accesibilidad cognitiva para apoyar el derecho al voto de todas las personas","og_description":"El movimiento de discapacidad intelectual \u2018Mi voto cuenta\u2019 y la Junta Electoral Central impulsan esta experiencia piloto en toda Espa\u00f1a","og_url":"https:\/\/www.laguiadepamplona.com\/actualidad\/civivox-iturrama-estrena-como-colegio-electoral-una-iniciativa-de-senalizacion-de-accesibilidad-cognitiva-para-apoyar-el-derecho-al-voto-de-todas-las-personas\/","og_site_name":"La Gu\u00eda de Pamplona","article_publisher":"https:\/\/www.facebook.com\/laguiadepamplonacom-133175176762273\/?ref=hl","article_published_time":"2023-05-25T15:34:30+00:00","og_image":[{"width":1920,"height":1280,"url":"https:\/\/www.laguiadepamplona.com\/actualidad\/wp-content\/uploads\/2023\/05\/material-electoral-cp-ermitagana-nb8136.webp","type":"image\/webp"}],"author":"La Gu\u00eda de Pamplona","twitter_card":"summary_large_image","twitter_creator":"@LaGuiadPamplona","twitter_site":"@LaGuiadPamplona","twitter_misc":{"Escrito por":"La Gu\u00eda de Pamplona","Tiempo de lectura":"3 minutos"},"schema":{"@context":"https:\/\/schema.org","@graph":[{"@type":"Article","@id":"https:\/\/www.laguiadepamplona.com\/actualidad\/civivox-iturrama-estrena-como-colegio-electoral-una-iniciativa-de-senalizacion-de-accesibilidad-cognitiva-para-apoyar-el-derecho-al-voto-de-todas-las-personas\/#article","isPartOf":{"@id":"https:\/\/www.laguiadepamplona.com\/actualidad\/civivox-iturrama-estrena-como-colegio-electoral-una-iniciativa-de-senalizacion-de-accesibilidad-cognitiva-para-apoyar-el-derecho-al-voto-de-todas-las-personas\/"},"author":{"name":"La Gu\u00eda de Pamplona","@id":"https:\/\/www.laguiadepamplona.com\/actualidad\/#\/schema\/person\/efe887376f0213d4657c93adc50b1fdb"},"headline":"Civivox Iturrama estrena, como colegio electoral, una iniciativa de se\u00f1alizaci\u00f3n de accesibilidad cognitiva para apoyar el derecho al voto de todas las personas","datePublished":"2023-05-25T15:34:30+00:00","mainEntityOfPage":{"@id":"https:\/\/www.laguiadepamplona.com\/actualidad\/civivox-iturrama-estrena-como-colegio-electoral-una-iniciativa-de-senalizacion-de-accesibilidad-cognitiva-para-apoyar-el-derecho-al-voto-de-todas-las-personas\/"},"wordCount":598,"commentCount":0,"publisher":{"@id":"https:\/\/www.laguiadepamplona.com\/actualidad\/#organization"},"image":{"@id":"https:\/\/www.laguiadepamplona.com\/actualidad\/civivox-iturrama-estrena-como-colegio-electoral-una-iniciativa-de-senalizacion-de-accesibilidad-cognitiva-para-apoyar-el-derecho-al-voto-de-todas-las-personas\/#primaryimage"},"thumbnailUrl":"https:\/\/www.laguiadepamplona.com\/actualidad\/wp-content\/uploads\/2023\/05\/material-electoral-cp-ermitagana-nb8136.webp","articleSection":["Ayto Pamplona"],"inLanguage":"es","potentialAction":[{"@type":"CommentAction","name":"Comment","target":["https:\/\/www.laguiadepamplona.com\/actualidad\/civivox-iturrama-estrena-como-colegio-electoral-una-iniciativa-de-senalizacion-de-accesibilidad-cognitiva-para-apoyar-el-derecho-al-voto-de-todas-las-personas\/#respond"]}]},{"@type":"WebPage","@id":"https:\/\/www.laguiadepamplona.com\/actualidad\/civivox-iturrama-estrena-como-colegio-electoral-una-iniciativa-de-senalizacion-de-accesibilidad-cognitiva-para-apoyar-el-derecho-al-voto-de-todas-las-personas\/","url":"https:\/\/www.laguiadepamplona.com\/actualidad\/civivox-iturrama-estrena-como-colegio-electoral-una-iniciativa-de-senalizacion-de-accesibilidad-cognitiva-para-apoyar-el-derecho-al-voto-de-todas-las-personas\/","name":"Civivox Iturrama estrena, como colegio electoral, una iniciativa de se\u00f1alizaci\u00f3n de accesibilidad cognitiva para apoyar el derecho al voto de todas las personas","isPartOf":{"@id":"https:\/\/www.laguiadepamplona.com\/actualidad\/#website"},"primaryImageOfPage":{"@id":"https:\/\/www.laguiadepamplona.com\/actualidad\/civivox-iturrama-estrena-como-colegio-electoral-una-iniciativa-de-senalizacion-de-accesibilidad-cognitiva-para-apoyar-el-derecho-al-voto-de-todas-las-personas\/#primaryimage"},"image":{"@id":"https:\/\/www.laguiadepamplona.com\/actualidad\/civivox-iturrama-estrena-como-colegio-electoral-una-iniciativa-de-senalizacion-de-accesibilidad-cognitiva-para-apoyar-el-derecho-al-voto-de-todas-las-personas\/#primaryimage"},"thumbnailUrl":"https:\/\/www.laguiadepamplona.com\/actualidad\/wp-content\/uploads\/2023\/05\/material-electoral-cp-ermitagana-nb8136.webp","datePublished":"2023-05-25T15:34:30+00:00","description":"El movimiento de discapacidad intelectual \u2018Mi voto cuenta\u2019 y la Junta Electoral Central impulsan esta experiencia piloto en toda Espa\u00f1a","breadcrumb":{"@id":"https:\/\/www.laguiadepamplona.com\/actualidad\/civivox-iturrama-estrena-como-colegio-electoral-una-iniciativa-de-senalizacion-de-accesibilidad-cognitiva-para-apoyar-el-derecho-al-voto-de-todas-las-personas\/#breadcrumb"},"inLanguage":"es","potentialAction":[{"@type":"ReadAction","target":["https:\/\/www.laguiadepamplona.com\/actualidad\/civivox-iturrama-estrena-como-colegio-electoral-una-iniciativa-de-senalizacion-de-accesibilidad-cognitiva-para-apoyar-el-derecho-al-voto-de-todas-las-personas\/"]}]},{"@type":"ImageObject","inLanguage":"es","@id":"https:\/\/www.laguiadepamplona.com\/actualidad\/civivox-iturrama-estrena-como-colegio-electoral-una-iniciativa-de-senalizacion-de-accesibilidad-cognitiva-para-apoyar-el-derecho-al-voto-de-todas-las-personas\/#primaryimage","url":"https:\/\/www.laguiadepamplona.com\/actualidad\/wp-content\/uploads\/2023\/05\/material-electoral-cp-ermitagana-nb8136.webp","contentUrl":"https:\/\/www.laguiadepamplona.com\/actualidad\/wp-content\/uploads\/2023\/05\/material-electoral-cp-ermitagana-nb8136.webp","width":1920,"height":1280},{"@type":"BreadcrumbList","@id":"https:\/\/www.laguiadepamplona.com\/actualidad\/civivox-iturrama-estrena-como-colegio-electoral-una-iniciativa-de-senalizacion-de-accesibilidad-cognitiva-para-apoyar-el-derecho-al-voto-de-todas-las-personas\/#breadcrumb","itemListElement":[{"@type":"ListItem","position":1,"name":"Portada","item":"https:\/\/www.laguiadepamplona.com\/actualidad\/"},{"@type":"ListItem","position":2,"name":"Civivox Iturrama estrena, como colegio electoral, una iniciativa de se\u00f1alizaci\u00f3n de accesibilidad cognitiva para apoyar el derecho al voto de todas las personas"}]},{"@type":"WebSite","@id":"https:\/\/www.laguiadepamplona.com\/actualidad\/#website","url":"https:\/\/www.laguiadepamplona.com\/actualidad\/","name":"La gu\u00eda de Pamplona","description":"Noticias de Pamplona","publisher":{"@id":"https:\/\/www.laguiadepamplona.com\/actualidad\/#organization"},"potentialAction":[{"@type":"SearchAction","target":{"@type":"EntryPoint","urlTemplate":"https:\/\/www.laguiadepamplona.com\/actualidad\/?s={search_term_string}"},"query-input":{"@type":"PropertyValueSpecification","valueRequired":true,"valueName":"search_term_string"}}],"inLanguage":"es"},{"@type":"Organization","@id":"https:\/\/www.laguiadepamplona.com\/actualidad\/#organization","name":"La Gu\u00eda de Pamplona \/ Noticias","url":"https:\/\/www.laguiadepamplona.com\/actualidad\/","logo":{"@type":"ImageObject","inLanguage":"es","@id":"https:\/\/www.laguiadepamplona.com\/actualidad\/#\/schema\/logo\/image\/","url":"https:\/\/www.laguiadepamplona.com\/actualidad\/wp-content\/uploads\/2018\/11\/logo-laguiadepamplona18-web1.png","contentUrl":"https:\/\/www.laguiadepamplona.com\/actualidad\/wp-content\/uploads\/2018\/11\/logo-laguiadepamplona18-web1.png","width":600,"height":196,"caption":"La Gu\u00eda de Pamplona \/ Noticias"},"image":{"@id":"https:\/\/www.laguiadepamplona.com\/actualidad\/#\/schema\/logo\/image\/"},"sameAs":["https:\/\/www.facebook.com\/laguiadepamplonacom-133175176762273\/?ref=hl","https:\/\/x.com\/LaGuiadPamplona","https:\/\/www.instagram.com\/la_guia_de_pamplona\/","https:\/\/www.youtube.com\/user\/laguiadepamplona"]},{"@type":"Person","@id":"https:\/\/www.laguiadepamplona.com\/actualidad\/#\/schema\/person\/efe887376f0213d4657c93adc50b1fdb","name":"La Gu\u00eda de Pamplona","image":{"@type":"ImageObject","inLanguage":"es","@id":"https:\/\/secure.gravatar.com\/avatar\/b6992f131dc8d30ab0dff15446e9d346d9dbd95992de0fef795073f5ea83a81c?s=96&d=mm&r=g","url":"https:\/\/secure.gravatar.com\/avatar\/b6992f131dc8d30ab0dff15446e9d346d9dbd95992de0fef795073f5ea83a81c?s=96&d=mm&r=g","contentUrl":"https:\/\/secure.gravatar.com\/avatar\/b6992f131dc8d30ab0dff15446e9d346d9dbd95992de0fef795073f5ea83a81c?s=96&d=mm&r=g","caption":"La Gu\u00eda de Pamplona"}}]}},"post_mailing_queue_ids":[],"_links":{"self":[{"href":"https:\/\/www.laguiadepamplona.com\/actualidad\/wp-json\/wp\/v2\/posts\/46824","targetHints":{"allow":["GET"]}}],"collection":[{"href":"https:\/\/www.laguiadepamplona.com\/actualidad\/wp-json\/wp\/v2\/posts"}],"about":[{"href":"https:\/\/www.laguiadepamplona.com\/actualidad\/wp-json\/wp\/v2\/types\/post"}],"author":[{"embeddable":true,"href":"https:\/\/www.laguiadepamplona.com\/actualidad\/wp-json\/wp\/v2\/users\/1"}],"replies":[{"embeddable":true,"href":"https:\/\/www.laguiadepamplona.com\/actualidad\/wp-json\/wp\/v2\/comments?post=46824"}],"version-history":[{"count":1,"href":"https:\/\/www.laguiadepamplona.com\/actualidad\/wp-json\/wp\/v2\/posts\/46824\/revisions"}],"predecessor-version":[{"id":46825,"href":"https:\/\/www.laguiadepamplona.com\/actualidad\/wp-json\/wp\/v2\/posts\/46824\/revisions\/46825"}],"wp:featuredmedia":[{"embeddable":true,"href":"https:\/\/www.laguiadepamplona.com\/actualidad\/wp-json\/wp\/v2\/media\/46737"}],"wp:attachment":[{"href":"https:\/\/www.laguiadepamplona.com\/actualidad\/wp-json\/wp\/v2\/media?parent=46824"}],"wp:term":[{"taxonomy":"category","embeddable":true,"href":"https:\/\/www.laguiadepamplona.com\/actualidad\/wp-json\/wp\/v2\/categories?post=46824"},{"taxonomy":"post_tag","embeddable":true,"href":"https:\/\/www.laguiadepamplona.com\/actualidad\/wp-json\/wp\/v2\/tags?post=46824"}],"curies":[{"name":"wp","href":"https:\/\/api.w.org\/{rel}","templated":true}]}}