{"id":46818,"date":"2023-05-25T12:59:26","date_gmt":"2023-05-25T10:59:26","guid":{"rendered":"https:\/\/www.laguiadepamplona.com\/actualidad\/?p=46818"},"modified":"2023-05-25T12:59:26","modified_gmt":"2023-05-25T10:59:26","slug":"el-programa-pamplona-emprende-cierra-el-proximo-martes-dia-30-el-plazo-de-inscripcion-para-su-nueva-edicion-centrada-en-la-sostenibilidad","status":"publish","type":"post","link":"https:\/\/www.laguiadepamplona.com\/actualidad\/el-programa-pamplona-emprende-cierra-el-proximo-martes-dia-30-el-plazo-de-inscripcion-para-su-nueva-edicion-centrada-en-la-sostenibilidad\/","title":{"rendered":"El programa \u2018Pamplona Emprende\u2019 cierra el pr\u00f3ximo martes, d\u00eda 30, el plazo de inscripci\u00f3n para su nueva edici\u00f3n centrada en la sostenibilidad"},"content":{"rendered":"<h3>La iniciativa dar\u00e1 formaci\u00f3n y competencias a 20 personas para ayudarles en el desarrollo su idea de negocio<\/h3>\n<p><!--more--><\/p>\n<p>Las personas interesadas en participar en el programa \u2018Pamplona Emprende\u2019, de apoyo al desarrollo de ideas de negocio, disponen de plazo hasta el martes, d\u00eda 30, para inscribirse en la iniciativa. En esta nueva edici\u00f3n, el Ayuntamiento de Pamplona y la sociedad p\u00fablica del Gobierno de Navarra Centro Europeo de Empresas e Innovaci\u00f3n de Navarra (CEIN) enfocar\u00e1n la formaci\u00f3n a proyectos especialmente ligados a la sostenibilidad. La inscripci\u00f3n debe realizarse a trav\u00e9s de este <a href=\"https:\/\/ceinnavarra.typeform.com\/to\/p5zVfre4\" target=\"_blank\" rel=\"noopener\">formulario<\/a>, disponible en las p\u00e1ginas web tanto del Ayuntamiento de Pamplona como de CEIN. Entre todas las personas inscritas, se seleccionar\u00e1 a un m\u00e1ximo de 20 para participar en el programa.<br \/>\n<script async src=\"\/\/pagead2.googlesyndication.com\/pagead\/js\/adsbygoogle.js\"><\/script><br \/>\n<!-- Noticias La Guia de Pamplona --><br \/>\n<ins class=\"adsbygoogle\"\nstyle=\"display:block\"\ndata-ad-client=\"ca-pub-6943679897239327\"\ndata-ad-slot=\"7048180777\"\ndata-ad-format=\"auto\"><\/ins><br \/>\n<script>\n(adsbygoogle = window.adsbygoogle || []).push({});\n<\/script><\/p>\n<p>En esta edici\u00f3n, el programa \u2018Pamplona Emprende\u2019 ofrecer\u00e1 un curso formativo de 300 horas, que se desarrollar\u00e1 entre los meses de septiembre y diciembre. En \u00e9l se combinar\u00e1 formaci\u00f3n espec\u00edfica en emprendimiento con el apoyo de mentoras y mentores que ofrecer\u00e1n su experiencia y conocimiento para favorecer la viabilidad del proyecto propuesto. En concreto, las personas participantes recibir\u00e1n formaci\u00f3n sobre la identificaci\u00f3n de recursos personales para emprender, marketing, financiaci\u00f3n o ventas, pero tambi\u00e9n sobre creatividad e innovaci\u00f3n y sobre propuestas de valor. El programa utiliza las metodolog\u00edas <em>Learning by doing<\/em> (aprender haciendo) y <em>Lean<\/em> para definir y configurar sus ideas y convertirlas en proyectos empresariales, y combina el trabajo grupal e individual.<\/p>\n<p>Todo ello persigue el objetivo de que las personas participantes aprendan a idear un proyecto de emprendimiento y a darle forma para que pueda convertirse en una nueva empresa. En este proceso, contar\u00e1n con personas expertas en emprendimiento de CEIN, y expertas en sectores de oportunidades para emprender.<br \/>\n<script async src=\"\/\/pagead2.googlesyndication.com\/pagead\/js\/adsbygoogle.js\"><\/script><br \/>\n<!-- Noticias La Guia de Pamplona --><br \/>\n<ins class=\"adsbygoogle\"\nstyle=\"display:block\"\ndata-ad-client=\"ca-pub-6943679897239327\"\ndata-ad-slot=\"7048180777\"\ndata-ad-format=\"auto\"><\/ins><br \/>\n<script>\n(adsbygoogle = window.adsbygoogle || []).push({});\n<\/script><\/p>\n<p>Las 20 personas seleccionadas recibir\u00e1n informaci\u00f3n completa sobre el programa y podr\u00e1n participar en septiembre en una masterclass con Andrea Gonz\u00e1lez Gonz\u00e1lez, subdirectora general de Spainsif, que les hablar\u00e1 sobre fondos de inversi\u00f3n y dem\u00e1s herramientas de financiaci\u00f3n para la puesta en marcha de proyectos vinculados a la econom\u00eda verde y la sostenibilidad.<\/p>\n","protected":false},"excerpt":{"rendered":"<p>La iniciativa dar\u00e1 formaci\u00f3n y competencias a 20 personas para ayudarles en el desarrollo su idea de negocio<\/p>\n","protected":false},"author":1,"featured_media":46819,"comment_status":"open","ping_status":"closed","sticky":false,"template":"","format":"standard","meta":{"footnotes":""},"categories":[2],"tags":[],"class_list":["post-46818","post","type-post","status-publish","format-standard","has-post-thumbnail","hentry","category-ayuntamiento-pamplona"],"yoast_head":"<!-- This site is optimized with the Yoast SEO plugin v27.3 - https:\/\/yoast.com\/product\/yoast-seo-wordpress\/ -->\n<title>El programa \u2018Pamplona Emprende\u2019 cierra el pr\u00f3ximo martes, d\u00eda 30, el plazo de inscripci\u00f3n para su nueva edici\u00f3n centrada en la sostenibilidad<\/title>\n<meta name=\"description\" content=\"La iniciativa dar\u00e1 formaci\u00f3n y competencias a 20 personas para ayudarles en el desarrollo su idea de negocio\" \/>\n<meta name=\"robots\" content=\"index, follow, max-snippet:-1, max-image-preview:large, max-video-preview:-1\" \/>\n<link rel=\"canonical\" href=\"https:\/\/www.laguiadepamplona.com\/actualidad\/el-programa-pamplona-emprende-cierra-el-proximo-martes-dia-30-el-plazo-de-inscripcion-para-su-nueva-edicion-centrada-en-la-sostenibilidad\/\" \/>\n<meta property=\"og:locale\" content=\"es_ES\" \/>\n<meta property=\"og:type\" content=\"article\" \/>\n<meta property=\"og:title\" content=\"El programa \u2018Pamplona Emprende\u2019 cierra el pr\u00f3ximo martes, d\u00eda 30, el plazo de inscripci\u00f3n para su nueva edici\u00f3n centrada en la sostenibilidad\" \/>\n<meta property=\"og:description\" content=\"La iniciativa dar\u00e1 formaci\u00f3n y competencias a 20 personas para ayudarles en el desarrollo su idea de negocio\" \/>\n<meta property=\"og:url\" content=\"https:\/\/www.laguiadepamplona.com\/actualidad\/el-programa-pamplona-emprende-cierra-el-proximo-martes-dia-30-el-plazo-de-inscripcion-para-su-nueva-edicion-centrada-en-la-sostenibilidad\/\" \/>\n<meta property=\"og:site_name\" content=\"La Gu\u00eda de Pamplona\" \/>\n<meta property=\"article:publisher\" content=\"https:\/\/www.facebook.com\/laguiadepamplonacom-133175176762273\/?ref=hl\" \/>\n<meta property=\"article:published_time\" content=\"2023-05-25T10:59:26+00:00\" \/>\n<meta property=\"og:image\" content=\"https:\/\/www.laguiadepamplona.com\/actualidad\/wp-content\/uploads\/2023\/05\/programa_pe23_1.webp\" \/>\n\t<meta property=\"og:image:width\" content=\"1920\" \/>\n\t<meta property=\"og:image:height\" content=\"1080\" \/>\n\t<meta property=\"og:image:type\" content=\"image\/webp\" \/>\n<meta name=\"author\" content=\"La Gu\u00eda de Pamplona\" \/>\n<meta name=\"twitter:card\" content=\"summary_large_image\" \/>\n<meta name=\"twitter:creator\" content=\"@LaGuiadPamplona\" \/>\n<meta name=\"twitter:site\" content=\"@LaGuiadPamplona\" \/>\n<meta name=\"twitter:label1\" content=\"Escrito por\" \/>\n\t<meta name=\"twitter:data1\" content=\"La Gu\u00eda de Pamplona\" \/>\n\t<meta name=\"twitter:label2\" content=\"Tiempo de lectura\" \/>\n\t<meta name=\"twitter:data2\" content=\"2 minutos\" \/>\n<script type=\"application\/ld+json\" class=\"yoast-schema-graph\">{\"@context\":\"https:\\\/\\\/schema.org\",\"@graph\":[{\"@type\":\"Article\",\"@id\":\"https:\\\/\\\/www.laguiadepamplona.com\\\/actualidad\\\/el-programa-pamplona-emprende-cierra-el-proximo-martes-dia-30-el-plazo-de-inscripcion-para-su-nueva-edicion-centrada-en-la-sostenibilidad\\\/#article\",\"isPartOf\":{\"@id\":\"https:\\\/\\\/www.laguiadepamplona.com\\\/actualidad\\\/el-programa-pamplona-emprende-cierra-el-proximo-martes-dia-30-el-plazo-de-inscripcion-para-su-nueva-edicion-centrada-en-la-sostenibilidad\\\/\"},\"author\":{\"name\":\"La Gu\u00eda de Pamplona\",\"@id\":\"https:\\\/\\\/www.laguiadepamplona.com\\\/actualidad\\\/#\\\/schema\\\/person\\\/efe887376f0213d4657c93adc50b1fdb\"},\"headline\":\"El programa \u2018Pamplona Emprende\u2019 cierra el pr\u00f3ximo martes, d\u00eda 30, el plazo de inscripci\u00f3n para su nueva edici\u00f3n centrada en la sostenibilidad\",\"datePublished\":\"2023-05-25T10:59:26+00:00\",\"mainEntityOfPage\":{\"@id\":\"https:\\\/\\\/www.laguiadepamplona.com\\\/actualidad\\\/el-programa-pamplona-emprende-cierra-el-proximo-martes-dia-30-el-plazo-de-inscripcion-para-su-nueva-edicion-centrada-en-la-sostenibilidad\\\/\"},\"wordCount\":388,\"commentCount\":0,\"publisher\":{\"@id\":\"https:\\\/\\\/www.laguiadepamplona.com\\\/actualidad\\\/#organization\"},\"image\":{\"@id\":\"https:\\\/\\\/www.laguiadepamplona.com\\\/actualidad\\\/el-programa-pamplona-emprende-cierra-el-proximo-martes-dia-30-el-plazo-de-inscripcion-para-su-nueva-edicion-centrada-en-la-sostenibilidad\\\/#primaryimage\"},\"thumbnailUrl\":\"https:\\\/\\\/www.laguiadepamplona.com\\\/actualidad\\\/wp-content\\\/uploads\\\/2023\\\/05\\\/programa_pe23_1.webp\",\"articleSection\":[\"Ayto Pamplona\"],\"inLanguage\":\"es\",\"potentialAction\":[{\"@type\":\"CommentAction\",\"name\":\"Comment\",\"target\":[\"https:\\\/\\\/www.laguiadepamplona.com\\\/actualidad\\\/el-programa-pamplona-emprende-cierra-el-proximo-martes-dia-30-el-plazo-de-inscripcion-para-su-nueva-edicion-centrada-en-la-sostenibilidad\\\/#respond\"]}]},{\"@type\":\"WebPage\",\"@id\":\"https:\\\/\\\/www.laguiadepamplona.com\\\/actualidad\\\/el-programa-pamplona-emprende-cierra-el-proximo-martes-dia-30-el-plazo-de-inscripcion-para-su-nueva-edicion-centrada-en-la-sostenibilidad\\\/\",\"url\":\"https:\\\/\\\/www.laguiadepamplona.com\\\/actualidad\\\/el-programa-pamplona-emprende-cierra-el-proximo-martes-dia-30-el-plazo-de-inscripcion-para-su-nueva-edicion-centrada-en-la-sostenibilidad\\\/\",\"name\":\"El programa \u2018Pamplona Emprende\u2019 cierra el pr\u00f3ximo martes, d\u00eda 30, el plazo de inscripci\u00f3n para su nueva edici\u00f3n centrada en la sostenibilidad\",\"isPartOf\":{\"@id\":\"https:\\\/\\\/www.laguiadepamplona.com\\\/actualidad\\\/#website\"},\"primaryImageOfPage\":{\"@id\":\"https:\\\/\\\/www.laguiadepamplona.com\\\/actualidad\\\/el-programa-pamplona-emprende-cierra-el-proximo-martes-dia-30-el-plazo-de-inscripcion-para-su-nueva-edicion-centrada-en-la-sostenibilidad\\\/#primaryimage\"},\"image\":{\"@id\":\"https:\\\/\\\/www.laguiadepamplona.com\\\/actualidad\\\/el-programa-pamplona-emprende-cierra-el-proximo-martes-dia-30-el-plazo-de-inscripcion-para-su-nueva-edicion-centrada-en-la-sostenibilidad\\\/#primaryimage\"},\"thumbnailUrl\":\"https:\\\/\\\/www.laguiadepamplona.com\\\/actualidad\\\/wp-content\\\/uploads\\\/2023\\\/05\\\/programa_pe23_1.webp\",\"datePublished\":\"2023-05-25T10:59:26+00:00\",\"description\":\"La iniciativa dar\u00e1 formaci\u00f3n y competencias a 20 personas para ayudarles en el desarrollo su idea de negocio\",\"breadcrumb\":{\"@id\":\"https:\\\/\\\/www.laguiadepamplona.com\\\/actualidad\\\/el-programa-pamplona-emprende-cierra-el-proximo-martes-dia-30-el-plazo-de-inscripcion-para-su-nueva-edicion-centrada-en-la-sostenibilidad\\\/#breadcrumb\"},\"inLanguage\":\"es\",\"potentialAction\":[{\"@type\":\"ReadAction\",\"target\":[\"https:\\\/\\\/www.laguiadepamplona.com\\\/actualidad\\\/el-programa-pamplona-emprende-cierra-el-proximo-martes-dia-30-el-plazo-de-inscripcion-para-su-nueva-edicion-centrada-en-la-sostenibilidad\\\/\"]}]},{\"@type\":\"ImageObject\",\"inLanguage\":\"es\",\"@id\":\"https:\\\/\\\/www.laguiadepamplona.com\\\/actualidad\\\/el-programa-pamplona-emprende-cierra-el-proximo-martes-dia-30-el-plazo-de-inscripcion-para-su-nueva-edicion-centrada-en-la-sostenibilidad\\\/#primaryimage\",\"url\":\"https:\\\/\\\/www.laguiadepamplona.com\\\/actualidad\\\/wp-content\\\/uploads\\\/2023\\\/05\\\/programa_pe23_1.webp\",\"contentUrl\":\"https:\\\/\\\/www.laguiadepamplona.com\\\/actualidad\\\/wp-content\\\/uploads\\\/2023\\\/05\\\/programa_pe23_1.webp\",\"width\":1920,\"height\":1080},{\"@type\":\"BreadcrumbList\",\"@id\":\"https:\\\/\\\/www.laguiadepamplona.com\\\/actualidad\\\/el-programa-pamplona-emprende-cierra-el-proximo-martes-dia-30-el-plazo-de-inscripcion-para-su-nueva-edicion-centrada-en-la-sostenibilidad\\\/#breadcrumb\",\"itemListElement\":[{\"@type\":\"ListItem\",\"position\":1,\"name\":\"Portada\",\"item\":\"https:\\\/\\\/www.laguiadepamplona.com\\\/actualidad\\\/\"},{\"@type\":\"ListItem\",\"position\":2,\"name\":\"El programa \u2018Pamplona Emprende\u2019 cierra el pr\u00f3ximo martes, d\u00eda 30, el plazo de inscripci\u00f3n para su nueva edici\u00f3n centrada en la sostenibilidad\"}]},{\"@type\":\"WebSite\",\"@id\":\"https:\\\/\\\/www.laguiadepamplona.com\\\/actualidad\\\/#website\",\"url\":\"https:\\\/\\\/www.laguiadepamplona.com\\\/actualidad\\\/\",\"name\":\"La gu\u00eda de Pamplona\",\"description\":\"Noticias de Pamplona\",\"publisher\":{\"@id\":\"https:\\\/\\\/www.laguiadepamplona.com\\\/actualidad\\\/#organization\"},\"potentialAction\":[{\"@type\":\"SearchAction\",\"target\":{\"@type\":\"EntryPoint\",\"urlTemplate\":\"https:\\\/\\\/www.laguiadepamplona.com\\\/actualidad\\\/?s={search_term_string}\"},\"query-input\":{\"@type\":\"PropertyValueSpecification\",\"valueRequired\":true,\"valueName\":\"search_term_string\"}}],\"inLanguage\":\"es\"},{\"@type\":\"Organization\",\"@id\":\"https:\\\/\\\/www.laguiadepamplona.com\\\/actualidad\\\/#organization\",\"name\":\"La Gu\u00eda de Pamplona \\\/ Noticias\",\"url\":\"https:\\\/\\\/www.laguiadepamplona.com\\\/actualidad\\\/\",\"logo\":{\"@type\":\"ImageObject\",\"inLanguage\":\"es\",\"@id\":\"https:\\\/\\\/www.laguiadepamplona.com\\\/actualidad\\\/#\\\/schema\\\/logo\\\/image\\\/\",\"url\":\"https:\\\/\\\/www.laguiadepamplona.com\\\/actualidad\\\/wp-content\\\/uploads\\\/2018\\\/11\\\/logo-laguiadepamplona18-web1.png\",\"contentUrl\":\"https:\\\/\\\/www.laguiadepamplona.com\\\/actualidad\\\/wp-content\\\/uploads\\\/2018\\\/11\\\/logo-laguiadepamplona18-web1.png\",\"width\":600,\"height\":196,\"caption\":\"La Gu\u00eda de Pamplona \\\/ Noticias\"},\"image\":{\"@id\":\"https:\\\/\\\/www.laguiadepamplona.com\\\/actualidad\\\/#\\\/schema\\\/logo\\\/image\\\/\"},\"sameAs\":[\"https:\\\/\\\/www.facebook.com\\\/laguiadepamplonacom-133175176762273\\\/?ref=hl\",\"https:\\\/\\\/x.com\\\/LaGuiadPamplona\",\"https:\\\/\\\/www.instagram.com\\\/la_guia_de_pamplona\\\/\",\"https:\\\/\\\/www.youtube.com\\\/user\\\/laguiadepamplona\"]},{\"@type\":\"Person\",\"@id\":\"https:\\\/\\\/www.laguiadepamplona.com\\\/actualidad\\\/#\\\/schema\\\/person\\\/efe887376f0213d4657c93adc50b1fdb\",\"name\":\"La Gu\u00eda de Pamplona\",\"image\":{\"@type\":\"ImageObject\",\"inLanguage\":\"es\",\"@id\":\"https:\\\/\\\/secure.gravatar.com\\\/avatar\\\/b6992f131dc8d30ab0dff15446e9d346d9dbd95992de0fef795073f5ea83a81c?s=96&d=mm&r=g\",\"url\":\"https:\\\/\\\/secure.gravatar.com\\\/avatar\\\/b6992f131dc8d30ab0dff15446e9d346d9dbd95992de0fef795073f5ea83a81c?s=96&d=mm&r=g\",\"contentUrl\":\"https:\\\/\\\/secure.gravatar.com\\\/avatar\\\/b6992f131dc8d30ab0dff15446e9d346d9dbd95992de0fef795073f5ea83a81c?s=96&d=mm&r=g\",\"caption\":\"La Gu\u00eda de Pamplona\"}}]}<\/script>\n<!-- \/ Yoast SEO plugin. -->","yoast_head_json":{"title":"El programa \u2018Pamplona Emprende\u2019 cierra el pr\u00f3ximo martes, d\u00eda 30, el plazo de inscripci\u00f3n para su nueva edici\u00f3n centrada en la sostenibilidad","description":"La iniciativa dar\u00e1 formaci\u00f3n y competencias a 20 personas para ayudarles en el desarrollo su idea de negocio","robots":{"index":"index","follow":"follow","max-snippet":"max-snippet:-1","max-image-preview":"max-image-preview:large","max-video-preview":"max-video-preview:-1"},"canonical":"https:\/\/www.laguiadepamplona.com\/actualidad\/el-programa-pamplona-emprende-cierra-el-proximo-martes-dia-30-el-plazo-de-inscripcion-para-su-nueva-edicion-centrada-en-la-sostenibilidad\/","og_locale":"es_ES","og_type":"article","og_title":"El programa \u2018Pamplona Emprende\u2019 cierra el pr\u00f3ximo martes, d\u00eda 30, el plazo de inscripci\u00f3n para su nueva edici\u00f3n centrada en la sostenibilidad","og_description":"La iniciativa dar\u00e1 formaci\u00f3n y competencias a 20 personas para ayudarles en el desarrollo su idea de negocio","og_url":"https:\/\/www.laguiadepamplona.com\/actualidad\/el-programa-pamplona-emprende-cierra-el-proximo-martes-dia-30-el-plazo-de-inscripcion-para-su-nueva-edicion-centrada-en-la-sostenibilidad\/","og_site_name":"La Gu\u00eda de Pamplona","article_publisher":"https:\/\/www.facebook.com\/laguiadepamplonacom-133175176762273\/?ref=hl","article_published_time":"2023-05-25T10:59:26+00:00","og_image":[{"width":1920,"height":1080,"url":"https:\/\/www.laguiadepamplona.com\/actualidad\/wp-content\/uploads\/2023\/05\/programa_pe23_1.webp","type":"image\/webp"}],"author":"La Gu\u00eda de Pamplona","twitter_card":"summary_large_image","twitter_creator":"@LaGuiadPamplona","twitter_site":"@LaGuiadPamplona","twitter_misc":{"Escrito por":"La Gu\u00eda de Pamplona","Tiempo de lectura":"2 minutos"},"schema":{"@context":"https:\/\/schema.org","@graph":[{"@type":"Article","@id":"https:\/\/www.laguiadepamplona.com\/actualidad\/el-programa-pamplona-emprende-cierra-el-proximo-martes-dia-30-el-plazo-de-inscripcion-para-su-nueva-edicion-centrada-en-la-sostenibilidad\/#article","isPartOf":{"@id":"https:\/\/www.laguiadepamplona.com\/actualidad\/el-programa-pamplona-emprende-cierra-el-proximo-martes-dia-30-el-plazo-de-inscripcion-para-su-nueva-edicion-centrada-en-la-sostenibilidad\/"},"author":{"name":"La Gu\u00eda de Pamplona","@id":"https:\/\/www.laguiadepamplona.com\/actualidad\/#\/schema\/person\/efe887376f0213d4657c93adc50b1fdb"},"headline":"El programa \u2018Pamplona Emprende\u2019 cierra el pr\u00f3ximo martes, d\u00eda 30, el plazo de inscripci\u00f3n para su nueva edici\u00f3n centrada en la sostenibilidad","datePublished":"2023-05-25T10:59:26+00:00","mainEntityOfPage":{"@id":"https:\/\/www.laguiadepamplona.com\/actualidad\/el-programa-pamplona-emprende-cierra-el-proximo-martes-dia-30-el-plazo-de-inscripcion-para-su-nueva-edicion-centrada-en-la-sostenibilidad\/"},"wordCount":388,"commentCount":0,"publisher":{"@id":"https:\/\/www.laguiadepamplona.com\/actualidad\/#organization"},"image":{"@id":"https:\/\/www.laguiadepamplona.com\/actualidad\/el-programa-pamplona-emprende-cierra-el-proximo-martes-dia-30-el-plazo-de-inscripcion-para-su-nueva-edicion-centrada-en-la-sostenibilidad\/#primaryimage"},"thumbnailUrl":"https:\/\/www.laguiadepamplona.com\/actualidad\/wp-content\/uploads\/2023\/05\/programa_pe23_1.webp","articleSection":["Ayto Pamplona"],"inLanguage":"es","potentialAction":[{"@type":"CommentAction","name":"Comment","target":["https:\/\/www.laguiadepamplona.com\/actualidad\/el-programa-pamplona-emprende-cierra-el-proximo-martes-dia-30-el-plazo-de-inscripcion-para-su-nueva-edicion-centrada-en-la-sostenibilidad\/#respond"]}]},{"@type":"WebPage","@id":"https:\/\/www.laguiadepamplona.com\/actualidad\/el-programa-pamplona-emprende-cierra-el-proximo-martes-dia-30-el-plazo-de-inscripcion-para-su-nueva-edicion-centrada-en-la-sostenibilidad\/","url":"https:\/\/www.laguiadepamplona.com\/actualidad\/el-programa-pamplona-emprende-cierra-el-proximo-martes-dia-30-el-plazo-de-inscripcion-para-su-nueva-edicion-centrada-en-la-sostenibilidad\/","name":"El programa \u2018Pamplona Emprende\u2019 cierra el pr\u00f3ximo martes, d\u00eda 30, el plazo de inscripci\u00f3n para su nueva edici\u00f3n centrada en la sostenibilidad","isPartOf":{"@id":"https:\/\/www.laguiadepamplona.com\/actualidad\/#website"},"primaryImageOfPage":{"@id":"https:\/\/www.laguiadepamplona.com\/actualidad\/el-programa-pamplona-emprende-cierra-el-proximo-martes-dia-30-el-plazo-de-inscripcion-para-su-nueva-edicion-centrada-en-la-sostenibilidad\/#primaryimage"},"image":{"@id":"https:\/\/www.laguiadepamplona.com\/actualidad\/el-programa-pamplona-emprende-cierra-el-proximo-martes-dia-30-el-plazo-de-inscripcion-para-su-nueva-edicion-centrada-en-la-sostenibilidad\/#primaryimage"},"thumbnailUrl":"https:\/\/www.laguiadepamplona.com\/actualidad\/wp-content\/uploads\/2023\/05\/programa_pe23_1.webp","datePublished":"2023-05-25T10:59:26+00:00","description":"La iniciativa dar\u00e1 formaci\u00f3n y competencias a 20 personas para ayudarles en el desarrollo su idea de negocio","breadcrumb":{"@id":"https:\/\/www.laguiadepamplona.com\/actualidad\/el-programa-pamplona-emprende-cierra-el-proximo-martes-dia-30-el-plazo-de-inscripcion-para-su-nueva-edicion-centrada-en-la-sostenibilidad\/#breadcrumb"},"inLanguage":"es","potentialAction":[{"@type":"ReadAction","target":["https:\/\/www.laguiadepamplona.com\/actualidad\/el-programa-pamplona-emprende-cierra-el-proximo-martes-dia-30-el-plazo-de-inscripcion-para-su-nueva-edicion-centrada-en-la-sostenibilidad\/"]}]},{"@type":"ImageObject","inLanguage":"es","@id":"https:\/\/www.laguiadepamplona.com\/actualidad\/el-programa-pamplona-emprende-cierra-el-proximo-martes-dia-30-el-plazo-de-inscripcion-para-su-nueva-edicion-centrada-en-la-sostenibilidad\/#primaryimage","url":"https:\/\/www.laguiadepamplona.com\/actualidad\/wp-content\/uploads\/2023\/05\/programa_pe23_1.webp","contentUrl":"https:\/\/www.laguiadepamplona.com\/actualidad\/wp-content\/uploads\/2023\/05\/programa_pe23_1.webp","width":1920,"height":1080},{"@type":"BreadcrumbList","@id":"https:\/\/www.laguiadepamplona.com\/actualidad\/el-programa-pamplona-emprende-cierra-el-proximo-martes-dia-30-el-plazo-de-inscripcion-para-su-nueva-edicion-centrada-en-la-sostenibilidad\/#breadcrumb","itemListElement":[{"@type":"ListItem","position":1,"name":"Portada","item":"https:\/\/www.laguiadepamplona.com\/actualidad\/"},{"@type":"ListItem","position":2,"name":"El programa \u2018Pamplona Emprende\u2019 cierra el pr\u00f3ximo martes, d\u00eda 30, el plazo de inscripci\u00f3n para su nueva edici\u00f3n centrada en la sostenibilidad"}]},{"@type":"WebSite","@id":"https:\/\/www.laguiadepamplona.com\/actualidad\/#website","url":"https:\/\/www.laguiadepamplona.com\/actualidad\/","name":"La gu\u00eda de Pamplona","description":"Noticias de Pamplona","publisher":{"@id":"https:\/\/www.laguiadepamplona.com\/actualidad\/#organization"},"potentialAction":[{"@type":"SearchAction","target":{"@type":"EntryPoint","urlTemplate":"https:\/\/www.laguiadepamplona.com\/actualidad\/?s={search_term_string}"},"query-input":{"@type":"PropertyValueSpecification","valueRequired":true,"valueName":"search_term_string"}}],"inLanguage":"es"},{"@type":"Organization","@id":"https:\/\/www.laguiadepamplona.com\/actualidad\/#organization","name":"La Gu\u00eda de Pamplona \/ Noticias","url":"https:\/\/www.laguiadepamplona.com\/actualidad\/","logo":{"@type":"ImageObject","inLanguage":"es","@id":"https:\/\/www.laguiadepamplona.com\/actualidad\/#\/schema\/logo\/image\/","url":"https:\/\/www.laguiadepamplona.com\/actualidad\/wp-content\/uploads\/2018\/11\/logo-laguiadepamplona18-web1.png","contentUrl":"https:\/\/www.laguiadepamplona.com\/actualidad\/wp-content\/uploads\/2018\/11\/logo-laguiadepamplona18-web1.png","width":600,"height":196,"caption":"La Gu\u00eda de Pamplona \/ Noticias"},"image":{"@id":"https:\/\/www.laguiadepamplona.com\/actualidad\/#\/schema\/logo\/image\/"},"sameAs":["https:\/\/www.facebook.com\/laguiadepamplonacom-133175176762273\/?ref=hl","https:\/\/x.com\/LaGuiadPamplona","https:\/\/www.instagram.com\/la_guia_de_pamplona\/","https:\/\/www.youtube.com\/user\/laguiadepamplona"]},{"@type":"Person","@id":"https:\/\/www.laguiadepamplona.com\/actualidad\/#\/schema\/person\/efe887376f0213d4657c93adc50b1fdb","name":"La Gu\u00eda de Pamplona","image":{"@type":"ImageObject","inLanguage":"es","@id":"https:\/\/secure.gravatar.com\/avatar\/b6992f131dc8d30ab0dff15446e9d346d9dbd95992de0fef795073f5ea83a81c?s=96&d=mm&r=g","url":"https:\/\/secure.gravatar.com\/avatar\/b6992f131dc8d30ab0dff15446e9d346d9dbd95992de0fef795073f5ea83a81c?s=96&d=mm&r=g","contentUrl":"https:\/\/secure.gravatar.com\/avatar\/b6992f131dc8d30ab0dff15446e9d346d9dbd95992de0fef795073f5ea83a81c?s=96&d=mm&r=g","caption":"La Gu\u00eda de Pamplona"}}]}},"post_mailing_queue_ids":[],"_links":{"self":[{"href":"https:\/\/www.laguiadepamplona.com\/actualidad\/wp-json\/wp\/v2\/posts\/46818","targetHints":{"allow":["GET"]}}],"collection":[{"href":"https:\/\/www.laguiadepamplona.com\/actualidad\/wp-json\/wp\/v2\/posts"}],"about":[{"href":"https:\/\/www.laguiadepamplona.com\/actualidad\/wp-json\/wp\/v2\/types\/post"}],"author":[{"embeddable":true,"href":"https:\/\/www.laguiadepamplona.com\/actualidad\/wp-json\/wp\/v2\/users\/1"}],"replies":[{"embeddable":true,"href":"https:\/\/www.laguiadepamplona.com\/actualidad\/wp-json\/wp\/v2\/comments?post=46818"}],"version-history":[{"count":1,"href":"https:\/\/www.laguiadepamplona.com\/actualidad\/wp-json\/wp\/v2\/posts\/46818\/revisions"}],"predecessor-version":[{"id":46820,"href":"https:\/\/www.laguiadepamplona.com\/actualidad\/wp-json\/wp\/v2\/posts\/46818\/revisions\/46820"}],"wp:featuredmedia":[{"embeddable":true,"href":"https:\/\/www.laguiadepamplona.com\/actualidad\/wp-json\/wp\/v2\/media\/46819"}],"wp:attachment":[{"href":"https:\/\/www.laguiadepamplona.com\/actualidad\/wp-json\/wp\/v2\/media?parent=46818"}],"wp:term":[{"taxonomy":"category","embeddable":true,"href":"https:\/\/www.laguiadepamplona.com\/actualidad\/wp-json\/wp\/v2\/categories?post=46818"},{"taxonomy":"post_tag","embeddable":true,"href":"https:\/\/www.laguiadepamplona.com\/actualidad\/wp-json\/wp\/v2\/tags?post=46818"}],"curies":[{"name":"wp","href":"https:\/\/api.w.org\/{rel}","templated":true}]}}