{"id":46815,"date":"2023-05-25T12:57:36","date_gmt":"2023-05-25T10:57:36","guid":{"rendered":"https:\/\/www.laguiadepamplona.com\/actualidad\/?p=46815"},"modified":"2023-05-25T12:57:36","modified_gmt":"2023-05-25T10:57:36","slug":"el-ayuntamiento-de-pamplona-cedera-dos-parcelas-a-la-mancomunidad-de-la-comarca-de-pamplona-para-las-futuras-cocheras-del-transporte-urbano-comarcal","status":"publish","type":"post","link":"https:\/\/www.laguiadepamplona.com\/actualidad\/el-ayuntamiento-de-pamplona-cedera-dos-parcelas-a-la-mancomunidad-de-la-comarca-de-pamplona-para-las-futuras-cocheras-del-transporte-urbano-comarcal\/","title":{"rendered":"El Ayuntamiento de Pamplona ceder\u00e1 dos parcelas a la Mancomunidad de la Comarca de Pamplona para las futuras cocheras del Transporte Urbano Comarcal"},"content":{"rendered":"<h3>Las parcelas est\u00e1n ubicadas en el Pol\u00edgono de Agustinos y suman 44.340 metros cuadrados<\/h3>\n<p><!--more--><\/p>\n<p>El Ayuntamiento de Pamplona ceder\u00e1 dos parcelas ubicadas en el Pol\u00edgono de Agustinos a la Mancomunidad de la Comarca de Pamplona (MCP) para que instale all\u00ed las futuras cocheras del Transporte Urbano Comarcal (TUC). El alcalde de Pamplona, Enrique Maya, y el presidente la Mancomunidad de la Comarca de Pamplona, David Campi\u00f3n, han suscrito un protocolo general de actuaci\u00f3n para la cesi\u00f3n de las dos parcelas en el Pol\u00edgono de Agustinos, que tienen una superficie de 40.200 y 4.100 metros cuadrados, respectivamente.<br \/>\n<script async src=\"\/\/pagead2.googlesyndication.com\/pagead\/js\/adsbygoogle.js\"><\/script><br \/>\n<!-- Noticias La Guia de Pamplona --><br \/>\n<ins class=\"adsbygoogle\"\nstyle=\"display:block\"\ndata-ad-client=\"ca-pub-6943679897239327\"\ndata-ad-slot=\"7048180777\"\ndata-ad-format=\"auto\"><\/ins><br \/>\n<script>\n(adsbygoogle = window.adsbygoogle || []).push({});\n<\/script><\/p>\n<p>La Mancomunidad asumi\u00f3 en 1999 la gesti\u00f3n del servicio del Transporte Urbano Comarcal y desde entonces ha utilizado las cocheras instaladas en la calle Camino del Canal s\/n de Pamplona, que actualmente son insuficientes para albergar la flota de autobuses adscrita al servicio. Ya en 2011, la MCP realizo\u0301 un estudio para otras posibles ubicaciones que conclu\u00eda que el terreno ma\u0301s adecuado por su ubicacio\u0301n, accesibilidad, dimensiones y configuracio\u0301n, era la parcela dotacional prevista como resultado de la modificacio\u0301n del Plan Municipal de Pamplona que afectaba a tres parcelas del Poli\u0301gono 7 (Agustinos). Por ello, se formalizo\u0301 en junio de 2011 un convenio entre la MCP y el Ayuntamiento para que, una vez aprobados los necesarios instrumentos de planeamiento y gestio\u0301n, y obtenida su titularidad, el Ayuntamiento cediese a la Mancomunidad la propiedad de la citada parcela.<\/p>\n<p>El convenio no se culmin\u00f3 en su d\u00eda y se recupera ahora en virtud del protocolo suscrito, por el cual el Ayuntamiento de Pamplona, como integrante del \u00e1rea de prestaci\u00f3n del servicio del TUC, confirma su disposici\u00f3n a ceder la propiedad de las parcelas a la MCP. Asimismo, la Gerencia de Urbanismo del Ayuntamiento de Pamplona estudiara\u0301 la posibilidad de desarrollar urban\u00edsticamente el espacio situado en las actuales instalaciones del servicio TUC en la ladera del monte Ezkaba, analizando sus posibles usos.<br \/>\n<script async src=\"\/\/pagead2.googlesyndication.com\/pagead\/js\/adsbygoogle.js\"><\/script><br \/>\n<!-- Noticias La Guia de Pamplona --><br \/>\n<ins class=\"adsbygoogle\"\nstyle=\"display:block\"\ndata-ad-client=\"ca-pub-6943679897239327\"\ndata-ad-slot=\"7048180777\"\ndata-ad-format=\"auto\"><\/ins><br \/>\n<script>\n(adsbygoogle = window.adsbygoogle || []).push({});\n<\/script><\/p>\n<p><strong>Una flota de 159 veh\u00edculos<\/strong><\/p>\n<p>La flota del TUC tiene actualmente 159 veh\u00edculos con una edad media es de 6,64 a\u00f1os. El 53% de la flota est\u00e9 integrada por veh\u00edculos ambientalmente eficientes ya que se cuenta con 66 veh\u00edculos h\u00edbridos, 6 el\u00e9ctricos y 13 propulsados por gas de origen renovable. La MCP aprob\u00f3 en 2021 el II Plan de energ\u00edas menos contaminantes del TUC por el que la MCP ya no incorporar\u00e1 m\u00e1s autobuses de gasoil y abandonar\u00e1 progresivamente este combustible en la flota del Transporte Urbano.<\/p>\n<p>&nbsp;<\/p>\n<h3>Dos Parcelas en el Pol\u00edgono de Agustinos<\/h3>\n<ul>\n<li>Las dos parcelas se hallan en la \u2018unidad ZN2\/UI.I\u2019 en el Pol\u00edgono 7 de Agustinos\n<ul>\n<li>Superficie total: 44.340 metros cuadrados<\/li>\n<\/ul>\n<\/li>\n<\/ul>\n","protected":false},"excerpt":{"rendered":"<p>Las parcelas est\u00e1n ubicadas en el Pol\u00edgono de Agustinos y suman 44.340 metros cuadrados<\/p>\n","protected":false},"author":1,"featured_media":46816,"comment_status":"open","ping_status":"closed","sticky":false,"template":"","format":"standard","meta":{"footnotes":""},"categories":[2],"tags":[],"class_list":["post-46815","post","type-post","status-publish","format-standard","has-post-thumbnail","hentry","category-ayuntamiento-pamplona"],"yoast_head":"<!-- This site is optimized with the Yoast SEO plugin v27.3 - https:\/\/yoast.com\/product\/yoast-seo-wordpress\/ -->\n<title>El Ayuntamiento de Pamplona ceder\u00e1 dos parcelas a la Mancomunidad de la Comarca de Pamplona para las futuras cocheras del Transporte Urbano Comarcal<\/title>\n<meta name=\"description\" content=\"Las parcelas est\u00e1n ubicadas en el Pol\u00edgono de Agustinos y suman 44.340 metros cuadrados\u00a0\" \/>\n<meta name=\"robots\" content=\"index, follow, max-snippet:-1, max-image-preview:large, max-video-preview:-1\" \/>\n<link rel=\"canonical\" href=\"https:\/\/www.laguiadepamplona.com\/actualidad\/el-ayuntamiento-de-pamplona-cedera-dos-parcelas-a-la-mancomunidad-de-la-comarca-de-pamplona-para-las-futuras-cocheras-del-transporte-urbano-comarcal\/\" \/>\n<meta property=\"og:locale\" content=\"es_ES\" \/>\n<meta property=\"og:type\" content=\"article\" \/>\n<meta property=\"og:title\" content=\"El Ayuntamiento de Pamplona ceder\u00e1 dos parcelas a la Mancomunidad de la Comarca de Pamplona para las futuras cocheras del Transporte Urbano Comarcal\" \/>\n<meta property=\"og:description\" content=\"Las parcelas est\u00e1n ubicadas en el Pol\u00edgono de Agustinos y suman 44.340 metros cuadrados\u00a0\" \/>\n<meta property=\"og:url\" content=\"https:\/\/www.laguiadepamplona.com\/actualidad\/el-ayuntamiento-de-pamplona-cedera-dos-parcelas-a-la-mancomunidad-de-la-comarca-de-pamplona-para-las-futuras-cocheras-del-transporte-urbano-comarcal\/\" \/>\n<meta property=\"og:site_name\" content=\"La Gu\u00eda de Pamplona\" \/>\n<meta property=\"article:publisher\" content=\"https:\/\/www.facebook.com\/laguiadepamplonacom-133175176762273\/?ref=hl\" \/>\n<meta property=\"article:published_time\" content=\"2023-05-25T10:57:36+00:00\" \/>\n<meta property=\"og:image\" content=\"https:\/\/www.laguiadepamplona.com\/actualidad\/wp-content\/uploads\/2023\/05\/23.05.25_MCP_firma_protocolo_cocheras.webp\" \/>\n\t<meta property=\"og:image:width\" content=\"1920\" \/>\n\t<meta property=\"og:image:height\" content=\"1280\" \/>\n\t<meta property=\"og:image:type\" content=\"image\/webp\" \/>\n<meta name=\"author\" content=\"La Gu\u00eda de Pamplona\" \/>\n<meta name=\"twitter:card\" content=\"summary_large_image\" \/>\n<meta name=\"twitter:creator\" content=\"@LaGuiadPamplona\" \/>\n<meta name=\"twitter:site\" content=\"@LaGuiadPamplona\" \/>\n<meta name=\"twitter:label1\" content=\"Escrito por\" \/>\n\t<meta name=\"twitter:data1\" content=\"La Gu\u00eda de Pamplona\" \/>\n\t<meta name=\"twitter:label2\" content=\"Tiempo de lectura\" \/>\n\t<meta name=\"twitter:data2\" content=\"2 minutos\" \/>\n<script type=\"application\/ld+json\" class=\"yoast-schema-graph\">{\"@context\":\"https:\\\/\\\/schema.org\",\"@graph\":[{\"@type\":\"Article\",\"@id\":\"https:\\\/\\\/www.laguiadepamplona.com\\\/actualidad\\\/el-ayuntamiento-de-pamplona-cedera-dos-parcelas-a-la-mancomunidad-de-la-comarca-de-pamplona-para-las-futuras-cocheras-del-transporte-urbano-comarcal\\\/#article\",\"isPartOf\":{\"@id\":\"https:\\\/\\\/www.laguiadepamplona.com\\\/actualidad\\\/el-ayuntamiento-de-pamplona-cedera-dos-parcelas-a-la-mancomunidad-de-la-comarca-de-pamplona-para-las-futuras-cocheras-del-transporte-urbano-comarcal\\\/\"},\"author\":{\"name\":\"La Gu\u00eda de Pamplona\",\"@id\":\"https:\\\/\\\/www.laguiadepamplona.com\\\/actualidad\\\/#\\\/schema\\\/person\\\/efe887376f0213d4657c93adc50b1fdb\"},\"headline\":\"El Ayuntamiento de Pamplona ceder\u00e1 dos parcelas a la Mancomunidad de la Comarca de Pamplona para las futuras cocheras del Transporte Urbano Comarcal\",\"datePublished\":\"2023-05-25T10:57:36+00:00\",\"mainEntityOfPage\":{\"@id\":\"https:\\\/\\\/www.laguiadepamplona.com\\\/actualidad\\\/el-ayuntamiento-de-pamplona-cedera-dos-parcelas-a-la-mancomunidad-de-la-comarca-de-pamplona-para-las-futuras-cocheras-del-transporte-urbano-comarcal\\\/\"},\"wordCount\":469,\"commentCount\":0,\"publisher\":{\"@id\":\"https:\\\/\\\/www.laguiadepamplona.com\\\/actualidad\\\/#organization\"},\"image\":{\"@id\":\"https:\\\/\\\/www.laguiadepamplona.com\\\/actualidad\\\/el-ayuntamiento-de-pamplona-cedera-dos-parcelas-a-la-mancomunidad-de-la-comarca-de-pamplona-para-las-futuras-cocheras-del-transporte-urbano-comarcal\\\/#primaryimage\"},\"thumbnailUrl\":\"https:\\\/\\\/www.laguiadepamplona.com\\\/actualidad\\\/wp-content\\\/uploads\\\/2023\\\/05\\\/23.05.25_MCP_firma_protocolo_cocheras.webp\",\"articleSection\":[\"Ayto Pamplona\"],\"inLanguage\":\"es\",\"potentialAction\":[{\"@type\":\"CommentAction\",\"name\":\"Comment\",\"target\":[\"https:\\\/\\\/www.laguiadepamplona.com\\\/actualidad\\\/el-ayuntamiento-de-pamplona-cedera-dos-parcelas-a-la-mancomunidad-de-la-comarca-de-pamplona-para-las-futuras-cocheras-del-transporte-urbano-comarcal\\\/#respond\"]}]},{\"@type\":\"WebPage\",\"@id\":\"https:\\\/\\\/www.laguiadepamplona.com\\\/actualidad\\\/el-ayuntamiento-de-pamplona-cedera-dos-parcelas-a-la-mancomunidad-de-la-comarca-de-pamplona-para-las-futuras-cocheras-del-transporte-urbano-comarcal\\\/\",\"url\":\"https:\\\/\\\/www.laguiadepamplona.com\\\/actualidad\\\/el-ayuntamiento-de-pamplona-cedera-dos-parcelas-a-la-mancomunidad-de-la-comarca-de-pamplona-para-las-futuras-cocheras-del-transporte-urbano-comarcal\\\/\",\"name\":\"El Ayuntamiento de Pamplona ceder\u00e1 dos parcelas a la Mancomunidad de la Comarca de Pamplona para las futuras cocheras del Transporte Urbano Comarcal\",\"isPartOf\":{\"@id\":\"https:\\\/\\\/www.laguiadepamplona.com\\\/actualidad\\\/#website\"},\"primaryImageOfPage\":{\"@id\":\"https:\\\/\\\/www.laguiadepamplona.com\\\/actualidad\\\/el-ayuntamiento-de-pamplona-cedera-dos-parcelas-a-la-mancomunidad-de-la-comarca-de-pamplona-para-las-futuras-cocheras-del-transporte-urbano-comarcal\\\/#primaryimage\"},\"image\":{\"@id\":\"https:\\\/\\\/www.laguiadepamplona.com\\\/actualidad\\\/el-ayuntamiento-de-pamplona-cedera-dos-parcelas-a-la-mancomunidad-de-la-comarca-de-pamplona-para-las-futuras-cocheras-del-transporte-urbano-comarcal\\\/#primaryimage\"},\"thumbnailUrl\":\"https:\\\/\\\/www.laguiadepamplona.com\\\/actualidad\\\/wp-content\\\/uploads\\\/2023\\\/05\\\/23.05.25_MCP_firma_protocolo_cocheras.webp\",\"datePublished\":\"2023-05-25T10:57:36+00:00\",\"description\":\"Las parcelas est\u00e1n ubicadas en el Pol\u00edgono de Agustinos y suman 44.340 metros cuadrados\u00a0\",\"breadcrumb\":{\"@id\":\"https:\\\/\\\/www.laguiadepamplona.com\\\/actualidad\\\/el-ayuntamiento-de-pamplona-cedera-dos-parcelas-a-la-mancomunidad-de-la-comarca-de-pamplona-para-las-futuras-cocheras-del-transporte-urbano-comarcal\\\/#breadcrumb\"},\"inLanguage\":\"es\",\"potentialAction\":[{\"@type\":\"ReadAction\",\"target\":[\"https:\\\/\\\/www.laguiadepamplona.com\\\/actualidad\\\/el-ayuntamiento-de-pamplona-cedera-dos-parcelas-a-la-mancomunidad-de-la-comarca-de-pamplona-para-las-futuras-cocheras-del-transporte-urbano-comarcal\\\/\"]}]},{\"@type\":\"ImageObject\",\"inLanguage\":\"es\",\"@id\":\"https:\\\/\\\/www.laguiadepamplona.com\\\/actualidad\\\/el-ayuntamiento-de-pamplona-cedera-dos-parcelas-a-la-mancomunidad-de-la-comarca-de-pamplona-para-las-futuras-cocheras-del-transporte-urbano-comarcal\\\/#primaryimage\",\"url\":\"https:\\\/\\\/www.laguiadepamplona.com\\\/actualidad\\\/wp-content\\\/uploads\\\/2023\\\/05\\\/23.05.25_MCP_firma_protocolo_cocheras.webp\",\"contentUrl\":\"https:\\\/\\\/www.laguiadepamplona.com\\\/actualidad\\\/wp-content\\\/uploads\\\/2023\\\/05\\\/23.05.25_MCP_firma_protocolo_cocheras.webp\",\"width\":1920,\"height\":1280},{\"@type\":\"BreadcrumbList\",\"@id\":\"https:\\\/\\\/www.laguiadepamplona.com\\\/actualidad\\\/el-ayuntamiento-de-pamplona-cedera-dos-parcelas-a-la-mancomunidad-de-la-comarca-de-pamplona-para-las-futuras-cocheras-del-transporte-urbano-comarcal\\\/#breadcrumb\",\"itemListElement\":[{\"@type\":\"ListItem\",\"position\":1,\"name\":\"Portada\",\"item\":\"https:\\\/\\\/www.laguiadepamplona.com\\\/actualidad\\\/\"},{\"@type\":\"ListItem\",\"position\":2,\"name\":\"El Ayuntamiento de Pamplona ceder\u00e1 dos parcelas a la Mancomunidad de la Comarca de Pamplona para las futuras cocheras del Transporte Urbano Comarcal\"}]},{\"@type\":\"WebSite\",\"@id\":\"https:\\\/\\\/www.laguiadepamplona.com\\\/actualidad\\\/#website\",\"url\":\"https:\\\/\\\/www.laguiadepamplona.com\\\/actualidad\\\/\",\"name\":\"La gu\u00eda de Pamplona\",\"description\":\"Noticias de Pamplona\",\"publisher\":{\"@id\":\"https:\\\/\\\/www.laguiadepamplona.com\\\/actualidad\\\/#organization\"},\"potentialAction\":[{\"@type\":\"SearchAction\",\"target\":{\"@type\":\"EntryPoint\",\"urlTemplate\":\"https:\\\/\\\/www.laguiadepamplona.com\\\/actualidad\\\/?s={search_term_string}\"},\"query-input\":{\"@type\":\"PropertyValueSpecification\",\"valueRequired\":true,\"valueName\":\"search_term_string\"}}],\"inLanguage\":\"es\"},{\"@type\":\"Organization\",\"@id\":\"https:\\\/\\\/www.laguiadepamplona.com\\\/actualidad\\\/#organization\",\"name\":\"La Gu\u00eda de Pamplona \\\/ Noticias\",\"url\":\"https:\\\/\\\/www.laguiadepamplona.com\\\/actualidad\\\/\",\"logo\":{\"@type\":\"ImageObject\",\"inLanguage\":\"es\",\"@id\":\"https:\\\/\\\/www.laguiadepamplona.com\\\/actualidad\\\/#\\\/schema\\\/logo\\\/image\\\/\",\"url\":\"https:\\\/\\\/www.laguiadepamplona.com\\\/actualidad\\\/wp-content\\\/uploads\\\/2018\\\/11\\\/logo-laguiadepamplona18-web1.png\",\"contentUrl\":\"https:\\\/\\\/www.laguiadepamplona.com\\\/actualidad\\\/wp-content\\\/uploads\\\/2018\\\/11\\\/logo-laguiadepamplona18-web1.png\",\"width\":600,\"height\":196,\"caption\":\"La Gu\u00eda de Pamplona \\\/ Noticias\"},\"image\":{\"@id\":\"https:\\\/\\\/www.laguiadepamplona.com\\\/actualidad\\\/#\\\/schema\\\/logo\\\/image\\\/\"},\"sameAs\":[\"https:\\\/\\\/www.facebook.com\\\/laguiadepamplonacom-133175176762273\\\/?ref=hl\",\"https:\\\/\\\/x.com\\\/LaGuiadPamplona\",\"https:\\\/\\\/www.instagram.com\\\/la_guia_de_pamplona\\\/\",\"https:\\\/\\\/www.youtube.com\\\/user\\\/laguiadepamplona\"]},{\"@type\":\"Person\",\"@id\":\"https:\\\/\\\/www.laguiadepamplona.com\\\/actualidad\\\/#\\\/schema\\\/person\\\/efe887376f0213d4657c93adc50b1fdb\",\"name\":\"La Gu\u00eda de Pamplona\",\"image\":{\"@type\":\"ImageObject\",\"inLanguage\":\"es\",\"@id\":\"https:\\\/\\\/secure.gravatar.com\\\/avatar\\\/b6992f131dc8d30ab0dff15446e9d346d9dbd95992de0fef795073f5ea83a81c?s=96&d=mm&r=g\",\"url\":\"https:\\\/\\\/secure.gravatar.com\\\/avatar\\\/b6992f131dc8d30ab0dff15446e9d346d9dbd95992de0fef795073f5ea83a81c?s=96&d=mm&r=g\",\"contentUrl\":\"https:\\\/\\\/secure.gravatar.com\\\/avatar\\\/b6992f131dc8d30ab0dff15446e9d346d9dbd95992de0fef795073f5ea83a81c?s=96&d=mm&r=g\",\"caption\":\"La Gu\u00eda de Pamplona\"}}]}<\/script>\n<!-- \/ Yoast SEO plugin. -->","yoast_head_json":{"title":"El Ayuntamiento de Pamplona ceder\u00e1 dos parcelas a la Mancomunidad de la Comarca de Pamplona para las futuras cocheras del Transporte Urbano Comarcal","description":"Las parcelas est\u00e1n ubicadas en el Pol\u00edgono de Agustinos y suman 44.340 metros cuadrados\u00a0","robots":{"index":"index","follow":"follow","max-snippet":"max-snippet:-1","max-image-preview":"max-image-preview:large","max-video-preview":"max-video-preview:-1"},"canonical":"https:\/\/www.laguiadepamplona.com\/actualidad\/el-ayuntamiento-de-pamplona-cedera-dos-parcelas-a-la-mancomunidad-de-la-comarca-de-pamplona-para-las-futuras-cocheras-del-transporte-urbano-comarcal\/","og_locale":"es_ES","og_type":"article","og_title":"El Ayuntamiento de Pamplona ceder\u00e1 dos parcelas a la Mancomunidad de la Comarca de Pamplona para las futuras cocheras del Transporte Urbano Comarcal","og_description":"Las parcelas est\u00e1n ubicadas en el Pol\u00edgono de Agustinos y suman 44.340 metros cuadrados\u00a0","og_url":"https:\/\/www.laguiadepamplona.com\/actualidad\/el-ayuntamiento-de-pamplona-cedera-dos-parcelas-a-la-mancomunidad-de-la-comarca-de-pamplona-para-las-futuras-cocheras-del-transporte-urbano-comarcal\/","og_site_name":"La Gu\u00eda de Pamplona","article_publisher":"https:\/\/www.facebook.com\/laguiadepamplonacom-133175176762273\/?ref=hl","article_published_time":"2023-05-25T10:57:36+00:00","og_image":[{"width":1920,"height":1280,"url":"https:\/\/www.laguiadepamplona.com\/actualidad\/wp-content\/uploads\/2023\/05\/23.05.25_MCP_firma_protocolo_cocheras.webp","type":"image\/webp"}],"author":"La Gu\u00eda de Pamplona","twitter_card":"summary_large_image","twitter_creator":"@LaGuiadPamplona","twitter_site":"@LaGuiadPamplona","twitter_misc":{"Escrito por":"La Gu\u00eda de Pamplona","Tiempo de lectura":"2 minutos"},"schema":{"@context":"https:\/\/schema.org","@graph":[{"@type":"Article","@id":"https:\/\/www.laguiadepamplona.com\/actualidad\/el-ayuntamiento-de-pamplona-cedera-dos-parcelas-a-la-mancomunidad-de-la-comarca-de-pamplona-para-las-futuras-cocheras-del-transporte-urbano-comarcal\/#article","isPartOf":{"@id":"https:\/\/www.laguiadepamplona.com\/actualidad\/el-ayuntamiento-de-pamplona-cedera-dos-parcelas-a-la-mancomunidad-de-la-comarca-de-pamplona-para-las-futuras-cocheras-del-transporte-urbano-comarcal\/"},"author":{"name":"La Gu\u00eda de Pamplona","@id":"https:\/\/www.laguiadepamplona.com\/actualidad\/#\/schema\/person\/efe887376f0213d4657c93adc50b1fdb"},"headline":"El Ayuntamiento de Pamplona ceder\u00e1 dos parcelas a la Mancomunidad de la Comarca de Pamplona para las futuras cocheras del Transporte Urbano Comarcal","datePublished":"2023-05-25T10:57:36+00:00","mainEntityOfPage":{"@id":"https:\/\/www.laguiadepamplona.com\/actualidad\/el-ayuntamiento-de-pamplona-cedera-dos-parcelas-a-la-mancomunidad-de-la-comarca-de-pamplona-para-las-futuras-cocheras-del-transporte-urbano-comarcal\/"},"wordCount":469,"commentCount":0,"publisher":{"@id":"https:\/\/www.laguiadepamplona.com\/actualidad\/#organization"},"image":{"@id":"https:\/\/www.laguiadepamplona.com\/actualidad\/el-ayuntamiento-de-pamplona-cedera-dos-parcelas-a-la-mancomunidad-de-la-comarca-de-pamplona-para-las-futuras-cocheras-del-transporte-urbano-comarcal\/#primaryimage"},"thumbnailUrl":"https:\/\/www.laguiadepamplona.com\/actualidad\/wp-content\/uploads\/2023\/05\/23.05.25_MCP_firma_protocolo_cocheras.webp","articleSection":["Ayto Pamplona"],"inLanguage":"es","potentialAction":[{"@type":"CommentAction","name":"Comment","target":["https:\/\/www.laguiadepamplona.com\/actualidad\/el-ayuntamiento-de-pamplona-cedera-dos-parcelas-a-la-mancomunidad-de-la-comarca-de-pamplona-para-las-futuras-cocheras-del-transporte-urbano-comarcal\/#respond"]}]},{"@type":"WebPage","@id":"https:\/\/www.laguiadepamplona.com\/actualidad\/el-ayuntamiento-de-pamplona-cedera-dos-parcelas-a-la-mancomunidad-de-la-comarca-de-pamplona-para-las-futuras-cocheras-del-transporte-urbano-comarcal\/","url":"https:\/\/www.laguiadepamplona.com\/actualidad\/el-ayuntamiento-de-pamplona-cedera-dos-parcelas-a-la-mancomunidad-de-la-comarca-de-pamplona-para-las-futuras-cocheras-del-transporte-urbano-comarcal\/","name":"El Ayuntamiento de Pamplona ceder\u00e1 dos parcelas a la Mancomunidad de la Comarca de Pamplona para las futuras cocheras del Transporte Urbano Comarcal","isPartOf":{"@id":"https:\/\/www.laguiadepamplona.com\/actualidad\/#website"},"primaryImageOfPage":{"@id":"https:\/\/www.laguiadepamplona.com\/actualidad\/el-ayuntamiento-de-pamplona-cedera-dos-parcelas-a-la-mancomunidad-de-la-comarca-de-pamplona-para-las-futuras-cocheras-del-transporte-urbano-comarcal\/#primaryimage"},"image":{"@id":"https:\/\/www.laguiadepamplona.com\/actualidad\/el-ayuntamiento-de-pamplona-cedera-dos-parcelas-a-la-mancomunidad-de-la-comarca-de-pamplona-para-las-futuras-cocheras-del-transporte-urbano-comarcal\/#primaryimage"},"thumbnailUrl":"https:\/\/www.laguiadepamplona.com\/actualidad\/wp-content\/uploads\/2023\/05\/23.05.25_MCP_firma_protocolo_cocheras.webp","datePublished":"2023-05-25T10:57:36+00:00","description":"Las parcelas est\u00e1n ubicadas en el Pol\u00edgono de Agustinos y suman 44.340 metros cuadrados\u00a0","breadcrumb":{"@id":"https:\/\/www.laguiadepamplona.com\/actualidad\/el-ayuntamiento-de-pamplona-cedera-dos-parcelas-a-la-mancomunidad-de-la-comarca-de-pamplona-para-las-futuras-cocheras-del-transporte-urbano-comarcal\/#breadcrumb"},"inLanguage":"es","potentialAction":[{"@type":"ReadAction","target":["https:\/\/www.laguiadepamplona.com\/actualidad\/el-ayuntamiento-de-pamplona-cedera-dos-parcelas-a-la-mancomunidad-de-la-comarca-de-pamplona-para-las-futuras-cocheras-del-transporte-urbano-comarcal\/"]}]},{"@type":"ImageObject","inLanguage":"es","@id":"https:\/\/www.laguiadepamplona.com\/actualidad\/el-ayuntamiento-de-pamplona-cedera-dos-parcelas-a-la-mancomunidad-de-la-comarca-de-pamplona-para-las-futuras-cocheras-del-transporte-urbano-comarcal\/#primaryimage","url":"https:\/\/www.laguiadepamplona.com\/actualidad\/wp-content\/uploads\/2023\/05\/23.05.25_MCP_firma_protocolo_cocheras.webp","contentUrl":"https:\/\/www.laguiadepamplona.com\/actualidad\/wp-content\/uploads\/2023\/05\/23.05.25_MCP_firma_protocolo_cocheras.webp","width":1920,"height":1280},{"@type":"BreadcrumbList","@id":"https:\/\/www.laguiadepamplona.com\/actualidad\/el-ayuntamiento-de-pamplona-cedera-dos-parcelas-a-la-mancomunidad-de-la-comarca-de-pamplona-para-las-futuras-cocheras-del-transporte-urbano-comarcal\/#breadcrumb","itemListElement":[{"@type":"ListItem","position":1,"name":"Portada","item":"https:\/\/www.laguiadepamplona.com\/actualidad\/"},{"@type":"ListItem","position":2,"name":"El Ayuntamiento de Pamplona ceder\u00e1 dos parcelas a la Mancomunidad de la Comarca de Pamplona para las futuras cocheras del Transporte Urbano Comarcal"}]},{"@type":"WebSite","@id":"https:\/\/www.laguiadepamplona.com\/actualidad\/#website","url":"https:\/\/www.laguiadepamplona.com\/actualidad\/","name":"La gu\u00eda de Pamplona","description":"Noticias de Pamplona","publisher":{"@id":"https:\/\/www.laguiadepamplona.com\/actualidad\/#organization"},"potentialAction":[{"@type":"SearchAction","target":{"@type":"EntryPoint","urlTemplate":"https:\/\/www.laguiadepamplona.com\/actualidad\/?s={search_term_string}"},"query-input":{"@type":"PropertyValueSpecification","valueRequired":true,"valueName":"search_term_string"}}],"inLanguage":"es"},{"@type":"Organization","@id":"https:\/\/www.laguiadepamplona.com\/actualidad\/#organization","name":"La Gu\u00eda de Pamplona \/ Noticias","url":"https:\/\/www.laguiadepamplona.com\/actualidad\/","logo":{"@type":"ImageObject","inLanguage":"es","@id":"https:\/\/www.laguiadepamplona.com\/actualidad\/#\/schema\/logo\/image\/","url":"https:\/\/www.laguiadepamplona.com\/actualidad\/wp-content\/uploads\/2018\/11\/logo-laguiadepamplona18-web1.png","contentUrl":"https:\/\/www.laguiadepamplona.com\/actualidad\/wp-content\/uploads\/2018\/11\/logo-laguiadepamplona18-web1.png","width":600,"height":196,"caption":"La Gu\u00eda de Pamplona \/ Noticias"},"image":{"@id":"https:\/\/www.laguiadepamplona.com\/actualidad\/#\/schema\/logo\/image\/"},"sameAs":["https:\/\/www.facebook.com\/laguiadepamplonacom-133175176762273\/?ref=hl","https:\/\/x.com\/LaGuiadPamplona","https:\/\/www.instagram.com\/la_guia_de_pamplona\/","https:\/\/www.youtube.com\/user\/laguiadepamplona"]},{"@type":"Person","@id":"https:\/\/www.laguiadepamplona.com\/actualidad\/#\/schema\/person\/efe887376f0213d4657c93adc50b1fdb","name":"La Gu\u00eda de Pamplona","image":{"@type":"ImageObject","inLanguage":"es","@id":"https:\/\/secure.gravatar.com\/avatar\/b6992f131dc8d30ab0dff15446e9d346d9dbd95992de0fef795073f5ea83a81c?s=96&d=mm&r=g","url":"https:\/\/secure.gravatar.com\/avatar\/b6992f131dc8d30ab0dff15446e9d346d9dbd95992de0fef795073f5ea83a81c?s=96&d=mm&r=g","contentUrl":"https:\/\/secure.gravatar.com\/avatar\/b6992f131dc8d30ab0dff15446e9d346d9dbd95992de0fef795073f5ea83a81c?s=96&d=mm&r=g","caption":"La Gu\u00eda de Pamplona"}}]}},"post_mailing_queue_ids":[],"_links":{"self":[{"href":"https:\/\/www.laguiadepamplona.com\/actualidad\/wp-json\/wp\/v2\/posts\/46815","targetHints":{"allow":["GET"]}}],"collection":[{"href":"https:\/\/www.laguiadepamplona.com\/actualidad\/wp-json\/wp\/v2\/posts"}],"about":[{"href":"https:\/\/www.laguiadepamplona.com\/actualidad\/wp-json\/wp\/v2\/types\/post"}],"author":[{"embeddable":true,"href":"https:\/\/www.laguiadepamplona.com\/actualidad\/wp-json\/wp\/v2\/users\/1"}],"replies":[{"embeddable":true,"href":"https:\/\/www.laguiadepamplona.com\/actualidad\/wp-json\/wp\/v2\/comments?post=46815"}],"version-history":[{"count":1,"href":"https:\/\/www.laguiadepamplona.com\/actualidad\/wp-json\/wp\/v2\/posts\/46815\/revisions"}],"predecessor-version":[{"id":46817,"href":"https:\/\/www.laguiadepamplona.com\/actualidad\/wp-json\/wp\/v2\/posts\/46815\/revisions\/46817"}],"wp:featuredmedia":[{"embeddable":true,"href":"https:\/\/www.laguiadepamplona.com\/actualidad\/wp-json\/wp\/v2\/media\/46816"}],"wp:attachment":[{"href":"https:\/\/www.laguiadepamplona.com\/actualidad\/wp-json\/wp\/v2\/media?parent=46815"}],"wp:term":[{"taxonomy":"category","embeddable":true,"href":"https:\/\/www.laguiadepamplona.com\/actualidad\/wp-json\/wp\/v2\/categories?post=46815"},{"taxonomy":"post_tag","embeddable":true,"href":"https:\/\/www.laguiadepamplona.com\/actualidad\/wp-json\/wp\/v2\/tags?post=46815"}],"curies":[{"name":"wp","href":"https:\/\/api.w.org\/{rel}","templated":true}]}}