{"id":46809,"date":"2023-05-25T12:51:15","date_gmt":"2023-05-25T10:51:15","guid":{"rendered":"https:\/\/www.laguiadepamplona.com\/actualidad\/?p=46809"},"modified":"2023-05-25T12:51:15","modified_gmt":"2023-05-25T10:51:15","slug":"los-tres-centros-educativos-que-participan-en-el-programa-municipal-accion-contra-el-despilfarro-energetico-llevan-a-cabo-sus-propuestas-de-mejora-y-eficiencia-energetica","status":"publish","type":"post","link":"https:\/\/www.laguiadepamplona.com\/actualidad\/los-tres-centros-educativos-que-participan-en-el-programa-municipal-accion-contra-el-despilfarro-energetico-llevan-a-cabo-sus-propuestas-de-mejora-y-eficiencia-energetica\/","title":{"rendered":"Los tres centros educativos que participan en el programa municipal \u2018Acci\u00f3n contra el Despilfarro Energ\u00e9tico\u2019 llevan a cabo sus propuestas de mejora y eficiencia energ\u00e9tica"},"content":{"rendered":"<h3>FEC Vedruna, Nuestra Se\u00f1ora del Huerto y Teresianas han participado en el programa, al que se unir\u00e1n La Compasi\u00f3n Escolapios y Patxi Larrainzar<\/h3>\n<p><!--more--><\/p>\n<p>Los tres centros educativos que toman parte durante este curso escolar en el programa municipal \u2018Acci\u00f3n contra el Despilfarro Energ\u00e9tico\u2019 han llevado a cabo las propuestas de su Plan de Acci\u00f3n. Los colegios FEC Vedruna, Nuestra Se\u00f1ora del Huerto y Teresianas cuentan ya con sensores de luz y nuevas luces LED, tras el trabajo del alumnado de quinto y sexto de Primaria. El pr\u00f3ximo mes de junio, los tres centros pondr\u00e1n en com\u00fan el proceso que han desarrollado para implementar el Plan de Acci\u00f3n para la mejora del ahorro energ\u00e9tico en sus colegios.<\/p>\n<p>El proyecto educativo \u2018Acci\u00f3n contra el Despilfarro Energ\u00e9tico\u2019 utiliza una herramienta de gamificaci\u00f3n, dise\u00f1ada por el Servicio de Educaci\u00f3n Ambiental del Ayuntamiento de Pamplona, que permite descubrir los h\u00e1bitos sobre el uso de la energ\u00eda en el centro escolar a trav\u00e9s de un diagn\u00f3stico energ\u00e9tico. Este diagn\u00f3stico facilita crear un Plan de Acci\u00f3n y el Ayuntamiento aporta unos 1.000 euros para que cada centro invierta en las propuestas que ha creado.<\/p>\n<p>FEC Vedruna ha cambiado las luces fluorescentes por luces LED, con el objetivo de reducir el consumo el\u00e9ctrico. Adem\u00e1s, el alumnado se ha concienciado para cerrar los grifos, apagar las luces al salir de las aulas o utilizar s\u00f3lo las que sean necesarias, y subir y bajar las persianas para aprovechar la luz solar y reducir el consumo el\u00e9ctrico. Estas medidas se encuentran detalladas en su Plan de Acci\u00f3n contra el Despilfarro Energ\u00e9tico.<br \/>\n<script async src=\"\/\/pagead2.googlesyndication.com\/pagead\/js\/adsbygoogle.js\"><\/script><br \/>\n<!-- Noticias La Guia de Pamplona --><br \/>\n<ins class=\"adsbygoogle\"\nstyle=\"display:block\"\ndata-ad-client=\"ca-pub-6943679897239327\"\ndata-ad-slot=\"7048180777\"\ndata-ad-format=\"auto\"><\/ins><br \/>\n<script>\n(adsbygoogle = window.adsbygoogle || []).push({});\n<\/script><\/p>\n<p>Nuestra Se\u00f1ora del Huerto ha instalado sensores de movimiento en dos pasillos de primaria y en los aseos, para evitar olvidos de luces encendidas. Adem\u00e1s, el alumnado mantendr\u00e1 las puertas cerradas para utilizar correctamente la calefacci\u00f3n, crear\u00e1 carteles para todo el colegio haga un uso responsable de la energ\u00eda y promover\u00e1 un d\u00eda sin tecnolog\u00eda. Tambi\u00e9n se ha valorado el transporte sostenible para acceder al centro, crear una patrulla de vigilancia y controlar la ventilaci\u00f3n y el uso de la luz natural.<\/p>\n<p>Teresianas tambi\u00e9n ha instalado sensores de luz en los pasillos del centro, que se combinan con una apuesta por cambios de h\u00e1bitos. Entre las propuestas que han trabajado tambi\u00e9n se incluye la instalaci\u00f3n de cortinas en aulas, para evitar los reflejos, regular la temperatura de los radiadores mediante v\u00e1lvulas termost\u00e1ticas y la instalaci\u00f3n de placas solares. Todas las medidas dedicadas al cambio de h\u00e1bitos se mantendr\u00e1n durante todo el curso.<br \/>\n<script async src=\"\/\/pagead2.googlesyndication.com\/pagead\/js\/adsbygoogle.js\"><\/script><br \/>\n<!-- Noticias La Guia de Pamplona --><br \/>\n<ins class=\"adsbygoogle\"\nstyle=\"display:block\"\ndata-ad-client=\"ca-pub-6943679897239327\"\ndata-ad-slot=\"7048180777\"\ndata-ad-format=\"auto\"><\/ins><br \/>\n<script>\n(adsbygoogle = window.adsbygoogle || []).push({});\n<\/script><\/p>\n<p><strong>Nueva convocatoria para 2023\/2024<\/strong><\/p>\n<p>El curso pr\u00f3ximo, dos centros se incorporan al programa: La Compasi\u00f3n Escolapios y el Colegio P\u00fablico Patxi Larrainzar. Estos dos centros seleccionados se ubican en el barrio de Rochapea, donde se est\u00e1 trabajando para que sea un barrio de energ\u00eda positiva en el marco del proyecto europeo OpenLab. Por ello, el contexto resulta muy adecuado para trabajar el programa con estos centros educativos.<\/p>\n<p>Los centros recibir\u00e1n, para el curso 2023\/2024, recursos pedag\u00f3gicos, asesoramiento y formaci\u00f3n por parte del servicio de educaci\u00f3n ambiental del Ayuntamiento de Pamplona, adem\u00e1s de una peque\u00f1a aportaci\u00f3n econ\u00f3mica con la que acometer algunas de las medidas de ahorro energ\u00e9tico propuestas por el alumnado participante. Los tres centros que han participado este curso tienen opci\u00f3n de continuar por segundo a\u00f1o con una propuesta de acompa\u00f1amiento, en la que el centro dispone de mayor autonom\u00eda.<\/p>\n<p>Esta iniciativa educativa se inscribe dentro del proyecto europeo Stardust, que busca aumentar la eficiencia energ\u00e9tica global y mejorar la calidad de vida de las ciudades participantes. Adem\u00e1s, \u2018Acci\u00f3n contra el despilfarro energ\u00e9tico\u2019 se alinea con el compromiso municipal en la lucha contra el cambio clim\u00e1tico y la adaptaci\u00f3n de la ciudad para afrontar los riesgos clim\u00e1ticos, que se ha materializado con la Estrategia de Transici\u00f3n Energ\u00e9tica y Cambio Clim\u00e1tico 2030, la Agenda Urbana Pamplona 2030, as\u00ed como con la Estrategia Go Green.<br \/>\n<script async src=\"\/\/pagead2.googlesyndication.com\/pagead\/js\/adsbygoogle.js\"><\/script><br \/>\n<!-- Noticias La Guia de Pamplona --><br \/>\n<ins class=\"adsbygoogle\"\nstyle=\"display:block\"\ndata-ad-client=\"ca-pub-6943679897239327\"\ndata-ad-slot=\"7048180777\"\ndata-ad-format=\"auto\"><\/ins><br \/>\n<script>\n(adsbygoogle = window.adsbygoogle || []).push({});\n<\/script><\/p>\n<p>&nbsp;<\/p>\n<h3>Los Datos<\/h3>\n<ul>\n<li>Tres centros participantes en el curso 2022\/2023:\n<ul>\n<li>FEC Vedruna, Nuestra Se\u00f1ora del Huerto y Teresianas<\/li>\n<\/ul>\n<\/li>\n<li>19 de junio, Museo de Educaci\u00f3n Ambiental:\n<ul>\n<li>Puesta en com\u00fan de la experiencia de los tres centros<\/li>\n<\/ul>\n<\/li>\n<li>Dos nuevos centros para el curso 2023\/2024:\n<ul>\n<li>La Compasi\u00f3n Escolapios y el Colegio P\u00fablico Patxi Larrainzar<\/li>\n<\/ul>\n<\/li>\n<\/ul>\n","protected":false},"excerpt":{"rendered":"<p>FEC Vedruna, Nuestra Se\u00f1ora del Huerto y Teresianas han participado en el programa, al que se unir\u00e1n La Compasi\u00f3n Escolapios y Patxi Larrainzar<\/p>\n","protected":false},"author":1,"featured_media":46810,"comment_status":"open","ping_status":"closed","sticky":false,"template":"","format":"standard","meta":{"footnotes":""},"categories":[2],"tags":[],"class_list":["post-46809","post","type-post","status-publish","format-standard","has-post-thumbnail","hentry","category-ayuntamiento-pamplona"],"yoast_head":"<!-- This site is optimized with the Yoast SEO plugin v27.3 - https:\/\/yoast.com\/product\/yoast-seo-wordpress\/ -->\n<title>Los tres centros educativos que participan en el programa municipal \u2018Acci\u00f3n contra el Despilfarro Energ\u00e9tico\u2019 llevan a cabo sus propuestas de mejora y eficiencia energ\u00e9tica<\/title>\n<meta name=\"description\" content=\"FEC Vedruna, Nuestra Se\u00f1ora del Huerto y Teresianas han participado en el programa, al que se unir\u00e1n La Compasi\u00f3n Escolapios y Patxi Larrainzar\" \/>\n<meta name=\"robots\" content=\"index, follow, max-snippet:-1, max-image-preview:large, max-video-preview:-1\" \/>\n<link rel=\"canonical\" href=\"https:\/\/www.laguiadepamplona.com\/actualidad\/los-tres-centros-educativos-que-participan-en-el-programa-municipal-accion-contra-el-despilfarro-energetico-llevan-a-cabo-sus-propuestas-de-mejora-y-eficiencia-energetica\/\" \/>\n<meta property=\"og:locale\" content=\"es_ES\" \/>\n<meta property=\"og:type\" content=\"article\" \/>\n<meta property=\"og:title\" content=\"Los tres centros educativos que participan en el programa municipal \u2018Acci\u00f3n contra el Despilfarro Energ\u00e9tico\u2019 llevan a cabo sus propuestas de mejora y eficiencia energ\u00e9tica\" \/>\n<meta property=\"og:description\" content=\"FEC Vedruna, Nuestra Se\u00f1ora del Huerto y Teresianas han participado en el programa, al que se unir\u00e1n La Compasi\u00f3n Escolapios y Patxi Larrainzar\" \/>\n<meta property=\"og:url\" content=\"https:\/\/www.laguiadepamplona.com\/actualidad\/los-tres-centros-educativos-que-participan-en-el-programa-municipal-accion-contra-el-despilfarro-energetico-llevan-a-cabo-sus-propuestas-de-mejora-y-eficiencia-energetica\/\" \/>\n<meta property=\"og:site_name\" content=\"La Gu\u00eda de Pamplona\" \/>\n<meta property=\"article:publisher\" content=\"https:\/\/www.facebook.com\/laguiadepamplonacom-133175176762273\/?ref=hl\" \/>\n<meta property=\"article:published_time\" content=\"2023-05-25T10:51:15+00:00\" \/>\n<meta property=\"og:image\" content=\"https:\/\/www.laguiadepamplona.com\/actualidad\/wp-content\/uploads\/2023\/05\/accion3.webp\" \/>\n\t<meta property=\"og:image:width\" content=\"1638\" \/>\n\t<meta property=\"og:image:height\" content=\"1006\" \/>\n\t<meta property=\"og:image:type\" content=\"image\/webp\" \/>\n<meta name=\"author\" content=\"La Gu\u00eda de Pamplona\" \/>\n<meta name=\"twitter:card\" content=\"summary_large_image\" \/>\n<meta name=\"twitter:creator\" content=\"@LaGuiadPamplona\" \/>\n<meta name=\"twitter:site\" content=\"@LaGuiadPamplona\" \/>\n<meta name=\"twitter:label1\" content=\"Escrito por\" \/>\n\t<meta name=\"twitter:data1\" content=\"La Gu\u00eda de Pamplona\" \/>\n\t<meta name=\"twitter:label2\" content=\"Tiempo de lectura\" \/>\n\t<meta name=\"twitter:data2\" content=\"4 minutos\" \/>\n<script type=\"application\/ld+json\" class=\"yoast-schema-graph\">{\"@context\":\"https:\\\/\\\/schema.org\",\"@graph\":[{\"@type\":\"Article\",\"@id\":\"https:\\\/\\\/www.laguiadepamplona.com\\\/actualidad\\\/los-tres-centros-educativos-que-participan-en-el-programa-municipal-accion-contra-el-despilfarro-energetico-llevan-a-cabo-sus-propuestas-de-mejora-y-eficiencia-energetica\\\/#article\",\"isPartOf\":{\"@id\":\"https:\\\/\\\/www.laguiadepamplona.com\\\/actualidad\\\/los-tres-centros-educativos-que-participan-en-el-programa-municipal-accion-contra-el-despilfarro-energetico-llevan-a-cabo-sus-propuestas-de-mejora-y-eficiencia-energetica\\\/\"},\"author\":{\"name\":\"La Gu\u00eda de Pamplona\",\"@id\":\"https:\\\/\\\/www.laguiadepamplona.com\\\/actualidad\\\/#\\\/schema\\\/person\\\/efe887376f0213d4657c93adc50b1fdb\"},\"headline\":\"Los tres centros educativos que participan en el programa municipal \u2018Acci\u00f3n contra el Despilfarro Energ\u00e9tico\u2019 llevan a cabo sus propuestas de mejora y eficiencia energ\u00e9tica\",\"datePublished\":\"2023-05-25T10:51:15+00:00\",\"mainEntityOfPage\":{\"@id\":\"https:\\\/\\\/www.laguiadepamplona.com\\\/actualidad\\\/los-tres-centros-educativos-que-participan-en-el-programa-municipal-accion-contra-el-despilfarro-energetico-llevan-a-cabo-sus-propuestas-de-mejora-y-eficiencia-energetica\\\/\"},\"wordCount\":786,\"commentCount\":0,\"publisher\":{\"@id\":\"https:\\\/\\\/www.laguiadepamplona.com\\\/actualidad\\\/#organization\"},\"image\":{\"@id\":\"https:\\\/\\\/www.laguiadepamplona.com\\\/actualidad\\\/los-tres-centros-educativos-que-participan-en-el-programa-municipal-accion-contra-el-despilfarro-energetico-llevan-a-cabo-sus-propuestas-de-mejora-y-eficiencia-energetica\\\/#primaryimage\"},\"thumbnailUrl\":\"https:\\\/\\\/www.laguiadepamplona.com\\\/actualidad\\\/wp-content\\\/uploads\\\/2023\\\/05\\\/accion3.webp\",\"articleSection\":[\"Ayto Pamplona\"],\"inLanguage\":\"es\",\"potentialAction\":[{\"@type\":\"CommentAction\",\"name\":\"Comment\",\"target\":[\"https:\\\/\\\/www.laguiadepamplona.com\\\/actualidad\\\/los-tres-centros-educativos-que-participan-en-el-programa-municipal-accion-contra-el-despilfarro-energetico-llevan-a-cabo-sus-propuestas-de-mejora-y-eficiencia-energetica\\\/#respond\"]}]},{\"@type\":\"WebPage\",\"@id\":\"https:\\\/\\\/www.laguiadepamplona.com\\\/actualidad\\\/los-tres-centros-educativos-que-participan-en-el-programa-municipal-accion-contra-el-despilfarro-energetico-llevan-a-cabo-sus-propuestas-de-mejora-y-eficiencia-energetica\\\/\",\"url\":\"https:\\\/\\\/www.laguiadepamplona.com\\\/actualidad\\\/los-tres-centros-educativos-que-participan-en-el-programa-municipal-accion-contra-el-despilfarro-energetico-llevan-a-cabo-sus-propuestas-de-mejora-y-eficiencia-energetica\\\/\",\"name\":\"Los tres centros educativos que participan en el programa municipal \u2018Acci\u00f3n contra el Despilfarro Energ\u00e9tico\u2019 llevan a cabo sus propuestas de mejora y eficiencia energ\u00e9tica\",\"isPartOf\":{\"@id\":\"https:\\\/\\\/www.laguiadepamplona.com\\\/actualidad\\\/#website\"},\"primaryImageOfPage\":{\"@id\":\"https:\\\/\\\/www.laguiadepamplona.com\\\/actualidad\\\/los-tres-centros-educativos-que-participan-en-el-programa-municipal-accion-contra-el-despilfarro-energetico-llevan-a-cabo-sus-propuestas-de-mejora-y-eficiencia-energetica\\\/#primaryimage\"},\"image\":{\"@id\":\"https:\\\/\\\/www.laguiadepamplona.com\\\/actualidad\\\/los-tres-centros-educativos-que-participan-en-el-programa-municipal-accion-contra-el-despilfarro-energetico-llevan-a-cabo-sus-propuestas-de-mejora-y-eficiencia-energetica\\\/#primaryimage\"},\"thumbnailUrl\":\"https:\\\/\\\/www.laguiadepamplona.com\\\/actualidad\\\/wp-content\\\/uploads\\\/2023\\\/05\\\/accion3.webp\",\"datePublished\":\"2023-05-25T10:51:15+00:00\",\"description\":\"FEC Vedruna, Nuestra Se\u00f1ora del Huerto y Teresianas han participado en el programa, al que se unir\u00e1n La Compasi\u00f3n Escolapios y Patxi Larrainzar\",\"breadcrumb\":{\"@id\":\"https:\\\/\\\/www.laguiadepamplona.com\\\/actualidad\\\/los-tres-centros-educativos-que-participan-en-el-programa-municipal-accion-contra-el-despilfarro-energetico-llevan-a-cabo-sus-propuestas-de-mejora-y-eficiencia-energetica\\\/#breadcrumb\"},\"inLanguage\":\"es\",\"potentialAction\":[{\"@type\":\"ReadAction\",\"target\":[\"https:\\\/\\\/www.laguiadepamplona.com\\\/actualidad\\\/los-tres-centros-educativos-que-participan-en-el-programa-municipal-accion-contra-el-despilfarro-energetico-llevan-a-cabo-sus-propuestas-de-mejora-y-eficiencia-energetica\\\/\"]}]},{\"@type\":\"ImageObject\",\"inLanguage\":\"es\",\"@id\":\"https:\\\/\\\/www.laguiadepamplona.com\\\/actualidad\\\/los-tres-centros-educativos-que-participan-en-el-programa-municipal-accion-contra-el-despilfarro-energetico-llevan-a-cabo-sus-propuestas-de-mejora-y-eficiencia-energetica\\\/#primaryimage\",\"url\":\"https:\\\/\\\/www.laguiadepamplona.com\\\/actualidad\\\/wp-content\\\/uploads\\\/2023\\\/05\\\/accion3.webp\",\"contentUrl\":\"https:\\\/\\\/www.laguiadepamplona.com\\\/actualidad\\\/wp-content\\\/uploads\\\/2023\\\/05\\\/accion3.webp\",\"width\":1638,\"height\":1006},{\"@type\":\"BreadcrumbList\",\"@id\":\"https:\\\/\\\/www.laguiadepamplona.com\\\/actualidad\\\/los-tres-centros-educativos-que-participan-en-el-programa-municipal-accion-contra-el-despilfarro-energetico-llevan-a-cabo-sus-propuestas-de-mejora-y-eficiencia-energetica\\\/#breadcrumb\",\"itemListElement\":[{\"@type\":\"ListItem\",\"position\":1,\"name\":\"Portada\",\"item\":\"https:\\\/\\\/www.laguiadepamplona.com\\\/actualidad\\\/\"},{\"@type\":\"ListItem\",\"position\":2,\"name\":\"Los tres centros educativos que participan en el programa municipal \u2018Acci\u00f3n contra el Despilfarro Energ\u00e9tico\u2019 llevan a cabo sus propuestas de mejora y eficiencia energ\u00e9tica\"}]},{\"@type\":\"WebSite\",\"@id\":\"https:\\\/\\\/www.laguiadepamplona.com\\\/actualidad\\\/#website\",\"url\":\"https:\\\/\\\/www.laguiadepamplona.com\\\/actualidad\\\/\",\"name\":\"La gu\u00eda de Pamplona\",\"description\":\"Noticias de Pamplona\",\"publisher\":{\"@id\":\"https:\\\/\\\/www.laguiadepamplona.com\\\/actualidad\\\/#organization\"},\"potentialAction\":[{\"@type\":\"SearchAction\",\"target\":{\"@type\":\"EntryPoint\",\"urlTemplate\":\"https:\\\/\\\/www.laguiadepamplona.com\\\/actualidad\\\/?s={search_term_string}\"},\"query-input\":{\"@type\":\"PropertyValueSpecification\",\"valueRequired\":true,\"valueName\":\"search_term_string\"}}],\"inLanguage\":\"es\"},{\"@type\":\"Organization\",\"@id\":\"https:\\\/\\\/www.laguiadepamplona.com\\\/actualidad\\\/#organization\",\"name\":\"La Gu\u00eda de Pamplona \\\/ Noticias\",\"url\":\"https:\\\/\\\/www.laguiadepamplona.com\\\/actualidad\\\/\",\"logo\":{\"@type\":\"ImageObject\",\"inLanguage\":\"es\",\"@id\":\"https:\\\/\\\/www.laguiadepamplona.com\\\/actualidad\\\/#\\\/schema\\\/logo\\\/image\\\/\",\"url\":\"https:\\\/\\\/www.laguiadepamplona.com\\\/actualidad\\\/wp-content\\\/uploads\\\/2018\\\/11\\\/logo-laguiadepamplona18-web1.png\",\"contentUrl\":\"https:\\\/\\\/www.laguiadepamplona.com\\\/actualidad\\\/wp-content\\\/uploads\\\/2018\\\/11\\\/logo-laguiadepamplona18-web1.png\",\"width\":600,\"height\":196,\"caption\":\"La Gu\u00eda de Pamplona \\\/ Noticias\"},\"image\":{\"@id\":\"https:\\\/\\\/www.laguiadepamplona.com\\\/actualidad\\\/#\\\/schema\\\/logo\\\/image\\\/\"},\"sameAs\":[\"https:\\\/\\\/www.facebook.com\\\/laguiadepamplonacom-133175176762273\\\/?ref=hl\",\"https:\\\/\\\/x.com\\\/LaGuiadPamplona\",\"https:\\\/\\\/www.instagram.com\\\/la_guia_de_pamplona\\\/\",\"https:\\\/\\\/www.youtube.com\\\/user\\\/laguiadepamplona\"]},{\"@type\":\"Person\",\"@id\":\"https:\\\/\\\/www.laguiadepamplona.com\\\/actualidad\\\/#\\\/schema\\\/person\\\/efe887376f0213d4657c93adc50b1fdb\",\"name\":\"La Gu\u00eda de Pamplona\",\"image\":{\"@type\":\"ImageObject\",\"inLanguage\":\"es\",\"@id\":\"https:\\\/\\\/secure.gravatar.com\\\/avatar\\\/b6992f131dc8d30ab0dff15446e9d346d9dbd95992de0fef795073f5ea83a81c?s=96&d=mm&r=g\",\"url\":\"https:\\\/\\\/secure.gravatar.com\\\/avatar\\\/b6992f131dc8d30ab0dff15446e9d346d9dbd95992de0fef795073f5ea83a81c?s=96&d=mm&r=g\",\"contentUrl\":\"https:\\\/\\\/secure.gravatar.com\\\/avatar\\\/b6992f131dc8d30ab0dff15446e9d346d9dbd95992de0fef795073f5ea83a81c?s=96&d=mm&r=g\",\"caption\":\"La Gu\u00eda de Pamplona\"}}]}<\/script>\n<!-- \/ Yoast SEO plugin. -->","yoast_head_json":{"title":"Los tres centros educativos que participan en el programa municipal \u2018Acci\u00f3n contra el Despilfarro Energ\u00e9tico\u2019 llevan a cabo sus propuestas de mejora y eficiencia energ\u00e9tica","description":"FEC Vedruna, Nuestra Se\u00f1ora del Huerto y Teresianas han participado en el programa, al que se unir\u00e1n La Compasi\u00f3n Escolapios y Patxi Larrainzar","robots":{"index":"index","follow":"follow","max-snippet":"max-snippet:-1","max-image-preview":"max-image-preview:large","max-video-preview":"max-video-preview:-1"},"canonical":"https:\/\/www.laguiadepamplona.com\/actualidad\/los-tres-centros-educativos-que-participan-en-el-programa-municipal-accion-contra-el-despilfarro-energetico-llevan-a-cabo-sus-propuestas-de-mejora-y-eficiencia-energetica\/","og_locale":"es_ES","og_type":"article","og_title":"Los tres centros educativos que participan en el programa municipal \u2018Acci\u00f3n contra el Despilfarro Energ\u00e9tico\u2019 llevan a cabo sus propuestas de mejora y eficiencia energ\u00e9tica","og_description":"FEC Vedruna, Nuestra Se\u00f1ora del Huerto y Teresianas han participado en el programa, al que se unir\u00e1n La Compasi\u00f3n Escolapios y Patxi Larrainzar","og_url":"https:\/\/www.laguiadepamplona.com\/actualidad\/los-tres-centros-educativos-que-participan-en-el-programa-municipal-accion-contra-el-despilfarro-energetico-llevan-a-cabo-sus-propuestas-de-mejora-y-eficiencia-energetica\/","og_site_name":"La Gu\u00eda de Pamplona","article_publisher":"https:\/\/www.facebook.com\/laguiadepamplonacom-133175176762273\/?ref=hl","article_published_time":"2023-05-25T10:51:15+00:00","og_image":[{"width":1638,"height":1006,"url":"https:\/\/www.laguiadepamplona.com\/actualidad\/wp-content\/uploads\/2023\/05\/accion3.webp","type":"image\/webp"}],"author":"La Gu\u00eda de Pamplona","twitter_card":"summary_large_image","twitter_creator":"@LaGuiadPamplona","twitter_site":"@LaGuiadPamplona","twitter_misc":{"Escrito por":"La Gu\u00eda de Pamplona","Tiempo de lectura":"4 minutos"},"schema":{"@context":"https:\/\/schema.org","@graph":[{"@type":"Article","@id":"https:\/\/www.laguiadepamplona.com\/actualidad\/los-tres-centros-educativos-que-participan-en-el-programa-municipal-accion-contra-el-despilfarro-energetico-llevan-a-cabo-sus-propuestas-de-mejora-y-eficiencia-energetica\/#article","isPartOf":{"@id":"https:\/\/www.laguiadepamplona.com\/actualidad\/los-tres-centros-educativos-que-participan-en-el-programa-municipal-accion-contra-el-despilfarro-energetico-llevan-a-cabo-sus-propuestas-de-mejora-y-eficiencia-energetica\/"},"author":{"name":"La Gu\u00eda de Pamplona","@id":"https:\/\/www.laguiadepamplona.com\/actualidad\/#\/schema\/person\/efe887376f0213d4657c93adc50b1fdb"},"headline":"Los tres centros educativos que participan en el programa municipal \u2018Acci\u00f3n contra el Despilfarro Energ\u00e9tico\u2019 llevan a cabo sus propuestas de mejora y eficiencia energ\u00e9tica","datePublished":"2023-05-25T10:51:15+00:00","mainEntityOfPage":{"@id":"https:\/\/www.laguiadepamplona.com\/actualidad\/los-tres-centros-educativos-que-participan-en-el-programa-municipal-accion-contra-el-despilfarro-energetico-llevan-a-cabo-sus-propuestas-de-mejora-y-eficiencia-energetica\/"},"wordCount":786,"commentCount":0,"publisher":{"@id":"https:\/\/www.laguiadepamplona.com\/actualidad\/#organization"},"image":{"@id":"https:\/\/www.laguiadepamplona.com\/actualidad\/los-tres-centros-educativos-que-participan-en-el-programa-municipal-accion-contra-el-despilfarro-energetico-llevan-a-cabo-sus-propuestas-de-mejora-y-eficiencia-energetica\/#primaryimage"},"thumbnailUrl":"https:\/\/www.laguiadepamplona.com\/actualidad\/wp-content\/uploads\/2023\/05\/accion3.webp","articleSection":["Ayto Pamplona"],"inLanguage":"es","potentialAction":[{"@type":"CommentAction","name":"Comment","target":["https:\/\/www.laguiadepamplona.com\/actualidad\/los-tres-centros-educativos-que-participan-en-el-programa-municipal-accion-contra-el-despilfarro-energetico-llevan-a-cabo-sus-propuestas-de-mejora-y-eficiencia-energetica\/#respond"]}]},{"@type":"WebPage","@id":"https:\/\/www.laguiadepamplona.com\/actualidad\/los-tres-centros-educativos-que-participan-en-el-programa-municipal-accion-contra-el-despilfarro-energetico-llevan-a-cabo-sus-propuestas-de-mejora-y-eficiencia-energetica\/","url":"https:\/\/www.laguiadepamplona.com\/actualidad\/los-tres-centros-educativos-que-participan-en-el-programa-municipal-accion-contra-el-despilfarro-energetico-llevan-a-cabo-sus-propuestas-de-mejora-y-eficiencia-energetica\/","name":"Los tres centros educativos que participan en el programa municipal \u2018Acci\u00f3n contra el Despilfarro Energ\u00e9tico\u2019 llevan a cabo sus propuestas de mejora y eficiencia energ\u00e9tica","isPartOf":{"@id":"https:\/\/www.laguiadepamplona.com\/actualidad\/#website"},"primaryImageOfPage":{"@id":"https:\/\/www.laguiadepamplona.com\/actualidad\/los-tres-centros-educativos-que-participan-en-el-programa-municipal-accion-contra-el-despilfarro-energetico-llevan-a-cabo-sus-propuestas-de-mejora-y-eficiencia-energetica\/#primaryimage"},"image":{"@id":"https:\/\/www.laguiadepamplona.com\/actualidad\/los-tres-centros-educativos-que-participan-en-el-programa-municipal-accion-contra-el-despilfarro-energetico-llevan-a-cabo-sus-propuestas-de-mejora-y-eficiencia-energetica\/#primaryimage"},"thumbnailUrl":"https:\/\/www.laguiadepamplona.com\/actualidad\/wp-content\/uploads\/2023\/05\/accion3.webp","datePublished":"2023-05-25T10:51:15+00:00","description":"FEC Vedruna, Nuestra Se\u00f1ora del Huerto y Teresianas han participado en el programa, al que se unir\u00e1n La Compasi\u00f3n Escolapios y Patxi Larrainzar","breadcrumb":{"@id":"https:\/\/www.laguiadepamplona.com\/actualidad\/los-tres-centros-educativos-que-participan-en-el-programa-municipal-accion-contra-el-despilfarro-energetico-llevan-a-cabo-sus-propuestas-de-mejora-y-eficiencia-energetica\/#breadcrumb"},"inLanguage":"es","potentialAction":[{"@type":"ReadAction","target":["https:\/\/www.laguiadepamplona.com\/actualidad\/los-tres-centros-educativos-que-participan-en-el-programa-municipal-accion-contra-el-despilfarro-energetico-llevan-a-cabo-sus-propuestas-de-mejora-y-eficiencia-energetica\/"]}]},{"@type":"ImageObject","inLanguage":"es","@id":"https:\/\/www.laguiadepamplona.com\/actualidad\/los-tres-centros-educativos-que-participan-en-el-programa-municipal-accion-contra-el-despilfarro-energetico-llevan-a-cabo-sus-propuestas-de-mejora-y-eficiencia-energetica\/#primaryimage","url":"https:\/\/www.laguiadepamplona.com\/actualidad\/wp-content\/uploads\/2023\/05\/accion3.webp","contentUrl":"https:\/\/www.laguiadepamplona.com\/actualidad\/wp-content\/uploads\/2023\/05\/accion3.webp","width":1638,"height":1006},{"@type":"BreadcrumbList","@id":"https:\/\/www.laguiadepamplona.com\/actualidad\/los-tres-centros-educativos-que-participan-en-el-programa-municipal-accion-contra-el-despilfarro-energetico-llevan-a-cabo-sus-propuestas-de-mejora-y-eficiencia-energetica\/#breadcrumb","itemListElement":[{"@type":"ListItem","position":1,"name":"Portada","item":"https:\/\/www.laguiadepamplona.com\/actualidad\/"},{"@type":"ListItem","position":2,"name":"Los tres centros educativos que participan en el programa municipal \u2018Acci\u00f3n contra el Despilfarro Energ\u00e9tico\u2019 llevan a cabo sus propuestas de mejora y eficiencia energ\u00e9tica"}]},{"@type":"WebSite","@id":"https:\/\/www.laguiadepamplona.com\/actualidad\/#website","url":"https:\/\/www.laguiadepamplona.com\/actualidad\/","name":"La gu\u00eda de Pamplona","description":"Noticias de Pamplona","publisher":{"@id":"https:\/\/www.laguiadepamplona.com\/actualidad\/#organization"},"potentialAction":[{"@type":"SearchAction","target":{"@type":"EntryPoint","urlTemplate":"https:\/\/www.laguiadepamplona.com\/actualidad\/?s={search_term_string}"},"query-input":{"@type":"PropertyValueSpecification","valueRequired":true,"valueName":"search_term_string"}}],"inLanguage":"es"},{"@type":"Organization","@id":"https:\/\/www.laguiadepamplona.com\/actualidad\/#organization","name":"La Gu\u00eda de Pamplona \/ Noticias","url":"https:\/\/www.laguiadepamplona.com\/actualidad\/","logo":{"@type":"ImageObject","inLanguage":"es","@id":"https:\/\/www.laguiadepamplona.com\/actualidad\/#\/schema\/logo\/image\/","url":"https:\/\/www.laguiadepamplona.com\/actualidad\/wp-content\/uploads\/2018\/11\/logo-laguiadepamplona18-web1.png","contentUrl":"https:\/\/www.laguiadepamplona.com\/actualidad\/wp-content\/uploads\/2018\/11\/logo-laguiadepamplona18-web1.png","width":600,"height":196,"caption":"La Gu\u00eda de Pamplona \/ Noticias"},"image":{"@id":"https:\/\/www.laguiadepamplona.com\/actualidad\/#\/schema\/logo\/image\/"},"sameAs":["https:\/\/www.facebook.com\/laguiadepamplonacom-133175176762273\/?ref=hl","https:\/\/x.com\/LaGuiadPamplona","https:\/\/www.instagram.com\/la_guia_de_pamplona\/","https:\/\/www.youtube.com\/user\/laguiadepamplona"]},{"@type":"Person","@id":"https:\/\/www.laguiadepamplona.com\/actualidad\/#\/schema\/person\/efe887376f0213d4657c93adc50b1fdb","name":"La Gu\u00eda de Pamplona","image":{"@type":"ImageObject","inLanguage":"es","@id":"https:\/\/secure.gravatar.com\/avatar\/b6992f131dc8d30ab0dff15446e9d346d9dbd95992de0fef795073f5ea83a81c?s=96&d=mm&r=g","url":"https:\/\/secure.gravatar.com\/avatar\/b6992f131dc8d30ab0dff15446e9d346d9dbd95992de0fef795073f5ea83a81c?s=96&d=mm&r=g","contentUrl":"https:\/\/secure.gravatar.com\/avatar\/b6992f131dc8d30ab0dff15446e9d346d9dbd95992de0fef795073f5ea83a81c?s=96&d=mm&r=g","caption":"La Gu\u00eda de Pamplona"}}]}},"post_mailing_queue_ids":[],"_links":{"self":[{"href":"https:\/\/www.laguiadepamplona.com\/actualidad\/wp-json\/wp\/v2\/posts\/46809","targetHints":{"allow":["GET"]}}],"collection":[{"href":"https:\/\/www.laguiadepamplona.com\/actualidad\/wp-json\/wp\/v2\/posts"}],"about":[{"href":"https:\/\/www.laguiadepamplona.com\/actualidad\/wp-json\/wp\/v2\/types\/post"}],"author":[{"embeddable":true,"href":"https:\/\/www.laguiadepamplona.com\/actualidad\/wp-json\/wp\/v2\/users\/1"}],"replies":[{"embeddable":true,"href":"https:\/\/www.laguiadepamplona.com\/actualidad\/wp-json\/wp\/v2\/comments?post=46809"}],"version-history":[{"count":1,"href":"https:\/\/www.laguiadepamplona.com\/actualidad\/wp-json\/wp\/v2\/posts\/46809\/revisions"}],"predecessor-version":[{"id":46811,"href":"https:\/\/www.laguiadepamplona.com\/actualidad\/wp-json\/wp\/v2\/posts\/46809\/revisions\/46811"}],"wp:featuredmedia":[{"embeddable":true,"href":"https:\/\/www.laguiadepamplona.com\/actualidad\/wp-json\/wp\/v2\/media\/46810"}],"wp:attachment":[{"href":"https:\/\/www.laguiadepamplona.com\/actualidad\/wp-json\/wp\/v2\/media?parent=46809"}],"wp:term":[{"taxonomy":"category","embeddable":true,"href":"https:\/\/www.laguiadepamplona.com\/actualidad\/wp-json\/wp\/v2\/categories?post=46809"},{"taxonomy":"post_tag","embeddable":true,"href":"https:\/\/www.laguiadepamplona.com\/actualidad\/wp-json\/wp\/v2\/tags?post=46809"}],"curies":[{"name":"wp","href":"https:\/\/api.w.org\/{rel}","templated":true}]}}