{"id":46803,"date":"2023-05-24T13:23:30","date_gmt":"2023-05-24T11:23:30","guid":{"rendered":"https:\/\/www.laguiadepamplona.com\/actualidad\/?p=46803"},"modified":"2023-05-24T13:23:30","modified_gmt":"2023-05-24T11:23:30","slug":"coworkids-oferta-ocho-campamentos-de-verano-para-ninos-ninas-y-adolescentes-de-3-a-17-anos","status":"publish","type":"post","link":"https:\/\/www.laguiadepamplona.com\/actualidad\/coworkids-oferta-ocho-campamentos-de-verano-para-ninos-ninas-y-adolescentes-de-3-a-17-anos\/","title":{"rendered":"COworkids oferta ocho campamentos de verano para ni\u00f1os, ni\u00f1as y adolescentes de 3 a 17 a\u00f1os"},"content":{"rendered":"<h3>Las inscripciones podr\u00e1n realizarse del 1 al 9 de junio a trav\u00e9s del tel\u00e9fono de atenci\u00f3n ciudadana 010 y las plazas se asignar\u00e1n por orden de llamada<\/h3>\n<p><!--more--><\/p>\n<p>El Ayuntamiento de Pamplona, a trav\u00e9s del programa <a href=\"https:\/\/www.coworkidspamplona.es\/\" target=\"_blank\" rel=\"noopener\">COworkids<\/a>, ha organizado para los meses de verano una amplia <a href=\"https:\/\/www.coworkidspamplona.es\/campamento-colores\/\" target=\"_blank\" rel=\"noopener\">oferta de campamentos<\/a> dirigidos a ni\u00f1os, ni\u00f1as y adolescentes desde los 3 hasta los 17 a\u00f1os. La propuesta incluye campamentos gratuitos y de pago, que podr\u00e1n solicitarse desde el 1 hasta el 9 de junio, a trav\u00e9s del tel\u00e9fono de atenci\u00f3n ciudadana 010 (948 420 100 desde fuera de Pamplona o m\u00f3viles). Las plazas se adjudicar\u00e1n por orden de llamada, hasta completar aforo.<\/p>\n<p>Bajo el lema \u2018Para gustos, los colores\u2019, el Consistorio plantea ocho campamentos, en funci\u00f3n de la oferta l\u00fadica. As\u00ed, ha dise\u00f1ado campamentos urbanos, de multideporte, tres campamentos de piscina, un ecocamp para adolescentes y dos campamentos itinerantes, con propuestas que se extender\u00e1n desde el 26 de junio hasta el 18 de agosto.<br \/>\n<script async src=\"\/\/pagead2.googlesyndication.com\/pagead\/js\/adsbygoogle.js\"><\/script><br \/>\n<!-- Noticias La Guia de Pamplona --><br \/>\n<ins class=\"adsbygoogle\"\nstyle=\"display:block\"\ndata-ad-client=\"ca-pub-6943679897239327\"\ndata-ad-slot=\"7048180777\"\ndata-ad-format=\"auto\"><\/ins><br \/>\n<script>\n(adsbygoogle = window.adsbygoogle || []).push({});\n<\/script><\/p>\n<p>Entre las actividades gratuitas se encuentran los campamentos multideporte, los de piscinas y el ecocamp adolescentes. Los primeros en arrancar ser\u00e1n los campamentos multideporte, programados desde el 26 al 30 de junio. Dirigidos a menores de entre 8 y 12 a\u00f1os, se celebrar\u00e1n en el Complejo Deportivo Aranzadi, de 10 a 13 horas. Durante ese tiempo, los ni\u00f1os y ni\u00f1as podr\u00e1n practicar deportes como el p\u00e1del, el baloncesto, la pelota y el ajedrez, adem\u00e1s de nataci\u00f3n, gracias a la colaboraci\u00f3n con diversas federaciones deportivas de Navarra, y realizar\u00e1n multijuegos de estos deportes. El objetivo es que los asistentes pasen un tiempo de ocio, promoviendo la actividad f\u00edsica desde el entretenimiento.<\/p>\n<p>El resto de la oferta de verano de COworkids se retomar\u00e1 despu\u00e9s de Sanfermines. Entre la oferta gratuita destacan los campamentos de piscina, para los que se han programado tres opciones diferentes. Por un lado, se ofertan campamentos en julio, del 17 al 28, para ni\u00f1os y ni\u00f1as de 8 a 12 a\u00f1os. A esa misma edad se dirigen los campamentos de piscina de agosto, que se celebrar\u00e1n del 7 al 18 de agosto. En ambos casos, se trata de actividades semanales, que combinan juegos y diversi\u00f3n fuera y dentro de la piscina, pero pueden inscribirse para una o dos semanas. En julio el campamento tendr\u00e1 lugar en la Ciudad Deportiva Aranzadi y en agosto, en Aquavox San Jorge. A estas dos modalidades se suma una tercera: un campamento de piscina para adolescentes, de 13 a 17 a\u00f1os. En este caso, tendr\u00e1 lugar del 31 de julio al 4 de agosto, en el Complejo Deportivo Aranzadi.<\/p>\n<p>Tambi\u00e9n es gratuito el ecocamp para adolescentes, que se ha programado para la semana del 7 al 11 de agosto. A diferencia de la anterior oferta l\u00fadica, \u00e9sta se realizar\u00e1 en horario de tarde, de lunes a viernes, de 17 a 20 horas. En \u00e9l, chicos y chicas de 13 a 17 a\u00f1os podr\u00e1n realizar diversas actividades deportivas, culturales y de entretenimiento en torno al cuidado del medioambiente, como pirag\u00fcismo, scape room, yincanas, magia y m\u00fasica, en un entorno natural dentro de la ciudad, como es el Fort\u00edn de San Bartolom\u00e9.<br \/>\n<script async src=\"\/\/pagead2.googlesyndication.com\/pagead\/js\/adsbygoogle.js\"><\/script><br \/>\n<!-- Noticias La Guia de Pamplona --><br \/>\n<ins class=\"adsbygoogle\"\nstyle=\"display:block\"\ndata-ad-client=\"ca-pub-6943679897239327\"\ndata-ad-slot=\"7048180777\"\ndata-ad-format=\"auto\"><\/ins><br \/>\n<script>\n(adsbygoogle = window.adsbygoogle || []).push({});\n<\/script><\/p>\n<p><strong>Campamentos urbanos y campamentos itinerantes<\/strong><\/p>\n<p>COworkids ofrece este a\u00f1o un total de 600 plazas para los campamentos urbanos dirigidos a ni\u00f1os y ni\u00f1as de 3 a 12 a\u00f1os. El Consistorio ha previsto campamentos semanales, desde el 17 de julio hasta el 18 de agosto, organizados por franjas de edad. Se impartir\u00e1n en dos ubicaciones distintas. Habr\u00e1 campamentos en el Colegio P\u00fablico Iturrama (calle de Arista I\u00f1igo, 13) y en el Colegio P\u00fablico Cardenal Ilund\u00e1in (avenida de Marcelo Celayeta, 117). En ambos casos, se ofrecen 60 plazas semanales.<\/p>\n<p>Los campamentos se desarrollar\u00e1n de lunes a viernes, de 8 a 15.30 horas. En ese horario se realizar\u00e1n juegos, manualidades, deporte y talleres en torno a los Objetivos de Desarrollo Sostenible (ODS). El coste de cada plaza es de 55 euros por semana para aquellos ni\u00f1os y ni\u00f1as que no se queden al comedor y 85 euros si necesitan servicio de comida. Asimismo, se contemplan descuentos para familias, que ser\u00e1n del 20% si se inscriben dos hijos o hijas, y del 30% si son tres o m\u00e1s.<br \/>\n<script async src=\"\/\/pagead2.googlesyndication.com\/pagead\/js\/adsbygoogle.js\"><\/script><br \/>\n<!-- Noticias La Guia de Pamplona --><br \/>\n<ins class=\"adsbygoogle\"\nstyle=\"display:block\"\ndata-ad-client=\"ca-pub-6943679897239327\"\ndata-ad-slot=\"7048180777\"\ndata-ad-format=\"auto\"><\/ins><br \/>\n<script>\n(adsbygoogle = window.adsbygoogle || []).push({});\n<\/script><\/p>\n<p>Para ni\u00f1os y ni\u00f1as de m\u00e1s edad, la oferta de verano se completa con un programa de campamentos itinerantes o escapadas, con excursiones a la playa y a un lugar emblem\u00e1tico de Navarra como la V\u00eda Verde del Plazaola. Las Escapadas COworkids se celebran en dos fechas diferentes, y para rangos de edad distintos: del 9 al 11 de agosto est\u00e1n dirigidas para menores de 9 a 12 a\u00f1os. Y del 16 al 19 de agosto, se dirigen a adolescentes de 13 a 17 a\u00f1os. Cada campamento tiene tres salidas: San Sebasti\u00e1n, Fuenterrab\u00eda, y la V\u00eda Verde del Plazaola con visita a las Cuevas de Mendukilo. El horario en todos los casos es de 8 a 16 horas, y el precio es de 8\u20ac para los tres d\u00edas, con la comida incluida.<\/p>\n<p>La informaci\u00f3n completa de la oferta de campamentos puede consultarse en la web municipal <a href=\"www.coworkidspamplona.es\" target=\"_blank\" rel=\"noopener\">www.coworkidspamplona.es<\/a>.<\/p>\n<p>Con esta programaci\u00f3n estival, COworkids cierra el primer semestre de 2023 con un total de 1.343 ni\u00f1os y ni\u00f1as de 3 a 17 a\u00f1os atendidos de manera estable desde enero, y con 4.067 inscripciones a actividades desde enero. De media, cada ni\u00f1o o ni\u00f1a inscrito participa en 3 actividades de COworkids.<br \/>\n<script async src=\"\/\/pagead2.googlesyndication.com\/pagead\/js\/adsbygoogle.js\"><\/script><br \/>\n<!-- Noticias La Guia de Pamplona --><br \/>\n<ins class=\"adsbygoogle\"\nstyle=\"display:block\"\ndata-ad-client=\"ca-pub-6943679897239327\"\ndata-ad-slot=\"7048180777\"\ndata-ad-format=\"auto\"><\/ins><br \/>\n<script>\n(adsbygoogle = window.adsbygoogle || []).push({});\n<\/script><\/p>\n<p>&nbsp;<\/p>\n<h3>\u2018Para Gustos, Los Colores\u2019<\/h3>\n<ul>\n<li><strong>Campamento multideporte<\/strong>\n<ul>\n<li>Fechas: del 26 de junio al 30 de junio<\/li>\n<li>Lugar: Complejo Deportivo Aranzadi<\/li>\n<li>Edades: de 8 a 12 a\u00f1os<\/li>\n<li>Horario: de 10 a 13 horas<\/li>\n<li>Plazas: 60<\/li>\n<li>Precio: gratuito<\/li>\n<\/ul>\n<\/li>\n<li><strong>Campamentos urbanos<\/strong>\n<ul>\n<li>Fechas: semanal, desde el 17 de julio hasta el 18 de agosto<\/li>\n<li>Lugar: CP Iturrama y CP Cardenal Ilund\u00e1in<\/li>\n<li>Edades: de 3 a 12 a\u00f1os<\/li>\n<li>Horario: de 8 a 15.30 horas<\/li>\n<li>Plazas: 600 (120 semanales)<\/li>\n<li>Precio: 55 euros\/semana sin comedor \u2013 85 euros\/semana con comedor<\/li>\n<\/ul>\n<\/li>\n<li><strong>Campamento de piscina en julio <\/strong>\n<ul>\n<li>Fechas: del 17 al 28 de julio<\/li>\n<li>Lugar: Complejo Deportivo Aranzadi<\/li>\n<li>Edades: de 8 a 12 a\u00f1os<\/li>\n<li>Horario: de 11 a 14 horas<\/li>\n<li>Plazas: 40 (20 semanales)<\/li>\n<li>Precio: gratuito<\/li>\n<\/ul>\n<\/li>\n<li><strong>Campamento de piscina en agosto <\/strong>\n<ul>\n<li>Fechas: del 7 al 18 de agosto<\/li>\n<li>Lugar: Aquavox San Jorge<\/li>\n<li>Edades: de 8 a 12 a\u00f1os<\/li>\n<li>Horario: de 11 a 14 horas<\/li>\n<li>Plazas: 40 (20 semanales)<\/li>\n<li>Precio: gratuito<\/li>\n<\/ul>\n<\/li>\n<li><strong>Campamento de piscina para adolescentes <\/strong>\n<ul>\n<li>Fechas: del 31 de julio al 4 de agosto<\/li>\n<li>Lugar: Complejo Deportivo Aranzadi<\/li>\n<li>Edades: de 13 a 17 a\u00f1os<\/li>\n<li>Horario: de 11 a 14 horas<\/li>\n<li>Plazas: 40 (20 semanales)<\/li>\n<li>Precio: gratuito<\/li>\n<\/ul>\n<\/li>\n<li><strong>Ecocamp <\/strong>\n<ul>\n<li>Fechas: del 7 al 11 de agosto<\/li>\n<li>Lugar: Fort\u00edn de San Bartolom\u00e9<\/li>\n<li>Edades: de 13 a 17 a\u00f1os<\/li>\n<li>Horario: de 17 a 20 horas<\/li>\n<li>Plazas: 40<\/li>\n<li>Precio: gratuito<\/li>\n<\/ul>\n<\/li>\n<li><strong>Escapadas I \/ campamentos itinerantes<\/strong>\n<ul>\n<li>Fechas: del 9 al 11 de agosto<\/li>\n<li>Lugar: Son campamentos itinerantes, con excursiones en el d\u00eda. Se saldr\u00e1 desde Mendillorri, Buztintxuri y estaci\u00f3n de autobuses<\/li>\n<li>Edades: de 9 a 12 a\u00f1os<\/li>\n<li>Horario: de 8 a 16 horas<\/li>\n<li>Plazas: 20<\/li>\n<li>Precio: 8 euros<\/li>\n<\/ul>\n<\/li>\n<li><strong>Escapadas II \/ campamentos itinerantes<\/strong>\n<ul>\n<li>Fechas: del 16 al 18 de agosto<\/li>\n<li>Lugar: Son campamentos itinerantes, con excursiones en el d\u00eda. Se saldr\u00e1 desde Mendillorri, Buztintxuri y estaci\u00f3n de autobuses<\/li>\n<li>Edades: de 13 a 17 a\u00f1os<\/li>\n<li>Horario: de 8 a 16 horas<\/li>\n<li>Plazas: 20<\/li>\n<li>Precio: 8 euros<\/li>\n<\/ul>\n<\/li>\n<\/ul>\n","protected":false},"excerpt":{"rendered":"<p>Las inscripciones podr\u00e1n realizarse del 1 al 9 de junio a trav\u00e9s del tel\u00e9fono de atenci\u00f3n ciudadana 010 y las plazas se asignar\u00e1n por orden de llamada<\/p>\n","protected":false},"author":1,"featured_media":46804,"comment_status":"open","ping_status":"closed","sticky":false,"template":"","format":"standard","meta":{"footnotes":""},"categories":[2],"tags":[],"class_list":["post-46803","post","type-post","status-publish","format-standard","has-post-thumbnail","hentry","category-ayuntamiento-pamplona"],"yoast_head":"<!-- This site is optimized with the Yoast SEO plugin v27.5 - https:\/\/yoast.com\/product\/yoast-seo-wordpress\/ -->\n<title>COworkids oferta ocho campamentos de verano para ni\u00f1os, ni\u00f1as y adolescentes de 3 a 17 a\u00f1os<\/title>\n<meta name=\"description\" content=\"Las inscripciones podr\u00e1n realizarse del 1 al 9 de junio a trav\u00e9s del tel\u00e9fono de atenci\u00f3n ciudadana 010 y las plazas se asignar\u00e1n por orden de llamada\" \/>\n<meta name=\"robots\" content=\"index, follow, max-snippet:-1, max-image-preview:large, max-video-preview:-1\" \/>\n<link rel=\"canonical\" href=\"https:\/\/www.laguiadepamplona.com\/actualidad\/coworkids-oferta-ocho-campamentos-de-verano-para-ninos-ninas-y-adolescentes-de-3-a-17-anos\/\" \/>\n<meta property=\"og:locale\" content=\"es_ES\" \/>\n<meta property=\"og:type\" content=\"article\" \/>\n<meta property=\"og:title\" content=\"COworkids oferta ocho campamentos de verano para ni\u00f1os, ni\u00f1as y adolescentes de 3 a 17 a\u00f1os\" \/>\n<meta property=\"og:description\" content=\"Las inscripciones podr\u00e1n realizarse del 1 al 9 de junio a trav\u00e9s del tel\u00e9fono de atenci\u00f3n ciudadana 010 y las plazas se asignar\u00e1n por orden de llamada\" \/>\n<meta property=\"og:url\" content=\"https:\/\/www.laguiadepamplona.com\/actualidad\/coworkids-oferta-ocho-campamentos-de-verano-para-ninos-ninas-y-adolescentes-de-3-a-17-anos\/\" \/>\n<meta property=\"og:site_name\" content=\"La Gu\u00eda de Pamplona\" \/>\n<meta property=\"article:publisher\" content=\"https:\/\/www.facebook.com\/laguiadepamplonacom-133175176762273\/?ref=hl\" \/>\n<meta property=\"article:published_time\" content=\"2023-05-24T11:23:30+00:00\" \/>\n<meta property=\"og:image\" content=\"https:\/\/www.laguiadepamplona.com\/actualidad\/wp-content\/uploads\/2023\/05\/001_campamentos-urbanos-de-verano-para-gustos-los-colores_titulo.webp\" \/>\n\t<meta property=\"og:image:width\" content=\"805\" \/>\n\t<meta property=\"og:image:height\" content=\"323\" \/>\n\t<meta property=\"og:image:type\" content=\"image\/webp\" \/>\n<meta name=\"author\" content=\"La Gu\u00eda de Pamplona\" \/>\n<meta name=\"twitter:card\" content=\"summary_large_image\" \/>\n<meta name=\"twitter:creator\" content=\"@LaGuiadPamplona\" \/>\n<meta name=\"twitter:site\" content=\"@LaGuiadPamplona\" \/>\n<meta name=\"twitter:label1\" content=\"Escrito por\" \/>\n\t<meta name=\"twitter:data1\" content=\"La Gu\u00eda de Pamplona\" \/>\n\t<meta name=\"twitter:label2\" content=\"Tiempo de lectura\" \/>\n\t<meta name=\"twitter:data2\" content=\"6 minutos\" \/>\n<script type=\"application\/ld+json\" class=\"yoast-schema-graph\">{\"@context\":\"https:\\\/\\\/schema.org\",\"@graph\":[{\"@type\":\"Article\",\"@id\":\"https:\\\/\\\/www.laguiadepamplona.com\\\/actualidad\\\/coworkids-oferta-ocho-campamentos-de-verano-para-ninos-ninas-y-adolescentes-de-3-a-17-anos\\\/#article\",\"isPartOf\":{\"@id\":\"https:\\\/\\\/www.laguiadepamplona.com\\\/actualidad\\\/coworkids-oferta-ocho-campamentos-de-verano-para-ninos-ninas-y-adolescentes-de-3-a-17-anos\\\/\"},\"author\":{\"name\":\"La Gu\u00eda de Pamplona\",\"@id\":\"https:\\\/\\\/www.laguiadepamplona.com\\\/actualidad\\\/#\\\/schema\\\/person\\\/efe887376f0213d4657c93adc50b1fdb\"},\"headline\":\"COworkids oferta ocho campamentos de verano para ni\u00f1os, ni\u00f1as y adolescentes de 3 a 17 a\u00f1os\",\"datePublished\":\"2023-05-24T11:23:30+00:00\",\"mainEntityOfPage\":{\"@id\":\"https:\\\/\\\/www.laguiadepamplona.com\\\/actualidad\\\/coworkids-oferta-ocho-campamentos-de-verano-para-ninos-ninas-y-adolescentes-de-3-a-17-anos\\\/\"},\"wordCount\":1180,\"commentCount\":0,\"publisher\":{\"@id\":\"https:\\\/\\\/www.laguiadepamplona.com\\\/actualidad\\\/#organization\"},\"image\":{\"@id\":\"https:\\\/\\\/www.laguiadepamplona.com\\\/actualidad\\\/coworkids-oferta-ocho-campamentos-de-verano-para-ninos-ninas-y-adolescentes-de-3-a-17-anos\\\/#primaryimage\"},\"thumbnailUrl\":\"https:\\\/\\\/www.laguiadepamplona.com\\\/actualidad\\\/wp-content\\\/uploads\\\/2023\\\/05\\\/001_campamentos-urbanos-de-verano-para-gustos-los-colores_titulo.webp\",\"articleSection\":[\"Ayto Pamplona\"],\"inLanguage\":\"es\",\"potentialAction\":[{\"@type\":\"CommentAction\",\"name\":\"Comment\",\"target\":[\"https:\\\/\\\/www.laguiadepamplona.com\\\/actualidad\\\/coworkids-oferta-ocho-campamentos-de-verano-para-ninos-ninas-y-adolescentes-de-3-a-17-anos\\\/#respond\"]}]},{\"@type\":\"WebPage\",\"@id\":\"https:\\\/\\\/www.laguiadepamplona.com\\\/actualidad\\\/coworkids-oferta-ocho-campamentos-de-verano-para-ninos-ninas-y-adolescentes-de-3-a-17-anos\\\/\",\"url\":\"https:\\\/\\\/www.laguiadepamplona.com\\\/actualidad\\\/coworkids-oferta-ocho-campamentos-de-verano-para-ninos-ninas-y-adolescentes-de-3-a-17-anos\\\/\",\"name\":\"COworkids oferta ocho campamentos de verano para ni\u00f1os, ni\u00f1as y adolescentes de 3 a 17 a\u00f1os\",\"isPartOf\":{\"@id\":\"https:\\\/\\\/www.laguiadepamplona.com\\\/actualidad\\\/#website\"},\"primaryImageOfPage\":{\"@id\":\"https:\\\/\\\/www.laguiadepamplona.com\\\/actualidad\\\/coworkids-oferta-ocho-campamentos-de-verano-para-ninos-ninas-y-adolescentes-de-3-a-17-anos\\\/#primaryimage\"},\"image\":{\"@id\":\"https:\\\/\\\/www.laguiadepamplona.com\\\/actualidad\\\/coworkids-oferta-ocho-campamentos-de-verano-para-ninos-ninas-y-adolescentes-de-3-a-17-anos\\\/#primaryimage\"},\"thumbnailUrl\":\"https:\\\/\\\/www.laguiadepamplona.com\\\/actualidad\\\/wp-content\\\/uploads\\\/2023\\\/05\\\/001_campamentos-urbanos-de-verano-para-gustos-los-colores_titulo.webp\",\"datePublished\":\"2023-05-24T11:23:30+00:00\",\"description\":\"Las inscripciones podr\u00e1n realizarse del 1 al 9 de junio a trav\u00e9s del tel\u00e9fono de atenci\u00f3n ciudadana 010 y las plazas se asignar\u00e1n por orden de llamada\",\"breadcrumb\":{\"@id\":\"https:\\\/\\\/www.laguiadepamplona.com\\\/actualidad\\\/coworkids-oferta-ocho-campamentos-de-verano-para-ninos-ninas-y-adolescentes-de-3-a-17-anos\\\/#breadcrumb\"},\"inLanguage\":\"es\",\"potentialAction\":[{\"@type\":\"ReadAction\",\"target\":[\"https:\\\/\\\/www.laguiadepamplona.com\\\/actualidad\\\/coworkids-oferta-ocho-campamentos-de-verano-para-ninos-ninas-y-adolescentes-de-3-a-17-anos\\\/\"]}]},{\"@type\":\"ImageObject\",\"inLanguage\":\"es\",\"@id\":\"https:\\\/\\\/www.laguiadepamplona.com\\\/actualidad\\\/coworkids-oferta-ocho-campamentos-de-verano-para-ninos-ninas-y-adolescentes-de-3-a-17-anos\\\/#primaryimage\",\"url\":\"https:\\\/\\\/www.laguiadepamplona.com\\\/actualidad\\\/wp-content\\\/uploads\\\/2023\\\/05\\\/001_campamentos-urbanos-de-verano-para-gustos-los-colores_titulo.webp\",\"contentUrl\":\"https:\\\/\\\/www.laguiadepamplona.com\\\/actualidad\\\/wp-content\\\/uploads\\\/2023\\\/05\\\/001_campamentos-urbanos-de-verano-para-gustos-los-colores_titulo.webp\",\"width\":805,\"height\":323},{\"@type\":\"BreadcrumbList\",\"@id\":\"https:\\\/\\\/www.laguiadepamplona.com\\\/actualidad\\\/coworkids-oferta-ocho-campamentos-de-verano-para-ninos-ninas-y-adolescentes-de-3-a-17-anos\\\/#breadcrumb\",\"itemListElement\":[{\"@type\":\"ListItem\",\"position\":1,\"name\":\"Portada\",\"item\":\"https:\\\/\\\/www.laguiadepamplona.com\\\/actualidad\\\/\"},{\"@type\":\"ListItem\",\"position\":2,\"name\":\"COworkids oferta ocho campamentos de verano para ni\u00f1os, ni\u00f1as y adolescentes de 3 a 17 a\u00f1os\"}]},{\"@type\":\"WebSite\",\"@id\":\"https:\\\/\\\/www.laguiadepamplona.com\\\/actualidad\\\/#website\",\"url\":\"https:\\\/\\\/www.laguiadepamplona.com\\\/actualidad\\\/\",\"name\":\"La gu\u00eda de Pamplona\",\"description\":\"Noticias de Pamplona\",\"publisher\":{\"@id\":\"https:\\\/\\\/www.laguiadepamplona.com\\\/actualidad\\\/#organization\"},\"potentialAction\":[{\"@type\":\"SearchAction\",\"target\":{\"@type\":\"EntryPoint\",\"urlTemplate\":\"https:\\\/\\\/www.laguiadepamplona.com\\\/actualidad\\\/?s={search_term_string}\"},\"query-input\":{\"@type\":\"PropertyValueSpecification\",\"valueRequired\":true,\"valueName\":\"search_term_string\"}}],\"inLanguage\":\"es\"},{\"@type\":\"Organization\",\"@id\":\"https:\\\/\\\/www.laguiadepamplona.com\\\/actualidad\\\/#organization\",\"name\":\"La Gu\u00eda de Pamplona \\\/ Noticias\",\"url\":\"https:\\\/\\\/www.laguiadepamplona.com\\\/actualidad\\\/\",\"logo\":{\"@type\":\"ImageObject\",\"inLanguage\":\"es\",\"@id\":\"https:\\\/\\\/www.laguiadepamplona.com\\\/actualidad\\\/#\\\/schema\\\/logo\\\/image\\\/\",\"url\":\"https:\\\/\\\/www.laguiadepamplona.com\\\/actualidad\\\/wp-content\\\/uploads\\\/2018\\\/11\\\/logo-laguiadepamplona18-web1.png\",\"contentUrl\":\"https:\\\/\\\/www.laguiadepamplona.com\\\/actualidad\\\/wp-content\\\/uploads\\\/2018\\\/11\\\/logo-laguiadepamplona18-web1.png\",\"width\":600,\"height\":196,\"caption\":\"La Gu\u00eda de Pamplona \\\/ Noticias\"},\"image\":{\"@id\":\"https:\\\/\\\/www.laguiadepamplona.com\\\/actualidad\\\/#\\\/schema\\\/logo\\\/image\\\/\"},\"sameAs\":[\"https:\\\/\\\/www.facebook.com\\\/laguiadepamplonacom-133175176762273\\\/?ref=hl\",\"https:\\\/\\\/x.com\\\/LaGuiadPamplona\",\"https:\\\/\\\/www.instagram.com\\\/la_guia_de_pamplona\\\/\",\"https:\\\/\\\/www.youtube.com\\\/user\\\/laguiadepamplona\"]},{\"@type\":\"Person\",\"@id\":\"https:\\\/\\\/www.laguiadepamplona.com\\\/actualidad\\\/#\\\/schema\\\/person\\\/efe887376f0213d4657c93adc50b1fdb\",\"name\":\"La Gu\u00eda de Pamplona\",\"image\":{\"@type\":\"ImageObject\",\"inLanguage\":\"es\",\"@id\":\"https:\\\/\\\/secure.gravatar.com\\\/avatar\\\/b6992f131dc8d30ab0dff15446e9d346d9dbd95992de0fef795073f5ea83a81c?s=96&d=mm&r=g\",\"url\":\"https:\\\/\\\/secure.gravatar.com\\\/avatar\\\/b6992f131dc8d30ab0dff15446e9d346d9dbd95992de0fef795073f5ea83a81c?s=96&d=mm&r=g\",\"contentUrl\":\"https:\\\/\\\/secure.gravatar.com\\\/avatar\\\/b6992f131dc8d30ab0dff15446e9d346d9dbd95992de0fef795073f5ea83a81c?s=96&d=mm&r=g\",\"caption\":\"La Gu\u00eda de Pamplona\"}}]}<\/script>\n<!-- \/ Yoast SEO plugin. -->","yoast_head_json":{"title":"COworkids oferta ocho campamentos de verano para ni\u00f1os, ni\u00f1as y adolescentes de 3 a 17 a\u00f1os","description":"Las inscripciones podr\u00e1n realizarse del 1 al 9 de junio a trav\u00e9s del tel\u00e9fono de atenci\u00f3n ciudadana 010 y las plazas se asignar\u00e1n por orden de llamada","robots":{"index":"index","follow":"follow","max-snippet":"max-snippet:-1","max-image-preview":"max-image-preview:large","max-video-preview":"max-video-preview:-1"},"canonical":"https:\/\/www.laguiadepamplona.com\/actualidad\/coworkids-oferta-ocho-campamentos-de-verano-para-ninos-ninas-y-adolescentes-de-3-a-17-anos\/","og_locale":"es_ES","og_type":"article","og_title":"COworkids oferta ocho campamentos de verano para ni\u00f1os, ni\u00f1as y adolescentes de 3 a 17 a\u00f1os","og_description":"Las inscripciones podr\u00e1n realizarse del 1 al 9 de junio a trav\u00e9s del tel\u00e9fono de atenci\u00f3n ciudadana 010 y las plazas se asignar\u00e1n por orden de llamada","og_url":"https:\/\/www.laguiadepamplona.com\/actualidad\/coworkids-oferta-ocho-campamentos-de-verano-para-ninos-ninas-y-adolescentes-de-3-a-17-anos\/","og_site_name":"La Gu\u00eda de Pamplona","article_publisher":"https:\/\/www.facebook.com\/laguiadepamplonacom-133175176762273\/?ref=hl","article_published_time":"2023-05-24T11:23:30+00:00","og_image":[{"width":805,"height":323,"url":"https:\/\/www.laguiadepamplona.com\/actualidad\/wp-content\/uploads\/2023\/05\/001_campamentos-urbanos-de-verano-para-gustos-los-colores_titulo.webp","type":"image\/webp"}],"author":"La Gu\u00eda de Pamplona","twitter_card":"summary_large_image","twitter_creator":"@LaGuiadPamplona","twitter_site":"@LaGuiadPamplona","twitter_misc":{"Escrito por":"La Gu\u00eda de Pamplona","Tiempo de lectura":"6 minutos"},"schema":{"@context":"https:\/\/schema.org","@graph":[{"@type":"Article","@id":"https:\/\/www.laguiadepamplona.com\/actualidad\/coworkids-oferta-ocho-campamentos-de-verano-para-ninos-ninas-y-adolescentes-de-3-a-17-anos\/#article","isPartOf":{"@id":"https:\/\/www.laguiadepamplona.com\/actualidad\/coworkids-oferta-ocho-campamentos-de-verano-para-ninos-ninas-y-adolescentes-de-3-a-17-anos\/"},"author":{"name":"La Gu\u00eda de Pamplona","@id":"https:\/\/www.laguiadepamplona.com\/actualidad\/#\/schema\/person\/efe887376f0213d4657c93adc50b1fdb"},"headline":"COworkids oferta ocho campamentos de verano para ni\u00f1os, ni\u00f1as y adolescentes de 3 a 17 a\u00f1os","datePublished":"2023-05-24T11:23:30+00:00","mainEntityOfPage":{"@id":"https:\/\/www.laguiadepamplona.com\/actualidad\/coworkids-oferta-ocho-campamentos-de-verano-para-ninos-ninas-y-adolescentes-de-3-a-17-anos\/"},"wordCount":1180,"commentCount":0,"publisher":{"@id":"https:\/\/www.laguiadepamplona.com\/actualidad\/#organization"},"image":{"@id":"https:\/\/www.laguiadepamplona.com\/actualidad\/coworkids-oferta-ocho-campamentos-de-verano-para-ninos-ninas-y-adolescentes-de-3-a-17-anos\/#primaryimage"},"thumbnailUrl":"https:\/\/www.laguiadepamplona.com\/actualidad\/wp-content\/uploads\/2023\/05\/001_campamentos-urbanos-de-verano-para-gustos-los-colores_titulo.webp","articleSection":["Ayto Pamplona"],"inLanguage":"es","potentialAction":[{"@type":"CommentAction","name":"Comment","target":["https:\/\/www.laguiadepamplona.com\/actualidad\/coworkids-oferta-ocho-campamentos-de-verano-para-ninos-ninas-y-adolescentes-de-3-a-17-anos\/#respond"]}]},{"@type":"WebPage","@id":"https:\/\/www.laguiadepamplona.com\/actualidad\/coworkids-oferta-ocho-campamentos-de-verano-para-ninos-ninas-y-adolescentes-de-3-a-17-anos\/","url":"https:\/\/www.laguiadepamplona.com\/actualidad\/coworkids-oferta-ocho-campamentos-de-verano-para-ninos-ninas-y-adolescentes-de-3-a-17-anos\/","name":"COworkids oferta ocho campamentos de verano para ni\u00f1os, ni\u00f1as y adolescentes de 3 a 17 a\u00f1os","isPartOf":{"@id":"https:\/\/www.laguiadepamplona.com\/actualidad\/#website"},"primaryImageOfPage":{"@id":"https:\/\/www.laguiadepamplona.com\/actualidad\/coworkids-oferta-ocho-campamentos-de-verano-para-ninos-ninas-y-adolescentes-de-3-a-17-anos\/#primaryimage"},"image":{"@id":"https:\/\/www.laguiadepamplona.com\/actualidad\/coworkids-oferta-ocho-campamentos-de-verano-para-ninos-ninas-y-adolescentes-de-3-a-17-anos\/#primaryimage"},"thumbnailUrl":"https:\/\/www.laguiadepamplona.com\/actualidad\/wp-content\/uploads\/2023\/05\/001_campamentos-urbanos-de-verano-para-gustos-los-colores_titulo.webp","datePublished":"2023-05-24T11:23:30+00:00","description":"Las inscripciones podr\u00e1n realizarse del 1 al 9 de junio a trav\u00e9s del tel\u00e9fono de atenci\u00f3n ciudadana 010 y las plazas se asignar\u00e1n por orden de llamada","breadcrumb":{"@id":"https:\/\/www.laguiadepamplona.com\/actualidad\/coworkids-oferta-ocho-campamentos-de-verano-para-ninos-ninas-y-adolescentes-de-3-a-17-anos\/#breadcrumb"},"inLanguage":"es","potentialAction":[{"@type":"ReadAction","target":["https:\/\/www.laguiadepamplona.com\/actualidad\/coworkids-oferta-ocho-campamentos-de-verano-para-ninos-ninas-y-adolescentes-de-3-a-17-anos\/"]}]},{"@type":"ImageObject","inLanguage":"es","@id":"https:\/\/www.laguiadepamplona.com\/actualidad\/coworkids-oferta-ocho-campamentos-de-verano-para-ninos-ninas-y-adolescentes-de-3-a-17-anos\/#primaryimage","url":"https:\/\/www.laguiadepamplona.com\/actualidad\/wp-content\/uploads\/2023\/05\/001_campamentos-urbanos-de-verano-para-gustos-los-colores_titulo.webp","contentUrl":"https:\/\/www.laguiadepamplona.com\/actualidad\/wp-content\/uploads\/2023\/05\/001_campamentos-urbanos-de-verano-para-gustos-los-colores_titulo.webp","width":805,"height":323},{"@type":"BreadcrumbList","@id":"https:\/\/www.laguiadepamplona.com\/actualidad\/coworkids-oferta-ocho-campamentos-de-verano-para-ninos-ninas-y-adolescentes-de-3-a-17-anos\/#breadcrumb","itemListElement":[{"@type":"ListItem","position":1,"name":"Portada","item":"https:\/\/www.laguiadepamplona.com\/actualidad\/"},{"@type":"ListItem","position":2,"name":"COworkids oferta ocho campamentos de verano para ni\u00f1os, ni\u00f1as y adolescentes de 3 a 17 a\u00f1os"}]},{"@type":"WebSite","@id":"https:\/\/www.laguiadepamplona.com\/actualidad\/#website","url":"https:\/\/www.laguiadepamplona.com\/actualidad\/","name":"La gu\u00eda de Pamplona","description":"Noticias de Pamplona","publisher":{"@id":"https:\/\/www.laguiadepamplona.com\/actualidad\/#organization"},"potentialAction":[{"@type":"SearchAction","target":{"@type":"EntryPoint","urlTemplate":"https:\/\/www.laguiadepamplona.com\/actualidad\/?s={search_term_string}"},"query-input":{"@type":"PropertyValueSpecification","valueRequired":true,"valueName":"search_term_string"}}],"inLanguage":"es"},{"@type":"Organization","@id":"https:\/\/www.laguiadepamplona.com\/actualidad\/#organization","name":"La Gu\u00eda de Pamplona \/ Noticias","url":"https:\/\/www.laguiadepamplona.com\/actualidad\/","logo":{"@type":"ImageObject","inLanguage":"es","@id":"https:\/\/www.laguiadepamplona.com\/actualidad\/#\/schema\/logo\/image\/","url":"https:\/\/www.laguiadepamplona.com\/actualidad\/wp-content\/uploads\/2018\/11\/logo-laguiadepamplona18-web1.png","contentUrl":"https:\/\/www.laguiadepamplona.com\/actualidad\/wp-content\/uploads\/2018\/11\/logo-laguiadepamplona18-web1.png","width":600,"height":196,"caption":"La Gu\u00eda de Pamplona \/ Noticias"},"image":{"@id":"https:\/\/www.laguiadepamplona.com\/actualidad\/#\/schema\/logo\/image\/"},"sameAs":["https:\/\/www.facebook.com\/laguiadepamplonacom-133175176762273\/?ref=hl","https:\/\/x.com\/LaGuiadPamplona","https:\/\/www.instagram.com\/la_guia_de_pamplona\/","https:\/\/www.youtube.com\/user\/laguiadepamplona"]},{"@type":"Person","@id":"https:\/\/www.laguiadepamplona.com\/actualidad\/#\/schema\/person\/efe887376f0213d4657c93adc50b1fdb","name":"La Gu\u00eda de Pamplona","image":{"@type":"ImageObject","inLanguage":"es","@id":"https:\/\/secure.gravatar.com\/avatar\/b6992f131dc8d30ab0dff15446e9d346d9dbd95992de0fef795073f5ea83a81c?s=96&d=mm&r=g","url":"https:\/\/secure.gravatar.com\/avatar\/b6992f131dc8d30ab0dff15446e9d346d9dbd95992de0fef795073f5ea83a81c?s=96&d=mm&r=g","contentUrl":"https:\/\/secure.gravatar.com\/avatar\/b6992f131dc8d30ab0dff15446e9d346d9dbd95992de0fef795073f5ea83a81c?s=96&d=mm&r=g","caption":"La Gu\u00eda de Pamplona"}}]}},"post_mailing_queue_ids":[],"_links":{"self":[{"href":"https:\/\/www.laguiadepamplona.com\/actualidad\/wp-json\/wp\/v2\/posts\/46803","targetHints":{"allow":["GET"]}}],"collection":[{"href":"https:\/\/www.laguiadepamplona.com\/actualidad\/wp-json\/wp\/v2\/posts"}],"about":[{"href":"https:\/\/www.laguiadepamplona.com\/actualidad\/wp-json\/wp\/v2\/types\/post"}],"author":[{"embeddable":true,"href":"https:\/\/www.laguiadepamplona.com\/actualidad\/wp-json\/wp\/v2\/users\/1"}],"replies":[{"embeddable":true,"href":"https:\/\/www.laguiadepamplona.com\/actualidad\/wp-json\/wp\/v2\/comments?post=46803"}],"version-history":[{"count":1,"href":"https:\/\/www.laguiadepamplona.com\/actualidad\/wp-json\/wp\/v2\/posts\/46803\/revisions"}],"predecessor-version":[{"id":46805,"href":"https:\/\/www.laguiadepamplona.com\/actualidad\/wp-json\/wp\/v2\/posts\/46803\/revisions\/46805"}],"wp:featuredmedia":[{"embeddable":true,"href":"https:\/\/www.laguiadepamplona.com\/actualidad\/wp-json\/wp\/v2\/media\/46804"}],"wp:attachment":[{"href":"https:\/\/www.laguiadepamplona.com\/actualidad\/wp-json\/wp\/v2\/media?parent=46803"}],"wp:term":[{"taxonomy":"category","embeddable":true,"href":"https:\/\/www.laguiadepamplona.com\/actualidad\/wp-json\/wp\/v2\/categories?post=46803"},{"taxonomy":"post_tag","embeddable":true,"href":"https:\/\/www.laguiadepamplona.com\/actualidad\/wp-json\/wp\/v2\/tags?post=46803"}],"curies":[{"name":"wp","href":"https:\/\/api.w.org\/{rel}","templated":true}]}}