{"id":46795,"date":"2023-05-24T12:54:49","date_gmt":"2023-05-24T10:54:49","guid":{"rendered":"https:\/\/www.laguiadepamplona.com\/actualidad\/?p=46795"},"modified":"2023-05-24T12:54:49","modified_gmt":"2023-05-24T10:54:49","slug":"sanfermines-festival-de-las-murallas-flamenco-on-fire-y-privilegio-de-la-union-principales-apuestas-turisticas-de-la-campana-di-pamplona-y-sonrie-para-este-verano","status":"publish","type":"post","link":"https:\/\/www.laguiadepamplona.com\/actualidad\/sanfermines-festival-de-las-murallas-flamenco-on-fire-y-privilegio-de-la-union-principales-apuestas-turisticas-de-la-campana-di-pamplona-y-sonrie-para-este-verano\/","title":{"rendered":"Sanfermines, Festival de las Murallas, Flamenco on Fire y Privilegio de la Uni\u00f3n, principales apuestas tur\u00edsticas de la campa\u00f1a \u2018Di Pamplona \u00a1y sonr\u00ede!\u2019 para este verano"},"content":{"rendered":"<h3>Pamplona vuelve a dirigirse principalmente a las familias, j\u00f3venes y parejas, para captar turismo estival y tambi\u00e9n en otras \u00e9pocas del a\u00f1o<\/h3>\n<p><!--more--><\/p>\n<p>La campa\u00f1a tur\u00edstica \u2018Di Pamplona \u00a1y sonr\u00ede!\u2019 se centra este verano en la promoci\u00f3n de cuatro eventos que tendr\u00e1n lugar en julio, agosto y septiembre, y en la difusi\u00f3n de otras actividades culturales, deportivas y de naturaleza que se pueden desarrollar en el entorno urbano y alrededores. Sanfermines, Festival de las Murallas, Flamenco on Fire y Privilegio de la Uni\u00f3n son eventos del calendario municipal de actividades que a\u00f1o tras a\u00f1o atraen a todo tipo de p\u00fablicos a Pamplona como apuestas tur\u00edsticas y culturales de la ciudad.<br \/>\n<script async src=\"\/\/pagead2.googlesyndication.com\/pagead\/js\/adsbygoogle.js\"><\/script><br \/>\n<!-- Noticias La Guia de Pamplona --><br \/>\n<ins class=\"adsbygoogle\"\nstyle=\"display:block\"\ndata-ad-client=\"ca-pub-6943679897239327\"\ndata-ad-slot=\"7048180777\"\ndata-ad-format=\"auto\"><\/ins><br \/>\n<script>\n(adsbygoogle = window.adsbygoogle || []).push({});\n<\/script><\/p>\n<p>\u2018Di Pamplona y sonr\u00ede!\u2019 est\u00e1 especialmente dise\u00f1ada para familias, j\u00f3venes y parejas y se dirige, principalmente, a p\u00fablico nacional y franc\u00e9s, haciendo hincapi\u00e9 en las comunidades que suelen aportar mayor n\u00famero de visitantes, como Madrid, Catalu\u00f1a, Comunidad Valenciana y Pa\u00eds Vasco. Para visibilizar la oferta tur\u00edstica de la ciudad, se ha editado un v\u00eddeo promocional que incide en esos cuatro hitos de la programaci\u00f3n veraniega de este a\u00f1o: los Sanfermines, del 6 al 14 de julio; el Festival del Murallas en agosto, con actuaciones circenses, danza y m\u00fasica; Flamenco on Fire, del 23 al 27 de agosto; y el Privilegio de la Uni\u00f3n, el 8 de septiembre, que en este 2023 celebra su 600 aniversario y que aunar\u00e1 eventos musicales, mercado medieval y visitas guiadas.<\/p>\n<p>Esa v\u00eddeo promocional, as\u00ed como otras acciones, se podr\u00e1n ver a trav\u00e9s de los perfiles municipales en redes sociales, a trav\u00e9s de soportes como los mupis digitales y a trav\u00e9s de otros medios como p\u00e1ginas web de viajes o influencers. En pr\u00f3ximas semanas se ir\u00e1n editando otros materiales, como folletos o portales web en diferentes idiomas, y se adaptar\u00e1n espacios en los lugares de acogida de turistas para incidir en su bienvenida y en las propuestas que la ciudad ofrece.<br \/>\n<script async src=\"\/\/pagead2.googlesyndication.com\/pagead\/js\/adsbygoogle.js\"><\/script><br \/>\n<!-- Noticias La Guia de Pamplona --><br \/>\n<ins class=\"adsbygoogle\"\nstyle=\"display:block\"\ndata-ad-client=\"ca-pub-6943679897239327\"\ndata-ad-slot=\"7048180777\"\ndata-ad-format=\"auto\"><\/ins><br \/>\n<script>\n(adsbygoogle = window.adsbygoogle || []).push({});\n<\/script><\/p>\n<p><strong>Visitas guiadas gratuitas para personas alojadas<\/strong><\/p>\n<p>El Ayuntamiento, en colaboraci\u00f3n con la Asociaci\u00f3n de Hoteles de Pamplona, renueva la oferta de visitas guiadas gratuitas para aquellas personas alojadas en establecimientos de la asociaci\u00f3n. Esta propuesta se llevar\u00e1 a cabo durante los meses de julio y agosto, excepto del 6 al 14 de julio. Durante los Sanfermines, se repartir\u00e1n en los hoteles abanicos de papel con im\u00e1genes de Pamplona en otras \u00e9pocas del a\u00f1o para reflejar el atractivo de la ciudad y poder atraer turismo en otras estaciones.<\/p>\n<p>Adem\u00e1s de esa oferta tur\u00edstica y cultura, Pamplona cuenta con otras opciones para quienes visiten la ciudad. Visitas guiadas a parques y jardines para conocer la biodiversidad de la ciudad, alquiler de kayaks en el r\u00edo Arga, paseo por el parque fluvial o las actividades propuestas en el Centro de Interpretaci\u00f3n de las Fortificaciones en el Fort\u00edn de San Bartolom\u00e9 con visitas guiadas infantiles, yincanas familiares o juegos de pistas. Pamplona tambi\u00e9n propone juegos de escape para conocer el Camino de Santiago y otras muchas iniciativas para todo tipo de p\u00fablicos.<br \/>\n<script async src=\"\/\/pagead2.googlesyndication.com\/pagead\/js\/adsbygoogle.js\"><\/script><br \/>\n<!-- Noticias La Guia de Pamplona --><br \/>\n<ins class=\"adsbygoogle\"\nstyle=\"display:block\"\ndata-ad-client=\"ca-pub-6943679897239327\"\ndata-ad-slot=\"7048180777\"\ndata-ad-format=\"auto\"><\/ins><br \/>\n<script>\n(adsbygoogle = window.adsbygoogle || []).push({});\n<\/script><\/p>\n<p>Toda la informaci\u00f3n tur\u00edstica de Pamplona est\u00e1 disponible en la Oficina de Turismo, en el Centro Ultreia, en el Centro de Interpretaci\u00f3n de las Fortificaciones y en la web municipal, <a href=\"http:\/\/www.pamplona.es\/turismo\" target=\"_blank\" rel=\"noopener\">www.pamplona.es\/turismo<\/a>. La reserva de entradas para diferentes actividades se puede realizar desde el t\u00f3tem de ventas de la Oficina de Turismo, en la web <a href=\"https:\/\/ayuntamientopamplona.sacatuentrada.es\" target=\"_blank\" rel=\"noopener\">https:\/\/ayuntamientopamplona.sacatuentrada.es<\/a> o descargando la aplicaci\u00f3n de turismo Pamplona &#8211; Iru\u00f1a.<\/p>\n","protected":false},"excerpt":{"rendered":"<p>Pamplona vuelve a dirigirse principalmente a las familias, j\u00f3venes y parejas, para captar turismo estival y tambi\u00e9n en otras \u00e9pocas del a\u00f1o<\/p>\n","protected":false},"author":1,"featured_media":46796,"comment_status":"open","ping_status":"closed","sticky":false,"template":"","format":"standard","meta":{"footnotes":""},"categories":[2],"tags":[],"class_list":["post-46795","post","type-post","status-publish","format-standard","has-post-thumbnail","hentry","category-ayuntamiento-pamplona"],"yoast_head":"<!-- This site is optimized with the Yoast SEO plugin v27.3 - https:\/\/yoast.com\/product\/yoast-seo-wordpress\/ -->\n<title>Sanfermines, Festival de las Murallas, Flamenco on Fire y Privilegio de la Uni\u00f3n, principales apuestas tur\u00edsticas de la campa\u00f1a \u2018Di Pamplona \u00a1y sonr\u00ede!\u2019 para este verano<\/title>\n<meta name=\"description\" content=\"Pamplona vuelve a dirigirse principalmente a las familias, j\u00f3venes y parejas, para captar turismo estival y tambi\u00e9n en otras \u00e9pocas del a\u00f1o\" \/>\n<meta name=\"robots\" content=\"index, follow, max-snippet:-1, max-image-preview:large, max-video-preview:-1\" \/>\n<link rel=\"canonical\" href=\"https:\/\/www.laguiadepamplona.com\/actualidad\/sanfermines-festival-de-las-murallas-flamenco-on-fire-y-privilegio-de-la-union-principales-apuestas-turisticas-de-la-campana-di-pamplona-y-sonrie-para-este-verano\/\" \/>\n<meta property=\"og:locale\" content=\"es_ES\" \/>\n<meta property=\"og:type\" content=\"article\" \/>\n<meta property=\"og:title\" content=\"Sanfermines, Festival de las Murallas, Flamenco on Fire y Privilegio de la Uni\u00f3n, principales apuestas tur\u00edsticas de la campa\u00f1a \u2018Di Pamplona \u00a1y sonr\u00ede!\u2019 para este verano\" \/>\n<meta property=\"og:description\" content=\"Pamplona vuelve a dirigirse principalmente a las familias, j\u00f3venes y parejas, para captar turismo estival y tambi\u00e9n en otras \u00e9pocas del a\u00f1o\" \/>\n<meta property=\"og:url\" content=\"https:\/\/www.laguiadepamplona.com\/actualidad\/sanfermines-festival-de-las-murallas-flamenco-on-fire-y-privilegio-de-la-union-principales-apuestas-turisticas-de-la-campana-di-pamplona-y-sonrie-para-este-verano\/\" \/>\n<meta property=\"og:site_name\" content=\"La Gu\u00eda de Pamplona\" \/>\n<meta property=\"article:publisher\" content=\"https:\/\/www.facebook.com\/laguiadepamplonacom-133175176762273\/?ref=hl\" \/>\n<meta property=\"article:published_time\" content=\"2023-05-24T10:54:49+00:00\" \/>\n<meta property=\"og:image\" content=\"https:\/\/www.laguiadepamplona.com\/actualidad\/wp-content\/uploads\/2023\/05\/di-pamplona-sonrie.webp\" \/>\n\t<meta property=\"og:image:width\" content=\"1081\" \/>\n\t<meta property=\"og:image:height\" content=\"1081\" \/>\n\t<meta property=\"og:image:type\" content=\"image\/webp\" \/>\n<meta name=\"author\" content=\"La Gu\u00eda de Pamplona\" \/>\n<meta name=\"twitter:card\" content=\"summary_large_image\" \/>\n<meta name=\"twitter:creator\" content=\"@LaGuiadPamplona\" \/>\n<meta name=\"twitter:site\" content=\"@LaGuiadPamplona\" \/>\n<meta name=\"twitter:label1\" content=\"Escrito por\" \/>\n\t<meta name=\"twitter:data1\" content=\"La Gu\u00eda de Pamplona\" \/>\n\t<meta name=\"twitter:label2\" content=\"Tiempo de lectura\" \/>\n\t<meta name=\"twitter:data2\" content=\"3 minutos\" \/>\n<script type=\"application\/ld+json\" class=\"yoast-schema-graph\">{\"@context\":\"https:\\\/\\\/schema.org\",\"@graph\":[{\"@type\":\"Article\",\"@id\":\"https:\\\/\\\/www.laguiadepamplona.com\\\/actualidad\\\/sanfermines-festival-de-las-murallas-flamenco-on-fire-y-privilegio-de-la-union-principales-apuestas-turisticas-de-la-campana-di-pamplona-y-sonrie-para-este-verano\\\/#article\",\"isPartOf\":{\"@id\":\"https:\\\/\\\/www.laguiadepamplona.com\\\/actualidad\\\/sanfermines-festival-de-las-murallas-flamenco-on-fire-y-privilegio-de-la-union-principales-apuestas-turisticas-de-la-campana-di-pamplona-y-sonrie-para-este-verano\\\/\"},\"author\":{\"name\":\"La Gu\u00eda de Pamplona\",\"@id\":\"https:\\\/\\\/www.laguiadepamplona.com\\\/actualidad\\\/#\\\/schema\\\/person\\\/efe887376f0213d4657c93adc50b1fdb\"},\"headline\":\"Sanfermines, Festival de las Murallas, Flamenco on Fire y Privilegio de la Uni\u00f3n, principales apuestas tur\u00edsticas de la campa\u00f1a \u2018Di Pamplona \u00a1y sonr\u00ede!\u2019 para este verano\",\"datePublished\":\"2023-05-24T10:54:49+00:00\",\"mainEntityOfPage\":{\"@id\":\"https:\\\/\\\/www.laguiadepamplona.com\\\/actualidad\\\/sanfermines-festival-de-las-murallas-flamenco-on-fire-y-privilegio-de-la-union-principales-apuestas-turisticas-de-la-campana-di-pamplona-y-sonrie-para-este-verano\\\/\"},\"wordCount\":639,\"commentCount\":0,\"publisher\":{\"@id\":\"https:\\\/\\\/www.laguiadepamplona.com\\\/actualidad\\\/#organization\"},\"image\":{\"@id\":\"https:\\\/\\\/www.laguiadepamplona.com\\\/actualidad\\\/sanfermines-festival-de-las-murallas-flamenco-on-fire-y-privilegio-de-la-union-principales-apuestas-turisticas-de-la-campana-di-pamplona-y-sonrie-para-este-verano\\\/#primaryimage\"},\"thumbnailUrl\":\"https:\\\/\\\/www.laguiadepamplona.com\\\/actualidad\\\/wp-content\\\/uploads\\\/2023\\\/05\\\/di-pamplona-sonrie.webp\",\"articleSection\":[\"Ayto Pamplona\"],\"inLanguage\":\"es\",\"potentialAction\":[{\"@type\":\"CommentAction\",\"name\":\"Comment\",\"target\":[\"https:\\\/\\\/www.laguiadepamplona.com\\\/actualidad\\\/sanfermines-festival-de-las-murallas-flamenco-on-fire-y-privilegio-de-la-union-principales-apuestas-turisticas-de-la-campana-di-pamplona-y-sonrie-para-este-verano\\\/#respond\"]}]},{\"@type\":\"WebPage\",\"@id\":\"https:\\\/\\\/www.laguiadepamplona.com\\\/actualidad\\\/sanfermines-festival-de-las-murallas-flamenco-on-fire-y-privilegio-de-la-union-principales-apuestas-turisticas-de-la-campana-di-pamplona-y-sonrie-para-este-verano\\\/\",\"url\":\"https:\\\/\\\/www.laguiadepamplona.com\\\/actualidad\\\/sanfermines-festival-de-las-murallas-flamenco-on-fire-y-privilegio-de-la-union-principales-apuestas-turisticas-de-la-campana-di-pamplona-y-sonrie-para-este-verano\\\/\",\"name\":\"Sanfermines, Festival de las Murallas, Flamenco on Fire y Privilegio de la Uni\u00f3n, principales apuestas tur\u00edsticas de la campa\u00f1a \u2018Di Pamplona \u00a1y sonr\u00ede!\u2019 para este verano\",\"isPartOf\":{\"@id\":\"https:\\\/\\\/www.laguiadepamplona.com\\\/actualidad\\\/#website\"},\"primaryImageOfPage\":{\"@id\":\"https:\\\/\\\/www.laguiadepamplona.com\\\/actualidad\\\/sanfermines-festival-de-las-murallas-flamenco-on-fire-y-privilegio-de-la-union-principales-apuestas-turisticas-de-la-campana-di-pamplona-y-sonrie-para-este-verano\\\/#primaryimage\"},\"image\":{\"@id\":\"https:\\\/\\\/www.laguiadepamplona.com\\\/actualidad\\\/sanfermines-festival-de-las-murallas-flamenco-on-fire-y-privilegio-de-la-union-principales-apuestas-turisticas-de-la-campana-di-pamplona-y-sonrie-para-este-verano\\\/#primaryimage\"},\"thumbnailUrl\":\"https:\\\/\\\/www.laguiadepamplona.com\\\/actualidad\\\/wp-content\\\/uploads\\\/2023\\\/05\\\/di-pamplona-sonrie.webp\",\"datePublished\":\"2023-05-24T10:54:49+00:00\",\"description\":\"Pamplona vuelve a dirigirse principalmente a las familias, j\u00f3venes y parejas, para captar turismo estival y tambi\u00e9n en otras \u00e9pocas del a\u00f1o\",\"breadcrumb\":{\"@id\":\"https:\\\/\\\/www.laguiadepamplona.com\\\/actualidad\\\/sanfermines-festival-de-las-murallas-flamenco-on-fire-y-privilegio-de-la-union-principales-apuestas-turisticas-de-la-campana-di-pamplona-y-sonrie-para-este-verano\\\/#breadcrumb\"},\"inLanguage\":\"es\",\"potentialAction\":[{\"@type\":\"ReadAction\",\"target\":[\"https:\\\/\\\/www.laguiadepamplona.com\\\/actualidad\\\/sanfermines-festival-de-las-murallas-flamenco-on-fire-y-privilegio-de-la-union-principales-apuestas-turisticas-de-la-campana-di-pamplona-y-sonrie-para-este-verano\\\/\"]}]},{\"@type\":\"ImageObject\",\"inLanguage\":\"es\",\"@id\":\"https:\\\/\\\/www.laguiadepamplona.com\\\/actualidad\\\/sanfermines-festival-de-las-murallas-flamenco-on-fire-y-privilegio-de-la-union-principales-apuestas-turisticas-de-la-campana-di-pamplona-y-sonrie-para-este-verano\\\/#primaryimage\",\"url\":\"https:\\\/\\\/www.laguiadepamplona.com\\\/actualidad\\\/wp-content\\\/uploads\\\/2023\\\/05\\\/di-pamplona-sonrie.webp\",\"contentUrl\":\"https:\\\/\\\/www.laguiadepamplona.com\\\/actualidad\\\/wp-content\\\/uploads\\\/2023\\\/05\\\/di-pamplona-sonrie.webp\",\"width\":1081,\"height\":1081},{\"@type\":\"BreadcrumbList\",\"@id\":\"https:\\\/\\\/www.laguiadepamplona.com\\\/actualidad\\\/sanfermines-festival-de-las-murallas-flamenco-on-fire-y-privilegio-de-la-union-principales-apuestas-turisticas-de-la-campana-di-pamplona-y-sonrie-para-este-verano\\\/#breadcrumb\",\"itemListElement\":[{\"@type\":\"ListItem\",\"position\":1,\"name\":\"Portada\",\"item\":\"https:\\\/\\\/www.laguiadepamplona.com\\\/actualidad\\\/\"},{\"@type\":\"ListItem\",\"position\":2,\"name\":\"Sanfermines, Festival de las Murallas, Flamenco on Fire y Privilegio de la Uni\u00f3n, principales apuestas tur\u00edsticas de la campa\u00f1a \u2018Di Pamplona \u00a1y sonr\u00ede!\u2019 para este verano\"}]},{\"@type\":\"WebSite\",\"@id\":\"https:\\\/\\\/www.laguiadepamplona.com\\\/actualidad\\\/#website\",\"url\":\"https:\\\/\\\/www.laguiadepamplona.com\\\/actualidad\\\/\",\"name\":\"La gu\u00eda de Pamplona\",\"description\":\"Noticias de Pamplona\",\"publisher\":{\"@id\":\"https:\\\/\\\/www.laguiadepamplona.com\\\/actualidad\\\/#organization\"},\"potentialAction\":[{\"@type\":\"SearchAction\",\"target\":{\"@type\":\"EntryPoint\",\"urlTemplate\":\"https:\\\/\\\/www.laguiadepamplona.com\\\/actualidad\\\/?s={search_term_string}\"},\"query-input\":{\"@type\":\"PropertyValueSpecification\",\"valueRequired\":true,\"valueName\":\"search_term_string\"}}],\"inLanguage\":\"es\"},{\"@type\":\"Organization\",\"@id\":\"https:\\\/\\\/www.laguiadepamplona.com\\\/actualidad\\\/#organization\",\"name\":\"La Gu\u00eda de Pamplona \\\/ Noticias\",\"url\":\"https:\\\/\\\/www.laguiadepamplona.com\\\/actualidad\\\/\",\"logo\":{\"@type\":\"ImageObject\",\"inLanguage\":\"es\",\"@id\":\"https:\\\/\\\/www.laguiadepamplona.com\\\/actualidad\\\/#\\\/schema\\\/logo\\\/image\\\/\",\"url\":\"https:\\\/\\\/www.laguiadepamplona.com\\\/actualidad\\\/wp-content\\\/uploads\\\/2018\\\/11\\\/logo-laguiadepamplona18-web1.png\",\"contentUrl\":\"https:\\\/\\\/www.laguiadepamplona.com\\\/actualidad\\\/wp-content\\\/uploads\\\/2018\\\/11\\\/logo-laguiadepamplona18-web1.png\",\"width\":600,\"height\":196,\"caption\":\"La Gu\u00eda de Pamplona \\\/ Noticias\"},\"image\":{\"@id\":\"https:\\\/\\\/www.laguiadepamplona.com\\\/actualidad\\\/#\\\/schema\\\/logo\\\/image\\\/\"},\"sameAs\":[\"https:\\\/\\\/www.facebook.com\\\/laguiadepamplonacom-133175176762273\\\/?ref=hl\",\"https:\\\/\\\/x.com\\\/LaGuiadPamplona\",\"https:\\\/\\\/www.instagram.com\\\/la_guia_de_pamplona\\\/\",\"https:\\\/\\\/www.youtube.com\\\/user\\\/laguiadepamplona\"]},{\"@type\":\"Person\",\"@id\":\"https:\\\/\\\/www.laguiadepamplona.com\\\/actualidad\\\/#\\\/schema\\\/person\\\/efe887376f0213d4657c93adc50b1fdb\",\"name\":\"La Gu\u00eda de Pamplona\",\"image\":{\"@type\":\"ImageObject\",\"inLanguage\":\"es\",\"@id\":\"https:\\\/\\\/secure.gravatar.com\\\/avatar\\\/b6992f131dc8d30ab0dff15446e9d346d9dbd95992de0fef795073f5ea83a81c?s=96&d=mm&r=g\",\"url\":\"https:\\\/\\\/secure.gravatar.com\\\/avatar\\\/b6992f131dc8d30ab0dff15446e9d346d9dbd95992de0fef795073f5ea83a81c?s=96&d=mm&r=g\",\"contentUrl\":\"https:\\\/\\\/secure.gravatar.com\\\/avatar\\\/b6992f131dc8d30ab0dff15446e9d346d9dbd95992de0fef795073f5ea83a81c?s=96&d=mm&r=g\",\"caption\":\"La Gu\u00eda de Pamplona\"}}]}<\/script>\n<!-- \/ Yoast SEO plugin. -->","yoast_head_json":{"title":"Sanfermines, Festival de las Murallas, Flamenco on Fire y Privilegio de la Uni\u00f3n, principales apuestas tur\u00edsticas de la campa\u00f1a \u2018Di Pamplona \u00a1y sonr\u00ede!\u2019 para este verano","description":"Pamplona vuelve a dirigirse principalmente a las familias, j\u00f3venes y parejas, para captar turismo estival y tambi\u00e9n en otras \u00e9pocas del a\u00f1o","robots":{"index":"index","follow":"follow","max-snippet":"max-snippet:-1","max-image-preview":"max-image-preview:large","max-video-preview":"max-video-preview:-1"},"canonical":"https:\/\/www.laguiadepamplona.com\/actualidad\/sanfermines-festival-de-las-murallas-flamenco-on-fire-y-privilegio-de-la-union-principales-apuestas-turisticas-de-la-campana-di-pamplona-y-sonrie-para-este-verano\/","og_locale":"es_ES","og_type":"article","og_title":"Sanfermines, Festival de las Murallas, Flamenco on Fire y Privilegio de la Uni\u00f3n, principales apuestas tur\u00edsticas de la campa\u00f1a \u2018Di Pamplona \u00a1y sonr\u00ede!\u2019 para este verano","og_description":"Pamplona vuelve a dirigirse principalmente a las familias, j\u00f3venes y parejas, para captar turismo estival y tambi\u00e9n en otras \u00e9pocas del a\u00f1o","og_url":"https:\/\/www.laguiadepamplona.com\/actualidad\/sanfermines-festival-de-las-murallas-flamenco-on-fire-y-privilegio-de-la-union-principales-apuestas-turisticas-de-la-campana-di-pamplona-y-sonrie-para-este-verano\/","og_site_name":"La Gu\u00eda de Pamplona","article_publisher":"https:\/\/www.facebook.com\/laguiadepamplonacom-133175176762273\/?ref=hl","article_published_time":"2023-05-24T10:54:49+00:00","og_image":[{"width":1081,"height":1081,"url":"https:\/\/www.laguiadepamplona.com\/actualidad\/wp-content\/uploads\/2023\/05\/di-pamplona-sonrie.webp","type":"image\/webp"}],"author":"La Gu\u00eda de Pamplona","twitter_card":"summary_large_image","twitter_creator":"@LaGuiadPamplona","twitter_site":"@LaGuiadPamplona","twitter_misc":{"Escrito por":"La Gu\u00eda de Pamplona","Tiempo de lectura":"3 minutos"},"schema":{"@context":"https:\/\/schema.org","@graph":[{"@type":"Article","@id":"https:\/\/www.laguiadepamplona.com\/actualidad\/sanfermines-festival-de-las-murallas-flamenco-on-fire-y-privilegio-de-la-union-principales-apuestas-turisticas-de-la-campana-di-pamplona-y-sonrie-para-este-verano\/#article","isPartOf":{"@id":"https:\/\/www.laguiadepamplona.com\/actualidad\/sanfermines-festival-de-las-murallas-flamenco-on-fire-y-privilegio-de-la-union-principales-apuestas-turisticas-de-la-campana-di-pamplona-y-sonrie-para-este-verano\/"},"author":{"name":"La Gu\u00eda de Pamplona","@id":"https:\/\/www.laguiadepamplona.com\/actualidad\/#\/schema\/person\/efe887376f0213d4657c93adc50b1fdb"},"headline":"Sanfermines, Festival de las Murallas, Flamenco on Fire y Privilegio de la Uni\u00f3n, principales apuestas tur\u00edsticas de la campa\u00f1a \u2018Di Pamplona \u00a1y sonr\u00ede!\u2019 para este verano","datePublished":"2023-05-24T10:54:49+00:00","mainEntityOfPage":{"@id":"https:\/\/www.laguiadepamplona.com\/actualidad\/sanfermines-festival-de-las-murallas-flamenco-on-fire-y-privilegio-de-la-union-principales-apuestas-turisticas-de-la-campana-di-pamplona-y-sonrie-para-este-verano\/"},"wordCount":639,"commentCount":0,"publisher":{"@id":"https:\/\/www.laguiadepamplona.com\/actualidad\/#organization"},"image":{"@id":"https:\/\/www.laguiadepamplona.com\/actualidad\/sanfermines-festival-de-las-murallas-flamenco-on-fire-y-privilegio-de-la-union-principales-apuestas-turisticas-de-la-campana-di-pamplona-y-sonrie-para-este-verano\/#primaryimage"},"thumbnailUrl":"https:\/\/www.laguiadepamplona.com\/actualidad\/wp-content\/uploads\/2023\/05\/di-pamplona-sonrie.webp","articleSection":["Ayto Pamplona"],"inLanguage":"es","potentialAction":[{"@type":"CommentAction","name":"Comment","target":["https:\/\/www.laguiadepamplona.com\/actualidad\/sanfermines-festival-de-las-murallas-flamenco-on-fire-y-privilegio-de-la-union-principales-apuestas-turisticas-de-la-campana-di-pamplona-y-sonrie-para-este-verano\/#respond"]}]},{"@type":"WebPage","@id":"https:\/\/www.laguiadepamplona.com\/actualidad\/sanfermines-festival-de-las-murallas-flamenco-on-fire-y-privilegio-de-la-union-principales-apuestas-turisticas-de-la-campana-di-pamplona-y-sonrie-para-este-verano\/","url":"https:\/\/www.laguiadepamplona.com\/actualidad\/sanfermines-festival-de-las-murallas-flamenco-on-fire-y-privilegio-de-la-union-principales-apuestas-turisticas-de-la-campana-di-pamplona-y-sonrie-para-este-verano\/","name":"Sanfermines, Festival de las Murallas, Flamenco on Fire y Privilegio de la Uni\u00f3n, principales apuestas tur\u00edsticas de la campa\u00f1a \u2018Di Pamplona \u00a1y sonr\u00ede!\u2019 para este verano","isPartOf":{"@id":"https:\/\/www.laguiadepamplona.com\/actualidad\/#website"},"primaryImageOfPage":{"@id":"https:\/\/www.laguiadepamplona.com\/actualidad\/sanfermines-festival-de-las-murallas-flamenco-on-fire-y-privilegio-de-la-union-principales-apuestas-turisticas-de-la-campana-di-pamplona-y-sonrie-para-este-verano\/#primaryimage"},"image":{"@id":"https:\/\/www.laguiadepamplona.com\/actualidad\/sanfermines-festival-de-las-murallas-flamenco-on-fire-y-privilegio-de-la-union-principales-apuestas-turisticas-de-la-campana-di-pamplona-y-sonrie-para-este-verano\/#primaryimage"},"thumbnailUrl":"https:\/\/www.laguiadepamplona.com\/actualidad\/wp-content\/uploads\/2023\/05\/di-pamplona-sonrie.webp","datePublished":"2023-05-24T10:54:49+00:00","description":"Pamplona vuelve a dirigirse principalmente a las familias, j\u00f3venes y parejas, para captar turismo estival y tambi\u00e9n en otras \u00e9pocas del a\u00f1o","breadcrumb":{"@id":"https:\/\/www.laguiadepamplona.com\/actualidad\/sanfermines-festival-de-las-murallas-flamenco-on-fire-y-privilegio-de-la-union-principales-apuestas-turisticas-de-la-campana-di-pamplona-y-sonrie-para-este-verano\/#breadcrumb"},"inLanguage":"es","potentialAction":[{"@type":"ReadAction","target":["https:\/\/www.laguiadepamplona.com\/actualidad\/sanfermines-festival-de-las-murallas-flamenco-on-fire-y-privilegio-de-la-union-principales-apuestas-turisticas-de-la-campana-di-pamplona-y-sonrie-para-este-verano\/"]}]},{"@type":"ImageObject","inLanguage":"es","@id":"https:\/\/www.laguiadepamplona.com\/actualidad\/sanfermines-festival-de-las-murallas-flamenco-on-fire-y-privilegio-de-la-union-principales-apuestas-turisticas-de-la-campana-di-pamplona-y-sonrie-para-este-verano\/#primaryimage","url":"https:\/\/www.laguiadepamplona.com\/actualidad\/wp-content\/uploads\/2023\/05\/di-pamplona-sonrie.webp","contentUrl":"https:\/\/www.laguiadepamplona.com\/actualidad\/wp-content\/uploads\/2023\/05\/di-pamplona-sonrie.webp","width":1081,"height":1081},{"@type":"BreadcrumbList","@id":"https:\/\/www.laguiadepamplona.com\/actualidad\/sanfermines-festival-de-las-murallas-flamenco-on-fire-y-privilegio-de-la-union-principales-apuestas-turisticas-de-la-campana-di-pamplona-y-sonrie-para-este-verano\/#breadcrumb","itemListElement":[{"@type":"ListItem","position":1,"name":"Portada","item":"https:\/\/www.laguiadepamplona.com\/actualidad\/"},{"@type":"ListItem","position":2,"name":"Sanfermines, Festival de las Murallas, Flamenco on Fire y Privilegio de la Uni\u00f3n, principales apuestas tur\u00edsticas de la campa\u00f1a \u2018Di Pamplona \u00a1y sonr\u00ede!\u2019 para este verano"}]},{"@type":"WebSite","@id":"https:\/\/www.laguiadepamplona.com\/actualidad\/#website","url":"https:\/\/www.laguiadepamplona.com\/actualidad\/","name":"La gu\u00eda de Pamplona","description":"Noticias de Pamplona","publisher":{"@id":"https:\/\/www.laguiadepamplona.com\/actualidad\/#organization"},"potentialAction":[{"@type":"SearchAction","target":{"@type":"EntryPoint","urlTemplate":"https:\/\/www.laguiadepamplona.com\/actualidad\/?s={search_term_string}"},"query-input":{"@type":"PropertyValueSpecification","valueRequired":true,"valueName":"search_term_string"}}],"inLanguage":"es"},{"@type":"Organization","@id":"https:\/\/www.laguiadepamplona.com\/actualidad\/#organization","name":"La Gu\u00eda de Pamplona \/ Noticias","url":"https:\/\/www.laguiadepamplona.com\/actualidad\/","logo":{"@type":"ImageObject","inLanguage":"es","@id":"https:\/\/www.laguiadepamplona.com\/actualidad\/#\/schema\/logo\/image\/","url":"https:\/\/www.laguiadepamplona.com\/actualidad\/wp-content\/uploads\/2018\/11\/logo-laguiadepamplona18-web1.png","contentUrl":"https:\/\/www.laguiadepamplona.com\/actualidad\/wp-content\/uploads\/2018\/11\/logo-laguiadepamplona18-web1.png","width":600,"height":196,"caption":"La Gu\u00eda de Pamplona \/ Noticias"},"image":{"@id":"https:\/\/www.laguiadepamplona.com\/actualidad\/#\/schema\/logo\/image\/"},"sameAs":["https:\/\/www.facebook.com\/laguiadepamplonacom-133175176762273\/?ref=hl","https:\/\/x.com\/LaGuiadPamplona","https:\/\/www.instagram.com\/la_guia_de_pamplona\/","https:\/\/www.youtube.com\/user\/laguiadepamplona"]},{"@type":"Person","@id":"https:\/\/www.laguiadepamplona.com\/actualidad\/#\/schema\/person\/efe887376f0213d4657c93adc50b1fdb","name":"La Gu\u00eda de Pamplona","image":{"@type":"ImageObject","inLanguage":"es","@id":"https:\/\/secure.gravatar.com\/avatar\/b6992f131dc8d30ab0dff15446e9d346d9dbd95992de0fef795073f5ea83a81c?s=96&d=mm&r=g","url":"https:\/\/secure.gravatar.com\/avatar\/b6992f131dc8d30ab0dff15446e9d346d9dbd95992de0fef795073f5ea83a81c?s=96&d=mm&r=g","contentUrl":"https:\/\/secure.gravatar.com\/avatar\/b6992f131dc8d30ab0dff15446e9d346d9dbd95992de0fef795073f5ea83a81c?s=96&d=mm&r=g","caption":"La Gu\u00eda de Pamplona"}}]}},"post_mailing_queue_ids":[],"_links":{"self":[{"href":"https:\/\/www.laguiadepamplona.com\/actualidad\/wp-json\/wp\/v2\/posts\/46795","targetHints":{"allow":["GET"]}}],"collection":[{"href":"https:\/\/www.laguiadepamplona.com\/actualidad\/wp-json\/wp\/v2\/posts"}],"about":[{"href":"https:\/\/www.laguiadepamplona.com\/actualidad\/wp-json\/wp\/v2\/types\/post"}],"author":[{"embeddable":true,"href":"https:\/\/www.laguiadepamplona.com\/actualidad\/wp-json\/wp\/v2\/users\/1"}],"replies":[{"embeddable":true,"href":"https:\/\/www.laguiadepamplona.com\/actualidad\/wp-json\/wp\/v2\/comments?post=46795"}],"version-history":[{"count":1,"href":"https:\/\/www.laguiadepamplona.com\/actualidad\/wp-json\/wp\/v2\/posts\/46795\/revisions"}],"predecessor-version":[{"id":46797,"href":"https:\/\/www.laguiadepamplona.com\/actualidad\/wp-json\/wp\/v2\/posts\/46795\/revisions\/46797"}],"wp:featuredmedia":[{"embeddable":true,"href":"https:\/\/www.laguiadepamplona.com\/actualidad\/wp-json\/wp\/v2\/media\/46796"}],"wp:attachment":[{"href":"https:\/\/www.laguiadepamplona.com\/actualidad\/wp-json\/wp\/v2\/media?parent=46795"}],"wp:term":[{"taxonomy":"category","embeddable":true,"href":"https:\/\/www.laguiadepamplona.com\/actualidad\/wp-json\/wp\/v2\/categories?post=46795"},{"taxonomy":"post_tag","embeddable":true,"href":"https:\/\/www.laguiadepamplona.com\/actualidad\/wp-json\/wp\/v2\/tags?post=46795"}],"curies":[{"name":"wp","href":"https:\/\/api.w.org\/{rel}","templated":true}]}}