{"id":46783,"date":"2023-05-23T12:25:45","date_gmt":"2023-05-23T10:25:45","guid":{"rendered":"https:\/\/www.laguiadepamplona.com\/actualidad\/?p=46783"},"modified":"2023-05-23T12:25:45","modified_gmt":"2023-05-23T10:25:45","slug":"el-ayuntamiento-de-pamplona-recibe-a-participantes-y-docentes-del-curso-de-especializacion-en-intervencion-social-con-la-comunidad-gitana","status":"publish","type":"post","link":"https:\/\/www.laguiadepamplona.com\/actualidad\/el-ayuntamiento-de-pamplona-recibe-a-participantes-y-docentes-del-curso-de-especializacion-en-intervencion-social-con-la-comunidad-gitana\/","title":{"rendered":"El Ayuntamiento de Pamplona recibe a participantes y docentes del curso de especializaci\u00f3n en Intervenci\u00f3n Social con la Comunidad Gitana"},"content":{"rendered":"<h3>Est\u00e1 impartido por la UPNA en colaboraci\u00f3n con la Fundaci\u00f3n Secretariado Gitano y tiene el apoyo del Ministerio de Derechos Sociales y Agenda 2030<\/h3>\n<p><!--more--><\/p>\n<p>El alcalde de Pamplona, Enrique Maya, acompa\u00f1ado por miembros de la Corporaci\u00f3n municipal, ha recibido a los participantes del Diploma de Especializaci\u00f3n en Intervenci\u00f3n Social con la Comunidad Gitana que, desde el a\u00f1o 2009, imparte la Universidad P\u00fablica de Navarra (UPNA). Esta titulaci\u00f3n es un diploma de especializaci\u00f3n que permite a su alumnado capacitarse en la gesti\u00f3n de organizaciones, equipos y programas de intervenci\u00f3n con personas de la comunidad roman\u00ed. Encabezando al alumnado en la recepci\u00f3n han participado Jos\u00e9 Mar\u00eda Uribe Oyarbide, docente de la UPNA y director acad\u00e9mico del curso, e In\u00e9s Garc\u00eda, directora de Acci\u00f3n de la Fundaci\u00f3n de Secretariado Gitano (FSG).<\/p>\n<p>Y es que la iniciativa did\u00e1ctica se realiza en colaboraci\u00f3n con esa entidad y con el apoyo del Ministerio de Derechos Sociales y Agenda 2030 y se enmarca en la l\u00ednea de trabajo de construir una estrategia orientada a la eliminaci\u00f3n de la discriminaci\u00f3n y la disminuci\u00f3n de la desigualdad que afecta a la comunidad gitana en Espa\u00f1a. El curso, que comenz\u00f3 el pasado septiembre, ha alternado sesiones <em>on line<\/em> con convocatorias presenciales.<br \/>\n<script async src=\"\/\/pagead2.googlesyndication.com\/pagead\/js\/adsbygoogle.js\"><\/script><br \/>\n<!-- Noticias La Guia de Pamplona --><br \/>\n<ins class=\"adsbygoogle\"\nstyle=\"display:block\"\ndata-ad-client=\"ca-pub-6943679897239327\"\ndata-ad-slot=\"7048180777\"\ndata-ad-format=\"auto\"><\/ins><br \/>\n<script>\n(adsbygoogle = window.adsbygoogle || []).push({});\n<\/script><\/p>\n<p>El Ayuntamiento de Pamplona, tambi\u00e9n sensible a este tema, aporta desde hace tres a\u00f1os la implementaci\u00f3n un programa de intervenci\u00f3n sociocomunitaria intensiva para impulsar la convivencia intercultural en el barrio de la Milagrosa con la poblaci\u00f3n gitana de origen rumano. Seg\u00fan los estudios el 90% de las unidades familiares de esa etnia y procedencia, residentes en Pamplona, se han ido asentando en ese barrio de la ciudad en la \u00faltima d\u00e9cada.<\/p>\n<p>El objetivo del programa municipal es trabajar por la inclusi\u00f3n de la poblaci\u00f3n rom\u00e1 en la sociedad en condiciones de igualdad con el resto de la ciudadan\u00eda mediante un acompa\u00f1amiento individual de alta intensidad sobre \u00e1mbitos en los que se han detectado deficiencias, entre ellos los de empleo, vivienda, salud, educaci\u00f3n, igualdad y ocio y tiempo libre. Adem\u00e1s de la intervenci\u00f3n individual, el proyecto est\u00e1 enfocado en clave de coordinaci\u00f3n, cooperaci\u00f3n y trabajo en red para sensibilizar y visibilizar en positivo ese colectivo ante la ciudadan\u00eda.<\/p>\n","protected":false},"excerpt":{"rendered":"<p>Est\u00e1 impartido por la UPNA en colaboraci\u00f3n con la Fundaci\u00f3n Secretariado Gitano y tiene el apoyo del Ministerio de Derechos Sociales y Agenda 2030<\/p>\n","protected":false},"author":1,"featured_media":46784,"comment_status":"open","ping_status":"closed","sticky":false,"template":"","format":"standard","meta":{"footnotes":""},"categories":[2],"tags":[],"class_list":["post-46783","post","type-post","status-publish","format-standard","has-post-thumbnail","hentry","category-ayuntamiento-pamplona"],"yoast_head":"<!-- This site is optimized with the Yoast SEO plugin v27.3 - https:\/\/yoast.com\/product\/yoast-seo-wordpress\/ -->\n<title>El Ayuntamiento de Pamplona recibe a participantes y docentes del curso de especializaci\u00f3n en Intervenci\u00f3n Social con la Comunidad Gitana<\/title>\n<meta name=\"description\" content=\"Est\u00e1 impartido por la UPNA en colaboraci\u00f3n con la Fundaci\u00f3n Secretariado Gitano y tiene el apoyo del Ministerio de Derechos Sociales y Agenda 2030\" \/>\n<meta name=\"robots\" content=\"index, follow, max-snippet:-1, max-image-preview:large, max-video-preview:-1\" \/>\n<link rel=\"canonical\" href=\"https:\/\/www.laguiadepamplona.com\/actualidad\/el-ayuntamiento-de-pamplona-recibe-a-participantes-y-docentes-del-curso-de-especializacion-en-intervencion-social-con-la-comunidad-gitana\/\" \/>\n<meta property=\"og:locale\" content=\"es_ES\" \/>\n<meta property=\"og:type\" content=\"article\" \/>\n<meta property=\"og:title\" content=\"El Ayuntamiento de Pamplona recibe a participantes y docentes del curso de especializaci\u00f3n en Intervenci\u00f3n Social con la Comunidad Gitana\" \/>\n<meta property=\"og:description\" content=\"Est\u00e1 impartido por la UPNA en colaboraci\u00f3n con la Fundaci\u00f3n Secretariado Gitano y tiene el apoyo del Ministerio de Derechos Sociales y Agenda 2030\" \/>\n<meta property=\"og:url\" content=\"https:\/\/www.laguiadepamplona.com\/actualidad\/el-ayuntamiento-de-pamplona-recibe-a-participantes-y-docentes-del-curso-de-especializacion-en-intervencion-social-con-la-comunidad-gitana\/\" \/>\n<meta property=\"og:site_name\" content=\"La Gu\u00eda de Pamplona\" \/>\n<meta property=\"article:publisher\" content=\"https:\/\/www.facebook.com\/laguiadepamplonacom-133175176762273\/?ref=hl\" \/>\n<meta property=\"article:published_time\" content=\"2023-05-23T10:25:45+00:00\" \/>\n<meta property=\"og:image\" content=\"https:\/\/www.laguiadepamplona.com\/actualidad\/wp-content\/uploads\/2023\/05\/comunidadgitanaupnaee5a4954_0.webp\" \/>\n\t<meta property=\"og:image:width\" content=\"1920\" \/>\n\t<meta property=\"og:image:height\" content=\"1280\" \/>\n\t<meta property=\"og:image:type\" content=\"image\/webp\" \/>\n<meta name=\"author\" content=\"La Gu\u00eda de Pamplona\" \/>\n<meta name=\"twitter:card\" content=\"summary_large_image\" \/>\n<meta name=\"twitter:creator\" content=\"@LaGuiadPamplona\" \/>\n<meta name=\"twitter:site\" content=\"@LaGuiadPamplona\" \/>\n<meta name=\"twitter:label1\" content=\"Escrito por\" \/>\n\t<meta name=\"twitter:data1\" content=\"La Gu\u00eda de Pamplona\" \/>\n\t<meta name=\"twitter:label2\" content=\"Tiempo de lectura\" \/>\n\t<meta name=\"twitter:data2\" content=\"2 minutos\" \/>\n<script type=\"application\/ld+json\" class=\"yoast-schema-graph\">{\"@context\":\"https:\\\/\\\/schema.org\",\"@graph\":[{\"@type\":\"Article\",\"@id\":\"https:\\\/\\\/www.laguiadepamplona.com\\\/actualidad\\\/el-ayuntamiento-de-pamplona-recibe-a-participantes-y-docentes-del-curso-de-especializacion-en-intervencion-social-con-la-comunidad-gitana\\\/#article\",\"isPartOf\":{\"@id\":\"https:\\\/\\\/www.laguiadepamplona.com\\\/actualidad\\\/el-ayuntamiento-de-pamplona-recibe-a-participantes-y-docentes-del-curso-de-especializacion-en-intervencion-social-con-la-comunidad-gitana\\\/\"},\"author\":{\"name\":\"La Gu\u00eda de Pamplona\",\"@id\":\"https:\\\/\\\/www.laguiadepamplona.com\\\/actualidad\\\/#\\\/schema\\\/person\\\/efe887376f0213d4657c93adc50b1fdb\"},\"headline\":\"El Ayuntamiento de Pamplona recibe a participantes y docentes del curso de especializaci\u00f3n en Intervenci\u00f3n Social con la Comunidad Gitana\",\"datePublished\":\"2023-05-23T10:25:45+00:00\",\"mainEntityOfPage\":{\"@id\":\"https:\\\/\\\/www.laguiadepamplona.com\\\/actualidad\\\/el-ayuntamiento-de-pamplona-recibe-a-participantes-y-docentes-del-curso-de-especializacion-en-intervencion-social-con-la-comunidad-gitana\\\/\"},\"wordCount\":419,\"commentCount\":0,\"publisher\":{\"@id\":\"https:\\\/\\\/www.laguiadepamplona.com\\\/actualidad\\\/#organization\"},\"image\":{\"@id\":\"https:\\\/\\\/www.laguiadepamplona.com\\\/actualidad\\\/el-ayuntamiento-de-pamplona-recibe-a-participantes-y-docentes-del-curso-de-especializacion-en-intervencion-social-con-la-comunidad-gitana\\\/#primaryimage\"},\"thumbnailUrl\":\"https:\\\/\\\/www.laguiadepamplona.com\\\/actualidad\\\/wp-content\\\/uploads\\\/2023\\\/05\\\/comunidadgitanaupnaee5a4954_0.webp\",\"articleSection\":[\"Ayto Pamplona\"],\"inLanguage\":\"es\",\"potentialAction\":[{\"@type\":\"CommentAction\",\"name\":\"Comment\",\"target\":[\"https:\\\/\\\/www.laguiadepamplona.com\\\/actualidad\\\/el-ayuntamiento-de-pamplona-recibe-a-participantes-y-docentes-del-curso-de-especializacion-en-intervencion-social-con-la-comunidad-gitana\\\/#respond\"]}]},{\"@type\":\"WebPage\",\"@id\":\"https:\\\/\\\/www.laguiadepamplona.com\\\/actualidad\\\/el-ayuntamiento-de-pamplona-recibe-a-participantes-y-docentes-del-curso-de-especializacion-en-intervencion-social-con-la-comunidad-gitana\\\/\",\"url\":\"https:\\\/\\\/www.laguiadepamplona.com\\\/actualidad\\\/el-ayuntamiento-de-pamplona-recibe-a-participantes-y-docentes-del-curso-de-especializacion-en-intervencion-social-con-la-comunidad-gitana\\\/\",\"name\":\"El Ayuntamiento de Pamplona recibe a participantes y docentes del curso de especializaci\u00f3n en Intervenci\u00f3n Social con la Comunidad Gitana\",\"isPartOf\":{\"@id\":\"https:\\\/\\\/www.laguiadepamplona.com\\\/actualidad\\\/#website\"},\"primaryImageOfPage\":{\"@id\":\"https:\\\/\\\/www.laguiadepamplona.com\\\/actualidad\\\/el-ayuntamiento-de-pamplona-recibe-a-participantes-y-docentes-del-curso-de-especializacion-en-intervencion-social-con-la-comunidad-gitana\\\/#primaryimage\"},\"image\":{\"@id\":\"https:\\\/\\\/www.laguiadepamplona.com\\\/actualidad\\\/el-ayuntamiento-de-pamplona-recibe-a-participantes-y-docentes-del-curso-de-especializacion-en-intervencion-social-con-la-comunidad-gitana\\\/#primaryimage\"},\"thumbnailUrl\":\"https:\\\/\\\/www.laguiadepamplona.com\\\/actualidad\\\/wp-content\\\/uploads\\\/2023\\\/05\\\/comunidadgitanaupnaee5a4954_0.webp\",\"datePublished\":\"2023-05-23T10:25:45+00:00\",\"description\":\"Est\u00e1 impartido por la UPNA en colaboraci\u00f3n con la Fundaci\u00f3n Secretariado Gitano y tiene el apoyo del Ministerio de Derechos Sociales y Agenda 2030\",\"breadcrumb\":{\"@id\":\"https:\\\/\\\/www.laguiadepamplona.com\\\/actualidad\\\/el-ayuntamiento-de-pamplona-recibe-a-participantes-y-docentes-del-curso-de-especializacion-en-intervencion-social-con-la-comunidad-gitana\\\/#breadcrumb\"},\"inLanguage\":\"es\",\"potentialAction\":[{\"@type\":\"ReadAction\",\"target\":[\"https:\\\/\\\/www.laguiadepamplona.com\\\/actualidad\\\/el-ayuntamiento-de-pamplona-recibe-a-participantes-y-docentes-del-curso-de-especializacion-en-intervencion-social-con-la-comunidad-gitana\\\/\"]}]},{\"@type\":\"ImageObject\",\"inLanguage\":\"es\",\"@id\":\"https:\\\/\\\/www.laguiadepamplona.com\\\/actualidad\\\/el-ayuntamiento-de-pamplona-recibe-a-participantes-y-docentes-del-curso-de-especializacion-en-intervencion-social-con-la-comunidad-gitana\\\/#primaryimage\",\"url\":\"https:\\\/\\\/www.laguiadepamplona.com\\\/actualidad\\\/wp-content\\\/uploads\\\/2023\\\/05\\\/comunidadgitanaupnaee5a4954_0.webp\",\"contentUrl\":\"https:\\\/\\\/www.laguiadepamplona.com\\\/actualidad\\\/wp-content\\\/uploads\\\/2023\\\/05\\\/comunidadgitanaupnaee5a4954_0.webp\",\"width\":1920,\"height\":1280},{\"@type\":\"BreadcrumbList\",\"@id\":\"https:\\\/\\\/www.laguiadepamplona.com\\\/actualidad\\\/el-ayuntamiento-de-pamplona-recibe-a-participantes-y-docentes-del-curso-de-especializacion-en-intervencion-social-con-la-comunidad-gitana\\\/#breadcrumb\",\"itemListElement\":[{\"@type\":\"ListItem\",\"position\":1,\"name\":\"Portada\",\"item\":\"https:\\\/\\\/www.laguiadepamplona.com\\\/actualidad\\\/\"},{\"@type\":\"ListItem\",\"position\":2,\"name\":\"El Ayuntamiento de Pamplona recibe a participantes y docentes del curso de especializaci\u00f3n en Intervenci\u00f3n Social con la Comunidad Gitana\"}]},{\"@type\":\"WebSite\",\"@id\":\"https:\\\/\\\/www.laguiadepamplona.com\\\/actualidad\\\/#website\",\"url\":\"https:\\\/\\\/www.laguiadepamplona.com\\\/actualidad\\\/\",\"name\":\"La gu\u00eda de Pamplona\",\"description\":\"Noticias de Pamplona\",\"publisher\":{\"@id\":\"https:\\\/\\\/www.laguiadepamplona.com\\\/actualidad\\\/#organization\"},\"potentialAction\":[{\"@type\":\"SearchAction\",\"target\":{\"@type\":\"EntryPoint\",\"urlTemplate\":\"https:\\\/\\\/www.laguiadepamplona.com\\\/actualidad\\\/?s={search_term_string}\"},\"query-input\":{\"@type\":\"PropertyValueSpecification\",\"valueRequired\":true,\"valueName\":\"search_term_string\"}}],\"inLanguage\":\"es\"},{\"@type\":\"Organization\",\"@id\":\"https:\\\/\\\/www.laguiadepamplona.com\\\/actualidad\\\/#organization\",\"name\":\"La Gu\u00eda de Pamplona \\\/ Noticias\",\"url\":\"https:\\\/\\\/www.laguiadepamplona.com\\\/actualidad\\\/\",\"logo\":{\"@type\":\"ImageObject\",\"inLanguage\":\"es\",\"@id\":\"https:\\\/\\\/www.laguiadepamplona.com\\\/actualidad\\\/#\\\/schema\\\/logo\\\/image\\\/\",\"url\":\"https:\\\/\\\/www.laguiadepamplona.com\\\/actualidad\\\/wp-content\\\/uploads\\\/2018\\\/11\\\/logo-laguiadepamplona18-web1.png\",\"contentUrl\":\"https:\\\/\\\/www.laguiadepamplona.com\\\/actualidad\\\/wp-content\\\/uploads\\\/2018\\\/11\\\/logo-laguiadepamplona18-web1.png\",\"width\":600,\"height\":196,\"caption\":\"La Gu\u00eda de Pamplona \\\/ Noticias\"},\"image\":{\"@id\":\"https:\\\/\\\/www.laguiadepamplona.com\\\/actualidad\\\/#\\\/schema\\\/logo\\\/image\\\/\"},\"sameAs\":[\"https:\\\/\\\/www.facebook.com\\\/laguiadepamplonacom-133175176762273\\\/?ref=hl\",\"https:\\\/\\\/x.com\\\/LaGuiadPamplona\",\"https:\\\/\\\/www.instagram.com\\\/la_guia_de_pamplona\\\/\",\"https:\\\/\\\/www.youtube.com\\\/user\\\/laguiadepamplona\"]},{\"@type\":\"Person\",\"@id\":\"https:\\\/\\\/www.laguiadepamplona.com\\\/actualidad\\\/#\\\/schema\\\/person\\\/efe887376f0213d4657c93adc50b1fdb\",\"name\":\"La Gu\u00eda de Pamplona\",\"image\":{\"@type\":\"ImageObject\",\"inLanguage\":\"es\",\"@id\":\"https:\\\/\\\/secure.gravatar.com\\\/avatar\\\/b6992f131dc8d30ab0dff15446e9d346d9dbd95992de0fef795073f5ea83a81c?s=96&d=mm&r=g\",\"url\":\"https:\\\/\\\/secure.gravatar.com\\\/avatar\\\/b6992f131dc8d30ab0dff15446e9d346d9dbd95992de0fef795073f5ea83a81c?s=96&d=mm&r=g\",\"contentUrl\":\"https:\\\/\\\/secure.gravatar.com\\\/avatar\\\/b6992f131dc8d30ab0dff15446e9d346d9dbd95992de0fef795073f5ea83a81c?s=96&d=mm&r=g\",\"caption\":\"La Gu\u00eda de Pamplona\"}}]}<\/script>\n<!-- \/ Yoast SEO plugin. -->","yoast_head_json":{"title":"El Ayuntamiento de Pamplona recibe a participantes y docentes del curso de especializaci\u00f3n en Intervenci\u00f3n Social con la Comunidad Gitana","description":"Est\u00e1 impartido por la UPNA en colaboraci\u00f3n con la Fundaci\u00f3n Secretariado Gitano y tiene el apoyo del Ministerio de Derechos Sociales y Agenda 2030","robots":{"index":"index","follow":"follow","max-snippet":"max-snippet:-1","max-image-preview":"max-image-preview:large","max-video-preview":"max-video-preview:-1"},"canonical":"https:\/\/www.laguiadepamplona.com\/actualidad\/el-ayuntamiento-de-pamplona-recibe-a-participantes-y-docentes-del-curso-de-especializacion-en-intervencion-social-con-la-comunidad-gitana\/","og_locale":"es_ES","og_type":"article","og_title":"El Ayuntamiento de Pamplona recibe a participantes y docentes del curso de especializaci\u00f3n en Intervenci\u00f3n Social con la Comunidad Gitana","og_description":"Est\u00e1 impartido por la UPNA en colaboraci\u00f3n con la Fundaci\u00f3n Secretariado Gitano y tiene el apoyo del Ministerio de Derechos Sociales y Agenda 2030","og_url":"https:\/\/www.laguiadepamplona.com\/actualidad\/el-ayuntamiento-de-pamplona-recibe-a-participantes-y-docentes-del-curso-de-especializacion-en-intervencion-social-con-la-comunidad-gitana\/","og_site_name":"La Gu\u00eda de Pamplona","article_publisher":"https:\/\/www.facebook.com\/laguiadepamplonacom-133175176762273\/?ref=hl","article_published_time":"2023-05-23T10:25:45+00:00","og_image":[{"width":1920,"height":1280,"url":"https:\/\/www.laguiadepamplona.com\/actualidad\/wp-content\/uploads\/2023\/05\/comunidadgitanaupnaee5a4954_0.webp","type":"image\/webp"}],"author":"La Gu\u00eda de Pamplona","twitter_card":"summary_large_image","twitter_creator":"@LaGuiadPamplona","twitter_site":"@LaGuiadPamplona","twitter_misc":{"Escrito por":"La Gu\u00eda de Pamplona","Tiempo de lectura":"2 minutos"},"schema":{"@context":"https:\/\/schema.org","@graph":[{"@type":"Article","@id":"https:\/\/www.laguiadepamplona.com\/actualidad\/el-ayuntamiento-de-pamplona-recibe-a-participantes-y-docentes-del-curso-de-especializacion-en-intervencion-social-con-la-comunidad-gitana\/#article","isPartOf":{"@id":"https:\/\/www.laguiadepamplona.com\/actualidad\/el-ayuntamiento-de-pamplona-recibe-a-participantes-y-docentes-del-curso-de-especializacion-en-intervencion-social-con-la-comunidad-gitana\/"},"author":{"name":"La Gu\u00eda de Pamplona","@id":"https:\/\/www.laguiadepamplona.com\/actualidad\/#\/schema\/person\/efe887376f0213d4657c93adc50b1fdb"},"headline":"El Ayuntamiento de Pamplona recibe a participantes y docentes del curso de especializaci\u00f3n en Intervenci\u00f3n Social con la Comunidad Gitana","datePublished":"2023-05-23T10:25:45+00:00","mainEntityOfPage":{"@id":"https:\/\/www.laguiadepamplona.com\/actualidad\/el-ayuntamiento-de-pamplona-recibe-a-participantes-y-docentes-del-curso-de-especializacion-en-intervencion-social-con-la-comunidad-gitana\/"},"wordCount":419,"commentCount":0,"publisher":{"@id":"https:\/\/www.laguiadepamplona.com\/actualidad\/#organization"},"image":{"@id":"https:\/\/www.laguiadepamplona.com\/actualidad\/el-ayuntamiento-de-pamplona-recibe-a-participantes-y-docentes-del-curso-de-especializacion-en-intervencion-social-con-la-comunidad-gitana\/#primaryimage"},"thumbnailUrl":"https:\/\/www.laguiadepamplona.com\/actualidad\/wp-content\/uploads\/2023\/05\/comunidadgitanaupnaee5a4954_0.webp","articleSection":["Ayto Pamplona"],"inLanguage":"es","potentialAction":[{"@type":"CommentAction","name":"Comment","target":["https:\/\/www.laguiadepamplona.com\/actualidad\/el-ayuntamiento-de-pamplona-recibe-a-participantes-y-docentes-del-curso-de-especializacion-en-intervencion-social-con-la-comunidad-gitana\/#respond"]}]},{"@type":"WebPage","@id":"https:\/\/www.laguiadepamplona.com\/actualidad\/el-ayuntamiento-de-pamplona-recibe-a-participantes-y-docentes-del-curso-de-especializacion-en-intervencion-social-con-la-comunidad-gitana\/","url":"https:\/\/www.laguiadepamplona.com\/actualidad\/el-ayuntamiento-de-pamplona-recibe-a-participantes-y-docentes-del-curso-de-especializacion-en-intervencion-social-con-la-comunidad-gitana\/","name":"El Ayuntamiento de Pamplona recibe a participantes y docentes del curso de especializaci\u00f3n en Intervenci\u00f3n Social con la Comunidad Gitana","isPartOf":{"@id":"https:\/\/www.laguiadepamplona.com\/actualidad\/#website"},"primaryImageOfPage":{"@id":"https:\/\/www.laguiadepamplona.com\/actualidad\/el-ayuntamiento-de-pamplona-recibe-a-participantes-y-docentes-del-curso-de-especializacion-en-intervencion-social-con-la-comunidad-gitana\/#primaryimage"},"image":{"@id":"https:\/\/www.laguiadepamplona.com\/actualidad\/el-ayuntamiento-de-pamplona-recibe-a-participantes-y-docentes-del-curso-de-especializacion-en-intervencion-social-con-la-comunidad-gitana\/#primaryimage"},"thumbnailUrl":"https:\/\/www.laguiadepamplona.com\/actualidad\/wp-content\/uploads\/2023\/05\/comunidadgitanaupnaee5a4954_0.webp","datePublished":"2023-05-23T10:25:45+00:00","description":"Est\u00e1 impartido por la UPNA en colaboraci\u00f3n con la Fundaci\u00f3n Secretariado Gitano y tiene el apoyo del Ministerio de Derechos Sociales y Agenda 2030","breadcrumb":{"@id":"https:\/\/www.laguiadepamplona.com\/actualidad\/el-ayuntamiento-de-pamplona-recibe-a-participantes-y-docentes-del-curso-de-especializacion-en-intervencion-social-con-la-comunidad-gitana\/#breadcrumb"},"inLanguage":"es","potentialAction":[{"@type":"ReadAction","target":["https:\/\/www.laguiadepamplona.com\/actualidad\/el-ayuntamiento-de-pamplona-recibe-a-participantes-y-docentes-del-curso-de-especializacion-en-intervencion-social-con-la-comunidad-gitana\/"]}]},{"@type":"ImageObject","inLanguage":"es","@id":"https:\/\/www.laguiadepamplona.com\/actualidad\/el-ayuntamiento-de-pamplona-recibe-a-participantes-y-docentes-del-curso-de-especializacion-en-intervencion-social-con-la-comunidad-gitana\/#primaryimage","url":"https:\/\/www.laguiadepamplona.com\/actualidad\/wp-content\/uploads\/2023\/05\/comunidadgitanaupnaee5a4954_0.webp","contentUrl":"https:\/\/www.laguiadepamplona.com\/actualidad\/wp-content\/uploads\/2023\/05\/comunidadgitanaupnaee5a4954_0.webp","width":1920,"height":1280},{"@type":"BreadcrumbList","@id":"https:\/\/www.laguiadepamplona.com\/actualidad\/el-ayuntamiento-de-pamplona-recibe-a-participantes-y-docentes-del-curso-de-especializacion-en-intervencion-social-con-la-comunidad-gitana\/#breadcrumb","itemListElement":[{"@type":"ListItem","position":1,"name":"Portada","item":"https:\/\/www.laguiadepamplona.com\/actualidad\/"},{"@type":"ListItem","position":2,"name":"El Ayuntamiento de Pamplona recibe a participantes y docentes del curso de especializaci\u00f3n en Intervenci\u00f3n Social con la Comunidad Gitana"}]},{"@type":"WebSite","@id":"https:\/\/www.laguiadepamplona.com\/actualidad\/#website","url":"https:\/\/www.laguiadepamplona.com\/actualidad\/","name":"La gu\u00eda de Pamplona","description":"Noticias de Pamplona","publisher":{"@id":"https:\/\/www.laguiadepamplona.com\/actualidad\/#organization"},"potentialAction":[{"@type":"SearchAction","target":{"@type":"EntryPoint","urlTemplate":"https:\/\/www.laguiadepamplona.com\/actualidad\/?s={search_term_string}"},"query-input":{"@type":"PropertyValueSpecification","valueRequired":true,"valueName":"search_term_string"}}],"inLanguage":"es"},{"@type":"Organization","@id":"https:\/\/www.laguiadepamplona.com\/actualidad\/#organization","name":"La Gu\u00eda de Pamplona \/ Noticias","url":"https:\/\/www.laguiadepamplona.com\/actualidad\/","logo":{"@type":"ImageObject","inLanguage":"es","@id":"https:\/\/www.laguiadepamplona.com\/actualidad\/#\/schema\/logo\/image\/","url":"https:\/\/www.laguiadepamplona.com\/actualidad\/wp-content\/uploads\/2018\/11\/logo-laguiadepamplona18-web1.png","contentUrl":"https:\/\/www.laguiadepamplona.com\/actualidad\/wp-content\/uploads\/2018\/11\/logo-laguiadepamplona18-web1.png","width":600,"height":196,"caption":"La Gu\u00eda de Pamplona \/ Noticias"},"image":{"@id":"https:\/\/www.laguiadepamplona.com\/actualidad\/#\/schema\/logo\/image\/"},"sameAs":["https:\/\/www.facebook.com\/laguiadepamplonacom-133175176762273\/?ref=hl","https:\/\/x.com\/LaGuiadPamplona","https:\/\/www.instagram.com\/la_guia_de_pamplona\/","https:\/\/www.youtube.com\/user\/laguiadepamplona"]},{"@type":"Person","@id":"https:\/\/www.laguiadepamplona.com\/actualidad\/#\/schema\/person\/efe887376f0213d4657c93adc50b1fdb","name":"La Gu\u00eda de Pamplona","image":{"@type":"ImageObject","inLanguage":"es","@id":"https:\/\/secure.gravatar.com\/avatar\/b6992f131dc8d30ab0dff15446e9d346d9dbd95992de0fef795073f5ea83a81c?s=96&d=mm&r=g","url":"https:\/\/secure.gravatar.com\/avatar\/b6992f131dc8d30ab0dff15446e9d346d9dbd95992de0fef795073f5ea83a81c?s=96&d=mm&r=g","contentUrl":"https:\/\/secure.gravatar.com\/avatar\/b6992f131dc8d30ab0dff15446e9d346d9dbd95992de0fef795073f5ea83a81c?s=96&d=mm&r=g","caption":"La Gu\u00eda de Pamplona"}}]}},"post_mailing_queue_ids":[],"_links":{"self":[{"href":"https:\/\/www.laguiadepamplona.com\/actualidad\/wp-json\/wp\/v2\/posts\/46783","targetHints":{"allow":["GET"]}}],"collection":[{"href":"https:\/\/www.laguiadepamplona.com\/actualidad\/wp-json\/wp\/v2\/posts"}],"about":[{"href":"https:\/\/www.laguiadepamplona.com\/actualidad\/wp-json\/wp\/v2\/types\/post"}],"author":[{"embeddable":true,"href":"https:\/\/www.laguiadepamplona.com\/actualidad\/wp-json\/wp\/v2\/users\/1"}],"replies":[{"embeddable":true,"href":"https:\/\/www.laguiadepamplona.com\/actualidad\/wp-json\/wp\/v2\/comments?post=46783"}],"version-history":[{"count":1,"href":"https:\/\/www.laguiadepamplona.com\/actualidad\/wp-json\/wp\/v2\/posts\/46783\/revisions"}],"predecessor-version":[{"id":46785,"href":"https:\/\/www.laguiadepamplona.com\/actualidad\/wp-json\/wp\/v2\/posts\/46783\/revisions\/46785"}],"wp:featuredmedia":[{"embeddable":true,"href":"https:\/\/www.laguiadepamplona.com\/actualidad\/wp-json\/wp\/v2\/media\/46784"}],"wp:attachment":[{"href":"https:\/\/www.laguiadepamplona.com\/actualidad\/wp-json\/wp\/v2\/media?parent=46783"}],"wp:term":[{"taxonomy":"category","embeddable":true,"href":"https:\/\/www.laguiadepamplona.com\/actualidad\/wp-json\/wp\/v2\/categories?post=46783"},{"taxonomy":"post_tag","embeddable":true,"href":"https:\/\/www.laguiadepamplona.com\/actualidad\/wp-json\/wp\/v2\/tags?post=46783"}],"curies":[{"name":"wp","href":"https:\/\/api.w.org\/{rel}","templated":true}]}}