{"id":46780,"date":"2023-05-23T12:23:01","date_gmt":"2023-05-23T10:23:01","guid":{"rendered":"https:\/\/www.laguiadepamplona.com\/actualidad\/?p=46780"},"modified":"2023-05-23T12:23:01","modified_gmt":"2023-05-23T10:23:01","slug":"abierto-el-plazo-para-tres-convocatorias-de-ayudas-a-proyectos-de-cooperacion-internacional-al-desarrollo-y-de-educacion-para-el-desarrollo-y-ciudadania-global","status":"publish","type":"post","link":"https:\/\/www.laguiadepamplona.com\/actualidad\/abierto-el-plazo-para-tres-convocatorias-de-ayudas-a-proyectos-de-cooperacion-internacional-al-desarrollo-y-de-educacion-para-el-desarrollo-y-ciudadania-global\/","title":{"rendered":"Abierto el plazo para tres convocatorias de ayudas a proyectos de cooperaci\u00f3n internacional al desarrollo y de educaci\u00f3n para el desarrollo y ciudadan\u00eda global"},"content":{"rendered":"<h3>El Ayuntamiento destina este a\u00f1o 1.525.319 euros de su presupuesto para el Programa Municipal de Cooperaci\u00f3n Internacional al Desarrollo<\/h3>\n<p><!--more--><\/p>\n<p>El Ayuntamiento de Pamplona ha abierto el plazo de presentaci\u00f3n de solicitudes para tres nuevas convocatorias de subvenciones relacionadas con la cooperaci\u00f3n al desarrollo, por un importe total de 1.113.000 euros. Las tres convocatorias se realizan en r\u00e9gimen de concurrencia competitiva y corresponden a proyectos de cooperaci\u00f3n internacional al desarrollo, dotados con 873.000 euros; a proyectos de cooperaci\u00f3n al desarrollo con entidades locales del Sur, por un importe de 180.000 euros; y a proyectos de educaci\u00f3n para el desarrollo y ciudadan\u00eda global, por una cuant\u00eda de 60.000 euros.<\/p>\n<p>Las solicitudes para las tres convocatorias se presentan de manera telem\u00e1tica a trav\u00e9s del tr\u00e1mite \u2018Solicitud electr\u00f3nica de subvenciones para personas jur\u00eddicas\u2019, publicado en la <a href=\"https:\/\/www.pamplona.es\/\" target=\"_blank\" rel=\"noopener\">Sede Electr\u00f3nica del Ayuntamiento de Pamplona<\/a>. Entre los requisitos comunes a las tres convocatorias se establece que la entidad solicitante debe ser persona jur\u00eddica legalmente constituida, estar inscrita en el Registro de Organizaciones No Gubernamentales de Desarrollo de la Agencia Espa\u00f1ola de Cooperaci\u00f3n Internacional para el Desarrollo (AECID) y tener su domicilio social o delegaci\u00f3n permanente en Pamplona. El fin expreso de la entidad, sin \u00e1nimo de lucro, debe ser la realizaci\u00f3n de actividades relacionadas con la cooperaci\u00f3n al desarrollo y el fomento de la solidaridad entre los pueblos.<\/p>\n<p>El Ayuntamiento de Pamplona ha destinado este a\u00f1o 1.525.319 euros de su presupuesto para el Programa Municipal de Cooperaci\u00f3n Internacional al Desarrollo que impulsa la cooperaci\u00f3n internacional entre los pueblos. Est\u00e1 pendiente de publicaci\u00f3n una convocatoria de concurrencia competitiva extraordinaria de Ayuda de Emergencia Humanitaria, dotada con 30.000 euros, en respuesta a la declaraci\u00f3n institucional presentada en Pleno para mostrar la solidaridad con el pueblo turco y sirio a causa de los terremotos sufridos el pasado mes de febrero.<br \/>\n<script async src=\"\/\/pagead2.googlesyndication.com\/pagead\/js\/adsbygoogle.js\"><\/script><br \/>\n<!-- Noticias La Guia de Pamplona --><br \/>\n<ins class=\"adsbygoogle\"\nstyle=\"display:block\"\ndata-ad-client=\"ca-pub-6943679897239327\"\ndata-ad-slot=\"7048180777\"\ndata-ad-format=\"auto\"><\/ins><br \/>\n<script>\n(adsbygoogle = window.adsbygoogle || []).push({});\n<\/script><\/p>\n<p><strong>Proyectos de cooperaci\u00f3n internacional al desarrollo<\/strong><\/p>\n<p>La convocatoria de proyectos de cooperaci\u00f3n internacional, dotada con 873.000 euros, financia proyectos de desarrollo local con la participaci\u00f3n activa de la poblaci\u00f3n. La cuant\u00eda m\u00e1xima de las ayudas no superar\u00e1 el 90% del presupuesto total del proyecto, con un l\u00edmite de 35.000 euros por proyecto financiado. Las subvenciones concedidas guardar\u00e1n una relaci\u00f3n directa con los fondos disponibles y con la puntuaci\u00f3n obtenida por el proyecto presentado. Las bases de la convocatoria se publicaron en el <a href=\"https:\/\/bon.navarra.es\/es\/anuncio\/-\/texto\/2023\/93\/38\" target=\"_blank\" rel=\"noopener\">Bolet\u00edn Oficial de Navarra n\u00famero 93 del 4 de mayo<\/a> y se pueden consultar as\u00ed mismo en la <a href=\"https:\/\/www.pamplona.es\/\" target=\"_blank\" rel=\"noopener\">web municipal<\/a>. El plazo de presentaci\u00f3n termina el 5 junio.<\/p>\n<p>Cada entidad solo puede presentar un proyecto por convocatoria, que debe iniciarse en el mes siguiente al abono de la subvenci\u00f3n y durar menos de 24 meses.<br \/>\n<script async src=\"\/\/pagead2.googlesyndication.com\/pagead\/js\/adsbygoogle.js\"><\/script><br \/>\n<!-- Noticias La Guia de Pamplona --><br \/>\n<ins class=\"adsbygoogle\"\nstyle=\"display:block\"\ndata-ad-client=\"ca-pub-6943679897239327\"\ndata-ad-slot=\"7048180777\"\ndata-ad-format=\"auto\"><\/ins><br \/>\n<script>\n(adsbygoogle = window.adsbygoogle || []).push({});\n<\/script><\/p>\n<p><strong>Proyectos de cooperaci\u00f3n al desarrollo con entidades locales del Sur\u00a0<\/strong><\/p>\n<p>La convocatoria de ayudas para proyectos de cooperaci\u00f3n al desarrollo con entidades locales del sur, dotada con 180.000 euros, se dirige a proyectos nuevos y de continuidad. Estos proyectos apoyan el desarrollo humano y sostenible, fomentando la autogesti\u00f3n y autosuficiencia y la participaci\u00f3n activa de la poblaci\u00f3n local. Los proyectos los ejecutar\u00e1n organizaciones de los pa\u00edses destinatarios, en el mes siguiente al abono de la subvenci\u00f3n. La cuant\u00eda m\u00e1xima de las ayudas no superar\u00e1 el 90% del presupuesto, con un l\u00edmite de 60.000 euros por proyecto.<\/p>\n<p>Las bases de la convocatoria, publicadas en el <a href=\"https:\/\/bon.navarra.es\/es\/anuncio\/-\/texto\/2023\/93\/39\" target=\"_blank\" rel=\"noopener\">Bolet\u00edn Oficial de Navarra n\u00famero 93 del 4 de mayo<\/a>, se pueden consultar as\u00ed mismo en la <a href=\"https:\/\/www.pamplona.es\/\" target=\"_blank\" rel=\"noopener\">web municipal<\/a>. El plazo de solicitudes se cierra el 5 de junio.<br \/>\n<script async src=\"\/\/pagead2.googlesyndication.com\/pagead\/js\/adsbygoogle.js\"><\/script><br \/>\n<!-- Noticias La Guia de Pamplona --><br \/>\n<ins class=\"adsbygoogle\"\nstyle=\"display:block\"\ndata-ad-client=\"ca-pub-6943679897239327\"\ndata-ad-slot=\"7048180777\"\ndata-ad-format=\"auto\"><\/ins><br \/>\n<script>\n(adsbygoogle = window.adsbygoogle || []).push({});\n<\/script><\/p>\n<p><strong>Proyectos de Educaci\u00f3n para el Desarrollo y la Ciudadan\u00eda Global\u00a0<\/strong><\/p>\n<p>La tercera convocatoria se dirige a proyectos de educaci\u00f3n para el desarrollo y la ciudadan\u00eda global y est\u00e1 dotada con 60.000 euros. La cuant\u00eda de la ayuda no superar\u00e1 el 90% del presupuesto total del proyecto, con un l\u00edmite de 30.000 euros. Estos proyectos se realizar\u00e1n en Pamplona, dirigidos a la poblaci\u00f3n en general o a colectivos espec\u00edficos, para fomentar el compromiso activo y solidario de la ciudadan\u00eda y su conciencia cr\u00edtica. Los temas prioritarios de esta convocatoria son, entre otros, los derechos humanos, el comercio justo y el consumo responsable, g\u00e9nero, migraciones y cambio clim\u00e1tico.<\/p>\n<p>A esta convocatoria se podr\u00e1n presentar proyectos nuevos, que deber\u00e1n contar con un programa de continuidad para los dos a\u00f1os siguientes, y proyectos de continuidad, subvencionados en la convocatoria anterior. Los proyectos deber\u00e1n ser evolutivos. El plazo para la realizaci\u00f3n de los gastos subvencionables comienza el 1 de septiembre de 2023 y termina el 31 de agosto de 2024. Las bases de la convocatoria se publicaron en el <a href=\"https:\/\/bon.navarra.es\/es\/anuncio\/-\/texto\/2023\/93\/37\" target=\"_blank\" rel=\"noopener\">Bolet\u00edn Oficial de Navarra n\u00famero 93 del 4 de mayo<\/a> y\u00a0 tambi\u00e9n se pueden consultar en la <a href=\"https:\/\/www.pamplona.es\/\" target=\"_blank\" rel=\"noopener\">web municipal<\/a>. El plazo de solicitudes termina el 30 de julio.<\/p>\n","protected":false},"excerpt":{"rendered":"<p>El Ayuntamiento destina este a\u00f1o 1.525.319 euros de su presupuesto para el Programa Municipal de Cooperaci\u00f3n Internacional al Desarrollo<\/p>\n","protected":false},"author":1,"featured_media":46781,"comment_status":"open","ping_status":"closed","sticky":false,"template":"","format":"standard","meta":{"footnotes":""},"categories":[2],"tags":[],"class_list":["post-46780","post","type-post","status-publish","format-standard","has-post-thumbnail","hentry","category-ayuntamiento-pamplona"],"yoast_head":"<!-- This site is optimized with the Yoast SEO plugin v27.3 - https:\/\/yoast.com\/product\/yoast-seo-wordpress\/ -->\n<title>Abierto el plazo para tres convocatorias de ayudas a proyectos de cooperaci\u00f3n internacional al desarrollo y de educaci\u00f3n para el desarrollo y ciudadan\u00eda global<\/title>\n<meta name=\"description\" content=\"El Ayuntamiento destina este a\u00f1o 1.525.319 euros de su presupuesto para el Programa Municipal de Cooperaci\u00f3n Internacional al Desarrollo\" \/>\n<meta name=\"robots\" content=\"index, follow, max-snippet:-1, max-image-preview:large, max-video-preview:-1\" \/>\n<link rel=\"canonical\" href=\"https:\/\/www.laguiadepamplona.com\/actualidad\/abierto-el-plazo-para-tres-convocatorias-de-ayudas-a-proyectos-de-cooperacion-internacional-al-desarrollo-y-de-educacion-para-el-desarrollo-y-ciudadania-global\/\" \/>\n<meta property=\"og:locale\" content=\"es_ES\" \/>\n<meta property=\"og:type\" content=\"article\" \/>\n<meta property=\"og:title\" content=\"Abierto el plazo para tres convocatorias de ayudas a proyectos de cooperaci\u00f3n internacional al desarrollo y de educaci\u00f3n para el desarrollo y ciudadan\u00eda global\" \/>\n<meta property=\"og:description\" content=\"El Ayuntamiento destina este a\u00f1o 1.525.319 euros de su presupuesto para el Programa Municipal de Cooperaci\u00f3n Internacional al Desarrollo\" \/>\n<meta property=\"og:url\" content=\"https:\/\/www.laguiadepamplona.com\/actualidad\/abierto-el-plazo-para-tres-convocatorias-de-ayudas-a-proyectos-de-cooperacion-internacional-al-desarrollo-y-de-educacion-para-el-desarrollo-y-ciudadania-global\/\" \/>\n<meta property=\"og:site_name\" content=\"La Gu\u00eda de Pamplona\" \/>\n<meta property=\"article:publisher\" content=\"https:\/\/www.facebook.com\/laguiadepamplonacom-133175176762273\/?ref=hl\" \/>\n<meta property=\"article:published_time\" content=\"2023-05-23T10:23:01+00:00\" \/>\n<meta property=\"og:image\" content=\"https:\/\/www.laguiadepamplona.com\/actualidad\/wp-content\/uploads\/2023\/05\/proyectos-cooperacion-internacional.webp\" \/>\n\t<meta property=\"og:image:width\" content=\"1920\" \/>\n\t<meta property=\"og:image:height\" content=\"1280\" \/>\n\t<meta property=\"og:image:type\" content=\"image\/webp\" \/>\n<meta name=\"author\" content=\"La Gu\u00eda de Pamplona\" \/>\n<meta name=\"twitter:card\" content=\"summary_large_image\" \/>\n<meta name=\"twitter:creator\" content=\"@LaGuiadPamplona\" \/>\n<meta name=\"twitter:site\" content=\"@LaGuiadPamplona\" \/>\n<meta name=\"twitter:label1\" content=\"Escrito por\" \/>\n\t<meta name=\"twitter:data1\" content=\"La Gu\u00eda de Pamplona\" \/>\n\t<meta name=\"twitter:label2\" content=\"Tiempo de lectura\" \/>\n\t<meta name=\"twitter:data2\" content=\"4 minutos\" \/>\n<script type=\"application\/ld+json\" class=\"yoast-schema-graph\">{\"@context\":\"https:\\\/\\\/schema.org\",\"@graph\":[{\"@type\":\"Article\",\"@id\":\"https:\\\/\\\/www.laguiadepamplona.com\\\/actualidad\\\/abierto-el-plazo-para-tres-convocatorias-de-ayudas-a-proyectos-de-cooperacion-internacional-al-desarrollo-y-de-educacion-para-el-desarrollo-y-ciudadania-global\\\/#article\",\"isPartOf\":{\"@id\":\"https:\\\/\\\/www.laguiadepamplona.com\\\/actualidad\\\/abierto-el-plazo-para-tres-convocatorias-de-ayudas-a-proyectos-de-cooperacion-internacional-al-desarrollo-y-de-educacion-para-el-desarrollo-y-ciudadania-global\\\/\"},\"author\":{\"name\":\"La Gu\u00eda de Pamplona\",\"@id\":\"https:\\\/\\\/www.laguiadepamplona.com\\\/actualidad\\\/#\\\/schema\\\/person\\\/efe887376f0213d4657c93adc50b1fdb\"},\"headline\":\"Abierto el plazo para tres convocatorias de ayudas a proyectos de cooperaci\u00f3n internacional al desarrollo y de educaci\u00f3n para el desarrollo y ciudadan\u00eda global\",\"datePublished\":\"2023-05-23T10:23:01+00:00\",\"mainEntityOfPage\":{\"@id\":\"https:\\\/\\\/www.laguiadepamplona.com\\\/actualidad\\\/abierto-el-plazo-para-tres-convocatorias-de-ayudas-a-proyectos-de-cooperacion-internacional-al-desarrollo-y-de-educacion-para-el-desarrollo-y-ciudadania-global\\\/\"},\"wordCount\":844,\"commentCount\":0,\"publisher\":{\"@id\":\"https:\\\/\\\/www.laguiadepamplona.com\\\/actualidad\\\/#organization\"},\"image\":{\"@id\":\"https:\\\/\\\/www.laguiadepamplona.com\\\/actualidad\\\/abierto-el-plazo-para-tres-convocatorias-de-ayudas-a-proyectos-de-cooperacion-internacional-al-desarrollo-y-de-educacion-para-el-desarrollo-y-ciudadania-global\\\/#primaryimage\"},\"thumbnailUrl\":\"https:\\\/\\\/www.laguiadepamplona.com\\\/actualidad\\\/wp-content\\\/uploads\\\/2023\\\/05\\\/proyectos-cooperacion-internacional.webp\",\"articleSection\":[\"Ayto Pamplona\"],\"inLanguage\":\"es\",\"potentialAction\":[{\"@type\":\"CommentAction\",\"name\":\"Comment\",\"target\":[\"https:\\\/\\\/www.laguiadepamplona.com\\\/actualidad\\\/abierto-el-plazo-para-tres-convocatorias-de-ayudas-a-proyectos-de-cooperacion-internacional-al-desarrollo-y-de-educacion-para-el-desarrollo-y-ciudadania-global\\\/#respond\"]}]},{\"@type\":\"WebPage\",\"@id\":\"https:\\\/\\\/www.laguiadepamplona.com\\\/actualidad\\\/abierto-el-plazo-para-tres-convocatorias-de-ayudas-a-proyectos-de-cooperacion-internacional-al-desarrollo-y-de-educacion-para-el-desarrollo-y-ciudadania-global\\\/\",\"url\":\"https:\\\/\\\/www.laguiadepamplona.com\\\/actualidad\\\/abierto-el-plazo-para-tres-convocatorias-de-ayudas-a-proyectos-de-cooperacion-internacional-al-desarrollo-y-de-educacion-para-el-desarrollo-y-ciudadania-global\\\/\",\"name\":\"Abierto el plazo para tres convocatorias de ayudas a proyectos de cooperaci\u00f3n internacional al desarrollo y de educaci\u00f3n para el desarrollo y ciudadan\u00eda global\",\"isPartOf\":{\"@id\":\"https:\\\/\\\/www.laguiadepamplona.com\\\/actualidad\\\/#website\"},\"primaryImageOfPage\":{\"@id\":\"https:\\\/\\\/www.laguiadepamplona.com\\\/actualidad\\\/abierto-el-plazo-para-tres-convocatorias-de-ayudas-a-proyectos-de-cooperacion-internacional-al-desarrollo-y-de-educacion-para-el-desarrollo-y-ciudadania-global\\\/#primaryimage\"},\"image\":{\"@id\":\"https:\\\/\\\/www.laguiadepamplona.com\\\/actualidad\\\/abierto-el-plazo-para-tres-convocatorias-de-ayudas-a-proyectos-de-cooperacion-internacional-al-desarrollo-y-de-educacion-para-el-desarrollo-y-ciudadania-global\\\/#primaryimage\"},\"thumbnailUrl\":\"https:\\\/\\\/www.laguiadepamplona.com\\\/actualidad\\\/wp-content\\\/uploads\\\/2023\\\/05\\\/proyectos-cooperacion-internacional.webp\",\"datePublished\":\"2023-05-23T10:23:01+00:00\",\"description\":\"El Ayuntamiento destina este a\u00f1o 1.525.319 euros de su presupuesto para el Programa Municipal de Cooperaci\u00f3n Internacional al Desarrollo\",\"breadcrumb\":{\"@id\":\"https:\\\/\\\/www.laguiadepamplona.com\\\/actualidad\\\/abierto-el-plazo-para-tres-convocatorias-de-ayudas-a-proyectos-de-cooperacion-internacional-al-desarrollo-y-de-educacion-para-el-desarrollo-y-ciudadania-global\\\/#breadcrumb\"},\"inLanguage\":\"es\",\"potentialAction\":[{\"@type\":\"ReadAction\",\"target\":[\"https:\\\/\\\/www.laguiadepamplona.com\\\/actualidad\\\/abierto-el-plazo-para-tres-convocatorias-de-ayudas-a-proyectos-de-cooperacion-internacional-al-desarrollo-y-de-educacion-para-el-desarrollo-y-ciudadania-global\\\/\"]}]},{\"@type\":\"ImageObject\",\"inLanguage\":\"es\",\"@id\":\"https:\\\/\\\/www.laguiadepamplona.com\\\/actualidad\\\/abierto-el-plazo-para-tres-convocatorias-de-ayudas-a-proyectos-de-cooperacion-internacional-al-desarrollo-y-de-educacion-para-el-desarrollo-y-ciudadania-global\\\/#primaryimage\",\"url\":\"https:\\\/\\\/www.laguiadepamplona.com\\\/actualidad\\\/wp-content\\\/uploads\\\/2023\\\/05\\\/proyectos-cooperacion-internacional.webp\",\"contentUrl\":\"https:\\\/\\\/www.laguiadepamplona.com\\\/actualidad\\\/wp-content\\\/uploads\\\/2023\\\/05\\\/proyectos-cooperacion-internacional.webp\",\"width\":1920,\"height\":1280},{\"@type\":\"BreadcrumbList\",\"@id\":\"https:\\\/\\\/www.laguiadepamplona.com\\\/actualidad\\\/abierto-el-plazo-para-tres-convocatorias-de-ayudas-a-proyectos-de-cooperacion-internacional-al-desarrollo-y-de-educacion-para-el-desarrollo-y-ciudadania-global\\\/#breadcrumb\",\"itemListElement\":[{\"@type\":\"ListItem\",\"position\":1,\"name\":\"Portada\",\"item\":\"https:\\\/\\\/www.laguiadepamplona.com\\\/actualidad\\\/\"},{\"@type\":\"ListItem\",\"position\":2,\"name\":\"Abierto el plazo para tres convocatorias de ayudas a proyectos de cooperaci\u00f3n internacional al desarrollo y de educaci\u00f3n para el desarrollo y ciudadan\u00eda global\"}]},{\"@type\":\"WebSite\",\"@id\":\"https:\\\/\\\/www.laguiadepamplona.com\\\/actualidad\\\/#website\",\"url\":\"https:\\\/\\\/www.laguiadepamplona.com\\\/actualidad\\\/\",\"name\":\"La gu\u00eda de Pamplona\",\"description\":\"Noticias de Pamplona\",\"publisher\":{\"@id\":\"https:\\\/\\\/www.laguiadepamplona.com\\\/actualidad\\\/#organization\"},\"potentialAction\":[{\"@type\":\"SearchAction\",\"target\":{\"@type\":\"EntryPoint\",\"urlTemplate\":\"https:\\\/\\\/www.laguiadepamplona.com\\\/actualidad\\\/?s={search_term_string}\"},\"query-input\":{\"@type\":\"PropertyValueSpecification\",\"valueRequired\":true,\"valueName\":\"search_term_string\"}}],\"inLanguage\":\"es\"},{\"@type\":\"Organization\",\"@id\":\"https:\\\/\\\/www.laguiadepamplona.com\\\/actualidad\\\/#organization\",\"name\":\"La Gu\u00eda de Pamplona \\\/ Noticias\",\"url\":\"https:\\\/\\\/www.laguiadepamplona.com\\\/actualidad\\\/\",\"logo\":{\"@type\":\"ImageObject\",\"inLanguage\":\"es\",\"@id\":\"https:\\\/\\\/www.laguiadepamplona.com\\\/actualidad\\\/#\\\/schema\\\/logo\\\/image\\\/\",\"url\":\"https:\\\/\\\/www.laguiadepamplona.com\\\/actualidad\\\/wp-content\\\/uploads\\\/2018\\\/11\\\/logo-laguiadepamplona18-web1.png\",\"contentUrl\":\"https:\\\/\\\/www.laguiadepamplona.com\\\/actualidad\\\/wp-content\\\/uploads\\\/2018\\\/11\\\/logo-laguiadepamplona18-web1.png\",\"width\":600,\"height\":196,\"caption\":\"La Gu\u00eda de Pamplona \\\/ Noticias\"},\"image\":{\"@id\":\"https:\\\/\\\/www.laguiadepamplona.com\\\/actualidad\\\/#\\\/schema\\\/logo\\\/image\\\/\"},\"sameAs\":[\"https:\\\/\\\/www.facebook.com\\\/laguiadepamplonacom-133175176762273\\\/?ref=hl\",\"https:\\\/\\\/x.com\\\/LaGuiadPamplona\",\"https:\\\/\\\/www.instagram.com\\\/la_guia_de_pamplona\\\/\",\"https:\\\/\\\/www.youtube.com\\\/user\\\/laguiadepamplona\"]},{\"@type\":\"Person\",\"@id\":\"https:\\\/\\\/www.laguiadepamplona.com\\\/actualidad\\\/#\\\/schema\\\/person\\\/efe887376f0213d4657c93adc50b1fdb\",\"name\":\"La Gu\u00eda de Pamplona\",\"image\":{\"@type\":\"ImageObject\",\"inLanguage\":\"es\",\"@id\":\"https:\\\/\\\/secure.gravatar.com\\\/avatar\\\/b6992f131dc8d30ab0dff15446e9d346d9dbd95992de0fef795073f5ea83a81c?s=96&d=mm&r=g\",\"url\":\"https:\\\/\\\/secure.gravatar.com\\\/avatar\\\/b6992f131dc8d30ab0dff15446e9d346d9dbd95992de0fef795073f5ea83a81c?s=96&d=mm&r=g\",\"contentUrl\":\"https:\\\/\\\/secure.gravatar.com\\\/avatar\\\/b6992f131dc8d30ab0dff15446e9d346d9dbd95992de0fef795073f5ea83a81c?s=96&d=mm&r=g\",\"caption\":\"La Gu\u00eda de Pamplona\"}}]}<\/script>\n<!-- \/ Yoast SEO plugin. -->","yoast_head_json":{"title":"Abierto el plazo para tres convocatorias de ayudas a proyectos de cooperaci\u00f3n internacional al desarrollo y de educaci\u00f3n para el desarrollo y ciudadan\u00eda global","description":"El Ayuntamiento destina este a\u00f1o 1.525.319 euros de su presupuesto para el Programa Municipal de Cooperaci\u00f3n Internacional al Desarrollo","robots":{"index":"index","follow":"follow","max-snippet":"max-snippet:-1","max-image-preview":"max-image-preview:large","max-video-preview":"max-video-preview:-1"},"canonical":"https:\/\/www.laguiadepamplona.com\/actualidad\/abierto-el-plazo-para-tres-convocatorias-de-ayudas-a-proyectos-de-cooperacion-internacional-al-desarrollo-y-de-educacion-para-el-desarrollo-y-ciudadania-global\/","og_locale":"es_ES","og_type":"article","og_title":"Abierto el plazo para tres convocatorias de ayudas a proyectos de cooperaci\u00f3n internacional al desarrollo y de educaci\u00f3n para el desarrollo y ciudadan\u00eda global","og_description":"El Ayuntamiento destina este a\u00f1o 1.525.319 euros de su presupuesto para el Programa Municipal de Cooperaci\u00f3n Internacional al Desarrollo","og_url":"https:\/\/www.laguiadepamplona.com\/actualidad\/abierto-el-plazo-para-tres-convocatorias-de-ayudas-a-proyectos-de-cooperacion-internacional-al-desarrollo-y-de-educacion-para-el-desarrollo-y-ciudadania-global\/","og_site_name":"La Gu\u00eda de Pamplona","article_publisher":"https:\/\/www.facebook.com\/laguiadepamplonacom-133175176762273\/?ref=hl","article_published_time":"2023-05-23T10:23:01+00:00","og_image":[{"width":1920,"height":1280,"url":"https:\/\/www.laguiadepamplona.com\/actualidad\/wp-content\/uploads\/2023\/05\/proyectos-cooperacion-internacional.webp","type":"image\/webp"}],"author":"La Gu\u00eda de Pamplona","twitter_card":"summary_large_image","twitter_creator":"@LaGuiadPamplona","twitter_site":"@LaGuiadPamplona","twitter_misc":{"Escrito por":"La Gu\u00eda de Pamplona","Tiempo de lectura":"4 minutos"},"schema":{"@context":"https:\/\/schema.org","@graph":[{"@type":"Article","@id":"https:\/\/www.laguiadepamplona.com\/actualidad\/abierto-el-plazo-para-tres-convocatorias-de-ayudas-a-proyectos-de-cooperacion-internacional-al-desarrollo-y-de-educacion-para-el-desarrollo-y-ciudadania-global\/#article","isPartOf":{"@id":"https:\/\/www.laguiadepamplona.com\/actualidad\/abierto-el-plazo-para-tres-convocatorias-de-ayudas-a-proyectos-de-cooperacion-internacional-al-desarrollo-y-de-educacion-para-el-desarrollo-y-ciudadania-global\/"},"author":{"name":"La Gu\u00eda de Pamplona","@id":"https:\/\/www.laguiadepamplona.com\/actualidad\/#\/schema\/person\/efe887376f0213d4657c93adc50b1fdb"},"headline":"Abierto el plazo para tres convocatorias de ayudas a proyectos de cooperaci\u00f3n internacional al desarrollo y de educaci\u00f3n para el desarrollo y ciudadan\u00eda global","datePublished":"2023-05-23T10:23:01+00:00","mainEntityOfPage":{"@id":"https:\/\/www.laguiadepamplona.com\/actualidad\/abierto-el-plazo-para-tres-convocatorias-de-ayudas-a-proyectos-de-cooperacion-internacional-al-desarrollo-y-de-educacion-para-el-desarrollo-y-ciudadania-global\/"},"wordCount":844,"commentCount":0,"publisher":{"@id":"https:\/\/www.laguiadepamplona.com\/actualidad\/#organization"},"image":{"@id":"https:\/\/www.laguiadepamplona.com\/actualidad\/abierto-el-plazo-para-tres-convocatorias-de-ayudas-a-proyectos-de-cooperacion-internacional-al-desarrollo-y-de-educacion-para-el-desarrollo-y-ciudadania-global\/#primaryimage"},"thumbnailUrl":"https:\/\/www.laguiadepamplona.com\/actualidad\/wp-content\/uploads\/2023\/05\/proyectos-cooperacion-internacional.webp","articleSection":["Ayto Pamplona"],"inLanguage":"es","potentialAction":[{"@type":"CommentAction","name":"Comment","target":["https:\/\/www.laguiadepamplona.com\/actualidad\/abierto-el-plazo-para-tres-convocatorias-de-ayudas-a-proyectos-de-cooperacion-internacional-al-desarrollo-y-de-educacion-para-el-desarrollo-y-ciudadania-global\/#respond"]}]},{"@type":"WebPage","@id":"https:\/\/www.laguiadepamplona.com\/actualidad\/abierto-el-plazo-para-tres-convocatorias-de-ayudas-a-proyectos-de-cooperacion-internacional-al-desarrollo-y-de-educacion-para-el-desarrollo-y-ciudadania-global\/","url":"https:\/\/www.laguiadepamplona.com\/actualidad\/abierto-el-plazo-para-tres-convocatorias-de-ayudas-a-proyectos-de-cooperacion-internacional-al-desarrollo-y-de-educacion-para-el-desarrollo-y-ciudadania-global\/","name":"Abierto el plazo para tres convocatorias de ayudas a proyectos de cooperaci\u00f3n internacional al desarrollo y de educaci\u00f3n para el desarrollo y ciudadan\u00eda global","isPartOf":{"@id":"https:\/\/www.laguiadepamplona.com\/actualidad\/#website"},"primaryImageOfPage":{"@id":"https:\/\/www.laguiadepamplona.com\/actualidad\/abierto-el-plazo-para-tres-convocatorias-de-ayudas-a-proyectos-de-cooperacion-internacional-al-desarrollo-y-de-educacion-para-el-desarrollo-y-ciudadania-global\/#primaryimage"},"image":{"@id":"https:\/\/www.laguiadepamplona.com\/actualidad\/abierto-el-plazo-para-tres-convocatorias-de-ayudas-a-proyectos-de-cooperacion-internacional-al-desarrollo-y-de-educacion-para-el-desarrollo-y-ciudadania-global\/#primaryimage"},"thumbnailUrl":"https:\/\/www.laguiadepamplona.com\/actualidad\/wp-content\/uploads\/2023\/05\/proyectos-cooperacion-internacional.webp","datePublished":"2023-05-23T10:23:01+00:00","description":"El Ayuntamiento destina este a\u00f1o 1.525.319 euros de su presupuesto para el Programa Municipal de Cooperaci\u00f3n Internacional al Desarrollo","breadcrumb":{"@id":"https:\/\/www.laguiadepamplona.com\/actualidad\/abierto-el-plazo-para-tres-convocatorias-de-ayudas-a-proyectos-de-cooperacion-internacional-al-desarrollo-y-de-educacion-para-el-desarrollo-y-ciudadania-global\/#breadcrumb"},"inLanguage":"es","potentialAction":[{"@type":"ReadAction","target":["https:\/\/www.laguiadepamplona.com\/actualidad\/abierto-el-plazo-para-tres-convocatorias-de-ayudas-a-proyectos-de-cooperacion-internacional-al-desarrollo-y-de-educacion-para-el-desarrollo-y-ciudadania-global\/"]}]},{"@type":"ImageObject","inLanguage":"es","@id":"https:\/\/www.laguiadepamplona.com\/actualidad\/abierto-el-plazo-para-tres-convocatorias-de-ayudas-a-proyectos-de-cooperacion-internacional-al-desarrollo-y-de-educacion-para-el-desarrollo-y-ciudadania-global\/#primaryimage","url":"https:\/\/www.laguiadepamplona.com\/actualidad\/wp-content\/uploads\/2023\/05\/proyectos-cooperacion-internacional.webp","contentUrl":"https:\/\/www.laguiadepamplona.com\/actualidad\/wp-content\/uploads\/2023\/05\/proyectos-cooperacion-internacional.webp","width":1920,"height":1280},{"@type":"BreadcrumbList","@id":"https:\/\/www.laguiadepamplona.com\/actualidad\/abierto-el-plazo-para-tres-convocatorias-de-ayudas-a-proyectos-de-cooperacion-internacional-al-desarrollo-y-de-educacion-para-el-desarrollo-y-ciudadania-global\/#breadcrumb","itemListElement":[{"@type":"ListItem","position":1,"name":"Portada","item":"https:\/\/www.laguiadepamplona.com\/actualidad\/"},{"@type":"ListItem","position":2,"name":"Abierto el plazo para tres convocatorias de ayudas a proyectos de cooperaci\u00f3n internacional al desarrollo y de educaci\u00f3n para el desarrollo y ciudadan\u00eda global"}]},{"@type":"WebSite","@id":"https:\/\/www.laguiadepamplona.com\/actualidad\/#website","url":"https:\/\/www.laguiadepamplona.com\/actualidad\/","name":"La gu\u00eda de Pamplona","description":"Noticias de Pamplona","publisher":{"@id":"https:\/\/www.laguiadepamplona.com\/actualidad\/#organization"},"potentialAction":[{"@type":"SearchAction","target":{"@type":"EntryPoint","urlTemplate":"https:\/\/www.laguiadepamplona.com\/actualidad\/?s={search_term_string}"},"query-input":{"@type":"PropertyValueSpecification","valueRequired":true,"valueName":"search_term_string"}}],"inLanguage":"es"},{"@type":"Organization","@id":"https:\/\/www.laguiadepamplona.com\/actualidad\/#organization","name":"La Gu\u00eda de Pamplona \/ Noticias","url":"https:\/\/www.laguiadepamplona.com\/actualidad\/","logo":{"@type":"ImageObject","inLanguage":"es","@id":"https:\/\/www.laguiadepamplona.com\/actualidad\/#\/schema\/logo\/image\/","url":"https:\/\/www.laguiadepamplona.com\/actualidad\/wp-content\/uploads\/2018\/11\/logo-laguiadepamplona18-web1.png","contentUrl":"https:\/\/www.laguiadepamplona.com\/actualidad\/wp-content\/uploads\/2018\/11\/logo-laguiadepamplona18-web1.png","width":600,"height":196,"caption":"La Gu\u00eda de Pamplona \/ Noticias"},"image":{"@id":"https:\/\/www.laguiadepamplona.com\/actualidad\/#\/schema\/logo\/image\/"},"sameAs":["https:\/\/www.facebook.com\/laguiadepamplonacom-133175176762273\/?ref=hl","https:\/\/x.com\/LaGuiadPamplona","https:\/\/www.instagram.com\/la_guia_de_pamplona\/","https:\/\/www.youtube.com\/user\/laguiadepamplona"]},{"@type":"Person","@id":"https:\/\/www.laguiadepamplona.com\/actualidad\/#\/schema\/person\/efe887376f0213d4657c93adc50b1fdb","name":"La Gu\u00eda de Pamplona","image":{"@type":"ImageObject","inLanguage":"es","@id":"https:\/\/secure.gravatar.com\/avatar\/b6992f131dc8d30ab0dff15446e9d346d9dbd95992de0fef795073f5ea83a81c?s=96&d=mm&r=g","url":"https:\/\/secure.gravatar.com\/avatar\/b6992f131dc8d30ab0dff15446e9d346d9dbd95992de0fef795073f5ea83a81c?s=96&d=mm&r=g","contentUrl":"https:\/\/secure.gravatar.com\/avatar\/b6992f131dc8d30ab0dff15446e9d346d9dbd95992de0fef795073f5ea83a81c?s=96&d=mm&r=g","caption":"La Gu\u00eda de Pamplona"}}]}},"post_mailing_queue_ids":[],"_links":{"self":[{"href":"https:\/\/www.laguiadepamplona.com\/actualidad\/wp-json\/wp\/v2\/posts\/46780","targetHints":{"allow":["GET"]}}],"collection":[{"href":"https:\/\/www.laguiadepamplona.com\/actualidad\/wp-json\/wp\/v2\/posts"}],"about":[{"href":"https:\/\/www.laguiadepamplona.com\/actualidad\/wp-json\/wp\/v2\/types\/post"}],"author":[{"embeddable":true,"href":"https:\/\/www.laguiadepamplona.com\/actualidad\/wp-json\/wp\/v2\/users\/1"}],"replies":[{"embeddable":true,"href":"https:\/\/www.laguiadepamplona.com\/actualidad\/wp-json\/wp\/v2\/comments?post=46780"}],"version-history":[{"count":1,"href":"https:\/\/www.laguiadepamplona.com\/actualidad\/wp-json\/wp\/v2\/posts\/46780\/revisions"}],"predecessor-version":[{"id":46782,"href":"https:\/\/www.laguiadepamplona.com\/actualidad\/wp-json\/wp\/v2\/posts\/46780\/revisions\/46782"}],"wp:featuredmedia":[{"embeddable":true,"href":"https:\/\/www.laguiadepamplona.com\/actualidad\/wp-json\/wp\/v2\/media\/46781"}],"wp:attachment":[{"href":"https:\/\/www.laguiadepamplona.com\/actualidad\/wp-json\/wp\/v2\/media?parent=46780"}],"wp:term":[{"taxonomy":"category","embeddable":true,"href":"https:\/\/www.laguiadepamplona.com\/actualidad\/wp-json\/wp\/v2\/categories?post=46780"},{"taxonomy":"post_tag","embeddable":true,"href":"https:\/\/www.laguiadepamplona.com\/actualidad\/wp-json\/wp\/v2\/tags?post=46780"}],"curies":[{"name":"wp","href":"https:\/\/api.w.org\/{rel}","templated":true}]}}