{"id":46777,"date":"2023-05-23T12:19:04","date_gmt":"2023-05-23T10:19:04","guid":{"rendered":"https:\/\/www.laguiadepamplona.com\/actualidad\/?p=46777"},"modified":"2023-05-23T12:19:04","modified_gmt":"2023-05-23T10:19:04","slug":"pamplona-planifica-mas-de-60-actuaciones-para-alcanzar-la-excelencia-como-ciudad-accesible-y-sin-barreras","status":"publish","type":"post","link":"https:\/\/www.laguiadepamplona.com\/actualidad\/pamplona-planifica-mas-de-60-actuaciones-para-alcanzar-la-excelencia-como-ciudad-accesible-y-sin-barreras\/","title":{"rendered":"Pamplona planifica m\u00e1s de 60 actuaciones para alcanzar la excelencia como ciudad accesible y sin barreras"},"content":{"rendered":"<h3>El Ayuntamiento ha finalizado el I Plan Estrat\u00e9gico de Accesibilidad Integral, con propuestas para mejorar edificios, espacios p\u00fablicos y servicios municipales<\/h3>\n<p><!--more--><\/p>\n<p>Pamplona persigue la accesibilidad universal para todas las personas, con independencia de sus posibles limitaciones f\u00edsicas, sensoriales o cognitivas, de su edad y de cualquier otra circunstancia de car\u00e1cter permanente o temporal que pueda impedirles desarrollar su vida de manera plena y aut\u00f3noma. \u00c9se es el objetivo con el que se ha dise\u00f1ado el <a href=\"https:\/\/www.pamplona.es\/plan-estrategico-accesibilidad-integral-pamplona\" target=\"_blank\" rel=\"noopener\">I Plan Estrat\u00e9gico de Accesibilidad Integral de Pamplona<\/a>, que tiene como horizonte temporal 2026. El documento, sometido a un proceso de participaci\u00f3n y colaboraci\u00f3n de colectivos, asociaciones y ciudadan\u00eda, recoge 65 propuestas de actuaci\u00f3n orientadas a hacer a\u00fan m\u00e1s accesible la ciudad, sus espacios p\u00fablicos, los edificios de titularidad municipal, los servicios que ofrece el Ayuntamiento y las herramientas de comunicaci\u00f3n entre \u00e9ste y la ciudadan\u00eda.<br \/>\n<script async src=\"\/\/pagead2.googlesyndication.com\/pagead\/js\/adsbygoogle.js\"><\/script><br \/>\n<!-- Noticias La Guia de Pamplona --><br \/>\n<ins class=\"adsbygoogle\"\nstyle=\"display:block\"\ndata-ad-client=\"ca-pub-6943679897239327\"\ndata-ad-slot=\"7048180777\"\ndata-ad-format=\"auto\"><\/ins><br \/>\n<script>\n(adsbygoogle = window.adsbygoogle || []).push({});\n<\/script><\/p>\n<p>El plan, que se ha dise\u00f1ado con car\u00e1cter transversal, pretende impregnar todas las actividades municipales, en aras de lograr una accesibilidad universal, que no se limite \u00fanicamente a salvar barreras f\u00edsicas, sino que aborde todos los aspectos que puedan limitar la igualdad de derechos y deberes de las personas que tengan alg\u00fan tipo de discapacidad o limitaci\u00f3n debida a la edad o a una circunstancia limitante de car\u00e1cter temporal. En este sentido, plantea la necesidad de lograr una accesibilidad f\u00edsica, en lo que se refiere a acceso a instalaciones y espacios municipales, pero tambi\u00e9n resalta la importancia de lograr una accesibilidad sensorial, una accesibilidad cognitiva y una accesibilidad tecnol\u00f3gica, con informaci\u00f3n de f\u00e1cil comprensi\u00f3n y a trav\u00e9s de tecnolog\u00edas accesibles y sencillas.<\/p>\n<p>Bajo esa premisa, y siempre alineadas con la Agenda Urbana Pamplona 2030, que persigue un modelo de ciudad verde, igualitaria, inclusiva, accesible, participativa y que promueva la convivencia y la perspectiva de edad, se han desglosado 65 actuaciones prioritarias, encaminadas a lograr diferentes objetivos. As\u00ed, el Plan prev\u00e9 cinco l\u00edneas estrat\u00e9gicas: accesibilidad en el espacio p\u00fablico; en los edificios de uso p\u00fablico; en los elementos de transporte p\u00fablico; en las herramientas municipales de comunicaci\u00f3n; y en los servicios municipales. Para cada una de ellas, plantea diversas actuaciones.<br \/>\n<script async src=\"\/\/pagead2.googlesyndication.com\/pagead\/js\/adsbygoogle.js\"><\/script><br \/>\n<!-- Noticias La Guia de Pamplona --><br \/>\n<ins class=\"adsbygoogle\"\nstyle=\"display:block\"\ndata-ad-client=\"ca-pub-6943679897239327\"\ndata-ad-slot=\"7048180777\"\ndata-ad-format=\"auto\"><\/ins><br \/>\n<script>\n(adsbygoogle = window.adsbygoogle || []).push({});\n<\/script><\/p>\n<p><strong>Espacio p\u00fablico accesible para toda la ciudadan\u00eda<\/strong><\/p>\n<p>En lo que se refiere a garantizar la accesibilidad en el espacio p\u00fablico, el documento fija ocho objetivos clave y, para cada uno, prev\u00e9 varias acciones. En este sentido, plantea esa necesidad de accesibilidad en itinerarios y espacios peatonales, en el mobiliario urbano, en la se\u00f1alizaci\u00f3n, en los aseos p\u00fablicos, en los circuitos de gimnasia, calistenia y parques de juego, en la infraestructura ciclista y su relaci\u00f3n con el espacio peatonal y en los espacios de aparcamiento para personas con movilidad reducida. En total, prev\u00e9 16 actuaciones concretas con esos objetivos, entre las que destacan, por ejemplo, la adaptaci\u00f3n a la normativa m\u00e1s actual de vados en pasos peatonales, las mejoras en el acceso y utilizaci\u00f3n de ascensores urbanos, la adaptaci\u00f3n de los sem\u00e1foros, la revisi\u00f3n y sustituci\u00f3n paulatina del mobiliario urbano no adaptado a la \u00faltima normativa o el incremento de la dotaci\u00f3n de aseos accesibles, por ejemplo.<\/p>\n<p>Por su parte, para lograr la accesibilidad en edificios de uso p\u00fablico, el plan dise\u00f1ado por el Ayuntamiento de Pamplona se plantea, entre los objetivos principales, contar con una estrategia definida de intervenci\u00f3n en la adecuaci\u00f3n de los inmuebles municipales, mejorar su se\u00f1alizaci\u00f3n y su accesibilidad f\u00edsica. Para ello, detalla una docena de acciones como la redacci\u00f3n de planes de evacuaci\u00f3n y se\u00f1alizaci\u00f3n de emergencia adaptados, la reforma de la se\u00f1alizaci\u00f3n para hacerla m\u00e1s accesible y la mejora de los elementos esenciales de accesibilidad de los edificios, desde accesos, ascensores, escaleras y rampas y aseos, hasta la adaptaci\u00f3n de locales con espectadores a las necesidades auditivas o revisar y adaptar los mostradores de atenci\u00f3n al p\u00fablico. Todo ello, sin olvidar las instalaciones deportivas y piscinas, que requieren una atenci\u00f3n especial por su uso para garantizar la accesibilidad integral.<\/p>\n<p>El Plan se ha concebido no solo para abordar la adaptaci\u00f3n f\u00edsica de los espacios, sino que ha puesto tambi\u00e9n el foco en la necesaria adaptaci\u00f3n de servicios municipales para lograr un trato adecuado a toda la ciudadan\u00eda y, en especial, a aquellas personas que tienen alg\u00fan tipo de discapacidad y a las personas de m\u00e1s edad. Es por ello que el plan aboga por contar con medios de apoyo necesarios para atender a estas personas y para que puedan realizar los tr\u00e1mites de con la Administraci\u00f3n de forma f\u00e1cil y accesible. Esa mejora en los servicios municipales incluye tambi\u00e9n la garant\u00eda de acceso a cursos y programas culturales, al ocio, deporte y actividades recreativas, as\u00ed como la necesidad de garantizar la participaci\u00f3n de toda la ciudadan\u00eda en procesos participativos, subvenciones, ayudas y dem\u00e1s acciones, con independencia de sus posibles limitaciones.<br \/>\n<script async src=\"\/\/pagead2.googlesyndication.com\/pagead\/js\/adsbygoogle.js\"><\/script><br \/>\n<!-- Noticias La Guia de Pamplona --><br \/>\n<ins class=\"adsbygoogle\"\nstyle=\"display:block\"\ndata-ad-client=\"ca-pub-6943679897239327\"\ndata-ad-slot=\"7048180777\"\ndata-ad-format=\"auto\"><\/ins><br \/>\n<script>\n(adsbygoogle = window.adsbygoogle || []).push({});\n<\/script><\/p>\n<p>Parte de esa accesibilidad debe ir de la mano, tal y como recoge el documento ahora aprobado, de una mejora de las herramientas municipales de comunicaci\u00f3n, para garantizar que todas las personas puedan tener acceso a la informaci\u00f3n municipal, a trav\u00e9s de herramientas digitales o comunicaciones presenciales. Y, para ello, es clave el uso de medidas como el lenguaje claro, las t\u00e9cnicas de lectura f\u00e1cil, y la accesibilidad en publicaciones, aplicaciones, webs municipales y formularios, para que todas las personas puedan usarlos, comprenderlos y rellenarlos sin problemas. El plan contempla la formaci\u00f3n continuada del personal municipal y, en especial, de quienes tienen relaci\u00f3n con el p\u00fablico, para aumentar sus competencias en el trato con personas que presentan limitaciones para desarrollar su vida cotidiana y sus relaciones con la administraci\u00f3n municipal.<\/p>\n<p>Por \u00faltimo, el plan aborda tambi\u00e9n la accesibilidad en el transporte p\u00fablico, para lo que plantea un contacto estrecho con la Mancomunidad de la Comarca de Pamplona, a fin de lograr paradas y autobuses accesibles sensorial y cognitivamente, y mejorar los entornos de las paradas de autob\u00fas y de taxi. Adem\u00e1s, el documento prev\u00e9 tambi\u00e9n mejorar la atenci\u00f3n telef\u00f3nica en el servicio de solicitud de taxi, para hacerla accesible a toda la ciudadan\u00eda y formar al personal del transporte p\u00fablico en atenci\u00f3n y discapacidad para poder responder mejor a las demandas ciudadanas. La aplicaci\u00f3n de estos aspectos ser\u00e1 responsabilidad de la Mancomunidad de la Comarca de Pamplona que gestiona el servicio.<\/p>\n<p>En todo caso el Plan aporta estrategias para corresponsabilizar al conjunto de la sociedad en materia de accesibilidad, ya que \u00e9sta ser\u00e1 la manera de que Pamplona alcance la excelencia en materia de accesibilidad y en la incorporaci\u00f3n de los colectivos con dificultades f\u00edsicas, sensoriales o cognitivas a la vida p\u00fablica en plenitud de derechos y deberes. Para ello, se necesita la implicaci\u00f3n del personal t\u00e9cnico municipal, personal de otras administraciones p\u00fablicas, agentes sociales y econ\u00f3micos, y ciudan\u00eda en general.<br \/>\n<script async src=\"\/\/pagead2.googlesyndication.com\/pagead\/js\/adsbygoogle.js\"><\/script><br \/>\n<!-- Noticias La Guia de Pamplona --><br \/>\n<ins class=\"adsbygoogle\"\nstyle=\"display:block\"\ndata-ad-client=\"ca-pub-6943679897239327\"\ndata-ad-slot=\"7048180777\"\ndata-ad-format=\"auto\"><\/ins><br \/>\n<script>\n(adsbygoogle = window.adsbygoogle || []).push({});\n<\/script><\/p>\n<p><strong>M\u00e1s de una treintena de colectivos<\/strong><\/p>\n<p>El Plan Estrat\u00e9gico de Accesibilidad Integral de la ciudad de Pamplona se ha elaborado con un enfoque transversal, multisectorial y multiterritorial vertebrado a trav\u00e9s de un proceso participativo. En \u00e9l han participado 34 colectivos relacionados con el \u00e1mbito de la discapacidad y \u00e1reas municipales, as\u00ed como entidades supramunicipales ligadas a la tem\u00e1tica de la accesibilidad y ciudadan\u00eda a t\u00edtulo personal. En total, fueron 137 las personas que participaron en el proceso participativo y realizaron aportaciones, favoreciendo la realizaci\u00f3n de un trabajo m\u00e1s cercano y adecuado a las necesidades y demandas ciudadanas y con elevadas cotas de aplicabilidad. El plan pretende abarcar todos los \u00e1mbitos municipales y desarrollar la accesibilidad universal con la vista puesta en el a\u00f1o 2026.<\/p>\n<p>Adem\u00e1s de las actuaciones concretas, el plan prev\u00e9 la creaci\u00f3n de un Consejo de Accesibilidad Integral de Pamplona como \u00f3rgano que lidere las labores de planificaci\u00f3n anual y de seguimiento con participaci\u00f3n activa de diferentes sectores. Este \u00f3rgano de participaci\u00f3n sectorial ser\u00e1 el veh\u00edculo principal de la corresponsabilidad social para la implantaci\u00f3n del plan, que liderar\u00e1 el Ayuntamiento a trav\u00e9s de la definici\u00f3n de planes operativos anuales y sus correspondientes dotaciones presupuestar\u00edas.<\/p>\n","protected":false},"excerpt":{"rendered":"<p>El Ayuntamiento ha finalizado el I Plan Estrat\u00e9gico de Accesibilidad Integral, con propuestas para mejorar edificios, espacios p\u00fablicos y servicios municipales<\/p>\n","protected":false},"author":1,"featured_media":46778,"comment_status":"open","ping_status":"closed","sticky":false,"template":"","format":"standard","meta":{"footnotes":""},"categories":[2],"tags":[],"class_list":["post-46777","post","type-post","status-publish","format-standard","has-post-thumbnail","hentry","category-ayuntamiento-pamplona"],"yoast_head":"<!-- This site is optimized with the Yoast SEO plugin v27.5 - https:\/\/yoast.com\/product\/yoast-seo-wordpress\/ -->\n<title>Pamplona planifica m\u00e1s de 60 actuaciones para alcanzar la excelencia como ciudad accesible y sin barreras<\/title>\n<meta name=\"description\" content=\"El Ayuntamiento ha finalizado el I Plan Estrat\u00e9gico de Accesibilidad Integral, con propuestas para mejorar edificios, espacios p\u00fablicos y servicios municipales\" \/>\n<meta name=\"robots\" content=\"index, follow, max-snippet:-1, max-image-preview:large, max-video-preview:-1\" \/>\n<link rel=\"canonical\" href=\"https:\/\/www.laguiadepamplona.com\/actualidad\/pamplona-planifica-mas-de-60-actuaciones-para-alcanzar-la-excelencia-como-ciudad-accesible-y-sin-barreras\/\" \/>\n<meta property=\"og:locale\" content=\"es_ES\" \/>\n<meta property=\"og:type\" content=\"article\" \/>\n<meta property=\"og:title\" content=\"Pamplona planifica m\u00e1s de 60 actuaciones para alcanzar la excelencia como ciudad accesible y sin barreras\" \/>\n<meta property=\"og:description\" content=\"El Ayuntamiento ha finalizado el I Plan Estrat\u00e9gico de Accesibilidad Integral, con propuestas para mejorar edificios, espacios p\u00fablicos y servicios municipales\" \/>\n<meta property=\"og:url\" content=\"https:\/\/www.laguiadepamplona.com\/actualidad\/pamplona-planifica-mas-de-60-actuaciones-para-alcanzar-la-excelencia-como-ciudad-accesible-y-sin-barreras\/\" \/>\n<meta property=\"og:site_name\" content=\"La Gu\u00eda de Pamplona\" \/>\n<meta property=\"article:publisher\" content=\"https:\/\/www.facebook.com\/laguiadepamplonacom-133175176762273\/?ref=hl\" \/>\n<meta property=\"article:published_time\" content=\"2023-05-23T10:19:04+00:00\" \/>\n<meta property=\"og:image\" content=\"https:\/\/www.laguiadepamplona.com\/actualidad\/wp-content\/uploads\/2023\/05\/lectura-en-braile_0.webp\" \/>\n\t<meta property=\"og:image:width\" content=\"1920\" \/>\n\t<meta property=\"og:image:height\" content=\"1280\" \/>\n\t<meta property=\"og:image:type\" content=\"image\/webp\" \/>\n<meta name=\"author\" content=\"La Gu\u00eda de Pamplona\" \/>\n<meta name=\"twitter:card\" content=\"summary_large_image\" \/>\n<meta name=\"twitter:creator\" content=\"@LaGuiadPamplona\" \/>\n<meta name=\"twitter:site\" content=\"@LaGuiadPamplona\" \/>\n<meta name=\"twitter:label1\" content=\"Escrito por\" \/>\n\t<meta name=\"twitter:data1\" content=\"La Gu\u00eda de Pamplona\" \/>\n\t<meta name=\"twitter:label2\" content=\"Tiempo de lectura\" \/>\n\t<meta name=\"twitter:data2\" content=\"6 minutos\" \/>\n<script type=\"application\/ld+json\" class=\"yoast-schema-graph\">{\"@context\":\"https:\\\/\\\/schema.org\",\"@graph\":[{\"@type\":\"Article\",\"@id\":\"https:\\\/\\\/www.laguiadepamplona.com\\\/actualidad\\\/pamplona-planifica-mas-de-60-actuaciones-para-alcanzar-la-excelencia-como-ciudad-accesible-y-sin-barreras\\\/#article\",\"isPartOf\":{\"@id\":\"https:\\\/\\\/www.laguiadepamplona.com\\\/actualidad\\\/pamplona-planifica-mas-de-60-actuaciones-para-alcanzar-la-excelencia-como-ciudad-accesible-y-sin-barreras\\\/\"},\"author\":{\"name\":\"La Gu\u00eda de Pamplona\",\"@id\":\"https:\\\/\\\/www.laguiadepamplona.com\\\/actualidad\\\/#\\\/schema\\\/person\\\/efe887376f0213d4657c93adc50b1fdb\"},\"headline\":\"Pamplona planifica m\u00e1s de 60 actuaciones para alcanzar la excelencia como ciudad accesible y sin barreras\",\"datePublished\":\"2023-05-23T10:19:04+00:00\",\"mainEntityOfPage\":{\"@id\":\"https:\\\/\\\/www.laguiadepamplona.com\\\/actualidad\\\/pamplona-planifica-mas-de-60-actuaciones-para-alcanzar-la-excelencia-como-ciudad-accesible-y-sin-barreras\\\/\"},\"wordCount\":1441,\"commentCount\":0,\"publisher\":{\"@id\":\"https:\\\/\\\/www.laguiadepamplona.com\\\/actualidad\\\/#organization\"},\"image\":{\"@id\":\"https:\\\/\\\/www.laguiadepamplona.com\\\/actualidad\\\/pamplona-planifica-mas-de-60-actuaciones-para-alcanzar-la-excelencia-como-ciudad-accesible-y-sin-barreras\\\/#primaryimage\"},\"thumbnailUrl\":\"https:\\\/\\\/www.laguiadepamplona.com\\\/actualidad\\\/wp-content\\\/uploads\\\/2023\\\/05\\\/lectura-en-braile_0.webp\",\"articleSection\":[\"Ayto Pamplona\"],\"inLanguage\":\"es\",\"potentialAction\":[{\"@type\":\"CommentAction\",\"name\":\"Comment\",\"target\":[\"https:\\\/\\\/www.laguiadepamplona.com\\\/actualidad\\\/pamplona-planifica-mas-de-60-actuaciones-para-alcanzar-la-excelencia-como-ciudad-accesible-y-sin-barreras\\\/#respond\"]}]},{\"@type\":\"WebPage\",\"@id\":\"https:\\\/\\\/www.laguiadepamplona.com\\\/actualidad\\\/pamplona-planifica-mas-de-60-actuaciones-para-alcanzar-la-excelencia-como-ciudad-accesible-y-sin-barreras\\\/\",\"url\":\"https:\\\/\\\/www.laguiadepamplona.com\\\/actualidad\\\/pamplona-planifica-mas-de-60-actuaciones-para-alcanzar-la-excelencia-como-ciudad-accesible-y-sin-barreras\\\/\",\"name\":\"Pamplona planifica m\u00e1s de 60 actuaciones para alcanzar la excelencia como ciudad accesible y sin barreras\",\"isPartOf\":{\"@id\":\"https:\\\/\\\/www.laguiadepamplona.com\\\/actualidad\\\/#website\"},\"primaryImageOfPage\":{\"@id\":\"https:\\\/\\\/www.laguiadepamplona.com\\\/actualidad\\\/pamplona-planifica-mas-de-60-actuaciones-para-alcanzar-la-excelencia-como-ciudad-accesible-y-sin-barreras\\\/#primaryimage\"},\"image\":{\"@id\":\"https:\\\/\\\/www.laguiadepamplona.com\\\/actualidad\\\/pamplona-planifica-mas-de-60-actuaciones-para-alcanzar-la-excelencia-como-ciudad-accesible-y-sin-barreras\\\/#primaryimage\"},\"thumbnailUrl\":\"https:\\\/\\\/www.laguiadepamplona.com\\\/actualidad\\\/wp-content\\\/uploads\\\/2023\\\/05\\\/lectura-en-braile_0.webp\",\"datePublished\":\"2023-05-23T10:19:04+00:00\",\"description\":\"El Ayuntamiento ha finalizado el I Plan Estrat\u00e9gico de Accesibilidad Integral, con propuestas para mejorar edificios, espacios p\u00fablicos y servicios municipales\",\"breadcrumb\":{\"@id\":\"https:\\\/\\\/www.laguiadepamplona.com\\\/actualidad\\\/pamplona-planifica-mas-de-60-actuaciones-para-alcanzar-la-excelencia-como-ciudad-accesible-y-sin-barreras\\\/#breadcrumb\"},\"inLanguage\":\"es\",\"potentialAction\":[{\"@type\":\"ReadAction\",\"target\":[\"https:\\\/\\\/www.laguiadepamplona.com\\\/actualidad\\\/pamplona-planifica-mas-de-60-actuaciones-para-alcanzar-la-excelencia-como-ciudad-accesible-y-sin-barreras\\\/\"]}]},{\"@type\":\"ImageObject\",\"inLanguage\":\"es\",\"@id\":\"https:\\\/\\\/www.laguiadepamplona.com\\\/actualidad\\\/pamplona-planifica-mas-de-60-actuaciones-para-alcanzar-la-excelencia-como-ciudad-accesible-y-sin-barreras\\\/#primaryimage\",\"url\":\"https:\\\/\\\/www.laguiadepamplona.com\\\/actualidad\\\/wp-content\\\/uploads\\\/2023\\\/05\\\/lectura-en-braile_0.webp\",\"contentUrl\":\"https:\\\/\\\/www.laguiadepamplona.com\\\/actualidad\\\/wp-content\\\/uploads\\\/2023\\\/05\\\/lectura-en-braile_0.webp\",\"width\":1920,\"height\":1280},{\"@type\":\"BreadcrumbList\",\"@id\":\"https:\\\/\\\/www.laguiadepamplona.com\\\/actualidad\\\/pamplona-planifica-mas-de-60-actuaciones-para-alcanzar-la-excelencia-como-ciudad-accesible-y-sin-barreras\\\/#breadcrumb\",\"itemListElement\":[{\"@type\":\"ListItem\",\"position\":1,\"name\":\"Portada\",\"item\":\"https:\\\/\\\/www.laguiadepamplona.com\\\/actualidad\\\/\"},{\"@type\":\"ListItem\",\"position\":2,\"name\":\"Pamplona planifica m\u00e1s de 60 actuaciones para alcanzar la excelencia como ciudad accesible y sin barreras\"}]},{\"@type\":\"WebSite\",\"@id\":\"https:\\\/\\\/www.laguiadepamplona.com\\\/actualidad\\\/#website\",\"url\":\"https:\\\/\\\/www.laguiadepamplona.com\\\/actualidad\\\/\",\"name\":\"La gu\u00eda de Pamplona\",\"description\":\"Noticias de Pamplona\",\"publisher\":{\"@id\":\"https:\\\/\\\/www.laguiadepamplona.com\\\/actualidad\\\/#organization\"},\"potentialAction\":[{\"@type\":\"SearchAction\",\"target\":{\"@type\":\"EntryPoint\",\"urlTemplate\":\"https:\\\/\\\/www.laguiadepamplona.com\\\/actualidad\\\/?s={search_term_string}\"},\"query-input\":{\"@type\":\"PropertyValueSpecification\",\"valueRequired\":true,\"valueName\":\"search_term_string\"}}],\"inLanguage\":\"es\"},{\"@type\":\"Organization\",\"@id\":\"https:\\\/\\\/www.laguiadepamplona.com\\\/actualidad\\\/#organization\",\"name\":\"La Gu\u00eda de Pamplona \\\/ Noticias\",\"url\":\"https:\\\/\\\/www.laguiadepamplona.com\\\/actualidad\\\/\",\"logo\":{\"@type\":\"ImageObject\",\"inLanguage\":\"es\",\"@id\":\"https:\\\/\\\/www.laguiadepamplona.com\\\/actualidad\\\/#\\\/schema\\\/logo\\\/image\\\/\",\"url\":\"https:\\\/\\\/www.laguiadepamplona.com\\\/actualidad\\\/wp-content\\\/uploads\\\/2018\\\/11\\\/logo-laguiadepamplona18-web1.png\",\"contentUrl\":\"https:\\\/\\\/www.laguiadepamplona.com\\\/actualidad\\\/wp-content\\\/uploads\\\/2018\\\/11\\\/logo-laguiadepamplona18-web1.png\",\"width\":600,\"height\":196,\"caption\":\"La Gu\u00eda de Pamplona \\\/ Noticias\"},\"image\":{\"@id\":\"https:\\\/\\\/www.laguiadepamplona.com\\\/actualidad\\\/#\\\/schema\\\/logo\\\/image\\\/\"},\"sameAs\":[\"https:\\\/\\\/www.facebook.com\\\/laguiadepamplonacom-133175176762273\\\/?ref=hl\",\"https:\\\/\\\/x.com\\\/LaGuiadPamplona\",\"https:\\\/\\\/www.instagram.com\\\/la_guia_de_pamplona\\\/\",\"https:\\\/\\\/www.youtube.com\\\/user\\\/laguiadepamplona\"]},{\"@type\":\"Person\",\"@id\":\"https:\\\/\\\/www.laguiadepamplona.com\\\/actualidad\\\/#\\\/schema\\\/person\\\/efe887376f0213d4657c93adc50b1fdb\",\"name\":\"La Gu\u00eda de Pamplona\",\"image\":{\"@type\":\"ImageObject\",\"inLanguage\":\"es\",\"@id\":\"https:\\\/\\\/secure.gravatar.com\\\/avatar\\\/b6992f131dc8d30ab0dff15446e9d346d9dbd95992de0fef795073f5ea83a81c?s=96&d=mm&r=g\",\"url\":\"https:\\\/\\\/secure.gravatar.com\\\/avatar\\\/b6992f131dc8d30ab0dff15446e9d346d9dbd95992de0fef795073f5ea83a81c?s=96&d=mm&r=g\",\"contentUrl\":\"https:\\\/\\\/secure.gravatar.com\\\/avatar\\\/b6992f131dc8d30ab0dff15446e9d346d9dbd95992de0fef795073f5ea83a81c?s=96&d=mm&r=g\",\"caption\":\"La Gu\u00eda de Pamplona\"}}]}<\/script>\n<!-- \/ Yoast SEO plugin. -->","yoast_head_json":{"title":"Pamplona planifica m\u00e1s de 60 actuaciones para alcanzar la excelencia como ciudad accesible y sin barreras","description":"El Ayuntamiento ha finalizado el I Plan Estrat\u00e9gico de Accesibilidad Integral, con propuestas para mejorar edificios, espacios p\u00fablicos y servicios municipales","robots":{"index":"index","follow":"follow","max-snippet":"max-snippet:-1","max-image-preview":"max-image-preview:large","max-video-preview":"max-video-preview:-1"},"canonical":"https:\/\/www.laguiadepamplona.com\/actualidad\/pamplona-planifica-mas-de-60-actuaciones-para-alcanzar-la-excelencia-como-ciudad-accesible-y-sin-barreras\/","og_locale":"es_ES","og_type":"article","og_title":"Pamplona planifica m\u00e1s de 60 actuaciones para alcanzar la excelencia como ciudad accesible y sin barreras","og_description":"El Ayuntamiento ha finalizado el I Plan Estrat\u00e9gico de Accesibilidad Integral, con propuestas para mejorar edificios, espacios p\u00fablicos y servicios municipales","og_url":"https:\/\/www.laguiadepamplona.com\/actualidad\/pamplona-planifica-mas-de-60-actuaciones-para-alcanzar-la-excelencia-como-ciudad-accesible-y-sin-barreras\/","og_site_name":"La Gu\u00eda de Pamplona","article_publisher":"https:\/\/www.facebook.com\/laguiadepamplonacom-133175176762273\/?ref=hl","article_published_time":"2023-05-23T10:19:04+00:00","og_image":[{"width":1920,"height":1280,"url":"https:\/\/www.laguiadepamplona.com\/actualidad\/wp-content\/uploads\/2023\/05\/lectura-en-braile_0.webp","type":"image\/webp"}],"author":"La Gu\u00eda de Pamplona","twitter_card":"summary_large_image","twitter_creator":"@LaGuiadPamplona","twitter_site":"@LaGuiadPamplona","twitter_misc":{"Escrito por":"La Gu\u00eda de Pamplona","Tiempo de lectura":"6 minutos"},"schema":{"@context":"https:\/\/schema.org","@graph":[{"@type":"Article","@id":"https:\/\/www.laguiadepamplona.com\/actualidad\/pamplona-planifica-mas-de-60-actuaciones-para-alcanzar-la-excelencia-como-ciudad-accesible-y-sin-barreras\/#article","isPartOf":{"@id":"https:\/\/www.laguiadepamplona.com\/actualidad\/pamplona-planifica-mas-de-60-actuaciones-para-alcanzar-la-excelencia-como-ciudad-accesible-y-sin-barreras\/"},"author":{"name":"La Gu\u00eda de Pamplona","@id":"https:\/\/www.laguiadepamplona.com\/actualidad\/#\/schema\/person\/efe887376f0213d4657c93adc50b1fdb"},"headline":"Pamplona planifica m\u00e1s de 60 actuaciones para alcanzar la excelencia como ciudad accesible y sin barreras","datePublished":"2023-05-23T10:19:04+00:00","mainEntityOfPage":{"@id":"https:\/\/www.laguiadepamplona.com\/actualidad\/pamplona-planifica-mas-de-60-actuaciones-para-alcanzar-la-excelencia-como-ciudad-accesible-y-sin-barreras\/"},"wordCount":1441,"commentCount":0,"publisher":{"@id":"https:\/\/www.laguiadepamplona.com\/actualidad\/#organization"},"image":{"@id":"https:\/\/www.laguiadepamplona.com\/actualidad\/pamplona-planifica-mas-de-60-actuaciones-para-alcanzar-la-excelencia-como-ciudad-accesible-y-sin-barreras\/#primaryimage"},"thumbnailUrl":"https:\/\/www.laguiadepamplona.com\/actualidad\/wp-content\/uploads\/2023\/05\/lectura-en-braile_0.webp","articleSection":["Ayto Pamplona"],"inLanguage":"es","potentialAction":[{"@type":"CommentAction","name":"Comment","target":["https:\/\/www.laguiadepamplona.com\/actualidad\/pamplona-planifica-mas-de-60-actuaciones-para-alcanzar-la-excelencia-como-ciudad-accesible-y-sin-barreras\/#respond"]}]},{"@type":"WebPage","@id":"https:\/\/www.laguiadepamplona.com\/actualidad\/pamplona-planifica-mas-de-60-actuaciones-para-alcanzar-la-excelencia-como-ciudad-accesible-y-sin-barreras\/","url":"https:\/\/www.laguiadepamplona.com\/actualidad\/pamplona-planifica-mas-de-60-actuaciones-para-alcanzar-la-excelencia-como-ciudad-accesible-y-sin-barreras\/","name":"Pamplona planifica m\u00e1s de 60 actuaciones para alcanzar la excelencia como ciudad accesible y sin barreras","isPartOf":{"@id":"https:\/\/www.laguiadepamplona.com\/actualidad\/#website"},"primaryImageOfPage":{"@id":"https:\/\/www.laguiadepamplona.com\/actualidad\/pamplona-planifica-mas-de-60-actuaciones-para-alcanzar-la-excelencia-como-ciudad-accesible-y-sin-barreras\/#primaryimage"},"image":{"@id":"https:\/\/www.laguiadepamplona.com\/actualidad\/pamplona-planifica-mas-de-60-actuaciones-para-alcanzar-la-excelencia-como-ciudad-accesible-y-sin-barreras\/#primaryimage"},"thumbnailUrl":"https:\/\/www.laguiadepamplona.com\/actualidad\/wp-content\/uploads\/2023\/05\/lectura-en-braile_0.webp","datePublished":"2023-05-23T10:19:04+00:00","description":"El Ayuntamiento ha finalizado el I Plan Estrat\u00e9gico de Accesibilidad Integral, con propuestas para mejorar edificios, espacios p\u00fablicos y servicios municipales","breadcrumb":{"@id":"https:\/\/www.laguiadepamplona.com\/actualidad\/pamplona-planifica-mas-de-60-actuaciones-para-alcanzar-la-excelencia-como-ciudad-accesible-y-sin-barreras\/#breadcrumb"},"inLanguage":"es","potentialAction":[{"@type":"ReadAction","target":["https:\/\/www.laguiadepamplona.com\/actualidad\/pamplona-planifica-mas-de-60-actuaciones-para-alcanzar-la-excelencia-como-ciudad-accesible-y-sin-barreras\/"]}]},{"@type":"ImageObject","inLanguage":"es","@id":"https:\/\/www.laguiadepamplona.com\/actualidad\/pamplona-planifica-mas-de-60-actuaciones-para-alcanzar-la-excelencia-como-ciudad-accesible-y-sin-barreras\/#primaryimage","url":"https:\/\/www.laguiadepamplona.com\/actualidad\/wp-content\/uploads\/2023\/05\/lectura-en-braile_0.webp","contentUrl":"https:\/\/www.laguiadepamplona.com\/actualidad\/wp-content\/uploads\/2023\/05\/lectura-en-braile_0.webp","width":1920,"height":1280},{"@type":"BreadcrumbList","@id":"https:\/\/www.laguiadepamplona.com\/actualidad\/pamplona-planifica-mas-de-60-actuaciones-para-alcanzar-la-excelencia-como-ciudad-accesible-y-sin-barreras\/#breadcrumb","itemListElement":[{"@type":"ListItem","position":1,"name":"Portada","item":"https:\/\/www.laguiadepamplona.com\/actualidad\/"},{"@type":"ListItem","position":2,"name":"Pamplona planifica m\u00e1s de 60 actuaciones para alcanzar la excelencia como ciudad accesible y sin barreras"}]},{"@type":"WebSite","@id":"https:\/\/www.laguiadepamplona.com\/actualidad\/#website","url":"https:\/\/www.laguiadepamplona.com\/actualidad\/","name":"La gu\u00eda de Pamplona","description":"Noticias de Pamplona","publisher":{"@id":"https:\/\/www.laguiadepamplona.com\/actualidad\/#organization"},"potentialAction":[{"@type":"SearchAction","target":{"@type":"EntryPoint","urlTemplate":"https:\/\/www.laguiadepamplona.com\/actualidad\/?s={search_term_string}"},"query-input":{"@type":"PropertyValueSpecification","valueRequired":true,"valueName":"search_term_string"}}],"inLanguage":"es"},{"@type":"Organization","@id":"https:\/\/www.laguiadepamplona.com\/actualidad\/#organization","name":"La Gu\u00eda de Pamplona \/ Noticias","url":"https:\/\/www.laguiadepamplona.com\/actualidad\/","logo":{"@type":"ImageObject","inLanguage":"es","@id":"https:\/\/www.laguiadepamplona.com\/actualidad\/#\/schema\/logo\/image\/","url":"https:\/\/www.laguiadepamplona.com\/actualidad\/wp-content\/uploads\/2018\/11\/logo-laguiadepamplona18-web1.png","contentUrl":"https:\/\/www.laguiadepamplona.com\/actualidad\/wp-content\/uploads\/2018\/11\/logo-laguiadepamplona18-web1.png","width":600,"height":196,"caption":"La Gu\u00eda de Pamplona \/ Noticias"},"image":{"@id":"https:\/\/www.laguiadepamplona.com\/actualidad\/#\/schema\/logo\/image\/"},"sameAs":["https:\/\/www.facebook.com\/laguiadepamplonacom-133175176762273\/?ref=hl","https:\/\/x.com\/LaGuiadPamplona","https:\/\/www.instagram.com\/la_guia_de_pamplona\/","https:\/\/www.youtube.com\/user\/laguiadepamplona"]},{"@type":"Person","@id":"https:\/\/www.laguiadepamplona.com\/actualidad\/#\/schema\/person\/efe887376f0213d4657c93adc50b1fdb","name":"La Gu\u00eda de Pamplona","image":{"@type":"ImageObject","inLanguage":"es","@id":"https:\/\/secure.gravatar.com\/avatar\/b6992f131dc8d30ab0dff15446e9d346d9dbd95992de0fef795073f5ea83a81c?s=96&d=mm&r=g","url":"https:\/\/secure.gravatar.com\/avatar\/b6992f131dc8d30ab0dff15446e9d346d9dbd95992de0fef795073f5ea83a81c?s=96&d=mm&r=g","contentUrl":"https:\/\/secure.gravatar.com\/avatar\/b6992f131dc8d30ab0dff15446e9d346d9dbd95992de0fef795073f5ea83a81c?s=96&d=mm&r=g","caption":"La Gu\u00eda de Pamplona"}}]}},"post_mailing_queue_ids":[],"_links":{"self":[{"href":"https:\/\/www.laguiadepamplona.com\/actualidad\/wp-json\/wp\/v2\/posts\/46777","targetHints":{"allow":["GET"]}}],"collection":[{"href":"https:\/\/www.laguiadepamplona.com\/actualidad\/wp-json\/wp\/v2\/posts"}],"about":[{"href":"https:\/\/www.laguiadepamplona.com\/actualidad\/wp-json\/wp\/v2\/types\/post"}],"author":[{"embeddable":true,"href":"https:\/\/www.laguiadepamplona.com\/actualidad\/wp-json\/wp\/v2\/users\/1"}],"replies":[{"embeddable":true,"href":"https:\/\/www.laguiadepamplona.com\/actualidad\/wp-json\/wp\/v2\/comments?post=46777"}],"version-history":[{"count":1,"href":"https:\/\/www.laguiadepamplona.com\/actualidad\/wp-json\/wp\/v2\/posts\/46777\/revisions"}],"predecessor-version":[{"id":46779,"href":"https:\/\/www.laguiadepamplona.com\/actualidad\/wp-json\/wp\/v2\/posts\/46777\/revisions\/46779"}],"wp:featuredmedia":[{"embeddable":true,"href":"https:\/\/www.laguiadepamplona.com\/actualidad\/wp-json\/wp\/v2\/media\/46778"}],"wp:attachment":[{"href":"https:\/\/www.laguiadepamplona.com\/actualidad\/wp-json\/wp\/v2\/media?parent=46777"}],"wp:term":[{"taxonomy":"category","embeddable":true,"href":"https:\/\/www.laguiadepamplona.com\/actualidad\/wp-json\/wp\/v2\/categories?post=46777"},{"taxonomy":"post_tag","embeddable":true,"href":"https:\/\/www.laguiadepamplona.com\/actualidad\/wp-json\/wp\/v2\/tags?post=46777"}],"curies":[{"name":"wp","href":"https:\/\/api.w.org\/{rel}","templated":true}]}}