{"id":46773,"date":"2023-05-22T12:45:52","date_gmt":"2023-05-22T10:45:52","guid":{"rendered":"https:\/\/www.laguiadepamplona.com\/actualidad\/?p=46773"},"modified":"2023-05-22T12:45:52","modified_gmt":"2023-05-22T10:45:52","slug":"aprobada-la-licitacion-de-la-asistencia-tecnica-para-la-elaboracion-ejecucion-y-desarrollo-del-programa-de-sensibilizacion-y-concienciacion-pamplona-2030","status":"publish","type":"post","link":"https:\/\/www.laguiadepamplona.com\/actualidad\/aprobada-la-licitacion-de-la-asistencia-tecnica-para-la-elaboracion-ejecucion-y-desarrollo-del-programa-de-sensibilizacion-y-concienciacion-pamplona-2030\/","title":{"rendered":"Aprobada la licitaci\u00f3n de la asistencia t\u00e9cnica para la elaboraci\u00f3n, ejecuci\u00f3n y desarrollo del programa de Sensibilizaci\u00f3n y Concienciaci\u00f3n Pamplona 2030"},"content":{"rendered":"<h3>El programa incluye eventos deportivos, visitas guiadas, campa\u00f1as y exposiciones alineados con los Objetivos de Desarrollo Sostenible (ODS)<\/h3>\n<p><!--more--><\/p>\n<p>La Junta de Gobierno Local ha aprobado la licitaci\u00f3n para contratar la asistencia t\u00e9cnica para la elaboraci\u00f3n, ejecuci\u00f3n y desarrollo del programa de sensibilizaci\u00f3n y concienciaci\u00f3n Pamplona 2030. Esta licitaci\u00f3n se realiza mediante procedimiento de adjudicaci\u00f3n abierto sin publicidad comunitaria, por un importe de 136.026,39 euros (IVA incluido).<\/p>\n<p>El contrato tiene por objetivo incrementar la sensibilizaci\u00f3n y concienciaci\u00f3n de la ciudadan\u00eda y agentes locales en torno a la Agenda 2030 y sus Objetivos de Desarrollo Sostenible. Adem\u00e1s de incidir en su alcance y objetivos, el contrato incluye los objetivos y proyectos de la Agenda Urbana Pamplona 2030, que es la herramienta local para desarrollar los programas mencionados.<br \/>\n<script async src=\"\/\/pagead2.googlesyndication.com\/pagead\/js\/adsbygoogle.js\"><\/script><br \/>\n<!-- Noticias La Guia de Pamplona --><br \/>\n<ins class=\"adsbygoogle\"\nstyle=\"display:block\"\ndata-ad-client=\"ca-pub-6943679897239327\"\ndata-ad-slot=\"7048180777\"\ndata-ad-format=\"auto\"><\/ins><br \/>\n<script>\n(adsbygoogle = window.adsbygoogle || []).push({});\n<\/script><\/p>\n<p>Las actividades incluidas en el Programa de Sensibilizaci\u00f3n y Concienciaci\u00f3n Pamplona 2030 pretenden llegar al conjunto de la poblaci\u00f3n de Pamplona, para lo que se plantean eventos deportivos, campa\u00f1as publicitarias en formatos anal\u00f3gicos y redes sociales, encuentros presenciales, estudios espec\u00edficos destinados a medir el conocimiento de los mensajes de la Agenda Urbana Pamplona 2030, visitas guiadas, exposiciones en centros c\u00edvicos e instituciones de ense\u00f1anza y materiales did\u00e1cticos, entre otros.<\/p>\n<p>Para la realizaci\u00f3n de estas actividades, la empresa adjudicataria deber\u00e1 contar con el equipo humano necesario y contratar cuanto personal auxiliar sea necesario para el correcto desarrollo de las actividades programadas. Los trabajos objeto del contrato deber\u00e1n estar concluidos para el 30 de noviembre de este a\u00f1o. Estos trabajos reciben subvenci\u00f3n del Ministerio de Derechos Sociales y Agenda 2030 del Gobierno de Espa\u00f1a, a trav\u00e9s de la Convocatoria para la concesi\u00f3n de subvenciones destinadas a acciones para el impulso de la Agenda 2030 en las Entidades Locales.<br \/>\n<script async src=\"\/\/pagead2.googlesyndication.com\/pagead\/js\/adsbygoogle.js\"><\/script><br \/>\n<!-- Noticias La Guia de Pamplona --><br \/>\n<ins class=\"adsbygoogle\"\nstyle=\"display:block\"\ndata-ad-client=\"ca-pub-6943679897239327\"\ndata-ad-slot=\"7048180777\"\ndata-ad-format=\"auto\"><\/ins><br \/>\n<script>\n(adsbygoogle = window.adsbygoogle || []).push({});\n<\/script><\/p>\n<p>El programa de Sensibilizaci\u00f3n y Concienciaci\u00f3n Pamplona 2030 forma parte de la Agenda Urbana Pamplona 2030, aprobada por unanimidad en el Pleno Municipal del 15 de abril de 2021. Se trata de una estrategia de ciudad alineada con la Agenda Urbana Europea y Espa\u00f1ola, y con los Objetivos de Desarrollo Sostenible (ODS) de la Agenda 2030 de Naciones Unidas. Las principales l\u00edneas estrat\u00e9gicas del programa se orientan a la b\u00fasqueda de consensos, la implicaci\u00f3n de la ciudadan\u00eda y los agentes, la definici\u00f3n de un modelo de ciudad, la facilitaci\u00f3n de la correcta ejecuci\u00f3n de los proyectos, la generaci\u00f3n de nuevas propuestas y el logro de una comunicaci\u00f3n coherente con los valores de la Agenda 2030 y los ODS.<\/p>\n","protected":false},"excerpt":{"rendered":"<p>El programa incluye eventos deportivos, visitas guiadas, campa\u00f1as y exposiciones alineados con los Objetivos de Desarrollo Sostenible (ODS)<\/p>\n","protected":false},"author":1,"featured_media":46774,"comment_status":"open","ping_status":"closed","sticky":false,"template":"","format":"standard","meta":{"footnotes":""},"categories":[2],"tags":[],"class_list":["post-46773","post","type-post","status-publish","format-standard","has-post-thumbnail","hentry","category-ayuntamiento-pamplona"],"yoast_head":"<!-- This site is optimized with the Yoast SEO plugin v27.3 - https:\/\/yoast.com\/product\/yoast-seo-wordpress\/ -->\n<title>Aprobada la licitaci\u00f3n de la asistencia t\u00e9cnica para la elaboraci\u00f3n, ejecuci\u00f3n y desarrollo del programa de Sensibilizaci\u00f3n y Concienciaci\u00f3n Pamplona 2030<\/title>\n<meta name=\"description\" content=\"El programa incluye eventos deportivos, visitas guiadas, campa\u00f1as y exposiciones alineados con los Objetivos de Desarrollo Sostenible (ODS)\" \/>\n<meta name=\"robots\" content=\"index, follow, max-snippet:-1, max-image-preview:large, max-video-preview:-1\" \/>\n<link rel=\"canonical\" href=\"https:\/\/www.laguiadepamplona.com\/actualidad\/aprobada-la-licitacion-de-la-asistencia-tecnica-para-la-elaboracion-ejecucion-y-desarrollo-del-programa-de-sensibilizacion-y-concienciacion-pamplona-2030\/\" \/>\n<meta property=\"og:locale\" content=\"es_ES\" \/>\n<meta property=\"og:type\" content=\"article\" \/>\n<meta property=\"og:title\" content=\"Aprobada la licitaci\u00f3n de la asistencia t\u00e9cnica para la elaboraci\u00f3n, ejecuci\u00f3n y desarrollo del programa de Sensibilizaci\u00f3n y Concienciaci\u00f3n Pamplona 2030\" \/>\n<meta property=\"og:description\" content=\"El programa incluye eventos deportivos, visitas guiadas, campa\u00f1as y exposiciones alineados con los Objetivos de Desarrollo Sostenible (ODS)\" \/>\n<meta property=\"og:url\" content=\"https:\/\/www.laguiadepamplona.com\/actualidad\/aprobada-la-licitacion-de-la-asistencia-tecnica-para-la-elaboracion-ejecucion-y-desarrollo-del-programa-de-sensibilizacion-y-concienciacion-pamplona-2030\/\" \/>\n<meta property=\"og:site_name\" content=\"La Gu\u00eda de Pamplona\" \/>\n<meta property=\"article:publisher\" content=\"https:\/\/www.facebook.com\/laguiadepamplonacom-133175176762273\/?ref=hl\" \/>\n<meta property=\"article:published_time\" content=\"2023-05-22T10:45:52+00:00\" \/>\n<meta property=\"og:image\" content=\"https:\/\/www.laguiadepamplona.com\/actualidad\/wp-content\/uploads\/2023\/05\/RIO-ARGA.webp\" \/>\n\t<meta property=\"og:image:width\" content=\"1920\" \/>\n\t<meta property=\"og:image:height\" content=\"1280\" \/>\n\t<meta property=\"og:image:type\" content=\"image\/webp\" \/>\n<meta name=\"author\" content=\"La Gu\u00eda de Pamplona\" \/>\n<meta name=\"twitter:card\" content=\"summary_large_image\" \/>\n<meta name=\"twitter:creator\" content=\"@LaGuiadPamplona\" \/>\n<meta name=\"twitter:site\" content=\"@LaGuiadPamplona\" \/>\n<meta name=\"twitter:label1\" content=\"Escrito por\" \/>\n\t<meta name=\"twitter:data1\" content=\"La Gu\u00eda de Pamplona\" \/>\n\t<meta name=\"twitter:label2\" content=\"Tiempo de lectura\" \/>\n\t<meta name=\"twitter:data2\" content=\"2 minutos\" \/>\n<script type=\"application\/ld+json\" class=\"yoast-schema-graph\">{\"@context\":\"https:\\\/\\\/schema.org\",\"@graph\":[{\"@type\":\"Article\",\"@id\":\"https:\\\/\\\/www.laguiadepamplona.com\\\/actualidad\\\/aprobada-la-licitacion-de-la-asistencia-tecnica-para-la-elaboracion-ejecucion-y-desarrollo-del-programa-de-sensibilizacion-y-concienciacion-pamplona-2030\\\/#article\",\"isPartOf\":{\"@id\":\"https:\\\/\\\/www.laguiadepamplona.com\\\/actualidad\\\/aprobada-la-licitacion-de-la-asistencia-tecnica-para-la-elaboracion-ejecucion-y-desarrollo-del-programa-de-sensibilizacion-y-concienciacion-pamplona-2030\\\/\"},\"author\":{\"name\":\"La Gu\u00eda de Pamplona\",\"@id\":\"https:\\\/\\\/www.laguiadepamplona.com\\\/actualidad\\\/#\\\/schema\\\/person\\\/efe887376f0213d4657c93adc50b1fdb\"},\"headline\":\"Aprobada la licitaci\u00f3n de la asistencia t\u00e9cnica para la elaboraci\u00f3n, ejecuci\u00f3n y desarrollo del programa de Sensibilizaci\u00f3n y Concienciaci\u00f3n Pamplona 2030\",\"datePublished\":\"2023-05-22T10:45:52+00:00\",\"mainEntityOfPage\":{\"@id\":\"https:\\\/\\\/www.laguiadepamplona.com\\\/actualidad\\\/aprobada-la-licitacion-de-la-asistencia-tecnica-para-la-elaboracion-ejecucion-y-desarrollo-del-programa-de-sensibilizacion-y-concienciacion-pamplona-2030\\\/\"},\"wordCount\":452,\"commentCount\":0,\"publisher\":{\"@id\":\"https:\\\/\\\/www.laguiadepamplona.com\\\/actualidad\\\/#organization\"},\"image\":{\"@id\":\"https:\\\/\\\/www.laguiadepamplona.com\\\/actualidad\\\/aprobada-la-licitacion-de-la-asistencia-tecnica-para-la-elaboracion-ejecucion-y-desarrollo-del-programa-de-sensibilizacion-y-concienciacion-pamplona-2030\\\/#primaryimage\"},\"thumbnailUrl\":\"https:\\\/\\\/www.laguiadepamplona.com\\\/actualidad\\\/wp-content\\\/uploads\\\/2023\\\/05\\\/RIO-ARGA.webp\",\"articleSection\":[\"Ayto Pamplona\"],\"inLanguage\":\"es\",\"potentialAction\":[{\"@type\":\"CommentAction\",\"name\":\"Comment\",\"target\":[\"https:\\\/\\\/www.laguiadepamplona.com\\\/actualidad\\\/aprobada-la-licitacion-de-la-asistencia-tecnica-para-la-elaboracion-ejecucion-y-desarrollo-del-programa-de-sensibilizacion-y-concienciacion-pamplona-2030\\\/#respond\"]}]},{\"@type\":\"WebPage\",\"@id\":\"https:\\\/\\\/www.laguiadepamplona.com\\\/actualidad\\\/aprobada-la-licitacion-de-la-asistencia-tecnica-para-la-elaboracion-ejecucion-y-desarrollo-del-programa-de-sensibilizacion-y-concienciacion-pamplona-2030\\\/\",\"url\":\"https:\\\/\\\/www.laguiadepamplona.com\\\/actualidad\\\/aprobada-la-licitacion-de-la-asistencia-tecnica-para-la-elaboracion-ejecucion-y-desarrollo-del-programa-de-sensibilizacion-y-concienciacion-pamplona-2030\\\/\",\"name\":\"Aprobada la licitaci\u00f3n de la asistencia t\u00e9cnica para la elaboraci\u00f3n, ejecuci\u00f3n y desarrollo del programa de Sensibilizaci\u00f3n y Concienciaci\u00f3n Pamplona 2030\",\"isPartOf\":{\"@id\":\"https:\\\/\\\/www.laguiadepamplona.com\\\/actualidad\\\/#website\"},\"primaryImageOfPage\":{\"@id\":\"https:\\\/\\\/www.laguiadepamplona.com\\\/actualidad\\\/aprobada-la-licitacion-de-la-asistencia-tecnica-para-la-elaboracion-ejecucion-y-desarrollo-del-programa-de-sensibilizacion-y-concienciacion-pamplona-2030\\\/#primaryimage\"},\"image\":{\"@id\":\"https:\\\/\\\/www.laguiadepamplona.com\\\/actualidad\\\/aprobada-la-licitacion-de-la-asistencia-tecnica-para-la-elaboracion-ejecucion-y-desarrollo-del-programa-de-sensibilizacion-y-concienciacion-pamplona-2030\\\/#primaryimage\"},\"thumbnailUrl\":\"https:\\\/\\\/www.laguiadepamplona.com\\\/actualidad\\\/wp-content\\\/uploads\\\/2023\\\/05\\\/RIO-ARGA.webp\",\"datePublished\":\"2023-05-22T10:45:52+00:00\",\"description\":\"El programa incluye eventos deportivos, visitas guiadas, campa\u00f1as y exposiciones alineados con los Objetivos de Desarrollo Sostenible (ODS)\",\"breadcrumb\":{\"@id\":\"https:\\\/\\\/www.laguiadepamplona.com\\\/actualidad\\\/aprobada-la-licitacion-de-la-asistencia-tecnica-para-la-elaboracion-ejecucion-y-desarrollo-del-programa-de-sensibilizacion-y-concienciacion-pamplona-2030\\\/#breadcrumb\"},\"inLanguage\":\"es\",\"potentialAction\":[{\"@type\":\"ReadAction\",\"target\":[\"https:\\\/\\\/www.laguiadepamplona.com\\\/actualidad\\\/aprobada-la-licitacion-de-la-asistencia-tecnica-para-la-elaboracion-ejecucion-y-desarrollo-del-programa-de-sensibilizacion-y-concienciacion-pamplona-2030\\\/\"]}]},{\"@type\":\"ImageObject\",\"inLanguage\":\"es\",\"@id\":\"https:\\\/\\\/www.laguiadepamplona.com\\\/actualidad\\\/aprobada-la-licitacion-de-la-asistencia-tecnica-para-la-elaboracion-ejecucion-y-desarrollo-del-programa-de-sensibilizacion-y-concienciacion-pamplona-2030\\\/#primaryimage\",\"url\":\"https:\\\/\\\/www.laguiadepamplona.com\\\/actualidad\\\/wp-content\\\/uploads\\\/2023\\\/05\\\/RIO-ARGA.webp\",\"contentUrl\":\"https:\\\/\\\/www.laguiadepamplona.com\\\/actualidad\\\/wp-content\\\/uploads\\\/2023\\\/05\\\/RIO-ARGA.webp\",\"width\":1920,\"height\":1280},{\"@type\":\"BreadcrumbList\",\"@id\":\"https:\\\/\\\/www.laguiadepamplona.com\\\/actualidad\\\/aprobada-la-licitacion-de-la-asistencia-tecnica-para-la-elaboracion-ejecucion-y-desarrollo-del-programa-de-sensibilizacion-y-concienciacion-pamplona-2030\\\/#breadcrumb\",\"itemListElement\":[{\"@type\":\"ListItem\",\"position\":1,\"name\":\"Portada\",\"item\":\"https:\\\/\\\/www.laguiadepamplona.com\\\/actualidad\\\/\"},{\"@type\":\"ListItem\",\"position\":2,\"name\":\"Aprobada la licitaci\u00f3n de la asistencia t\u00e9cnica para la elaboraci\u00f3n, ejecuci\u00f3n y desarrollo del programa de Sensibilizaci\u00f3n y Concienciaci\u00f3n Pamplona 2030\"}]},{\"@type\":\"WebSite\",\"@id\":\"https:\\\/\\\/www.laguiadepamplona.com\\\/actualidad\\\/#website\",\"url\":\"https:\\\/\\\/www.laguiadepamplona.com\\\/actualidad\\\/\",\"name\":\"La gu\u00eda de Pamplona\",\"description\":\"Noticias de Pamplona\",\"publisher\":{\"@id\":\"https:\\\/\\\/www.laguiadepamplona.com\\\/actualidad\\\/#organization\"},\"potentialAction\":[{\"@type\":\"SearchAction\",\"target\":{\"@type\":\"EntryPoint\",\"urlTemplate\":\"https:\\\/\\\/www.laguiadepamplona.com\\\/actualidad\\\/?s={search_term_string}\"},\"query-input\":{\"@type\":\"PropertyValueSpecification\",\"valueRequired\":true,\"valueName\":\"search_term_string\"}}],\"inLanguage\":\"es\"},{\"@type\":\"Organization\",\"@id\":\"https:\\\/\\\/www.laguiadepamplona.com\\\/actualidad\\\/#organization\",\"name\":\"La Gu\u00eda de Pamplona \\\/ Noticias\",\"url\":\"https:\\\/\\\/www.laguiadepamplona.com\\\/actualidad\\\/\",\"logo\":{\"@type\":\"ImageObject\",\"inLanguage\":\"es\",\"@id\":\"https:\\\/\\\/www.laguiadepamplona.com\\\/actualidad\\\/#\\\/schema\\\/logo\\\/image\\\/\",\"url\":\"https:\\\/\\\/www.laguiadepamplona.com\\\/actualidad\\\/wp-content\\\/uploads\\\/2018\\\/11\\\/logo-laguiadepamplona18-web1.png\",\"contentUrl\":\"https:\\\/\\\/www.laguiadepamplona.com\\\/actualidad\\\/wp-content\\\/uploads\\\/2018\\\/11\\\/logo-laguiadepamplona18-web1.png\",\"width\":600,\"height\":196,\"caption\":\"La Gu\u00eda de Pamplona \\\/ Noticias\"},\"image\":{\"@id\":\"https:\\\/\\\/www.laguiadepamplona.com\\\/actualidad\\\/#\\\/schema\\\/logo\\\/image\\\/\"},\"sameAs\":[\"https:\\\/\\\/www.facebook.com\\\/laguiadepamplonacom-133175176762273\\\/?ref=hl\",\"https:\\\/\\\/x.com\\\/LaGuiadPamplona\",\"https:\\\/\\\/www.instagram.com\\\/la_guia_de_pamplona\\\/\",\"https:\\\/\\\/www.youtube.com\\\/user\\\/laguiadepamplona\"]},{\"@type\":\"Person\",\"@id\":\"https:\\\/\\\/www.laguiadepamplona.com\\\/actualidad\\\/#\\\/schema\\\/person\\\/efe887376f0213d4657c93adc50b1fdb\",\"name\":\"La Gu\u00eda de Pamplona\",\"image\":{\"@type\":\"ImageObject\",\"inLanguage\":\"es\",\"@id\":\"https:\\\/\\\/secure.gravatar.com\\\/avatar\\\/b6992f131dc8d30ab0dff15446e9d346d9dbd95992de0fef795073f5ea83a81c?s=96&d=mm&r=g\",\"url\":\"https:\\\/\\\/secure.gravatar.com\\\/avatar\\\/b6992f131dc8d30ab0dff15446e9d346d9dbd95992de0fef795073f5ea83a81c?s=96&d=mm&r=g\",\"contentUrl\":\"https:\\\/\\\/secure.gravatar.com\\\/avatar\\\/b6992f131dc8d30ab0dff15446e9d346d9dbd95992de0fef795073f5ea83a81c?s=96&d=mm&r=g\",\"caption\":\"La Gu\u00eda de Pamplona\"}}]}<\/script>\n<!-- \/ Yoast SEO plugin. -->","yoast_head_json":{"title":"Aprobada la licitaci\u00f3n de la asistencia t\u00e9cnica para la elaboraci\u00f3n, ejecuci\u00f3n y desarrollo del programa de Sensibilizaci\u00f3n y Concienciaci\u00f3n Pamplona 2030","description":"El programa incluye eventos deportivos, visitas guiadas, campa\u00f1as y exposiciones alineados con los Objetivos de Desarrollo Sostenible (ODS)","robots":{"index":"index","follow":"follow","max-snippet":"max-snippet:-1","max-image-preview":"max-image-preview:large","max-video-preview":"max-video-preview:-1"},"canonical":"https:\/\/www.laguiadepamplona.com\/actualidad\/aprobada-la-licitacion-de-la-asistencia-tecnica-para-la-elaboracion-ejecucion-y-desarrollo-del-programa-de-sensibilizacion-y-concienciacion-pamplona-2030\/","og_locale":"es_ES","og_type":"article","og_title":"Aprobada la licitaci\u00f3n de la asistencia t\u00e9cnica para la elaboraci\u00f3n, ejecuci\u00f3n y desarrollo del programa de Sensibilizaci\u00f3n y Concienciaci\u00f3n Pamplona 2030","og_description":"El programa incluye eventos deportivos, visitas guiadas, campa\u00f1as y exposiciones alineados con los Objetivos de Desarrollo Sostenible (ODS)","og_url":"https:\/\/www.laguiadepamplona.com\/actualidad\/aprobada-la-licitacion-de-la-asistencia-tecnica-para-la-elaboracion-ejecucion-y-desarrollo-del-programa-de-sensibilizacion-y-concienciacion-pamplona-2030\/","og_site_name":"La Gu\u00eda de Pamplona","article_publisher":"https:\/\/www.facebook.com\/laguiadepamplonacom-133175176762273\/?ref=hl","article_published_time":"2023-05-22T10:45:52+00:00","og_image":[{"width":1920,"height":1280,"url":"https:\/\/www.laguiadepamplona.com\/actualidad\/wp-content\/uploads\/2023\/05\/RIO-ARGA.webp","type":"image\/webp"}],"author":"La Gu\u00eda de Pamplona","twitter_card":"summary_large_image","twitter_creator":"@LaGuiadPamplona","twitter_site":"@LaGuiadPamplona","twitter_misc":{"Escrito por":"La Gu\u00eda de Pamplona","Tiempo de lectura":"2 minutos"},"schema":{"@context":"https:\/\/schema.org","@graph":[{"@type":"Article","@id":"https:\/\/www.laguiadepamplona.com\/actualidad\/aprobada-la-licitacion-de-la-asistencia-tecnica-para-la-elaboracion-ejecucion-y-desarrollo-del-programa-de-sensibilizacion-y-concienciacion-pamplona-2030\/#article","isPartOf":{"@id":"https:\/\/www.laguiadepamplona.com\/actualidad\/aprobada-la-licitacion-de-la-asistencia-tecnica-para-la-elaboracion-ejecucion-y-desarrollo-del-programa-de-sensibilizacion-y-concienciacion-pamplona-2030\/"},"author":{"name":"La Gu\u00eda de Pamplona","@id":"https:\/\/www.laguiadepamplona.com\/actualidad\/#\/schema\/person\/efe887376f0213d4657c93adc50b1fdb"},"headline":"Aprobada la licitaci\u00f3n de la asistencia t\u00e9cnica para la elaboraci\u00f3n, ejecuci\u00f3n y desarrollo del programa de Sensibilizaci\u00f3n y Concienciaci\u00f3n Pamplona 2030","datePublished":"2023-05-22T10:45:52+00:00","mainEntityOfPage":{"@id":"https:\/\/www.laguiadepamplona.com\/actualidad\/aprobada-la-licitacion-de-la-asistencia-tecnica-para-la-elaboracion-ejecucion-y-desarrollo-del-programa-de-sensibilizacion-y-concienciacion-pamplona-2030\/"},"wordCount":452,"commentCount":0,"publisher":{"@id":"https:\/\/www.laguiadepamplona.com\/actualidad\/#organization"},"image":{"@id":"https:\/\/www.laguiadepamplona.com\/actualidad\/aprobada-la-licitacion-de-la-asistencia-tecnica-para-la-elaboracion-ejecucion-y-desarrollo-del-programa-de-sensibilizacion-y-concienciacion-pamplona-2030\/#primaryimage"},"thumbnailUrl":"https:\/\/www.laguiadepamplona.com\/actualidad\/wp-content\/uploads\/2023\/05\/RIO-ARGA.webp","articleSection":["Ayto Pamplona"],"inLanguage":"es","potentialAction":[{"@type":"CommentAction","name":"Comment","target":["https:\/\/www.laguiadepamplona.com\/actualidad\/aprobada-la-licitacion-de-la-asistencia-tecnica-para-la-elaboracion-ejecucion-y-desarrollo-del-programa-de-sensibilizacion-y-concienciacion-pamplona-2030\/#respond"]}]},{"@type":"WebPage","@id":"https:\/\/www.laguiadepamplona.com\/actualidad\/aprobada-la-licitacion-de-la-asistencia-tecnica-para-la-elaboracion-ejecucion-y-desarrollo-del-programa-de-sensibilizacion-y-concienciacion-pamplona-2030\/","url":"https:\/\/www.laguiadepamplona.com\/actualidad\/aprobada-la-licitacion-de-la-asistencia-tecnica-para-la-elaboracion-ejecucion-y-desarrollo-del-programa-de-sensibilizacion-y-concienciacion-pamplona-2030\/","name":"Aprobada la licitaci\u00f3n de la asistencia t\u00e9cnica para la elaboraci\u00f3n, ejecuci\u00f3n y desarrollo del programa de Sensibilizaci\u00f3n y Concienciaci\u00f3n Pamplona 2030","isPartOf":{"@id":"https:\/\/www.laguiadepamplona.com\/actualidad\/#website"},"primaryImageOfPage":{"@id":"https:\/\/www.laguiadepamplona.com\/actualidad\/aprobada-la-licitacion-de-la-asistencia-tecnica-para-la-elaboracion-ejecucion-y-desarrollo-del-programa-de-sensibilizacion-y-concienciacion-pamplona-2030\/#primaryimage"},"image":{"@id":"https:\/\/www.laguiadepamplona.com\/actualidad\/aprobada-la-licitacion-de-la-asistencia-tecnica-para-la-elaboracion-ejecucion-y-desarrollo-del-programa-de-sensibilizacion-y-concienciacion-pamplona-2030\/#primaryimage"},"thumbnailUrl":"https:\/\/www.laguiadepamplona.com\/actualidad\/wp-content\/uploads\/2023\/05\/RIO-ARGA.webp","datePublished":"2023-05-22T10:45:52+00:00","description":"El programa incluye eventos deportivos, visitas guiadas, campa\u00f1as y exposiciones alineados con los Objetivos de Desarrollo Sostenible (ODS)","breadcrumb":{"@id":"https:\/\/www.laguiadepamplona.com\/actualidad\/aprobada-la-licitacion-de-la-asistencia-tecnica-para-la-elaboracion-ejecucion-y-desarrollo-del-programa-de-sensibilizacion-y-concienciacion-pamplona-2030\/#breadcrumb"},"inLanguage":"es","potentialAction":[{"@type":"ReadAction","target":["https:\/\/www.laguiadepamplona.com\/actualidad\/aprobada-la-licitacion-de-la-asistencia-tecnica-para-la-elaboracion-ejecucion-y-desarrollo-del-programa-de-sensibilizacion-y-concienciacion-pamplona-2030\/"]}]},{"@type":"ImageObject","inLanguage":"es","@id":"https:\/\/www.laguiadepamplona.com\/actualidad\/aprobada-la-licitacion-de-la-asistencia-tecnica-para-la-elaboracion-ejecucion-y-desarrollo-del-programa-de-sensibilizacion-y-concienciacion-pamplona-2030\/#primaryimage","url":"https:\/\/www.laguiadepamplona.com\/actualidad\/wp-content\/uploads\/2023\/05\/RIO-ARGA.webp","contentUrl":"https:\/\/www.laguiadepamplona.com\/actualidad\/wp-content\/uploads\/2023\/05\/RIO-ARGA.webp","width":1920,"height":1280},{"@type":"BreadcrumbList","@id":"https:\/\/www.laguiadepamplona.com\/actualidad\/aprobada-la-licitacion-de-la-asistencia-tecnica-para-la-elaboracion-ejecucion-y-desarrollo-del-programa-de-sensibilizacion-y-concienciacion-pamplona-2030\/#breadcrumb","itemListElement":[{"@type":"ListItem","position":1,"name":"Portada","item":"https:\/\/www.laguiadepamplona.com\/actualidad\/"},{"@type":"ListItem","position":2,"name":"Aprobada la licitaci\u00f3n de la asistencia t\u00e9cnica para la elaboraci\u00f3n, ejecuci\u00f3n y desarrollo del programa de Sensibilizaci\u00f3n y Concienciaci\u00f3n Pamplona 2030"}]},{"@type":"WebSite","@id":"https:\/\/www.laguiadepamplona.com\/actualidad\/#website","url":"https:\/\/www.laguiadepamplona.com\/actualidad\/","name":"La gu\u00eda de Pamplona","description":"Noticias de Pamplona","publisher":{"@id":"https:\/\/www.laguiadepamplona.com\/actualidad\/#organization"},"potentialAction":[{"@type":"SearchAction","target":{"@type":"EntryPoint","urlTemplate":"https:\/\/www.laguiadepamplona.com\/actualidad\/?s={search_term_string}"},"query-input":{"@type":"PropertyValueSpecification","valueRequired":true,"valueName":"search_term_string"}}],"inLanguage":"es"},{"@type":"Organization","@id":"https:\/\/www.laguiadepamplona.com\/actualidad\/#organization","name":"La Gu\u00eda de Pamplona \/ Noticias","url":"https:\/\/www.laguiadepamplona.com\/actualidad\/","logo":{"@type":"ImageObject","inLanguage":"es","@id":"https:\/\/www.laguiadepamplona.com\/actualidad\/#\/schema\/logo\/image\/","url":"https:\/\/www.laguiadepamplona.com\/actualidad\/wp-content\/uploads\/2018\/11\/logo-laguiadepamplona18-web1.png","contentUrl":"https:\/\/www.laguiadepamplona.com\/actualidad\/wp-content\/uploads\/2018\/11\/logo-laguiadepamplona18-web1.png","width":600,"height":196,"caption":"La Gu\u00eda de Pamplona \/ Noticias"},"image":{"@id":"https:\/\/www.laguiadepamplona.com\/actualidad\/#\/schema\/logo\/image\/"},"sameAs":["https:\/\/www.facebook.com\/laguiadepamplonacom-133175176762273\/?ref=hl","https:\/\/x.com\/LaGuiadPamplona","https:\/\/www.instagram.com\/la_guia_de_pamplona\/","https:\/\/www.youtube.com\/user\/laguiadepamplona"]},{"@type":"Person","@id":"https:\/\/www.laguiadepamplona.com\/actualidad\/#\/schema\/person\/efe887376f0213d4657c93adc50b1fdb","name":"La Gu\u00eda de Pamplona","image":{"@type":"ImageObject","inLanguage":"es","@id":"https:\/\/secure.gravatar.com\/avatar\/b6992f131dc8d30ab0dff15446e9d346d9dbd95992de0fef795073f5ea83a81c?s=96&d=mm&r=g","url":"https:\/\/secure.gravatar.com\/avatar\/b6992f131dc8d30ab0dff15446e9d346d9dbd95992de0fef795073f5ea83a81c?s=96&d=mm&r=g","contentUrl":"https:\/\/secure.gravatar.com\/avatar\/b6992f131dc8d30ab0dff15446e9d346d9dbd95992de0fef795073f5ea83a81c?s=96&d=mm&r=g","caption":"La Gu\u00eda de Pamplona"}}]}},"post_mailing_queue_ids":[],"_links":{"self":[{"href":"https:\/\/www.laguiadepamplona.com\/actualidad\/wp-json\/wp\/v2\/posts\/46773","targetHints":{"allow":["GET"]}}],"collection":[{"href":"https:\/\/www.laguiadepamplona.com\/actualidad\/wp-json\/wp\/v2\/posts"}],"about":[{"href":"https:\/\/www.laguiadepamplona.com\/actualidad\/wp-json\/wp\/v2\/types\/post"}],"author":[{"embeddable":true,"href":"https:\/\/www.laguiadepamplona.com\/actualidad\/wp-json\/wp\/v2\/users\/1"}],"replies":[{"embeddable":true,"href":"https:\/\/www.laguiadepamplona.com\/actualidad\/wp-json\/wp\/v2\/comments?post=46773"}],"version-history":[{"count":1,"href":"https:\/\/www.laguiadepamplona.com\/actualidad\/wp-json\/wp\/v2\/posts\/46773\/revisions"}],"predecessor-version":[{"id":46775,"href":"https:\/\/www.laguiadepamplona.com\/actualidad\/wp-json\/wp\/v2\/posts\/46773\/revisions\/46775"}],"wp:featuredmedia":[{"embeddable":true,"href":"https:\/\/www.laguiadepamplona.com\/actualidad\/wp-json\/wp\/v2\/media\/46774"}],"wp:attachment":[{"href":"https:\/\/www.laguiadepamplona.com\/actualidad\/wp-json\/wp\/v2\/media?parent=46773"}],"wp:term":[{"taxonomy":"category","embeddable":true,"href":"https:\/\/www.laguiadepamplona.com\/actualidad\/wp-json\/wp\/v2\/categories?post=46773"},{"taxonomy":"post_tag","embeddable":true,"href":"https:\/\/www.laguiadepamplona.com\/actualidad\/wp-json\/wp\/v2\/tags?post=46773"}],"curies":[{"name":"wp","href":"https:\/\/api.w.org\/{rel}","templated":true}]}}