{"id":46770,"date":"2023-05-22T12:44:04","date_gmt":"2023-05-22T10:44:04","guid":{"rendered":"https:\/\/www.laguiadepamplona.com\/actualidad\/?p=46770"},"modified":"2023-05-22T12:44:04","modified_gmt":"2023-05-22T10:44:04","slug":"25-peregrinos-de-la-multitudinaria-asociacion-american-pilgrims-visitan-la-casa-consistorial","status":"publish","type":"post","link":"https:\/\/www.laguiadepamplona.com\/actualidad\/25-peregrinos-de-la-multitudinaria-asociacion-american-pilgrims-visitan-la-casa-consistorial\/","title":{"rendered":"25 peregrinos de la multitudinaria asociaci\u00f3n American Pilgrims visitan la Casa Consistorial"},"content":{"rendered":"<h3>Acompa\u00f1ados por amigos del Camino de Santiago de otras localidades de Espa\u00f1a y Francia han emprendido la Ruta Jacobea por segunda vez<\/h3>\n<p><!--more--><\/p>\n<p>Este fin de semana la Casa Consistorial ha recibido la visita de medio centenar de personas que estos d\u00edas est\u00e1n haciendo el Camino de Santiago. Pasan por Pamplona, como el resto de los peregrinos, aprovechando el momento primaveral realizando el recorrido del llamado Camino Franc\u00e9s. Pero en este caso es una visita de confraternizaci\u00f3n porque a\u00fana a miembros de la asociaci\u00f3n American Pilgrims, una entidad que agrupa a 25.000 personas que ya han recorrido la Ruta Jacobea, con miembros de la asociaci\u00f3n Amigos del Camino de Santiago-Centro de Estudios Jacobeos de Estella-Lizarra.<\/p>\n<p>\u2018Pamplona, la Primera del Camino\u2019 ha querido respaldar esta iniciativa abri\u00e9ndoles su casa. Los americanos han decidido volver a realizar el Camino y este primer a\u00f1o han venido 26 personas que, hasta el 25 de mayo, van a estar acompa\u00f1adas en su periplo por los amigos estelleses, as\u00ed como de otras asociaciones locales de los lugares que recorran y de localidades francesas. Este viaje es un proyecto que tiene como nombre \u201cNavarra, una Experiencia en el Camino\u201d.<br \/>\n<script async src=\"\/\/pagead2.googlesyndication.com\/pagead\/js\/adsbygoogle.js\"><\/script><br \/>\n<!-- Noticias La Guia de Pamplona --><br \/>\n<ins class=\"adsbygoogle\"\nstyle=\"display:block\"\ndata-ad-client=\"ca-pub-6943679897239327\"\ndata-ad-slot=\"7048180777\"\ndata-ad-format=\"auto\"><\/ins><br \/>\n<script>\n(adsbygoogle = window.adsbygoogle || []).push({});\n<\/script><\/p>\n<p>El s\u00e1bado era la jornada de viaje dedicada a Pamplona. Tras acceder a la ciudad por el Portal de Francia, durante toda la jornada han visitado espacios patrimoniales o simb\u00f3licos y han callejeado por la ciudad, visitando tambi\u00e9n las fortificaciones y el Centro de Interpretaci\u00f3n del Camino de Santiago, ULTREIA. En la Casa Consistorial, han participado en una visita de aproximadamente 60 minutos en los que han recorrido el edificio conociendo m\u00e1s sobre la historia y la simbolog\u00eda de la ciudad y el funcionamiento de la instituci\u00f3n.<\/p>\n<p>Tambi\u00e9n se han asomado a la vista de la Plaza Consistorial desde el balc\u00f3n de la tercera planta del edificio, desde el que el 6 de julio se lanzar\u00e1 el Chupinazo que da inicio a las fiestas de San Ferm\u00edn. Esta \u201cfoto\u201d era ineludible para peregrinos procedentes de EEUU, uno de los pa\u00edses que tradicionalmente m\u00e1s turistas env\u00eda a la ciudad del 6 al 14 de julio gracias, entre otras cosas, a la divulgaci\u00f3n de los Sanfermines realizada por el escritor norteamericano Ernest Hemingway en su novela \u2018Fiesta\u2019.<br \/>\n<script async src=\"\/\/pagead2.googlesyndication.com\/pagead\/js\/adsbygoogle.js\"><\/script><br \/>\n<!-- Noticias La Guia de Pamplona --><br \/>\n<ins class=\"adsbygoogle\"\nstyle=\"display:block\"\ndata-ad-client=\"ca-pub-6943679897239327\"\ndata-ad-slot=\"7048180777\"\ndata-ad-format=\"auto\"><\/ins><br \/>\n<script>\n(adsbygoogle = window.adsbygoogle || []).push({});\n<\/script><\/p>\n<p>En estos momentos el alcalde de Pamplona, Enrique Maya, preside la Asociaci\u00f3n de Municipios del Camino de Santiago, una organizaci\u00f3n formada por 110 municipios de Arag\u00f3n, Castilla y Le\u00f3n, Navarra, Galicia y La Rioja. El Camino est\u00e1 reconocido por la UNESCO como Patrimonio de la Humanidad y la asociaci\u00f3n trabaja en la conservaci\u00f3n, promoci\u00f3n y divulgaci\u00f3n del Camino de Santiago franc\u00e9s.<\/p>\n","protected":false},"excerpt":{"rendered":"<p>Acompa\u00f1ados por amigos del Camino de Santiago de otras localidades de Espa\u00f1a y Francia han emprendido la Ruta Jacobea por segunda vez<\/p>\n","protected":false},"author":1,"featured_media":46771,"comment_status":"open","ping_status":"closed","sticky":false,"template":"","format":"standard","meta":{"footnotes":""},"categories":[2],"tags":[],"class_list":["post-46770","post","type-post","status-publish","format-standard","has-post-thumbnail","hentry","category-ayuntamiento-pamplona"],"yoast_head":"<!-- This site is optimized with the Yoast SEO plugin v27.3 - https:\/\/yoast.com\/product\/yoast-seo-wordpress\/ -->\n<title>25 peregrinos de la multitudinaria asociaci\u00f3n American Pilgrims visitan la Casa Consistorial<\/title>\n<meta name=\"description\" content=\"Acompa\u00f1ados por amigos del Camino de Santiago de otras localidades de Espa\u00f1a y Francia han emprendido la Ruta Jacobea por segunda vez\" \/>\n<meta name=\"robots\" content=\"index, follow, max-snippet:-1, max-image-preview:large, max-video-preview:-1\" \/>\n<link rel=\"canonical\" href=\"https:\/\/www.laguiadepamplona.com\/actualidad\/25-peregrinos-de-la-multitudinaria-asociacion-american-pilgrims-visitan-la-casa-consistorial\/\" \/>\n<meta property=\"og:locale\" content=\"es_ES\" \/>\n<meta property=\"og:type\" content=\"article\" \/>\n<meta property=\"og:title\" content=\"25 peregrinos de la multitudinaria asociaci\u00f3n American Pilgrims visitan la Casa Consistorial\" \/>\n<meta property=\"og:description\" content=\"Acompa\u00f1ados por amigos del Camino de Santiago de otras localidades de Espa\u00f1a y Francia han emprendido la Ruta Jacobea por segunda vez\" \/>\n<meta property=\"og:url\" content=\"https:\/\/www.laguiadepamplona.com\/actualidad\/25-peregrinos-de-la-multitudinaria-asociacion-american-pilgrims-visitan-la-casa-consistorial\/\" \/>\n<meta property=\"og:site_name\" content=\"La Gu\u00eda de Pamplona\" \/>\n<meta property=\"article:publisher\" content=\"https:\/\/www.facebook.com\/laguiadepamplonacom-133175176762273\/?ref=hl\" \/>\n<meta property=\"article:published_time\" content=\"2023-05-22T10:44:04+00:00\" \/>\n<meta property=\"og:image\" content=\"https:\/\/www.laguiadepamplona.com\/actualidad\/wp-content\/uploads\/2023\/05\/PEREGRINOS-AMERICANOS_EE5A4962.webp\" \/>\n\t<meta property=\"og:image:width\" content=\"1920\" \/>\n\t<meta property=\"og:image:height\" content=\"1280\" \/>\n\t<meta property=\"og:image:type\" content=\"image\/webp\" \/>\n<meta name=\"author\" content=\"La Gu\u00eda de Pamplona\" \/>\n<meta name=\"twitter:card\" content=\"summary_large_image\" \/>\n<meta name=\"twitter:creator\" content=\"@LaGuiadPamplona\" \/>\n<meta name=\"twitter:site\" content=\"@LaGuiadPamplona\" \/>\n<meta name=\"twitter:label1\" content=\"Escrito por\" \/>\n\t<meta name=\"twitter:data1\" content=\"La Gu\u00eda de Pamplona\" \/>\n\t<meta name=\"twitter:label2\" content=\"Tiempo de lectura\" \/>\n\t<meta name=\"twitter:data2\" content=\"2 minutos\" \/>\n<script type=\"application\/ld+json\" class=\"yoast-schema-graph\">{\"@context\":\"https:\\\/\\\/schema.org\",\"@graph\":[{\"@type\":\"Article\",\"@id\":\"https:\\\/\\\/www.laguiadepamplona.com\\\/actualidad\\\/25-peregrinos-de-la-multitudinaria-asociacion-american-pilgrims-visitan-la-casa-consistorial\\\/#article\",\"isPartOf\":{\"@id\":\"https:\\\/\\\/www.laguiadepamplona.com\\\/actualidad\\\/25-peregrinos-de-la-multitudinaria-asociacion-american-pilgrims-visitan-la-casa-consistorial\\\/\"},\"author\":{\"name\":\"La Gu\u00eda de Pamplona\",\"@id\":\"https:\\\/\\\/www.laguiadepamplona.com\\\/actualidad\\\/#\\\/schema\\\/person\\\/efe887376f0213d4657c93adc50b1fdb\"},\"headline\":\"25 peregrinos de la multitudinaria asociaci\u00f3n American Pilgrims visitan la Casa Consistorial\",\"datePublished\":\"2023-05-22T10:44:04+00:00\",\"mainEntityOfPage\":{\"@id\":\"https:\\\/\\\/www.laguiadepamplona.com\\\/actualidad\\\/25-peregrinos-de-la-multitudinaria-asociacion-american-pilgrims-visitan-la-casa-consistorial\\\/\"},\"wordCount\":466,\"commentCount\":0,\"publisher\":{\"@id\":\"https:\\\/\\\/www.laguiadepamplona.com\\\/actualidad\\\/#organization\"},\"image\":{\"@id\":\"https:\\\/\\\/www.laguiadepamplona.com\\\/actualidad\\\/25-peregrinos-de-la-multitudinaria-asociacion-american-pilgrims-visitan-la-casa-consistorial\\\/#primaryimage\"},\"thumbnailUrl\":\"https:\\\/\\\/www.laguiadepamplona.com\\\/actualidad\\\/wp-content\\\/uploads\\\/2023\\\/05\\\/PEREGRINOS-AMERICANOS_EE5A4962.webp\",\"articleSection\":[\"Ayto Pamplona\"],\"inLanguage\":\"es\",\"potentialAction\":[{\"@type\":\"CommentAction\",\"name\":\"Comment\",\"target\":[\"https:\\\/\\\/www.laguiadepamplona.com\\\/actualidad\\\/25-peregrinos-de-la-multitudinaria-asociacion-american-pilgrims-visitan-la-casa-consistorial\\\/#respond\"]}]},{\"@type\":\"WebPage\",\"@id\":\"https:\\\/\\\/www.laguiadepamplona.com\\\/actualidad\\\/25-peregrinos-de-la-multitudinaria-asociacion-american-pilgrims-visitan-la-casa-consistorial\\\/\",\"url\":\"https:\\\/\\\/www.laguiadepamplona.com\\\/actualidad\\\/25-peregrinos-de-la-multitudinaria-asociacion-american-pilgrims-visitan-la-casa-consistorial\\\/\",\"name\":\"25 peregrinos de la multitudinaria asociaci\u00f3n American Pilgrims visitan la Casa Consistorial\",\"isPartOf\":{\"@id\":\"https:\\\/\\\/www.laguiadepamplona.com\\\/actualidad\\\/#website\"},\"primaryImageOfPage\":{\"@id\":\"https:\\\/\\\/www.laguiadepamplona.com\\\/actualidad\\\/25-peregrinos-de-la-multitudinaria-asociacion-american-pilgrims-visitan-la-casa-consistorial\\\/#primaryimage\"},\"image\":{\"@id\":\"https:\\\/\\\/www.laguiadepamplona.com\\\/actualidad\\\/25-peregrinos-de-la-multitudinaria-asociacion-american-pilgrims-visitan-la-casa-consistorial\\\/#primaryimage\"},\"thumbnailUrl\":\"https:\\\/\\\/www.laguiadepamplona.com\\\/actualidad\\\/wp-content\\\/uploads\\\/2023\\\/05\\\/PEREGRINOS-AMERICANOS_EE5A4962.webp\",\"datePublished\":\"2023-05-22T10:44:04+00:00\",\"description\":\"Acompa\u00f1ados por amigos del Camino de Santiago de otras localidades de Espa\u00f1a y Francia han emprendido la Ruta Jacobea por segunda vez\",\"breadcrumb\":{\"@id\":\"https:\\\/\\\/www.laguiadepamplona.com\\\/actualidad\\\/25-peregrinos-de-la-multitudinaria-asociacion-american-pilgrims-visitan-la-casa-consistorial\\\/#breadcrumb\"},\"inLanguage\":\"es\",\"potentialAction\":[{\"@type\":\"ReadAction\",\"target\":[\"https:\\\/\\\/www.laguiadepamplona.com\\\/actualidad\\\/25-peregrinos-de-la-multitudinaria-asociacion-american-pilgrims-visitan-la-casa-consistorial\\\/\"]}]},{\"@type\":\"ImageObject\",\"inLanguage\":\"es\",\"@id\":\"https:\\\/\\\/www.laguiadepamplona.com\\\/actualidad\\\/25-peregrinos-de-la-multitudinaria-asociacion-american-pilgrims-visitan-la-casa-consistorial\\\/#primaryimage\",\"url\":\"https:\\\/\\\/www.laguiadepamplona.com\\\/actualidad\\\/wp-content\\\/uploads\\\/2023\\\/05\\\/PEREGRINOS-AMERICANOS_EE5A4962.webp\",\"contentUrl\":\"https:\\\/\\\/www.laguiadepamplona.com\\\/actualidad\\\/wp-content\\\/uploads\\\/2023\\\/05\\\/PEREGRINOS-AMERICANOS_EE5A4962.webp\",\"width\":1920,\"height\":1280},{\"@type\":\"BreadcrumbList\",\"@id\":\"https:\\\/\\\/www.laguiadepamplona.com\\\/actualidad\\\/25-peregrinos-de-la-multitudinaria-asociacion-american-pilgrims-visitan-la-casa-consistorial\\\/#breadcrumb\",\"itemListElement\":[{\"@type\":\"ListItem\",\"position\":1,\"name\":\"Portada\",\"item\":\"https:\\\/\\\/www.laguiadepamplona.com\\\/actualidad\\\/\"},{\"@type\":\"ListItem\",\"position\":2,\"name\":\"25 peregrinos de la multitudinaria asociaci\u00f3n American Pilgrims visitan la Casa Consistorial\"}]},{\"@type\":\"WebSite\",\"@id\":\"https:\\\/\\\/www.laguiadepamplona.com\\\/actualidad\\\/#website\",\"url\":\"https:\\\/\\\/www.laguiadepamplona.com\\\/actualidad\\\/\",\"name\":\"La gu\u00eda de Pamplona\",\"description\":\"Noticias de Pamplona\",\"publisher\":{\"@id\":\"https:\\\/\\\/www.laguiadepamplona.com\\\/actualidad\\\/#organization\"},\"potentialAction\":[{\"@type\":\"SearchAction\",\"target\":{\"@type\":\"EntryPoint\",\"urlTemplate\":\"https:\\\/\\\/www.laguiadepamplona.com\\\/actualidad\\\/?s={search_term_string}\"},\"query-input\":{\"@type\":\"PropertyValueSpecification\",\"valueRequired\":true,\"valueName\":\"search_term_string\"}}],\"inLanguage\":\"es\"},{\"@type\":\"Organization\",\"@id\":\"https:\\\/\\\/www.laguiadepamplona.com\\\/actualidad\\\/#organization\",\"name\":\"La Gu\u00eda de Pamplona \\\/ Noticias\",\"url\":\"https:\\\/\\\/www.laguiadepamplona.com\\\/actualidad\\\/\",\"logo\":{\"@type\":\"ImageObject\",\"inLanguage\":\"es\",\"@id\":\"https:\\\/\\\/www.laguiadepamplona.com\\\/actualidad\\\/#\\\/schema\\\/logo\\\/image\\\/\",\"url\":\"https:\\\/\\\/www.laguiadepamplona.com\\\/actualidad\\\/wp-content\\\/uploads\\\/2018\\\/11\\\/logo-laguiadepamplona18-web1.png\",\"contentUrl\":\"https:\\\/\\\/www.laguiadepamplona.com\\\/actualidad\\\/wp-content\\\/uploads\\\/2018\\\/11\\\/logo-laguiadepamplona18-web1.png\",\"width\":600,\"height\":196,\"caption\":\"La Gu\u00eda de Pamplona \\\/ Noticias\"},\"image\":{\"@id\":\"https:\\\/\\\/www.laguiadepamplona.com\\\/actualidad\\\/#\\\/schema\\\/logo\\\/image\\\/\"},\"sameAs\":[\"https:\\\/\\\/www.facebook.com\\\/laguiadepamplonacom-133175176762273\\\/?ref=hl\",\"https:\\\/\\\/x.com\\\/LaGuiadPamplona\",\"https:\\\/\\\/www.instagram.com\\\/la_guia_de_pamplona\\\/\",\"https:\\\/\\\/www.youtube.com\\\/user\\\/laguiadepamplona\"]},{\"@type\":\"Person\",\"@id\":\"https:\\\/\\\/www.laguiadepamplona.com\\\/actualidad\\\/#\\\/schema\\\/person\\\/efe887376f0213d4657c93adc50b1fdb\",\"name\":\"La Gu\u00eda de Pamplona\",\"image\":{\"@type\":\"ImageObject\",\"inLanguage\":\"es\",\"@id\":\"https:\\\/\\\/secure.gravatar.com\\\/avatar\\\/b6992f131dc8d30ab0dff15446e9d346d9dbd95992de0fef795073f5ea83a81c?s=96&d=mm&r=g\",\"url\":\"https:\\\/\\\/secure.gravatar.com\\\/avatar\\\/b6992f131dc8d30ab0dff15446e9d346d9dbd95992de0fef795073f5ea83a81c?s=96&d=mm&r=g\",\"contentUrl\":\"https:\\\/\\\/secure.gravatar.com\\\/avatar\\\/b6992f131dc8d30ab0dff15446e9d346d9dbd95992de0fef795073f5ea83a81c?s=96&d=mm&r=g\",\"caption\":\"La Gu\u00eda de Pamplona\"}}]}<\/script>\n<!-- \/ Yoast SEO plugin. -->","yoast_head_json":{"title":"25 peregrinos de la multitudinaria asociaci\u00f3n American Pilgrims visitan la Casa Consistorial","description":"Acompa\u00f1ados por amigos del Camino de Santiago de otras localidades de Espa\u00f1a y Francia han emprendido la Ruta Jacobea por segunda vez","robots":{"index":"index","follow":"follow","max-snippet":"max-snippet:-1","max-image-preview":"max-image-preview:large","max-video-preview":"max-video-preview:-1"},"canonical":"https:\/\/www.laguiadepamplona.com\/actualidad\/25-peregrinos-de-la-multitudinaria-asociacion-american-pilgrims-visitan-la-casa-consistorial\/","og_locale":"es_ES","og_type":"article","og_title":"25 peregrinos de la multitudinaria asociaci\u00f3n American Pilgrims visitan la Casa Consistorial","og_description":"Acompa\u00f1ados por amigos del Camino de Santiago de otras localidades de Espa\u00f1a y Francia han emprendido la Ruta Jacobea por segunda vez","og_url":"https:\/\/www.laguiadepamplona.com\/actualidad\/25-peregrinos-de-la-multitudinaria-asociacion-american-pilgrims-visitan-la-casa-consistorial\/","og_site_name":"La Gu\u00eda de Pamplona","article_publisher":"https:\/\/www.facebook.com\/laguiadepamplonacom-133175176762273\/?ref=hl","article_published_time":"2023-05-22T10:44:04+00:00","og_image":[{"width":1920,"height":1280,"url":"https:\/\/www.laguiadepamplona.com\/actualidad\/wp-content\/uploads\/2023\/05\/PEREGRINOS-AMERICANOS_EE5A4962.webp","type":"image\/webp"}],"author":"La Gu\u00eda de Pamplona","twitter_card":"summary_large_image","twitter_creator":"@LaGuiadPamplona","twitter_site":"@LaGuiadPamplona","twitter_misc":{"Escrito por":"La Gu\u00eda de Pamplona","Tiempo de lectura":"2 minutos"},"schema":{"@context":"https:\/\/schema.org","@graph":[{"@type":"Article","@id":"https:\/\/www.laguiadepamplona.com\/actualidad\/25-peregrinos-de-la-multitudinaria-asociacion-american-pilgrims-visitan-la-casa-consistorial\/#article","isPartOf":{"@id":"https:\/\/www.laguiadepamplona.com\/actualidad\/25-peregrinos-de-la-multitudinaria-asociacion-american-pilgrims-visitan-la-casa-consistorial\/"},"author":{"name":"La Gu\u00eda de Pamplona","@id":"https:\/\/www.laguiadepamplona.com\/actualidad\/#\/schema\/person\/efe887376f0213d4657c93adc50b1fdb"},"headline":"25 peregrinos de la multitudinaria asociaci\u00f3n American Pilgrims visitan la Casa Consistorial","datePublished":"2023-05-22T10:44:04+00:00","mainEntityOfPage":{"@id":"https:\/\/www.laguiadepamplona.com\/actualidad\/25-peregrinos-de-la-multitudinaria-asociacion-american-pilgrims-visitan-la-casa-consistorial\/"},"wordCount":466,"commentCount":0,"publisher":{"@id":"https:\/\/www.laguiadepamplona.com\/actualidad\/#organization"},"image":{"@id":"https:\/\/www.laguiadepamplona.com\/actualidad\/25-peregrinos-de-la-multitudinaria-asociacion-american-pilgrims-visitan-la-casa-consistorial\/#primaryimage"},"thumbnailUrl":"https:\/\/www.laguiadepamplona.com\/actualidad\/wp-content\/uploads\/2023\/05\/PEREGRINOS-AMERICANOS_EE5A4962.webp","articleSection":["Ayto Pamplona"],"inLanguage":"es","potentialAction":[{"@type":"CommentAction","name":"Comment","target":["https:\/\/www.laguiadepamplona.com\/actualidad\/25-peregrinos-de-la-multitudinaria-asociacion-american-pilgrims-visitan-la-casa-consistorial\/#respond"]}]},{"@type":"WebPage","@id":"https:\/\/www.laguiadepamplona.com\/actualidad\/25-peregrinos-de-la-multitudinaria-asociacion-american-pilgrims-visitan-la-casa-consistorial\/","url":"https:\/\/www.laguiadepamplona.com\/actualidad\/25-peregrinos-de-la-multitudinaria-asociacion-american-pilgrims-visitan-la-casa-consistorial\/","name":"25 peregrinos de la multitudinaria asociaci\u00f3n American Pilgrims visitan la Casa Consistorial","isPartOf":{"@id":"https:\/\/www.laguiadepamplona.com\/actualidad\/#website"},"primaryImageOfPage":{"@id":"https:\/\/www.laguiadepamplona.com\/actualidad\/25-peregrinos-de-la-multitudinaria-asociacion-american-pilgrims-visitan-la-casa-consistorial\/#primaryimage"},"image":{"@id":"https:\/\/www.laguiadepamplona.com\/actualidad\/25-peregrinos-de-la-multitudinaria-asociacion-american-pilgrims-visitan-la-casa-consistorial\/#primaryimage"},"thumbnailUrl":"https:\/\/www.laguiadepamplona.com\/actualidad\/wp-content\/uploads\/2023\/05\/PEREGRINOS-AMERICANOS_EE5A4962.webp","datePublished":"2023-05-22T10:44:04+00:00","description":"Acompa\u00f1ados por amigos del Camino de Santiago de otras localidades de Espa\u00f1a y Francia han emprendido la Ruta Jacobea por segunda vez","breadcrumb":{"@id":"https:\/\/www.laguiadepamplona.com\/actualidad\/25-peregrinos-de-la-multitudinaria-asociacion-american-pilgrims-visitan-la-casa-consistorial\/#breadcrumb"},"inLanguage":"es","potentialAction":[{"@type":"ReadAction","target":["https:\/\/www.laguiadepamplona.com\/actualidad\/25-peregrinos-de-la-multitudinaria-asociacion-american-pilgrims-visitan-la-casa-consistorial\/"]}]},{"@type":"ImageObject","inLanguage":"es","@id":"https:\/\/www.laguiadepamplona.com\/actualidad\/25-peregrinos-de-la-multitudinaria-asociacion-american-pilgrims-visitan-la-casa-consistorial\/#primaryimage","url":"https:\/\/www.laguiadepamplona.com\/actualidad\/wp-content\/uploads\/2023\/05\/PEREGRINOS-AMERICANOS_EE5A4962.webp","contentUrl":"https:\/\/www.laguiadepamplona.com\/actualidad\/wp-content\/uploads\/2023\/05\/PEREGRINOS-AMERICANOS_EE5A4962.webp","width":1920,"height":1280},{"@type":"BreadcrumbList","@id":"https:\/\/www.laguiadepamplona.com\/actualidad\/25-peregrinos-de-la-multitudinaria-asociacion-american-pilgrims-visitan-la-casa-consistorial\/#breadcrumb","itemListElement":[{"@type":"ListItem","position":1,"name":"Portada","item":"https:\/\/www.laguiadepamplona.com\/actualidad\/"},{"@type":"ListItem","position":2,"name":"25 peregrinos de la multitudinaria asociaci\u00f3n American Pilgrims visitan la Casa Consistorial"}]},{"@type":"WebSite","@id":"https:\/\/www.laguiadepamplona.com\/actualidad\/#website","url":"https:\/\/www.laguiadepamplona.com\/actualidad\/","name":"La gu\u00eda de Pamplona","description":"Noticias de Pamplona","publisher":{"@id":"https:\/\/www.laguiadepamplona.com\/actualidad\/#organization"},"potentialAction":[{"@type":"SearchAction","target":{"@type":"EntryPoint","urlTemplate":"https:\/\/www.laguiadepamplona.com\/actualidad\/?s={search_term_string}"},"query-input":{"@type":"PropertyValueSpecification","valueRequired":true,"valueName":"search_term_string"}}],"inLanguage":"es"},{"@type":"Organization","@id":"https:\/\/www.laguiadepamplona.com\/actualidad\/#organization","name":"La Gu\u00eda de Pamplona \/ Noticias","url":"https:\/\/www.laguiadepamplona.com\/actualidad\/","logo":{"@type":"ImageObject","inLanguage":"es","@id":"https:\/\/www.laguiadepamplona.com\/actualidad\/#\/schema\/logo\/image\/","url":"https:\/\/www.laguiadepamplona.com\/actualidad\/wp-content\/uploads\/2018\/11\/logo-laguiadepamplona18-web1.png","contentUrl":"https:\/\/www.laguiadepamplona.com\/actualidad\/wp-content\/uploads\/2018\/11\/logo-laguiadepamplona18-web1.png","width":600,"height":196,"caption":"La Gu\u00eda de Pamplona \/ Noticias"},"image":{"@id":"https:\/\/www.laguiadepamplona.com\/actualidad\/#\/schema\/logo\/image\/"},"sameAs":["https:\/\/www.facebook.com\/laguiadepamplonacom-133175176762273\/?ref=hl","https:\/\/x.com\/LaGuiadPamplona","https:\/\/www.instagram.com\/la_guia_de_pamplona\/","https:\/\/www.youtube.com\/user\/laguiadepamplona"]},{"@type":"Person","@id":"https:\/\/www.laguiadepamplona.com\/actualidad\/#\/schema\/person\/efe887376f0213d4657c93adc50b1fdb","name":"La Gu\u00eda de Pamplona","image":{"@type":"ImageObject","inLanguage":"es","@id":"https:\/\/secure.gravatar.com\/avatar\/b6992f131dc8d30ab0dff15446e9d346d9dbd95992de0fef795073f5ea83a81c?s=96&d=mm&r=g","url":"https:\/\/secure.gravatar.com\/avatar\/b6992f131dc8d30ab0dff15446e9d346d9dbd95992de0fef795073f5ea83a81c?s=96&d=mm&r=g","contentUrl":"https:\/\/secure.gravatar.com\/avatar\/b6992f131dc8d30ab0dff15446e9d346d9dbd95992de0fef795073f5ea83a81c?s=96&d=mm&r=g","caption":"La Gu\u00eda de Pamplona"}}]}},"post_mailing_queue_ids":[],"_links":{"self":[{"href":"https:\/\/www.laguiadepamplona.com\/actualidad\/wp-json\/wp\/v2\/posts\/46770","targetHints":{"allow":["GET"]}}],"collection":[{"href":"https:\/\/www.laguiadepamplona.com\/actualidad\/wp-json\/wp\/v2\/posts"}],"about":[{"href":"https:\/\/www.laguiadepamplona.com\/actualidad\/wp-json\/wp\/v2\/types\/post"}],"author":[{"embeddable":true,"href":"https:\/\/www.laguiadepamplona.com\/actualidad\/wp-json\/wp\/v2\/users\/1"}],"replies":[{"embeddable":true,"href":"https:\/\/www.laguiadepamplona.com\/actualidad\/wp-json\/wp\/v2\/comments?post=46770"}],"version-history":[{"count":1,"href":"https:\/\/www.laguiadepamplona.com\/actualidad\/wp-json\/wp\/v2\/posts\/46770\/revisions"}],"predecessor-version":[{"id":46772,"href":"https:\/\/www.laguiadepamplona.com\/actualidad\/wp-json\/wp\/v2\/posts\/46770\/revisions\/46772"}],"wp:featuredmedia":[{"embeddable":true,"href":"https:\/\/www.laguiadepamplona.com\/actualidad\/wp-json\/wp\/v2\/media\/46771"}],"wp:attachment":[{"href":"https:\/\/www.laguiadepamplona.com\/actualidad\/wp-json\/wp\/v2\/media?parent=46770"}],"wp:term":[{"taxonomy":"category","embeddable":true,"href":"https:\/\/www.laguiadepamplona.com\/actualidad\/wp-json\/wp\/v2\/categories?post=46770"},{"taxonomy":"post_tag","embeddable":true,"href":"https:\/\/www.laguiadepamplona.com\/actualidad\/wp-json\/wp\/v2\/tags?post=46770"}],"curies":[{"name":"wp","href":"https:\/\/api.w.org\/{rel}","templated":true}]}}