{"id":46768,"date":"2023-05-22T12:15:34","date_gmt":"2023-05-22T10:15:34","guid":{"rendered":"https:\/\/www.laguiadepamplona.com\/actualidad\/?p=46768"},"modified":"2023-05-22T12:15:34","modified_gmt":"2023-05-22T10:15:34","slug":"la-fachada-de-la-casa-consistorial-se-ilumina-este-lunes-en-verde-y-azul-dentro-de-la-semana-internacional-de-la-concienciacion-sobre-la-neurofibromatosis","status":"publish","type":"post","link":"https:\/\/www.laguiadepamplona.com\/actualidad\/la-fachada-de-la-casa-consistorial-se-ilumina-este-lunes-en-verde-y-azul-dentro-de-la-semana-internacional-de-la-concienciacion-sobre-la-neurofibromatosis\/","title":{"rendered":"La fachada de la Casa Consistorial se ilumina este lunes en verde y azul dentro de la Semana Internacional de la Concienciaci\u00f3n sobre la Neurofibromatosis"},"content":{"rendered":"<h3>Este mi\u00e9rcoles la fachada se ilumina en naranja en el D\u00eda Nacional de la Epilepsia, a petici\u00f3n de la Asociaci\u00f3n Nacional de Personas con Epilepsia<\/h3>\n<p><!--more--><\/p>\n<p>Este lunes la fachada de la Casa Consistorial se ilumina de nuevo en los colores verde y azul dentro de la Semana Internacional de la Concienciaci\u00f3n sobre la Neurofibromatosis. La Asociaci\u00f3n de Afectados de Neurofibromatosis (AANF) celebra hoy el D\u00eda Internacional de la Neurofibromatosis tipo 2, una enfermedad rara que padece una de cada 25.000 personas. Afecta al cromosoma 22 y es el motivo de que se celebre el d\u00eda de hoy.<\/p>\n<p>La fibromatosis es un trastorno gen\u00e9tico que provoca tumores generalmente benignos en los nervios de todo el cuerpo, lo que puede causar ceguera, sordera, desfiguraci\u00f3n y dificultades de aprendizaje, entre otras consecuencias. Este trastorno neurol\u00f3gico no tiene cura en la actualidad, pero se pueden controlar los s\u00edntomas, por lo que la investigaci\u00f3n y el diagn\u00f3stico temprano son imprescindibles.<br \/>\n<script async src=\"\/\/pagead2.googlesyndication.com\/pagead\/js\/adsbygoogle.js\"><\/script><br \/>\n<!-- Noticias La Guia de Pamplona --><br \/>\n<ins class=\"adsbygoogle\"\nstyle=\"display:block\"\ndata-ad-client=\"ca-pub-6943679897239327\"\ndata-ad-slot=\"7048180777\"\ndata-ad-format=\"auto\"><\/ins><br \/>\n<script>\n(adsbygoogle = window.adsbygoogle || []).push({});\n<\/script><\/p>\n<p>Esta misma semana, el mi\u00e9rcoles, d\u00eda 24, la fachada se iluminar\u00e1 en color naranja, en el D\u00eda Nacional de la Epilepsia. La iluminaci\u00f3n se realiza a petici\u00f3n de la Asociaci\u00f3n Nacional de Personas con Epilepsia (ANPE), para informar y concienciar a la ciudadan\u00eda sobre esta enfermedad y las necesidades que plantea a las personas que la sufren y sus familias. La enfermedad afecta a unos 50 millones de personas en el mundo, pero tres cuartas partes no reciben tratamiento. Adem\u00e1s, un porcentaje de hasta el 40% sigue experimentando crisis, pese a los tratamientos.<\/p>\n<p>El D\u00eda Nacional de la Epilepsia se celebra desde el a\u00f1o 2006, para concienciar sobre la realidad de la enfermedad y defender los derechos de las personas que la sufren. A esta celebraci\u00f3n se unen otras acciones como campa\u00f1as educativas para programar la integraci\u00f3n social de ni\u00f1os y ni\u00f1as que padecen epilepsia.<br \/>\n<script async src=\"\/\/pagead2.googlesyndication.com\/pagead\/js\/adsbygoogle.js\"><\/script><br \/>\n<!-- Noticias La Guia de Pamplona --><br \/>\n<ins class=\"adsbygoogle\"\nstyle=\"display:block\"\ndata-ad-client=\"ca-pub-6943679897239327\"\ndata-ad-slot=\"7048180777\"\ndata-ad-format=\"auto\"><\/ins><br \/>\n<script>\n(adsbygoogle = window.adsbygoogle || []).push({});\n<\/script><\/p>\n<p>&nbsp;<\/p>\n<h3>Iluminaci\u00f3n de la Fachada Consistorial<\/h3>\n<ul>\n<li>Lunes 22 de mayo, D\u00eda Internacional de la Neurofibromatosis tipo 2 (verde y azul)<\/li>\n<li>Mi\u00e9rcoles 24 de mayo, D\u00eda Nacional de la Epilepsia (naranja)<\/li>\n<\/ul>\n","protected":false},"excerpt":{"rendered":"<p>Este mi\u00e9rcoles la fachada se ilumina en naranja en el D\u00eda Nacional de la Epilepsia, a petici\u00f3n de la Asociaci\u00f3n Nacional de Personas con Epilepsia<\/p>\n","protected":false},"author":1,"featured_media":41287,"comment_status":"open","ping_status":"closed","sticky":false,"template":"","format":"standard","meta":{"footnotes":""},"categories":[2],"tags":[],"class_list":["post-46768","post","type-post","status-publish","format-standard","has-post-thumbnail","hentry","category-ayuntamiento-pamplona"],"yoast_head":"<!-- This site is optimized with the Yoast SEO plugin v27.3 - https:\/\/yoast.com\/product\/yoast-seo-wordpress\/ -->\n<title>La fachada de la Casa Consistorial se ilumina este lunes en verde y azul dentro de la Semana Internacional de la Concienciaci\u00f3n sobre la Neurofibromatosis<\/title>\n<meta name=\"description\" content=\"Este mi\u00e9rcoles la fachada se ilumina en naranja en el D\u00eda Nacional de la Epilepsia, a petici\u00f3n de la Asociaci\u00f3n Nacional de Personas con Epilepsia\" \/>\n<meta name=\"robots\" content=\"index, follow, max-snippet:-1, max-image-preview:large, max-video-preview:-1\" \/>\n<link rel=\"canonical\" href=\"https:\/\/www.laguiadepamplona.com\/actualidad\/la-fachada-de-la-casa-consistorial-se-ilumina-este-lunes-en-verde-y-azul-dentro-de-la-semana-internacional-de-la-concienciacion-sobre-la-neurofibromatosis\/\" \/>\n<meta property=\"og:locale\" content=\"es_ES\" \/>\n<meta property=\"og:type\" content=\"article\" \/>\n<meta property=\"og:title\" content=\"La fachada de la Casa Consistorial se ilumina este lunes en verde y azul dentro de la Semana Internacional de la Concienciaci\u00f3n sobre la Neurofibromatosis\" \/>\n<meta property=\"og:description\" content=\"Este mi\u00e9rcoles la fachada se ilumina en naranja en el D\u00eda Nacional de la Epilepsia, a petici\u00f3n de la Asociaci\u00f3n Nacional de Personas con Epilepsia\" \/>\n<meta property=\"og:url\" content=\"https:\/\/www.laguiadepamplona.com\/actualidad\/la-fachada-de-la-casa-consistorial-se-ilumina-este-lunes-en-verde-y-azul-dentro-de-la-semana-internacional-de-la-concienciacion-sobre-la-neurofibromatosis\/\" \/>\n<meta property=\"og:site_name\" content=\"La Gu\u00eda de Pamplona\" \/>\n<meta property=\"article:publisher\" content=\"https:\/\/www.facebook.com\/laguiadepamplonacom-133175176762273\/?ref=hl\" \/>\n<meta property=\"article:published_time\" content=\"2023-05-22T10:15:34+00:00\" \/>\n<meta property=\"og:image\" content=\"https:\/\/www.laguiadepamplona.com\/actualidad\/wp-content\/uploads\/2022\/08\/fachadaazulverde7956.webp\" \/>\n\t<meta property=\"og:image:width\" content=\"1920\" \/>\n\t<meta property=\"og:image:height\" content=\"1280\" \/>\n\t<meta property=\"og:image:type\" content=\"image\/webp\" \/>\n<meta name=\"author\" content=\"La Gu\u00eda de Pamplona\" \/>\n<meta name=\"twitter:card\" content=\"summary_large_image\" \/>\n<meta name=\"twitter:creator\" content=\"@LaGuiadPamplona\" \/>\n<meta name=\"twitter:site\" content=\"@LaGuiadPamplona\" \/>\n<meta name=\"twitter:label1\" content=\"Escrito por\" \/>\n\t<meta name=\"twitter:data1\" content=\"La Gu\u00eda de Pamplona\" \/>\n\t<meta name=\"twitter:label2\" content=\"Tiempo de lectura\" \/>\n\t<meta name=\"twitter:data2\" content=\"2 minutos\" \/>\n<script type=\"application\/ld+json\" class=\"yoast-schema-graph\">{\"@context\":\"https:\\\/\\\/schema.org\",\"@graph\":[{\"@type\":\"Article\",\"@id\":\"https:\\\/\\\/www.laguiadepamplona.com\\\/actualidad\\\/la-fachada-de-la-casa-consistorial-se-ilumina-este-lunes-en-verde-y-azul-dentro-de-la-semana-internacional-de-la-concienciacion-sobre-la-neurofibromatosis\\\/#article\",\"isPartOf\":{\"@id\":\"https:\\\/\\\/www.laguiadepamplona.com\\\/actualidad\\\/la-fachada-de-la-casa-consistorial-se-ilumina-este-lunes-en-verde-y-azul-dentro-de-la-semana-internacional-de-la-concienciacion-sobre-la-neurofibromatosis\\\/\"},\"author\":{\"name\":\"La Gu\u00eda de Pamplona\",\"@id\":\"https:\\\/\\\/www.laguiadepamplona.com\\\/actualidad\\\/#\\\/schema\\\/person\\\/efe887376f0213d4657c93adc50b1fdb\"},\"headline\":\"La fachada de la Casa Consistorial se ilumina este lunes en verde y azul dentro de la Semana Internacional de la Concienciaci\u00f3n sobre la Neurofibromatosis\",\"datePublished\":\"2023-05-22T10:15:34+00:00\",\"mainEntityOfPage\":{\"@id\":\"https:\\\/\\\/www.laguiadepamplona.com\\\/actualidad\\\/la-fachada-de-la-casa-consistorial-se-ilumina-este-lunes-en-verde-y-azul-dentro-de-la-semana-internacional-de-la-concienciacion-sobre-la-neurofibromatosis\\\/\"},\"wordCount\":379,\"commentCount\":0,\"publisher\":{\"@id\":\"https:\\\/\\\/www.laguiadepamplona.com\\\/actualidad\\\/#organization\"},\"image\":{\"@id\":\"https:\\\/\\\/www.laguiadepamplona.com\\\/actualidad\\\/la-fachada-de-la-casa-consistorial-se-ilumina-este-lunes-en-verde-y-azul-dentro-de-la-semana-internacional-de-la-concienciacion-sobre-la-neurofibromatosis\\\/#primaryimage\"},\"thumbnailUrl\":\"https:\\\/\\\/www.laguiadepamplona.com\\\/actualidad\\\/wp-content\\\/uploads\\\/2022\\\/08\\\/fachadaazulverde7956.webp\",\"articleSection\":[\"Ayto Pamplona\"],\"inLanguage\":\"es\",\"potentialAction\":[{\"@type\":\"CommentAction\",\"name\":\"Comment\",\"target\":[\"https:\\\/\\\/www.laguiadepamplona.com\\\/actualidad\\\/la-fachada-de-la-casa-consistorial-se-ilumina-este-lunes-en-verde-y-azul-dentro-de-la-semana-internacional-de-la-concienciacion-sobre-la-neurofibromatosis\\\/#respond\"]}]},{\"@type\":\"WebPage\",\"@id\":\"https:\\\/\\\/www.laguiadepamplona.com\\\/actualidad\\\/la-fachada-de-la-casa-consistorial-se-ilumina-este-lunes-en-verde-y-azul-dentro-de-la-semana-internacional-de-la-concienciacion-sobre-la-neurofibromatosis\\\/\",\"url\":\"https:\\\/\\\/www.laguiadepamplona.com\\\/actualidad\\\/la-fachada-de-la-casa-consistorial-se-ilumina-este-lunes-en-verde-y-azul-dentro-de-la-semana-internacional-de-la-concienciacion-sobre-la-neurofibromatosis\\\/\",\"name\":\"La fachada de la Casa Consistorial se ilumina este lunes en verde y azul dentro de la Semana Internacional de la Concienciaci\u00f3n sobre la Neurofibromatosis\",\"isPartOf\":{\"@id\":\"https:\\\/\\\/www.laguiadepamplona.com\\\/actualidad\\\/#website\"},\"primaryImageOfPage\":{\"@id\":\"https:\\\/\\\/www.laguiadepamplona.com\\\/actualidad\\\/la-fachada-de-la-casa-consistorial-se-ilumina-este-lunes-en-verde-y-azul-dentro-de-la-semana-internacional-de-la-concienciacion-sobre-la-neurofibromatosis\\\/#primaryimage\"},\"image\":{\"@id\":\"https:\\\/\\\/www.laguiadepamplona.com\\\/actualidad\\\/la-fachada-de-la-casa-consistorial-se-ilumina-este-lunes-en-verde-y-azul-dentro-de-la-semana-internacional-de-la-concienciacion-sobre-la-neurofibromatosis\\\/#primaryimage\"},\"thumbnailUrl\":\"https:\\\/\\\/www.laguiadepamplona.com\\\/actualidad\\\/wp-content\\\/uploads\\\/2022\\\/08\\\/fachadaazulverde7956.webp\",\"datePublished\":\"2023-05-22T10:15:34+00:00\",\"description\":\"Este mi\u00e9rcoles la fachada se ilumina en naranja en el D\u00eda Nacional de la Epilepsia, a petici\u00f3n de la Asociaci\u00f3n Nacional de Personas con Epilepsia\",\"breadcrumb\":{\"@id\":\"https:\\\/\\\/www.laguiadepamplona.com\\\/actualidad\\\/la-fachada-de-la-casa-consistorial-se-ilumina-este-lunes-en-verde-y-azul-dentro-de-la-semana-internacional-de-la-concienciacion-sobre-la-neurofibromatosis\\\/#breadcrumb\"},\"inLanguage\":\"es\",\"potentialAction\":[{\"@type\":\"ReadAction\",\"target\":[\"https:\\\/\\\/www.laguiadepamplona.com\\\/actualidad\\\/la-fachada-de-la-casa-consistorial-se-ilumina-este-lunes-en-verde-y-azul-dentro-de-la-semana-internacional-de-la-concienciacion-sobre-la-neurofibromatosis\\\/\"]}]},{\"@type\":\"ImageObject\",\"inLanguage\":\"es\",\"@id\":\"https:\\\/\\\/www.laguiadepamplona.com\\\/actualidad\\\/la-fachada-de-la-casa-consistorial-se-ilumina-este-lunes-en-verde-y-azul-dentro-de-la-semana-internacional-de-la-concienciacion-sobre-la-neurofibromatosis\\\/#primaryimage\",\"url\":\"https:\\\/\\\/www.laguiadepamplona.com\\\/actualidad\\\/wp-content\\\/uploads\\\/2022\\\/08\\\/fachadaazulverde7956.webp\",\"contentUrl\":\"https:\\\/\\\/www.laguiadepamplona.com\\\/actualidad\\\/wp-content\\\/uploads\\\/2022\\\/08\\\/fachadaazulverde7956.webp\",\"width\":1920,\"height\":1280},{\"@type\":\"BreadcrumbList\",\"@id\":\"https:\\\/\\\/www.laguiadepamplona.com\\\/actualidad\\\/la-fachada-de-la-casa-consistorial-se-ilumina-este-lunes-en-verde-y-azul-dentro-de-la-semana-internacional-de-la-concienciacion-sobre-la-neurofibromatosis\\\/#breadcrumb\",\"itemListElement\":[{\"@type\":\"ListItem\",\"position\":1,\"name\":\"Portada\",\"item\":\"https:\\\/\\\/www.laguiadepamplona.com\\\/actualidad\\\/\"},{\"@type\":\"ListItem\",\"position\":2,\"name\":\"La fachada de la Casa Consistorial se ilumina este lunes en verde y azul dentro de la Semana Internacional de la Concienciaci\u00f3n sobre la Neurofibromatosis\"}]},{\"@type\":\"WebSite\",\"@id\":\"https:\\\/\\\/www.laguiadepamplona.com\\\/actualidad\\\/#website\",\"url\":\"https:\\\/\\\/www.laguiadepamplona.com\\\/actualidad\\\/\",\"name\":\"La gu\u00eda de Pamplona\",\"description\":\"Noticias de Pamplona\",\"publisher\":{\"@id\":\"https:\\\/\\\/www.laguiadepamplona.com\\\/actualidad\\\/#organization\"},\"potentialAction\":[{\"@type\":\"SearchAction\",\"target\":{\"@type\":\"EntryPoint\",\"urlTemplate\":\"https:\\\/\\\/www.laguiadepamplona.com\\\/actualidad\\\/?s={search_term_string}\"},\"query-input\":{\"@type\":\"PropertyValueSpecification\",\"valueRequired\":true,\"valueName\":\"search_term_string\"}}],\"inLanguage\":\"es\"},{\"@type\":\"Organization\",\"@id\":\"https:\\\/\\\/www.laguiadepamplona.com\\\/actualidad\\\/#organization\",\"name\":\"La Gu\u00eda de Pamplona \\\/ Noticias\",\"url\":\"https:\\\/\\\/www.laguiadepamplona.com\\\/actualidad\\\/\",\"logo\":{\"@type\":\"ImageObject\",\"inLanguage\":\"es\",\"@id\":\"https:\\\/\\\/www.laguiadepamplona.com\\\/actualidad\\\/#\\\/schema\\\/logo\\\/image\\\/\",\"url\":\"https:\\\/\\\/www.laguiadepamplona.com\\\/actualidad\\\/wp-content\\\/uploads\\\/2018\\\/11\\\/logo-laguiadepamplona18-web1.png\",\"contentUrl\":\"https:\\\/\\\/www.laguiadepamplona.com\\\/actualidad\\\/wp-content\\\/uploads\\\/2018\\\/11\\\/logo-laguiadepamplona18-web1.png\",\"width\":600,\"height\":196,\"caption\":\"La Gu\u00eda de Pamplona \\\/ Noticias\"},\"image\":{\"@id\":\"https:\\\/\\\/www.laguiadepamplona.com\\\/actualidad\\\/#\\\/schema\\\/logo\\\/image\\\/\"},\"sameAs\":[\"https:\\\/\\\/www.facebook.com\\\/laguiadepamplonacom-133175176762273\\\/?ref=hl\",\"https:\\\/\\\/x.com\\\/LaGuiadPamplona\",\"https:\\\/\\\/www.instagram.com\\\/la_guia_de_pamplona\\\/\",\"https:\\\/\\\/www.youtube.com\\\/user\\\/laguiadepamplona\"]},{\"@type\":\"Person\",\"@id\":\"https:\\\/\\\/www.laguiadepamplona.com\\\/actualidad\\\/#\\\/schema\\\/person\\\/efe887376f0213d4657c93adc50b1fdb\",\"name\":\"La Gu\u00eda de Pamplona\",\"image\":{\"@type\":\"ImageObject\",\"inLanguage\":\"es\",\"@id\":\"https:\\\/\\\/secure.gravatar.com\\\/avatar\\\/b6992f131dc8d30ab0dff15446e9d346d9dbd95992de0fef795073f5ea83a81c?s=96&d=mm&r=g\",\"url\":\"https:\\\/\\\/secure.gravatar.com\\\/avatar\\\/b6992f131dc8d30ab0dff15446e9d346d9dbd95992de0fef795073f5ea83a81c?s=96&d=mm&r=g\",\"contentUrl\":\"https:\\\/\\\/secure.gravatar.com\\\/avatar\\\/b6992f131dc8d30ab0dff15446e9d346d9dbd95992de0fef795073f5ea83a81c?s=96&d=mm&r=g\",\"caption\":\"La Gu\u00eda de Pamplona\"}}]}<\/script>\n<!-- \/ Yoast SEO plugin. -->","yoast_head_json":{"title":"La fachada de la Casa Consistorial se ilumina este lunes en verde y azul dentro de la Semana Internacional de la Concienciaci\u00f3n sobre la Neurofibromatosis","description":"Este mi\u00e9rcoles la fachada se ilumina en naranja en el D\u00eda Nacional de la Epilepsia, a petici\u00f3n de la Asociaci\u00f3n Nacional de Personas con Epilepsia","robots":{"index":"index","follow":"follow","max-snippet":"max-snippet:-1","max-image-preview":"max-image-preview:large","max-video-preview":"max-video-preview:-1"},"canonical":"https:\/\/www.laguiadepamplona.com\/actualidad\/la-fachada-de-la-casa-consistorial-se-ilumina-este-lunes-en-verde-y-azul-dentro-de-la-semana-internacional-de-la-concienciacion-sobre-la-neurofibromatosis\/","og_locale":"es_ES","og_type":"article","og_title":"La fachada de la Casa Consistorial se ilumina este lunes en verde y azul dentro de la Semana Internacional de la Concienciaci\u00f3n sobre la Neurofibromatosis","og_description":"Este mi\u00e9rcoles la fachada se ilumina en naranja en el D\u00eda Nacional de la Epilepsia, a petici\u00f3n de la Asociaci\u00f3n Nacional de Personas con Epilepsia","og_url":"https:\/\/www.laguiadepamplona.com\/actualidad\/la-fachada-de-la-casa-consistorial-se-ilumina-este-lunes-en-verde-y-azul-dentro-de-la-semana-internacional-de-la-concienciacion-sobre-la-neurofibromatosis\/","og_site_name":"La Gu\u00eda de Pamplona","article_publisher":"https:\/\/www.facebook.com\/laguiadepamplonacom-133175176762273\/?ref=hl","article_published_time":"2023-05-22T10:15:34+00:00","og_image":[{"width":1920,"height":1280,"url":"https:\/\/www.laguiadepamplona.com\/actualidad\/wp-content\/uploads\/2022\/08\/fachadaazulverde7956.webp","type":"image\/webp"}],"author":"La Gu\u00eda de Pamplona","twitter_card":"summary_large_image","twitter_creator":"@LaGuiadPamplona","twitter_site":"@LaGuiadPamplona","twitter_misc":{"Escrito por":"La Gu\u00eda de Pamplona","Tiempo de lectura":"2 minutos"},"schema":{"@context":"https:\/\/schema.org","@graph":[{"@type":"Article","@id":"https:\/\/www.laguiadepamplona.com\/actualidad\/la-fachada-de-la-casa-consistorial-se-ilumina-este-lunes-en-verde-y-azul-dentro-de-la-semana-internacional-de-la-concienciacion-sobre-la-neurofibromatosis\/#article","isPartOf":{"@id":"https:\/\/www.laguiadepamplona.com\/actualidad\/la-fachada-de-la-casa-consistorial-se-ilumina-este-lunes-en-verde-y-azul-dentro-de-la-semana-internacional-de-la-concienciacion-sobre-la-neurofibromatosis\/"},"author":{"name":"La Gu\u00eda de Pamplona","@id":"https:\/\/www.laguiadepamplona.com\/actualidad\/#\/schema\/person\/efe887376f0213d4657c93adc50b1fdb"},"headline":"La fachada de la Casa Consistorial se ilumina este lunes en verde y azul dentro de la Semana Internacional de la Concienciaci\u00f3n sobre la Neurofibromatosis","datePublished":"2023-05-22T10:15:34+00:00","mainEntityOfPage":{"@id":"https:\/\/www.laguiadepamplona.com\/actualidad\/la-fachada-de-la-casa-consistorial-se-ilumina-este-lunes-en-verde-y-azul-dentro-de-la-semana-internacional-de-la-concienciacion-sobre-la-neurofibromatosis\/"},"wordCount":379,"commentCount":0,"publisher":{"@id":"https:\/\/www.laguiadepamplona.com\/actualidad\/#organization"},"image":{"@id":"https:\/\/www.laguiadepamplona.com\/actualidad\/la-fachada-de-la-casa-consistorial-se-ilumina-este-lunes-en-verde-y-azul-dentro-de-la-semana-internacional-de-la-concienciacion-sobre-la-neurofibromatosis\/#primaryimage"},"thumbnailUrl":"https:\/\/www.laguiadepamplona.com\/actualidad\/wp-content\/uploads\/2022\/08\/fachadaazulverde7956.webp","articleSection":["Ayto Pamplona"],"inLanguage":"es","potentialAction":[{"@type":"CommentAction","name":"Comment","target":["https:\/\/www.laguiadepamplona.com\/actualidad\/la-fachada-de-la-casa-consistorial-se-ilumina-este-lunes-en-verde-y-azul-dentro-de-la-semana-internacional-de-la-concienciacion-sobre-la-neurofibromatosis\/#respond"]}]},{"@type":"WebPage","@id":"https:\/\/www.laguiadepamplona.com\/actualidad\/la-fachada-de-la-casa-consistorial-se-ilumina-este-lunes-en-verde-y-azul-dentro-de-la-semana-internacional-de-la-concienciacion-sobre-la-neurofibromatosis\/","url":"https:\/\/www.laguiadepamplona.com\/actualidad\/la-fachada-de-la-casa-consistorial-se-ilumina-este-lunes-en-verde-y-azul-dentro-de-la-semana-internacional-de-la-concienciacion-sobre-la-neurofibromatosis\/","name":"La fachada de la Casa Consistorial se ilumina este lunes en verde y azul dentro de la Semana Internacional de la Concienciaci\u00f3n sobre la Neurofibromatosis","isPartOf":{"@id":"https:\/\/www.laguiadepamplona.com\/actualidad\/#website"},"primaryImageOfPage":{"@id":"https:\/\/www.laguiadepamplona.com\/actualidad\/la-fachada-de-la-casa-consistorial-se-ilumina-este-lunes-en-verde-y-azul-dentro-de-la-semana-internacional-de-la-concienciacion-sobre-la-neurofibromatosis\/#primaryimage"},"image":{"@id":"https:\/\/www.laguiadepamplona.com\/actualidad\/la-fachada-de-la-casa-consistorial-se-ilumina-este-lunes-en-verde-y-azul-dentro-de-la-semana-internacional-de-la-concienciacion-sobre-la-neurofibromatosis\/#primaryimage"},"thumbnailUrl":"https:\/\/www.laguiadepamplona.com\/actualidad\/wp-content\/uploads\/2022\/08\/fachadaazulverde7956.webp","datePublished":"2023-05-22T10:15:34+00:00","description":"Este mi\u00e9rcoles la fachada se ilumina en naranja en el D\u00eda Nacional de la Epilepsia, a petici\u00f3n de la Asociaci\u00f3n Nacional de Personas con Epilepsia","breadcrumb":{"@id":"https:\/\/www.laguiadepamplona.com\/actualidad\/la-fachada-de-la-casa-consistorial-se-ilumina-este-lunes-en-verde-y-azul-dentro-de-la-semana-internacional-de-la-concienciacion-sobre-la-neurofibromatosis\/#breadcrumb"},"inLanguage":"es","potentialAction":[{"@type":"ReadAction","target":["https:\/\/www.laguiadepamplona.com\/actualidad\/la-fachada-de-la-casa-consistorial-se-ilumina-este-lunes-en-verde-y-azul-dentro-de-la-semana-internacional-de-la-concienciacion-sobre-la-neurofibromatosis\/"]}]},{"@type":"ImageObject","inLanguage":"es","@id":"https:\/\/www.laguiadepamplona.com\/actualidad\/la-fachada-de-la-casa-consistorial-se-ilumina-este-lunes-en-verde-y-azul-dentro-de-la-semana-internacional-de-la-concienciacion-sobre-la-neurofibromatosis\/#primaryimage","url":"https:\/\/www.laguiadepamplona.com\/actualidad\/wp-content\/uploads\/2022\/08\/fachadaazulverde7956.webp","contentUrl":"https:\/\/www.laguiadepamplona.com\/actualidad\/wp-content\/uploads\/2022\/08\/fachadaazulverde7956.webp","width":1920,"height":1280},{"@type":"BreadcrumbList","@id":"https:\/\/www.laguiadepamplona.com\/actualidad\/la-fachada-de-la-casa-consistorial-se-ilumina-este-lunes-en-verde-y-azul-dentro-de-la-semana-internacional-de-la-concienciacion-sobre-la-neurofibromatosis\/#breadcrumb","itemListElement":[{"@type":"ListItem","position":1,"name":"Portada","item":"https:\/\/www.laguiadepamplona.com\/actualidad\/"},{"@type":"ListItem","position":2,"name":"La fachada de la Casa Consistorial se ilumina este lunes en verde y azul dentro de la Semana Internacional de la Concienciaci\u00f3n sobre la Neurofibromatosis"}]},{"@type":"WebSite","@id":"https:\/\/www.laguiadepamplona.com\/actualidad\/#website","url":"https:\/\/www.laguiadepamplona.com\/actualidad\/","name":"La gu\u00eda de Pamplona","description":"Noticias de Pamplona","publisher":{"@id":"https:\/\/www.laguiadepamplona.com\/actualidad\/#organization"},"potentialAction":[{"@type":"SearchAction","target":{"@type":"EntryPoint","urlTemplate":"https:\/\/www.laguiadepamplona.com\/actualidad\/?s={search_term_string}"},"query-input":{"@type":"PropertyValueSpecification","valueRequired":true,"valueName":"search_term_string"}}],"inLanguage":"es"},{"@type":"Organization","@id":"https:\/\/www.laguiadepamplona.com\/actualidad\/#organization","name":"La Gu\u00eda de Pamplona \/ Noticias","url":"https:\/\/www.laguiadepamplona.com\/actualidad\/","logo":{"@type":"ImageObject","inLanguage":"es","@id":"https:\/\/www.laguiadepamplona.com\/actualidad\/#\/schema\/logo\/image\/","url":"https:\/\/www.laguiadepamplona.com\/actualidad\/wp-content\/uploads\/2018\/11\/logo-laguiadepamplona18-web1.png","contentUrl":"https:\/\/www.laguiadepamplona.com\/actualidad\/wp-content\/uploads\/2018\/11\/logo-laguiadepamplona18-web1.png","width":600,"height":196,"caption":"La Gu\u00eda de Pamplona \/ Noticias"},"image":{"@id":"https:\/\/www.laguiadepamplona.com\/actualidad\/#\/schema\/logo\/image\/"},"sameAs":["https:\/\/www.facebook.com\/laguiadepamplonacom-133175176762273\/?ref=hl","https:\/\/x.com\/LaGuiadPamplona","https:\/\/www.instagram.com\/la_guia_de_pamplona\/","https:\/\/www.youtube.com\/user\/laguiadepamplona"]},{"@type":"Person","@id":"https:\/\/www.laguiadepamplona.com\/actualidad\/#\/schema\/person\/efe887376f0213d4657c93adc50b1fdb","name":"La Gu\u00eda de Pamplona","image":{"@type":"ImageObject","inLanguage":"es","@id":"https:\/\/secure.gravatar.com\/avatar\/b6992f131dc8d30ab0dff15446e9d346d9dbd95992de0fef795073f5ea83a81c?s=96&d=mm&r=g","url":"https:\/\/secure.gravatar.com\/avatar\/b6992f131dc8d30ab0dff15446e9d346d9dbd95992de0fef795073f5ea83a81c?s=96&d=mm&r=g","contentUrl":"https:\/\/secure.gravatar.com\/avatar\/b6992f131dc8d30ab0dff15446e9d346d9dbd95992de0fef795073f5ea83a81c?s=96&d=mm&r=g","caption":"La Gu\u00eda de Pamplona"}}]}},"post_mailing_queue_ids":[],"_links":{"self":[{"href":"https:\/\/www.laguiadepamplona.com\/actualidad\/wp-json\/wp\/v2\/posts\/46768","targetHints":{"allow":["GET"]}}],"collection":[{"href":"https:\/\/www.laguiadepamplona.com\/actualidad\/wp-json\/wp\/v2\/posts"}],"about":[{"href":"https:\/\/www.laguiadepamplona.com\/actualidad\/wp-json\/wp\/v2\/types\/post"}],"author":[{"embeddable":true,"href":"https:\/\/www.laguiadepamplona.com\/actualidad\/wp-json\/wp\/v2\/users\/1"}],"replies":[{"embeddable":true,"href":"https:\/\/www.laguiadepamplona.com\/actualidad\/wp-json\/wp\/v2\/comments?post=46768"}],"version-history":[{"count":1,"href":"https:\/\/www.laguiadepamplona.com\/actualidad\/wp-json\/wp\/v2\/posts\/46768\/revisions"}],"predecessor-version":[{"id":46769,"href":"https:\/\/www.laguiadepamplona.com\/actualidad\/wp-json\/wp\/v2\/posts\/46768\/revisions\/46769"}],"wp:featuredmedia":[{"embeddable":true,"href":"https:\/\/www.laguiadepamplona.com\/actualidad\/wp-json\/wp\/v2\/media\/41287"}],"wp:attachment":[{"href":"https:\/\/www.laguiadepamplona.com\/actualidad\/wp-json\/wp\/v2\/media?parent=46768"}],"wp:term":[{"taxonomy":"category","embeddable":true,"href":"https:\/\/www.laguiadepamplona.com\/actualidad\/wp-json\/wp\/v2\/categories?post=46768"},{"taxonomy":"post_tag","embeddable":true,"href":"https:\/\/www.laguiadepamplona.com\/actualidad\/wp-json\/wp\/v2\/tags?post=46768"}],"curies":[{"name":"wp","href":"https:\/\/api.w.org\/{rel}","templated":true}]}}