{"id":46765,"date":"2023-05-22T12:14:28","date_gmt":"2023-05-22T10:14:28","guid":{"rendered":"https:\/\/www.laguiadepamplona.com\/actualidad\/?p=46765"},"modified":"2023-05-22T12:14:28","modified_gmt":"2023-05-22T10:14:28","slug":"ayuntamiento-de-pamplona-y-ateneo-navarro-ofrecen-tres-visitas-tematicas-guiadas-en-euskera-en-torno-a-la-historia-de-la-ciudad","status":"publish","type":"post","link":"https:\/\/www.laguiadepamplona.com\/actualidad\/ayuntamiento-de-pamplona-y-ateneo-navarro-ofrecen-tres-visitas-tematicas-guiadas-en-euskera-en-torno-a-la-historia-de-la-ciudad\/","title":{"rendered":"Ayuntamiento de Pamplona y Ateneo Navarro ofrecen tres visitas tem\u00e1ticas guiadas en euskera en torno a la historia de la ciudad"},"content":{"rendered":"<h3>Ana Diez de Ure y Xabier Mangado acompa\u00f1ar\u00e1n a las personas visitantes, que se pueden inscribir en la direcci\u00f3n de correo <a href=\"mailto:ateneo@ateneonavarro.es\">ateneo@ateneonavarro.es<\/a><\/h3>\n<p><!--more--><\/p>\n<p>Ayuntamiento de Pamplona y Ateneo Navarro colaboran para ofrecer tres visitas guiadas en torno a la historia de la ciudad. Estas visitas se celebrar\u00e1n el pr\u00f3ximo martes, d\u00eda 30, y los mi\u00e9rcoles 7 y 14 de junio, de la mano de dos personas expertas, Ana Diez de Ure y Xabier Mangado. Las personas interesadas ya se pueden inscribir en el correo electr\u00f3nico <a href=\"mailto:ateneo@ateneonavarro.es\">ateneo@ateneonavarro.es<\/a>. Los recorridos son gratuitos y se desarrollar\u00e1n en euskera.<\/p>\n<p>La primera cita del programa, el martes d\u00eda 30, es una visita con el t\u00edtulo \u2018Pamplona: ciudad de las mujeres\u2019. A partir de las cinco de la tarde, con salida desde la plaza de Santa Mar\u00eda la Real, junto al Arzobispado, la historiadora navarra Ana Diez de Ure acercar\u00e1 las figuras de mujeres relevantes en la historia local, que en muchas ocasiones han quedado relegadas al anonimato. Se seguir\u00e1n las huellas de la jud\u00eda Due\u00f1a Encave, la arzobispa Sancha Ram\u00edrez, Maravillas Lamberto, asesinada en la Guerra Civil, la maestra vasca Julia Fernandez Zabaleta, la m\u00fasica Emiliana Zubeldia, la comerciante Jacoba San Miguel o la acr\u00f3bata Remigia Echarren. El paseo por distintas calles relacionadas con estas mujeres permitir\u00e1 conocer y recuperar parte de la memoria hist\u00f3rica de la ciudad.<br \/>\n<script async src=\"\/\/pagead2.googlesyndication.com\/pagead\/js\/adsbygoogle.js\"><\/script><br \/>\n<!-- Noticias La Guia de Pamplona --><br \/>\n<ins class=\"adsbygoogle\"\nstyle=\"display:block\"\ndata-ad-client=\"ca-pub-6943679897239327\"\ndata-ad-slot=\"7048180777\"\ndata-ad-format=\"auto\"><\/ins><br \/>\n<script>\n(adsbygoogle = window.adsbygoogle || []).push({});\n<\/script><\/p>\n<p>La segunda propuesta gira en torno al Privilegio de la Uni\u00f3n y recorre las calles de los tres burgos medievales: la Navarrer\u00eda, el Burgo de San Cernin y la Poblaci\u00f3n de San Nicol\u00e1s. Tras a\u00f1os de enfrentamientos, estos tres burgos se unificaron con la firma del Privilegio en 1423, con Carlos III, lo que da origen a la ciudad moderna. Precisamente este a\u00f1o se conmemoran los 600 a\u00f1os de la firma del tratado con una programaci\u00f3n especial durante todo el a\u00f1o. Esta visita, el mi\u00e9rcoles 7 de junio a las cinco de la tarde, estar\u00e1 guiada por Xabier Mangado.<\/p>\n<p>El mi\u00e9rcoles siguiente, el d\u00eda 14, tambi\u00e9n con Xabier Mangado y a las cinco de la tarde, la visita se centra en la Plaza de Toros, pasado el centenario de su construcci\u00f3n, en 1922. Se recorrer\u00e1 el albero, los corrales, la enfermer\u00eda, la capilla y los callejones, testigos de cientos de historias. La Plaza de Toros, adem\u00e1s, se ha convertido en auditorio de m\u00fasica culta y popular, en estadio de competiciones y exhibiciones deportivas (aizkolaris, baloncesto, motocross, boxeo, lucha libre, etc.), en plaza de mercado, pista de circo y hasta en meta de vuelta ciclista. Las implicaciones en el desarrollo urban\u00edstico de Pamplona y el centenario de la primera visita de Hemingway a la ciudad, registrada en 1923, ser\u00e1n otros aspectos destacados de la visita.<br \/>\n<script async src=\"\/\/pagead2.googlesyndication.com\/pagead\/js\/adsbygoogle.js\"><\/script><br \/>\n<!-- Noticias La Guia de Pamplona --><br \/>\n<ins class=\"adsbygoogle\"\nstyle=\"display:block\"\ndata-ad-client=\"ca-pub-6943679897239327\"\ndata-ad-slot=\"7048180777\"\ndata-ad-format=\"auto\"><\/ins><br \/>\n<script>\n(adsbygoogle = window.adsbygoogle || []).push({});\n<\/script><\/p>\n<p><strong>Gu\u00edas de las visitas<\/strong><\/p>\n<p>Las visitas cuentan con dos gu\u00edas especializados. La primera visita estar\u00e1 acompa\u00f1ada por la historiadora navarra Ana Diez de Ure, quien ha participado en varios libros elaborados con el fin de recuperar la memoria de las mujeres en la historia, entre los que se encuentra \u2018Ellas. Las mujeres en la historia de Pamplona\u2019, editado por la concejal\u00eda de la mujer de Ayuntamiento de Pamplona en 1998.<\/p>\n<p>Las otras dos visitas ser\u00e1n guiadas por el bi\u00f3logo pamplon\u00e9s Xabier Mangado, quien ha sido profesor de F\u00edsica y Qu\u00edmica en varios institutos de Pamplona. Perteneci\u00f3 al grupo de Dantzaris del Ayuntamiento de Pamplona y a la Comparsa de Gigantes y Cabezudos, y actualmente pertenece al grupo de Campaneros de la Catedral de Pamplona. Ha participado en diversos libros colectivos y traducido otros: el a\u00f1o pasado public\u00f3 el libro \u2018Plaza de Toros de Pamplona. 100 a\u00f1os a sol y sombra\u2019. Colabora en la revista \u2018Axular\u2019 (Burlada) y en las emisoras \u2018Euskalerria Irratia\u2019 (Pamplona) y \u2018Lapurdi Irratia\u2019 (Bayona). Colabor\u00f3 regularmente en las desaparecidas revistas \u2018Leozka\u2019 (Ester\u00edbar) y en el Bolet\u00edn de Informaci\u00f3n Municipal del Ayuntamiento de Pamplona, entre otras.<\/p>\n<p>&nbsp;<br \/>\n<script async src=\"\/\/pagead2.googlesyndication.com\/pagead\/js\/adsbygoogle.js\"><\/script><br \/>\n<!-- Noticias La Guia de Pamplona --><br \/>\n<ins class=\"adsbygoogle\"\nstyle=\"display:block\"\ndata-ad-client=\"ca-pub-6943679897239327\"\ndata-ad-slot=\"7048180777\"\ndata-ad-format=\"auto\"><\/ins><br \/>\n<script>\n(adsbygoogle = window.adsbygoogle || []).push({});\n<\/script><\/p>\n<p>&nbsp;<\/p>\n<h3>Tres Visitas Guiadas Gratuitas en Euskera<\/h3>\n<ul>\n<li>Martes 30 de mayo: \u2018Pamplona: ciudad de las mujeres\u2019\n<ul>\n<li>Salida: Plaza de Santa Mar\u00eda la Real, 17 horas<\/li>\n<li>Con Ana Diez de Ure<\/li>\n<\/ul>\n<\/li>\n<li>Mi\u00e9rcoles 7 de junio: \u2018Paseo por los tres burgos, sobre el Privilegio de la Uni\u00f3n\u2019\n<ul>\n<li>Salida: Plaza del Ayuntamiento, 17 horas<\/li>\n<li>Con Xabier Mangado<\/li>\n<\/ul>\n<\/li>\n<li>Mi\u00e9rcoles 14 de junio: \u2018Plaza de Toros: Centenario de su construcci\u00f3n (2022) y Centenario de la primera visita de Hemingway a Pamplona (2023)\n<ul>\n<li>Salida: Puerta principal de la Plaza de Toros, 17 horas<\/li>\n<li>Con Xabier Mangado<\/li>\n<\/ul>\n<\/li>\n<\/ul>\n","protected":false},"excerpt":{"rendered":"<p>Ana Diez de Ure y Xabier Mangado acompa\u00f1ar\u00e1n a las personas visitantes, que se pueden inscribir en la direcci\u00f3n de correo ateneo@ateneonavarro.es<\/p>\n","protected":false},"author":1,"featured_media":46766,"comment_status":"open","ping_status":"closed","sticky":false,"template":"","format":"standard","meta":{"footnotes":""},"categories":[2],"tags":[],"class_list":["post-46765","post","type-post","status-publish","format-standard","has-post-thumbnail","hentry","category-ayuntamiento-pamplona"],"yoast_head":"<!-- This site is optimized with the Yoast SEO plugin v27.3 - https:\/\/yoast.com\/product\/yoast-seo-wordpress\/ -->\n<title>Ayuntamiento de Pamplona y Ateneo Navarro ofrecen tres visitas tem\u00e1ticas guiadas en euskera en torno a la historia de la ciudad<\/title>\n<meta name=\"description\" content=\"Ana Diez de Ure y Xabier Mangado acompa\u00f1ar\u00e1n a las personas visitantes, que se pueden inscribir en la direcci\u00f3n de correo ateneo@ateneonavarro.es\" \/>\n<meta name=\"robots\" content=\"index, follow, max-snippet:-1, max-image-preview:large, max-video-preview:-1\" \/>\n<link rel=\"canonical\" href=\"https:\/\/www.laguiadepamplona.com\/actualidad\/ayuntamiento-de-pamplona-y-ateneo-navarro-ofrecen-tres-visitas-tematicas-guiadas-en-euskera-en-torno-a-la-historia-de-la-ciudad\/\" \/>\n<meta property=\"og:locale\" content=\"es_ES\" \/>\n<meta property=\"og:type\" content=\"article\" \/>\n<meta property=\"og:title\" content=\"Ayuntamiento de Pamplona y Ateneo Navarro ofrecen tres visitas tem\u00e1ticas guiadas en euskera en torno a la historia de la ciudad\" \/>\n<meta property=\"og:description\" content=\"Ana Diez de Ure y Xabier Mangado acompa\u00f1ar\u00e1n a las personas visitantes, que se pueden inscribir en la direcci\u00f3n de correo ateneo@ateneonavarro.es\" \/>\n<meta property=\"og:url\" content=\"https:\/\/www.laguiadepamplona.com\/actualidad\/ayuntamiento-de-pamplona-y-ateneo-navarro-ofrecen-tres-visitas-tematicas-guiadas-en-euskera-en-torno-a-la-historia-de-la-ciudad\/\" \/>\n<meta property=\"og:site_name\" content=\"La Gu\u00eda de Pamplona\" \/>\n<meta property=\"article:publisher\" content=\"https:\/\/www.facebook.com\/laguiadepamplonacom-133175176762273\/?ref=hl\" \/>\n<meta property=\"article:published_time\" content=\"2023-05-22T10:14:28+00:00\" \/>\n<meta property=\"og:image\" content=\"https:\/\/www.laguiadepamplona.com\/actualidad\/wp-content\/uploads\/2023\/05\/plaza_toros_exterior.webp\" \/>\n\t<meta property=\"og:image:width\" content=\"1920\" \/>\n\t<meta property=\"og:image:height\" content=\"1280\" \/>\n\t<meta property=\"og:image:type\" content=\"image\/webp\" \/>\n<meta name=\"author\" content=\"La Gu\u00eda de Pamplona\" \/>\n<meta name=\"twitter:card\" content=\"summary_large_image\" \/>\n<meta name=\"twitter:creator\" content=\"@LaGuiadPamplona\" \/>\n<meta name=\"twitter:site\" content=\"@LaGuiadPamplona\" \/>\n<meta name=\"twitter:label1\" content=\"Escrito por\" \/>\n\t<meta name=\"twitter:data1\" content=\"La Gu\u00eda de Pamplona\" \/>\n\t<meta name=\"twitter:label2\" content=\"Tiempo de lectura\" \/>\n\t<meta name=\"twitter:data2\" content=\"4 minutos\" \/>\n<script type=\"application\/ld+json\" class=\"yoast-schema-graph\">{\"@context\":\"https:\\\/\\\/schema.org\",\"@graph\":[{\"@type\":\"Article\",\"@id\":\"https:\\\/\\\/www.laguiadepamplona.com\\\/actualidad\\\/ayuntamiento-de-pamplona-y-ateneo-navarro-ofrecen-tres-visitas-tematicas-guiadas-en-euskera-en-torno-a-la-historia-de-la-ciudad\\\/#article\",\"isPartOf\":{\"@id\":\"https:\\\/\\\/www.laguiadepamplona.com\\\/actualidad\\\/ayuntamiento-de-pamplona-y-ateneo-navarro-ofrecen-tres-visitas-tematicas-guiadas-en-euskera-en-torno-a-la-historia-de-la-ciudad\\\/\"},\"author\":{\"name\":\"La Gu\u00eda de Pamplona\",\"@id\":\"https:\\\/\\\/www.laguiadepamplona.com\\\/actualidad\\\/#\\\/schema\\\/person\\\/efe887376f0213d4657c93adc50b1fdb\"},\"headline\":\"Ayuntamiento de Pamplona y Ateneo Navarro ofrecen tres visitas tem\u00e1ticas guiadas en euskera en torno a la historia de la ciudad\",\"datePublished\":\"2023-05-22T10:14:28+00:00\",\"mainEntityOfPage\":{\"@id\":\"https:\\\/\\\/www.laguiadepamplona.com\\\/actualidad\\\/ayuntamiento-de-pamplona-y-ateneo-navarro-ofrecen-tres-visitas-tematicas-guiadas-en-euskera-en-torno-a-la-historia-de-la-ciudad\\\/\"},\"wordCount\":788,\"commentCount\":0,\"publisher\":{\"@id\":\"https:\\\/\\\/www.laguiadepamplona.com\\\/actualidad\\\/#organization\"},\"image\":{\"@id\":\"https:\\\/\\\/www.laguiadepamplona.com\\\/actualidad\\\/ayuntamiento-de-pamplona-y-ateneo-navarro-ofrecen-tres-visitas-tematicas-guiadas-en-euskera-en-torno-a-la-historia-de-la-ciudad\\\/#primaryimage\"},\"thumbnailUrl\":\"https:\\\/\\\/www.laguiadepamplona.com\\\/actualidad\\\/wp-content\\\/uploads\\\/2023\\\/05\\\/plaza_toros_exterior.webp\",\"articleSection\":[\"Ayto Pamplona\"],\"inLanguage\":\"es\",\"potentialAction\":[{\"@type\":\"CommentAction\",\"name\":\"Comment\",\"target\":[\"https:\\\/\\\/www.laguiadepamplona.com\\\/actualidad\\\/ayuntamiento-de-pamplona-y-ateneo-navarro-ofrecen-tres-visitas-tematicas-guiadas-en-euskera-en-torno-a-la-historia-de-la-ciudad\\\/#respond\"]}]},{\"@type\":\"WebPage\",\"@id\":\"https:\\\/\\\/www.laguiadepamplona.com\\\/actualidad\\\/ayuntamiento-de-pamplona-y-ateneo-navarro-ofrecen-tres-visitas-tematicas-guiadas-en-euskera-en-torno-a-la-historia-de-la-ciudad\\\/\",\"url\":\"https:\\\/\\\/www.laguiadepamplona.com\\\/actualidad\\\/ayuntamiento-de-pamplona-y-ateneo-navarro-ofrecen-tres-visitas-tematicas-guiadas-en-euskera-en-torno-a-la-historia-de-la-ciudad\\\/\",\"name\":\"Ayuntamiento de Pamplona y Ateneo Navarro ofrecen tres visitas tem\u00e1ticas guiadas en euskera en torno a la historia de la ciudad\",\"isPartOf\":{\"@id\":\"https:\\\/\\\/www.laguiadepamplona.com\\\/actualidad\\\/#website\"},\"primaryImageOfPage\":{\"@id\":\"https:\\\/\\\/www.laguiadepamplona.com\\\/actualidad\\\/ayuntamiento-de-pamplona-y-ateneo-navarro-ofrecen-tres-visitas-tematicas-guiadas-en-euskera-en-torno-a-la-historia-de-la-ciudad\\\/#primaryimage\"},\"image\":{\"@id\":\"https:\\\/\\\/www.laguiadepamplona.com\\\/actualidad\\\/ayuntamiento-de-pamplona-y-ateneo-navarro-ofrecen-tres-visitas-tematicas-guiadas-en-euskera-en-torno-a-la-historia-de-la-ciudad\\\/#primaryimage\"},\"thumbnailUrl\":\"https:\\\/\\\/www.laguiadepamplona.com\\\/actualidad\\\/wp-content\\\/uploads\\\/2023\\\/05\\\/plaza_toros_exterior.webp\",\"datePublished\":\"2023-05-22T10:14:28+00:00\",\"description\":\"Ana Diez de Ure y Xabier Mangado acompa\u00f1ar\u00e1n a las personas visitantes, que se pueden inscribir en la direcci\u00f3n de correo ateneo@ateneonavarro.es\",\"breadcrumb\":{\"@id\":\"https:\\\/\\\/www.laguiadepamplona.com\\\/actualidad\\\/ayuntamiento-de-pamplona-y-ateneo-navarro-ofrecen-tres-visitas-tematicas-guiadas-en-euskera-en-torno-a-la-historia-de-la-ciudad\\\/#breadcrumb\"},\"inLanguage\":\"es\",\"potentialAction\":[{\"@type\":\"ReadAction\",\"target\":[\"https:\\\/\\\/www.laguiadepamplona.com\\\/actualidad\\\/ayuntamiento-de-pamplona-y-ateneo-navarro-ofrecen-tres-visitas-tematicas-guiadas-en-euskera-en-torno-a-la-historia-de-la-ciudad\\\/\"]}]},{\"@type\":\"ImageObject\",\"inLanguage\":\"es\",\"@id\":\"https:\\\/\\\/www.laguiadepamplona.com\\\/actualidad\\\/ayuntamiento-de-pamplona-y-ateneo-navarro-ofrecen-tres-visitas-tematicas-guiadas-en-euskera-en-torno-a-la-historia-de-la-ciudad\\\/#primaryimage\",\"url\":\"https:\\\/\\\/www.laguiadepamplona.com\\\/actualidad\\\/wp-content\\\/uploads\\\/2023\\\/05\\\/plaza_toros_exterior.webp\",\"contentUrl\":\"https:\\\/\\\/www.laguiadepamplona.com\\\/actualidad\\\/wp-content\\\/uploads\\\/2023\\\/05\\\/plaza_toros_exterior.webp\",\"width\":1920,\"height\":1280},{\"@type\":\"BreadcrumbList\",\"@id\":\"https:\\\/\\\/www.laguiadepamplona.com\\\/actualidad\\\/ayuntamiento-de-pamplona-y-ateneo-navarro-ofrecen-tres-visitas-tematicas-guiadas-en-euskera-en-torno-a-la-historia-de-la-ciudad\\\/#breadcrumb\",\"itemListElement\":[{\"@type\":\"ListItem\",\"position\":1,\"name\":\"Portada\",\"item\":\"https:\\\/\\\/www.laguiadepamplona.com\\\/actualidad\\\/\"},{\"@type\":\"ListItem\",\"position\":2,\"name\":\"Ayuntamiento de Pamplona y Ateneo Navarro ofrecen tres visitas tem\u00e1ticas guiadas en euskera en torno a la historia de la ciudad\"}]},{\"@type\":\"WebSite\",\"@id\":\"https:\\\/\\\/www.laguiadepamplona.com\\\/actualidad\\\/#website\",\"url\":\"https:\\\/\\\/www.laguiadepamplona.com\\\/actualidad\\\/\",\"name\":\"La gu\u00eda de Pamplona\",\"description\":\"Noticias de Pamplona\",\"publisher\":{\"@id\":\"https:\\\/\\\/www.laguiadepamplona.com\\\/actualidad\\\/#organization\"},\"potentialAction\":[{\"@type\":\"SearchAction\",\"target\":{\"@type\":\"EntryPoint\",\"urlTemplate\":\"https:\\\/\\\/www.laguiadepamplona.com\\\/actualidad\\\/?s={search_term_string}\"},\"query-input\":{\"@type\":\"PropertyValueSpecification\",\"valueRequired\":true,\"valueName\":\"search_term_string\"}}],\"inLanguage\":\"es\"},{\"@type\":\"Organization\",\"@id\":\"https:\\\/\\\/www.laguiadepamplona.com\\\/actualidad\\\/#organization\",\"name\":\"La Gu\u00eda de Pamplona \\\/ Noticias\",\"url\":\"https:\\\/\\\/www.laguiadepamplona.com\\\/actualidad\\\/\",\"logo\":{\"@type\":\"ImageObject\",\"inLanguage\":\"es\",\"@id\":\"https:\\\/\\\/www.laguiadepamplona.com\\\/actualidad\\\/#\\\/schema\\\/logo\\\/image\\\/\",\"url\":\"https:\\\/\\\/www.laguiadepamplona.com\\\/actualidad\\\/wp-content\\\/uploads\\\/2018\\\/11\\\/logo-laguiadepamplona18-web1.png\",\"contentUrl\":\"https:\\\/\\\/www.laguiadepamplona.com\\\/actualidad\\\/wp-content\\\/uploads\\\/2018\\\/11\\\/logo-laguiadepamplona18-web1.png\",\"width\":600,\"height\":196,\"caption\":\"La Gu\u00eda de Pamplona \\\/ Noticias\"},\"image\":{\"@id\":\"https:\\\/\\\/www.laguiadepamplona.com\\\/actualidad\\\/#\\\/schema\\\/logo\\\/image\\\/\"},\"sameAs\":[\"https:\\\/\\\/www.facebook.com\\\/laguiadepamplonacom-133175176762273\\\/?ref=hl\",\"https:\\\/\\\/x.com\\\/LaGuiadPamplona\",\"https:\\\/\\\/www.instagram.com\\\/la_guia_de_pamplona\\\/\",\"https:\\\/\\\/www.youtube.com\\\/user\\\/laguiadepamplona\"]},{\"@type\":\"Person\",\"@id\":\"https:\\\/\\\/www.laguiadepamplona.com\\\/actualidad\\\/#\\\/schema\\\/person\\\/efe887376f0213d4657c93adc50b1fdb\",\"name\":\"La Gu\u00eda de Pamplona\",\"image\":{\"@type\":\"ImageObject\",\"inLanguage\":\"es\",\"@id\":\"https:\\\/\\\/secure.gravatar.com\\\/avatar\\\/b6992f131dc8d30ab0dff15446e9d346d9dbd95992de0fef795073f5ea83a81c?s=96&d=mm&r=g\",\"url\":\"https:\\\/\\\/secure.gravatar.com\\\/avatar\\\/b6992f131dc8d30ab0dff15446e9d346d9dbd95992de0fef795073f5ea83a81c?s=96&d=mm&r=g\",\"contentUrl\":\"https:\\\/\\\/secure.gravatar.com\\\/avatar\\\/b6992f131dc8d30ab0dff15446e9d346d9dbd95992de0fef795073f5ea83a81c?s=96&d=mm&r=g\",\"caption\":\"La Gu\u00eda de Pamplona\"}}]}<\/script>\n<!-- \/ Yoast SEO plugin. -->","yoast_head_json":{"title":"Ayuntamiento de Pamplona y Ateneo Navarro ofrecen tres visitas tem\u00e1ticas guiadas en euskera en torno a la historia de la ciudad","description":"Ana Diez de Ure y Xabier Mangado acompa\u00f1ar\u00e1n a las personas visitantes, que se pueden inscribir en la direcci\u00f3n de correo ateneo@ateneonavarro.es","robots":{"index":"index","follow":"follow","max-snippet":"max-snippet:-1","max-image-preview":"max-image-preview:large","max-video-preview":"max-video-preview:-1"},"canonical":"https:\/\/www.laguiadepamplona.com\/actualidad\/ayuntamiento-de-pamplona-y-ateneo-navarro-ofrecen-tres-visitas-tematicas-guiadas-en-euskera-en-torno-a-la-historia-de-la-ciudad\/","og_locale":"es_ES","og_type":"article","og_title":"Ayuntamiento de Pamplona y Ateneo Navarro ofrecen tres visitas tem\u00e1ticas guiadas en euskera en torno a la historia de la ciudad","og_description":"Ana Diez de Ure y Xabier Mangado acompa\u00f1ar\u00e1n a las personas visitantes, que se pueden inscribir en la direcci\u00f3n de correo ateneo@ateneonavarro.es","og_url":"https:\/\/www.laguiadepamplona.com\/actualidad\/ayuntamiento-de-pamplona-y-ateneo-navarro-ofrecen-tres-visitas-tematicas-guiadas-en-euskera-en-torno-a-la-historia-de-la-ciudad\/","og_site_name":"La Gu\u00eda de Pamplona","article_publisher":"https:\/\/www.facebook.com\/laguiadepamplonacom-133175176762273\/?ref=hl","article_published_time":"2023-05-22T10:14:28+00:00","og_image":[{"width":1920,"height":1280,"url":"https:\/\/www.laguiadepamplona.com\/actualidad\/wp-content\/uploads\/2023\/05\/plaza_toros_exterior.webp","type":"image\/webp"}],"author":"La Gu\u00eda de Pamplona","twitter_card":"summary_large_image","twitter_creator":"@LaGuiadPamplona","twitter_site":"@LaGuiadPamplona","twitter_misc":{"Escrito por":"La Gu\u00eda de Pamplona","Tiempo de lectura":"4 minutos"},"schema":{"@context":"https:\/\/schema.org","@graph":[{"@type":"Article","@id":"https:\/\/www.laguiadepamplona.com\/actualidad\/ayuntamiento-de-pamplona-y-ateneo-navarro-ofrecen-tres-visitas-tematicas-guiadas-en-euskera-en-torno-a-la-historia-de-la-ciudad\/#article","isPartOf":{"@id":"https:\/\/www.laguiadepamplona.com\/actualidad\/ayuntamiento-de-pamplona-y-ateneo-navarro-ofrecen-tres-visitas-tematicas-guiadas-en-euskera-en-torno-a-la-historia-de-la-ciudad\/"},"author":{"name":"La Gu\u00eda de Pamplona","@id":"https:\/\/www.laguiadepamplona.com\/actualidad\/#\/schema\/person\/efe887376f0213d4657c93adc50b1fdb"},"headline":"Ayuntamiento de Pamplona y Ateneo Navarro ofrecen tres visitas tem\u00e1ticas guiadas en euskera en torno a la historia de la ciudad","datePublished":"2023-05-22T10:14:28+00:00","mainEntityOfPage":{"@id":"https:\/\/www.laguiadepamplona.com\/actualidad\/ayuntamiento-de-pamplona-y-ateneo-navarro-ofrecen-tres-visitas-tematicas-guiadas-en-euskera-en-torno-a-la-historia-de-la-ciudad\/"},"wordCount":788,"commentCount":0,"publisher":{"@id":"https:\/\/www.laguiadepamplona.com\/actualidad\/#organization"},"image":{"@id":"https:\/\/www.laguiadepamplona.com\/actualidad\/ayuntamiento-de-pamplona-y-ateneo-navarro-ofrecen-tres-visitas-tematicas-guiadas-en-euskera-en-torno-a-la-historia-de-la-ciudad\/#primaryimage"},"thumbnailUrl":"https:\/\/www.laguiadepamplona.com\/actualidad\/wp-content\/uploads\/2023\/05\/plaza_toros_exterior.webp","articleSection":["Ayto Pamplona"],"inLanguage":"es","potentialAction":[{"@type":"CommentAction","name":"Comment","target":["https:\/\/www.laguiadepamplona.com\/actualidad\/ayuntamiento-de-pamplona-y-ateneo-navarro-ofrecen-tres-visitas-tematicas-guiadas-en-euskera-en-torno-a-la-historia-de-la-ciudad\/#respond"]}]},{"@type":"WebPage","@id":"https:\/\/www.laguiadepamplona.com\/actualidad\/ayuntamiento-de-pamplona-y-ateneo-navarro-ofrecen-tres-visitas-tematicas-guiadas-en-euskera-en-torno-a-la-historia-de-la-ciudad\/","url":"https:\/\/www.laguiadepamplona.com\/actualidad\/ayuntamiento-de-pamplona-y-ateneo-navarro-ofrecen-tres-visitas-tematicas-guiadas-en-euskera-en-torno-a-la-historia-de-la-ciudad\/","name":"Ayuntamiento de Pamplona y Ateneo Navarro ofrecen tres visitas tem\u00e1ticas guiadas en euskera en torno a la historia de la ciudad","isPartOf":{"@id":"https:\/\/www.laguiadepamplona.com\/actualidad\/#website"},"primaryImageOfPage":{"@id":"https:\/\/www.laguiadepamplona.com\/actualidad\/ayuntamiento-de-pamplona-y-ateneo-navarro-ofrecen-tres-visitas-tematicas-guiadas-en-euskera-en-torno-a-la-historia-de-la-ciudad\/#primaryimage"},"image":{"@id":"https:\/\/www.laguiadepamplona.com\/actualidad\/ayuntamiento-de-pamplona-y-ateneo-navarro-ofrecen-tres-visitas-tematicas-guiadas-en-euskera-en-torno-a-la-historia-de-la-ciudad\/#primaryimage"},"thumbnailUrl":"https:\/\/www.laguiadepamplona.com\/actualidad\/wp-content\/uploads\/2023\/05\/plaza_toros_exterior.webp","datePublished":"2023-05-22T10:14:28+00:00","description":"Ana Diez de Ure y Xabier Mangado acompa\u00f1ar\u00e1n a las personas visitantes, que se pueden inscribir en la direcci\u00f3n de correo ateneo@ateneonavarro.es","breadcrumb":{"@id":"https:\/\/www.laguiadepamplona.com\/actualidad\/ayuntamiento-de-pamplona-y-ateneo-navarro-ofrecen-tres-visitas-tematicas-guiadas-en-euskera-en-torno-a-la-historia-de-la-ciudad\/#breadcrumb"},"inLanguage":"es","potentialAction":[{"@type":"ReadAction","target":["https:\/\/www.laguiadepamplona.com\/actualidad\/ayuntamiento-de-pamplona-y-ateneo-navarro-ofrecen-tres-visitas-tematicas-guiadas-en-euskera-en-torno-a-la-historia-de-la-ciudad\/"]}]},{"@type":"ImageObject","inLanguage":"es","@id":"https:\/\/www.laguiadepamplona.com\/actualidad\/ayuntamiento-de-pamplona-y-ateneo-navarro-ofrecen-tres-visitas-tematicas-guiadas-en-euskera-en-torno-a-la-historia-de-la-ciudad\/#primaryimage","url":"https:\/\/www.laguiadepamplona.com\/actualidad\/wp-content\/uploads\/2023\/05\/plaza_toros_exterior.webp","contentUrl":"https:\/\/www.laguiadepamplona.com\/actualidad\/wp-content\/uploads\/2023\/05\/plaza_toros_exterior.webp","width":1920,"height":1280},{"@type":"BreadcrumbList","@id":"https:\/\/www.laguiadepamplona.com\/actualidad\/ayuntamiento-de-pamplona-y-ateneo-navarro-ofrecen-tres-visitas-tematicas-guiadas-en-euskera-en-torno-a-la-historia-de-la-ciudad\/#breadcrumb","itemListElement":[{"@type":"ListItem","position":1,"name":"Portada","item":"https:\/\/www.laguiadepamplona.com\/actualidad\/"},{"@type":"ListItem","position":2,"name":"Ayuntamiento de Pamplona y Ateneo Navarro ofrecen tres visitas tem\u00e1ticas guiadas en euskera en torno a la historia de la ciudad"}]},{"@type":"WebSite","@id":"https:\/\/www.laguiadepamplona.com\/actualidad\/#website","url":"https:\/\/www.laguiadepamplona.com\/actualidad\/","name":"La gu\u00eda de Pamplona","description":"Noticias de Pamplona","publisher":{"@id":"https:\/\/www.laguiadepamplona.com\/actualidad\/#organization"},"potentialAction":[{"@type":"SearchAction","target":{"@type":"EntryPoint","urlTemplate":"https:\/\/www.laguiadepamplona.com\/actualidad\/?s={search_term_string}"},"query-input":{"@type":"PropertyValueSpecification","valueRequired":true,"valueName":"search_term_string"}}],"inLanguage":"es"},{"@type":"Organization","@id":"https:\/\/www.laguiadepamplona.com\/actualidad\/#organization","name":"La Gu\u00eda de Pamplona \/ Noticias","url":"https:\/\/www.laguiadepamplona.com\/actualidad\/","logo":{"@type":"ImageObject","inLanguage":"es","@id":"https:\/\/www.laguiadepamplona.com\/actualidad\/#\/schema\/logo\/image\/","url":"https:\/\/www.laguiadepamplona.com\/actualidad\/wp-content\/uploads\/2018\/11\/logo-laguiadepamplona18-web1.png","contentUrl":"https:\/\/www.laguiadepamplona.com\/actualidad\/wp-content\/uploads\/2018\/11\/logo-laguiadepamplona18-web1.png","width":600,"height":196,"caption":"La Gu\u00eda de Pamplona \/ Noticias"},"image":{"@id":"https:\/\/www.laguiadepamplona.com\/actualidad\/#\/schema\/logo\/image\/"},"sameAs":["https:\/\/www.facebook.com\/laguiadepamplonacom-133175176762273\/?ref=hl","https:\/\/x.com\/LaGuiadPamplona","https:\/\/www.instagram.com\/la_guia_de_pamplona\/","https:\/\/www.youtube.com\/user\/laguiadepamplona"]},{"@type":"Person","@id":"https:\/\/www.laguiadepamplona.com\/actualidad\/#\/schema\/person\/efe887376f0213d4657c93adc50b1fdb","name":"La Gu\u00eda de Pamplona","image":{"@type":"ImageObject","inLanguage":"es","@id":"https:\/\/secure.gravatar.com\/avatar\/b6992f131dc8d30ab0dff15446e9d346d9dbd95992de0fef795073f5ea83a81c?s=96&d=mm&r=g","url":"https:\/\/secure.gravatar.com\/avatar\/b6992f131dc8d30ab0dff15446e9d346d9dbd95992de0fef795073f5ea83a81c?s=96&d=mm&r=g","contentUrl":"https:\/\/secure.gravatar.com\/avatar\/b6992f131dc8d30ab0dff15446e9d346d9dbd95992de0fef795073f5ea83a81c?s=96&d=mm&r=g","caption":"La Gu\u00eda de Pamplona"}}]}},"post_mailing_queue_ids":[],"_links":{"self":[{"href":"https:\/\/www.laguiadepamplona.com\/actualidad\/wp-json\/wp\/v2\/posts\/46765","targetHints":{"allow":["GET"]}}],"collection":[{"href":"https:\/\/www.laguiadepamplona.com\/actualidad\/wp-json\/wp\/v2\/posts"}],"about":[{"href":"https:\/\/www.laguiadepamplona.com\/actualidad\/wp-json\/wp\/v2\/types\/post"}],"author":[{"embeddable":true,"href":"https:\/\/www.laguiadepamplona.com\/actualidad\/wp-json\/wp\/v2\/users\/1"}],"replies":[{"embeddable":true,"href":"https:\/\/www.laguiadepamplona.com\/actualidad\/wp-json\/wp\/v2\/comments?post=46765"}],"version-history":[{"count":1,"href":"https:\/\/www.laguiadepamplona.com\/actualidad\/wp-json\/wp\/v2\/posts\/46765\/revisions"}],"predecessor-version":[{"id":46767,"href":"https:\/\/www.laguiadepamplona.com\/actualidad\/wp-json\/wp\/v2\/posts\/46765\/revisions\/46767"}],"wp:featuredmedia":[{"embeddable":true,"href":"https:\/\/www.laguiadepamplona.com\/actualidad\/wp-json\/wp\/v2\/media\/46766"}],"wp:attachment":[{"href":"https:\/\/www.laguiadepamplona.com\/actualidad\/wp-json\/wp\/v2\/media?parent=46765"}],"wp:term":[{"taxonomy":"category","embeddable":true,"href":"https:\/\/www.laguiadepamplona.com\/actualidad\/wp-json\/wp\/v2\/categories?post=46765"},{"taxonomy":"post_tag","embeddable":true,"href":"https:\/\/www.laguiadepamplona.com\/actualidad\/wp-json\/wp\/v2\/tags?post=46765"}],"curies":[{"name":"wp","href":"https:\/\/api.w.org\/{rel}","templated":true}]}}