{"id":46762,"date":"2023-05-22T12:12:31","date_gmt":"2023-05-22T10:12:31","guid":{"rendered":"https:\/\/www.laguiadepamplona.com\/actualidad\/?p=46762"},"modified":"2023-05-22T12:12:31","modified_gmt":"2023-05-22T10:12:31","slug":"el-ayuntamiento-celebra-la-multiculturalidad-de-pamplona-con-una-recepcion-a-23-asociaciones-en-la-conmemoracion-del-dia-internacional-de-la-diversidad-cultural","status":"publish","type":"post","link":"https:\/\/www.laguiadepamplona.com\/actualidad\/el-ayuntamiento-celebra-la-multiculturalidad-de-pamplona-con-una-recepcion-a-23-asociaciones-en-la-conmemoracion-del-dia-internacional-de-la-diversidad-cultural\/","title":{"rendered":"El Ayuntamiento celebra la multiculturalidad de Pamplona con una recepci\u00f3n a 23 asociaciones en la conmemoraci\u00f3n del D\u00eda Internacional de la Diversidad Cultural"},"content":{"rendered":"<h3>Han asistido representantes de asociaciones de Latinoam\u00e9rica y Europa que trabajan difundiendo a la ciudadan\u00eda pamplonesa su cultura y formas de vida<\/h3>\n<p><!--more--><\/p>\n<p>El Ayuntamiento de Pamplona ha celebrado este lunes el D\u00eda Mundial de la Diversidad Cultural para el Di\u00e1logo y el Desarrollo con una recepci\u00f3n institucional en la que han participado veintitr\u00e9s asociaciones que trabajan para mantener y visibilizar las tradiciones, la cultura y el folklore de sus pa\u00edses de origen en la Comunidad foral. El alcalde de Pamplona, Enrique Maya, y miembros de la Corporaci\u00f3n municipal han asistido al acto, que se ha celebrado en la Casa Consistorial, y que ha puesto de manifiesto la riqueza cultural de la ciudad. A la invitaci\u00f3n municipal para participar en esta recepci\u00f3n han acudido 23 asociaciones de personas afincadas en Pamplona procedentes de 11 pa\u00edses de Latinoam\u00e9rica y Europa.<\/p>\n<p>En su intervenci\u00f3n ante los representantes de la comunidad de origen extranjero, el alcalde, Enrique Maya, ha resaltado que Pamplona es una ciudad en la que coexisten personas de procedencias culturales diversas, que enriquecen el acervo cultural y humano de nuestra ciudad y la proyectan hacia el futuro con garant\u00edas de multiculturalidad.<br \/>\n<script async src=\"\/\/pagead2.googlesyndication.com\/pagead\/js\/adsbygoogle.js\"><\/script><br \/>\n<!-- Noticias La Guia de Pamplona --><br \/>\n<ins class=\"adsbygoogle\"\nstyle=\"display:block\"\ndata-ad-client=\"ca-pub-6943679897239327\"\ndata-ad-slot=\"7048180777\"\ndata-ad-format=\"auto\"><\/ins><br \/>\n<script>\n(adsbygoogle = window.adsbygoogle || []).push({});\n<\/script><\/p>\n<p>En este sentido, el alcalde ha invitado a la ciudadan\u00eda a estrechar lazos entre diferentes, como por ejemplo, participando en la kalejira de las culturas, que se realizar\u00e1 como cada a\u00f1o durante las fiestas de San Ferm\u00edn, para visibilizar la interculturalidad de Pamplona.<\/p>\n<p>El representante de la Fundaci\u00f3n Secretariado Gitano, \u00c1ngel Gr\u00e1valos, que ha tomado la palabra en nombre de la veintena de asociaciones participantes en la recepci\u00f3n, ha resaltado la presencia en el Ayuntamiento de personas de diferentes or\u00edgenes y culturas, que reflejan la importancia del di\u00e1logo, la diversidad y la inclusi\u00f3n. Gr\u00e1valos ha incidido en la necesidad de combatir los estereotipos y los prejuicios para mejorar el entendimiento y la cooperaci\u00f3n entre las personas de diferentes culturas.<\/p>\n<p>Durante la recepci\u00f3n, como muestra de la diversidad cultural de la ciudad, el grupo de bailes folkl\u00f3ricos de Bulgaria-Pirina y el de la Asociaci\u00f3n de B\u00falgaros ORFEY han realizado conjuntamente un baile tradicional de Bulgaria, llamado Kaponitsa.<br \/>\n<script async src=\"\/\/pagead2.googlesyndication.com\/pagead\/js\/adsbygoogle.js\"><\/script><br \/>\n<!-- Noticias La Guia de Pamplona --><br \/>\n<ins class=\"adsbygoogle\"\nstyle=\"display:block\"\ndata-ad-client=\"ca-pub-6943679897239327\"\ndata-ad-slot=\"7048180777\"\ndata-ad-format=\"auto\"><\/ins><br \/>\n<script>\n(adsbygoogle = window.adsbygoogle || []).push({});\n<\/script><\/p>\n<p>&nbsp;<\/p>\n<h3>Asociaciones participantes en la recepci\u00f3n<\/h3>\n<ul>\n<li>Munata Folklore Boliviano<\/li>\n<li>Amudisna<\/li>\n<li>Casa Centroamericana de Navarra<\/li>\n<li>Asvena y Alpargatika<\/li>\n<li>Tinkus Tiataco<\/li>\n<li>Integraci\u00f3n Sin Fronteras<\/li>\n<li>ORFEY BG<\/li>\n<li>Fundaci\u00f3n Secretariado Gitano<\/li>\n<li>Morenada los Andes Pamplona<\/li>\n<li>Diablada Urus Pamplona<\/li>\n<li>Morenada Central Comunidad Cocanis Espa\u00f1a UE<\/li>\n<li>Casa Amaz\u00f3nica Brasil<\/li>\n<li>AFOLBO<\/li>\n<li>Morenada Central Oruruo<\/li>\n<li>FAIN<\/li>\n<li>ELEGANTES<\/li>\n<li>SEI<\/li>\n<li>Centro Argentino Navarro<\/li>\n<li>Tinkus San Sim\u00f3n Filial Navarra<\/li>\n<li>Salay Cochabamba Asiry<\/li>\n<li>Asociaci\u00f3n Cubana de Navarra<\/li>\n<li>Grupo de bailes folcl\u00f3ricos de Bulgaria-Pirina<\/li>\n<li>Asociaci\u00f3n Brasile\u00f1os NABRASIL<\/li>\n<\/ul>\n","protected":false},"excerpt":{"rendered":"<p>Han asistido representantes de asociaciones de Latinoam\u00e9rica y Europa que trabajan difundiendo a la ciudadan\u00eda pamplonesa su cultura y formas de vida<\/p>\n","protected":false},"author":1,"featured_media":46763,"comment_status":"open","ping_status":"closed","sticky":false,"template":"","format":"standard","meta":{"footnotes":""},"categories":[2],"tags":[],"class_list":["post-46762","post","type-post","status-publish","format-standard","has-post-thumbnail","hentry","category-ayuntamiento-pamplona"],"yoast_head":"<!-- This site is optimized with the Yoast SEO plugin v27.3 - https:\/\/yoast.com\/product\/yoast-seo-wordpress\/ -->\n<title>El Ayuntamiento celebra la multiculturalidad de Pamplona con una recepci\u00f3n a 23 asociaciones en la conmemoraci\u00f3n del D\u00eda Internacional de la Diversidad Cultural<\/title>\n<meta name=\"description\" content=\"Han asistido representantes de asociaciones de Latinoam\u00e9rica y Europa que trabajan difundiendo a la ciudadan\u00eda pamplonesa su cultura y formas de vida\" \/>\n<meta name=\"robots\" content=\"index, follow, max-snippet:-1, max-image-preview:large, max-video-preview:-1\" \/>\n<link rel=\"canonical\" href=\"https:\/\/www.laguiadepamplona.com\/actualidad\/el-ayuntamiento-celebra-la-multiculturalidad-de-pamplona-con-una-recepcion-a-23-asociaciones-en-la-conmemoracion-del-dia-internacional-de-la-diversidad-cultural\/\" \/>\n<meta property=\"og:locale\" content=\"es_ES\" \/>\n<meta property=\"og:type\" content=\"article\" \/>\n<meta property=\"og:title\" content=\"El Ayuntamiento celebra la multiculturalidad de Pamplona con una recepci\u00f3n a 23 asociaciones en la conmemoraci\u00f3n del D\u00eda Internacional de la Diversidad Cultural\" \/>\n<meta property=\"og:description\" content=\"Han asistido representantes de asociaciones de Latinoam\u00e9rica y Europa que trabajan difundiendo a la ciudadan\u00eda pamplonesa su cultura y formas de vida\" \/>\n<meta property=\"og:url\" content=\"https:\/\/www.laguiadepamplona.com\/actualidad\/el-ayuntamiento-celebra-la-multiculturalidad-de-pamplona-con-una-recepcion-a-23-asociaciones-en-la-conmemoracion-del-dia-internacional-de-la-diversidad-cultural\/\" \/>\n<meta property=\"og:site_name\" content=\"La Gu\u00eda de Pamplona\" \/>\n<meta property=\"article:publisher\" content=\"https:\/\/www.facebook.com\/laguiadepamplonacom-133175176762273\/?ref=hl\" \/>\n<meta property=\"article:published_time\" content=\"2023-05-22T10:12:31+00:00\" \/>\n<meta property=\"og:image\" content=\"https:\/\/www.laguiadepamplona.com\/actualidad\/wp-content\/uploads\/2023\/05\/diainternacionaldiversidadculturalee5a5121.webp\" \/>\n\t<meta property=\"og:image:width\" content=\"1920\" \/>\n\t<meta property=\"og:image:height\" content=\"1280\" \/>\n\t<meta property=\"og:image:type\" content=\"image\/webp\" \/>\n<meta name=\"author\" content=\"La Gu\u00eda de Pamplona\" \/>\n<meta name=\"twitter:card\" content=\"summary_large_image\" \/>\n<meta name=\"twitter:creator\" content=\"@LaGuiadPamplona\" \/>\n<meta name=\"twitter:site\" content=\"@LaGuiadPamplona\" \/>\n<meta name=\"twitter:label1\" content=\"Escrito por\" \/>\n\t<meta name=\"twitter:data1\" content=\"La Gu\u00eda de Pamplona\" \/>\n\t<meta name=\"twitter:label2\" content=\"Tiempo de lectura\" \/>\n\t<meta name=\"twitter:data2\" content=\"2 minutos\" \/>\n<script type=\"application\/ld+json\" class=\"yoast-schema-graph\">{\"@context\":\"https:\\\/\\\/schema.org\",\"@graph\":[{\"@type\":\"Article\",\"@id\":\"https:\\\/\\\/www.laguiadepamplona.com\\\/actualidad\\\/el-ayuntamiento-celebra-la-multiculturalidad-de-pamplona-con-una-recepcion-a-23-asociaciones-en-la-conmemoracion-del-dia-internacional-de-la-diversidad-cultural\\\/#article\",\"isPartOf\":{\"@id\":\"https:\\\/\\\/www.laguiadepamplona.com\\\/actualidad\\\/el-ayuntamiento-celebra-la-multiculturalidad-de-pamplona-con-una-recepcion-a-23-asociaciones-en-la-conmemoracion-del-dia-internacional-de-la-diversidad-cultural\\\/\"},\"author\":{\"name\":\"La Gu\u00eda de Pamplona\",\"@id\":\"https:\\\/\\\/www.laguiadepamplona.com\\\/actualidad\\\/#\\\/schema\\\/person\\\/efe887376f0213d4657c93adc50b1fdb\"},\"headline\":\"El Ayuntamiento celebra la multiculturalidad de Pamplona con una recepci\u00f3n a 23 asociaciones en la conmemoraci\u00f3n del D\u00eda Internacional de la Diversidad Cultural\",\"datePublished\":\"2023-05-22T10:12:31+00:00\",\"mainEntityOfPage\":{\"@id\":\"https:\\\/\\\/www.laguiadepamplona.com\\\/actualidad\\\/el-ayuntamiento-celebra-la-multiculturalidad-de-pamplona-con-una-recepcion-a-23-asociaciones-en-la-conmemoracion-del-dia-internacional-de-la-diversidad-cultural\\\/\"},\"wordCount\":482,\"commentCount\":0,\"publisher\":{\"@id\":\"https:\\\/\\\/www.laguiadepamplona.com\\\/actualidad\\\/#organization\"},\"image\":{\"@id\":\"https:\\\/\\\/www.laguiadepamplona.com\\\/actualidad\\\/el-ayuntamiento-celebra-la-multiculturalidad-de-pamplona-con-una-recepcion-a-23-asociaciones-en-la-conmemoracion-del-dia-internacional-de-la-diversidad-cultural\\\/#primaryimage\"},\"thumbnailUrl\":\"https:\\\/\\\/www.laguiadepamplona.com\\\/actualidad\\\/wp-content\\\/uploads\\\/2023\\\/05\\\/diainternacionaldiversidadculturalee5a5121.webp\",\"articleSection\":[\"Ayto Pamplona\"],\"inLanguage\":\"es\",\"potentialAction\":[{\"@type\":\"CommentAction\",\"name\":\"Comment\",\"target\":[\"https:\\\/\\\/www.laguiadepamplona.com\\\/actualidad\\\/el-ayuntamiento-celebra-la-multiculturalidad-de-pamplona-con-una-recepcion-a-23-asociaciones-en-la-conmemoracion-del-dia-internacional-de-la-diversidad-cultural\\\/#respond\"]}]},{\"@type\":\"WebPage\",\"@id\":\"https:\\\/\\\/www.laguiadepamplona.com\\\/actualidad\\\/el-ayuntamiento-celebra-la-multiculturalidad-de-pamplona-con-una-recepcion-a-23-asociaciones-en-la-conmemoracion-del-dia-internacional-de-la-diversidad-cultural\\\/\",\"url\":\"https:\\\/\\\/www.laguiadepamplona.com\\\/actualidad\\\/el-ayuntamiento-celebra-la-multiculturalidad-de-pamplona-con-una-recepcion-a-23-asociaciones-en-la-conmemoracion-del-dia-internacional-de-la-diversidad-cultural\\\/\",\"name\":\"El Ayuntamiento celebra la multiculturalidad de Pamplona con una recepci\u00f3n a 23 asociaciones en la conmemoraci\u00f3n del D\u00eda Internacional de la Diversidad Cultural\",\"isPartOf\":{\"@id\":\"https:\\\/\\\/www.laguiadepamplona.com\\\/actualidad\\\/#website\"},\"primaryImageOfPage\":{\"@id\":\"https:\\\/\\\/www.laguiadepamplona.com\\\/actualidad\\\/el-ayuntamiento-celebra-la-multiculturalidad-de-pamplona-con-una-recepcion-a-23-asociaciones-en-la-conmemoracion-del-dia-internacional-de-la-diversidad-cultural\\\/#primaryimage\"},\"image\":{\"@id\":\"https:\\\/\\\/www.laguiadepamplona.com\\\/actualidad\\\/el-ayuntamiento-celebra-la-multiculturalidad-de-pamplona-con-una-recepcion-a-23-asociaciones-en-la-conmemoracion-del-dia-internacional-de-la-diversidad-cultural\\\/#primaryimage\"},\"thumbnailUrl\":\"https:\\\/\\\/www.laguiadepamplona.com\\\/actualidad\\\/wp-content\\\/uploads\\\/2023\\\/05\\\/diainternacionaldiversidadculturalee5a5121.webp\",\"datePublished\":\"2023-05-22T10:12:31+00:00\",\"description\":\"Han asistido representantes de asociaciones de Latinoam\u00e9rica y Europa que trabajan difundiendo a la ciudadan\u00eda pamplonesa su cultura y formas de vida\",\"breadcrumb\":{\"@id\":\"https:\\\/\\\/www.laguiadepamplona.com\\\/actualidad\\\/el-ayuntamiento-celebra-la-multiculturalidad-de-pamplona-con-una-recepcion-a-23-asociaciones-en-la-conmemoracion-del-dia-internacional-de-la-diversidad-cultural\\\/#breadcrumb\"},\"inLanguage\":\"es\",\"potentialAction\":[{\"@type\":\"ReadAction\",\"target\":[\"https:\\\/\\\/www.laguiadepamplona.com\\\/actualidad\\\/el-ayuntamiento-celebra-la-multiculturalidad-de-pamplona-con-una-recepcion-a-23-asociaciones-en-la-conmemoracion-del-dia-internacional-de-la-diversidad-cultural\\\/\"]}]},{\"@type\":\"ImageObject\",\"inLanguage\":\"es\",\"@id\":\"https:\\\/\\\/www.laguiadepamplona.com\\\/actualidad\\\/el-ayuntamiento-celebra-la-multiculturalidad-de-pamplona-con-una-recepcion-a-23-asociaciones-en-la-conmemoracion-del-dia-internacional-de-la-diversidad-cultural\\\/#primaryimage\",\"url\":\"https:\\\/\\\/www.laguiadepamplona.com\\\/actualidad\\\/wp-content\\\/uploads\\\/2023\\\/05\\\/diainternacionaldiversidadculturalee5a5121.webp\",\"contentUrl\":\"https:\\\/\\\/www.laguiadepamplona.com\\\/actualidad\\\/wp-content\\\/uploads\\\/2023\\\/05\\\/diainternacionaldiversidadculturalee5a5121.webp\",\"width\":1920,\"height\":1280},{\"@type\":\"BreadcrumbList\",\"@id\":\"https:\\\/\\\/www.laguiadepamplona.com\\\/actualidad\\\/el-ayuntamiento-celebra-la-multiculturalidad-de-pamplona-con-una-recepcion-a-23-asociaciones-en-la-conmemoracion-del-dia-internacional-de-la-diversidad-cultural\\\/#breadcrumb\",\"itemListElement\":[{\"@type\":\"ListItem\",\"position\":1,\"name\":\"Portada\",\"item\":\"https:\\\/\\\/www.laguiadepamplona.com\\\/actualidad\\\/\"},{\"@type\":\"ListItem\",\"position\":2,\"name\":\"El Ayuntamiento celebra la multiculturalidad de Pamplona con una recepci\u00f3n a 23 asociaciones en la conmemoraci\u00f3n del D\u00eda Internacional de la Diversidad Cultural\"}]},{\"@type\":\"WebSite\",\"@id\":\"https:\\\/\\\/www.laguiadepamplona.com\\\/actualidad\\\/#website\",\"url\":\"https:\\\/\\\/www.laguiadepamplona.com\\\/actualidad\\\/\",\"name\":\"La gu\u00eda de Pamplona\",\"description\":\"Noticias de Pamplona\",\"publisher\":{\"@id\":\"https:\\\/\\\/www.laguiadepamplona.com\\\/actualidad\\\/#organization\"},\"potentialAction\":[{\"@type\":\"SearchAction\",\"target\":{\"@type\":\"EntryPoint\",\"urlTemplate\":\"https:\\\/\\\/www.laguiadepamplona.com\\\/actualidad\\\/?s={search_term_string}\"},\"query-input\":{\"@type\":\"PropertyValueSpecification\",\"valueRequired\":true,\"valueName\":\"search_term_string\"}}],\"inLanguage\":\"es\"},{\"@type\":\"Organization\",\"@id\":\"https:\\\/\\\/www.laguiadepamplona.com\\\/actualidad\\\/#organization\",\"name\":\"La Gu\u00eda de Pamplona \\\/ Noticias\",\"url\":\"https:\\\/\\\/www.laguiadepamplona.com\\\/actualidad\\\/\",\"logo\":{\"@type\":\"ImageObject\",\"inLanguage\":\"es\",\"@id\":\"https:\\\/\\\/www.laguiadepamplona.com\\\/actualidad\\\/#\\\/schema\\\/logo\\\/image\\\/\",\"url\":\"https:\\\/\\\/www.laguiadepamplona.com\\\/actualidad\\\/wp-content\\\/uploads\\\/2018\\\/11\\\/logo-laguiadepamplona18-web1.png\",\"contentUrl\":\"https:\\\/\\\/www.laguiadepamplona.com\\\/actualidad\\\/wp-content\\\/uploads\\\/2018\\\/11\\\/logo-laguiadepamplona18-web1.png\",\"width\":600,\"height\":196,\"caption\":\"La Gu\u00eda de Pamplona \\\/ Noticias\"},\"image\":{\"@id\":\"https:\\\/\\\/www.laguiadepamplona.com\\\/actualidad\\\/#\\\/schema\\\/logo\\\/image\\\/\"},\"sameAs\":[\"https:\\\/\\\/www.facebook.com\\\/laguiadepamplonacom-133175176762273\\\/?ref=hl\",\"https:\\\/\\\/x.com\\\/LaGuiadPamplona\",\"https:\\\/\\\/www.instagram.com\\\/la_guia_de_pamplona\\\/\",\"https:\\\/\\\/www.youtube.com\\\/user\\\/laguiadepamplona\"]},{\"@type\":\"Person\",\"@id\":\"https:\\\/\\\/www.laguiadepamplona.com\\\/actualidad\\\/#\\\/schema\\\/person\\\/efe887376f0213d4657c93adc50b1fdb\",\"name\":\"La Gu\u00eda de Pamplona\",\"image\":{\"@type\":\"ImageObject\",\"inLanguage\":\"es\",\"@id\":\"https:\\\/\\\/secure.gravatar.com\\\/avatar\\\/b6992f131dc8d30ab0dff15446e9d346d9dbd95992de0fef795073f5ea83a81c?s=96&d=mm&r=g\",\"url\":\"https:\\\/\\\/secure.gravatar.com\\\/avatar\\\/b6992f131dc8d30ab0dff15446e9d346d9dbd95992de0fef795073f5ea83a81c?s=96&d=mm&r=g\",\"contentUrl\":\"https:\\\/\\\/secure.gravatar.com\\\/avatar\\\/b6992f131dc8d30ab0dff15446e9d346d9dbd95992de0fef795073f5ea83a81c?s=96&d=mm&r=g\",\"caption\":\"La Gu\u00eda de Pamplona\"}}]}<\/script>\n<!-- \/ Yoast SEO plugin. -->","yoast_head_json":{"title":"El Ayuntamiento celebra la multiculturalidad de Pamplona con una recepci\u00f3n a 23 asociaciones en la conmemoraci\u00f3n del D\u00eda Internacional de la Diversidad Cultural","description":"Han asistido representantes de asociaciones de Latinoam\u00e9rica y Europa que trabajan difundiendo a la ciudadan\u00eda pamplonesa su cultura y formas de vida","robots":{"index":"index","follow":"follow","max-snippet":"max-snippet:-1","max-image-preview":"max-image-preview:large","max-video-preview":"max-video-preview:-1"},"canonical":"https:\/\/www.laguiadepamplona.com\/actualidad\/el-ayuntamiento-celebra-la-multiculturalidad-de-pamplona-con-una-recepcion-a-23-asociaciones-en-la-conmemoracion-del-dia-internacional-de-la-diversidad-cultural\/","og_locale":"es_ES","og_type":"article","og_title":"El Ayuntamiento celebra la multiculturalidad de Pamplona con una recepci\u00f3n a 23 asociaciones en la conmemoraci\u00f3n del D\u00eda Internacional de la Diversidad Cultural","og_description":"Han asistido representantes de asociaciones de Latinoam\u00e9rica y Europa que trabajan difundiendo a la ciudadan\u00eda pamplonesa su cultura y formas de vida","og_url":"https:\/\/www.laguiadepamplona.com\/actualidad\/el-ayuntamiento-celebra-la-multiculturalidad-de-pamplona-con-una-recepcion-a-23-asociaciones-en-la-conmemoracion-del-dia-internacional-de-la-diversidad-cultural\/","og_site_name":"La Gu\u00eda de Pamplona","article_publisher":"https:\/\/www.facebook.com\/laguiadepamplonacom-133175176762273\/?ref=hl","article_published_time":"2023-05-22T10:12:31+00:00","og_image":[{"width":1920,"height":1280,"url":"https:\/\/www.laguiadepamplona.com\/actualidad\/wp-content\/uploads\/2023\/05\/diainternacionaldiversidadculturalee5a5121.webp","type":"image\/webp"}],"author":"La Gu\u00eda de Pamplona","twitter_card":"summary_large_image","twitter_creator":"@LaGuiadPamplona","twitter_site":"@LaGuiadPamplona","twitter_misc":{"Escrito por":"La Gu\u00eda de Pamplona","Tiempo de lectura":"2 minutos"},"schema":{"@context":"https:\/\/schema.org","@graph":[{"@type":"Article","@id":"https:\/\/www.laguiadepamplona.com\/actualidad\/el-ayuntamiento-celebra-la-multiculturalidad-de-pamplona-con-una-recepcion-a-23-asociaciones-en-la-conmemoracion-del-dia-internacional-de-la-diversidad-cultural\/#article","isPartOf":{"@id":"https:\/\/www.laguiadepamplona.com\/actualidad\/el-ayuntamiento-celebra-la-multiculturalidad-de-pamplona-con-una-recepcion-a-23-asociaciones-en-la-conmemoracion-del-dia-internacional-de-la-diversidad-cultural\/"},"author":{"name":"La Gu\u00eda de Pamplona","@id":"https:\/\/www.laguiadepamplona.com\/actualidad\/#\/schema\/person\/efe887376f0213d4657c93adc50b1fdb"},"headline":"El Ayuntamiento celebra la multiculturalidad de Pamplona con una recepci\u00f3n a 23 asociaciones en la conmemoraci\u00f3n del D\u00eda Internacional de la Diversidad Cultural","datePublished":"2023-05-22T10:12:31+00:00","mainEntityOfPage":{"@id":"https:\/\/www.laguiadepamplona.com\/actualidad\/el-ayuntamiento-celebra-la-multiculturalidad-de-pamplona-con-una-recepcion-a-23-asociaciones-en-la-conmemoracion-del-dia-internacional-de-la-diversidad-cultural\/"},"wordCount":482,"commentCount":0,"publisher":{"@id":"https:\/\/www.laguiadepamplona.com\/actualidad\/#organization"},"image":{"@id":"https:\/\/www.laguiadepamplona.com\/actualidad\/el-ayuntamiento-celebra-la-multiculturalidad-de-pamplona-con-una-recepcion-a-23-asociaciones-en-la-conmemoracion-del-dia-internacional-de-la-diversidad-cultural\/#primaryimage"},"thumbnailUrl":"https:\/\/www.laguiadepamplona.com\/actualidad\/wp-content\/uploads\/2023\/05\/diainternacionaldiversidadculturalee5a5121.webp","articleSection":["Ayto Pamplona"],"inLanguage":"es","potentialAction":[{"@type":"CommentAction","name":"Comment","target":["https:\/\/www.laguiadepamplona.com\/actualidad\/el-ayuntamiento-celebra-la-multiculturalidad-de-pamplona-con-una-recepcion-a-23-asociaciones-en-la-conmemoracion-del-dia-internacional-de-la-diversidad-cultural\/#respond"]}]},{"@type":"WebPage","@id":"https:\/\/www.laguiadepamplona.com\/actualidad\/el-ayuntamiento-celebra-la-multiculturalidad-de-pamplona-con-una-recepcion-a-23-asociaciones-en-la-conmemoracion-del-dia-internacional-de-la-diversidad-cultural\/","url":"https:\/\/www.laguiadepamplona.com\/actualidad\/el-ayuntamiento-celebra-la-multiculturalidad-de-pamplona-con-una-recepcion-a-23-asociaciones-en-la-conmemoracion-del-dia-internacional-de-la-diversidad-cultural\/","name":"El Ayuntamiento celebra la multiculturalidad de Pamplona con una recepci\u00f3n a 23 asociaciones en la conmemoraci\u00f3n del D\u00eda Internacional de la Diversidad Cultural","isPartOf":{"@id":"https:\/\/www.laguiadepamplona.com\/actualidad\/#website"},"primaryImageOfPage":{"@id":"https:\/\/www.laguiadepamplona.com\/actualidad\/el-ayuntamiento-celebra-la-multiculturalidad-de-pamplona-con-una-recepcion-a-23-asociaciones-en-la-conmemoracion-del-dia-internacional-de-la-diversidad-cultural\/#primaryimage"},"image":{"@id":"https:\/\/www.laguiadepamplona.com\/actualidad\/el-ayuntamiento-celebra-la-multiculturalidad-de-pamplona-con-una-recepcion-a-23-asociaciones-en-la-conmemoracion-del-dia-internacional-de-la-diversidad-cultural\/#primaryimage"},"thumbnailUrl":"https:\/\/www.laguiadepamplona.com\/actualidad\/wp-content\/uploads\/2023\/05\/diainternacionaldiversidadculturalee5a5121.webp","datePublished":"2023-05-22T10:12:31+00:00","description":"Han asistido representantes de asociaciones de Latinoam\u00e9rica y Europa que trabajan difundiendo a la ciudadan\u00eda pamplonesa su cultura y formas de vida","breadcrumb":{"@id":"https:\/\/www.laguiadepamplona.com\/actualidad\/el-ayuntamiento-celebra-la-multiculturalidad-de-pamplona-con-una-recepcion-a-23-asociaciones-en-la-conmemoracion-del-dia-internacional-de-la-diversidad-cultural\/#breadcrumb"},"inLanguage":"es","potentialAction":[{"@type":"ReadAction","target":["https:\/\/www.laguiadepamplona.com\/actualidad\/el-ayuntamiento-celebra-la-multiculturalidad-de-pamplona-con-una-recepcion-a-23-asociaciones-en-la-conmemoracion-del-dia-internacional-de-la-diversidad-cultural\/"]}]},{"@type":"ImageObject","inLanguage":"es","@id":"https:\/\/www.laguiadepamplona.com\/actualidad\/el-ayuntamiento-celebra-la-multiculturalidad-de-pamplona-con-una-recepcion-a-23-asociaciones-en-la-conmemoracion-del-dia-internacional-de-la-diversidad-cultural\/#primaryimage","url":"https:\/\/www.laguiadepamplona.com\/actualidad\/wp-content\/uploads\/2023\/05\/diainternacionaldiversidadculturalee5a5121.webp","contentUrl":"https:\/\/www.laguiadepamplona.com\/actualidad\/wp-content\/uploads\/2023\/05\/diainternacionaldiversidadculturalee5a5121.webp","width":1920,"height":1280},{"@type":"BreadcrumbList","@id":"https:\/\/www.laguiadepamplona.com\/actualidad\/el-ayuntamiento-celebra-la-multiculturalidad-de-pamplona-con-una-recepcion-a-23-asociaciones-en-la-conmemoracion-del-dia-internacional-de-la-diversidad-cultural\/#breadcrumb","itemListElement":[{"@type":"ListItem","position":1,"name":"Portada","item":"https:\/\/www.laguiadepamplona.com\/actualidad\/"},{"@type":"ListItem","position":2,"name":"El Ayuntamiento celebra la multiculturalidad de Pamplona con una recepci\u00f3n a 23 asociaciones en la conmemoraci\u00f3n del D\u00eda Internacional de la Diversidad Cultural"}]},{"@type":"WebSite","@id":"https:\/\/www.laguiadepamplona.com\/actualidad\/#website","url":"https:\/\/www.laguiadepamplona.com\/actualidad\/","name":"La gu\u00eda de Pamplona","description":"Noticias de Pamplona","publisher":{"@id":"https:\/\/www.laguiadepamplona.com\/actualidad\/#organization"},"potentialAction":[{"@type":"SearchAction","target":{"@type":"EntryPoint","urlTemplate":"https:\/\/www.laguiadepamplona.com\/actualidad\/?s={search_term_string}"},"query-input":{"@type":"PropertyValueSpecification","valueRequired":true,"valueName":"search_term_string"}}],"inLanguage":"es"},{"@type":"Organization","@id":"https:\/\/www.laguiadepamplona.com\/actualidad\/#organization","name":"La Gu\u00eda de Pamplona \/ Noticias","url":"https:\/\/www.laguiadepamplona.com\/actualidad\/","logo":{"@type":"ImageObject","inLanguage":"es","@id":"https:\/\/www.laguiadepamplona.com\/actualidad\/#\/schema\/logo\/image\/","url":"https:\/\/www.laguiadepamplona.com\/actualidad\/wp-content\/uploads\/2018\/11\/logo-laguiadepamplona18-web1.png","contentUrl":"https:\/\/www.laguiadepamplona.com\/actualidad\/wp-content\/uploads\/2018\/11\/logo-laguiadepamplona18-web1.png","width":600,"height":196,"caption":"La Gu\u00eda de Pamplona \/ Noticias"},"image":{"@id":"https:\/\/www.laguiadepamplona.com\/actualidad\/#\/schema\/logo\/image\/"},"sameAs":["https:\/\/www.facebook.com\/laguiadepamplonacom-133175176762273\/?ref=hl","https:\/\/x.com\/LaGuiadPamplona","https:\/\/www.instagram.com\/la_guia_de_pamplona\/","https:\/\/www.youtube.com\/user\/laguiadepamplona"]},{"@type":"Person","@id":"https:\/\/www.laguiadepamplona.com\/actualidad\/#\/schema\/person\/efe887376f0213d4657c93adc50b1fdb","name":"La Gu\u00eda de Pamplona","image":{"@type":"ImageObject","inLanguage":"es","@id":"https:\/\/secure.gravatar.com\/avatar\/b6992f131dc8d30ab0dff15446e9d346d9dbd95992de0fef795073f5ea83a81c?s=96&d=mm&r=g","url":"https:\/\/secure.gravatar.com\/avatar\/b6992f131dc8d30ab0dff15446e9d346d9dbd95992de0fef795073f5ea83a81c?s=96&d=mm&r=g","contentUrl":"https:\/\/secure.gravatar.com\/avatar\/b6992f131dc8d30ab0dff15446e9d346d9dbd95992de0fef795073f5ea83a81c?s=96&d=mm&r=g","caption":"La Gu\u00eda de Pamplona"}}]}},"post_mailing_queue_ids":[],"_links":{"self":[{"href":"https:\/\/www.laguiadepamplona.com\/actualidad\/wp-json\/wp\/v2\/posts\/46762","targetHints":{"allow":["GET"]}}],"collection":[{"href":"https:\/\/www.laguiadepamplona.com\/actualidad\/wp-json\/wp\/v2\/posts"}],"about":[{"href":"https:\/\/www.laguiadepamplona.com\/actualidad\/wp-json\/wp\/v2\/types\/post"}],"author":[{"embeddable":true,"href":"https:\/\/www.laguiadepamplona.com\/actualidad\/wp-json\/wp\/v2\/users\/1"}],"replies":[{"embeddable":true,"href":"https:\/\/www.laguiadepamplona.com\/actualidad\/wp-json\/wp\/v2\/comments?post=46762"}],"version-history":[{"count":1,"href":"https:\/\/www.laguiadepamplona.com\/actualidad\/wp-json\/wp\/v2\/posts\/46762\/revisions"}],"predecessor-version":[{"id":46764,"href":"https:\/\/www.laguiadepamplona.com\/actualidad\/wp-json\/wp\/v2\/posts\/46762\/revisions\/46764"}],"wp:featuredmedia":[{"embeddable":true,"href":"https:\/\/www.laguiadepamplona.com\/actualidad\/wp-json\/wp\/v2\/media\/46763"}],"wp:attachment":[{"href":"https:\/\/www.laguiadepamplona.com\/actualidad\/wp-json\/wp\/v2\/media?parent=46762"}],"wp:term":[{"taxonomy":"category","embeddable":true,"href":"https:\/\/www.laguiadepamplona.com\/actualidad\/wp-json\/wp\/v2\/categories?post=46762"},{"taxonomy":"post_tag","embeddable":true,"href":"https:\/\/www.laguiadepamplona.com\/actualidad\/wp-json\/wp\/v2\/tags?post=46762"}],"curies":[{"name":"wp","href":"https:\/\/api.w.org\/{rel}","templated":true}]}}