{"id":46759,"date":"2023-05-19T17:13:56","date_gmt":"2023-05-19T15:13:56","guid":{"rendered":"https:\/\/www.laguiadepamplona.com\/actualidad\/?p=46759"},"modified":"2023-05-19T17:13:56","modified_gmt":"2023-05-19T15:13:56","slug":"mas-de-13-000-escolares-han-recibido-este-curso-charlas-de-educacion-civica-por-parte-de-policia-municipal-en-sus-centros-educativos","status":"publish","type":"post","link":"https:\/\/www.laguiadepamplona.com\/actualidad\/mas-de-13-000-escolares-han-recibido-este-curso-charlas-de-educacion-civica-por-parte-de-policia-municipal-en-sus-centros-educativos\/","title":{"rendered":"M\u00e1s de 13.000 escolares han recibido este curso charlas de educaci\u00f3n c\u00edvica por parte de Polic\u00eda Municipal en sus centros educativos"},"content":{"rendered":"<h3>Un equipo especializado ofrece formaci\u00f3n desde Educaci\u00f3n Infantil, con el objetivo de acerca la figura de los agentes al alumnado m\u00e1s peque\u00f1o<\/h3>\n<p><!--more--><\/p>\n<p>Un total de 13.633 estudiantes han recibido este curso formaci\u00f3n por parte del Grupo de Educaci\u00f3n C\u00edvica de Polic\u00eda Municipal de Pamplona en sus propios centros escolares. La iniciativa, que forma parte del Grupo de Educaci\u00f3n para la Convivencia, se viene realizando desde el a\u00f1o 2000, aunque es en los \u00faltimos siete a\u00f1os cuando se ha ampliado la oferta y la intensidad de charlas. \u00c9stas se imparten a alumnado de todas las edades, desde Educaci\u00f3n Infantil hasta Bachiller y FP, si bien el contenido est\u00e1 adaptado a las inquietudes, necesidades y nivel de maduraci\u00f3n de cada edad.<\/p>\n<p>En concreto, los agentes de Polic\u00eda Municipal que acuden a los centros tratan de advertir, aconsejar y concienciar a los estudiantes sobre asuntos como el acoso escolar, el consumo de alcohol, tabaco y drogas, sobre el juego online, el ciberacoso y las redes sociales. Tambi\u00e9n se abordan otros temas como la violencia de g\u00e9nero, las estafas y los timos y aspectos m\u00e1s relacionados con la convivencia y el respeto.<br \/>\n<script async src=\"\/\/pagead2.googlesyndication.com\/pagead\/js\/adsbygoogle.js\"><\/script><br \/>\n<!-- Noticias La Guia de Pamplona --><br \/>\n<ins class=\"adsbygoogle\"\nstyle=\"display:block\"\ndata-ad-client=\"ca-pub-6943679897239327\"\ndata-ad-slot=\"7048180777\"\ndata-ad-format=\"auto\"><\/ins><br \/>\n<script>\n(adsbygoogle = window.adsbygoogle || []).push({});\n<\/script><\/p>\n<p>En el caso de alumnado de Educaci\u00f3n Infantil, por ejemplo, el objetivo que persiguen estos encuentros es acercar la figura de Polic\u00eda Municipal a los m\u00e1s peque\u00f1os, haci\u00e9ndoles ver no s\u00f3lo que son una persona con autoridad a la que hay que atender, sino tambi\u00e9n una persona cercana a la que acudir en caso de necesidad. Es por ello que inciden mucho en aspectos b\u00e1sicos como memorizar el tel\u00e9fono en casos de emergencia o saber reconocer que el uso de las sirenas y las luces de los veh\u00edculos de Polic\u00eda Municipal se debe a una respuesta r\u00e1pida ante un aviso o una urgencia.<\/p>\n<p>En lo que va de a\u00f1o, el Grupo de Educaci\u00f3n C\u00edvica ha realizado 596 actividades, principalmente dirigidas a alumnado de Primaria y Secundaria. No obstante, tambi\u00e9n han impartido charlas a docentes y personas de edad avanzada, a trav\u00e9s de centros de jubilados y otras asociaciones dirigidas a la tercera edad. En total, han sido m\u00e1s de 800 horas de formaci\u00f3n.<br \/>\n<script async src=\"\/\/pagead2.googlesyndication.com\/pagead\/js\/adsbygoogle.js\"><\/script><br \/>\n<!-- Noticias La Guia de Pamplona --><br \/>\n<ins class=\"adsbygoogle\"\nstyle=\"display:block\"\ndata-ad-client=\"ca-pub-6943679897239327\"\ndata-ad-slot=\"7048180777\"\ndata-ad-format=\"auto\"><\/ins><br \/>\n<script>\n(adsbygoogle = window.adsbygoogle || []).push({});\n<\/script><\/p>\n<p>Con esta iniciativa, Polic\u00eda Municipal quiere transmitir desde edades tempranas valores de convivencia, pensamiento cr\u00edtico y autonom\u00eda, y lograr que los ni\u00f1os y ni\u00f1as, j\u00f3venes y adolescentes sepan relacionarse entre ellos y con su entorno, que sepan capaces de percibir riesgos y tomar decisiones. Se trata, como resaltan desde el Grupo de Educaci\u00f3n C\u00edvica de \u201cayudarles a construir su \u2018saber hacer\u2019, su \u2018saber estar\u2019 y su \u2018saber ser\u2019\u201d.<\/p>\n<p>Para ello hacen uso de cuantas herramientas tienen a su alcance. As\u00ed, las charlas van acompa\u00f1adas de v\u00eddeos, m\u00fasica y juegos, para hacer m\u00e1s atractiva la interacci\u00f3n y que, mediante un entorno relajado y l\u00fadico, el alumnado pueda interiorizar la informaci\u00f3n. Adem\u00e1s, los agentes de Polic\u00eda Municipal aprovechan los encuentros con la juventud para generar debates y conversaciones, para que puedan abrirse a plantear sus dudas e inquietudes. En el caso de los m\u00e1s peque\u00f1os, los agentes acuden al centro con el coche patrulla, para que los ni\u00f1os y ni\u00f1as puedan subirse en \u00e9l y vivir una experiencia que les acerque m\u00e1s al cuerpo de Polic\u00eda Municipal.<\/p>\n","protected":false},"excerpt":{"rendered":"<p>Un equipo especializado ofrece formaci\u00f3n desde Educaci\u00f3n Infantil, con el objetivo de acerca la figura de los agentes al alumnado m\u00e1s peque\u00f1o<\/p>\n","protected":false},"author":1,"featured_media":46760,"comment_status":"open","ping_status":"closed","sticky":false,"template":"","format":"standard","meta":{"footnotes":""},"categories":[2],"tags":[],"class_list":["post-46759","post","type-post","status-publish","format-standard","has-post-thumbnail","hentry","category-ayuntamiento-pamplona"],"yoast_head":"<!-- This site is optimized with the Yoast SEO plugin v27.3 - https:\/\/yoast.com\/product\/yoast-seo-wordpress\/ -->\n<title>M\u00e1s de 13.000 escolares han recibido este curso charlas de educaci\u00f3n c\u00edvica por parte de Polic\u00eda Municipal en sus centros educativos<\/title>\n<meta name=\"description\" content=\"Un equipo especializado ofrece formaci\u00f3n desde Educaci\u00f3n Infantil, con el objetivo de acerca la figura de los agentes al alumnado m\u00e1s peque\u00f1o\" \/>\n<meta name=\"robots\" content=\"index, follow, max-snippet:-1, max-image-preview:large, max-video-preview:-1\" \/>\n<link rel=\"canonical\" href=\"https:\/\/www.laguiadepamplona.com\/actualidad\/mas-de-13-000-escolares-han-recibido-este-curso-charlas-de-educacion-civica-por-parte-de-policia-municipal-en-sus-centros-educativos\/\" \/>\n<meta property=\"og:locale\" content=\"es_ES\" \/>\n<meta property=\"og:type\" content=\"article\" \/>\n<meta property=\"og:title\" content=\"M\u00e1s de 13.000 escolares han recibido este curso charlas de educaci\u00f3n c\u00edvica por parte de Polic\u00eda Municipal en sus centros educativos\" \/>\n<meta property=\"og:description\" content=\"Un equipo especializado ofrece formaci\u00f3n desde Educaci\u00f3n Infantil, con el objetivo de acerca la figura de los agentes al alumnado m\u00e1s peque\u00f1o\" \/>\n<meta property=\"og:url\" content=\"https:\/\/www.laguiadepamplona.com\/actualidad\/mas-de-13-000-escolares-han-recibido-este-curso-charlas-de-educacion-civica-por-parte-de-policia-municipal-en-sus-centros-educativos\/\" \/>\n<meta property=\"og:site_name\" content=\"La Gu\u00eda de Pamplona\" \/>\n<meta property=\"article:publisher\" content=\"https:\/\/www.facebook.com\/laguiadepamplonacom-133175176762273\/?ref=hl\" \/>\n<meta property=\"article:published_time\" content=\"2023-05-19T15:13:56+00:00\" \/>\n<meta property=\"og:image\" content=\"https:\/\/www.laguiadepamplona.com\/actualidad\/wp-content\/uploads\/2023\/05\/poli3.webp\" \/>\n\t<meta property=\"og:image:width\" content=\"1722\" \/>\n\t<meta property=\"og:image:height\" content=\"989\" \/>\n\t<meta property=\"og:image:type\" content=\"image\/webp\" \/>\n<meta name=\"author\" content=\"La Gu\u00eda de Pamplona\" \/>\n<meta name=\"twitter:card\" content=\"summary_large_image\" \/>\n<meta name=\"twitter:creator\" content=\"@LaGuiadPamplona\" \/>\n<meta name=\"twitter:site\" content=\"@LaGuiadPamplona\" \/>\n<meta name=\"twitter:label1\" content=\"Escrito por\" \/>\n\t<meta name=\"twitter:data1\" content=\"La Gu\u00eda de Pamplona\" \/>\n\t<meta name=\"twitter:label2\" content=\"Tiempo de lectura\" \/>\n\t<meta name=\"twitter:data2\" content=\"3 minutos\" \/>\n<script type=\"application\/ld+json\" class=\"yoast-schema-graph\">{\"@context\":\"https:\\\/\\\/schema.org\",\"@graph\":[{\"@type\":\"Article\",\"@id\":\"https:\\\/\\\/www.laguiadepamplona.com\\\/actualidad\\\/mas-de-13-000-escolares-han-recibido-este-curso-charlas-de-educacion-civica-por-parte-de-policia-municipal-en-sus-centros-educativos\\\/#article\",\"isPartOf\":{\"@id\":\"https:\\\/\\\/www.laguiadepamplona.com\\\/actualidad\\\/mas-de-13-000-escolares-han-recibido-este-curso-charlas-de-educacion-civica-por-parte-de-policia-municipal-en-sus-centros-educativos\\\/\"},\"author\":{\"name\":\"La Gu\u00eda de Pamplona\",\"@id\":\"https:\\\/\\\/www.laguiadepamplona.com\\\/actualidad\\\/#\\\/schema\\\/person\\\/efe887376f0213d4657c93adc50b1fdb\"},\"headline\":\"M\u00e1s de 13.000 escolares han recibido este curso charlas de educaci\u00f3n c\u00edvica por parte de Polic\u00eda Municipal en sus centros educativos\",\"datePublished\":\"2023-05-19T15:13:56+00:00\",\"mainEntityOfPage\":{\"@id\":\"https:\\\/\\\/www.laguiadepamplona.com\\\/actualidad\\\/mas-de-13-000-escolares-han-recibido-este-curso-charlas-de-educacion-civica-por-parte-de-policia-municipal-en-sus-centros-educativos\\\/\"},\"wordCount\":605,\"commentCount\":0,\"publisher\":{\"@id\":\"https:\\\/\\\/www.laguiadepamplona.com\\\/actualidad\\\/#organization\"},\"image\":{\"@id\":\"https:\\\/\\\/www.laguiadepamplona.com\\\/actualidad\\\/mas-de-13-000-escolares-han-recibido-este-curso-charlas-de-educacion-civica-por-parte-de-policia-municipal-en-sus-centros-educativos\\\/#primaryimage\"},\"thumbnailUrl\":\"https:\\\/\\\/www.laguiadepamplona.com\\\/actualidad\\\/wp-content\\\/uploads\\\/2023\\\/05\\\/poli3.webp\",\"articleSection\":[\"Ayto Pamplona\"],\"inLanguage\":\"es\",\"potentialAction\":[{\"@type\":\"CommentAction\",\"name\":\"Comment\",\"target\":[\"https:\\\/\\\/www.laguiadepamplona.com\\\/actualidad\\\/mas-de-13-000-escolares-han-recibido-este-curso-charlas-de-educacion-civica-por-parte-de-policia-municipal-en-sus-centros-educativos\\\/#respond\"]}]},{\"@type\":\"WebPage\",\"@id\":\"https:\\\/\\\/www.laguiadepamplona.com\\\/actualidad\\\/mas-de-13-000-escolares-han-recibido-este-curso-charlas-de-educacion-civica-por-parte-de-policia-municipal-en-sus-centros-educativos\\\/\",\"url\":\"https:\\\/\\\/www.laguiadepamplona.com\\\/actualidad\\\/mas-de-13-000-escolares-han-recibido-este-curso-charlas-de-educacion-civica-por-parte-de-policia-municipal-en-sus-centros-educativos\\\/\",\"name\":\"M\u00e1s de 13.000 escolares han recibido este curso charlas de educaci\u00f3n c\u00edvica por parte de Polic\u00eda Municipal en sus centros educativos\",\"isPartOf\":{\"@id\":\"https:\\\/\\\/www.laguiadepamplona.com\\\/actualidad\\\/#website\"},\"primaryImageOfPage\":{\"@id\":\"https:\\\/\\\/www.laguiadepamplona.com\\\/actualidad\\\/mas-de-13-000-escolares-han-recibido-este-curso-charlas-de-educacion-civica-por-parte-de-policia-municipal-en-sus-centros-educativos\\\/#primaryimage\"},\"image\":{\"@id\":\"https:\\\/\\\/www.laguiadepamplona.com\\\/actualidad\\\/mas-de-13-000-escolares-han-recibido-este-curso-charlas-de-educacion-civica-por-parte-de-policia-municipal-en-sus-centros-educativos\\\/#primaryimage\"},\"thumbnailUrl\":\"https:\\\/\\\/www.laguiadepamplona.com\\\/actualidad\\\/wp-content\\\/uploads\\\/2023\\\/05\\\/poli3.webp\",\"datePublished\":\"2023-05-19T15:13:56+00:00\",\"description\":\"Un equipo especializado ofrece formaci\u00f3n desde Educaci\u00f3n Infantil, con el objetivo de acerca la figura de los agentes al alumnado m\u00e1s peque\u00f1o\",\"breadcrumb\":{\"@id\":\"https:\\\/\\\/www.laguiadepamplona.com\\\/actualidad\\\/mas-de-13-000-escolares-han-recibido-este-curso-charlas-de-educacion-civica-por-parte-de-policia-municipal-en-sus-centros-educativos\\\/#breadcrumb\"},\"inLanguage\":\"es\",\"potentialAction\":[{\"@type\":\"ReadAction\",\"target\":[\"https:\\\/\\\/www.laguiadepamplona.com\\\/actualidad\\\/mas-de-13-000-escolares-han-recibido-este-curso-charlas-de-educacion-civica-por-parte-de-policia-municipal-en-sus-centros-educativos\\\/\"]}]},{\"@type\":\"ImageObject\",\"inLanguage\":\"es\",\"@id\":\"https:\\\/\\\/www.laguiadepamplona.com\\\/actualidad\\\/mas-de-13-000-escolares-han-recibido-este-curso-charlas-de-educacion-civica-por-parte-de-policia-municipal-en-sus-centros-educativos\\\/#primaryimage\",\"url\":\"https:\\\/\\\/www.laguiadepamplona.com\\\/actualidad\\\/wp-content\\\/uploads\\\/2023\\\/05\\\/poli3.webp\",\"contentUrl\":\"https:\\\/\\\/www.laguiadepamplona.com\\\/actualidad\\\/wp-content\\\/uploads\\\/2023\\\/05\\\/poli3.webp\",\"width\":1722,\"height\":989},{\"@type\":\"BreadcrumbList\",\"@id\":\"https:\\\/\\\/www.laguiadepamplona.com\\\/actualidad\\\/mas-de-13-000-escolares-han-recibido-este-curso-charlas-de-educacion-civica-por-parte-de-policia-municipal-en-sus-centros-educativos\\\/#breadcrumb\",\"itemListElement\":[{\"@type\":\"ListItem\",\"position\":1,\"name\":\"Portada\",\"item\":\"https:\\\/\\\/www.laguiadepamplona.com\\\/actualidad\\\/\"},{\"@type\":\"ListItem\",\"position\":2,\"name\":\"M\u00e1s de 13.000 escolares han recibido este curso charlas de educaci\u00f3n c\u00edvica por parte de Polic\u00eda Municipal en sus centros educativos\"}]},{\"@type\":\"WebSite\",\"@id\":\"https:\\\/\\\/www.laguiadepamplona.com\\\/actualidad\\\/#website\",\"url\":\"https:\\\/\\\/www.laguiadepamplona.com\\\/actualidad\\\/\",\"name\":\"La gu\u00eda de Pamplona\",\"description\":\"Noticias de Pamplona\",\"publisher\":{\"@id\":\"https:\\\/\\\/www.laguiadepamplona.com\\\/actualidad\\\/#organization\"},\"potentialAction\":[{\"@type\":\"SearchAction\",\"target\":{\"@type\":\"EntryPoint\",\"urlTemplate\":\"https:\\\/\\\/www.laguiadepamplona.com\\\/actualidad\\\/?s={search_term_string}\"},\"query-input\":{\"@type\":\"PropertyValueSpecification\",\"valueRequired\":true,\"valueName\":\"search_term_string\"}}],\"inLanguage\":\"es\"},{\"@type\":\"Organization\",\"@id\":\"https:\\\/\\\/www.laguiadepamplona.com\\\/actualidad\\\/#organization\",\"name\":\"La Gu\u00eda de Pamplona \\\/ Noticias\",\"url\":\"https:\\\/\\\/www.laguiadepamplona.com\\\/actualidad\\\/\",\"logo\":{\"@type\":\"ImageObject\",\"inLanguage\":\"es\",\"@id\":\"https:\\\/\\\/www.laguiadepamplona.com\\\/actualidad\\\/#\\\/schema\\\/logo\\\/image\\\/\",\"url\":\"https:\\\/\\\/www.laguiadepamplona.com\\\/actualidad\\\/wp-content\\\/uploads\\\/2018\\\/11\\\/logo-laguiadepamplona18-web1.png\",\"contentUrl\":\"https:\\\/\\\/www.laguiadepamplona.com\\\/actualidad\\\/wp-content\\\/uploads\\\/2018\\\/11\\\/logo-laguiadepamplona18-web1.png\",\"width\":600,\"height\":196,\"caption\":\"La Gu\u00eda de Pamplona \\\/ Noticias\"},\"image\":{\"@id\":\"https:\\\/\\\/www.laguiadepamplona.com\\\/actualidad\\\/#\\\/schema\\\/logo\\\/image\\\/\"},\"sameAs\":[\"https:\\\/\\\/www.facebook.com\\\/laguiadepamplonacom-133175176762273\\\/?ref=hl\",\"https:\\\/\\\/x.com\\\/LaGuiadPamplona\",\"https:\\\/\\\/www.instagram.com\\\/la_guia_de_pamplona\\\/\",\"https:\\\/\\\/www.youtube.com\\\/user\\\/laguiadepamplona\"]},{\"@type\":\"Person\",\"@id\":\"https:\\\/\\\/www.laguiadepamplona.com\\\/actualidad\\\/#\\\/schema\\\/person\\\/efe887376f0213d4657c93adc50b1fdb\",\"name\":\"La Gu\u00eda de Pamplona\",\"image\":{\"@type\":\"ImageObject\",\"inLanguage\":\"es\",\"@id\":\"https:\\\/\\\/secure.gravatar.com\\\/avatar\\\/b6992f131dc8d30ab0dff15446e9d346d9dbd95992de0fef795073f5ea83a81c?s=96&d=mm&r=g\",\"url\":\"https:\\\/\\\/secure.gravatar.com\\\/avatar\\\/b6992f131dc8d30ab0dff15446e9d346d9dbd95992de0fef795073f5ea83a81c?s=96&d=mm&r=g\",\"contentUrl\":\"https:\\\/\\\/secure.gravatar.com\\\/avatar\\\/b6992f131dc8d30ab0dff15446e9d346d9dbd95992de0fef795073f5ea83a81c?s=96&d=mm&r=g\",\"caption\":\"La Gu\u00eda de Pamplona\"}}]}<\/script>\n<!-- \/ Yoast SEO plugin. -->","yoast_head_json":{"title":"M\u00e1s de 13.000 escolares han recibido este curso charlas de educaci\u00f3n c\u00edvica por parte de Polic\u00eda Municipal en sus centros educativos","description":"Un equipo especializado ofrece formaci\u00f3n desde Educaci\u00f3n Infantil, con el objetivo de acerca la figura de los agentes al alumnado m\u00e1s peque\u00f1o","robots":{"index":"index","follow":"follow","max-snippet":"max-snippet:-1","max-image-preview":"max-image-preview:large","max-video-preview":"max-video-preview:-1"},"canonical":"https:\/\/www.laguiadepamplona.com\/actualidad\/mas-de-13-000-escolares-han-recibido-este-curso-charlas-de-educacion-civica-por-parte-de-policia-municipal-en-sus-centros-educativos\/","og_locale":"es_ES","og_type":"article","og_title":"M\u00e1s de 13.000 escolares han recibido este curso charlas de educaci\u00f3n c\u00edvica por parte de Polic\u00eda Municipal en sus centros educativos","og_description":"Un equipo especializado ofrece formaci\u00f3n desde Educaci\u00f3n Infantil, con el objetivo de acerca la figura de los agentes al alumnado m\u00e1s peque\u00f1o","og_url":"https:\/\/www.laguiadepamplona.com\/actualidad\/mas-de-13-000-escolares-han-recibido-este-curso-charlas-de-educacion-civica-por-parte-de-policia-municipal-en-sus-centros-educativos\/","og_site_name":"La Gu\u00eda de Pamplona","article_publisher":"https:\/\/www.facebook.com\/laguiadepamplonacom-133175176762273\/?ref=hl","article_published_time":"2023-05-19T15:13:56+00:00","og_image":[{"width":1722,"height":989,"url":"https:\/\/www.laguiadepamplona.com\/actualidad\/wp-content\/uploads\/2023\/05\/poli3.webp","type":"image\/webp"}],"author":"La Gu\u00eda de Pamplona","twitter_card":"summary_large_image","twitter_creator":"@LaGuiadPamplona","twitter_site":"@LaGuiadPamplona","twitter_misc":{"Escrito por":"La Gu\u00eda de Pamplona","Tiempo de lectura":"3 minutos"},"schema":{"@context":"https:\/\/schema.org","@graph":[{"@type":"Article","@id":"https:\/\/www.laguiadepamplona.com\/actualidad\/mas-de-13-000-escolares-han-recibido-este-curso-charlas-de-educacion-civica-por-parte-de-policia-municipal-en-sus-centros-educativos\/#article","isPartOf":{"@id":"https:\/\/www.laguiadepamplona.com\/actualidad\/mas-de-13-000-escolares-han-recibido-este-curso-charlas-de-educacion-civica-por-parte-de-policia-municipal-en-sus-centros-educativos\/"},"author":{"name":"La Gu\u00eda de Pamplona","@id":"https:\/\/www.laguiadepamplona.com\/actualidad\/#\/schema\/person\/efe887376f0213d4657c93adc50b1fdb"},"headline":"M\u00e1s de 13.000 escolares han recibido este curso charlas de educaci\u00f3n c\u00edvica por parte de Polic\u00eda Municipal en sus centros educativos","datePublished":"2023-05-19T15:13:56+00:00","mainEntityOfPage":{"@id":"https:\/\/www.laguiadepamplona.com\/actualidad\/mas-de-13-000-escolares-han-recibido-este-curso-charlas-de-educacion-civica-por-parte-de-policia-municipal-en-sus-centros-educativos\/"},"wordCount":605,"commentCount":0,"publisher":{"@id":"https:\/\/www.laguiadepamplona.com\/actualidad\/#organization"},"image":{"@id":"https:\/\/www.laguiadepamplona.com\/actualidad\/mas-de-13-000-escolares-han-recibido-este-curso-charlas-de-educacion-civica-por-parte-de-policia-municipal-en-sus-centros-educativos\/#primaryimage"},"thumbnailUrl":"https:\/\/www.laguiadepamplona.com\/actualidad\/wp-content\/uploads\/2023\/05\/poli3.webp","articleSection":["Ayto Pamplona"],"inLanguage":"es","potentialAction":[{"@type":"CommentAction","name":"Comment","target":["https:\/\/www.laguiadepamplona.com\/actualidad\/mas-de-13-000-escolares-han-recibido-este-curso-charlas-de-educacion-civica-por-parte-de-policia-municipal-en-sus-centros-educativos\/#respond"]}]},{"@type":"WebPage","@id":"https:\/\/www.laguiadepamplona.com\/actualidad\/mas-de-13-000-escolares-han-recibido-este-curso-charlas-de-educacion-civica-por-parte-de-policia-municipal-en-sus-centros-educativos\/","url":"https:\/\/www.laguiadepamplona.com\/actualidad\/mas-de-13-000-escolares-han-recibido-este-curso-charlas-de-educacion-civica-por-parte-de-policia-municipal-en-sus-centros-educativos\/","name":"M\u00e1s de 13.000 escolares han recibido este curso charlas de educaci\u00f3n c\u00edvica por parte de Polic\u00eda Municipal en sus centros educativos","isPartOf":{"@id":"https:\/\/www.laguiadepamplona.com\/actualidad\/#website"},"primaryImageOfPage":{"@id":"https:\/\/www.laguiadepamplona.com\/actualidad\/mas-de-13-000-escolares-han-recibido-este-curso-charlas-de-educacion-civica-por-parte-de-policia-municipal-en-sus-centros-educativos\/#primaryimage"},"image":{"@id":"https:\/\/www.laguiadepamplona.com\/actualidad\/mas-de-13-000-escolares-han-recibido-este-curso-charlas-de-educacion-civica-por-parte-de-policia-municipal-en-sus-centros-educativos\/#primaryimage"},"thumbnailUrl":"https:\/\/www.laguiadepamplona.com\/actualidad\/wp-content\/uploads\/2023\/05\/poli3.webp","datePublished":"2023-05-19T15:13:56+00:00","description":"Un equipo especializado ofrece formaci\u00f3n desde Educaci\u00f3n Infantil, con el objetivo de acerca la figura de los agentes al alumnado m\u00e1s peque\u00f1o","breadcrumb":{"@id":"https:\/\/www.laguiadepamplona.com\/actualidad\/mas-de-13-000-escolares-han-recibido-este-curso-charlas-de-educacion-civica-por-parte-de-policia-municipal-en-sus-centros-educativos\/#breadcrumb"},"inLanguage":"es","potentialAction":[{"@type":"ReadAction","target":["https:\/\/www.laguiadepamplona.com\/actualidad\/mas-de-13-000-escolares-han-recibido-este-curso-charlas-de-educacion-civica-por-parte-de-policia-municipal-en-sus-centros-educativos\/"]}]},{"@type":"ImageObject","inLanguage":"es","@id":"https:\/\/www.laguiadepamplona.com\/actualidad\/mas-de-13-000-escolares-han-recibido-este-curso-charlas-de-educacion-civica-por-parte-de-policia-municipal-en-sus-centros-educativos\/#primaryimage","url":"https:\/\/www.laguiadepamplona.com\/actualidad\/wp-content\/uploads\/2023\/05\/poli3.webp","contentUrl":"https:\/\/www.laguiadepamplona.com\/actualidad\/wp-content\/uploads\/2023\/05\/poli3.webp","width":1722,"height":989},{"@type":"BreadcrumbList","@id":"https:\/\/www.laguiadepamplona.com\/actualidad\/mas-de-13-000-escolares-han-recibido-este-curso-charlas-de-educacion-civica-por-parte-de-policia-municipal-en-sus-centros-educativos\/#breadcrumb","itemListElement":[{"@type":"ListItem","position":1,"name":"Portada","item":"https:\/\/www.laguiadepamplona.com\/actualidad\/"},{"@type":"ListItem","position":2,"name":"M\u00e1s de 13.000 escolares han recibido este curso charlas de educaci\u00f3n c\u00edvica por parte de Polic\u00eda Municipal en sus centros educativos"}]},{"@type":"WebSite","@id":"https:\/\/www.laguiadepamplona.com\/actualidad\/#website","url":"https:\/\/www.laguiadepamplona.com\/actualidad\/","name":"La gu\u00eda de Pamplona","description":"Noticias de Pamplona","publisher":{"@id":"https:\/\/www.laguiadepamplona.com\/actualidad\/#organization"},"potentialAction":[{"@type":"SearchAction","target":{"@type":"EntryPoint","urlTemplate":"https:\/\/www.laguiadepamplona.com\/actualidad\/?s={search_term_string}"},"query-input":{"@type":"PropertyValueSpecification","valueRequired":true,"valueName":"search_term_string"}}],"inLanguage":"es"},{"@type":"Organization","@id":"https:\/\/www.laguiadepamplona.com\/actualidad\/#organization","name":"La Gu\u00eda de Pamplona \/ Noticias","url":"https:\/\/www.laguiadepamplona.com\/actualidad\/","logo":{"@type":"ImageObject","inLanguage":"es","@id":"https:\/\/www.laguiadepamplona.com\/actualidad\/#\/schema\/logo\/image\/","url":"https:\/\/www.laguiadepamplona.com\/actualidad\/wp-content\/uploads\/2018\/11\/logo-laguiadepamplona18-web1.png","contentUrl":"https:\/\/www.laguiadepamplona.com\/actualidad\/wp-content\/uploads\/2018\/11\/logo-laguiadepamplona18-web1.png","width":600,"height":196,"caption":"La Gu\u00eda de Pamplona \/ Noticias"},"image":{"@id":"https:\/\/www.laguiadepamplona.com\/actualidad\/#\/schema\/logo\/image\/"},"sameAs":["https:\/\/www.facebook.com\/laguiadepamplonacom-133175176762273\/?ref=hl","https:\/\/x.com\/LaGuiadPamplona","https:\/\/www.instagram.com\/la_guia_de_pamplona\/","https:\/\/www.youtube.com\/user\/laguiadepamplona"]},{"@type":"Person","@id":"https:\/\/www.laguiadepamplona.com\/actualidad\/#\/schema\/person\/efe887376f0213d4657c93adc50b1fdb","name":"La Gu\u00eda de Pamplona","image":{"@type":"ImageObject","inLanguage":"es","@id":"https:\/\/secure.gravatar.com\/avatar\/b6992f131dc8d30ab0dff15446e9d346d9dbd95992de0fef795073f5ea83a81c?s=96&d=mm&r=g","url":"https:\/\/secure.gravatar.com\/avatar\/b6992f131dc8d30ab0dff15446e9d346d9dbd95992de0fef795073f5ea83a81c?s=96&d=mm&r=g","contentUrl":"https:\/\/secure.gravatar.com\/avatar\/b6992f131dc8d30ab0dff15446e9d346d9dbd95992de0fef795073f5ea83a81c?s=96&d=mm&r=g","caption":"La Gu\u00eda de Pamplona"}}]}},"post_mailing_queue_ids":[],"_links":{"self":[{"href":"https:\/\/www.laguiadepamplona.com\/actualidad\/wp-json\/wp\/v2\/posts\/46759","targetHints":{"allow":["GET"]}}],"collection":[{"href":"https:\/\/www.laguiadepamplona.com\/actualidad\/wp-json\/wp\/v2\/posts"}],"about":[{"href":"https:\/\/www.laguiadepamplona.com\/actualidad\/wp-json\/wp\/v2\/types\/post"}],"author":[{"embeddable":true,"href":"https:\/\/www.laguiadepamplona.com\/actualidad\/wp-json\/wp\/v2\/users\/1"}],"replies":[{"embeddable":true,"href":"https:\/\/www.laguiadepamplona.com\/actualidad\/wp-json\/wp\/v2\/comments?post=46759"}],"version-history":[{"count":1,"href":"https:\/\/www.laguiadepamplona.com\/actualidad\/wp-json\/wp\/v2\/posts\/46759\/revisions"}],"predecessor-version":[{"id":46761,"href":"https:\/\/www.laguiadepamplona.com\/actualidad\/wp-json\/wp\/v2\/posts\/46759\/revisions\/46761"}],"wp:featuredmedia":[{"embeddable":true,"href":"https:\/\/www.laguiadepamplona.com\/actualidad\/wp-json\/wp\/v2\/media\/46760"}],"wp:attachment":[{"href":"https:\/\/www.laguiadepamplona.com\/actualidad\/wp-json\/wp\/v2\/media?parent=46759"}],"wp:term":[{"taxonomy":"category","embeddable":true,"href":"https:\/\/www.laguiadepamplona.com\/actualidad\/wp-json\/wp\/v2\/categories?post=46759"},{"taxonomy":"post_tag","embeddable":true,"href":"https:\/\/www.laguiadepamplona.com\/actualidad\/wp-json\/wp\/v2\/tags?post=46759"}],"curies":[{"name":"wp","href":"https:\/\/api.w.org\/{rel}","templated":true}]}}