{"id":46754,"date":"2023-05-19T17:10:33","date_gmt":"2023-05-19T15:10:33","guid":{"rendered":"https:\/\/www.laguiadepamplona.com\/actualidad\/?p=46754"},"modified":"2023-05-19T17:10:41","modified_gmt":"2023-05-19T15:10:41","slug":"el-ayuntamiento-de-pamplona-convoca-las-subvenciones-destinadas-a-la-participacion-de-las-penas-en-las-fiestas-de-san-fermin","status":"publish","type":"post","link":"https:\/\/www.laguiadepamplona.com\/actualidad\/el-ayuntamiento-de-pamplona-convoca-las-subvenciones-destinadas-a-la-participacion-de-las-penas-en-las-fiestas-de-san-fermin\/","title":{"rendered":"El Ayuntamiento de Pamplona convoca las subvenciones destinadas a la participaci\u00f3n de las pe\u00f1as en las fiestas de San Ferm\u00edn"},"content":{"rendered":"<h3>La convocatoria cuenta con un presupuesto de 81.750 euros y busca fomentar el desarrollo de actividades que intensifiquen el ambiente festivo<\/h3>\n<p><!--more--><\/p>\n<p>El Ayuntamiento de Pamplona repartir\u00e1 81.750 euros en una convocatoria de subvenciones a la participaci\u00f3n de las pe\u00f1as en las pr\u00f3ximas fiestas de San Ferm\u00edn. La convocatoria tiene la finalidad de fomentar el desarrollo de actividades organizadas por las pe\u00f1as del 6 a 14 de julio, que intensifiquen el ambiente festivo de la ciudad. Esas actividades subvencionadas deber\u00e1n tener car\u00e1cter abierto y celebrarse en la calle.<\/p>\n<p>Las solicitudes deben presentarse telem\u00e1ticamente a trav\u00e9s del registro electr\u00f3nico del Ayuntamiento de Pamplona en la direcci\u00f3n <a href=\"https:\/\/sedeelectronica.pamplona.es\" target=\"_blank\" rel=\"noopener\">https:\/\/sedeelectronica.pamplona.es<\/a>. El plazo de solicitudes finaliza el 12 de junio.\u00a0 La convocatoria establece una serie de requisitos para concurrir a estas subvenciones. Las actividades objeto de ayuda deben estar organizadas por asociaciones constituidas como pe\u00f1as e inscritas en el registro correspondiente. Deben tener, adem\u00e1s, domicilio fiscal y social en Pamplona, carecer de fines de lucro y recoger en sus estatutos, entre sus objetivos, la realizaci\u00f3n de actividades relacionadas con el objeto de esta convocatoria. Asimismo, deben estar adaptadas a la Ley Org\u00e1nica 1\/2002, de 22 de marzo, reguladora del derecho de asociaci\u00f3n, estar inscritas en el registro municipal de Asociaciones y no estar incluidas en otras l\u00edneas de ayuda del Ayuntamiento de Pamplona por este concepto.<br \/>\n<script async src=\"\/\/pagead2.googlesyndication.com\/pagead\/js\/adsbygoogle.js\"><\/script><br \/>\n<!-- Noticias La Guia de Pamplona --><br \/>\n<ins class=\"adsbygoogle\"\nstyle=\"display:block\"\ndata-ad-client=\"ca-pub-6943679897239327\"\ndata-ad-slot=\"7048180777\"\ndata-ad-format=\"auto\"><\/ins><br \/>\n<script>\n(adsbygoogle = window.adsbygoogle || []).push({});\n<\/script><\/p>\n<p>Se consideran subvencionables los gastos de la charanga que se contrate durante las fiestas de San Ferm\u00edn para participar en las distintas actividades (honorarios, desplazamientos, alojamiento y\/o manutenci\u00f3n); los gastos de los derechos de autor ocasionados por la m\u00fasica que se interprete en las actividades programadas de cada pe\u00f1a; los gastos ocasionados por el uso de autobuses o cualquier otro medio de transporte colectivo para los desplazamientos de la pe\u00f1a en la realizaci\u00f3n de las actividades subvencionadas; los gastos de la confecci\u00f3n de la pancarta de la pe\u00f1a; los gastos de contrataci\u00f3n de actividades infantiles u otras actuaciones que se realicen en la calle y con car\u00e1cter abierto y gratuito; y los gastos originados por la difusi\u00f3n de estas actividades.<\/p>\n<p>Las bases de la convocatoria se pueden consultar en la web municipal, <a href=\"http:\/\/www.pamplona.es\" target=\"_blank\" rel=\"noopener\">www.pamplona.es<\/a>, en el apartado de \u2018<a href=\"https:\/\/sedeelectronica.pamplona.es\/FichaTramite.aspx?id=PL3000052&amp;idioma=1\" target=\"_blank\" rel=\"noopener\">Tr\u00e1mites y licitaciones<\/a>\u2019. La convocatoria se public\u00f3 en el Bolet\u00edn Oficial de Navarra n\u00famero 99 de 11 de mayo.<\/p>\n","protected":false},"excerpt":{"rendered":"<p>La convocatoria cuenta con un presupuesto de 81.750 euros y busca fomentar el desarrollo de actividades que intensifiquen el ambiente festivo<\/p>\n","protected":false},"author":1,"featured_media":46755,"comment_status":"open","ping_status":"closed","sticky":false,"template":"","format":"standard","meta":{"footnotes":""},"categories":[2,9406],"tags":[],"class_list":["post-46754","post","type-post","status-publish","format-standard","has-post-thumbnail","hentry","category-ayuntamiento-pamplona","category-san-fermin"],"yoast_head":"<!-- This site is optimized with the Yoast SEO plugin v27.3 - https:\/\/yoast.com\/product\/yoast-seo-wordpress\/ -->\n<title>El Ayuntamiento de Pamplona convoca las subvenciones destinadas a la participaci\u00f3n de las pe\u00f1as en las fiestas de San Ferm\u00edn<\/title>\n<meta name=\"description\" content=\"La convocatoria cuenta con un presupuesto de 81.750 euros y busca fomentar el desarrollo de actividades que intensifiquen el ambiente festivo\" \/>\n<meta name=\"robots\" content=\"index, follow, max-snippet:-1, max-image-preview:large, max-video-preview:-1\" \/>\n<link rel=\"canonical\" href=\"https:\/\/www.laguiadepamplona.com\/actualidad\/el-ayuntamiento-de-pamplona-convoca-las-subvenciones-destinadas-a-la-participacion-de-las-penas-en-las-fiestas-de-san-fermin\/\" \/>\n<meta property=\"og:locale\" content=\"es_ES\" \/>\n<meta property=\"og:type\" content=\"article\" \/>\n<meta property=\"og:title\" content=\"El Ayuntamiento de Pamplona convoca las subvenciones destinadas a la participaci\u00f3n de las pe\u00f1as en las fiestas de San Ferm\u00edn\" \/>\n<meta property=\"og:description\" content=\"La convocatoria cuenta con un presupuesto de 81.750 euros y busca fomentar el desarrollo de actividades que intensifiquen el ambiente festivo\" \/>\n<meta property=\"og:url\" content=\"https:\/\/www.laguiadepamplona.com\/actualidad\/el-ayuntamiento-de-pamplona-convoca-las-subvenciones-destinadas-a-la-participacion-de-las-penas-en-las-fiestas-de-san-fermin\/\" \/>\n<meta property=\"og:site_name\" content=\"La Gu\u00eda de Pamplona\" \/>\n<meta property=\"article:publisher\" content=\"https:\/\/www.facebook.com\/laguiadepamplonacom-133175176762273\/?ref=hl\" \/>\n<meta property=\"article:published_time\" content=\"2023-05-19T15:10:33+00:00\" \/>\n<meta property=\"article:modified_time\" content=\"2023-05-19T15:10:41+00:00\" \/>\n<meta property=\"og:image\" content=\"https:\/\/www.laguiadepamplona.com\/actualidad\/wp-content\/uploads\/2023\/05\/penas-sanfermines.webp\" \/>\n\t<meta property=\"og:image:width\" content=\"1920\" \/>\n\t<meta property=\"og:image:height\" content=\"1280\" \/>\n\t<meta property=\"og:image:type\" content=\"image\/webp\" \/>\n<meta name=\"author\" content=\"La Gu\u00eda de Pamplona\" \/>\n<meta name=\"twitter:card\" content=\"summary_large_image\" \/>\n<meta name=\"twitter:creator\" content=\"@LaGuiadPamplona\" \/>\n<meta name=\"twitter:site\" content=\"@LaGuiadPamplona\" \/>\n<meta name=\"twitter:label1\" content=\"Escrito por\" \/>\n\t<meta name=\"twitter:data1\" content=\"La Gu\u00eda de Pamplona\" \/>\n\t<meta name=\"twitter:label2\" content=\"Tiempo de lectura\" \/>\n\t<meta name=\"twitter:data2\" content=\"2 minutos\" \/>\n<script type=\"application\/ld+json\" class=\"yoast-schema-graph\">{\"@context\":\"https:\\\/\\\/schema.org\",\"@graph\":[{\"@type\":\"Article\",\"@id\":\"https:\\\/\\\/www.laguiadepamplona.com\\\/actualidad\\\/el-ayuntamiento-de-pamplona-convoca-las-subvenciones-destinadas-a-la-participacion-de-las-penas-en-las-fiestas-de-san-fermin\\\/#article\",\"isPartOf\":{\"@id\":\"https:\\\/\\\/www.laguiadepamplona.com\\\/actualidad\\\/el-ayuntamiento-de-pamplona-convoca-las-subvenciones-destinadas-a-la-participacion-de-las-penas-en-las-fiestas-de-san-fermin\\\/\"},\"author\":{\"name\":\"La Gu\u00eda de Pamplona\",\"@id\":\"https:\\\/\\\/www.laguiadepamplona.com\\\/actualidad\\\/#\\\/schema\\\/person\\\/efe887376f0213d4657c93adc50b1fdb\"},\"headline\":\"El Ayuntamiento de Pamplona convoca las subvenciones destinadas a la participaci\u00f3n de las pe\u00f1as en las fiestas de San Ferm\u00edn\",\"datePublished\":\"2023-05-19T15:10:33+00:00\",\"dateModified\":\"2023-05-19T15:10:41+00:00\",\"mainEntityOfPage\":{\"@id\":\"https:\\\/\\\/www.laguiadepamplona.com\\\/actualidad\\\/el-ayuntamiento-de-pamplona-convoca-las-subvenciones-destinadas-a-la-participacion-de-las-penas-en-las-fiestas-de-san-fermin\\\/\"},\"wordCount\":427,\"commentCount\":0,\"publisher\":{\"@id\":\"https:\\\/\\\/www.laguiadepamplona.com\\\/actualidad\\\/#organization\"},\"image\":{\"@id\":\"https:\\\/\\\/www.laguiadepamplona.com\\\/actualidad\\\/el-ayuntamiento-de-pamplona-convoca-las-subvenciones-destinadas-a-la-participacion-de-las-penas-en-las-fiestas-de-san-fermin\\\/#primaryimage\"},\"thumbnailUrl\":\"https:\\\/\\\/www.laguiadepamplona.com\\\/actualidad\\\/wp-content\\\/uploads\\\/2023\\\/05\\\/penas-sanfermines.webp\",\"articleSection\":[\"Ayto Pamplona\",\"San Ferm\u00edn\"],\"inLanguage\":\"es\",\"potentialAction\":[{\"@type\":\"CommentAction\",\"name\":\"Comment\",\"target\":[\"https:\\\/\\\/www.laguiadepamplona.com\\\/actualidad\\\/el-ayuntamiento-de-pamplona-convoca-las-subvenciones-destinadas-a-la-participacion-de-las-penas-en-las-fiestas-de-san-fermin\\\/#respond\"]}]},{\"@type\":\"WebPage\",\"@id\":\"https:\\\/\\\/www.laguiadepamplona.com\\\/actualidad\\\/el-ayuntamiento-de-pamplona-convoca-las-subvenciones-destinadas-a-la-participacion-de-las-penas-en-las-fiestas-de-san-fermin\\\/\",\"url\":\"https:\\\/\\\/www.laguiadepamplona.com\\\/actualidad\\\/el-ayuntamiento-de-pamplona-convoca-las-subvenciones-destinadas-a-la-participacion-de-las-penas-en-las-fiestas-de-san-fermin\\\/\",\"name\":\"El Ayuntamiento de Pamplona convoca las subvenciones destinadas a la participaci\u00f3n de las pe\u00f1as en las fiestas de San Ferm\u00edn\",\"isPartOf\":{\"@id\":\"https:\\\/\\\/www.laguiadepamplona.com\\\/actualidad\\\/#website\"},\"primaryImageOfPage\":{\"@id\":\"https:\\\/\\\/www.laguiadepamplona.com\\\/actualidad\\\/el-ayuntamiento-de-pamplona-convoca-las-subvenciones-destinadas-a-la-participacion-de-las-penas-en-las-fiestas-de-san-fermin\\\/#primaryimage\"},\"image\":{\"@id\":\"https:\\\/\\\/www.laguiadepamplona.com\\\/actualidad\\\/el-ayuntamiento-de-pamplona-convoca-las-subvenciones-destinadas-a-la-participacion-de-las-penas-en-las-fiestas-de-san-fermin\\\/#primaryimage\"},\"thumbnailUrl\":\"https:\\\/\\\/www.laguiadepamplona.com\\\/actualidad\\\/wp-content\\\/uploads\\\/2023\\\/05\\\/penas-sanfermines.webp\",\"datePublished\":\"2023-05-19T15:10:33+00:00\",\"dateModified\":\"2023-05-19T15:10:41+00:00\",\"description\":\"La convocatoria cuenta con un presupuesto de 81.750 euros y busca fomentar el desarrollo de actividades que intensifiquen el ambiente festivo\",\"breadcrumb\":{\"@id\":\"https:\\\/\\\/www.laguiadepamplona.com\\\/actualidad\\\/el-ayuntamiento-de-pamplona-convoca-las-subvenciones-destinadas-a-la-participacion-de-las-penas-en-las-fiestas-de-san-fermin\\\/#breadcrumb\"},\"inLanguage\":\"es\",\"potentialAction\":[{\"@type\":\"ReadAction\",\"target\":[\"https:\\\/\\\/www.laguiadepamplona.com\\\/actualidad\\\/el-ayuntamiento-de-pamplona-convoca-las-subvenciones-destinadas-a-la-participacion-de-las-penas-en-las-fiestas-de-san-fermin\\\/\"]}]},{\"@type\":\"ImageObject\",\"inLanguage\":\"es\",\"@id\":\"https:\\\/\\\/www.laguiadepamplona.com\\\/actualidad\\\/el-ayuntamiento-de-pamplona-convoca-las-subvenciones-destinadas-a-la-participacion-de-las-penas-en-las-fiestas-de-san-fermin\\\/#primaryimage\",\"url\":\"https:\\\/\\\/www.laguiadepamplona.com\\\/actualidad\\\/wp-content\\\/uploads\\\/2023\\\/05\\\/penas-sanfermines.webp\",\"contentUrl\":\"https:\\\/\\\/www.laguiadepamplona.com\\\/actualidad\\\/wp-content\\\/uploads\\\/2023\\\/05\\\/penas-sanfermines.webp\",\"width\":1920,\"height\":1280},{\"@type\":\"BreadcrumbList\",\"@id\":\"https:\\\/\\\/www.laguiadepamplona.com\\\/actualidad\\\/el-ayuntamiento-de-pamplona-convoca-las-subvenciones-destinadas-a-la-participacion-de-las-penas-en-las-fiestas-de-san-fermin\\\/#breadcrumb\",\"itemListElement\":[{\"@type\":\"ListItem\",\"position\":1,\"name\":\"Portada\",\"item\":\"https:\\\/\\\/www.laguiadepamplona.com\\\/actualidad\\\/\"},{\"@type\":\"ListItem\",\"position\":2,\"name\":\"El Ayuntamiento de Pamplona convoca las subvenciones destinadas a la participaci\u00f3n de las pe\u00f1as en las fiestas de San Ferm\u00edn\"}]},{\"@type\":\"WebSite\",\"@id\":\"https:\\\/\\\/www.laguiadepamplona.com\\\/actualidad\\\/#website\",\"url\":\"https:\\\/\\\/www.laguiadepamplona.com\\\/actualidad\\\/\",\"name\":\"La gu\u00eda de Pamplona\",\"description\":\"Noticias de Pamplona\",\"publisher\":{\"@id\":\"https:\\\/\\\/www.laguiadepamplona.com\\\/actualidad\\\/#organization\"},\"potentialAction\":[{\"@type\":\"SearchAction\",\"target\":{\"@type\":\"EntryPoint\",\"urlTemplate\":\"https:\\\/\\\/www.laguiadepamplona.com\\\/actualidad\\\/?s={search_term_string}\"},\"query-input\":{\"@type\":\"PropertyValueSpecification\",\"valueRequired\":true,\"valueName\":\"search_term_string\"}}],\"inLanguage\":\"es\"},{\"@type\":\"Organization\",\"@id\":\"https:\\\/\\\/www.laguiadepamplona.com\\\/actualidad\\\/#organization\",\"name\":\"La Gu\u00eda de Pamplona \\\/ Noticias\",\"url\":\"https:\\\/\\\/www.laguiadepamplona.com\\\/actualidad\\\/\",\"logo\":{\"@type\":\"ImageObject\",\"inLanguage\":\"es\",\"@id\":\"https:\\\/\\\/www.laguiadepamplona.com\\\/actualidad\\\/#\\\/schema\\\/logo\\\/image\\\/\",\"url\":\"https:\\\/\\\/www.laguiadepamplona.com\\\/actualidad\\\/wp-content\\\/uploads\\\/2018\\\/11\\\/logo-laguiadepamplona18-web1.png\",\"contentUrl\":\"https:\\\/\\\/www.laguiadepamplona.com\\\/actualidad\\\/wp-content\\\/uploads\\\/2018\\\/11\\\/logo-laguiadepamplona18-web1.png\",\"width\":600,\"height\":196,\"caption\":\"La Gu\u00eda de Pamplona \\\/ Noticias\"},\"image\":{\"@id\":\"https:\\\/\\\/www.laguiadepamplona.com\\\/actualidad\\\/#\\\/schema\\\/logo\\\/image\\\/\"},\"sameAs\":[\"https:\\\/\\\/www.facebook.com\\\/laguiadepamplonacom-133175176762273\\\/?ref=hl\",\"https:\\\/\\\/x.com\\\/LaGuiadPamplona\",\"https:\\\/\\\/www.instagram.com\\\/la_guia_de_pamplona\\\/\",\"https:\\\/\\\/www.youtube.com\\\/user\\\/laguiadepamplona\"]},{\"@type\":\"Person\",\"@id\":\"https:\\\/\\\/www.laguiadepamplona.com\\\/actualidad\\\/#\\\/schema\\\/person\\\/efe887376f0213d4657c93adc50b1fdb\",\"name\":\"La Gu\u00eda de Pamplona\",\"image\":{\"@type\":\"ImageObject\",\"inLanguage\":\"es\",\"@id\":\"https:\\\/\\\/secure.gravatar.com\\\/avatar\\\/b6992f131dc8d30ab0dff15446e9d346d9dbd95992de0fef795073f5ea83a81c?s=96&d=mm&r=g\",\"url\":\"https:\\\/\\\/secure.gravatar.com\\\/avatar\\\/b6992f131dc8d30ab0dff15446e9d346d9dbd95992de0fef795073f5ea83a81c?s=96&d=mm&r=g\",\"contentUrl\":\"https:\\\/\\\/secure.gravatar.com\\\/avatar\\\/b6992f131dc8d30ab0dff15446e9d346d9dbd95992de0fef795073f5ea83a81c?s=96&d=mm&r=g\",\"caption\":\"La Gu\u00eda de Pamplona\"}}]}<\/script>\n<!-- \/ Yoast SEO plugin. -->","yoast_head_json":{"title":"El Ayuntamiento de Pamplona convoca las subvenciones destinadas a la participaci\u00f3n de las pe\u00f1as en las fiestas de San Ferm\u00edn","description":"La convocatoria cuenta con un presupuesto de 81.750 euros y busca fomentar el desarrollo de actividades que intensifiquen el ambiente festivo","robots":{"index":"index","follow":"follow","max-snippet":"max-snippet:-1","max-image-preview":"max-image-preview:large","max-video-preview":"max-video-preview:-1"},"canonical":"https:\/\/www.laguiadepamplona.com\/actualidad\/el-ayuntamiento-de-pamplona-convoca-las-subvenciones-destinadas-a-la-participacion-de-las-penas-en-las-fiestas-de-san-fermin\/","og_locale":"es_ES","og_type":"article","og_title":"El Ayuntamiento de Pamplona convoca las subvenciones destinadas a la participaci\u00f3n de las pe\u00f1as en las fiestas de San Ferm\u00edn","og_description":"La convocatoria cuenta con un presupuesto de 81.750 euros y busca fomentar el desarrollo de actividades que intensifiquen el ambiente festivo","og_url":"https:\/\/www.laguiadepamplona.com\/actualidad\/el-ayuntamiento-de-pamplona-convoca-las-subvenciones-destinadas-a-la-participacion-de-las-penas-en-las-fiestas-de-san-fermin\/","og_site_name":"La Gu\u00eda de Pamplona","article_publisher":"https:\/\/www.facebook.com\/laguiadepamplonacom-133175176762273\/?ref=hl","article_published_time":"2023-05-19T15:10:33+00:00","article_modified_time":"2023-05-19T15:10:41+00:00","og_image":[{"width":1920,"height":1280,"url":"https:\/\/www.laguiadepamplona.com\/actualidad\/wp-content\/uploads\/2023\/05\/penas-sanfermines.webp","type":"image\/webp"}],"author":"La Gu\u00eda de Pamplona","twitter_card":"summary_large_image","twitter_creator":"@LaGuiadPamplona","twitter_site":"@LaGuiadPamplona","twitter_misc":{"Escrito por":"La Gu\u00eda de Pamplona","Tiempo de lectura":"2 minutos"},"schema":{"@context":"https:\/\/schema.org","@graph":[{"@type":"Article","@id":"https:\/\/www.laguiadepamplona.com\/actualidad\/el-ayuntamiento-de-pamplona-convoca-las-subvenciones-destinadas-a-la-participacion-de-las-penas-en-las-fiestas-de-san-fermin\/#article","isPartOf":{"@id":"https:\/\/www.laguiadepamplona.com\/actualidad\/el-ayuntamiento-de-pamplona-convoca-las-subvenciones-destinadas-a-la-participacion-de-las-penas-en-las-fiestas-de-san-fermin\/"},"author":{"name":"La Gu\u00eda de Pamplona","@id":"https:\/\/www.laguiadepamplona.com\/actualidad\/#\/schema\/person\/efe887376f0213d4657c93adc50b1fdb"},"headline":"El Ayuntamiento de Pamplona convoca las subvenciones destinadas a la participaci\u00f3n de las pe\u00f1as en las fiestas de San Ferm\u00edn","datePublished":"2023-05-19T15:10:33+00:00","dateModified":"2023-05-19T15:10:41+00:00","mainEntityOfPage":{"@id":"https:\/\/www.laguiadepamplona.com\/actualidad\/el-ayuntamiento-de-pamplona-convoca-las-subvenciones-destinadas-a-la-participacion-de-las-penas-en-las-fiestas-de-san-fermin\/"},"wordCount":427,"commentCount":0,"publisher":{"@id":"https:\/\/www.laguiadepamplona.com\/actualidad\/#organization"},"image":{"@id":"https:\/\/www.laguiadepamplona.com\/actualidad\/el-ayuntamiento-de-pamplona-convoca-las-subvenciones-destinadas-a-la-participacion-de-las-penas-en-las-fiestas-de-san-fermin\/#primaryimage"},"thumbnailUrl":"https:\/\/www.laguiadepamplona.com\/actualidad\/wp-content\/uploads\/2023\/05\/penas-sanfermines.webp","articleSection":["Ayto Pamplona","San Ferm\u00edn"],"inLanguage":"es","potentialAction":[{"@type":"CommentAction","name":"Comment","target":["https:\/\/www.laguiadepamplona.com\/actualidad\/el-ayuntamiento-de-pamplona-convoca-las-subvenciones-destinadas-a-la-participacion-de-las-penas-en-las-fiestas-de-san-fermin\/#respond"]}]},{"@type":"WebPage","@id":"https:\/\/www.laguiadepamplona.com\/actualidad\/el-ayuntamiento-de-pamplona-convoca-las-subvenciones-destinadas-a-la-participacion-de-las-penas-en-las-fiestas-de-san-fermin\/","url":"https:\/\/www.laguiadepamplona.com\/actualidad\/el-ayuntamiento-de-pamplona-convoca-las-subvenciones-destinadas-a-la-participacion-de-las-penas-en-las-fiestas-de-san-fermin\/","name":"El Ayuntamiento de Pamplona convoca las subvenciones destinadas a la participaci\u00f3n de las pe\u00f1as en las fiestas de San Ferm\u00edn","isPartOf":{"@id":"https:\/\/www.laguiadepamplona.com\/actualidad\/#website"},"primaryImageOfPage":{"@id":"https:\/\/www.laguiadepamplona.com\/actualidad\/el-ayuntamiento-de-pamplona-convoca-las-subvenciones-destinadas-a-la-participacion-de-las-penas-en-las-fiestas-de-san-fermin\/#primaryimage"},"image":{"@id":"https:\/\/www.laguiadepamplona.com\/actualidad\/el-ayuntamiento-de-pamplona-convoca-las-subvenciones-destinadas-a-la-participacion-de-las-penas-en-las-fiestas-de-san-fermin\/#primaryimage"},"thumbnailUrl":"https:\/\/www.laguiadepamplona.com\/actualidad\/wp-content\/uploads\/2023\/05\/penas-sanfermines.webp","datePublished":"2023-05-19T15:10:33+00:00","dateModified":"2023-05-19T15:10:41+00:00","description":"La convocatoria cuenta con un presupuesto de 81.750 euros y busca fomentar el desarrollo de actividades que intensifiquen el ambiente festivo","breadcrumb":{"@id":"https:\/\/www.laguiadepamplona.com\/actualidad\/el-ayuntamiento-de-pamplona-convoca-las-subvenciones-destinadas-a-la-participacion-de-las-penas-en-las-fiestas-de-san-fermin\/#breadcrumb"},"inLanguage":"es","potentialAction":[{"@type":"ReadAction","target":["https:\/\/www.laguiadepamplona.com\/actualidad\/el-ayuntamiento-de-pamplona-convoca-las-subvenciones-destinadas-a-la-participacion-de-las-penas-en-las-fiestas-de-san-fermin\/"]}]},{"@type":"ImageObject","inLanguage":"es","@id":"https:\/\/www.laguiadepamplona.com\/actualidad\/el-ayuntamiento-de-pamplona-convoca-las-subvenciones-destinadas-a-la-participacion-de-las-penas-en-las-fiestas-de-san-fermin\/#primaryimage","url":"https:\/\/www.laguiadepamplona.com\/actualidad\/wp-content\/uploads\/2023\/05\/penas-sanfermines.webp","contentUrl":"https:\/\/www.laguiadepamplona.com\/actualidad\/wp-content\/uploads\/2023\/05\/penas-sanfermines.webp","width":1920,"height":1280},{"@type":"BreadcrumbList","@id":"https:\/\/www.laguiadepamplona.com\/actualidad\/el-ayuntamiento-de-pamplona-convoca-las-subvenciones-destinadas-a-la-participacion-de-las-penas-en-las-fiestas-de-san-fermin\/#breadcrumb","itemListElement":[{"@type":"ListItem","position":1,"name":"Portada","item":"https:\/\/www.laguiadepamplona.com\/actualidad\/"},{"@type":"ListItem","position":2,"name":"El Ayuntamiento de Pamplona convoca las subvenciones destinadas a la participaci\u00f3n de las pe\u00f1as en las fiestas de San Ferm\u00edn"}]},{"@type":"WebSite","@id":"https:\/\/www.laguiadepamplona.com\/actualidad\/#website","url":"https:\/\/www.laguiadepamplona.com\/actualidad\/","name":"La gu\u00eda de Pamplona","description":"Noticias de Pamplona","publisher":{"@id":"https:\/\/www.laguiadepamplona.com\/actualidad\/#organization"},"potentialAction":[{"@type":"SearchAction","target":{"@type":"EntryPoint","urlTemplate":"https:\/\/www.laguiadepamplona.com\/actualidad\/?s={search_term_string}"},"query-input":{"@type":"PropertyValueSpecification","valueRequired":true,"valueName":"search_term_string"}}],"inLanguage":"es"},{"@type":"Organization","@id":"https:\/\/www.laguiadepamplona.com\/actualidad\/#organization","name":"La Gu\u00eda de Pamplona \/ Noticias","url":"https:\/\/www.laguiadepamplona.com\/actualidad\/","logo":{"@type":"ImageObject","inLanguage":"es","@id":"https:\/\/www.laguiadepamplona.com\/actualidad\/#\/schema\/logo\/image\/","url":"https:\/\/www.laguiadepamplona.com\/actualidad\/wp-content\/uploads\/2018\/11\/logo-laguiadepamplona18-web1.png","contentUrl":"https:\/\/www.laguiadepamplona.com\/actualidad\/wp-content\/uploads\/2018\/11\/logo-laguiadepamplona18-web1.png","width":600,"height":196,"caption":"La Gu\u00eda de Pamplona \/ Noticias"},"image":{"@id":"https:\/\/www.laguiadepamplona.com\/actualidad\/#\/schema\/logo\/image\/"},"sameAs":["https:\/\/www.facebook.com\/laguiadepamplonacom-133175176762273\/?ref=hl","https:\/\/x.com\/LaGuiadPamplona","https:\/\/www.instagram.com\/la_guia_de_pamplona\/","https:\/\/www.youtube.com\/user\/laguiadepamplona"]},{"@type":"Person","@id":"https:\/\/www.laguiadepamplona.com\/actualidad\/#\/schema\/person\/efe887376f0213d4657c93adc50b1fdb","name":"La Gu\u00eda de Pamplona","image":{"@type":"ImageObject","inLanguage":"es","@id":"https:\/\/secure.gravatar.com\/avatar\/b6992f131dc8d30ab0dff15446e9d346d9dbd95992de0fef795073f5ea83a81c?s=96&d=mm&r=g","url":"https:\/\/secure.gravatar.com\/avatar\/b6992f131dc8d30ab0dff15446e9d346d9dbd95992de0fef795073f5ea83a81c?s=96&d=mm&r=g","contentUrl":"https:\/\/secure.gravatar.com\/avatar\/b6992f131dc8d30ab0dff15446e9d346d9dbd95992de0fef795073f5ea83a81c?s=96&d=mm&r=g","caption":"La Gu\u00eda de Pamplona"}}]}},"post_mailing_queue_ids":[],"_links":{"self":[{"href":"https:\/\/www.laguiadepamplona.com\/actualidad\/wp-json\/wp\/v2\/posts\/46754","targetHints":{"allow":["GET"]}}],"collection":[{"href":"https:\/\/www.laguiadepamplona.com\/actualidad\/wp-json\/wp\/v2\/posts"}],"about":[{"href":"https:\/\/www.laguiadepamplona.com\/actualidad\/wp-json\/wp\/v2\/types\/post"}],"author":[{"embeddable":true,"href":"https:\/\/www.laguiadepamplona.com\/actualidad\/wp-json\/wp\/v2\/users\/1"}],"replies":[{"embeddable":true,"href":"https:\/\/www.laguiadepamplona.com\/actualidad\/wp-json\/wp\/v2\/comments?post=46754"}],"version-history":[{"count":1,"href":"https:\/\/www.laguiadepamplona.com\/actualidad\/wp-json\/wp\/v2\/posts\/46754\/revisions"}],"predecessor-version":[{"id":46756,"href":"https:\/\/www.laguiadepamplona.com\/actualidad\/wp-json\/wp\/v2\/posts\/46754\/revisions\/46756"}],"wp:featuredmedia":[{"embeddable":true,"href":"https:\/\/www.laguiadepamplona.com\/actualidad\/wp-json\/wp\/v2\/media\/46755"}],"wp:attachment":[{"href":"https:\/\/www.laguiadepamplona.com\/actualidad\/wp-json\/wp\/v2\/media?parent=46754"}],"wp:term":[{"taxonomy":"category","embeddable":true,"href":"https:\/\/www.laguiadepamplona.com\/actualidad\/wp-json\/wp\/v2\/categories?post=46754"},{"taxonomy":"post_tag","embeddable":true,"href":"https:\/\/www.laguiadepamplona.com\/actualidad\/wp-json\/wp\/v2\/tags?post=46754"}],"curies":[{"name":"wp","href":"https:\/\/api.w.org\/{rel}","templated":true}]}}