{"id":46748,"date":"2023-05-19T17:05:55","date_gmt":"2023-05-19T15:05:55","guid":{"rendered":"https:\/\/www.laguiadepamplona.com\/actualidad\/?p=46748"},"modified":"2023-05-19T17:05:55","modified_gmt":"2023-05-19T15:05:55","slug":"las-nuevas-tendencias-del-diseno-italiano-integrando-ecologia-y-sostenibilidad-se-exhiben-en-una-exposicion-en-la-primera-planta-del-pabellon-de-mixtos","status":"publish","type":"post","link":"https:\/\/www.laguiadepamplona.com\/actualidad\/las-nuevas-tendencias-del-diseno-italiano-integrando-ecologia-y-sostenibilidad-se-exhiben-en-una-exposicion-en-la-primera-planta-del-pabellon-de-mixtos\/","title":{"rendered":"Las nuevas tendencias del dise\u00f1o italiano, integrando ecolog\u00eda y sostenibilidad, se exhiben en una exposici\u00f3n en la primera planta del Pabell\u00f3n de Mixtos"},"content":{"rendered":"<h3>La muestra itinerante llega a Pamplona como primer destino nacional y se podr\u00e1 visitar hasta el pr\u00f3ximo 25 de junio<\/h3>\n<p><!--more--><\/p>\n<p>La exposici\u00f3n \u20183CODESIGN_3R_Reducir_Reciclar_Reutilizar\u2019 propone una panor\u00e1mica inevitablemente sint\u00e9tica, pero tambi\u00e9n suficientemente paradigm\u00e1tica, de c\u00f3mo el <em>design <\/em>(dise\u00f1o) italiano se est\u00e1 moviendo en funci\u00f3n de las nuevas exigencias de sostenibilidad ambiental. Comisariada por Silvana Annicchiarico, la muestra recoge la inversi\u00f3n de tendencia respecto a los modos de producci\u00f3n y las estrategias de planificaci\u00f3n aplicadas a lo largo del siglo XX.<br \/>\n<script async src=\"\/\/pagead2.googlesyndication.com\/pagead\/js\/adsbygoogle.js\"><\/script><br \/>\n<!-- Noticias La Guia de Pamplona --><br \/>\n<ins class=\"adsbygoogle\"\nstyle=\"display:block\"\ndata-ad-client=\"ca-pub-6943679897239327\"\ndata-ad-slot=\"7048180777\"\ndata-ad-format=\"auto\"><\/ins><br \/>\n<script>\n(adsbygoogle = window.adsbygoogle || []).push({});\n<\/script><\/p>\n<p>A trav\u00e9s de 54 piezas de dise\u00f1adores reconocido a nivel internacional, la muestra ofrece un recorrido de la tendencia cada vez m\u00e1s marcada del nuevo dise\u00f1o italiano, el Ecodesign, que tiene como principal objetivo el de contribuir a la construcci\u00f3n de una nueva ecolog\u00eda de lo artificial. Esa nueva ecolog\u00eda procura que los residuos vuelvan a ser materias primas. La exposici\u00f3n se puede visitar en la primera planta del Pabell\u00f3n de Mixtos desde este viernes y hasta el 25 de junio.<\/p>\n<p>El director de Cultura e Igualdad, Jorge Urd\u00e1noz, el director de la Escuela T\u00e9cnica Superior de Arquitectura de la Universidad de Navarra, Carlos Naya, y la directora del Instituto Italiano de Cultura de Madrid, Marialuisa Pappalardo, han presentado esta muestra itinerante, que llega a Pamplona como primer destino en Espa\u00f1a. Promovida por el Ministerio de Asuntos Exteriores y Cooperaci\u00f3n Internacional de Italia, la exposici\u00f3n est\u00e1 organizada por el Instituto Italiano de Cultura de Madrid, en colaboraci\u00f3n con el Ayuntamiento de Pamplona y la Escuela de Arquitectura de la Universidad de Navarra, con el apoyo tambi\u00e9n de la Embajada de Italia en Espa\u00f1a. Esta muestra ha visitado recientemente pa\u00edses como Ruman\u00eda y Bulgar\u00eda.<br \/>\n<script async src=\"\/\/pagead2.googlesyndication.com\/pagead\/js\/adsbygoogle.js\"><\/script><br \/>\n<!-- Noticias La Guia de Pamplona --><br \/>\n<ins class=\"adsbygoogle\"\nstyle=\"display:block\"\ndata-ad-client=\"ca-pub-6943679897239327\"\ndata-ad-slot=\"7048180777\"\ndata-ad-format=\"auto\"><\/ins><br \/>\n<script>\n(adsbygoogle = window.adsbygoogle || []).push({});\n<\/script><\/p>\n<p><strong>Econom\u00eda circular<\/strong><\/p>\n<p>Se trata de un replanteamiento global y radical de ese modelo productivo que aspiraba a la sobreexplotaci\u00f3n de los recursos. Significa, por tanto, reconsiderar todas las fases de la planificaci\u00f3n y de la producci\u00f3n, pensando de inmediato en objetos y productos que sean reparables, reacondicionables, reutilizables, compartibles, reciclables.\u00a0 En vez de terminar en un contenedor el valor de un objeto debe permanecer en c\u00edrculo y regenerarse continuamente.<\/p>\n<p>Los conceptos principales del nuevo Ecodesign, basado en la econom\u00eda circular, son: reducir la utilizaci\u00f3n y el despilfarro de materias primas, pero tambi\u00e9n mitigar el impacto en el medio ambiente; reciclar lo que se ha usado, empezando por el pl\u00e1stico; y reutilizar y dar una segunda vida a los productos dispersos o aparentemente obsoletos. No se trata solo de una exposici\u00f3n de dise\u00f1o, sino de un mensaje cada vez m\u00e1s necesario para salvaguardar y respetar el medioambiente y las generaciones futuras.<br \/>\n<script async src=\"\/\/pagead2.googlesyndication.com\/pagead\/js\/adsbygoogle.js\"><\/script><br \/>\n<!-- Noticias La Guia de Pamplona --><br \/>\n<ins class=\"adsbygoogle\"\nstyle=\"display:block\"\ndata-ad-client=\"ca-pub-6943679897239327\"\ndata-ad-slot=\"7048180777\"\ndata-ad-format=\"auto\"><\/ins><br \/>\n<script>\n(adsbygoogle = window.adsbygoogle || []).push({});\n<\/script><\/p>\n<p><strong>Reducir, reciclar y reutilizar<\/strong><\/p>\n<p>Reducir significa tambi\u00e9n producir a \u2018Kil\u00f3metro 0\u2019 (Giuseppe Arezzi), utilizar materiales de la naturaleza que tienen una r\u00e1pida capacidad de reproducci\u00f3n como la chumbera (Martina Taranto), el ma\u00edz (Alessandra Baldereschi o Antonio Aric\u00f2) o el corcho (Paola Navone). Significa extraer nuevos materiales de los residuos org\u00e1nicos (Tomatoset) o crearlos extray\u00e9ndolos, por ejemplo, de vegetales invasores o contaminantes (Favini con Pablo Dorigo). Por \u00faltimo, reducir requiere la capacidad de sacar el mejor partido de la elaboraci\u00f3n de un material para evitar residuos (como en el caso de la Colecci\u00f3n Ollare de Lorenzo Damiani).<\/p>\n<p>Varios son los ejemplos de reciclaje presentes en la exposici\u00f3n como los pl\u00e1sticos postconsumo elaborados por Joe Velluto, la estrategia que apuesta por reciclar al 100% los residuos de la propia producci\u00f3n como trata de hacer una empresa como Magis o el reciclaje de las botellas de pl\u00e1stico de Artemide. Otros ejemplos se basan en la capacidad de atribuir una funci\u00f3n diferente a partes de productos sin vida como las pantallas de los ordenadores en el caso de Nero Sicilia Group o la madera de los postes de la laguna de Venecia de Benefit Company Pieces of Venice, el empleo de biomaterial de fuentes renovables como Kartell o el uso de residuos para la elaboraci\u00f3n de colmenas para abejorros en el caso de Slamp.<br \/>\n<script async src=\"\/\/pagead2.googlesyndication.com\/pagead\/js\/adsbygoogle.js\"><\/script><br \/>\n<!-- Noticias La Guia de Pamplona --><br \/>\n<ins class=\"adsbygoogle\"\nstyle=\"display:block\"\ndata-ad-client=\"ca-pub-6943679897239327\"\ndata-ad-slot=\"7048180777\"\ndata-ad-format=\"auto\"><\/ins><br \/>\n<script>\n(adsbygoogle = window.adsbygoogle || []).push({});\n<\/script><\/p>\n<p>En Italia, una de las primeras reutilizaciones a gran escala se remonta a 1964 por parte de Ferrero con el vaso de la Nutella, en vidrio indestructible y con dise\u00f1os siempre distintos. Uno de los maestros del design italiano, Enzo Mari, ha experimentado con Ecolo la reutilizaci\u00f3n de botellas de pl\u00e1stico para crear jarrones siempre distintos. Pero est\u00e1 tambi\u00e9n quien ha tratado de contextualizar el uso de objetos, transformando tuber\u00edas hidr\u00e1ulicas en sillas (Lorenzo Damiani), gorros para nadar en la piscina en pantallas (Paolo Ulian), trozos de asfalto de capas de carretera que se convierten en asientos (Luca Gnizio), hilos de acero de las pinzas de tender que se transforman en jarrones (Massimiliano Adami), sillas olvidadas que son revitalizadas con tipolog\u00edas renovadas (Sovrappensiero con Manerba), residuos de l\u00e1minas que dan origen a preciosas incrustaciones (Sapiens Desgn) y retales de tejidos que hacen dialogar a oriente y occidente (Antonio Marras).<\/p>\n","protected":false},"excerpt":{"rendered":"<p>La muestra itinerante llega a Pamplona como primer destino nacional y se podr\u00e1 visitar hasta el pr\u00f3ximo 25 de junio<\/p>\n","protected":false},"author":1,"featured_media":46749,"comment_status":"open","ping_status":"closed","sticky":false,"template":"","format":"standard","meta":{"footnotes":""},"categories":[2],"tags":[],"class_list":["post-46748","post","type-post","status-publish","format-standard","has-post-thumbnail","hentry","category-ayuntamiento-pamplona"],"yoast_head":"<!-- This site is optimized with the Yoast SEO plugin v27.5 - https:\/\/yoast.com\/product\/yoast-seo-wordpress\/ -->\n<title>Las nuevas tendencias del dise\u00f1o italiano, integrando ecolog\u00eda y sostenibilidad, se exhiben en una exposici\u00f3n en la primera planta del Pabell\u00f3n de Mixtos<\/title>\n<meta name=\"description\" content=\"La muestra itinerante llega a Pamplona como primer destino nacional y se podr\u00e1 visitar hasta el pr\u00f3ximo 25 de junio\" \/>\n<meta name=\"robots\" content=\"index, follow, max-snippet:-1, max-image-preview:large, max-video-preview:-1\" \/>\n<link rel=\"canonical\" href=\"https:\/\/www.laguiadepamplona.com\/actualidad\/las-nuevas-tendencias-del-diseno-italiano-integrando-ecologia-y-sostenibilidad-se-exhiben-en-una-exposicion-en-la-primera-planta-del-pabellon-de-mixtos\/\" \/>\n<meta property=\"og:locale\" content=\"es_ES\" \/>\n<meta property=\"og:type\" content=\"article\" \/>\n<meta property=\"og:title\" content=\"Las nuevas tendencias del dise\u00f1o italiano, integrando ecolog\u00eda y sostenibilidad, se exhiben en una exposici\u00f3n en la primera planta del Pabell\u00f3n de Mixtos\" \/>\n<meta property=\"og:description\" content=\"La muestra itinerante llega a Pamplona como primer destino nacional y se podr\u00e1 visitar hasta el pr\u00f3ximo 25 de junio\" \/>\n<meta property=\"og:url\" content=\"https:\/\/www.laguiadepamplona.com\/actualidad\/las-nuevas-tendencias-del-diseno-italiano-integrando-ecologia-y-sostenibilidad-se-exhiben-en-una-exposicion-en-la-primera-planta-del-pabellon-de-mixtos\/\" \/>\n<meta property=\"og:site_name\" content=\"La Gu\u00eda de Pamplona\" \/>\n<meta property=\"article:publisher\" content=\"https:\/\/www.facebook.com\/laguiadepamplonacom-133175176762273\/?ref=hl\" \/>\n<meta property=\"article:published_time\" content=\"2023-05-19T15:05:55+00:00\" \/>\n<meta property=\"og:image\" content=\"https:\/\/www.laguiadepamplona.com\/actualidad\/wp-content\/uploads\/2023\/05\/exposicion-3codesign_3r_pamplona.webp\" \/>\n\t<meta property=\"og:image:width\" content=\"1920\" \/>\n\t<meta property=\"og:image:height\" content=\"1080\" \/>\n\t<meta property=\"og:image:type\" content=\"image\/webp\" \/>\n<meta name=\"author\" content=\"La Gu\u00eda de Pamplona\" \/>\n<meta name=\"twitter:card\" content=\"summary_large_image\" \/>\n<meta name=\"twitter:creator\" content=\"@LaGuiadPamplona\" \/>\n<meta name=\"twitter:site\" content=\"@LaGuiadPamplona\" \/>\n<meta name=\"twitter:label1\" content=\"Escrito por\" \/>\n\t<meta name=\"twitter:data1\" content=\"La Gu\u00eda de Pamplona\" \/>\n\t<meta name=\"twitter:label2\" content=\"Tiempo de lectura\" \/>\n\t<meta name=\"twitter:data2\" content=\"4 minutos\" \/>\n<script type=\"application\/ld+json\" class=\"yoast-schema-graph\">{\"@context\":\"https:\\\/\\\/schema.org\",\"@graph\":[{\"@type\":\"Article\",\"@id\":\"https:\\\/\\\/www.laguiadepamplona.com\\\/actualidad\\\/las-nuevas-tendencias-del-diseno-italiano-integrando-ecologia-y-sostenibilidad-se-exhiben-en-una-exposicion-en-la-primera-planta-del-pabellon-de-mixtos\\\/#article\",\"isPartOf\":{\"@id\":\"https:\\\/\\\/www.laguiadepamplona.com\\\/actualidad\\\/las-nuevas-tendencias-del-diseno-italiano-integrando-ecologia-y-sostenibilidad-se-exhiben-en-una-exposicion-en-la-primera-planta-del-pabellon-de-mixtos\\\/\"},\"author\":{\"name\":\"La Gu\u00eda de Pamplona\",\"@id\":\"https:\\\/\\\/www.laguiadepamplona.com\\\/actualidad\\\/#\\\/schema\\\/person\\\/efe887376f0213d4657c93adc50b1fdb\"},\"headline\":\"Las nuevas tendencias del dise\u00f1o italiano, integrando ecolog\u00eda y sostenibilidad, se exhiben en una exposici\u00f3n en la primera planta del Pabell\u00f3n de Mixtos\",\"datePublished\":\"2023-05-19T15:05:55+00:00\",\"mainEntityOfPage\":{\"@id\":\"https:\\\/\\\/www.laguiadepamplona.com\\\/actualidad\\\/las-nuevas-tendencias-del-diseno-italiano-integrando-ecologia-y-sostenibilidad-se-exhiben-en-una-exposicion-en-la-primera-planta-del-pabellon-de-mixtos\\\/\"},\"wordCount\":883,\"commentCount\":0,\"publisher\":{\"@id\":\"https:\\\/\\\/www.laguiadepamplona.com\\\/actualidad\\\/#organization\"},\"image\":{\"@id\":\"https:\\\/\\\/www.laguiadepamplona.com\\\/actualidad\\\/las-nuevas-tendencias-del-diseno-italiano-integrando-ecologia-y-sostenibilidad-se-exhiben-en-una-exposicion-en-la-primera-planta-del-pabellon-de-mixtos\\\/#primaryimage\"},\"thumbnailUrl\":\"https:\\\/\\\/www.laguiadepamplona.com\\\/actualidad\\\/wp-content\\\/uploads\\\/2023\\\/05\\\/exposicion-3codesign_3r_pamplona.webp\",\"articleSection\":[\"Ayto Pamplona\"],\"inLanguage\":\"es\",\"potentialAction\":[{\"@type\":\"CommentAction\",\"name\":\"Comment\",\"target\":[\"https:\\\/\\\/www.laguiadepamplona.com\\\/actualidad\\\/las-nuevas-tendencias-del-diseno-italiano-integrando-ecologia-y-sostenibilidad-se-exhiben-en-una-exposicion-en-la-primera-planta-del-pabellon-de-mixtos\\\/#respond\"]}]},{\"@type\":\"WebPage\",\"@id\":\"https:\\\/\\\/www.laguiadepamplona.com\\\/actualidad\\\/las-nuevas-tendencias-del-diseno-italiano-integrando-ecologia-y-sostenibilidad-se-exhiben-en-una-exposicion-en-la-primera-planta-del-pabellon-de-mixtos\\\/\",\"url\":\"https:\\\/\\\/www.laguiadepamplona.com\\\/actualidad\\\/las-nuevas-tendencias-del-diseno-italiano-integrando-ecologia-y-sostenibilidad-se-exhiben-en-una-exposicion-en-la-primera-planta-del-pabellon-de-mixtos\\\/\",\"name\":\"Las nuevas tendencias del dise\u00f1o italiano, integrando ecolog\u00eda y sostenibilidad, se exhiben en una exposici\u00f3n en la primera planta del Pabell\u00f3n de Mixtos\",\"isPartOf\":{\"@id\":\"https:\\\/\\\/www.laguiadepamplona.com\\\/actualidad\\\/#website\"},\"primaryImageOfPage\":{\"@id\":\"https:\\\/\\\/www.laguiadepamplona.com\\\/actualidad\\\/las-nuevas-tendencias-del-diseno-italiano-integrando-ecologia-y-sostenibilidad-se-exhiben-en-una-exposicion-en-la-primera-planta-del-pabellon-de-mixtos\\\/#primaryimage\"},\"image\":{\"@id\":\"https:\\\/\\\/www.laguiadepamplona.com\\\/actualidad\\\/las-nuevas-tendencias-del-diseno-italiano-integrando-ecologia-y-sostenibilidad-se-exhiben-en-una-exposicion-en-la-primera-planta-del-pabellon-de-mixtos\\\/#primaryimage\"},\"thumbnailUrl\":\"https:\\\/\\\/www.laguiadepamplona.com\\\/actualidad\\\/wp-content\\\/uploads\\\/2023\\\/05\\\/exposicion-3codesign_3r_pamplona.webp\",\"datePublished\":\"2023-05-19T15:05:55+00:00\",\"description\":\"La muestra itinerante llega a Pamplona como primer destino nacional y se podr\u00e1 visitar hasta el pr\u00f3ximo 25 de junio\",\"breadcrumb\":{\"@id\":\"https:\\\/\\\/www.laguiadepamplona.com\\\/actualidad\\\/las-nuevas-tendencias-del-diseno-italiano-integrando-ecologia-y-sostenibilidad-se-exhiben-en-una-exposicion-en-la-primera-planta-del-pabellon-de-mixtos\\\/#breadcrumb\"},\"inLanguage\":\"es\",\"potentialAction\":[{\"@type\":\"ReadAction\",\"target\":[\"https:\\\/\\\/www.laguiadepamplona.com\\\/actualidad\\\/las-nuevas-tendencias-del-diseno-italiano-integrando-ecologia-y-sostenibilidad-se-exhiben-en-una-exposicion-en-la-primera-planta-del-pabellon-de-mixtos\\\/\"]}]},{\"@type\":\"ImageObject\",\"inLanguage\":\"es\",\"@id\":\"https:\\\/\\\/www.laguiadepamplona.com\\\/actualidad\\\/las-nuevas-tendencias-del-diseno-italiano-integrando-ecologia-y-sostenibilidad-se-exhiben-en-una-exposicion-en-la-primera-planta-del-pabellon-de-mixtos\\\/#primaryimage\",\"url\":\"https:\\\/\\\/www.laguiadepamplona.com\\\/actualidad\\\/wp-content\\\/uploads\\\/2023\\\/05\\\/exposicion-3codesign_3r_pamplona.webp\",\"contentUrl\":\"https:\\\/\\\/www.laguiadepamplona.com\\\/actualidad\\\/wp-content\\\/uploads\\\/2023\\\/05\\\/exposicion-3codesign_3r_pamplona.webp\",\"width\":1920,\"height\":1080},{\"@type\":\"BreadcrumbList\",\"@id\":\"https:\\\/\\\/www.laguiadepamplona.com\\\/actualidad\\\/las-nuevas-tendencias-del-diseno-italiano-integrando-ecologia-y-sostenibilidad-se-exhiben-en-una-exposicion-en-la-primera-planta-del-pabellon-de-mixtos\\\/#breadcrumb\",\"itemListElement\":[{\"@type\":\"ListItem\",\"position\":1,\"name\":\"Portada\",\"item\":\"https:\\\/\\\/www.laguiadepamplona.com\\\/actualidad\\\/\"},{\"@type\":\"ListItem\",\"position\":2,\"name\":\"Las nuevas tendencias del dise\u00f1o italiano, integrando ecolog\u00eda y sostenibilidad, se exhiben en una exposici\u00f3n en la primera planta del Pabell\u00f3n de Mixtos\"}]},{\"@type\":\"WebSite\",\"@id\":\"https:\\\/\\\/www.laguiadepamplona.com\\\/actualidad\\\/#website\",\"url\":\"https:\\\/\\\/www.laguiadepamplona.com\\\/actualidad\\\/\",\"name\":\"La gu\u00eda de Pamplona\",\"description\":\"Noticias de Pamplona\",\"publisher\":{\"@id\":\"https:\\\/\\\/www.laguiadepamplona.com\\\/actualidad\\\/#organization\"},\"potentialAction\":[{\"@type\":\"SearchAction\",\"target\":{\"@type\":\"EntryPoint\",\"urlTemplate\":\"https:\\\/\\\/www.laguiadepamplona.com\\\/actualidad\\\/?s={search_term_string}\"},\"query-input\":{\"@type\":\"PropertyValueSpecification\",\"valueRequired\":true,\"valueName\":\"search_term_string\"}}],\"inLanguage\":\"es\"},{\"@type\":\"Organization\",\"@id\":\"https:\\\/\\\/www.laguiadepamplona.com\\\/actualidad\\\/#organization\",\"name\":\"La Gu\u00eda de Pamplona \\\/ Noticias\",\"url\":\"https:\\\/\\\/www.laguiadepamplona.com\\\/actualidad\\\/\",\"logo\":{\"@type\":\"ImageObject\",\"inLanguage\":\"es\",\"@id\":\"https:\\\/\\\/www.laguiadepamplona.com\\\/actualidad\\\/#\\\/schema\\\/logo\\\/image\\\/\",\"url\":\"https:\\\/\\\/www.laguiadepamplona.com\\\/actualidad\\\/wp-content\\\/uploads\\\/2018\\\/11\\\/logo-laguiadepamplona18-web1.png\",\"contentUrl\":\"https:\\\/\\\/www.laguiadepamplona.com\\\/actualidad\\\/wp-content\\\/uploads\\\/2018\\\/11\\\/logo-laguiadepamplona18-web1.png\",\"width\":600,\"height\":196,\"caption\":\"La Gu\u00eda de Pamplona \\\/ Noticias\"},\"image\":{\"@id\":\"https:\\\/\\\/www.laguiadepamplona.com\\\/actualidad\\\/#\\\/schema\\\/logo\\\/image\\\/\"},\"sameAs\":[\"https:\\\/\\\/www.facebook.com\\\/laguiadepamplonacom-133175176762273\\\/?ref=hl\",\"https:\\\/\\\/x.com\\\/LaGuiadPamplona\",\"https:\\\/\\\/www.instagram.com\\\/la_guia_de_pamplona\\\/\",\"https:\\\/\\\/www.youtube.com\\\/user\\\/laguiadepamplona\"]},{\"@type\":\"Person\",\"@id\":\"https:\\\/\\\/www.laguiadepamplona.com\\\/actualidad\\\/#\\\/schema\\\/person\\\/efe887376f0213d4657c93adc50b1fdb\",\"name\":\"La Gu\u00eda de Pamplona\",\"image\":{\"@type\":\"ImageObject\",\"inLanguage\":\"es\",\"@id\":\"https:\\\/\\\/secure.gravatar.com\\\/avatar\\\/b6992f131dc8d30ab0dff15446e9d346d9dbd95992de0fef795073f5ea83a81c?s=96&d=mm&r=g\",\"url\":\"https:\\\/\\\/secure.gravatar.com\\\/avatar\\\/b6992f131dc8d30ab0dff15446e9d346d9dbd95992de0fef795073f5ea83a81c?s=96&d=mm&r=g\",\"contentUrl\":\"https:\\\/\\\/secure.gravatar.com\\\/avatar\\\/b6992f131dc8d30ab0dff15446e9d346d9dbd95992de0fef795073f5ea83a81c?s=96&d=mm&r=g\",\"caption\":\"La Gu\u00eda de Pamplona\"}}]}<\/script>\n<!-- \/ Yoast SEO plugin. -->","yoast_head_json":{"title":"Las nuevas tendencias del dise\u00f1o italiano, integrando ecolog\u00eda y sostenibilidad, se exhiben en una exposici\u00f3n en la primera planta del Pabell\u00f3n de Mixtos","description":"La muestra itinerante llega a Pamplona como primer destino nacional y se podr\u00e1 visitar hasta el pr\u00f3ximo 25 de junio","robots":{"index":"index","follow":"follow","max-snippet":"max-snippet:-1","max-image-preview":"max-image-preview:large","max-video-preview":"max-video-preview:-1"},"canonical":"https:\/\/www.laguiadepamplona.com\/actualidad\/las-nuevas-tendencias-del-diseno-italiano-integrando-ecologia-y-sostenibilidad-se-exhiben-en-una-exposicion-en-la-primera-planta-del-pabellon-de-mixtos\/","og_locale":"es_ES","og_type":"article","og_title":"Las nuevas tendencias del dise\u00f1o italiano, integrando ecolog\u00eda y sostenibilidad, se exhiben en una exposici\u00f3n en la primera planta del Pabell\u00f3n de Mixtos","og_description":"La muestra itinerante llega a Pamplona como primer destino nacional y se podr\u00e1 visitar hasta el pr\u00f3ximo 25 de junio","og_url":"https:\/\/www.laguiadepamplona.com\/actualidad\/las-nuevas-tendencias-del-diseno-italiano-integrando-ecologia-y-sostenibilidad-se-exhiben-en-una-exposicion-en-la-primera-planta-del-pabellon-de-mixtos\/","og_site_name":"La Gu\u00eda de Pamplona","article_publisher":"https:\/\/www.facebook.com\/laguiadepamplonacom-133175176762273\/?ref=hl","article_published_time":"2023-05-19T15:05:55+00:00","og_image":[{"width":1920,"height":1080,"url":"https:\/\/www.laguiadepamplona.com\/actualidad\/wp-content\/uploads\/2023\/05\/exposicion-3codesign_3r_pamplona.webp","type":"image\/webp"}],"author":"La Gu\u00eda de Pamplona","twitter_card":"summary_large_image","twitter_creator":"@LaGuiadPamplona","twitter_site":"@LaGuiadPamplona","twitter_misc":{"Escrito por":"La Gu\u00eda de Pamplona","Tiempo de lectura":"4 minutos"},"schema":{"@context":"https:\/\/schema.org","@graph":[{"@type":"Article","@id":"https:\/\/www.laguiadepamplona.com\/actualidad\/las-nuevas-tendencias-del-diseno-italiano-integrando-ecologia-y-sostenibilidad-se-exhiben-en-una-exposicion-en-la-primera-planta-del-pabellon-de-mixtos\/#article","isPartOf":{"@id":"https:\/\/www.laguiadepamplona.com\/actualidad\/las-nuevas-tendencias-del-diseno-italiano-integrando-ecologia-y-sostenibilidad-se-exhiben-en-una-exposicion-en-la-primera-planta-del-pabellon-de-mixtos\/"},"author":{"name":"La Gu\u00eda de Pamplona","@id":"https:\/\/www.laguiadepamplona.com\/actualidad\/#\/schema\/person\/efe887376f0213d4657c93adc50b1fdb"},"headline":"Las nuevas tendencias del dise\u00f1o italiano, integrando ecolog\u00eda y sostenibilidad, se exhiben en una exposici\u00f3n en la primera planta del Pabell\u00f3n de Mixtos","datePublished":"2023-05-19T15:05:55+00:00","mainEntityOfPage":{"@id":"https:\/\/www.laguiadepamplona.com\/actualidad\/las-nuevas-tendencias-del-diseno-italiano-integrando-ecologia-y-sostenibilidad-se-exhiben-en-una-exposicion-en-la-primera-planta-del-pabellon-de-mixtos\/"},"wordCount":883,"commentCount":0,"publisher":{"@id":"https:\/\/www.laguiadepamplona.com\/actualidad\/#organization"},"image":{"@id":"https:\/\/www.laguiadepamplona.com\/actualidad\/las-nuevas-tendencias-del-diseno-italiano-integrando-ecologia-y-sostenibilidad-se-exhiben-en-una-exposicion-en-la-primera-planta-del-pabellon-de-mixtos\/#primaryimage"},"thumbnailUrl":"https:\/\/www.laguiadepamplona.com\/actualidad\/wp-content\/uploads\/2023\/05\/exposicion-3codesign_3r_pamplona.webp","articleSection":["Ayto Pamplona"],"inLanguage":"es","potentialAction":[{"@type":"CommentAction","name":"Comment","target":["https:\/\/www.laguiadepamplona.com\/actualidad\/las-nuevas-tendencias-del-diseno-italiano-integrando-ecologia-y-sostenibilidad-se-exhiben-en-una-exposicion-en-la-primera-planta-del-pabellon-de-mixtos\/#respond"]}]},{"@type":"WebPage","@id":"https:\/\/www.laguiadepamplona.com\/actualidad\/las-nuevas-tendencias-del-diseno-italiano-integrando-ecologia-y-sostenibilidad-se-exhiben-en-una-exposicion-en-la-primera-planta-del-pabellon-de-mixtos\/","url":"https:\/\/www.laguiadepamplona.com\/actualidad\/las-nuevas-tendencias-del-diseno-italiano-integrando-ecologia-y-sostenibilidad-se-exhiben-en-una-exposicion-en-la-primera-planta-del-pabellon-de-mixtos\/","name":"Las nuevas tendencias del dise\u00f1o italiano, integrando ecolog\u00eda y sostenibilidad, se exhiben en una exposici\u00f3n en la primera planta del Pabell\u00f3n de Mixtos","isPartOf":{"@id":"https:\/\/www.laguiadepamplona.com\/actualidad\/#website"},"primaryImageOfPage":{"@id":"https:\/\/www.laguiadepamplona.com\/actualidad\/las-nuevas-tendencias-del-diseno-italiano-integrando-ecologia-y-sostenibilidad-se-exhiben-en-una-exposicion-en-la-primera-planta-del-pabellon-de-mixtos\/#primaryimage"},"image":{"@id":"https:\/\/www.laguiadepamplona.com\/actualidad\/las-nuevas-tendencias-del-diseno-italiano-integrando-ecologia-y-sostenibilidad-se-exhiben-en-una-exposicion-en-la-primera-planta-del-pabellon-de-mixtos\/#primaryimage"},"thumbnailUrl":"https:\/\/www.laguiadepamplona.com\/actualidad\/wp-content\/uploads\/2023\/05\/exposicion-3codesign_3r_pamplona.webp","datePublished":"2023-05-19T15:05:55+00:00","description":"La muestra itinerante llega a Pamplona como primer destino nacional y se podr\u00e1 visitar hasta el pr\u00f3ximo 25 de junio","breadcrumb":{"@id":"https:\/\/www.laguiadepamplona.com\/actualidad\/las-nuevas-tendencias-del-diseno-italiano-integrando-ecologia-y-sostenibilidad-se-exhiben-en-una-exposicion-en-la-primera-planta-del-pabellon-de-mixtos\/#breadcrumb"},"inLanguage":"es","potentialAction":[{"@type":"ReadAction","target":["https:\/\/www.laguiadepamplona.com\/actualidad\/las-nuevas-tendencias-del-diseno-italiano-integrando-ecologia-y-sostenibilidad-se-exhiben-en-una-exposicion-en-la-primera-planta-del-pabellon-de-mixtos\/"]}]},{"@type":"ImageObject","inLanguage":"es","@id":"https:\/\/www.laguiadepamplona.com\/actualidad\/las-nuevas-tendencias-del-diseno-italiano-integrando-ecologia-y-sostenibilidad-se-exhiben-en-una-exposicion-en-la-primera-planta-del-pabellon-de-mixtos\/#primaryimage","url":"https:\/\/www.laguiadepamplona.com\/actualidad\/wp-content\/uploads\/2023\/05\/exposicion-3codesign_3r_pamplona.webp","contentUrl":"https:\/\/www.laguiadepamplona.com\/actualidad\/wp-content\/uploads\/2023\/05\/exposicion-3codesign_3r_pamplona.webp","width":1920,"height":1080},{"@type":"BreadcrumbList","@id":"https:\/\/www.laguiadepamplona.com\/actualidad\/las-nuevas-tendencias-del-diseno-italiano-integrando-ecologia-y-sostenibilidad-se-exhiben-en-una-exposicion-en-la-primera-planta-del-pabellon-de-mixtos\/#breadcrumb","itemListElement":[{"@type":"ListItem","position":1,"name":"Portada","item":"https:\/\/www.laguiadepamplona.com\/actualidad\/"},{"@type":"ListItem","position":2,"name":"Las nuevas tendencias del dise\u00f1o italiano, integrando ecolog\u00eda y sostenibilidad, se exhiben en una exposici\u00f3n en la primera planta del Pabell\u00f3n de Mixtos"}]},{"@type":"WebSite","@id":"https:\/\/www.laguiadepamplona.com\/actualidad\/#website","url":"https:\/\/www.laguiadepamplona.com\/actualidad\/","name":"La gu\u00eda de Pamplona","description":"Noticias de Pamplona","publisher":{"@id":"https:\/\/www.laguiadepamplona.com\/actualidad\/#organization"},"potentialAction":[{"@type":"SearchAction","target":{"@type":"EntryPoint","urlTemplate":"https:\/\/www.laguiadepamplona.com\/actualidad\/?s={search_term_string}"},"query-input":{"@type":"PropertyValueSpecification","valueRequired":true,"valueName":"search_term_string"}}],"inLanguage":"es"},{"@type":"Organization","@id":"https:\/\/www.laguiadepamplona.com\/actualidad\/#organization","name":"La Gu\u00eda de Pamplona \/ Noticias","url":"https:\/\/www.laguiadepamplona.com\/actualidad\/","logo":{"@type":"ImageObject","inLanguage":"es","@id":"https:\/\/www.laguiadepamplona.com\/actualidad\/#\/schema\/logo\/image\/","url":"https:\/\/www.laguiadepamplona.com\/actualidad\/wp-content\/uploads\/2018\/11\/logo-laguiadepamplona18-web1.png","contentUrl":"https:\/\/www.laguiadepamplona.com\/actualidad\/wp-content\/uploads\/2018\/11\/logo-laguiadepamplona18-web1.png","width":600,"height":196,"caption":"La Gu\u00eda de Pamplona \/ Noticias"},"image":{"@id":"https:\/\/www.laguiadepamplona.com\/actualidad\/#\/schema\/logo\/image\/"},"sameAs":["https:\/\/www.facebook.com\/laguiadepamplonacom-133175176762273\/?ref=hl","https:\/\/x.com\/LaGuiadPamplona","https:\/\/www.instagram.com\/la_guia_de_pamplona\/","https:\/\/www.youtube.com\/user\/laguiadepamplona"]},{"@type":"Person","@id":"https:\/\/www.laguiadepamplona.com\/actualidad\/#\/schema\/person\/efe887376f0213d4657c93adc50b1fdb","name":"La Gu\u00eda de Pamplona","image":{"@type":"ImageObject","inLanguage":"es","@id":"https:\/\/secure.gravatar.com\/avatar\/b6992f131dc8d30ab0dff15446e9d346d9dbd95992de0fef795073f5ea83a81c?s=96&d=mm&r=g","url":"https:\/\/secure.gravatar.com\/avatar\/b6992f131dc8d30ab0dff15446e9d346d9dbd95992de0fef795073f5ea83a81c?s=96&d=mm&r=g","contentUrl":"https:\/\/secure.gravatar.com\/avatar\/b6992f131dc8d30ab0dff15446e9d346d9dbd95992de0fef795073f5ea83a81c?s=96&d=mm&r=g","caption":"La Gu\u00eda de Pamplona"}}]}},"post_mailing_queue_ids":[],"_links":{"self":[{"href":"https:\/\/www.laguiadepamplona.com\/actualidad\/wp-json\/wp\/v2\/posts\/46748","targetHints":{"allow":["GET"]}}],"collection":[{"href":"https:\/\/www.laguiadepamplona.com\/actualidad\/wp-json\/wp\/v2\/posts"}],"about":[{"href":"https:\/\/www.laguiadepamplona.com\/actualidad\/wp-json\/wp\/v2\/types\/post"}],"author":[{"embeddable":true,"href":"https:\/\/www.laguiadepamplona.com\/actualidad\/wp-json\/wp\/v2\/users\/1"}],"replies":[{"embeddable":true,"href":"https:\/\/www.laguiadepamplona.com\/actualidad\/wp-json\/wp\/v2\/comments?post=46748"}],"version-history":[{"count":1,"href":"https:\/\/www.laguiadepamplona.com\/actualidad\/wp-json\/wp\/v2\/posts\/46748\/revisions"}],"predecessor-version":[{"id":46750,"href":"https:\/\/www.laguiadepamplona.com\/actualidad\/wp-json\/wp\/v2\/posts\/46748\/revisions\/46750"}],"wp:featuredmedia":[{"embeddable":true,"href":"https:\/\/www.laguiadepamplona.com\/actualidad\/wp-json\/wp\/v2\/media\/46749"}],"wp:attachment":[{"href":"https:\/\/www.laguiadepamplona.com\/actualidad\/wp-json\/wp\/v2\/media?parent=46748"}],"wp:term":[{"taxonomy":"category","embeddable":true,"href":"https:\/\/www.laguiadepamplona.com\/actualidad\/wp-json\/wp\/v2\/categories?post=46748"},{"taxonomy":"post_tag","embeddable":true,"href":"https:\/\/www.laguiadepamplona.com\/actualidad\/wp-json\/wp\/v2\/tags?post=46748"}],"curies":[{"name":"wp","href":"https:\/\/api.w.org\/{rel}","templated":true}]}}