{"id":46743,"date":"2023-05-18T12:10:32","date_gmt":"2023-05-18T10:10:32","guid":{"rendered":"https:\/\/www.laguiadepamplona.com\/actualidad\/?p=46743"},"modified":"2023-05-18T12:10:32","modified_gmt":"2023-05-18T10:10:32","slug":"convocadas-las-ayudas-municipales-para-entidades-culturales-y-artisticas-que-repartiran-309-000-euros","status":"publish","type":"post","link":"https:\/\/www.laguiadepamplona.com\/actualidad\/convocadas-las-ayudas-municipales-para-entidades-culturales-y-artisticas-que-repartiran-309-000-euros\/","title":{"rendered":"Convocadas las ayudas municipales para entidades culturales y art\u00edsticas que repartir\u00e1n 309.000 euros"},"content":{"rendered":"<h3>El Ayuntamiento de Pamplona busca proyectos que contribuyan al desarrollo de la cultura en la ciudad a trav\u00e9s de cualquiera de sus manifestaciones<\/h3>\n<p><!--more--><\/p>\n<p>El 4 de junio finaliza el plazo de presentaci\u00f3n de solicitudes para la convocatoria de subvenciones, en r\u00e9gimen de concurrencia competitiva, para entidades culturales y art\u00edsticas. Se trata de ayudas para entidades privadas sin \u00e1nimo de lucro que llevan a cabo iniciativas que expresan su inquietud art\u00edstica y contribuyen al desarrollo de la cultura en la ciudad, a trav\u00e9s de cualquier de sus manifestaciones. La convocatoria est\u00e1 dotada con 309.000 euros.<\/p>\n<p>La finalidad de esta convocatoria es facilitar el desarrollo de proyectos e iniciativas culturales y art\u00edsticas, estimulando la creaci\u00f3n, producci\u00f3n, divulgaci\u00f3n, conservaci\u00f3n y gesti\u00f3n de la cultura local, su libre expresi\u00f3n y diversidad, su acercamiento a la ciudadan\u00eda, la profesionalizaci\u00f3n de los y las trabajadores culturales, las buenas pr\u00e1cticas en la gesti\u00f3n y la proyecci\u00f3n de artistas y agentes culturales; as\u00ed como el mantenimiento de las estructuras de gesti\u00f3n de las entidades que impulsan dichos proyectos, contribuyendo a desarrollar una econom\u00eda de la cultura.<br \/>\n<script async src=\"\/\/pagead2.googlesyndication.com\/pagead\/js\/adsbygoogle.js\"><\/script><br \/>\n<!-- Noticias La Guia de Pamplona --><br \/>\n<ins class=\"adsbygoogle\"\nstyle=\"display:block\"\ndata-ad-client=\"ca-pub-6943679897239327\"\ndata-ad-slot=\"7048180777\"\ndata-ad-format=\"auto\"><\/ins><br \/>\n<script>\n(adsbygoogle = window.adsbygoogle || []).push({});\n<\/script><\/p>\n<p>La convocatoria hace referencia, especialmente, a festivales, recitales, ciclos, encuentros y\/o cert\u00e1menes de artes esc\u00e9nicas; ciclos y\/o encuentros de m\u00fasica; jornada, talleres; festivales y ciclos de conferencias, proyecciones audiovisuales y cinef\u00f3rums; proyectos de investigaci\u00f3n, intervenci\u00f3n o difusi\u00f3n cultural que fomenten la conservaci\u00f3n y la divulgaci\u00f3n del patrimonio hist\u00f3rico, material e inmaterial de la ciudad; actividades de promoci\u00f3n del libro, la lectura y la literatura en cualquiera de sus especialidades y soportes; y cualquier otra actividad que pueda ser considerada de car\u00e1cter cultural y art\u00edstico, exceptuando la edici\u00f3n.<\/p>\n<p>Las solicitudes deber\u00e1n presentarse mediante instancia, o mediante instancia PDF (para la presentaci\u00f3n telem\u00e1tica), firmada por la persona interesada o por persona que tenga la representaci\u00f3n suficiente para formular la petici\u00f3n de subvenci\u00f3n y declare bajo su responsabilidad dicha representaci\u00f3n, conforme la solicitud electr\u00f3nica del tr\u00e1mite telem\u00e1tico. Las bases de la convocatoria se pueden consultar en <a href=\"http:\/\/www.pamplona.es\" target=\"_blank\" rel=\"noopener\">www.pamplona.es<\/a> y en el <a href=\"https:\/\/bon.navarra.es\/es\/anuncio\/-\/texto\/2023\/93\/41\" target=\"_blank\" rel=\"noopener\">Bolet\u00edn Oficial de Navarra n\u00famero 93 de 4 de mayo<\/a>.<br \/>\n<script async src=\"\/\/pagead2.googlesyndication.com\/pagead\/js\/adsbygoogle.js\"><\/script><br \/>\n<!-- Noticias La Guia de Pamplona --><br \/>\n<ins class=\"adsbygoogle\"\nstyle=\"display:block\"\ndata-ad-client=\"ca-pub-6943679897239327\"\ndata-ad-slot=\"7048180777\"\ndata-ad-format=\"auto\"><\/ins><br \/>\n<script>\n(adsbygoogle = window.adsbygoogle || []).push({});\n<\/script><\/p>\n<p><strong>Requisitos y cuant\u00eda de las ayudas<\/strong><\/p>\n<p>Los proyectos y\/o actividades que se incluyan en las propuestas deben estar vinculados al desarrollo de alg\u00fan objetivo de car\u00e1cter cultural y\/o art\u00edstico. Deber\u00e1n ser abiertos a la ciudadan\u00eda en general. Las actividades deber\u00e1n realizarse en el t\u00e9rmino municipal de Pamplona. Excepcionalmente, se pueden admitir actividades que no se celebren en Pamplona y se realicen en otros lugares fuera de Navarra, siempre y cuando ayuden en la promoci\u00f3n de Pamplona como ciudad cultural y sean parte de un proyecto que mayoritariamente se desarrolle en Pamplona.<\/p>\n<p>La cuant\u00eda de la subvenci\u00f3n se determinar\u00e1 en funci\u00f3n de la puntuaci\u00f3n obtenida por la aplicaci\u00f3n de los criterios de valoraci\u00f3n. La convocatoria establece tres categor\u00edas, en funci\u00f3n del presupuesto: 220.000 euros para entre el 42% y el 48% de entidades con mayor presupuesto, con un m\u00e1ximo por solicitante de 32.000 euros; 70.000 euros para entre el 39% y el 46% de entidades con presupuesto medio, con un m\u00e1ximo por solicitante de 12.000 euros; y 19.000 euros para entre el 6% y el 16% de entidades con menos presupuesto, con un m\u00e1ximo por solicitante de 5.000 euros.<br \/>\n<script async src=\"\/\/pagead2.googlesyndication.com\/pagead\/js\/adsbygoogle.js\"><\/script><br \/>\n<!-- Noticias La Guia de Pamplona --><br \/>\n<ins class=\"adsbygoogle\"\nstyle=\"display:block\"\ndata-ad-client=\"ca-pub-6943679897239327\"\ndata-ad-slot=\"7048180777\"\ndata-ad-format=\"auto\"><\/ins><br \/>\n<script>\n(adsbygoogle = window.adsbygoogle || []).push({});\n<\/script><\/p>\n<p>Las entidades concurrentes deben ser personas jur\u00eddicas legalmente constituidas e inscritas en el registro correspondiente; tener en los objetivos de sus estatutos la realizaci\u00f3n de actividades de actividades de difusi\u00f3n cultural y art\u00edstica o realizar habitualmente actividades culturales o de promoci\u00f3n, puesta en valor y salvaguarda de la cultura y el patrimonio; y carecer de \u00e1nimo de lucro. Adem\u00e1s, deben estar al corriente en el cumplimiento de las obligaciones tributarias con el Ayuntamiento de Pamplona, en el cumplimiento de sus obligaciones tributarias y frente a la Seguridad Social y no tener suscrito un convenio de colaboraci\u00f3n, o un contrato con el Ayuntamiento de Pamplona respecto al programa, proyecto, actividad o actuaciones para las que se solicita subvenci\u00f3n.<\/p>\n","protected":false},"excerpt":{"rendered":"<p>El Ayuntamiento de Pamplona busca proyectos que contribuyan al desarrollo de la cultura en la ciudad a trav\u00e9s de cualquiera de sus manifestaciones<\/p>\n","protected":false},"author":1,"featured_media":46744,"comment_status":"open","ping_status":"closed","sticky":false,"template":"","format":"standard","meta":{"footnotes":""},"categories":[2],"tags":[],"class_list":["post-46743","post","type-post","status-publish","format-standard","has-post-thumbnail","hentry","category-ayuntamiento-pamplona"],"yoast_head":"<!-- This site is optimized with the Yoast SEO plugin v27.3 - https:\/\/yoast.com\/product\/yoast-seo-wordpress\/ -->\n<title>Convocadas las ayudas municipales para entidades culturales y art\u00edsticas que repartir\u00e1n 309.000 euros<\/title>\n<meta name=\"description\" content=\"El Ayuntamiento de Pamplona busca proyectos que contribuyan al desarrollo de la cultura en la ciudad a trav\u00e9s de cualquiera de sus manifestaciones\" \/>\n<meta name=\"robots\" content=\"index, follow, max-snippet:-1, max-image-preview:large, max-video-preview:-1\" \/>\n<link rel=\"canonical\" href=\"https:\/\/www.laguiadepamplona.com\/actualidad\/convocadas-las-ayudas-municipales-para-entidades-culturales-y-artisticas-que-repartiran-309-000-euros\/\" \/>\n<meta property=\"og:locale\" content=\"es_ES\" \/>\n<meta property=\"og:type\" content=\"article\" \/>\n<meta property=\"og:title\" content=\"Convocadas las ayudas municipales para entidades culturales y art\u00edsticas que repartir\u00e1n 309.000 euros\" \/>\n<meta property=\"og:description\" content=\"El Ayuntamiento de Pamplona busca proyectos que contribuyan al desarrollo de la cultura en la ciudad a trav\u00e9s de cualquiera de sus manifestaciones\" \/>\n<meta property=\"og:url\" content=\"https:\/\/www.laguiadepamplona.com\/actualidad\/convocadas-las-ayudas-municipales-para-entidades-culturales-y-artisticas-que-repartiran-309-000-euros\/\" \/>\n<meta property=\"og:site_name\" content=\"La Gu\u00eda de Pamplona\" \/>\n<meta property=\"article:publisher\" content=\"https:\/\/www.facebook.com\/laguiadepamplonacom-133175176762273\/?ref=hl\" \/>\n<meta property=\"article:published_time\" content=\"2023-05-18T10:10:32+00:00\" \/>\n<meta property=\"og:image\" content=\"https:\/\/www.laguiadepamplona.com\/actualidad\/wp-content\/uploads\/2023\/05\/musica_concierto_02_0.webp\" \/>\n\t<meta property=\"og:image:width\" content=\"1920\" \/>\n\t<meta property=\"og:image:height\" content=\"1273\" \/>\n\t<meta property=\"og:image:type\" content=\"image\/webp\" \/>\n<meta name=\"author\" content=\"La Gu\u00eda de Pamplona\" \/>\n<meta name=\"twitter:card\" content=\"summary_large_image\" \/>\n<meta name=\"twitter:creator\" content=\"@LaGuiadPamplona\" \/>\n<meta name=\"twitter:site\" content=\"@LaGuiadPamplona\" \/>\n<meta name=\"twitter:label1\" content=\"Escrito por\" \/>\n\t<meta name=\"twitter:data1\" content=\"La Gu\u00eda de Pamplona\" \/>\n\t<meta name=\"twitter:label2\" content=\"Tiempo de lectura\" \/>\n\t<meta name=\"twitter:data2\" content=\"3 minutos\" \/>\n<script type=\"application\/ld+json\" class=\"yoast-schema-graph\">{\"@context\":\"https:\\\/\\\/schema.org\",\"@graph\":[{\"@type\":\"Article\",\"@id\":\"https:\\\/\\\/www.laguiadepamplona.com\\\/actualidad\\\/convocadas-las-ayudas-municipales-para-entidades-culturales-y-artisticas-que-repartiran-309-000-euros\\\/#article\",\"isPartOf\":{\"@id\":\"https:\\\/\\\/www.laguiadepamplona.com\\\/actualidad\\\/convocadas-las-ayudas-municipales-para-entidades-culturales-y-artisticas-que-repartiran-309-000-euros\\\/\"},\"author\":{\"name\":\"La Gu\u00eda de Pamplona\",\"@id\":\"https:\\\/\\\/www.laguiadepamplona.com\\\/actualidad\\\/#\\\/schema\\\/person\\\/efe887376f0213d4657c93adc50b1fdb\"},\"headline\":\"Convocadas las ayudas municipales para entidades culturales y art\u00edsticas que repartir\u00e1n 309.000 euros\",\"datePublished\":\"2023-05-18T10:10:32+00:00\",\"mainEntityOfPage\":{\"@id\":\"https:\\\/\\\/www.laguiadepamplona.com\\\/actualidad\\\/convocadas-las-ayudas-municipales-para-entidades-culturales-y-artisticas-que-repartiran-309-000-euros\\\/\"},\"wordCount\":718,\"commentCount\":0,\"publisher\":{\"@id\":\"https:\\\/\\\/www.laguiadepamplona.com\\\/actualidad\\\/#organization\"},\"image\":{\"@id\":\"https:\\\/\\\/www.laguiadepamplona.com\\\/actualidad\\\/convocadas-las-ayudas-municipales-para-entidades-culturales-y-artisticas-que-repartiran-309-000-euros\\\/#primaryimage\"},\"thumbnailUrl\":\"https:\\\/\\\/www.laguiadepamplona.com\\\/actualidad\\\/wp-content\\\/uploads\\\/2023\\\/05\\\/musica_concierto_02_0.webp\",\"articleSection\":[\"Ayto Pamplona\"],\"inLanguage\":\"es\",\"potentialAction\":[{\"@type\":\"CommentAction\",\"name\":\"Comment\",\"target\":[\"https:\\\/\\\/www.laguiadepamplona.com\\\/actualidad\\\/convocadas-las-ayudas-municipales-para-entidades-culturales-y-artisticas-que-repartiran-309-000-euros\\\/#respond\"]}]},{\"@type\":\"WebPage\",\"@id\":\"https:\\\/\\\/www.laguiadepamplona.com\\\/actualidad\\\/convocadas-las-ayudas-municipales-para-entidades-culturales-y-artisticas-que-repartiran-309-000-euros\\\/\",\"url\":\"https:\\\/\\\/www.laguiadepamplona.com\\\/actualidad\\\/convocadas-las-ayudas-municipales-para-entidades-culturales-y-artisticas-que-repartiran-309-000-euros\\\/\",\"name\":\"Convocadas las ayudas municipales para entidades culturales y art\u00edsticas que repartir\u00e1n 309.000 euros\",\"isPartOf\":{\"@id\":\"https:\\\/\\\/www.laguiadepamplona.com\\\/actualidad\\\/#website\"},\"primaryImageOfPage\":{\"@id\":\"https:\\\/\\\/www.laguiadepamplona.com\\\/actualidad\\\/convocadas-las-ayudas-municipales-para-entidades-culturales-y-artisticas-que-repartiran-309-000-euros\\\/#primaryimage\"},\"image\":{\"@id\":\"https:\\\/\\\/www.laguiadepamplona.com\\\/actualidad\\\/convocadas-las-ayudas-municipales-para-entidades-culturales-y-artisticas-que-repartiran-309-000-euros\\\/#primaryimage\"},\"thumbnailUrl\":\"https:\\\/\\\/www.laguiadepamplona.com\\\/actualidad\\\/wp-content\\\/uploads\\\/2023\\\/05\\\/musica_concierto_02_0.webp\",\"datePublished\":\"2023-05-18T10:10:32+00:00\",\"description\":\"El Ayuntamiento de Pamplona busca proyectos que contribuyan al desarrollo de la cultura en la ciudad a trav\u00e9s de cualquiera de sus manifestaciones\",\"breadcrumb\":{\"@id\":\"https:\\\/\\\/www.laguiadepamplona.com\\\/actualidad\\\/convocadas-las-ayudas-municipales-para-entidades-culturales-y-artisticas-que-repartiran-309-000-euros\\\/#breadcrumb\"},\"inLanguage\":\"es\",\"potentialAction\":[{\"@type\":\"ReadAction\",\"target\":[\"https:\\\/\\\/www.laguiadepamplona.com\\\/actualidad\\\/convocadas-las-ayudas-municipales-para-entidades-culturales-y-artisticas-que-repartiran-309-000-euros\\\/\"]}]},{\"@type\":\"ImageObject\",\"inLanguage\":\"es\",\"@id\":\"https:\\\/\\\/www.laguiadepamplona.com\\\/actualidad\\\/convocadas-las-ayudas-municipales-para-entidades-culturales-y-artisticas-que-repartiran-309-000-euros\\\/#primaryimage\",\"url\":\"https:\\\/\\\/www.laguiadepamplona.com\\\/actualidad\\\/wp-content\\\/uploads\\\/2023\\\/05\\\/musica_concierto_02_0.webp\",\"contentUrl\":\"https:\\\/\\\/www.laguiadepamplona.com\\\/actualidad\\\/wp-content\\\/uploads\\\/2023\\\/05\\\/musica_concierto_02_0.webp\",\"width\":1920,\"height\":1273},{\"@type\":\"BreadcrumbList\",\"@id\":\"https:\\\/\\\/www.laguiadepamplona.com\\\/actualidad\\\/convocadas-las-ayudas-municipales-para-entidades-culturales-y-artisticas-que-repartiran-309-000-euros\\\/#breadcrumb\",\"itemListElement\":[{\"@type\":\"ListItem\",\"position\":1,\"name\":\"Portada\",\"item\":\"https:\\\/\\\/www.laguiadepamplona.com\\\/actualidad\\\/\"},{\"@type\":\"ListItem\",\"position\":2,\"name\":\"Convocadas las ayudas municipales para entidades culturales y art\u00edsticas que repartir\u00e1n 309.000 euros\"}]},{\"@type\":\"WebSite\",\"@id\":\"https:\\\/\\\/www.laguiadepamplona.com\\\/actualidad\\\/#website\",\"url\":\"https:\\\/\\\/www.laguiadepamplona.com\\\/actualidad\\\/\",\"name\":\"La gu\u00eda de Pamplona\",\"description\":\"Noticias de Pamplona\",\"publisher\":{\"@id\":\"https:\\\/\\\/www.laguiadepamplona.com\\\/actualidad\\\/#organization\"},\"potentialAction\":[{\"@type\":\"SearchAction\",\"target\":{\"@type\":\"EntryPoint\",\"urlTemplate\":\"https:\\\/\\\/www.laguiadepamplona.com\\\/actualidad\\\/?s={search_term_string}\"},\"query-input\":{\"@type\":\"PropertyValueSpecification\",\"valueRequired\":true,\"valueName\":\"search_term_string\"}}],\"inLanguage\":\"es\"},{\"@type\":\"Organization\",\"@id\":\"https:\\\/\\\/www.laguiadepamplona.com\\\/actualidad\\\/#organization\",\"name\":\"La Gu\u00eda de Pamplona \\\/ Noticias\",\"url\":\"https:\\\/\\\/www.laguiadepamplona.com\\\/actualidad\\\/\",\"logo\":{\"@type\":\"ImageObject\",\"inLanguage\":\"es\",\"@id\":\"https:\\\/\\\/www.laguiadepamplona.com\\\/actualidad\\\/#\\\/schema\\\/logo\\\/image\\\/\",\"url\":\"https:\\\/\\\/www.laguiadepamplona.com\\\/actualidad\\\/wp-content\\\/uploads\\\/2018\\\/11\\\/logo-laguiadepamplona18-web1.png\",\"contentUrl\":\"https:\\\/\\\/www.laguiadepamplona.com\\\/actualidad\\\/wp-content\\\/uploads\\\/2018\\\/11\\\/logo-laguiadepamplona18-web1.png\",\"width\":600,\"height\":196,\"caption\":\"La Gu\u00eda de Pamplona \\\/ Noticias\"},\"image\":{\"@id\":\"https:\\\/\\\/www.laguiadepamplona.com\\\/actualidad\\\/#\\\/schema\\\/logo\\\/image\\\/\"},\"sameAs\":[\"https:\\\/\\\/www.facebook.com\\\/laguiadepamplonacom-133175176762273\\\/?ref=hl\",\"https:\\\/\\\/x.com\\\/LaGuiadPamplona\",\"https:\\\/\\\/www.instagram.com\\\/la_guia_de_pamplona\\\/\",\"https:\\\/\\\/www.youtube.com\\\/user\\\/laguiadepamplona\"]},{\"@type\":\"Person\",\"@id\":\"https:\\\/\\\/www.laguiadepamplona.com\\\/actualidad\\\/#\\\/schema\\\/person\\\/efe887376f0213d4657c93adc50b1fdb\",\"name\":\"La Gu\u00eda de Pamplona\",\"image\":{\"@type\":\"ImageObject\",\"inLanguage\":\"es\",\"@id\":\"https:\\\/\\\/secure.gravatar.com\\\/avatar\\\/b6992f131dc8d30ab0dff15446e9d346d9dbd95992de0fef795073f5ea83a81c?s=96&d=mm&r=g\",\"url\":\"https:\\\/\\\/secure.gravatar.com\\\/avatar\\\/b6992f131dc8d30ab0dff15446e9d346d9dbd95992de0fef795073f5ea83a81c?s=96&d=mm&r=g\",\"contentUrl\":\"https:\\\/\\\/secure.gravatar.com\\\/avatar\\\/b6992f131dc8d30ab0dff15446e9d346d9dbd95992de0fef795073f5ea83a81c?s=96&d=mm&r=g\",\"caption\":\"La Gu\u00eda de Pamplona\"}}]}<\/script>\n<!-- \/ Yoast SEO plugin. -->","yoast_head_json":{"title":"Convocadas las ayudas municipales para entidades culturales y art\u00edsticas que repartir\u00e1n 309.000 euros","description":"El Ayuntamiento de Pamplona busca proyectos que contribuyan al desarrollo de la cultura en la ciudad a trav\u00e9s de cualquiera de sus manifestaciones","robots":{"index":"index","follow":"follow","max-snippet":"max-snippet:-1","max-image-preview":"max-image-preview:large","max-video-preview":"max-video-preview:-1"},"canonical":"https:\/\/www.laguiadepamplona.com\/actualidad\/convocadas-las-ayudas-municipales-para-entidades-culturales-y-artisticas-que-repartiran-309-000-euros\/","og_locale":"es_ES","og_type":"article","og_title":"Convocadas las ayudas municipales para entidades culturales y art\u00edsticas que repartir\u00e1n 309.000 euros","og_description":"El Ayuntamiento de Pamplona busca proyectos que contribuyan al desarrollo de la cultura en la ciudad a trav\u00e9s de cualquiera de sus manifestaciones","og_url":"https:\/\/www.laguiadepamplona.com\/actualidad\/convocadas-las-ayudas-municipales-para-entidades-culturales-y-artisticas-que-repartiran-309-000-euros\/","og_site_name":"La Gu\u00eda de Pamplona","article_publisher":"https:\/\/www.facebook.com\/laguiadepamplonacom-133175176762273\/?ref=hl","article_published_time":"2023-05-18T10:10:32+00:00","og_image":[{"width":1920,"height":1273,"url":"https:\/\/www.laguiadepamplona.com\/actualidad\/wp-content\/uploads\/2023\/05\/musica_concierto_02_0.webp","type":"image\/webp"}],"author":"La Gu\u00eda de Pamplona","twitter_card":"summary_large_image","twitter_creator":"@LaGuiadPamplona","twitter_site":"@LaGuiadPamplona","twitter_misc":{"Escrito por":"La Gu\u00eda de Pamplona","Tiempo de lectura":"3 minutos"},"schema":{"@context":"https:\/\/schema.org","@graph":[{"@type":"Article","@id":"https:\/\/www.laguiadepamplona.com\/actualidad\/convocadas-las-ayudas-municipales-para-entidades-culturales-y-artisticas-que-repartiran-309-000-euros\/#article","isPartOf":{"@id":"https:\/\/www.laguiadepamplona.com\/actualidad\/convocadas-las-ayudas-municipales-para-entidades-culturales-y-artisticas-que-repartiran-309-000-euros\/"},"author":{"name":"La Gu\u00eda de Pamplona","@id":"https:\/\/www.laguiadepamplona.com\/actualidad\/#\/schema\/person\/efe887376f0213d4657c93adc50b1fdb"},"headline":"Convocadas las ayudas municipales para entidades culturales y art\u00edsticas que repartir\u00e1n 309.000 euros","datePublished":"2023-05-18T10:10:32+00:00","mainEntityOfPage":{"@id":"https:\/\/www.laguiadepamplona.com\/actualidad\/convocadas-las-ayudas-municipales-para-entidades-culturales-y-artisticas-que-repartiran-309-000-euros\/"},"wordCount":718,"commentCount":0,"publisher":{"@id":"https:\/\/www.laguiadepamplona.com\/actualidad\/#organization"},"image":{"@id":"https:\/\/www.laguiadepamplona.com\/actualidad\/convocadas-las-ayudas-municipales-para-entidades-culturales-y-artisticas-que-repartiran-309-000-euros\/#primaryimage"},"thumbnailUrl":"https:\/\/www.laguiadepamplona.com\/actualidad\/wp-content\/uploads\/2023\/05\/musica_concierto_02_0.webp","articleSection":["Ayto Pamplona"],"inLanguage":"es","potentialAction":[{"@type":"CommentAction","name":"Comment","target":["https:\/\/www.laguiadepamplona.com\/actualidad\/convocadas-las-ayudas-municipales-para-entidades-culturales-y-artisticas-que-repartiran-309-000-euros\/#respond"]}]},{"@type":"WebPage","@id":"https:\/\/www.laguiadepamplona.com\/actualidad\/convocadas-las-ayudas-municipales-para-entidades-culturales-y-artisticas-que-repartiran-309-000-euros\/","url":"https:\/\/www.laguiadepamplona.com\/actualidad\/convocadas-las-ayudas-municipales-para-entidades-culturales-y-artisticas-que-repartiran-309-000-euros\/","name":"Convocadas las ayudas municipales para entidades culturales y art\u00edsticas que repartir\u00e1n 309.000 euros","isPartOf":{"@id":"https:\/\/www.laguiadepamplona.com\/actualidad\/#website"},"primaryImageOfPage":{"@id":"https:\/\/www.laguiadepamplona.com\/actualidad\/convocadas-las-ayudas-municipales-para-entidades-culturales-y-artisticas-que-repartiran-309-000-euros\/#primaryimage"},"image":{"@id":"https:\/\/www.laguiadepamplona.com\/actualidad\/convocadas-las-ayudas-municipales-para-entidades-culturales-y-artisticas-que-repartiran-309-000-euros\/#primaryimage"},"thumbnailUrl":"https:\/\/www.laguiadepamplona.com\/actualidad\/wp-content\/uploads\/2023\/05\/musica_concierto_02_0.webp","datePublished":"2023-05-18T10:10:32+00:00","description":"El Ayuntamiento de Pamplona busca proyectos que contribuyan al desarrollo de la cultura en la ciudad a trav\u00e9s de cualquiera de sus manifestaciones","breadcrumb":{"@id":"https:\/\/www.laguiadepamplona.com\/actualidad\/convocadas-las-ayudas-municipales-para-entidades-culturales-y-artisticas-que-repartiran-309-000-euros\/#breadcrumb"},"inLanguage":"es","potentialAction":[{"@type":"ReadAction","target":["https:\/\/www.laguiadepamplona.com\/actualidad\/convocadas-las-ayudas-municipales-para-entidades-culturales-y-artisticas-que-repartiran-309-000-euros\/"]}]},{"@type":"ImageObject","inLanguage":"es","@id":"https:\/\/www.laguiadepamplona.com\/actualidad\/convocadas-las-ayudas-municipales-para-entidades-culturales-y-artisticas-que-repartiran-309-000-euros\/#primaryimage","url":"https:\/\/www.laguiadepamplona.com\/actualidad\/wp-content\/uploads\/2023\/05\/musica_concierto_02_0.webp","contentUrl":"https:\/\/www.laguiadepamplona.com\/actualidad\/wp-content\/uploads\/2023\/05\/musica_concierto_02_0.webp","width":1920,"height":1273},{"@type":"BreadcrumbList","@id":"https:\/\/www.laguiadepamplona.com\/actualidad\/convocadas-las-ayudas-municipales-para-entidades-culturales-y-artisticas-que-repartiran-309-000-euros\/#breadcrumb","itemListElement":[{"@type":"ListItem","position":1,"name":"Portada","item":"https:\/\/www.laguiadepamplona.com\/actualidad\/"},{"@type":"ListItem","position":2,"name":"Convocadas las ayudas municipales para entidades culturales y art\u00edsticas que repartir\u00e1n 309.000 euros"}]},{"@type":"WebSite","@id":"https:\/\/www.laguiadepamplona.com\/actualidad\/#website","url":"https:\/\/www.laguiadepamplona.com\/actualidad\/","name":"La gu\u00eda de Pamplona","description":"Noticias de Pamplona","publisher":{"@id":"https:\/\/www.laguiadepamplona.com\/actualidad\/#organization"},"potentialAction":[{"@type":"SearchAction","target":{"@type":"EntryPoint","urlTemplate":"https:\/\/www.laguiadepamplona.com\/actualidad\/?s={search_term_string}"},"query-input":{"@type":"PropertyValueSpecification","valueRequired":true,"valueName":"search_term_string"}}],"inLanguage":"es"},{"@type":"Organization","@id":"https:\/\/www.laguiadepamplona.com\/actualidad\/#organization","name":"La Gu\u00eda de Pamplona \/ Noticias","url":"https:\/\/www.laguiadepamplona.com\/actualidad\/","logo":{"@type":"ImageObject","inLanguage":"es","@id":"https:\/\/www.laguiadepamplona.com\/actualidad\/#\/schema\/logo\/image\/","url":"https:\/\/www.laguiadepamplona.com\/actualidad\/wp-content\/uploads\/2018\/11\/logo-laguiadepamplona18-web1.png","contentUrl":"https:\/\/www.laguiadepamplona.com\/actualidad\/wp-content\/uploads\/2018\/11\/logo-laguiadepamplona18-web1.png","width":600,"height":196,"caption":"La Gu\u00eda de Pamplona \/ Noticias"},"image":{"@id":"https:\/\/www.laguiadepamplona.com\/actualidad\/#\/schema\/logo\/image\/"},"sameAs":["https:\/\/www.facebook.com\/laguiadepamplonacom-133175176762273\/?ref=hl","https:\/\/x.com\/LaGuiadPamplona","https:\/\/www.instagram.com\/la_guia_de_pamplona\/","https:\/\/www.youtube.com\/user\/laguiadepamplona"]},{"@type":"Person","@id":"https:\/\/www.laguiadepamplona.com\/actualidad\/#\/schema\/person\/efe887376f0213d4657c93adc50b1fdb","name":"La Gu\u00eda de Pamplona","image":{"@type":"ImageObject","inLanguage":"es","@id":"https:\/\/secure.gravatar.com\/avatar\/b6992f131dc8d30ab0dff15446e9d346d9dbd95992de0fef795073f5ea83a81c?s=96&d=mm&r=g","url":"https:\/\/secure.gravatar.com\/avatar\/b6992f131dc8d30ab0dff15446e9d346d9dbd95992de0fef795073f5ea83a81c?s=96&d=mm&r=g","contentUrl":"https:\/\/secure.gravatar.com\/avatar\/b6992f131dc8d30ab0dff15446e9d346d9dbd95992de0fef795073f5ea83a81c?s=96&d=mm&r=g","caption":"La Gu\u00eda de Pamplona"}}]}},"post_mailing_queue_ids":[],"_links":{"self":[{"href":"https:\/\/www.laguiadepamplona.com\/actualidad\/wp-json\/wp\/v2\/posts\/46743","targetHints":{"allow":["GET"]}}],"collection":[{"href":"https:\/\/www.laguiadepamplona.com\/actualidad\/wp-json\/wp\/v2\/posts"}],"about":[{"href":"https:\/\/www.laguiadepamplona.com\/actualidad\/wp-json\/wp\/v2\/types\/post"}],"author":[{"embeddable":true,"href":"https:\/\/www.laguiadepamplona.com\/actualidad\/wp-json\/wp\/v2\/users\/1"}],"replies":[{"embeddable":true,"href":"https:\/\/www.laguiadepamplona.com\/actualidad\/wp-json\/wp\/v2\/comments?post=46743"}],"version-history":[{"count":1,"href":"https:\/\/www.laguiadepamplona.com\/actualidad\/wp-json\/wp\/v2\/posts\/46743\/revisions"}],"predecessor-version":[{"id":46745,"href":"https:\/\/www.laguiadepamplona.com\/actualidad\/wp-json\/wp\/v2\/posts\/46743\/revisions\/46745"}],"wp:featuredmedia":[{"embeddable":true,"href":"https:\/\/www.laguiadepamplona.com\/actualidad\/wp-json\/wp\/v2\/media\/46744"}],"wp:attachment":[{"href":"https:\/\/www.laguiadepamplona.com\/actualidad\/wp-json\/wp\/v2\/media?parent=46743"}],"wp:term":[{"taxonomy":"category","embeddable":true,"href":"https:\/\/www.laguiadepamplona.com\/actualidad\/wp-json\/wp\/v2\/categories?post=46743"},{"taxonomy":"post_tag","embeddable":true,"href":"https:\/\/www.laguiadepamplona.com\/actualidad\/wp-json\/wp\/v2\/tags?post=46743"}],"curies":[{"name":"wp","href":"https:\/\/api.w.org\/{rel}","templated":true}]}}