{"id":46722,"date":"2023-05-17T17:45:49","date_gmt":"2023-05-17T15:45:49","guid":{"rendered":"https:\/\/www.laguiadepamplona.com\/actualidad\/?p=46722"},"modified":"2023-05-17T17:45:49","modified_gmt":"2023-05-17T15:45:49","slug":"pamplona-explica-las-claves-de-su-estrategia-de-eficiencia-y-sostenibilidad-en-un-encuentro-celebrado-este-miercoles-en-madrid","status":"publish","type":"post","link":"https:\/\/www.laguiadepamplona.com\/actualidad\/pamplona-explica-las-claves-de-su-estrategia-de-eficiencia-y-sostenibilidad-en-un-encuentro-celebrado-este-miercoles-en-madrid\/","title":{"rendered":"Pamplona explica las claves de su estrategia de eficiencia y sostenibilidad en un encuentro celebrado este mi\u00e9rcoles en Madrid"},"content":{"rendered":"<h3>El Ayuntamiento participa junto a otras ciudades en el evento \u2018TIC para la eficiencia y sostenibilidad de los entornos urbanos\u2019<\/h3>\n<p><!--more--><\/p>\n<p>Pamplona ha participado este mi\u00e9rcoles en el evento \u2018TIC para la eficiencia y sostenibilidad de los entornos urbanos\u2019, que se ha celebrado en CaixaForum Madrid. El encuentro, organizado por la revista \u2018Sociedad de la Informaci\u00f3n Digital\u2019, ha contado con la colaboraci\u00f3n del Ayuntamiento de Pamplona, as\u00ed como del Ministerio de Transportes, Movilidad y Agenda Urbana, el Ayuntamiento de Madrid, el Ayuntamiento de Torrelodones y el Cabildo de Tenerife.<\/p>\n<p>Pamplona ha estado representada por el director del \u00e1rea de Proyectos Estrat\u00e9gicos, Movilidad y Sostenibilidad, Alejandro Astibia, quien ha abordado las claves de \u2018Go Green Pamplona\u2019, la Estrategia de Transici\u00f3n Energ\u00e9tica y Cambio Clim\u00e1tico2030 del Ayuntamiento, que busca reducir las emisiones, mejorar la eficiencia energ\u00e9tica y la movilidad sostenible.<br \/>\n<script async src=\"\/\/pagead2.googlesyndication.com\/pagead\/js\/adsbygoogle.js\"><\/script><br \/>\n<!-- Noticias La Guia de Pamplona --><br \/>\n<ins class=\"adsbygoogle\"\nstyle=\"display:block\"\ndata-ad-client=\"ca-pub-6943679897239327\"\ndata-ad-slot=\"7048180777\"\ndata-ad-format=\"auto\"><\/ins><br \/>\n<script>\n(adsbygoogle = window.adsbygoogle || []).push({});\n<\/script><\/p>\n<p>En el encuentro tambi\u00e9n ha intervenido la directora de la revista \u2018Sociedad de la Informaci\u00f3n Digital\u2019, Carolina S\u00e1nchez; la subdirectora adjunta de Pol\u00edticas Urbanas del Ministerio de Transportes, Movilidad y Agenda Urbana, Sonia Hern\u00e1ndez; el director General de la Oficina Digital del Ayuntamiento de Madrid, Fernando de Pablo; el gerente de Sector P\u00fablico de la empresa patrocinadora Esri Espa\u00f1a, Diego Hidalgo del Cid; el coordinador del \u00c1rea de Econom\u00eda y Organizaci\u00f3n del Ayuntamiento de Rivas Vaciamadrid, y vicepresidente de la Red de Ciudades Inteligentes, Carlos Ventura; el jefe del Servicio T\u00e9cnico de Planificaci\u00f3n y Estrategias TIC de la direcci\u00f3n insular de Modernizaci\u00f3n del Cabildo de Tenerife, Clemente Barreto; el presidente de IdenCity, Jordi Hereu; y la concejala de Educaci\u00f3n, Juventud e Infancia, Tecnolog\u00eda de la Informaci\u00f3n y Transformaci\u00f3n Digital del Ayuntamiento de Torrelodones, Mar\u00eda \u00c1ngeles Barba. El encuentro ha concluido con la entrega de premios Socinfo Digital \u2018Ciudades Sostenibles&amp;TIC\u2019.<\/p>\n","protected":false},"excerpt":{"rendered":"<p>El Ayuntamiento participa junto a otras ciudades en el evento \u2018TIC para la eficiencia y sostenibilidad de los entornos urbanos\u2019<\/p>\n","protected":false},"author":1,"featured_media":46723,"comment_status":"open","ping_status":"closed","sticky":false,"template":"","format":"standard","meta":{"footnotes":""},"categories":[2],"tags":[],"class_list":["post-46722","post","type-post","status-publish","format-standard","has-post-thumbnail","hentry","category-ayuntamiento-pamplona"],"yoast_head":"<!-- This site is optimized with the Yoast SEO plugin v27.3 - https:\/\/yoast.com\/product\/yoast-seo-wordpress\/ -->\n<title>Pamplona explica las claves de su estrategia de eficiencia y sostenibilidad en un encuentro celebrado este mi\u00e9rcoles en Madrid<\/title>\n<meta name=\"description\" content=\"El Ayuntamiento participa junto a otras ciudades en el evento \u2018TIC para la eficiencia y sostenibilidad de los entornos urbanos\u2019\" \/>\n<meta name=\"robots\" content=\"index, follow, max-snippet:-1, max-image-preview:large, max-video-preview:-1\" \/>\n<link rel=\"canonical\" href=\"https:\/\/www.laguiadepamplona.com\/actualidad\/pamplona-explica-las-claves-de-su-estrategia-de-eficiencia-y-sostenibilidad-en-un-encuentro-celebrado-este-miercoles-en-madrid\/\" \/>\n<meta property=\"og:locale\" content=\"es_ES\" \/>\n<meta property=\"og:type\" content=\"article\" \/>\n<meta property=\"og:title\" content=\"Pamplona explica las claves de su estrategia de eficiencia y sostenibilidad en un encuentro celebrado este mi\u00e9rcoles en Madrid\" \/>\n<meta property=\"og:description\" content=\"El Ayuntamiento participa junto a otras ciudades en el evento \u2018TIC para la eficiencia y sostenibilidad de los entornos urbanos\u2019\" \/>\n<meta property=\"og:url\" content=\"https:\/\/www.laguiadepamplona.com\/actualidad\/pamplona-explica-las-claves-de-su-estrategia-de-eficiencia-y-sostenibilidad-en-un-encuentro-celebrado-este-miercoles-en-madrid\/\" \/>\n<meta property=\"og:site_name\" content=\"La Gu\u00eda de Pamplona\" \/>\n<meta property=\"article:publisher\" content=\"https:\/\/www.facebook.com\/laguiadepamplonacom-133175176762273\/?ref=hl\" \/>\n<meta property=\"article:published_time\" content=\"2023-05-17T15:45:49+00:00\" \/>\n<meta property=\"og:image\" content=\"https:\/\/www.laguiadepamplona.com\/actualidad\/wp-content\/uploads\/2023\/05\/Tic-eficiencia-y-sostenibilidad-urbano-1.webp\" \/>\n\t<meta property=\"og:image:width\" content=\"1920\" \/>\n\t<meta property=\"og:image:height\" content=\"1080\" \/>\n\t<meta property=\"og:image:type\" content=\"image\/webp\" \/>\n<meta name=\"author\" content=\"La Gu\u00eda de Pamplona\" \/>\n<meta name=\"twitter:card\" content=\"summary_large_image\" \/>\n<meta name=\"twitter:creator\" content=\"@LaGuiadPamplona\" \/>\n<meta name=\"twitter:site\" content=\"@LaGuiadPamplona\" \/>\n<meta name=\"twitter:label1\" content=\"Escrito por\" \/>\n\t<meta name=\"twitter:data1\" content=\"La Gu\u00eda de Pamplona\" \/>\n\t<meta name=\"twitter:label2\" content=\"Tiempo de lectura\" \/>\n\t<meta name=\"twitter:data2\" content=\"2 minutos\" \/>\n<script type=\"application\/ld+json\" class=\"yoast-schema-graph\">{\"@context\":\"https:\\\/\\\/schema.org\",\"@graph\":[{\"@type\":\"Article\",\"@id\":\"https:\\\/\\\/www.laguiadepamplona.com\\\/actualidad\\\/pamplona-explica-las-claves-de-su-estrategia-de-eficiencia-y-sostenibilidad-en-un-encuentro-celebrado-este-miercoles-en-madrid\\\/#article\",\"isPartOf\":{\"@id\":\"https:\\\/\\\/www.laguiadepamplona.com\\\/actualidad\\\/pamplona-explica-las-claves-de-su-estrategia-de-eficiencia-y-sostenibilidad-en-un-encuentro-celebrado-este-miercoles-en-madrid\\\/\"},\"author\":{\"name\":\"La Gu\u00eda de Pamplona\",\"@id\":\"https:\\\/\\\/www.laguiadepamplona.com\\\/actualidad\\\/#\\\/schema\\\/person\\\/efe887376f0213d4657c93adc50b1fdb\"},\"headline\":\"Pamplona explica las claves de su estrategia de eficiencia y sostenibilidad en un encuentro celebrado este mi\u00e9rcoles en Madrid\",\"datePublished\":\"2023-05-17T15:45:49+00:00\",\"mainEntityOfPage\":{\"@id\":\"https:\\\/\\\/www.laguiadepamplona.com\\\/actualidad\\\/pamplona-explica-las-claves-de-su-estrategia-de-eficiencia-y-sostenibilidad-en-un-encuentro-celebrado-este-miercoles-en-madrid\\\/\"},\"wordCount\":334,\"commentCount\":0,\"publisher\":{\"@id\":\"https:\\\/\\\/www.laguiadepamplona.com\\\/actualidad\\\/#organization\"},\"image\":{\"@id\":\"https:\\\/\\\/www.laguiadepamplona.com\\\/actualidad\\\/pamplona-explica-las-claves-de-su-estrategia-de-eficiencia-y-sostenibilidad-en-un-encuentro-celebrado-este-miercoles-en-madrid\\\/#primaryimage\"},\"thumbnailUrl\":\"https:\\\/\\\/www.laguiadepamplona.com\\\/actualidad\\\/wp-content\\\/uploads\\\/2023\\\/05\\\/Tic-eficiencia-y-sostenibilidad-urbano-1.webp\",\"articleSection\":[\"Ayto Pamplona\"],\"inLanguage\":\"es\",\"potentialAction\":[{\"@type\":\"CommentAction\",\"name\":\"Comment\",\"target\":[\"https:\\\/\\\/www.laguiadepamplona.com\\\/actualidad\\\/pamplona-explica-las-claves-de-su-estrategia-de-eficiencia-y-sostenibilidad-en-un-encuentro-celebrado-este-miercoles-en-madrid\\\/#respond\"]}]},{\"@type\":\"WebPage\",\"@id\":\"https:\\\/\\\/www.laguiadepamplona.com\\\/actualidad\\\/pamplona-explica-las-claves-de-su-estrategia-de-eficiencia-y-sostenibilidad-en-un-encuentro-celebrado-este-miercoles-en-madrid\\\/\",\"url\":\"https:\\\/\\\/www.laguiadepamplona.com\\\/actualidad\\\/pamplona-explica-las-claves-de-su-estrategia-de-eficiencia-y-sostenibilidad-en-un-encuentro-celebrado-este-miercoles-en-madrid\\\/\",\"name\":\"Pamplona explica las claves de su estrategia de eficiencia y sostenibilidad en un encuentro celebrado este mi\u00e9rcoles en Madrid\",\"isPartOf\":{\"@id\":\"https:\\\/\\\/www.laguiadepamplona.com\\\/actualidad\\\/#website\"},\"primaryImageOfPage\":{\"@id\":\"https:\\\/\\\/www.laguiadepamplona.com\\\/actualidad\\\/pamplona-explica-las-claves-de-su-estrategia-de-eficiencia-y-sostenibilidad-en-un-encuentro-celebrado-este-miercoles-en-madrid\\\/#primaryimage\"},\"image\":{\"@id\":\"https:\\\/\\\/www.laguiadepamplona.com\\\/actualidad\\\/pamplona-explica-las-claves-de-su-estrategia-de-eficiencia-y-sostenibilidad-en-un-encuentro-celebrado-este-miercoles-en-madrid\\\/#primaryimage\"},\"thumbnailUrl\":\"https:\\\/\\\/www.laguiadepamplona.com\\\/actualidad\\\/wp-content\\\/uploads\\\/2023\\\/05\\\/Tic-eficiencia-y-sostenibilidad-urbano-1.webp\",\"datePublished\":\"2023-05-17T15:45:49+00:00\",\"description\":\"El Ayuntamiento participa junto a otras ciudades en el evento \u2018TIC para la eficiencia y sostenibilidad de los entornos urbanos\u2019\",\"breadcrumb\":{\"@id\":\"https:\\\/\\\/www.laguiadepamplona.com\\\/actualidad\\\/pamplona-explica-las-claves-de-su-estrategia-de-eficiencia-y-sostenibilidad-en-un-encuentro-celebrado-este-miercoles-en-madrid\\\/#breadcrumb\"},\"inLanguage\":\"es\",\"potentialAction\":[{\"@type\":\"ReadAction\",\"target\":[\"https:\\\/\\\/www.laguiadepamplona.com\\\/actualidad\\\/pamplona-explica-las-claves-de-su-estrategia-de-eficiencia-y-sostenibilidad-en-un-encuentro-celebrado-este-miercoles-en-madrid\\\/\"]}]},{\"@type\":\"ImageObject\",\"inLanguage\":\"es\",\"@id\":\"https:\\\/\\\/www.laguiadepamplona.com\\\/actualidad\\\/pamplona-explica-las-claves-de-su-estrategia-de-eficiencia-y-sostenibilidad-en-un-encuentro-celebrado-este-miercoles-en-madrid\\\/#primaryimage\",\"url\":\"https:\\\/\\\/www.laguiadepamplona.com\\\/actualidad\\\/wp-content\\\/uploads\\\/2023\\\/05\\\/Tic-eficiencia-y-sostenibilidad-urbano-1.webp\",\"contentUrl\":\"https:\\\/\\\/www.laguiadepamplona.com\\\/actualidad\\\/wp-content\\\/uploads\\\/2023\\\/05\\\/Tic-eficiencia-y-sostenibilidad-urbano-1.webp\",\"width\":1920,\"height\":1080},{\"@type\":\"BreadcrumbList\",\"@id\":\"https:\\\/\\\/www.laguiadepamplona.com\\\/actualidad\\\/pamplona-explica-las-claves-de-su-estrategia-de-eficiencia-y-sostenibilidad-en-un-encuentro-celebrado-este-miercoles-en-madrid\\\/#breadcrumb\",\"itemListElement\":[{\"@type\":\"ListItem\",\"position\":1,\"name\":\"Portada\",\"item\":\"https:\\\/\\\/www.laguiadepamplona.com\\\/actualidad\\\/\"},{\"@type\":\"ListItem\",\"position\":2,\"name\":\"Pamplona explica las claves de su estrategia de eficiencia y sostenibilidad en un encuentro celebrado este mi\u00e9rcoles en Madrid\"}]},{\"@type\":\"WebSite\",\"@id\":\"https:\\\/\\\/www.laguiadepamplona.com\\\/actualidad\\\/#website\",\"url\":\"https:\\\/\\\/www.laguiadepamplona.com\\\/actualidad\\\/\",\"name\":\"La gu\u00eda de Pamplona\",\"description\":\"Noticias de Pamplona\",\"publisher\":{\"@id\":\"https:\\\/\\\/www.laguiadepamplona.com\\\/actualidad\\\/#organization\"},\"potentialAction\":[{\"@type\":\"SearchAction\",\"target\":{\"@type\":\"EntryPoint\",\"urlTemplate\":\"https:\\\/\\\/www.laguiadepamplona.com\\\/actualidad\\\/?s={search_term_string}\"},\"query-input\":{\"@type\":\"PropertyValueSpecification\",\"valueRequired\":true,\"valueName\":\"search_term_string\"}}],\"inLanguage\":\"es\"},{\"@type\":\"Organization\",\"@id\":\"https:\\\/\\\/www.laguiadepamplona.com\\\/actualidad\\\/#organization\",\"name\":\"La Gu\u00eda de Pamplona \\\/ Noticias\",\"url\":\"https:\\\/\\\/www.laguiadepamplona.com\\\/actualidad\\\/\",\"logo\":{\"@type\":\"ImageObject\",\"inLanguage\":\"es\",\"@id\":\"https:\\\/\\\/www.laguiadepamplona.com\\\/actualidad\\\/#\\\/schema\\\/logo\\\/image\\\/\",\"url\":\"https:\\\/\\\/www.laguiadepamplona.com\\\/actualidad\\\/wp-content\\\/uploads\\\/2018\\\/11\\\/logo-laguiadepamplona18-web1.png\",\"contentUrl\":\"https:\\\/\\\/www.laguiadepamplona.com\\\/actualidad\\\/wp-content\\\/uploads\\\/2018\\\/11\\\/logo-laguiadepamplona18-web1.png\",\"width\":600,\"height\":196,\"caption\":\"La Gu\u00eda de Pamplona \\\/ Noticias\"},\"image\":{\"@id\":\"https:\\\/\\\/www.laguiadepamplona.com\\\/actualidad\\\/#\\\/schema\\\/logo\\\/image\\\/\"},\"sameAs\":[\"https:\\\/\\\/www.facebook.com\\\/laguiadepamplonacom-133175176762273\\\/?ref=hl\",\"https:\\\/\\\/x.com\\\/LaGuiadPamplona\",\"https:\\\/\\\/www.instagram.com\\\/la_guia_de_pamplona\\\/\",\"https:\\\/\\\/www.youtube.com\\\/user\\\/laguiadepamplona\"]},{\"@type\":\"Person\",\"@id\":\"https:\\\/\\\/www.laguiadepamplona.com\\\/actualidad\\\/#\\\/schema\\\/person\\\/efe887376f0213d4657c93adc50b1fdb\",\"name\":\"La Gu\u00eda de Pamplona\",\"image\":{\"@type\":\"ImageObject\",\"inLanguage\":\"es\",\"@id\":\"https:\\\/\\\/secure.gravatar.com\\\/avatar\\\/b6992f131dc8d30ab0dff15446e9d346d9dbd95992de0fef795073f5ea83a81c?s=96&d=mm&r=g\",\"url\":\"https:\\\/\\\/secure.gravatar.com\\\/avatar\\\/b6992f131dc8d30ab0dff15446e9d346d9dbd95992de0fef795073f5ea83a81c?s=96&d=mm&r=g\",\"contentUrl\":\"https:\\\/\\\/secure.gravatar.com\\\/avatar\\\/b6992f131dc8d30ab0dff15446e9d346d9dbd95992de0fef795073f5ea83a81c?s=96&d=mm&r=g\",\"caption\":\"La Gu\u00eda de Pamplona\"}}]}<\/script>\n<!-- \/ Yoast SEO plugin. -->","yoast_head_json":{"title":"Pamplona explica las claves de su estrategia de eficiencia y sostenibilidad en un encuentro celebrado este mi\u00e9rcoles en Madrid","description":"El Ayuntamiento participa junto a otras ciudades en el evento \u2018TIC para la eficiencia y sostenibilidad de los entornos urbanos\u2019","robots":{"index":"index","follow":"follow","max-snippet":"max-snippet:-1","max-image-preview":"max-image-preview:large","max-video-preview":"max-video-preview:-1"},"canonical":"https:\/\/www.laguiadepamplona.com\/actualidad\/pamplona-explica-las-claves-de-su-estrategia-de-eficiencia-y-sostenibilidad-en-un-encuentro-celebrado-este-miercoles-en-madrid\/","og_locale":"es_ES","og_type":"article","og_title":"Pamplona explica las claves de su estrategia de eficiencia y sostenibilidad en un encuentro celebrado este mi\u00e9rcoles en Madrid","og_description":"El Ayuntamiento participa junto a otras ciudades en el evento \u2018TIC para la eficiencia y sostenibilidad de los entornos urbanos\u2019","og_url":"https:\/\/www.laguiadepamplona.com\/actualidad\/pamplona-explica-las-claves-de-su-estrategia-de-eficiencia-y-sostenibilidad-en-un-encuentro-celebrado-este-miercoles-en-madrid\/","og_site_name":"La Gu\u00eda de Pamplona","article_publisher":"https:\/\/www.facebook.com\/laguiadepamplonacom-133175176762273\/?ref=hl","article_published_time":"2023-05-17T15:45:49+00:00","og_image":[{"width":1920,"height":1080,"url":"https:\/\/www.laguiadepamplona.com\/actualidad\/wp-content\/uploads\/2023\/05\/Tic-eficiencia-y-sostenibilidad-urbano-1.webp","type":"image\/webp"}],"author":"La Gu\u00eda de Pamplona","twitter_card":"summary_large_image","twitter_creator":"@LaGuiadPamplona","twitter_site":"@LaGuiadPamplona","twitter_misc":{"Escrito por":"La Gu\u00eda de Pamplona","Tiempo de lectura":"2 minutos"},"schema":{"@context":"https:\/\/schema.org","@graph":[{"@type":"Article","@id":"https:\/\/www.laguiadepamplona.com\/actualidad\/pamplona-explica-las-claves-de-su-estrategia-de-eficiencia-y-sostenibilidad-en-un-encuentro-celebrado-este-miercoles-en-madrid\/#article","isPartOf":{"@id":"https:\/\/www.laguiadepamplona.com\/actualidad\/pamplona-explica-las-claves-de-su-estrategia-de-eficiencia-y-sostenibilidad-en-un-encuentro-celebrado-este-miercoles-en-madrid\/"},"author":{"name":"La Gu\u00eda de Pamplona","@id":"https:\/\/www.laguiadepamplona.com\/actualidad\/#\/schema\/person\/efe887376f0213d4657c93adc50b1fdb"},"headline":"Pamplona explica las claves de su estrategia de eficiencia y sostenibilidad en un encuentro celebrado este mi\u00e9rcoles en Madrid","datePublished":"2023-05-17T15:45:49+00:00","mainEntityOfPage":{"@id":"https:\/\/www.laguiadepamplona.com\/actualidad\/pamplona-explica-las-claves-de-su-estrategia-de-eficiencia-y-sostenibilidad-en-un-encuentro-celebrado-este-miercoles-en-madrid\/"},"wordCount":334,"commentCount":0,"publisher":{"@id":"https:\/\/www.laguiadepamplona.com\/actualidad\/#organization"},"image":{"@id":"https:\/\/www.laguiadepamplona.com\/actualidad\/pamplona-explica-las-claves-de-su-estrategia-de-eficiencia-y-sostenibilidad-en-un-encuentro-celebrado-este-miercoles-en-madrid\/#primaryimage"},"thumbnailUrl":"https:\/\/www.laguiadepamplona.com\/actualidad\/wp-content\/uploads\/2023\/05\/Tic-eficiencia-y-sostenibilidad-urbano-1.webp","articleSection":["Ayto Pamplona"],"inLanguage":"es","potentialAction":[{"@type":"CommentAction","name":"Comment","target":["https:\/\/www.laguiadepamplona.com\/actualidad\/pamplona-explica-las-claves-de-su-estrategia-de-eficiencia-y-sostenibilidad-en-un-encuentro-celebrado-este-miercoles-en-madrid\/#respond"]}]},{"@type":"WebPage","@id":"https:\/\/www.laguiadepamplona.com\/actualidad\/pamplona-explica-las-claves-de-su-estrategia-de-eficiencia-y-sostenibilidad-en-un-encuentro-celebrado-este-miercoles-en-madrid\/","url":"https:\/\/www.laguiadepamplona.com\/actualidad\/pamplona-explica-las-claves-de-su-estrategia-de-eficiencia-y-sostenibilidad-en-un-encuentro-celebrado-este-miercoles-en-madrid\/","name":"Pamplona explica las claves de su estrategia de eficiencia y sostenibilidad en un encuentro celebrado este mi\u00e9rcoles en Madrid","isPartOf":{"@id":"https:\/\/www.laguiadepamplona.com\/actualidad\/#website"},"primaryImageOfPage":{"@id":"https:\/\/www.laguiadepamplona.com\/actualidad\/pamplona-explica-las-claves-de-su-estrategia-de-eficiencia-y-sostenibilidad-en-un-encuentro-celebrado-este-miercoles-en-madrid\/#primaryimage"},"image":{"@id":"https:\/\/www.laguiadepamplona.com\/actualidad\/pamplona-explica-las-claves-de-su-estrategia-de-eficiencia-y-sostenibilidad-en-un-encuentro-celebrado-este-miercoles-en-madrid\/#primaryimage"},"thumbnailUrl":"https:\/\/www.laguiadepamplona.com\/actualidad\/wp-content\/uploads\/2023\/05\/Tic-eficiencia-y-sostenibilidad-urbano-1.webp","datePublished":"2023-05-17T15:45:49+00:00","description":"El Ayuntamiento participa junto a otras ciudades en el evento \u2018TIC para la eficiencia y sostenibilidad de los entornos urbanos\u2019","breadcrumb":{"@id":"https:\/\/www.laguiadepamplona.com\/actualidad\/pamplona-explica-las-claves-de-su-estrategia-de-eficiencia-y-sostenibilidad-en-un-encuentro-celebrado-este-miercoles-en-madrid\/#breadcrumb"},"inLanguage":"es","potentialAction":[{"@type":"ReadAction","target":["https:\/\/www.laguiadepamplona.com\/actualidad\/pamplona-explica-las-claves-de-su-estrategia-de-eficiencia-y-sostenibilidad-en-un-encuentro-celebrado-este-miercoles-en-madrid\/"]}]},{"@type":"ImageObject","inLanguage":"es","@id":"https:\/\/www.laguiadepamplona.com\/actualidad\/pamplona-explica-las-claves-de-su-estrategia-de-eficiencia-y-sostenibilidad-en-un-encuentro-celebrado-este-miercoles-en-madrid\/#primaryimage","url":"https:\/\/www.laguiadepamplona.com\/actualidad\/wp-content\/uploads\/2023\/05\/Tic-eficiencia-y-sostenibilidad-urbano-1.webp","contentUrl":"https:\/\/www.laguiadepamplona.com\/actualidad\/wp-content\/uploads\/2023\/05\/Tic-eficiencia-y-sostenibilidad-urbano-1.webp","width":1920,"height":1080},{"@type":"BreadcrumbList","@id":"https:\/\/www.laguiadepamplona.com\/actualidad\/pamplona-explica-las-claves-de-su-estrategia-de-eficiencia-y-sostenibilidad-en-un-encuentro-celebrado-este-miercoles-en-madrid\/#breadcrumb","itemListElement":[{"@type":"ListItem","position":1,"name":"Portada","item":"https:\/\/www.laguiadepamplona.com\/actualidad\/"},{"@type":"ListItem","position":2,"name":"Pamplona explica las claves de su estrategia de eficiencia y sostenibilidad en un encuentro celebrado este mi\u00e9rcoles en Madrid"}]},{"@type":"WebSite","@id":"https:\/\/www.laguiadepamplona.com\/actualidad\/#website","url":"https:\/\/www.laguiadepamplona.com\/actualidad\/","name":"La gu\u00eda de Pamplona","description":"Noticias de Pamplona","publisher":{"@id":"https:\/\/www.laguiadepamplona.com\/actualidad\/#organization"},"potentialAction":[{"@type":"SearchAction","target":{"@type":"EntryPoint","urlTemplate":"https:\/\/www.laguiadepamplona.com\/actualidad\/?s={search_term_string}"},"query-input":{"@type":"PropertyValueSpecification","valueRequired":true,"valueName":"search_term_string"}}],"inLanguage":"es"},{"@type":"Organization","@id":"https:\/\/www.laguiadepamplona.com\/actualidad\/#organization","name":"La Gu\u00eda de Pamplona \/ Noticias","url":"https:\/\/www.laguiadepamplona.com\/actualidad\/","logo":{"@type":"ImageObject","inLanguage":"es","@id":"https:\/\/www.laguiadepamplona.com\/actualidad\/#\/schema\/logo\/image\/","url":"https:\/\/www.laguiadepamplona.com\/actualidad\/wp-content\/uploads\/2018\/11\/logo-laguiadepamplona18-web1.png","contentUrl":"https:\/\/www.laguiadepamplona.com\/actualidad\/wp-content\/uploads\/2018\/11\/logo-laguiadepamplona18-web1.png","width":600,"height":196,"caption":"La Gu\u00eda de Pamplona \/ Noticias"},"image":{"@id":"https:\/\/www.laguiadepamplona.com\/actualidad\/#\/schema\/logo\/image\/"},"sameAs":["https:\/\/www.facebook.com\/laguiadepamplonacom-133175176762273\/?ref=hl","https:\/\/x.com\/LaGuiadPamplona","https:\/\/www.instagram.com\/la_guia_de_pamplona\/","https:\/\/www.youtube.com\/user\/laguiadepamplona"]},{"@type":"Person","@id":"https:\/\/www.laguiadepamplona.com\/actualidad\/#\/schema\/person\/efe887376f0213d4657c93adc50b1fdb","name":"La Gu\u00eda de Pamplona","image":{"@type":"ImageObject","inLanguage":"es","@id":"https:\/\/secure.gravatar.com\/avatar\/b6992f131dc8d30ab0dff15446e9d346d9dbd95992de0fef795073f5ea83a81c?s=96&d=mm&r=g","url":"https:\/\/secure.gravatar.com\/avatar\/b6992f131dc8d30ab0dff15446e9d346d9dbd95992de0fef795073f5ea83a81c?s=96&d=mm&r=g","contentUrl":"https:\/\/secure.gravatar.com\/avatar\/b6992f131dc8d30ab0dff15446e9d346d9dbd95992de0fef795073f5ea83a81c?s=96&d=mm&r=g","caption":"La Gu\u00eda de Pamplona"}}]}},"post_mailing_queue_ids":[],"_links":{"self":[{"href":"https:\/\/www.laguiadepamplona.com\/actualidad\/wp-json\/wp\/v2\/posts\/46722","targetHints":{"allow":["GET"]}}],"collection":[{"href":"https:\/\/www.laguiadepamplona.com\/actualidad\/wp-json\/wp\/v2\/posts"}],"about":[{"href":"https:\/\/www.laguiadepamplona.com\/actualidad\/wp-json\/wp\/v2\/types\/post"}],"author":[{"embeddable":true,"href":"https:\/\/www.laguiadepamplona.com\/actualidad\/wp-json\/wp\/v2\/users\/1"}],"replies":[{"embeddable":true,"href":"https:\/\/www.laguiadepamplona.com\/actualidad\/wp-json\/wp\/v2\/comments?post=46722"}],"version-history":[{"count":1,"href":"https:\/\/www.laguiadepamplona.com\/actualidad\/wp-json\/wp\/v2\/posts\/46722\/revisions"}],"predecessor-version":[{"id":46724,"href":"https:\/\/www.laguiadepamplona.com\/actualidad\/wp-json\/wp\/v2\/posts\/46722\/revisions\/46724"}],"wp:featuredmedia":[{"embeddable":true,"href":"https:\/\/www.laguiadepamplona.com\/actualidad\/wp-json\/wp\/v2\/media\/46723"}],"wp:attachment":[{"href":"https:\/\/www.laguiadepamplona.com\/actualidad\/wp-json\/wp\/v2\/media?parent=46722"}],"wp:term":[{"taxonomy":"category","embeddable":true,"href":"https:\/\/www.laguiadepamplona.com\/actualidad\/wp-json\/wp\/v2\/categories?post=46722"},{"taxonomy":"post_tag","embeddable":true,"href":"https:\/\/www.laguiadepamplona.com\/actualidad\/wp-json\/wp\/v2\/tags?post=46722"}],"curies":[{"name":"wp","href":"https:\/\/api.w.org\/{rel}","templated":true}]}}