{"id":46716,"date":"2023-05-17T12:50:12","date_gmt":"2023-05-17T10:50:12","guid":{"rendered":"https:\/\/www.laguiadepamplona.com\/actualidad\/?p=46716"},"modified":"2023-05-17T12:50:12","modified_gmt":"2023-05-17T10:50:12","slug":"el-programa-educativo-municipal-planeta-dantzan-que-combina-danza-y-educacion-ambiental-culmina-la-edicion-de-este-ano-con-dos-galas-en-donostia-san-sebastian","status":"publish","type":"post","link":"https:\/\/www.laguiadepamplona.com\/actualidad\/el-programa-educativo-municipal-planeta-dantzan-que-combina-danza-y-educacion-ambiental-culmina-la-edicion-de-este-ano-con-dos-galas-en-donostia-san-sebastian\/","title":{"rendered":"El programa educativo municipal Planeta Dantzan, que combina danza y educaci\u00f3n ambiental, culmina la edici\u00f3n de este a\u00f1o con dos galas en Donostia \u2013 San Sebasti\u00e1n"},"content":{"rendered":"<h3>Tres centros de Educaci\u00f3n Secundaria de Pamplona, IES Basoko, Jaso Ikastola y IES Julio Caro Baroja, han participado en la edici\u00f3n de este a\u00f1o<\/h3>\n<p><!--more--><\/p>\n<p>El programa educativo Planeta Dantzan, desarrollado por el Equipo de Educaci\u00f3n Ambiental del Ayuntamiento de Pamplona, Malandain Ballet Biarritz y Fundaci\u00f3n Cristina Enea de Donostia \u2013 San Sebasti\u00e1n ha culminado la edici\u00f3n de este curso con dos galas celebradas ayer y hoy en Donostia \u2013 San Sebasti\u00e1n. A la ciudad han acudido m\u00e1s de 300 personas de los tres centros de Pamplona participantes, IES Basoko, Jaso Ikastola y IES Julio Caro Baroja.<\/p>\n<p>En la presente edici\u00f3n, Planeta Dantzan ha acogido a 14 grupos de los tres centros de Secundaria de Pamplona, junto a otros tantos en Biarritz y Donostia \u2013 San Sebasti\u00e1n. La iniciativa plantea recorridos pedag\u00f3gicos a partir de obras del repertorio de Malandain Ballet, de forma que se relaciona el mundo de la danza como expresi\u00f3n art\u00edstica y el de la problem\u00e1tica ambiental y social. Los itinerarios recorren cuatro etapas: un primer taller coreogr\u00e1fico y ambiental, seguido de otro taller coreogr\u00e1fico dirigido por una bailarina, la unidad did\u00e1ctica y el pase escolar del ballet, que culmina el programa.<br \/>\n<script async src=\"\/\/pagead2.googlesyndication.com\/pagead\/js\/adsbygoogle.js\"><\/script><br \/>\n<!-- Noticias La Guia de Pamplona --><br \/>\n<ins class=\"adsbygoogle\"\nstyle=\"display:block\"\ndata-ad-client=\"ca-pub-6943679897239327\"\ndata-ad-slot=\"7048180777\"\ndata-ad-format=\"auto\"><\/ins><br \/>\n<script>\n(adsbygoogle = window.adsbygoogle || []).push({});\n<\/script><\/p>\n<p>Estos pases escolares brindan una oportunidad para acercar al p\u00fablico de Educaci\u00f3n Secundaria al teatro y al ballet profesional. Adem\u00e1s, tras la representaci\u00f3n, el alumnado ha tenido la posibilidad de conversar con los bailarines y bailarinas, y han visitado la exposici\u00f3n sobre Planeta Dantzan en el hall del Teatro Victoria Eugenia. La exposici\u00f3n recoge los trabajos realizados en el marco del programa educativo.<\/p>\n<p>El proyecto aspira a superar las fronteras que separan el arte de la ciencia, las ciudades y pa\u00edses, idiomas y lenguajes, para crear conjuntamente soluciones a los problemas del mundo actual. Se trabaja la expresi\u00f3n corporal, el ballet, y la necesidad que este arte entra\u00f1a de trabajo en equipo, escucha y coordinaci\u00f3n. Las mismas claves que son imprescindibles a la hora de afrontar un reto colectivo como la emergencia clim\u00e1tica. De esta manera, Planeta Dantzan tambi\u00e9n muestra el arte como veh\u00edculo expresivo y de sensibilizaci\u00f3n. La colaboraci\u00f3n es clave en la iniciativa, que cuenta con financiaci\u00f3n de la Eurorregi\u00f3n Nueva Aquitania, Euskadi y Navarra, Communaut\u00e9 Pays Basque, Fondation d\u2019Ici-Tokiko y Friends de la Fondation de France.<\/p>\n<p>El programa Planeta Dantzan ha trabajado durante este curso acad\u00e9mico la unidad did\u00e1ctica No\u00e9, sobre el cambio clim\u00e1tico, para acercar al alumnado a los problemas ambientales a trav\u00e9s de la creatividad y la danza. La unidad, elaborada por el equipo de Educaci\u00f3n Ambiental del Ayuntamiento de Pamplona en colaboraci\u00f3n con Malandain Ballet Biarritz y Cristina Enea Fundazioa, aborda el paralelismo entre el Diluvio universal y el cambio clim\u00e1tico, con sus consecuencias de la subida de los Oc\u00e9anos, la biodiversidad y la propia vida en peligro. El arca ser\u00eda hoy el planeta entero.<br \/>\n<script async src=\"\/\/pagead2.googlesyndication.com\/pagead\/js\/adsbygoogle.js\"><\/script><br \/>\n<!-- Noticias La Guia de Pamplona --><br \/>\n<ins class=\"adsbygoogle\"\nstyle=\"display:block\"\ndata-ad-client=\"ca-pub-6943679897239327\"\ndata-ad-slot=\"7048180777\"\ndata-ad-format=\"auto\"><\/ins><br \/>\n<script>\n(adsbygoogle = window.adsbygoogle || []).push({});\n<\/script><\/p>\n<p>La unidad did\u00e1ctica contiene diversas actividades que se pueden realizar de manera flexible en el primer ciclo de Secundaria. Estas actividades est\u00e1n relacionadas con las asignaturas de Biolog\u00eda y Geolog\u00eda, y Geograf\u00eda e Historia, pero tambi\u00e9n se pueden tratar en Valores \u00c9ticos, Lengua Extranjera, Educaci\u00f3n Pl\u00e1stica, Visual y Audiovisual, Tecnolog\u00eda y Digitalizaci\u00f3n, etc\u00e9tera. La unidad did\u00e1ctica est\u00e1 disponible en la p\u00e1gina <a href=\"https:\/\/educacionambiental.pamplona.es\/comunidad-educativa\/programa-educativo-planeta-dantzan\/\" target=\"_blank\" rel=\"noopener\">web de Educaci\u00f3n Ambiental,<\/a> donde tambi\u00e9n se encuentran otras dos unidades de las ediciones anteriores.<\/p>\n<p>El final de la unidad did\u00e1ctica, los centros participantes se comprometen a plantear y ejecutar una acci\u00f3n creativa y abierta sobre el cambio clim\u00e1tico, sus consecuencias o posibles soluciones. Esta acci\u00f3n puede ser un compromiso, una intervenci\u00f3n en un espacio p\u00fablico, una obra art\u00edstica o un proyecto de aprendizaje servicio. En cualquier caso, el proceso y el resultado se documentan mediante un reportaje fotogr\u00e1fico, un v\u00eddeo o una memoria, para difundirlos y reutilizarlos.<br \/>\n<script async src=\"\/\/pagead2.googlesyndication.com\/pagead\/js\/adsbygoogle.js\"><\/script><br \/>\n<!-- Noticias La Guia de Pamplona --><br \/>\n<ins class=\"adsbygoogle\"\nstyle=\"display:block\"\ndata-ad-client=\"ca-pub-6943679897239327\"\ndata-ad-slot=\"7048180777\"\ndata-ad-format=\"auto\"><\/ins><br \/>\n<script>\n(adsbygoogle = window.adsbygoogle || []).push({});\n<\/script><\/p>\n<p>&nbsp;<\/p>\n<h3>El programa Planeta Dantzan- No\u00e9<\/h3>\n<ul>\n<li>Las cuatro etapas del proyecto:\n<ul>\n<li>Unidad did\u00e1ctica<\/li>\n<li>Taller formativo mixto, que mezcla aportaciones ambientales y coreogr\u00e1ficas<\/li>\n<li>Taller formativo coreogr\u00e1fico, dirigido por una bailarina de Malandain Ballet<\/li>\n<li>Pase escolar de la obra No\u00e9, m\u00e1s coloquio con bailarines y bailarinas de Malandain Ballet<\/li>\n<\/ul>\n<\/li>\n<\/ul>\n<p>&nbsp;<br \/>\n<a href=\"https:\/\/www.pamplona.es\/sites\/default\/files\/2023-05\/unidaddidacticanoe-20230104-es-v6.pdf\" class=\"su-button su-button-style-default\" style=\"color:#FFFFFF;background-color:#ef2d2f;border-color:#c02426;border-radius:5px\" target=\"_blank\" rel=\"noopener noreferrer\"><span style=\"color:#FFFFFF;padding:6px 16px;font-size:13px;line-height:20px;border-color:#f46c6e;border-radius:5px;text-shadow:none\"><i class=\"sui sui-file-pdf-o\" style=\"font-size:13px;color:#FFFFFF\"><\/i> Unidad didactica Noe PDF<\/span><\/a>\n","protected":false},"excerpt":{"rendered":"<p>Tres centros de Educaci\u00f3n Secundaria de Pamplona, IES Basoko, Jaso Ikastola y IES Julio Caro Baroja, han participado en la edici\u00f3n de este a\u00f1o<\/p>\n","protected":false},"author":1,"featured_media":46717,"comment_status":"open","ping_status":"closed","sticky":false,"template":"","format":"standard","meta":{"footnotes":""},"categories":[2],"tags":[],"class_list":["post-46716","post","type-post","status-publish","format-standard","has-post-thumbnail","hentry","category-ayuntamiento-pamplona"],"yoast_head":"<!-- This site is optimized with the Yoast SEO plugin v27.3 - https:\/\/yoast.com\/product\/yoast-seo-wordpress\/ -->\n<title>El programa educativo municipal Planeta Dantzan, que combina danza y educaci\u00f3n ambiental, culmina la edici\u00f3n de este a\u00f1o con dos galas en Donostia \u2013 San Sebasti\u00e1n<\/title>\n<meta name=\"description\" content=\"Tres centros de Educaci\u00f3n Secundaria de Pamplona, IES Basoko, Jaso Ikastola y IES Julio Caro Baroja, han participado en la edici\u00f3n de este a\u00f1o\" \/>\n<meta name=\"robots\" content=\"index, follow, max-snippet:-1, max-image-preview:large, max-video-preview:-1\" \/>\n<link rel=\"canonical\" href=\"https:\/\/www.laguiadepamplona.com\/actualidad\/el-programa-educativo-municipal-planeta-dantzan-que-combina-danza-y-educacion-ambiental-culmina-la-edicion-de-este-ano-con-dos-galas-en-donostia-san-sebastian\/\" \/>\n<meta property=\"og:locale\" content=\"es_ES\" \/>\n<meta property=\"og:type\" content=\"article\" \/>\n<meta property=\"og:title\" content=\"El programa educativo municipal Planeta Dantzan, que combina danza y educaci\u00f3n ambiental, culmina la edici\u00f3n de este a\u00f1o con dos galas en Donostia \u2013 San Sebasti\u00e1n\" \/>\n<meta property=\"og:description\" content=\"Tres centros de Educaci\u00f3n Secundaria de Pamplona, IES Basoko, Jaso Ikastola y IES Julio Caro Baroja, han participado en la edici\u00f3n de este a\u00f1o\" \/>\n<meta property=\"og:url\" content=\"https:\/\/www.laguiadepamplona.com\/actualidad\/el-programa-educativo-municipal-planeta-dantzan-que-combina-danza-y-educacion-ambiental-culmina-la-edicion-de-este-ano-con-dos-galas-en-donostia-san-sebastian\/\" \/>\n<meta property=\"og:site_name\" content=\"La Gu\u00eda de Pamplona\" \/>\n<meta property=\"article:publisher\" content=\"https:\/\/www.facebook.com\/laguiadepamplonacom-133175176762273\/?ref=hl\" \/>\n<meta property=\"article:published_time\" content=\"2023-05-17T10:50:12+00:00\" \/>\n<meta property=\"og:image\" content=\"https:\/\/www.laguiadepamplona.com\/actualidad\/wp-content\/uploads\/2023\/05\/NOE-3.jpg\" \/>\n\t<meta property=\"og:image:width\" content=\"709\" \/>\n\t<meta property=\"og:image:height\" content=\"458\" \/>\n\t<meta property=\"og:image:type\" content=\"image\/jpeg\" \/>\n<meta name=\"author\" content=\"La Gu\u00eda de Pamplona\" \/>\n<meta name=\"twitter:card\" content=\"summary_large_image\" \/>\n<meta name=\"twitter:creator\" content=\"@LaGuiadPamplona\" \/>\n<meta name=\"twitter:site\" content=\"@LaGuiadPamplona\" \/>\n<meta name=\"twitter:label1\" content=\"Escrito por\" \/>\n\t<meta name=\"twitter:data1\" content=\"La Gu\u00eda de Pamplona\" \/>\n\t<meta name=\"twitter:label2\" content=\"Tiempo de lectura\" \/>\n\t<meta name=\"twitter:data2\" content=\"4 minutos\" \/>\n<script type=\"application\/ld+json\" class=\"yoast-schema-graph\">{\"@context\":\"https:\\\/\\\/schema.org\",\"@graph\":[{\"@type\":\"Article\",\"@id\":\"https:\\\/\\\/www.laguiadepamplona.com\\\/actualidad\\\/el-programa-educativo-municipal-planeta-dantzan-que-combina-danza-y-educacion-ambiental-culmina-la-edicion-de-este-ano-con-dos-galas-en-donostia-san-sebastian\\\/#article\",\"isPartOf\":{\"@id\":\"https:\\\/\\\/www.laguiadepamplona.com\\\/actualidad\\\/el-programa-educativo-municipal-planeta-dantzan-que-combina-danza-y-educacion-ambiental-culmina-la-edicion-de-este-ano-con-dos-galas-en-donostia-san-sebastian\\\/\"},\"author\":{\"name\":\"La Gu\u00eda de Pamplona\",\"@id\":\"https:\\\/\\\/www.laguiadepamplona.com\\\/actualidad\\\/#\\\/schema\\\/person\\\/efe887376f0213d4657c93adc50b1fdb\"},\"headline\":\"El programa educativo municipal Planeta Dantzan, que combina danza y educaci\u00f3n ambiental, culmina la edici\u00f3n de este a\u00f1o con dos galas en Donostia \u2013 San Sebasti\u00e1n\",\"datePublished\":\"2023-05-17T10:50:12+00:00\",\"mainEntityOfPage\":{\"@id\":\"https:\\\/\\\/www.laguiadepamplona.com\\\/actualidad\\\/el-programa-educativo-municipal-planeta-dantzan-que-combina-danza-y-educacion-ambiental-culmina-la-edicion-de-este-ano-con-dos-galas-en-donostia-san-sebastian\\\/\"},\"wordCount\":790,\"commentCount\":0,\"publisher\":{\"@id\":\"https:\\\/\\\/www.laguiadepamplona.com\\\/actualidad\\\/#organization\"},\"image\":{\"@id\":\"https:\\\/\\\/www.laguiadepamplona.com\\\/actualidad\\\/el-programa-educativo-municipal-planeta-dantzan-que-combina-danza-y-educacion-ambiental-culmina-la-edicion-de-este-ano-con-dos-galas-en-donostia-san-sebastian\\\/#primaryimage\"},\"thumbnailUrl\":\"https:\\\/\\\/www.laguiadepamplona.com\\\/actualidad\\\/wp-content\\\/uploads\\\/2023\\\/05\\\/NOE-3.jpg\",\"articleSection\":[\"Ayto Pamplona\"],\"inLanguage\":\"es\",\"potentialAction\":[{\"@type\":\"CommentAction\",\"name\":\"Comment\",\"target\":[\"https:\\\/\\\/www.laguiadepamplona.com\\\/actualidad\\\/el-programa-educativo-municipal-planeta-dantzan-que-combina-danza-y-educacion-ambiental-culmina-la-edicion-de-este-ano-con-dos-galas-en-donostia-san-sebastian\\\/#respond\"]}]},{\"@type\":\"WebPage\",\"@id\":\"https:\\\/\\\/www.laguiadepamplona.com\\\/actualidad\\\/el-programa-educativo-municipal-planeta-dantzan-que-combina-danza-y-educacion-ambiental-culmina-la-edicion-de-este-ano-con-dos-galas-en-donostia-san-sebastian\\\/\",\"url\":\"https:\\\/\\\/www.laguiadepamplona.com\\\/actualidad\\\/el-programa-educativo-municipal-planeta-dantzan-que-combina-danza-y-educacion-ambiental-culmina-la-edicion-de-este-ano-con-dos-galas-en-donostia-san-sebastian\\\/\",\"name\":\"El programa educativo municipal Planeta Dantzan, que combina danza y educaci\u00f3n ambiental, culmina la edici\u00f3n de este a\u00f1o con dos galas en Donostia \u2013 San Sebasti\u00e1n\",\"isPartOf\":{\"@id\":\"https:\\\/\\\/www.laguiadepamplona.com\\\/actualidad\\\/#website\"},\"primaryImageOfPage\":{\"@id\":\"https:\\\/\\\/www.laguiadepamplona.com\\\/actualidad\\\/el-programa-educativo-municipal-planeta-dantzan-que-combina-danza-y-educacion-ambiental-culmina-la-edicion-de-este-ano-con-dos-galas-en-donostia-san-sebastian\\\/#primaryimage\"},\"image\":{\"@id\":\"https:\\\/\\\/www.laguiadepamplona.com\\\/actualidad\\\/el-programa-educativo-municipal-planeta-dantzan-que-combina-danza-y-educacion-ambiental-culmina-la-edicion-de-este-ano-con-dos-galas-en-donostia-san-sebastian\\\/#primaryimage\"},\"thumbnailUrl\":\"https:\\\/\\\/www.laguiadepamplona.com\\\/actualidad\\\/wp-content\\\/uploads\\\/2023\\\/05\\\/NOE-3.jpg\",\"datePublished\":\"2023-05-17T10:50:12+00:00\",\"description\":\"Tres centros de Educaci\u00f3n Secundaria de Pamplona, IES Basoko, Jaso Ikastola y IES Julio Caro Baroja, han participado en la edici\u00f3n de este a\u00f1o\",\"breadcrumb\":{\"@id\":\"https:\\\/\\\/www.laguiadepamplona.com\\\/actualidad\\\/el-programa-educativo-municipal-planeta-dantzan-que-combina-danza-y-educacion-ambiental-culmina-la-edicion-de-este-ano-con-dos-galas-en-donostia-san-sebastian\\\/#breadcrumb\"},\"inLanguage\":\"es\",\"potentialAction\":[{\"@type\":\"ReadAction\",\"target\":[\"https:\\\/\\\/www.laguiadepamplona.com\\\/actualidad\\\/el-programa-educativo-municipal-planeta-dantzan-que-combina-danza-y-educacion-ambiental-culmina-la-edicion-de-este-ano-con-dos-galas-en-donostia-san-sebastian\\\/\"]}]},{\"@type\":\"ImageObject\",\"inLanguage\":\"es\",\"@id\":\"https:\\\/\\\/www.laguiadepamplona.com\\\/actualidad\\\/el-programa-educativo-municipal-planeta-dantzan-que-combina-danza-y-educacion-ambiental-culmina-la-edicion-de-este-ano-con-dos-galas-en-donostia-san-sebastian\\\/#primaryimage\",\"url\":\"https:\\\/\\\/www.laguiadepamplona.com\\\/actualidad\\\/wp-content\\\/uploads\\\/2023\\\/05\\\/NOE-3.jpg\",\"contentUrl\":\"https:\\\/\\\/www.laguiadepamplona.com\\\/actualidad\\\/wp-content\\\/uploads\\\/2023\\\/05\\\/NOE-3.jpg\",\"width\":709,\"height\":458,\"caption\":\"Chor\u00e9graphie Thierry Malandain\"},{\"@type\":\"BreadcrumbList\",\"@id\":\"https:\\\/\\\/www.laguiadepamplona.com\\\/actualidad\\\/el-programa-educativo-municipal-planeta-dantzan-que-combina-danza-y-educacion-ambiental-culmina-la-edicion-de-este-ano-con-dos-galas-en-donostia-san-sebastian\\\/#breadcrumb\",\"itemListElement\":[{\"@type\":\"ListItem\",\"position\":1,\"name\":\"Portada\",\"item\":\"https:\\\/\\\/www.laguiadepamplona.com\\\/actualidad\\\/\"},{\"@type\":\"ListItem\",\"position\":2,\"name\":\"El programa educativo municipal Planeta Dantzan, que combina danza y educaci\u00f3n ambiental, culmina la edici\u00f3n de este a\u00f1o con dos galas en Donostia \u2013 San Sebasti\u00e1n\"}]},{\"@type\":\"WebSite\",\"@id\":\"https:\\\/\\\/www.laguiadepamplona.com\\\/actualidad\\\/#website\",\"url\":\"https:\\\/\\\/www.laguiadepamplona.com\\\/actualidad\\\/\",\"name\":\"La gu\u00eda de Pamplona\",\"description\":\"Noticias de Pamplona\",\"publisher\":{\"@id\":\"https:\\\/\\\/www.laguiadepamplona.com\\\/actualidad\\\/#organization\"},\"potentialAction\":[{\"@type\":\"SearchAction\",\"target\":{\"@type\":\"EntryPoint\",\"urlTemplate\":\"https:\\\/\\\/www.laguiadepamplona.com\\\/actualidad\\\/?s={search_term_string}\"},\"query-input\":{\"@type\":\"PropertyValueSpecification\",\"valueRequired\":true,\"valueName\":\"search_term_string\"}}],\"inLanguage\":\"es\"},{\"@type\":\"Organization\",\"@id\":\"https:\\\/\\\/www.laguiadepamplona.com\\\/actualidad\\\/#organization\",\"name\":\"La Gu\u00eda de Pamplona \\\/ Noticias\",\"url\":\"https:\\\/\\\/www.laguiadepamplona.com\\\/actualidad\\\/\",\"logo\":{\"@type\":\"ImageObject\",\"inLanguage\":\"es\",\"@id\":\"https:\\\/\\\/www.laguiadepamplona.com\\\/actualidad\\\/#\\\/schema\\\/logo\\\/image\\\/\",\"url\":\"https:\\\/\\\/www.laguiadepamplona.com\\\/actualidad\\\/wp-content\\\/uploads\\\/2018\\\/11\\\/logo-laguiadepamplona18-web1.png\",\"contentUrl\":\"https:\\\/\\\/www.laguiadepamplona.com\\\/actualidad\\\/wp-content\\\/uploads\\\/2018\\\/11\\\/logo-laguiadepamplona18-web1.png\",\"width\":600,\"height\":196,\"caption\":\"La Gu\u00eda de Pamplona \\\/ Noticias\"},\"image\":{\"@id\":\"https:\\\/\\\/www.laguiadepamplona.com\\\/actualidad\\\/#\\\/schema\\\/logo\\\/image\\\/\"},\"sameAs\":[\"https:\\\/\\\/www.facebook.com\\\/laguiadepamplonacom-133175176762273\\\/?ref=hl\",\"https:\\\/\\\/x.com\\\/LaGuiadPamplona\",\"https:\\\/\\\/www.instagram.com\\\/la_guia_de_pamplona\\\/\",\"https:\\\/\\\/www.youtube.com\\\/user\\\/laguiadepamplona\"]},{\"@type\":\"Person\",\"@id\":\"https:\\\/\\\/www.laguiadepamplona.com\\\/actualidad\\\/#\\\/schema\\\/person\\\/efe887376f0213d4657c93adc50b1fdb\",\"name\":\"La Gu\u00eda de Pamplona\",\"image\":{\"@type\":\"ImageObject\",\"inLanguage\":\"es\",\"@id\":\"https:\\\/\\\/secure.gravatar.com\\\/avatar\\\/b6992f131dc8d30ab0dff15446e9d346d9dbd95992de0fef795073f5ea83a81c?s=96&d=mm&r=g\",\"url\":\"https:\\\/\\\/secure.gravatar.com\\\/avatar\\\/b6992f131dc8d30ab0dff15446e9d346d9dbd95992de0fef795073f5ea83a81c?s=96&d=mm&r=g\",\"contentUrl\":\"https:\\\/\\\/secure.gravatar.com\\\/avatar\\\/b6992f131dc8d30ab0dff15446e9d346d9dbd95992de0fef795073f5ea83a81c?s=96&d=mm&r=g\",\"caption\":\"La Gu\u00eda de Pamplona\"}}]}<\/script>\n<!-- \/ Yoast SEO plugin. -->","yoast_head_json":{"title":"El programa educativo municipal Planeta Dantzan, que combina danza y educaci\u00f3n ambiental, culmina la edici\u00f3n de este a\u00f1o con dos galas en Donostia \u2013 San Sebasti\u00e1n","description":"Tres centros de Educaci\u00f3n Secundaria de Pamplona, IES Basoko, Jaso Ikastola y IES Julio Caro Baroja, han participado en la edici\u00f3n de este a\u00f1o","robots":{"index":"index","follow":"follow","max-snippet":"max-snippet:-1","max-image-preview":"max-image-preview:large","max-video-preview":"max-video-preview:-1"},"canonical":"https:\/\/www.laguiadepamplona.com\/actualidad\/el-programa-educativo-municipal-planeta-dantzan-que-combina-danza-y-educacion-ambiental-culmina-la-edicion-de-este-ano-con-dos-galas-en-donostia-san-sebastian\/","og_locale":"es_ES","og_type":"article","og_title":"El programa educativo municipal Planeta Dantzan, que combina danza y educaci\u00f3n ambiental, culmina la edici\u00f3n de este a\u00f1o con dos galas en Donostia \u2013 San Sebasti\u00e1n","og_description":"Tres centros de Educaci\u00f3n Secundaria de Pamplona, IES Basoko, Jaso Ikastola y IES Julio Caro Baroja, han participado en la edici\u00f3n de este a\u00f1o","og_url":"https:\/\/www.laguiadepamplona.com\/actualidad\/el-programa-educativo-municipal-planeta-dantzan-que-combina-danza-y-educacion-ambiental-culmina-la-edicion-de-este-ano-con-dos-galas-en-donostia-san-sebastian\/","og_site_name":"La Gu\u00eda de Pamplona","article_publisher":"https:\/\/www.facebook.com\/laguiadepamplonacom-133175176762273\/?ref=hl","article_published_time":"2023-05-17T10:50:12+00:00","og_image":[{"width":709,"height":458,"url":"https:\/\/www.laguiadepamplona.com\/actualidad\/wp-content\/uploads\/2023\/05\/NOE-3.jpg","type":"image\/jpeg"}],"author":"La Gu\u00eda de Pamplona","twitter_card":"summary_large_image","twitter_creator":"@LaGuiadPamplona","twitter_site":"@LaGuiadPamplona","twitter_misc":{"Escrito por":"La Gu\u00eda de Pamplona","Tiempo de lectura":"4 minutos"},"schema":{"@context":"https:\/\/schema.org","@graph":[{"@type":"Article","@id":"https:\/\/www.laguiadepamplona.com\/actualidad\/el-programa-educativo-municipal-planeta-dantzan-que-combina-danza-y-educacion-ambiental-culmina-la-edicion-de-este-ano-con-dos-galas-en-donostia-san-sebastian\/#article","isPartOf":{"@id":"https:\/\/www.laguiadepamplona.com\/actualidad\/el-programa-educativo-municipal-planeta-dantzan-que-combina-danza-y-educacion-ambiental-culmina-la-edicion-de-este-ano-con-dos-galas-en-donostia-san-sebastian\/"},"author":{"name":"La Gu\u00eda de Pamplona","@id":"https:\/\/www.laguiadepamplona.com\/actualidad\/#\/schema\/person\/efe887376f0213d4657c93adc50b1fdb"},"headline":"El programa educativo municipal Planeta Dantzan, que combina danza y educaci\u00f3n ambiental, culmina la edici\u00f3n de este a\u00f1o con dos galas en Donostia \u2013 San Sebasti\u00e1n","datePublished":"2023-05-17T10:50:12+00:00","mainEntityOfPage":{"@id":"https:\/\/www.laguiadepamplona.com\/actualidad\/el-programa-educativo-municipal-planeta-dantzan-que-combina-danza-y-educacion-ambiental-culmina-la-edicion-de-este-ano-con-dos-galas-en-donostia-san-sebastian\/"},"wordCount":790,"commentCount":0,"publisher":{"@id":"https:\/\/www.laguiadepamplona.com\/actualidad\/#organization"},"image":{"@id":"https:\/\/www.laguiadepamplona.com\/actualidad\/el-programa-educativo-municipal-planeta-dantzan-que-combina-danza-y-educacion-ambiental-culmina-la-edicion-de-este-ano-con-dos-galas-en-donostia-san-sebastian\/#primaryimage"},"thumbnailUrl":"https:\/\/www.laguiadepamplona.com\/actualidad\/wp-content\/uploads\/2023\/05\/NOE-3.jpg","articleSection":["Ayto Pamplona"],"inLanguage":"es","potentialAction":[{"@type":"CommentAction","name":"Comment","target":["https:\/\/www.laguiadepamplona.com\/actualidad\/el-programa-educativo-municipal-planeta-dantzan-que-combina-danza-y-educacion-ambiental-culmina-la-edicion-de-este-ano-con-dos-galas-en-donostia-san-sebastian\/#respond"]}]},{"@type":"WebPage","@id":"https:\/\/www.laguiadepamplona.com\/actualidad\/el-programa-educativo-municipal-planeta-dantzan-que-combina-danza-y-educacion-ambiental-culmina-la-edicion-de-este-ano-con-dos-galas-en-donostia-san-sebastian\/","url":"https:\/\/www.laguiadepamplona.com\/actualidad\/el-programa-educativo-municipal-planeta-dantzan-que-combina-danza-y-educacion-ambiental-culmina-la-edicion-de-este-ano-con-dos-galas-en-donostia-san-sebastian\/","name":"El programa educativo municipal Planeta Dantzan, que combina danza y educaci\u00f3n ambiental, culmina la edici\u00f3n de este a\u00f1o con dos galas en Donostia \u2013 San Sebasti\u00e1n","isPartOf":{"@id":"https:\/\/www.laguiadepamplona.com\/actualidad\/#website"},"primaryImageOfPage":{"@id":"https:\/\/www.laguiadepamplona.com\/actualidad\/el-programa-educativo-municipal-planeta-dantzan-que-combina-danza-y-educacion-ambiental-culmina-la-edicion-de-este-ano-con-dos-galas-en-donostia-san-sebastian\/#primaryimage"},"image":{"@id":"https:\/\/www.laguiadepamplona.com\/actualidad\/el-programa-educativo-municipal-planeta-dantzan-que-combina-danza-y-educacion-ambiental-culmina-la-edicion-de-este-ano-con-dos-galas-en-donostia-san-sebastian\/#primaryimage"},"thumbnailUrl":"https:\/\/www.laguiadepamplona.com\/actualidad\/wp-content\/uploads\/2023\/05\/NOE-3.jpg","datePublished":"2023-05-17T10:50:12+00:00","description":"Tres centros de Educaci\u00f3n Secundaria de Pamplona, IES Basoko, Jaso Ikastola y IES Julio Caro Baroja, han participado en la edici\u00f3n de este a\u00f1o","breadcrumb":{"@id":"https:\/\/www.laguiadepamplona.com\/actualidad\/el-programa-educativo-municipal-planeta-dantzan-que-combina-danza-y-educacion-ambiental-culmina-la-edicion-de-este-ano-con-dos-galas-en-donostia-san-sebastian\/#breadcrumb"},"inLanguage":"es","potentialAction":[{"@type":"ReadAction","target":["https:\/\/www.laguiadepamplona.com\/actualidad\/el-programa-educativo-municipal-planeta-dantzan-que-combina-danza-y-educacion-ambiental-culmina-la-edicion-de-este-ano-con-dos-galas-en-donostia-san-sebastian\/"]}]},{"@type":"ImageObject","inLanguage":"es","@id":"https:\/\/www.laguiadepamplona.com\/actualidad\/el-programa-educativo-municipal-planeta-dantzan-que-combina-danza-y-educacion-ambiental-culmina-la-edicion-de-este-ano-con-dos-galas-en-donostia-san-sebastian\/#primaryimage","url":"https:\/\/www.laguiadepamplona.com\/actualidad\/wp-content\/uploads\/2023\/05\/NOE-3.jpg","contentUrl":"https:\/\/www.laguiadepamplona.com\/actualidad\/wp-content\/uploads\/2023\/05\/NOE-3.jpg","width":709,"height":458,"caption":"Chor\u00e9graphie Thierry Malandain"},{"@type":"BreadcrumbList","@id":"https:\/\/www.laguiadepamplona.com\/actualidad\/el-programa-educativo-municipal-planeta-dantzan-que-combina-danza-y-educacion-ambiental-culmina-la-edicion-de-este-ano-con-dos-galas-en-donostia-san-sebastian\/#breadcrumb","itemListElement":[{"@type":"ListItem","position":1,"name":"Portada","item":"https:\/\/www.laguiadepamplona.com\/actualidad\/"},{"@type":"ListItem","position":2,"name":"El programa educativo municipal Planeta Dantzan, que combina danza y educaci\u00f3n ambiental, culmina la edici\u00f3n de este a\u00f1o con dos galas en Donostia \u2013 San Sebasti\u00e1n"}]},{"@type":"WebSite","@id":"https:\/\/www.laguiadepamplona.com\/actualidad\/#website","url":"https:\/\/www.laguiadepamplona.com\/actualidad\/","name":"La gu\u00eda de Pamplona","description":"Noticias de Pamplona","publisher":{"@id":"https:\/\/www.laguiadepamplona.com\/actualidad\/#organization"},"potentialAction":[{"@type":"SearchAction","target":{"@type":"EntryPoint","urlTemplate":"https:\/\/www.laguiadepamplona.com\/actualidad\/?s={search_term_string}"},"query-input":{"@type":"PropertyValueSpecification","valueRequired":true,"valueName":"search_term_string"}}],"inLanguage":"es"},{"@type":"Organization","@id":"https:\/\/www.laguiadepamplona.com\/actualidad\/#organization","name":"La Gu\u00eda de Pamplona \/ Noticias","url":"https:\/\/www.laguiadepamplona.com\/actualidad\/","logo":{"@type":"ImageObject","inLanguage":"es","@id":"https:\/\/www.laguiadepamplona.com\/actualidad\/#\/schema\/logo\/image\/","url":"https:\/\/www.laguiadepamplona.com\/actualidad\/wp-content\/uploads\/2018\/11\/logo-laguiadepamplona18-web1.png","contentUrl":"https:\/\/www.laguiadepamplona.com\/actualidad\/wp-content\/uploads\/2018\/11\/logo-laguiadepamplona18-web1.png","width":600,"height":196,"caption":"La Gu\u00eda de Pamplona \/ Noticias"},"image":{"@id":"https:\/\/www.laguiadepamplona.com\/actualidad\/#\/schema\/logo\/image\/"},"sameAs":["https:\/\/www.facebook.com\/laguiadepamplonacom-133175176762273\/?ref=hl","https:\/\/x.com\/LaGuiadPamplona","https:\/\/www.instagram.com\/la_guia_de_pamplona\/","https:\/\/www.youtube.com\/user\/laguiadepamplona"]},{"@type":"Person","@id":"https:\/\/www.laguiadepamplona.com\/actualidad\/#\/schema\/person\/efe887376f0213d4657c93adc50b1fdb","name":"La Gu\u00eda de Pamplona","image":{"@type":"ImageObject","inLanguage":"es","@id":"https:\/\/secure.gravatar.com\/avatar\/b6992f131dc8d30ab0dff15446e9d346d9dbd95992de0fef795073f5ea83a81c?s=96&d=mm&r=g","url":"https:\/\/secure.gravatar.com\/avatar\/b6992f131dc8d30ab0dff15446e9d346d9dbd95992de0fef795073f5ea83a81c?s=96&d=mm&r=g","contentUrl":"https:\/\/secure.gravatar.com\/avatar\/b6992f131dc8d30ab0dff15446e9d346d9dbd95992de0fef795073f5ea83a81c?s=96&d=mm&r=g","caption":"La Gu\u00eda de Pamplona"}}]}},"post_mailing_queue_ids":[],"_links":{"self":[{"href":"https:\/\/www.laguiadepamplona.com\/actualidad\/wp-json\/wp\/v2\/posts\/46716","targetHints":{"allow":["GET"]}}],"collection":[{"href":"https:\/\/www.laguiadepamplona.com\/actualidad\/wp-json\/wp\/v2\/posts"}],"about":[{"href":"https:\/\/www.laguiadepamplona.com\/actualidad\/wp-json\/wp\/v2\/types\/post"}],"author":[{"embeddable":true,"href":"https:\/\/www.laguiadepamplona.com\/actualidad\/wp-json\/wp\/v2\/users\/1"}],"replies":[{"embeddable":true,"href":"https:\/\/www.laguiadepamplona.com\/actualidad\/wp-json\/wp\/v2\/comments?post=46716"}],"version-history":[{"count":1,"href":"https:\/\/www.laguiadepamplona.com\/actualidad\/wp-json\/wp\/v2\/posts\/46716\/revisions"}],"predecessor-version":[{"id":46718,"href":"https:\/\/www.laguiadepamplona.com\/actualidad\/wp-json\/wp\/v2\/posts\/46716\/revisions\/46718"}],"wp:featuredmedia":[{"embeddable":true,"href":"https:\/\/www.laguiadepamplona.com\/actualidad\/wp-json\/wp\/v2\/media\/46717"}],"wp:attachment":[{"href":"https:\/\/www.laguiadepamplona.com\/actualidad\/wp-json\/wp\/v2\/media?parent=46716"}],"wp:term":[{"taxonomy":"category","embeddable":true,"href":"https:\/\/www.laguiadepamplona.com\/actualidad\/wp-json\/wp\/v2\/categories?post=46716"},{"taxonomy":"post_tag","embeddable":true,"href":"https:\/\/www.laguiadepamplona.com\/actualidad\/wp-json\/wp\/v2\/tags?post=46716"}],"curies":[{"name":"wp","href":"https:\/\/api.w.org\/{rel}","templated":true}]}}