{"id":46710,"date":"2023-05-17T12:45:11","date_gmt":"2023-05-17T10:45:11","guid":{"rendered":"https:\/\/www.laguiadepamplona.com\/actualidad\/?p=46710"},"modified":"2023-05-17T12:45:11","modified_gmt":"2023-05-17T10:45:11","slug":"abierto-el-plazo-de-inscripcion-para-dos-nuevos-talleres-gratuitos-trabajar-el-bienestar-personal-y-entender-la-depresion-dirigidos-a-mayores-de-65-anos","status":"publish","type":"post","link":"https:\/\/www.laguiadepamplona.com\/actualidad\/abierto-el-plazo-de-inscripcion-para-dos-nuevos-talleres-gratuitos-trabajar-el-bienestar-personal-y-entender-la-depresion-dirigidos-a-mayores-de-65-anos\/","title":{"rendered":"Abierto el plazo de inscripci\u00f3n para dos nuevos talleres gratuitos, \u2018Trabajar el bienestar personal\u2019 y \u2018Entender la depresi\u00f3n\u2019, dirigidos a mayores de 65 a\u00f1os"},"content":{"rendered":"<h3>Los talleres se celebran en el mes de junio, constan de cuatro sesiones de dos horas, y las plazas se completan por orden de llamada al 948 24 30 40<\/h3>\n<p><!--more--><\/p>\n<p>El Ayuntamiento de Pamplona, dentro de su estrategia Pamplona te cuida, propone para el mes de junio una nueva edici\u00f3n de los talleres para mejorar la calidad de vida de las personas mayores de 65 a\u00f1os. Los talleres gratuitos que se ofertan son \u2018Trabajar el bienestar personal\u2019 y \u2018Entender la depresi\u00f3n\u2019. Ambos talleres constan de cuatro sesiones de dos horas, en horario de ma\u00f1ana, un d\u00eda a la semana en dos ubicaciones de la ciudad.<\/p>\n<p>El plazo de inscripci\u00f3n est\u00e1 abierto desde hoy, en el tel\u00e9fono 948 24 30 40. Las plazas se adjudican por orden de llamada, hasta completar el cupo previsto. Los talleres son gratuitos y est\u00e1n dirigidos de manera preferente a personas empadronadas en Pamplona. La actividad la organiza el Ayuntamiento de Pamplona junto a Tel\u00e9fono de la Esperanza, en colaboraci\u00f3n con el Gobierno de Navarra.<br \/>\n<script async src=\"\/\/pagead2.googlesyndication.com\/pagead\/js\/adsbygoogle.js\"><\/script><br \/>\n<!-- Noticias La Guia de Pamplona --><br \/>\n<ins class=\"adsbygoogle\"\nstyle=\"display:block\"\ndata-ad-client=\"ca-pub-6943679897239327\"\ndata-ad-slot=\"7048180777\"\ndata-ad-format=\"auto\"><\/ins><br \/>\n<script>\n(adsbygoogle = window.adsbygoogle || []).push({});\n<\/script><\/p>\n<p>El taller \u2018Trabajar el bienestar personal\u2019 se desarrolla en el centro Convive Oskia, situado en la calle Virgen de Oskia s\/n, en el barrio de San Juan. Est\u00e1 previsto para los lunes 5, 12, 19 y 26 de junio, en horario de 10.30 a 12.30. Entre los temas que se plantean est\u00e1 el autocuidado, c\u00f3mo afrontar los pensamientos limitantes, la forma de fomentar las relaciones sociales saludables y positivas, y c\u00f3mo aportar a la sociedad desde la experiencia personal.<\/p>\n<p>El segundo taller es \u2018Entender la depresi\u00f3n\u2019 y se celebra en el Casco Antiguo, en Civivox Condestable. Ser\u00e1 los mi\u00e9rcoles 7, 14, 21 y 28 de junio, entre las 10 y las 12 horas. Este taller est\u00e1 pensado para personas que se sienten sobrecargadas por situaciones cotidianas y les ayuda a prevenir la depresi\u00f3n, analizando los pensamientos que limitan a estas personas y tratando de gestionar los estados de \u00e1nimo.<br \/>\n<script async src=\"\/\/pagead2.googlesyndication.com\/pagead\/js\/adsbygoogle.js\"><\/script><br \/>\n<!-- Noticias La Guia de Pamplona --><br \/>\n<ins class=\"adsbygoogle\"\nstyle=\"display:block\"\ndata-ad-client=\"ca-pub-6943679897239327\"\ndata-ad-slot=\"7048180777\"\ndata-ad-format=\"auto\"><\/ins><br \/>\n<script>\n(adsbygoogle = window.adsbygoogle || []).push({});\n<\/script><\/p>\n<p>&nbsp;<\/p>\n<h3>Talleres Gratuitos \u2018Pamplona Te Cuida\u2019. Dirigidos a Mayores de 65<\/h3>\n<ul>\n<li>\u2018Trabajar el bienestar personal\u2019\n<ul>\n<li>Fechas: 5, 12, 19 y 26 de junio (lunes)<\/li>\n<li>Horario: 10.30 a 12.30 horas<\/li>\n<li>Lugar: Centro Convive Oskia (calle Virgen de Oskia s\/n)<\/li>\n<\/ul>\n<\/li>\n<li>\u2018Entender la depresi\u00f3n\u2019\n<ul>\n<li>Fechas: 7, 14, 21 y 28 de junio (mi\u00e9rcoles)<\/li>\n<li>Horario: 10 a 12 horas<\/li>\n<li>Lugar: Civivox Condestable (calle Mayor 2)<\/li>\n<\/ul>\n<\/li>\n<\/ul>\n","protected":false},"excerpt":{"rendered":"<p>Los talleres se celebran en el mes de junio, constan de cuatro sesiones de dos horas, y las plazas se completan por orden de llamada al 948 24 30 40<\/p>\n","protected":false},"author":1,"featured_media":46711,"comment_status":"open","ping_status":"closed","sticky":false,"template":"","format":"standard","meta":{"footnotes":""},"categories":[2],"tags":[],"class_list":["post-46710","post","type-post","status-publish","format-standard","has-post-thumbnail","hentry","category-ayuntamiento-pamplona"],"yoast_head":"<!-- This site is optimized with the Yoast SEO plugin v27.3 - https:\/\/yoast.com\/product\/yoast-seo-wordpress\/ -->\n<title>Abierto el plazo de inscripci\u00f3n para dos nuevos talleres gratuitos, \u2018Trabajar el bienestar personal\u2019 y \u2018Entender la depresi\u00f3n\u2019, dirigidos a mayores de 65 a\u00f1os<\/title>\n<meta name=\"description\" content=\"Los talleres se celebran en el mes de junio, constan de cuatro sesiones de dos horas, y las plazas se completan por orden de llamada al 948 24 30 40\" \/>\n<meta name=\"robots\" content=\"index, follow, max-snippet:-1, max-image-preview:large, max-video-preview:-1\" \/>\n<link rel=\"canonical\" href=\"https:\/\/www.laguiadepamplona.com\/actualidad\/abierto-el-plazo-de-inscripcion-para-dos-nuevos-talleres-gratuitos-trabajar-el-bienestar-personal-y-entender-la-depresion-dirigidos-a-mayores-de-65-anos\/\" \/>\n<meta property=\"og:locale\" content=\"es_ES\" \/>\n<meta property=\"og:type\" content=\"article\" \/>\n<meta property=\"og:title\" content=\"Abierto el plazo de inscripci\u00f3n para dos nuevos talleres gratuitos, \u2018Trabajar el bienestar personal\u2019 y \u2018Entender la depresi\u00f3n\u2019, dirigidos a mayores de 65 a\u00f1os\" \/>\n<meta property=\"og:description\" content=\"Los talleres se celebran en el mes de junio, constan de cuatro sesiones de dos horas, y las plazas se completan por orden de llamada al 948 24 30 40\" \/>\n<meta property=\"og:url\" content=\"https:\/\/www.laguiadepamplona.com\/actualidad\/abierto-el-plazo-de-inscripcion-para-dos-nuevos-talleres-gratuitos-trabajar-el-bienestar-personal-y-entender-la-depresion-dirigidos-a-mayores-de-65-anos\/\" \/>\n<meta property=\"og:site_name\" content=\"La Gu\u00eda de Pamplona\" \/>\n<meta property=\"article:publisher\" content=\"https:\/\/www.facebook.com\/laguiadepamplonacom-133175176762273\/?ref=hl\" \/>\n<meta property=\"article:published_time\" content=\"2023-05-17T10:45:11+00:00\" \/>\n<meta property=\"og:image\" content=\"https:\/\/www.laguiadepamplona.com\/actualidad\/wp-content\/uploads\/2023\/05\/bienestar-personal.jpg\" \/>\n\t<meta property=\"og:image:width\" content=\"620\" \/>\n\t<meta property=\"og:image:height\" content=\"459\" \/>\n\t<meta property=\"og:image:type\" content=\"image\/jpeg\" \/>\n<meta name=\"author\" content=\"La Gu\u00eda de Pamplona\" \/>\n<meta name=\"twitter:card\" content=\"summary_large_image\" \/>\n<meta name=\"twitter:creator\" content=\"@LaGuiadPamplona\" \/>\n<meta name=\"twitter:site\" content=\"@LaGuiadPamplona\" \/>\n<meta name=\"twitter:label1\" content=\"Escrito por\" \/>\n\t<meta name=\"twitter:data1\" content=\"La Gu\u00eda de Pamplona\" \/>\n\t<meta name=\"twitter:label2\" content=\"Tiempo de lectura\" \/>\n\t<meta name=\"twitter:data2\" content=\"2 minutos\" \/>\n<script type=\"application\/ld+json\" class=\"yoast-schema-graph\">{\"@context\":\"https:\\\/\\\/schema.org\",\"@graph\":[{\"@type\":\"Article\",\"@id\":\"https:\\\/\\\/www.laguiadepamplona.com\\\/actualidad\\\/abierto-el-plazo-de-inscripcion-para-dos-nuevos-talleres-gratuitos-trabajar-el-bienestar-personal-y-entender-la-depresion-dirigidos-a-mayores-de-65-anos\\\/#article\",\"isPartOf\":{\"@id\":\"https:\\\/\\\/www.laguiadepamplona.com\\\/actualidad\\\/abierto-el-plazo-de-inscripcion-para-dos-nuevos-talleres-gratuitos-trabajar-el-bienestar-personal-y-entender-la-depresion-dirigidos-a-mayores-de-65-anos\\\/\"},\"author\":{\"name\":\"La Gu\u00eda de Pamplona\",\"@id\":\"https:\\\/\\\/www.laguiadepamplona.com\\\/actualidad\\\/#\\\/schema\\\/person\\\/efe887376f0213d4657c93adc50b1fdb\"},\"headline\":\"Abierto el plazo de inscripci\u00f3n para dos nuevos talleres gratuitos, \u2018Trabajar el bienestar personal\u2019 y \u2018Entender la depresi\u00f3n\u2019, dirigidos a mayores de 65 a\u00f1os\",\"datePublished\":\"2023-05-17T10:45:11+00:00\",\"mainEntityOfPage\":{\"@id\":\"https:\\\/\\\/www.laguiadepamplona.com\\\/actualidad\\\/abierto-el-plazo-de-inscripcion-para-dos-nuevos-talleres-gratuitos-trabajar-el-bienestar-personal-y-entender-la-depresion-dirigidos-a-mayores-de-65-anos\\\/\"},\"wordCount\":389,\"commentCount\":0,\"publisher\":{\"@id\":\"https:\\\/\\\/www.laguiadepamplona.com\\\/actualidad\\\/#organization\"},\"image\":{\"@id\":\"https:\\\/\\\/www.laguiadepamplona.com\\\/actualidad\\\/abierto-el-plazo-de-inscripcion-para-dos-nuevos-talleres-gratuitos-trabajar-el-bienestar-personal-y-entender-la-depresion-dirigidos-a-mayores-de-65-anos\\\/#primaryimage\"},\"thumbnailUrl\":\"https:\\\/\\\/www.laguiadepamplona.com\\\/actualidad\\\/wp-content\\\/uploads\\\/2023\\\/05\\\/bienestar-personal.jpg\",\"articleSection\":[\"Ayto Pamplona\"],\"inLanguage\":\"es\",\"potentialAction\":[{\"@type\":\"CommentAction\",\"name\":\"Comment\",\"target\":[\"https:\\\/\\\/www.laguiadepamplona.com\\\/actualidad\\\/abierto-el-plazo-de-inscripcion-para-dos-nuevos-talleres-gratuitos-trabajar-el-bienestar-personal-y-entender-la-depresion-dirigidos-a-mayores-de-65-anos\\\/#respond\"]}]},{\"@type\":\"WebPage\",\"@id\":\"https:\\\/\\\/www.laguiadepamplona.com\\\/actualidad\\\/abierto-el-plazo-de-inscripcion-para-dos-nuevos-talleres-gratuitos-trabajar-el-bienestar-personal-y-entender-la-depresion-dirigidos-a-mayores-de-65-anos\\\/\",\"url\":\"https:\\\/\\\/www.laguiadepamplona.com\\\/actualidad\\\/abierto-el-plazo-de-inscripcion-para-dos-nuevos-talleres-gratuitos-trabajar-el-bienestar-personal-y-entender-la-depresion-dirigidos-a-mayores-de-65-anos\\\/\",\"name\":\"Abierto el plazo de inscripci\u00f3n para dos nuevos talleres gratuitos, \u2018Trabajar el bienestar personal\u2019 y \u2018Entender la depresi\u00f3n\u2019, dirigidos a mayores de 65 a\u00f1os\",\"isPartOf\":{\"@id\":\"https:\\\/\\\/www.laguiadepamplona.com\\\/actualidad\\\/#website\"},\"primaryImageOfPage\":{\"@id\":\"https:\\\/\\\/www.laguiadepamplona.com\\\/actualidad\\\/abierto-el-plazo-de-inscripcion-para-dos-nuevos-talleres-gratuitos-trabajar-el-bienestar-personal-y-entender-la-depresion-dirigidos-a-mayores-de-65-anos\\\/#primaryimage\"},\"image\":{\"@id\":\"https:\\\/\\\/www.laguiadepamplona.com\\\/actualidad\\\/abierto-el-plazo-de-inscripcion-para-dos-nuevos-talleres-gratuitos-trabajar-el-bienestar-personal-y-entender-la-depresion-dirigidos-a-mayores-de-65-anos\\\/#primaryimage\"},\"thumbnailUrl\":\"https:\\\/\\\/www.laguiadepamplona.com\\\/actualidad\\\/wp-content\\\/uploads\\\/2023\\\/05\\\/bienestar-personal.jpg\",\"datePublished\":\"2023-05-17T10:45:11+00:00\",\"description\":\"Los talleres se celebran en el mes de junio, constan de cuatro sesiones de dos horas, y las plazas se completan por orden de llamada al 948 24 30 40\",\"breadcrumb\":{\"@id\":\"https:\\\/\\\/www.laguiadepamplona.com\\\/actualidad\\\/abierto-el-plazo-de-inscripcion-para-dos-nuevos-talleres-gratuitos-trabajar-el-bienestar-personal-y-entender-la-depresion-dirigidos-a-mayores-de-65-anos\\\/#breadcrumb\"},\"inLanguage\":\"es\",\"potentialAction\":[{\"@type\":\"ReadAction\",\"target\":[\"https:\\\/\\\/www.laguiadepamplona.com\\\/actualidad\\\/abierto-el-plazo-de-inscripcion-para-dos-nuevos-talleres-gratuitos-trabajar-el-bienestar-personal-y-entender-la-depresion-dirigidos-a-mayores-de-65-anos\\\/\"]}]},{\"@type\":\"ImageObject\",\"inLanguage\":\"es\",\"@id\":\"https:\\\/\\\/www.laguiadepamplona.com\\\/actualidad\\\/abierto-el-plazo-de-inscripcion-para-dos-nuevos-talleres-gratuitos-trabajar-el-bienestar-personal-y-entender-la-depresion-dirigidos-a-mayores-de-65-anos\\\/#primaryimage\",\"url\":\"https:\\\/\\\/www.laguiadepamplona.com\\\/actualidad\\\/wp-content\\\/uploads\\\/2023\\\/05\\\/bienestar-personal.jpg\",\"contentUrl\":\"https:\\\/\\\/www.laguiadepamplona.com\\\/actualidad\\\/wp-content\\\/uploads\\\/2023\\\/05\\\/bienestar-personal.jpg\",\"width\":620,\"height\":459},{\"@type\":\"BreadcrumbList\",\"@id\":\"https:\\\/\\\/www.laguiadepamplona.com\\\/actualidad\\\/abierto-el-plazo-de-inscripcion-para-dos-nuevos-talleres-gratuitos-trabajar-el-bienestar-personal-y-entender-la-depresion-dirigidos-a-mayores-de-65-anos\\\/#breadcrumb\",\"itemListElement\":[{\"@type\":\"ListItem\",\"position\":1,\"name\":\"Portada\",\"item\":\"https:\\\/\\\/www.laguiadepamplona.com\\\/actualidad\\\/\"},{\"@type\":\"ListItem\",\"position\":2,\"name\":\"Abierto el plazo de inscripci\u00f3n para dos nuevos talleres gratuitos, \u2018Trabajar el bienestar personal\u2019 y \u2018Entender la depresi\u00f3n\u2019, dirigidos a mayores de 65 a\u00f1os\"}]},{\"@type\":\"WebSite\",\"@id\":\"https:\\\/\\\/www.laguiadepamplona.com\\\/actualidad\\\/#website\",\"url\":\"https:\\\/\\\/www.laguiadepamplona.com\\\/actualidad\\\/\",\"name\":\"La gu\u00eda de Pamplona\",\"description\":\"Noticias de Pamplona\",\"publisher\":{\"@id\":\"https:\\\/\\\/www.laguiadepamplona.com\\\/actualidad\\\/#organization\"},\"potentialAction\":[{\"@type\":\"SearchAction\",\"target\":{\"@type\":\"EntryPoint\",\"urlTemplate\":\"https:\\\/\\\/www.laguiadepamplona.com\\\/actualidad\\\/?s={search_term_string}\"},\"query-input\":{\"@type\":\"PropertyValueSpecification\",\"valueRequired\":true,\"valueName\":\"search_term_string\"}}],\"inLanguage\":\"es\"},{\"@type\":\"Organization\",\"@id\":\"https:\\\/\\\/www.laguiadepamplona.com\\\/actualidad\\\/#organization\",\"name\":\"La Gu\u00eda de Pamplona \\\/ Noticias\",\"url\":\"https:\\\/\\\/www.laguiadepamplona.com\\\/actualidad\\\/\",\"logo\":{\"@type\":\"ImageObject\",\"inLanguage\":\"es\",\"@id\":\"https:\\\/\\\/www.laguiadepamplona.com\\\/actualidad\\\/#\\\/schema\\\/logo\\\/image\\\/\",\"url\":\"https:\\\/\\\/www.laguiadepamplona.com\\\/actualidad\\\/wp-content\\\/uploads\\\/2018\\\/11\\\/logo-laguiadepamplona18-web1.png\",\"contentUrl\":\"https:\\\/\\\/www.laguiadepamplona.com\\\/actualidad\\\/wp-content\\\/uploads\\\/2018\\\/11\\\/logo-laguiadepamplona18-web1.png\",\"width\":600,\"height\":196,\"caption\":\"La Gu\u00eda de Pamplona \\\/ Noticias\"},\"image\":{\"@id\":\"https:\\\/\\\/www.laguiadepamplona.com\\\/actualidad\\\/#\\\/schema\\\/logo\\\/image\\\/\"},\"sameAs\":[\"https:\\\/\\\/www.facebook.com\\\/laguiadepamplonacom-133175176762273\\\/?ref=hl\",\"https:\\\/\\\/x.com\\\/LaGuiadPamplona\",\"https:\\\/\\\/www.instagram.com\\\/la_guia_de_pamplona\\\/\",\"https:\\\/\\\/www.youtube.com\\\/user\\\/laguiadepamplona\"]},{\"@type\":\"Person\",\"@id\":\"https:\\\/\\\/www.laguiadepamplona.com\\\/actualidad\\\/#\\\/schema\\\/person\\\/efe887376f0213d4657c93adc50b1fdb\",\"name\":\"La Gu\u00eda de Pamplona\",\"image\":{\"@type\":\"ImageObject\",\"inLanguage\":\"es\",\"@id\":\"https:\\\/\\\/secure.gravatar.com\\\/avatar\\\/b6992f131dc8d30ab0dff15446e9d346d9dbd95992de0fef795073f5ea83a81c?s=96&d=mm&r=g\",\"url\":\"https:\\\/\\\/secure.gravatar.com\\\/avatar\\\/b6992f131dc8d30ab0dff15446e9d346d9dbd95992de0fef795073f5ea83a81c?s=96&d=mm&r=g\",\"contentUrl\":\"https:\\\/\\\/secure.gravatar.com\\\/avatar\\\/b6992f131dc8d30ab0dff15446e9d346d9dbd95992de0fef795073f5ea83a81c?s=96&d=mm&r=g\",\"caption\":\"La Gu\u00eda de Pamplona\"}}]}<\/script>\n<!-- \/ Yoast SEO plugin. -->","yoast_head_json":{"title":"Abierto el plazo de inscripci\u00f3n para dos nuevos talleres gratuitos, \u2018Trabajar el bienestar personal\u2019 y \u2018Entender la depresi\u00f3n\u2019, dirigidos a mayores de 65 a\u00f1os","description":"Los talleres se celebran en el mes de junio, constan de cuatro sesiones de dos horas, y las plazas se completan por orden de llamada al 948 24 30 40","robots":{"index":"index","follow":"follow","max-snippet":"max-snippet:-1","max-image-preview":"max-image-preview:large","max-video-preview":"max-video-preview:-1"},"canonical":"https:\/\/www.laguiadepamplona.com\/actualidad\/abierto-el-plazo-de-inscripcion-para-dos-nuevos-talleres-gratuitos-trabajar-el-bienestar-personal-y-entender-la-depresion-dirigidos-a-mayores-de-65-anos\/","og_locale":"es_ES","og_type":"article","og_title":"Abierto el plazo de inscripci\u00f3n para dos nuevos talleres gratuitos, \u2018Trabajar el bienestar personal\u2019 y \u2018Entender la depresi\u00f3n\u2019, dirigidos a mayores de 65 a\u00f1os","og_description":"Los talleres se celebran en el mes de junio, constan de cuatro sesiones de dos horas, y las plazas se completan por orden de llamada al 948 24 30 40","og_url":"https:\/\/www.laguiadepamplona.com\/actualidad\/abierto-el-plazo-de-inscripcion-para-dos-nuevos-talleres-gratuitos-trabajar-el-bienestar-personal-y-entender-la-depresion-dirigidos-a-mayores-de-65-anos\/","og_site_name":"La Gu\u00eda de Pamplona","article_publisher":"https:\/\/www.facebook.com\/laguiadepamplonacom-133175176762273\/?ref=hl","article_published_time":"2023-05-17T10:45:11+00:00","og_image":[{"width":620,"height":459,"url":"https:\/\/www.laguiadepamplona.com\/actualidad\/wp-content\/uploads\/2023\/05\/bienestar-personal.jpg","type":"image\/jpeg"}],"author":"La Gu\u00eda de Pamplona","twitter_card":"summary_large_image","twitter_creator":"@LaGuiadPamplona","twitter_site":"@LaGuiadPamplona","twitter_misc":{"Escrito por":"La Gu\u00eda de Pamplona","Tiempo de lectura":"2 minutos"},"schema":{"@context":"https:\/\/schema.org","@graph":[{"@type":"Article","@id":"https:\/\/www.laguiadepamplona.com\/actualidad\/abierto-el-plazo-de-inscripcion-para-dos-nuevos-talleres-gratuitos-trabajar-el-bienestar-personal-y-entender-la-depresion-dirigidos-a-mayores-de-65-anos\/#article","isPartOf":{"@id":"https:\/\/www.laguiadepamplona.com\/actualidad\/abierto-el-plazo-de-inscripcion-para-dos-nuevos-talleres-gratuitos-trabajar-el-bienestar-personal-y-entender-la-depresion-dirigidos-a-mayores-de-65-anos\/"},"author":{"name":"La Gu\u00eda de Pamplona","@id":"https:\/\/www.laguiadepamplona.com\/actualidad\/#\/schema\/person\/efe887376f0213d4657c93adc50b1fdb"},"headline":"Abierto el plazo de inscripci\u00f3n para dos nuevos talleres gratuitos, \u2018Trabajar el bienestar personal\u2019 y \u2018Entender la depresi\u00f3n\u2019, dirigidos a mayores de 65 a\u00f1os","datePublished":"2023-05-17T10:45:11+00:00","mainEntityOfPage":{"@id":"https:\/\/www.laguiadepamplona.com\/actualidad\/abierto-el-plazo-de-inscripcion-para-dos-nuevos-talleres-gratuitos-trabajar-el-bienestar-personal-y-entender-la-depresion-dirigidos-a-mayores-de-65-anos\/"},"wordCount":389,"commentCount":0,"publisher":{"@id":"https:\/\/www.laguiadepamplona.com\/actualidad\/#organization"},"image":{"@id":"https:\/\/www.laguiadepamplona.com\/actualidad\/abierto-el-plazo-de-inscripcion-para-dos-nuevos-talleres-gratuitos-trabajar-el-bienestar-personal-y-entender-la-depresion-dirigidos-a-mayores-de-65-anos\/#primaryimage"},"thumbnailUrl":"https:\/\/www.laguiadepamplona.com\/actualidad\/wp-content\/uploads\/2023\/05\/bienestar-personal.jpg","articleSection":["Ayto Pamplona"],"inLanguage":"es","potentialAction":[{"@type":"CommentAction","name":"Comment","target":["https:\/\/www.laguiadepamplona.com\/actualidad\/abierto-el-plazo-de-inscripcion-para-dos-nuevos-talleres-gratuitos-trabajar-el-bienestar-personal-y-entender-la-depresion-dirigidos-a-mayores-de-65-anos\/#respond"]}]},{"@type":"WebPage","@id":"https:\/\/www.laguiadepamplona.com\/actualidad\/abierto-el-plazo-de-inscripcion-para-dos-nuevos-talleres-gratuitos-trabajar-el-bienestar-personal-y-entender-la-depresion-dirigidos-a-mayores-de-65-anos\/","url":"https:\/\/www.laguiadepamplona.com\/actualidad\/abierto-el-plazo-de-inscripcion-para-dos-nuevos-talleres-gratuitos-trabajar-el-bienestar-personal-y-entender-la-depresion-dirigidos-a-mayores-de-65-anos\/","name":"Abierto el plazo de inscripci\u00f3n para dos nuevos talleres gratuitos, \u2018Trabajar el bienestar personal\u2019 y \u2018Entender la depresi\u00f3n\u2019, dirigidos a mayores de 65 a\u00f1os","isPartOf":{"@id":"https:\/\/www.laguiadepamplona.com\/actualidad\/#website"},"primaryImageOfPage":{"@id":"https:\/\/www.laguiadepamplona.com\/actualidad\/abierto-el-plazo-de-inscripcion-para-dos-nuevos-talleres-gratuitos-trabajar-el-bienestar-personal-y-entender-la-depresion-dirigidos-a-mayores-de-65-anos\/#primaryimage"},"image":{"@id":"https:\/\/www.laguiadepamplona.com\/actualidad\/abierto-el-plazo-de-inscripcion-para-dos-nuevos-talleres-gratuitos-trabajar-el-bienestar-personal-y-entender-la-depresion-dirigidos-a-mayores-de-65-anos\/#primaryimage"},"thumbnailUrl":"https:\/\/www.laguiadepamplona.com\/actualidad\/wp-content\/uploads\/2023\/05\/bienestar-personal.jpg","datePublished":"2023-05-17T10:45:11+00:00","description":"Los talleres se celebran en el mes de junio, constan de cuatro sesiones de dos horas, y las plazas se completan por orden de llamada al 948 24 30 40","breadcrumb":{"@id":"https:\/\/www.laguiadepamplona.com\/actualidad\/abierto-el-plazo-de-inscripcion-para-dos-nuevos-talleres-gratuitos-trabajar-el-bienestar-personal-y-entender-la-depresion-dirigidos-a-mayores-de-65-anos\/#breadcrumb"},"inLanguage":"es","potentialAction":[{"@type":"ReadAction","target":["https:\/\/www.laguiadepamplona.com\/actualidad\/abierto-el-plazo-de-inscripcion-para-dos-nuevos-talleres-gratuitos-trabajar-el-bienestar-personal-y-entender-la-depresion-dirigidos-a-mayores-de-65-anos\/"]}]},{"@type":"ImageObject","inLanguage":"es","@id":"https:\/\/www.laguiadepamplona.com\/actualidad\/abierto-el-plazo-de-inscripcion-para-dos-nuevos-talleres-gratuitos-trabajar-el-bienestar-personal-y-entender-la-depresion-dirigidos-a-mayores-de-65-anos\/#primaryimage","url":"https:\/\/www.laguiadepamplona.com\/actualidad\/wp-content\/uploads\/2023\/05\/bienestar-personal.jpg","contentUrl":"https:\/\/www.laguiadepamplona.com\/actualidad\/wp-content\/uploads\/2023\/05\/bienestar-personal.jpg","width":620,"height":459},{"@type":"BreadcrumbList","@id":"https:\/\/www.laguiadepamplona.com\/actualidad\/abierto-el-plazo-de-inscripcion-para-dos-nuevos-talleres-gratuitos-trabajar-el-bienestar-personal-y-entender-la-depresion-dirigidos-a-mayores-de-65-anos\/#breadcrumb","itemListElement":[{"@type":"ListItem","position":1,"name":"Portada","item":"https:\/\/www.laguiadepamplona.com\/actualidad\/"},{"@type":"ListItem","position":2,"name":"Abierto el plazo de inscripci\u00f3n para dos nuevos talleres gratuitos, \u2018Trabajar el bienestar personal\u2019 y \u2018Entender la depresi\u00f3n\u2019, dirigidos a mayores de 65 a\u00f1os"}]},{"@type":"WebSite","@id":"https:\/\/www.laguiadepamplona.com\/actualidad\/#website","url":"https:\/\/www.laguiadepamplona.com\/actualidad\/","name":"La gu\u00eda de Pamplona","description":"Noticias de Pamplona","publisher":{"@id":"https:\/\/www.laguiadepamplona.com\/actualidad\/#organization"},"potentialAction":[{"@type":"SearchAction","target":{"@type":"EntryPoint","urlTemplate":"https:\/\/www.laguiadepamplona.com\/actualidad\/?s={search_term_string}"},"query-input":{"@type":"PropertyValueSpecification","valueRequired":true,"valueName":"search_term_string"}}],"inLanguage":"es"},{"@type":"Organization","@id":"https:\/\/www.laguiadepamplona.com\/actualidad\/#organization","name":"La Gu\u00eda de Pamplona \/ Noticias","url":"https:\/\/www.laguiadepamplona.com\/actualidad\/","logo":{"@type":"ImageObject","inLanguage":"es","@id":"https:\/\/www.laguiadepamplona.com\/actualidad\/#\/schema\/logo\/image\/","url":"https:\/\/www.laguiadepamplona.com\/actualidad\/wp-content\/uploads\/2018\/11\/logo-laguiadepamplona18-web1.png","contentUrl":"https:\/\/www.laguiadepamplona.com\/actualidad\/wp-content\/uploads\/2018\/11\/logo-laguiadepamplona18-web1.png","width":600,"height":196,"caption":"La Gu\u00eda de Pamplona \/ Noticias"},"image":{"@id":"https:\/\/www.laguiadepamplona.com\/actualidad\/#\/schema\/logo\/image\/"},"sameAs":["https:\/\/www.facebook.com\/laguiadepamplonacom-133175176762273\/?ref=hl","https:\/\/x.com\/LaGuiadPamplona","https:\/\/www.instagram.com\/la_guia_de_pamplona\/","https:\/\/www.youtube.com\/user\/laguiadepamplona"]},{"@type":"Person","@id":"https:\/\/www.laguiadepamplona.com\/actualidad\/#\/schema\/person\/efe887376f0213d4657c93adc50b1fdb","name":"La Gu\u00eda de Pamplona","image":{"@type":"ImageObject","inLanguage":"es","@id":"https:\/\/secure.gravatar.com\/avatar\/b6992f131dc8d30ab0dff15446e9d346d9dbd95992de0fef795073f5ea83a81c?s=96&d=mm&r=g","url":"https:\/\/secure.gravatar.com\/avatar\/b6992f131dc8d30ab0dff15446e9d346d9dbd95992de0fef795073f5ea83a81c?s=96&d=mm&r=g","contentUrl":"https:\/\/secure.gravatar.com\/avatar\/b6992f131dc8d30ab0dff15446e9d346d9dbd95992de0fef795073f5ea83a81c?s=96&d=mm&r=g","caption":"La Gu\u00eda de Pamplona"}}]}},"post_mailing_queue_ids":[],"_links":{"self":[{"href":"https:\/\/www.laguiadepamplona.com\/actualidad\/wp-json\/wp\/v2\/posts\/46710","targetHints":{"allow":["GET"]}}],"collection":[{"href":"https:\/\/www.laguiadepamplona.com\/actualidad\/wp-json\/wp\/v2\/posts"}],"about":[{"href":"https:\/\/www.laguiadepamplona.com\/actualidad\/wp-json\/wp\/v2\/types\/post"}],"author":[{"embeddable":true,"href":"https:\/\/www.laguiadepamplona.com\/actualidad\/wp-json\/wp\/v2\/users\/1"}],"replies":[{"embeddable":true,"href":"https:\/\/www.laguiadepamplona.com\/actualidad\/wp-json\/wp\/v2\/comments?post=46710"}],"version-history":[{"count":1,"href":"https:\/\/www.laguiadepamplona.com\/actualidad\/wp-json\/wp\/v2\/posts\/46710\/revisions"}],"predecessor-version":[{"id":46712,"href":"https:\/\/www.laguiadepamplona.com\/actualidad\/wp-json\/wp\/v2\/posts\/46710\/revisions\/46712"}],"wp:featuredmedia":[{"embeddable":true,"href":"https:\/\/www.laguiadepamplona.com\/actualidad\/wp-json\/wp\/v2\/media\/46711"}],"wp:attachment":[{"href":"https:\/\/www.laguiadepamplona.com\/actualidad\/wp-json\/wp\/v2\/media?parent=46710"}],"wp:term":[{"taxonomy":"category","embeddable":true,"href":"https:\/\/www.laguiadepamplona.com\/actualidad\/wp-json\/wp\/v2\/categories?post=46710"},{"taxonomy":"post_tag","embeddable":true,"href":"https:\/\/www.laguiadepamplona.com\/actualidad\/wp-json\/wp\/v2\/tags?post=46710"}],"curies":[{"name":"wp","href":"https:\/\/api.w.org\/{rel}","templated":true}]}}