{"id":46707,"date":"2023-05-16T18:11:22","date_gmt":"2023-05-16T16:11:22","guid":{"rendered":"https:\/\/www.laguiadepamplona.com\/actualidad\/?p=46707"},"modified":"2023-05-16T18:11:22","modified_gmt":"2023-05-16T16:11:22","slug":"convocadas-dos-listas-de-contratacion-de-tecnico-superior-de-integracion-social-una-de-servicios-especiales-para-la-formacion-y-otra-para-contratacion-temporal","status":"publish","type":"post","link":"https:\/\/www.laguiadepamplona.com\/actualidad\/convocadas-dos-listas-de-contratacion-de-tecnico-superior-de-integracion-social-una-de-servicios-especiales-para-la-formacion-y-otra-para-contratacion-temporal\/","title":{"rendered":"Convocadas dos listas de contrataci\u00f3n de t\u00e9cnico superior de integraci\u00f3n social, una de servicios especiales para la formaci\u00f3n y otra para contrataci\u00f3n temporal"},"content":{"rendered":"<h3>El plazo para presentar las solicitudes en la web municipal del Ayuntamiento de Pamplona termina el lunes 22 de mayo<\/h3>\n<p><!--more--><\/p>\n<p>El Ayuntamiento de Pamplona ha convocado pruebas selectivas para constituir dos listas de contrataci\u00f3n de t\u00e9cnico superior de integraci\u00f3n social. Una de las listas ser\u00e1 en situaci\u00f3n de servicios especiales para la formaci\u00f3n, para personal fijo al servicio del Ayuntamiento y sus organismos aut\u00f3nomos, y la otra, para contrataci\u00f3n temporal, para cubrir las necesidades que se produzcan. El plazo para presentar solicitudes termina el lunes 22 de mayo.<\/p>\n<p>Las solicitudes se presentan de forma telem\u00e1tica en la web <a href=\"http:\/\/www.pamplona.es\" target=\"_blank\" rel=\"noopener\">www.pamplona.es<\/a>, donde se pueden consultar las bases completas de la convocatoria. La tasa en concepto de derechos de examen y formalizaci\u00f3n de expediente es de 7,50 euros.<br \/>\n<script async src=\"\/\/pagead2.googlesyndication.com\/pagead\/js\/adsbygoogle.js\"><\/script><br \/>\n<!-- Noticias La Guia de Pamplona --><br \/>\n<ins class=\"adsbygoogle\"\nstyle=\"display:block\"\ndata-ad-client=\"ca-pub-6943679897239327\"\ndata-ad-slot=\"7048180777\"\ndata-ad-format=\"auto\"><\/ins><br \/>\n<script>\n(adsbygoogle = window.adsbygoogle || []).push({});\n<\/script><\/p>\n<p>El personal fijo al servicio del Ayuntamiento y\/o sus organismos aut\u00f3nomos deber\u00e1 pertenecer al mismo o inferior nivel al de las plazas convocadas y no haber agotado el periodo m\u00e1ximo de formaci\u00f3n. Es necesario haber completado un m\u00ednimo de tres a\u00f1os de servicios efectivamente prestados en su puesto de trabajo, no hallarse en situaci\u00f3n de excedencia voluntaria o forzosa, y poseer el t\u00edtulo de t\u00e9cnico\/a superior de Integraci\u00f3n Social, t\u00e9cnico\/a especialista en Adaptaci\u00f3n Social, diplomatura o grado en Educaci\u00f3n Social, habilitaci\u00f3n en Educaci\u00f3n social o t\u00edtulo declarado equivalente, o del resguardo de haber satisfecho los derechos para su obtenci\u00f3n en la fecha en que termine el plazo de presentaci\u00f3n de solicitudes.<\/p>\n<p>En cuanto a las listas de contrataci\u00f3n temporal, los requisitos son tener la nacionalidad espa\u00f1ola, la nacionalidad de un Estado miembro de la Uni\u00f3n Europea o nacionalidad de un Estado incluido en el \u00e1mbito de aplicaci\u00f3n de los Tratados Internacionales celebrados por la Comunidad Europea y ratificados por Espa\u00f1a. Tambi\u00e9n podr\u00e1n participar sus c\u00f3nyuges, sus descendientes y los descendientes del c\u00f3nyuge, cuando no medie separaci\u00f3n de derecho, que sean menores de veinti\u00fan a\u00f1os o mayores de dicha edad que vivan a sus expensas. Se deber\u00e1n tener cumplidos diecis\u00e9is a\u00f1os y no exceder, en su caso, de la edad m\u00e1xima de jubilaci\u00f3n, y hallarse en posesi\u00f3n del t\u00edtulo t\u00e9cnico\/a superior de Integraci\u00f3n Social, t\u00e9cnico\/a especialista en Adaptaci\u00f3n Social, diplomatura o grado en Educaci\u00f3n Social, habilitaci\u00f3n en Educaci\u00f3n social o t\u00edtulo equivalente, o del resguardo de haber satisfecho los derechos para su obtenci\u00f3n en la fecha en que termine el plazo de presentaci\u00f3n de solicitudes. Los requisitos de titulaci\u00f3n deben acreditarse en todos los casos en el momento de presentar la instancia.<br \/>\n<script async src=\"\/\/pagead2.googlesyndication.com\/pagead\/js\/adsbygoogle.js\"><\/script><br \/>\n<!-- Noticias La Guia de Pamplona --><br \/>\n<ins class=\"adsbygoogle\"\nstyle=\"display:block\"\ndata-ad-client=\"ca-pub-6943679897239327\"\ndata-ad-slot=\"7048180777\"\ndata-ad-format=\"auto\"><\/ins><br \/>\n<script>\n(adsbygoogle = window.adsbygoogle || []).push({});\n<\/script><\/p>\n<p>El examen ser\u00e1 com\u00fan a las dos listas y consiste en un examen te\u00f3rico en el que se contesta por escrito un cuestionario de preguntas tipo test con varias alternativas de respuesta, de las que s\u00f3lo una es v\u00e1lida. Las preguntas corresponder\u00e1n a los doce temas incluidos en el temario. La valoraci\u00f3n m\u00e1xima ser\u00e1 de 100 puntos y superar\u00e1n la prueba quienes obtengan, al menos, el 30 por 100 de la puntuaci\u00f3n.<\/p>\n","protected":false},"excerpt":{"rendered":"<p>El plazo para presentar las solicitudes en la web municipal del Ayuntamiento de Pamplona termina el lunes 22 de mayo<\/p>\n","protected":false},"author":1,"featured_media":42333,"comment_status":"open","ping_status":"closed","sticky":false,"template":"","format":"standard","meta":{"footnotes":""},"categories":[2],"tags":[],"class_list":["post-46707","post","type-post","status-publish","format-standard","has-post-thumbnail","hentry","category-ayuntamiento-pamplona"],"yoast_head":"<!-- This site is optimized with the Yoast SEO plugin v27.3 - https:\/\/yoast.com\/product\/yoast-seo-wordpress\/ -->\n<title>Convocadas dos listas de contrataci\u00f3n de t\u00e9cnico superior de integraci\u00f3n social, una de servicios especiales para la formaci\u00f3n y otra para contrataci\u00f3n temporal<\/title>\n<meta name=\"description\" content=\"El plazo para presentar las solicitudes en la web municipal del Ayuntamiento de Pamplona termina el lunes 22 de mayo\" \/>\n<meta name=\"robots\" content=\"index, follow, max-snippet:-1, max-image-preview:large, max-video-preview:-1\" \/>\n<link rel=\"canonical\" href=\"https:\/\/www.laguiadepamplona.com\/actualidad\/convocadas-dos-listas-de-contratacion-de-tecnico-superior-de-integracion-social-una-de-servicios-especiales-para-la-formacion-y-otra-para-contratacion-temporal\/\" \/>\n<meta property=\"og:locale\" content=\"es_ES\" \/>\n<meta property=\"og:type\" content=\"article\" \/>\n<meta property=\"og:title\" content=\"Convocadas dos listas de contrataci\u00f3n de t\u00e9cnico superior de integraci\u00f3n social, una de servicios especiales para la formaci\u00f3n y otra para contrataci\u00f3n temporal\" \/>\n<meta property=\"og:description\" content=\"El plazo para presentar las solicitudes en la web municipal del Ayuntamiento de Pamplona termina el lunes 22 de mayo\" \/>\n<meta property=\"og:url\" content=\"https:\/\/www.laguiadepamplona.com\/actualidad\/convocadas-dos-listas-de-contratacion-de-tecnico-superior-de-integracion-social-una-de-servicios-especiales-para-la-formacion-y-otra-para-contratacion-temporal\/\" \/>\n<meta property=\"og:site_name\" content=\"La Gu\u00eda de Pamplona\" \/>\n<meta property=\"article:publisher\" content=\"https:\/\/www.facebook.com\/laguiadepamplonacom-133175176762273\/?ref=hl\" \/>\n<meta property=\"article:published_time\" content=\"2023-05-16T16:11:22+00:00\" \/>\n<meta property=\"og:image\" content=\"https:\/\/www.laguiadepamplona.com\/actualidad\/wp-content\/uploads\/2022\/11\/papeles_0.webp\" \/>\n\t<meta property=\"og:image:width\" content=\"1920\" \/>\n\t<meta property=\"og:image:height\" content=\"1280\" \/>\n\t<meta property=\"og:image:type\" content=\"image\/webp\" \/>\n<meta name=\"author\" content=\"La Gu\u00eda de Pamplona\" \/>\n<meta name=\"twitter:card\" content=\"summary_large_image\" \/>\n<meta name=\"twitter:creator\" content=\"@LaGuiadPamplona\" \/>\n<meta name=\"twitter:site\" content=\"@LaGuiadPamplona\" \/>\n<meta name=\"twitter:label1\" content=\"Escrito por\" \/>\n\t<meta name=\"twitter:data1\" content=\"La Gu\u00eda de Pamplona\" \/>\n\t<meta name=\"twitter:label2\" content=\"Tiempo de lectura\" \/>\n\t<meta name=\"twitter:data2\" content=\"3 minutos\" \/>\n<script type=\"application\/ld+json\" class=\"yoast-schema-graph\">{\"@context\":\"https:\\\/\\\/schema.org\",\"@graph\":[{\"@type\":\"Article\",\"@id\":\"https:\\\/\\\/www.laguiadepamplona.com\\\/actualidad\\\/convocadas-dos-listas-de-contratacion-de-tecnico-superior-de-integracion-social-una-de-servicios-especiales-para-la-formacion-y-otra-para-contratacion-temporal\\\/#article\",\"isPartOf\":{\"@id\":\"https:\\\/\\\/www.laguiadepamplona.com\\\/actualidad\\\/convocadas-dos-listas-de-contratacion-de-tecnico-superior-de-integracion-social-una-de-servicios-especiales-para-la-formacion-y-otra-para-contratacion-temporal\\\/\"},\"author\":{\"name\":\"La Gu\u00eda de Pamplona\",\"@id\":\"https:\\\/\\\/www.laguiadepamplona.com\\\/actualidad\\\/#\\\/schema\\\/person\\\/efe887376f0213d4657c93adc50b1fdb\"},\"headline\":\"Convocadas dos listas de contrataci\u00f3n de t\u00e9cnico superior de integraci\u00f3n social, una de servicios especiales para la formaci\u00f3n y otra para contrataci\u00f3n temporal\",\"datePublished\":\"2023-05-16T16:11:22+00:00\",\"mainEntityOfPage\":{\"@id\":\"https:\\\/\\\/www.laguiadepamplona.com\\\/actualidad\\\/convocadas-dos-listas-de-contratacion-de-tecnico-superior-de-integracion-social-una-de-servicios-especiales-para-la-formacion-y-otra-para-contratacion-temporal\\\/\"},\"wordCount\":572,\"commentCount\":0,\"publisher\":{\"@id\":\"https:\\\/\\\/www.laguiadepamplona.com\\\/actualidad\\\/#organization\"},\"image\":{\"@id\":\"https:\\\/\\\/www.laguiadepamplona.com\\\/actualidad\\\/convocadas-dos-listas-de-contratacion-de-tecnico-superior-de-integracion-social-una-de-servicios-especiales-para-la-formacion-y-otra-para-contratacion-temporal\\\/#primaryimage\"},\"thumbnailUrl\":\"https:\\\/\\\/www.laguiadepamplona.com\\\/actualidad\\\/wp-content\\\/uploads\\\/2022\\\/11\\\/papeles_0.webp\",\"articleSection\":[\"Ayto Pamplona\"],\"inLanguage\":\"es\",\"potentialAction\":[{\"@type\":\"CommentAction\",\"name\":\"Comment\",\"target\":[\"https:\\\/\\\/www.laguiadepamplona.com\\\/actualidad\\\/convocadas-dos-listas-de-contratacion-de-tecnico-superior-de-integracion-social-una-de-servicios-especiales-para-la-formacion-y-otra-para-contratacion-temporal\\\/#respond\"]}]},{\"@type\":\"WebPage\",\"@id\":\"https:\\\/\\\/www.laguiadepamplona.com\\\/actualidad\\\/convocadas-dos-listas-de-contratacion-de-tecnico-superior-de-integracion-social-una-de-servicios-especiales-para-la-formacion-y-otra-para-contratacion-temporal\\\/\",\"url\":\"https:\\\/\\\/www.laguiadepamplona.com\\\/actualidad\\\/convocadas-dos-listas-de-contratacion-de-tecnico-superior-de-integracion-social-una-de-servicios-especiales-para-la-formacion-y-otra-para-contratacion-temporal\\\/\",\"name\":\"Convocadas dos listas de contrataci\u00f3n de t\u00e9cnico superior de integraci\u00f3n social, una de servicios especiales para la formaci\u00f3n y otra para contrataci\u00f3n temporal\",\"isPartOf\":{\"@id\":\"https:\\\/\\\/www.laguiadepamplona.com\\\/actualidad\\\/#website\"},\"primaryImageOfPage\":{\"@id\":\"https:\\\/\\\/www.laguiadepamplona.com\\\/actualidad\\\/convocadas-dos-listas-de-contratacion-de-tecnico-superior-de-integracion-social-una-de-servicios-especiales-para-la-formacion-y-otra-para-contratacion-temporal\\\/#primaryimage\"},\"image\":{\"@id\":\"https:\\\/\\\/www.laguiadepamplona.com\\\/actualidad\\\/convocadas-dos-listas-de-contratacion-de-tecnico-superior-de-integracion-social-una-de-servicios-especiales-para-la-formacion-y-otra-para-contratacion-temporal\\\/#primaryimage\"},\"thumbnailUrl\":\"https:\\\/\\\/www.laguiadepamplona.com\\\/actualidad\\\/wp-content\\\/uploads\\\/2022\\\/11\\\/papeles_0.webp\",\"datePublished\":\"2023-05-16T16:11:22+00:00\",\"description\":\"El plazo para presentar las solicitudes en la web municipal del Ayuntamiento de Pamplona termina el lunes 22 de mayo\",\"breadcrumb\":{\"@id\":\"https:\\\/\\\/www.laguiadepamplona.com\\\/actualidad\\\/convocadas-dos-listas-de-contratacion-de-tecnico-superior-de-integracion-social-una-de-servicios-especiales-para-la-formacion-y-otra-para-contratacion-temporal\\\/#breadcrumb\"},\"inLanguage\":\"es\",\"potentialAction\":[{\"@type\":\"ReadAction\",\"target\":[\"https:\\\/\\\/www.laguiadepamplona.com\\\/actualidad\\\/convocadas-dos-listas-de-contratacion-de-tecnico-superior-de-integracion-social-una-de-servicios-especiales-para-la-formacion-y-otra-para-contratacion-temporal\\\/\"]}]},{\"@type\":\"ImageObject\",\"inLanguage\":\"es\",\"@id\":\"https:\\\/\\\/www.laguiadepamplona.com\\\/actualidad\\\/convocadas-dos-listas-de-contratacion-de-tecnico-superior-de-integracion-social-una-de-servicios-especiales-para-la-formacion-y-otra-para-contratacion-temporal\\\/#primaryimage\",\"url\":\"https:\\\/\\\/www.laguiadepamplona.com\\\/actualidad\\\/wp-content\\\/uploads\\\/2022\\\/11\\\/papeles_0.webp\",\"contentUrl\":\"https:\\\/\\\/www.laguiadepamplona.com\\\/actualidad\\\/wp-content\\\/uploads\\\/2022\\\/11\\\/papeles_0.webp\",\"width\":1920,\"height\":1280},{\"@type\":\"BreadcrumbList\",\"@id\":\"https:\\\/\\\/www.laguiadepamplona.com\\\/actualidad\\\/convocadas-dos-listas-de-contratacion-de-tecnico-superior-de-integracion-social-una-de-servicios-especiales-para-la-formacion-y-otra-para-contratacion-temporal\\\/#breadcrumb\",\"itemListElement\":[{\"@type\":\"ListItem\",\"position\":1,\"name\":\"Portada\",\"item\":\"https:\\\/\\\/www.laguiadepamplona.com\\\/actualidad\\\/\"},{\"@type\":\"ListItem\",\"position\":2,\"name\":\"Convocadas dos listas de contrataci\u00f3n de t\u00e9cnico superior de integraci\u00f3n social, una de servicios especiales para la formaci\u00f3n y otra para contrataci\u00f3n temporal\"}]},{\"@type\":\"WebSite\",\"@id\":\"https:\\\/\\\/www.laguiadepamplona.com\\\/actualidad\\\/#website\",\"url\":\"https:\\\/\\\/www.laguiadepamplona.com\\\/actualidad\\\/\",\"name\":\"La gu\u00eda de Pamplona\",\"description\":\"Noticias de Pamplona\",\"publisher\":{\"@id\":\"https:\\\/\\\/www.laguiadepamplona.com\\\/actualidad\\\/#organization\"},\"potentialAction\":[{\"@type\":\"SearchAction\",\"target\":{\"@type\":\"EntryPoint\",\"urlTemplate\":\"https:\\\/\\\/www.laguiadepamplona.com\\\/actualidad\\\/?s={search_term_string}\"},\"query-input\":{\"@type\":\"PropertyValueSpecification\",\"valueRequired\":true,\"valueName\":\"search_term_string\"}}],\"inLanguage\":\"es\"},{\"@type\":\"Organization\",\"@id\":\"https:\\\/\\\/www.laguiadepamplona.com\\\/actualidad\\\/#organization\",\"name\":\"La Gu\u00eda de Pamplona \\\/ Noticias\",\"url\":\"https:\\\/\\\/www.laguiadepamplona.com\\\/actualidad\\\/\",\"logo\":{\"@type\":\"ImageObject\",\"inLanguage\":\"es\",\"@id\":\"https:\\\/\\\/www.laguiadepamplona.com\\\/actualidad\\\/#\\\/schema\\\/logo\\\/image\\\/\",\"url\":\"https:\\\/\\\/www.laguiadepamplona.com\\\/actualidad\\\/wp-content\\\/uploads\\\/2018\\\/11\\\/logo-laguiadepamplona18-web1.png\",\"contentUrl\":\"https:\\\/\\\/www.laguiadepamplona.com\\\/actualidad\\\/wp-content\\\/uploads\\\/2018\\\/11\\\/logo-laguiadepamplona18-web1.png\",\"width\":600,\"height\":196,\"caption\":\"La Gu\u00eda de Pamplona \\\/ Noticias\"},\"image\":{\"@id\":\"https:\\\/\\\/www.laguiadepamplona.com\\\/actualidad\\\/#\\\/schema\\\/logo\\\/image\\\/\"},\"sameAs\":[\"https:\\\/\\\/www.facebook.com\\\/laguiadepamplonacom-133175176762273\\\/?ref=hl\",\"https:\\\/\\\/x.com\\\/LaGuiadPamplona\",\"https:\\\/\\\/www.instagram.com\\\/la_guia_de_pamplona\\\/\",\"https:\\\/\\\/www.youtube.com\\\/user\\\/laguiadepamplona\"]},{\"@type\":\"Person\",\"@id\":\"https:\\\/\\\/www.laguiadepamplona.com\\\/actualidad\\\/#\\\/schema\\\/person\\\/efe887376f0213d4657c93adc50b1fdb\",\"name\":\"La Gu\u00eda de Pamplona\",\"image\":{\"@type\":\"ImageObject\",\"inLanguage\":\"es\",\"@id\":\"https:\\\/\\\/secure.gravatar.com\\\/avatar\\\/b6992f131dc8d30ab0dff15446e9d346d9dbd95992de0fef795073f5ea83a81c?s=96&d=mm&r=g\",\"url\":\"https:\\\/\\\/secure.gravatar.com\\\/avatar\\\/b6992f131dc8d30ab0dff15446e9d346d9dbd95992de0fef795073f5ea83a81c?s=96&d=mm&r=g\",\"contentUrl\":\"https:\\\/\\\/secure.gravatar.com\\\/avatar\\\/b6992f131dc8d30ab0dff15446e9d346d9dbd95992de0fef795073f5ea83a81c?s=96&d=mm&r=g\",\"caption\":\"La Gu\u00eda de Pamplona\"}}]}<\/script>\n<!-- \/ Yoast SEO plugin. -->","yoast_head_json":{"title":"Convocadas dos listas de contrataci\u00f3n de t\u00e9cnico superior de integraci\u00f3n social, una de servicios especiales para la formaci\u00f3n y otra para contrataci\u00f3n temporal","description":"El plazo para presentar las solicitudes en la web municipal del Ayuntamiento de Pamplona termina el lunes 22 de mayo","robots":{"index":"index","follow":"follow","max-snippet":"max-snippet:-1","max-image-preview":"max-image-preview:large","max-video-preview":"max-video-preview:-1"},"canonical":"https:\/\/www.laguiadepamplona.com\/actualidad\/convocadas-dos-listas-de-contratacion-de-tecnico-superior-de-integracion-social-una-de-servicios-especiales-para-la-formacion-y-otra-para-contratacion-temporal\/","og_locale":"es_ES","og_type":"article","og_title":"Convocadas dos listas de contrataci\u00f3n de t\u00e9cnico superior de integraci\u00f3n social, una de servicios especiales para la formaci\u00f3n y otra para contrataci\u00f3n temporal","og_description":"El plazo para presentar las solicitudes en la web municipal del Ayuntamiento de Pamplona termina el lunes 22 de mayo","og_url":"https:\/\/www.laguiadepamplona.com\/actualidad\/convocadas-dos-listas-de-contratacion-de-tecnico-superior-de-integracion-social-una-de-servicios-especiales-para-la-formacion-y-otra-para-contratacion-temporal\/","og_site_name":"La Gu\u00eda de Pamplona","article_publisher":"https:\/\/www.facebook.com\/laguiadepamplonacom-133175176762273\/?ref=hl","article_published_time":"2023-05-16T16:11:22+00:00","og_image":[{"width":1920,"height":1280,"url":"https:\/\/www.laguiadepamplona.com\/actualidad\/wp-content\/uploads\/2022\/11\/papeles_0.webp","type":"image\/webp"}],"author":"La Gu\u00eda de Pamplona","twitter_card":"summary_large_image","twitter_creator":"@LaGuiadPamplona","twitter_site":"@LaGuiadPamplona","twitter_misc":{"Escrito por":"La Gu\u00eda de Pamplona","Tiempo de lectura":"3 minutos"},"schema":{"@context":"https:\/\/schema.org","@graph":[{"@type":"Article","@id":"https:\/\/www.laguiadepamplona.com\/actualidad\/convocadas-dos-listas-de-contratacion-de-tecnico-superior-de-integracion-social-una-de-servicios-especiales-para-la-formacion-y-otra-para-contratacion-temporal\/#article","isPartOf":{"@id":"https:\/\/www.laguiadepamplona.com\/actualidad\/convocadas-dos-listas-de-contratacion-de-tecnico-superior-de-integracion-social-una-de-servicios-especiales-para-la-formacion-y-otra-para-contratacion-temporal\/"},"author":{"name":"La Gu\u00eda de Pamplona","@id":"https:\/\/www.laguiadepamplona.com\/actualidad\/#\/schema\/person\/efe887376f0213d4657c93adc50b1fdb"},"headline":"Convocadas dos listas de contrataci\u00f3n de t\u00e9cnico superior de integraci\u00f3n social, una de servicios especiales para la formaci\u00f3n y otra para contrataci\u00f3n temporal","datePublished":"2023-05-16T16:11:22+00:00","mainEntityOfPage":{"@id":"https:\/\/www.laguiadepamplona.com\/actualidad\/convocadas-dos-listas-de-contratacion-de-tecnico-superior-de-integracion-social-una-de-servicios-especiales-para-la-formacion-y-otra-para-contratacion-temporal\/"},"wordCount":572,"commentCount":0,"publisher":{"@id":"https:\/\/www.laguiadepamplona.com\/actualidad\/#organization"},"image":{"@id":"https:\/\/www.laguiadepamplona.com\/actualidad\/convocadas-dos-listas-de-contratacion-de-tecnico-superior-de-integracion-social-una-de-servicios-especiales-para-la-formacion-y-otra-para-contratacion-temporal\/#primaryimage"},"thumbnailUrl":"https:\/\/www.laguiadepamplona.com\/actualidad\/wp-content\/uploads\/2022\/11\/papeles_0.webp","articleSection":["Ayto Pamplona"],"inLanguage":"es","potentialAction":[{"@type":"CommentAction","name":"Comment","target":["https:\/\/www.laguiadepamplona.com\/actualidad\/convocadas-dos-listas-de-contratacion-de-tecnico-superior-de-integracion-social-una-de-servicios-especiales-para-la-formacion-y-otra-para-contratacion-temporal\/#respond"]}]},{"@type":"WebPage","@id":"https:\/\/www.laguiadepamplona.com\/actualidad\/convocadas-dos-listas-de-contratacion-de-tecnico-superior-de-integracion-social-una-de-servicios-especiales-para-la-formacion-y-otra-para-contratacion-temporal\/","url":"https:\/\/www.laguiadepamplona.com\/actualidad\/convocadas-dos-listas-de-contratacion-de-tecnico-superior-de-integracion-social-una-de-servicios-especiales-para-la-formacion-y-otra-para-contratacion-temporal\/","name":"Convocadas dos listas de contrataci\u00f3n de t\u00e9cnico superior de integraci\u00f3n social, una de servicios especiales para la formaci\u00f3n y otra para contrataci\u00f3n temporal","isPartOf":{"@id":"https:\/\/www.laguiadepamplona.com\/actualidad\/#website"},"primaryImageOfPage":{"@id":"https:\/\/www.laguiadepamplona.com\/actualidad\/convocadas-dos-listas-de-contratacion-de-tecnico-superior-de-integracion-social-una-de-servicios-especiales-para-la-formacion-y-otra-para-contratacion-temporal\/#primaryimage"},"image":{"@id":"https:\/\/www.laguiadepamplona.com\/actualidad\/convocadas-dos-listas-de-contratacion-de-tecnico-superior-de-integracion-social-una-de-servicios-especiales-para-la-formacion-y-otra-para-contratacion-temporal\/#primaryimage"},"thumbnailUrl":"https:\/\/www.laguiadepamplona.com\/actualidad\/wp-content\/uploads\/2022\/11\/papeles_0.webp","datePublished":"2023-05-16T16:11:22+00:00","description":"El plazo para presentar las solicitudes en la web municipal del Ayuntamiento de Pamplona termina el lunes 22 de mayo","breadcrumb":{"@id":"https:\/\/www.laguiadepamplona.com\/actualidad\/convocadas-dos-listas-de-contratacion-de-tecnico-superior-de-integracion-social-una-de-servicios-especiales-para-la-formacion-y-otra-para-contratacion-temporal\/#breadcrumb"},"inLanguage":"es","potentialAction":[{"@type":"ReadAction","target":["https:\/\/www.laguiadepamplona.com\/actualidad\/convocadas-dos-listas-de-contratacion-de-tecnico-superior-de-integracion-social-una-de-servicios-especiales-para-la-formacion-y-otra-para-contratacion-temporal\/"]}]},{"@type":"ImageObject","inLanguage":"es","@id":"https:\/\/www.laguiadepamplona.com\/actualidad\/convocadas-dos-listas-de-contratacion-de-tecnico-superior-de-integracion-social-una-de-servicios-especiales-para-la-formacion-y-otra-para-contratacion-temporal\/#primaryimage","url":"https:\/\/www.laguiadepamplona.com\/actualidad\/wp-content\/uploads\/2022\/11\/papeles_0.webp","contentUrl":"https:\/\/www.laguiadepamplona.com\/actualidad\/wp-content\/uploads\/2022\/11\/papeles_0.webp","width":1920,"height":1280},{"@type":"BreadcrumbList","@id":"https:\/\/www.laguiadepamplona.com\/actualidad\/convocadas-dos-listas-de-contratacion-de-tecnico-superior-de-integracion-social-una-de-servicios-especiales-para-la-formacion-y-otra-para-contratacion-temporal\/#breadcrumb","itemListElement":[{"@type":"ListItem","position":1,"name":"Portada","item":"https:\/\/www.laguiadepamplona.com\/actualidad\/"},{"@type":"ListItem","position":2,"name":"Convocadas dos listas de contrataci\u00f3n de t\u00e9cnico superior de integraci\u00f3n social, una de servicios especiales para la formaci\u00f3n y otra para contrataci\u00f3n temporal"}]},{"@type":"WebSite","@id":"https:\/\/www.laguiadepamplona.com\/actualidad\/#website","url":"https:\/\/www.laguiadepamplona.com\/actualidad\/","name":"La gu\u00eda de Pamplona","description":"Noticias de Pamplona","publisher":{"@id":"https:\/\/www.laguiadepamplona.com\/actualidad\/#organization"},"potentialAction":[{"@type":"SearchAction","target":{"@type":"EntryPoint","urlTemplate":"https:\/\/www.laguiadepamplona.com\/actualidad\/?s={search_term_string}"},"query-input":{"@type":"PropertyValueSpecification","valueRequired":true,"valueName":"search_term_string"}}],"inLanguage":"es"},{"@type":"Organization","@id":"https:\/\/www.laguiadepamplona.com\/actualidad\/#organization","name":"La Gu\u00eda de Pamplona \/ Noticias","url":"https:\/\/www.laguiadepamplona.com\/actualidad\/","logo":{"@type":"ImageObject","inLanguage":"es","@id":"https:\/\/www.laguiadepamplona.com\/actualidad\/#\/schema\/logo\/image\/","url":"https:\/\/www.laguiadepamplona.com\/actualidad\/wp-content\/uploads\/2018\/11\/logo-laguiadepamplona18-web1.png","contentUrl":"https:\/\/www.laguiadepamplona.com\/actualidad\/wp-content\/uploads\/2018\/11\/logo-laguiadepamplona18-web1.png","width":600,"height":196,"caption":"La Gu\u00eda de Pamplona \/ Noticias"},"image":{"@id":"https:\/\/www.laguiadepamplona.com\/actualidad\/#\/schema\/logo\/image\/"},"sameAs":["https:\/\/www.facebook.com\/laguiadepamplonacom-133175176762273\/?ref=hl","https:\/\/x.com\/LaGuiadPamplona","https:\/\/www.instagram.com\/la_guia_de_pamplona\/","https:\/\/www.youtube.com\/user\/laguiadepamplona"]},{"@type":"Person","@id":"https:\/\/www.laguiadepamplona.com\/actualidad\/#\/schema\/person\/efe887376f0213d4657c93adc50b1fdb","name":"La Gu\u00eda de Pamplona","image":{"@type":"ImageObject","inLanguage":"es","@id":"https:\/\/secure.gravatar.com\/avatar\/b6992f131dc8d30ab0dff15446e9d346d9dbd95992de0fef795073f5ea83a81c?s=96&d=mm&r=g","url":"https:\/\/secure.gravatar.com\/avatar\/b6992f131dc8d30ab0dff15446e9d346d9dbd95992de0fef795073f5ea83a81c?s=96&d=mm&r=g","contentUrl":"https:\/\/secure.gravatar.com\/avatar\/b6992f131dc8d30ab0dff15446e9d346d9dbd95992de0fef795073f5ea83a81c?s=96&d=mm&r=g","caption":"La Gu\u00eda de Pamplona"}}]}},"post_mailing_queue_ids":[],"_links":{"self":[{"href":"https:\/\/www.laguiadepamplona.com\/actualidad\/wp-json\/wp\/v2\/posts\/46707","targetHints":{"allow":["GET"]}}],"collection":[{"href":"https:\/\/www.laguiadepamplona.com\/actualidad\/wp-json\/wp\/v2\/posts"}],"about":[{"href":"https:\/\/www.laguiadepamplona.com\/actualidad\/wp-json\/wp\/v2\/types\/post"}],"author":[{"embeddable":true,"href":"https:\/\/www.laguiadepamplona.com\/actualidad\/wp-json\/wp\/v2\/users\/1"}],"replies":[{"embeddable":true,"href":"https:\/\/www.laguiadepamplona.com\/actualidad\/wp-json\/wp\/v2\/comments?post=46707"}],"version-history":[{"count":1,"href":"https:\/\/www.laguiadepamplona.com\/actualidad\/wp-json\/wp\/v2\/posts\/46707\/revisions"}],"predecessor-version":[{"id":46708,"href":"https:\/\/www.laguiadepamplona.com\/actualidad\/wp-json\/wp\/v2\/posts\/46707\/revisions\/46708"}],"wp:featuredmedia":[{"embeddable":true,"href":"https:\/\/www.laguiadepamplona.com\/actualidad\/wp-json\/wp\/v2\/media\/42333"}],"wp:attachment":[{"href":"https:\/\/www.laguiadepamplona.com\/actualidad\/wp-json\/wp\/v2\/media?parent=46707"}],"wp:term":[{"taxonomy":"category","embeddable":true,"href":"https:\/\/www.laguiadepamplona.com\/actualidad\/wp-json\/wp\/v2\/categories?post=46707"},{"taxonomy":"post_tag","embeddable":true,"href":"https:\/\/www.laguiadepamplona.com\/actualidad\/wp-json\/wp\/v2\/tags?post=46707"}],"curies":[{"name":"wp","href":"https:\/\/api.w.org\/{rel}","templated":true}]}}